{"id":13717,"date":"2021-05-12T17:55:12","date_gmt":"2021-05-12T22:55:12","guid":{"rendered":"http:\/\/www.uartes.edu.ec\/sitio\/?p=13717"},"modified":"2024-07-04T11:27:16","modified_gmt":"2024-07-04T16:27:16","slug":"uartes-y-la-unir-renovaron-suscripcion-de-convenio-de-cooperacion-educativa","status":"publish","type":"post","link":"https:\/\/www.uartes.edu.ec\/sitio\/fr\/blog\/2021\/05\/12\/uartes-y-la-unir-renovaron-suscripcion-de-convenio-de-cooperacion-educativa\/","title":{"rendered":"UArtes y la UNIR renovaron suscripci\u00f3n de Convenio de Cooperaci\u00f3n Educativa"},"content":{"rendered":"<p class=\"has-text-align-right\"><em>Los estudiantes de la instituci\u00f3n acad\u00e9mica espa\u00f1ola realizan sus pasant\u00edas<br>profesionales no remuneradas en la Universidad de las Artes.<\/em><\/p>\n\n\n\n<p>A inicios del presente a\u00f1o, el rector de la Universidad de las Artes, doctor William Herrera R\u00edos, suscribi\u00f3 la renovaci\u00f3n del Convenio de Cooperaci\u00f3n Educativa con la Universidad Internacional de La Rioja (UNIR). Este instrumento otorga a la UArtes la calidad de Centro de Pr\u00e1cticas, proporcionando a los estudiantes de la UNIR la posibilidad de ejecutar sus pasant\u00edas profesionales no remuneradas en nuestra instituci\u00f3n acad\u00e9mica.<\/p>\n\n\n\n<p>Para la Universidad de las Artes ser Centro de Pr\u00e1cticas representa la posibilidad de reforzar \u00e1reas de trabajo que cumplen con proyectos estrat\u00e9gicos para el proceso de acreditaci\u00f3n y es, adem\u00e1s, una oportunidad para potenciar los procesos de internacionalizaci\u00f3n con la recepci\u00f3n de pasantes tanto nacionales como internacionales.<\/p>\n\n\n\n<p>Los actuales pasantes provienen de los programas de M\u00e1ster Universitario en An\u00e1lisis y Visualizaci\u00f3n de Datos Masivos\/Visual Analytics, M\u00e1ster Universitario en Direcci\u00f3n de Procesos Estrat\u00e9gicos y M\u00e1ster Universitario en Ingenier\u00eda de Software y Sistemas Inform\u00e1ticos, quienes contribuyen con el Instituto Latinoamericano de Investigaci\u00f3n en Artes (ILIA), la Coordinaci\u00f3n de&nbsp;Planificaci\u00f3n y Gesti\u00f3n Estrat\u00e9gica, y la Direcci\u00f3n de Tecnolog\u00edas y Sistema de Informaci\u00f3n.<\/p>\n\n\n\n<p>En el documento de renovaci\u00f3n del Convenio de Cooperaci\u00f3n Educativa, gestionada desde la Direcci\u00f3n de Relaciones Internacionales de la UArtes, se indica que este se sustenta en el art\u00edculo 33 del C\u00f3digo Org\u00e1nico de la Econom\u00eda Social de los Conocimientos, Creatividad e Innovaci\u00f3n de la normativa espa\u00f1ola vigente, la cual regula la participaci\u00f3n de los estudiantes en procesos laborales reales, donde complementan su formaci\u00f3n te\u00f3rica con la aplicaci\u00f3n pr\u00e1ctica, sin la existencia de relaci\u00f3n de dependencia laboral entre el estudiante y la entidad receptora.<\/p>\n\n\n\n<p><strong>Antecedentes<\/strong><br>La primera suscripci\u00f3n del Convenio de Cooperaci\u00f3n Educativa entre la UArtes y UNIR se realiz\u00f3 en febrero de 2020. Para septiembre de ese a\u00f1o, seis estudiantes de la instituci\u00f3n acad\u00e9mica espa\u00f1ola cumplieron sus pr\u00e1cticas externas en la Universidad de las Artes.<\/p>\n\n\n\n<p>Entonces, como en la presente renovaci\u00f3n, entre sus cl\u00e1usulas se indic\u00f3 la protecci\u00f3n de datos personales y garant\u00eda de los derechos digitales, confidencialidad y usos de signos distintivos para promover y dar a conocer en el mercado todos aquellos programas o actividades relacionadas con las acciones conjuntas. Se detall\u00f3, asimismo, los servicios de la Red de Partners para el Empleo creada por la UNIR con la finalidad de agrupar a empresas nacionales e internacionales de cada sector y poder colaborar activamente en la mejora de la empleabilidad de alumnos y egresados. Por ser miembro, la UArtes tendr\u00e1 acceso prioritario a los programas UNIR Empresa, dirigidos a fomentar la actualizaci\u00f3n profesional de los empleados, captaci\u00f3n de talento del partner, etc.&nbsp;&nbsp; &nbsp;&nbsp;<\/p>","protected":false},"excerpt":{"rendered":"<p>Los estudiantes de la instituci\u00f3n acad\u00e9mica espa\u00f1ola realizan sus pasant\u00edas profesionales no remuneradas en la Universidad de las Artes<\/p>","protected":false},"author":10,"featured_media":9056,"comment_status":"closed","ping_status":"closed","sticky":false,"template":"","format":"standard","meta":{"_acf_changed":false,"_uag_custom_page_level_css":"","_monsterinsights_skip_tracking":false,"_monsterinsights_sitenote_active":false,"_monsterinsights_sitenote_note":"","_monsterinsights_sitenote_category":0,"cybocfi_hide_featured_image":"","footnotes":""},"categories":[77,84],"tags":[278,405],"infouartes":[],"class_list":["post-13717","post","type-post","status-publish","format-standard","has-post-thumbnail","hentry","category-gestion","category-rectorado","tag-unir","tag-william-herrera"],"acf":[],"yoast_head":"<!-- This site is optimized with the Yoast SEO plugin v27.4 - https:\/\/yoast.com\/product\/yoast-seo-wordpress\/ -->\n<title>Universidad de las Artes - UArtes y la UNIR renovaron suscripci\u00f3n de Convenio de Cooperaci\u00f3n Educativa<\/title>\n<meta name=\"description\" content=\"Universidad de las Artes - UArtes y la UNIR renovaron suscripci\u00f3n de Convenio de Cooperaci\u00f3n Educativa\" \/>\n<meta name=\"robots\" content=\"index, follow, max-snippet:-1, max-image-preview:large, max-video-preview:-1\" \/>\n<link rel=\"canonical\" href=\"https:\/\/www.uartes.edu.ec\/sitio\/fr\/blog\/2021\/05\/12\/uartes-y-la-unir-renovaron-suscripcion-de-convenio-de-cooperacion-educativa\/\" \/>\n<meta property=\"og:locale\" content=\"fr_FR\" \/>\n<meta property=\"og:type\" content=\"article\" \/>\n<meta property=\"og:title\" content=\"Universidad de las Artes - UArtes y la UNIR renovaron suscripci\u00f3n de Convenio de Cooperaci\u00f3n Educativa\" \/>\n<meta property=\"og:description\" content=\"Universidad de las Artes - UArtes y la UNIR renovaron suscripci\u00f3n de Convenio de Cooperaci\u00f3n Educativa\" \/>\n<meta property=\"og:url\" content=\"https:\/\/www.uartes.edu.ec\/sitio\/fr\/blog\/2021\/05\/12\/uartes-y-la-unir-renovaron-suscripcion-de-convenio-de-cooperacion-educativa\/\" \/>\n<meta property=\"og:site_name\" content=\"Universidad de las Artes\" \/>\n<meta property=\"article:publisher\" content=\"https:\/\/www.facebook.com\/uartesec\" \/>\n<meta property=\"article:published_time\" content=\"2021-05-12T22:55:12+00:00\" \/>\n<meta property=\"article:modified_time\" content=\"2024-07-04T16:27:16+00:00\" \/>\n<meta property=\"og:image\" content=\"https:\/\/www.uartes.edu.ec\/sitio\/wp-content\/uploads\/2020\/09\/UNIR.jpg\" \/>\n\t<meta property=\"og:image:width\" content=\"2000\" \/>\n\t<meta property=\"og:image:height\" content=\"1333\" \/>\n\t<meta property=\"og:image:type\" content=\"image\/jpeg\" \/>\n<meta name=\"author\" content=\"ccortez\" \/>\n<meta name=\"twitter:card\" content=\"summary_large_image\" \/>\n<meta name=\"twitter:creator\" content=\"@uartesec\" \/>\n<meta name=\"twitter:site\" content=\"@uartesec\" \/>\n<meta name=\"twitter:label1\" content=\"\u00c9crit par\" \/>\n\t<meta name=\"twitter:data1\" content=\"ccortez\" \/>\n\t<meta name=\"twitter:label2\" content=\"Dur\u00e9e de lecture estim\u00e9e\" \/>\n\t<meta name=\"twitter:data2\" content=\"2 minutes\" \/>\n<script type=\"application\/ld+json\" class=\"yoast-schema-graph\">{\"@context\":\"https:\\\/\\\/schema.org\",\"@graph\":[{\"@type\":\"Article\",\"@id\":\"https:\\\/\\\/www.uartes.edu.ec\\\/sitio\\\/fr\\\/blog\\\/2021\\\/05\\\/12\\\/uartes-y-la-unir-renovaron-suscripcion-de-convenio-de-cooperacion-educativa\\\/#article\",\"isPartOf\":{\"@id\":\"https:\\\/\\\/www.uartes.edu.ec\\\/sitio\\\/fr\\\/blog\\\/2021\\\/05\\\/12\\\/uartes-y-la-unir-renovaron-suscripcion-de-convenio-de-cooperacion-educativa\\\/\"},\"author\":{\"name\":\"ccortez\",\"@id\":\"https:\\\/\\\/www.uartes.edu.ec\\\/sitio\\\/fr\\\/#\\\/schema\\\/person\\\/efa1b8275797664fd7f13a79ccc0b1f4\"},\"headline\":\"UArtes y la UNIR renovaron suscripci\u00f3n de Convenio de Cooperaci\u00f3n Educativa\",\"datePublished\":\"2021-05-12T22:55:12+00:00\",\"dateModified\":\"2024-07-04T16:27:16+00:00\",\"mainEntityOfPage\":{\"@id\":\"https:\\\/\\\/www.uartes.edu.ec\\\/sitio\\\/fr\\\/blog\\\/2021\\\/05\\\/12\\\/uartes-y-la-unir-renovaron-suscripcion-de-convenio-de-cooperacion-educativa\\\/\"},\"wordCount\":518,\"publisher\":{\"@id\":\"https:\\\/\\\/www.uartes.edu.ec\\\/sitio\\\/fr\\\/#organization\"},\"image\":{\"@id\":\"https:\\\/\\\/www.uartes.edu.ec\\\/sitio\\\/fr\\\/blog\\\/2021\\\/05\\\/12\\\/uartes-y-la-unir-renovaron-suscripcion-de-convenio-de-cooperacion-educativa\\\/#primaryimage\"},\"thumbnailUrl\":\"https:\\\/\\\/www.uartes.edu.ec\\\/sitio\\\/wp-content\\\/uploads\\\/2020\\\/09\\\/UNIR.jpg\",\"keywords\":[\"unir\",\"William Herrera\"],\"articleSection\":[\"Gesti\u00f3n\",\"Rectorado\"],\"inLanguage\":\"fr-FR\"},{\"@type\":[\"WebPage\",\"ItemPage\"],\"@id\":\"https:\\\/\\\/www.uartes.edu.ec\\\/sitio\\\/fr\\\/blog\\\/2021\\\/05\\\/12\\\/uartes-y-la-unir-renovaron-suscripcion-de-convenio-de-cooperacion-educativa\\\/\",\"url\":\"https:\\\/\\\/www.uartes.edu.ec\\\/sitio\\\/fr\\\/blog\\\/2021\\\/05\\\/12\\\/uartes-y-la-unir-renovaron-suscripcion-de-convenio-de-cooperacion-educativa\\\/\",\"name\":\"Universidad de las Artes - UArtes y la UNIR renovaron suscripci\u00f3n de Convenio de Cooperaci\u00f3n Educativa\",\"isPartOf\":{\"@id\":\"https:\\\/\\\/www.uartes.edu.ec\\\/sitio\\\/fr\\\/#website\"},\"primaryImageOfPage\":{\"@id\":\"https:\\\/\\\/www.uartes.edu.ec\\\/sitio\\\/fr\\\/blog\\\/2021\\\/05\\\/12\\\/uartes-y-la-unir-renovaron-suscripcion-de-convenio-de-cooperacion-educativa\\\/#primaryimage\"},\"image\":{\"@id\":\"https:\\\/\\\/www.uartes.edu.ec\\\/sitio\\\/fr\\\/blog\\\/2021\\\/05\\\/12\\\/uartes-y-la-unir-renovaron-suscripcion-de-convenio-de-cooperacion-educativa\\\/#primaryimage\"},\"thumbnailUrl\":\"https:\\\/\\\/www.uartes.edu.ec\\\/sitio\\\/wp-content\\\/uploads\\\/2020\\\/09\\\/UNIR.jpg\",\"datePublished\":\"2021-05-12T22:55:12+00:00\",\"dateModified\":\"2024-07-04T16:27:16+00:00\",\"description\":\"Universidad de las Artes - UArtes y la UNIR renovaron suscripci\u00f3n de Convenio de Cooperaci\u00f3n Educativa\",\"breadcrumb\":{\"@id\":\"https:\\\/\\\/www.uartes.edu.ec\\\/sitio\\\/fr\\\/blog\\\/2021\\\/05\\\/12\\\/uartes-y-la-unir-renovaron-suscripcion-de-convenio-de-cooperacion-educativa\\\/#breadcrumb\"},\"inLanguage\":\"fr-FR\",\"potentialAction\":[{\"@type\":\"ReadAction\",\"target\":[\"https:\\\/\\\/www.uartes.edu.ec\\\/sitio\\\/fr\\\/blog\\\/2021\\\/05\\\/12\\\/uartes-y-la-unir-renovaron-suscripcion-de-convenio-de-cooperacion-educativa\\\/\"]}]},{\"@type\":\"ImageObject\",\"inLanguage\":\"fr-FR\",\"@id\":\"https:\\\/\\\/www.uartes.edu.ec\\\/sitio\\\/fr\\\/blog\\\/2021\\\/05\\\/12\\\/uartes-y-la-unir-renovaron-suscripcion-de-convenio-de-cooperacion-educativa\\\/#primaryimage\",\"url\":\"https:\\\/\\\/www.uartes.edu.ec\\\/sitio\\\/wp-content\\\/uploads\\\/2020\\\/09\\\/UNIR.jpg\",\"contentUrl\":\"https:\\\/\\\/www.uartes.edu.ec\\\/sitio\\\/wp-content\\\/uploads\\\/2020\\\/09\\\/UNIR.jpg\",\"width\":2000,\"height\":1333},{\"@type\":\"BreadcrumbList\",\"@id\":\"https:\\\/\\\/www.uartes.edu.ec\\\/sitio\\\/fr\\\/blog\\\/2021\\\/05\\\/12\\\/uartes-y-la-unir-renovaron-suscripcion-de-convenio-de-cooperacion-educativa\\\/#breadcrumb\",\"itemListElement\":[{\"@type\":\"ListItem\",\"position\":1,\"name\":\"Inicio\",\"item\":\"https:\\\/\\\/www.uartes.edu.ec\\\/sitio\\\/\"},{\"@type\":\"ListItem\",\"position\":2,\"name\":\"UArtes y la UNIR renovaron suscripci\u00f3n de Convenio de Cooperaci\u00f3n Educativa\"}]},{\"@type\":\"WebSite\",\"@id\":\"https:\\\/\\\/www.uartes.edu.ec\\\/sitio\\\/fr\\\/#website\",\"url\":\"https:\\\/\\\/www.uartes.edu.ec\\\/sitio\\\/fr\\\/\",\"name\":\"Universidad de las Artes\",\"description\":\"Sitio oficial de la Universidad Nacional de las Artes del Ecuador\",\"publisher\":{\"@id\":\"https:\\\/\\\/www.uartes.edu.ec\\\/sitio\\\/fr\\\/#organization\"},\"potentialAction\":[{\"@type\":\"SearchAction\",\"target\":{\"@type\":\"EntryPoint\",\"urlTemplate\":\"https:\\\/\\\/www.uartes.edu.ec\\\/sitio\\\/fr\\\/?s={search_term_string}\"},\"query-input\":{\"@type\":\"PropertyValueSpecification\",\"valueRequired\":true,\"valueName\":\"search_term_string\"}}],\"inLanguage\":\"fr-FR\"},{\"@type\":\"Organization\",\"@id\":\"https:\\\/\\\/www.uartes.edu.ec\\\/sitio\\\/fr\\\/#organization\",\"name\":\"Universidad de las Artes\",\"url\":\"https:\\\/\\\/www.uartes.edu.ec\\\/sitio\\\/fr\\\/\",\"logo\":{\"@type\":\"ImageObject\",\"inLanguage\":\"fr-FR\",\"@id\":\"https:\\\/\\\/www.uartes.edu.ec\\\/sitio\\\/fr\\\/#\\\/schema\\\/logo\\\/image\\\/\",\"url\":\"https:\\\/\\\/www.uartes.edu.ec\\\/sitio\\\/wp-content\\\/uploads\\\/2022\\\/07\\\/logo-ua-horizontal.png\",\"contentUrl\":\"https:\\\/\\\/www.uartes.edu.ec\\\/sitio\\\/wp-content\\\/uploads\\\/2022\\\/07\\\/logo-ua-horizontal.png\",\"width\":800,\"height\":276,\"caption\":\"Universidad de las Artes\"},\"image\":{\"@id\":\"https:\\\/\\\/www.uartes.edu.ec\\\/sitio\\\/fr\\\/#\\\/schema\\\/logo\\\/image\\\/\"},\"sameAs\":[\"https:\\\/\\\/www.facebook.com\\\/uartesec\",\"https:\\\/\\\/x.com\\\/uartesec\",\"https:\\\/\\\/www.tiktok.com\\\/@uartesec\"]},{\"@type\":\"Person\",\"@id\":\"https:\\\/\\\/www.uartes.edu.ec\\\/sitio\\\/fr\\\/#\\\/schema\\\/person\\\/efa1b8275797664fd7f13a79ccc0b1f4\",\"name\":\"ccortez\",\"image\":{\"@type\":\"ImageObject\",\"inLanguage\":\"fr-FR\",\"@id\":\"https:\\\/\\\/secure.gravatar.com\\\/avatar\\\/b2a6f664a3ae8e074346ef91775736c5ec479e637ecced6842de9dc98b5da9cd?s=96&d=mm&r=g\",\"url\":\"https:\\\/\\\/secure.gravatar.com\\\/avatar\\\/b2a6f664a3ae8e074346ef91775736c5ec479e637ecced6842de9dc98b5da9cd?s=96&d=mm&r=g\",\"contentUrl\":\"https:\\\/\\\/secure.gravatar.com\\\/avatar\\\/b2a6f664a3ae8e074346ef91775736c5ec479e637ecced6842de9dc98b5da9cd?s=96&d=mm&r=g\",\"caption\":\"ccortez\"},\"url\":\"https:\\\/\\\/www.uartes.edu.ec\\\/sitio\\\/fr\\\/blog\\\/author\\\/ccortez\\\/\"}]}<\/script>\n<!-- \/ Yoast SEO plugin. -->","yoast_head_json":{"title":"Universidad de las Artes - UArtes y la UNIR renovaron suscripci\u00f3n de Convenio de Cooperaci\u00f3n Educativa","description":"Universidad de las Artes - UArtes y la UNIR renovaron suscripci\u00f3n de Convenio de Cooperaci\u00f3n Educativa","robots":{"index":"index","follow":"follow","max-snippet":"max-snippet:-1","max-image-preview":"max-image-preview:large","max-video-preview":"max-video-preview:-1"},"canonical":"https:\/\/www.uartes.edu.ec\/sitio\/fr\/blog\/2021\/05\/12\/uartes-y-la-unir-renovaron-suscripcion-de-convenio-de-cooperacion-educativa\/","og_locale":"fr_FR","og_type":"article","og_title":"Universidad de las Artes - UArtes y la UNIR renovaron suscripci\u00f3n de Convenio de Cooperaci\u00f3n Educativa","og_description":"Universidad de las Artes - UArtes y la UNIR renovaron suscripci\u00f3n de Convenio de Cooperaci\u00f3n Educativa","og_url":"https:\/\/www.uartes.edu.ec\/sitio\/fr\/blog\/2021\/05\/12\/uartes-y-la-unir-renovaron-suscripcion-de-convenio-de-cooperacion-educativa\/","og_site_name":"Universidad de las Artes","article_publisher":"https:\/\/www.facebook.com\/uartesec","article_published_time":"2021-05-12T22:55:12+00:00","article_modified_time":"2024-07-04T16:27:16+00:00","og_image":[{"width":2000,"height":1333,"url":"https:\/\/www.uartes.edu.ec\/sitio\/wp-content\/uploads\/2020\/09\/UNIR.jpg","type":"image\/jpeg"}],"author":"ccortez","twitter_card":"summary_large_image","twitter_creator":"@uartesec","twitter_site":"@uartesec","twitter_misc":{"\u00c9crit par":"ccortez","Dur\u00e9e de lecture estim\u00e9e":"2 minutes"},"schema":{"@context":"https:\/\/schema.org","@graph":[{"@type":"Article","@id":"https:\/\/www.uartes.edu.ec\/sitio\/fr\/blog\/2021\/05\/12\/uartes-y-la-unir-renovaron-suscripcion-de-convenio-de-cooperacion-educativa\/#article","isPartOf":{"@id":"https:\/\/www.uartes.edu.ec\/sitio\/fr\/blog\/2021\/05\/12\/uartes-y-la-unir-renovaron-suscripcion-de-convenio-de-cooperacion-educativa\/"},"author":{"name":"ccortez","@id":"https:\/\/www.uartes.edu.ec\/sitio\/fr\/#\/schema\/person\/efa1b8275797664fd7f13a79ccc0b1f4"},"headline":"UArtes y la UNIR renovaron suscripci\u00f3n de Convenio de Cooperaci\u00f3n Educativa","datePublished":"2021-05-12T22:55:12+00:00","dateModified":"2024-07-04T16:27:16+00:00","mainEntityOfPage":{"@id":"https:\/\/www.uartes.edu.ec\/sitio\/fr\/blog\/2021\/05\/12\/uartes-y-la-unir-renovaron-suscripcion-de-convenio-de-cooperacion-educativa\/"},"wordCount":518,"publisher":{"@id":"https:\/\/www.uartes.edu.ec\/sitio\/fr\/#organization"},"image":{"@id":"https:\/\/www.uartes.edu.ec\/sitio\/fr\/blog\/2021\/05\/12\/uartes-y-la-unir-renovaron-suscripcion-de-convenio-de-cooperacion-educativa\/#primaryimage"},"thumbnailUrl":"https:\/\/www.uartes.edu.ec\/sitio\/wp-content\/uploads\/2020\/09\/UNIR.jpg","keywords":["unir","William Herrera"],"articleSection":["Gesti\u00f3n","Rectorado"],"inLanguage":"fr-FR"},{"@type":["WebPage","ItemPage"],"@id":"https:\/\/www.uartes.edu.ec\/sitio\/fr\/blog\/2021\/05\/12\/uartes-y-la-unir-renovaron-suscripcion-de-convenio-de-cooperacion-educativa\/","url":"https:\/\/www.uartes.edu.ec\/sitio\/fr\/blog\/2021\/05\/12\/uartes-y-la-unir-renovaron-suscripcion-de-convenio-de-cooperacion-educativa\/","name":"Universidad de las Artes - UArtes y la UNIR renovaron suscripci\u00f3n de Convenio de Cooperaci\u00f3n Educativa","isPartOf":{"@id":"https:\/\/www.uartes.edu.ec\/sitio\/fr\/#website"},"primaryImageOfPage":{"@id":"https:\/\/www.uartes.edu.ec\/sitio\/fr\/blog\/2021\/05\/12\/uartes-y-la-unir-renovaron-suscripcion-de-convenio-de-cooperacion-educativa\/#primaryimage"},"image":{"@id":"https:\/\/www.uartes.edu.ec\/sitio\/fr\/blog\/2021\/05\/12\/uartes-y-la-unir-renovaron-suscripcion-de-convenio-de-cooperacion-educativa\/#primaryimage"},"thumbnailUrl":"https:\/\/www.uartes.edu.ec\/sitio\/wp-content\/uploads\/2020\/09\/UNIR.jpg","datePublished":"2021-05-12T22:55:12+00:00","dateModified":"2024-07-04T16:27:16+00:00","description":"Universidad de las Artes - UArtes y la UNIR renovaron suscripci\u00f3n de Convenio de Cooperaci\u00f3n Educativa","breadcrumb":{"@id":"https:\/\/www.uartes.edu.ec\/sitio\/fr\/blog\/2021\/05\/12\/uartes-y-la-unir-renovaron-suscripcion-de-convenio-de-cooperacion-educativa\/#breadcrumb"},"inLanguage":"fr-FR","potentialAction":[{"@type":"ReadAction","target":["https:\/\/www.uartes.edu.ec\/sitio\/fr\/blog\/2021\/05\/12\/uartes-y-la-unir-renovaron-suscripcion-de-convenio-de-cooperacion-educativa\/"]}]},{"@type":"ImageObject","inLanguage":"fr-FR","@id":"https:\/\/www.uartes.edu.ec\/sitio\/fr\/blog\/2021\/05\/12\/uartes-y-la-unir-renovaron-suscripcion-de-convenio-de-cooperacion-educativa\/#primaryimage","url":"https:\/\/www.uartes.edu.ec\/sitio\/wp-content\/uploads\/2020\/09\/UNIR.jpg","contentUrl":"https:\/\/www.uartes.edu.ec\/sitio\/wp-content\/uploads\/2020\/09\/UNIR.jpg","width":2000,"height":1333},{"@type":"BreadcrumbList","@id":"https:\/\/www.uartes.edu.ec\/sitio\/fr\/blog\/2021\/05\/12\/uartes-y-la-unir-renovaron-suscripcion-de-convenio-de-cooperacion-educativa\/#breadcrumb","itemListElement":[{"@type":"ListItem","position":1,"name":"Inicio","item":"https:\/\/www.uartes.edu.ec\/sitio\/"},{"@type":"ListItem","position":2,"name":"UArtes y la UNIR renovaron suscripci\u00f3n de Convenio de Cooperaci\u00f3n Educativa"}]},{"@type":"WebSite","@id":"https:\/\/www.uartes.edu.ec\/sitio\/fr\/#website","url":"https:\/\/www.uartes.edu.ec\/sitio\/fr\/","name":"Universidad de las Artes","description":"Sitio oficial de la Universidad Nacional de las Artes del Ecuador","publisher":{"@id":"https:\/\/www.uartes.edu.ec\/sitio\/fr\/#organization"},"potentialAction":[{"@type":"SearchAction","target":{"@type":"EntryPoint","urlTemplate":"https:\/\/www.uartes.edu.ec\/sitio\/fr\/?s={search_term_string}"},"query-input":{"@type":"PropertyValueSpecification","valueRequired":true,"valueName":"search_term_string"}}],"inLanguage":"fr-FR"},{"@type":"Organization","@id":"https:\/\/www.uartes.edu.ec\/sitio\/fr\/#organization","name":"Universidad de las Artes","url":"https:\/\/www.uartes.edu.ec\/sitio\/fr\/","logo":{"@type":"ImageObject","inLanguage":"fr-FR","@id":"https:\/\/www.uartes.edu.ec\/sitio\/fr\/#\/schema\/logo\/image\/","url":"https:\/\/www.uartes.edu.ec\/sitio\/wp-content\/uploads\/2022\/07\/logo-ua-horizontal.png","contentUrl":"https:\/\/www.uartes.edu.ec\/sitio\/wp-content\/uploads\/2022\/07\/logo-ua-horizontal.png","width":800,"height":276,"caption":"Universidad de las Artes"},"image":{"@id":"https:\/\/www.uartes.edu.ec\/sitio\/fr\/#\/schema\/logo\/image\/"},"sameAs":["https:\/\/www.facebook.com\/uartesec","https:\/\/x.com\/uartesec","https:\/\/www.tiktok.com\/@uartesec"]},{"@type":"Person","@id":"https:\/\/www.uartes.edu.ec\/sitio\/fr\/#\/schema\/person\/efa1b8275797664fd7f13a79ccc0b1f4","name":"ccortez","image":{"@type":"ImageObject","inLanguage":"fr-FR","@id":"https:\/\/secure.gravatar.com\/avatar\/b2a6f664a3ae8e074346ef91775736c5ec479e637ecced6842de9dc98b5da9cd?s=96&d=mm&r=g","url":"https:\/\/secure.gravatar.com\/avatar\/b2a6f664a3ae8e074346ef91775736c5ec479e637ecced6842de9dc98b5da9cd?s=96&d=mm&r=g","contentUrl":"https:\/\/secure.gravatar.com\/avatar\/b2a6f664a3ae8e074346ef91775736c5ec479e637ecced6842de9dc98b5da9cd?s=96&d=mm&r=g","caption":"ccortez"},"url":"https:\/\/www.uartes.edu.ec\/sitio\/fr\/blog\/author\/ccortez\/"}]}},"uagb_featured_image_src":{"full":["https:\/\/www.uartes.edu.ec\/sitio\/wp-content\/uploads\/2020\/09\/UNIR.jpg",2000,1333,false],"thumbnail":["https:\/\/www.uartes.edu.ec\/sitio\/wp-content\/uploads\/2020\/09\/UNIR-150x150.jpg",150,150,true],"medium":["https:\/\/www.uartes.edu.ec\/sitio\/wp-content\/uploads\/2020\/09\/UNIR-300x200.jpg",300,200,true],"medium_large":["https:\/\/www.uartes.edu.ec\/sitio\/wp-content\/uploads\/2020\/09\/UNIR-768x512.jpg",768,512,true],"large":["https:\/\/www.uartes.edu.ec\/sitio\/wp-content\/uploads\/2020\/09\/UNIR-644x429.jpg",644,429,true],"1536x1536":["https:\/\/www.uartes.edu.ec\/sitio\/wp-content\/uploads\/2020\/09\/UNIR-1536x1024.jpg",1536,1024,true],"2048x2048":["https:\/\/www.uartes.edu.ec\/sitio\/wp-content\/uploads\/2020\/09\/UNIR.jpg",2000,1333,false],"trp-custom-language-flag":["https:\/\/www.uartes.edu.ec\/sitio\/wp-content\/uploads\/2020\/09\/UNIR.jpg",18,12,false],"htmega_size_585x295":["https:\/\/www.uartes.edu.ec\/sitio\/wp-content\/uploads\/2020\/09\/UNIR-585x295.jpg",585,295,true],"htmega_size_1170x536":["https:\/\/www.uartes.edu.ec\/sitio\/wp-content\/uploads\/2020\/09\/UNIR-1170x536.jpg",1170,536,true],"htmega_size_396x360":["https:\/\/www.uartes.edu.ec\/sitio\/wp-content\/uploads\/2020\/09\/UNIR-396x360.jpg",396,360,true],"gb-block-post-grid-landscape":["https:\/\/www.uartes.edu.ec\/sitio\/wp-content\/uploads\/2020\/09\/UNIR.jpg",600,400,false],"gb-block-post-grid-square":["https:\/\/www.uartes.edu.ec\/sitio\/wp-content\/uploads\/2020\/09\/UNIR.jpg",600,400,false],"university-hub-thumb":["https:\/\/www.uartes.edu.ec\/sitio\/wp-content\/uploads\/2020\/09\/UNIR-400x267.jpg",400,267,true],"mailpoet_newsletter_max":["https:\/\/www.uartes.edu.ec\/sitio\/wp-content\/uploads\/2020\/09\/UNIR.jpg",1320,880,false]},"uagb_author_info":{"display_name":"ccortez","author_link":"https:\/\/www.uartes.edu.ec\/sitio\/fr\/blog\/author\/ccortez\/"},"uagb_comment_info":0,"uagb_excerpt":"Los estudiantes de la instituci\u00f3n acad\u00e9mica espa\u00f1ola realizan sus pasant\u00edas profesionales no remuneradas en la Universidad de las Artes","featured_image_src":"https:\/\/www.uartes.edu.ec\/sitio\/wp-content\/uploads\/2020\/09\/UNIR.jpg","featured_image_src_square":"https:\/\/www.uartes.edu.ec\/sitio\/wp-content\/uploads\/2020\/09\/UNIR.jpg","author_info":{"display_name":"ccortez","author_link":"https:\/\/www.uartes.edu.ec\/sitio\/fr\/blog\/author\/ccortez\/"},"publishpress_future_workflow_manual_trigger":{"enabledWorkflows":[]},"distributor_meta":false,"distributor_terms":false,"distributor_media":false,"distributor_original_site_name":"Universidad de las Artes","distributor_original_site_url":"https:\/\/www.uartes.edu.ec\/sitio\/fr","push-errors":false,"_links":{"self":[{"href":"https:\/\/www.uartes.edu.ec\/sitio\/fr\/wp-json\/wp\/v2\/posts\/13717","targetHints":{"allow":["GET"]}}],"collection":[{"href":"https:\/\/www.uartes.edu.ec\/sitio\/fr\/wp-json\/wp\/v2\/posts"}],"about":[{"href":"https:\/\/www.uartes.edu.ec\/sitio\/fr\/wp-json\/wp\/v2\/types\/post"}],"author":[{"embeddable":true,"href":"https:\/\/www.uartes.edu.ec\/sitio\/fr\/wp-json\/wp\/v2\/users\/10"}],"replies":[{"embeddable":true,"href":"https:\/\/www.uartes.edu.ec\/sitio\/fr\/wp-json\/wp\/v2\/comments?post=13717"}],"version-history":[{"count":2,"href":"https:\/\/www.uartes.edu.ec\/sitio\/fr\/wp-json\/wp\/v2\/posts\/13717\/revisions"}],"predecessor-version":[{"id":13733,"href":"https:\/\/www.uartes.edu.ec\/sitio\/fr\/wp-json\/wp\/v2\/posts\/13717\/revisions\/13733"}],"wp:featuredmedia":[{"embeddable":true,"href":"https:\/\/www.uartes.edu.ec\/sitio\/fr\/wp-json\/wp\/v2\/media\/9056"}],"wp:attachment":[{"href":"https:\/\/www.uartes.edu.ec\/sitio\/fr\/wp-json\/wp\/v2\/media?parent=13717"}],"wp:term":[{"taxonomy":"category","embeddable":true,"href":"https:\/\/www.uartes.edu.ec\/sitio\/fr\/wp-json\/wp\/v2\/categories?post=13717"},{"taxonomy":"post_tag","embeddable":true,"href":"https:\/\/www.uartes.edu.ec\/sitio\/fr\/wp-json\/wp\/v2\/tags?post=13717"},{"taxonomy":"infouartes","embeddable":true,"href":"https:\/\/www.uartes.edu.ec\/sitio\/fr\/wp-json\/wp\/v2\/infouartes?post=13717"}],"curies":[{"name":"wp","href":"https:\/\/api.w.org\/{rel}","templated":true}]}}