{"id":1372,"date":"2018-03-21T09:13:35","date_gmt":"2018-03-21T14:13:35","guid":{"rendered":"http:\/\/www.uartes.edu.ec\/infouartes\/?p=1372"},"modified":"2024-07-04T11:53:56","modified_gmt":"2024-07-04T16:53:56","slug":"52-segundos-documental-de-javier-andrade-tendra-su-premiere-internacional-en-canada","status":"publish","type":"post","link":"https:\/\/www.uartes.edu.ec\/sitio\/fr\/blog\/2018\/03\/21\/52-segundos-documental-de-javier-andrade-tendra-su-premiere-internacional-en-canada\/","title":{"rendered":"\u201952 Segundos\u2019, documental de Javier Andrade, tendr\u00e1 su premiere internacional en Canad\u00e1"},"content":{"rendered":"<p><a href=\"https:\/\/boxoffice.hotdocs.ca\/websales\/pages\/info.aspx?evtinfo=73551~6d071c1e-1d5b-4e4e-ab61-2b9caf21a7fd&amp;epguid=c9911a12-f347-4bd0-b786-91c532d30fe7&amp;\"><em>52 Segundos<\/em><\/a>, documental de Javier Andrade, cineasta y docente de la Universidad de las Artes que retrata las secuelas del terremoto del 16 de abril de 2016 y su impacto en la ciudad de Portoviejo, ser\u00e1 presentado internacionalmente como parte de la selecci\u00f3n oficial del Canadian International Documentary Festival, <em>Hot Docs<\/em>, en Toronto, Canad\u00e1, el 3, 4 y 5 de mayo de 2018.<\/p>\n<p>El documental de Javier Andrade, que refleja una mirada \u00edntima a los eventos del terremoto del 16 de abril en Portoviejo, integrar\u00e1 el programa <em>International Spectrum <\/em>del Festival Hot Docs donde competir\u00e1 por el premio a mejor producci\u00f3n internacional y el premio del p\u00fablico.<\/p>\n<p><img fetchpriority=\"high\" decoding=\"async\" class=\"aligncenter size-full wp-image-1374\" src=\"http:\/\/www.uartes.edu.ec\/infouartes\/wp-content\/uploads\/2018\/03\/poster_52_Segundos_A.jpg\" alt=\"\" width=\"600\" height=\"914\" \/><\/p>\n<p>El festival se desarrollar\u00e1 del 26 de abril al 6 de mayo de 2018 y contar\u00e1 con la proyecci\u00f3n de 262 filmes de 56 pa\u00edses. 113 de las proyecciones ser\u00e1n premieres mundiales e internacionales, incluido el documental de Andrade. 52 Segundos se estren\u00f3 comercialmente en Ecuador en 2017 y fue parte de los Festivales EDOC en Quito y la Orqu\u00eddea en Cuenca.<\/p>\n<p>\u201cPara la escuela de cine de la Universidad de las Artes es un gran orgullo contar entre sus profesores con Javier Andrade, cuya pel\u00edcula documental 52 SEGUNDOS ha sido seleccionada por uno de los m\u00e1s importantes festivales de cine documental en el mundo, el canadiense Hot Docs.<\/p>\n<p>La montajista de la pel\u00edcula, y tambi\u00e9n realizadora de cine documental, Carla Valencia, es igualmente docente de la Escuela de Cine de la UArtes<\/p>\n<p>Felicitaciones a ellos por este trabajo que aborda de manera muy sensible las consecuencias del terremoto del 16A de Portoviejo\u201d, destac\u00f3 Juan Mart\u00edn Cueva, cineasta y Director de la Escuela de Cine de la UArtes.<\/p>\n<p><strong>Tr\u00e1iler de 52 Segundos<\/strong><\/p>\n<p style=\"text-align: center\">[embedyt] https:\/\/www.youtube.com\/watch?v=WXOWppF31uQ[\/embedyt]<\/p>\n","protected":false},"excerpt":{"rendered":"<p>52 Segundos, documental de Javier Andrade, cineasta y docente de la Universidad de las Artes que retrata las secuelas del terremoto del 16 de abril de 2016 y su impacto en la ciudad de Portoviejo, ser\u00e1 presentado internacionalmente como parte de la selecci\u00f3n oficial del Canadian International Documentary Festival, Hot Docs, en Toronto, Canad\u00e1, el [&hellip;]<\/p>\n","protected":false},"author":1,"featured_media":1375,"comment_status":"closed","ping_status":"closed","sticky":false,"template":"","format":"standard","meta":{"_acf_changed":false,"_uag_custom_page_level_css":"","_monsterinsights_skip_tracking":false,"_monsterinsights_sitenote_active":false,"_monsterinsights_sitenote_note":"","_monsterinsights_sitenote_category":0,"cybocfi_hide_featured_image":"","footnotes":""},"categories":[75],"tags":[51,63],"infouartes":[],"class_list":["post-1372","post","type-post","status-publish","format-standard","has-post-thumbnail","hentry","category-docentes","tag-cine","tag-documental"],"acf":[],"yoast_head":"<!-- This site is optimized with the Yoast SEO plugin v27.4 - https:\/\/yoast.com\/product\/yoast-seo-wordpress\/ -->\n<title>Universidad de las Artes - \u201952 Segundos\u2019, documental de Javier Andrade, tendr\u00e1 su premiere internacional en Canad\u00e1<\/title>\n<meta name=\"description\" content=\"Universidad de las Artes - \u201952 Segundos\u2019, documental de Javier Andrade, tendr\u00e1 su premiere internacional en Canad\u00e1\" \/>\n<meta name=\"robots\" content=\"index, follow, max-snippet:-1, max-image-preview:large, max-video-preview:-1\" \/>\n<link rel=\"canonical\" href=\"https:\/\/www.uartes.edu.ec\/sitio\/fr\/blog\/2018\/03\/21\/52-segundos-documental-de-javier-andrade-tendra-su-premiere-internacional-en-canada\/\" \/>\n<meta property=\"og:locale\" content=\"fr_FR\" \/>\n<meta property=\"og:type\" content=\"article\" \/>\n<meta property=\"og:title\" content=\"Universidad de las Artes - \u201952 Segundos\u2019, documental de Javier Andrade, tendr\u00e1 su premiere internacional en Canad\u00e1\" \/>\n<meta property=\"og:description\" content=\"Universidad de las Artes - \u201952 Segundos\u2019, documental de Javier Andrade, tendr\u00e1 su premiere internacional en Canad\u00e1\" \/>\n<meta property=\"og:url\" content=\"https:\/\/www.uartes.edu.ec\/sitio\/fr\/blog\/2018\/03\/21\/52-segundos-documental-de-javier-andrade-tendra-su-premiere-internacional-en-canada\/\" \/>\n<meta property=\"og:site_name\" content=\"Universidad de las Artes\" \/>\n<meta property=\"article:publisher\" content=\"https:\/\/www.facebook.com\/uartesec\" \/>\n<meta property=\"article:published_time\" content=\"2018-03-21T14:13:35+00:00\" \/>\n<meta property=\"article:modified_time\" content=\"2024-07-04T16:53:56+00:00\" \/>\n<meta name=\"author\" content=\"Universidad de las Artes\" \/>\n<meta name=\"twitter:card\" content=\"summary_large_image\" \/>\n<meta name=\"twitter:creator\" content=\"@uartesec\" \/>\n<meta name=\"twitter:site\" content=\"@uartesec\" \/>\n<meta name=\"twitter:label1\" content=\"\u00c9crit par\" \/>\n\t<meta name=\"twitter:data1\" content=\"Universidad de las Artes\" \/>\n\t<meta name=\"twitter:label2\" content=\"Dur\u00e9e de lecture estim\u00e9e\" \/>\n\t<meta name=\"twitter:data2\" content=\"1 minute\" \/>\n<script type=\"application\/ld+json\" class=\"yoast-schema-graph\">{\"@context\":\"https:\\\/\\\/schema.org\",\"@graph\":[{\"@type\":\"Article\",\"@id\":\"https:\\\/\\\/www.uartes.edu.ec\\\/sitio\\\/fr\\\/blog\\\/2018\\\/03\\\/21\\\/52-segundos-documental-de-javier-andrade-tendra-su-premiere-internacional-en-canada\\\/#article\",\"isPartOf\":{\"@id\":\"https:\\\/\\\/www.uartes.edu.ec\\\/sitio\\\/fr\\\/blog\\\/2018\\\/03\\\/21\\\/52-segundos-documental-de-javier-andrade-tendra-su-premiere-internacional-en-canada\\\/\"},\"author\":{\"name\":\"Universidad de las Artes\",\"@id\":\"https:\\\/\\\/www.uartes.edu.ec\\\/sitio\\\/fr\\\/#\\\/schema\\\/person\\\/f33f8c1d2af0d5c80a38c8abf458184a\"},\"headline\":\"\u201952 Segundos\u2019, documental de Javier Andrade, tendr\u00e1 su premiere internacional en Canad\u00e1\",\"datePublished\":\"2018-03-21T14:13:35+00:00\",\"dateModified\":\"2024-07-04T16:53:56+00:00\",\"mainEntityOfPage\":{\"@id\":\"https:\\\/\\\/www.uartes.edu.ec\\\/sitio\\\/fr\\\/blog\\\/2018\\\/03\\\/21\\\/52-segundos-documental-de-javier-andrade-tendra-su-premiere-internacional-en-canada\\\/\"},\"wordCount\":295,\"publisher\":{\"@id\":\"https:\\\/\\\/www.uartes.edu.ec\\\/sitio\\\/fr\\\/#organization\"},\"image\":{\"@id\":\"https:\\\/\\\/www.uartes.edu.ec\\\/sitio\\\/fr\\\/blog\\\/2018\\\/03\\\/21\\\/52-segundos-documental-de-javier-andrade-tendra-su-premiere-internacional-en-canada\\\/#primaryimage\"},\"thumbnailUrl\":\"\",\"keywords\":[\"cine\",\"documental\"],\"articleSection\":[\"Docentes\"],\"inLanguage\":\"fr-FR\"},{\"@type\":[\"WebPage\",\"ItemPage\"],\"@id\":\"https:\\\/\\\/www.uartes.edu.ec\\\/sitio\\\/fr\\\/blog\\\/2018\\\/03\\\/21\\\/52-segundos-documental-de-javier-andrade-tendra-su-premiere-internacional-en-canada\\\/\",\"url\":\"https:\\\/\\\/www.uartes.edu.ec\\\/sitio\\\/fr\\\/blog\\\/2018\\\/03\\\/21\\\/52-segundos-documental-de-javier-andrade-tendra-su-premiere-internacional-en-canada\\\/\",\"name\":\"Universidad de las Artes - \u201952 Segundos\u2019, documental de Javier Andrade, tendr\u00e1 su premiere internacional en Canad\u00e1\",\"isPartOf\":{\"@id\":\"https:\\\/\\\/www.uartes.edu.ec\\\/sitio\\\/fr\\\/#website\"},\"primaryImageOfPage\":{\"@id\":\"https:\\\/\\\/www.uartes.edu.ec\\\/sitio\\\/fr\\\/blog\\\/2018\\\/03\\\/21\\\/52-segundos-documental-de-javier-andrade-tendra-su-premiere-internacional-en-canada\\\/#primaryimage\"},\"image\":{\"@id\":\"https:\\\/\\\/www.uartes.edu.ec\\\/sitio\\\/fr\\\/blog\\\/2018\\\/03\\\/21\\\/52-segundos-documental-de-javier-andrade-tendra-su-premiere-internacional-en-canada\\\/#primaryimage\"},\"thumbnailUrl\":\"\",\"datePublished\":\"2018-03-21T14:13:35+00:00\",\"dateModified\":\"2024-07-04T16:53:56+00:00\",\"description\":\"Universidad de las Artes - \u201952 Segundos\u2019, documental de Javier Andrade, tendr\u00e1 su premiere internacional en Canad\u00e1\",\"breadcrumb\":{\"@id\":\"https:\\\/\\\/www.uartes.edu.ec\\\/sitio\\\/fr\\\/blog\\\/2018\\\/03\\\/21\\\/52-segundos-documental-de-javier-andrade-tendra-su-premiere-internacional-en-canada\\\/#breadcrumb\"},\"inLanguage\":\"fr-FR\",\"potentialAction\":[{\"@type\":\"ReadAction\",\"target\":[\"https:\\\/\\\/www.uartes.edu.ec\\\/sitio\\\/fr\\\/blog\\\/2018\\\/03\\\/21\\\/52-segundos-documental-de-javier-andrade-tendra-su-premiere-internacional-en-canada\\\/\"]}]},{\"@type\":\"ImageObject\",\"inLanguage\":\"fr-FR\",\"@id\":\"https:\\\/\\\/www.uartes.edu.ec\\\/sitio\\\/fr\\\/blog\\\/2018\\\/03\\\/21\\\/52-segundos-documental-de-javier-andrade-tendra-su-premiere-internacional-en-canada\\\/#primaryimage\",\"url\":\"\",\"contentUrl\":\"\"},{\"@type\":\"BreadcrumbList\",\"@id\":\"https:\\\/\\\/www.uartes.edu.ec\\\/sitio\\\/fr\\\/blog\\\/2018\\\/03\\\/21\\\/52-segundos-documental-de-javier-andrade-tendra-su-premiere-internacional-en-canada\\\/#breadcrumb\",\"itemListElement\":[{\"@type\":\"ListItem\",\"position\":1,\"name\":\"Inicio\",\"item\":\"https:\\\/\\\/www.uartes.edu.ec\\\/sitio\\\/\"},{\"@type\":\"ListItem\",\"position\":2,\"name\":\"\u201952 Segundos\u2019, documental de Javier Andrade, tendr\u00e1 su premiere internacional en Canad\u00e1\"}]},{\"@type\":\"WebSite\",\"@id\":\"https:\\\/\\\/www.uartes.edu.ec\\\/sitio\\\/fr\\\/#website\",\"url\":\"https:\\\/\\\/www.uartes.edu.ec\\\/sitio\\\/fr\\\/\",\"name\":\"Universidad de las Artes\",\"description\":\"Sitio oficial de la Universidad Nacional de las Artes del Ecuador\",\"publisher\":{\"@id\":\"https:\\\/\\\/www.uartes.edu.ec\\\/sitio\\\/fr\\\/#organization\"},\"potentialAction\":[{\"@type\":\"SearchAction\",\"target\":{\"@type\":\"EntryPoint\",\"urlTemplate\":\"https:\\\/\\\/www.uartes.edu.ec\\\/sitio\\\/fr\\\/?s={search_term_string}\"},\"query-input\":{\"@type\":\"PropertyValueSpecification\",\"valueRequired\":true,\"valueName\":\"search_term_string\"}}],\"inLanguage\":\"fr-FR\"},{\"@type\":\"Organization\",\"@id\":\"https:\\\/\\\/www.uartes.edu.ec\\\/sitio\\\/fr\\\/#organization\",\"name\":\"Universidad de las Artes\",\"url\":\"https:\\\/\\\/www.uartes.edu.ec\\\/sitio\\\/fr\\\/\",\"logo\":{\"@type\":\"ImageObject\",\"inLanguage\":\"fr-FR\",\"@id\":\"https:\\\/\\\/www.uartes.edu.ec\\\/sitio\\\/fr\\\/#\\\/schema\\\/logo\\\/image\\\/\",\"url\":\"https:\\\/\\\/www.uartes.edu.ec\\\/sitio\\\/wp-content\\\/uploads\\\/2022\\\/07\\\/logo-ua-horizontal.png\",\"contentUrl\":\"https:\\\/\\\/www.uartes.edu.ec\\\/sitio\\\/wp-content\\\/uploads\\\/2022\\\/07\\\/logo-ua-horizontal.png\",\"width\":800,\"height\":276,\"caption\":\"Universidad de las Artes\"},\"image\":{\"@id\":\"https:\\\/\\\/www.uartes.edu.ec\\\/sitio\\\/fr\\\/#\\\/schema\\\/logo\\\/image\\\/\"},\"sameAs\":[\"https:\\\/\\\/www.facebook.com\\\/uartesec\",\"https:\\\/\\\/x.com\\\/uartesec\",\"https:\\\/\\\/www.tiktok.com\\\/@uartesec\"]},{\"@type\":\"Person\",\"@id\":\"https:\\\/\\\/www.uartes.edu.ec\\\/sitio\\\/fr\\\/#\\\/schema\\\/person\\\/f33f8c1d2af0d5c80a38c8abf458184a\",\"name\":\"Universidad de las Artes\",\"image\":{\"@type\":\"ImageObject\",\"inLanguage\":\"fr-FR\",\"@id\":\"https:\\\/\\\/secure.gravatar.com\\\/avatar\\\/52e4757902f5cfa5ac52d020e5be83cae5487519154b6c35482fe08d589f3c13?s=96&d=mm&r=g\",\"url\":\"https:\\\/\\\/secure.gravatar.com\\\/avatar\\\/52e4757902f5cfa5ac52d020e5be83cae5487519154b6c35482fe08d589f3c13?s=96&d=mm&r=g\",\"contentUrl\":\"https:\\\/\\\/secure.gravatar.com\\\/avatar\\\/52e4757902f5cfa5ac52d020e5be83cae5487519154b6c35482fe08d589f3c13?s=96&d=mm&r=g\",\"caption\":\"Universidad de las Artes\"},\"url\":\"https:\\\/\\\/www.uartes.edu.ec\\\/sitio\\\/fr\\\/blog\\\/author\\\/dircomadm\\\/\"}]}<\/script>\n<!-- \/ Yoast SEO plugin. -->","yoast_head_json":{"title":"Universidad de las Artes - \u201952 Segundos\u2019, documental de Javier Andrade, tendr\u00e1 su premiere internacional en Canad\u00e1","description":"Universidad de las Artes - \u201952 Segundos\u2019, documental de Javier Andrade, tendr\u00e1 su premiere internacional en Canad\u00e1","robots":{"index":"index","follow":"follow","max-snippet":"max-snippet:-1","max-image-preview":"max-image-preview:large","max-video-preview":"max-video-preview:-1"},"canonical":"https:\/\/www.uartes.edu.ec\/sitio\/fr\/blog\/2018\/03\/21\/52-segundos-documental-de-javier-andrade-tendra-su-premiere-internacional-en-canada\/","og_locale":"fr_FR","og_type":"article","og_title":"Universidad de las Artes - \u201952 Segundos\u2019, documental de Javier Andrade, tendr\u00e1 su premiere internacional en Canad\u00e1","og_description":"Universidad de las Artes - \u201952 Segundos\u2019, documental de Javier Andrade, tendr\u00e1 su premiere internacional en Canad\u00e1","og_url":"https:\/\/www.uartes.edu.ec\/sitio\/fr\/blog\/2018\/03\/21\/52-segundos-documental-de-javier-andrade-tendra-su-premiere-internacional-en-canada\/","og_site_name":"Universidad de las Artes","article_publisher":"https:\/\/www.facebook.com\/uartesec","article_published_time":"2018-03-21T14:13:35+00:00","article_modified_time":"2024-07-04T16:53:56+00:00","author":"Universidad de las Artes","twitter_card":"summary_large_image","twitter_creator":"@uartesec","twitter_site":"@uartesec","twitter_misc":{"\u00c9crit par":"Universidad de las Artes","Dur\u00e9e de lecture estim\u00e9e":"1 minute"},"schema":{"@context":"https:\/\/schema.org","@graph":[{"@type":"Article","@id":"https:\/\/www.uartes.edu.ec\/sitio\/fr\/blog\/2018\/03\/21\/52-segundos-documental-de-javier-andrade-tendra-su-premiere-internacional-en-canada\/#article","isPartOf":{"@id":"https:\/\/www.uartes.edu.ec\/sitio\/fr\/blog\/2018\/03\/21\/52-segundos-documental-de-javier-andrade-tendra-su-premiere-internacional-en-canada\/"},"author":{"name":"Universidad de las Artes","@id":"https:\/\/www.uartes.edu.ec\/sitio\/fr\/#\/schema\/person\/f33f8c1d2af0d5c80a38c8abf458184a"},"headline":"\u201952 Segundos\u2019, documental de Javier Andrade, tendr\u00e1 su premiere internacional en Canad\u00e1","datePublished":"2018-03-21T14:13:35+00:00","dateModified":"2024-07-04T16:53:56+00:00","mainEntityOfPage":{"@id":"https:\/\/www.uartes.edu.ec\/sitio\/fr\/blog\/2018\/03\/21\/52-segundos-documental-de-javier-andrade-tendra-su-premiere-internacional-en-canada\/"},"wordCount":295,"publisher":{"@id":"https:\/\/www.uartes.edu.ec\/sitio\/fr\/#organization"},"image":{"@id":"https:\/\/www.uartes.edu.ec\/sitio\/fr\/blog\/2018\/03\/21\/52-segundos-documental-de-javier-andrade-tendra-su-premiere-internacional-en-canada\/#primaryimage"},"thumbnailUrl":"","keywords":["cine","documental"],"articleSection":["Docentes"],"inLanguage":"fr-FR"},{"@type":["WebPage","ItemPage"],"@id":"https:\/\/www.uartes.edu.ec\/sitio\/fr\/blog\/2018\/03\/21\/52-segundos-documental-de-javier-andrade-tendra-su-premiere-internacional-en-canada\/","url":"https:\/\/www.uartes.edu.ec\/sitio\/fr\/blog\/2018\/03\/21\/52-segundos-documental-de-javier-andrade-tendra-su-premiere-internacional-en-canada\/","name":"Universidad de las Artes - \u201952 Segundos\u2019, documental de Javier Andrade, tendr\u00e1 su premiere internacional en Canad\u00e1","isPartOf":{"@id":"https:\/\/www.uartes.edu.ec\/sitio\/fr\/#website"},"primaryImageOfPage":{"@id":"https:\/\/www.uartes.edu.ec\/sitio\/fr\/blog\/2018\/03\/21\/52-segundos-documental-de-javier-andrade-tendra-su-premiere-internacional-en-canada\/#primaryimage"},"image":{"@id":"https:\/\/www.uartes.edu.ec\/sitio\/fr\/blog\/2018\/03\/21\/52-segundos-documental-de-javier-andrade-tendra-su-premiere-internacional-en-canada\/#primaryimage"},"thumbnailUrl":"","datePublished":"2018-03-21T14:13:35+00:00","dateModified":"2024-07-04T16:53:56+00:00","description":"Universidad de las Artes - \u201952 Segundos\u2019, documental de Javier Andrade, tendr\u00e1 su premiere internacional en Canad\u00e1","breadcrumb":{"@id":"https:\/\/www.uartes.edu.ec\/sitio\/fr\/blog\/2018\/03\/21\/52-segundos-documental-de-javier-andrade-tendra-su-premiere-internacional-en-canada\/#breadcrumb"},"inLanguage":"fr-FR","potentialAction":[{"@type":"ReadAction","target":["https:\/\/www.uartes.edu.ec\/sitio\/fr\/blog\/2018\/03\/21\/52-segundos-documental-de-javier-andrade-tendra-su-premiere-internacional-en-canada\/"]}]},{"@type":"ImageObject","inLanguage":"fr-FR","@id":"https:\/\/www.uartes.edu.ec\/sitio\/fr\/blog\/2018\/03\/21\/52-segundos-documental-de-javier-andrade-tendra-su-premiere-internacional-en-canada\/#primaryimage","url":"","contentUrl":""},{"@type":"BreadcrumbList","@id":"https:\/\/www.uartes.edu.ec\/sitio\/fr\/blog\/2018\/03\/21\/52-segundos-documental-de-javier-andrade-tendra-su-premiere-internacional-en-canada\/#breadcrumb","itemListElement":[{"@type":"ListItem","position":1,"name":"Inicio","item":"https:\/\/www.uartes.edu.ec\/sitio\/"},{"@type":"ListItem","position":2,"name":"\u201952 Segundos\u2019, documental de Javier Andrade, tendr\u00e1 su premiere internacional en Canad\u00e1"}]},{"@type":"WebSite","@id":"https:\/\/www.uartes.edu.ec\/sitio\/fr\/#website","url":"https:\/\/www.uartes.edu.ec\/sitio\/fr\/","name":"Universidad de las Artes","description":"Sitio oficial de la Universidad Nacional de las Artes del Ecuador","publisher":{"@id":"https:\/\/www.uartes.edu.ec\/sitio\/fr\/#organization"},"potentialAction":[{"@type":"SearchAction","target":{"@type":"EntryPoint","urlTemplate":"https:\/\/www.uartes.edu.ec\/sitio\/fr\/?s={search_term_string}"},"query-input":{"@type":"PropertyValueSpecification","valueRequired":true,"valueName":"search_term_string"}}],"inLanguage":"fr-FR"},{"@type":"Organization","@id":"https:\/\/www.uartes.edu.ec\/sitio\/fr\/#organization","name":"Universidad de las Artes","url":"https:\/\/www.uartes.edu.ec\/sitio\/fr\/","logo":{"@type":"ImageObject","inLanguage":"fr-FR","@id":"https:\/\/www.uartes.edu.ec\/sitio\/fr\/#\/schema\/logo\/image\/","url":"https:\/\/www.uartes.edu.ec\/sitio\/wp-content\/uploads\/2022\/07\/logo-ua-horizontal.png","contentUrl":"https:\/\/www.uartes.edu.ec\/sitio\/wp-content\/uploads\/2022\/07\/logo-ua-horizontal.png","width":800,"height":276,"caption":"Universidad de las Artes"},"image":{"@id":"https:\/\/www.uartes.edu.ec\/sitio\/fr\/#\/schema\/logo\/image\/"},"sameAs":["https:\/\/www.facebook.com\/uartesec","https:\/\/x.com\/uartesec","https:\/\/www.tiktok.com\/@uartesec"]},{"@type":"Person","@id":"https:\/\/www.uartes.edu.ec\/sitio\/fr\/#\/schema\/person\/f33f8c1d2af0d5c80a38c8abf458184a","name":"Universidad de las Artes","image":{"@type":"ImageObject","inLanguage":"fr-FR","@id":"https:\/\/secure.gravatar.com\/avatar\/52e4757902f5cfa5ac52d020e5be83cae5487519154b6c35482fe08d589f3c13?s=96&d=mm&r=g","url":"https:\/\/secure.gravatar.com\/avatar\/52e4757902f5cfa5ac52d020e5be83cae5487519154b6c35482fe08d589f3c13?s=96&d=mm&r=g","contentUrl":"https:\/\/secure.gravatar.com\/avatar\/52e4757902f5cfa5ac52d020e5be83cae5487519154b6c35482fe08d589f3c13?s=96&d=mm&r=g","caption":"Universidad de las Artes"},"url":"https:\/\/www.uartes.edu.ec\/sitio\/fr\/blog\/author\/dircomadm\/"}]}},"uagb_featured_image_src":{"full":false,"thumbnail":false,"medium":false,"medium_large":false,"large":false,"1536x1536":false,"2048x2048":false,"trp-custom-language-flag":false,"htmega_size_585x295":false,"htmega_size_1170x536":false,"htmega_size_396x360":false,"gb-block-post-grid-landscape":false,"gb-block-post-grid-square":false,"university-hub-thumb":false},"uagb_author_info":{"display_name":"Universidad de las Artes","author_link":"https:\/\/www.uartes.edu.ec\/sitio\/fr\/blog\/author\/dircomadm\/"},"uagb_comment_info":0,"uagb_excerpt":"52 Segundos, documental de Javier Andrade, cineasta y docente de la Universidad de las Artes que retrata las secuelas del terremoto del 16 de abril de 2016 y su impacto en la ciudad de Portoviejo, ser\u00e1 presentado internacionalmente como parte de la selecci\u00f3n oficial del Canadian International Documentary Festival, Hot Docs, en Toronto, Canad\u00e1, el\u2026","featured_image_src":null,"featured_image_src_square":null,"author_info":{"display_name":"Universidad de las Artes","author_link":"https:\/\/www.uartes.edu.ec\/sitio\/fr\/blog\/author\/dircomadm\/"},"publishpress_future_workflow_manual_trigger":{"enabledWorkflows":[]},"distributor_meta":false,"distributor_terms":false,"distributor_media":false,"distributor_original_site_name":"Universidad de las Artes","distributor_original_site_url":"https:\/\/www.uartes.edu.ec\/sitio\/fr","push-errors":false,"_links":{"self":[{"href":"https:\/\/www.uartes.edu.ec\/sitio\/fr\/wp-json\/wp\/v2\/posts\/1372","targetHints":{"allow":["GET"]}}],"collection":[{"href":"https:\/\/www.uartes.edu.ec\/sitio\/fr\/wp-json\/wp\/v2\/posts"}],"about":[{"href":"https:\/\/www.uartes.edu.ec\/sitio\/fr\/wp-json\/wp\/v2\/types\/post"}],"author":[{"embeddable":true,"href":"https:\/\/www.uartes.edu.ec\/sitio\/fr\/wp-json\/wp\/v2\/users\/1"}],"replies":[{"embeddable":true,"href":"https:\/\/www.uartes.edu.ec\/sitio\/fr\/wp-json\/wp\/v2\/comments?post=1372"}],"version-history":[{"count":1,"href":"https:\/\/www.uartes.edu.ec\/sitio\/fr\/wp-json\/wp\/v2\/posts\/1372\/revisions"}],"predecessor-version":[{"id":3824,"href":"https:\/\/www.uartes.edu.ec\/sitio\/fr\/wp-json\/wp\/v2\/posts\/1372\/revisions\/3824"}],"wp:featuredmedia":[{"embeddable":true,"href":"https:\/\/www.uartes.edu.ec\/sitio\/fr\/wp-json\/"}],"wp:attachment":[{"href":"https:\/\/www.uartes.edu.ec\/sitio\/fr\/wp-json\/wp\/v2\/media?parent=1372"}],"wp:term":[{"taxonomy":"category","embeddable":true,"href":"https:\/\/www.uartes.edu.ec\/sitio\/fr\/wp-json\/wp\/v2\/categories?post=1372"},{"taxonomy":"post_tag","embeddable":true,"href":"https:\/\/www.uartes.edu.ec\/sitio\/fr\/wp-json\/wp\/v2\/tags?post=1372"},{"taxonomy":"infouartes","embeddable":true,"href":"https:\/\/www.uartes.edu.ec\/sitio\/fr\/wp-json\/wp\/v2\/infouartes?post=1372"}],"curies":[{"name":"wp","href":"https:\/\/api.w.org\/{rel}","templated":true}]}}