{"id":138,"date":"2017-04-28T11:44:54","date_gmt":"2017-04-28T16:44:54","guid":{"rendered":"http:\/\/www.uartes.edu.ec\/infouartes\/?p=138"},"modified":"2024-07-04T11:54:21","modified_gmt":"2024-07-04T16:54:21","slug":"representantes-estudiantiles-mantienen-reunion-con-el-rector-de-la-uartes-sobre-acreditacion-universitaria","status":"publish","type":"post","link":"https:\/\/www.uartes.edu.ec\/sitio\/fr\/blog\/2017\/04\/28\/representantes-estudiantiles-mantienen-reunion-con-el-rector-de-la-uartes-sobre-acreditacion-universitaria\/","title":{"rendered":"Estudiantes y autoridades en reuni\u00f3n sobre acreditaci\u00f3n universitaria"},"content":{"rendered":"<p>Una comisi\u00f3n de estudiantes, delegados de diferentes Escuelas de la Universidad de las Artes que se encuentran estructurando las Asociaciones de Estudiantes de sus carreras, mantuvieron una reuni\u00f3n informativa con el Rector, Ramiro Noriega.<\/p>\n\n\n\n<p>La intenci\u00f3n de la reuni\u00f3n fue compartir los avances en el proceso de acreditaci\u00f3n de la instituci\u00f3n as\u00ed como el trabajo en torno a la estructuraci\u00f3n de los estatutos que regir\u00e1n las diferentes Asociaciones Estudiantiles de la Universidad de las Artes.<\/p>\n\n\n\n<p>Sobre el proceso de acreditaci\u00f3n, se inform\u00f3 a los estudiantes que la UArtes conformar\u00e1 una Comisi\u00f3n de Evaluaci\u00f3n Interna, dentro de la cual debe participar un representante de los estudiantes y su alterno. Para la selecci\u00f3n de este representante a\u00fan se debe establecer un mecanismo de designaci\u00f3n, pero se aclar\u00f3 que el delegado a la Comisi\u00f3n de Evaluaci\u00f3n Interna no representa la figura de presidente de las y los estudiantes. La intenci\u00f3n de esta Comisi\u00f3n es preparar el camino para la Comisi\u00f3n de Evaluaci\u00f3n Externa del CEAACES que acreditar\u00e1 o no a la UArtes.<\/p>\n\n\n\n<p>Por otra parte, el Se\u00f1or Rector inform\u00f3 a los estudiantes que la instituci\u00f3n, a trav\u00e9s de la Comisi\u00f3n Gestora, proceder\u00e1 a reformar el estatuto de la universidad con la intenci\u00f3n que estos se ajusten a la realidad de la instituci\u00f3n e invit\u00f3 a los estudiantes a formar parte de este trabajo.<\/p>\n\n\n\n<p>Este proceso de reformar los estatutos es una respuesta a las disposiciones establecidas en la Ley Org\u00e1nica de Cultura y en el C\u00f3digo Org\u00e1nico de la Econom\u00eda Social de los Conocimientos, Creatividad e Innovaci\u00f3n o C\u00f3digo Ingenios que establecen que los \u201cConservatorios Superiores P\u00fablicos de M\u00fasica y Artes ubicados en las ciudades de Quito, Cuenca y Loja pasar\u00e1n a ser sedes de la Universidad de las Artes\u201d.<\/p>\n\n\n\n<p>Este proceso, ya iniciado, permitir\u00e1 que la UArtes tenga presencia en el territorio, e implica tambi\u00e9n que los lineamientos de la UArtes y sus estatutos deben adaptarse a la nueva realidad de la instituci\u00f3n.<\/p>\n\n\n\n<p>Las reuniones entre las autoridades de la UArtes y los estudiantes continuar\u00e1n en los pr\u00f3ximos meses. Los alumnos que deseen m\u00e1s informaci\u00f3n podr\u00e1n comunicarse el email: <a href=\"mailto:coordinacion.vidaestudiantil@uartes.edu.ec\">coordinacion.vidaestudiantil@uartes.edu.ec<\/a><\/p>","protected":false},"excerpt":{"rendered":"<p>Una comisi\u00f3n de estudiantes, delegados de diferentes Escuelas de la Universidad de las Artes que se encuentran estructurando las Asociaciones de Estudiantes de sus carreras, mantuvieron una reuni\u00f3n informativa con el Rector, Ramiro Noriega. La intenci\u00f3n de la reuni\u00f3n fue compartir los avances en el proceso de acreditaci\u00f3n de la instituci\u00f3n as\u00ed como el trabajo [&hellip;]<\/p>\n","protected":false},"author":1,"featured_media":56491,"comment_status":"closed","ping_status":"open","sticky":false,"template":"","format":"standard","meta":{"_acf_changed":false,"_uag_custom_page_level_css":"","_monsterinsights_skip_tracking":false,"_monsterinsights_sitenote_active":false,"_monsterinsights_sitenote_note":"","_monsterinsights_sitenote_category":0,"cybocfi_hide_featured_image":"","footnotes":""},"categories":[77],"tags":[],"infouartes":[],"class_list":["post-138","post","type-post","status-publish","format-standard","has-post-thumbnail","hentry","category-gestion"],"acf":[],"yoast_head":"<!-- This site is optimized with the Yoast SEO plugin v27.4 - https:\/\/yoast.com\/product\/yoast-seo-wordpress\/ -->\n<title>Universidad de las Artes - Estudiantes y autoridades en reuni\u00f3n sobre acreditaci\u00f3n universitaria<\/title>\n<meta name=\"description\" content=\"Universidad de las Artes - Estudiantes y autoridades en reuni\u00f3n sobre acreditaci\u00f3n universitaria\" \/>\n<meta name=\"robots\" content=\"index, follow, max-snippet:-1, max-image-preview:large, max-video-preview:-1\" \/>\n<link rel=\"canonical\" href=\"https:\/\/www.uartes.edu.ec\/sitio\/fr\/blog\/2017\/04\/28\/representantes-estudiantiles-mantienen-reunion-con-el-rector-de-la-uartes-sobre-acreditacion-universitaria\/\" \/>\n<meta property=\"og:locale\" content=\"fr_FR\" \/>\n<meta property=\"og:type\" content=\"article\" \/>\n<meta property=\"og:title\" content=\"Universidad de las Artes - Estudiantes y autoridades en reuni\u00f3n sobre acreditaci\u00f3n universitaria\" \/>\n<meta property=\"og:description\" content=\"Universidad de las Artes - Estudiantes y autoridades en reuni\u00f3n sobre acreditaci\u00f3n universitaria\" \/>\n<meta property=\"og:url\" content=\"https:\/\/www.uartes.edu.ec\/sitio\/fr\/blog\/2017\/04\/28\/representantes-estudiantiles-mantienen-reunion-con-el-rector-de-la-uartes-sobre-acreditacion-universitaria\/\" \/>\n<meta property=\"og:site_name\" content=\"Universidad de las Artes\" \/>\n<meta property=\"article:publisher\" content=\"https:\/\/www.facebook.com\/uartesec\" \/>\n<meta property=\"article:published_time\" content=\"2017-04-28T16:44:54+00:00\" \/>\n<meta property=\"article:modified_time\" content=\"2024-07-04T16:54:21+00:00\" \/>\n<meta property=\"og:image\" content=\"https:\/\/www.uartes.edu.ec\/sitio\/wp-content\/uploads\/2017\/04\/UArtes-conforma-la-Comision-General-de-Evaluacion-Interna-con-miras-a-la-acreditacion-universitaria.jpg\" \/>\n\t<meta property=\"og:image:width\" content=\"582\" \/>\n\t<meta property=\"og:image:height\" content=\"270\" \/>\n\t<meta property=\"og:image:type\" content=\"image\/jpeg\" \/>\n<meta name=\"author\" content=\"Universidad de las Artes\" \/>\n<meta name=\"twitter:card\" content=\"summary_large_image\" \/>\n<meta name=\"twitter:creator\" content=\"@uartesec\" \/>\n<meta name=\"twitter:site\" content=\"@uartesec\" \/>\n<meta name=\"twitter:label1\" content=\"\u00c9crit par\" \/>\n\t<meta name=\"twitter:data1\" content=\"Universidad de las Artes\" \/>\n\t<meta name=\"twitter:label2\" content=\"Dur\u00e9e de lecture estim\u00e9e\" \/>\n\t<meta name=\"twitter:data2\" content=\"2 minutes\" \/>\n<script type=\"application\/ld+json\" class=\"yoast-schema-graph\">{\"@context\":\"https:\\\/\\\/schema.org\",\"@graph\":[{\"@type\":\"Article\",\"@id\":\"https:\\\/\\\/www.uartes.edu.ec\\\/sitio\\\/fr\\\/blog\\\/2017\\\/04\\\/28\\\/representantes-estudiantiles-mantienen-reunion-con-el-rector-de-la-uartes-sobre-acreditacion-universitaria\\\/#article\",\"isPartOf\":{\"@id\":\"https:\\\/\\\/www.uartes.edu.ec\\\/sitio\\\/fr\\\/blog\\\/2017\\\/04\\\/28\\\/representantes-estudiantiles-mantienen-reunion-con-el-rector-de-la-uartes-sobre-acreditacion-universitaria\\\/\"},\"author\":{\"name\":\"Universidad de las Artes\",\"@id\":\"https:\\\/\\\/www.uartes.edu.ec\\\/sitio\\\/fr\\\/#\\\/schema\\\/person\\\/f33f8c1d2af0d5c80a38c8abf458184a\"},\"headline\":\"Estudiantes y autoridades en reuni\u00f3n sobre acreditaci\u00f3n universitaria\",\"datePublished\":\"2017-04-28T16:44:54+00:00\",\"dateModified\":\"2024-07-04T16:54:21+00:00\",\"mainEntityOfPage\":{\"@id\":\"https:\\\/\\\/www.uartes.edu.ec\\\/sitio\\\/fr\\\/blog\\\/2017\\\/04\\\/28\\\/representantes-estudiantiles-mantienen-reunion-con-el-rector-de-la-uartes-sobre-acreditacion-universitaria\\\/\"},\"wordCount\":404,\"publisher\":{\"@id\":\"https:\\\/\\\/www.uartes.edu.ec\\\/sitio\\\/fr\\\/#organization\"},\"image\":{\"@id\":\"https:\\\/\\\/www.uartes.edu.ec\\\/sitio\\\/fr\\\/blog\\\/2017\\\/04\\\/28\\\/representantes-estudiantiles-mantienen-reunion-con-el-rector-de-la-uartes-sobre-acreditacion-universitaria\\\/#primaryimage\"},\"thumbnailUrl\":\"https:\\\/\\\/www.uartes.edu.ec\\\/sitio\\\/wp-content\\\/uploads\\\/2017\\\/04\\\/UArtes-conforma-la-Comision-General-de-Evaluacion-Interna-con-miras-a-la-acreditacion-universitaria.jpg\",\"articleSection\":[\"Gesti\u00f3n\"],\"inLanguage\":\"fr-FR\"},{\"@type\":[\"WebPage\",\"ItemPage\"],\"@id\":\"https:\\\/\\\/www.uartes.edu.ec\\\/sitio\\\/fr\\\/blog\\\/2017\\\/04\\\/28\\\/representantes-estudiantiles-mantienen-reunion-con-el-rector-de-la-uartes-sobre-acreditacion-universitaria\\\/\",\"url\":\"https:\\\/\\\/www.uartes.edu.ec\\\/sitio\\\/fr\\\/blog\\\/2017\\\/04\\\/28\\\/representantes-estudiantiles-mantienen-reunion-con-el-rector-de-la-uartes-sobre-acreditacion-universitaria\\\/\",\"name\":\"Universidad de las Artes - Estudiantes y autoridades en reuni\u00f3n sobre acreditaci\u00f3n universitaria\",\"isPartOf\":{\"@id\":\"https:\\\/\\\/www.uartes.edu.ec\\\/sitio\\\/fr\\\/#website\"},\"primaryImageOfPage\":{\"@id\":\"https:\\\/\\\/www.uartes.edu.ec\\\/sitio\\\/fr\\\/blog\\\/2017\\\/04\\\/28\\\/representantes-estudiantiles-mantienen-reunion-con-el-rector-de-la-uartes-sobre-acreditacion-universitaria\\\/#primaryimage\"},\"image\":{\"@id\":\"https:\\\/\\\/www.uartes.edu.ec\\\/sitio\\\/fr\\\/blog\\\/2017\\\/04\\\/28\\\/representantes-estudiantiles-mantienen-reunion-con-el-rector-de-la-uartes-sobre-acreditacion-universitaria\\\/#primaryimage\"},\"thumbnailUrl\":\"https:\\\/\\\/www.uartes.edu.ec\\\/sitio\\\/wp-content\\\/uploads\\\/2017\\\/04\\\/UArtes-conforma-la-Comision-General-de-Evaluacion-Interna-con-miras-a-la-acreditacion-universitaria.jpg\",\"datePublished\":\"2017-04-28T16:44:54+00:00\",\"dateModified\":\"2024-07-04T16:54:21+00:00\",\"description\":\"Universidad de las Artes - Estudiantes y autoridades en reuni\u00f3n sobre acreditaci\u00f3n universitaria\",\"breadcrumb\":{\"@id\":\"https:\\\/\\\/www.uartes.edu.ec\\\/sitio\\\/fr\\\/blog\\\/2017\\\/04\\\/28\\\/representantes-estudiantiles-mantienen-reunion-con-el-rector-de-la-uartes-sobre-acreditacion-universitaria\\\/#breadcrumb\"},\"inLanguage\":\"fr-FR\",\"potentialAction\":[{\"@type\":\"ReadAction\",\"target\":[\"https:\\\/\\\/www.uartes.edu.ec\\\/sitio\\\/fr\\\/blog\\\/2017\\\/04\\\/28\\\/representantes-estudiantiles-mantienen-reunion-con-el-rector-de-la-uartes-sobre-acreditacion-universitaria\\\/\"]}]},{\"@type\":\"ImageObject\",\"inLanguage\":\"fr-FR\",\"@id\":\"https:\\\/\\\/www.uartes.edu.ec\\\/sitio\\\/fr\\\/blog\\\/2017\\\/04\\\/28\\\/representantes-estudiantiles-mantienen-reunion-con-el-rector-de-la-uartes-sobre-acreditacion-universitaria\\\/#primaryimage\",\"url\":\"https:\\\/\\\/www.uartes.edu.ec\\\/sitio\\\/wp-content\\\/uploads\\\/2017\\\/04\\\/UArtes-conforma-la-Comision-General-de-Evaluacion-Interna-con-miras-a-la-acreditacion-universitaria.jpg\",\"contentUrl\":\"https:\\\/\\\/www.uartes.edu.ec\\\/sitio\\\/wp-content\\\/uploads\\\/2017\\\/04\\\/UArtes-conforma-la-Comision-General-de-Evaluacion-Interna-con-miras-a-la-acreditacion-universitaria.jpg\",\"width\":582,\"height\":270},{\"@type\":\"BreadcrumbList\",\"@id\":\"https:\\\/\\\/www.uartes.edu.ec\\\/sitio\\\/fr\\\/blog\\\/2017\\\/04\\\/28\\\/representantes-estudiantiles-mantienen-reunion-con-el-rector-de-la-uartes-sobre-acreditacion-universitaria\\\/#breadcrumb\",\"itemListElement\":[{\"@type\":\"ListItem\",\"position\":1,\"name\":\"Inicio\",\"item\":\"https:\\\/\\\/www.uartes.edu.ec\\\/sitio\\\/\"},{\"@type\":\"ListItem\",\"position\":2,\"name\":\"Estudiantes y autoridades en reuni\u00f3n sobre acreditaci\u00f3n universitaria\"}]},{\"@type\":\"WebSite\",\"@id\":\"https:\\\/\\\/www.uartes.edu.ec\\\/sitio\\\/fr\\\/#website\",\"url\":\"https:\\\/\\\/www.uartes.edu.ec\\\/sitio\\\/fr\\\/\",\"name\":\"Universidad de las Artes\",\"description\":\"Sitio oficial de la Universidad Nacional de las Artes del Ecuador\",\"publisher\":{\"@id\":\"https:\\\/\\\/www.uartes.edu.ec\\\/sitio\\\/fr\\\/#organization\"},\"potentialAction\":[{\"@type\":\"SearchAction\",\"target\":{\"@type\":\"EntryPoint\",\"urlTemplate\":\"https:\\\/\\\/www.uartes.edu.ec\\\/sitio\\\/fr\\\/?s={search_term_string}\"},\"query-input\":{\"@type\":\"PropertyValueSpecification\",\"valueRequired\":true,\"valueName\":\"search_term_string\"}}],\"inLanguage\":\"fr-FR\"},{\"@type\":\"Organization\",\"@id\":\"https:\\\/\\\/www.uartes.edu.ec\\\/sitio\\\/fr\\\/#organization\",\"name\":\"Universidad de las Artes\",\"url\":\"https:\\\/\\\/www.uartes.edu.ec\\\/sitio\\\/fr\\\/\",\"logo\":{\"@type\":\"ImageObject\",\"inLanguage\":\"fr-FR\",\"@id\":\"https:\\\/\\\/www.uartes.edu.ec\\\/sitio\\\/fr\\\/#\\\/schema\\\/logo\\\/image\\\/\",\"url\":\"https:\\\/\\\/www.uartes.edu.ec\\\/sitio\\\/wp-content\\\/uploads\\\/2022\\\/07\\\/logo-ua-horizontal.png\",\"contentUrl\":\"https:\\\/\\\/www.uartes.edu.ec\\\/sitio\\\/wp-content\\\/uploads\\\/2022\\\/07\\\/logo-ua-horizontal.png\",\"width\":800,\"height\":276,\"caption\":\"Universidad de las Artes\"},\"image\":{\"@id\":\"https:\\\/\\\/www.uartes.edu.ec\\\/sitio\\\/fr\\\/#\\\/schema\\\/logo\\\/image\\\/\"},\"sameAs\":[\"https:\\\/\\\/www.facebook.com\\\/uartesec\",\"https:\\\/\\\/x.com\\\/uartesec\",\"https:\\\/\\\/www.tiktok.com\\\/@uartesec\"]},{\"@type\":\"Person\",\"@id\":\"https:\\\/\\\/www.uartes.edu.ec\\\/sitio\\\/fr\\\/#\\\/schema\\\/person\\\/f33f8c1d2af0d5c80a38c8abf458184a\",\"name\":\"Universidad de las Artes\",\"image\":{\"@type\":\"ImageObject\",\"inLanguage\":\"fr-FR\",\"@id\":\"https:\\\/\\\/secure.gravatar.com\\\/avatar\\\/52e4757902f5cfa5ac52d020e5be83cae5487519154b6c35482fe08d589f3c13?s=96&d=mm&r=g\",\"url\":\"https:\\\/\\\/secure.gravatar.com\\\/avatar\\\/52e4757902f5cfa5ac52d020e5be83cae5487519154b6c35482fe08d589f3c13?s=96&d=mm&r=g\",\"contentUrl\":\"https:\\\/\\\/secure.gravatar.com\\\/avatar\\\/52e4757902f5cfa5ac52d020e5be83cae5487519154b6c35482fe08d589f3c13?s=96&d=mm&r=g\",\"caption\":\"Universidad de las Artes\"},\"url\":\"https:\\\/\\\/www.uartes.edu.ec\\\/sitio\\\/fr\\\/blog\\\/author\\\/dircomadm\\\/\"}]}<\/script>\n<!-- \/ Yoast SEO plugin. -->","yoast_head_json":{"title":"Universidad de las Artes - Estudiantes y autoridades en reuni\u00f3n sobre acreditaci\u00f3n universitaria","description":"Universidad de las Artes - Estudiantes y autoridades en reuni\u00f3n sobre acreditaci\u00f3n universitaria","robots":{"index":"index","follow":"follow","max-snippet":"max-snippet:-1","max-image-preview":"max-image-preview:large","max-video-preview":"max-video-preview:-1"},"canonical":"https:\/\/www.uartes.edu.ec\/sitio\/fr\/blog\/2017\/04\/28\/representantes-estudiantiles-mantienen-reunion-con-el-rector-de-la-uartes-sobre-acreditacion-universitaria\/","og_locale":"fr_FR","og_type":"article","og_title":"Universidad de las Artes - Estudiantes y autoridades en reuni\u00f3n sobre acreditaci\u00f3n universitaria","og_description":"Universidad de las Artes - Estudiantes y autoridades en reuni\u00f3n sobre acreditaci\u00f3n universitaria","og_url":"https:\/\/www.uartes.edu.ec\/sitio\/fr\/blog\/2017\/04\/28\/representantes-estudiantiles-mantienen-reunion-con-el-rector-de-la-uartes-sobre-acreditacion-universitaria\/","og_site_name":"Universidad de las Artes","article_publisher":"https:\/\/www.facebook.com\/uartesec","article_published_time":"2017-04-28T16:44:54+00:00","article_modified_time":"2024-07-04T16:54:21+00:00","og_image":[{"width":582,"height":270,"url":"https:\/\/www.uartes.edu.ec\/sitio\/wp-content\/uploads\/2017\/04\/UArtes-conforma-la-Comision-General-de-Evaluacion-Interna-con-miras-a-la-acreditacion-universitaria.jpg","type":"image\/jpeg"}],"author":"Universidad de las Artes","twitter_card":"summary_large_image","twitter_creator":"@uartesec","twitter_site":"@uartesec","twitter_misc":{"\u00c9crit par":"Universidad de las Artes","Dur\u00e9e de lecture estim\u00e9e":"2 minutes"},"schema":{"@context":"https:\/\/schema.org","@graph":[{"@type":"Article","@id":"https:\/\/www.uartes.edu.ec\/sitio\/fr\/blog\/2017\/04\/28\/representantes-estudiantiles-mantienen-reunion-con-el-rector-de-la-uartes-sobre-acreditacion-universitaria\/#article","isPartOf":{"@id":"https:\/\/www.uartes.edu.ec\/sitio\/fr\/blog\/2017\/04\/28\/representantes-estudiantiles-mantienen-reunion-con-el-rector-de-la-uartes-sobre-acreditacion-universitaria\/"},"author":{"name":"Universidad de las Artes","@id":"https:\/\/www.uartes.edu.ec\/sitio\/fr\/#\/schema\/person\/f33f8c1d2af0d5c80a38c8abf458184a"},"headline":"Estudiantes y autoridades en reuni\u00f3n sobre acreditaci\u00f3n universitaria","datePublished":"2017-04-28T16:44:54+00:00","dateModified":"2024-07-04T16:54:21+00:00","mainEntityOfPage":{"@id":"https:\/\/www.uartes.edu.ec\/sitio\/fr\/blog\/2017\/04\/28\/representantes-estudiantiles-mantienen-reunion-con-el-rector-de-la-uartes-sobre-acreditacion-universitaria\/"},"wordCount":404,"publisher":{"@id":"https:\/\/www.uartes.edu.ec\/sitio\/fr\/#organization"},"image":{"@id":"https:\/\/www.uartes.edu.ec\/sitio\/fr\/blog\/2017\/04\/28\/representantes-estudiantiles-mantienen-reunion-con-el-rector-de-la-uartes-sobre-acreditacion-universitaria\/#primaryimage"},"thumbnailUrl":"https:\/\/www.uartes.edu.ec\/sitio\/wp-content\/uploads\/2017\/04\/UArtes-conforma-la-Comision-General-de-Evaluacion-Interna-con-miras-a-la-acreditacion-universitaria.jpg","articleSection":["Gesti\u00f3n"],"inLanguage":"fr-FR"},{"@type":["WebPage","ItemPage"],"@id":"https:\/\/www.uartes.edu.ec\/sitio\/fr\/blog\/2017\/04\/28\/representantes-estudiantiles-mantienen-reunion-con-el-rector-de-la-uartes-sobre-acreditacion-universitaria\/","url":"https:\/\/www.uartes.edu.ec\/sitio\/fr\/blog\/2017\/04\/28\/representantes-estudiantiles-mantienen-reunion-con-el-rector-de-la-uartes-sobre-acreditacion-universitaria\/","name":"Universidad de las Artes - Estudiantes y autoridades en reuni\u00f3n sobre acreditaci\u00f3n universitaria","isPartOf":{"@id":"https:\/\/www.uartes.edu.ec\/sitio\/fr\/#website"},"primaryImageOfPage":{"@id":"https:\/\/www.uartes.edu.ec\/sitio\/fr\/blog\/2017\/04\/28\/representantes-estudiantiles-mantienen-reunion-con-el-rector-de-la-uartes-sobre-acreditacion-universitaria\/#primaryimage"},"image":{"@id":"https:\/\/www.uartes.edu.ec\/sitio\/fr\/blog\/2017\/04\/28\/representantes-estudiantiles-mantienen-reunion-con-el-rector-de-la-uartes-sobre-acreditacion-universitaria\/#primaryimage"},"thumbnailUrl":"https:\/\/www.uartes.edu.ec\/sitio\/wp-content\/uploads\/2017\/04\/UArtes-conforma-la-Comision-General-de-Evaluacion-Interna-con-miras-a-la-acreditacion-universitaria.jpg","datePublished":"2017-04-28T16:44:54+00:00","dateModified":"2024-07-04T16:54:21+00:00","description":"Universidad de las Artes - Estudiantes y autoridades en reuni\u00f3n sobre acreditaci\u00f3n universitaria","breadcrumb":{"@id":"https:\/\/www.uartes.edu.ec\/sitio\/fr\/blog\/2017\/04\/28\/representantes-estudiantiles-mantienen-reunion-con-el-rector-de-la-uartes-sobre-acreditacion-universitaria\/#breadcrumb"},"inLanguage":"fr-FR","potentialAction":[{"@type":"ReadAction","target":["https:\/\/www.uartes.edu.ec\/sitio\/fr\/blog\/2017\/04\/28\/representantes-estudiantiles-mantienen-reunion-con-el-rector-de-la-uartes-sobre-acreditacion-universitaria\/"]}]},{"@type":"ImageObject","inLanguage":"fr-FR","@id":"https:\/\/www.uartes.edu.ec\/sitio\/fr\/blog\/2017\/04\/28\/representantes-estudiantiles-mantienen-reunion-con-el-rector-de-la-uartes-sobre-acreditacion-universitaria\/#primaryimage","url":"https:\/\/www.uartes.edu.ec\/sitio\/wp-content\/uploads\/2017\/04\/UArtes-conforma-la-Comision-General-de-Evaluacion-Interna-con-miras-a-la-acreditacion-universitaria.jpg","contentUrl":"https:\/\/www.uartes.edu.ec\/sitio\/wp-content\/uploads\/2017\/04\/UArtes-conforma-la-Comision-General-de-Evaluacion-Interna-con-miras-a-la-acreditacion-universitaria.jpg","width":582,"height":270},{"@type":"BreadcrumbList","@id":"https:\/\/www.uartes.edu.ec\/sitio\/fr\/blog\/2017\/04\/28\/representantes-estudiantiles-mantienen-reunion-con-el-rector-de-la-uartes-sobre-acreditacion-universitaria\/#breadcrumb","itemListElement":[{"@type":"ListItem","position":1,"name":"Inicio","item":"https:\/\/www.uartes.edu.ec\/sitio\/"},{"@type":"ListItem","position":2,"name":"Estudiantes y autoridades en reuni\u00f3n sobre acreditaci\u00f3n universitaria"}]},{"@type":"WebSite","@id":"https:\/\/www.uartes.edu.ec\/sitio\/fr\/#website","url":"https:\/\/www.uartes.edu.ec\/sitio\/fr\/","name":"Universidad de las Artes","description":"Sitio oficial de la Universidad Nacional de las Artes del Ecuador","publisher":{"@id":"https:\/\/www.uartes.edu.ec\/sitio\/fr\/#organization"},"potentialAction":[{"@type":"SearchAction","target":{"@type":"EntryPoint","urlTemplate":"https:\/\/www.uartes.edu.ec\/sitio\/fr\/?s={search_term_string}"},"query-input":{"@type":"PropertyValueSpecification","valueRequired":true,"valueName":"search_term_string"}}],"inLanguage":"fr-FR"},{"@type":"Organization","@id":"https:\/\/www.uartes.edu.ec\/sitio\/fr\/#organization","name":"Universidad de las Artes","url":"https:\/\/www.uartes.edu.ec\/sitio\/fr\/","logo":{"@type":"ImageObject","inLanguage":"fr-FR","@id":"https:\/\/www.uartes.edu.ec\/sitio\/fr\/#\/schema\/logo\/image\/","url":"https:\/\/www.uartes.edu.ec\/sitio\/wp-content\/uploads\/2022\/07\/logo-ua-horizontal.png","contentUrl":"https:\/\/www.uartes.edu.ec\/sitio\/wp-content\/uploads\/2022\/07\/logo-ua-horizontal.png","width":800,"height":276,"caption":"Universidad de las Artes"},"image":{"@id":"https:\/\/www.uartes.edu.ec\/sitio\/fr\/#\/schema\/logo\/image\/"},"sameAs":["https:\/\/www.facebook.com\/uartesec","https:\/\/x.com\/uartesec","https:\/\/www.tiktok.com\/@uartesec"]},{"@type":"Person","@id":"https:\/\/www.uartes.edu.ec\/sitio\/fr\/#\/schema\/person\/f33f8c1d2af0d5c80a38c8abf458184a","name":"Universidad de las Artes","image":{"@type":"ImageObject","inLanguage":"fr-FR","@id":"https:\/\/secure.gravatar.com\/avatar\/52e4757902f5cfa5ac52d020e5be83cae5487519154b6c35482fe08d589f3c13?s=96&d=mm&r=g","url":"https:\/\/secure.gravatar.com\/avatar\/52e4757902f5cfa5ac52d020e5be83cae5487519154b6c35482fe08d589f3c13?s=96&d=mm&r=g","contentUrl":"https:\/\/secure.gravatar.com\/avatar\/52e4757902f5cfa5ac52d020e5be83cae5487519154b6c35482fe08d589f3c13?s=96&d=mm&r=g","caption":"Universidad de las Artes"},"url":"https:\/\/www.uartes.edu.ec\/sitio\/fr\/blog\/author\/dircomadm\/"}]}},"uagb_featured_image_src":{"full":["https:\/\/www.uartes.edu.ec\/sitio\/wp-content\/uploads\/2017\/04\/UArtes-conforma-la-Comision-General-de-Evaluacion-Interna-con-miras-a-la-acreditacion-universitaria.jpg",582,270,false],"thumbnail":["https:\/\/www.uartes.edu.ec\/sitio\/wp-content\/uploads\/2017\/04\/UArtes-conforma-la-Comision-General-de-Evaluacion-Interna-con-miras-a-la-acreditacion-universitaria-150x150.jpg",150,150,true],"medium":["https:\/\/www.uartes.edu.ec\/sitio\/wp-content\/uploads\/2017\/04\/UArtes-conforma-la-Comision-General-de-Evaluacion-Interna-con-miras-a-la-acreditacion-universitaria-300x139.jpg",300,139,true],"medium_large":["https:\/\/www.uartes.edu.ec\/sitio\/wp-content\/uploads\/2017\/04\/UArtes-conforma-la-Comision-General-de-Evaluacion-Interna-con-miras-a-la-acreditacion-universitaria.jpg",582,270,false],"large":["https:\/\/www.uartes.edu.ec\/sitio\/wp-content\/uploads\/2017\/04\/UArtes-conforma-la-Comision-General-de-Evaluacion-Interna-con-miras-a-la-acreditacion-universitaria.jpg",582,270,false],"1536x1536":["https:\/\/www.uartes.edu.ec\/sitio\/wp-content\/uploads\/2017\/04\/UArtes-conforma-la-Comision-General-de-Evaluacion-Interna-con-miras-a-la-acreditacion-universitaria.jpg",582,270,false],"2048x2048":["https:\/\/www.uartes.edu.ec\/sitio\/wp-content\/uploads\/2017\/04\/UArtes-conforma-la-Comision-General-de-Evaluacion-Interna-con-miras-a-la-acreditacion-universitaria.jpg",582,270,false],"trp-custom-language-flag":["https:\/\/www.uartes.edu.ec\/sitio\/wp-content\/uploads\/2017\/04\/UArtes-conforma-la-Comision-General-de-Evaluacion-Interna-con-miras-a-la-acreditacion-universitaria-18x8.jpg",18,8,true],"htmega_size_585x295":["https:\/\/www.uartes.edu.ec\/sitio\/wp-content\/uploads\/2017\/04\/UArtes-conforma-la-Comision-General-de-Evaluacion-Interna-con-miras-a-la-acreditacion-universitaria.jpg",582,270,false],"htmega_size_1170x536":["https:\/\/www.uartes.edu.ec\/sitio\/wp-content\/uploads\/2017\/04\/UArtes-conforma-la-Comision-General-de-Evaluacion-Interna-con-miras-a-la-acreditacion-universitaria.jpg",582,270,false],"htmega_size_396x360":["https:\/\/www.uartes.edu.ec\/sitio\/wp-content\/uploads\/2017\/04\/UArtes-conforma-la-Comision-General-de-Evaluacion-Interna-con-miras-a-la-acreditacion-universitaria-396x270.jpg",396,270,true],"gb-block-post-grid-landscape":["https:\/\/www.uartes.edu.ec\/sitio\/wp-content\/uploads\/2017\/04\/UArtes-conforma-la-Comision-General-de-Evaluacion-Interna-con-miras-a-la-acreditacion-universitaria.jpg",582,270,false],"gb-block-post-grid-square":["https:\/\/www.uartes.edu.ec\/sitio\/wp-content\/uploads\/2017\/04\/UArtes-conforma-la-Comision-General-de-Evaluacion-Interna-con-miras-a-la-acreditacion-universitaria.jpg",582,270,false],"university-hub-thumb":["https:\/\/www.uartes.edu.ec\/sitio\/wp-content\/uploads\/2017\/04\/UArtes-conforma-la-Comision-General-de-Evaluacion-Interna-con-miras-a-la-acreditacion-universitaria-400x186.jpg",400,186,true]},"uagb_author_info":{"display_name":"Universidad de las Artes","author_link":"https:\/\/www.uartes.edu.ec\/sitio\/fr\/blog\/author\/dircomadm\/"},"uagb_comment_info":0,"uagb_excerpt":"Una comisi\u00f3n de estudiantes, delegados de diferentes Escuelas de la Universidad de las Artes que se encuentran estructurando las Asociaciones de Estudiantes de sus carreras, mantuvieron una reuni\u00f3n informativa con el Rector, Ramiro Noriega. La intenci\u00f3n de la reuni\u00f3n fue compartir los avances en el proceso de acreditaci\u00f3n de la instituci\u00f3n as\u00ed como el trabajo\u2026","featured_image_src":"https:\/\/www.uartes.edu.ec\/sitio\/wp-content\/uploads\/2017\/04\/UArtes-conforma-la-Comision-General-de-Evaluacion-Interna-con-miras-a-la-acreditacion-universitaria.jpg","featured_image_src_square":"https:\/\/www.uartes.edu.ec\/sitio\/wp-content\/uploads\/2017\/04\/UArtes-conforma-la-Comision-General-de-Evaluacion-Interna-con-miras-a-la-acreditacion-universitaria.jpg","author_info":{"display_name":"Universidad de las Artes","author_link":"https:\/\/www.uartes.edu.ec\/sitio\/fr\/blog\/author\/dircomadm\/"},"publishpress_future_workflow_manual_trigger":{"enabledWorkflows":[]},"distributor_meta":false,"distributor_terms":false,"distributor_media":false,"distributor_original_site_name":"Universidad de las Artes","distributor_original_site_url":"https:\/\/www.uartes.edu.ec\/sitio\/fr","push-errors":false,"_links":{"self":[{"href":"https:\/\/www.uartes.edu.ec\/sitio\/fr\/wp-json\/wp\/v2\/posts\/138","targetHints":{"allow":["GET"]}}],"collection":[{"href":"https:\/\/www.uartes.edu.ec\/sitio\/fr\/wp-json\/wp\/v2\/posts"}],"about":[{"href":"https:\/\/www.uartes.edu.ec\/sitio\/fr\/wp-json\/wp\/v2\/types\/post"}],"author":[{"embeddable":true,"href":"https:\/\/www.uartes.edu.ec\/sitio\/fr\/wp-json\/wp\/v2\/users\/1"}],"replies":[{"embeddable":true,"href":"https:\/\/www.uartes.edu.ec\/sitio\/fr\/wp-json\/wp\/v2\/comments?post=138"}],"version-history":[{"count":3,"href":"https:\/\/www.uartes.edu.ec\/sitio\/fr\/wp-json\/wp\/v2\/posts\/138\/revisions"}],"predecessor-version":[{"id":56494,"href":"https:\/\/www.uartes.edu.ec\/sitio\/fr\/wp-json\/wp\/v2\/posts\/138\/revisions\/56494"}],"wp:featuredmedia":[{"embeddable":true,"href":"https:\/\/www.uartes.edu.ec\/sitio\/fr\/wp-json\/wp\/v2\/media\/56491"}],"wp:attachment":[{"href":"https:\/\/www.uartes.edu.ec\/sitio\/fr\/wp-json\/wp\/v2\/media?parent=138"}],"wp:term":[{"taxonomy":"category","embeddable":true,"href":"https:\/\/www.uartes.edu.ec\/sitio\/fr\/wp-json\/wp\/v2\/categories?post=138"},{"taxonomy":"post_tag","embeddable":true,"href":"https:\/\/www.uartes.edu.ec\/sitio\/fr\/wp-json\/wp\/v2\/tags?post=138"},{"taxonomy":"infouartes","embeddable":true,"href":"https:\/\/www.uartes.edu.ec\/sitio\/fr\/wp-json\/wp\/v2\/infouartes?post=138"}],"curies":[{"name":"wp","href":"https:\/\/api.w.org\/{rel}","templated":true}]}}