{"id":13946,"date":"2021-05-26T03:56:00","date_gmt":"2021-05-26T08:56:00","guid":{"rendered":"http:\/\/www.uartes.edu.ec\/sitio\/?p=13946"},"modified":"2024-07-04T11:27:12","modified_gmt":"2024-07-04T16:27:12","slug":"bibliolon-iniciativa-conjunta-que-abre-sus-puertas-a-ninos-y-jovenes","status":"publish","type":"post","link":"https:\/\/www.uartes.edu.ec\/sitio\/fr\/blog\/2021\/05\/26\/bibliolon-iniciativa-conjunta-que-abre-sus-puertas-a-ninos-y-jovenes\/","title":{"rendered":"BibliOl\u00f3n, iniciativa conjunta que abre sus puertas a ni\u00f1os y j\u00f3venes"},"content":{"rendered":"<p>Este jueves 27 de mayo de 2021 se dar\u00e1 a conocer el proyecto establecido como BibliOl\u00f3n, una iniciativa que surge de la necesidad de brindar un espacio de aprendizaje y de desarrollo cultural a los ni\u00f1os y j\u00f3venes de la comuna Ol\u00f3n, auspiciado por el Cabildo Comunal Ol\u00f3n, el colectivo Libido P\u00e1nico, los residentes nacionales y extranjeros de la localidad y la fundaci\u00f3n Spirit of Wellness, con la cooperaci\u00f3n interinstitucional de la Universidad de las Artes.<\/p>\n\n\n\n<p>BibliOl\u00f3n es un proyecto que naci\u00f3 a partir de una propuesta anterior, conocida como Punto Verde, la cual se llevaba a cabo dentro de la comuna Ol\u00f3n, ubicada al norte de la parroquia Manglaralto, dentro del cant\u00f3n y provincia de Santa Elena, en la Ruta del Spondylus. Punto Verde es un edificio dentro de la comuna, previamente utilizado por el Ministerio del Medio Ambiente como oficinas zonales, pero que fue abandonado y estaba en condiciones deplorables cuando Aracelly S\u00e1nchez y Bryan Calder\u00f3n, en aquel entonces estudiantes de la Escuela de Artes Esc\u00e9nicas, y Katherine Noguera, de Cine, mostraron inter\u00e9s por tomar parte de su remodelaci\u00f3n, que ya estaba siendo gestionada por Jonathan Borbor, vicepresidente de la comuna, y otros habitantes del lugar.<\/p>\n\n\n\n<p>El equipo se encontr\u00f3 en la ardua tarea de asistir junto a los comuneros a la limpieza del lugar, que no era m\u00e1s que una bodega para equipos obsoletos en muy mal estado. La idea era poder habilitar los espacios del edificio para diferentes pr\u00e1cticas de \u00edndole cultural y necesidad social, como una veterinaria, espacio de pr\u00e1cticas teatrales, talleres de lectura, talleres de artes marciales, etc., as\u00ed como asignar un espacio para darle residencia a quienes fueran a la comuna a ofrecer estos servicios a personas de todas las edades, y no tuvieran un lugar donde quedarse.&nbsp;<\/p>\n\n\n\n<p>A mediados del 2020, con la problem\u00e1tica de la pandemia del COVID-19, Aracelly S\u00e1nchez y su equipo tuvieron la idea de generar un proyecto cultural a partir de la creaci\u00f3n de los talleres de lectura. Al ver que la disponibilidad de libros en la comuna no era del todo funcional y estaban dispersos en varios de los espacios de activaci\u00f3n cultural que existen en Ol\u00f3n, pensaron en la necesidad de apurar la gesti\u00f3n de la Biblioteca.<\/p>\n\n\n\n<p>Hab\u00eda mucho por hacer entonces. Alexander Pereira y Dayanara Saltos, estudiantes de Cine y amigos de Aracelly, se mostraron interesados en apoyar la iniciativa. Se mudaron a Ol\u00f3n para colaborar con el proceso de recolecci\u00f3n de los libros y llevarlos todos hacia Punto Verde, adem\u00e1s de recibir donaciones de gente local y extranjera. Por m\u00e1s de dos meses y luego de que se gestionaran las estanter\u00edas para los libros, los dos ayudaron a organizar y clasificar la biblioteca por secciones.<\/p>\n\n\n\n<p>En noviembre del 2020 se suscita el convenio interinstitucional entre la comuna Ol\u00f3n y la Universidad de las Artes como resultado de varios a\u00f1os de cooperaci\u00f3n. Queda asignada como administradora del convenio Mariuxi \u00c1vila, quien invita a Aracelly S\u00e1nchez a la feria de practicantes realizada por Vinculaci\u00f3n con la Comunidad UArtes.<\/p>\n\n\n\n<p>Como resultado de la feria se adhieren al proyecto los estudiantes ya mencionados junto a Mayra Toalongo, quien se muda a Ol\u00f3n para colaborar con la recta final de la biblioteca. Bajo este nuevo equipo de trabajo y supervisado por la docente Cecilia Velasco, se encargaron de recibir los libros de donaciones que cubrieran todos los temas posibles, desde literatura infantil hasta libros de trabajo, culturales, art\u00edsticos, t\u00e9cnicos, etc., abarcando producciones ecuatorianas y latinoamericanas, para que los ni\u00f1os y adolescentes de la comuna tuvieran material de trabajo suficiente para participar en los talleres de lectura, que involucran todo tipo de actividades de pensamiento cr\u00edtico, acad\u00e9mico y recreativo. La recolecta se hizo a trav\u00e9s de anuncios donde se ped\u00eda a los interesados que donaran cualquier material de lectura que quisiesen para, acto seguido, realizar un proceso de curadur\u00eda para clasificar qu\u00e9 pod\u00eda ser de utilidad para los fines de BlbliOl\u00f3n y qu\u00e9 no.<\/p>\n\n\n\n<p>\u201cPara m\u00ed BibliOl\u00f3n se da con el objetivo de crear una biblioteca para la comunidad de Ol\u00f3n, as\u00ed como para las comunidades cercanas. Que tengan acceso a contenido bibliogr\u00e1fico y que les ayude tanto a ni\u00f1os como adultos que decidan autoeducarse o profundizar en diferentes temas. M\u00e1s que nada, para los ni\u00f1os, para que realicen diferentes actividades y para que tengan una relaci\u00f3n m\u00e1s cercana con la literatura\u201d, dijo Dayanara Saltos a InfoUArtes.<\/p>\n\n\n\n<p>Gracias a la ayuda financiera de residentes locales y extranjeros que actualmente habitan Ol\u00f3n, junto a Spirit of Wellness, se pudieron realizar los trabajos que involucraban la creaci\u00f3n de estanter\u00edas, sillas, mesas y escritorios, as\u00ed como diferentes reparaciones y acondicionamientos extras que requer\u00eda la infraestructura donde BibliOl\u00f3n se desarrollar\u00eda, entre ellos, la pintura.&nbsp;<\/p>\n\n\n\n<p>\u201cLo que m\u00e1s nos interesaba era generar literatura para ni\u00f1os, contextos para ni\u00f1os de diferentes edades\u201d, cont\u00f3 Alexander Pereira a InfoUArtes. \u201cNos involucramos en Punto Verde para salirnos un poco de todo el caos que se estaba dando en la ciudad por motivo de la pandemia. Como ten\u00edamos amistad con Aracelly y Bryan, decidimos colaborar con la regeneraci\u00f3n del espacio y luego con la creaci\u00f3n de BibliOl\u00f3n\u201d.<\/p>\n\n\n\n<p>Con la organizaci\u00f3n manual de los libros para el trabajo a futuro terminado, Mayra Toalongo se encarg\u00f3 de la creaci\u00f3n de una plataforma digital que permitiese una administraci\u00f3n m\u00e1s eficiente al momento de manejar el cat\u00e1logo que ofrece la nueva biblioteca de la comuna. Ella resalta el apoyo que tuvo de sus compa\u00f1eros, as\u00ed como la labor de Aracelly S\u00e1nchez, quien fue crucial al momento de realizar el v\u00ednculo necesario entre la comunidad y la UArtes para que el proyecto saliera adelante. Luego de la partida del equipo, Mayra se encarg\u00f3 de la recepci\u00f3n de tres donaciones adicionales, las cuales fueron procesadas de forma inmediata.&nbsp;<\/p>\n\n\n\n<div class=\"wp-block-image\"><figure class=\"aligncenter size-full\"><img fetchpriority=\"high\" decoding=\"async\" width=\"1015\" height=\"677\" src=\"http:\/\/www.uartes.edu.ec\/sitio\/wp-content\/uploads\/2021\/05\/bibliolon-2.jpg\" alt=\"\" class=\"wp-image-13948\" srcset=\"https:\/\/www.uartes.edu.ec\/sitio\/wp-content\/uploads\/2021\/05\/bibliolon-2.jpg 1015w, https:\/\/www.uartes.edu.ec\/sitio\/wp-content\/uploads\/2021\/05\/bibliolon-2-300x200.jpg 300w, https:\/\/www.uartes.edu.ec\/sitio\/wp-content\/uploads\/2021\/05\/bibliolon-2-644x430.jpg 644w, https:\/\/www.uartes.edu.ec\/sitio\/wp-content\/uploads\/2021\/05\/bibliolon-2-768x512.jpg 768w, https:\/\/www.uartes.edu.ec\/sitio\/wp-content\/uploads\/2021\/05\/bibliolon-2-600x400.jpg 600w, https:\/\/www.uartes.edu.ec\/sitio\/wp-content\/uploads\/2021\/05\/bibliolon-2-400x267.jpg 400w, https:\/\/www.uartes.edu.ec\/sitio\/wp-content\/uploads\/2021\/05\/bibliolon-2-272x182.jpg 272w\" sizes=\"(max-width: 1015px) 100vw, 1015px\" \/><\/figure><\/div>\n\n\n\n<p>\u201cPara la creaci\u00f3n del cat\u00e1logo digital utilice un programa llamado Biblio, pero para llegar al uso de dicho programa, as\u00ed como para definir el sistema que utilizar\u00eda despu\u00e9s para la organizaci\u00f3n, recib\u00ed tutor\u00edas de Mat\u00edas Gonz\u00e1les, programadas por mi receptora Aracelly, y con \u00e9l pude conversar sobre estos sistemas, sobre las bibliotecas, sobre la importancia que tiene este lugar; entender las necesidades que tiene una biblioteca comunitaria\u201d, coment\u00f3 con emoci\u00f3n Mayra Toalongo.<\/p>\n\n\n\n<p>Mat\u00edas Gonz\u00e1les, estudiante de la Universidad Central, prest\u00f3 junto con la Fundaci\u00f3n Mano Manaba asistencia t\u00e9cnica en varias ocasiones. Como dato curioso, fue quien dio la idea del nombre que llevar\u00eda la iniciativa BibliOl\u00f3n.<\/p>\n\n\n\n<p>Gracias a la implementaci\u00f3n de este cat\u00e1logo virtual, aquellos interesados en acceder a un t\u00edtulo pueden encontrarlo sin los problemas que se generar\u00edan de poseer un listado en f\u00edsico. La biblioteca tiene un sistema de pr\u00e9stamo con duraci\u00f3n de dos semanas y en el caso de que alguien no termine su lectura dentro de ese lapso puede renovar la solicitud. Tambi\u00e9n se tiene la opci\u00f3n de crear un usuario para facilitar el registro, los pr\u00e9stamos y devoluciones. La idea es que el cat\u00e1logo se actualice regularmente con las donaciones que se hagan a futuro a la biblioteca.<\/p>\n\n\n\n<p>Este jueves 27, d\u00eda de la inauguraci\u00f3n de BibliOl\u00f3n, habr\u00e1 un taller de encuadernado ancestral coordinado por la UArtes, acompa\u00f1ado de varias actividades enfocadas a ni\u00f1os y j\u00f3venes. Se pueden inscribir por mensaje privado a la p\u00e1gina de Punto Verde en Facebook, o asistir directamente a la comuna. Tambi\u00e9n, quienes tengan inter\u00e9s de ser part\u00edcipes de este importante proyecto pueden contactar al coordinador de pr\u00e1cticas de vinculaci\u00f3n de su carrera para obtener los detalles.<\/p>\n\n\n\n<p>Texto: Abel Cano Carriel, estudiante de la Escuela de Literatura.<\/p>\n\n\n\n<p>Link de p\u00e1gina en Facebook: <a href=\"https:\/\/www.facebook.com\/PUNTO-VERDE-Ol%C3%B3n-110087410763831\">https:\/\/www.facebook.com\/PUNTO-VERDE-Ol%C3%B3n-110087410763831<\/a><\/p>","protected":false},"excerpt":{"rendered":"<p>Este jueves 27 de mayo de 2021 se dar\u00e1 a conocer el proyecto establecido como BibliOl\u00f3n, una iniciativa que surge de la necesidad de brindar un espacio de aprendizaje y de desarrollo cultural a los ni\u00f1os y j\u00f3venes de la comuna Ol\u00f3n, auspiciado por el Cabildo Comunal Ol\u00f3n, el colectivo Libido P\u00e1nico, los residentes nacionales y extranjeros de la localidad y la fundaci\u00f3n Spirit of Wellness, con la cooperaci\u00f3n interinstitucional de la Universidad de las Artes.<\/p>","protected":false},"author":10,"featured_media":13947,"comment_status":"open","ping_status":"open","sticky":false,"template":"","format":"standard","meta":{"_acf_changed":false,"_uag_custom_page_level_css":"","_monsterinsights_skip_tracking":false,"_monsterinsights_sitenote_active":false,"_monsterinsights_sitenote_note":"","_monsterinsights_sitenote_category":0,"cybocfi_hide_featured_image":"","footnotes":""},"categories":[159,147,76,79],"tags":[211],"infouartes":[],"class_list":["post-13946","post","type-post","status-publish","format-standard","has-post-thumbnail","hentry","category-artes-escenicas","category-cine","category-estudiantes","category-vinculo","tag-covid19"],"acf":[],"yoast_head":"<!-- This site is optimized with the Yoast SEO plugin v27.4 - https:\/\/yoast.com\/product\/yoast-seo-wordpress\/ -->\n<title>Universidad de las Artes - BibliOl\u00f3n, iniciativa conjunta que abre sus puertas a ni\u00f1os y j\u00f3venes<\/title>\n<meta name=\"description\" content=\"Universidad de las Artes - BibliOl\u00f3n, iniciativa conjunta que abre sus puertas a ni\u00f1os y j\u00f3venes\" \/>\n<meta name=\"robots\" content=\"index, follow, max-snippet:-1, max-image-preview:large, max-video-preview:-1\" \/>\n<link rel=\"canonical\" href=\"https:\/\/www.uartes.edu.ec\/sitio\/fr\/blog\/2021\/05\/26\/bibliolon-iniciativa-conjunta-que-abre-sus-puertas-a-ninos-y-jovenes\/\" \/>\n<meta property=\"og:locale\" content=\"fr_FR\" \/>\n<meta property=\"og:type\" content=\"article\" \/>\n<meta property=\"og:title\" content=\"Universidad de las Artes - BibliOl\u00f3n, iniciativa conjunta que abre sus puertas a ni\u00f1os y j\u00f3venes\" \/>\n<meta property=\"og:description\" content=\"Universidad de las Artes - BibliOl\u00f3n, iniciativa conjunta que abre sus puertas a ni\u00f1os y j\u00f3venes\" \/>\n<meta property=\"og:url\" content=\"https:\/\/www.uartes.edu.ec\/sitio\/fr\/blog\/2021\/05\/26\/bibliolon-iniciativa-conjunta-que-abre-sus-puertas-a-ninos-y-jovenes\/\" \/>\n<meta property=\"og:site_name\" content=\"Universidad de las Artes\" \/>\n<meta property=\"article:publisher\" content=\"https:\/\/www.facebook.com\/uartesec\" \/>\n<meta property=\"article:published_time\" content=\"2021-05-26T08:56:00+00:00\" \/>\n<meta property=\"article:modified_time\" content=\"2024-07-04T16:27:12+00:00\" \/>\n<meta property=\"og:image\" content=\"https:\/\/www.uartes.edu.ec\/sitio\/wp-content\/uploads\/2021\/05\/bibliolon-1.jpg\" \/>\n\t<meta property=\"og:image:width\" content=\"1015\" \/>\n\t<meta property=\"og:image:height\" content=\"677\" \/>\n\t<meta property=\"og:image:type\" content=\"image\/jpeg\" \/>\n<meta name=\"author\" content=\"ccortez\" \/>\n<meta name=\"twitter:card\" content=\"summary_large_image\" \/>\n<meta name=\"twitter:creator\" content=\"@uartesec\" \/>\n<meta name=\"twitter:site\" content=\"@uartesec\" \/>\n<meta name=\"twitter:label1\" content=\"\u00c9crit par\" \/>\n\t<meta name=\"twitter:data1\" content=\"ccortez\" \/>\n\t<meta name=\"twitter:label2\" content=\"Dur\u00e9e de lecture estim\u00e9e\" \/>\n\t<meta name=\"twitter:data2\" content=\"6 minutes\" \/>\n<script type=\"application\/ld+json\" class=\"yoast-schema-graph\">{\"@context\":\"https:\\\/\\\/schema.org\",\"@graph\":[{\"@type\":\"Article\",\"@id\":\"https:\\\/\\\/www.uartes.edu.ec\\\/sitio\\\/fr\\\/blog\\\/2021\\\/05\\\/26\\\/bibliolon-iniciativa-conjunta-que-abre-sus-puertas-a-ninos-y-jovenes\\\/#article\",\"isPartOf\":{\"@id\":\"https:\\\/\\\/www.uartes.edu.ec\\\/sitio\\\/fr\\\/blog\\\/2021\\\/05\\\/26\\\/bibliolon-iniciativa-conjunta-que-abre-sus-puertas-a-ninos-y-jovenes\\\/\"},\"author\":{\"name\":\"ccortez\",\"@id\":\"https:\\\/\\\/www.uartes.edu.ec\\\/sitio\\\/fr\\\/#\\\/schema\\\/person\\\/efa1b8275797664fd7f13a79ccc0b1f4\"},\"headline\":\"BibliOl\u00f3n, iniciativa conjunta que abre sus puertas a ni\u00f1os y j\u00f3venes\",\"datePublished\":\"2021-05-26T08:56:00+00:00\",\"dateModified\":\"2024-07-04T16:27:12+00:00\",\"mainEntityOfPage\":{\"@id\":\"https:\\\/\\\/www.uartes.edu.ec\\\/sitio\\\/fr\\\/blog\\\/2021\\\/05\\\/26\\\/bibliolon-iniciativa-conjunta-que-abre-sus-puertas-a-ninos-y-jovenes\\\/\"},\"wordCount\":1380,\"commentCount\":0,\"publisher\":{\"@id\":\"https:\\\/\\\/www.uartes.edu.ec\\\/sitio\\\/fr\\\/#organization\"},\"image\":{\"@id\":\"https:\\\/\\\/www.uartes.edu.ec\\\/sitio\\\/fr\\\/blog\\\/2021\\\/05\\\/26\\\/bibliolon-iniciativa-conjunta-que-abre-sus-puertas-a-ninos-y-jovenes\\\/#primaryimage\"},\"thumbnailUrl\":\"https:\\\/\\\/www.uartes.edu.ec\\\/sitio\\\/wp-content\\\/uploads\\\/2021\\\/05\\\/bibliolon-1.jpg\",\"keywords\":[\"covid19\"],\"articleSection\":[\"Artes Esc\u00e9nicas\",\"Cine\",\"Estudiantes\",\"V\u00ednculo\"],\"inLanguage\":\"fr-FR\",\"potentialAction\":[{\"@type\":\"CommentAction\",\"name\":\"Comment\",\"target\":[\"https:\\\/\\\/www.uartes.edu.ec\\\/sitio\\\/fr\\\/blog\\\/2021\\\/05\\\/26\\\/bibliolon-iniciativa-conjunta-que-abre-sus-puertas-a-ninos-y-jovenes\\\/#respond\"]}]},{\"@type\":[\"WebPage\",\"ItemPage\"],\"@id\":\"https:\\\/\\\/www.uartes.edu.ec\\\/sitio\\\/fr\\\/blog\\\/2021\\\/05\\\/26\\\/bibliolon-iniciativa-conjunta-que-abre-sus-puertas-a-ninos-y-jovenes\\\/\",\"url\":\"https:\\\/\\\/www.uartes.edu.ec\\\/sitio\\\/fr\\\/blog\\\/2021\\\/05\\\/26\\\/bibliolon-iniciativa-conjunta-que-abre-sus-puertas-a-ninos-y-jovenes\\\/\",\"name\":\"Universidad de las Artes - BibliOl\u00f3n, iniciativa conjunta que abre sus puertas a ni\u00f1os y j\u00f3venes\",\"isPartOf\":{\"@id\":\"https:\\\/\\\/www.uartes.edu.ec\\\/sitio\\\/fr\\\/#website\"},\"primaryImageOfPage\":{\"@id\":\"https:\\\/\\\/www.uartes.edu.ec\\\/sitio\\\/fr\\\/blog\\\/2021\\\/05\\\/26\\\/bibliolon-iniciativa-conjunta-que-abre-sus-puertas-a-ninos-y-jovenes\\\/#primaryimage\"},\"image\":{\"@id\":\"https:\\\/\\\/www.uartes.edu.ec\\\/sitio\\\/fr\\\/blog\\\/2021\\\/05\\\/26\\\/bibliolon-iniciativa-conjunta-que-abre-sus-puertas-a-ninos-y-jovenes\\\/#primaryimage\"},\"thumbnailUrl\":\"https:\\\/\\\/www.uartes.edu.ec\\\/sitio\\\/wp-content\\\/uploads\\\/2021\\\/05\\\/bibliolon-1.jpg\",\"datePublished\":\"2021-05-26T08:56:00+00:00\",\"dateModified\":\"2024-07-04T16:27:12+00:00\",\"description\":\"Universidad de las Artes - BibliOl\u00f3n, iniciativa conjunta que abre sus puertas a ni\u00f1os y j\u00f3venes\",\"breadcrumb\":{\"@id\":\"https:\\\/\\\/www.uartes.edu.ec\\\/sitio\\\/fr\\\/blog\\\/2021\\\/05\\\/26\\\/bibliolon-iniciativa-conjunta-que-abre-sus-puertas-a-ninos-y-jovenes\\\/#breadcrumb\"},\"inLanguage\":\"fr-FR\",\"potentialAction\":[{\"@type\":\"ReadAction\",\"target\":[\"https:\\\/\\\/www.uartes.edu.ec\\\/sitio\\\/fr\\\/blog\\\/2021\\\/05\\\/26\\\/bibliolon-iniciativa-conjunta-que-abre-sus-puertas-a-ninos-y-jovenes\\\/\"]}]},{\"@type\":\"ImageObject\",\"inLanguage\":\"fr-FR\",\"@id\":\"https:\\\/\\\/www.uartes.edu.ec\\\/sitio\\\/fr\\\/blog\\\/2021\\\/05\\\/26\\\/bibliolon-iniciativa-conjunta-que-abre-sus-puertas-a-ninos-y-jovenes\\\/#primaryimage\",\"url\":\"https:\\\/\\\/www.uartes.edu.ec\\\/sitio\\\/wp-content\\\/uploads\\\/2021\\\/05\\\/bibliolon-1.jpg\",\"contentUrl\":\"https:\\\/\\\/www.uartes.edu.ec\\\/sitio\\\/wp-content\\\/uploads\\\/2021\\\/05\\\/bibliolon-1.jpg\",\"width\":1015,\"height\":677},{\"@type\":\"BreadcrumbList\",\"@id\":\"https:\\\/\\\/www.uartes.edu.ec\\\/sitio\\\/fr\\\/blog\\\/2021\\\/05\\\/26\\\/bibliolon-iniciativa-conjunta-que-abre-sus-puertas-a-ninos-y-jovenes\\\/#breadcrumb\",\"itemListElement\":[{\"@type\":\"ListItem\",\"position\":1,\"name\":\"Inicio\",\"item\":\"https:\\\/\\\/www.uartes.edu.ec\\\/sitio\\\/\"},{\"@type\":\"ListItem\",\"position\":2,\"name\":\"BibliOl\u00f3n, iniciativa conjunta que abre sus puertas a ni\u00f1os y j\u00f3venes\"}]},{\"@type\":\"WebSite\",\"@id\":\"https:\\\/\\\/www.uartes.edu.ec\\\/sitio\\\/fr\\\/#website\",\"url\":\"https:\\\/\\\/www.uartes.edu.ec\\\/sitio\\\/fr\\\/\",\"name\":\"Universidad de las Artes\",\"description\":\"Sitio oficial de la Universidad Nacional de las Artes del Ecuador\",\"publisher\":{\"@id\":\"https:\\\/\\\/www.uartes.edu.ec\\\/sitio\\\/fr\\\/#organization\"},\"potentialAction\":[{\"@type\":\"SearchAction\",\"target\":{\"@type\":\"EntryPoint\",\"urlTemplate\":\"https:\\\/\\\/www.uartes.edu.ec\\\/sitio\\\/fr\\\/?s={search_term_string}\"},\"query-input\":{\"@type\":\"PropertyValueSpecification\",\"valueRequired\":true,\"valueName\":\"search_term_string\"}}],\"inLanguage\":\"fr-FR\"},{\"@type\":\"Organization\",\"@id\":\"https:\\\/\\\/www.uartes.edu.ec\\\/sitio\\\/fr\\\/#organization\",\"name\":\"Universidad de las Artes\",\"url\":\"https:\\\/\\\/www.uartes.edu.ec\\\/sitio\\\/fr\\\/\",\"logo\":{\"@type\":\"ImageObject\",\"inLanguage\":\"fr-FR\",\"@id\":\"https:\\\/\\\/www.uartes.edu.ec\\\/sitio\\\/fr\\\/#\\\/schema\\\/logo\\\/image\\\/\",\"url\":\"https:\\\/\\\/www.uartes.edu.ec\\\/sitio\\\/wp-content\\\/uploads\\\/2022\\\/07\\\/logo-ua-horizontal.png\",\"contentUrl\":\"https:\\\/\\\/www.uartes.edu.ec\\\/sitio\\\/wp-content\\\/uploads\\\/2022\\\/07\\\/logo-ua-horizontal.png\",\"width\":800,\"height\":276,\"caption\":\"Universidad de las Artes\"},\"image\":{\"@id\":\"https:\\\/\\\/www.uartes.edu.ec\\\/sitio\\\/fr\\\/#\\\/schema\\\/logo\\\/image\\\/\"},\"sameAs\":[\"https:\\\/\\\/www.facebook.com\\\/uartesec\",\"https:\\\/\\\/x.com\\\/uartesec\",\"https:\\\/\\\/www.tiktok.com\\\/@uartesec\"]},{\"@type\":\"Person\",\"@id\":\"https:\\\/\\\/www.uartes.edu.ec\\\/sitio\\\/fr\\\/#\\\/schema\\\/person\\\/efa1b8275797664fd7f13a79ccc0b1f4\",\"name\":\"ccortez\",\"image\":{\"@type\":\"ImageObject\",\"inLanguage\":\"fr-FR\",\"@id\":\"https:\\\/\\\/secure.gravatar.com\\\/avatar\\\/b2a6f664a3ae8e074346ef91775736c5ec479e637ecced6842de9dc98b5da9cd?s=96&d=mm&r=g\",\"url\":\"https:\\\/\\\/secure.gravatar.com\\\/avatar\\\/b2a6f664a3ae8e074346ef91775736c5ec479e637ecced6842de9dc98b5da9cd?s=96&d=mm&r=g\",\"contentUrl\":\"https:\\\/\\\/secure.gravatar.com\\\/avatar\\\/b2a6f664a3ae8e074346ef91775736c5ec479e637ecced6842de9dc98b5da9cd?s=96&d=mm&r=g\",\"caption\":\"ccortez\"},\"url\":\"https:\\\/\\\/www.uartes.edu.ec\\\/sitio\\\/fr\\\/blog\\\/author\\\/ccortez\\\/\"}]}<\/script>\n<!-- \/ Yoast SEO plugin. -->","yoast_head_json":{"title":"Universidad de las Artes - BibliOl\u00f3n, iniciativa conjunta que abre sus puertas a ni\u00f1os y j\u00f3venes","description":"Universidad de las Artes - BibliOl\u00f3n, iniciativa conjunta que abre sus puertas a ni\u00f1os y j\u00f3venes","robots":{"index":"index","follow":"follow","max-snippet":"max-snippet:-1","max-image-preview":"max-image-preview:large","max-video-preview":"max-video-preview:-1"},"canonical":"https:\/\/www.uartes.edu.ec\/sitio\/fr\/blog\/2021\/05\/26\/bibliolon-iniciativa-conjunta-que-abre-sus-puertas-a-ninos-y-jovenes\/","og_locale":"fr_FR","og_type":"article","og_title":"Universidad de las Artes - BibliOl\u00f3n, iniciativa conjunta que abre sus puertas a ni\u00f1os y j\u00f3venes","og_description":"Universidad de las Artes - BibliOl\u00f3n, iniciativa conjunta que abre sus puertas a ni\u00f1os y j\u00f3venes","og_url":"https:\/\/www.uartes.edu.ec\/sitio\/fr\/blog\/2021\/05\/26\/bibliolon-iniciativa-conjunta-que-abre-sus-puertas-a-ninos-y-jovenes\/","og_site_name":"Universidad de las Artes","article_publisher":"https:\/\/www.facebook.com\/uartesec","article_published_time":"2021-05-26T08:56:00+00:00","article_modified_time":"2024-07-04T16:27:12+00:00","og_image":[{"width":1015,"height":677,"url":"https:\/\/www.uartes.edu.ec\/sitio\/wp-content\/uploads\/2021\/05\/bibliolon-1.jpg","type":"image\/jpeg"}],"author":"ccortez","twitter_card":"summary_large_image","twitter_creator":"@uartesec","twitter_site":"@uartesec","twitter_misc":{"\u00c9crit par":"ccortez","Dur\u00e9e de lecture estim\u00e9e":"6 minutes"},"schema":{"@context":"https:\/\/schema.org","@graph":[{"@type":"Article","@id":"https:\/\/www.uartes.edu.ec\/sitio\/fr\/blog\/2021\/05\/26\/bibliolon-iniciativa-conjunta-que-abre-sus-puertas-a-ninos-y-jovenes\/#article","isPartOf":{"@id":"https:\/\/www.uartes.edu.ec\/sitio\/fr\/blog\/2021\/05\/26\/bibliolon-iniciativa-conjunta-que-abre-sus-puertas-a-ninos-y-jovenes\/"},"author":{"name":"ccortez","@id":"https:\/\/www.uartes.edu.ec\/sitio\/fr\/#\/schema\/person\/efa1b8275797664fd7f13a79ccc0b1f4"},"headline":"BibliOl\u00f3n, iniciativa conjunta que abre sus puertas a ni\u00f1os y j\u00f3venes","datePublished":"2021-05-26T08:56:00+00:00","dateModified":"2024-07-04T16:27:12+00:00","mainEntityOfPage":{"@id":"https:\/\/www.uartes.edu.ec\/sitio\/fr\/blog\/2021\/05\/26\/bibliolon-iniciativa-conjunta-que-abre-sus-puertas-a-ninos-y-jovenes\/"},"wordCount":1380,"commentCount":0,"publisher":{"@id":"https:\/\/www.uartes.edu.ec\/sitio\/fr\/#organization"},"image":{"@id":"https:\/\/www.uartes.edu.ec\/sitio\/fr\/blog\/2021\/05\/26\/bibliolon-iniciativa-conjunta-que-abre-sus-puertas-a-ninos-y-jovenes\/#primaryimage"},"thumbnailUrl":"https:\/\/www.uartes.edu.ec\/sitio\/wp-content\/uploads\/2021\/05\/bibliolon-1.jpg","keywords":["covid19"],"articleSection":["Artes Esc\u00e9nicas","Cine","Estudiantes","V\u00ednculo"],"inLanguage":"fr-FR","potentialAction":[{"@type":"CommentAction","name":"Comment","target":["https:\/\/www.uartes.edu.ec\/sitio\/fr\/blog\/2021\/05\/26\/bibliolon-iniciativa-conjunta-que-abre-sus-puertas-a-ninos-y-jovenes\/#respond"]}]},{"@type":["WebPage","ItemPage"],"@id":"https:\/\/www.uartes.edu.ec\/sitio\/fr\/blog\/2021\/05\/26\/bibliolon-iniciativa-conjunta-que-abre-sus-puertas-a-ninos-y-jovenes\/","url":"https:\/\/www.uartes.edu.ec\/sitio\/fr\/blog\/2021\/05\/26\/bibliolon-iniciativa-conjunta-que-abre-sus-puertas-a-ninos-y-jovenes\/","name":"Universidad de las Artes - BibliOl\u00f3n, iniciativa conjunta que abre sus puertas a ni\u00f1os y j\u00f3venes","isPartOf":{"@id":"https:\/\/www.uartes.edu.ec\/sitio\/fr\/#website"},"primaryImageOfPage":{"@id":"https:\/\/www.uartes.edu.ec\/sitio\/fr\/blog\/2021\/05\/26\/bibliolon-iniciativa-conjunta-que-abre-sus-puertas-a-ninos-y-jovenes\/#primaryimage"},"image":{"@id":"https:\/\/www.uartes.edu.ec\/sitio\/fr\/blog\/2021\/05\/26\/bibliolon-iniciativa-conjunta-que-abre-sus-puertas-a-ninos-y-jovenes\/#primaryimage"},"thumbnailUrl":"https:\/\/www.uartes.edu.ec\/sitio\/wp-content\/uploads\/2021\/05\/bibliolon-1.jpg","datePublished":"2021-05-26T08:56:00+00:00","dateModified":"2024-07-04T16:27:12+00:00","description":"Universidad de las Artes - BibliOl\u00f3n, iniciativa conjunta que abre sus puertas a ni\u00f1os y j\u00f3venes","breadcrumb":{"@id":"https:\/\/www.uartes.edu.ec\/sitio\/fr\/blog\/2021\/05\/26\/bibliolon-iniciativa-conjunta-que-abre-sus-puertas-a-ninos-y-jovenes\/#breadcrumb"},"inLanguage":"fr-FR","potentialAction":[{"@type":"ReadAction","target":["https:\/\/www.uartes.edu.ec\/sitio\/fr\/blog\/2021\/05\/26\/bibliolon-iniciativa-conjunta-que-abre-sus-puertas-a-ninos-y-jovenes\/"]}]},{"@type":"ImageObject","inLanguage":"fr-FR","@id":"https:\/\/www.uartes.edu.ec\/sitio\/fr\/blog\/2021\/05\/26\/bibliolon-iniciativa-conjunta-que-abre-sus-puertas-a-ninos-y-jovenes\/#primaryimage","url":"https:\/\/www.uartes.edu.ec\/sitio\/wp-content\/uploads\/2021\/05\/bibliolon-1.jpg","contentUrl":"https:\/\/www.uartes.edu.ec\/sitio\/wp-content\/uploads\/2021\/05\/bibliolon-1.jpg","width":1015,"height":677},{"@type":"BreadcrumbList","@id":"https:\/\/www.uartes.edu.ec\/sitio\/fr\/blog\/2021\/05\/26\/bibliolon-iniciativa-conjunta-que-abre-sus-puertas-a-ninos-y-jovenes\/#breadcrumb","itemListElement":[{"@type":"ListItem","position":1,"name":"Inicio","item":"https:\/\/www.uartes.edu.ec\/sitio\/"},{"@type":"ListItem","position":2,"name":"BibliOl\u00f3n, iniciativa conjunta que abre sus puertas a ni\u00f1os y j\u00f3venes"}]},{"@type":"WebSite","@id":"https:\/\/www.uartes.edu.ec\/sitio\/fr\/#website","url":"https:\/\/www.uartes.edu.ec\/sitio\/fr\/","name":"Universidad de las Artes","description":"Sitio oficial de la Universidad Nacional de las Artes del Ecuador","publisher":{"@id":"https:\/\/www.uartes.edu.ec\/sitio\/fr\/#organization"},"potentialAction":[{"@type":"SearchAction","target":{"@type":"EntryPoint","urlTemplate":"https:\/\/www.uartes.edu.ec\/sitio\/fr\/?s={search_term_string}"},"query-input":{"@type":"PropertyValueSpecification","valueRequired":true,"valueName":"search_term_string"}}],"inLanguage":"fr-FR"},{"@type":"Organization","@id":"https:\/\/www.uartes.edu.ec\/sitio\/fr\/#organization","name":"Universidad de las Artes","url":"https:\/\/www.uartes.edu.ec\/sitio\/fr\/","logo":{"@type":"ImageObject","inLanguage":"fr-FR","@id":"https:\/\/www.uartes.edu.ec\/sitio\/fr\/#\/schema\/logo\/image\/","url":"https:\/\/www.uartes.edu.ec\/sitio\/wp-content\/uploads\/2022\/07\/logo-ua-horizontal.png","contentUrl":"https:\/\/www.uartes.edu.ec\/sitio\/wp-content\/uploads\/2022\/07\/logo-ua-horizontal.png","width":800,"height":276,"caption":"Universidad de las Artes"},"image":{"@id":"https:\/\/www.uartes.edu.ec\/sitio\/fr\/#\/schema\/logo\/image\/"},"sameAs":["https:\/\/www.facebook.com\/uartesec","https:\/\/x.com\/uartesec","https:\/\/www.tiktok.com\/@uartesec"]},{"@type":"Person","@id":"https:\/\/www.uartes.edu.ec\/sitio\/fr\/#\/schema\/person\/efa1b8275797664fd7f13a79ccc0b1f4","name":"ccortez","image":{"@type":"ImageObject","inLanguage":"fr-FR","@id":"https:\/\/secure.gravatar.com\/avatar\/b2a6f664a3ae8e074346ef91775736c5ec479e637ecced6842de9dc98b5da9cd?s=96&d=mm&r=g","url":"https:\/\/secure.gravatar.com\/avatar\/b2a6f664a3ae8e074346ef91775736c5ec479e637ecced6842de9dc98b5da9cd?s=96&d=mm&r=g","contentUrl":"https:\/\/secure.gravatar.com\/avatar\/b2a6f664a3ae8e074346ef91775736c5ec479e637ecced6842de9dc98b5da9cd?s=96&d=mm&r=g","caption":"ccortez"},"url":"https:\/\/www.uartes.edu.ec\/sitio\/fr\/blog\/author\/ccortez\/"}]}},"uagb_featured_image_src":{"full":["https:\/\/www.uartes.edu.ec\/sitio\/wp-content\/uploads\/2021\/05\/bibliolon-1.jpg",1015,677,false],"thumbnail":["https:\/\/www.uartes.edu.ec\/sitio\/wp-content\/uploads\/2021\/05\/bibliolon-1-150x150.jpg",150,150,true],"medium":["https:\/\/www.uartes.edu.ec\/sitio\/wp-content\/uploads\/2021\/05\/bibliolon-1-300x200.jpg",300,200,true],"medium_large":["https:\/\/www.uartes.edu.ec\/sitio\/wp-content\/uploads\/2021\/05\/bibliolon-1-768x512.jpg",768,512,true],"large":["https:\/\/www.uartes.edu.ec\/sitio\/wp-content\/uploads\/2021\/05\/bibliolon-1-644x430.jpg",644,430,true],"1536x1536":["https:\/\/www.uartes.edu.ec\/sitio\/wp-content\/uploads\/2021\/05\/bibliolon-1.jpg",1015,677,false],"2048x2048":["https:\/\/www.uartes.edu.ec\/sitio\/wp-content\/uploads\/2021\/05\/bibliolon-1.jpg",1015,677,false],"trp-custom-language-flag":["https:\/\/www.uartes.edu.ec\/sitio\/wp-content\/uploads\/2021\/05\/bibliolon-1.jpg",18,12,false],"htmega_size_585x295":["https:\/\/www.uartes.edu.ec\/sitio\/wp-content\/uploads\/2021\/05\/bibliolon-1-585x295.jpg",585,295,true],"htmega_size_1170x536":["https:\/\/www.uartes.edu.ec\/sitio\/wp-content\/uploads\/2021\/05\/bibliolon-1-1015x536.jpg",1015,536,true],"htmega_size_396x360":["https:\/\/www.uartes.edu.ec\/sitio\/wp-content\/uploads\/2021\/05\/bibliolon-1-396x360.jpg",396,360,true],"gb-block-post-grid-landscape":["https:\/\/www.uartes.edu.ec\/sitio\/wp-content\/uploads\/2021\/05\/bibliolon-1.jpg",600,400,false],"gb-block-post-grid-square":["https:\/\/www.uartes.edu.ec\/sitio\/wp-content\/uploads\/2021\/05\/bibliolon-1.jpg",600,400,false],"university-hub-thumb":["https:\/\/www.uartes.edu.ec\/sitio\/wp-content\/uploads\/2021\/05\/bibliolon-1-400x267.jpg",400,267,true]},"uagb_author_info":{"display_name":"ccortez","author_link":"https:\/\/www.uartes.edu.ec\/sitio\/fr\/blog\/author\/ccortez\/"},"uagb_comment_info":0,"uagb_excerpt":"Este jueves 27 de mayo de 2021 se dar\u00e1 a conocer el proyecto establecido como BibliOl\u00f3n, una iniciativa que surge de la necesidad de brindar un espacio de aprendizaje y de desarrollo cultural a los ni\u00f1os y j\u00f3venes de la comuna Ol\u00f3n, auspiciado por el Cabildo Comunal Ol\u00f3n, el colectivo Libido P\u00e1nico, los residentes nacionales\u2026","featured_image_src":"https:\/\/www.uartes.edu.ec\/sitio\/wp-content\/uploads\/2021\/05\/bibliolon-1.jpg","featured_image_src_square":"https:\/\/www.uartes.edu.ec\/sitio\/wp-content\/uploads\/2021\/05\/bibliolon-1.jpg","author_info":{"display_name":"ccortez","author_link":"https:\/\/www.uartes.edu.ec\/sitio\/fr\/blog\/author\/ccortez\/"},"publishpress_future_workflow_manual_trigger":{"enabledWorkflows":[]},"distributor_meta":false,"distributor_terms":false,"distributor_media":false,"distributor_original_site_name":"Universidad de las Artes","distributor_original_site_url":"https:\/\/www.uartes.edu.ec\/sitio\/fr","push-errors":false,"_links":{"self":[{"href":"https:\/\/www.uartes.edu.ec\/sitio\/fr\/wp-json\/wp\/v2\/posts\/13946","targetHints":{"allow":["GET"]}}],"collection":[{"href":"https:\/\/www.uartes.edu.ec\/sitio\/fr\/wp-json\/wp\/v2\/posts"}],"about":[{"href":"https:\/\/www.uartes.edu.ec\/sitio\/fr\/wp-json\/wp\/v2\/types\/post"}],"author":[{"embeddable":true,"href":"https:\/\/www.uartes.edu.ec\/sitio\/fr\/wp-json\/wp\/v2\/users\/10"}],"replies":[{"embeddable":true,"href":"https:\/\/www.uartes.edu.ec\/sitio\/fr\/wp-json\/wp\/v2\/comments?post=13946"}],"version-history":[{"count":3,"href":"https:\/\/www.uartes.edu.ec\/sitio\/fr\/wp-json\/wp\/v2\/posts\/13946\/revisions"}],"predecessor-version":[{"id":13960,"href":"https:\/\/www.uartes.edu.ec\/sitio\/fr\/wp-json\/wp\/v2\/posts\/13946\/revisions\/13960"}],"wp:featuredmedia":[{"embeddable":true,"href":"https:\/\/www.uartes.edu.ec\/sitio\/fr\/wp-json\/wp\/v2\/media\/13947"}],"wp:attachment":[{"href":"https:\/\/www.uartes.edu.ec\/sitio\/fr\/wp-json\/wp\/v2\/media?parent=13946"}],"wp:term":[{"taxonomy":"category","embeddable":true,"href":"https:\/\/www.uartes.edu.ec\/sitio\/fr\/wp-json\/wp\/v2\/categories?post=13946"},{"taxonomy":"post_tag","embeddable":true,"href":"https:\/\/www.uartes.edu.ec\/sitio\/fr\/wp-json\/wp\/v2\/tags?post=13946"},{"taxonomy":"infouartes","embeddable":true,"href":"https:\/\/www.uartes.edu.ec\/sitio\/fr\/wp-json\/wp\/v2\/infouartes?post=13946"}],"curies":[{"name":"wp","href":"https:\/\/api.w.org\/{rel}","templated":true}]}}