{"id":13987,"date":"2021-05-31T16:35:48","date_gmt":"2021-05-31T21:35:48","guid":{"rendered":"http:\/\/www.uartes.edu.ec\/sitio\/?p=13987"},"modified":"2024-07-04T11:27:12","modified_gmt":"2024-07-04T16:27:12","slug":"de-la-uartes-a-la-universidad-de-maryland-andrea-torres-detalla-como-logro-aprobacion","status":"publish","type":"post","link":"https:\/\/www.uartes.edu.ec\/sitio\/fr\/blog\/2021\/05\/31\/de-la-uartes-a-la-universidad-de-maryland-andrea-torres-detalla-como-logro-aprobacion\/","title":{"rendered":"De la UArtes a la Universidad de Maryland, Andrea Torres Armas detalla c\u00f3mo logr\u00f3 aprobaci\u00f3n"},"content":{"rendered":"<p>Ha recibido felicitaciones de las autoridades UArtes, de compa\u00f1eros, docentes, familiares y amigos\u2026 Andrea Torres Armas, quien recientemente egres\u00f3 de la Escuela de Literatura de la Universidad de las Artes, fue aceptada por la Universidad de Maryland (UMD), Estados Unidos, para estudiar un doctorado en Literatura Latinoamericana, programa que est\u00e1 inscrito en el Colegio de Artes y Humanidades en el Departamento de Espa\u00f1ol y Portugu\u00e9s (SPAP). El pr\u00f3ximo 23 de agosto de 2021 tendr\u00e1 una inducci\u00f3n y el 30 del mismo mes iniciar\u00e1 clases.<\/p>\n\n\n\n<p>Andrea Torres, oriunda de Quito, no oculta su emoci\u00f3n en las respuestas que da a los correos que recibe, felicit\u00e1ndola por tan importante logro. En ellos, como en el enviado por el Vicerrectorado Acad\u00e9mico, expresa su agradecimiento a la Universidad de las Artes, a sus autoridades, a sus profesores, a la comunidad universitaria toda por la preparaci\u00f3n y el apoyo recibidos.<\/p>\n\n\n\n<p>En di\u00e1logo con InfoUArtes, Andrea Torres se\u00f1ala que siempre sinti\u00f3 fascinaci\u00f3n por la literatura y las humanidades. Que estudi\u00f3 sociolog\u00eda, agrega, pero no culmin\u00f3 y por m\u00e1s o menos 15 a\u00f1os ha trabajado como correctora de textos. \u201cPensar en el lenguaje, en c\u00f3mo nos atraviesa el cuerpo, en c\u00f3mo atraviesa cada \u00e1rea del saber y nos excede, me parece alucinante, y es por donde he llevado mi camino estos a\u00f1os\u201d.<\/p>\n\n\n\n<p>Justamente, a la Universidad de las Artes ingres\u00f3 porque era en el pa\u00eds la \u00fanica instituci\u00f3n de educaci\u00f3n superior p\u00fablica donde se ense\u00f1aba Literatura con un enfoque en artes. No en docencia o comunicaci\u00f3n, sino como un proceso de creaci\u00f3n art\u00edstica y de producci\u00f3n de conocimiento. Al aplicar, la Escuela de Literatura ofrec\u00eda un itinerario con \u00e9nfasis en lenguas ind\u00edgenas. \u201cSupuse que esa era la oportunidad para combinar mis estudios anteriores\u201d.<\/p>\n\n\n\n<p>Su proceso de formaci\u00f3n en la UArtes ha constituido, a\u00f1ade, un entendimiento profundo de la importancia del acceso a la educaci\u00f3n superior en artes, camino que ha implicado comprender que tanto el pensamiento cr\u00edtico como la construcci\u00f3n del conocimiento en colectivo y con empat\u00eda son cruciales para la transformaci\u00f3n de vidas. \u201cEstoy convencida de que, por extensi\u00f3n, transforma sociedades\u201d. Haber accedido a una educaci\u00f3n p\u00fablica \u2013es decir, pagada por cada uno de lxs ciudadanxs, porque esta no es gratuita\u2013 ha sido para ella una oportunidad invaluable.<\/p>\n\n\n\n<p>Actualmente Andrea Torres cursa la unidad de titulaci\u00f3n. En agosto defender\u00e1 su tesis y completar\u00e1 as\u00ed su ciclo de estudios en la UArtes.<\/p>\n\n\n\n<p>Su acercamiento a la Universidad de Maryland se dio gracias a un seminario sobre la obra de Borges que dict\u00f3 el profesor Sa\u00fal Sosnowski para la Escuela de Literatura en diciembre de 2019. \u201cFue el orador invitado en la ceremonia de graduaci\u00f3n de la primera cohorte de la UArtes y durante el seminario nos cont\u00f3 sobre las posibilidades de estudio en su universidad\u201d. En noviembre de 2020, inici\u00f3 el proceso de aplicaci\u00f3n para el programa de posgrado. Este tiene una duraci\u00f3n de cinco a\u00f1os, en los cuales tendr\u00e1 que cumplir actividades como asistente de c\u00e1tedra (TA), en retribuci\u00f3n a la beca que ha recibido y que incluye la remisi\u00f3n de los costos de colegiatura y un estipendio para manutenci\u00f3n. Trabajar\u00e1 como teaching assistant, ense\u00f1ando espa\u00f1ol.<\/p>\n\n\n\n<p>\u00bfQu\u00e9 espera de sus estudios all\u00e1?, Torres responde que todo. \u201cAunque suene tan vac\u00edo decirlo, pero espero todo: conocer cosas nuevas, descubrir, desaprender, tener fracasos, entrar en contacto con otra gente, con otros aparatos de pensamiento; quiero leer y escribir, por supuesto. Cambiar de pa\u00eds implica un cambio de vida bastante radical para mi pareja y para m\u00ed. Entonces hay un mont\u00f3n de emociones que vienen incluyendo el miedo y la esperanza\u201d. Ahora mismo se encuentra en el proceso de b\u00fasqueda de vivienda en College Park, donde est\u00e1 ubicada la UMD.<\/p>\n\n\n\n<p>A los estudiantes de la UArtes que quieren hacer una maestr\u00eda o un doctorado fuera, Torres recomienda mantenerse abiertos a buscar todas las posibilidades; aprovechar los recursos que ofrece la Universidad de las Artes, como, por ejemplo, los convenios con instituciones internacionales. Resalta la importancia de interesarse por los procesos colectivos de construcci\u00f3n de conocimiento, entre ellos, participar en los grupos de investigaci\u00f3n y creaci\u00f3n colectiva. \u201cEso incluso puede ayudar cuando se postulen a los programas que quieran estudiar; que se tomen en serio aprender idiomas\u201d.<\/p>\n\n\n\n<p>El apoyo de profesores y exprofesores de la UArtes fue fundamental durante su proceso de aplicaci\u00f3n, agrega. \u201cEstoy profundamente agradecida por las generosas recomendaciones que recib\u00ed, pues siento que no solo dieron cuenta de mi proceso acad\u00e9mico, sino tambi\u00e9n del acercamiento humano que implica hacer universidad. Las cartas de recomendaci\u00f3n tienen mucho peso en las aplicaciones para becas\u201d.<\/p>\n\n\n\n<p>Texto: Daniella Vera Santana, estudiante de la Escuela de Literatura.<br>Imagen, cortes\u00eda de Andrea Torres.<\/p>","protected":false},"excerpt":{"rendered":"<p>Ha recibido felicitaciones de las autoridades UArtes, de compa\u00f1eros, docentes, familiares y amigos\u2026 Andrea Torres Armas, quien recientemente egres\u00f3 de la Escuela de Literatura de la Universidad de las Artes, fue aceptada por la Universidad de Maryland (UMD), Estados Unidos, para estudiar un doctorado en Literatura Latinoamericana, programa que est\u00e1 inscrito en el Colegio de Artes y Humanidades en el Departamento de Espa\u00f1ol y Portugu\u00e9s (SPAP)<\/p>","protected":false},"author":10,"featured_media":13990,"comment_status":"open","ping_status":"open","sticky":false,"template":"","format":"standard","meta":{"_acf_changed":false,"_uag_custom_page_level_css":"","_monsterinsights_skip_tracking":false,"_monsterinsights_sitenote_active":false,"_monsterinsights_sitenote_note":"","_monsterinsights_sitenote_category":0,"cybocfi_hide_featured_image":"","footnotes":""},"categories":[80,82,76,175],"tags":[],"infouartes":[],"class_list":["post-13987","post","type-post","status-publish","format-standard","has-post-thumbnail","hentry","category-academico","category-artes","category-estudiantes","category-literatura"],"acf":[],"yoast_head":"<!-- This site is optimized with the Yoast SEO plugin v27.4 - https:\/\/yoast.com\/product\/yoast-seo-wordpress\/ -->\n<title>Universidad de las Artes - De la UArtes a la Universidad de Maryland, Andrea Torres Armas detalla c\u00f3mo logr\u00f3 aprobaci\u00f3n<\/title>\n<meta name=\"description\" content=\"Universidad de las Artes - De la UArtes a la Universidad de Maryland, Andrea Torres Armas detalla c\u00f3mo logr\u00f3 aprobaci\u00f3n\" \/>\n<meta name=\"robots\" content=\"index, follow, max-snippet:-1, max-image-preview:large, max-video-preview:-1\" \/>\n<link rel=\"canonical\" href=\"https:\/\/www.uartes.edu.ec\/sitio\/fr\/blog\/2021\/05\/31\/de-la-uartes-a-la-universidad-de-maryland-andrea-torres-detalla-como-logro-aprobacion\/\" \/>\n<meta property=\"og:locale\" content=\"fr_FR\" \/>\n<meta property=\"og:type\" content=\"article\" \/>\n<meta property=\"og:title\" content=\"Universidad de las Artes - De la UArtes a la Universidad de Maryland, Andrea Torres Armas detalla c\u00f3mo logr\u00f3 aprobaci\u00f3n\" \/>\n<meta property=\"og:description\" content=\"Universidad de las Artes - De la UArtes a la Universidad de Maryland, Andrea Torres Armas detalla c\u00f3mo logr\u00f3 aprobaci\u00f3n\" \/>\n<meta property=\"og:url\" content=\"https:\/\/www.uartes.edu.ec\/sitio\/fr\/blog\/2021\/05\/31\/de-la-uartes-a-la-universidad-de-maryland-andrea-torres-detalla-como-logro-aprobacion\/\" \/>\n<meta property=\"og:site_name\" content=\"Universidad de las Artes\" \/>\n<meta property=\"article:publisher\" content=\"https:\/\/www.facebook.com\/uartesec\" \/>\n<meta property=\"article:published_time\" content=\"2021-05-31T21:35:48+00:00\" \/>\n<meta property=\"article:modified_time\" content=\"2024-07-04T16:27:12+00:00\" \/>\n<meta property=\"og:image\" content=\"https:\/\/www.uartes.edu.ec\/sitio\/wp-content\/uploads\/2021\/05\/ANDREA-TORRES.jpg\" \/>\n\t<meta property=\"og:image:width\" content=\"2000\" \/>\n\t<meta property=\"og:image:height\" content=\"1333\" \/>\n\t<meta property=\"og:image:type\" content=\"image\/jpeg\" \/>\n<meta name=\"author\" content=\"ccortez\" \/>\n<meta name=\"twitter:card\" content=\"summary_large_image\" \/>\n<meta name=\"twitter:creator\" content=\"@uartesec\" \/>\n<meta name=\"twitter:site\" content=\"@uartesec\" \/>\n<meta name=\"twitter:label1\" content=\"\u00c9crit par\" \/>\n\t<meta name=\"twitter:data1\" content=\"ccortez\" \/>\n\t<meta name=\"twitter:label2\" content=\"Dur\u00e9e de lecture estim\u00e9e\" \/>\n\t<meta name=\"twitter:data2\" content=\"4 minutes\" \/>\n<script type=\"application\/ld+json\" class=\"yoast-schema-graph\">{\"@context\":\"https:\\\/\\\/schema.org\",\"@graph\":[{\"@type\":\"Article\",\"@id\":\"https:\\\/\\\/www.uartes.edu.ec\\\/sitio\\\/fr\\\/blog\\\/2021\\\/05\\\/31\\\/de-la-uartes-a-la-universidad-de-maryland-andrea-torres-detalla-como-logro-aprobacion\\\/#article\",\"isPartOf\":{\"@id\":\"https:\\\/\\\/www.uartes.edu.ec\\\/sitio\\\/fr\\\/blog\\\/2021\\\/05\\\/31\\\/de-la-uartes-a-la-universidad-de-maryland-andrea-torres-detalla-como-logro-aprobacion\\\/\"},\"author\":{\"name\":\"ccortez\",\"@id\":\"https:\\\/\\\/www.uartes.edu.ec\\\/sitio\\\/fr\\\/#\\\/schema\\\/person\\\/efa1b8275797664fd7f13a79ccc0b1f4\"},\"headline\":\"De la UArtes a la Universidad de Maryland, Andrea Torres Armas detalla c\u00f3mo logr\u00f3 aprobaci\u00f3n\",\"datePublished\":\"2021-05-31T21:35:48+00:00\",\"dateModified\":\"2024-07-04T16:27:12+00:00\",\"mainEntityOfPage\":{\"@id\":\"https:\\\/\\\/www.uartes.edu.ec\\\/sitio\\\/fr\\\/blog\\\/2021\\\/05\\\/31\\\/de-la-uartes-a-la-universidad-de-maryland-andrea-torres-detalla-como-logro-aprobacion\\\/\"},\"wordCount\":845,\"commentCount\":0,\"publisher\":{\"@id\":\"https:\\\/\\\/www.uartes.edu.ec\\\/sitio\\\/fr\\\/#organization\"},\"image\":{\"@id\":\"https:\\\/\\\/www.uartes.edu.ec\\\/sitio\\\/fr\\\/blog\\\/2021\\\/05\\\/31\\\/de-la-uartes-a-la-universidad-de-maryland-andrea-torres-detalla-como-logro-aprobacion\\\/#primaryimage\"},\"thumbnailUrl\":\"https:\\\/\\\/www.uartes.edu.ec\\\/sitio\\\/wp-content\\\/uploads\\\/2021\\\/05\\\/ANDREA-TORRES.jpg\",\"articleSection\":[\"Acad\u00e9mico\",\"Artes\",\"Estudiantes\",\"Literatura\"],\"inLanguage\":\"fr-FR\",\"potentialAction\":[{\"@type\":\"CommentAction\",\"name\":\"Comment\",\"target\":[\"https:\\\/\\\/www.uartes.edu.ec\\\/sitio\\\/fr\\\/blog\\\/2021\\\/05\\\/31\\\/de-la-uartes-a-la-universidad-de-maryland-andrea-torres-detalla-como-logro-aprobacion\\\/#respond\"]}]},{\"@type\":[\"WebPage\",\"ItemPage\"],\"@id\":\"https:\\\/\\\/www.uartes.edu.ec\\\/sitio\\\/fr\\\/blog\\\/2021\\\/05\\\/31\\\/de-la-uartes-a-la-universidad-de-maryland-andrea-torres-detalla-como-logro-aprobacion\\\/\",\"url\":\"https:\\\/\\\/www.uartes.edu.ec\\\/sitio\\\/fr\\\/blog\\\/2021\\\/05\\\/31\\\/de-la-uartes-a-la-universidad-de-maryland-andrea-torres-detalla-como-logro-aprobacion\\\/\",\"name\":\"Universidad de las Artes - De la UArtes a la Universidad de Maryland, Andrea Torres Armas detalla c\u00f3mo logr\u00f3 aprobaci\u00f3n\",\"isPartOf\":{\"@id\":\"https:\\\/\\\/www.uartes.edu.ec\\\/sitio\\\/fr\\\/#website\"},\"primaryImageOfPage\":{\"@id\":\"https:\\\/\\\/www.uartes.edu.ec\\\/sitio\\\/fr\\\/blog\\\/2021\\\/05\\\/31\\\/de-la-uartes-a-la-universidad-de-maryland-andrea-torres-detalla-como-logro-aprobacion\\\/#primaryimage\"},\"image\":{\"@id\":\"https:\\\/\\\/www.uartes.edu.ec\\\/sitio\\\/fr\\\/blog\\\/2021\\\/05\\\/31\\\/de-la-uartes-a-la-universidad-de-maryland-andrea-torres-detalla-como-logro-aprobacion\\\/#primaryimage\"},\"thumbnailUrl\":\"https:\\\/\\\/www.uartes.edu.ec\\\/sitio\\\/wp-content\\\/uploads\\\/2021\\\/05\\\/ANDREA-TORRES.jpg\",\"datePublished\":\"2021-05-31T21:35:48+00:00\",\"dateModified\":\"2024-07-04T16:27:12+00:00\",\"description\":\"Universidad de las Artes - De la UArtes a la Universidad de Maryland, Andrea Torres Armas detalla c\u00f3mo logr\u00f3 aprobaci\u00f3n\",\"breadcrumb\":{\"@id\":\"https:\\\/\\\/www.uartes.edu.ec\\\/sitio\\\/fr\\\/blog\\\/2021\\\/05\\\/31\\\/de-la-uartes-a-la-universidad-de-maryland-andrea-torres-detalla-como-logro-aprobacion\\\/#breadcrumb\"},\"inLanguage\":\"fr-FR\",\"potentialAction\":[{\"@type\":\"ReadAction\",\"target\":[\"https:\\\/\\\/www.uartes.edu.ec\\\/sitio\\\/fr\\\/blog\\\/2021\\\/05\\\/31\\\/de-la-uartes-a-la-universidad-de-maryland-andrea-torres-detalla-como-logro-aprobacion\\\/\"]}]},{\"@type\":\"ImageObject\",\"inLanguage\":\"fr-FR\",\"@id\":\"https:\\\/\\\/www.uartes.edu.ec\\\/sitio\\\/fr\\\/blog\\\/2021\\\/05\\\/31\\\/de-la-uartes-a-la-universidad-de-maryland-andrea-torres-detalla-como-logro-aprobacion\\\/#primaryimage\",\"url\":\"https:\\\/\\\/www.uartes.edu.ec\\\/sitio\\\/wp-content\\\/uploads\\\/2021\\\/05\\\/ANDREA-TORRES.jpg\",\"contentUrl\":\"https:\\\/\\\/www.uartes.edu.ec\\\/sitio\\\/wp-content\\\/uploads\\\/2021\\\/05\\\/ANDREA-TORRES.jpg\",\"width\":2000,\"height\":1333,\"caption\":\"De la UArtes a la Universidad de Maryland, Andrea Torres detalla c\u00f3mo logr\u00f3 aprobaci\u00f3n\"},{\"@type\":\"BreadcrumbList\",\"@id\":\"https:\\\/\\\/www.uartes.edu.ec\\\/sitio\\\/fr\\\/blog\\\/2021\\\/05\\\/31\\\/de-la-uartes-a-la-universidad-de-maryland-andrea-torres-detalla-como-logro-aprobacion\\\/#breadcrumb\",\"itemListElement\":[{\"@type\":\"ListItem\",\"position\":1,\"name\":\"Inicio\",\"item\":\"https:\\\/\\\/www.uartes.edu.ec\\\/sitio\\\/\"},{\"@type\":\"ListItem\",\"position\":2,\"name\":\"De la UArtes a la Universidad de Maryland, Andrea Torres Armas detalla c\u00f3mo logr\u00f3 aprobaci\u00f3n\"}]},{\"@type\":\"WebSite\",\"@id\":\"https:\\\/\\\/www.uartes.edu.ec\\\/sitio\\\/fr\\\/#website\",\"url\":\"https:\\\/\\\/www.uartes.edu.ec\\\/sitio\\\/fr\\\/\",\"name\":\"Universidad de las Artes\",\"description\":\"Sitio oficial de la Universidad Nacional de las Artes del Ecuador\",\"publisher\":{\"@id\":\"https:\\\/\\\/www.uartes.edu.ec\\\/sitio\\\/fr\\\/#organization\"},\"potentialAction\":[{\"@type\":\"SearchAction\",\"target\":{\"@type\":\"EntryPoint\",\"urlTemplate\":\"https:\\\/\\\/www.uartes.edu.ec\\\/sitio\\\/fr\\\/?s={search_term_string}\"},\"query-input\":{\"@type\":\"PropertyValueSpecification\",\"valueRequired\":true,\"valueName\":\"search_term_string\"}}],\"inLanguage\":\"fr-FR\"},{\"@type\":\"Organization\",\"@id\":\"https:\\\/\\\/www.uartes.edu.ec\\\/sitio\\\/fr\\\/#organization\",\"name\":\"Universidad de las Artes\",\"url\":\"https:\\\/\\\/www.uartes.edu.ec\\\/sitio\\\/fr\\\/\",\"logo\":{\"@type\":\"ImageObject\",\"inLanguage\":\"fr-FR\",\"@id\":\"https:\\\/\\\/www.uartes.edu.ec\\\/sitio\\\/fr\\\/#\\\/schema\\\/logo\\\/image\\\/\",\"url\":\"https:\\\/\\\/www.uartes.edu.ec\\\/sitio\\\/wp-content\\\/uploads\\\/2022\\\/07\\\/logo-ua-horizontal.png\",\"contentUrl\":\"https:\\\/\\\/www.uartes.edu.ec\\\/sitio\\\/wp-content\\\/uploads\\\/2022\\\/07\\\/logo-ua-horizontal.png\",\"width\":800,\"height\":276,\"caption\":\"Universidad de las Artes\"},\"image\":{\"@id\":\"https:\\\/\\\/www.uartes.edu.ec\\\/sitio\\\/fr\\\/#\\\/schema\\\/logo\\\/image\\\/\"},\"sameAs\":[\"https:\\\/\\\/www.facebook.com\\\/uartesec\",\"https:\\\/\\\/x.com\\\/uartesec\",\"https:\\\/\\\/www.tiktok.com\\\/@uartesec\"]},{\"@type\":\"Person\",\"@id\":\"https:\\\/\\\/www.uartes.edu.ec\\\/sitio\\\/fr\\\/#\\\/schema\\\/person\\\/efa1b8275797664fd7f13a79ccc0b1f4\",\"name\":\"ccortez\",\"image\":{\"@type\":\"ImageObject\",\"inLanguage\":\"fr-FR\",\"@id\":\"https:\\\/\\\/secure.gravatar.com\\\/avatar\\\/b2a6f664a3ae8e074346ef91775736c5ec479e637ecced6842de9dc98b5da9cd?s=96&d=mm&r=g\",\"url\":\"https:\\\/\\\/secure.gravatar.com\\\/avatar\\\/b2a6f664a3ae8e074346ef91775736c5ec479e637ecced6842de9dc98b5da9cd?s=96&d=mm&r=g\",\"contentUrl\":\"https:\\\/\\\/secure.gravatar.com\\\/avatar\\\/b2a6f664a3ae8e074346ef91775736c5ec479e637ecced6842de9dc98b5da9cd?s=96&d=mm&r=g\",\"caption\":\"ccortez\"},\"url\":\"https:\\\/\\\/www.uartes.edu.ec\\\/sitio\\\/fr\\\/blog\\\/author\\\/ccortez\\\/\"}]}<\/script>\n<!-- \/ Yoast SEO plugin. -->","yoast_head_json":{"title":"Universidad de las Artes - De la UArtes a la Universidad de Maryland, Andrea Torres Armas detalla c\u00f3mo logr\u00f3 aprobaci\u00f3n","description":"Universidad de las Artes - De la UArtes a la Universidad de Maryland, Andrea Torres Armas detalla c\u00f3mo logr\u00f3 aprobaci\u00f3n","robots":{"index":"index","follow":"follow","max-snippet":"max-snippet:-1","max-image-preview":"max-image-preview:large","max-video-preview":"max-video-preview:-1"},"canonical":"https:\/\/www.uartes.edu.ec\/sitio\/fr\/blog\/2021\/05\/31\/de-la-uartes-a-la-universidad-de-maryland-andrea-torres-detalla-como-logro-aprobacion\/","og_locale":"fr_FR","og_type":"article","og_title":"Universidad de las Artes - De la UArtes a la Universidad de Maryland, Andrea Torres Armas detalla c\u00f3mo logr\u00f3 aprobaci\u00f3n","og_description":"Universidad de las Artes - De la UArtes a la Universidad de Maryland, Andrea Torres Armas detalla c\u00f3mo logr\u00f3 aprobaci\u00f3n","og_url":"https:\/\/www.uartes.edu.ec\/sitio\/fr\/blog\/2021\/05\/31\/de-la-uartes-a-la-universidad-de-maryland-andrea-torres-detalla-como-logro-aprobacion\/","og_site_name":"Universidad de las Artes","article_publisher":"https:\/\/www.facebook.com\/uartesec","article_published_time":"2021-05-31T21:35:48+00:00","article_modified_time":"2024-07-04T16:27:12+00:00","og_image":[{"width":2000,"height":1333,"url":"https:\/\/www.uartes.edu.ec\/sitio\/wp-content\/uploads\/2021\/05\/ANDREA-TORRES.jpg","type":"image\/jpeg"}],"author":"ccortez","twitter_card":"summary_large_image","twitter_creator":"@uartesec","twitter_site":"@uartesec","twitter_misc":{"\u00c9crit par":"ccortez","Dur\u00e9e de lecture estim\u00e9e":"4 minutes"},"schema":{"@context":"https:\/\/schema.org","@graph":[{"@type":"Article","@id":"https:\/\/www.uartes.edu.ec\/sitio\/fr\/blog\/2021\/05\/31\/de-la-uartes-a-la-universidad-de-maryland-andrea-torres-detalla-como-logro-aprobacion\/#article","isPartOf":{"@id":"https:\/\/www.uartes.edu.ec\/sitio\/fr\/blog\/2021\/05\/31\/de-la-uartes-a-la-universidad-de-maryland-andrea-torres-detalla-como-logro-aprobacion\/"},"author":{"name":"ccortez","@id":"https:\/\/www.uartes.edu.ec\/sitio\/fr\/#\/schema\/person\/efa1b8275797664fd7f13a79ccc0b1f4"},"headline":"De la UArtes a la Universidad de Maryland, Andrea Torres Armas detalla c\u00f3mo logr\u00f3 aprobaci\u00f3n","datePublished":"2021-05-31T21:35:48+00:00","dateModified":"2024-07-04T16:27:12+00:00","mainEntityOfPage":{"@id":"https:\/\/www.uartes.edu.ec\/sitio\/fr\/blog\/2021\/05\/31\/de-la-uartes-a-la-universidad-de-maryland-andrea-torres-detalla-como-logro-aprobacion\/"},"wordCount":845,"commentCount":0,"publisher":{"@id":"https:\/\/www.uartes.edu.ec\/sitio\/fr\/#organization"},"image":{"@id":"https:\/\/www.uartes.edu.ec\/sitio\/fr\/blog\/2021\/05\/31\/de-la-uartes-a-la-universidad-de-maryland-andrea-torres-detalla-como-logro-aprobacion\/#primaryimage"},"thumbnailUrl":"https:\/\/www.uartes.edu.ec\/sitio\/wp-content\/uploads\/2021\/05\/ANDREA-TORRES.jpg","articleSection":["Acad\u00e9mico","Artes","Estudiantes","Literatura"],"inLanguage":"fr-FR","potentialAction":[{"@type":"CommentAction","name":"Comment","target":["https:\/\/www.uartes.edu.ec\/sitio\/fr\/blog\/2021\/05\/31\/de-la-uartes-a-la-universidad-de-maryland-andrea-torres-detalla-como-logro-aprobacion\/#respond"]}]},{"@type":["WebPage","ItemPage"],"@id":"https:\/\/www.uartes.edu.ec\/sitio\/fr\/blog\/2021\/05\/31\/de-la-uartes-a-la-universidad-de-maryland-andrea-torres-detalla-como-logro-aprobacion\/","url":"https:\/\/www.uartes.edu.ec\/sitio\/fr\/blog\/2021\/05\/31\/de-la-uartes-a-la-universidad-de-maryland-andrea-torres-detalla-como-logro-aprobacion\/","name":"Universidad de las Artes - De la UArtes a la Universidad de Maryland, Andrea Torres Armas detalla c\u00f3mo logr\u00f3 aprobaci\u00f3n","isPartOf":{"@id":"https:\/\/www.uartes.edu.ec\/sitio\/fr\/#website"},"primaryImageOfPage":{"@id":"https:\/\/www.uartes.edu.ec\/sitio\/fr\/blog\/2021\/05\/31\/de-la-uartes-a-la-universidad-de-maryland-andrea-torres-detalla-como-logro-aprobacion\/#primaryimage"},"image":{"@id":"https:\/\/www.uartes.edu.ec\/sitio\/fr\/blog\/2021\/05\/31\/de-la-uartes-a-la-universidad-de-maryland-andrea-torres-detalla-como-logro-aprobacion\/#primaryimage"},"thumbnailUrl":"https:\/\/www.uartes.edu.ec\/sitio\/wp-content\/uploads\/2021\/05\/ANDREA-TORRES.jpg","datePublished":"2021-05-31T21:35:48+00:00","dateModified":"2024-07-04T16:27:12+00:00","description":"Universidad de las Artes - De la UArtes a la Universidad de Maryland, Andrea Torres Armas detalla c\u00f3mo logr\u00f3 aprobaci\u00f3n","breadcrumb":{"@id":"https:\/\/www.uartes.edu.ec\/sitio\/fr\/blog\/2021\/05\/31\/de-la-uartes-a-la-universidad-de-maryland-andrea-torres-detalla-como-logro-aprobacion\/#breadcrumb"},"inLanguage":"fr-FR","potentialAction":[{"@type":"ReadAction","target":["https:\/\/www.uartes.edu.ec\/sitio\/fr\/blog\/2021\/05\/31\/de-la-uartes-a-la-universidad-de-maryland-andrea-torres-detalla-como-logro-aprobacion\/"]}]},{"@type":"ImageObject","inLanguage":"fr-FR","@id":"https:\/\/www.uartes.edu.ec\/sitio\/fr\/blog\/2021\/05\/31\/de-la-uartes-a-la-universidad-de-maryland-andrea-torres-detalla-como-logro-aprobacion\/#primaryimage","url":"https:\/\/www.uartes.edu.ec\/sitio\/wp-content\/uploads\/2021\/05\/ANDREA-TORRES.jpg","contentUrl":"https:\/\/www.uartes.edu.ec\/sitio\/wp-content\/uploads\/2021\/05\/ANDREA-TORRES.jpg","width":2000,"height":1333,"caption":"De la UArtes a la Universidad de Maryland, Andrea Torres detalla c\u00f3mo logr\u00f3 aprobaci\u00f3n"},{"@type":"BreadcrumbList","@id":"https:\/\/www.uartes.edu.ec\/sitio\/fr\/blog\/2021\/05\/31\/de-la-uartes-a-la-universidad-de-maryland-andrea-torres-detalla-como-logro-aprobacion\/#breadcrumb","itemListElement":[{"@type":"ListItem","position":1,"name":"Inicio","item":"https:\/\/www.uartes.edu.ec\/sitio\/"},{"@type":"ListItem","position":2,"name":"De la UArtes a la Universidad de Maryland, Andrea Torres Armas detalla c\u00f3mo logr\u00f3 aprobaci\u00f3n"}]},{"@type":"WebSite","@id":"https:\/\/www.uartes.edu.ec\/sitio\/fr\/#website","url":"https:\/\/www.uartes.edu.ec\/sitio\/fr\/","name":"Universidad de las Artes","description":"Sitio oficial de la Universidad Nacional de las Artes del Ecuador","publisher":{"@id":"https:\/\/www.uartes.edu.ec\/sitio\/fr\/#organization"},"potentialAction":[{"@type":"SearchAction","target":{"@type":"EntryPoint","urlTemplate":"https:\/\/www.uartes.edu.ec\/sitio\/fr\/?s={search_term_string}"},"query-input":{"@type":"PropertyValueSpecification","valueRequired":true,"valueName":"search_term_string"}}],"inLanguage":"fr-FR"},{"@type":"Organization","@id":"https:\/\/www.uartes.edu.ec\/sitio\/fr\/#organization","name":"Universidad de las Artes","url":"https:\/\/www.uartes.edu.ec\/sitio\/fr\/","logo":{"@type":"ImageObject","inLanguage":"fr-FR","@id":"https:\/\/www.uartes.edu.ec\/sitio\/fr\/#\/schema\/logo\/image\/","url":"https:\/\/www.uartes.edu.ec\/sitio\/wp-content\/uploads\/2022\/07\/logo-ua-horizontal.png","contentUrl":"https:\/\/www.uartes.edu.ec\/sitio\/wp-content\/uploads\/2022\/07\/logo-ua-horizontal.png","width":800,"height":276,"caption":"Universidad de las Artes"},"image":{"@id":"https:\/\/www.uartes.edu.ec\/sitio\/fr\/#\/schema\/logo\/image\/"},"sameAs":["https:\/\/www.facebook.com\/uartesec","https:\/\/x.com\/uartesec","https:\/\/www.tiktok.com\/@uartesec"]},{"@type":"Person","@id":"https:\/\/www.uartes.edu.ec\/sitio\/fr\/#\/schema\/person\/efa1b8275797664fd7f13a79ccc0b1f4","name":"ccortez","image":{"@type":"ImageObject","inLanguage":"fr-FR","@id":"https:\/\/secure.gravatar.com\/avatar\/b2a6f664a3ae8e074346ef91775736c5ec479e637ecced6842de9dc98b5da9cd?s=96&d=mm&r=g","url":"https:\/\/secure.gravatar.com\/avatar\/b2a6f664a3ae8e074346ef91775736c5ec479e637ecced6842de9dc98b5da9cd?s=96&d=mm&r=g","contentUrl":"https:\/\/secure.gravatar.com\/avatar\/b2a6f664a3ae8e074346ef91775736c5ec479e637ecced6842de9dc98b5da9cd?s=96&d=mm&r=g","caption":"ccortez"},"url":"https:\/\/www.uartes.edu.ec\/sitio\/fr\/blog\/author\/ccortez\/"}]}},"uagb_featured_image_src":{"full":["https:\/\/www.uartes.edu.ec\/sitio\/wp-content\/uploads\/2021\/05\/ANDREA-TORRES.jpg",2000,1333,false],"thumbnail":["https:\/\/www.uartes.edu.ec\/sitio\/wp-content\/uploads\/2021\/05\/ANDREA-TORRES-150x150.jpg",150,150,true],"medium":["https:\/\/www.uartes.edu.ec\/sitio\/wp-content\/uploads\/2021\/05\/ANDREA-TORRES-300x200.jpg",300,200,true],"medium_large":["https:\/\/www.uartes.edu.ec\/sitio\/wp-content\/uploads\/2021\/05\/ANDREA-TORRES-768x512.jpg",768,512,true],"large":["https:\/\/www.uartes.edu.ec\/sitio\/wp-content\/uploads\/2021\/05\/ANDREA-TORRES-644x429.jpg",644,429,true],"1536x1536":["https:\/\/www.uartes.edu.ec\/sitio\/wp-content\/uploads\/2021\/05\/ANDREA-TORRES-1536x1024.jpg",1536,1024,true],"2048x2048":["https:\/\/www.uartes.edu.ec\/sitio\/wp-content\/uploads\/2021\/05\/ANDREA-TORRES.jpg",2000,1333,false],"trp-custom-language-flag":["https:\/\/www.uartes.edu.ec\/sitio\/wp-content\/uploads\/2021\/05\/ANDREA-TORRES.jpg",18,12,false],"htmega_size_585x295":["https:\/\/www.uartes.edu.ec\/sitio\/wp-content\/uploads\/2021\/05\/ANDREA-TORRES-585x295.jpg",585,295,true],"htmega_size_1170x536":["https:\/\/www.uartes.edu.ec\/sitio\/wp-content\/uploads\/2021\/05\/ANDREA-TORRES-1170x536.jpg",1170,536,true],"htmega_size_396x360":["https:\/\/www.uartes.edu.ec\/sitio\/wp-content\/uploads\/2021\/05\/ANDREA-TORRES-396x360.jpg",396,360,true],"gb-block-post-grid-landscape":["https:\/\/www.uartes.edu.ec\/sitio\/wp-content\/uploads\/2021\/05\/ANDREA-TORRES.jpg",600,400,false],"gb-block-post-grid-square":["https:\/\/www.uartes.edu.ec\/sitio\/wp-content\/uploads\/2021\/05\/ANDREA-TORRES.jpg",600,400,false],"university-hub-thumb":["https:\/\/www.uartes.edu.ec\/sitio\/wp-content\/uploads\/2021\/05\/ANDREA-TORRES-400x267.jpg",400,267,true]},"uagb_author_info":{"display_name":"ccortez","author_link":"https:\/\/www.uartes.edu.ec\/sitio\/fr\/blog\/author\/ccortez\/"},"uagb_comment_info":0,"uagb_excerpt":"Ha recibido felicitaciones de las autoridades UArtes, de compa\u00f1eros, docentes, familiares y amigos\u2026 Andrea Torres Armas, quien recientemente egres\u00f3 de la Escuela de Literatura de la Universidad de las Artes, fue aceptada por la Universidad de Maryland (UMD), Estados Unidos, para estudiar un doctorado en Literatura Latinoamericana, programa que est\u00e1 inscrito en el Colegio de\u2026","featured_image_src":"https:\/\/www.uartes.edu.ec\/sitio\/wp-content\/uploads\/2021\/05\/ANDREA-TORRES.jpg","featured_image_src_square":"https:\/\/www.uartes.edu.ec\/sitio\/wp-content\/uploads\/2021\/05\/ANDREA-TORRES.jpg","author_info":{"display_name":"ccortez","author_link":"https:\/\/www.uartes.edu.ec\/sitio\/fr\/blog\/author\/ccortez\/"},"publishpress_future_workflow_manual_trigger":{"enabledWorkflows":[]},"distributor_meta":false,"distributor_terms":false,"distributor_media":false,"distributor_original_site_name":"Universidad de las Artes","distributor_original_site_url":"https:\/\/www.uartes.edu.ec\/sitio\/fr","push-errors":false,"_links":{"self":[{"href":"https:\/\/www.uartes.edu.ec\/sitio\/fr\/wp-json\/wp\/v2\/posts\/13987","targetHints":{"allow":["GET"]}}],"collection":[{"href":"https:\/\/www.uartes.edu.ec\/sitio\/fr\/wp-json\/wp\/v2\/posts"}],"about":[{"href":"https:\/\/www.uartes.edu.ec\/sitio\/fr\/wp-json\/wp\/v2\/types\/post"}],"author":[{"embeddable":true,"href":"https:\/\/www.uartes.edu.ec\/sitio\/fr\/wp-json\/wp\/v2\/users\/10"}],"replies":[{"embeddable":true,"href":"https:\/\/www.uartes.edu.ec\/sitio\/fr\/wp-json\/wp\/v2\/comments?post=13987"}],"version-history":[{"count":4,"href":"https:\/\/www.uartes.edu.ec\/sitio\/fr\/wp-json\/wp\/v2\/posts\/13987\/revisions"}],"predecessor-version":[{"id":13996,"href":"https:\/\/www.uartes.edu.ec\/sitio\/fr\/wp-json\/wp\/v2\/posts\/13987\/revisions\/13996"}],"wp:featuredmedia":[{"embeddable":true,"href":"https:\/\/www.uartes.edu.ec\/sitio\/fr\/wp-json\/wp\/v2\/media\/13990"}],"wp:attachment":[{"href":"https:\/\/www.uartes.edu.ec\/sitio\/fr\/wp-json\/wp\/v2\/media?parent=13987"}],"wp:term":[{"taxonomy":"category","embeddable":true,"href":"https:\/\/www.uartes.edu.ec\/sitio\/fr\/wp-json\/wp\/v2\/categories?post=13987"},{"taxonomy":"post_tag","embeddable":true,"href":"https:\/\/www.uartes.edu.ec\/sitio\/fr\/wp-json\/wp\/v2\/tags?post=13987"},{"taxonomy":"infouartes","embeddable":true,"href":"https:\/\/www.uartes.edu.ec\/sitio\/fr\/wp-json\/wp\/v2\/infouartes?post=13987"}],"curies":[{"name":"wp","href":"https:\/\/api.w.org\/{rel}","templated":true}]}}