{"id":14011,"date":"2021-06-02T15:54:00","date_gmt":"2021-06-02T20:54:00","guid":{"rendered":"http:\/\/www.uartes.edu.ec\/sitio\/?p=14011"},"modified":"2024-07-04T11:27:12","modified_gmt":"2024-07-04T16:27:12","slug":"la-uartes-y-la-prefectura-firman-convenio-como-parte-del-programa-guayas-pueblos-de-colores","status":"publish","type":"post","link":"https:\/\/www.uartes.edu.ec\/sitio\/fr\/blog\/2021\/06\/03\/la-uartes-y-la-prefectura-firman-convenio-como-parte-del-programa-guayas-pueblos-de-colores\/","title":{"rendered":"La UArtes y la Prefectura firman convenio como parte del programa \u201cGuayas Pueblos de Colores\u201d"},"content":{"rendered":"<p>La Universidad de las Artes y la Prefectura del Guayas firmaron este martes 1 de junio de 2021 un Convenio de Cooperaci\u00f3n Interinstitucional, enmarcado en el programa \u201cGuayas Pueblos de Colores\u201d para el cual esta instituci\u00f3n de educaci\u00f3n superior p\u00fablica propone implementar procesos participativos de arte y cultura, focalizados en teatro, danza, artes visuales y muralismo, con registro documental y de patrimonio cultural en el sector rural de la provincia.<\/p>\n\n\n\n<p>En la suscripci\u00f3n, realizada por la prefecta del Guayas, Mgs. Susana Gonz\u00e1lez, y el rector de la Universidad de las Artes, doctor William Herrera R\u00edos, participaron como testigos de honor ni\u00f1as y ni\u00f1os provenientes de Nobol, Yaguachi, Daule, Engabao y Guayaquil, quienes representaron a los infantes de la provincia y disfrutaron de una jornada de juegos, actividades culturales \u2013como lectura de cuentos y taller de t\u00edteres en la Sala R\u00eda de la Biblioteca de las Artes\u2013, paseos y cuidado de la naturaleza con la siembra de \u00e1rboles. Todo a prop\u00f3sito de la celebraci\u00f3n del D\u00eda del Ni\u00f1o (el 1 de junio de cada a\u00f1o).<\/p>\n\n\n\n<p>En su intervenci\u00f3n, la Prefecta del Guayas resalt\u00f3 la importancia del Convenio de Cooperaci\u00f3n Interinstitucional con la UArtes. \u201cEs trasladar el arte, la cultura, la metodolog\u00eda, el desarrollo de habilidades esc\u00e9nicas hacia el resto de la provincia. El desaf\u00edo es romper esa brecha marcada que a\u00fan existe entre la cultura urbana y la ruralidad. Apostamos a este \u2018Guayas Pueblos de Colores\u2019 unidos en la diversidad. El mejor homenaje a los ni\u00f1os y ni\u00f1as es la inclusi\u00f3n\u201d, dijo.<\/p>\n\n\n\n<p>El rector de la Universidad de las Artes calific\u00f3 de fundamental la relaci\u00f3n con la Prefectura del Guayas, puesto que permite que estos procesos que se realizan desde la UArtes puedan llegar a las comunidades de la provincia. \u201cEs un mecanismo para ampliar las capacidades, la cobertura y que sean cada vez m\u00e1s ni\u00f1os que puedan beneficiarse de la formaci\u00f3n art\u00edstica\u201d.<\/p>\n\n\n\n<div class=\"wp-block-image\"><figure class=\"aligncenter size-full\"><img fetchpriority=\"high\" decoding=\"async\" width=\"2000\" height=\"1333\" src=\"http:\/\/www.uartes.edu.ec\/sitio\/wp-content\/uploads\/2021\/06\/CONVENIO-UARTES-PREFECTURA-4.jpg.jpg\" alt=\"\" class=\"wp-image-14014\" srcset=\"https:\/\/www.uartes.edu.ec\/sitio\/wp-content\/uploads\/2021\/06\/CONVENIO-UARTES-PREFECTURA-4.jpg.jpg 2000w, https:\/\/www.uartes.edu.ec\/sitio\/wp-content\/uploads\/2021\/06\/CONVENIO-UARTES-PREFECTURA-4.jpg-300x200.jpg 300w, https:\/\/www.uartes.edu.ec\/sitio\/wp-content\/uploads\/2021\/06\/CONVENIO-UARTES-PREFECTURA-4.jpg-644x429.jpg 644w, https:\/\/www.uartes.edu.ec\/sitio\/wp-content\/uploads\/2021\/06\/CONVENIO-UARTES-PREFECTURA-4.jpg-768x512.jpg 768w, https:\/\/www.uartes.edu.ec\/sitio\/wp-content\/uploads\/2021\/06\/CONVENIO-UARTES-PREFECTURA-4.jpg-1536x1024.jpg 1536w, https:\/\/www.uartes.edu.ec\/sitio\/wp-content\/uploads\/2021\/06\/CONVENIO-UARTES-PREFECTURA-4.jpg-16x12.jpg 16w, https:\/\/www.uartes.edu.ec\/sitio\/wp-content\/uploads\/2021\/06\/CONVENIO-UARTES-PREFECTURA-4.jpg-600x400.jpg 600w, https:\/\/www.uartes.edu.ec\/sitio\/wp-content\/uploads\/2021\/06\/CONVENIO-UARTES-PREFECTURA-4.jpg-400x267.jpg 400w, https:\/\/www.uartes.edu.ec\/sitio\/wp-content\/uploads\/2021\/06\/CONVENIO-UARTES-PREFECTURA-4.jpg-272x182.jpg 272w\" sizes=\"(max-width: 2000px) 100vw, 2000px\" \/><\/figure><\/div>\n\n\n\n<p>La propuesta de \u201cGuayas Pueblos de Colores\u201d es la de implementar y desarrollar de manera efectiva, en los diferentes cantones de la provincia, programas socio-culturales que fomenten la participaci\u00f3n de las comunidades rurales para el desarrollo local equitativo y solidario, en el ejercicio de los derechos culturales, el acceso a las artes y a la expresi\u00f3n art\u00edstica, la protecci\u00f3n y promoci\u00f3n de la diversidad cultural y el respeto a sus espacios de generaci\u00f3n e intercambio, la memoria social y la salvaguardia del patrimonio cultural.<\/p>\n\n\n\n<p>En el contenido del convenio \u2013cl\u00e1usulas, articulados, antecedentes, leyes, reglamentos y resoluciones\u2013 se detalla su proceso. Consta as\u00ed el oficio con fecha 16 de marzo de 2021 enviado por rector de la UArtes a la Prefecta del Guayas manifestando, entre otros puntos: \u201c(\u2026) La misi\u00f3n de la Universidad de las Artes es formar profesionales de las artes con pleno dominio de su campo, esp\u00edritu abierto a los principios y pr\u00e1cticas interdisciplinares, pensamiento cr\u00edtico y conciencia social transformadora para generar una producci\u00f3n art\u00edstica que contribuya a la ampliaci\u00f3n del conocimiento, al fomento de la cultura y al desarrollo de la sociedad ecuatoriana y de las econom\u00edas creativas.<\/p>\n\n\n\n<p>Entre los fines de esta instituci\u00f3n de educaci\u00f3n superior, se encuentran los relacionados con el desarrollo sustentable nacional y la promoci\u00f3n al desarrollo local a trav\u00e9s de la gesti\u00f3n de vinculaci\u00f3n con la sociedad. Para el efecto, tenemos el objetivo de consolidar redes y alianzas estrat\u00e9gicas con entidades p\u00fablicas del \u00e1mbito local, nacional e internacional para la generaci\u00f3n de procesos que favorezcan la transformaci\u00f3n sociocultural en distintos territorios, que promuevan la innovaci\u00f3n de la gesti\u00f3n institucional y de las capacidades de actores locales.<\/p>\n\n\n\n<p>En ese contexto, con base en las reuniones de trabajo convocadas por representantes de la Coordinaci\u00f3n de Desarrollo Sostenible, Direcci\u00f3n de Turismo y Direcci\u00f3n de Equidad y G\u00e9nero de la Prefectura de Guayas con nuestra Directora de Vinculaci\u00f3n con la Sociedad, tengo el agrado de manifestar nuestro inter\u00e9s de trabajo colaborativo para el desarrollo de proyectos con diversas comunidades en la Provincia de Guayas, mediante el establecimiento de un convenio marco de cooperaci\u00f3n (\u2026)\u201d<\/p>\n\n\n\n<p>Se indica, asimismo, la revisi\u00f3n en el \u00e1mbito de sus competencias del Coordinador General de Desarrollo Sostenible, Directora Provincial de Acci\u00f3n Social y Educaci\u00f3n, Director Provincial de Turismo y Procurador S\u00edndico Provincial, quienes en sus informes t\u00e9cnicos coincidieron en recomendar y dar viabilidad a la firma del Convenio de Cooperaci\u00f3n entre la Prefectura del Guayas y la Universidad de las Artes. As\u00ed, con fecha 27 de mayo del 2021, se puso en conocimiento que el Consejo Provincial del Gobierno Aut\u00f3nomo Descentralizado del Guayas, en sesi\u00f3n ordinaria, resolvi\u00f3 por unanimidad de los Consejeros presentes, aprobar el texto y la suscripci\u00f3n.&nbsp;<\/p>\n\n\n\n<p>&nbsp;\u201c(\u2026) La implementaci\u00f3n del programa \u2018Guayas Pueblos de Colores\u2019 pretende revalorizar el orgullo guayasense potencializando los diferentes sectores culturales, tur\u00edsticos, sociales, productivo, ambiental, tecnol\u00f3gico y as\u00ed fomentar el desarrollo de nuestras comunidades rurales (\u2026)\u201d.<\/p>\n\n\n\n<div class=\"wp-block-image\"><figure class=\"aligncenter size-full\"><img decoding=\"async\" width=\"2000\" height=\"1333\" src=\"http:\/\/www.uartes.edu.ec\/sitio\/wp-content\/uploads\/2021\/06\/CONVENIO-UARTES-PREFECTURA-3.jpg.jpg\" alt=\"\" class=\"wp-image-14013\" srcset=\"https:\/\/www.uartes.edu.ec\/sitio\/wp-content\/uploads\/2021\/06\/CONVENIO-UARTES-PREFECTURA-3.jpg.jpg 2000w, https:\/\/www.uartes.edu.ec\/sitio\/wp-content\/uploads\/2021\/06\/CONVENIO-UARTES-PREFECTURA-3.jpg-300x200.jpg 300w, https:\/\/www.uartes.edu.ec\/sitio\/wp-content\/uploads\/2021\/06\/CONVENIO-UARTES-PREFECTURA-3.jpg-644x429.jpg 644w, https:\/\/www.uartes.edu.ec\/sitio\/wp-content\/uploads\/2021\/06\/CONVENIO-UARTES-PREFECTURA-3.jpg-768x512.jpg 768w, https:\/\/www.uartes.edu.ec\/sitio\/wp-content\/uploads\/2021\/06\/CONVENIO-UARTES-PREFECTURA-3.jpg-1536x1024.jpg 1536w, https:\/\/www.uartes.edu.ec\/sitio\/wp-content\/uploads\/2021\/06\/CONVENIO-UARTES-PREFECTURA-3.jpg-16x12.jpg 16w, https:\/\/www.uartes.edu.ec\/sitio\/wp-content\/uploads\/2021\/06\/CONVENIO-UARTES-PREFECTURA-3.jpg-600x400.jpg 600w, https:\/\/www.uartes.edu.ec\/sitio\/wp-content\/uploads\/2021\/06\/CONVENIO-UARTES-PREFECTURA-3.jpg-400x267.jpg 400w, https:\/\/www.uartes.edu.ec\/sitio\/wp-content\/uploads\/2021\/06\/CONVENIO-UARTES-PREFECTURA-3.jpg-272x182.jpg 272w\" sizes=\"(max-width: 2000px) 100vw, 2000px\" \/><\/figure><\/div>\n\n\n\n<p>Entre otros puntos, en el convenio la UArtes se comprometi\u00f3 a:<\/p>\n\n\n\n<ul class=\"wp-block-list\"><li>Aportar y coordinar con los\/las estudiantes para la realizaci\u00f3n de los proyectos en los que estar\u00e1n articulados.<\/li><li>Realizar convocatoria y participaci\u00f3n de las\/los estudiantes efectuando pr\u00e1cticas preprofesionales y graduados con perfiles id\u00f3neos para la ejecuci\u00f3n de los procesos.<\/li><li>Seleccionar a las\/los estudiantes de las carreras de: Artes Visuales, Cine, Literatura, Danza y Creaci\u00f3n Teatral para realizar acciones en conjunto, que incluyen la intervenci\u00f3n de murales, talleres de danza y teatro, registro de patrimonio cultural inmaterial y registro audiovisual del proyecto.<\/li><li>Seleccionar a los docentes que estar\u00e1n involucrados en los procesos a desarrollarse.<\/li><li>Efectuar hoja de ruta, para trabajar de una forma m\u00e1s directa en los lugares seleccionados.<\/li><li>Dise\u00f1ar y pintar los 41 murales en los lugares de las zonas rurales escogidos dentro de la provincia del Guayas.<\/li><li>Desarrollar talleres de danza y teatro de 24 horas de duraci\u00f3n cada uno durante 3 meses.<\/li><li>Elaborar registro del Patrimonio Cultural Inmaterial en coordinaci\u00f3n directa con la Subdirecci\u00f3n de Cultura de la Prefectura del Guayas.<\/li><li>Realizar productos audiovisuales (1 corto documental de 5 minutos sobre la realizaci\u00f3n del proyecto, 1 video de 1 minuto con rostros de beneficiarios del proyecto, dirigido a la difusi\u00f3n en redes sociales), que ser\u00e1n definidos en conjunto entre la Coordinaci\u00f3n de Desarrollo Sostenible y la Direcci\u00f3n de Acci\u00f3n Social y Educaci\u00f3n, que adem\u00e1s generar\u00e1 el nexo con el Instituto Nacional de Patrimonio Cultural.\u00a0<\/li><\/ul>\n\n\n\n<p>Ambas instituciones tendr\u00e1n reuniones de trabajo para revisar los avances de cada fase. La periodicidad de las reuniones se establecer\u00e1 una vez iniciado el proyecto.<\/p>","protected":false},"excerpt":{"rendered":"<p>La Universidad de las Artes y la Prefectura del Guayas firmaron este martes 1 de junio de 2021 un Convenio de Cooperaci\u00f3n Interinstitucional, enmarcado en el programa \u201cGuayas Pueblos de Colores\u201d para el cual esta instituci\u00f3n de educaci\u00f3n superior p\u00fablica propone implementar procesos participativos de arte y cultura, focalizados en teatro, danza, artes visuales y muralismo, con registro documental y de patrimonio cultural en el sector rural de la provincia.<\/p>","protected":false},"author":10,"featured_media":14015,"comment_status":"open","ping_status":"open","sticky":false,"template":"","format":"standard","meta":{"_acf_changed":false,"_uag_custom_page_level_css":"","_monsterinsights_skip_tracking":false,"_monsterinsights_sitenote_active":false,"_monsterinsights_sitenote_note":"","_monsterinsights_sitenote_category":0,"cybocfi_hide_featured_image":"","footnotes":""},"categories":[77,84,79],"tags":[405],"infouartes":[],"class_list":["post-14011","post","type-post","status-publish","format-standard","has-post-thumbnail","hentry","category-gestion","category-rectorado","category-vinculo","tag-william-herrera"],"acf":[],"yoast_head":"<!-- This site is optimized with the Yoast SEO plugin v27.4 - https:\/\/yoast.com\/product\/yoast-seo-wordpress\/ -->\n<title>Universidad de las Artes - La UArtes y la Prefectura firman convenio como parte del programa \u201cGuayas Pueblos de Colores\u201d<\/title>\n<meta name=\"description\" content=\"Universidad de las Artes - La UArtes y la Prefectura firman convenio como parte del programa \u201cGuayas Pueblos de Colores\u201d\" \/>\n<meta name=\"robots\" content=\"index, follow, max-snippet:-1, max-image-preview:large, max-video-preview:-1\" \/>\n<link rel=\"canonical\" href=\"https:\/\/www.uartes.edu.ec\/sitio\/fr\/blog\/2021\/06\/03\/la-uartes-y-la-prefectura-firman-convenio-como-parte-del-programa-guayas-pueblos-de-colores\/\" \/>\n<meta property=\"og:locale\" content=\"fr_FR\" \/>\n<meta property=\"og:type\" content=\"article\" \/>\n<meta property=\"og:title\" content=\"Universidad de las Artes - La UArtes y la Prefectura firman convenio como parte del programa \u201cGuayas Pueblos de Colores\u201d\" \/>\n<meta property=\"og:description\" content=\"Universidad de las Artes - La UArtes y la Prefectura firman convenio como parte del programa \u201cGuayas Pueblos de Colores\u201d\" \/>\n<meta property=\"og:url\" content=\"https:\/\/www.uartes.edu.ec\/sitio\/fr\/blog\/2021\/06\/03\/la-uartes-y-la-prefectura-firman-convenio-como-parte-del-programa-guayas-pueblos-de-colores\/\" \/>\n<meta property=\"og:site_name\" content=\"Universidad de las Artes\" \/>\n<meta property=\"article:publisher\" content=\"https:\/\/www.facebook.com\/uartesec\" \/>\n<meta property=\"article:published_time\" content=\"2021-06-02T20:54:00+00:00\" \/>\n<meta property=\"article:modified_time\" content=\"2024-07-04T16:27:12+00:00\" \/>\n<meta property=\"og:image\" content=\"https:\/\/www.uartes.edu.ec\/sitio\/wp-content\/uploads\/2021\/06\/CONVENIO-UARTES-PREFECTURA-5.jpg.jpg\" \/>\n\t<meta property=\"og:image:width\" content=\"2000\" \/>\n\t<meta property=\"og:image:height\" content=\"1333\" \/>\n\t<meta property=\"og:image:type\" content=\"image\/jpeg\" \/>\n<meta name=\"author\" content=\"ccortez\" \/>\n<meta name=\"twitter:card\" content=\"summary_large_image\" \/>\n<meta name=\"twitter:creator\" content=\"@uartesec\" \/>\n<meta name=\"twitter:site\" content=\"@uartesec\" \/>\n<meta name=\"twitter:label1\" content=\"\u00c9crit par\" \/>\n\t<meta name=\"twitter:data1\" content=\"ccortez\" \/>\n\t<meta name=\"twitter:label2\" content=\"Dur\u00e9e de lecture estim\u00e9e\" \/>\n\t<meta name=\"twitter:data2\" content=\"6 minutes\" \/>\n<script type=\"application\/ld+json\" class=\"yoast-schema-graph\">{\"@context\":\"https:\\\/\\\/schema.org\",\"@graph\":[{\"@type\":\"Article\",\"@id\":\"https:\\\/\\\/www.uartes.edu.ec\\\/sitio\\\/fr\\\/blog\\\/2021\\\/06\\\/03\\\/la-uartes-y-la-prefectura-firman-convenio-como-parte-del-programa-guayas-pueblos-de-colores\\\/#article\",\"isPartOf\":{\"@id\":\"https:\\\/\\\/www.uartes.edu.ec\\\/sitio\\\/fr\\\/blog\\\/2021\\\/06\\\/03\\\/la-uartes-y-la-prefectura-firman-convenio-como-parte-del-programa-guayas-pueblos-de-colores\\\/\"},\"author\":{\"name\":\"ccortez\",\"@id\":\"https:\\\/\\\/www.uartes.edu.ec\\\/sitio\\\/fr\\\/#\\\/schema\\\/person\\\/efa1b8275797664fd7f13a79ccc0b1f4\"},\"headline\":\"La UArtes y la Prefectura firman convenio como parte del programa \u201cGuayas Pueblos de Colores\u201d\",\"datePublished\":\"2021-06-02T20:54:00+00:00\",\"dateModified\":\"2024-07-04T16:27:12+00:00\",\"mainEntityOfPage\":{\"@id\":\"https:\\\/\\\/www.uartes.edu.ec\\\/sitio\\\/fr\\\/blog\\\/2021\\\/06\\\/03\\\/la-uartes-y-la-prefectura-firman-convenio-como-parte-del-programa-guayas-pueblos-de-colores\\\/\"},\"wordCount\":1154,\"commentCount\":0,\"publisher\":{\"@id\":\"https:\\\/\\\/www.uartes.edu.ec\\\/sitio\\\/fr\\\/#organization\"},\"image\":{\"@id\":\"https:\\\/\\\/www.uartes.edu.ec\\\/sitio\\\/fr\\\/blog\\\/2021\\\/06\\\/03\\\/la-uartes-y-la-prefectura-firman-convenio-como-parte-del-programa-guayas-pueblos-de-colores\\\/#primaryimage\"},\"thumbnailUrl\":\"https:\\\/\\\/www.uartes.edu.ec\\\/sitio\\\/wp-content\\\/uploads\\\/2021\\\/06\\\/CONVENIO-UARTES-PREFECTURA-5.jpg.jpg\",\"keywords\":[\"William Herrera\"],\"articleSection\":[\"Gesti\u00f3n\",\"Rectorado\",\"V\u00ednculo\"],\"inLanguage\":\"fr-FR\",\"potentialAction\":[{\"@type\":\"CommentAction\",\"name\":\"Comment\",\"target\":[\"https:\\\/\\\/www.uartes.edu.ec\\\/sitio\\\/fr\\\/blog\\\/2021\\\/06\\\/03\\\/la-uartes-y-la-prefectura-firman-convenio-como-parte-del-programa-guayas-pueblos-de-colores\\\/#respond\"]}]},{\"@type\":[\"WebPage\",\"ItemPage\"],\"@id\":\"https:\\\/\\\/www.uartes.edu.ec\\\/sitio\\\/fr\\\/blog\\\/2021\\\/06\\\/03\\\/la-uartes-y-la-prefectura-firman-convenio-como-parte-del-programa-guayas-pueblos-de-colores\\\/\",\"url\":\"https:\\\/\\\/www.uartes.edu.ec\\\/sitio\\\/fr\\\/blog\\\/2021\\\/06\\\/03\\\/la-uartes-y-la-prefectura-firman-convenio-como-parte-del-programa-guayas-pueblos-de-colores\\\/\",\"name\":\"Universidad de las Artes - La UArtes y la Prefectura firman convenio como parte del programa \u201cGuayas Pueblos de Colores\u201d\",\"isPartOf\":{\"@id\":\"https:\\\/\\\/www.uartes.edu.ec\\\/sitio\\\/fr\\\/#website\"},\"primaryImageOfPage\":{\"@id\":\"https:\\\/\\\/www.uartes.edu.ec\\\/sitio\\\/fr\\\/blog\\\/2021\\\/06\\\/03\\\/la-uartes-y-la-prefectura-firman-convenio-como-parte-del-programa-guayas-pueblos-de-colores\\\/#primaryimage\"},\"image\":{\"@id\":\"https:\\\/\\\/www.uartes.edu.ec\\\/sitio\\\/fr\\\/blog\\\/2021\\\/06\\\/03\\\/la-uartes-y-la-prefectura-firman-convenio-como-parte-del-programa-guayas-pueblos-de-colores\\\/#primaryimage\"},\"thumbnailUrl\":\"https:\\\/\\\/www.uartes.edu.ec\\\/sitio\\\/wp-content\\\/uploads\\\/2021\\\/06\\\/CONVENIO-UARTES-PREFECTURA-5.jpg.jpg\",\"datePublished\":\"2021-06-02T20:54:00+00:00\",\"dateModified\":\"2024-07-04T16:27:12+00:00\",\"description\":\"Universidad de las Artes - La UArtes y la Prefectura firman convenio como parte del programa \u201cGuayas Pueblos de Colores\u201d\",\"breadcrumb\":{\"@id\":\"https:\\\/\\\/www.uartes.edu.ec\\\/sitio\\\/fr\\\/blog\\\/2021\\\/06\\\/03\\\/la-uartes-y-la-prefectura-firman-convenio-como-parte-del-programa-guayas-pueblos-de-colores\\\/#breadcrumb\"},\"inLanguage\":\"fr-FR\",\"potentialAction\":[{\"@type\":\"ReadAction\",\"target\":[\"https:\\\/\\\/www.uartes.edu.ec\\\/sitio\\\/fr\\\/blog\\\/2021\\\/06\\\/03\\\/la-uartes-y-la-prefectura-firman-convenio-como-parte-del-programa-guayas-pueblos-de-colores\\\/\"]}]},{\"@type\":\"ImageObject\",\"inLanguage\":\"fr-FR\",\"@id\":\"https:\\\/\\\/www.uartes.edu.ec\\\/sitio\\\/fr\\\/blog\\\/2021\\\/06\\\/03\\\/la-uartes-y-la-prefectura-firman-convenio-como-parte-del-programa-guayas-pueblos-de-colores\\\/#primaryimage\",\"url\":\"https:\\\/\\\/www.uartes.edu.ec\\\/sitio\\\/wp-content\\\/uploads\\\/2021\\\/06\\\/CONVENIO-UARTES-PREFECTURA-5.jpg.jpg\",\"contentUrl\":\"https:\\\/\\\/www.uartes.edu.ec\\\/sitio\\\/wp-content\\\/uploads\\\/2021\\\/06\\\/CONVENIO-UARTES-PREFECTURA-5.jpg.jpg\",\"width\":2000,\"height\":1333},{\"@type\":\"BreadcrumbList\",\"@id\":\"https:\\\/\\\/www.uartes.edu.ec\\\/sitio\\\/fr\\\/blog\\\/2021\\\/06\\\/03\\\/la-uartes-y-la-prefectura-firman-convenio-como-parte-del-programa-guayas-pueblos-de-colores\\\/#breadcrumb\",\"itemListElement\":[{\"@type\":\"ListItem\",\"position\":1,\"name\":\"Inicio\",\"item\":\"https:\\\/\\\/www.uartes.edu.ec\\\/sitio\\\/\"},{\"@type\":\"ListItem\",\"position\":2,\"name\":\"La UArtes y la Prefectura firman convenio como parte del programa \u201cGuayas Pueblos de Colores\u201d\"}]},{\"@type\":\"WebSite\",\"@id\":\"https:\\\/\\\/www.uartes.edu.ec\\\/sitio\\\/fr\\\/#website\",\"url\":\"https:\\\/\\\/www.uartes.edu.ec\\\/sitio\\\/fr\\\/\",\"name\":\"Universidad de las Artes\",\"description\":\"Sitio oficial de la Universidad Nacional de las Artes del Ecuador\",\"publisher\":{\"@id\":\"https:\\\/\\\/www.uartes.edu.ec\\\/sitio\\\/fr\\\/#organization\"},\"potentialAction\":[{\"@type\":\"SearchAction\",\"target\":{\"@type\":\"EntryPoint\",\"urlTemplate\":\"https:\\\/\\\/www.uartes.edu.ec\\\/sitio\\\/fr\\\/?s={search_term_string}\"},\"query-input\":{\"@type\":\"PropertyValueSpecification\",\"valueRequired\":true,\"valueName\":\"search_term_string\"}}],\"inLanguage\":\"fr-FR\"},{\"@type\":\"Organization\",\"@id\":\"https:\\\/\\\/www.uartes.edu.ec\\\/sitio\\\/fr\\\/#organization\",\"name\":\"Universidad de las Artes\",\"url\":\"https:\\\/\\\/www.uartes.edu.ec\\\/sitio\\\/fr\\\/\",\"logo\":{\"@type\":\"ImageObject\",\"inLanguage\":\"fr-FR\",\"@id\":\"https:\\\/\\\/www.uartes.edu.ec\\\/sitio\\\/fr\\\/#\\\/schema\\\/logo\\\/image\\\/\",\"url\":\"https:\\\/\\\/www.uartes.edu.ec\\\/sitio\\\/wp-content\\\/uploads\\\/2022\\\/07\\\/logo-ua-horizontal.png\",\"contentUrl\":\"https:\\\/\\\/www.uartes.edu.ec\\\/sitio\\\/wp-content\\\/uploads\\\/2022\\\/07\\\/logo-ua-horizontal.png\",\"width\":800,\"height\":276,\"caption\":\"Universidad de las Artes\"},\"image\":{\"@id\":\"https:\\\/\\\/www.uartes.edu.ec\\\/sitio\\\/fr\\\/#\\\/schema\\\/logo\\\/image\\\/\"},\"sameAs\":[\"https:\\\/\\\/www.facebook.com\\\/uartesec\",\"https:\\\/\\\/x.com\\\/uartesec\",\"https:\\\/\\\/www.tiktok.com\\\/@uartesec\"]},{\"@type\":\"Person\",\"@id\":\"https:\\\/\\\/www.uartes.edu.ec\\\/sitio\\\/fr\\\/#\\\/schema\\\/person\\\/efa1b8275797664fd7f13a79ccc0b1f4\",\"name\":\"ccortez\",\"image\":{\"@type\":\"ImageObject\",\"inLanguage\":\"fr-FR\",\"@id\":\"https:\\\/\\\/secure.gravatar.com\\\/avatar\\\/b2a6f664a3ae8e074346ef91775736c5ec479e637ecced6842de9dc98b5da9cd?s=96&d=mm&r=g\",\"url\":\"https:\\\/\\\/secure.gravatar.com\\\/avatar\\\/b2a6f664a3ae8e074346ef91775736c5ec479e637ecced6842de9dc98b5da9cd?s=96&d=mm&r=g\",\"contentUrl\":\"https:\\\/\\\/secure.gravatar.com\\\/avatar\\\/b2a6f664a3ae8e074346ef91775736c5ec479e637ecced6842de9dc98b5da9cd?s=96&d=mm&r=g\",\"caption\":\"ccortez\"},\"url\":\"https:\\\/\\\/www.uartes.edu.ec\\\/sitio\\\/fr\\\/blog\\\/author\\\/ccortez\\\/\"}]}<\/script>\n<!-- \/ Yoast SEO plugin. -->","yoast_head_json":{"title":"Universidad de las Artes - La UArtes y la Prefectura firman convenio como parte del programa \u201cGuayas Pueblos de Colores\u201d","description":"Universidad de las Artes - La UArtes y la Prefectura firman convenio como parte del programa \u201cGuayas Pueblos de Colores\u201d","robots":{"index":"index","follow":"follow","max-snippet":"max-snippet:-1","max-image-preview":"max-image-preview:large","max-video-preview":"max-video-preview:-1"},"canonical":"https:\/\/www.uartes.edu.ec\/sitio\/fr\/blog\/2021\/06\/03\/la-uartes-y-la-prefectura-firman-convenio-como-parte-del-programa-guayas-pueblos-de-colores\/","og_locale":"fr_FR","og_type":"article","og_title":"Universidad de las Artes - La UArtes y la Prefectura firman convenio como parte del programa \u201cGuayas Pueblos de Colores\u201d","og_description":"Universidad de las Artes - La UArtes y la Prefectura firman convenio como parte del programa \u201cGuayas Pueblos de Colores\u201d","og_url":"https:\/\/www.uartes.edu.ec\/sitio\/fr\/blog\/2021\/06\/03\/la-uartes-y-la-prefectura-firman-convenio-como-parte-del-programa-guayas-pueblos-de-colores\/","og_site_name":"Universidad de las Artes","article_publisher":"https:\/\/www.facebook.com\/uartesec","article_published_time":"2021-06-02T20:54:00+00:00","article_modified_time":"2024-07-04T16:27:12+00:00","og_image":[{"width":2000,"height":1333,"url":"https:\/\/www.uartes.edu.ec\/sitio\/wp-content\/uploads\/2021\/06\/CONVENIO-UARTES-PREFECTURA-5.jpg.jpg","type":"image\/jpeg"}],"author":"ccortez","twitter_card":"summary_large_image","twitter_creator":"@uartesec","twitter_site":"@uartesec","twitter_misc":{"\u00c9crit par":"ccortez","Dur\u00e9e de lecture estim\u00e9e":"6 minutes"},"schema":{"@context":"https:\/\/schema.org","@graph":[{"@type":"Article","@id":"https:\/\/www.uartes.edu.ec\/sitio\/fr\/blog\/2021\/06\/03\/la-uartes-y-la-prefectura-firman-convenio-como-parte-del-programa-guayas-pueblos-de-colores\/#article","isPartOf":{"@id":"https:\/\/www.uartes.edu.ec\/sitio\/fr\/blog\/2021\/06\/03\/la-uartes-y-la-prefectura-firman-convenio-como-parte-del-programa-guayas-pueblos-de-colores\/"},"author":{"name":"ccortez","@id":"https:\/\/www.uartes.edu.ec\/sitio\/fr\/#\/schema\/person\/efa1b8275797664fd7f13a79ccc0b1f4"},"headline":"La UArtes y la Prefectura firman convenio como parte del programa \u201cGuayas Pueblos de Colores\u201d","datePublished":"2021-06-02T20:54:00+00:00","dateModified":"2024-07-04T16:27:12+00:00","mainEntityOfPage":{"@id":"https:\/\/www.uartes.edu.ec\/sitio\/fr\/blog\/2021\/06\/03\/la-uartes-y-la-prefectura-firman-convenio-como-parte-del-programa-guayas-pueblos-de-colores\/"},"wordCount":1154,"commentCount":0,"publisher":{"@id":"https:\/\/www.uartes.edu.ec\/sitio\/fr\/#organization"},"image":{"@id":"https:\/\/www.uartes.edu.ec\/sitio\/fr\/blog\/2021\/06\/03\/la-uartes-y-la-prefectura-firman-convenio-como-parte-del-programa-guayas-pueblos-de-colores\/#primaryimage"},"thumbnailUrl":"https:\/\/www.uartes.edu.ec\/sitio\/wp-content\/uploads\/2021\/06\/CONVENIO-UARTES-PREFECTURA-5.jpg.jpg","keywords":["William Herrera"],"articleSection":["Gesti\u00f3n","Rectorado","V\u00ednculo"],"inLanguage":"fr-FR","potentialAction":[{"@type":"CommentAction","name":"Comment","target":["https:\/\/www.uartes.edu.ec\/sitio\/fr\/blog\/2021\/06\/03\/la-uartes-y-la-prefectura-firman-convenio-como-parte-del-programa-guayas-pueblos-de-colores\/#respond"]}]},{"@type":["WebPage","ItemPage"],"@id":"https:\/\/www.uartes.edu.ec\/sitio\/fr\/blog\/2021\/06\/03\/la-uartes-y-la-prefectura-firman-convenio-como-parte-del-programa-guayas-pueblos-de-colores\/","url":"https:\/\/www.uartes.edu.ec\/sitio\/fr\/blog\/2021\/06\/03\/la-uartes-y-la-prefectura-firman-convenio-como-parte-del-programa-guayas-pueblos-de-colores\/","name":"Universidad de las Artes - La UArtes y la Prefectura firman convenio como parte del programa \u201cGuayas Pueblos de Colores\u201d","isPartOf":{"@id":"https:\/\/www.uartes.edu.ec\/sitio\/fr\/#website"},"primaryImageOfPage":{"@id":"https:\/\/www.uartes.edu.ec\/sitio\/fr\/blog\/2021\/06\/03\/la-uartes-y-la-prefectura-firman-convenio-como-parte-del-programa-guayas-pueblos-de-colores\/#primaryimage"},"image":{"@id":"https:\/\/www.uartes.edu.ec\/sitio\/fr\/blog\/2021\/06\/03\/la-uartes-y-la-prefectura-firman-convenio-como-parte-del-programa-guayas-pueblos-de-colores\/#primaryimage"},"thumbnailUrl":"https:\/\/www.uartes.edu.ec\/sitio\/wp-content\/uploads\/2021\/06\/CONVENIO-UARTES-PREFECTURA-5.jpg.jpg","datePublished":"2021-06-02T20:54:00+00:00","dateModified":"2024-07-04T16:27:12+00:00","description":"Universidad de las Artes - La UArtes y la Prefectura firman convenio como parte del programa \u201cGuayas Pueblos de Colores\u201d","breadcrumb":{"@id":"https:\/\/www.uartes.edu.ec\/sitio\/fr\/blog\/2021\/06\/03\/la-uartes-y-la-prefectura-firman-convenio-como-parte-del-programa-guayas-pueblos-de-colores\/#breadcrumb"},"inLanguage":"fr-FR","potentialAction":[{"@type":"ReadAction","target":["https:\/\/www.uartes.edu.ec\/sitio\/fr\/blog\/2021\/06\/03\/la-uartes-y-la-prefectura-firman-convenio-como-parte-del-programa-guayas-pueblos-de-colores\/"]}]},{"@type":"ImageObject","inLanguage":"fr-FR","@id":"https:\/\/www.uartes.edu.ec\/sitio\/fr\/blog\/2021\/06\/03\/la-uartes-y-la-prefectura-firman-convenio-como-parte-del-programa-guayas-pueblos-de-colores\/#primaryimage","url":"https:\/\/www.uartes.edu.ec\/sitio\/wp-content\/uploads\/2021\/06\/CONVENIO-UARTES-PREFECTURA-5.jpg.jpg","contentUrl":"https:\/\/www.uartes.edu.ec\/sitio\/wp-content\/uploads\/2021\/06\/CONVENIO-UARTES-PREFECTURA-5.jpg.jpg","width":2000,"height":1333},{"@type":"BreadcrumbList","@id":"https:\/\/www.uartes.edu.ec\/sitio\/fr\/blog\/2021\/06\/03\/la-uartes-y-la-prefectura-firman-convenio-como-parte-del-programa-guayas-pueblos-de-colores\/#breadcrumb","itemListElement":[{"@type":"ListItem","position":1,"name":"Inicio","item":"https:\/\/www.uartes.edu.ec\/sitio\/"},{"@type":"ListItem","position":2,"name":"La UArtes y la Prefectura firman convenio como parte del programa \u201cGuayas Pueblos de Colores\u201d"}]},{"@type":"WebSite","@id":"https:\/\/www.uartes.edu.ec\/sitio\/fr\/#website","url":"https:\/\/www.uartes.edu.ec\/sitio\/fr\/","name":"Universidad de las Artes","description":"Sitio oficial de la Universidad Nacional de las Artes del Ecuador","publisher":{"@id":"https:\/\/www.uartes.edu.ec\/sitio\/fr\/#organization"},"potentialAction":[{"@type":"SearchAction","target":{"@type":"EntryPoint","urlTemplate":"https:\/\/www.uartes.edu.ec\/sitio\/fr\/?s={search_term_string}"},"query-input":{"@type":"PropertyValueSpecification","valueRequired":true,"valueName":"search_term_string"}}],"inLanguage":"fr-FR"},{"@type":"Organization","@id":"https:\/\/www.uartes.edu.ec\/sitio\/fr\/#organization","name":"Universidad de las Artes","url":"https:\/\/www.uartes.edu.ec\/sitio\/fr\/","logo":{"@type":"ImageObject","inLanguage":"fr-FR","@id":"https:\/\/www.uartes.edu.ec\/sitio\/fr\/#\/schema\/logo\/image\/","url":"https:\/\/www.uartes.edu.ec\/sitio\/wp-content\/uploads\/2022\/07\/logo-ua-horizontal.png","contentUrl":"https:\/\/www.uartes.edu.ec\/sitio\/wp-content\/uploads\/2022\/07\/logo-ua-horizontal.png","width":800,"height":276,"caption":"Universidad de las Artes"},"image":{"@id":"https:\/\/www.uartes.edu.ec\/sitio\/fr\/#\/schema\/logo\/image\/"},"sameAs":["https:\/\/www.facebook.com\/uartesec","https:\/\/x.com\/uartesec","https:\/\/www.tiktok.com\/@uartesec"]},{"@type":"Person","@id":"https:\/\/www.uartes.edu.ec\/sitio\/fr\/#\/schema\/person\/efa1b8275797664fd7f13a79ccc0b1f4","name":"ccortez","image":{"@type":"ImageObject","inLanguage":"fr-FR","@id":"https:\/\/secure.gravatar.com\/avatar\/b2a6f664a3ae8e074346ef91775736c5ec479e637ecced6842de9dc98b5da9cd?s=96&d=mm&r=g","url":"https:\/\/secure.gravatar.com\/avatar\/b2a6f664a3ae8e074346ef91775736c5ec479e637ecced6842de9dc98b5da9cd?s=96&d=mm&r=g","contentUrl":"https:\/\/secure.gravatar.com\/avatar\/b2a6f664a3ae8e074346ef91775736c5ec479e637ecced6842de9dc98b5da9cd?s=96&d=mm&r=g","caption":"ccortez"},"url":"https:\/\/www.uartes.edu.ec\/sitio\/fr\/blog\/author\/ccortez\/"}]}},"uagb_featured_image_src":{"full":["https:\/\/www.uartes.edu.ec\/sitio\/wp-content\/uploads\/2021\/06\/CONVENIO-UARTES-PREFECTURA-5.jpg.jpg",2000,1333,false],"thumbnail":["https:\/\/www.uartes.edu.ec\/sitio\/wp-content\/uploads\/2021\/06\/CONVENIO-UARTES-PREFECTURA-5.jpg-150x150.jpg",150,150,true],"medium":["https:\/\/www.uartes.edu.ec\/sitio\/wp-content\/uploads\/2021\/06\/CONVENIO-UARTES-PREFECTURA-5.jpg-300x200.jpg",300,200,true],"medium_large":["https:\/\/www.uartes.edu.ec\/sitio\/wp-content\/uploads\/2021\/06\/CONVENIO-UARTES-PREFECTURA-5.jpg-768x512.jpg",768,512,true],"large":["https:\/\/www.uartes.edu.ec\/sitio\/wp-content\/uploads\/2021\/06\/CONVENIO-UARTES-PREFECTURA-5.jpg-644x429.jpg",644,429,true],"1536x1536":["https:\/\/www.uartes.edu.ec\/sitio\/wp-content\/uploads\/2021\/06\/CONVENIO-UARTES-PREFECTURA-5.jpg-1536x1024.jpg",1536,1024,true],"2048x2048":["https:\/\/www.uartes.edu.ec\/sitio\/wp-content\/uploads\/2021\/06\/CONVENIO-UARTES-PREFECTURA-5.jpg.jpg",2000,1333,false],"trp-custom-language-flag":["https:\/\/www.uartes.edu.ec\/sitio\/wp-content\/uploads\/2021\/06\/CONVENIO-UARTES-PREFECTURA-5.jpg-16x12.jpg",16,12,true],"htmega_size_585x295":["https:\/\/www.uartes.edu.ec\/sitio\/wp-content\/uploads\/2021\/06\/CONVENIO-UARTES-PREFECTURA-5.jpg-585x295.jpg",585,295,true],"htmega_size_1170x536":["https:\/\/www.uartes.edu.ec\/sitio\/wp-content\/uploads\/2021\/06\/CONVENIO-UARTES-PREFECTURA-5.jpg-1170x536.jpg",1170,536,true],"htmega_size_396x360":["https:\/\/www.uartes.edu.ec\/sitio\/wp-content\/uploads\/2021\/06\/CONVENIO-UARTES-PREFECTURA-5.jpg-396x360.jpg",396,360,true],"gb-block-post-grid-landscape":["https:\/\/www.uartes.edu.ec\/sitio\/wp-content\/uploads\/2021\/06\/CONVENIO-UARTES-PREFECTURA-5.jpg.jpg",600,400,false],"gb-block-post-grid-square":["https:\/\/www.uartes.edu.ec\/sitio\/wp-content\/uploads\/2021\/06\/CONVENIO-UARTES-PREFECTURA-5.jpg.jpg",600,400,false],"university-hub-thumb":["https:\/\/www.uartes.edu.ec\/sitio\/wp-content\/uploads\/2021\/06\/CONVENIO-UARTES-PREFECTURA-5.jpg-400x267.jpg",400,267,true]},"uagb_author_info":{"display_name":"ccortez","author_link":"https:\/\/www.uartes.edu.ec\/sitio\/fr\/blog\/author\/ccortez\/"},"uagb_comment_info":0,"uagb_excerpt":"La Universidad de las Artes y la Prefectura del Guayas firmaron este martes 1 de junio de 2021 un Convenio de Cooperaci\u00f3n Interinstitucional, enmarcado en el programa \u201cGuayas Pueblos de Colores\u201d para el cual esta instituci\u00f3n de educaci\u00f3n superior p\u00fablica propone implementar procesos participativos de arte y cultura, focalizados en teatro, danza, artes visuales y\u2026","featured_image_src":"https:\/\/www.uartes.edu.ec\/sitio\/wp-content\/uploads\/2021\/06\/CONVENIO-UARTES-PREFECTURA-5.jpg.jpg","featured_image_src_square":"https:\/\/www.uartes.edu.ec\/sitio\/wp-content\/uploads\/2021\/06\/CONVENIO-UARTES-PREFECTURA-5.jpg.jpg","author_info":{"display_name":"ccortez","author_link":"https:\/\/www.uartes.edu.ec\/sitio\/fr\/blog\/author\/ccortez\/"},"publishpress_future_workflow_manual_trigger":{"enabledWorkflows":[]},"distributor_meta":false,"distributor_terms":false,"distributor_media":false,"distributor_original_site_name":"Universidad de las Artes","distributor_original_site_url":"https:\/\/www.uartes.edu.ec\/sitio\/fr","push-errors":false,"_links":{"self":[{"href":"https:\/\/www.uartes.edu.ec\/sitio\/fr\/wp-json\/wp\/v2\/posts\/14011","targetHints":{"allow":["GET"]}}],"collection":[{"href":"https:\/\/www.uartes.edu.ec\/sitio\/fr\/wp-json\/wp\/v2\/posts"}],"about":[{"href":"https:\/\/www.uartes.edu.ec\/sitio\/fr\/wp-json\/wp\/v2\/types\/post"}],"author":[{"embeddable":true,"href":"https:\/\/www.uartes.edu.ec\/sitio\/fr\/wp-json\/wp\/v2\/users\/10"}],"replies":[{"embeddable":true,"href":"https:\/\/www.uartes.edu.ec\/sitio\/fr\/wp-json\/wp\/v2\/comments?post=14011"}],"version-history":[{"count":3,"href":"https:\/\/www.uartes.edu.ec\/sitio\/fr\/wp-json\/wp\/v2\/posts\/14011\/revisions"}],"predecessor-version":[{"id":14021,"href":"https:\/\/www.uartes.edu.ec\/sitio\/fr\/wp-json\/wp\/v2\/posts\/14011\/revisions\/14021"}],"wp:featuredmedia":[{"embeddable":true,"href":"https:\/\/www.uartes.edu.ec\/sitio\/fr\/wp-json\/wp\/v2\/media\/14015"}],"wp:attachment":[{"href":"https:\/\/www.uartes.edu.ec\/sitio\/fr\/wp-json\/wp\/v2\/media?parent=14011"}],"wp:term":[{"taxonomy":"category","embeddable":true,"href":"https:\/\/www.uartes.edu.ec\/sitio\/fr\/wp-json\/wp\/v2\/categories?post=14011"},{"taxonomy":"post_tag","embeddable":true,"href":"https:\/\/www.uartes.edu.ec\/sitio\/fr\/wp-json\/wp\/v2\/tags?post=14011"},{"taxonomy":"infouartes","embeddable":true,"href":"https:\/\/www.uartes.edu.ec\/sitio\/fr\/wp-json\/wp\/v2\/infouartes?post=14011"}],"curies":[{"name":"wp","href":"https:\/\/api.w.org\/{rel}","templated":true}]}}