{"id":14023,"date":"2021-06-03T10:14:00","date_gmt":"2021-06-03T15:14:00","guid":{"rendered":"http:\/\/www.uartes.edu.ec\/sitio\/?p=14023"},"modified":"2024-07-04T11:27:12","modified_gmt":"2024-07-04T16:27:12","slug":"maria-cecilia-velasco-andrade-con-la-palabra-encendida","status":"publish","type":"post","link":"https:\/\/www.uartes.edu.ec\/sitio\/fr\/blog\/2021\/06\/03\/maria-cecilia-velasco-andrade-con-la-palabra-encendida\/","title":{"rendered":"Mar\u00eda Cecilia Velasco con \u201cLa Palabra Encendida\u201d"},"content":{"rendered":"<p>En el a\u00f1o 2014, junto con el Centro Cultural Benjam\u00edn Carri\u00f3n del Municipio de Quito, Cecilia Velasco, escritora y actual docente de la UArtes, se plante\u00f3 la idea de realizar una serie de charlas con diferentes personalidades del mundo de la literatura. Al encontrarse realizando una investigaci\u00f3n acerca de ellos, la propuesta result\u00f3 tentadora, y fue acogida con rapidez.<\/p>\n\n\n\n<p>Con aporte de Ra\u00fal Pacheco y de C\u00e9sar Ch\u00e1vez, bibliotecarios del Centro Cultural, y junto con su director, Leonardo Hidalgo, el programa fue bautizado con el nombre \u201cLa Palabra Encendida\u201d.<\/p>\n\n\n\n<p>La din\u00e1mica del programa se desarrolla alrededor de una entrevista donde se aborda la vida y la obra del autor o de la autora en cuesti\u00f3n. Durante estas sesiones, Cecilia busca exponer a sus entrevistados a una serie de cuadros, obras de arte, videos cortos, as\u00ed como libros. Con esto, se quiere no s\u00f3lo indagar sobre el trabajo del autor o autora, sino tambi\u00e9n generar un di\u00e1logo acerca de diferentes impresiones, percepciones y aspectos de su vida.<\/p>\n\n\n\n<p>Entre los personajes m\u00e1s destacados que se han encontrado en este espacio, est\u00e1n Santiago P\u00e1ez, Javier V\u00e1sconez, Gabriela Alem\u00e1n, Sonia Manzano, Francisco Proa\u00f1o Arandi, e Iv\u00e1n \u00c9g\u00fcez.<\/p>\n\n\n\n<p>Para el a\u00f1o 2018, viviendo en Guayaquil, y ya dentro de la n\u00f3mina de la Universidad de las Artes, Cecilia manten\u00eda su deseo de preservar el programa, esta vez con la Perla del Pac\u00edfico de fondo. Junto a la Comisi\u00f3n Literaria de la Fundaci\u00f3n Sociedad Femenina de Cultura, y al Teatro Centro de Arte, La Palabra Encendida volvi\u00f3 al escenario con una primera entrevista al dise\u00f1ador alem\u00e1n Peter Mussfeldt, el jueves 7 de noviembre de 2019, y una segunda a la historiadora Jenny Estrada, el jueves 12 de diciembre de 2019.<\/p>\n\n\n\n<p>\u201cA m\u00ed no s\u00f3lo me interesa la literatura, sino la cultura. Siempre tengo mucha curiosidad de saber c\u00f3mo es la obra de otros creadores e intelectuales, qu\u00e9 piensan y qu\u00e9 hacen dentro de otras disciplinas\u201d, le cont\u00f3 Cecilia a InfoUArtes.<\/p>\n\n\n\n<p>Entre las responsabilidades de la docente, se encuentra la de guiar a los estudiantes de la Escuela de Literatura para que desarrollen los temas de sus tesis. La clase de Anteproyecto es donde se nutren las ideas, se trabajan y se exponen de un modo que permitan el desarrollo posterior del trabajo de titulaci\u00f3n con m\u00ednimo inconveniente. Como uno de esos estudiantes, no podr\u00eda estar m\u00e1s agradecido por toda la retroalimentaci\u00f3n que recib\u00ed de Cecilia. Mi trabajo de titulaci\u00f3n ser\u00e1 alrededor de la obra del escritor quite\u00f1o Santiago P\u00e1ez, y los comentarios de la profesora sobre \u00e9l me resultaron invaluables para construir y defender mi anteproyecto.<\/p>\n\n\n\n<p>Durante 2020 el programa tuvo menos actividad debido a la pandemia, pero hubo entrevistas destacables, como la realizada a Santiago Rold\u00f3s y Pilar Aranda, ambos actores de teatro, en junio, donde se opt\u00f3 por la transmisi\u00f3n por redes sociales. Tambi\u00e9n se destaca la entrevista realizada a Florencio Compte, arquitecto y decano de la facultad de Arquitectura de la Universidad Cat\u00f3lica Santiago de Guayaquil, en noviembre. Sonia Manzano fue invitada nuevamente a este espacio para compartir visiones sobre su trabajo, aqu\u00ed en Guayaquil. A medida que el a\u00f1o cerraba, el flujo de trabajo se fue recuperando.<\/p>\n\n\n\n<p>Como una an\u00e9cdota graciosa, Cecilia coment\u00f3 a InfoUArtes que la entrevista que le pareci\u00f3 particularmente desafiante fue la que le hizo al actor guayaquile\u00f1o Andr\u00e9s Crespo Arosemena (conocido por producciones ecuatorianas como \u201cSin muertos no hay carnaval\u201d y \u201cEl pescador\u201d), debido a que eran personalidades completamente diferentes. Sin embargo, es una de las que m\u00e1s le ha gustado realizar, dado que muchas de las preguntas que le realiz\u00f3 tuvieron que ver con su infancia y con la relaci\u00f3n con sus padres, y el actor supo compartir experiencias interesantes sobre ambos respectos. Entre los temas tocados en esta entrevista se abord\u00f3 la oralidad, y c\u00f3mo una misma palabra puede tener m\u00faltiples significados dependiendo de quien la dice y cu\u00e1ndo la dice en Guayaquil. \u201cEl guayaquile\u00f1o se construye desde el verbo\u201d, mencion\u00f3 Andr\u00e9s Crespo aquella vez.<\/p>\n\n\n\n<p>Este tipo de perspectivas que nos ofrece un programa como \u201cLa Palabra Encendida\u201d son destacables. Otro ejemplo de esto es la conversaci\u00f3n que sostuvo Cecilia con Mar\u00eda Paulina Briones, escritora y fundadora de La Casa Morada, y actual docente de la UArtes, donde, entre muchas otras cosas, se habl\u00f3 de la importancia de los sellos editoriales independientes, de los riesgos que conlleva la creaci\u00f3n de uno, as\u00ed como de sus puntos de vista acerca de las oportunidades vigentes dentro del mercado cultural. Para aquellos que est\u00e9n pensando en explotar ese nicho, esta informaci\u00f3n resulta tan \u00fatil como interesante.<\/p>\n\n\n\n<p><a><\/a>En el presente a\u00f1o 2021, el programa sigue vigente. Se destaca la participaci\u00f3n de la escritora Mar\u00eda Fernanda Ampuero, as\u00ed como tambi\u00e9n la de Nelsa Curbelo, activista por la paz y escritora uruguayo-ecuatoriana.<\/p>\n\n\n\n<p><a><\/a>Xavier Pati\u00f1o, colega de Cecilia Velasco, artista visual ecuatoriano y actual docente y director de la Escuela de Artes Visuales de la UArtes, fue el \u00faltimo invitado a estas sesiones a la fecha de escribir esta nota. Sus experiencias resultan muy esclarecedoras con respecto a su trabajo art\u00edstico. \u00c9l destac\u00f3, durante la entrevista con Cecilia, la necesidad de que existan m\u00e1s espacios afines a los j\u00f3venes artistas (museos que est\u00e9n dispuestos a dar residencias a estos j\u00f3venes, por ejemplo), definiendo al arte como transmisor de conocimientos.&nbsp;<\/p>\n\n\n\n<p>Para aquellos que deseen revisar estos archivos audiovisuales, les adjuntamos el link de la p\u00e1gina de YouTube del Teatro Centro de Arte. Por el momento, se espera con ans\u00edas la siguiente entrega de La Palabra Encendida.<\/p>\n\n\n\n<p>Texto: Abel Cano Carriel, estudiante de la Escuela de Literatura.<\/p>\n\n\n\n<p>YouTube: <a href=\"https:\/\/www.youtube.com\/c\/tcagye\/videos\">https:\/\/www.youtube.com\/c\/tcagye\/videos<\/a><\/p>","protected":false},"excerpt":{"rendered":"<p>En el a\u00f1o 2014, junto con el Centro Cultural Benjam\u00edn Carri\u00f3n del Municipio de Quito, Mar\u00eda Cecilia Velasco Andrade, escritora y docente de la Universidad de las Artes, se plante\u00f3 la idea de realizar una serie de charlas con diferentes personalidades del mundo de la literatura. Al encontrarse desarrollando una investigaci\u00f3n acerca de ellos, la propuesta result\u00f3 tentadora y fue acogida con rapidez.<\/p>","protected":false},"author":10,"featured_media":13812,"comment_status":"open","ping_status":"open","sticky":false,"template":"","format":"standard","meta":{"_acf_changed":false,"_uag_custom_page_level_css":"","_monsterinsights_skip_tracking":false,"_monsterinsights_sitenote_active":false,"_monsterinsights_sitenote_note":"","_monsterinsights_sitenote_category":0,"cybocfi_hide_featured_image":"","footnotes":""},"categories":[80,75,284],"tags":[],"infouartes":[],"class_list":["post-14023","post","type-post","status-publish","format-standard","has-post-thumbnail","hentry","category-academico","category-docentes","category-investigacion"],"acf":[],"yoast_head":"<!-- This site is optimized with the Yoast SEO plugin v27.4 - https:\/\/yoast.com\/product\/yoast-seo-wordpress\/ -->\n<title>Universidad de las Artes - Mar\u00eda Cecilia Velasco con \u201cLa Palabra Encendida\u201d<\/title>\n<meta name=\"description\" content=\"Universidad de las Artes - Mar\u00eda Cecilia Velasco con \u201cLa Palabra Encendida\u201d\" \/>\n<meta name=\"robots\" content=\"index, follow, max-snippet:-1, max-image-preview:large, max-video-preview:-1\" \/>\n<link rel=\"canonical\" href=\"https:\/\/www.uartes.edu.ec\/sitio\/fr\/blog\/2021\/06\/03\/maria-cecilia-velasco-andrade-con-la-palabra-encendida\/\" \/>\n<meta property=\"og:locale\" content=\"fr_FR\" \/>\n<meta property=\"og:type\" content=\"article\" \/>\n<meta property=\"og:title\" content=\"Universidad de las Artes - Mar\u00eda Cecilia Velasco con \u201cLa Palabra Encendida\u201d\" \/>\n<meta property=\"og:description\" content=\"Universidad de las Artes - Mar\u00eda Cecilia Velasco con \u201cLa Palabra Encendida\u201d\" \/>\n<meta property=\"og:url\" content=\"https:\/\/www.uartes.edu.ec\/sitio\/fr\/blog\/2021\/06\/03\/maria-cecilia-velasco-andrade-con-la-palabra-encendida\/\" \/>\n<meta property=\"og:site_name\" content=\"Universidad de las Artes\" \/>\n<meta property=\"article:publisher\" content=\"https:\/\/www.facebook.com\/uartesec\" \/>\n<meta property=\"article:published_time\" content=\"2021-06-03T15:14:00+00:00\" \/>\n<meta property=\"article:modified_time\" content=\"2024-07-04T16:27:12+00:00\" \/>\n<meta property=\"og:image\" content=\"https:\/\/www.uartes.edu.ec\/sitio\/wp-content\/uploads\/2021\/05\/CECILIA-VELASCO-WEB.jpg\" \/>\n\t<meta property=\"og:image:width\" content=\"1000\" \/>\n\t<meta property=\"og:image:height\" content=\"1000\" \/>\n\t<meta property=\"og:image:type\" content=\"image\/jpeg\" \/>\n<meta name=\"author\" content=\"ccortez\" \/>\n<meta name=\"twitter:card\" content=\"summary_large_image\" \/>\n<meta name=\"twitter:creator\" content=\"@uartesec\" \/>\n<meta name=\"twitter:site\" content=\"@uartesec\" \/>\n<meta name=\"twitter:label1\" content=\"\u00c9crit par\" \/>\n\t<meta name=\"twitter:data1\" content=\"ccortez\" \/>\n\t<meta name=\"twitter:label2\" content=\"Dur\u00e9e de lecture estim\u00e9e\" \/>\n\t<meta name=\"twitter:data2\" content=\"5 minutes\" \/>\n<script type=\"application\/ld+json\" class=\"yoast-schema-graph\">{\"@context\":\"https:\\\/\\\/schema.org\",\"@graph\":[{\"@type\":\"Article\",\"@id\":\"https:\\\/\\\/www.uartes.edu.ec\\\/sitio\\\/fr\\\/blog\\\/2021\\\/06\\\/03\\\/maria-cecilia-velasco-andrade-con-la-palabra-encendida\\\/#article\",\"isPartOf\":{\"@id\":\"https:\\\/\\\/www.uartes.edu.ec\\\/sitio\\\/fr\\\/blog\\\/2021\\\/06\\\/03\\\/maria-cecilia-velasco-andrade-con-la-palabra-encendida\\\/\"},\"author\":{\"name\":\"ccortez\",\"@id\":\"https:\\\/\\\/www.uartes.edu.ec\\\/sitio\\\/fr\\\/#\\\/schema\\\/person\\\/efa1b8275797664fd7f13a79ccc0b1f4\"},\"headline\":\"Mar\u00eda Cecilia Velasco con \u201cLa Palabra Encendida\u201d\",\"datePublished\":\"2021-06-03T15:14:00+00:00\",\"dateModified\":\"2024-07-04T16:27:12+00:00\",\"mainEntityOfPage\":{\"@id\":\"https:\\\/\\\/www.uartes.edu.ec\\\/sitio\\\/fr\\\/blog\\\/2021\\\/06\\\/03\\\/maria-cecilia-velasco-andrade-con-la-palabra-encendida\\\/\"},\"wordCount\":1001,\"commentCount\":0,\"publisher\":{\"@id\":\"https:\\\/\\\/www.uartes.edu.ec\\\/sitio\\\/fr\\\/#organization\"},\"image\":{\"@id\":\"https:\\\/\\\/www.uartes.edu.ec\\\/sitio\\\/fr\\\/blog\\\/2021\\\/06\\\/03\\\/maria-cecilia-velasco-andrade-con-la-palabra-encendida\\\/#primaryimage\"},\"thumbnailUrl\":\"https:\\\/\\\/www.uartes.edu.ec\\\/sitio\\\/wp-content\\\/uploads\\\/2021\\\/05\\\/CECILIA-VELASCO-WEB.jpg\",\"articleSection\":[\"Acad\u00e9mico\",\"Docentes\",\"Investigaci\u00f3n\"],\"inLanguage\":\"fr-FR\",\"potentialAction\":[{\"@type\":\"CommentAction\",\"name\":\"Comment\",\"target\":[\"https:\\\/\\\/www.uartes.edu.ec\\\/sitio\\\/fr\\\/blog\\\/2021\\\/06\\\/03\\\/maria-cecilia-velasco-andrade-con-la-palabra-encendida\\\/#respond\"]}]},{\"@type\":[\"WebPage\",\"ItemPage\"],\"@id\":\"https:\\\/\\\/www.uartes.edu.ec\\\/sitio\\\/fr\\\/blog\\\/2021\\\/06\\\/03\\\/maria-cecilia-velasco-andrade-con-la-palabra-encendida\\\/\",\"url\":\"https:\\\/\\\/www.uartes.edu.ec\\\/sitio\\\/fr\\\/blog\\\/2021\\\/06\\\/03\\\/maria-cecilia-velasco-andrade-con-la-palabra-encendida\\\/\",\"name\":\"Universidad de las Artes - Mar\u00eda Cecilia Velasco con \u201cLa Palabra Encendida\u201d\",\"isPartOf\":{\"@id\":\"https:\\\/\\\/www.uartes.edu.ec\\\/sitio\\\/fr\\\/#website\"},\"primaryImageOfPage\":{\"@id\":\"https:\\\/\\\/www.uartes.edu.ec\\\/sitio\\\/fr\\\/blog\\\/2021\\\/06\\\/03\\\/maria-cecilia-velasco-andrade-con-la-palabra-encendida\\\/#primaryimage\"},\"image\":{\"@id\":\"https:\\\/\\\/www.uartes.edu.ec\\\/sitio\\\/fr\\\/blog\\\/2021\\\/06\\\/03\\\/maria-cecilia-velasco-andrade-con-la-palabra-encendida\\\/#primaryimage\"},\"thumbnailUrl\":\"https:\\\/\\\/www.uartes.edu.ec\\\/sitio\\\/wp-content\\\/uploads\\\/2021\\\/05\\\/CECILIA-VELASCO-WEB.jpg\",\"datePublished\":\"2021-06-03T15:14:00+00:00\",\"dateModified\":\"2024-07-04T16:27:12+00:00\",\"description\":\"Universidad de las Artes - Mar\u00eda Cecilia Velasco con \u201cLa Palabra Encendida\u201d\",\"breadcrumb\":{\"@id\":\"https:\\\/\\\/www.uartes.edu.ec\\\/sitio\\\/fr\\\/blog\\\/2021\\\/06\\\/03\\\/maria-cecilia-velasco-andrade-con-la-palabra-encendida\\\/#breadcrumb\"},\"inLanguage\":\"fr-FR\",\"potentialAction\":[{\"@type\":\"ReadAction\",\"target\":[\"https:\\\/\\\/www.uartes.edu.ec\\\/sitio\\\/fr\\\/blog\\\/2021\\\/06\\\/03\\\/maria-cecilia-velasco-andrade-con-la-palabra-encendida\\\/\"]}]},{\"@type\":\"ImageObject\",\"inLanguage\":\"fr-FR\",\"@id\":\"https:\\\/\\\/www.uartes.edu.ec\\\/sitio\\\/fr\\\/blog\\\/2021\\\/06\\\/03\\\/maria-cecilia-velasco-andrade-con-la-palabra-encendida\\\/#primaryimage\",\"url\":\"https:\\\/\\\/www.uartes.edu.ec\\\/sitio\\\/wp-content\\\/uploads\\\/2021\\\/05\\\/CECILIA-VELASCO-WEB.jpg\",\"contentUrl\":\"https:\\\/\\\/www.uartes.edu.ec\\\/sitio\\\/wp-content\\\/uploads\\\/2021\\\/05\\\/CECILIA-VELASCO-WEB.jpg\",\"width\":1000,\"height\":1000},{\"@type\":\"BreadcrumbList\",\"@id\":\"https:\\\/\\\/www.uartes.edu.ec\\\/sitio\\\/fr\\\/blog\\\/2021\\\/06\\\/03\\\/maria-cecilia-velasco-andrade-con-la-palabra-encendida\\\/#breadcrumb\",\"itemListElement\":[{\"@type\":\"ListItem\",\"position\":1,\"name\":\"Inicio\",\"item\":\"https:\\\/\\\/www.uartes.edu.ec\\\/sitio\\\/\"},{\"@type\":\"ListItem\",\"position\":2,\"name\":\"Mar\u00eda Cecilia Velasco con \u201cLa Palabra Encendida\u201d\"}]},{\"@type\":\"WebSite\",\"@id\":\"https:\\\/\\\/www.uartes.edu.ec\\\/sitio\\\/fr\\\/#website\",\"url\":\"https:\\\/\\\/www.uartes.edu.ec\\\/sitio\\\/fr\\\/\",\"name\":\"Universidad de las Artes\",\"description\":\"Sitio oficial de la Universidad Nacional de las Artes del Ecuador\",\"publisher\":{\"@id\":\"https:\\\/\\\/www.uartes.edu.ec\\\/sitio\\\/fr\\\/#organization\"},\"potentialAction\":[{\"@type\":\"SearchAction\",\"target\":{\"@type\":\"EntryPoint\",\"urlTemplate\":\"https:\\\/\\\/www.uartes.edu.ec\\\/sitio\\\/fr\\\/?s={search_term_string}\"},\"query-input\":{\"@type\":\"PropertyValueSpecification\",\"valueRequired\":true,\"valueName\":\"search_term_string\"}}],\"inLanguage\":\"fr-FR\"},{\"@type\":\"Organization\",\"@id\":\"https:\\\/\\\/www.uartes.edu.ec\\\/sitio\\\/fr\\\/#organization\",\"name\":\"Universidad de las Artes\",\"url\":\"https:\\\/\\\/www.uartes.edu.ec\\\/sitio\\\/fr\\\/\",\"logo\":{\"@type\":\"ImageObject\",\"inLanguage\":\"fr-FR\",\"@id\":\"https:\\\/\\\/www.uartes.edu.ec\\\/sitio\\\/fr\\\/#\\\/schema\\\/logo\\\/image\\\/\",\"url\":\"https:\\\/\\\/www.uartes.edu.ec\\\/sitio\\\/wp-content\\\/uploads\\\/2022\\\/07\\\/logo-ua-horizontal.png\",\"contentUrl\":\"https:\\\/\\\/www.uartes.edu.ec\\\/sitio\\\/wp-content\\\/uploads\\\/2022\\\/07\\\/logo-ua-horizontal.png\",\"width\":800,\"height\":276,\"caption\":\"Universidad de las Artes\"},\"image\":{\"@id\":\"https:\\\/\\\/www.uartes.edu.ec\\\/sitio\\\/fr\\\/#\\\/schema\\\/logo\\\/image\\\/\"},\"sameAs\":[\"https:\\\/\\\/www.facebook.com\\\/uartesec\",\"https:\\\/\\\/x.com\\\/uartesec\",\"https:\\\/\\\/www.tiktok.com\\\/@uartesec\"]},{\"@type\":\"Person\",\"@id\":\"https:\\\/\\\/www.uartes.edu.ec\\\/sitio\\\/fr\\\/#\\\/schema\\\/person\\\/efa1b8275797664fd7f13a79ccc0b1f4\",\"name\":\"ccortez\",\"image\":{\"@type\":\"ImageObject\",\"inLanguage\":\"fr-FR\",\"@id\":\"https:\\\/\\\/secure.gravatar.com\\\/avatar\\\/b2a6f664a3ae8e074346ef91775736c5ec479e637ecced6842de9dc98b5da9cd?s=96&d=mm&r=g\",\"url\":\"https:\\\/\\\/secure.gravatar.com\\\/avatar\\\/b2a6f664a3ae8e074346ef91775736c5ec479e637ecced6842de9dc98b5da9cd?s=96&d=mm&r=g\",\"contentUrl\":\"https:\\\/\\\/secure.gravatar.com\\\/avatar\\\/b2a6f664a3ae8e074346ef91775736c5ec479e637ecced6842de9dc98b5da9cd?s=96&d=mm&r=g\",\"caption\":\"ccortez\"},\"url\":\"https:\\\/\\\/www.uartes.edu.ec\\\/sitio\\\/fr\\\/blog\\\/author\\\/ccortez\\\/\"}]}<\/script>\n<!-- \/ Yoast SEO plugin. -->","yoast_head_json":{"title":"Universidad de las Artes - Mar\u00eda Cecilia Velasco con \u201cLa Palabra Encendida\u201d","description":"Universidad de las Artes - Mar\u00eda Cecilia Velasco con \u201cLa Palabra Encendida\u201d","robots":{"index":"index","follow":"follow","max-snippet":"max-snippet:-1","max-image-preview":"max-image-preview:large","max-video-preview":"max-video-preview:-1"},"canonical":"https:\/\/www.uartes.edu.ec\/sitio\/fr\/blog\/2021\/06\/03\/maria-cecilia-velasco-andrade-con-la-palabra-encendida\/","og_locale":"fr_FR","og_type":"article","og_title":"Universidad de las Artes - Mar\u00eda Cecilia Velasco con \u201cLa Palabra Encendida\u201d","og_description":"Universidad de las Artes - Mar\u00eda Cecilia Velasco con \u201cLa Palabra Encendida\u201d","og_url":"https:\/\/www.uartes.edu.ec\/sitio\/fr\/blog\/2021\/06\/03\/maria-cecilia-velasco-andrade-con-la-palabra-encendida\/","og_site_name":"Universidad de las Artes","article_publisher":"https:\/\/www.facebook.com\/uartesec","article_published_time":"2021-06-03T15:14:00+00:00","article_modified_time":"2024-07-04T16:27:12+00:00","og_image":[{"width":1000,"height":1000,"url":"https:\/\/www.uartes.edu.ec\/sitio\/wp-content\/uploads\/2021\/05\/CECILIA-VELASCO-WEB.jpg","type":"image\/jpeg"}],"author":"ccortez","twitter_card":"summary_large_image","twitter_creator":"@uartesec","twitter_site":"@uartesec","twitter_misc":{"\u00c9crit par":"ccortez","Dur\u00e9e de lecture estim\u00e9e":"5 minutes"},"schema":{"@context":"https:\/\/schema.org","@graph":[{"@type":"Article","@id":"https:\/\/www.uartes.edu.ec\/sitio\/fr\/blog\/2021\/06\/03\/maria-cecilia-velasco-andrade-con-la-palabra-encendida\/#article","isPartOf":{"@id":"https:\/\/www.uartes.edu.ec\/sitio\/fr\/blog\/2021\/06\/03\/maria-cecilia-velasco-andrade-con-la-palabra-encendida\/"},"author":{"name":"ccortez","@id":"https:\/\/www.uartes.edu.ec\/sitio\/fr\/#\/schema\/person\/efa1b8275797664fd7f13a79ccc0b1f4"},"headline":"Mar\u00eda Cecilia Velasco con \u201cLa Palabra Encendida\u201d","datePublished":"2021-06-03T15:14:00+00:00","dateModified":"2024-07-04T16:27:12+00:00","mainEntityOfPage":{"@id":"https:\/\/www.uartes.edu.ec\/sitio\/fr\/blog\/2021\/06\/03\/maria-cecilia-velasco-andrade-con-la-palabra-encendida\/"},"wordCount":1001,"commentCount":0,"publisher":{"@id":"https:\/\/www.uartes.edu.ec\/sitio\/fr\/#organization"},"image":{"@id":"https:\/\/www.uartes.edu.ec\/sitio\/fr\/blog\/2021\/06\/03\/maria-cecilia-velasco-andrade-con-la-palabra-encendida\/#primaryimage"},"thumbnailUrl":"https:\/\/www.uartes.edu.ec\/sitio\/wp-content\/uploads\/2021\/05\/CECILIA-VELASCO-WEB.jpg","articleSection":["Acad\u00e9mico","Docentes","Investigaci\u00f3n"],"inLanguage":"fr-FR","potentialAction":[{"@type":"CommentAction","name":"Comment","target":["https:\/\/www.uartes.edu.ec\/sitio\/fr\/blog\/2021\/06\/03\/maria-cecilia-velasco-andrade-con-la-palabra-encendida\/#respond"]}]},{"@type":["WebPage","ItemPage"],"@id":"https:\/\/www.uartes.edu.ec\/sitio\/fr\/blog\/2021\/06\/03\/maria-cecilia-velasco-andrade-con-la-palabra-encendida\/","url":"https:\/\/www.uartes.edu.ec\/sitio\/fr\/blog\/2021\/06\/03\/maria-cecilia-velasco-andrade-con-la-palabra-encendida\/","name":"Universidad de las Artes - Mar\u00eda Cecilia Velasco con \u201cLa Palabra Encendida\u201d","isPartOf":{"@id":"https:\/\/www.uartes.edu.ec\/sitio\/fr\/#website"},"primaryImageOfPage":{"@id":"https:\/\/www.uartes.edu.ec\/sitio\/fr\/blog\/2021\/06\/03\/maria-cecilia-velasco-andrade-con-la-palabra-encendida\/#primaryimage"},"image":{"@id":"https:\/\/www.uartes.edu.ec\/sitio\/fr\/blog\/2021\/06\/03\/maria-cecilia-velasco-andrade-con-la-palabra-encendida\/#primaryimage"},"thumbnailUrl":"https:\/\/www.uartes.edu.ec\/sitio\/wp-content\/uploads\/2021\/05\/CECILIA-VELASCO-WEB.jpg","datePublished":"2021-06-03T15:14:00+00:00","dateModified":"2024-07-04T16:27:12+00:00","description":"Universidad de las Artes - Mar\u00eda Cecilia Velasco con \u201cLa Palabra Encendida\u201d","breadcrumb":{"@id":"https:\/\/www.uartes.edu.ec\/sitio\/fr\/blog\/2021\/06\/03\/maria-cecilia-velasco-andrade-con-la-palabra-encendida\/#breadcrumb"},"inLanguage":"fr-FR","potentialAction":[{"@type":"ReadAction","target":["https:\/\/www.uartes.edu.ec\/sitio\/fr\/blog\/2021\/06\/03\/maria-cecilia-velasco-andrade-con-la-palabra-encendida\/"]}]},{"@type":"ImageObject","inLanguage":"fr-FR","@id":"https:\/\/www.uartes.edu.ec\/sitio\/fr\/blog\/2021\/06\/03\/maria-cecilia-velasco-andrade-con-la-palabra-encendida\/#primaryimage","url":"https:\/\/www.uartes.edu.ec\/sitio\/wp-content\/uploads\/2021\/05\/CECILIA-VELASCO-WEB.jpg","contentUrl":"https:\/\/www.uartes.edu.ec\/sitio\/wp-content\/uploads\/2021\/05\/CECILIA-VELASCO-WEB.jpg","width":1000,"height":1000},{"@type":"BreadcrumbList","@id":"https:\/\/www.uartes.edu.ec\/sitio\/fr\/blog\/2021\/06\/03\/maria-cecilia-velasco-andrade-con-la-palabra-encendida\/#breadcrumb","itemListElement":[{"@type":"ListItem","position":1,"name":"Inicio","item":"https:\/\/www.uartes.edu.ec\/sitio\/"},{"@type":"ListItem","position":2,"name":"Mar\u00eda Cecilia Velasco con \u201cLa Palabra Encendida\u201d"}]},{"@type":"WebSite","@id":"https:\/\/www.uartes.edu.ec\/sitio\/fr\/#website","url":"https:\/\/www.uartes.edu.ec\/sitio\/fr\/","name":"Universidad de las Artes","description":"Sitio oficial de la Universidad Nacional de las Artes del Ecuador","publisher":{"@id":"https:\/\/www.uartes.edu.ec\/sitio\/fr\/#organization"},"potentialAction":[{"@type":"SearchAction","target":{"@type":"EntryPoint","urlTemplate":"https:\/\/www.uartes.edu.ec\/sitio\/fr\/?s={search_term_string}"},"query-input":{"@type":"PropertyValueSpecification","valueRequired":true,"valueName":"search_term_string"}}],"inLanguage":"fr-FR"},{"@type":"Organization","@id":"https:\/\/www.uartes.edu.ec\/sitio\/fr\/#organization","name":"Universidad de las Artes","url":"https:\/\/www.uartes.edu.ec\/sitio\/fr\/","logo":{"@type":"ImageObject","inLanguage":"fr-FR","@id":"https:\/\/www.uartes.edu.ec\/sitio\/fr\/#\/schema\/logo\/image\/","url":"https:\/\/www.uartes.edu.ec\/sitio\/wp-content\/uploads\/2022\/07\/logo-ua-horizontal.png","contentUrl":"https:\/\/www.uartes.edu.ec\/sitio\/wp-content\/uploads\/2022\/07\/logo-ua-horizontal.png","width":800,"height":276,"caption":"Universidad de las Artes"},"image":{"@id":"https:\/\/www.uartes.edu.ec\/sitio\/fr\/#\/schema\/logo\/image\/"},"sameAs":["https:\/\/www.facebook.com\/uartesec","https:\/\/x.com\/uartesec","https:\/\/www.tiktok.com\/@uartesec"]},{"@type":"Person","@id":"https:\/\/www.uartes.edu.ec\/sitio\/fr\/#\/schema\/person\/efa1b8275797664fd7f13a79ccc0b1f4","name":"ccortez","image":{"@type":"ImageObject","inLanguage":"fr-FR","@id":"https:\/\/secure.gravatar.com\/avatar\/b2a6f664a3ae8e074346ef91775736c5ec479e637ecced6842de9dc98b5da9cd?s=96&d=mm&r=g","url":"https:\/\/secure.gravatar.com\/avatar\/b2a6f664a3ae8e074346ef91775736c5ec479e637ecced6842de9dc98b5da9cd?s=96&d=mm&r=g","contentUrl":"https:\/\/secure.gravatar.com\/avatar\/b2a6f664a3ae8e074346ef91775736c5ec479e637ecced6842de9dc98b5da9cd?s=96&d=mm&r=g","caption":"ccortez"},"url":"https:\/\/www.uartes.edu.ec\/sitio\/fr\/blog\/author\/ccortez\/"}]}},"uagb_featured_image_src":{"full":["https:\/\/www.uartes.edu.ec\/sitio\/wp-content\/uploads\/2021\/05\/CECILIA-VELASCO-WEB.jpg",1000,1000,false],"thumbnail":["https:\/\/www.uartes.edu.ec\/sitio\/wp-content\/uploads\/2021\/05\/CECILIA-VELASCO-WEB-150x150.jpg",150,150,true],"medium":["https:\/\/www.uartes.edu.ec\/sitio\/wp-content\/uploads\/2021\/05\/CECILIA-VELASCO-WEB-300x300.jpg",300,300,true],"medium_large":["https:\/\/www.uartes.edu.ec\/sitio\/wp-content\/uploads\/2021\/05\/CECILIA-VELASCO-WEB-768x768.jpg",768,768,true],"large":["https:\/\/www.uartes.edu.ec\/sitio\/wp-content\/uploads\/2021\/05\/CECILIA-VELASCO-WEB-644x644.jpg",644,644,true],"1536x1536":["https:\/\/www.uartes.edu.ec\/sitio\/wp-content\/uploads\/2021\/05\/CECILIA-VELASCO-WEB.jpg",1000,1000,false],"2048x2048":["https:\/\/www.uartes.edu.ec\/sitio\/wp-content\/uploads\/2021\/05\/CECILIA-VELASCO-WEB.jpg",1000,1000,false],"trp-custom-language-flag":["https:\/\/www.uartes.edu.ec\/sitio\/wp-content\/uploads\/2021\/05\/CECILIA-VELASCO-WEB.jpg",12,12,false],"htmega_size_585x295":["https:\/\/www.uartes.edu.ec\/sitio\/wp-content\/uploads\/2021\/05\/CECILIA-VELASCO-WEB-585x295.jpg",585,295,true],"htmega_size_1170x536":["https:\/\/www.uartes.edu.ec\/sitio\/wp-content\/uploads\/2021\/05\/CECILIA-VELASCO-WEB-1000x536.jpg",1000,536,true],"htmega_size_396x360":["https:\/\/www.uartes.edu.ec\/sitio\/wp-content\/uploads\/2021\/05\/CECILIA-VELASCO-WEB-396x360.jpg",396,360,true],"gb-block-post-grid-landscape":["https:\/\/www.uartes.edu.ec\/sitio\/wp-content\/uploads\/2021\/05\/CECILIA-VELASCO-WEB.jpg",400,400,false],"gb-block-post-grid-square":["https:\/\/www.uartes.edu.ec\/sitio\/wp-content\/uploads\/2021\/05\/CECILIA-VELASCO-WEB.jpg",600,600,false],"university-hub-thumb":["https:\/\/www.uartes.edu.ec\/sitio\/wp-content\/uploads\/2021\/05\/CECILIA-VELASCO-WEB-300x300.jpg",300,300,true],"mailpoet_newsletter_max":["https:\/\/www.uartes.edu.ec\/sitio\/wp-content\/uploads\/2021\/05\/CECILIA-VELASCO-WEB.jpg",1000,1000,false]},"uagb_author_info":{"display_name":"ccortez","author_link":"https:\/\/www.uartes.edu.ec\/sitio\/fr\/blog\/author\/ccortez\/"},"uagb_comment_info":0,"uagb_excerpt":"En el a\u00f1o 2014, junto con el Centro Cultural Benjam\u00edn Carri\u00f3n del Municipio de Quito, Mar\u00eda Cecilia Velasco Andrade, escritora y docente de la Universidad de las Artes, se plante\u00f3 la idea de realizar una serie de charlas con diferentes personalidades del mundo de la literatura. Al encontrarse desarrollando una investigaci\u00f3n acerca de ellos, la\u2026","featured_image_src":"https:\/\/www.uartes.edu.ec\/sitio\/wp-content\/uploads\/2021\/05\/CECILIA-VELASCO-WEB.jpg","featured_image_src_square":"https:\/\/www.uartes.edu.ec\/sitio\/wp-content\/uploads\/2021\/05\/CECILIA-VELASCO-WEB.jpg","author_info":{"display_name":"ccortez","author_link":"https:\/\/www.uartes.edu.ec\/sitio\/fr\/blog\/author\/ccortez\/"},"publishpress_future_workflow_manual_trigger":{"enabledWorkflows":[]},"distributor_meta":false,"distributor_terms":false,"distributor_media":false,"distributor_original_site_name":"Universidad de las Artes","distributor_original_site_url":"https:\/\/www.uartes.edu.ec\/sitio\/fr","push-errors":false,"_links":{"self":[{"href":"https:\/\/www.uartes.edu.ec\/sitio\/fr\/wp-json\/wp\/v2\/posts\/14023","targetHints":{"allow":["GET"]}}],"collection":[{"href":"https:\/\/www.uartes.edu.ec\/sitio\/fr\/wp-json\/wp\/v2\/posts"}],"about":[{"href":"https:\/\/www.uartes.edu.ec\/sitio\/fr\/wp-json\/wp\/v2\/types\/post"}],"author":[{"embeddable":true,"href":"https:\/\/www.uartes.edu.ec\/sitio\/fr\/wp-json\/wp\/v2\/users\/10"}],"replies":[{"embeddable":true,"href":"https:\/\/www.uartes.edu.ec\/sitio\/fr\/wp-json\/wp\/v2\/comments?post=14023"}],"version-history":[{"count":5,"href":"https:\/\/www.uartes.edu.ec\/sitio\/fr\/wp-json\/wp\/v2\/posts\/14023\/revisions"}],"predecessor-version":[{"id":14069,"href":"https:\/\/www.uartes.edu.ec\/sitio\/fr\/wp-json\/wp\/v2\/posts\/14023\/revisions\/14069"}],"wp:featuredmedia":[{"embeddable":true,"href":"https:\/\/www.uartes.edu.ec\/sitio\/fr\/wp-json\/wp\/v2\/media\/13812"}],"wp:attachment":[{"href":"https:\/\/www.uartes.edu.ec\/sitio\/fr\/wp-json\/wp\/v2\/media?parent=14023"}],"wp:term":[{"taxonomy":"category","embeddable":true,"href":"https:\/\/www.uartes.edu.ec\/sitio\/fr\/wp-json\/wp\/v2\/categories?post=14023"},{"taxonomy":"post_tag","embeddable":true,"href":"https:\/\/www.uartes.edu.ec\/sitio\/fr\/wp-json\/wp\/v2\/tags?post=14023"},{"taxonomy":"infouartes","embeddable":true,"href":"https:\/\/www.uartes.edu.ec\/sitio\/fr\/wp-json\/wp\/v2\/infouartes?post=14023"}],"curies":[{"name":"wp","href":"https:\/\/api.w.org\/{rel}","templated":true}]}}