{"id":14086,"date":"2021-06-09T10:47:00","date_gmt":"2021-06-09T15:47:00","guid":{"rendered":"http:\/\/www.uartes.edu.ec\/sitio\/?p=14086"},"modified":"2024-07-04T11:26:15","modified_gmt":"2024-07-04T16:26:15","slug":"desde-la-espol-se-invita-a-estudiantes-uartes-a-presentar-sus-audiovisuales-en-vista-previa","status":"publish","type":"post","link":"https:\/\/www.uartes.edu.ec\/sitio\/fr\/blog\/2021\/06\/08\/desde-la-espol-se-invita-a-estudiantes-uartes-a-presentar-sus-audiovisuales-en-vista-previa\/","title":{"rendered":"Desde la ESPOL se invita a estudiantes UArtes a presentar sus audiovisuales en Vista Previa"},"content":{"rendered":"<p>La Universidad de las Artes ya tiene sus representantes en el concurso de audiovisuales universitarios Vista Previa, organizado por la Escuela Superior Polit\u00e9cnica del Litoral, a trav\u00e9s de la Unidad de Arte y Cultura -ESPOL Cultural. Se trata de la tercera edici\u00f3n, que en este 2021, y debido a la pandemia por COVID-19, volver\u00e1 a ser online.<\/p>\n\n\n\n<p>Mediante un comunicado, los organizadores del festival animan, no obstante, a los estudiantes universitarios \u2013en especial de la Escuela de Cine de la UArtes\u2013 a participar y se\u00f1alan este jueves 10 de junio como la fecha tope para el registro de obras, lo cual se puede hacer ingresando al link<a href=\"https:\/\/filmfreeway.com\/festivalvistaprevia\"> <\/a><a href=\"https:\/\/filmfreeway.com\/festivalvistaprevia\">https:\/\/filmfreeway.com\/festivalvistaprevia<\/a><a href=\"https:\/\/filmfreeway.com\/festivalvistaprevia\">.<\/a><\/p>\n\n\n\n<p>Quienes se animen a concursar deber\u00e1n presentar un trabajo por director o productor. Los audiovisuales no deber\u00e1n ser anteriores al 2019 y podr\u00e1n tener una duraci\u00f3n de 1 a 20 minutos. Si se interviene con un proyecto de serie web, se presentar\u00e1 el cap\u00edtulo 1. El ganador de cada categor\u00eda, elegido por un jurado de expertos, recibir\u00e1 un 15 % de beca para el desarrollo de una Maestr\u00eda de Postproducci\u00f3n Digital Audiovisual de la Facultad de Arte, Dise\u00f1o y Comunicaci\u00f3n Audiovisual (FADCOM) de la ESPOL. Se entregar\u00e1n, adem\u00e1s, reconocimientos a los participantes destacados y premios de auspiciantes.<\/p>\n\n\n\n<p>Vista Previa se realizar\u00e1 del 21 al 25 de junio y se transmitir\u00e1 por <a href=\"http:\/\/www.festivales.espol.edu.ec\/\">www.festivales.espol.edu.ec<\/a> y en redes sociales, como Facebook y YouTube (ESPOL Cultural o @espolcultural).<\/p>\n\n\n\n<p>El festival tiene como objetivo valorar y visibilizar la mirada audiovisual de los estudiantes ecuatorianos de universidades e institutos acad\u00e9micos, en un encuentro que premie la calidad tem\u00e1tica y est\u00e9tica de obras audiovisuales en las categor\u00edas: cortometraje de ficci\u00f3n, cortometraje documental, cortometraje de animaci\u00f3n y serie web educativa.&nbsp;<\/p>\n\n\n\n<p>Paralelo a la muestra de obras, el certamen ha organizado charlas y mesas de di\u00e1logo, teniendo como gu\u00eda el tema \u201cIndustria audiovisual para Ecuador\u201d. La l\u00ednea editorial de la presente edici\u00f3n, en palabras de Federico Koelle, su director, \u201cbusca convocar a acad\u00e9micos, te\u00f3ricos y profesionales del sector para tratar propuestas, en este caso, con miras hacia una industria audiovisual.\u201d Esta oferta educativa se complementa con talleres que ser\u00e1n dictados por profesionales del sector.<\/p>\n\n\n\n<p>En este a\u00f1o Vista Previa estrena tambi\u00e9n un espacio l\u00fadico que contar\u00e1 con eventos musicales, como Medley Cinema y Chaplin Andino, a cargo de los maestros \u00c1ngeles Terreros Kuff\u00f3 y Lucho G\u00e1lvez, directores de los grupos culturales Coro ESPOL y La Rondalla, respectivamente. Asimismo, se dar\u00e1 un espacio para reconocer la trayectoria de directores de cine ecuatorianos.<\/p>\n\n\n\n<p>La ESPOL considera importante realizar actividades que no solo aporten desde lo cient\u00edfico e investigativo, sino tambi\u00e9n desde lo cultural. Eventos como este pueden tender lazos entre estudiantes de todo el pa\u00eds y ayudarlos a crecer profesionalmente, adem\u00e1s de aportar a la comunidad con creaciones art\u00edsticas, que son puntos de encuentro y confluencia social.<\/p>\n\n\n\n<p>Para solicitar mayor informaci\u00f3n escribir a vistaprevia@espol.edu.ec o al celular del director del festival, Federico Koelle, n\u00famero 098 900 1973.<\/p>\n\n\n\n<p>Las bases del concurso en:<a href=\"http:\/\/www.festivales.espol.edu.ec\/vistaprevia\"> <\/a><a href=\"http:\/\/www.festivales.espol.edu.ec\/vistaprevia\">www.festivales.espol.edu.ec\/vistaprevia<\/a><a href=\"http:\/\/www.festivales.espol.edu.ec\/vistaprevia\"><\/a><\/p>","protected":false},"excerpt":{"rendered":"<p>La Universidad de las Artes ya tiene sus representantes en el concurso de audiovisuales universitarios Vista Previa, organizado por la Escuela Superior Polit\u00e9cnica del Litoral, a trav\u00e9s de la Unidad de Arte y Cultura -ESPOL Cultural. Se trata de la tercera edici\u00f3n, que en este 2021, y debido a la pandemia por COVID-19, volver\u00e1 a ser online.<\/p>","protected":false},"author":10,"featured_media":14093,"comment_status":"open","ping_status":"open","sticky":false,"template":"","format":"standard","meta":{"_acf_changed":false,"_uag_custom_page_level_css":"","_monsterinsights_skip_tracking":false,"_monsterinsights_sitenote_active":false,"_monsterinsights_sitenote_note":"","_monsterinsights_sitenote_category":0,"cybocfi_hide_featured_image":"","footnotes":""},"categories":[82,147,76],"tags":[211,155],"infouartes":[],"class_list":["post-14086","post","type-post","status-publish","format-standard","has-post-thumbnail","hentry","category-artes","category-cine","category-estudiantes","tag-covid19","tag-espol"],"acf":[],"yoast_head":"<!-- This site is optimized with the Yoast SEO plugin v27.4 - https:\/\/yoast.com\/product\/yoast-seo-wordpress\/ -->\n<title>Universidad de las Artes - Desde la ESPOL se invita a estudiantes UArtes a presentar sus audiovisuales en Vista Previa<\/title>\n<meta name=\"description\" content=\"Universidad de las Artes - Desde la ESPOL se invita a estudiantes UArtes a presentar sus audiovisuales en Vista Previa\" \/>\n<meta name=\"robots\" content=\"index, follow, max-snippet:-1, max-image-preview:large, max-video-preview:-1\" \/>\n<link rel=\"canonical\" href=\"https:\/\/www.uartes.edu.ec\/sitio\/fr\/blog\/2021\/06\/08\/desde-la-espol-se-invita-a-estudiantes-uartes-a-presentar-sus-audiovisuales-en-vista-previa\/\" \/>\n<meta property=\"og:locale\" content=\"fr_FR\" \/>\n<meta property=\"og:type\" content=\"article\" \/>\n<meta property=\"og:title\" content=\"Universidad de las Artes - Desde la ESPOL se invita a estudiantes UArtes a presentar sus audiovisuales en Vista Previa\" \/>\n<meta property=\"og:description\" content=\"Universidad de las Artes - Desde la ESPOL se invita a estudiantes UArtes a presentar sus audiovisuales en Vista Previa\" \/>\n<meta property=\"og:url\" content=\"https:\/\/www.uartes.edu.ec\/sitio\/fr\/blog\/2021\/06\/08\/desde-la-espol-se-invita-a-estudiantes-uartes-a-presentar-sus-audiovisuales-en-vista-previa\/\" \/>\n<meta property=\"og:site_name\" content=\"Universidad de las Artes\" \/>\n<meta property=\"article:publisher\" content=\"https:\/\/www.facebook.com\/uartesec\" \/>\n<meta property=\"article:published_time\" content=\"2021-06-09T15:47:00+00:00\" \/>\n<meta property=\"article:modified_time\" content=\"2024-07-04T16:26:15+00:00\" \/>\n<meta property=\"og:image\" content=\"https:\/\/www.uartes.edu.ec\/sitio\/wp-content\/uploads\/2021\/06\/Desde-la-ESPOL.jpg\" \/>\n\t<meta property=\"og:image:width\" content=\"2000\" \/>\n\t<meta property=\"og:image:height\" content=\"1332\" \/>\n\t<meta property=\"og:image:type\" content=\"image\/jpeg\" \/>\n<meta name=\"author\" content=\"ccortez\" \/>\n<meta name=\"twitter:card\" content=\"summary_large_image\" \/>\n<meta name=\"twitter:creator\" content=\"@uartesec\" \/>\n<meta name=\"twitter:site\" content=\"@uartesec\" \/>\n<meta name=\"twitter:label1\" content=\"\u00c9crit par\" \/>\n\t<meta name=\"twitter:data1\" content=\"ccortez\" \/>\n\t<meta name=\"twitter:label2\" content=\"Dur\u00e9e de lecture estim\u00e9e\" \/>\n\t<meta name=\"twitter:data2\" content=\"3 minutes\" \/>\n<script type=\"application\/ld+json\" class=\"yoast-schema-graph\">{\"@context\":\"https:\\\/\\\/schema.org\",\"@graph\":[{\"@type\":\"Article\",\"@id\":\"https:\\\/\\\/www.uartes.edu.ec\\\/sitio\\\/fr\\\/blog\\\/2021\\\/06\\\/08\\\/desde-la-espol-se-invita-a-estudiantes-uartes-a-presentar-sus-audiovisuales-en-vista-previa\\\/#article\",\"isPartOf\":{\"@id\":\"https:\\\/\\\/www.uartes.edu.ec\\\/sitio\\\/fr\\\/blog\\\/2021\\\/06\\\/08\\\/desde-la-espol-se-invita-a-estudiantes-uartes-a-presentar-sus-audiovisuales-en-vista-previa\\\/\"},\"author\":{\"name\":\"ccortez\",\"@id\":\"https:\\\/\\\/www.uartes.edu.ec\\\/sitio\\\/fr\\\/#\\\/schema\\\/person\\\/efa1b8275797664fd7f13a79ccc0b1f4\"},\"headline\":\"Desde la ESPOL se invita a estudiantes UArtes a presentar sus audiovisuales en Vista Previa\",\"datePublished\":\"2021-06-09T15:47:00+00:00\",\"dateModified\":\"2024-07-04T16:26:15+00:00\",\"mainEntityOfPage\":{\"@id\":\"https:\\\/\\\/www.uartes.edu.ec\\\/sitio\\\/fr\\\/blog\\\/2021\\\/06\\\/08\\\/desde-la-espol-se-invita-a-estudiantes-uartes-a-presentar-sus-audiovisuales-en-vista-previa\\\/\"},\"wordCount\":548,\"commentCount\":0,\"publisher\":{\"@id\":\"https:\\\/\\\/www.uartes.edu.ec\\\/sitio\\\/fr\\\/#organization\"},\"image\":{\"@id\":\"https:\\\/\\\/www.uartes.edu.ec\\\/sitio\\\/fr\\\/blog\\\/2021\\\/06\\\/08\\\/desde-la-espol-se-invita-a-estudiantes-uartes-a-presentar-sus-audiovisuales-en-vista-previa\\\/#primaryimage\"},\"thumbnailUrl\":\"https:\\\/\\\/www.uartes.edu.ec\\\/sitio\\\/wp-content\\\/uploads\\\/2021\\\/06\\\/Desde-la-ESPOL.jpg\",\"keywords\":[\"covid19\",\"espol\"],\"articleSection\":[\"Artes\",\"Cine\",\"Estudiantes\"],\"inLanguage\":\"fr-FR\",\"potentialAction\":[{\"@type\":\"CommentAction\",\"name\":\"Comment\",\"target\":[\"https:\\\/\\\/www.uartes.edu.ec\\\/sitio\\\/fr\\\/blog\\\/2021\\\/06\\\/08\\\/desde-la-espol-se-invita-a-estudiantes-uartes-a-presentar-sus-audiovisuales-en-vista-previa\\\/#respond\"]}]},{\"@type\":[\"WebPage\",\"ItemPage\"],\"@id\":\"https:\\\/\\\/www.uartes.edu.ec\\\/sitio\\\/fr\\\/blog\\\/2021\\\/06\\\/08\\\/desde-la-espol-se-invita-a-estudiantes-uartes-a-presentar-sus-audiovisuales-en-vista-previa\\\/\",\"url\":\"https:\\\/\\\/www.uartes.edu.ec\\\/sitio\\\/fr\\\/blog\\\/2021\\\/06\\\/08\\\/desde-la-espol-se-invita-a-estudiantes-uartes-a-presentar-sus-audiovisuales-en-vista-previa\\\/\",\"name\":\"Universidad de las Artes - Desde la ESPOL se invita a estudiantes UArtes a presentar sus audiovisuales en Vista Previa\",\"isPartOf\":{\"@id\":\"https:\\\/\\\/www.uartes.edu.ec\\\/sitio\\\/fr\\\/#website\"},\"primaryImageOfPage\":{\"@id\":\"https:\\\/\\\/www.uartes.edu.ec\\\/sitio\\\/fr\\\/blog\\\/2021\\\/06\\\/08\\\/desde-la-espol-se-invita-a-estudiantes-uartes-a-presentar-sus-audiovisuales-en-vista-previa\\\/#primaryimage\"},\"image\":{\"@id\":\"https:\\\/\\\/www.uartes.edu.ec\\\/sitio\\\/fr\\\/blog\\\/2021\\\/06\\\/08\\\/desde-la-espol-se-invita-a-estudiantes-uartes-a-presentar-sus-audiovisuales-en-vista-previa\\\/#primaryimage\"},\"thumbnailUrl\":\"https:\\\/\\\/www.uartes.edu.ec\\\/sitio\\\/wp-content\\\/uploads\\\/2021\\\/06\\\/Desde-la-ESPOL.jpg\",\"datePublished\":\"2021-06-09T15:47:00+00:00\",\"dateModified\":\"2024-07-04T16:26:15+00:00\",\"description\":\"Universidad de las Artes - Desde la ESPOL se invita a estudiantes UArtes a presentar sus audiovisuales en Vista Previa\",\"breadcrumb\":{\"@id\":\"https:\\\/\\\/www.uartes.edu.ec\\\/sitio\\\/fr\\\/blog\\\/2021\\\/06\\\/08\\\/desde-la-espol-se-invita-a-estudiantes-uartes-a-presentar-sus-audiovisuales-en-vista-previa\\\/#breadcrumb\"},\"inLanguage\":\"fr-FR\",\"potentialAction\":[{\"@type\":\"ReadAction\",\"target\":[\"https:\\\/\\\/www.uartes.edu.ec\\\/sitio\\\/fr\\\/blog\\\/2021\\\/06\\\/08\\\/desde-la-espol-se-invita-a-estudiantes-uartes-a-presentar-sus-audiovisuales-en-vista-previa\\\/\"]}]},{\"@type\":\"ImageObject\",\"inLanguage\":\"fr-FR\",\"@id\":\"https:\\\/\\\/www.uartes.edu.ec\\\/sitio\\\/fr\\\/blog\\\/2021\\\/06\\\/08\\\/desde-la-espol-se-invita-a-estudiantes-uartes-a-presentar-sus-audiovisuales-en-vista-previa\\\/#primaryimage\",\"url\":\"https:\\\/\\\/www.uartes.edu.ec\\\/sitio\\\/wp-content\\\/uploads\\\/2021\\\/06\\\/Desde-la-ESPOL.jpg\",\"contentUrl\":\"https:\\\/\\\/www.uartes.edu.ec\\\/sitio\\\/wp-content\\\/uploads\\\/2021\\\/06\\\/Desde-la-ESPOL.jpg\",\"width\":2000,\"height\":1332,\"caption\":\"Desde la ESPOL se invita a estudiantes UArtes a presentar sus audiovisuales en Vista Previa\"},{\"@type\":\"BreadcrumbList\",\"@id\":\"https:\\\/\\\/www.uartes.edu.ec\\\/sitio\\\/fr\\\/blog\\\/2021\\\/06\\\/08\\\/desde-la-espol-se-invita-a-estudiantes-uartes-a-presentar-sus-audiovisuales-en-vista-previa\\\/#breadcrumb\",\"itemListElement\":[{\"@type\":\"ListItem\",\"position\":1,\"name\":\"Inicio\",\"item\":\"https:\\\/\\\/www.uartes.edu.ec\\\/sitio\\\/\"},{\"@type\":\"ListItem\",\"position\":2,\"name\":\"Desde la ESPOL se invita a estudiantes UArtes a presentar sus audiovisuales en Vista Previa\"}]},{\"@type\":\"WebSite\",\"@id\":\"https:\\\/\\\/www.uartes.edu.ec\\\/sitio\\\/fr\\\/#website\",\"url\":\"https:\\\/\\\/www.uartes.edu.ec\\\/sitio\\\/fr\\\/\",\"name\":\"Universidad de las Artes\",\"description\":\"Sitio oficial de la Universidad Nacional de las Artes del Ecuador\",\"publisher\":{\"@id\":\"https:\\\/\\\/www.uartes.edu.ec\\\/sitio\\\/fr\\\/#organization\"},\"potentialAction\":[{\"@type\":\"SearchAction\",\"target\":{\"@type\":\"EntryPoint\",\"urlTemplate\":\"https:\\\/\\\/www.uartes.edu.ec\\\/sitio\\\/fr\\\/?s={search_term_string}\"},\"query-input\":{\"@type\":\"PropertyValueSpecification\",\"valueRequired\":true,\"valueName\":\"search_term_string\"}}],\"inLanguage\":\"fr-FR\"},{\"@type\":\"Organization\",\"@id\":\"https:\\\/\\\/www.uartes.edu.ec\\\/sitio\\\/fr\\\/#organization\",\"name\":\"Universidad de las Artes\",\"url\":\"https:\\\/\\\/www.uartes.edu.ec\\\/sitio\\\/fr\\\/\",\"logo\":{\"@type\":\"ImageObject\",\"inLanguage\":\"fr-FR\",\"@id\":\"https:\\\/\\\/www.uartes.edu.ec\\\/sitio\\\/fr\\\/#\\\/schema\\\/logo\\\/image\\\/\",\"url\":\"https:\\\/\\\/www.uartes.edu.ec\\\/sitio\\\/wp-content\\\/uploads\\\/2022\\\/07\\\/logo-ua-horizontal.png\",\"contentUrl\":\"https:\\\/\\\/www.uartes.edu.ec\\\/sitio\\\/wp-content\\\/uploads\\\/2022\\\/07\\\/logo-ua-horizontal.png\",\"width\":800,\"height\":276,\"caption\":\"Universidad de las Artes\"},\"image\":{\"@id\":\"https:\\\/\\\/www.uartes.edu.ec\\\/sitio\\\/fr\\\/#\\\/schema\\\/logo\\\/image\\\/\"},\"sameAs\":[\"https:\\\/\\\/www.facebook.com\\\/uartesec\",\"https:\\\/\\\/x.com\\\/uartesec\",\"https:\\\/\\\/www.tiktok.com\\\/@uartesec\"]},{\"@type\":\"Person\",\"@id\":\"https:\\\/\\\/www.uartes.edu.ec\\\/sitio\\\/fr\\\/#\\\/schema\\\/person\\\/efa1b8275797664fd7f13a79ccc0b1f4\",\"name\":\"ccortez\",\"image\":{\"@type\":\"ImageObject\",\"inLanguage\":\"fr-FR\",\"@id\":\"https:\\\/\\\/secure.gravatar.com\\\/avatar\\\/b2a6f664a3ae8e074346ef91775736c5ec479e637ecced6842de9dc98b5da9cd?s=96&d=mm&r=g\",\"url\":\"https:\\\/\\\/secure.gravatar.com\\\/avatar\\\/b2a6f664a3ae8e074346ef91775736c5ec479e637ecced6842de9dc98b5da9cd?s=96&d=mm&r=g\",\"contentUrl\":\"https:\\\/\\\/secure.gravatar.com\\\/avatar\\\/b2a6f664a3ae8e074346ef91775736c5ec479e637ecced6842de9dc98b5da9cd?s=96&d=mm&r=g\",\"caption\":\"ccortez\"},\"url\":\"https:\\\/\\\/www.uartes.edu.ec\\\/sitio\\\/fr\\\/blog\\\/author\\\/ccortez\\\/\"}]}<\/script>\n<!-- \/ Yoast SEO plugin. -->","yoast_head_json":{"title":"Universidad de las Artes - Desde la ESPOL se invita a estudiantes UArtes a presentar sus audiovisuales en Vista Previa","description":"Universidad de las Artes - Desde la ESPOL se invita a estudiantes UArtes a presentar sus audiovisuales en Vista Previa","robots":{"index":"index","follow":"follow","max-snippet":"max-snippet:-1","max-image-preview":"max-image-preview:large","max-video-preview":"max-video-preview:-1"},"canonical":"https:\/\/www.uartes.edu.ec\/sitio\/fr\/blog\/2021\/06\/08\/desde-la-espol-se-invita-a-estudiantes-uartes-a-presentar-sus-audiovisuales-en-vista-previa\/","og_locale":"fr_FR","og_type":"article","og_title":"Universidad de las Artes - Desde la ESPOL se invita a estudiantes UArtes a presentar sus audiovisuales en Vista Previa","og_description":"Universidad de las Artes - Desde la ESPOL se invita a estudiantes UArtes a presentar sus audiovisuales en Vista Previa","og_url":"https:\/\/www.uartes.edu.ec\/sitio\/fr\/blog\/2021\/06\/08\/desde-la-espol-se-invita-a-estudiantes-uartes-a-presentar-sus-audiovisuales-en-vista-previa\/","og_site_name":"Universidad de las Artes","article_publisher":"https:\/\/www.facebook.com\/uartesec","article_published_time":"2021-06-09T15:47:00+00:00","article_modified_time":"2024-07-04T16:26:15+00:00","og_image":[{"width":2000,"height":1332,"url":"https:\/\/www.uartes.edu.ec\/sitio\/wp-content\/uploads\/2021\/06\/Desde-la-ESPOL.jpg","type":"image\/jpeg"}],"author":"ccortez","twitter_card":"summary_large_image","twitter_creator":"@uartesec","twitter_site":"@uartesec","twitter_misc":{"\u00c9crit par":"ccortez","Dur\u00e9e de lecture estim\u00e9e":"3 minutes"},"schema":{"@context":"https:\/\/schema.org","@graph":[{"@type":"Article","@id":"https:\/\/www.uartes.edu.ec\/sitio\/fr\/blog\/2021\/06\/08\/desde-la-espol-se-invita-a-estudiantes-uartes-a-presentar-sus-audiovisuales-en-vista-previa\/#article","isPartOf":{"@id":"https:\/\/www.uartes.edu.ec\/sitio\/fr\/blog\/2021\/06\/08\/desde-la-espol-se-invita-a-estudiantes-uartes-a-presentar-sus-audiovisuales-en-vista-previa\/"},"author":{"name":"ccortez","@id":"https:\/\/www.uartes.edu.ec\/sitio\/fr\/#\/schema\/person\/efa1b8275797664fd7f13a79ccc0b1f4"},"headline":"Desde la ESPOL se invita a estudiantes UArtes a presentar sus audiovisuales en Vista Previa","datePublished":"2021-06-09T15:47:00+00:00","dateModified":"2024-07-04T16:26:15+00:00","mainEntityOfPage":{"@id":"https:\/\/www.uartes.edu.ec\/sitio\/fr\/blog\/2021\/06\/08\/desde-la-espol-se-invita-a-estudiantes-uartes-a-presentar-sus-audiovisuales-en-vista-previa\/"},"wordCount":548,"commentCount":0,"publisher":{"@id":"https:\/\/www.uartes.edu.ec\/sitio\/fr\/#organization"},"image":{"@id":"https:\/\/www.uartes.edu.ec\/sitio\/fr\/blog\/2021\/06\/08\/desde-la-espol-se-invita-a-estudiantes-uartes-a-presentar-sus-audiovisuales-en-vista-previa\/#primaryimage"},"thumbnailUrl":"https:\/\/www.uartes.edu.ec\/sitio\/wp-content\/uploads\/2021\/06\/Desde-la-ESPOL.jpg","keywords":["covid19","espol"],"articleSection":["Artes","Cine","Estudiantes"],"inLanguage":"fr-FR","potentialAction":[{"@type":"CommentAction","name":"Comment","target":["https:\/\/www.uartes.edu.ec\/sitio\/fr\/blog\/2021\/06\/08\/desde-la-espol-se-invita-a-estudiantes-uartes-a-presentar-sus-audiovisuales-en-vista-previa\/#respond"]}]},{"@type":["WebPage","ItemPage"],"@id":"https:\/\/www.uartes.edu.ec\/sitio\/fr\/blog\/2021\/06\/08\/desde-la-espol-se-invita-a-estudiantes-uartes-a-presentar-sus-audiovisuales-en-vista-previa\/","url":"https:\/\/www.uartes.edu.ec\/sitio\/fr\/blog\/2021\/06\/08\/desde-la-espol-se-invita-a-estudiantes-uartes-a-presentar-sus-audiovisuales-en-vista-previa\/","name":"Universidad de las Artes - Desde la ESPOL se invita a estudiantes UArtes a presentar sus audiovisuales en Vista Previa","isPartOf":{"@id":"https:\/\/www.uartes.edu.ec\/sitio\/fr\/#website"},"primaryImageOfPage":{"@id":"https:\/\/www.uartes.edu.ec\/sitio\/fr\/blog\/2021\/06\/08\/desde-la-espol-se-invita-a-estudiantes-uartes-a-presentar-sus-audiovisuales-en-vista-previa\/#primaryimage"},"image":{"@id":"https:\/\/www.uartes.edu.ec\/sitio\/fr\/blog\/2021\/06\/08\/desde-la-espol-se-invita-a-estudiantes-uartes-a-presentar-sus-audiovisuales-en-vista-previa\/#primaryimage"},"thumbnailUrl":"https:\/\/www.uartes.edu.ec\/sitio\/wp-content\/uploads\/2021\/06\/Desde-la-ESPOL.jpg","datePublished":"2021-06-09T15:47:00+00:00","dateModified":"2024-07-04T16:26:15+00:00","description":"Universidad de las Artes - Desde la ESPOL se invita a estudiantes UArtes a presentar sus audiovisuales en Vista Previa","breadcrumb":{"@id":"https:\/\/www.uartes.edu.ec\/sitio\/fr\/blog\/2021\/06\/08\/desde-la-espol-se-invita-a-estudiantes-uartes-a-presentar-sus-audiovisuales-en-vista-previa\/#breadcrumb"},"inLanguage":"fr-FR","potentialAction":[{"@type":"ReadAction","target":["https:\/\/www.uartes.edu.ec\/sitio\/fr\/blog\/2021\/06\/08\/desde-la-espol-se-invita-a-estudiantes-uartes-a-presentar-sus-audiovisuales-en-vista-previa\/"]}]},{"@type":"ImageObject","inLanguage":"fr-FR","@id":"https:\/\/www.uartes.edu.ec\/sitio\/fr\/blog\/2021\/06\/08\/desde-la-espol-se-invita-a-estudiantes-uartes-a-presentar-sus-audiovisuales-en-vista-previa\/#primaryimage","url":"https:\/\/www.uartes.edu.ec\/sitio\/wp-content\/uploads\/2021\/06\/Desde-la-ESPOL.jpg","contentUrl":"https:\/\/www.uartes.edu.ec\/sitio\/wp-content\/uploads\/2021\/06\/Desde-la-ESPOL.jpg","width":2000,"height":1332,"caption":"Desde la ESPOL se invita a estudiantes UArtes a presentar sus audiovisuales en Vista Previa"},{"@type":"BreadcrumbList","@id":"https:\/\/www.uartes.edu.ec\/sitio\/fr\/blog\/2021\/06\/08\/desde-la-espol-se-invita-a-estudiantes-uartes-a-presentar-sus-audiovisuales-en-vista-previa\/#breadcrumb","itemListElement":[{"@type":"ListItem","position":1,"name":"Inicio","item":"https:\/\/www.uartes.edu.ec\/sitio\/"},{"@type":"ListItem","position":2,"name":"Desde la ESPOL se invita a estudiantes UArtes a presentar sus audiovisuales en Vista Previa"}]},{"@type":"WebSite","@id":"https:\/\/www.uartes.edu.ec\/sitio\/fr\/#website","url":"https:\/\/www.uartes.edu.ec\/sitio\/fr\/","name":"Universidad de las Artes","description":"Sitio oficial de la Universidad Nacional de las Artes del Ecuador","publisher":{"@id":"https:\/\/www.uartes.edu.ec\/sitio\/fr\/#organization"},"potentialAction":[{"@type":"SearchAction","target":{"@type":"EntryPoint","urlTemplate":"https:\/\/www.uartes.edu.ec\/sitio\/fr\/?s={search_term_string}"},"query-input":{"@type":"PropertyValueSpecification","valueRequired":true,"valueName":"search_term_string"}}],"inLanguage":"fr-FR"},{"@type":"Organization","@id":"https:\/\/www.uartes.edu.ec\/sitio\/fr\/#organization","name":"Universidad de las Artes","url":"https:\/\/www.uartes.edu.ec\/sitio\/fr\/","logo":{"@type":"ImageObject","inLanguage":"fr-FR","@id":"https:\/\/www.uartes.edu.ec\/sitio\/fr\/#\/schema\/logo\/image\/","url":"https:\/\/www.uartes.edu.ec\/sitio\/wp-content\/uploads\/2022\/07\/logo-ua-horizontal.png","contentUrl":"https:\/\/www.uartes.edu.ec\/sitio\/wp-content\/uploads\/2022\/07\/logo-ua-horizontal.png","width":800,"height":276,"caption":"Universidad de las Artes"},"image":{"@id":"https:\/\/www.uartes.edu.ec\/sitio\/fr\/#\/schema\/logo\/image\/"},"sameAs":["https:\/\/www.facebook.com\/uartesec","https:\/\/x.com\/uartesec","https:\/\/www.tiktok.com\/@uartesec"]},{"@type":"Person","@id":"https:\/\/www.uartes.edu.ec\/sitio\/fr\/#\/schema\/person\/efa1b8275797664fd7f13a79ccc0b1f4","name":"ccortez","image":{"@type":"ImageObject","inLanguage":"fr-FR","@id":"https:\/\/secure.gravatar.com\/avatar\/b2a6f664a3ae8e074346ef91775736c5ec479e637ecced6842de9dc98b5da9cd?s=96&d=mm&r=g","url":"https:\/\/secure.gravatar.com\/avatar\/b2a6f664a3ae8e074346ef91775736c5ec479e637ecced6842de9dc98b5da9cd?s=96&d=mm&r=g","contentUrl":"https:\/\/secure.gravatar.com\/avatar\/b2a6f664a3ae8e074346ef91775736c5ec479e637ecced6842de9dc98b5da9cd?s=96&d=mm&r=g","caption":"ccortez"},"url":"https:\/\/www.uartes.edu.ec\/sitio\/fr\/blog\/author\/ccortez\/"}]}},"uagb_featured_image_src":{"full":["https:\/\/www.uartes.edu.ec\/sitio\/wp-content\/uploads\/2021\/06\/Desde-la-ESPOL.jpg",2000,1332,false],"thumbnail":["https:\/\/www.uartes.edu.ec\/sitio\/wp-content\/uploads\/2021\/06\/Desde-la-ESPOL-150x150.jpg",150,150,true],"medium":["https:\/\/www.uartes.edu.ec\/sitio\/wp-content\/uploads\/2021\/06\/Desde-la-ESPOL-300x200.jpg",300,200,true],"medium_large":["https:\/\/www.uartes.edu.ec\/sitio\/wp-content\/uploads\/2021\/06\/Desde-la-ESPOL-768x511.jpg",768,511,true],"large":["https:\/\/www.uartes.edu.ec\/sitio\/wp-content\/uploads\/2021\/06\/Desde-la-ESPOL-644x429.jpg",644,429,true],"1536x1536":["https:\/\/www.uartes.edu.ec\/sitio\/wp-content\/uploads\/2021\/06\/Desde-la-ESPOL-1536x1023.jpg",1536,1023,true],"2048x2048":["https:\/\/www.uartes.edu.ec\/sitio\/wp-content\/uploads\/2021\/06\/Desde-la-ESPOL.jpg",2000,1332,false],"trp-custom-language-flag":["https:\/\/www.uartes.edu.ec\/sitio\/wp-content\/uploads\/2021\/06\/Desde-la-ESPOL-16x12.jpg",16,12,true],"htmega_size_585x295":["https:\/\/www.uartes.edu.ec\/sitio\/wp-content\/uploads\/2021\/06\/Desde-la-ESPOL-585x295.jpg",585,295,true],"htmega_size_1170x536":["https:\/\/www.uartes.edu.ec\/sitio\/wp-content\/uploads\/2021\/06\/Desde-la-ESPOL-1170x536.jpg",1170,536,true],"htmega_size_396x360":["https:\/\/www.uartes.edu.ec\/sitio\/wp-content\/uploads\/2021\/06\/Desde-la-ESPOL-396x360.jpg",396,360,true],"gb-block-post-grid-landscape":["https:\/\/www.uartes.edu.ec\/sitio\/wp-content\/uploads\/2021\/06\/Desde-la-ESPOL.jpg",600,400,false],"gb-block-post-grid-square":["https:\/\/www.uartes.edu.ec\/sitio\/wp-content\/uploads\/2021\/06\/Desde-la-ESPOL.jpg",600,400,false],"university-hub-thumb":["https:\/\/www.uartes.edu.ec\/sitio\/wp-content\/uploads\/2021\/06\/Desde-la-ESPOL-400x266.jpg",400,266,true]},"uagb_author_info":{"display_name":"ccortez","author_link":"https:\/\/www.uartes.edu.ec\/sitio\/fr\/blog\/author\/ccortez\/"},"uagb_comment_info":0,"uagb_excerpt":"La Universidad de las Artes ya tiene sus representantes en el concurso de audiovisuales universitarios Vista Previa, organizado por la Escuela Superior Polit\u00e9cnica del Litoral, a trav\u00e9s de la Unidad de Arte y Cultura -ESPOL Cultural. Se trata de la tercera edici\u00f3n, que en este 2021, y debido a la pandemia por COVID-19, volver\u00e1 a\u2026","featured_image_src":"https:\/\/www.uartes.edu.ec\/sitio\/wp-content\/uploads\/2021\/06\/Desde-la-ESPOL.jpg","featured_image_src_square":"https:\/\/www.uartes.edu.ec\/sitio\/wp-content\/uploads\/2021\/06\/Desde-la-ESPOL.jpg","author_info":{"display_name":"ccortez","author_link":"https:\/\/www.uartes.edu.ec\/sitio\/fr\/blog\/author\/ccortez\/"},"publishpress_future_workflow_manual_trigger":{"enabledWorkflows":[]},"distributor_meta":false,"distributor_terms":false,"distributor_media":false,"distributor_original_site_name":"Universidad de las Artes","distributor_original_site_url":"https:\/\/www.uartes.edu.ec\/sitio\/fr","push-errors":false,"_links":{"self":[{"href":"https:\/\/www.uartes.edu.ec\/sitio\/fr\/wp-json\/wp\/v2\/posts\/14086","targetHints":{"allow":["GET"]}}],"collection":[{"href":"https:\/\/www.uartes.edu.ec\/sitio\/fr\/wp-json\/wp\/v2\/posts"}],"about":[{"href":"https:\/\/www.uartes.edu.ec\/sitio\/fr\/wp-json\/wp\/v2\/types\/post"}],"author":[{"embeddable":true,"href":"https:\/\/www.uartes.edu.ec\/sitio\/fr\/wp-json\/wp\/v2\/users\/10"}],"replies":[{"embeddable":true,"href":"https:\/\/www.uartes.edu.ec\/sitio\/fr\/wp-json\/wp\/v2\/comments?post=14086"}],"version-history":[{"count":3,"href":"https:\/\/www.uartes.edu.ec\/sitio\/fr\/wp-json\/wp\/v2\/posts\/14086\/revisions"}],"predecessor-version":[{"id":14114,"href":"https:\/\/www.uartes.edu.ec\/sitio\/fr\/wp-json\/wp\/v2\/posts\/14086\/revisions\/14114"}],"wp:featuredmedia":[{"embeddable":true,"href":"https:\/\/www.uartes.edu.ec\/sitio\/fr\/wp-json\/wp\/v2\/media\/14093"}],"wp:attachment":[{"href":"https:\/\/www.uartes.edu.ec\/sitio\/fr\/wp-json\/wp\/v2\/media?parent=14086"}],"wp:term":[{"taxonomy":"category","embeddable":true,"href":"https:\/\/www.uartes.edu.ec\/sitio\/fr\/wp-json\/wp\/v2\/categories?post=14086"},{"taxonomy":"post_tag","embeddable":true,"href":"https:\/\/www.uartes.edu.ec\/sitio\/fr\/wp-json\/wp\/v2\/tags?post=14086"},{"taxonomy":"infouartes","embeddable":true,"href":"https:\/\/www.uartes.edu.ec\/sitio\/fr\/wp-json\/wp\/v2\/infouartes?post=14086"}],"curies":[{"name":"wp","href":"https:\/\/api.w.org\/{rel}","templated":true}]}}