{"id":14191,"date":"2021-06-11T10:17:00","date_gmt":"2021-06-11T15:17:00","guid":{"rendered":"http:\/\/www.uartes.edu.ec\/sitio\/?p=14191"},"modified":"2024-07-04T11:26:14","modified_gmt":"2024-07-04T16:26:14","slug":"visita-de-autoridades-uartes-a-la-catolica-abre-camino-a-cooperacion-interinstitucional-academica-y-de-posgrados","status":"publish","type":"post","link":"https:\/\/www.uartes.edu.ec\/sitio\/fr\/blog\/2021\/06\/11\/visita-de-autoridades-uartes-a-la-catolica-abre-camino-a-cooperacion-interinstitucional-academica-y-de-posgrados\/","title":{"rendered":"Visita de autoridades UArtes a la UCSG abre camino a  cooperaci\u00f3n interinstitucional acad\u00e9mica"},"content":{"rendered":"<p>Atendiendo una invitaci\u00f3n del doctor Walter Mera, vicerrector de Investigaci\u00f3n y Posgrado de la Universidad Cat\u00f3lica Santiago de Guayaquil, el rector de la UArtes, doctor William Herrera R\u00edos, visit\u00f3 las instalaciones de esa instituci\u00f3n de educaci\u00f3n superior en compa\u00f1\u00eda de la vicerrectora de Posgrado e Investigaci\u00f3n en Artes, doctora Olga L\u00f3pez; el director de Producci\u00f3n de MZ14, Mgs. Daniel Merch\u00e1n; y, el Analista de Producci\u00f3n e Innovaci\u00f3n, licenciado \u00c1ngel Murillo.<\/p>\n\n\n\n<p>La delegaci\u00f3n de Universidad de las Artes recorri\u00f3 las instalaciones de la Cat\u00f3lica y junto con sus autoridades abordaron, entre otros temas, la cooperaci\u00f3n interinstitucional acad\u00e9mica y a nivel de posgrados y como miembros del HUB58. Este \u00faltimo es una iniciativa que nace de un acuerdo que la Senescyt mantiene con seis universidades de la zona 5 y 8 para promover la investigaci\u00f3n, la producci\u00f3n del conocimiento, la creatividad y la innovaci\u00f3n como parte de la b\u00fasqueda de potencializar las capacidades de la regi\u00f3n, la mejora de los emprendimientos y la formaci\u00f3n del talento humano. Lo integran con la UArtes y la UCSG, la Universidad T\u00e9cnica de Babahoyo (UTB), la Universidad Estatal de Bol\u00edvar (UEB), la Universidad Estatal de Milagro (UNEMI) y la Universidad T\u00e9cnica Estatal de Quevedo (UTEQ).<\/p>\n\n\n\n<p>La doctora Olga L\u00f3pez resalt\u00f3 el acercamiento de la UArtes con la Cat\u00f3lica, el cual no es nuevo, puesto que por ser amabas instituciones parte del HUB58 son copart\u00edcipes de un convenio, pero tiene intereses acad\u00e9micos. Se habl\u00f3 de ofrecerles los programas de maestr\u00edas que tenemos, por ejemplo, y se puede pensar luego de un intercambio de docentes, de estudiantes, de pr\u00e1cticas preprofesionales, anot\u00f3.<\/p>\n\n\n\n<p>Tras visitar la Universidad Cat\u00f3lica, la Vicerrectora de Posgrado e Investigaci\u00f3n en Artes mencion\u00f3&nbsp; la necesidad de recabar mucha informaci\u00f3n, a fin de determinar c\u00f3mo se pueden colaborar, pues no somos competencia, y c\u00f3mo las actividades acad\u00e9micas que desarrollamos y participamos: ILIA, Universos Sonoros, Cumulus, entre otras, se puedan promocionar all\u00e1.<\/p>\n\n\n\n<p>Al recorrer el canal de televisi\u00f3n de la Cat\u00f3lica, que cuenta, adem\u00e1s, con una emisora radial, Olga L\u00f3pez revel\u00f3 que estos medios de comunicaci\u00f3n universitarios fueron puestos a las \u00f3rdenes de la UArtes. \u201cSon ideas y colaboraciones que se van a ir construyendo en el tiempo\u201d.<\/p>\n\n\n\n<p>La iniciativa de conocer otras universidades se enmarca a lo expresado por el rector de la Universidad de las Artes en el acto de posesi\u00f3n. Que Guayaquil nos conozca m\u00e1s a la UArtes y viceversa, y en ello, coment\u00f3 la doctora Olga L\u00f3pez, hay dos frentes. Uno es acad\u00e9mico, que es el v\u00ednculo con las universidades, instituciones y centros de arte. El otro son los espacios de apertura y recepci\u00f3n de la actividad art\u00edstica a trav\u00e9s de la UArtes. \u201cConvertirnos en el lugar donde las artes de la ciudad y del pa\u00eds tenga su sitio; que sepan que es un referente para ellos, tener espacios de exposici\u00f3n, de visibilizaci\u00f3n y de circulaci\u00f3n de sus pr\u00e1cticas art\u00edsticas. Una vez superada la pandemia podemos entrar a otras din\u00e1micas de espacios\u201d.<\/p>\n\n\n<div class=\"wp-block-image\">\n<figure class=\"aligncenter size-full\"><img fetchpriority=\"high\" decoding=\"async\" width=\"2000\" height=\"1333\" src=\"http:\/\/www.uartes.edu.ec\/sitio\/wp-content\/uploads\/2021\/06\/UCSG-UARTES.jpg.jpg\" alt=\"\" class=\"wp-image-14193\" srcset=\"https:\/\/www.uartes.edu.ec\/sitio\/wp-content\/uploads\/2021\/06\/UCSG-UARTES.jpg.jpg 2000w, https:\/\/www.uartes.edu.ec\/sitio\/wp-content\/uploads\/2021\/06\/UCSG-UARTES.jpg-300x200.jpg 300w, https:\/\/www.uartes.edu.ec\/sitio\/wp-content\/uploads\/2021\/06\/UCSG-UARTES.jpg-644x429.jpg 644w, https:\/\/www.uartes.edu.ec\/sitio\/wp-content\/uploads\/2021\/06\/UCSG-UARTES.jpg-768x512.jpg 768w, https:\/\/www.uartes.edu.ec\/sitio\/wp-content\/uploads\/2021\/06\/UCSG-UARTES.jpg-1536x1024.jpg 1536w, https:\/\/www.uartes.edu.ec\/sitio\/wp-content\/uploads\/2021\/06\/UCSG-UARTES.jpg-16x12.jpg 16w, https:\/\/www.uartes.edu.ec\/sitio\/wp-content\/uploads\/2021\/06\/UCSG-UARTES.jpg-600x400.jpg 600w, https:\/\/www.uartes.edu.ec\/sitio\/wp-content\/uploads\/2021\/06\/UCSG-UARTES.jpg-400x267.jpg 400w, https:\/\/www.uartes.edu.ec\/sitio\/wp-content\/uploads\/2021\/06\/UCSG-UARTES.jpg-272x182.jpg 272w\" sizes=\"(max-width: 2000px) 100vw, 2000px\" \/><\/figure>\n<\/div>\n\n\n<p>El Director de Producci\u00f3n de MZ14 tambi\u00e9n destac\u00f3 de la visita a la Universidad Cat\u00f3lica el di\u00e1logo mantenido sobre la cooperaci\u00f3n interinstitucional a trav\u00e9s del HUB58 para fortalecer la relaci\u00f3n y desarrollar actividades de utilizaci\u00f3n de espacios. Los auditorios y el co-work de la UArtes, de los que nuestros alumnos, docentes e investigaciones hacen uso, puedan, asimismo, ser utilizados por ellos. Se habl\u00f3 de articular con la Facultad de Artes y Humanidades de la Cat\u00f3lica contenidos art\u00edsticos y acad\u00e9micos y que la UArtes pueda programar contenidos de actividades, como ILIA, Libre Libro, Interactos, Encuentro Esc\u00e9nico, CASE, Etnomusicolog\u00eda y Piano Man Non Solo. De igual manera, que los eventos hitos que tengan los podamos programar, anot\u00f3 Daniel Merch\u00e1n.<\/p>\n\n\n\n<p>Refiri\u00f3 que en las instalaciones del canal de la Cat\u00f3lica, el abogado Alberto Franco, su director, dio detalles de su funcionamiento, alcances, objetivos, metas y logros; \u00e9l comparti\u00f3 su visi\u00f3n de c\u00f3mo ser\u00e1 la comunicaci\u00f3n educativa en el presente y el futuro de la TV universitaria.<\/p>\n\n\n\n<p>&nbsp;\u201cA m\u00ed me interes\u00f3 mucho el di\u00e1logo por la radio, porque en la Universidad de las Artes vamos a generar una radio digital y sus ideas, por la experiencia que ya tienen, son un aporte\u201d, a\u00f1adi\u00f3 la doctora L\u00f3pez.<\/p>\n\n\n\n<p>\u00c1ngel Murillo coment\u00f3 que durante el recorrido por las instalaciones de la estaci\u00f3n televisiva y la radio de la Cat\u00f3lica, la Direcci\u00f3n de Producci\u00f3n puso en consideraci\u00f3n a MZ14, a fin de que sus espacios puedan ser utilizados. \u201cEl doctor Alberto Franco puso, asimismo, en consideraci\u00f3n al canal de televisi\u00f3n para que los contenidos art\u00edsticos de la UArtes puedan ser articulados all\u00ed\u201d, dijo Merch\u00e1n.<\/p>","protected":false},"excerpt":{"rendered":"<p>Atendiendo una invitaci\u00f3n del doctor Walter Mera, vicerrector de Investigaci\u00f3n y Posgrado de la UCSG, el rector de la UArtes, doctor William Herrera, visit\u00f3 sus instalaciones en compa\u00f1\u00eda de la vicerrectora de Posgrados e Investigaci\u00f3n en Artes, doctora Olga L\u00f3pez; el director de Producci\u00f3n de MZ14, Mgs. Daniel Merch\u00e1n; y, el Analista de Producci\u00f3n e Innovaci\u00f3n, licenciado \u00c1ngel Murillo.<\/p>","protected":false},"author":10,"featured_media":14192,"comment_status":"open","ping_status":"open","sticky":false,"template":"","format":"standard","meta":{"_acf_changed":false,"_uag_custom_page_level_css":"","_monsterinsights_skip_tracking":false,"_monsterinsights_sitenote_active":false,"_monsterinsights_sitenote_note":"","_monsterinsights_sitenote_category":0,"cybocfi_hide_featured_image":"","footnotes":""},"categories":[80,77,264,84],"tags":[472],"infouartes":[],"class_list":["post-14191","post","type-post","status-publish","format-standard","has-post-thumbnail","hentry","category-academico","category-gestion","category-maestrias","category-rectorado","tag-ucsg"],"acf":[],"yoast_head":"<!-- This site is optimized with the Yoast SEO plugin v27.4 - https:\/\/yoast.com\/product\/yoast-seo-wordpress\/ -->\n<title>Universidad de las Artes - Visita de autoridades UArtes a la UCSG abre camino a cooperaci\u00f3n interinstitucional acad\u00e9mica<\/title>\n<meta name=\"description\" content=\"Universidad de las Artes - Visita de autoridades UArtes a la UCSG abre camino a cooperaci\u00f3n interinstitucional acad\u00e9mica\" \/>\n<meta name=\"robots\" content=\"index, follow, max-snippet:-1, max-image-preview:large, max-video-preview:-1\" \/>\n<link rel=\"canonical\" href=\"https:\/\/www.uartes.edu.ec\/sitio\/fr\/blog\/2021\/06\/11\/visita-de-autoridades-uartes-a-la-catolica-abre-camino-a-cooperacion-interinstitucional-academica-y-de-posgrados\/\" \/>\n<meta property=\"og:locale\" content=\"fr_FR\" \/>\n<meta property=\"og:type\" content=\"article\" \/>\n<meta property=\"og:title\" content=\"Universidad de las Artes - Visita de autoridades UArtes a la UCSG abre camino a cooperaci\u00f3n interinstitucional acad\u00e9mica\" \/>\n<meta property=\"og:description\" content=\"Universidad de las Artes - Visita de autoridades UArtes a la UCSG abre camino a cooperaci\u00f3n interinstitucional acad\u00e9mica\" \/>\n<meta property=\"og:url\" content=\"https:\/\/www.uartes.edu.ec\/sitio\/fr\/blog\/2021\/06\/11\/visita-de-autoridades-uartes-a-la-catolica-abre-camino-a-cooperacion-interinstitucional-academica-y-de-posgrados\/\" \/>\n<meta property=\"og:site_name\" content=\"Universidad de las Artes\" \/>\n<meta property=\"article:publisher\" content=\"https:\/\/www.facebook.com\/uartesec\" \/>\n<meta property=\"article:published_time\" content=\"2021-06-11T15:17:00+00:00\" \/>\n<meta property=\"article:modified_time\" content=\"2024-07-04T16:26:14+00:00\" \/>\n<meta property=\"og:image\" content=\"https:\/\/www.uartes.edu.ec\/sitio\/wp-content\/uploads\/2021\/06\/UCSG-UARTES-2.jpg.jpg\" \/>\n\t<meta property=\"og:image:width\" content=\"2000\" \/>\n\t<meta property=\"og:image:height\" content=\"1333\" \/>\n\t<meta property=\"og:image:type\" content=\"image\/jpeg\" \/>\n<meta name=\"author\" content=\"ccortez\" \/>\n<meta name=\"twitter:card\" content=\"summary_large_image\" \/>\n<meta name=\"twitter:creator\" content=\"@uartesec\" \/>\n<meta name=\"twitter:site\" content=\"@uartesec\" \/>\n<meta name=\"twitter:label1\" content=\"\u00c9crit par\" \/>\n\t<meta name=\"twitter:data1\" content=\"ccortez\" \/>\n\t<meta name=\"twitter:label2\" content=\"Dur\u00e9e de lecture estim\u00e9e\" \/>\n\t<meta name=\"twitter:data2\" content=\"4 minutes\" \/>\n<script type=\"application\/ld+json\" class=\"yoast-schema-graph\">{\"@context\":\"https:\\\/\\\/schema.org\",\"@graph\":[{\"@type\":\"Article\",\"@id\":\"https:\\\/\\\/www.uartes.edu.ec\\\/sitio\\\/fr\\\/blog\\\/2021\\\/06\\\/11\\\/visita-de-autoridades-uartes-a-la-catolica-abre-camino-a-cooperacion-interinstitucional-academica-y-de-posgrados\\\/#article\",\"isPartOf\":{\"@id\":\"https:\\\/\\\/www.uartes.edu.ec\\\/sitio\\\/fr\\\/blog\\\/2021\\\/06\\\/11\\\/visita-de-autoridades-uartes-a-la-catolica-abre-camino-a-cooperacion-interinstitucional-academica-y-de-posgrados\\\/\"},\"author\":{\"name\":\"ccortez\",\"@id\":\"https:\\\/\\\/www.uartes.edu.ec\\\/sitio\\\/fr\\\/#\\\/schema\\\/person\\\/efa1b8275797664fd7f13a79ccc0b1f4\"},\"headline\":\"Visita de autoridades UArtes a la UCSG abre camino a cooperaci\u00f3n interinstitucional acad\u00e9mica\",\"datePublished\":\"2021-06-11T15:17:00+00:00\",\"dateModified\":\"2024-07-04T16:26:14+00:00\",\"mainEntityOfPage\":{\"@id\":\"https:\\\/\\\/www.uartes.edu.ec\\\/sitio\\\/fr\\\/blog\\\/2021\\\/06\\\/11\\\/visita-de-autoridades-uartes-a-la-catolica-abre-camino-a-cooperacion-interinstitucional-academica-y-de-posgrados\\\/\"},\"wordCount\":857,\"commentCount\":0,\"publisher\":{\"@id\":\"https:\\\/\\\/www.uartes.edu.ec\\\/sitio\\\/fr\\\/#organization\"},\"image\":{\"@id\":\"https:\\\/\\\/www.uartes.edu.ec\\\/sitio\\\/fr\\\/blog\\\/2021\\\/06\\\/11\\\/visita-de-autoridades-uartes-a-la-catolica-abre-camino-a-cooperacion-interinstitucional-academica-y-de-posgrados\\\/#primaryimage\"},\"thumbnailUrl\":\"https:\\\/\\\/www.uartes.edu.ec\\\/sitio\\\/wp-content\\\/uploads\\\/2021\\\/06\\\/UCSG-UARTES-2.jpg.jpg\",\"keywords\":[\"UCSG\"],\"articleSection\":[\"Acad\u00e9mico\",\"Gesti\u00f3n\",\"Maestr\u00edas\",\"Rectorado\"],\"inLanguage\":\"fr-FR\",\"potentialAction\":[{\"@type\":\"CommentAction\",\"name\":\"Comment\",\"target\":[\"https:\\\/\\\/www.uartes.edu.ec\\\/sitio\\\/fr\\\/blog\\\/2021\\\/06\\\/11\\\/visita-de-autoridades-uartes-a-la-catolica-abre-camino-a-cooperacion-interinstitucional-academica-y-de-posgrados\\\/#respond\"]}]},{\"@type\":[\"WebPage\",\"ItemPage\"],\"@id\":\"https:\\\/\\\/www.uartes.edu.ec\\\/sitio\\\/fr\\\/blog\\\/2021\\\/06\\\/11\\\/visita-de-autoridades-uartes-a-la-catolica-abre-camino-a-cooperacion-interinstitucional-academica-y-de-posgrados\\\/\",\"url\":\"https:\\\/\\\/www.uartes.edu.ec\\\/sitio\\\/fr\\\/blog\\\/2021\\\/06\\\/11\\\/visita-de-autoridades-uartes-a-la-catolica-abre-camino-a-cooperacion-interinstitucional-academica-y-de-posgrados\\\/\",\"name\":\"Universidad de las Artes - Visita de autoridades UArtes a la UCSG abre camino a cooperaci\u00f3n interinstitucional acad\u00e9mica\",\"isPartOf\":{\"@id\":\"https:\\\/\\\/www.uartes.edu.ec\\\/sitio\\\/fr\\\/#website\"},\"primaryImageOfPage\":{\"@id\":\"https:\\\/\\\/www.uartes.edu.ec\\\/sitio\\\/fr\\\/blog\\\/2021\\\/06\\\/11\\\/visita-de-autoridades-uartes-a-la-catolica-abre-camino-a-cooperacion-interinstitucional-academica-y-de-posgrados\\\/#primaryimage\"},\"image\":{\"@id\":\"https:\\\/\\\/www.uartes.edu.ec\\\/sitio\\\/fr\\\/blog\\\/2021\\\/06\\\/11\\\/visita-de-autoridades-uartes-a-la-catolica-abre-camino-a-cooperacion-interinstitucional-academica-y-de-posgrados\\\/#primaryimage\"},\"thumbnailUrl\":\"https:\\\/\\\/www.uartes.edu.ec\\\/sitio\\\/wp-content\\\/uploads\\\/2021\\\/06\\\/UCSG-UARTES-2.jpg.jpg\",\"datePublished\":\"2021-06-11T15:17:00+00:00\",\"dateModified\":\"2024-07-04T16:26:14+00:00\",\"description\":\"Universidad de las Artes - Visita de autoridades UArtes a la UCSG abre camino a cooperaci\u00f3n interinstitucional acad\u00e9mica\",\"breadcrumb\":{\"@id\":\"https:\\\/\\\/www.uartes.edu.ec\\\/sitio\\\/fr\\\/blog\\\/2021\\\/06\\\/11\\\/visita-de-autoridades-uartes-a-la-catolica-abre-camino-a-cooperacion-interinstitucional-academica-y-de-posgrados\\\/#breadcrumb\"},\"inLanguage\":\"fr-FR\",\"potentialAction\":[{\"@type\":\"ReadAction\",\"target\":[\"https:\\\/\\\/www.uartes.edu.ec\\\/sitio\\\/fr\\\/blog\\\/2021\\\/06\\\/11\\\/visita-de-autoridades-uartes-a-la-catolica-abre-camino-a-cooperacion-interinstitucional-academica-y-de-posgrados\\\/\"]}]},{\"@type\":\"ImageObject\",\"inLanguage\":\"fr-FR\",\"@id\":\"https:\\\/\\\/www.uartes.edu.ec\\\/sitio\\\/fr\\\/blog\\\/2021\\\/06\\\/11\\\/visita-de-autoridades-uartes-a-la-catolica-abre-camino-a-cooperacion-interinstitucional-academica-y-de-posgrados\\\/#primaryimage\",\"url\":\"https:\\\/\\\/www.uartes.edu.ec\\\/sitio\\\/wp-content\\\/uploads\\\/2021\\\/06\\\/UCSG-UARTES-2.jpg.jpg\",\"contentUrl\":\"https:\\\/\\\/www.uartes.edu.ec\\\/sitio\\\/wp-content\\\/uploads\\\/2021\\\/06\\\/UCSG-UARTES-2.jpg.jpg\",\"width\":2000,\"height\":1333},{\"@type\":\"BreadcrumbList\",\"@id\":\"https:\\\/\\\/www.uartes.edu.ec\\\/sitio\\\/fr\\\/blog\\\/2021\\\/06\\\/11\\\/visita-de-autoridades-uartes-a-la-catolica-abre-camino-a-cooperacion-interinstitucional-academica-y-de-posgrados\\\/#breadcrumb\",\"itemListElement\":[{\"@type\":\"ListItem\",\"position\":1,\"name\":\"Inicio\",\"item\":\"https:\\\/\\\/www.uartes.edu.ec\\\/sitio\\\/\"},{\"@type\":\"ListItem\",\"position\":2,\"name\":\"Visita de autoridades UArtes a la UCSG abre camino a cooperaci\u00f3n interinstitucional acad\u00e9mica\"}]},{\"@type\":\"WebSite\",\"@id\":\"https:\\\/\\\/www.uartes.edu.ec\\\/sitio\\\/fr\\\/#website\",\"url\":\"https:\\\/\\\/www.uartes.edu.ec\\\/sitio\\\/fr\\\/\",\"name\":\"Universidad de las Artes\",\"description\":\"Sitio oficial de la Universidad Nacional de las Artes del Ecuador\",\"publisher\":{\"@id\":\"https:\\\/\\\/www.uartes.edu.ec\\\/sitio\\\/fr\\\/#organization\"},\"potentialAction\":[{\"@type\":\"SearchAction\",\"target\":{\"@type\":\"EntryPoint\",\"urlTemplate\":\"https:\\\/\\\/www.uartes.edu.ec\\\/sitio\\\/fr\\\/?s={search_term_string}\"},\"query-input\":{\"@type\":\"PropertyValueSpecification\",\"valueRequired\":true,\"valueName\":\"search_term_string\"}}],\"inLanguage\":\"fr-FR\"},{\"@type\":\"Organization\",\"@id\":\"https:\\\/\\\/www.uartes.edu.ec\\\/sitio\\\/fr\\\/#organization\",\"name\":\"Universidad de las Artes\",\"url\":\"https:\\\/\\\/www.uartes.edu.ec\\\/sitio\\\/fr\\\/\",\"logo\":{\"@type\":\"ImageObject\",\"inLanguage\":\"fr-FR\",\"@id\":\"https:\\\/\\\/www.uartes.edu.ec\\\/sitio\\\/fr\\\/#\\\/schema\\\/logo\\\/image\\\/\",\"url\":\"https:\\\/\\\/www.uartes.edu.ec\\\/sitio\\\/wp-content\\\/uploads\\\/2022\\\/07\\\/logo-ua-horizontal.png\",\"contentUrl\":\"https:\\\/\\\/www.uartes.edu.ec\\\/sitio\\\/wp-content\\\/uploads\\\/2022\\\/07\\\/logo-ua-horizontal.png\",\"width\":800,\"height\":276,\"caption\":\"Universidad de las Artes\"},\"image\":{\"@id\":\"https:\\\/\\\/www.uartes.edu.ec\\\/sitio\\\/fr\\\/#\\\/schema\\\/logo\\\/image\\\/\"},\"sameAs\":[\"https:\\\/\\\/www.facebook.com\\\/uartesec\",\"https:\\\/\\\/x.com\\\/uartesec\",\"https:\\\/\\\/www.tiktok.com\\\/@uartesec\"]},{\"@type\":\"Person\",\"@id\":\"https:\\\/\\\/www.uartes.edu.ec\\\/sitio\\\/fr\\\/#\\\/schema\\\/person\\\/efa1b8275797664fd7f13a79ccc0b1f4\",\"name\":\"ccortez\",\"image\":{\"@type\":\"ImageObject\",\"inLanguage\":\"fr-FR\",\"@id\":\"https:\\\/\\\/secure.gravatar.com\\\/avatar\\\/b2a6f664a3ae8e074346ef91775736c5ec479e637ecced6842de9dc98b5da9cd?s=96&d=mm&r=g\",\"url\":\"https:\\\/\\\/secure.gravatar.com\\\/avatar\\\/b2a6f664a3ae8e074346ef91775736c5ec479e637ecced6842de9dc98b5da9cd?s=96&d=mm&r=g\",\"contentUrl\":\"https:\\\/\\\/secure.gravatar.com\\\/avatar\\\/b2a6f664a3ae8e074346ef91775736c5ec479e637ecced6842de9dc98b5da9cd?s=96&d=mm&r=g\",\"caption\":\"ccortez\"},\"url\":\"https:\\\/\\\/www.uartes.edu.ec\\\/sitio\\\/fr\\\/blog\\\/author\\\/ccortez\\\/\"}]}<\/script>\n<!-- \/ Yoast SEO plugin. -->","yoast_head_json":{"title":"Universidad de las Artes - Visita de autoridades UArtes a la UCSG abre camino a cooperaci\u00f3n interinstitucional acad\u00e9mica","description":"Universidad de las Artes - Visita de autoridades UArtes a la UCSG abre camino a cooperaci\u00f3n interinstitucional acad\u00e9mica","robots":{"index":"index","follow":"follow","max-snippet":"max-snippet:-1","max-image-preview":"max-image-preview:large","max-video-preview":"max-video-preview:-1"},"canonical":"https:\/\/www.uartes.edu.ec\/sitio\/fr\/blog\/2021\/06\/11\/visita-de-autoridades-uartes-a-la-catolica-abre-camino-a-cooperacion-interinstitucional-academica-y-de-posgrados\/","og_locale":"fr_FR","og_type":"article","og_title":"Universidad de las Artes - Visita de autoridades UArtes a la UCSG abre camino a cooperaci\u00f3n interinstitucional acad\u00e9mica","og_description":"Universidad de las Artes - Visita de autoridades UArtes a la UCSG abre camino a cooperaci\u00f3n interinstitucional acad\u00e9mica","og_url":"https:\/\/www.uartes.edu.ec\/sitio\/fr\/blog\/2021\/06\/11\/visita-de-autoridades-uartes-a-la-catolica-abre-camino-a-cooperacion-interinstitucional-academica-y-de-posgrados\/","og_site_name":"Universidad de las Artes","article_publisher":"https:\/\/www.facebook.com\/uartesec","article_published_time":"2021-06-11T15:17:00+00:00","article_modified_time":"2024-07-04T16:26:14+00:00","og_image":[{"width":2000,"height":1333,"url":"https:\/\/www.uartes.edu.ec\/sitio\/wp-content\/uploads\/2021\/06\/UCSG-UARTES-2.jpg.jpg","type":"image\/jpeg"}],"author":"ccortez","twitter_card":"summary_large_image","twitter_creator":"@uartesec","twitter_site":"@uartesec","twitter_misc":{"\u00c9crit par":"ccortez","Dur\u00e9e de lecture estim\u00e9e":"4 minutes"},"schema":{"@context":"https:\/\/schema.org","@graph":[{"@type":"Article","@id":"https:\/\/www.uartes.edu.ec\/sitio\/fr\/blog\/2021\/06\/11\/visita-de-autoridades-uartes-a-la-catolica-abre-camino-a-cooperacion-interinstitucional-academica-y-de-posgrados\/#article","isPartOf":{"@id":"https:\/\/www.uartes.edu.ec\/sitio\/fr\/blog\/2021\/06\/11\/visita-de-autoridades-uartes-a-la-catolica-abre-camino-a-cooperacion-interinstitucional-academica-y-de-posgrados\/"},"author":{"name":"ccortez","@id":"https:\/\/www.uartes.edu.ec\/sitio\/fr\/#\/schema\/person\/efa1b8275797664fd7f13a79ccc0b1f4"},"headline":"Visita de autoridades UArtes a la UCSG abre camino a cooperaci\u00f3n interinstitucional acad\u00e9mica","datePublished":"2021-06-11T15:17:00+00:00","dateModified":"2024-07-04T16:26:14+00:00","mainEntityOfPage":{"@id":"https:\/\/www.uartes.edu.ec\/sitio\/fr\/blog\/2021\/06\/11\/visita-de-autoridades-uartes-a-la-catolica-abre-camino-a-cooperacion-interinstitucional-academica-y-de-posgrados\/"},"wordCount":857,"commentCount":0,"publisher":{"@id":"https:\/\/www.uartes.edu.ec\/sitio\/fr\/#organization"},"image":{"@id":"https:\/\/www.uartes.edu.ec\/sitio\/fr\/blog\/2021\/06\/11\/visita-de-autoridades-uartes-a-la-catolica-abre-camino-a-cooperacion-interinstitucional-academica-y-de-posgrados\/#primaryimage"},"thumbnailUrl":"https:\/\/www.uartes.edu.ec\/sitio\/wp-content\/uploads\/2021\/06\/UCSG-UARTES-2.jpg.jpg","keywords":["UCSG"],"articleSection":["Acad\u00e9mico","Gesti\u00f3n","Maestr\u00edas","Rectorado"],"inLanguage":"fr-FR","potentialAction":[{"@type":"CommentAction","name":"Comment","target":["https:\/\/www.uartes.edu.ec\/sitio\/fr\/blog\/2021\/06\/11\/visita-de-autoridades-uartes-a-la-catolica-abre-camino-a-cooperacion-interinstitucional-academica-y-de-posgrados\/#respond"]}]},{"@type":["WebPage","ItemPage"],"@id":"https:\/\/www.uartes.edu.ec\/sitio\/fr\/blog\/2021\/06\/11\/visita-de-autoridades-uartes-a-la-catolica-abre-camino-a-cooperacion-interinstitucional-academica-y-de-posgrados\/","url":"https:\/\/www.uartes.edu.ec\/sitio\/fr\/blog\/2021\/06\/11\/visita-de-autoridades-uartes-a-la-catolica-abre-camino-a-cooperacion-interinstitucional-academica-y-de-posgrados\/","name":"Universidad de las Artes - Visita de autoridades UArtes a la UCSG abre camino a cooperaci\u00f3n interinstitucional acad\u00e9mica","isPartOf":{"@id":"https:\/\/www.uartes.edu.ec\/sitio\/fr\/#website"},"primaryImageOfPage":{"@id":"https:\/\/www.uartes.edu.ec\/sitio\/fr\/blog\/2021\/06\/11\/visita-de-autoridades-uartes-a-la-catolica-abre-camino-a-cooperacion-interinstitucional-academica-y-de-posgrados\/#primaryimage"},"image":{"@id":"https:\/\/www.uartes.edu.ec\/sitio\/fr\/blog\/2021\/06\/11\/visita-de-autoridades-uartes-a-la-catolica-abre-camino-a-cooperacion-interinstitucional-academica-y-de-posgrados\/#primaryimage"},"thumbnailUrl":"https:\/\/www.uartes.edu.ec\/sitio\/wp-content\/uploads\/2021\/06\/UCSG-UARTES-2.jpg.jpg","datePublished":"2021-06-11T15:17:00+00:00","dateModified":"2024-07-04T16:26:14+00:00","description":"Universidad de las Artes - Visita de autoridades UArtes a la UCSG abre camino a cooperaci\u00f3n interinstitucional acad\u00e9mica","breadcrumb":{"@id":"https:\/\/www.uartes.edu.ec\/sitio\/fr\/blog\/2021\/06\/11\/visita-de-autoridades-uartes-a-la-catolica-abre-camino-a-cooperacion-interinstitucional-academica-y-de-posgrados\/#breadcrumb"},"inLanguage":"fr-FR","potentialAction":[{"@type":"ReadAction","target":["https:\/\/www.uartes.edu.ec\/sitio\/fr\/blog\/2021\/06\/11\/visita-de-autoridades-uartes-a-la-catolica-abre-camino-a-cooperacion-interinstitucional-academica-y-de-posgrados\/"]}]},{"@type":"ImageObject","inLanguage":"fr-FR","@id":"https:\/\/www.uartes.edu.ec\/sitio\/fr\/blog\/2021\/06\/11\/visita-de-autoridades-uartes-a-la-catolica-abre-camino-a-cooperacion-interinstitucional-academica-y-de-posgrados\/#primaryimage","url":"https:\/\/www.uartes.edu.ec\/sitio\/wp-content\/uploads\/2021\/06\/UCSG-UARTES-2.jpg.jpg","contentUrl":"https:\/\/www.uartes.edu.ec\/sitio\/wp-content\/uploads\/2021\/06\/UCSG-UARTES-2.jpg.jpg","width":2000,"height":1333},{"@type":"BreadcrumbList","@id":"https:\/\/www.uartes.edu.ec\/sitio\/fr\/blog\/2021\/06\/11\/visita-de-autoridades-uartes-a-la-catolica-abre-camino-a-cooperacion-interinstitucional-academica-y-de-posgrados\/#breadcrumb","itemListElement":[{"@type":"ListItem","position":1,"name":"Inicio","item":"https:\/\/www.uartes.edu.ec\/sitio\/"},{"@type":"ListItem","position":2,"name":"Visita de autoridades UArtes a la UCSG abre camino a cooperaci\u00f3n interinstitucional acad\u00e9mica"}]},{"@type":"WebSite","@id":"https:\/\/www.uartes.edu.ec\/sitio\/fr\/#website","url":"https:\/\/www.uartes.edu.ec\/sitio\/fr\/","name":"Universidad de las Artes","description":"Sitio oficial de la Universidad Nacional de las Artes del Ecuador","publisher":{"@id":"https:\/\/www.uartes.edu.ec\/sitio\/fr\/#organization"},"potentialAction":[{"@type":"SearchAction","target":{"@type":"EntryPoint","urlTemplate":"https:\/\/www.uartes.edu.ec\/sitio\/fr\/?s={search_term_string}"},"query-input":{"@type":"PropertyValueSpecification","valueRequired":true,"valueName":"search_term_string"}}],"inLanguage":"fr-FR"},{"@type":"Organization","@id":"https:\/\/www.uartes.edu.ec\/sitio\/fr\/#organization","name":"Universidad de las Artes","url":"https:\/\/www.uartes.edu.ec\/sitio\/fr\/","logo":{"@type":"ImageObject","inLanguage":"fr-FR","@id":"https:\/\/www.uartes.edu.ec\/sitio\/fr\/#\/schema\/logo\/image\/","url":"https:\/\/www.uartes.edu.ec\/sitio\/wp-content\/uploads\/2022\/07\/logo-ua-horizontal.png","contentUrl":"https:\/\/www.uartes.edu.ec\/sitio\/wp-content\/uploads\/2022\/07\/logo-ua-horizontal.png","width":800,"height":276,"caption":"Universidad de las Artes"},"image":{"@id":"https:\/\/www.uartes.edu.ec\/sitio\/fr\/#\/schema\/logo\/image\/"},"sameAs":["https:\/\/www.facebook.com\/uartesec","https:\/\/x.com\/uartesec","https:\/\/www.tiktok.com\/@uartesec"]},{"@type":"Person","@id":"https:\/\/www.uartes.edu.ec\/sitio\/fr\/#\/schema\/person\/efa1b8275797664fd7f13a79ccc0b1f4","name":"ccortez","image":{"@type":"ImageObject","inLanguage":"fr-FR","@id":"https:\/\/secure.gravatar.com\/avatar\/b2a6f664a3ae8e074346ef91775736c5ec479e637ecced6842de9dc98b5da9cd?s=96&d=mm&r=g","url":"https:\/\/secure.gravatar.com\/avatar\/b2a6f664a3ae8e074346ef91775736c5ec479e637ecced6842de9dc98b5da9cd?s=96&d=mm&r=g","contentUrl":"https:\/\/secure.gravatar.com\/avatar\/b2a6f664a3ae8e074346ef91775736c5ec479e637ecced6842de9dc98b5da9cd?s=96&d=mm&r=g","caption":"ccortez"},"url":"https:\/\/www.uartes.edu.ec\/sitio\/fr\/blog\/author\/ccortez\/"}]}},"uagb_featured_image_src":{"full":["https:\/\/www.uartes.edu.ec\/sitio\/wp-content\/uploads\/2021\/06\/UCSG-UARTES-2.jpg.jpg",2000,1333,false],"thumbnail":["https:\/\/www.uartes.edu.ec\/sitio\/wp-content\/uploads\/2021\/06\/UCSG-UARTES-2.jpg-150x150.jpg",150,150,true],"medium":["https:\/\/www.uartes.edu.ec\/sitio\/wp-content\/uploads\/2021\/06\/UCSG-UARTES-2.jpg-300x200.jpg",300,200,true],"medium_large":["https:\/\/www.uartes.edu.ec\/sitio\/wp-content\/uploads\/2021\/06\/UCSG-UARTES-2.jpg-768x512.jpg",768,512,true],"large":["https:\/\/www.uartes.edu.ec\/sitio\/wp-content\/uploads\/2021\/06\/UCSG-UARTES-2.jpg-644x429.jpg",644,429,true],"1536x1536":["https:\/\/www.uartes.edu.ec\/sitio\/wp-content\/uploads\/2021\/06\/UCSG-UARTES-2.jpg-1536x1024.jpg",1536,1024,true],"2048x2048":["https:\/\/www.uartes.edu.ec\/sitio\/wp-content\/uploads\/2021\/06\/UCSG-UARTES-2.jpg.jpg",2000,1333,false],"trp-custom-language-flag":["https:\/\/www.uartes.edu.ec\/sitio\/wp-content\/uploads\/2021\/06\/UCSG-UARTES-2.jpg-16x12.jpg",16,12,true],"htmega_size_585x295":["https:\/\/www.uartes.edu.ec\/sitio\/wp-content\/uploads\/2021\/06\/UCSG-UARTES-2.jpg-585x295.jpg",585,295,true],"htmega_size_1170x536":["https:\/\/www.uartes.edu.ec\/sitio\/wp-content\/uploads\/2021\/06\/UCSG-UARTES-2.jpg-1170x536.jpg",1170,536,true],"htmega_size_396x360":["https:\/\/www.uartes.edu.ec\/sitio\/wp-content\/uploads\/2021\/06\/UCSG-UARTES-2.jpg-396x360.jpg",396,360,true],"gb-block-post-grid-landscape":["https:\/\/www.uartes.edu.ec\/sitio\/wp-content\/uploads\/2021\/06\/UCSG-UARTES-2.jpg.jpg",600,400,false],"gb-block-post-grid-square":["https:\/\/www.uartes.edu.ec\/sitio\/wp-content\/uploads\/2021\/06\/UCSG-UARTES-2.jpg.jpg",600,400,false],"university-hub-thumb":["https:\/\/www.uartes.edu.ec\/sitio\/wp-content\/uploads\/2021\/06\/UCSG-UARTES-2.jpg-400x267.jpg",400,267,true]},"uagb_author_info":{"display_name":"ccortez","author_link":"https:\/\/www.uartes.edu.ec\/sitio\/fr\/blog\/author\/ccortez\/"},"uagb_comment_info":0,"uagb_excerpt":"Atendiendo una invitaci\u00f3n del doctor Walter Mera, vicerrector de Investigaci\u00f3n y Posgrado de la UCSG, el rector de la UArtes, doctor William Herrera, visit\u00f3 sus instalaciones en compa\u00f1\u00eda de la vicerrectora de Posgrados e Investigaci\u00f3n en Artes, doctora Olga L\u00f3pez; el director de Producci\u00f3n de MZ14, Mgs. Daniel Merch\u00e1n; y, el Analista de Producci\u00f3n e\u2026","featured_image_src":"https:\/\/www.uartes.edu.ec\/sitio\/wp-content\/uploads\/2021\/06\/UCSG-UARTES-2.jpg.jpg","featured_image_src_square":"https:\/\/www.uartes.edu.ec\/sitio\/wp-content\/uploads\/2021\/06\/UCSG-UARTES-2.jpg.jpg","author_info":{"display_name":"ccortez","author_link":"https:\/\/www.uartes.edu.ec\/sitio\/fr\/blog\/author\/ccortez\/"},"publishpress_future_workflow_manual_trigger":{"enabledWorkflows":[]},"distributor_meta":false,"distributor_terms":false,"distributor_media":false,"distributor_original_site_name":"Universidad de las Artes","distributor_original_site_url":"https:\/\/www.uartes.edu.ec\/sitio\/fr","push-errors":false,"_links":{"self":[{"href":"https:\/\/www.uartes.edu.ec\/sitio\/fr\/wp-json\/wp\/v2\/posts\/14191","targetHints":{"allow":["GET"]}}],"collection":[{"href":"https:\/\/www.uartes.edu.ec\/sitio\/fr\/wp-json\/wp\/v2\/posts"}],"about":[{"href":"https:\/\/www.uartes.edu.ec\/sitio\/fr\/wp-json\/wp\/v2\/types\/post"}],"author":[{"embeddable":true,"href":"https:\/\/www.uartes.edu.ec\/sitio\/fr\/wp-json\/wp\/v2\/users\/10"}],"replies":[{"embeddable":true,"href":"https:\/\/www.uartes.edu.ec\/sitio\/fr\/wp-json\/wp\/v2\/comments?post=14191"}],"version-history":[{"count":5,"href":"https:\/\/www.uartes.edu.ec\/sitio\/fr\/wp-json\/wp\/v2\/posts\/14191\/revisions"}],"predecessor-version":[{"id":43363,"href":"https:\/\/www.uartes.edu.ec\/sitio\/fr\/wp-json\/wp\/v2\/posts\/14191\/revisions\/43363"}],"wp:featuredmedia":[{"embeddable":true,"href":"https:\/\/www.uartes.edu.ec\/sitio\/fr\/wp-json\/wp\/v2\/media\/14192"}],"wp:attachment":[{"href":"https:\/\/www.uartes.edu.ec\/sitio\/fr\/wp-json\/wp\/v2\/media?parent=14191"}],"wp:term":[{"taxonomy":"category","embeddable":true,"href":"https:\/\/www.uartes.edu.ec\/sitio\/fr\/wp-json\/wp\/v2\/categories?post=14191"},{"taxonomy":"post_tag","embeddable":true,"href":"https:\/\/www.uartes.edu.ec\/sitio\/fr\/wp-json\/wp\/v2\/tags?post=14191"},{"taxonomy":"infouartes","embeddable":true,"href":"https:\/\/www.uartes.edu.ec\/sitio\/fr\/wp-json\/wp\/v2\/infouartes?post=14191"}],"curies":[{"name":"wp","href":"https:\/\/api.w.org\/{rel}","templated":true}]}}