{"id":1425,"date":"2018-03-28T16:20:28","date_gmt":"2018-03-28T21:20:28","guid":{"rendered":"http:\/\/www.uartes.edu.ec\/infouartes\/?p=1425"},"modified":"2024-07-04T11:53:54","modified_gmt":"2024-07-04T16:53:54","slug":"premio-de-mezcla-de-sonido-documental-2018","status":"publish","type":"post","link":"https:\/\/www.uartes.edu.ec\/sitio\/fr\/blog\/2018\/03\/28\/premio-de-mezcla-de-sonido-documental-2018\/","title":{"rendered":"Premio de mezcla de sonido documental 2018"},"content":{"rendered":"<p>La Escuela de Cine de la Universidad de las Artes, a trav\u00e9s de su Unidad de Producci\u00f3n y en su af\u00e1n de fomentar la profesionalizaci\u00f3n audiovisual de los alumnos de la Escuela de Cine y fomentar v\u00ednculos con la comunidad cinematogr\u00e1fica audiovisual nacional e internacional, convocan al \u201cPrimer Concurso Nacional de Mezcla de Sonido Documental\u201d a llevarse a cabo en el a\u00f1o 2018.<\/p>\n<ol>\n<li>El concurso tendr\u00e1 dos premios: Para largometraje (hasta 100 horas de uso de la sala de mezcla de sonido de la Escuela de Cine de la Universidad de las Artes) y para cortometraje (hasta 30 horas de uso de la sala de mezcla de sonido de la Escuela de Cine de la Universidad de las Artes.<\/li>\n<li>Pueden participar en el concurso proyectos de largometraje y cortometraje de producci\u00f3n ecuatoriana (director (a) y\/o productor (a) ecuatoriana (o) residente en el Ecuador o (director (a) y\/o productor (a) ecuatoriana (o) residente en el extranjero) que se encuentren en una etapa avanzada de montaje. No podr\u00e1n participar proyectos donde los profesores y estudiantes de la Escuela de Cine de la Universidad de las Artes est\u00e9n involucrados como productores o directores.<\/li>\n<li>Las inscripciones de los proyectos estar\u00e1n abiertas desde el lunes 26 de marzo del 2018 hasta el viernes 20 de abril del 2018. Los proyectos que lleguen fuera de este tiempo no ser\u00e1n considerados para esta convocatoria.<\/li>\n<li>Para inscribir el proyecto al concurso, el postulante deber\u00e1 llenar la <a href=\"http:\/\/www.uartes.edu.ec\/descargables\/escuela-cine\/Formulario de Inscripci\u00f3n.docx\">ficha de inscripci\u00f3n<\/a> y mandarla junto con una copia digital del largometraje\/cortometraje (puede ser un link con una clave, el mismo que debe estar disponible durante todo el proceso) a la siguiente direcci\u00f3n de correo electr\u00f3nico <a href=\"mailto:proyectos.cine@uartes.edu.ec\">proyectos.cine@uartes.edu.ec<\/a><\/li>\n<li>Las obras cuyo idioma principal no sea el espa\u00f1ol, deber\u00e1n tener subt\u00edtulos en espa\u00f1ol.<\/li>\n<li>La Unidad de Producci\u00f3n conformar\u00e1 un comit\u00e9 de selecci\u00f3n que ser\u00e1 el encargado de seleccionar al largometraje y cortometraje ganadores.<\/li>\n<li>Los ganadores de los respectivos premios se dar\u00e1n a conocer en una fecha a determinar durante el festival de cine documental <strong>Encuentros del Otro Cine EDOC<\/strong> en la ciudad de Guayaquil.<\/li>\n<li>Las obras que resulten ganadoras deber\u00e1n contar en sus cr\u00e9ditos finales con una leyenda que diga: \u201cpel\u00edcula ganadora del premio UArtes documental\u201d y el logo de la Universidad de las Artes en todo material promocional.<\/li>\n<\/ol>\n<p>Notas adicionales:<\/p>\n<ul>\n<li>Las dos obras ganadoras podr\u00e1n hacer uso de la sala de mezcla durante los meses de Agosto 2018 o Marzo 2019 previa coordinaci\u00f3n con la Unidad de Producci\u00f3n.<\/li>\n<li>El premio consiste exclusivamente en el uso de la sala de mezcla mas no en la persona que va a realizarla. Los honorarios de esta persona y otros gastos no ser\u00e1n cubiertos por la Universidad de las Artes.<\/li>\n<li>La Unidad de producci\u00f3n proporcionar\u00e1 dos estudiantes del itinerario de sonido como asistentes para cada proyecto ganador y dar\u00e1 acompa\u00f1amiento t\u00e9cnico para el uso de la sala de mezcla.<\/li>\n<li>La Universidad de las Artes, la Escuela de Cine y la Unidad de Producci\u00f3n no son productores ni co-productores de la pel\u00edcula.<\/li>\n<li>Cualquier inquietud adicional comunicarse a <a href=\"mailto:proyectos.cine@uartes.edu.ec\">cine@uartes.edu.ec<\/a><\/li>\n<\/ul>","protected":false},"excerpt":{"rendered":"<p>La Escuela de Cine de la Universidad de las Artes, a trav\u00e9s de su Unidad de Producci\u00f3n y en su af\u00e1n de fomentar la profesionalizaci\u00f3n audiovisual de los alumnos de la Escuela de Cine y fomentar v\u00ednculos con la comunidad cinematogr\u00e1fica audiovisual nacional e internacional, convocan al \u201cPrimer Concurso Nacional de Mezcla de Sonido Documental\u201d [&hellip;]<\/p>\n","protected":false},"author":1,"featured_media":1426,"comment_status":"closed","ping_status":"closed","sticky":false,"template":"","format":"standard","meta":{"_acf_changed":false,"_uag_custom_page_level_css":"","_monsterinsights_skip_tracking":false,"_monsterinsights_sitenote_active":false,"_monsterinsights_sitenote_note":"","_monsterinsights_sitenote_category":0,"cybocfi_hide_featured_image":"","footnotes":""},"categories":[82],"tags":[],"infouartes":[],"class_list":["post-1425","post","type-post","status-publish","format-standard","has-post-thumbnail","hentry","category-artes"],"acf":[],"yoast_head":"<!-- This site is optimized with the Yoast SEO plugin v27.4 - https:\/\/yoast.com\/product\/yoast-seo-wordpress\/ -->\n<title>Universidad de las Artes - Premio de mezcla de sonido documental 2018<\/title>\n<meta name=\"description\" content=\"Universidad de las Artes - Premio de mezcla de sonido documental 2018\" \/>\n<meta name=\"robots\" content=\"index, follow, max-snippet:-1, max-image-preview:large, max-video-preview:-1\" \/>\n<link rel=\"canonical\" href=\"https:\/\/www.uartes.edu.ec\/sitio\/fr\/blog\/2018\/03\/28\/premio-de-mezcla-de-sonido-documental-2018\/\" \/>\n<meta property=\"og:locale\" content=\"fr_FR\" \/>\n<meta property=\"og:type\" content=\"article\" \/>\n<meta property=\"og:title\" content=\"Universidad de las Artes - Premio de mezcla de sonido documental 2018\" \/>\n<meta property=\"og:description\" content=\"Universidad de las Artes - Premio de mezcla de sonido documental 2018\" \/>\n<meta property=\"og:url\" content=\"https:\/\/www.uartes.edu.ec\/sitio\/fr\/blog\/2018\/03\/28\/premio-de-mezcla-de-sonido-documental-2018\/\" \/>\n<meta property=\"og:site_name\" content=\"Universidad de las Artes\" \/>\n<meta property=\"article:publisher\" content=\"https:\/\/www.facebook.com\/uartesec\" \/>\n<meta property=\"article:published_time\" content=\"2018-03-28T21:20:28+00:00\" \/>\n<meta property=\"article:modified_time\" content=\"2024-07-04T16:53:54+00:00\" \/>\n<meta name=\"author\" content=\"Universidad de las Artes\" \/>\n<meta name=\"twitter:card\" content=\"summary_large_image\" \/>\n<meta name=\"twitter:creator\" content=\"@uartesec\" \/>\n<meta name=\"twitter:site\" content=\"@uartesec\" \/>\n<meta name=\"twitter:label1\" content=\"\u00c9crit par\" \/>\n\t<meta name=\"twitter:data1\" content=\"Universidad de las Artes\" \/>\n\t<meta name=\"twitter:label2\" content=\"Dur\u00e9e de lecture estim\u00e9e\" \/>\n\t<meta name=\"twitter:data2\" content=\"3 minutes\" \/>\n<script type=\"application\/ld+json\" class=\"yoast-schema-graph\">{\"@context\":\"https:\\\/\\\/schema.org\",\"@graph\":[{\"@type\":\"Article\",\"@id\":\"https:\\\/\\\/www.uartes.edu.ec\\\/sitio\\\/fr\\\/blog\\\/2018\\\/03\\\/28\\\/premio-de-mezcla-de-sonido-documental-2018\\\/#article\",\"isPartOf\":{\"@id\":\"https:\\\/\\\/www.uartes.edu.ec\\\/sitio\\\/fr\\\/blog\\\/2018\\\/03\\\/28\\\/premio-de-mezcla-de-sonido-documental-2018\\\/\"},\"author\":{\"name\":\"Universidad de las Artes\",\"@id\":\"https:\\\/\\\/www.uartes.edu.ec\\\/sitio\\\/fr\\\/#\\\/schema\\\/person\\\/f33f8c1d2af0d5c80a38c8abf458184a\"},\"headline\":\"Premio de mezcla de sonido documental 2018\",\"datePublished\":\"2018-03-28T21:20:28+00:00\",\"dateModified\":\"2024-07-04T16:53:54+00:00\",\"mainEntityOfPage\":{\"@id\":\"https:\\\/\\\/www.uartes.edu.ec\\\/sitio\\\/fr\\\/blog\\\/2018\\\/03\\\/28\\\/premio-de-mezcla-de-sonido-documental-2018\\\/\"},\"wordCount\":541,\"publisher\":{\"@id\":\"https:\\\/\\\/www.uartes.edu.ec\\\/sitio\\\/fr\\\/#organization\"},\"image\":{\"@id\":\"https:\\\/\\\/www.uartes.edu.ec\\\/sitio\\\/fr\\\/blog\\\/2018\\\/03\\\/28\\\/premio-de-mezcla-de-sonido-documental-2018\\\/#primaryimage\"},\"thumbnailUrl\":\"\",\"articleSection\":[\"Artes\"],\"inLanguage\":\"fr-FR\"},{\"@type\":[\"WebPage\",\"ItemPage\"],\"@id\":\"https:\\\/\\\/www.uartes.edu.ec\\\/sitio\\\/fr\\\/blog\\\/2018\\\/03\\\/28\\\/premio-de-mezcla-de-sonido-documental-2018\\\/\",\"url\":\"https:\\\/\\\/www.uartes.edu.ec\\\/sitio\\\/fr\\\/blog\\\/2018\\\/03\\\/28\\\/premio-de-mezcla-de-sonido-documental-2018\\\/\",\"name\":\"Universidad de las Artes - Premio de mezcla de sonido documental 2018\",\"isPartOf\":{\"@id\":\"https:\\\/\\\/www.uartes.edu.ec\\\/sitio\\\/fr\\\/#website\"},\"primaryImageOfPage\":{\"@id\":\"https:\\\/\\\/www.uartes.edu.ec\\\/sitio\\\/fr\\\/blog\\\/2018\\\/03\\\/28\\\/premio-de-mezcla-de-sonido-documental-2018\\\/#primaryimage\"},\"image\":{\"@id\":\"https:\\\/\\\/www.uartes.edu.ec\\\/sitio\\\/fr\\\/blog\\\/2018\\\/03\\\/28\\\/premio-de-mezcla-de-sonido-documental-2018\\\/#primaryimage\"},\"thumbnailUrl\":\"\",\"datePublished\":\"2018-03-28T21:20:28+00:00\",\"dateModified\":\"2024-07-04T16:53:54+00:00\",\"description\":\"Universidad de las Artes - Premio de mezcla de sonido documental 2018\",\"breadcrumb\":{\"@id\":\"https:\\\/\\\/www.uartes.edu.ec\\\/sitio\\\/fr\\\/blog\\\/2018\\\/03\\\/28\\\/premio-de-mezcla-de-sonido-documental-2018\\\/#breadcrumb\"},\"inLanguage\":\"fr-FR\",\"potentialAction\":[{\"@type\":\"ReadAction\",\"target\":[\"https:\\\/\\\/www.uartes.edu.ec\\\/sitio\\\/fr\\\/blog\\\/2018\\\/03\\\/28\\\/premio-de-mezcla-de-sonido-documental-2018\\\/\"]}]},{\"@type\":\"ImageObject\",\"inLanguage\":\"fr-FR\",\"@id\":\"https:\\\/\\\/www.uartes.edu.ec\\\/sitio\\\/fr\\\/blog\\\/2018\\\/03\\\/28\\\/premio-de-mezcla-de-sonido-documental-2018\\\/#primaryimage\",\"url\":\"\",\"contentUrl\":\"\"},{\"@type\":\"BreadcrumbList\",\"@id\":\"https:\\\/\\\/www.uartes.edu.ec\\\/sitio\\\/fr\\\/blog\\\/2018\\\/03\\\/28\\\/premio-de-mezcla-de-sonido-documental-2018\\\/#breadcrumb\",\"itemListElement\":[{\"@type\":\"ListItem\",\"position\":1,\"name\":\"Inicio\",\"item\":\"https:\\\/\\\/www.uartes.edu.ec\\\/sitio\\\/\"},{\"@type\":\"ListItem\",\"position\":2,\"name\":\"Premio de mezcla de sonido documental 2018\"}]},{\"@type\":\"WebSite\",\"@id\":\"https:\\\/\\\/www.uartes.edu.ec\\\/sitio\\\/fr\\\/#website\",\"url\":\"https:\\\/\\\/www.uartes.edu.ec\\\/sitio\\\/fr\\\/\",\"name\":\"Universidad de las Artes\",\"description\":\"Sitio oficial de la Universidad Nacional de las Artes del Ecuador\",\"publisher\":{\"@id\":\"https:\\\/\\\/www.uartes.edu.ec\\\/sitio\\\/fr\\\/#organization\"},\"potentialAction\":[{\"@type\":\"SearchAction\",\"target\":{\"@type\":\"EntryPoint\",\"urlTemplate\":\"https:\\\/\\\/www.uartes.edu.ec\\\/sitio\\\/fr\\\/?s={search_term_string}\"},\"query-input\":{\"@type\":\"PropertyValueSpecification\",\"valueRequired\":true,\"valueName\":\"search_term_string\"}}],\"inLanguage\":\"fr-FR\"},{\"@type\":\"Organization\",\"@id\":\"https:\\\/\\\/www.uartes.edu.ec\\\/sitio\\\/fr\\\/#organization\",\"name\":\"Universidad de las Artes\",\"url\":\"https:\\\/\\\/www.uartes.edu.ec\\\/sitio\\\/fr\\\/\",\"logo\":{\"@type\":\"ImageObject\",\"inLanguage\":\"fr-FR\",\"@id\":\"https:\\\/\\\/www.uartes.edu.ec\\\/sitio\\\/fr\\\/#\\\/schema\\\/logo\\\/image\\\/\",\"url\":\"https:\\\/\\\/www.uartes.edu.ec\\\/sitio\\\/wp-content\\\/uploads\\\/2022\\\/07\\\/logo-ua-horizontal.png\",\"contentUrl\":\"https:\\\/\\\/www.uartes.edu.ec\\\/sitio\\\/wp-content\\\/uploads\\\/2022\\\/07\\\/logo-ua-horizontal.png\",\"width\":800,\"height\":276,\"caption\":\"Universidad de las Artes\"},\"image\":{\"@id\":\"https:\\\/\\\/www.uartes.edu.ec\\\/sitio\\\/fr\\\/#\\\/schema\\\/logo\\\/image\\\/\"},\"sameAs\":[\"https:\\\/\\\/www.facebook.com\\\/uartesec\",\"https:\\\/\\\/x.com\\\/uartesec\",\"https:\\\/\\\/www.tiktok.com\\\/@uartesec\"]},{\"@type\":\"Person\",\"@id\":\"https:\\\/\\\/www.uartes.edu.ec\\\/sitio\\\/fr\\\/#\\\/schema\\\/person\\\/f33f8c1d2af0d5c80a38c8abf458184a\",\"name\":\"Universidad de las Artes\",\"image\":{\"@type\":\"ImageObject\",\"inLanguage\":\"fr-FR\",\"@id\":\"https:\\\/\\\/secure.gravatar.com\\\/avatar\\\/52e4757902f5cfa5ac52d020e5be83cae5487519154b6c35482fe08d589f3c13?s=96&d=mm&r=g\",\"url\":\"https:\\\/\\\/secure.gravatar.com\\\/avatar\\\/52e4757902f5cfa5ac52d020e5be83cae5487519154b6c35482fe08d589f3c13?s=96&d=mm&r=g\",\"contentUrl\":\"https:\\\/\\\/secure.gravatar.com\\\/avatar\\\/52e4757902f5cfa5ac52d020e5be83cae5487519154b6c35482fe08d589f3c13?s=96&d=mm&r=g\",\"caption\":\"Universidad de las Artes\"},\"url\":\"https:\\\/\\\/www.uartes.edu.ec\\\/sitio\\\/fr\\\/blog\\\/author\\\/dircomadm\\\/\"}]}<\/script>\n<!-- \/ Yoast SEO plugin. -->","yoast_head_json":{"title":"Universidad de las Artes - Premio de mezcla de sonido documental 2018","description":"Universidad de las Artes - Premio de mezcla de sonido documental 2018","robots":{"index":"index","follow":"follow","max-snippet":"max-snippet:-1","max-image-preview":"max-image-preview:large","max-video-preview":"max-video-preview:-1"},"canonical":"https:\/\/www.uartes.edu.ec\/sitio\/fr\/blog\/2018\/03\/28\/premio-de-mezcla-de-sonido-documental-2018\/","og_locale":"fr_FR","og_type":"article","og_title":"Universidad de las Artes - Premio de mezcla de sonido documental 2018","og_description":"Universidad de las Artes - Premio de mezcla de sonido documental 2018","og_url":"https:\/\/www.uartes.edu.ec\/sitio\/fr\/blog\/2018\/03\/28\/premio-de-mezcla-de-sonido-documental-2018\/","og_site_name":"Universidad de las Artes","article_publisher":"https:\/\/www.facebook.com\/uartesec","article_published_time":"2018-03-28T21:20:28+00:00","article_modified_time":"2024-07-04T16:53:54+00:00","author":"Universidad de las Artes","twitter_card":"summary_large_image","twitter_creator":"@uartesec","twitter_site":"@uartesec","twitter_misc":{"\u00c9crit par":"Universidad de las Artes","Dur\u00e9e de lecture estim\u00e9e":"3 minutes"},"schema":{"@context":"https:\/\/schema.org","@graph":[{"@type":"Article","@id":"https:\/\/www.uartes.edu.ec\/sitio\/fr\/blog\/2018\/03\/28\/premio-de-mezcla-de-sonido-documental-2018\/#article","isPartOf":{"@id":"https:\/\/www.uartes.edu.ec\/sitio\/fr\/blog\/2018\/03\/28\/premio-de-mezcla-de-sonido-documental-2018\/"},"author":{"name":"Universidad de las Artes","@id":"https:\/\/www.uartes.edu.ec\/sitio\/fr\/#\/schema\/person\/f33f8c1d2af0d5c80a38c8abf458184a"},"headline":"Premio de mezcla de sonido documental 2018","datePublished":"2018-03-28T21:20:28+00:00","dateModified":"2024-07-04T16:53:54+00:00","mainEntityOfPage":{"@id":"https:\/\/www.uartes.edu.ec\/sitio\/fr\/blog\/2018\/03\/28\/premio-de-mezcla-de-sonido-documental-2018\/"},"wordCount":541,"publisher":{"@id":"https:\/\/www.uartes.edu.ec\/sitio\/fr\/#organization"},"image":{"@id":"https:\/\/www.uartes.edu.ec\/sitio\/fr\/blog\/2018\/03\/28\/premio-de-mezcla-de-sonido-documental-2018\/#primaryimage"},"thumbnailUrl":"","articleSection":["Artes"],"inLanguage":"fr-FR"},{"@type":["WebPage","ItemPage"],"@id":"https:\/\/www.uartes.edu.ec\/sitio\/fr\/blog\/2018\/03\/28\/premio-de-mezcla-de-sonido-documental-2018\/","url":"https:\/\/www.uartes.edu.ec\/sitio\/fr\/blog\/2018\/03\/28\/premio-de-mezcla-de-sonido-documental-2018\/","name":"Universidad de las Artes - Premio de mezcla de sonido documental 2018","isPartOf":{"@id":"https:\/\/www.uartes.edu.ec\/sitio\/fr\/#website"},"primaryImageOfPage":{"@id":"https:\/\/www.uartes.edu.ec\/sitio\/fr\/blog\/2018\/03\/28\/premio-de-mezcla-de-sonido-documental-2018\/#primaryimage"},"image":{"@id":"https:\/\/www.uartes.edu.ec\/sitio\/fr\/blog\/2018\/03\/28\/premio-de-mezcla-de-sonido-documental-2018\/#primaryimage"},"thumbnailUrl":"","datePublished":"2018-03-28T21:20:28+00:00","dateModified":"2024-07-04T16:53:54+00:00","description":"Universidad de las Artes - Premio de mezcla de sonido documental 2018","breadcrumb":{"@id":"https:\/\/www.uartes.edu.ec\/sitio\/fr\/blog\/2018\/03\/28\/premio-de-mezcla-de-sonido-documental-2018\/#breadcrumb"},"inLanguage":"fr-FR","potentialAction":[{"@type":"ReadAction","target":["https:\/\/www.uartes.edu.ec\/sitio\/fr\/blog\/2018\/03\/28\/premio-de-mezcla-de-sonido-documental-2018\/"]}]},{"@type":"ImageObject","inLanguage":"fr-FR","@id":"https:\/\/www.uartes.edu.ec\/sitio\/fr\/blog\/2018\/03\/28\/premio-de-mezcla-de-sonido-documental-2018\/#primaryimage","url":"","contentUrl":""},{"@type":"BreadcrumbList","@id":"https:\/\/www.uartes.edu.ec\/sitio\/fr\/blog\/2018\/03\/28\/premio-de-mezcla-de-sonido-documental-2018\/#breadcrumb","itemListElement":[{"@type":"ListItem","position":1,"name":"Inicio","item":"https:\/\/www.uartes.edu.ec\/sitio\/"},{"@type":"ListItem","position":2,"name":"Premio de mezcla de sonido documental 2018"}]},{"@type":"WebSite","@id":"https:\/\/www.uartes.edu.ec\/sitio\/fr\/#website","url":"https:\/\/www.uartes.edu.ec\/sitio\/fr\/","name":"Universidad de las Artes","description":"Sitio oficial de la Universidad Nacional de las Artes del Ecuador","publisher":{"@id":"https:\/\/www.uartes.edu.ec\/sitio\/fr\/#organization"},"potentialAction":[{"@type":"SearchAction","target":{"@type":"EntryPoint","urlTemplate":"https:\/\/www.uartes.edu.ec\/sitio\/fr\/?s={search_term_string}"},"query-input":{"@type":"PropertyValueSpecification","valueRequired":true,"valueName":"search_term_string"}}],"inLanguage":"fr-FR"},{"@type":"Organization","@id":"https:\/\/www.uartes.edu.ec\/sitio\/fr\/#organization","name":"Universidad de las Artes","url":"https:\/\/www.uartes.edu.ec\/sitio\/fr\/","logo":{"@type":"ImageObject","inLanguage":"fr-FR","@id":"https:\/\/www.uartes.edu.ec\/sitio\/fr\/#\/schema\/logo\/image\/","url":"https:\/\/www.uartes.edu.ec\/sitio\/wp-content\/uploads\/2022\/07\/logo-ua-horizontal.png","contentUrl":"https:\/\/www.uartes.edu.ec\/sitio\/wp-content\/uploads\/2022\/07\/logo-ua-horizontal.png","width":800,"height":276,"caption":"Universidad de las Artes"},"image":{"@id":"https:\/\/www.uartes.edu.ec\/sitio\/fr\/#\/schema\/logo\/image\/"},"sameAs":["https:\/\/www.facebook.com\/uartesec","https:\/\/x.com\/uartesec","https:\/\/www.tiktok.com\/@uartesec"]},{"@type":"Person","@id":"https:\/\/www.uartes.edu.ec\/sitio\/fr\/#\/schema\/person\/f33f8c1d2af0d5c80a38c8abf458184a","name":"Universidad de las Artes","image":{"@type":"ImageObject","inLanguage":"fr-FR","@id":"https:\/\/secure.gravatar.com\/avatar\/52e4757902f5cfa5ac52d020e5be83cae5487519154b6c35482fe08d589f3c13?s=96&d=mm&r=g","url":"https:\/\/secure.gravatar.com\/avatar\/52e4757902f5cfa5ac52d020e5be83cae5487519154b6c35482fe08d589f3c13?s=96&d=mm&r=g","contentUrl":"https:\/\/secure.gravatar.com\/avatar\/52e4757902f5cfa5ac52d020e5be83cae5487519154b6c35482fe08d589f3c13?s=96&d=mm&r=g","caption":"Universidad de las Artes"},"url":"https:\/\/www.uartes.edu.ec\/sitio\/fr\/blog\/author\/dircomadm\/"}]}},"uagb_featured_image_src":{"full":false,"thumbnail":false,"medium":false,"medium_large":false,"large":false,"1536x1536":false,"2048x2048":false,"trp-custom-language-flag":false,"htmega_size_585x295":false,"htmega_size_1170x536":false,"htmega_size_396x360":false,"gb-block-post-grid-landscape":false,"gb-block-post-grid-square":false,"university-hub-thumb":false},"uagb_author_info":{"display_name":"Universidad de las Artes","author_link":"https:\/\/www.uartes.edu.ec\/sitio\/fr\/blog\/author\/dircomadm\/"},"uagb_comment_info":0,"uagb_excerpt":"La Escuela de Cine de la Universidad de las Artes, a trav\u00e9s de su Unidad de Producci\u00f3n y en su af\u00e1n de fomentar la profesionalizaci\u00f3n audiovisual de los alumnos de la Escuela de Cine y fomentar v\u00ednculos con la comunidad cinematogr\u00e1fica audiovisual nacional e internacional, convocan al \u201cPrimer Concurso Nacional de Mezcla de Sonido Documental\u201d\u2026","featured_image_src":null,"featured_image_src_square":null,"author_info":{"display_name":"Universidad de las Artes","author_link":"https:\/\/www.uartes.edu.ec\/sitio\/fr\/blog\/author\/dircomadm\/"},"publishpress_future_workflow_manual_trigger":{"enabledWorkflows":[]},"distributor_meta":false,"distributor_terms":false,"distributor_media":false,"distributor_original_site_name":"Universidad de las Artes","distributor_original_site_url":"https:\/\/www.uartes.edu.ec\/sitio\/fr","push-errors":false,"_links":{"self":[{"href":"https:\/\/www.uartes.edu.ec\/sitio\/fr\/wp-json\/wp\/v2\/posts\/1425","targetHints":{"allow":["GET"]}}],"collection":[{"href":"https:\/\/www.uartes.edu.ec\/sitio\/fr\/wp-json\/wp\/v2\/posts"}],"about":[{"href":"https:\/\/www.uartes.edu.ec\/sitio\/fr\/wp-json\/wp\/v2\/types\/post"}],"author":[{"embeddable":true,"href":"https:\/\/www.uartes.edu.ec\/sitio\/fr\/wp-json\/wp\/v2\/users\/1"}],"replies":[{"embeddable":true,"href":"https:\/\/www.uartes.edu.ec\/sitio\/fr\/wp-json\/wp\/v2\/comments?post=1425"}],"version-history":[{"count":1,"href":"https:\/\/www.uartes.edu.ec\/sitio\/fr\/wp-json\/wp\/v2\/posts\/1425\/revisions"}],"predecessor-version":[{"id":3412,"href":"https:\/\/www.uartes.edu.ec\/sitio\/fr\/wp-json\/wp\/v2\/posts\/1425\/revisions\/3412"}],"wp:featuredmedia":[{"embeddable":true,"href":"https:\/\/www.uartes.edu.ec\/sitio\/fr\/wp-json\/"}],"wp:attachment":[{"href":"https:\/\/www.uartes.edu.ec\/sitio\/fr\/wp-json\/wp\/v2\/media?parent=1425"}],"wp:term":[{"taxonomy":"category","embeddable":true,"href":"https:\/\/www.uartes.edu.ec\/sitio\/fr\/wp-json\/wp\/v2\/categories?post=1425"},{"taxonomy":"post_tag","embeddable":true,"href":"https:\/\/www.uartes.edu.ec\/sitio\/fr\/wp-json\/wp\/v2\/tags?post=1425"},{"taxonomy":"infouartes","embeddable":true,"href":"https:\/\/www.uartes.edu.ec\/sitio\/fr\/wp-json\/wp\/v2\/infouartes?post=1425"}],"curies":[{"name":"wp","href":"https:\/\/api.w.org\/{rel}","templated":true}]}}