{"id":14400,"date":"2021-06-22T10:29:00","date_gmt":"2021-06-22T15:29:00","guid":{"rendered":"http:\/\/www.uartes.edu.ec\/sitio\/?p=14400"},"modified":"2024-07-04T11:26:12","modified_gmt":"2024-07-04T16:26:12","slug":"libro-editado-por-la-uartes-revela-condiciones-de-los-trabajadores-de-la-cultura-en-el-ecuador","status":"publish","type":"post","link":"https:\/\/www.uartes.edu.ec\/sitio\/fr\/blog\/2021\/06\/22\/libro-editado-por-la-uartes-revela-condiciones-de-los-trabajadores-de-la-cultura-en-el-ecuador\/","title":{"rendered":"Libro editado por la UArtes revela condiciones de los trabajadores de la Cultura en el Ecuador"},"content":{"rendered":"<p>Durante el I Encuentro de Pol\u00edticas y Econom\u00eda de la Cultura, que se inici\u00f3 este lunes 21 de junio de 2021 y concluir\u00e1 el viernes 25, se har\u00e1 la presentaci\u00f3n del libro <em>Trabajadores de la Cultura en Ecuador: condiciones y perspectiva, <\/em>una publicaci\u00f3n de UArtes Ediciones que recoge investigaciones sobre el estatus laboral de quienes se dedican al \u00e1mbito cultural en el pa\u00eds.<\/p>\n\n\n\n<p>El acto de presentaci\u00f3n en la cita virtual e internacional, que es organizada por el Observatorio de Pol\u00edticas y Econom\u00eda de la Cultura con financiamiento de Organizaci\u00f3n de Estados Iberoamericanos (OEI), tendr\u00e1 lugar este mi\u00e9rcoles 23, de 09:30 a 11:00. En la edici\u00f3n de la obra interviene Pablo Cardoso, quien dirige el Observatorio y el Instituto Latinoamericano de Investigaci\u00f3n en Artes, ambos dispositivos de la UArtes.&nbsp;<\/p>\n\n\n\n<p>El rector de la UArtes, doctor William Herrera R\u00edos, interviene en el pr\u00f3logo de <em>Trabajadores de la Cultura en Ecuador: condiciones y perspectiva.<\/em> Tambi\u00e9n Sara Jaramillo, directora de la OEI Ecuador, y Henry Ulloa Buitr\u00f3n, t\u00e9cnico de Proyectos del OEI, quienes, entre otros puntos, se\u00f1alan que si bien el sector cultural tra\u00eda problemas estructurales y preexistentes \u2013sobre todo en lo relacionado con las oportunidades de un trabajo digno y fuentes de ingresos estables para los artistas y gestores culturales\u2013, con la llegada de la pandemia estos simplemente se profundizaron. \u201cEn Latinoam\u00e9rica aproximadamente un 58% de los trabajadores de la cultura son aut\u00f3nomos, de estos un 31% contaban con alguna remuneraci\u00f3n fija, el 24% estaban en la informalidad y un 39 % trabajaban de manera intermitente y no ten\u00edan ninguna remuneraci\u00f3n. Bajo este contexto y con la pandemia de por medio, las oportunidades laborales y de ingresos para los trabajadores culturales se redujeron en un 80 % y hasta el cien por ciento, como es el caso del sector artesanal\u201d.<\/p>\n\n\n\n<p>En la publicaci\u00f3n y tras una larga nota introductoria, a manera de cierre de esta y apertura del libro, Cardoso junto a Carla Salas, investigadora del ILIA, indican que la obra busca aportar a la construcci\u00f3n de investigaci\u00f3n en el \u00e1mbito del empleo cultural en el Ecuador, partiendo de los aspectos generales y estructurales, tomando los resultados de la primera encuesta realizada a los trabajadores de la cultura con respecto a sus condiciones actuales. \u201c(&#8230;) si bien son ilustrativos a fen\u00f3menos que requer\u00edan una comprobaci\u00f3n factual, como lo pueden ser el dimensionamiento y caracterizaci\u00f3n del pluriempleo, o de los niveles de precariedad de trabajadores de la cultura, son imposibles de ser le\u00eddos integralmente sin aportes que permitan, por ejemplo, contextualizar fen\u00f3menos divergentes pero simult\u00e1neos, como pueden ser los determinismos establecidos por el mainstream global en los mercados del arte locales y por el ejercicio de las caracter\u00edsticas propias de una econom\u00eda premoderna, cuyos anclajes se expresan en los sistemas culturales de base comunitaria o en los procesos de transmisi\u00f3n de conocimientos no formales\u201d.<\/p>\n\n\n\n<p>Punto especial es el dedicado al an\u00e1lisis de los fen\u00f3menos globales, agregan. As\u00ed, el libro se enfoca en el an\u00e1lisis de diversos fen\u00f3menos derivados de una creciente digitalizaci\u00f3n de manifestaciones art\u00edsticas y culturales, procesos cuya aceleraci\u00f3n se ha dado con la llegada de la pandemia de la COVID-19 y su consecuente afectaci\u00f3n\/transformaci\u00f3n de la naturaleza de varios eslabones de las cadenas de creaci\u00f3n-distribuci\u00f3n-exhibici\u00f3n.<\/p>\n\n\n\n<p>Finalmente, la b\u00fasqueda de transformaciones signada por la implementaci\u00f3n de pol\u00edticas p\u00fablicas, de programas y proyectos a distintos niveles de gobierno (nacional o local), as\u00ed como el cruce de la tem\u00e1tica con aspectos societales vitales hoy en d\u00eda \u2013como lo son los enfoques feministas o sobre la migraci\u00f3n Latinoam\u00e9rica\u2013 completan un estudio extenso, diverso e innovador en el momento del cumplimiento del primer a\u00f1o de la pandemia del COVID-19.<\/p>\n\n\n\n<p><em>Trabajadores de la Cultura en Ecuador: condiciones y perspectiva<\/em> recoge un compilado de art\u00edculos y estudios adquiridos de una serie de investigaciones alrededor de esta problem\u00e1tica, realizada en varios pa\u00edses de Latinoam\u00e9rica incluyendo Ecuador, un trabajo masivo en conjunci\u00f3n con Mercosur, Unesco, BID y Segib. Aqu\u00ed se exponen las condiciones que han atravesado las industrias culturales a raz\u00f3n de la pandemia, lo que ha mantenido a este sector en un estado de crisis sin fin aparente, donde uno de los impactos m\u00e1s fuertes se lo ha llevado la econom\u00eda de aquellos individuos que viven de la cultura y el arte.<\/p>\n\n\n\n<p>Entre los autores que contribuyeron para la creaci\u00f3n de la obra constan Janina Su\u00e1rez, Carla Garc\u00eda, Isabel \u00c1lvarez, Pablo Mogrovejo, Jessica Zambrano, Paola de la Vega, Carlos Moreno, M\u00f3nica Coronel, Lorena Salas (Fundaci\u00f3n ALDHEA), Juan Pablo Viteri, Luciana Musello, Sebasti\u00e1n Concha, Dami\u00e1n de la Torre y Abril Altamirano.<\/p>\n\n\n\n<p>Puedes descargar sin costo el libro aqu\u00ed: <a href=\"http:\/\/mz14.uartes.edu.ec\/producto\/trabajadores-de-la-cultura-condiciones-y-perspectivas-en-ecuador\/\">http:\/\/mz14.uartes.edu.ec\/producto\/trabajadores-de-la-cultura-condiciones-y-perspectivas-en-ecuador\/<\/a><\/p>","protected":false},"excerpt":{"rendered":"<p>urante el I Encuentro de Pol\u00edticas y Econom\u00eda de la Cultura, que se inici\u00f3 este lunes 21 de junio de 2021 y concluir\u00e1 el viernes 25, se har\u00e1 la presentaci\u00f3n del libro Trabajadores de la Cultura en Ecuador: condiciones y perspectiva, una publicaci\u00f3n de UArtes Ediciones que recoge investigaciones sobre el estatus laboral de quienes se dedican al \u00e1mbito cultural en el pa\u00eds.<\/p>","protected":false},"author":10,"featured_media":14405,"comment_status":"open","ping_status":"open","sticky":false,"template":"","format":"standard","meta":{"_acf_changed":false,"_uag_custom_page_level_css":"","_monsterinsights_skip_tracking":false,"_monsterinsights_sitenote_active":false,"_monsterinsights_sitenote_note":"","_monsterinsights_sitenote_category":0,"cybocfi_hide_featured_image":"","footnotes":""},"categories":[80,215],"tags":[410],"infouartes":[],"class_list":["post-14400","post","type-post","status-publish","format-standard","has-post-thumbnail","hentry","category-academico","category-uartes-ediciones","tag-observatorio-de-politicas-y-economia-de-la-cultura"],"acf":[],"yoast_head":"<!-- This site is optimized with the Yoast SEO plugin v27.4 - https:\/\/yoast.com\/product\/yoast-seo-wordpress\/ -->\n<title>Universidad de las Artes - Libro editado por la UArtes revela condiciones de los trabajadores de la Cultura en el Ecuador<\/title>\n<meta name=\"description\" content=\"Universidad de las Artes - Libro editado por la UArtes revela condiciones de los trabajadores de la Cultura en el Ecuador\" \/>\n<meta name=\"robots\" content=\"index, follow, max-snippet:-1, max-image-preview:large, max-video-preview:-1\" \/>\n<link rel=\"canonical\" href=\"https:\/\/www.uartes.edu.ec\/sitio\/fr\/blog\/2021\/06\/22\/libro-editado-por-la-uartes-revela-condiciones-de-los-trabajadores-de-la-cultura-en-el-ecuador\/\" \/>\n<meta property=\"og:locale\" content=\"fr_FR\" \/>\n<meta property=\"og:type\" content=\"article\" \/>\n<meta property=\"og:title\" content=\"Universidad de las Artes - Libro editado por la UArtes revela condiciones de los trabajadores de la Cultura en el Ecuador\" \/>\n<meta property=\"og:description\" content=\"Universidad de las Artes - Libro editado por la UArtes revela condiciones de los trabajadores de la Cultura en el Ecuador\" \/>\n<meta property=\"og:url\" content=\"https:\/\/www.uartes.edu.ec\/sitio\/fr\/blog\/2021\/06\/22\/libro-editado-por-la-uartes-revela-condiciones-de-los-trabajadores-de-la-cultura-en-el-ecuador\/\" \/>\n<meta property=\"og:site_name\" content=\"Universidad de las Artes\" \/>\n<meta property=\"article:publisher\" content=\"https:\/\/www.facebook.com\/uartesec\" \/>\n<meta property=\"article:published_time\" content=\"2021-06-22T15:29:00+00:00\" \/>\n<meta property=\"article:modified_time\" content=\"2024-07-04T16:26:12+00:00\" \/>\n<meta property=\"og:image\" content=\"https:\/\/www.uartes.edu.ec\/sitio\/wp-content\/uploads\/2021\/06\/TRABAJADORES-DE-LA-CULTURA.jpg\" \/>\n\t<meta property=\"og:image:width\" content=\"2000\" \/>\n\t<meta property=\"og:image:height\" content=\"1333\" \/>\n\t<meta property=\"og:image:type\" content=\"image\/jpeg\" \/>\n<meta name=\"author\" content=\"ccortez\" \/>\n<meta name=\"twitter:card\" content=\"summary_large_image\" \/>\n<meta name=\"twitter:creator\" content=\"@uartesec\" \/>\n<meta name=\"twitter:site\" content=\"@uartesec\" \/>\n<meta name=\"twitter:label1\" content=\"\u00c9crit par\" \/>\n\t<meta name=\"twitter:data1\" content=\"ccortez\" \/>\n\t<meta name=\"twitter:label2\" content=\"Dur\u00e9e de lecture estim\u00e9e\" \/>\n\t<meta name=\"twitter:data2\" content=\"4 minutes\" \/>\n<script type=\"application\/ld+json\" class=\"yoast-schema-graph\">{\"@context\":\"https:\\\/\\\/schema.org\",\"@graph\":[{\"@type\":\"Article\",\"@id\":\"https:\\\/\\\/www.uartes.edu.ec\\\/sitio\\\/fr\\\/blog\\\/2021\\\/06\\\/22\\\/libro-editado-por-la-uartes-revela-condiciones-de-los-trabajadores-de-la-cultura-en-el-ecuador\\\/#article\",\"isPartOf\":{\"@id\":\"https:\\\/\\\/www.uartes.edu.ec\\\/sitio\\\/fr\\\/blog\\\/2021\\\/06\\\/22\\\/libro-editado-por-la-uartes-revela-condiciones-de-los-trabajadores-de-la-cultura-en-el-ecuador\\\/\"},\"author\":{\"name\":\"ccortez\",\"@id\":\"https:\\\/\\\/www.uartes.edu.ec\\\/sitio\\\/fr\\\/#\\\/schema\\\/person\\\/efa1b8275797664fd7f13a79ccc0b1f4\"},\"headline\":\"Libro editado por la UArtes revela condiciones de los trabajadores de la Cultura en el Ecuador\",\"datePublished\":\"2021-06-22T15:29:00+00:00\",\"dateModified\":\"2024-07-04T16:26:12+00:00\",\"mainEntityOfPage\":{\"@id\":\"https:\\\/\\\/www.uartes.edu.ec\\\/sitio\\\/fr\\\/blog\\\/2021\\\/06\\\/22\\\/libro-editado-por-la-uartes-revela-condiciones-de-los-trabajadores-de-la-cultura-en-el-ecuador\\\/\"},\"wordCount\":842,\"commentCount\":0,\"publisher\":{\"@id\":\"https:\\\/\\\/www.uartes.edu.ec\\\/sitio\\\/fr\\\/#organization\"},\"image\":{\"@id\":\"https:\\\/\\\/www.uartes.edu.ec\\\/sitio\\\/fr\\\/blog\\\/2021\\\/06\\\/22\\\/libro-editado-por-la-uartes-revela-condiciones-de-los-trabajadores-de-la-cultura-en-el-ecuador\\\/#primaryimage\"},\"thumbnailUrl\":\"https:\\\/\\\/www.uartes.edu.ec\\\/sitio\\\/wp-content\\\/uploads\\\/2021\\\/06\\\/TRABAJADORES-DE-LA-CULTURA.jpg\",\"keywords\":[\"Observatorio de Pol\u00edticas y Econom\u00eda de la Cultura\"],\"articleSection\":[\"Acad\u00e9mico\",\"UArtes Ediciones\"],\"inLanguage\":\"fr-FR\",\"potentialAction\":[{\"@type\":\"CommentAction\",\"name\":\"Comment\",\"target\":[\"https:\\\/\\\/www.uartes.edu.ec\\\/sitio\\\/fr\\\/blog\\\/2021\\\/06\\\/22\\\/libro-editado-por-la-uartes-revela-condiciones-de-los-trabajadores-de-la-cultura-en-el-ecuador\\\/#respond\"]}]},{\"@type\":[\"WebPage\",\"ItemPage\"],\"@id\":\"https:\\\/\\\/www.uartes.edu.ec\\\/sitio\\\/fr\\\/blog\\\/2021\\\/06\\\/22\\\/libro-editado-por-la-uartes-revela-condiciones-de-los-trabajadores-de-la-cultura-en-el-ecuador\\\/\",\"url\":\"https:\\\/\\\/www.uartes.edu.ec\\\/sitio\\\/fr\\\/blog\\\/2021\\\/06\\\/22\\\/libro-editado-por-la-uartes-revela-condiciones-de-los-trabajadores-de-la-cultura-en-el-ecuador\\\/\",\"name\":\"Universidad de las Artes - Libro editado por la UArtes revela condiciones de los trabajadores de la Cultura en el Ecuador\",\"isPartOf\":{\"@id\":\"https:\\\/\\\/www.uartes.edu.ec\\\/sitio\\\/fr\\\/#website\"},\"primaryImageOfPage\":{\"@id\":\"https:\\\/\\\/www.uartes.edu.ec\\\/sitio\\\/fr\\\/blog\\\/2021\\\/06\\\/22\\\/libro-editado-por-la-uartes-revela-condiciones-de-los-trabajadores-de-la-cultura-en-el-ecuador\\\/#primaryimage\"},\"image\":{\"@id\":\"https:\\\/\\\/www.uartes.edu.ec\\\/sitio\\\/fr\\\/blog\\\/2021\\\/06\\\/22\\\/libro-editado-por-la-uartes-revela-condiciones-de-los-trabajadores-de-la-cultura-en-el-ecuador\\\/#primaryimage\"},\"thumbnailUrl\":\"https:\\\/\\\/www.uartes.edu.ec\\\/sitio\\\/wp-content\\\/uploads\\\/2021\\\/06\\\/TRABAJADORES-DE-LA-CULTURA.jpg\",\"datePublished\":\"2021-06-22T15:29:00+00:00\",\"dateModified\":\"2024-07-04T16:26:12+00:00\",\"description\":\"Universidad de las Artes - Libro editado por la UArtes revela condiciones de los trabajadores de la Cultura en el Ecuador\",\"breadcrumb\":{\"@id\":\"https:\\\/\\\/www.uartes.edu.ec\\\/sitio\\\/fr\\\/blog\\\/2021\\\/06\\\/22\\\/libro-editado-por-la-uartes-revela-condiciones-de-los-trabajadores-de-la-cultura-en-el-ecuador\\\/#breadcrumb\"},\"inLanguage\":\"fr-FR\",\"potentialAction\":[{\"@type\":\"ReadAction\",\"target\":[\"https:\\\/\\\/www.uartes.edu.ec\\\/sitio\\\/fr\\\/blog\\\/2021\\\/06\\\/22\\\/libro-editado-por-la-uartes-revela-condiciones-de-los-trabajadores-de-la-cultura-en-el-ecuador\\\/\"]}]},{\"@type\":\"ImageObject\",\"inLanguage\":\"fr-FR\",\"@id\":\"https:\\\/\\\/www.uartes.edu.ec\\\/sitio\\\/fr\\\/blog\\\/2021\\\/06\\\/22\\\/libro-editado-por-la-uartes-revela-condiciones-de-los-trabajadores-de-la-cultura-en-el-ecuador\\\/#primaryimage\",\"url\":\"https:\\\/\\\/www.uartes.edu.ec\\\/sitio\\\/wp-content\\\/uploads\\\/2021\\\/06\\\/TRABAJADORES-DE-LA-CULTURA.jpg\",\"contentUrl\":\"https:\\\/\\\/www.uartes.edu.ec\\\/sitio\\\/wp-content\\\/uploads\\\/2021\\\/06\\\/TRABAJADORES-DE-LA-CULTURA.jpg\",\"width\":2000,\"height\":1333,\"caption\":\"Libro editado por la UArtes revela condiciones de los trabajadores de la Cultura en el Ecuador\"},{\"@type\":\"BreadcrumbList\",\"@id\":\"https:\\\/\\\/www.uartes.edu.ec\\\/sitio\\\/fr\\\/blog\\\/2021\\\/06\\\/22\\\/libro-editado-por-la-uartes-revela-condiciones-de-los-trabajadores-de-la-cultura-en-el-ecuador\\\/#breadcrumb\",\"itemListElement\":[{\"@type\":\"ListItem\",\"position\":1,\"name\":\"Inicio\",\"item\":\"https:\\\/\\\/www.uartes.edu.ec\\\/sitio\\\/\"},{\"@type\":\"ListItem\",\"position\":2,\"name\":\"Libro editado por la UArtes revela condiciones de los trabajadores de la Cultura en el Ecuador\"}]},{\"@type\":\"WebSite\",\"@id\":\"https:\\\/\\\/www.uartes.edu.ec\\\/sitio\\\/fr\\\/#website\",\"url\":\"https:\\\/\\\/www.uartes.edu.ec\\\/sitio\\\/fr\\\/\",\"name\":\"Universidad de las Artes\",\"description\":\"Sitio oficial de la Universidad Nacional de las Artes del Ecuador\",\"publisher\":{\"@id\":\"https:\\\/\\\/www.uartes.edu.ec\\\/sitio\\\/fr\\\/#organization\"},\"potentialAction\":[{\"@type\":\"SearchAction\",\"target\":{\"@type\":\"EntryPoint\",\"urlTemplate\":\"https:\\\/\\\/www.uartes.edu.ec\\\/sitio\\\/fr\\\/?s={search_term_string}\"},\"query-input\":{\"@type\":\"PropertyValueSpecification\",\"valueRequired\":true,\"valueName\":\"search_term_string\"}}],\"inLanguage\":\"fr-FR\"},{\"@type\":\"Organization\",\"@id\":\"https:\\\/\\\/www.uartes.edu.ec\\\/sitio\\\/fr\\\/#organization\",\"name\":\"Universidad de las Artes\",\"url\":\"https:\\\/\\\/www.uartes.edu.ec\\\/sitio\\\/fr\\\/\",\"logo\":{\"@type\":\"ImageObject\",\"inLanguage\":\"fr-FR\",\"@id\":\"https:\\\/\\\/www.uartes.edu.ec\\\/sitio\\\/fr\\\/#\\\/schema\\\/logo\\\/image\\\/\",\"url\":\"https:\\\/\\\/www.uartes.edu.ec\\\/sitio\\\/wp-content\\\/uploads\\\/2022\\\/07\\\/logo-ua-horizontal.png\",\"contentUrl\":\"https:\\\/\\\/www.uartes.edu.ec\\\/sitio\\\/wp-content\\\/uploads\\\/2022\\\/07\\\/logo-ua-horizontal.png\",\"width\":800,\"height\":276,\"caption\":\"Universidad de las Artes\"},\"image\":{\"@id\":\"https:\\\/\\\/www.uartes.edu.ec\\\/sitio\\\/fr\\\/#\\\/schema\\\/logo\\\/image\\\/\"},\"sameAs\":[\"https:\\\/\\\/www.facebook.com\\\/uartesec\",\"https:\\\/\\\/x.com\\\/uartesec\",\"https:\\\/\\\/www.tiktok.com\\\/@uartesec\"]},{\"@type\":\"Person\",\"@id\":\"https:\\\/\\\/www.uartes.edu.ec\\\/sitio\\\/fr\\\/#\\\/schema\\\/person\\\/efa1b8275797664fd7f13a79ccc0b1f4\",\"name\":\"ccortez\",\"image\":{\"@type\":\"ImageObject\",\"inLanguage\":\"fr-FR\",\"@id\":\"https:\\\/\\\/secure.gravatar.com\\\/avatar\\\/b2a6f664a3ae8e074346ef91775736c5ec479e637ecced6842de9dc98b5da9cd?s=96&d=mm&r=g\",\"url\":\"https:\\\/\\\/secure.gravatar.com\\\/avatar\\\/b2a6f664a3ae8e074346ef91775736c5ec479e637ecced6842de9dc98b5da9cd?s=96&d=mm&r=g\",\"contentUrl\":\"https:\\\/\\\/secure.gravatar.com\\\/avatar\\\/b2a6f664a3ae8e074346ef91775736c5ec479e637ecced6842de9dc98b5da9cd?s=96&d=mm&r=g\",\"caption\":\"ccortez\"},\"url\":\"https:\\\/\\\/www.uartes.edu.ec\\\/sitio\\\/fr\\\/blog\\\/author\\\/ccortez\\\/\"}]}<\/script>\n<!-- \/ Yoast SEO plugin. -->","yoast_head_json":{"title":"Universidad de las Artes - Libro editado por la UArtes revela condiciones de los trabajadores de la Cultura en el Ecuador","description":"Universidad de las Artes - Libro editado por la UArtes revela condiciones de los trabajadores de la Cultura en el Ecuador","robots":{"index":"index","follow":"follow","max-snippet":"max-snippet:-1","max-image-preview":"max-image-preview:large","max-video-preview":"max-video-preview:-1"},"canonical":"https:\/\/www.uartes.edu.ec\/sitio\/fr\/blog\/2021\/06\/22\/libro-editado-por-la-uartes-revela-condiciones-de-los-trabajadores-de-la-cultura-en-el-ecuador\/","og_locale":"fr_FR","og_type":"article","og_title":"Universidad de las Artes - Libro editado por la UArtes revela condiciones de los trabajadores de la Cultura en el Ecuador","og_description":"Universidad de las Artes - Libro editado por la UArtes revela condiciones de los trabajadores de la Cultura en el Ecuador","og_url":"https:\/\/www.uartes.edu.ec\/sitio\/fr\/blog\/2021\/06\/22\/libro-editado-por-la-uartes-revela-condiciones-de-los-trabajadores-de-la-cultura-en-el-ecuador\/","og_site_name":"Universidad de las Artes","article_publisher":"https:\/\/www.facebook.com\/uartesec","article_published_time":"2021-06-22T15:29:00+00:00","article_modified_time":"2024-07-04T16:26:12+00:00","og_image":[{"width":2000,"height":1333,"url":"https:\/\/www.uartes.edu.ec\/sitio\/wp-content\/uploads\/2021\/06\/TRABAJADORES-DE-LA-CULTURA.jpg","type":"image\/jpeg"}],"author":"ccortez","twitter_card":"summary_large_image","twitter_creator":"@uartesec","twitter_site":"@uartesec","twitter_misc":{"\u00c9crit par":"ccortez","Dur\u00e9e de lecture estim\u00e9e":"4 minutes"},"schema":{"@context":"https:\/\/schema.org","@graph":[{"@type":"Article","@id":"https:\/\/www.uartes.edu.ec\/sitio\/fr\/blog\/2021\/06\/22\/libro-editado-por-la-uartes-revela-condiciones-de-los-trabajadores-de-la-cultura-en-el-ecuador\/#article","isPartOf":{"@id":"https:\/\/www.uartes.edu.ec\/sitio\/fr\/blog\/2021\/06\/22\/libro-editado-por-la-uartes-revela-condiciones-de-los-trabajadores-de-la-cultura-en-el-ecuador\/"},"author":{"name":"ccortez","@id":"https:\/\/www.uartes.edu.ec\/sitio\/fr\/#\/schema\/person\/efa1b8275797664fd7f13a79ccc0b1f4"},"headline":"Libro editado por la UArtes revela condiciones de los trabajadores de la Cultura en el Ecuador","datePublished":"2021-06-22T15:29:00+00:00","dateModified":"2024-07-04T16:26:12+00:00","mainEntityOfPage":{"@id":"https:\/\/www.uartes.edu.ec\/sitio\/fr\/blog\/2021\/06\/22\/libro-editado-por-la-uartes-revela-condiciones-de-los-trabajadores-de-la-cultura-en-el-ecuador\/"},"wordCount":842,"commentCount":0,"publisher":{"@id":"https:\/\/www.uartes.edu.ec\/sitio\/fr\/#organization"},"image":{"@id":"https:\/\/www.uartes.edu.ec\/sitio\/fr\/blog\/2021\/06\/22\/libro-editado-por-la-uartes-revela-condiciones-de-los-trabajadores-de-la-cultura-en-el-ecuador\/#primaryimage"},"thumbnailUrl":"https:\/\/www.uartes.edu.ec\/sitio\/wp-content\/uploads\/2021\/06\/TRABAJADORES-DE-LA-CULTURA.jpg","keywords":["Observatorio de Pol\u00edticas y Econom\u00eda de la Cultura"],"articleSection":["Acad\u00e9mico","UArtes Ediciones"],"inLanguage":"fr-FR","potentialAction":[{"@type":"CommentAction","name":"Comment","target":["https:\/\/www.uartes.edu.ec\/sitio\/fr\/blog\/2021\/06\/22\/libro-editado-por-la-uartes-revela-condiciones-de-los-trabajadores-de-la-cultura-en-el-ecuador\/#respond"]}]},{"@type":["WebPage","ItemPage"],"@id":"https:\/\/www.uartes.edu.ec\/sitio\/fr\/blog\/2021\/06\/22\/libro-editado-por-la-uartes-revela-condiciones-de-los-trabajadores-de-la-cultura-en-el-ecuador\/","url":"https:\/\/www.uartes.edu.ec\/sitio\/fr\/blog\/2021\/06\/22\/libro-editado-por-la-uartes-revela-condiciones-de-los-trabajadores-de-la-cultura-en-el-ecuador\/","name":"Universidad de las Artes - Libro editado por la UArtes revela condiciones de los trabajadores de la Cultura en el Ecuador","isPartOf":{"@id":"https:\/\/www.uartes.edu.ec\/sitio\/fr\/#website"},"primaryImageOfPage":{"@id":"https:\/\/www.uartes.edu.ec\/sitio\/fr\/blog\/2021\/06\/22\/libro-editado-por-la-uartes-revela-condiciones-de-los-trabajadores-de-la-cultura-en-el-ecuador\/#primaryimage"},"image":{"@id":"https:\/\/www.uartes.edu.ec\/sitio\/fr\/blog\/2021\/06\/22\/libro-editado-por-la-uartes-revela-condiciones-de-los-trabajadores-de-la-cultura-en-el-ecuador\/#primaryimage"},"thumbnailUrl":"https:\/\/www.uartes.edu.ec\/sitio\/wp-content\/uploads\/2021\/06\/TRABAJADORES-DE-LA-CULTURA.jpg","datePublished":"2021-06-22T15:29:00+00:00","dateModified":"2024-07-04T16:26:12+00:00","description":"Universidad de las Artes - Libro editado por la UArtes revela condiciones de los trabajadores de la Cultura en el Ecuador","breadcrumb":{"@id":"https:\/\/www.uartes.edu.ec\/sitio\/fr\/blog\/2021\/06\/22\/libro-editado-por-la-uartes-revela-condiciones-de-los-trabajadores-de-la-cultura-en-el-ecuador\/#breadcrumb"},"inLanguage":"fr-FR","potentialAction":[{"@type":"ReadAction","target":["https:\/\/www.uartes.edu.ec\/sitio\/fr\/blog\/2021\/06\/22\/libro-editado-por-la-uartes-revela-condiciones-de-los-trabajadores-de-la-cultura-en-el-ecuador\/"]}]},{"@type":"ImageObject","inLanguage":"fr-FR","@id":"https:\/\/www.uartes.edu.ec\/sitio\/fr\/blog\/2021\/06\/22\/libro-editado-por-la-uartes-revela-condiciones-de-los-trabajadores-de-la-cultura-en-el-ecuador\/#primaryimage","url":"https:\/\/www.uartes.edu.ec\/sitio\/wp-content\/uploads\/2021\/06\/TRABAJADORES-DE-LA-CULTURA.jpg","contentUrl":"https:\/\/www.uartes.edu.ec\/sitio\/wp-content\/uploads\/2021\/06\/TRABAJADORES-DE-LA-CULTURA.jpg","width":2000,"height":1333,"caption":"Libro editado por la UArtes revela condiciones de los trabajadores de la Cultura en el Ecuador"},{"@type":"BreadcrumbList","@id":"https:\/\/www.uartes.edu.ec\/sitio\/fr\/blog\/2021\/06\/22\/libro-editado-por-la-uartes-revela-condiciones-de-los-trabajadores-de-la-cultura-en-el-ecuador\/#breadcrumb","itemListElement":[{"@type":"ListItem","position":1,"name":"Inicio","item":"https:\/\/www.uartes.edu.ec\/sitio\/"},{"@type":"ListItem","position":2,"name":"Libro editado por la UArtes revela condiciones de los trabajadores de la Cultura en el Ecuador"}]},{"@type":"WebSite","@id":"https:\/\/www.uartes.edu.ec\/sitio\/fr\/#website","url":"https:\/\/www.uartes.edu.ec\/sitio\/fr\/","name":"Universidad de las Artes","description":"Sitio oficial de la Universidad Nacional de las Artes del Ecuador","publisher":{"@id":"https:\/\/www.uartes.edu.ec\/sitio\/fr\/#organization"},"potentialAction":[{"@type":"SearchAction","target":{"@type":"EntryPoint","urlTemplate":"https:\/\/www.uartes.edu.ec\/sitio\/fr\/?s={search_term_string}"},"query-input":{"@type":"PropertyValueSpecification","valueRequired":true,"valueName":"search_term_string"}}],"inLanguage":"fr-FR"},{"@type":"Organization","@id":"https:\/\/www.uartes.edu.ec\/sitio\/fr\/#organization","name":"Universidad de las Artes","url":"https:\/\/www.uartes.edu.ec\/sitio\/fr\/","logo":{"@type":"ImageObject","inLanguage":"fr-FR","@id":"https:\/\/www.uartes.edu.ec\/sitio\/fr\/#\/schema\/logo\/image\/","url":"https:\/\/www.uartes.edu.ec\/sitio\/wp-content\/uploads\/2022\/07\/logo-ua-horizontal.png","contentUrl":"https:\/\/www.uartes.edu.ec\/sitio\/wp-content\/uploads\/2022\/07\/logo-ua-horizontal.png","width":800,"height":276,"caption":"Universidad de las Artes"},"image":{"@id":"https:\/\/www.uartes.edu.ec\/sitio\/fr\/#\/schema\/logo\/image\/"},"sameAs":["https:\/\/www.facebook.com\/uartesec","https:\/\/x.com\/uartesec","https:\/\/www.tiktok.com\/@uartesec"]},{"@type":"Person","@id":"https:\/\/www.uartes.edu.ec\/sitio\/fr\/#\/schema\/person\/efa1b8275797664fd7f13a79ccc0b1f4","name":"ccortez","image":{"@type":"ImageObject","inLanguage":"fr-FR","@id":"https:\/\/secure.gravatar.com\/avatar\/b2a6f664a3ae8e074346ef91775736c5ec479e637ecced6842de9dc98b5da9cd?s=96&d=mm&r=g","url":"https:\/\/secure.gravatar.com\/avatar\/b2a6f664a3ae8e074346ef91775736c5ec479e637ecced6842de9dc98b5da9cd?s=96&d=mm&r=g","contentUrl":"https:\/\/secure.gravatar.com\/avatar\/b2a6f664a3ae8e074346ef91775736c5ec479e637ecced6842de9dc98b5da9cd?s=96&d=mm&r=g","caption":"ccortez"},"url":"https:\/\/www.uartes.edu.ec\/sitio\/fr\/blog\/author\/ccortez\/"}]}},"uagb_featured_image_src":{"full":["https:\/\/www.uartes.edu.ec\/sitio\/wp-content\/uploads\/2021\/06\/TRABAJADORES-DE-LA-CULTURA.jpg",2000,1333,false],"thumbnail":["https:\/\/www.uartes.edu.ec\/sitio\/wp-content\/uploads\/2021\/06\/TRABAJADORES-DE-LA-CULTURA-150x150.jpg",150,150,true],"medium":["https:\/\/www.uartes.edu.ec\/sitio\/wp-content\/uploads\/2021\/06\/TRABAJADORES-DE-LA-CULTURA-300x200.jpg",300,200,true],"medium_large":["https:\/\/www.uartes.edu.ec\/sitio\/wp-content\/uploads\/2021\/06\/TRABAJADORES-DE-LA-CULTURA-768x512.jpg",768,512,true],"large":["https:\/\/www.uartes.edu.ec\/sitio\/wp-content\/uploads\/2021\/06\/TRABAJADORES-DE-LA-CULTURA-644x429.jpg",644,429,true],"1536x1536":["https:\/\/www.uartes.edu.ec\/sitio\/wp-content\/uploads\/2021\/06\/TRABAJADORES-DE-LA-CULTURA-1536x1024.jpg",1536,1024,true],"2048x2048":["https:\/\/www.uartes.edu.ec\/sitio\/wp-content\/uploads\/2021\/06\/TRABAJADORES-DE-LA-CULTURA.jpg",2000,1333,false],"trp-custom-language-flag":["https:\/\/www.uartes.edu.ec\/sitio\/wp-content\/uploads\/2021\/06\/TRABAJADORES-DE-LA-CULTURA-16x12.jpg",16,12,true],"htmega_size_585x295":["https:\/\/www.uartes.edu.ec\/sitio\/wp-content\/uploads\/2021\/06\/TRABAJADORES-DE-LA-CULTURA-585x295.jpg",585,295,true],"htmega_size_1170x536":["https:\/\/www.uartes.edu.ec\/sitio\/wp-content\/uploads\/2021\/06\/TRABAJADORES-DE-LA-CULTURA-1170x536.jpg",1170,536,true],"htmega_size_396x360":["https:\/\/www.uartes.edu.ec\/sitio\/wp-content\/uploads\/2021\/06\/TRABAJADORES-DE-LA-CULTURA-396x360.jpg",396,360,true],"gb-block-post-grid-landscape":["https:\/\/www.uartes.edu.ec\/sitio\/wp-content\/uploads\/2021\/06\/TRABAJADORES-DE-LA-CULTURA.jpg",600,400,false],"gb-block-post-grid-square":["https:\/\/www.uartes.edu.ec\/sitio\/wp-content\/uploads\/2021\/06\/TRABAJADORES-DE-LA-CULTURA.jpg",600,400,false],"university-hub-thumb":["https:\/\/www.uartes.edu.ec\/sitio\/wp-content\/uploads\/2021\/06\/TRABAJADORES-DE-LA-CULTURA-400x267.jpg",400,267,true]},"uagb_author_info":{"display_name":"ccortez","author_link":"https:\/\/www.uartes.edu.ec\/sitio\/fr\/blog\/author\/ccortez\/"},"uagb_comment_info":0,"uagb_excerpt":"urante el I Encuentro de Pol\u00edticas y Econom\u00eda de la Cultura, que se inici\u00f3 este lunes 21 de junio de 2021 y concluir\u00e1 el viernes 25, se har\u00e1 la presentaci\u00f3n del libro Trabajadores de la Cultura en Ecuador: condiciones y perspectiva, una publicaci\u00f3n de UArtes Ediciones que recoge investigaciones sobre el estatus laboral de quienes\u2026","featured_image_src":"https:\/\/www.uartes.edu.ec\/sitio\/wp-content\/uploads\/2021\/06\/TRABAJADORES-DE-LA-CULTURA.jpg","featured_image_src_square":"https:\/\/www.uartes.edu.ec\/sitio\/wp-content\/uploads\/2021\/06\/TRABAJADORES-DE-LA-CULTURA.jpg","author_info":{"display_name":"ccortez","author_link":"https:\/\/www.uartes.edu.ec\/sitio\/fr\/blog\/author\/ccortez\/"},"publishpress_future_workflow_manual_trigger":{"enabledWorkflows":[]},"distributor_meta":false,"distributor_terms":false,"distributor_media":false,"distributor_original_site_name":"Universidad de las Artes","distributor_original_site_url":"https:\/\/www.uartes.edu.ec\/sitio\/fr","push-errors":false,"_links":{"self":[{"href":"https:\/\/www.uartes.edu.ec\/sitio\/fr\/wp-json\/wp\/v2\/posts\/14400","targetHints":{"allow":["GET"]}}],"collection":[{"href":"https:\/\/www.uartes.edu.ec\/sitio\/fr\/wp-json\/wp\/v2\/posts"}],"about":[{"href":"https:\/\/www.uartes.edu.ec\/sitio\/fr\/wp-json\/wp\/v2\/types\/post"}],"author":[{"embeddable":true,"href":"https:\/\/www.uartes.edu.ec\/sitio\/fr\/wp-json\/wp\/v2\/users\/10"}],"replies":[{"embeddable":true,"href":"https:\/\/www.uartes.edu.ec\/sitio\/fr\/wp-json\/wp\/v2\/comments?post=14400"}],"version-history":[{"count":2,"href":"https:\/\/www.uartes.edu.ec\/sitio\/fr\/wp-json\/wp\/v2\/posts\/14400\/revisions"}],"predecessor-version":[{"id":14410,"href":"https:\/\/www.uartes.edu.ec\/sitio\/fr\/wp-json\/wp\/v2\/posts\/14400\/revisions\/14410"}],"wp:featuredmedia":[{"embeddable":true,"href":"https:\/\/www.uartes.edu.ec\/sitio\/fr\/wp-json\/wp\/v2\/media\/14405"}],"wp:attachment":[{"href":"https:\/\/www.uartes.edu.ec\/sitio\/fr\/wp-json\/wp\/v2\/media?parent=14400"}],"wp:term":[{"taxonomy":"category","embeddable":true,"href":"https:\/\/www.uartes.edu.ec\/sitio\/fr\/wp-json\/wp\/v2\/categories?post=14400"},{"taxonomy":"post_tag","embeddable":true,"href":"https:\/\/www.uartes.edu.ec\/sitio\/fr\/wp-json\/wp\/v2\/tags?post=14400"},{"taxonomy":"infouartes","embeddable":true,"href":"https:\/\/www.uartes.edu.ec\/sitio\/fr\/wp-json\/wp\/v2\/infouartes?post=14400"}],"curies":[{"name":"wp","href":"https:\/\/api.w.org\/{rel}","templated":true}]}}