{"id":14413,"date":"2021-06-22T13:45:00","date_gmt":"2021-06-22T18:45:00","guid":{"rendered":"http:\/\/www.uartes.edu.ec\/sitio\/?p=14413"},"modified":"2024-07-04T11:26:12","modified_gmt":"2024-07-04T16:26:12","slug":"uartes-y-cdh-firman-convenio-marco-de-cooperacion-interinstitucional","status":"publish","type":"post","link":"https:\/\/www.uartes.edu.ec\/sitio\/fr\/blog\/2021\/06\/22\/uartes-y-cdh-firman-convenio-marco-de-cooperacion-interinstitucional\/","title":{"rendered":"UArtes y CDH firman Convenio Marco de Cooperaci\u00f3n Interinstitucional"},"content":{"rendered":"<p>La Universidad de las Artes firm\u00f3 un Convenio Marco de Cooperaci\u00f3n Interinstitucional con el Comit\u00e9 Permanente por la Defensa de los Derechos Humanos (CDH). La suscripci\u00f3n se realiz\u00f3 el s\u00e1bado 19 de junio de 2021 en la cooperativa Voluntad de Dios, ubicada al noroeste de Guayaquil, en el sector de Monte Sina\u00ed.<\/p>\n\n\n\n<p>Para ese d\u00eda, el CDH hab\u00eda programado una actividad comunitaria en conmemoraci\u00f3n de los Derechos por ni\u00f1as y ni\u00f1os. En la firma del convenio intervinieron el Dr. William Herrera R\u00edos, rector de la UArtes, y el Lcdo. Billy Navarrete, secretario Ejecutivo del Comit\u00e9 Permanente por la Defensa de los Derechos Humanos. Estuvieron presentes l\u00edderes comunitarios, as\u00ed como Javier Guti\u00e9rrez, director Ejecutivo de la organizaci\u00f3n Misi\u00f3n Alianza, con la cual nuestra instituci\u00f3n de educaci\u00f3n superior tambi\u00e9n suscribir\u00e1 un convenio para la realizaci\u00f3n de proyectos en el noroeste de la ciudad.<\/p>\n\n\n\n<p>Antes y durante la firma del Convenio Marco de Cooperaci\u00f3n Interinstitucional con el CDH se efectu\u00f3 la pintura de un mural participativo, mismo que cont\u00f3 con la direcci\u00f3n de dos estudiantes de la Escuela de Artes Visuales de la UArtes.<\/p>\n\n\n\n<p>Es de anotar que la Universidad de las Artes mantiene una relaci\u00f3n de cooperaci\u00f3n con el CDH a partir de la ejecuci\u00f3n de actividades y proyectos de Vinculaci\u00f3n con la Sociedad desde el 2019. Estos son: Talleres de producci\u00f3n art\u00edstica y radial y un Kit DD.HH., concebido este como una caja de herramientas para la educaci\u00f3n no formal. Ambos para la Red Comunitaria de Defensoras y Defensores de Derechos Humanos y de la Naturaleza de Guayaquil.<\/p>\n\n\n\n<p>Los proyectos en menci\u00f3n han sido coordinados por los docentes UArtes Janina Su\u00e1rez y Jorge Tigrero. Actualmente, estudiantes de Artes Visuales realizan pr\u00e1cticas preprofesionales para la elaboraci\u00f3n de murales en una cooperaci\u00f3n triangular con la CDH y Misi\u00f3n Alianza.<\/p>\n\n\n\n<div class=\"wp-block-image\"><figure class=\"aligncenter size-full\"><img fetchpriority=\"high\" decoding=\"async\" width=\"2000\" height=\"1333\" src=\"http:\/\/www.uartes.edu.ec\/sitio\/wp-content\/uploads\/2021\/06\/CDH-UARTES-3-OK.jpg\" alt=\"UArtes y CDH firman Convenio Marco de Cooperaci\u00f3n Interinstitucional\" class=\"wp-image-14417\" srcset=\"https:\/\/www.uartes.edu.ec\/sitio\/wp-content\/uploads\/2021\/06\/CDH-UARTES-3-OK.jpg 2000w, https:\/\/www.uartes.edu.ec\/sitio\/wp-content\/uploads\/2021\/06\/CDH-UARTES-3-OK-300x200.jpg 300w, https:\/\/www.uartes.edu.ec\/sitio\/wp-content\/uploads\/2021\/06\/CDH-UARTES-3-OK-644x429.jpg 644w, https:\/\/www.uartes.edu.ec\/sitio\/wp-content\/uploads\/2021\/06\/CDH-UARTES-3-OK-768x512.jpg 768w, https:\/\/www.uartes.edu.ec\/sitio\/wp-content\/uploads\/2021\/06\/CDH-UARTES-3-OK-1536x1024.jpg 1536w, https:\/\/www.uartes.edu.ec\/sitio\/wp-content\/uploads\/2021\/06\/CDH-UARTES-3-OK-16x12.jpg 16w, https:\/\/www.uartes.edu.ec\/sitio\/wp-content\/uploads\/2021\/06\/CDH-UARTES-3-OK-600x400.jpg 600w, https:\/\/www.uartes.edu.ec\/sitio\/wp-content\/uploads\/2021\/06\/CDH-UARTES-3-OK-400x267.jpg 400w, https:\/\/www.uartes.edu.ec\/sitio\/wp-content\/uploads\/2021\/06\/CDH-UARTES-3-OK-272x182.jpg 272w\" sizes=\"(max-width: 2000px) 100vw, 2000px\" \/><figcaption>UArtes y CDH firman Convenio Marco de Cooperaci\u00f3n Interinstitucional<\/figcaption><\/figure><\/div>\n\n\n\n<p><strong>El convenio y la presencia de la UArtes en Monte Sina\u00ed<\/strong><br>En la cl\u00e1usula segunda del convenio entre la UArtes y el CDH se establece que este tiene por objeto establecer las bases para realizar programas, proyectos y acciones colaborativas que permitan relacionar procesos acad\u00e9micos que integren docencia, investigaci\u00f3n y vinculaci\u00f3n con la sociedad en\/para\/con la promoci\u00f3n y el ejercicio de los derechos humanos para contribuir al fortalecimiento de capacidades individuales, comunitarias y colectivas para la transformaci\u00f3n social.<\/p>\n\n\n\n<p>As\u00ed, con una duraci\u00f3n de dos a\u00f1os, el convenio permitir\u00e1 el desarrollo de proyectos conjuntos, la realizaci\u00f3n de pr\u00e1cticas preprofesionales, la articulaci\u00f3n con redes de trabajo en territorios de inter\u00e9s de la UArtes y la concreci\u00f3n de la visi\u00f3n institucional del aporte de las artes para el ejercicio de los derechos.<\/p>\n\n\n\n<p>Cabe anotar que en al sector de Monte Sina\u00ed la Universidad de las UArtes ha llevado y desarrollado cuatro propuestas: El Gran Teatro de Monte Sina\u00ed, el Fortalecimiento al sistema educativo (Escuela Intercultural Biling\u00fce Fernando Daquilema), el Proyecto Pacha (Laboratorio en Comunidad) y la Bibliotricimoteca (segunda fase de Monte Sina\u00ed).<\/p>","protected":false},"excerpt":{"rendered":"<p>La Universidad de las Artes firm\u00f3 un Convenio Marco de Cooperaci\u00f3n Interinstitucional con el Comit\u00e9 Permanente por la Defensa de los Derechos Humanos (CDH). La suscripci\u00f3n se realiz\u00f3 el s\u00e1bado 19 de junio de 2021 en la cooperativa Voluntad de Dios, ubicada al noroeste de Guayaquil, en el sector de Monte Sina\u00ed.<\/p>","protected":false},"author":10,"featured_media":14416,"comment_status":"open","ping_status":"open","sticky":false,"template":"","format":"standard","meta":{"_acf_changed":false,"_uag_custom_page_level_css":"","_monsterinsights_skip_tracking":false,"_monsterinsights_sitenote_active":false,"_monsterinsights_sitenote_note":"","_monsterinsights_sitenote_category":0,"cybocfi_hide_featured_image":"","footnotes":""},"categories":[77,79],"tags":[281,405],"infouartes":[],"class_list":["post-14413","post","type-post","status-publish","format-standard","has-post-thumbnail","hentry","category-gestion","category-vinculo","tag-interinstitucional","tag-william-herrera"],"acf":[],"yoast_head":"<!-- This site is optimized with the Yoast SEO plugin v27.4 - https:\/\/yoast.com\/product\/yoast-seo-wordpress\/ -->\n<title>Universidad de las Artes - UArtes y CDH firman Convenio Marco de Cooperaci\u00f3n Interinstitucional<\/title>\n<meta name=\"description\" content=\"Universidad de las Artes - UArtes y CDH firman Convenio Marco de Cooperaci\u00f3n Interinstitucional\" \/>\n<meta name=\"robots\" content=\"index, follow, max-snippet:-1, max-image-preview:large, max-video-preview:-1\" \/>\n<link rel=\"canonical\" href=\"https:\/\/www.uartes.edu.ec\/sitio\/fr\/blog\/2021\/06\/22\/uartes-y-cdh-firman-convenio-marco-de-cooperacion-interinstitucional\/\" \/>\n<meta property=\"og:locale\" content=\"fr_FR\" \/>\n<meta property=\"og:type\" content=\"article\" \/>\n<meta property=\"og:title\" content=\"Universidad de las Artes - UArtes y CDH firman Convenio Marco de Cooperaci\u00f3n Interinstitucional\" \/>\n<meta property=\"og:description\" content=\"Universidad de las Artes - UArtes y CDH firman Convenio Marco de Cooperaci\u00f3n Interinstitucional\" \/>\n<meta property=\"og:url\" content=\"https:\/\/www.uartes.edu.ec\/sitio\/fr\/blog\/2021\/06\/22\/uartes-y-cdh-firman-convenio-marco-de-cooperacion-interinstitucional\/\" \/>\n<meta property=\"og:site_name\" content=\"Universidad de las Artes\" \/>\n<meta property=\"article:publisher\" content=\"https:\/\/www.facebook.com\/uartesec\" \/>\n<meta property=\"article:published_time\" content=\"2021-06-22T18:45:00+00:00\" \/>\n<meta property=\"article:modified_time\" content=\"2024-07-04T16:26:12+00:00\" \/>\n<meta property=\"og:image\" content=\"https:\/\/www.uartes.edu.ec\/sitio\/wp-content\/uploads\/2021\/06\/CDH-UARTES-2-OK.jpg\" \/>\n\t<meta property=\"og:image:width\" content=\"2000\" \/>\n\t<meta property=\"og:image:height\" content=\"1333\" \/>\n\t<meta property=\"og:image:type\" content=\"image\/jpeg\" \/>\n<meta name=\"author\" content=\"ccortez\" \/>\n<meta name=\"twitter:card\" content=\"summary_large_image\" \/>\n<meta name=\"twitter:creator\" content=\"@uartesec\" \/>\n<meta name=\"twitter:site\" content=\"@uartesec\" \/>\n<meta name=\"twitter:label1\" content=\"\u00c9crit par\" \/>\n\t<meta name=\"twitter:data1\" content=\"ccortez\" \/>\n\t<meta name=\"twitter:label2\" content=\"Dur\u00e9e de lecture estim\u00e9e\" \/>\n\t<meta name=\"twitter:data2\" content=\"3 minutes\" \/>\n<script type=\"application\/ld+json\" class=\"yoast-schema-graph\">{\"@context\":\"https:\\\/\\\/schema.org\",\"@graph\":[{\"@type\":\"Article\",\"@id\":\"https:\\\/\\\/www.uartes.edu.ec\\\/sitio\\\/fr\\\/blog\\\/2021\\\/06\\\/22\\\/uartes-y-cdh-firman-convenio-marco-de-cooperacion-interinstitucional\\\/#article\",\"isPartOf\":{\"@id\":\"https:\\\/\\\/www.uartes.edu.ec\\\/sitio\\\/fr\\\/blog\\\/2021\\\/06\\\/22\\\/uartes-y-cdh-firman-convenio-marco-de-cooperacion-interinstitucional\\\/\"},\"author\":{\"name\":\"ccortez\",\"@id\":\"https:\\\/\\\/www.uartes.edu.ec\\\/sitio\\\/fr\\\/#\\\/schema\\\/person\\\/efa1b8275797664fd7f13a79ccc0b1f4\"},\"headline\":\"UArtes y CDH firman Convenio Marco de Cooperaci\u00f3n Interinstitucional\",\"datePublished\":\"2021-06-22T18:45:00+00:00\",\"dateModified\":\"2024-07-04T16:26:12+00:00\",\"mainEntityOfPage\":{\"@id\":\"https:\\\/\\\/www.uartes.edu.ec\\\/sitio\\\/fr\\\/blog\\\/2021\\\/06\\\/22\\\/uartes-y-cdh-firman-convenio-marco-de-cooperacion-interinstitucional\\\/\"},\"wordCount\":542,\"commentCount\":0,\"publisher\":{\"@id\":\"https:\\\/\\\/www.uartes.edu.ec\\\/sitio\\\/fr\\\/#organization\"},\"image\":{\"@id\":\"https:\\\/\\\/www.uartes.edu.ec\\\/sitio\\\/fr\\\/blog\\\/2021\\\/06\\\/22\\\/uartes-y-cdh-firman-convenio-marco-de-cooperacion-interinstitucional\\\/#primaryimage\"},\"thumbnailUrl\":\"https:\\\/\\\/www.uartes.edu.ec\\\/sitio\\\/wp-content\\\/uploads\\\/2021\\\/06\\\/CDH-UARTES-2-OK.jpg\",\"keywords\":[\"interinstitucional\",\"William Herrera\"],\"articleSection\":[\"Gesti\u00f3n\",\"V\u00ednculo\"],\"inLanguage\":\"fr-FR\",\"potentialAction\":[{\"@type\":\"CommentAction\",\"name\":\"Comment\",\"target\":[\"https:\\\/\\\/www.uartes.edu.ec\\\/sitio\\\/fr\\\/blog\\\/2021\\\/06\\\/22\\\/uartes-y-cdh-firman-convenio-marco-de-cooperacion-interinstitucional\\\/#respond\"]}]},{\"@type\":[\"WebPage\",\"ItemPage\"],\"@id\":\"https:\\\/\\\/www.uartes.edu.ec\\\/sitio\\\/fr\\\/blog\\\/2021\\\/06\\\/22\\\/uartes-y-cdh-firman-convenio-marco-de-cooperacion-interinstitucional\\\/\",\"url\":\"https:\\\/\\\/www.uartes.edu.ec\\\/sitio\\\/fr\\\/blog\\\/2021\\\/06\\\/22\\\/uartes-y-cdh-firman-convenio-marco-de-cooperacion-interinstitucional\\\/\",\"name\":\"Universidad de las Artes - UArtes y CDH firman Convenio Marco de Cooperaci\u00f3n Interinstitucional\",\"isPartOf\":{\"@id\":\"https:\\\/\\\/www.uartes.edu.ec\\\/sitio\\\/fr\\\/#website\"},\"primaryImageOfPage\":{\"@id\":\"https:\\\/\\\/www.uartes.edu.ec\\\/sitio\\\/fr\\\/blog\\\/2021\\\/06\\\/22\\\/uartes-y-cdh-firman-convenio-marco-de-cooperacion-interinstitucional\\\/#primaryimage\"},\"image\":{\"@id\":\"https:\\\/\\\/www.uartes.edu.ec\\\/sitio\\\/fr\\\/blog\\\/2021\\\/06\\\/22\\\/uartes-y-cdh-firman-convenio-marco-de-cooperacion-interinstitucional\\\/#primaryimage\"},\"thumbnailUrl\":\"https:\\\/\\\/www.uartes.edu.ec\\\/sitio\\\/wp-content\\\/uploads\\\/2021\\\/06\\\/CDH-UARTES-2-OK.jpg\",\"datePublished\":\"2021-06-22T18:45:00+00:00\",\"dateModified\":\"2024-07-04T16:26:12+00:00\",\"description\":\"Universidad de las Artes - UArtes y CDH firman Convenio Marco de Cooperaci\u00f3n Interinstitucional\",\"breadcrumb\":{\"@id\":\"https:\\\/\\\/www.uartes.edu.ec\\\/sitio\\\/fr\\\/blog\\\/2021\\\/06\\\/22\\\/uartes-y-cdh-firman-convenio-marco-de-cooperacion-interinstitucional\\\/#breadcrumb\"},\"inLanguage\":\"fr-FR\",\"potentialAction\":[{\"@type\":\"ReadAction\",\"target\":[\"https:\\\/\\\/www.uartes.edu.ec\\\/sitio\\\/fr\\\/blog\\\/2021\\\/06\\\/22\\\/uartes-y-cdh-firman-convenio-marco-de-cooperacion-interinstitucional\\\/\"]}]},{\"@type\":\"ImageObject\",\"inLanguage\":\"fr-FR\",\"@id\":\"https:\\\/\\\/www.uartes.edu.ec\\\/sitio\\\/fr\\\/blog\\\/2021\\\/06\\\/22\\\/uartes-y-cdh-firman-convenio-marco-de-cooperacion-interinstitucional\\\/#primaryimage\",\"url\":\"https:\\\/\\\/www.uartes.edu.ec\\\/sitio\\\/wp-content\\\/uploads\\\/2021\\\/06\\\/CDH-UARTES-2-OK.jpg\",\"contentUrl\":\"https:\\\/\\\/www.uartes.edu.ec\\\/sitio\\\/wp-content\\\/uploads\\\/2021\\\/06\\\/CDH-UARTES-2-OK.jpg\",\"width\":2000,\"height\":1333,\"caption\":\"UArtes y CDH firman Convenio Marco de Cooperaci\u00f3n Interinstitucional\"},{\"@type\":\"BreadcrumbList\",\"@id\":\"https:\\\/\\\/www.uartes.edu.ec\\\/sitio\\\/fr\\\/blog\\\/2021\\\/06\\\/22\\\/uartes-y-cdh-firman-convenio-marco-de-cooperacion-interinstitucional\\\/#breadcrumb\",\"itemListElement\":[{\"@type\":\"ListItem\",\"position\":1,\"name\":\"Inicio\",\"item\":\"https:\\\/\\\/www.uartes.edu.ec\\\/sitio\\\/\"},{\"@type\":\"ListItem\",\"position\":2,\"name\":\"UArtes y CDH firman Convenio Marco de Cooperaci\u00f3n Interinstitucional\"}]},{\"@type\":\"WebSite\",\"@id\":\"https:\\\/\\\/www.uartes.edu.ec\\\/sitio\\\/fr\\\/#website\",\"url\":\"https:\\\/\\\/www.uartes.edu.ec\\\/sitio\\\/fr\\\/\",\"name\":\"Universidad de las Artes\",\"description\":\"Sitio oficial de la Universidad Nacional de las Artes del Ecuador\",\"publisher\":{\"@id\":\"https:\\\/\\\/www.uartes.edu.ec\\\/sitio\\\/fr\\\/#organization\"},\"potentialAction\":[{\"@type\":\"SearchAction\",\"target\":{\"@type\":\"EntryPoint\",\"urlTemplate\":\"https:\\\/\\\/www.uartes.edu.ec\\\/sitio\\\/fr\\\/?s={search_term_string}\"},\"query-input\":{\"@type\":\"PropertyValueSpecification\",\"valueRequired\":true,\"valueName\":\"search_term_string\"}}],\"inLanguage\":\"fr-FR\"},{\"@type\":\"Organization\",\"@id\":\"https:\\\/\\\/www.uartes.edu.ec\\\/sitio\\\/fr\\\/#organization\",\"name\":\"Universidad de las Artes\",\"url\":\"https:\\\/\\\/www.uartes.edu.ec\\\/sitio\\\/fr\\\/\",\"logo\":{\"@type\":\"ImageObject\",\"inLanguage\":\"fr-FR\",\"@id\":\"https:\\\/\\\/www.uartes.edu.ec\\\/sitio\\\/fr\\\/#\\\/schema\\\/logo\\\/image\\\/\",\"url\":\"https:\\\/\\\/www.uartes.edu.ec\\\/sitio\\\/wp-content\\\/uploads\\\/2022\\\/07\\\/logo-ua-horizontal.png\",\"contentUrl\":\"https:\\\/\\\/www.uartes.edu.ec\\\/sitio\\\/wp-content\\\/uploads\\\/2022\\\/07\\\/logo-ua-horizontal.png\",\"width\":800,\"height\":276,\"caption\":\"Universidad de las Artes\"},\"image\":{\"@id\":\"https:\\\/\\\/www.uartes.edu.ec\\\/sitio\\\/fr\\\/#\\\/schema\\\/logo\\\/image\\\/\"},\"sameAs\":[\"https:\\\/\\\/www.facebook.com\\\/uartesec\",\"https:\\\/\\\/x.com\\\/uartesec\",\"https:\\\/\\\/www.tiktok.com\\\/@uartesec\"]},{\"@type\":\"Person\",\"@id\":\"https:\\\/\\\/www.uartes.edu.ec\\\/sitio\\\/fr\\\/#\\\/schema\\\/person\\\/efa1b8275797664fd7f13a79ccc0b1f4\",\"name\":\"ccortez\",\"image\":{\"@type\":\"ImageObject\",\"inLanguage\":\"fr-FR\",\"@id\":\"https:\\\/\\\/secure.gravatar.com\\\/avatar\\\/b2a6f664a3ae8e074346ef91775736c5ec479e637ecced6842de9dc98b5da9cd?s=96&d=mm&r=g\",\"url\":\"https:\\\/\\\/secure.gravatar.com\\\/avatar\\\/b2a6f664a3ae8e074346ef91775736c5ec479e637ecced6842de9dc98b5da9cd?s=96&d=mm&r=g\",\"contentUrl\":\"https:\\\/\\\/secure.gravatar.com\\\/avatar\\\/b2a6f664a3ae8e074346ef91775736c5ec479e637ecced6842de9dc98b5da9cd?s=96&d=mm&r=g\",\"caption\":\"ccortez\"},\"url\":\"https:\\\/\\\/www.uartes.edu.ec\\\/sitio\\\/fr\\\/blog\\\/author\\\/ccortez\\\/\"}]}<\/script>\n<!-- \/ Yoast SEO plugin. -->","yoast_head_json":{"title":"Universidad de las Artes - UArtes y CDH firman Convenio Marco de Cooperaci\u00f3n Interinstitucional","description":"Universidad de las Artes - UArtes y CDH firman Convenio Marco de Cooperaci\u00f3n Interinstitucional","robots":{"index":"index","follow":"follow","max-snippet":"max-snippet:-1","max-image-preview":"max-image-preview:large","max-video-preview":"max-video-preview:-1"},"canonical":"https:\/\/www.uartes.edu.ec\/sitio\/fr\/blog\/2021\/06\/22\/uartes-y-cdh-firman-convenio-marco-de-cooperacion-interinstitucional\/","og_locale":"fr_FR","og_type":"article","og_title":"Universidad de las Artes - UArtes y CDH firman Convenio Marco de Cooperaci\u00f3n Interinstitucional","og_description":"Universidad de las Artes - UArtes y CDH firman Convenio Marco de Cooperaci\u00f3n Interinstitucional","og_url":"https:\/\/www.uartes.edu.ec\/sitio\/fr\/blog\/2021\/06\/22\/uartes-y-cdh-firman-convenio-marco-de-cooperacion-interinstitucional\/","og_site_name":"Universidad de las Artes","article_publisher":"https:\/\/www.facebook.com\/uartesec","article_published_time":"2021-06-22T18:45:00+00:00","article_modified_time":"2024-07-04T16:26:12+00:00","og_image":[{"width":2000,"height":1333,"url":"https:\/\/www.uartes.edu.ec\/sitio\/wp-content\/uploads\/2021\/06\/CDH-UARTES-2-OK.jpg","type":"image\/jpeg"}],"author":"ccortez","twitter_card":"summary_large_image","twitter_creator":"@uartesec","twitter_site":"@uartesec","twitter_misc":{"\u00c9crit par":"ccortez","Dur\u00e9e de lecture estim\u00e9e":"3 minutes"},"schema":{"@context":"https:\/\/schema.org","@graph":[{"@type":"Article","@id":"https:\/\/www.uartes.edu.ec\/sitio\/fr\/blog\/2021\/06\/22\/uartes-y-cdh-firman-convenio-marco-de-cooperacion-interinstitucional\/#article","isPartOf":{"@id":"https:\/\/www.uartes.edu.ec\/sitio\/fr\/blog\/2021\/06\/22\/uartes-y-cdh-firman-convenio-marco-de-cooperacion-interinstitucional\/"},"author":{"name":"ccortez","@id":"https:\/\/www.uartes.edu.ec\/sitio\/fr\/#\/schema\/person\/efa1b8275797664fd7f13a79ccc0b1f4"},"headline":"UArtes y CDH firman Convenio Marco de Cooperaci\u00f3n Interinstitucional","datePublished":"2021-06-22T18:45:00+00:00","dateModified":"2024-07-04T16:26:12+00:00","mainEntityOfPage":{"@id":"https:\/\/www.uartes.edu.ec\/sitio\/fr\/blog\/2021\/06\/22\/uartes-y-cdh-firman-convenio-marco-de-cooperacion-interinstitucional\/"},"wordCount":542,"commentCount":0,"publisher":{"@id":"https:\/\/www.uartes.edu.ec\/sitio\/fr\/#organization"},"image":{"@id":"https:\/\/www.uartes.edu.ec\/sitio\/fr\/blog\/2021\/06\/22\/uartes-y-cdh-firman-convenio-marco-de-cooperacion-interinstitucional\/#primaryimage"},"thumbnailUrl":"https:\/\/www.uartes.edu.ec\/sitio\/wp-content\/uploads\/2021\/06\/CDH-UARTES-2-OK.jpg","keywords":["interinstitucional","William Herrera"],"articleSection":["Gesti\u00f3n","V\u00ednculo"],"inLanguage":"fr-FR","potentialAction":[{"@type":"CommentAction","name":"Comment","target":["https:\/\/www.uartes.edu.ec\/sitio\/fr\/blog\/2021\/06\/22\/uartes-y-cdh-firman-convenio-marco-de-cooperacion-interinstitucional\/#respond"]}]},{"@type":["WebPage","ItemPage"],"@id":"https:\/\/www.uartes.edu.ec\/sitio\/fr\/blog\/2021\/06\/22\/uartes-y-cdh-firman-convenio-marco-de-cooperacion-interinstitucional\/","url":"https:\/\/www.uartes.edu.ec\/sitio\/fr\/blog\/2021\/06\/22\/uartes-y-cdh-firman-convenio-marco-de-cooperacion-interinstitucional\/","name":"Universidad de las Artes - UArtes y CDH firman Convenio Marco de Cooperaci\u00f3n Interinstitucional","isPartOf":{"@id":"https:\/\/www.uartes.edu.ec\/sitio\/fr\/#website"},"primaryImageOfPage":{"@id":"https:\/\/www.uartes.edu.ec\/sitio\/fr\/blog\/2021\/06\/22\/uartes-y-cdh-firman-convenio-marco-de-cooperacion-interinstitucional\/#primaryimage"},"image":{"@id":"https:\/\/www.uartes.edu.ec\/sitio\/fr\/blog\/2021\/06\/22\/uartes-y-cdh-firman-convenio-marco-de-cooperacion-interinstitucional\/#primaryimage"},"thumbnailUrl":"https:\/\/www.uartes.edu.ec\/sitio\/wp-content\/uploads\/2021\/06\/CDH-UARTES-2-OK.jpg","datePublished":"2021-06-22T18:45:00+00:00","dateModified":"2024-07-04T16:26:12+00:00","description":"Universidad de las Artes - UArtes y CDH firman Convenio Marco de Cooperaci\u00f3n Interinstitucional","breadcrumb":{"@id":"https:\/\/www.uartes.edu.ec\/sitio\/fr\/blog\/2021\/06\/22\/uartes-y-cdh-firman-convenio-marco-de-cooperacion-interinstitucional\/#breadcrumb"},"inLanguage":"fr-FR","potentialAction":[{"@type":"ReadAction","target":["https:\/\/www.uartes.edu.ec\/sitio\/fr\/blog\/2021\/06\/22\/uartes-y-cdh-firman-convenio-marco-de-cooperacion-interinstitucional\/"]}]},{"@type":"ImageObject","inLanguage":"fr-FR","@id":"https:\/\/www.uartes.edu.ec\/sitio\/fr\/blog\/2021\/06\/22\/uartes-y-cdh-firman-convenio-marco-de-cooperacion-interinstitucional\/#primaryimage","url":"https:\/\/www.uartes.edu.ec\/sitio\/wp-content\/uploads\/2021\/06\/CDH-UARTES-2-OK.jpg","contentUrl":"https:\/\/www.uartes.edu.ec\/sitio\/wp-content\/uploads\/2021\/06\/CDH-UARTES-2-OK.jpg","width":2000,"height":1333,"caption":"UArtes y CDH firman Convenio Marco de Cooperaci\u00f3n Interinstitucional"},{"@type":"BreadcrumbList","@id":"https:\/\/www.uartes.edu.ec\/sitio\/fr\/blog\/2021\/06\/22\/uartes-y-cdh-firman-convenio-marco-de-cooperacion-interinstitucional\/#breadcrumb","itemListElement":[{"@type":"ListItem","position":1,"name":"Inicio","item":"https:\/\/www.uartes.edu.ec\/sitio\/"},{"@type":"ListItem","position":2,"name":"UArtes y CDH firman Convenio Marco de Cooperaci\u00f3n Interinstitucional"}]},{"@type":"WebSite","@id":"https:\/\/www.uartes.edu.ec\/sitio\/fr\/#website","url":"https:\/\/www.uartes.edu.ec\/sitio\/fr\/","name":"Universidad de las Artes","description":"Sitio oficial de la Universidad Nacional de las Artes del Ecuador","publisher":{"@id":"https:\/\/www.uartes.edu.ec\/sitio\/fr\/#organization"},"potentialAction":[{"@type":"SearchAction","target":{"@type":"EntryPoint","urlTemplate":"https:\/\/www.uartes.edu.ec\/sitio\/fr\/?s={search_term_string}"},"query-input":{"@type":"PropertyValueSpecification","valueRequired":true,"valueName":"search_term_string"}}],"inLanguage":"fr-FR"},{"@type":"Organization","@id":"https:\/\/www.uartes.edu.ec\/sitio\/fr\/#organization","name":"Universidad de las Artes","url":"https:\/\/www.uartes.edu.ec\/sitio\/fr\/","logo":{"@type":"ImageObject","inLanguage":"fr-FR","@id":"https:\/\/www.uartes.edu.ec\/sitio\/fr\/#\/schema\/logo\/image\/","url":"https:\/\/www.uartes.edu.ec\/sitio\/wp-content\/uploads\/2022\/07\/logo-ua-horizontal.png","contentUrl":"https:\/\/www.uartes.edu.ec\/sitio\/wp-content\/uploads\/2022\/07\/logo-ua-horizontal.png","width":800,"height":276,"caption":"Universidad de las Artes"},"image":{"@id":"https:\/\/www.uartes.edu.ec\/sitio\/fr\/#\/schema\/logo\/image\/"},"sameAs":["https:\/\/www.facebook.com\/uartesec","https:\/\/x.com\/uartesec","https:\/\/www.tiktok.com\/@uartesec"]},{"@type":"Person","@id":"https:\/\/www.uartes.edu.ec\/sitio\/fr\/#\/schema\/person\/efa1b8275797664fd7f13a79ccc0b1f4","name":"ccortez","image":{"@type":"ImageObject","inLanguage":"fr-FR","@id":"https:\/\/secure.gravatar.com\/avatar\/b2a6f664a3ae8e074346ef91775736c5ec479e637ecced6842de9dc98b5da9cd?s=96&d=mm&r=g","url":"https:\/\/secure.gravatar.com\/avatar\/b2a6f664a3ae8e074346ef91775736c5ec479e637ecced6842de9dc98b5da9cd?s=96&d=mm&r=g","contentUrl":"https:\/\/secure.gravatar.com\/avatar\/b2a6f664a3ae8e074346ef91775736c5ec479e637ecced6842de9dc98b5da9cd?s=96&d=mm&r=g","caption":"ccortez"},"url":"https:\/\/www.uartes.edu.ec\/sitio\/fr\/blog\/author\/ccortez\/"}]}},"uagb_featured_image_src":{"full":["https:\/\/www.uartes.edu.ec\/sitio\/wp-content\/uploads\/2021\/06\/CDH-UARTES-2-OK.jpg",2000,1333,false],"thumbnail":["https:\/\/www.uartes.edu.ec\/sitio\/wp-content\/uploads\/2021\/06\/CDH-UARTES-2-OK-150x150.jpg",150,150,true],"medium":["https:\/\/www.uartes.edu.ec\/sitio\/wp-content\/uploads\/2021\/06\/CDH-UARTES-2-OK-300x200.jpg",300,200,true],"medium_large":["https:\/\/www.uartes.edu.ec\/sitio\/wp-content\/uploads\/2021\/06\/CDH-UARTES-2-OK-768x512.jpg",768,512,true],"large":["https:\/\/www.uartes.edu.ec\/sitio\/wp-content\/uploads\/2021\/06\/CDH-UARTES-2-OK-644x429.jpg",644,429,true],"1536x1536":["https:\/\/www.uartes.edu.ec\/sitio\/wp-content\/uploads\/2021\/06\/CDH-UARTES-2-OK-1536x1024.jpg",1536,1024,true],"2048x2048":["https:\/\/www.uartes.edu.ec\/sitio\/wp-content\/uploads\/2021\/06\/CDH-UARTES-2-OK.jpg",2000,1333,false],"trp-custom-language-flag":["https:\/\/www.uartes.edu.ec\/sitio\/wp-content\/uploads\/2021\/06\/CDH-UARTES-2-OK-16x12.jpg",16,12,true],"htmega_size_585x295":["https:\/\/www.uartes.edu.ec\/sitio\/wp-content\/uploads\/2021\/06\/CDH-UARTES-2-OK-585x295.jpg",585,295,true],"htmega_size_1170x536":["https:\/\/www.uartes.edu.ec\/sitio\/wp-content\/uploads\/2021\/06\/CDH-UARTES-2-OK-1170x536.jpg",1170,536,true],"htmega_size_396x360":["https:\/\/www.uartes.edu.ec\/sitio\/wp-content\/uploads\/2021\/06\/CDH-UARTES-2-OK-396x360.jpg",396,360,true],"gb-block-post-grid-landscape":["https:\/\/www.uartes.edu.ec\/sitio\/wp-content\/uploads\/2021\/06\/CDH-UARTES-2-OK.jpg",600,400,false],"gb-block-post-grid-square":["https:\/\/www.uartes.edu.ec\/sitio\/wp-content\/uploads\/2021\/06\/CDH-UARTES-2-OK.jpg",600,400,false],"university-hub-thumb":["https:\/\/www.uartes.edu.ec\/sitio\/wp-content\/uploads\/2021\/06\/CDH-UARTES-2-OK-400x267.jpg",400,267,true]},"uagb_author_info":{"display_name":"ccortez","author_link":"https:\/\/www.uartes.edu.ec\/sitio\/fr\/blog\/author\/ccortez\/"},"uagb_comment_info":0,"uagb_excerpt":"La Universidad de las Artes firm\u00f3 un Convenio Marco de Cooperaci\u00f3n Interinstitucional con el Comit\u00e9 Permanente por la Defensa de los Derechos Humanos (CDH). La suscripci\u00f3n se realiz\u00f3 el s\u00e1bado 19 de junio de 2021 en la cooperativa Voluntad de Dios, ubicada al noroeste de Guayaquil, en el sector de Monte Sina\u00ed.","featured_image_src":"https:\/\/www.uartes.edu.ec\/sitio\/wp-content\/uploads\/2021\/06\/CDH-UARTES-2-OK.jpg","featured_image_src_square":"https:\/\/www.uartes.edu.ec\/sitio\/wp-content\/uploads\/2021\/06\/CDH-UARTES-2-OK.jpg","author_info":{"display_name":"ccortez","author_link":"https:\/\/www.uartes.edu.ec\/sitio\/fr\/blog\/author\/ccortez\/"},"publishpress_future_workflow_manual_trigger":{"enabledWorkflows":[]},"distributor_meta":false,"distributor_terms":false,"distributor_media":false,"distributor_original_site_name":"Universidad de las Artes","distributor_original_site_url":"https:\/\/www.uartes.edu.ec\/sitio\/fr","push-errors":false,"_links":{"self":[{"href":"https:\/\/www.uartes.edu.ec\/sitio\/fr\/wp-json\/wp\/v2\/posts\/14413","targetHints":{"allow":["GET"]}}],"collection":[{"href":"https:\/\/www.uartes.edu.ec\/sitio\/fr\/wp-json\/wp\/v2\/posts"}],"about":[{"href":"https:\/\/www.uartes.edu.ec\/sitio\/fr\/wp-json\/wp\/v2\/types\/post"}],"author":[{"embeddable":true,"href":"https:\/\/www.uartes.edu.ec\/sitio\/fr\/wp-json\/wp\/v2\/users\/10"}],"replies":[{"embeddable":true,"href":"https:\/\/www.uartes.edu.ec\/sitio\/fr\/wp-json\/wp\/v2\/comments?post=14413"}],"version-history":[{"count":3,"href":"https:\/\/www.uartes.edu.ec\/sitio\/fr\/wp-json\/wp\/v2\/posts\/14413\/revisions"}],"predecessor-version":[{"id":14474,"href":"https:\/\/www.uartes.edu.ec\/sitio\/fr\/wp-json\/wp\/v2\/posts\/14413\/revisions\/14474"}],"wp:featuredmedia":[{"embeddable":true,"href":"https:\/\/www.uartes.edu.ec\/sitio\/fr\/wp-json\/wp\/v2\/media\/14416"}],"wp:attachment":[{"href":"https:\/\/www.uartes.edu.ec\/sitio\/fr\/wp-json\/wp\/v2\/media?parent=14413"}],"wp:term":[{"taxonomy":"category","embeddable":true,"href":"https:\/\/www.uartes.edu.ec\/sitio\/fr\/wp-json\/wp\/v2\/categories?post=14413"},{"taxonomy":"post_tag","embeddable":true,"href":"https:\/\/www.uartes.edu.ec\/sitio\/fr\/wp-json\/wp\/v2\/tags?post=14413"},{"taxonomy":"infouartes","embeddable":true,"href":"https:\/\/www.uartes.edu.ec\/sitio\/fr\/wp-json\/wp\/v2\/infouartes?post=14413"}],"curies":[{"name":"wp","href":"https:\/\/api.w.org\/{rel}","templated":true}]}}