{"id":14500,"date":"2021-06-24T15:26:00","date_gmt":"2021-06-24T20:26:00","guid":{"rendered":"http:\/\/www.uartes.edu.ec\/sitio\/?p=14500"},"modified":"2024-07-04T11:26:10","modified_gmt":"2024-07-04T16:26:10","slug":"la-uartes-y-el-teatro-sanchez-aguilar-firman-convenio-de-cooperacion-interinstitucional","status":"publish","type":"post","link":"https:\/\/www.uartes.edu.ec\/sitio\/fr\/blog\/2021\/06\/24\/la-uartes-y-el-teatro-sanchez-aguilar-firman-convenio-de-cooperacion-interinstitucional\/","title":{"rendered":"Universidad de las Artes y Teatro S\u00e1nchez Aguilar firman Convenio de Cooperaci\u00f3n Interinstitucional"},"content":{"rendered":"<p>Establecer relaciones de cooperaci\u00f3n interinstitucional orientadas principalmente \u2013pero no limitadamente\u2013 a la realizaci\u00f3n de actividades acad\u00e9micas, culturales y art\u00edsticas en beneficio de ambas instituciones y de la comunidad en general. Este el principal prop\u00f3sito del convenio firmado este mi\u00e9rcoles 23 de junio de 2021 entre la Universidad de las Artes y el Teatro S\u00e1nchez Aguilar.<\/p>\n\n\n\n<p>La suscripci\u00f3n del Convenio de Cooperaci\u00f3n Interinstitucional la hicieron el doctor William Herrera R\u00edos, rector de la UArtes, y Mar\u00eda Cecilia S\u00e1nchez Arosemena, directora Ejecutiva de la Fundaci\u00f3n S\u00e1nchez Aguilar.<\/p>\n\n\n\n<p>Con una duraci\u00f3n de cuatro a\u00f1os, el convenio permitir\u00e1 la realizaci\u00f3n de proyectos editoriales y comunicacionales en los que se difundan las tareas de ambas instituciones; la investigaci\u00f3n, producci\u00f3n y circulaci\u00f3n de pr\u00e1cticas art\u00edsticas y pr\u00e1cticas preprofesionales; y, proyectos de investigaci\u00f3n. Como administrador del acuerdo se nombr\u00f3 a Marcelo Leyton, subdirector de la Escuela de Artes Esc\u00e9nicas de la UArtes.<\/p>\n\n\n\n<p>Para la consecuci\u00f3n del objetivo principal ya mencionado, la UArtes y el Teatro S\u00e1nchez Aguilar se comprometen, entre otros puntos, a desarrollar e implementar convenios espec\u00edficos que promuevan los compromisos adquiridos; establecer y mantener canales de comunicaci\u00f3n institucionales que promuevan el cumplimiento \u00f3ptimo de los prop\u00f3sitos del convenio; y, colaborar en el desarrollo e implementaci\u00f3n de programas, proyectos y acciones conjuntas que promuevan la investigaci\u00f3n, la producci\u00f3n y la circulaci\u00f3n de pr\u00e1cticas art\u00edsticas, conocimientos y saberes, as\u00ed como los procesos comunitarios en beneficio de ambas instituciones y de la sociedad.<\/p>\n\n\n\n<p>Se estableci\u00f3 tambi\u00e9n el compromiso de reconocer la imagen institucional de la UArtes y del Teatro S\u00e1nchez Aguilar en los proyectos conjuntos que se efect\u00faen en el marco de este acuerdo; coordinar las acciones necesarias para promover la participaci\u00f3n de las comunidades de ambas instituciones en proyectos conjuntos y favorecer el acercamiento de estas a actividades acad\u00e9micas, art\u00edsticas y\/o culturales desarrolladas conjuntamente; y, el desarrollo de pr\u00e1cticas preprofesionales y\/o proyectos de investigaci\u00f3n en los que participen estudiantes, docentes y personal administrativo de la Universidad de las Artes.<\/p>\n\n\n\n<div class=\"wp-block-image\"><figure class=\"aligncenter size-full\"><img fetchpriority=\"high\" decoding=\"async\" width=\"2560\" height=\"1707\" src=\"http:\/\/www.uartes.edu.ec\/sitio\/wp-content\/uploads\/2021\/06\/CONVENIO-UARTES-AGUILAR-7-scaled.jpg\" alt=\"\" class=\"wp-image-14503\" srcset=\"https:\/\/www.uartes.edu.ec\/sitio\/wp-content\/uploads\/2021\/06\/CONVENIO-UARTES-AGUILAR-7-scaled.jpg 2560w, https:\/\/www.uartes.edu.ec\/sitio\/wp-content\/uploads\/2021\/06\/CONVENIO-UARTES-AGUILAR-7-300x200.jpg 300w, https:\/\/www.uartes.edu.ec\/sitio\/wp-content\/uploads\/2021\/06\/CONVENIO-UARTES-AGUILAR-7-644x429.jpg 644w, https:\/\/www.uartes.edu.ec\/sitio\/wp-content\/uploads\/2021\/06\/CONVENIO-UARTES-AGUILAR-7-768x512.jpg 768w, https:\/\/www.uartes.edu.ec\/sitio\/wp-content\/uploads\/2021\/06\/CONVENIO-UARTES-AGUILAR-7-1536x1024.jpg 1536w, https:\/\/www.uartes.edu.ec\/sitio\/wp-content\/uploads\/2021\/06\/CONVENIO-UARTES-AGUILAR-7-2048x1365.jpg 2048w, https:\/\/www.uartes.edu.ec\/sitio\/wp-content\/uploads\/2021\/06\/CONVENIO-UARTES-AGUILAR-7-16x12.jpg 16w, https:\/\/www.uartes.edu.ec\/sitio\/wp-content\/uploads\/2021\/06\/CONVENIO-UARTES-AGUILAR-7-600x400.jpg 600w, https:\/\/www.uartes.edu.ec\/sitio\/wp-content\/uploads\/2021\/06\/CONVENIO-UARTES-AGUILAR-7-400x267.jpg 400w, https:\/\/www.uartes.edu.ec\/sitio\/wp-content\/uploads\/2021\/06\/CONVENIO-UARTES-AGUILAR-7-272x182.jpg 272w\" sizes=\"(max-width: 2560px) 100vw, 2560px\" \/><\/figure><\/div>\n\n\n\n<h3 class=\"wp-block-heading\"><strong>Relacionados desde el 2015<\/strong><\/h3>\n\n\n\n<p>Es de anotar que la UArtes mantiene una relaci\u00f3n de cooperaci\u00f3n con el Teatro S\u00e1nchez Aguilar desde el 2015 mediante la realizaci\u00f3n de actividades conjuntas, como agendas culturales, eventos acad\u00e9micos, pr\u00e1cticas preprofesionales y colaboraci\u00f3n para la realizaci\u00f3n de proyectos de Vinculaci\u00f3n con la Sociedad (entre estos, Formaci\u00f3n de audiencias, Lecturas en escena e Interactos).<\/p>\n\n\n\n<p>En el 2020 se firm\u00f3 un convenio de cooperaci\u00f3n entre ambas instituciones, mas fue anulado porque la Fundaci\u00f3n Teatro S\u00e1nchez Aguilar solicit\u00f3 un ajuste en el texto. La UArtes realiz\u00f3 el proceso jur\u00eddico correspondiente para finalizarlo y, en el mismo contexto, se acord\u00f3 elaborar un nuevo instrumento que acoja todas las aspiraciones de ambas instituciones.<\/p>\n\n\n\n<p>El Convenio de Cooperaci\u00f3n Interinstitucional firmado en este 2021 ser\u00e1 de beneficio para la activaci\u00f3n de la agenda cultural en la ciudad. En ese marco, se recomienda plantear la constituci\u00f3n de una red de espacios culturales con MZ14, la Biblioteca de las Artes, los espacios culturales de la calle Panam\u00e1 y otros del Ministerio de Cultura y Patrimonio y los pertenecientes a la Municipalidad de Guayaquil.<\/p>\n\n\n\n<h3 class=\"wp-block-heading\"><strong>Fundaci\u00f3n y Teatro<\/strong><\/h3>\n\n\n\n<p>La Fundaci\u00f3n S\u00e1nchez Aguilar fue creada en 1989 por Carlos S\u00e1nchez Aguilar, con el prop\u00f3sito de ayudar al mejoramiento del nivel de vida a trav\u00e9s del fomento de la educaci\u00f3n, las actividades acad\u00e9micas y las expresiones art\u00edsticas y culturales.<\/p>\n\n\n\n<p>Cuenta, en su estructura, con proyectos como becas, albergue para personas que realizan tratamientos hospitalarios en la ciudad y que necesitan acogida, el Centro de Promoci\u00f3n y Desarrollo Integral (capacitaci\u00f3n y actividades recreativas) y el Teatro S\u00e1nchez Aguilar, que se inaugur\u00f3 en el 2012 con capacidad para 1.100 personas (952 butacas en su sala principal y un aforo de 250 personas en su sala Zaruma).<\/p>","protected":false},"excerpt":{"rendered":"<p>Establecer relaciones de cooperaci\u00f3n interinstitucional orientadas principalmente \u2013pero no limitadamente\u2013 a la realizaci\u00f3n de actividades acad\u00e9micas, culturales y art\u00edsticas en beneficio de ambas instituciones y de la comunidad en general. Este el principal prop\u00f3sito del convenio firmado este mi\u00e9rcoles 23 de junio de 2021 entre la Universidad de las Artes y el Teatro S\u00e1nchez Aguilar.<\/p>","protected":false},"author":10,"featured_media":14502,"comment_status":"open","ping_status":"open","sticky":false,"template":"","format":"standard","meta":{"_acf_changed":false,"_uag_custom_page_level_css":"","_monsterinsights_skip_tracking":false,"_monsterinsights_sitenote_active":false,"_monsterinsights_sitenote_note":"","_monsterinsights_sitenote_category":0,"cybocfi_hide_featured_image":"","footnotes":""},"categories":[82,77,84,79],"tags":[405],"infouartes":[],"class_list":["post-14500","post","type-post","status-publish","format-standard","has-post-thumbnail","hentry","category-artes","category-gestion","category-rectorado","category-vinculo","tag-william-herrera"],"acf":[],"yoast_head":"<!-- This site is optimized with the Yoast SEO plugin v27.4 - https:\/\/yoast.com\/product\/yoast-seo-wordpress\/ -->\n<title>Universidad de las Artes - Universidad de las Artes y Teatro S\u00e1nchez Aguilar firman Convenio de Cooperaci\u00f3n Interinstitucional<\/title>\n<meta name=\"description\" content=\"Universidad de las Artes - Universidad de las Artes y Teatro S\u00e1nchez Aguilar firman Convenio de Cooperaci\u00f3n Interinstitucional\" \/>\n<meta name=\"robots\" content=\"index, follow, max-snippet:-1, max-image-preview:large, max-video-preview:-1\" \/>\n<link rel=\"canonical\" href=\"https:\/\/www.uartes.edu.ec\/sitio\/fr\/blog\/2021\/06\/24\/la-uartes-y-el-teatro-sanchez-aguilar-firman-convenio-de-cooperacion-interinstitucional\/\" \/>\n<meta property=\"og:locale\" content=\"fr_FR\" \/>\n<meta property=\"og:type\" content=\"article\" \/>\n<meta property=\"og:title\" content=\"Universidad de las Artes - Universidad de las Artes y Teatro S\u00e1nchez Aguilar firman Convenio de Cooperaci\u00f3n Interinstitucional\" \/>\n<meta property=\"og:description\" content=\"Universidad de las Artes - Universidad de las Artes y Teatro S\u00e1nchez Aguilar firman Convenio de Cooperaci\u00f3n Interinstitucional\" \/>\n<meta property=\"og:url\" content=\"https:\/\/www.uartes.edu.ec\/sitio\/fr\/blog\/2021\/06\/24\/la-uartes-y-el-teatro-sanchez-aguilar-firman-convenio-de-cooperacion-interinstitucional\/\" \/>\n<meta property=\"og:site_name\" content=\"Universidad de las Artes\" \/>\n<meta property=\"article:publisher\" content=\"https:\/\/www.facebook.com\/uartesec\" \/>\n<meta property=\"article:published_time\" content=\"2021-06-24T20:26:00+00:00\" \/>\n<meta property=\"article:modified_time\" content=\"2024-07-04T16:26:10+00:00\" \/>\n<meta property=\"og:image\" content=\"https:\/\/www.uartes.edu.ec\/sitio\/wp-content\/uploads\/2021\/06\/CONVENIO-UARTES-AGUILAR-5-scaled.jpg\" \/>\n\t<meta property=\"og:image:width\" content=\"2560\" \/>\n\t<meta property=\"og:image:height\" content=\"1707\" \/>\n\t<meta property=\"og:image:type\" content=\"image\/jpeg\" \/>\n<meta name=\"author\" content=\"ccortez\" \/>\n<meta name=\"twitter:card\" content=\"summary_large_image\" \/>\n<meta name=\"twitter:creator\" content=\"@uartesec\" \/>\n<meta name=\"twitter:site\" content=\"@uartesec\" \/>\n<meta name=\"twitter:label1\" content=\"\u00c9crit par\" \/>\n\t<meta name=\"twitter:data1\" content=\"ccortez\" \/>\n\t<meta name=\"twitter:label2\" content=\"Dur\u00e9e de lecture estim\u00e9e\" \/>\n\t<meta name=\"twitter:data2\" content=\"3 minutes\" \/>\n<script type=\"application\/ld+json\" class=\"yoast-schema-graph\">{\"@context\":\"https:\\\/\\\/schema.org\",\"@graph\":[{\"@type\":\"Article\",\"@id\":\"https:\\\/\\\/www.uartes.edu.ec\\\/sitio\\\/fr\\\/blog\\\/2021\\\/06\\\/24\\\/la-uartes-y-el-teatro-sanchez-aguilar-firman-convenio-de-cooperacion-interinstitucional\\\/#article\",\"isPartOf\":{\"@id\":\"https:\\\/\\\/www.uartes.edu.ec\\\/sitio\\\/fr\\\/blog\\\/2021\\\/06\\\/24\\\/la-uartes-y-el-teatro-sanchez-aguilar-firman-convenio-de-cooperacion-interinstitucional\\\/\"},\"author\":{\"name\":\"ccortez\",\"@id\":\"https:\\\/\\\/www.uartes.edu.ec\\\/sitio\\\/fr\\\/#\\\/schema\\\/person\\\/efa1b8275797664fd7f13a79ccc0b1f4\"},\"headline\":\"Universidad de las Artes y Teatro S\u00e1nchez Aguilar firman Convenio de Cooperaci\u00f3n Interinstitucional\",\"datePublished\":\"2021-06-24T20:26:00+00:00\",\"dateModified\":\"2024-07-04T16:26:10+00:00\",\"mainEntityOfPage\":{\"@id\":\"https:\\\/\\\/www.uartes.edu.ec\\\/sitio\\\/fr\\\/blog\\\/2021\\\/06\\\/24\\\/la-uartes-y-el-teatro-sanchez-aguilar-firman-convenio-de-cooperacion-interinstitucional\\\/\"},\"wordCount\":687,\"commentCount\":0,\"publisher\":{\"@id\":\"https:\\\/\\\/www.uartes.edu.ec\\\/sitio\\\/fr\\\/#organization\"},\"image\":{\"@id\":\"https:\\\/\\\/www.uartes.edu.ec\\\/sitio\\\/fr\\\/blog\\\/2021\\\/06\\\/24\\\/la-uartes-y-el-teatro-sanchez-aguilar-firman-convenio-de-cooperacion-interinstitucional\\\/#primaryimage\"},\"thumbnailUrl\":\"https:\\\/\\\/www.uartes.edu.ec\\\/sitio\\\/wp-content\\\/uploads\\\/2021\\\/06\\\/CONVENIO-UARTES-AGUILAR-5-scaled.jpg\",\"keywords\":[\"William Herrera\"],\"articleSection\":[\"Artes\",\"Gesti\u00f3n\",\"Rectorado\",\"V\u00ednculo\"],\"inLanguage\":\"fr-FR\",\"potentialAction\":[{\"@type\":\"CommentAction\",\"name\":\"Comment\",\"target\":[\"https:\\\/\\\/www.uartes.edu.ec\\\/sitio\\\/fr\\\/blog\\\/2021\\\/06\\\/24\\\/la-uartes-y-el-teatro-sanchez-aguilar-firman-convenio-de-cooperacion-interinstitucional\\\/#respond\"]}]},{\"@type\":[\"WebPage\",\"ItemPage\"],\"@id\":\"https:\\\/\\\/www.uartes.edu.ec\\\/sitio\\\/fr\\\/blog\\\/2021\\\/06\\\/24\\\/la-uartes-y-el-teatro-sanchez-aguilar-firman-convenio-de-cooperacion-interinstitucional\\\/\",\"url\":\"https:\\\/\\\/www.uartes.edu.ec\\\/sitio\\\/fr\\\/blog\\\/2021\\\/06\\\/24\\\/la-uartes-y-el-teatro-sanchez-aguilar-firman-convenio-de-cooperacion-interinstitucional\\\/\",\"name\":\"Universidad de las Artes - Universidad de las Artes y Teatro S\u00e1nchez Aguilar firman Convenio de Cooperaci\u00f3n Interinstitucional\",\"isPartOf\":{\"@id\":\"https:\\\/\\\/www.uartes.edu.ec\\\/sitio\\\/fr\\\/#website\"},\"primaryImageOfPage\":{\"@id\":\"https:\\\/\\\/www.uartes.edu.ec\\\/sitio\\\/fr\\\/blog\\\/2021\\\/06\\\/24\\\/la-uartes-y-el-teatro-sanchez-aguilar-firman-convenio-de-cooperacion-interinstitucional\\\/#primaryimage\"},\"image\":{\"@id\":\"https:\\\/\\\/www.uartes.edu.ec\\\/sitio\\\/fr\\\/blog\\\/2021\\\/06\\\/24\\\/la-uartes-y-el-teatro-sanchez-aguilar-firman-convenio-de-cooperacion-interinstitucional\\\/#primaryimage\"},\"thumbnailUrl\":\"https:\\\/\\\/www.uartes.edu.ec\\\/sitio\\\/wp-content\\\/uploads\\\/2021\\\/06\\\/CONVENIO-UARTES-AGUILAR-5-scaled.jpg\",\"datePublished\":\"2021-06-24T20:26:00+00:00\",\"dateModified\":\"2024-07-04T16:26:10+00:00\",\"description\":\"Universidad de las Artes - Universidad de las Artes y Teatro S\u00e1nchez Aguilar firman Convenio de Cooperaci\u00f3n Interinstitucional\",\"breadcrumb\":{\"@id\":\"https:\\\/\\\/www.uartes.edu.ec\\\/sitio\\\/fr\\\/blog\\\/2021\\\/06\\\/24\\\/la-uartes-y-el-teatro-sanchez-aguilar-firman-convenio-de-cooperacion-interinstitucional\\\/#breadcrumb\"},\"inLanguage\":\"fr-FR\",\"potentialAction\":[{\"@type\":\"ReadAction\",\"target\":[\"https:\\\/\\\/www.uartes.edu.ec\\\/sitio\\\/fr\\\/blog\\\/2021\\\/06\\\/24\\\/la-uartes-y-el-teatro-sanchez-aguilar-firman-convenio-de-cooperacion-interinstitucional\\\/\"]}]},{\"@type\":\"ImageObject\",\"inLanguage\":\"fr-FR\",\"@id\":\"https:\\\/\\\/www.uartes.edu.ec\\\/sitio\\\/fr\\\/blog\\\/2021\\\/06\\\/24\\\/la-uartes-y-el-teatro-sanchez-aguilar-firman-convenio-de-cooperacion-interinstitucional\\\/#primaryimage\",\"url\":\"https:\\\/\\\/www.uartes.edu.ec\\\/sitio\\\/wp-content\\\/uploads\\\/2021\\\/06\\\/CONVENIO-UARTES-AGUILAR-5-scaled.jpg\",\"contentUrl\":\"https:\\\/\\\/www.uartes.edu.ec\\\/sitio\\\/wp-content\\\/uploads\\\/2021\\\/06\\\/CONVENIO-UARTES-AGUILAR-5-scaled.jpg\",\"width\":2560,\"height\":1707},{\"@type\":\"BreadcrumbList\",\"@id\":\"https:\\\/\\\/www.uartes.edu.ec\\\/sitio\\\/fr\\\/blog\\\/2021\\\/06\\\/24\\\/la-uartes-y-el-teatro-sanchez-aguilar-firman-convenio-de-cooperacion-interinstitucional\\\/#breadcrumb\",\"itemListElement\":[{\"@type\":\"ListItem\",\"position\":1,\"name\":\"Inicio\",\"item\":\"https:\\\/\\\/www.uartes.edu.ec\\\/sitio\\\/\"},{\"@type\":\"ListItem\",\"position\":2,\"name\":\"Universidad de las Artes y Teatro S\u00e1nchez Aguilar firman Convenio de Cooperaci\u00f3n Interinstitucional\"}]},{\"@type\":\"WebSite\",\"@id\":\"https:\\\/\\\/www.uartes.edu.ec\\\/sitio\\\/fr\\\/#website\",\"url\":\"https:\\\/\\\/www.uartes.edu.ec\\\/sitio\\\/fr\\\/\",\"name\":\"Universidad de las Artes\",\"description\":\"Sitio oficial de la Universidad Nacional de las Artes del Ecuador\",\"publisher\":{\"@id\":\"https:\\\/\\\/www.uartes.edu.ec\\\/sitio\\\/fr\\\/#organization\"},\"potentialAction\":[{\"@type\":\"SearchAction\",\"target\":{\"@type\":\"EntryPoint\",\"urlTemplate\":\"https:\\\/\\\/www.uartes.edu.ec\\\/sitio\\\/fr\\\/?s={search_term_string}\"},\"query-input\":{\"@type\":\"PropertyValueSpecification\",\"valueRequired\":true,\"valueName\":\"search_term_string\"}}],\"inLanguage\":\"fr-FR\"},{\"@type\":\"Organization\",\"@id\":\"https:\\\/\\\/www.uartes.edu.ec\\\/sitio\\\/fr\\\/#organization\",\"name\":\"Universidad de las Artes\",\"url\":\"https:\\\/\\\/www.uartes.edu.ec\\\/sitio\\\/fr\\\/\",\"logo\":{\"@type\":\"ImageObject\",\"inLanguage\":\"fr-FR\",\"@id\":\"https:\\\/\\\/www.uartes.edu.ec\\\/sitio\\\/fr\\\/#\\\/schema\\\/logo\\\/image\\\/\",\"url\":\"https:\\\/\\\/www.uartes.edu.ec\\\/sitio\\\/wp-content\\\/uploads\\\/2022\\\/07\\\/logo-ua-horizontal.png\",\"contentUrl\":\"https:\\\/\\\/www.uartes.edu.ec\\\/sitio\\\/wp-content\\\/uploads\\\/2022\\\/07\\\/logo-ua-horizontal.png\",\"width\":800,\"height\":276,\"caption\":\"Universidad de las Artes\"},\"image\":{\"@id\":\"https:\\\/\\\/www.uartes.edu.ec\\\/sitio\\\/fr\\\/#\\\/schema\\\/logo\\\/image\\\/\"},\"sameAs\":[\"https:\\\/\\\/www.facebook.com\\\/uartesec\",\"https:\\\/\\\/x.com\\\/uartesec\",\"https:\\\/\\\/www.tiktok.com\\\/@uartesec\"]},{\"@type\":\"Person\",\"@id\":\"https:\\\/\\\/www.uartes.edu.ec\\\/sitio\\\/fr\\\/#\\\/schema\\\/person\\\/efa1b8275797664fd7f13a79ccc0b1f4\",\"name\":\"ccortez\",\"image\":{\"@type\":\"ImageObject\",\"inLanguage\":\"fr-FR\",\"@id\":\"https:\\\/\\\/secure.gravatar.com\\\/avatar\\\/b2a6f664a3ae8e074346ef91775736c5ec479e637ecced6842de9dc98b5da9cd?s=96&d=mm&r=g\",\"url\":\"https:\\\/\\\/secure.gravatar.com\\\/avatar\\\/b2a6f664a3ae8e074346ef91775736c5ec479e637ecced6842de9dc98b5da9cd?s=96&d=mm&r=g\",\"contentUrl\":\"https:\\\/\\\/secure.gravatar.com\\\/avatar\\\/b2a6f664a3ae8e074346ef91775736c5ec479e637ecced6842de9dc98b5da9cd?s=96&d=mm&r=g\",\"caption\":\"ccortez\"},\"url\":\"https:\\\/\\\/www.uartes.edu.ec\\\/sitio\\\/fr\\\/blog\\\/author\\\/ccortez\\\/\"}]}<\/script>\n<!-- \/ Yoast SEO plugin. -->","yoast_head_json":{"title":"Universidad de las Artes - Universidad de las Artes y Teatro S\u00e1nchez Aguilar firman Convenio de Cooperaci\u00f3n Interinstitucional","description":"Universidad de las Artes - Universidad de las Artes y Teatro S\u00e1nchez Aguilar firman Convenio de Cooperaci\u00f3n Interinstitucional","robots":{"index":"index","follow":"follow","max-snippet":"max-snippet:-1","max-image-preview":"max-image-preview:large","max-video-preview":"max-video-preview:-1"},"canonical":"https:\/\/www.uartes.edu.ec\/sitio\/fr\/blog\/2021\/06\/24\/la-uartes-y-el-teatro-sanchez-aguilar-firman-convenio-de-cooperacion-interinstitucional\/","og_locale":"fr_FR","og_type":"article","og_title":"Universidad de las Artes - Universidad de las Artes y Teatro S\u00e1nchez Aguilar firman Convenio de Cooperaci\u00f3n Interinstitucional","og_description":"Universidad de las Artes - Universidad de las Artes y Teatro S\u00e1nchez Aguilar firman Convenio de Cooperaci\u00f3n Interinstitucional","og_url":"https:\/\/www.uartes.edu.ec\/sitio\/fr\/blog\/2021\/06\/24\/la-uartes-y-el-teatro-sanchez-aguilar-firman-convenio-de-cooperacion-interinstitucional\/","og_site_name":"Universidad de las Artes","article_publisher":"https:\/\/www.facebook.com\/uartesec","article_published_time":"2021-06-24T20:26:00+00:00","article_modified_time":"2024-07-04T16:26:10+00:00","og_image":[{"width":2560,"height":1707,"url":"https:\/\/www.uartes.edu.ec\/sitio\/wp-content\/uploads\/2021\/06\/CONVENIO-UARTES-AGUILAR-5-scaled.jpg","type":"image\/jpeg"}],"author":"ccortez","twitter_card":"summary_large_image","twitter_creator":"@uartesec","twitter_site":"@uartesec","twitter_misc":{"\u00c9crit par":"ccortez","Dur\u00e9e de lecture estim\u00e9e":"3 minutes"},"schema":{"@context":"https:\/\/schema.org","@graph":[{"@type":"Article","@id":"https:\/\/www.uartes.edu.ec\/sitio\/fr\/blog\/2021\/06\/24\/la-uartes-y-el-teatro-sanchez-aguilar-firman-convenio-de-cooperacion-interinstitucional\/#article","isPartOf":{"@id":"https:\/\/www.uartes.edu.ec\/sitio\/fr\/blog\/2021\/06\/24\/la-uartes-y-el-teatro-sanchez-aguilar-firman-convenio-de-cooperacion-interinstitucional\/"},"author":{"name":"ccortez","@id":"https:\/\/www.uartes.edu.ec\/sitio\/fr\/#\/schema\/person\/efa1b8275797664fd7f13a79ccc0b1f4"},"headline":"Universidad de las Artes y Teatro S\u00e1nchez Aguilar firman Convenio de Cooperaci\u00f3n Interinstitucional","datePublished":"2021-06-24T20:26:00+00:00","dateModified":"2024-07-04T16:26:10+00:00","mainEntityOfPage":{"@id":"https:\/\/www.uartes.edu.ec\/sitio\/fr\/blog\/2021\/06\/24\/la-uartes-y-el-teatro-sanchez-aguilar-firman-convenio-de-cooperacion-interinstitucional\/"},"wordCount":687,"commentCount":0,"publisher":{"@id":"https:\/\/www.uartes.edu.ec\/sitio\/fr\/#organization"},"image":{"@id":"https:\/\/www.uartes.edu.ec\/sitio\/fr\/blog\/2021\/06\/24\/la-uartes-y-el-teatro-sanchez-aguilar-firman-convenio-de-cooperacion-interinstitucional\/#primaryimage"},"thumbnailUrl":"https:\/\/www.uartes.edu.ec\/sitio\/wp-content\/uploads\/2021\/06\/CONVENIO-UARTES-AGUILAR-5-scaled.jpg","keywords":["William Herrera"],"articleSection":["Artes","Gesti\u00f3n","Rectorado","V\u00ednculo"],"inLanguage":"fr-FR","potentialAction":[{"@type":"CommentAction","name":"Comment","target":["https:\/\/www.uartes.edu.ec\/sitio\/fr\/blog\/2021\/06\/24\/la-uartes-y-el-teatro-sanchez-aguilar-firman-convenio-de-cooperacion-interinstitucional\/#respond"]}]},{"@type":["WebPage","ItemPage"],"@id":"https:\/\/www.uartes.edu.ec\/sitio\/fr\/blog\/2021\/06\/24\/la-uartes-y-el-teatro-sanchez-aguilar-firman-convenio-de-cooperacion-interinstitucional\/","url":"https:\/\/www.uartes.edu.ec\/sitio\/fr\/blog\/2021\/06\/24\/la-uartes-y-el-teatro-sanchez-aguilar-firman-convenio-de-cooperacion-interinstitucional\/","name":"Universidad de las Artes - Universidad de las Artes y Teatro S\u00e1nchez Aguilar firman Convenio de Cooperaci\u00f3n Interinstitucional","isPartOf":{"@id":"https:\/\/www.uartes.edu.ec\/sitio\/fr\/#website"},"primaryImageOfPage":{"@id":"https:\/\/www.uartes.edu.ec\/sitio\/fr\/blog\/2021\/06\/24\/la-uartes-y-el-teatro-sanchez-aguilar-firman-convenio-de-cooperacion-interinstitucional\/#primaryimage"},"image":{"@id":"https:\/\/www.uartes.edu.ec\/sitio\/fr\/blog\/2021\/06\/24\/la-uartes-y-el-teatro-sanchez-aguilar-firman-convenio-de-cooperacion-interinstitucional\/#primaryimage"},"thumbnailUrl":"https:\/\/www.uartes.edu.ec\/sitio\/wp-content\/uploads\/2021\/06\/CONVENIO-UARTES-AGUILAR-5-scaled.jpg","datePublished":"2021-06-24T20:26:00+00:00","dateModified":"2024-07-04T16:26:10+00:00","description":"Universidad de las Artes - Universidad de las Artes y Teatro S\u00e1nchez Aguilar firman Convenio de Cooperaci\u00f3n Interinstitucional","breadcrumb":{"@id":"https:\/\/www.uartes.edu.ec\/sitio\/fr\/blog\/2021\/06\/24\/la-uartes-y-el-teatro-sanchez-aguilar-firman-convenio-de-cooperacion-interinstitucional\/#breadcrumb"},"inLanguage":"fr-FR","potentialAction":[{"@type":"ReadAction","target":["https:\/\/www.uartes.edu.ec\/sitio\/fr\/blog\/2021\/06\/24\/la-uartes-y-el-teatro-sanchez-aguilar-firman-convenio-de-cooperacion-interinstitucional\/"]}]},{"@type":"ImageObject","inLanguage":"fr-FR","@id":"https:\/\/www.uartes.edu.ec\/sitio\/fr\/blog\/2021\/06\/24\/la-uartes-y-el-teatro-sanchez-aguilar-firman-convenio-de-cooperacion-interinstitucional\/#primaryimage","url":"https:\/\/www.uartes.edu.ec\/sitio\/wp-content\/uploads\/2021\/06\/CONVENIO-UARTES-AGUILAR-5-scaled.jpg","contentUrl":"https:\/\/www.uartes.edu.ec\/sitio\/wp-content\/uploads\/2021\/06\/CONVENIO-UARTES-AGUILAR-5-scaled.jpg","width":2560,"height":1707},{"@type":"BreadcrumbList","@id":"https:\/\/www.uartes.edu.ec\/sitio\/fr\/blog\/2021\/06\/24\/la-uartes-y-el-teatro-sanchez-aguilar-firman-convenio-de-cooperacion-interinstitucional\/#breadcrumb","itemListElement":[{"@type":"ListItem","position":1,"name":"Inicio","item":"https:\/\/www.uartes.edu.ec\/sitio\/"},{"@type":"ListItem","position":2,"name":"Universidad de las Artes y Teatro S\u00e1nchez Aguilar firman Convenio de Cooperaci\u00f3n Interinstitucional"}]},{"@type":"WebSite","@id":"https:\/\/www.uartes.edu.ec\/sitio\/fr\/#website","url":"https:\/\/www.uartes.edu.ec\/sitio\/fr\/","name":"Universidad de las Artes","description":"Sitio oficial de la Universidad Nacional de las Artes del Ecuador","publisher":{"@id":"https:\/\/www.uartes.edu.ec\/sitio\/fr\/#organization"},"potentialAction":[{"@type":"SearchAction","target":{"@type":"EntryPoint","urlTemplate":"https:\/\/www.uartes.edu.ec\/sitio\/fr\/?s={search_term_string}"},"query-input":{"@type":"PropertyValueSpecification","valueRequired":true,"valueName":"search_term_string"}}],"inLanguage":"fr-FR"},{"@type":"Organization","@id":"https:\/\/www.uartes.edu.ec\/sitio\/fr\/#organization","name":"Universidad de las Artes","url":"https:\/\/www.uartes.edu.ec\/sitio\/fr\/","logo":{"@type":"ImageObject","inLanguage":"fr-FR","@id":"https:\/\/www.uartes.edu.ec\/sitio\/fr\/#\/schema\/logo\/image\/","url":"https:\/\/www.uartes.edu.ec\/sitio\/wp-content\/uploads\/2022\/07\/logo-ua-horizontal.png","contentUrl":"https:\/\/www.uartes.edu.ec\/sitio\/wp-content\/uploads\/2022\/07\/logo-ua-horizontal.png","width":800,"height":276,"caption":"Universidad de las Artes"},"image":{"@id":"https:\/\/www.uartes.edu.ec\/sitio\/fr\/#\/schema\/logo\/image\/"},"sameAs":["https:\/\/www.facebook.com\/uartesec","https:\/\/x.com\/uartesec","https:\/\/www.tiktok.com\/@uartesec"]},{"@type":"Person","@id":"https:\/\/www.uartes.edu.ec\/sitio\/fr\/#\/schema\/person\/efa1b8275797664fd7f13a79ccc0b1f4","name":"ccortez","image":{"@type":"ImageObject","inLanguage":"fr-FR","@id":"https:\/\/secure.gravatar.com\/avatar\/b2a6f664a3ae8e074346ef91775736c5ec479e637ecced6842de9dc98b5da9cd?s=96&d=mm&r=g","url":"https:\/\/secure.gravatar.com\/avatar\/b2a6f664a3ae8e074346ef91775736c5ec479e637ecced6842de9dc98b5da9cd?s=96&d=mm&r=g","contentUrl":"https:\/\/secure.gravatar.com\/avatar\/b2a6f664a3ae8e074346ef91775736c5ec479e637ecced6842de9dc98b5da9cd?s=96&d=mm&r=g","caption":"ccortez"},"url":"https:\/\/www.uartes.edu.ec\/sitio\/fr\/blog\/author\/ccortez\/"}]}},"uagb_featured_image_src":{"full":["https:\/\/www.uartes.edu.ec\/sitio\/wp-content\/uploads\/2021\/06\/CONVENIO-UARTES-AGUILAR-5-scaled.jpg",2560,1707,false],"thumbnail":["https:\/\/www.uartes.edu.ec\/sitio\/wp-content\/uploads\/2021\/06\/CONVENIO-UARTES-AGUILAR-5-150x150.jpg",150,150,true],"medium":["https:\/\/www.uartes.edu.ec\/sitio\/wp-content\/uploads\/2021\/06\/CONVENIO-UARTES-AGUILAR-5-300x200.jpg",300,200,true],"medium_large":["https:\/\/www.uartes.edu.ec\/sitio\/wp-content\/uploads\/2021\/06\/CONVENIO-UARTES-AGUILAR-5-768x512.jpg",768,512,true],"large":["https:\/\/www.uartes.edu.ec\/sitio\/wp-content\/uploads\/2021\/06\/CONVENIO-UARTES-AGUILAR-5-644x429.jpg",644,429,true],"1536x1536":["https:\/\/www.uartes.edu.ec\/sitio\/wp-content\/uploads\/2021\/06\/CONVENIO-UARTES-AGUILAR-5-1536x1024.jpg",1536,1024,true],"2048x2048":["https:\/\/www.uartes.edu.ec\/sitio\/wp-content\/uploads\/2021\/06\/CONVENIO-UARTES-AGUILAR-5-2048x1365.jpg",2048,1365,true],"trp-custom-language-flag":["https:\/\/www.uartes.edu.ec\/sitio\/wp-content\/uploads\/2021\/06\/CONVENIO-UARTES-AGUILAR-5-16x12.jpg",16,12,true],"htmega_size_585x295":["https:\/\/www.uartes.edu.ec\/sitio\/wp-content\/uploads\/2021\/06\/CONVENIO-UARTES-AGUILAR-5-585x295.jpg",585,295,true],"htmega_size_1170x536":["https:\/\/www.uartes.edu.ec\/sitio\/wp-content\/uploads\/2021\/06\/CONVENIO-UARTES-AGUILAR-5-1170x536.jpg",1170,536,true],"htmega_size_396x360":["https:\/\/www.uartes.edu.ec\/sitio\/wp-content\/uploads\/2021\/06\/CONVENIO-UARTES-AGUILAR-5-396x360.jpg",396,360,true],"gb-block-post-grid-landscape":["https:\/\/www.uartes.edu.ec\/sitio\/wp-content\/uploads\/2021\/06\/CONVENIO-UARTES-AGUILAR-5-scaled.jpg",600,400,false],"gb-block-post-grid-square":["https:\/\/www.uartes.edu.ec\/sitio\/wp-content\/uploads\/2021\/06\/CONVENIO-UARTES-AGUILAR-5-scaled.jpg",600,400,false],"university-hub-thumb":["https:\/\/www.uartes.edu.ec\/sitio\/wp-content\/uploads\/2021\/06\/CONVENIO-UARTES-AGUILAR-5-400x267.jpg",400,267,true]},"uagb_author_info":{"display_name":"ccortez","author_link":"https:\/\/www.uartes.edu.ec\/sitio\/fr\/blog\/author\/ccortez\/"},"uagb_comment_info":0,"uagb_excerpt":"Establecer relaciones de cooperaci\u00f3n interinstitucional orientadas principalmente \u2013pero no limitadamente\u2013 a la realizaci\u00f3n de actividades acad\u00e9micas, culturales y art\u00edsticas en beneficio de ambas instituciones y de la comunidad en general. Este el principal prop\u00f3sito del convenio firmado este mi\u00e9rcoles 23 de junio de 2021 entre la Universidad de las Artes y el Teatro S\u00e1nchez Aguilar.","featured_image_src":"https:\/\/www.uartes.edu.ec\/sitio\/wp-content\/uploads\/2021\/06\/CONVENIO-UARTES-AGUILAR-5-scaled.jpg","featured_image_src_square":"https:\/\/www.uartes.edu.ec\/sitio\/wp-content\/uploads\/2021\/06\/CONVENIO-UARTES-AGUILAR-5-scaled.jpg","author_info":{"display_name":"ccortez","author_link":"https:\/\/www.uartes.edu.ec\/sitio\/fr\/blog\/author\/ccortez\/"},"publishpress_future_workflow_manual_trigger":{"enabledWorkflows":[]},"distributor_meta":false,"distributor_terms":false,"distributor_media":false,"distributor_original_site_name":"Universidad de las Artes","distributor_original_site_url":"https:\/\/www.uartes.edu.ec\/sitio\/fr","push-errors":false,"_links":{"self":[{"href":"https:\/\/www.uartes.edu.ec\/sitio\/fr\/wp-json\/wp\/v2\/posts\/14500","targetHints":{"allow":["GET"]}}],"collection":[{"href":"https:\/\/www.uartes.edu.ec\/sitio\/fr\/wp-json\/wp\/v2\/posts"}],"about":[{"href":"https:\/\/www.uartes.edu.ec\/sitio\/fr\/wp-json\/wp\/v2\/types\/post"}],"author":[{"embeddable":true,"href":"https:\/\/www.uartes.edu.ec\/sitio\/fr\/wp-json\/wp\/v2\/users\/10"}],"replies":[{"embeddable":true,"href":"https:\/\/www.uartes.edu.ec\/sitio\/fr\/wp-json\/wp\/v2\/comments?post=14500"}],"version-history":[{"count":6,"href":"https:\/\/www.uartes.edu.ec\/sitio\/fr\/wp-json\/wp\/v2\/posts\/14500\/revisions"}],"predecessor-version":[{"id":50625,"href":"https:\/\/www.uartes.edu.ec\/sitio\/fr\/wp-json\/wp\/v2\/posts\/14500\/revisions\/50625"}],"wp:featuredmedia":[{"embeddable":true,"href":"https:\/\/www.uartes.edu.ec\/sitio\/fr\/wp-json\/wp\/v2\/media\/14502"}],"wp:attachment":[{"href":"https:\/\/www.uartes.edu.ec\/sitio\/fr\/wp-json\/wp\/v2\/media?parent=14500"}],"wp:term":[{"taxonomy":"category","embeddable":true,"href":"https:\/\/www.uartes.edu.ec\/sitio\/fr\/wp-json\/wp\/v2\/categories?post=14500"},{"taxonomy":"post_tag","embeddable":true,"href":"https:\/\/www.uartes.edu.ec\/sitio\/fr\/wp-json\/wp\/v2\/tags?post=14500"},{"taxonomy":"infouartes","embeddable":true,"href":"https:\/\/www.uartes.edu.ec\/sitio\/fr\/wp-json\/wp\/v2\/infouartes?post=14500"}],"curies":[{"name":"wp","href":"https:\/\/api.w.org\/{rel}","templated":true}]}}