{"id":14538,"date":"2021-06-28T13:58:00","date_gmt":"2021-06-28T18:58:00","guid":{"rendered":"http:\/\/www.uartes.edu.ec\/sitio\/?p=14538"},"modified":"2024-07-04T11:26:09","modified_gmt":"2024-07-04T16:26:09","slug":"biblioteca-de-las-artes-organiza-clase-magistral-para-analizar-gestion-cultural-desde-los-archivos","status":"publish","type":"post","link":"https:\/\/www.uartes.edu.ec\/sitio\/fr\/blog\/2021\/06\/28\/biblioteca-de-las-artes-organiza-clase-magistral-para-analizar-gestion-cultural-desde-los-archivos\/","title":{"rendered":"Biblioteca de las Artes organiza clase magistral para analizar gesti\u00f3n cultural desde los archivos"},"content":{"rendered":"<p>\u201cLa gesti\u00f3n cultural desde los archivos\u201d es el tema que Delia Mar\u00eda Torres,&nbsp;mag\u00edster en Gerencia Educativa y Evaluaci\u00f3n de la Educaci\u00f3n a&nbsp;Nivel Superior,&nbsp;abordar\u00e1 en la clase magistral que la Biblioteca de las Artes ha organizado para el mi\u00e9rcoles 30 de junio, a las 11:00.<\/p>\n\n\n\n<p>La actividad ser\u00e1 online y en su desarrollo la tambi\u00e9n gestora cultural, investigadora y&nbsp;catedr\u00e1tica universitaria compartir\u00e1 desde su experiencia en el \u00e1mbito de los archivos hist\u00f3ricos las diversas posibilidades que&nbsp;brindan como herramientas claves para la&nbsp;pr\u00e1ctica cultural.<\/p>\n\n\n\n<p>Estos repositorios, se indica desde la Biblioteca de las Artes, permiten enfrentar&nbsp;una realidad vigente en la sociedad, que&nbsp;es la&nbsp;fragilidad de la memoria colectiva sobre nuestra identidad&nbsp;al generar v\u00ednculos que articulan caminos entre la comunidad y la memoria hist\u00f3rica.&nbsp;<\/p>\n\n\n\n<p>Delia Mar\u00eda Torres se considera una apasionada por la Historia y la Archiv\u00edstica, procurando permanentemente visibilizar el rol del archivero y el valor de los acervos documentales como voz y memoria de la sociedad, a trav\u00e9s de la gesti\u00f3n cultural.&nbsp;<\/p>\n\n\n\n<p>Est\u00e1 vinculada al que hacer archiv\u00edstico desde hace 24 a\u00f1os en el Archivo Hist\u00f3rico del Guayas del Ministerio de Cultura y Patrimonio, lugar al que considera&nbsp;\u201csu&nbsp;espacio vital\u201d&nbsp;y del que fue su&nbsp;directora&nbsp;por varios a\u00f1os. Es&nbsp;miembro de la Academia Nacional&nbsp;de Historia del Ecuador, de la Casa de la Cultura N\u00facleo del Guayas, de la Asociaci\u00f3n de Periodistas del Guayas y de la Asociaci\u00f3n de Archiveros del Ecuador. Tambi\u00e9n es presidenta&nbsp;fundadora y&nbsp;mentalizadora&nbsp;del Club de Historia del Archivo Hist\u00f3rico del Guayas.&nbsp;<\/p>\n\n\n\n<p>Y es justamente por su experiencia como gestora cultural de la entidad que puede, para la clase magistral, compartir al detalle sus conocimientos en la pr\u00e1ctica cultural, replantear escenarios que confluyen entre estos sitios pensados para la perduraci\u00f3n y difusi\u00f3n de la memoria y dar a conocer proyectos que se hayan realizado o se est\u00e9n desarrollando, con la finalidad de dinamizar una construcci\u00f3n s\u00f3lida y continua de esa la memoria colectiva.&nbsp;&nbsp;<\/p>\n\n\n\n<p>&nbsp;Link de acceso:&nbsp;<br><a href=\"https:\/\/cedia.zoom.us\/j\/85754668279\" target=\"_blank\" rel=\"noreferrer noopener\">https:\/\/cedia.zoom.us\/j\/85754668279<\/a>&nbsp;<br>Meeting ID: 857 5466 8279L&nbsp;<\/p>","protected":false},"excerpt":{"rendered":"<p>\u201cLa gesti\u00f3n cultural desde los archivos\u201d es el tema que Delia Mar\u00eda Torres, mag\u00edster en Gerencia Educativa y Evaluaci\u00f3n de la Educaci\u00f3n a Nivel Superior, abordar\u00e1 en la clase magistral que la Biblioteca de las Artes ha organizado para el mi\u00e9rcoles 30 de junio, a las 11:00.<\/p>","protected":false},"author":10,"featured_media":14566,"comment_status":"open","ping_status":"open","sticky":false,"template":"","format":"standard","meta":{"_acf_changed":false,"_uag_custom_page_level_css":"","_monsterinsights_skip_tracking":false,"_monsterinsights_sitenote_active":false,"_monsterinsights_sitenote_note":"","_monsterinsights_sitenote_category":0,"cybocfi_hide_featured_image":"","footnotes":""},"categories":[80],"tags":[41],"infouartes":[],"class_list":["post-14538","post","type-post","status-publish","format-standard","has-post-thumbnail","hentry","category-academico","tag-biblioteca"],"acf":[],"yoast_head":"<!-- This site is optimized with the Yoast SEO plugin v27.4 - https:\/\/yoast.com\/product\/yoast-seo-wordpress\/ -->\n<title>Universidad de las Artes - Biblioteca de las Artes organiza clase magistral para analizar gesti\u00f3n cultural desde los archivos<\/title>\n<meta name=\"description\" content=\"Universidad de las Artes - Biblioteca de las Artes organiza clase magistral para analizar gesti\u00f3n cultural desde los archivos\" \/>\n<meta name=\"robots\" content=\"index, follow, max-snippet:-1, max-image-preview:large, max-video-preview:-1\" \/>\n<link rel=\"canonical\" href=\"https:\/\/www.uartes.edu.ec\/sitio\/fr\/blog\/2021\/06\/28\/biblioteca-de-las-artes-organiza-clase-magistral-para-analizar-gestion-cultural-desde-los-archivos\/\" \/>\n<meta property=\"og:locale\" content=\"fr_FR\" \/>\n<meta property=\"og:type\" content=\"article\" \/>\n<meta property=\"og:title\" content=\"Universidad de las Artes - Biblioteca de las Artes organiza clase magistral para analizar gesti\u00f3n cultural desde los archivos\" \/>\n<meta property=\"og:description\" content=\"Universidad de las Artes - Biblioteca de las Artes organiza clase magistral para analizar gesti\u00f3n cultural desde los archivos\" \/>\n<meta property=\"og:url\" content=\"https:\/\/www.uartes.edu.ec\/sitio\/fr\/blog\/2021\/06\/28\/biblioteca-de-las-artes-organiza-clase-magistral-para-analizar-gestion-cultural-desde-los-archivos\/\" \/>\n<meta property=\"og:site_name\" content=\"Universidad de las Artes\" \/>\n<meta property=\"article:publisher\" content=\"https:\/\/www.facebook.com\/uartesec\" \/>\n<meta property=\"article:published_time\" content=\"2021-06-28T18:58:00+00:00\" \/>\n<meta property=\"article:modified_time\" content=\"2024-07-04T16:26:09+00:00\" \/>\n<meta property=\"og:image\" content=\"https:\/\/www.uartes.edu.ec\/sitio\/wp-content\/uploads\/2021\/06\/nota-info-...png\" \/>\n\t<meta property=\"og:image:width\" content=\"2000\" \/>\n\t<meta property=\"og:image:height\" content=\"1333\" \/>\n\t<meta property=\"og:image:type\" content=\"image\/png\" \/>\n<meta name=\"author\" content=\"ccortez\" \/>\n<meta name=\"twitter:card\" content=\"summary_large_image\" \/>\n<meta name=\"twitter:creator\" content=\"@uartesec\" \/>\n<meta name=\"twitter:site\" content=\"@uartesec\" \/>\n<meta name=\"twitter:label1\" content=\"\u00c9crit par\" \/>\n\t<meta name=\"twitter:data1\" content=\"ccortez\" \/>\n\t<meta name=\"twitter:label2\" content=\"Dur\u00e9e de lecture estim\u00e9e\" \/>\n\t<meta name=\"twitter:data2\" content=\"2 minutes\" \/>\n<script type=\"application\/ld+json\" class=\"yoast-schema-graph\">{\"@context\":\"https:\\\/\\\/schema.org\",\"@graph\":[{\"@type\":\"Article\",\"@id\":\"https:\\\/\\\/www.uartes.edu.ec\\\/sitio\\\/fr\\\/blog\\\/2021\\\/06\\\/28\\\/biblioteca-de-las-artes-organiza-clase-magistral-para-analizar-gestion-cultural-desde-los-archivos\\\/#article\",\"isPartOf\":{\"@id\":\"https:\\\/\\\/www.uartes.edu.ec\\\/sitio\\\/fr\\\/blog\\\/2021\\\/06\\\/28\\\/biblioteca-de-las-artes-organiza-clase-magistral-para-analizar-gestion-cultural-desde-los-archivos\\\/\"},\"author\":{\"name\":\"ccortez\",\"@id\":\"https:\\\/\\\/www.uartes.edu.ec\\\/sitio\\\/fr\\\/#\\\/schema\\\/person\\\/efa1b8275797664fd7f13a79ccc0b1f4\"},\"headline\":\"Biblioteca de las Artes organiza clase magistral para analizar gesti\u00f3n cultural desde los archivos\",\"datePublished\":\"2021-06-28T18:58:00+00:00\",\"dateModified\":\"2024-07-04T16:26:09+00:00\",\"mainEntityOfPage\":{\"@id\":\"https:\\\/\\\/www.uartes.edu.ec\\\/sitio\\\/fr\\\/blog\\\/2021\\\/06\\\/28\\\/biblioteca-de-las-artes-organiza-clase-magistral-para-analizar-gestion-cultural-desde-los-archivos\\\/\"},\"wordCount\":409,\"commentCount\":0,\"publisher\":{\"@id\":\"https:\\\/\\\/www.uartes.edu.ec\\\/sitio\\\/fr\\\/#organization\"},\"image\":{\"@id\":\"https:\\\/\\\/www.uartes.edu.ec\\\/sitio\\\/fr\\\/blog\\\/2021\\\/06\\\/28\\\/biblioteca-de-las-artes-organiza-clase-magistral-para-analizar-gestion-cultural-desde-los-archivos\\\/#primaryimage\"},\"thumbnailUrl\":\"https:\\\/\\\/www.uartes.edu.ec\\\/sitio\\\/wp-content\\\/uploads\\\/2021\\\/06\\\/nota-info-...png\",\"keywords\":[\"biblioteca\"],\"articleSection\":[\"Acad\u00e9mico\"],\"inLanguage\":\"fr-FR\",\"potentialAction\":[{\"@type\":\"CommentAction\",\"name\":\"Comment\",\"target\":[\"https:\\\/\\\/www.uartes.edu.ec\\\/sitio\\\/fr\\\/blog\\\/2021\\\/06\\\/28\\\/biblioteca-de-las-artes-organiza-clase-magistral-para-analizar-gestion-cultural-desde-los-archivos\\\/#respond\"]}]},{\"@type\":[\"WebPage\",\"ItemPage\"],\"@id\":\"https:\\\/\\\/www.uartes.edu.ec\\\/sitio\\\/fr\\\/blog\\\/2021\\\/06\\\/28\\\/biblioteca-de-las-artes-organiza-clase-magistral-para-analizar-gestion-cultural-desde-los-archivos\\\/\",\"url\":\"https:\\\/\\\/www.uartes.edu.ec\\\/sitio\\\/fr\\\/blog\\\/2021\\\/06\\\/28\\\/biblioteca-de-las-artes-organiza-clase-magistral-para-analizar-gestion-cultural-desde-los-archivos\\\/\",\"name\":\"Universidad de las Artes - Biblioteca de las Artes organiza clase magistral para analizar gesti\u00f3n cultural desde los archivos\",\"isPartOf\":{\"@id\":\"https:\\\/\\\/www.uartes.edu.ec\\\/sitio\\\/fr\\\/#website\"},\"primaryImageOfPage\":{\"@id\":\"https:\\\/\\\/www.uartes.edu.ec\\\/sitio\\\/fr\\\/blog\\\/2021\\\/06\\\/28\\\/biblioteca-de-las-artes-organiza-clase-magistral-para-analizar-gestion-cultural-desde-los-archivos\\\/#primaryimage\"},\"image\":{\"@id\":\"https:\\\/\\\/www.uartes.edu.ec\\\/sitio\\\/fr\\\/blog\\\/2021\\\/06\\\/28\\\/biblioteca-de-las-artes-organiza-clase-magistral-para-analizar-gestion-cultural-desde-los-archivos\\\/#primaryimage\"},\"thumbnailUrl\":\"https:\\\/\\\/www.uartes.edu.ec\\\/sitio\\\/wp-content\\\/uploads\\\/2021\\\/06\\\/nota-info-...png\",\"datePublished\":\"2021-06-28T18:58:00+00:00\",\"dateModified\":\"2024-07-04T16:26:09+00:00\",\"description\":\"Universidad de las Artes - Biblioteca de las Artes organiza clase magistral para analizar gesti\u00f3n cultural desde los archivos\",\"breadcrumb\":{\"@id\":\"https:\\\/\\\/www.uartes.edu.ec\\\/sitio\\\/fr\\\/blog\\\/2021\\\/06\\\/28\\\/biblioteca-de-las-artes-organiza-clase-magistral-para-analizar-gestion-cultural-desde-los-archivos\\\/#breadcrumb\"},\"inLanguage\":\"fr-FR\",\"potentialAction\":[{\"@type\":\"ReadAction\",\"target\":[\"https:\\\/\\\/www.uartes.edu.ec\\\/sitio\\\/fr\\\/blog\\\/2021\\\/06\\\/28\\\/biblioteca-de-las-artes-organiza-clase-magistral-para-analizar-gestion-cultural-desde-los-archivos\\\/\"]}]},{\"@type\":\"ImageObject\",\"inLanguage\":\"fr-FR\",\"@id\":\"https:\\\/\\\/www.uartes.edu.ec\\\/sitio\\\/fr\\\/blog\\\/2021\\\/06\\\/28\\\/biblioteca-de-las-artes-organiza-clase-magistral-para-analizar-gestion-cultural-desde-los-archivos\\\/#primaryimage\",\"url\":\"https:\\\/\\\/www.uartes.edu.ec\\\/sitio\\\/wp-content\\\/uploads\\\/2021\\\/06\\\/nota-info-...png\",\"contentUrl\":\"https:\\\/\\\/www.uartes.edu.ec\\\/sitio\\\/wp-content\\\/uploads\\\/2021\\\/06\\\/nota-info-...png\",\"width\":2000,\"height\":1333},{\"@type\":\"BreadcrumbList\",\"@id\":\"https:\\\/\\\/www.uartes.edu.ec\\\/sitio\\\/fr\\\/blog\\\/2021\\\/06\\\/28\\\/biblioteca-de-las-artes-organiza-clase-magistral-para-analizar-gestion-cultural-desde-los-archivos\\\/#breadcrumb\",\"itemListElement\":[{\"@type\":\"ListItem\",\"position\":1,\"name\":\"Inicio\",\"item\":\"https:\\\/\\\/www.uartes.edu.ec\\\/sitio\\\/\"},{\"@type\":\"ListItem\",\"position\":2,\"name\":\"Biblioteca de las Artes organiza clase magistral para analizar gesti\u00f3n cultural desde los archivos\"}]},{\"@type\":\"WebSite\",\"@id\":\"https:\\\/\\\/www.uartes.edu.ec\\\/sitio\\\/fr\\\/#website\",\"url\":\"https:\\\/\\\/www.uartes.edu.ec\\\/sitio\\\/fr\\\/\",\"name\":\"Universidad de las Artes\",\"description\":\"Sitio oficial de la Universidad Nacional de las Artes del Ecuador\",\"publisher\":{\"@id\":\"https:\\\/\\\/www.uartes.edu.ec\\\/sitio\\\/fr\\\/#organization\"},\"potentialAction\":[{\"@type\":\"SearchAction\",\"target\":{\"@type\":\"EntryPoint\",\"urlTemplate\":\"https:\\\/\\\/www.uartes.edu.ec\\\/sitio\\\/fr\\\/?s={search_term_string}\"},\"query-input\":{\"@type\":\"PropertyValueSpecification\",\"valueRequired\":true,\"valueName\":\"search_term_string\"}}],\"inLanguage\":\"fr-FR\"},{\"@type\":\"Organization\",\"@id\":\"https:\\\/\\\/www.uartes.edu.ec\\\/sitio\\\/fr\\\/#organization\",\"name\":\"Universidad de las Artes\",\"url\":\"https:\\\/\\\/www.uartes.edu.ec\\\/sitio\\\/fr\\\/\",\"logo\":{\"@type\":\"ImageObject\",\"inLanguage\":\"fr-FR\",\"@id\":\"https:\\\/\\\/www.uartes.edu.ec\\\/sitio\\\/fr\\\/#\\\/schema\\\/logo\\\/image\\\/\",\"url\":\"https:\\\/\\\/www.uartes.edu.ec\\\/sitio\\\/wp-content\\\/uploads\\\/2022\\\/07\\\/logo-ua-horizontal.png\",\"contentUrl\":\"https:\\\/\\\/www.uartes.edu.ec\\\/sitio\\\/wp-content\\\/uploads\\\/2022\\\/07\\\/logo-ua-horizontal.png\",\"width\":800,\"height\":276,\"caption\":\"Universidad de las Artes\"},\"image\":{\"@id\":\"https:\\\/\\\/www.uartes.edu.ec\\\/sitio\\\/fr\\\/#\\\/schema\\\/logo\\\/image\\\/\"},\"sameAs\":[\"https:\\\/\\\/www.facebook.com\\\/uartesec\",\"https:\\\/\\\/x.com\\\/uartesec\",\"https:\\\/\\\/www.tiktok.com\\\/@uartesec\"]},{\"@type\":\"Person\",\"@id\":\"https:\\\/\\\/www.uartes.edu.ec\\\/sitio\\\/fr\\\/#\\\/schema\\\/person\\\/efa1b8275797664fd7f13a79ccc0b1f4\",\"name\":\"ccortez\",\"image\":{\"@type\":\"ImageObject\",\"inLanguage\":\"fr-FR\",\"@id\":\"https:\\\/\\\/secure.gravatar.com\\\/avatar\\\/b2a6f664a3ae8e074346ef91775736c5ec479e637ecced6842de9dc98b5da9cd?s=96&d=mm&r=g\",\"url\":\"https:\\\/\\\/secure.gravatar.com\\\/avatar\\\/b2a6f664a3ae8e074346ef91775736c5ec479e637ecced6842de9dc98b5da9cd?s=96&d=mm&r=g\",\"contentUrl\":\"https:\\\/\\\/secure.gravatar.com\\\/avatar\\\/b2a6f664a3ae8e074346ef91775736c5ec479e637ecced6842de9dc98b5da9cd?s=96&d=mm&r=g\",\"caption\":\"ccortez\"},\"url\":\"https:\\\/\\\/www.uartes.edu.ec\\\/sitio\\\/fr\\\/blog\\\/author\\\/ccortez\\\/\"}]}<\/script>\n<!-- \/ Yoast SEO plugin. -->","yoast_head_json":{"title":"Universidad de las Artes - Biblioteca de las Artes organiza clase magistral para analizar gesti\u00f3n cultural desde los archivos","description":"Universidad de las Artes - Biblioteca de las Artes organiza clase magistral para analizar gesti\u00f3n cultural desde los archivos","robots":{"index":"index","follow":"follow","max-snippet":"max-snippet:-1","max-image-preview":"max-image-preview:large","max-video-preview":"max-video-preview:-1"},"canonical":"https:\/\/www.uartes.edu.ec\/sitio\/fr\/blog\/2021\/06\/28\/biblioteca-de-las-artes-organiza-clase-magistral-para-analizar-gestion-cultural-desde-los-archivos\/","og_locale":"fr_FR","og_type":"article","og_title":"Universidad de las Artes - Biblioteca de las Artes organiza clase magistral para analizar gesti\u00f3n cultural desde los archivos","og_description":"Universidad de las Artes - Biblioteca de las Artes organiza clase magistral para analizar gesti\u00f3n cultural desde los archivos","og_url":"https:\/\/www.uartes.edu.ec\/sitio\/fr\/blog\/2021\/06\/28\/biblioteca-de-las-artes-organiza-clase-magistral-para-analizar-gestion-cultural-desde-los-archivos\/","og_site_name":"Universidad de las Artes","article_publisher":"https:\/\/www.facebook.com\/uartesec","article_published_time":"2021-06-28T18:58:00+00:00","article_modified_time":"2024-07-04T16:26:09+00:00","og_image":[{"width":2000,"height":1333,"url":"https:\/\/www.uartes.edu.ec\/sitio\/wp-content\/uploads\/2021\/06\/nota-info-...png","type":"image\/png"}],"author":"ccortez","twitter_card":"summary_large_image","twitter_creator":"@uartesec","twitter_site":"@uartesec","twitter_misc":{"\u00c9crit par":"ccortez","Dur\u00e9e de lecture estim\u00e9e":"2 minutes"},"schema":{"@context":"https:\/\/schema.org","@graph":[{"@type":"Article","@id":"https:\/\/www.uartes.edu.ec\/sitio\/fr\/blog\/2021\/06\/28\/biblioteca-de-las-artes-organiza-clase-magistral-para-analizar-gestion-cultural-desde-los-archivos\/#article","isPartOf":{"@id":"https:\/\/www.uartes.edu.ec\/sitio\/fr\/blog\/2021\/06\/28\/biblioteca-de-las-artes-organiza-clase-magistral-para-analizar-gestion-cultural-desde-los-archivos\/"},"author":{"name":"ccortez","@id":"https:\/\/www.uartes.edu.ec\/sitio\/fr\/#\/schema\/person\/efa1b8275797664fd7f13a79ccc0b1f4"},"headline":"Biblioteca de las Artes organiza clase magistral para analizar gesti\u00f3n cultural desde los archivos","datePublished":"2021-06-28T18:58:00+00:00","dateModified":"2024-07-04T16:26:09+00:00","mainEntityOfPage":{"@id":"https:\/\/www.uartes.edu.ec\/sitio\/fr\/blog\/2021\/06\/28\/biblioteca-de-las-artes-organiza-clase-magistral-para-analizar-gestion-cultural-desde-los-archivos\/"},"wordCount":409,"commentCount":0,"publisher":{"@id":"https:\/\/www.uartes.edu.ec\/sitio\/fr\/#organization"},"image":{"@id":"https:\/\/www.uartes.edu.ec\/sitio\/fr\/blog\/2021\/06\/28\/biblioteca-de-las-artes-organiza-clase-magistral-para-analizar-gestion-cultural-desde-los-archivos\/#primaryimage"},"thumbnailUrl":"https:\/\/www.uartes.edu.ec\/sitio\/wp-content\/uploads\/2021\/06\/nota-info-...png","keywords":["biblioteca"],"articleSection":["Acad\u00e9mico"],"inLanguage":"fr-FR","potentialAction":[{"@type":"CommentAction","name":"Comment","target":["https:\/\/www.uartes.edu.ec\/sitio\/fr\/blog\/2021\/06\/28\/biblioteca-de-las-artes-organiza-clase-magistral-para-analizar-gestion-cultural-desde-los-archivos\/#respond"]}]},{"@type":["WebPage","ItemPage"],"@id":"https:\/\/www.uartes.edu.ec\/sitio\/fr\/blog\/2021\/06\/28\/biblioteca-de-las-artes-organiza-clase-magistral-para-analizar-gestion-cultural-desde-los-archivos\/","url":"https:\/\/www.uartes.edu.ec\/sitio\/fr\/blog\/2021\/06\/28\/biblioteca-de-las-artes-organiza-clase-magistral-para-analizar-gestion-cultural-desde-los-archivos\/","name":"Universidad de las Artes - Biblioteca de las Artes organiza clase magistral para analizar gesti\u00f3n cultural desde los archivos","isPartOf":{"@id":"https:\/\/www.uartes.edu.ec\/sitio\/fr\/#website"},"primaryImageOfPage":{"@id":"https:\/\/www.uartes.edu.ec\/sitio\/fr\/blog\/2021\/06\/28\/biblioteca-de-las-artes-organiza-clase-magistral-para-analizar-gestion-cultural-desde-los-archivos\/#primaryimage"},"image":{"@id":"https:\/\/www.uartes.edu.ec\/sitio\/fr\/blog\/2021\/06\/28\/biblioteca-de-las-artes-organiza-clase-magistral-para-analizar-gestion-cultural-desde-los-archivos\/#primaryimage"},"thumbnailUrl":"https:\/\/www.uartes.edu.ec\/sitio\/wp-content\/uploads\/2021\/06\/nota-info-...png","datePublished":"2021-06-28T18:58:00+00:00","dateModified":"2024-07-04T16:26:09+00:00","description":"Universidad de las Artes - Biblioteca de las Artes organiza clase magistral para analizar gesti\u00f3n cultural desde los archivos","breadcrumb":{"@id":"https:\/\/www.uartes.edu.ec\/sitio\/fr\/blog\/2021\/06\/28\/biblioteca-de-las-artes-organiza-clase-magistral-para-analizar-gestion-cultural-desde-los-archivos\/#breadcrumb"},"inLanguage":"fr-FR","potentialAction":[{"@type":"ReadAction","target":["https:\/\/www.uartes.edu.ec\/sitio\/fr\/blog\/2021\/06\/28\/biblioteca-de-las-artes-organiza-clase-magistral-para-analizar-gestion-cultural-desde-los-archivos\/"]}]},{"@type":"ImageObject","inLanguage":"fr-FR","@id":"https:\/\/www.uartes.edu.ec\/sitio\/fr\/blog\/2021\/06\/28\/biblioteca-de-las-artes-organiza-clase-magistral-para-analizar-gestion-cultural-desde-los-archivos\/#primaryimage","url":"https:\/\/www.uartes.edu.ec\/sitio\/wp-content\/uploads\/2021\/06\/nota-info-...png","contentUrl":"https:\/\/www.uartes.edu.ec\/sitio\/wp-content\/uploads\/2021\/06\/nota-info-...png","width":2000,"height":1333},{"@type":"BreadcrumbList","@id":"https:\/\/www.uartes.edu.ec\/sitio\/fr\/blog\/2021\/06\/28\/biblioteca-de-las-artes-organiza-clase-magistral-para-analizar-gestion-cultural-desde-los-archivos\/#breadcrumb","itemListElement":[{"@type":"ListItem","position":1,"name":"Inicio","item":"https:\/\/www.uartes.edu.ec\/sitio\/"},{"@type":"ListItem","position":2,"name":"Biblioteca de las Artes organiza clase magistral para analizar gesti\u00f3n cultural desde los archivos"}]},{"@type":"WebSite","@id":"https:\/\/www.uartes.edu.ec\/sitio\/fr\/#website","url":"https:\/\/www.uartes.edu.ec\/sitio\/fr\/","name":"Universidad de las Artes","description":"Sitio oficial de la Universidad Nacional de las Artes del Ecuador","publisher":{"@id":"https:\/\/www.uartes.edu.ec\/sitio\/fr\/#organization"},"potentialAction":[{"@type":"SearchAction","target":{"@type":"EntryPoint","urlTemplate":"https:\/\/www.uartes.edu.ec\/sitio\/fr\/?s={search_term_string}"},"query-input":{"@type":"PropertyValueSpecification","valueRequired":true,"valueName":"search_term_string"}}],"inLanguage":"fr-FR"},{"@type":"Organization","@id":"https:\/\/www.uartes.edu.ec\/sitio\/fr\/#organization","name":"Universidad de las Artes","url":"https:\/\/www.uartes.edu.ec\/sitio\/fr\/","logo":{"@type":"ImageObject","inLanguage":"fr-FR","@id":"https:\/\/www.uartes.edu.ec\/sitio\/fr\/#\/schema\/logo\/image\/","url":"https:\/\/www.uartes.edu.ec\/sitio\/wp-content\/uploads\/2022\/07\/logo-ua-horizontal.png","contentUrl":"https:\/\/www.uartes.edu.ec\/sitio\/wp-content\/uploads\/2022\/07\/logo-ua-horizontal.png","width":800,"height":276,"caption":"Universidad de las Artes"},"image":{"@id":"https:\/\/www.uartes.edu.ec\/sitio\/fr\/#\/schema\/logo\/image\/"},"sameAs":["https:\/\/www.facebook.com\/uartesec","https:\/\/x.com\/uartesec","https:\/\/www.tiktok.com\/@uartesec"]},{"@type":"Person","@id":"https:\/\/www.uartes.edu.ec\/sitio\/fr\/#\/schema\/person\/efa1b8275797664fd7f13a79ccc0b1f4","name":"ccortez","image":{"@type":"ImageObject","inLanguage":"fr-FR","@id":"https:\/\/secure.gravatar.com\/avatar\/b2a6f664a3ae8e074346ef91775736c5ec479e637ecced6842de9dc98b5da9cd?s=96&d=mm&r=g","url":"https:\/\/secure.gravatar.com\/avatar\/b2a6f664a3ae8e074346ef91775736c5ec479e637ecced6842de9dc98b5da9cd?s=96&d=mm&r=g","contentUrl":"https:\/\/secure.gravatar.com\/avatar\/b2a6f664a3ae8e074346ef91775736c5ec479e637ecced6842de9dc98b5da9cd?s=96&d=mm&r=g","caption":"ccortez"},"url":"https:\/\/www.uartes.edu.ec\/sitio\/fr\/blog\/author\/ccortez\/"}]}},"uagb_featured_image_src":{"full":["https:\/\/www.uartes.edu.ec\/sitio\/wp-content\/uploads\/2021\/06\/nota-info-...png",2000,1333,false],"thumbnail":["https:\/\/www.uartes.edu.ec\/sitio\/wp-content\/uploads\/2021\/06\/nota-info-..-150x150.png",150,150,true],"medium":["https:\/\/www.uartes.edu.ec\/sitio\/wp-content\/uploads\/2021\/06\/nota-info-..-300x200.png",300,200,true],"medium_large":["https:\/\/www.uartes.edu.ec\/sitio\/wp-content\/uploads\/2021\/06\/nota-info-..-768x512.png",768,512,true],"large":["https:\/\/www.uartes.edu.ec\/sitio\/wp-content\/uploads\/2021\/06\/nota-info-..-644x429.png",644,429,true],"1536x1536":["https:\/\/www.uartes.edu.ec\/sitio\/wp-content\/uploads\/2021\/06\/nota-info-..-1536x1024.png",1536,1024,true],"2048x2048":["https:\/\/www.uartes.edu.ec\/sitio\/wp-content\/uploads\/2021\/06\/nota-info-...png",2000,1333,false],"trp-custom-language-flag":["https:\/\/www.uartes.edu.ec\/sitio\/wp-content\/uploads\/2021\/06\/nota-info-..-16x12.png",16,12,true],"htmega_size_585x295":["https:\/\/www.uartes.edu.ec\/sitio\/wp-content\/uploads\/2021\/06\/nota-info-..-585x295.png",585,295,true],"htmega_size_1170x536":["https:\/\/www.uartes.edu.ec\/sitio\/wp-content\/uploads\/2021\/06\/nota-info-..-1170x536.png",1170,536,true],"htmega_size_396x360":["https:\/\/www.uartes.edu.ec\/sitio\/wp-content\/uploads\/2021\/06\/nota-info-..-396x360.png",396,360,true],"gb-block-post-grid-landscape":["https:\/\/www.uartes.edu.ec\/sitio\/wp-content\/uploads\/2021\/06\/nota-info-...png",600,400,false],"gb-block-post-grid-square":["https:\/\/www.uartes.edu.ec\/sitio\/wp-content\/uploads\/2021\/06\/nota-info-...png",600,400,false],"university-hub-thumb":["https:\/\/www.uartes.edu.ec\/sitio\/wp-content\/uploads\/2021\/06\/nota-info-..-400x267.png",400,267,true],"mailpoet_newsletter_max":["https:\/\/www.uartes.edu.ec\/sitio\/wp-content\/uploads\/2021\/06\/nota-info-...png",1320,880,false]},"uagb_author_info":{"display_name":"ccortez","author_link":"https:\/\/www.uartes.edu.ec\/sitio\/fr\/blog\/author\/ccortez\/"},"uagb_comment_info":0,"uagb_excerpt":"\u201cLa gesti\u00f3n cultural desde los archivos\u201d es el tema que Delia Mar\u00eda Torres, mag\u00edster en Gerencia Educativa y Evaluaci\u00f3n de la Educaci\u00f3n a Nivel Superior, abordar\u00e1 en la clase magistral que la Biblioteca de las Artes ha organizado para el mi\u00e9rcoles 30 de junio, a las 11:00.","featured_image_src":"https:\/\/www.uartes.edu.ec\/sitio\/wp-content\/uploads\/2021\/06\/nota-info-...png","featured_image_src_square":"https:\/\/www.uartes.edu.ec\/sitio\/wp-content\/uploads\/2021\/06\/nota-info-...png","author_info":{"display_name":"ccortez","author_link":"https:\/\/www.uartes.edu.ec\/sitio\/fr\/blog\/author\/ccortez\/"},"publishpress_future_workflow_manual_trigger":{"enabledWorkflows":[]},"distributor_meta":false,"distributor_terms":false,"distributor_media":false,"distributor_original_site_name":"Universidad de las Artes","distributor_original_site_url":"https:\/\/www.uartes.edu.ec\/sitio\/fr","push-errors":false,"_links":{"self":[{"href":"https:\/\/www.uartes.edu.ec\/sitio\/fr\/wp-json\/wp\/v2\/posts\/14538","targetHints":{"allow":["GET"]}}],"collection":[{"href":"https:\/\/www.uartes.edu.ec\/sitio\/fr\/wp-json\/wp\/v2\/posts"}],"about":[{"href":"https:\/\/www.uartes.edu.ec\/sitio\/fr\/wp-json\/wp\/v2\/types\/post"}],"author":[{"embeddable":true,"href":"https:\/\/www.uartes.edu.ec\/sitio\/fr\/wp-json\/wp\/v2\/users\/10"}],"replies":[{"embeddable":true,"href":"https:\/\/www.uartes.edu.ec\/sitio\/fr\/wp-json\/wp\/v2\/comments?post=14538"}],"version-history":[{"count":2,"href":"https:\/\/www.uartes.edu.ec\/sitio\/fr\/wp-json\/wp\/v2\/posts\/14538\/revisions"}],"predecessor-version":[{"id":14568,"href":"https:\/\/www.uartes.edu.ec\/sitio\/fr\/wp-json\/wp\/v2\/posts\/14538\/revisions\/14568"}],"wp:featuredmedia":[{"embeddable":true,"href":"https:\/\/www.uartes.edu.ec\/sitio\/fr\/wp-json\/wp\/v2\/media\/14566"}],"wp:attachment":[{"href":"https:\/\/www.uartes.edu.ec\/sitio\/fr\/wp-json\/wp\/v2\/media?parent=14538"}],"wp:term":[{"taxonomy":"category","embeddable":true,"href":"https:\/\/www.uartes.edu.ec\/sitio\/fr\/wp-json\/wp\/v2\/categories?post=14538"},{"taxonomy":"post_tag","embeddable":true,"href":"https:\/\/www.uartes.edu.ec\/sitio\/fr\/wp-json\/wp\/v2\/tags?post=14538"},{"taxonomy":"infouartes","embeddable":true,"href":"https:\/\/www.uartes.edu.ec\/sitio\/fr\/wp-json\/wp\/v2\/infouartes?post=14538"}],"curies":[{"name":"wp","href":"https:\/\/api.w.org\/{rel}","templated":true}]}}