{"id":1466,"date":"2018-04-10T16:20:28","date_gmt":"2018-04-10T21:20:28","guid":{"rendered":"http:\/\/www.uartes.edu.ec\/infouartes\/?p=1466"},"modified":"2024-07-04T11:53:53","modified_gmt":"2024-07-04T16:53:53","slug":"efrain-jara-idrovo-1927-2018","status":"publish","type":"post","link":"https:\/\/www.uartes.edu.ec\/sitio\/fr\/blog\/2018\/04\/10\/efrain-jara-idrovo-1927-2018\/","title":{"rendered":"Efra\u00edn Jara Idrovo (1927 \u2013 2018)"},"content":{"rendered":"<p>\u201cen verdad \/ \u00bffue verdad?, \/ \u00bferas t\u00fa el que pend\u00eda de la cadena del higi\u00e9nico \/ como seco mech\u00f3n de sauce sobre el r\u00edo? \/ser ido \/ ser herido \/ sal diluida \/ suicida\u201d. Estos estremecedores versos pertenecen a <em>Sollozo por Pedro Jara<\/em> (1978), uno de los poemas m\u00e1s radicales y conmovedores, en t\u00e9rminos experimentales, de la l\u00edrica ecuatoriana. Su autor es el cuencano Efra\u00edn Jara Idrovo (26 de febrero de 1926 \u2013 8 de abril de 2018), cuya obra po\u00e9tica se caracteriza por una singular riqueza idiom\u00e1tica, el uso de met\u00e1foras deslumbrantes, una est\u00e9tica cargada de experimentaci\u00f3n y descubrimientos; y un permanente desentra\u00f1amiento de lo humano.<\/p>\n<p>\u201cBalada de la hija y las profundas evidencias\u201d es un poema heredero del posmodernismo y una cima de las formas tradicionales de la poes\u00eda espa\u00f1ola en nuestra tradici\u00f3n po\u00e9tica: \u201c\u00a1Porque nada se gasta sin motivo! \/ Lo m\u00e1s dulce del tr\u00e9bol se hace abeja; \/ lo m\u00e1s terso del tacto, piel amada; \/ lo m\u00e1s arduo del alma, pensamiento.\u201d En este memorable texto, la voz po\u00e9tica busca confrontar a la muerte desde la intensidad de vida, que radica en la intensidad del amar: \u201cS\u00f3lo el amor nos salva y justifica \/ la indolente crueldad de la existencia.\u201d Apareci\u00f3 como libro en 1973, junto con \u201cA\u00f1oranza y acto de amor\u201d, en <em>Dos poemas<\/em>.<\/p>\n<p><em>El mundo de las evidencias<\/em> (1980) reuni\u00f3 su obra en tres secciones: \u201cTr\u00e1nsito en la ceniza\u201d (1945 \u2013 1947), \u201cOtros poemas\u201d (1948 \u2013 1958) y \u201cEl mundo de las evidencias\u201d (1958 \u2013 1970). En este libro, se puede constatar la evoluci\u00f3n de la poes\u00eda de Jara Idrovo desde formas tradicionales, llenas im\u00e1genes deslumbrantes, a los textos experimentales, permanente indagaci\u00f3n sobre los interrogantes del ser humano. Sus \u00faltimos libros <em>In memoriam<\/em> (1980), <em>Alguien dispone de su muerte<\/em> (1988), y <em>Los rostros de Eros<\/em> (1997), son una abierta confrontaci\u00f3n del asumir la vida a plenitud, en desafiante confrontaci\u00f3n con la muerte.<\/p>\n<p>Efra\u00edn Jara Idrovo fue uno de los fundadores, en 1969, de la revista literaria <em>El Guacamayo y la Serpiente<\/em>, y ejerci\u00f3 como cr\u00edtico y profesor en la especialidad de Lengua y Literatura, de la Facultad de Filosof\u00eda y Letras de la Universidad de Cuenca, hasta su jubilaci\u00f3n. En 1999, le fue otorgado el Premio Nacional Eugenio Espejo, que es el m\u00e1ximo reconocimiento que el Estado ecuatoriano concede a un escritor. La Universidad de las Artes, con motivo de su fallecimiento, rinde homenaje al docente y cr\u00edtico de la Literatura y, al mismo tiempo, a una voz imprescindible de la l\u00edrica ecuatoriana del siglo XX.<\/p>\n<p style=\"text-align: right\"><strong>Ra\u00fal Vallejo, escritor y Director de la Escuela de Literatura de la UArtes<\/strong><\/p>","protected":false},"excerpt":{"rendered":"<p>\u201cen verdad \/ \u00bffue verdad?, \/ \u00bferas t\u00fa el que pend\u00eda de la cadena del higi\u00e9nico \/ como seco mech\u00f3n de sauce sobre el r\u00edo? \/ser ido \/ ser herido \/ sal diluida \/ suicida\u201d. Estos estremecedores versos pertenecen a Sollozo por Pedro Jara (1978), uno de los poemas m\u00e1s radicales y conmovedores, en t\u00e9rminos [&hellip;]<\/p>\n","protected":false},"author":1,"featured_media":1467,"comment_status":"closed","ping_status":"closed","sticky":false,"template":"","format":"standard","meta":{"_acf_changed":false,"_uag_custom_page_level_css":"","_monsterinsights_skip_tracking":false,"_monsterinsights_sitenote_active":false,"_monsterinsights_sitenote_note":"","_monsterinsights_sitenote_category":0,"cybocfi_hide_featured_image":"","footnotes":""},"categories":[82],"tags":[],"infouartes":[],"class_list":["post-1466","post","type-post","status-publish","format-standard","has-post-thumbnail","hentry","category-artes"],"acf":[],"yoast_head":"<!-- This site is optimized with the Yoast SEO plugin v27.4 - https:\/\/yoast.com\/product\/yoast-seo-wordpress\/ -->\n<title>Universidad de las Artes - Efra\u00edn Jara Idrovo (1927 \u2013 2018)<\/title>\n<meta name=\"description\" content=\"Universidad de las Artes - Efra\u00edn Jara Idrovo (1927 \u2013 2018)\" \/>\n<meta name=\"robots\" content=\"index, follow, max-snippet:-1, max-image-preview:large, max-video-preview:-1\" \/>\n<link rel=\"canonical\" href=\"https:\/\/www.uartes.edu.ec\/sitio\/fr\/blog\/2018\/04\/10\/efrain-jara-idrovo-1927-2018\/\" \/>\n<meta property=\"og:locale\" content=\"fr_FR\" \/>\n<meta property=\"og:type\" content=\"article\" \/>\n<meta property=\"og:title\" content=\"Universidad de las Artes - Efra\u00edn Jara Idrovo (1927 \u2013 2018)\" \/>\n<meta property=\"og:description\" content=\"Universidad de las Artes - Efra\u00edn Jara Idrovo (1927 \u2013 2018)\" \/>\n<meta property=\"og:url\" content=\"https:\/\/www.uartes.edu.ec\/sitio\/fr\/blog\/2018\/04\/10\/efrain-jara-idrovo-1927-2018\/\" \/>\n<meta property=\"og:site_name\" content=\"Universidad de las Artes\" \/>\n<meta property=\"article:publisher\" content=\"https:\/\/www.facebook.com\/uartesec\" \/>\n<meta property=\"article:published_time\" content=\"2018-04-10T21:20:28+00:00\" \/>\n<meta property=\"article:modified_time\" content=\"2024-07-04T16:53:53+00:00\" \/>\n<meta name=\"author\" content=\"Universidad de las Artes\" \/>\n<meta name=\"twitter:card\" content=\"summary_large_image\" \/>\n<meta name=\"twitter:creator\" content=\"@uartesec\" \/>\n<meta name=\"twitter:site\" content=\"@uartesec\" \/>\n<meta name=\"twitter:label1\" content=\"\u00c9crit par\" \/>\n\t<meta name=\"twitter:data1\" content=\"Universidad de las Artes\" \/>\n\t<meta name=\"twitter:label2\" content=\"Dur\u00e9e de lecture estim\u00e9e\" \/>\n\t<meta name=\"twitter:data2\" content=\"2 minutes\" \/>\n<script type=\"application\/ld+json\" class=\"yoast-schema-graph\">{\"@context\":\"https:\\\/\\\/schema.org\",\"@graph\":[{\"@type\":\"Article\",\"@id\":\"https:\\\/\\\/www.uartes.edu.ec\\\/sitio\\\/fr\\\/blog\\\/2018\\\/04\\\/10\\\/efrain-jara-idrovo-1927-2018\\\/#article\",\"isPartOf\":{\"@id\":\"https:\\\/\\\/www.uartes.edu.ec\\\/sitio\\\/fr\\\/blog\\\/2018\\\/04\\\/10\\\/efrain-jara-idrovo-1927-2018\\\/\"},\"author\":{\"name\":\"Universidad de las Artes\",\"@id\":\"https:\\\/\\\/www.uartes.edu.ec\\\/sitio\\\/fr\\\/#\\\/schema\\\/person\\\/f33f8c1d2af0d5c80a38c8abf458184a\"},\"headline\":\"Efra\u00edn Jara Idrovo (1927 \u2013 2018)\",\"datePublished\":\"2018-04-10T21:20:28+00:00\",\"dateModified\":\"2024-07-04T16:53:53+00:00\",\"mainEntityOfPage\":{\"@id\":\"https:\\\/\\\/www.uartes.edu.ec\\\/sitio\\\/fr\\\/blog\\\/2018\\\/04\\\/10\\\/efrain-jara-idrovo-1927-2018\\\/\"},\"wordCount\":448,\"publisher\":{\"@id\":\"https:\\\/\\\/www.uartes.edu.ec\\\/sitio\\\/fr\\\/#organization\"},\"image\":{\"@id\":\"https:\\\/\\\/www.uartes.edu.ec\\\/sitio\\\/fr\\\/blog\\\/2018\\\/04\\\/10\\\/efrain-jara-idrovo-1927-2018\\\/#primaryimage\"},\"thumbnailUrl\":\"\",\"articleSection\":[\"Artes\"],\"inLanguage\":\"fr-FR\"},{\"@type\":[\"WebPage\",\"ItemPage\"],\"@id\":\"https:\\\/\\\/www.uartes.edu.ec\\\/sitio\\\/fr\\\/blog\\\/2018\\\/04\\\/10\\\/efrain-jara-idrovo-1927-2018\\\/\",\"url\":\"https:\\\/\\\/www.uartes.edu.ec\\\/sitio\\\/fr\\\/blog\\\/2018\\\/04\\\/10\\\/efrain-jara-idrovo-1927-2018\\\/\",\"name\":\"Universidad de las Artes - Efra\u00edn Jara Idrovo (1927 \u2013 2018)\",\"isPartOf\":{\"@id\":\"https:\\\/\\\/www.uartes.edu.ec\\\/sitio\\\/fr\\\/#website\"},\"primaryImageOfPage\":{\"@id\":\"https:\\\/\\\/www.uartes.edu.ec\\\/sitio\\\/fr\\\/blog\\\/2018\\\/04\\\/10\\\/efrain-jara-idrovo-1927-2018\\\/#primaryimage\"},\"image\":{\"@id\":\"https:\\\/\\\/www.uartes.edu.ec\\\/sitio\\\/fr\\\/blog\\\/2018\\\/04\\\/10\\\/efrain-jara-idrovo-1927-2018\\\/#primaryimage\"},\"thumbnailUrl\":\"\",\"datePublished\":\"2018-04-10T21:20:28+00:00\",\"dateModified\":\"2024-07-04T16:53:53+00:00\",\"description\":\"Universidad de las Artes - Efra\u00edn Jara Idrovo (1927 \u2013 2018)\",\"breadcrumb\":{\"@id\":\"https:\\\/\\\/www.uartes.edu.ec\\\/sitio\\\/fr\\\/blog\\\/2018\\\/04\\\/10\\\/efrain-jara-idrovo-1927-2018\\\/#breadcrumb\"},\"inLanguage\":\"fr-FR\",\"potentialAction\":[{\"@type\":\"ReadAction\",\"target\":[\"https:\\\/\\\/www.uartes.edu.ec\\\/sitio\\\/fr\\\/blog\\\/2018\\\/04\\\/10\\\/efrain-jara-idrovo-1927-2018\\\/\"]}]},{\"@type\":\"ImageObject\",\"inLanguage\":\"fr-FR\",\"@id\":\"https:\\\/\\\/www.uartes.edu.ec\\\/sitio\\\/fr\\\/blog\\\/2018\\\/04\\\/10\\\/efrain-jara-idrovo-1927-2018\\\/#primaryimage\",\"url\":\"\",\"contentUrl\":\"\"},{\"@type\":\"BreadcrumbList\",\"@id\":\"https:\\\/\\\/www.uartes.edu.ec\\\/sitio\\\/fr\\\/blog\\\/2018\\\/04\\\/10\\\/efrain-jara-idrovo-1927-2018\\\/#breadcrumb\",\"itemListElement\":[{\"@type\":\"ListItem\",\"position\":1,\"name\":\"Inicio\",\"item\":\"https:\\\/\\\/www.uartes.edu.ec\\\/sitio\\\/\"},{\"@type\":\"ListItem\",\"position\":2,\"name\":\"Efra\u00edn Jara Idrovo (1927 \u2013 2018)\"}]},{\"@type\":\"WebSite\",\"@id\":\"https:\\\/\\\/www.uartes.edu.ec\\\/sitio\\\/fr\\\/#website\",\"url\":\"https:\\\/\\\/www.uartes.edu.ec\\\/sitio\\\/fr\\\/\",\"name\":\"Universidad de las Artes\",\"description\":\"Sitio oficial de la Universidad Nacional de las Artes del Ecuador\",\"publisher\":{\"@id\":\"https:\\\/\\\/www.uartes.edu.ec\\\/sitio\\\/fr\\\/#organization\"},\"potentialAction\":[{\"@type\":\"SearchAction\",\"target\":{\"@type\":\"EntryPoint\",\"urlTemplate\":\"https:\\\/\\\/www.uartes.edu.ec\\\/sitio\\\/fr\\\/?s={search_term_string}\"},\"query-input\":{\"@type\":\"PropertyValueSpecification\",\"valueRequired\":true,\"valueName\":\"search_term_string\"}}],\"inLanguage\":\"fr-FR\"},{\"@type\":\"Organization\",\"@id\":\"https:\\\/\\\/www.uartes.edu.ec\\\/sitio\\\/fr\\\/#organization\",\"name\":\"Universidad de las Artes\",\"url\":\"https:\\\/\\\/www.uartes.edu.ec\\\/sitio\\\/fr\\\/\",\"logo\":{\"@type\":\"ImageObject\",\"inLanguage\":\"fr-FR\",\"@id\":\"https:\\\/\\\/www.uartes.edu.ec\\\/sitio\\\/fr\\\/#\\\/schema\\\/logo\\\/image\\\/\",\"url\":\"https:\\\/\\\/www.uartes.edu.ec\\\/sitio\\\/wp-content\\\/uploads\\\/2022\\\/07\\\/logo-ua-horizontal.png\",\"contentUrl\":\"https:\\\/\\\/www.uartes.edu.ec\\\/sitio\\\/wp-content\\\/uploads\\\/2022\\\/07\\\/logo-ua-horizontal.png\",\"width\":800,\"height\":276,\"caption\":\"Universidad de las Artes\"},\"image\":{\"@id\":\"https:\\\/\\\/www.uartes.edu.ec\\\/sitio\\\/fr\\\/#\\\/schema\\\/logo\\\/image\\\/\"},\"sameAs\":[\"https:\\\/\\\/www.facebook.com\\\/uartesec\",\"https:\\\/\\\/x.com\\\/uartesec\",\"https:\\\/\\\/www.tiktok.com\\\/@uartesec\"]},{\"@type\":\"Person\",\"@id\":\"https:\\\/\\\/www.uartes.edu.ec\\\/sitio\\\/fr\\\/#\\\/schema\\\/person\\\/f33f8c1d2af0d5c80a38c8abf458184a\",\"name\":\"Universidad de las Artes\",\"image\":{\"@type\":\"ImageObject\",\"inLanguage\":\"fr-FR\",\"@id\":\"https:\\\/\\\/secure.gravatar.com\\\/avatar\\\/52e4757902f5cfa5ac52d020e5be83cae5487519154b6c35482fe08d589f3c13?s=96&d=mm&r=g\",\"url\":\"https:\\\/\\\/secure.gravatar.com\\\/avatar\\\/52e4757902f5cfa5ac52d020e5be83cae5487519154b6c35482fe08d589f3c13?s=96&d=mm&r=g\",\"contentUrl\":\"https:\\\/\\\/secure.gravatar.com\\\/avatar\\\/52e4757902f5cfa5ac52d020e5be83cae5487519154b6c35482fe08d589f3c13?s=96&d=mm&r=g\",\"caption\":\"Universidad de las Artes\"},\"url\":\"https:\\\/\\\/www.uartes.edu.ec\\\/sitio\\\/fr\\\/blog\\\/author\\\/dircomadm\\\/\"}]}<\/script>\n<!-- \/ Yoast SEO plugin. -->","yoast_head_json":{"title":"Universidad de las Artes - Efra\u00edn Jara Idrovo (1927 \u2013 2018)","description":"Universidad de las Artes - Efra\u00edn Jara Idrovo (1927 \u2013 2018)","robots":{"index":"index","follow":"follow","max-snippet":"max-snippet:-1","max-image-preview":"max-image-preview:large","max-video-preview":"max-video-preview:-1"},"canonical":"https:\/\/www.uartes.edu.ec\/sitio\/fr\/blog\/2018\/04\/10\/efrain-jara-idrovo-1927-2018\/","og_locale":"fr_FR","og_type":"article","og_title":"Universidad de las Artes - Efra\u00edn Jara Idrovo (1927 \u2013 2018)","og_description":"Universidad de las Artes - Efra\u00edn Jara Idrovo (1927 \u2013 2018)","og_url":"https:\/\/www.uartes.edu.ec\/sitio\/fr\/blog\/2018\/04\/10\/efrain-jara-idrovo-1927-2018\/","og_site_name":"Universidad de las Artes","article_publisher":"https:\/\/www.facebook.com\/uartesec","article_published_time":"2018-04-10T21:20:28+00:00","article_modified_time":"2024-07-04T16:53:53+00:00","author":"Universidad de las Artes","twitter_card":"summary_large_image","twitter_creator":"@uartesec","twitter_site":"@uartesec","twitter_misc":{"\u00c9crit par":"Universidad de las Artes","Dur\u00e9e de lecture estim\u00e9e":"2 minutes"},"schema":{"@context":"https:\/\/schema.org","@graph":[{"@type":"Article","@id":"https:\/\/www.uartes.edu.ec\/sitio\/fr\/blog\/2018\/04\/10\/efrain-jara-idrovo-1927-2018\/#article","isPartOf":{"@id":"https:\/\/www.uartes.edu.ec\/sitio\/fr\/blog\/2018\/04\/10\/efrain-jara-idrovo-1927-2018\/"},"author":{"name":"Universidad de las Artes","@id":"https:\/\/www.uartes.edu.ec\/sitio\/fr\/#\/schema\/person\/f33f8c1d2af0d5c80a38c8abf458184a"},"headline":"Efra\u00edn Jara Idrovo (1927 \u2013 2018)","datePublished":"2018-04-10T21:20:28+00:00","dateModified":"2024-07-04T16:53:53+00:00","mainEntityOfPage":{"@id":"https:\/\/www.uartes.edu.ec\/sitio\/fr\/blog\/2018\/04\/10\/efrain-jara-idrovo-1927-2018\/"},"wordCount":448,"publisher":{"@id":"https:\/\/www.uartes.edu.ec\/sitio\/fr\/#organization"},"image":{"@id":"https:\/\/www.uartes.edu.ec\/sitio\/fr\/blog\/2018\/04\/10\/efrain-jara-idrovo-1927-2018\/#primaryimage"},"thumbnailUrl":"","articleSection":["Artes"],"inLanguage":"fr-FR"},{"@type":["WebPage","ItemPage"],"@id":"https:\/\/www.uartes.edu.ec\/sitio\/fr\/blog\/2018\/04\/10\/efrain-jara-idrovo-1927-2018\/","url":"https:\/\/www.uartes.edu.ec\/sitio\/fr\/blog\/2018\/04\/10\/efrain-jara-idrovo-1927-2018\/","name":"Universidad de las Artes - Efra\u00edn Jara Idrovo (1927 \u2013 2018)","isPartOf":{"@id":"https:\/\/www.uartes.edu.ec\/sitio\/fr\/#website"},"primaryImageOfPage":{"@id":"https:\/\/www.uartes.edu.ec\/sitio\/fr\/blog\/2018\/04\/10\/efrain-jara-idrovo-1927-2018\/#primaryimage"},"image":{"@id":"https:\/\/www.uartes.edu.ec\/sitio\/fr\/blog\/2018\/04\/10\/efrain-jara-idrovo-1927-2018\/#primaryimage"},"thumbnailUrl":"","datePublished":"2018-04-10T21:20:28+00:00","dateModified":"2024-07-04T16:53:53+00:00","description":"Universidad de las Artes - Efra\u00edn Jara Idrovo (1927 \u2013 2018)","breadcrumb":{"@id":"https:\/\/www.uartes.edu.ec\/sitio\/fr\/blog\/2018\/04\/10\/efrain-jara-idrovo-1927-2018\/#breadcrumb"},"inLanguage":"fr-FR","potentialAction":[{"@type":"ReadAction","target":["https:\/\/www.uartes.edu.ec\/sitio\/fr\/blog\/2018\/04\/10\/efrain-jara-idrovo-1927-2018\/"]}]},{"@type":"ImageObject","inLanguage":"fr-FR","@id":"https:\/\/www.uartes.edu.ec\/sitio\/fr\/blog\/2018\/04\/10\/efrain-jara-idrovo-1927-2018\/#primaryimage","url":"","contentUrl":""},{"@type":"BreadcrumbList","@id":"https:\/\/www.uartes.edu.ec\/sitio\/fr\/blog\/2018\/04\/10\/efrain-jara-idrovo-1927-2018\/#breadcrumb","itemListElement":[{"@type":"ListItem","position":1,"name":"Inicio","item":"https:\/\/www.uartes.edu.ec\/sitio\/"},{"@type":"ListItem","position":2,"name":"Efra\u00edn Jara Idrovo (1927 \u2013 2018)"}]},{"@type":"WebSite","@id":"https:\/\/www.uartes.edu.ec\/sitio\/fr\/#website","url":"https:\/\/www.uartes.edu.ec\/sitio\/fr\/","name":"Universidad de las Artes","description":"Sitio oficial de la Universidad Nacional de las Artes del Ecuador","publisher":{"@id":"https:\/\/www.uartes.edu.ec\/sitio\/fr\/#organization"},"potentialAction":[{"@type":"SearchAction","target":{"@type":"EntryPoint","urlTemplate":"https:\/\/www.uartes.edu.ec\/sitio\/fr\/?s={search_term_string}"},"query-input":{"@type":"PropertyValueSpecification","valueRequired":true,"valueName":"search_term_string"}}],"inLanguage":"fr-FR"},{"@type":"Organization","@id":"https:\/\/www.uartes.edu.ec\/sitio\/fr\/#organization","name":"Universidad de las Artes","url":"https:\/\/www.uartes.edu.ec\/sitio\/fr\/","logo":{"@type":"ImageObject","inLanguage":"fr-FR","@id":"https:\/\/www.uartes.edu.ec\/sitio\/fr\/#\/schema\/logo\/image\/","url":"https:\/\/www.uartes.edu.ec\/sitio\/wp-content\/uploads\/2022\/07\/logo-ua-horizontal.png","contentUrl":"https:\/\/www.uartes.edu.ec\/sitio\/wp-content\/uploads\/2022\/07\/logo-ua-horizontal.png","width":800,"height":276,"caption":"Universidad de las Artes"},"image":{"@id":"https:\/\/www.uartes.edu.ec\/sitio\/fr\/#\/schema\/logo\/image\/"},"sameAs":["https:\/\/www.facebook.com\/uartesec","https:\/\/x.com\/uartesec","https:\/\/www.tiktok.com\/@uartesec"]},{"@type":"Person","@id":"https:\/\/www.uartes.edu.ec\/sitio\/fr\/#\/schema\/person\/f33f8c1d2af0d5c80a38c8abf458184a","name":"Universidad de las Artes","image":{"@type":"ImageObject","inLanguage":"fr-FR","@id":"https:\/\/secure.gravatar.com\/avatar\/52e4757902f5cfa5ac52d020e5be83cae5487519154b6c35482fe08d589f3c13?s=96&d=mm&r=g","url":"https:\/\/secure.gravatar.com\/avatar\/52e4757902f5cfa5ac52d020e5be83cae5487519154b6c35482fe08d589f3c13?s=96&d=mm&r=g","contentUrl":"https:\/\/secure.gravatar.com\/avatar\/52e4757902f5cfa5ac52d020e5be83cae5487519154b6c35482fe08d589f3c13?s=96&d=mm&r=g","caption":"Universidad de las Artes"},"url":"https:\/\/www.uartes.edu.ec\/sitio\/fr\/blog\/author\/dircomadm\/"}]}},"uagb_featured_image_src":{"full":false,"thumbnail":false,"medium":false,"medium_large":false,"large":false,"1536x1536":false,"2048x2048":false,"trp-custom-language-flag":false,"htmega_size_585x295":false,"htmega_size_1170x536":false,"htmega_size_396x360":false,"gb-block-post-grid-landscape":false,"gb-block-post-grid-square":false,"university-hub-thumb":false},"uagb_author_info":{"display_name":"Universidad de las Artes","author_link":"https:\/\/www.uartes.edu.ec\/sitio\/fr\/blog\/author\/dircomadm\/"},"uagb_comment_info":0,"uagb_excerpt":"\u201cen verdad \/ \u00bffue verdad?, \/ \u00bferas t\u00fa el que pend\u00eda de la cadena del higi\u00e9nico \/ como seco mech\u00f3n de sauce sobre el r\u00edo? \/ser ido \/ ser herido \/ sal diluida \/ suicida\u201d. Estos estremecedores versos pertenecen a Sollozo por Pedro Jara (1978), uno de los poemas m\u00e1s radicales y conmovedores, en t\u00e9rminos\u2026","featured_image_src":null,"featured_image_src_square":null,"author_info":{"display_name":"Universidad de las Artes","author_link":"https:\/\/www.uartes.edu.ec\/sitio\/fr\/blog\/author\/dircomadm\/"},"publishpress_future_workflow_manual_trigger":{"enabledWorkflows":[]},"distributor_meta":false,"distributor_terms":false,"distributor_media":false,"distributor_original_site_name":"Universidad de las Artes","distributor_original_site_url":"https:\/\/www.uartes.edu.ec\/sitio\/fr","push-errors":false,"_links":{"self":[{"href":"https:\/\/www.uartes.edu.ec\/sitio\/fr\/wp-json\/wp\/v2\/posts\/1466","targetHints":{"allow":["GET"]}}],"collection":[{"href":"https:\/\/www.uartes.edu.ec\/sitio\/fr\/wp-json\/wp\/v2\/posts"}],"about":[{"href":"https:\/\/www.uartes.edu.ec\/sitio\/fr\/wp-json\/wp\/v2\/types\/post"}],"author":[{"embeddable":true,"href":"https:\/\/www.uartes.edu.ec\/sitio\/fr\/wp-json\/wp\/v2\/users\/1"}],"replies":[{"embeddable":true,"href":"https:\/\/www.uartes.edu.ec\/sitio\/fr\/wp-json\/wp\/v2\/comments?post=1466"}],"version-history":[{"count":1,"href":"https:\/\/www.uartes.edu.ec\/sitio\/fr\/wp-json\/wp\/v2\/posts\/1466\/revisions"}],"predecessor-version":[{"id":3401,"href":"https:\/\/www.uartes.edu.ec\/sitio\/fr\/wp-json\/wp\/v2\/posts\/1466\/revisions\/3401"}],"wp:featuredmedia":[{"embeddable":true,"href":"https:\/\/www.uartes.edu.ec\/sitio\/fr\/wp-json\/"}],"wp:attachment":[{"href":"https:\/\/www.uartes.edu.ec\/sitio\/fr\/wp-json\/wp\/v2\/media?parent=1466"}],"wp:term":[{"taxonomy":"category","embeddable":true,"href":"https:\/\/www.uartes.edu.ec\/sitio\/fr\/wp-json\/wp\/v2\/categories?post=1466"},{"taxonomy":"post_tag","embeddable":true,"href":"https:\/\/www.uartes.edu.ec\/sitio\/fr\/wp-json\/wp\/v2\/tags?post=1466"},{"taxonomy":"infouartes","embeddable":true,"href":"https:\/\/www.uartes.edu.ec\/sitio\/fr\/wp-json\/wp\/v2\/infouartes?post=1466"}],"curies":[{"name":"wp","href":"https:\/\/api.w.org\/{rel}","templated":true}]}}