{"id":15323,"date":"2021-08-05T16:00:00","date_gmt":"2021-08-05T21:00:00","guid":{"rendered":"http:\/\/www.uartes.edu.ec\/sitio\/?p=15323"},"modified":"2024-07-04T11:26:02","modified_gmt":"2024-07-04T16:26:02","slug":"parpadeo-alguien-pieza-interdisciplinar-creada-por-cindy-cantos-y-carolina-pepper","status":"publish","type":"post","link":"https:\/\/www.uartes.edu.ec\/sitio\/fr\/blog\/2021\/08\/05\/parpadeo-alguien-pieza-interdisciplinar-creada-por-cindy-cantos-y-carolina-pepper\/","title":{"rendered":"\u201cPARPADE\u00d3, alguien\u201d, pieza interdisciplinar creada por Cindy Cantos y Carolina Pepper"},"content":{"rendered":"<p>Una experiencia que desde lo corporal se expande hacia la sonoridad, lo visual y lo espacial, a cargo de las y los estudiantes del octavo semestre de la carrera de Danza de la UArtes.<\/p>\n\n\n\n<p>Ese lugar temporal y oscuro del parpadeo nos lleva al asombroso planteamiento de todo aquello que puede suceder \u201cen un abrir y cerrar de ojos\u00bb. Escena espacio-temporal de una acci\u00f3n f\u00edsica involuntaria.<\/p>\n\n\n\n<p>El p\u00e1rrafo que antecede explica de un manera art\u00edstica, si se quiere, lo que significa el parpadeo y de c\u00f3mo esta \u201cacci\u00f3n f\u00edsica involuntaria\u201d da lugar a una obra creada por las bailarinas y core\u00f3grafas Cindy Cantos y Carolina Pepper, junto a les estudiantes de octavo semestre de la carrera de Danza de la Escuela de Artes Esc\u00e9nicas de la Universidad de las Artes. La puesta en escena es <em>Parpade\u00f3, alguien<\/em> y se presenta este viernes 6 de agosto de 2021, a las 17:00 y 18:30, en la sala del tercer piso del patrimonial edificio El Tel\u00e9grafo, ubicado en 10 de Agosto y Boyac\u00e1.<\/p>\n\n\n\n<p>A sus alumnos, las docentes Cindy Cantos y Carolina Pepper les propusieron una fragmentaci\u00f3n monocrom\u00e1tica de gestos, ensue\u00f1os, espacios sin borde y miradas no intencionales. C\u00e1maras que observan descuidadas a alguien, alg\u00fan, alguno o alguna, experimentando desde lo corporal hacia lo sonoro, lo visual y lo espacial.<\/p>\n\n\n\n<p>As\u00ed, durante 35 minutos, el espectador\/a que asista al evento se ver\u00e1 envuelto por las proyecciones de video, m\u00fasica en vivo, la particular arquitectura del espacio trabajado y, por supuesto, por el movimiento generado a partir de los distintos desplazamientos y juegos de los cuerpos de nueve int\u00e9rpretes que aportaron con su sensibilidad a la propuesta, misma que en un inicio fue pensada como un videodanza, pero que evolucion\u00f3 en un complejo entramado y combinaci\u00f3n de lenguajes.<\/p>\n\n\n\n<p>Como invitados especiales a una de las dos funciones estar\u00e1 una delegaci\u00f3n de estudiantes de la Escuela de Danza Esperanza Cruz de la Casa de la Cultura, junto a su directora Wendy Cabanilla, de modo que exista la posibilidad de vincular a la comunidad danc\u00edstica y estudiantil de la ciudad en las actividades que ofrece la Escuela de Artes Esc\u00e9nicas de la UArtes.<\/p>\n\n\n\n<p>El proceso creativo, de ejecuci\u00f3n y montaje de esta pieza interdisciplinar hace parte de algunas de las expectativas consideradas en la formaci\u00f3n de nuestras y nuestros estudiantes, subrayan Cantos y Pepper, a quienes buscan poder compartir la experiencia vivida y los \u00e1nimos inquebrantables de sus int\u00e9rpretes-creadores.<\/p>\n\n\n\n<p>En <em>Parpade\u00f3, alguien<\/em> intervienen los estudiantes de octavo semestre de Danza: Khrystel Ortiz, Daniela \u00c1lvarez, Jimel Palacio, Ronald Mej\u00eda, Daniel Ernesto Ortega, Daniela Felton, Nicole Cruz, Michelle Viera y Juan Ch\u00e1vez<\/p>","protected":false},"excerpt":{"rendered":"<p>Una experiencia que desde lo corporal se expande hacia la sonoridad, lo visual y lo espacial, a cargo de las y los estudiantes del octavo semestre de la carrera de Danza de la UArtes.<\/p>","protected":false},"author":10,"featured_media":15356,"comment_status":"open","ping_status":"open","sticky":false,"template":"","format":"standard","meta":{"_acf_changed":false,"_uag_custom_page_level_css":"","_monsterinsights_skip_tracking":false,"_monsterinsights_sitenote_active":false,"_monsterinsights_sitenote_note":"","_monsterinsights_sitenote_category":0,"cybocfi_hide_featured_image":"","footnotes":""},"categories":[82,159,75,76],"tags":[475],"infouartes":[],"class_list":["post-15323","post","type-post","status-publish","format-standard","has-post-thumbnail","hentry","category-artes","category-artes-escenicas","category-docentes","category-estudiantes","tag-danza"],"acf":[],"yoast_head":"<!-- This site is optimized with the Yoast SEO plugin v27.4 - https:\/\/yoast.com\/product\/yoast-seo-wordpress\/ -->\n<title>Universidad de las Artes - \u201cPARPADE\u00d3, alguien\u201d, pieza interdisciplinar creada por Cindy Cantos y Carolina Pepper<\/title>\n<meta name=\"description\" content=\"Universidad de las Artes - \u201cPARPADE\u00d3, alguien\u201d, pieza interdisciplinar creada por Cindy Cantos y Carolina Pepper\" \/>\n<meta name=\"robots\" content=\"index, follow, max-snippet:-1, max-image-preview:large, max-video-preview:-1\" \/>\n<link rel=\"canonical\" href=\"https:\/\/www.uartes.edu.ec\/sitio\/fr\/blog\/2021\/08\/05\/parpadeo-alguien-pieza-interdisciplinar-creada-por-cindy-cantos-y-carolina-pepper\/\" \/>\n<meta property=\"og:locale\" content=\"fr_FR\" \/>\n<meta property=\"og:type\" content=\"article\" \/>\n<meta property=\"og:title\" content=\"Universidad de las Artes - \u201cPARPADE\u00d3, alguien\u201d, pieza interdisciplinar creada por Cindy Cantos y Carolina Pepper\" \/>\n<meta property=\"og:description\" content=\"Universidad de las Artes - \u201cPARPADE\u00d3, alguien\u201d, pieza interdisciplinar creada por Cindy Cantos y Carolina Pepper\" \/>\n<meta property=\"og:url\" content=\"https:\/\/www.uartes.edu.ec\/sitio\/fr\/blog\/2021\/08\/05\/parpadeo-alguien-pieza-interdisciplinar-creada-por-cindy-cantos-y-carolina-pepper\/\" \/>\n<meta property=\"og:site_name\" content=\"Universidad de las Artes\" \/>\n<meta property=\"article:publisher\" content=\"https:\/\/www.facebook.com\/uartesec\" \/>\n<meta property=\"article:published_time\" content=\"2021-08-05T21:00:00+00:00\" \/>\n<meta property=\"article:modified_time\" content=\"2024-07-04T16:26:02+00:00\" \/>\n<meta property=\"og:image\" content=\"https:\/\/www.uartes.edu.ec\/sitio\/wp-content\/uploads\/2021\/08\/PARPADEO.jpg\" \/>\n\t<meta property=\"og:image:width\" content=\"2000\" \/>\n\t<meta property=\"og:image:height\" content=\"1333\" \/>\n\t<meta property=\"og:image:type\" content=\"image\/jpeg\" \/>\n<meta name=\"author\" content=\"ccortez\" \/>\n<meta name=\"twitter:card\" content=\"summary_large_image\" \/>\n<meta name=\"twitter:creator\" content=\"@uartesec\" \/>\n<meta name=\"twitter:site\" content=\"@uartesec\" \/>\n<meta name=\"twitter:label1\" content=\"\u00c9crit par\" \/>\n\t<meta name=\"twitter:data1\" content=\"ccortez\" \/>\n\t<meta name=\"twitter:label2\" content=\"Dur\u00e9e de lecture estim\u00e9e\" \/>\n\t<meta name=\"twitter:data2\" content=\"2 minutes\" \/>\n<script type=\"application\/ld+json\" class=\"yoast-schema-graph\">{\"@context\":\"https:\\\/\\\/schema.org\",\"@graph\":[{\"@type\":\"Article\",\"@id\":\"https:\\\/\\\/www.uartes.edu.ec\\\/sitio\\\/fr\\\/blog\\\/2021\\\/08\\\/05\\\/parpadeo-alguien-pieza-interdisciplinar-creada-por-cindy-cantos-y-carolina-pepper\\\/#article\",\"isPartOf\":{\"@id\":\"https:\\\/\\\/www.uartes.edu.ec\\\/sitio\\\/fr\\\/blog\\\/2021\\\/08\\\/05\\\/parpadeo-alguien-pieza-interdisciplinar-creada-por-cindy-cantos-y-carolina-pepper\\\/\"},\"author\":{\"name\":\"ccortez\",\"@id\":\"https:\\\/\\\/www.uartes.edu.ec\\\/sitio\\\/fr\\\/#\\\/schema\\\/person\\\/efa1b8275797664fd7f13a79ccc0b1f4\"},\"headline\":\"\u201cPARPADE\u00d3, alguien\u201d, pieza interdisciplinar creada por Cindy Cantos y Carolina Pepper\",\"datePublished\":\"2021-08-05T21:00:00+00:00\",\"dateModified\":\"2024-07-04T16:26:02+00:00\",\"mainEntityOfPage\":{\"@id\":\"https:\\\/\\\/www.uartes.edu.ec\\\/sitio\\\/fr\\\/blog\\\/2021\\\/08\\\/05\\\/parpadeo-alguien-pieza-interdisciplinar-creada-por-cindy-cantos-y-carolina-pepper\\\/\"},\"wordCount\":466,\"commentCount\":0,\"publisher\":{\"@id\":\"https:\\\/\\\/www.uartes.edu.ec\\\/sitio\\\/fr\\\/#organization\"},\"image\":{\"@id\":\"https:\\\/\\\/www.uartes.edu.ec\\\/sitio\\\/fr\\\/blog\\\/2021\\\/08\\\/05\\\/parpadeo-alguien-pieza-interdisciplinar-creada-por-cindy-cantos-y-carolina-pepper\\\/#primaryimage\"},\"thumbnailUrl\":\"https:\\\/\\\/www.uartes.edu.ec\\\/sitio\\\/wp-content\\\/uploads\\\/2021\\\/08\\\/PARPADEO.jpg\",\"keywords\":[\"danza\"],\"articleSection\":[\"Artes\",\"Artes Esc\u00e9nicas\",\"Docentes\",\"Estudiantes\"],\"inLanguage\":\"fr-FR\",\"potentialAction\":[{\"@type\":\"CommentAction\",\"name\":\"Comment\",\"target\":[\"https:\\\/\\\/www.uartes.edu.ec\\\/sitio\\\/fr\\\/blog\\\/2021\\\/08\\\/05\\\/parpadeo-alguien-pieza-interdisciplinar-creada-por-cindy-cantos-y-carolina-pepper\\\/#respond\"]}]},{\"@type\":[\"WebPage\",\"ItemPage\"],\"@id\":\"https:\\\/\\\/www.uartes.edu.ec\\\/sitio\\\/fr\\\/blog\\\/2021\\\/08\\\/05\\\/parpadeo-alguien-pieza-interdisciplinar-creada-por-cindy-cantos-y-carolina-pepper\\\/\",\"url\":\"https:\\\/\\\/www.uartes.edu.ec\\\/sitio\\\/fr\\\/blog\\\/2021\\\/08\\\/05\\\/parpadeo-alguien-pieza-interdisciplinar-creada-por-cindy-cantos-y-carolina-pepper\\\/\",\"name\":\"Universidad de las Artes - \u201cPARPADE\u00d3, alguien\u201d, pieza interdisciplinar creada por Cindy Cantos y Carolina Pepper\",\"isPartOf\":{\"@id\":\"https:\\\/\\\/www.uartes.edu.ec\\\/sitio\\\/fr\\\/#website\"},\"primaryImageOfPage\":{\"@id\":\"https:\\\/\\\/www.uartes.edu.ec\\\/sitio\\\/fr\\\/blog\\\/2021\\\/08\\\/05\\\/parpadeo-alguien-pieza-interdisciplinar-creada-por-cindy-cantos-y-carolina-pepper\\\/#primaryimage\"},\"image\":{\"@id\":\"https:\\\/\\\/www.uartes.edu.ec\\\/sitio\\\/fr\\\/blog\\\/2021\\\/08\\\/05\\\/parpadeo-alguien-pieza-interdisciplinar-creada-por-cindy-cantos-y-carolina-pepper\\\/#primaryimage\"},\"thumbnailUrl\":\"https:\\\/\\\/www.uartes.edu.ec\\\/sitio\\\/wp-content\\\/uploads\\\/2021\\\/08\\\/PARPADEO.jpg\",\"datePublished\":\"2021-08-05T21:00:00+00:00\",\"dateModified\":\"2024-07-04T16:26:02+00:00\",\"description\":\"Universidad de las Artes - \u201cPARPADE\u00d3, alguien\u201d, pieza interdisciplinar creada por Cindy Cantos y Carolina Pepper\",\"breadcrumb\":{\"@id\":\"https:\\\/\\\/www.uartes.edu.ec\\\/sitio\\\/fr\\\/blog\\\/2021\\\/08\\\/05\\\/parpadeo-alguien-pieza-interdisciplinar-creada-por-cindy-cantos-y-carolina-pepper\\\/#breadcrumb\"},\"inLanguage\":\"fr-FR\",\"potentialAction\":[{\"@type\":\"ReadAction\",\"target\":[\"https:\\\/\\\/www.uartes.edu.ec\\\/sitio\\\/fr\\\/blog\\\/2021\\\/08\\\/05\\\/parpadeo-alguien-pieza-interdisciplinar-creada-por-cindy-cantos-y-carolina-pepper\\\/\"]}]},{\"@type\":\"ImageObject\",\"inLanguage\":\"fr-FR\",\"@id\":\"https:\\\/\\\/www.uartes.edu.ec\\\/sitio\\\/fr\\\/blog\\\/2021\\\/08\\\/05\\\/parpadeo-alguien-pieza-interdisciplinar-creada-por-cindy-cantos-y-carolina-pepper\\\/#primaryimage\",\"url\":\"https:\\\/\\\/www.uartes.edu.ec\\\/sitio\\\/wp-content\\\/uploads\\\/2021\\\/08\\\/PARPADEO.jpg\",\"contentUrl\":\"https:\\\/\\\/www.uartes.edu.ec\\\/sitio\\\/wp-content\\\/uploads\\\/2021\\\/08\\\/PARPADEO.jpg\",\"width\":2000,\"height\":1333},{\"@type\":\"BreadcrumbList\",\"@id\":\"https:\\\/\\\/www.uartes.edu.ec\\\/sitio\\\/fr\\\/blog\\\/2021\\\/08\\\/05\\\/parpadeo-alguien-pieza-interdisciplinar-creada-por-cindy-cantos-y-carolina-pepper\\\/#breadcrumb\",\"itemListElement\":[{\"@type\":\"ListItem\",\"position\":1,\"name\":\"Inicio\",\"item\":\"https:\\\/\\\/www.uartes.edu.ec\\\/sitio\\\/\"},{\"@type\":\"ListItem\",\"position\":2,\"name\":\"\u201cPARPADE\u00d3, alguien\u201d, pieza interdisciplinar creada por Cindy Cantos y Carolina Pepper\"}]},{\"@type\":\"WebSite\",\"@id\":\"https:\\\/\\\/www.uartes.edu.ec\\\/sitio\\\/fr\\\/#website\",\"url\":\"https:\\\/\\\/www.uartes.edu.ec\\\/sitio\\\/fr\\\/\",\"name\":\"Universidad de las Artes\",\"description\":\"Sitio oficial de la Universidad Nacional de las Artes del Ecuador\",\"publisher\":{\"@id\":\"https:\\\/\\\/www.uartes.edu.ec\\\/sitio\\\/fr\\\/#organization\"},\"potentialAction\":[{\"@type\":\"SearchAction\",\"target\":{\"@type\":\"EntryPoint\",\"urlTemplate\":\"https:\\\/\\\/www.uartes.edu.ec\\\/sitio\\\/fr\\\/?s={search_term_string}\"},\"query-input\":{\"@type\":\"PropertyValueSpecification\",\"valueRequired\":true,\"valueName\":\"search_term_string\"}}],\"inLanguage\":\"fr-FR\"},{\"@type\":\"Organization\",\"@id\":\"https:\\\/\\\/www.uartes.edu.ec\\\/sitio\\\/fr\\\/#organization\",\"name\":\"Universidad de las Artes\",\"url\":\"https:\\\/\\\/www.uartes.edu.ec\\\/sitio\\\/fr\\\/\",\"logo\":{\"@type\":\"ImageObject\",\"inLanguage\":\"fr-FR\",\"@id\":\"https:\\\/\\\/www.uartes.edu.ec\\\/sitio\\\/fr\\\/#\\\/schema\\\/logo\\\/image\\\/\",\"url\":\"https:\\\/\\\/www.uartes.edu.ec\\\/sitio\\\/wp-content\\\/uploads\\\/2022\\\/07\\\/logo-ua-horizontal.png\",\"contentUrl\":\"https:\\\/\\\/www.uartes.edu.ec\\\/sitio\\\/wp-content\\\/uploads\\\/2022\\\/07\\\/logo-ua-horizontal.png\",\"width\":800,\"height\":276,\"caption\":\"Universidad de las Artes\"},\"image\":{\"@id\":\"https:\\\/\\\/www.uartes.edu.ec\\\/sitio\\\/fr\\\/#\\\/schema\\\/logo\\\/image\\\/\"},\"sameAs\":[\"https:\\\/\\\/www.facebook.com\\\/uartesec\",\"https:\\\/\\\/x.com\\\/uartesec\",\"https:\\\/\\\/www.tiktok.com\\\/@uartesec\"]},{\"@type\":\"Person\",\"@id\":\"https:\\\/\\\/www.uartes.edu.ec\\\/sitio\\\/fr\\\/#\\\/schema\\\/person\\\/efa1b8275797664fd7f13a79ccc0b1f4\",\"name\":\"ccortez\",\"image\":{\"@type\":\"ImageObject\",\"inLanguage\":\"fr-FR\",\"@id\":\"https:\\\/\\\/secure.gravatar.com\\\/avatar\\\/b2a6f664a3ae8e074346ef91775736c5ec479e637ecced6842de9dc98b5da9cd?s=96&d=mm&r=g\",\"url\":\"https:\\\/\\\/secure.gravatar.com\\\/avatar\\\/b2a6f664a3ae8e074346ef91775736c5ec479e637ecced6842de9dc98b5da9cd?s=96&d=mm&r=g\",\"contentUrl\":\"https:\\\/\\\/secure.gravatar.com\\\/avatar\\\/b2a6f664a3ae8e074346ef91775736c5ec479e637ecced6842de9dc98b5da9cd?s=96&d=mm&r=g\",\"caption\":\"ccortez\"},\"url\":\"https:\\\/\\\/www.uartes.edu.ec\\\/sitio\\\/fr\\\/blog\\\/author\\\/ccortez\\\/\"}]}<\/script>\n<!-- \/ Yoast SEO plugin. -->","yoast_head_json":{"title":"Universidad de las Artes - \u201cPARPADE\u00d3, alguien\u201d, pieza interdisciplinar creada por Cindy Cantos y Carolina Pepper","description":"Universidad de las Artes - \u201cPARPADE\u00d3, alguien\u201d, pieza interdisciplinar creada por Cindy Cantos y Carolina Pepper","robots":{"index":"index","follow":"follow","max-snippet":"max-snippet:-1","max-image-preview":"max-image-preview:large","max-video-preview":"max-video-preview:-1"},"canonical":"https:\/\/www.uartes.edu.ec\/sitio\/fr\/blog\/2021\/08\/05\/parpadeo-alguien-pieza-interdisciplinar-creada-por-cindy-cantos-y-carolina-pepper\/","og_locale":"fr_FR","og_type":"article","og_title":"Universidad de las Artes - \u201cPARPADE\u00d3, alguien\u201d, pieza interdisciplinar creada por Cindy Cantos y Carolina Pepper","og_description":"Universidad de las Artes - \u201cPARPADE\u00d3, alguien\u201d, pieza interdisciplinar creada por Cindy Cantos y Carolina Pepper","og_url":"https:\/\/www.uartes.edu.ec\/sitio\/fr\/blog\/2021\/08\/05\/parpadeo-alguien-pieza-interdisciplinar-creada-por-cindy-cantos-y-carolina-pepper\/","og_site_name":"Universidad de las Artes","article_publisher":"https:\/\/www.facebook.com\/uartesec","article_published_time":"2021-08-05T21:00:00+00:00","article_modified_time":"2024-07-04T16:26:02+00:00","og_image":[{"width":2000,"height":1333,"url":"https:\/\/www.uartes.edu.ec\/sitio\/wp-content\/uploads\/2021\/08\/PARPADEO.jpg","type":"image\/jpeg"}],"author":"ccortez","twitter_card":"summary_large_image","twitter_creator":"@uartesec","twitter_site":"@uartesec","twitter_misc":{"\u00c9crit par":"ccortez","Dur\u00e9e de lecture estim\u00e9e":"2 minutes"},"schema":{"@context":"https:\/\/schema.org","@graph":[{"@type":"Article","@id":"https:\/\/www.uartes.edu.ec\/sitio\/fr\/blog\/2021\/08\/05\/parpadeo-alguien-pieza-interdisciplinar-creada-por-cindy-cantos-y-carolina-pepper\/#article","isPartOf":{"@id":"https:\/\/www.uartes.edu.ec\/sitio\/fr\/blog\/2021\/08\/05\/parpadeo-alguien-pieza-interdisciplinar-creada-por-cindy-cantos-y-carolina-pepper\/"},"author":{"name":"ccortez","@id":"https:\/\/www.uartes.edu.ec\/sitio\/fr\/#\/schema\/person\/efa1b8275797664fd7f13a79ccc0b1f4"},"headline":"\u201cPARPADE\u00d3, alguien\u201d, pieza interdisciplinar creada por Cindy Cantos y Carolina Pepper","datePublished":"2021-08-05T21:00:00+00:00","dateModified":"2024-07-04T16:26:02+00:00","mainEntityOfPage":{"@id":"https:\/\/www.uartes.edu.ec\/sitio\/fr\/blog\/2021\/08\/05\/parpadeo-alguien-pieza-interdisciplinar-creada-por-cindy-cantos-y-carolina-pepper\/"},"wordCount":466,"commentCount":0,"publisher":{"@id":"https:\/\/www.uartes.edu.ec\/sitio\/fr\/#organization"},"image":{"@id":"https:\/\/www.uartes.edu.ec\/sitio\/fr\/blog\/2021\/08\/05\/parpadeo-alguien-pieza-interdisciplinar-creada-por-cindy-cantos-y-carolina-pepper\/#primaryimage"},"thumbnailUrl":"https:\/\/www.uartes.edu.ec\/sitio\/wp-content\/uploads\/2021\/08\/PARPADEO.jpg","keywords":["danza"],"articleSection":["Artes","Artes Esc\u00e9nicas","Docentes","Estudiantes"],"inLanguage":"fr-FR","potentialAction":[{"@type":"CommentAction","name":"Comment","target":["https:\/\/www.uartes.edu.ec\/sitio\/fr\/blog\/2021\/08\/05\/parpadeo-alguien-pieza-interdisciplinar-creada-por-cindy-cantos-y-carolina-pepper\/#respond"]}]},{"@type":["WebPage","ItemPage"],"@id":"https:\/\/www.uartes.edu.ec\/sitio\/fr\/blog\/2021\/08\/05\/parpadeo-alguien-pieza-interdisciplinar-creada-por-cindy-cantos-y-carolina-pepper\/","url":"https:\/\/www.uartes.edu.ec\/sitio\/fr\/blog\/2021\/08\/05\/parpadeo-alguien-pieza-interdisciplinar-creada-por-cindy-cantos-y-carolina-pepper\/","name":"Universidad de las Artes - \u201cPARPADE\u00d3, alguien\u201d, pieza interdisciplinar creada por Cindy Cantos y Carolina Pepper","isPartOf":{"@id":"https:\/\/www.uartes.edu.ec\/sitio\/fr\/#website"},"primaryImageOfPage":{"@id":"https:\/\/www.uartes.edu.ec\/sitio\/fr\/blog\/2021\/08\/05\/parpadeo-alguien-pieza-interdisciplinar-creada-por-cindy-cantos-y-carolina-pepper\/#primaryimage"},"image":{"@id":"https:\/\/www.uartes.edu.ec\/sitio\/fr\/blog\/2021\/08\/05\/parpadeo-alguien-pieza-interdisciplinar-creada-por-cindy-cantos-y-carolina-pepper\/#primaryimage"},"thumbnailUrl":"https:\/\/www.uartes.edu.ec\/sitio\/wp-content\/uploads\/2021\/08\/PARPADEO.jpg","datePublished":"2021-08-05T21:00:00+00:00","dateModified":"2024-07-04T16:26:02+00:00","description":"Universidad de las Artes - \u201cPARPADE\u00d3, alguien\u201d, pieza interdisciplinar creada por Cindy Cantos y Carolina Pepper","breadcrumb":{"@id":"https:\/\/www.uartes.edu.ec\/sitio\/fr\/blog\/2021\/08\/05\/parpadeo-alguien-pieza-interdisciplinar-creada-por-cindy-cantos-y-carolina-pepper\/#breadcrumb"},"inLanguage":"fr-FR","potentialAction":[{"@type":"ReadAction","target":["https:\/\/www.uartes.edu.ec\/sitio\/fr\/blog\/2021\/08\/05\/parpadeo-alguien-pieza-interdisciplinar-creada-por-cindy-cantos-y-carolina-pepper\/"]}]},{"@type":"ImageObject","inLanguage":"fr-FR","@id":"https:\/\/www.uartes.edu.ec\/sitio\/fr\/blog\/2021\/08\/05\/parpadeo-alguien-pieza-interdisciplinar-creada-por-cindy-cantos-y-carolina-pepper\/#primaryimage","url":"https:\/\/www.uartes.edu.ec\/sitio\/wp-content\/uploads\/2021\/08\/PARPADEO.jpg","contentUrl":"https:\/\/www.uartes.edu.ec\/sitio\/wp-content\/uploads\/2021\/08\/PARPADEO.jpg","width":2000,"height":1333},{"@type":"BreadcrumbList","@id":"https:\/\/www.uartes.edu.ec\/sitio\/fr\/blog\/2021\/08\/05\/parpadeo-alguien-pieza-interdisciplinar-creada-por-cindy-cantos-y-carolina-pepper\/#breadcrumb","itemListElement":[{"@type":"ListItem","position":1,"name":"Inicio","item":"https:\/\/www.uartes.edu.ec\/sitio\/"},{"@type":"ListItem","position":2,"name":"\u201cPARPADE\u00d3, alguien\u201d, pieza interdisciplinar creada por Cindy Cantos y Carolina Pepper"}]},{"@type":"WebSite","@id":"https:\/\/www.uartes.edu.ec\/sitio\/fr\/#website","url":"https:\/\/www.uartes.edu.ec\/sitio\/fr\/","name":"Universidad de las Artes","description":"Sitio oficial de la Universidad Nacional de las Artes del Ecuador","publisher":{"@id":"https:\/\/www.uartes.edu.ec\/sitio\/fr\/#organization"},"potentialAction":[{"@type":"SearchAction","target":{"@type":"EntryPoint","urlTemplate":"https:\/\/www.uartes.edu.ec\/sitio\/fr\/?s={search_term_string}"},"query-input":{"@type":"PropertyValueSpecification","valueRequired":true,"valueName":"search_term_string"}}],"inLanguage":"fr-FR"},{"@type":"Organization","@id":"https:\/\/www.uartes.edu.ec\/sitio\/fr\/#organization","name":"Universidad de las Artes","url":"https:\/\/www.uartes.edu.ec\/sitio\/fr\/","logo":{"@type":"ImageObject","inLanguage":"fr-FR","@id":"https:\/\/www.uartes.edu.ec\/sitio\/fr\/#\/schema\/logo\/image\/","url":"https:\/\/www.uartes.edu.ec\/sitio\/wp-content\/uploads\/2022\/07\/logo-ua-horizontal.png","contentUrl":"https:\/\/www.uartes.edu.ec\/sitio\/wp-content\/uploads\/2022\/07\/logo-ua-horizontal.png","width":800,"height":276,"caption":"Universidad de las Artes"},"image":{"@id":"https:\/\/www.uartes.edu.ec\/sitio\/fr\/#\/schema\/logo\/image\/"},"sameAs":["https:\/\/www.facebook.com\/uartesec","https:\/\/x.com\/uartesec","https:\/\/www.tiktok.com\/@uartesec"]},{"@type":"Person","@id":"https:\/\/www.uartes.edu.ec\/sitio\/fr\/#\/schema\/person\/efa1b8275797664fd7f13a79ccc0b1f4","name":"ccortez","image":{"@type":"ImageObject","inLanguage":"fr-FR","@id":"https:\/\/secure.gravatar.com\/avatar\/b2a6f664a3ae8e074346ef91775736c5ec479e637ecced6842de9dc98b5da9cd?s=96&d=mm&r=g","url":"https:\/\/secure.gravatar.com\/avatar\/b2a6f664a3ae8e074346ef91775736c5ec479e637ecced6842de9dc98b5da9cd?s=96&d=mm&r=g","contentUrl":"https:\/\/secure.gravatar.com\/avatar\/b2a6f664a3ae8e074346ef91775736c5ec479e637ecced6842de9dc98b5da9cd?s=96&d=mm&r=g","caption":"ccortez"},"url":"https:\/\/www.uartes.edu.ec\/sitio\/fr\/blog\/author\/ccortez\/"}]}},"uagb_featured_image_src":{"full":["https:\/\/www.uartes.edu.ec\/sitio\/wp-content\/uploads\/2021\/08\/PARPADEO.jpg",2000,1333,false],"thumbnail":["https:\/\/www.uartes.edu.ec\/sitio\/wp-content\/uploads\/2021\/08\/PARPADEO-150x150.jpg",150,150,true],"medium":["https:\/\/www.uartes.edu.ec\/sitio\/wp-content\/uploads\/2021\/08\/PARPADEO-300x200.jpg",300,200,true],"medium_large":["https:\/\/www.uartes.edu.ec\/sitio\/wp-content\/uploads\/2021\/08\/PARPADEO-768x512.jpg",768,512,true],"large":["https:\/\/www.uartes.edu.ec\/sitio\/wp-content\/uploads\/2021\/08\/PARPADEO-644x429.jpg",644,429,true],"1536x1536":["https:\/\/www.uartes.edu.ec\/sitio\/wp-content\/uploads\/2021\/08\/PARPADEO-1536x1024.jpg",1536,1024,true],"2048x2048":["https:\/\/www.uartes.edu.ec\/sitio\/wp-content\/uploads\/2021\/08\/PARPADEO.jpg",2000,1333,false],"trp-custom-language-flag":["https:\/\/www.uartes.edu.ec\/sitio\/wp-content\/uploads\/2021\/08\/PARPADEO-16x12.jpg",16,12,true],"htmega_size_585x295":["https:\/\/www.uartes.edu.ec\/sitio\/wp-content\/uploads\/2021\/08\/PARPADEO-585x295.jpg",585,295,true],"htmega_size_1170x536":["https:\/\/www.uartes.edu.ec\/sitio\/wp-content\/uploads\/2021\/08\/PARPADEO-1170x536.jpg",1170,536,true],"htmega_size_396x360":["https:\/\/www.uartes.edu.ec\/sitio\/wp-content\/uploads\/2021\/08\/PARPADEO-396x360.jpg",396,360,true],"gb-block-post-grid-landscape":["https:\/\/www.uartes.edu.ec\/sitio\/wp-content\/uploads\/2021\/08\/PARPADEO.jpg",600,400,false],"gb-block-post-grid-square":["https:\/\/www.uartes.edu.ec\/sitio\/wp-content\/uploads\/2021\/08\/PARPADEO.jpg",600,400,false],"university-hub-thumb":["https:\/\/www.uartes.edu.ec\/sitio\/wp-content\/uploads\/2021\/08\/PARPADEO-400x267.jpg",400,267,true]},"uagb_author_info":{"display_name":"ccortez","author_link":"https:\/\/www.uartes.edu.ec\/sitio\/fr\/blog\/author\/ccortez\/"},"uagb_comment_info":0,"uagb_excerpt":"Una experiencia que desde lo corporal se expande hacia la sonoridad, lo visual y lo espacial, a cargo de las y los estudiantes del octavo semestre de la carrera de Danza de la UArtes.","featured_image_src":"https:\/\/www.uartes.edu.ec\/sitio\/wp-content\/uploads\/2021\/08\/PARPADEO.jpg","featured_image_src_square":"https:\/\/www.uartes.edu.ec\/sitio\/wp-content\/uploads\/2021\/08\/PARPADEO.jpg","author_info":{"display_name":"ccortez","author_link":"https:\/\/www.uartes.edu.ec\/sitio\/fr\/blog\/author\/ccortez\/"},"publishpress_future_workflow_manual_trigger":{"enabledWorkflows":[]},"distributor_meta":false,"distributor_terms":false,"distributor_media":false,"distributor_original_site_name":"Universidad de las Artes","distributor_original_site_url":"https:\/\/www.uartes.edu.ec\/sitio\/fr","push-errors":false,"_links":{"self":[{"href":"https:\/\/www.uartes.edu.ec\/sitio\/fr\/wp-json\/wp\/v2\/posts\/15323","targetHints":{"allow":["GET"]}}],"collection":[{"href":"https:\/\/www.uartes.edu.ec\/sitio\/fr\/wp-json\/wp\/v2\/posts"}],"about":[{"href":"https:\/\/www.uartes.edu.ec\/sitio\/fr\/wp-json\/wp\/v2\/types\/post"}],"author":[{"embeddable":true,"href":"https:\/\/www.uartes.edu.ec\/sitio\/fr\/wp-json\/wp\/v2\/users\/10"}],"replies":[{"embeddable":true,"href":"https:\/\/www.uartes.edu.ec\/sitio\/fr\/wp-json\/wp\/v2\/comments?post=15323"}],"version-history":[{"count":3,"href":"https:\/\/www.uartes.edu.ec\/sitio\/fr\/wp-json\/wp\/v2\/posts\/15323\/revisions"}],"predecessor-version":[{"id":15386,"href":"https:\/\/www.uartes.edu.ec\/sitio\/fr\/wp-json\/wp\/v2\/posts\/15323\/revisions\/15386"}],"wp:featuredmedia":[{"embeddable":true,"href":"https:\/\/www.uartes.edu.ec\/sitio\/fr\/wp-json\/wp\/v2\/media\/15356"}],"wp:attachment":[{"href":"https:\/\/www.uartes.edu.ec\/sitio\/fr\/wp-json\/wp\/v2\/media?parent=15323"}],"wp:term":[{"taxonomy":"category","embeddable":true,"href":"https:\/\/www.uartes.edu.ec\/sitio\/fr\/wp-json\/wp\/v2\/categories?post=15323"},{"taxonomy":"post_tag","embeddable":true,"href":"https:\/\/www.uartes.edu.ec\/sitio\/fr\/wp-json\/wp\/v2\/tags?post=15323"},{"taxonomy":"infouartes","embeddable":true,"href":"https:\/\/www.uartes.edu.ec\/sitio\/fr\/wp-json\/wp\/v2\/infouartes?post=15323"}],"curies":[{"name":"wp","href":"https:\/\/api.w.org\/{rel}","templated":true}]}}