{"id":15348,"date":"2021-08-05T15:38:00","date_gmt":"2021-08-05T20:38:00","guid":{"rendered":"http:\/\/www.uartes.edu.ec\/sitio\/?p=15348"},"modified":"2024-07-04T11:26:02","modified_gmt":"2024-07-04T16:26:02","slug":"aula-culturas-inicia-nuevo-ciclo-en-el-mes-dedicado-a-la-fotografia","status":"publish","type":"post","link":"https:\/\/www.uartes.edu.ec\/sitio\/fr\/blog\/2021\/08\/05\/aula-culturas-inicia-nuevo-ciclo-en-el-mes-dedicado-a-la-fotografia\/","title":{"rendered":"Aula Cultura(s) inicia nuevo ciclo en el mes dedicado a la fotograf\u00eda"},"content":{"rendered":"<p>Con la charla \u201cLa pr\u00e1ctica fotogr\u00e1fica en el Ecuador\u201d, el espacio Aula Cultura(s) dar\u00e1 inicio este viernes 6 de agosto de 2021 a su tercer ciclo de di\u00e1logos. Participar\u00e1n como invitados Yinna Higuera y Rafael Idrovo, presidenta y director de la Asociaci\u00f3n de Fot\u00f3grafos Ecuatorianos. Ellos reflexionar\u00e1n con la doctora Diana Medina, directora de la Escuela de Posgrado de la Universidad de las Artes, sobre los resultados del Segundo Censo Nacional de Fotograf\u00eda.<\/p>\n\n\n\n<p>Aula Cultura(s) es un espacio de interacci\u00f3n reflexiva y formativa propuesto por la Escuela de Posgrado de la UArtes en este 2021, denominado por la UNESCO como el a\u00f1o de la&nbsp;Econom\u00eda Creativa para la Sostenibilidad. La modalidad de sus jornadas es online, a trav\u00e9s de Zoom y Facebook Life, con frecuencia los viernes de cada mes, a partir de las 16:00 (hora local). Son invitados como ponentes destacados\/as\/es personalidades, nacionales e internacionales, en las \u00e1reas de investigaci\u00f3n, pr\u00e1cticas y gesti\u00f3n sobre la cultura y las artes en general.<\/p>\n\n\n\n<p>Siendo agosto el mes de la fotograf\u00eda, Aula Cultura(s) ha programado tener como panelistas a especialistas y profesionales en ese \u00e1mbito. El invitado del viernes 13 ser\u00e1 el mexicano Pedro Meyer, reconocido tanto por sus provocativas y poderosas im\u00e1genes, como por su labor de pionero de la fotograf\u00eda contempor\u00e1nea en la era de la imagen digital. Las fotograf\u00edas de este tambi\u00e9n curador, editor, fundador y director del portal web&nbsp;<a href=\"http:\/\/zonezero.com\/\" target=\"_blank\" rel=\"noreferrer noopener\">ZoneZero<\/a> cuestionan de manera consistente los l\u00edmites entre la verdad, la ficci\u00f3n y la realidad. Su trabajo ha sido presentado en m\u00e1s de 260 exhibiciones en museos y galer\u00edas del mundo. En el di\u00e1logo con Meyer, Diana Medina estar\u00e1 acompa\u00f1ada por Yinna Higuera.<\/p>\n\n\n\n<p>El invitado del 20 de agosto ser\u00e1 Jes\u00fas Abad Colorado, fotoperiodista colombiano que ha centrado su trabajo en los derechos humanos y el conflicto armado de su pa\u00eds, el cual, seg\u00fan se detalla en su hoja de vida, ha recorrido incansablemente para documentar el sufrimiento de las v\u00edctimas de la guerra.<\/p>\n\n\n\n<p>Acerca de los dos ciclos que Aula Cultura(s) ya ha realizado, InfoUArtes solicit\u00f3 a su moderadora hacer un balance de los di\u00e1logos mantenidos, que compartiera la experiencia de esta propuesta de interacci\u00f3n reflexiva y diera a conocer las reacciones y los impactos que ha tenido en la audiencia. La doctora Diana Medina revel\u00f3 que est\u00e1 siendo muy bien recibido y comentado, que las charlas han respondido sin excepci\u00f3n al sentido del aula como espacio de di\u00e1logo, de conversaci\u00f3n y de reconocimiento de los aportes y trabajos de investigaci\u00f3n, de gesti\u00f3n y art\u00edsticos de nuestros\/as invitadas\/os, considerando sus lineamientos te\u00f3ricos, est\u00e9ticos, sus posturas de intervenci\u00f3n y de trabajo en, desde y sobre las artes.<\/p>\n\n\n\n<p>Tambi\u00e9n indic\u00f3 que en el marco del convenio que la UArtes y la Asociaci\u00f3n de Fot\u00f3grafos Ecuatorianos firmaron el pasado mes de abril, como directora de la Escuela de Posgrado y dise\u00f1adora del plan de Aula Cultura(s) decidi\u00f3 invitar a quienes est\u00e1n al frente de esa organizaci\u00f3n nacional. \u201cYinna Higuera ha sido muy receptiva y estamos en constante contacto para concretar proyectos entre ambas instituciones. Fue gracias a su gesti\u00f3n que se logr\u00f3 traer a nuestros espacios a Pedro Meyer y a Jes\u00fas Abad, por ejemplo\u201d.<\/p>\n\n\n\n<p>Indic\u00f3 que Higuera le propuso comentar el censo elaborado por la asociaci\u00f3n, el cual permite conocer cu\u00e1ntos, qui\u00e9nes y d\u00f3nde est\u00e1n los\/las fot\u00f3grafos\/as de Ecuador, quienes conforman un nutrido grupo de expertos y profesionales.<\/p>\n\n\n\n<p>Al Aula Cultura(s) han asistido Graciela Montaldo, Mar\u00eda Teresa Vera Rojas, Diego Falcon\u00ed Tellez, Alejandro Cevallos, Lennyn Santacruz y Xavier Andrade; es decir, expertos\/as investigadores y\/o gestores interesados en comprender, analizar y\/o dise\u00f1ar procesos y estrategias art\u00edsticos y culturales de las sociedades.<\/p>\n\n\n\n<p><strong>Escuela de Posgrado, organizadora de las charlas<br><\/strong>Aula Cultura(s) nace de la Escuela de Posgrado de la UArtes concebida como un lugar de di\u00e1logo cr\u00edtico que se propone, juntos con sus invitados y la audiencia, reflexionar en que siempre el arte y los fen\u00f3menos&nbsp;culturales han permitido no solo la creaci\u00f3n de nuevos modos de pensar y mirar el entorno facilitando la vida misma, sino, adem\u00e1s, han sido espacios de recreaci\u00f3n \u2013en su sentido de ocio y de volver a mirar y repensar figuras, obras, conceptos, artistas, etc.\u2013 que marcaron hitos en el pasado y los que volvemos para resignificar de nuevo nuestros presentes.<\/p>\n\n\n\n<p>La Escuela de Posgrado de la Universidad de las Artes cuenta con cuatro maestr\u00edas: Pol\u00edticas Culturales y Gesti\u00f3n de las Artes, Fotograf\u00eda y Sociedad en Am\u00e9rica Latina, Escritura Creativa y Composici\u00f3n Musical y Artes Sonoras.<\/p>\n\n\n\n<p>En este momento se encuentra en el proceso de admisi\u00f3n para los programas de Maestr\u00eda en Fotograf\u00eda y Sociedad en Am\u00e9rica Latina y <a href=\"http:\/\/www.uartes.edu.ec\/sitio\/la-universidad\/posgrado\/maestria-en-politicas-culturales-y-gestion-de-las-artes\/\">Pol\u00edticas Culturales y Gesti\u00f3n de las Artes<\/a>.<\/p>\n\n\n\n<p>Link:&nbsp;<a href=\"http:\/\/www.uartes.edu.ec\/sitio\/la-universidad\/posgrado\/admisiones-posgrados\/#contactanos\" target=\"_blank\" rel=\"noreferrer noopener\">http:\/\/www.uartes.edu.ec\/sitio\/la-universidad\/posgrado\/admisiones-posgrados\/#contactanos<\/a><\/p>","protected":false},"excerpt":{"rendered":"<p>Con la charla \u201cLa pr\u00e1ctica fotogr\u00e1fica en el Ecuador\u201d, el espacio Aula Cultura(s) dar\u00e1 inicio este viernes 6 de agosto de 2021 a su tercer ciclo de di\u00e1logos. Participar\u00e1n como invitados Yinna Higuera y Rafael Idrovo, presidenta y director de la Asociaci\u00f3n de Fot\u00f3grafos Ecuatorianos. Ellos reflexionar\u00e1n con la doctora Diana Medina, directora de la Escuela de Posgrado de la Universidad de las Artes, sobre los resultados del Segundo Censo Nacional de Fotograf\u00eda.<\/p>","protected":false},"author":10,"featured_media":15352,"comment_status":"open","ping_status":"open","sticky":false,"template":"","format":"standard","meta":{"_acf_changed":false,"_uag_custom_page_level_css":"","_monsterinsights_skip_tracking":false,"_monsterinsights_sitenote_active":false,"_monsterinsights_sitenote_note":"","_monsterinsights_sitenote_category":0,"cybocfi_hide_featured_image":"","footnotes":""},"categories":[80,75,264],"tags":[427],"infouartes":[],"class_list":["post-15348","post","type-post","status-publish","format-standard","has-post-thumbnail","hentry","category-academico","category-docentes","category-maestrias","tag-fotografia-y-sociedad-en-america-latina"],"acf":[],"yoast_head":"<!-- This site is optimized with the Yoast SEO plugin v27.4 - https:\/\/yoast.com\/product\/yoast-seo-wordpress\/ -->\n<title>Universidad de las Artes - Aula Cultura(s) inicia nuevo ciclo en el mes dedicado a la fotograf\u00eda<\/title>\n<meta name=\"description\" content=\"Universidad de las Artes - Aula Cultura(s) inicia nuevo ciclo en el mes dedicado a la fotograf\u00eda\" \/>\n<meta name=\"robots\" content=\"index, follow, max-snippet:-1, max-image-preview:large, max-video-preview:-1\" \/>\n<link rel=\"canonical\" href=\"https:\/\/www.uartes.edu.ec\/sitio\/fr\/blog\/2021\/08\/05\/aula-culturas-inicia-nuevo-ciclo-en-el-mes-dedicado-a-la-fotografia\/\" \/>\n<meta property=\"og:locale\" content=\"fr_FR\" \/>\n<meta property=\"og:type\" content=\"article\" \/>\n<meta property=\"og:title\" content=\"Universidad de las Artes - Aula Cultura(s) inicia nuevo ciclo en el mes dedicado a la fotograf\u00eda\" \/>\n<meta property=\"og:description\" content=\"Universidad de las Artes - Aula Cultura(s) inicia nuevo ciclo en el mes dedicado a la fotograf\u00eda\" \/>\n<meta property=\"og:url\" content=\"https:\/\/www.uartes.edu.ec\/sitio\/fr\/blog\/2021\/08\/05\/aula-culturas-inicia-nuevo-ciclo-en-el-mes-dedicado-a-la-fotografia\/\" \/>\n<meta property=\"og:site_name\" content=\"Universidad de las Artes\" \/>\n<meta property=\"article:publisher\" content=\"https:\/\/www.facebook.com\/uartesec\" \/>\n<meta property=\"article:published_time\" content=\"2021-08-05T20:38:00+00:00\" \/>\n<meta property=\"article:modified_time\" content=\"2024-07-04T16:26:02+00:00\" \/>\n<meta property=\"og:image\" content=\"https:\/\/www.uartes.edu.ec\/sitio\/wp-content\/uploads\/2021\/08\/AULA-CULTURA.jpg\" \/>\n\t<meta property=\"og:image:width\" content=\"2000\" \/>\n\t<meta property=\"og:image:height\" content=\"1333\" \/>\n\t<meta property=\"og:image:type\" content=\"image\/jpeg\" \/>\n<meta name=\"author\" content=\"ccortez\" \/>\n<meta name=\"twitter:card\" content=\"summary_large_image\" \/>\n<meta name=\"twitter:creator\" content=\"@uartesec\" \/>\n<meta name=\"twitter:site\" content=\"@uartesec\" \/>\n<meta name=\"twitter:label1\" content=\"\u00c9crit par\" \/>\n\t<meta name=\"twitter:data1\" content=\"ccortez\" \/>\n\t<meta name=\"twitter:label2\" content=\"Dur\u00e9e de lecture estim\u00e9e\" \/>\n\t<meta name=\"twitter:data2\" content=\"4 minutes\" \/>\n<script type=\"application\/ld+json\" class=\"yoast-schema-graph\">{\"@context\":\"https:\\\/\\\/schema.org\",\"@graph\":[{\"@type\":\"Article\",\"@id\":\"https:\\\/\\\/www.uartes.edu.ec\\\/sitio\\\/fr\\\/blog\\\/2021\\\/08\\\/05\\\/aula-culturas-inicia-nuevo-ciclo-en-el-mes-dedicado-a-la-fotografia\\\/#article\",\"isPartOf\":{\"@id\":\"https:\\\/\\\/www.uartes.edu.ec\\\/sitio\\\/fr\\\/blog\\\/2021\\\/08\\\/05\\\/aula-culturas-inicia-nuevo-ciclo-en-el-mes-dedicado-a-la-fotografia\\\/\"},\"author\":{\"name\":\"ccortez\",\"@id\":\"https:\\\/\\\/www.uartes.edu.ec\\\/sitio\\\/fr\\\/#\\\/schema\\\/person\\\/efa1b8275797664fd7f13a79ccc0b1f4\"},\"headline\":\"Aula Cultura(s) inicia nuevo ciclo en el mes dedicado a la fotograf\u00eda\",\"datePublished\":\"2021-08-05T20:38:00+00:00\",\"dateModified\":\"2024-07-04T16:26:02+00:00\",\"mainEntityOfPage\":{\"@id\":\"https:\\\/\\\/www.uartes.edu.ec\\\/sitio\\\/fr\\\/blog\\\/2021\\\/08\\\/05\\\/aula-culturas-inicia-nuevo-ciclo-en-el-mes-dedicado-a-la-fotografia\\\/\"},\"wordCount\":884,\"commentCount\":0,\"publisher\":{\"@id\":\"https:\\\/\\\/www.uartes.edu.ec\\\/sitio\\\/fr\\\/#organization\"},\"image\":{\"@id\":\"https:\\\/\\\/www.uartes.edu.ec\\\/sitio\\\/fr\\\/blog\\\/2021\\\/08\\\/05\\\/aula-culturas-inicia-nuevo-ciclo-en-el-mes-dedicado-a-la-fotografia\\\/#primaryimage\"},\"thumbnailUrl\":\"https:\\\/\\\/www.uartes.edu.ec\\\/sitio\\\/wp-content\\\/uploads\\\/2021\\\/08\\\/AULA-CULTURA.jpg\",\"keywords\":[\"Fotograf\u00eda y Sociedad en Am\u00e9rica Latina\"],\"articleSection\":[\"Acad\u00e9mico\",\"Docentes\",\"Maestr\u00edas\"],\"inLanguage\":\"fr-FR\",\"potentialAction\":[{\"@type\":\"CommentAction\",\"name\":\"Comment\",\"target\":[\"https:\\\/\\\/www.uartes.edu.ec\\\/sitio\\\/fr\\\/blog\\\/2021\\\/08\\\/05\\\/aula-culturas-inicia-nuevo-ciclo-en-el-mes-dedicado-a-la-fotografia\\\/#respond\"]}]},{\"@type\":[\"WebPage\",\"ItemPage\"],\"@id\":\"https:\\\/\\\/www.uartes.edu.ec\\\/sitio\\\/fr\\\/blog\\\/2021\\\/08\\\/05\\\/aula-culturas-inicia-nuevo-ciclo-en-el-mes-dedicado-a-la-fotografia\\\/\",\"url\":\"https:\\\/\\\/www.uartes.edu.ec\\\/sitio\\\/fr\\\/blog\\\/2021\\\/08\\\/05\\\/aula-culturas-inicia-nuevo-ciclo-en-el-mes-dedicado-a-la-fotografia\\\/\",\"name\":\"Universidad de las Artes - Aula Cultura(s) inicia nuevo ciclo en el mes dedicado a la fotograf\u00eda\",\"isPartOf\":{\"@id\":\"https:\\\/\\\/www.uartes.edu.ec\\\/sitio\\\/fr\\\/#website\"},\"primaryImageOfPage\":{\"@id\":\"https:\\\/\\\/www.uartes.edu.ec\\\/sitio\\\/fr\\\/blog\\\/2021\\\/08\\\/05\\\/aula-culturas-inicia-nuevo-ciclo-en-el-mes-dedicado-a-la-fotografia\\\/#primaryimage\"},\"image\":{\"@id\":\"https:\\\/\\\/www.uartes.edu.ec\\\/sitio\\\/fr\\\/blog\\\/2021\\\/08\\\/05\\\/aula-culturas-inicia-nuevo-ciclo-en-el-mes-dedicado-a-la-fotografia\\\/#primaryimage\"},\"thumbnailUrl\":\"https:\\\/\\\/www.uartes.edu.ec\\\/sitio\\\/wp-content\\\/uploads\\\/2021\\\/08\\\/AULA-CULTURA.jpg\",\"datePublished\":\"2021-08-05T20:38:00+00:00\",\"dateModified\":\"2024-07-04T16:26:02+00:00\",\"description\":\"Universidad de las Artes - Aula Cultura(s) inicia nuevo ciclo en el mes dedicado a la fotograf\u00eda\",\"breadcrumb\":{\"@id\":\"https:\\\/\\\/www.uartes.edu.ec\\\/sitio\\\/fr\\\/blog\\\/2021\\\/08\\\/05\\\/aula-culturas-inicia-nuevo-ciclo-en-el-mes-dedicado-a-la-fotografia\\\/#breadcrumb\"},\"inLanguage\":\"fr-FR\",\"potentialAction\":[{\"@type\":\"ReadAction\",\"target\":[\"https:\\\/\\\/www.uartes.edu.ec\\\/sitio\\\/fr\\\/blog\\\/2021\\\/08\\\/05\\\/aula-culturas-inicia-nuevo-ciclo-en-el-mes-dedicado-a-la-fotografia\\\/\"]}]},{\"@type\":\"ImageObject\",\"inLanguage\":\"fr-FR\",\"@id\":\"https:\\\/\\\/www.uartes.edu.ec\\\/sitio\\\/fr\\\/blog\\\/2021\\\/08\\\/05\\\/aula-culturas-inicia-nuevo-ciclo-en-el-mes-dedicado-a-la-fotografia\\\/#primaryimage\",\"url\":\"https:\\\/\\\/www.uartes.edu.ec\\\/sitio\\\/wp-content\\\/uploads\\\/2021\\\/08\\\/AULA-CULTURA.jpg\",\"contentUrl\":\"https:\\\/\\\/www.uartes.edu.ec\\\/sitio\\\/wp-content\\\/uploads\\\/2021\\\/08\\\/AULA-CULTURA.jpg\",\"width\":2000,\"height\":1333},{\"@type\":\"BreadcrumbList\",\"@id\":\"https:\\\/\\\/www.uartes.edu.ec\\\/sitio\\\/fr\\\/blog\\\/2021\\\/08\\\/05\\\/aula-culturas-inicia-nuevo-ciclo-en-el-mes-dedicado-a-la-fotografia\\\/#breadcrumb\",\"itemListElement\":[{\"@type\":\"ListItem\",\"position\":1,\"name\":\"Inicio\",\"item\":\"https:\\\/\\\/www.uartes.edu.ec\\\/sitio\\\/\"},{\"@type\":\"ListItem\",\"position\":2,\"name\":\"Aula Cultura(s) inicia nuevo ciclo en el mes dedicado a la fotograf\u00eda\"}]},{\"@type\":\"WebSite\",\"@id\":\"https:\\\/\\\/www.uartes.edu.ec\\\/sitio\\\/fr\\\/#website\",\"url\":\"https:\\\/\\\/www.uartes.edu.ec\\\/sitio\\\/fr\\\/\",\"name\":\"Universidad de las Artes\",\"description\":\"Sitio oficial de la Universidad Nacional de las Artes del Ecuador\",\"publisher\":{\"@id\":\"https:\\\/\\\/www.uartes.edu.ec\\\/sitio\\\/fr\\\/#organization\"},\"potentialAction\":[{\"@type\":\"SearchAction\",\"target\":{\"@type\":\"EntryPoint\",\"urlTemplate\":\"https:\\\/\\\/www.uartes.edu.ec\\\/sitio\\\/fr\\\/?s={search_term_string}\"},\"query-input\":{\"@type\":\"PropertyValueSpecification\",\"valueRequired\":true,\"valueName\":\"search_term_string\"}}],\"inLanguage\":\"fr-FR\"},{\"@type\":\"Organization\",\"@id\":\"https:\\\/\\\/www.uartes.edu.ec\\\/sitio\\\/fr\\\/#organization\",\"name\":\"Universidad de las Artes\",\"url\":\"https:\\\/\\\/www.uartes.edu.ec\\\/sitio\\\/fr\\\/\",\"logo\":{\"@type\":\"ImageObject\",\"inLanguage\":\"fr-FR\",\"@id\":\"https:\\\/\\\/www.uartes.edu.ec\\\/sitio\\\/fr\\\/#\\\/schema\\\/logo\\\/image\\\/\",\"url\":\"https:\\\/\\\/www.uartes.edu.ec\\\/sitio\\\/wp-content\\\/uploads\\\/2022\\\/07\\\/logo-ua-horizontal.png\",\"contentUrl\":\"https:\\\/\\\/www.uartes.edu.ec\\\/sitio\\\/wp-content\\\/uploads\\\/2022\\\/07\\\/logo-ua-horizontal.png\",\"width\":800,\"height\":276,\"caption\":\"Universidad de las Artes\"},\"image\":{\"@id\":\"https:\\\/\\\/www.uartes.edu.ec\\\/sitio\\\/fr\\\/#\\\/schema\\\/logo\\\/image\\\/\"},\"sameAs\":[\"https:\\\/\\\/www.facebook.com\\\/uartesec\",\"https:\\\/\\\/x.com\\\/uartesec\",\"https:\\\/\\\/www.tiktok.com\\\/@uartesec\"]},{\"@type\":\"Person\",\"@id\":\"https:\\\/\\\/www.uartes.edu.ec\\\/sitio\\\/fr\\\/#\\\/schema\\\/person\\\/efa1b8275797664fd7f13a79ccc0b1f4\",\"name\":\"ccortez\",\"image\":{\"@type\":\"ImageObject\",\"inLanguage\":\"fr-FR\",\"@id\":\"https:\\\/\\\/secure.gravatar.com\\\/avatar\\\/b2a6f664a3ae8e074346ef91775736c5ec479e637ecced6842de9dc98b5da9cd?s=96&d=mm&r=g\",\"url\":\"https:\\\/\\\/secure.gravatar.com\\\/avatar\\\/b2a6f664a3ae8e074346ef91775736c5ec479e637ecced6842de9dc98b5da9cd?s=96&d=mm&r=g\",\"contentUrl\":\"https:\\\/\\\/secure.gravatar.com\\\/avatar\\\/b2a6f664a3ae8e074346ef91775736c5ec479e637ecced6842de9dc98b5da9cd?s=96&d=mm&r=g\",\"caption\":\"ccortez\"},\"url\":\"https:\\\/\\\/www.uartes.edu.ec\\\/sitio\\\/fr\\\/blog\\\/author\\\/ccortez\\\/\"}]}<\/script>\n<!-- \/ Yoast SEO plugin. -->","yoast_head_json":{"title":"Universidad de las Artes - Aula Cultura(s) inicia nuevo ciclo en el mes dedicado a la fotograf\u00eda","description":"Universidad de las Artes - Aula Cultura(s) inicia nuevo ciclo en el mes dedicado a la fotograf\u00eda","robots":{"index":"index","follow":"follow","max-snippet":"max-snippet:-1","max-image-preview":"max-image-preview:large","max-video-preview":"max-video-preview:-1"},"canonical":"https:\/\/www.uartes.edu.ec\/sitio\/fr\/blog\/2021\/08\/05\/aula-culturas-inicia-nuevo-ciclo-en-el-mes-dedicado-a-la-fotografia\/","og_locale":"fr_FR","og_type":"article","og_title":"Universidad de las Artes - Aula Cultura(s) inicia nuevo ciclo en el mes dedicado a la fotograf\u00eda","og_description":"Universidad de las Artes - Aula Cultura(s) inicia nuevo ciclo en el mes dedicado a la fotograf\u00eda","og_url":"https:\/\/www.uartes.edu.ec\/sitio\/fr\/blog\/2021\/08\/05\/aula-culturas-inicia-nuevo-ciclo-en-el-mes-dedicado-a-la-fotografia\/","og_site_name":"Universidad de las Artes","article_publisher":"https:\/\/www.facebook.com\/uartesec","article_published_time":"2021-08-05T20:38:00+00:00","article_modified_time":"2024-07-04T16:26:02+00:00","og_image":[{"width":2000,"height":1333,"url":"https:\/\/www.uartes.edu.ec\/sitio\/wp-content\/uploads\/2021\/08\/AULA-CULTURA.jpg","type":"image\/jpeg"}],"author":"ccortez","twitter_card":"summary_large_image","twitter_creator":"@uartesec","twitter_site":"@uartesec","twitter_misc":{"\u00c9crit par":"ccortez","Dur\u00e9e de lecture estim\u00e9e":"4 minutes"},"schema":{"@context":"https:\/\/schema.org","@graph":[{"@type":"Article","@id":"https:\/\/www.uartes.edu.ec\/sitio\/fr\/blog\/2021\/08\/05\/aula-culturas-inicia-nuevo-ciclo-en-el-mes-dedicado-a-la-fotografia\/#article","isPartOf":{"@id":"https:\/\/www.uartes.edu.ec\/sitio\/fr\/blog\/2021\/08\/05\/aula-culturas-inicia-nuevo-ciclo-en-el-mes-dedicado-a-la-fotografia\/"},"author":{"name":"ccortez","@id":"https:\/\/www.uartes.edu.ec\/sitio\/fr\/#\/schema\/person\/efa1b8275797664fd7f13a79ccc0b1f4"},"headline":"Aula Cultura(s) inicia nuevo ciclo en el mes dedicado a la fotograf\u00eda","datePublished":"2021-08-05T20:38:00+00:00","dateModified":"2024-07-04T16:26:02+00:00","mainEntityOfPage":{"@id":"https:\/\/www.uartes.edu.ec\/sitio\/fr\/blog\/2021\/08\/05\/aula-culturas-inicia-nuevo-ciclo-en-el-mes-dedicado-a-la-fotografia\/"},"wordCount":884,"commentCount":0,"publisher":{"@id":"https:\/\/www.uartes.edu.ec\/sitio\/fr\/#organization"},"image":{"@id":"https:\/\/www.uartes.edu.ec\/sitio\/fr\/blog\/2021\/08\/05\/aula-culturas-inicia-nuevo-ciclo-en-el-mes-dedicado-a-la-fotografia\/#primaryimage"},"thumbnailUrl":"https:\/\/www.uartes.edu.ec\/sitio\/wp-content\/uploads\/2021\/08\/AULA-CULTURA.jpg","keywords":["Fotograf\u00eda y Sociedad en Am\u00e9rica Latina"],"articleSection":["Acad\u00e9mico","Docentes","Maestr\u00edas"],"inLanguage":"fr-FR","potentialAction":[{"@type":"CommentAction","name":"Comment","target":["https:\/\/www.uartes.edu.ec\/sitio\/fr\/blog\/2021\/08\/05\/aula-culturas-inicia-nuevo-ciclo-en-el-mes-dedicado-a-la-fotografia\/#respond"]}]},{"@type":["WebPage","ItemPage"],"@id":"https:\/\/www.uartes.edu.ec\/sitio\/fr\/blog\/2021\/08\/05\/aula-culturas-inicia-nuevo-ciclo-en-el-mes-dedicado-a-la-fotografia\/","url":"https:\/\/www.uartes.edu.ec\/sitio\/fr\/blog\/2021\/08\/05\/aula-culturas-inicia-nuevo-ciclo-en-el-mes-dedicado-a-la-fotografia\/","name":"Universidad de las Artes - Aula Cultura(s) inicia nuevo ciclo en el mes dedicado a la fotograf\u00eda","isPartOf":{"@id":"https:\/\/www.uartes.edu.ec\/sitio\/fr\/#website"},"primaryImageOfPage":{"@id":"https:\/\/www.uartes.edu.ec\/sitio\/fr\/blog\/2021\/08\/05\/aula-culturas-inicia-nuevo-ciclo-en-el-mes-dedicado-a-la-fotografia\/#primaryimage"},"image":{"@id":"https:\/\/www.uartes.edu.ec\/sitio\/fr\/blog\/2021\/08\/05\/aula-culturas-inicia-nuevo-ciclo-en-el-mes-dedicado-a-la-fotografia\/#primaryimage"},"thumbnailUrl":"https:\/\/www.uartes.edu.ec\/sitio\/wp-content\/uploads\/2021\/08\/AULA-CULTURA.jpg","datePublished":"2021-08-05T20:38:00+00:00","dateModified":"2024-07-04T16:26:02+00:00","description":"Universidad de las Artes - Aula Cultura(s) inicia nuevo ciclo en el mes dedicado a la fotograf\u00eda","breadcrumb":{"@id":"https:\/\/www.uartes.edu.ec\/sitio\/fr\/blog\/2021\/08\/05\/aula-culturas-inicia-nuevo-ciclo-en-el-mes-dedicado-a-la-fotografia\/#breadcrumb"},"inLanguage":"fr-FR","potentialAction":[{"@type":"ReadAction","target":["https:\/\/www.uartes.edu.ec\/sitio\/fr\/blog\/2021\/08\/05\/aula-culturas-inicia-nuevo-ciclo-en-el-mes-dedicado-a-la-fotografia\/"]}]},{"@type":"ImageObject","inLanguage":"fr-FR","@id":"https:\/\/www.uartes.edu.ec\/sitio\/fr\/blog\/2021\/08\/05\/aula-culturas-inicia-nuevo-ciclo-en-el-mes-dedicado-a-la-fotografia\/#primaryimage","url":"https:\/\/www.uartes.edu.ec\/sitio\/wp-content\/uploads\/2021\/08\/AULA-CULTURA.jpg","contentUrl":"https:\/\/www.uartes.edu.ec\/sitio\/wp-content\/uploads\/2021\/08\/AULA-CULTURA.jpg","width":2000,"height":1333},{"@type":"BreadcrumbList","@id":"https:\/\/www.uartes.edu.ec\/sitio\/fr\/blog\/2021\/08\/05\/aula-culturas-inicia-nuevo-ciclo-en-el-mes-dedicado-a-la-fotografia\/#breadcrumb","itemListElement":[{"@type":"ListItem","position":1,"name":"Inicio","item":"https:\/\/www.uartes.edu.ec\/sitio\/"},{"@type":"ListItem","position":2,"name":"Aula Cultura(s) inicia nuevo ciclo en el mes dedicado a la fotograf\u00eda"}]},{"@type":"WebSite","@id":"https:\/\/www.uartes.edu.ec\/sitio\/fr\/#website","url":"https:\/\/www.uartes.edu.ec\/sitio\/fr\/","name":"Universidad de las Artes","description":"Sitio oficial de la Universidad Nacional de las Artes del Ecuador","publisher":{"@id":"https:\/\/www.uartes.edu.ec\/sitio\/fr\/#organization"},"potentialAction":[{"@type":"SearchAction","target":{"@type":"EntryPoint","urlTemplate":"https:\/\/www.uartes.edu.ec\/sitio\/fr\/?s={search_term_string}"},"query-input":{"@type":"PropertyValueSpecification","valueRequired":true,"valueName":"search_term_string"}}],"inLanguage":"fr-FR"},{"@type":"Organization","@id":"https:\/\/www.uartes.edu.ec\/sitio\/fr\/#organization","name":"Universidad de las Artes","url":"https:\/\/www.uartes.edu.ec\/sitio\/fr\/","logo":{"@type":"ImageObject","inLanguage":"fr-FR","@id":"https:\/\/www.uartes.edu.ec\/sitio\/fr\/#\/schema\/logo\/image\/","url":"https:\/\/www.uartes.edu.ec\/sitio\/wp-content\/uploads\/2022\/07\/logo-ua-horizontal.png","contentUrl":"https:\/\/www.uartes.edu.ec\/sitio\/wp-content\/uploads\/2022\/07\/logo-ua-horizontal.png","width":800,"height":276,"caption":"Universidad de las Artes"},"image":{"@id":"https:\/\/www.uartes.edu.ec\/sitio\/fr\/#\/schema\/logo\/image\/"},"sameAs":["https:\/\/www.facebook.com\/uartesec","https:\/\/x.com\/uartesec","https:\/\/www.tiktok.com\/@uartesec"]},{"@type":"Person","@id":"https:\/\/www.uartes.edu.ec\/sitio\/fr\/#\/schema\/person\/efa1b8275797664fd7f13a79ccc0b1f4","name":"ccortez","image":{"@type":"ImageObject","inLanguage":"fr-FR","@id":"https:\/\/secure.gravatar.com\/avatar\/b2a6f664a3ae8e074346ef91775736c5ec479e637ecced6842de9dc98b5da9cd?s=96&d=mm&r=g","url":"https:\/\/secure.gravatar.com\/avatar\/b2a6f664a3ae8e074346ef91775736c5ec479e637ecced6842de9dc98b5da9cd?s=96&d=mm&r=g","contentUrl":"https:\/\/secure.gravatar.com\/avatar\/b2a6f664a3ae8e074346ef91775736c5ec479e637ecced6842de9dc98b5da9cd?s=96&d=mm&r=g","caption":"ccortez"},"url":"https:\/\/www.uartes.edu.ec\/sitio\/fr\/blog\/author\/ccortez\/"}]}},"uagb_featured_image_src":{"full":["https:\/\/www.uartes.edu.ec\/sitio\/wp-content\/uploads\/2021\/08\/AULA-CULTURA.jpg",2000,1333,false],"thumbnail":["https:\/\/www.uartes.edu.ec\/sitio\/wp-content\/uploads\/2021\/08\/AULA-CULTURA-150x150.jpg",150,150,true],"medium":["https:\/\/www.uartes.edu.ec\/sitio\/wp-content\/uploads\/2021\/08\/AULA-CULTURA-300x200.jpg",300,200,true],"medium_large":["https:\/\/www.uartes.edu.ec\/sitio\/wp-content\/uploads\/2021\/08\/AULA-CULTURA-768x512.jpg",768,512,true],"large":["https:\/\/www.uartes.edu.ec\/sitio\/wp-content\/uploads\/2021\/08\/AULA-CULTURA-644x429.jpg",644,429,true],"1536x1536":["https:\/\/www.uartes.edu.ec\/sitio\/wp-content\/uploads\/2021\/08\/AULA-CULTURA-1536x1024.jpg",1536,1024,true],"2048x2048":["https:\/\/www.uartes.edu.ec\/sitio\/wp-content\/uploads\/2021\/08\/AULA-CULTURA.jpg",2000,1333,false],"trp-custom-language-flag":["https:\/\/www.uartes.edu.ec\/sitio\/wp-content\/uploads\/2021\/08\/AULA-CULTURA-16x12.jpg",16,12,true],"htmega_size_585x295":["https:\/\/www.uartes.edu.ec\/sitio\/wp-content\/uploads\/2021\/08\/AULA-CULTURA-585x295.jpg",585,295,true],"htmega_size_1170x536":["https:\/\/www.uartes.edu.ec\/sitio\/wp-content\/uploads\/2021\/08\/AULA-CULTURA-1170x536.jpg",1170,536,true],"htmega_size_396x360":["https:\/\/www.uartes.edu.ec\/sitio\/wp-content\/uploads\/2021\/08\/AULA-CULTURA-396x360.jpg",396,360,true],"gb-block-post-grid-landscape":["https:\/\/www.uartes.edu.ec\/sitio\/wp-content\/uploads\/2021\/08\/AULA-CULTURA.jpg",600,400,false],"gb-block-post-grid-square":["https:\/\/www.uartes.edu.ec\/sitio\/wp-content\/uploads\/2021\/08\/AULA-CULTURA.jpg",600,400,false],"university-hub-thumb":["https:\/\/www.uartes.edu.ec\/sitio\/wp-content\/uploads\/2021\/08\/AULA-CULTURA-400x267.jpg",400,267,true]},"uagb_author_info":{"display_name":"ccortez","author_link":"https:\/\/www.uartes.edu.ec\/sitio\/fr\/blog\/author\/ccortez\/"},"uagb_comment_info":0,"uagb_excerpt":"Con la charla \u201cLa pr\u00e1ctica fotogr\u00e1fica en el Ecuador\u201d, el espacio Aula Cultura(s) dar\u00e1 inicio este viernes 6 de agosto de 2021 a su tercer ciclo de di\u00e1logos. Participar\u00e1n como invitados Yinna Higuera y Rafael Idrovo, presidenta y director de la Asociaci\u00f3n de Fot\u00f3grafos Ecuatorianos. Ellos reflexionar\u00e1n con la doctora Diana Medina, directora de la\u2026","featured_image_src":"https:\/\/www.uartes.edu.ec\/sitio\/wp-content\/uploads\/2021\/08\/AULA-CULTURA.jpg","featured_image_src_square":"https:\/\/www.uartes.edu.ec\/sitio\/wp-content\/uploads\/2021\/08\/AULA-CULTURA.jpg","author_info":{"display_name":"ccortez","author_link":"https:\/\/www.uartes.edu.ec\/sitio\/fr\/blog\/author\/ccortez\/"},"publishpress_future_workflow_manual_trigger":{"enabledWorkflows":[]},"distributor_meta":false,"distributor_terms":false,"distributor_media":false,"distributor_original_site_name":"Universidad de las Artes","distributor_original_site_url":"https:\/\/www.uartes.edu.ec\/sitio\/fr","push-errors":false,"_links":{"self":[{"href":"https:\/\/www.uartes.edu.ec\/sitio\/fr\/wp-json\/wp\/v2\/posts\/15348","targetHints":{"allow":["GET"]}}],"collection":[{"href":"https:\/\/www.uartes.edu.ec\/sitio\/fr\/wp-json\/wp\/v2\/posts"}],"about":[{"href":"https:\/\/www.uartes.edu.ec\/sitio\/fr\/wp-json\/wp\/v2\/types\/post"}],"author":[{"embeddable":true,"href":"https:\/\/www.uartes.edu.ec\/sitio\/fr\/wp-json\/wp\/v2\/users\/10"}],"replies":[{"embeddable":true,"href":"https:\/\/www.uartes.edu.ec\/sitio\/fr\/wp-json\/wp\/v2\/comments?post=15348"}],"version-history":[{"count":2,"href":"https:\/\/www.uartes.edu.ec\/sitio\/fr\/wp-json\/wp\/v2\/posts\/15348\/revisions"}],"predecessor-version":[{"id":15383,"href":"https:\/\/www.uartes.edu.ec\/sitio\/fr\/wp-json\/wp\/v2\/posts\/15348\/revisions\/15383"}],"wp:featuredmedia":[{"embeddable":true,"href":"https:\/\/www.uartes.edu.ec\/sitio\/fr\/wp-json\/wp\/v2\/media\/15352"}],"wp:attachment":[{"href":"https:\/\/www.uartes.edu.ec\/sitio\/fr\/wp-json\/wp\/v2\/media?parent=15348"}],"wp:term":[{"taxonomy":"category","embeddable":true,"href":"https:\/\/www.uartes.edu.ec\/sitio\/fr\/wp-json\/wp\/v2\/categories?post=15348"},{"taxonomy":"post_tag","embeddable":true,"href":"https:\/\/www.uartes.edu.ec\/sitio\/fr\/wp-json\/wp\/v2\/tags?post=15348"},{"taxonomy":"infouartes","embeddable":true,"href":"https:\/\/www.uartes.edu.ec\/sitio\/fr\/wp-json\/wp\/v2\/infouartes?post=15348"}],"curies":[{"name":"wp","href":"https:\/\/api.w.org\/{rel}","templated":true}]}}