{"id":1538,"date":"2018-05-11T10:24:27","date_gmt":"2018-05-11T15:24:27","guid":{"rendered":"http:\/\/www.uartes.edu.ec\/infouartes\/?p=1538"},"modified":"2024-07-04T11:53:50","modified_gmt":"2024-07-04T16:53:50","slug":"proyecto-de-vinculacion-con-la-comunidad-lleva-el-teatro-a-monte-sinai","status":"publish","type":"post","link":"https:\/\/www.uartes.edu.ec\/sitio\/fr\/blog\/2018\/05\/11\/proyecto-de-vinculacion-con-la-comunidad-lleva-el-teatro-a-monte-sinai\/","title":{"rendered":"Proyecto de vinculaci\u00f3n con la comunidad lleva el teatro a Monte Sina\u00ed"},"content":{"rendered":"<p>Marcelo Leyton, docente de la Escuela de Artes Esc\u00e9nicas de la Universidad de las Artes, desarroll\u00f3 la primera fase el proyecto de vinculaci\u00f3n con la comunidad <strong><em>El Gran Teatro de Monte Sina\u00ed<\/em><\/strong>, con el acompa\u00f1amiento de la Direcci\u00f3n de Vinculaci\u00f3n con la Comunidad de la instituci\u00f3n. El mismo que se efect\u00faa en el marco de una alianza de cooperaci\u00f3n interinstitucional con la Fundaci\u00f3n Hogar de Cristo, en el sector de Monte Sina\u00ed, noroeste de Guayaquil.<\/p>\n<p>Desde finales de febrero de 2018, se han desarrollado actividades formativas y l\u00fadicas que han permitido ofrecer una alternativa para el uso del tiempo libre de ni\u00f1os, ni\u00f1as y j\u00f3venes del sector; y, promover su inter\u00e9s sobre las artes.<\/p>\n<p>En una primera fase, se ejecut\u00f3 un taller sobre artes esc\u00e9nicas en el que participaron 55 ni\u00f1as, ni\u00f1os y adolescentes de Monte Sina\u00ed. Esta fase culmin\u00f3 con una muestra abierta al p\u00fablico de los ejercicios esc\u00e9nicos desarrollados por los participantes, que fueron trabajados en base a la indagaci\u00f3n del lenguaje corporal en torno a tem\u00e1ticas cercanas a su cotidianidad. Las pr\u00e1cticas promovieron el fortalecimiento de la autoestima y la confianza en el contacto personal entre los participantes. El punto de encuentro y de ensayos se lo realiz\u00f3 en las instalaciones de la Iglesia Bautismo de Jes\u00fas.<\/p>\n<p>La Fundaci\u00f3n Hogar de Cristo, as\u00ed como los padres y madres de las ni\u00f1as y ni\u00f1os asistentes apoyaron con la log\u00edstica para el cumplimiento de las tareas previstas, activando una red de trabajo basada en la reciprocidad y la corresponsabilidad.<\/p>\n<p>Al momento se prepara la segunda fase del proyecto, misma que iniciar\u00e1 en el mes de junio de 2018. Esta nueva etapa se enfocar\u00e1 en la puesta en escena de una obra de creaci\u00f3n colectiva de inter\u00e9s de la comunidad que contar\u00e1 con la participaci\u00f3n activa de estudiantes de la Universidad de las Artes, quienes se integrar\u00e1n a este espacio de di\u00e1logo de saberes, en el marco de sus pr\u00e1cticas de vinculaci\u00f3n con la comunidad.<\/p>\n<p>La Universidad de las Artes y la Fundaci\u00f3n Hogar de Cristo suscribir\u00e1n un convenio de cooperaci\u00f3n interinstitucional para ampliar los \u00e1mbitos de colaboraci\u00f3n y generar nuevos espacios para la realizaci\u00f3n de pr\u00e1cticas preprofesionales por parte de los estudiantes de la UArtes.<\/p>\n<p>[metaslider id=1542]<\/p>\n","protected":false},"excerpt":{"rendered":"<p>Marcelo Leyton, docente de la Escuela de Artes Esc\u00e9nicas de la Universidad de las Artes, desarroll\u00f3 la primera fase el proyecto de vinculaci\u00f3n con la comunidad El Gran Teatro de Monte Sina\u00ed, con el acompa\u00f1amiento de la Direcci\u00f3n de Vinculaci\u00f3n con la Comunidad de la instituci\u00f3n. El mismo que se efect\u00faa en el marco de [&hellip;]<\/p>\n","protected":false},"author":1,"featured_media":1539,"comment_status":"closed","ping_status":"open","sticky":false,"template":"","format":"standard","meta":{"_acf_changed":false,"_uag_custom_page_level_css":"","_monsterinsights_skip_tracking":false,"_monsterinsights_sitenote_active":false,"_monsterinsights_sitenote_note":"","_monsterinsights_sitenote_category":0,"cybocfi_hide_featured_image":"","footnotes":""},"categories":[79],"tags":[],"infouartes":[],"class_list":["post-1538","post","type-post","status-publish","format-standard","has-post-thumbnail","hentry","category-vinculo"],"acf":[],"yoast_head":"<!-- This site is optimized with the Yoast SEO plugin v27.4 - https:\/\/yoast.com\/product\/yoast-seo-wordpress\/ -->\n<title>Universidad de las Artes - Proyecto de vinculaci\u00f3n con la comunidad lleva el teatro a Monte Sina\u00ed<\/title>\n<meta name=\"description\" content=\"Universidad de las Artes - Proyecto de vinculaci\u00f3n con la comunidad lleva el teatro a Monte Sina\u00ed\" \/>\n<meta name=\"robots\" content=\"index, follow, max-snippet:-1, max-image-preview:large, max-video-preview:-1\" \/>\n<link rel=\"canonical\" href=\"https:\/\/www.uartes.edu.ec\/sitio\/fr\/blog\/2018\/05\/11\/proyecto-de-vinculacion-con-la-comunidad-lleva-el-teatro-a-monte-sinai\/\" \/>\n<meta property=\"og:locale\" content=\"fr_FR\" \/>\n<meta property=\"og:type\" content=\"article\" \/>\n<meta property=\"og:title\" content=\"Universidad de las Artes - Proyecto de vinculaci\u00f3n con la comunidad lleva el teatro a Monte Sina\u00ed\" \/>\n<meta property=\"og:description\" content=\"Universidad de las Artes - Proyecto de vinculaci\u00f3n con la comunidad lleva el teatro a Monte Sina\u00ed\" \/>\n<meta property=\"og:url\" content=\"https:\/\/www.uartes.edu.ec\/sitio\/fr\/blog\/2018\/05\/11\/proyecto-de-vinculacion-con-la-comunidad-lleva-el-teatro-a-monte-sinai\/\" \/>\n<meta property=\"og:site_name\" content=\"Universidad de las Artes\" \/>\n<meta property=\"article:publisher\" content=\"https:\/\/www.facebook.com\/uartesec\" \/>\n<meta property=\"article:published_time\" content=\"2018-05-11T15:24:27+00:00\" \/>\n<meta property=\"article:modified_time\" content=\"2024-07-04T16:53:50+00:00\" \/>\n<meta name=\"author\" content=\"Universidad de las Artes\" \/>\n<meta name=\"twitter:card\" content=\"summary_large_image\" \/>\n<meta name=\"twitter:creator\" content=\"@uartesec\" \/>\n<meta name=\"twitter:site\" content=\"@uartesec\" \/>\n<meta name=\"twitter:label1\" content=\"\u00c9crit par\" \/>\n\t<meta name=\"twitter:data1\" content=\"Universidad de las Artes\" \/>\n\t<meta name=\"twitter:label2\" content=\"Dur\u00e9e de lecture estim\u00e9e\" \/>\n\t<meta name=\"twitter:data2\" content=\"2 minutes\" \/>\n<script type=\"application\/ld+json\" class=\"yoast-schema-graph\">{\"@context\":\"https:\\\/\\\/schema.org\",\"@graph\":[{\"@type\":\"Article\",\"@id\":\"https:\\\/\\\/www.uartes.edu.ec\\\/sitio\\\/fr\\\/blog\\\/2018\\\/05\\\/11\\\/proyecto-de-vinculacion-con-la-comunidad-lleva-el-teatro-a-monte-sinai\\\/#article\",\"isPartOf\":{\"@id\":\"https:\\\/\\\/www.uartes.edu.ec\\\/sitio\\\/fr\\\/blog\\\/2018\\\/05\\\/11\\\/proyecto-de-vinculacion-con-la-comunidad-lleva-el-teatro-a-monte-sinai\\\/\"},\"author\":{\"name\":\"Universidad de las Artes\",\"@id\":\"https:\\\/\\\/www.uartes.edu.ec\\\/sitio\\\/fr\\\/#\\\/schema\\\/person\\\/f33f8c1d2af0d5c80a38c8abf458184a\"},\"headline\":\"Proyecto de vinculaci\u00f3n con la comunidad lleva el teatro a Monte Sina\u00ed\",\"datePublished\":\"2018-05-11T15:24:27+00:00\",\"dateModified\":\"2024-07-04T16:53:50+00:00\",\"mainEntityOfPage\":{\"@id\":\"https:\\\/\\\/www.uartes.edu.ec\\\/sitio\\\/fr\\\/blog\\\/2018\\\/05\\\/11\\\/proyecto-de-vinculacion-con-la-comunidad-lleva-el-teatro-a-monte-sinai\\\/\"},\"wordCount\":418,\"publisher\":{\"@id\":\"https:\\\/\\\/www.uartes.edu.ec\\\/sitio\\\/fr\\\/#organization\"},\"image\":{\"@id\":\"https:\\\/\\\/www.uartes.edu.ec\\\/sitio\\\/fr\\\/blog\\\/2018\\\/05\\\/11\\\/proyecto-de-vinculacion-con-la-comunidad-lleva-el-teatro-a-monte-sinai\\\/#primaryimage\"},\"thumbnailUrl\":\"\",\"articleSection\":[\"V\u00ednculo\"],\"inLanguage\":\"fr-FR\"},{\"@type\":[\"WebPage\",\"ItemPage\"],\"@id\":\"https:\\\/\\\/www.uartes.edu.ec\\\/sitio\\\/fr\\\/blog\\\/2018\\\/05\\\/11\\\/proyecto-de-vinculacion-con-la-comunidad-lleva-el-teatro-a-monte-sinai\\\/\",\"url\":\"https:\\\/\\\/www.uartes.edu.ec\\\/sitio\\\/fr\\\/blog\\\/2018\\\/05\\\/11\\\/proyecto-de-vinculacion-con-la-comunidad-lleva-el-teatro-a-monte-sinai\\\/\",\"name\":\"Universidad de las Artes - Proyecto de vinculaci\u00f3n con la comunidad lleva el teatro a Monte Sina\u00ed\",\"isPartOf\":{\"@id\":\"https:\\\/\\\/www.uartes.edu.ec\\\/sitio\\\/fr\\\/#website\"},\"primaryImageOfPage\":{\"@id\":\"https:\\\/\\\/www.uartes.edu.ec\\\/sitio\\\/fr\\\/blog\\\/2018\\\/05\\\/11\\\/proyecto-de-vinculacion-con-la-comunidad-lleva-el-teatro-a-monte-sinai\\\/#primaryimage\"},\"image\":{\"@id\":\"https:\\\/\\\/www.uartes.edu.ec\\\/sitio\\\/fr\\\/blog\\\/2018\\\/05\\\/11\\\/proyecto-de-vinculacion-con-la-comunidad-lleva-el-teatro-a-monte-sinai\\\/#primaryimage\"},\"thumbnailUrl\":\"\",\"datePublished\":\"2018-05-11T15:24:27+00:00\",\"dateModified\":\"2024-07-04T16:53:50+00:00\",\"description\":\"Universidad de las Artes - Proyecto de vinculaci\u00f3n con la comunidad lleva el teatro a Monte Sina\u00ed\",\"breadcrumb\":{\"@id\":\"https:\\\/\\\/www.uartes.edu.ec\\\/sitio\\\/fr\\\/blog\\\/2018\\\/05\\\/11\\\/proyecto-de-vinculacion-con-la-comunidad-lleva-el-teatro-a-monte-sinai\\\/#breadcrumb\"},\"inLanguage\":\"fr-FR\",\"potentialAction\":[{\"@type\":\"ReadAction\",\"target\":[\"https:\\\/\\\/www.uartes.edu.ec\\\/sitio\\\/fr\\\/blog\\\/2018\\\/05\\\/11\\\/proyecto-de-vinculacion-con-la-comunidad-lleva-el-teatro-a-monte-sinai\\\/\"]}]},{\"@type\":\"ImageObject\",\"inLanguage\":\"fr-FR\",\"@id\":\"https:\\\/\\\/www.uartes.edu.ec\\\/sitio\\\/fr\\\/blog\\\/2018\\\/05\\\/11\\\/proyecto-de-vinculacion-con-la-comunidad-lleva-el-teatro-a-monte-sinai\\\/#primaryimage\",\"url\":\"\",\"contentUrl\":\"\"},{\"@type\":\"BreadcrumbList\",\"@id\":\"https:\\\/\\\/www.uartes.edu.ec\\\/sitio\\\/fr\\\/blog\\\/2018\\\/05\\\/11\\\/proyecto-de-vinculacion-con-la-comunidad-lleva-el-teatro-a-monte-sinai\\\/#breadcrumb\",\"itemListElement\":[{\"@type\":\"ListItem\",\"position\":1,\"name\":\"Inicio\",\"item\":\"https:\\\/\\\/www.uartes.edu.ec\\\/sitio\\\/\"},{\"@type\":\"ListItem\",\"position\":2,\"name\":\"Proyecto de vinculaci\u00f3n con la comunidad lleva el teatro a Monte Sina\u00ed\"}]},{\"@type\":\"WebSite\",\"@id\":\"https:\\\/\\\/www.uartes.edu.ec\\\/sitio\\\/fr\\\/#website\",\"url\":\"https:\\\/\\\/www.uartes.edu.ec\\\/sitio\\\/fr\\\/\",\"name\":\"Universidad de las Artes\",\"description\":\"Sitio oficial de la Universidad Nacional de las Artes del Ecuador\",\"publisher\":{\"@id\":\"https:\\\/\\\/www.uartes.edu.ec\\\/sitio\\\/fr\\\/#organization\"},\"potentialAction\":[{\"@type\":\"SearchAction\",\"target\":{\"@type\":\"EntryPoint\",\"urlTemplate\":\"https:\\\/\\\/www.uartes.edu.ec\\\/sitio\\\/fr\\\/?s={search_term_string}\"},\"query-input\":{\"@type\":\"PropertyValueSpecification\",\"valueRequired\":true,\"valueName\":\"search_term_string\"}}],\"inLanguage\":\"fr-FR\"},{\"@type\":\"Organization\",\"@id\":\"https:\\\/\\\/www.uartes.edu.ec\\\/sitio\\\/fr\\\/#organization\",\"name\":\"Universidad de las Artes\",\"url\":\"https:\\\/\\\/www.uartes.edu.ec\\\/sitio\\\/fr\\\/\",\"logo\":{\"@type\":\"ImageObject\",\"inLanguage\":\"fr-FR\",\"@id\":\"https:\\\/\\\/www.uartes.edu.ec\\\/sitio\\\/fr\\\/#\\\/schema\\\/logo\\\/image\\\/\",\"url\":\"https:\\\/\\\/www.uartes.edu.ec\\\/sitio\\\/wp-content\\\/uploads\\\/2022\\\/07\\\/logo-ua-horizontal.png\",\"contentUrl\":\"https:\\\/\\\/www.uartes.edu.ec\\\/sitio\\\/wp-content\\\/uploads\\\/2022\\\/07\\\/logo-ua-horizontal.png\",\"width\":800,\"height\":276,\"caption\":\"Universidad de las Artes\"},\"image\":{\"@id\":\"https:\\\/\\\/www.uartes.edu.ec\\\/sitio\\\/fr\\\/#\\\/schema\\\/logo\\\/image\\\/\"},\"sameAs\":[\"https:\\\/\\\/www.facebook.com\\\/uartesec\",\"https:\\\/\\\/x.com\\\/uartesec\",\"https:\\\/\\\/www.tiktok.com\\\/@uartesec\"]},{\"@type\":\"Person\",\"@id\":\"https:\\\/\\\/www.uartes.edu.ec\\\/sitio\\\/fr\\\/#\\\/schema\\\/person\\\/f33f8c1d2af0d5c80a38c8abf458184a\",\"name\":\"Universidad de las Artes\",\"image\":{\"@type\":\"ImageObject\",\"inLanguage\":\"fr-FR\",\"@id\":\"https:\\\/\\\/secure.gravatar.com\\\/avatar\\\/52e4757902f5cfa5ac52d020e5be83cae5487519154b6c35482fe08d589f3c13?s=96&d=mm&r=g\",\"url\":\"https:\\\/\\\/secure.gravatar.com\\\/avatar\\\/52e4757902f5cfa5ac52d020e5be83cae5487519154b6c35482fe08d589f3c13?s=96&d=mm&r=g\",\"contentUrl\":\"https:\\\/\\\/secure.gravatar.com\\\/avatar\\\/52e4757902f5cfa5ac52d020e5be83cae5487519154b6c35482fe08d589f3c13?s=96&d=mm&r=g\",\"caption\":\"Universidad de las Artes\"},\"url\":\"https:\\\/\\\/www.uartes.edu.ec\\\/sitio\\\/fr\\\/blog\\\/author\\\/dircomadm\\\/\"}]}<\/script>\n<!-- \/ Yoast SEO plugin. -->","yoast_head_json":{"title":"Universidad de las Artes - Proyecto de vinculaci\u00f3n con la comunidad lleva el teatro a Monte Sina\u00ed","description":"Universidad de las Artes - Proyecto de vinculaci\u00f3n con la comunidad lleva el teatro a Monte Sina\u00ed","robots":{"index":"index","follow":"follow","max-snippet":"max-snippet:-1","max-image-preview":"max-image-preview:large","max-video-preview":"max-video-preview:-1"},"canonical":"https:\/\/www.uartes.edu.ec\/sitio\/fr\/blog\/2018\/05\/11\/proyecto-de-vinculacion-con-la-comunidad-lleva-el-teatro-a-monte-sinai\/","og_locale":"fr_FR","og_type":"article","og_title":"Universidad de las Artes - Proyecto de vinculaci\u00f3n con la comunidad lleva el teatro a Monte Sina\u00ed","og_description":"Universidad de las Artes - Proyecto de vinculaci\u00f3n con la comunidad lleva el teatro a Monte Sina\u00ed","og_url":"https:\/\/www.uartes.edu.ec\/sitio\/fr\/blog\/2018\/05\/11\/proyecto-de-vinculacion-con-la-comunidad-lleva-el-teatro-a-monte-sinai\/","og_site_name":"Universidad de las Artes","article_publisher":"https:\/\/www.facebook.com\/uartesec","article_published_time":"2018-05-11T15:24:27+00:00","article_modified_time":"2024-07-04T16:53:50+00:00","author":"Universidad de las Artes","twitter_card":"summary_large_image","twitter_creator":"@uartesec","twitter_site":"@uartesec","twitter_misc":{"\u00c9crit par":"Universidad de las Artes","Dur\u00e9e de lecture estim\u00e9e":"2 minutes"},"schema":{"@context":"https:\/\/schema.org","@graph":[{"@type":"Article","@id":"https:\/\/www.uartes.edu.ec\/sitio\/fr\/blog\/2018\/05\/11\/proyecto-de-vinculacion-con-la-comunidad-lleva-el-teatro-a-monte-sinai\/#article","isPartOf":{"@id":"https:\/\/www.uartes.edu.ec\/sitio\/fr\/blog\/2018\/05\/11\/proyecto-de-vinculacion-con-la-comunidad-lleva-el-teatro-a-monte-sinai\/"},"author":{"name":"Universidad de las Artes","@id":"https:\/\/www.uartes.edu.ec\/sitio\/fr\/#\/schema\/person\/f33f8c1d2af0d5c80a38c8abf458184a"},"headline":"Proyecto de vinculaci\u00f3n con la comunidad lleva el teatro a Monte Sina\u00ed","datePublished":"2018-05-11T15:24:27+00:00","dateModified":"2024-07-04T16:53:50+00:00","mainEntityOfPage":{"@id":"https:\/\/www.uartes.edu.ec\/sitio\/fr\/blog\/2018\/05\/11\/proyecto-de-vinculacion-con-la-comunidad-lleva-el-teatro-a-monte-sinai\/"},"wordCount":418,"publisher":{"@id":"https:\/\/www.uartes.edu.ec\/sitio\/fr\/#organization"},"image":{"@id":"https:\/\/www.uartes.edu.ec\/sitio\/fr\/blog\/2018\/05\/11\/proyecto-de-vinculacion-con-la-comunidad-lleva-el-teatro-a-monte-sinai\/#primaryimage"},"thumbnailUrl":"","articleSection":["V\u00ednculo"],"inLanguage":"fr-FR"},{"@type":["WebPage","ItemPage"],"@id":"https:\/\/www.uartes.edu.ec\/sitio\/fr\/blog\/2018\/05\/11\/proyecto-de-vinculacion-con-la-comunidad-lleva-el-teatro-a-monte-sinai\/","url":"https:\/\/www.uartes.edu.ec\/sitio\/fr\/blog\/2018\/05\/11\/proyecto-de-vinculacion-con-la-comunidad-lleva-el-teatro-a-monte-sinai\/","name":"Universidad de las Artes - Proyecto de vinculaci\u00f3n con la comunidad lleva el teatro a Monte Sina\u00ed","isPartOf":{"@id":"https:\/\/www.uartes.edu.ec\/sitio\/fr\/#website"},"primaryImageOfPage":{"@id":"https:\/\/www.uartes.edu.ec\/sitio\/fr\/blog\/2018\/05\/11\/proyecto-de-vinculacion-con-la-comunidad-lleva-el-teatro-a-monte-sinai\/#primaryimage"},"image":{"@id":"https:\/\/www.uartes.edu.ec\/sitio\/fr\/blog\/2018\/05\/11\/proyecto-de-vinculacion-con-la-comunidad-lleva-el-teatro-a-monte-sinai\/#primaryimage"},"thumbnailUrl":"","datePublished":"2018-05-11T15:24:27+00:00","dateModified":"2024-07-04T16:53:50+00:00","description":"Universidad de las Artes - Proyecto de vinculaci\u00f3n con la comunidad lleva el teatro a Monte Sina\u00ed","breadcrumb":{"@id":"https:\/\/www.uartes.edu.ec\/sitio\/fr\/blog\/2018\/05\/11\/proyecto-de-vinculacion-con-la-comunidad-lleva-el-teatro-a-monte-sinai\/#breadcrumb"},"inLanguage":"fr-FR","potentialAction":[{"@type":"ReadAction","target":["https:\/\/www.uartes.edu.ec\/sitio\/fr\/blog\/2018\/05\/11\/proyecto-de-vinculacion-con-la-comunidad-lleva-el-teatro-a-monte-sinai\/"]}]},{"@type":"ImageObject","inLanguage":"fr-FR","@id":"https:\/\/www.uartes.edu.ec\/sitio\/fr\/blog\/2018\/05\/11\/proyecto-de-vinculacion-con-la-comunidad-lleva-el-teatro-a-monte-sinai\/#primaryimage","url":"","contentUrl":""},{"@type":"BreadcrumbList","@id":"https:\/\/www.uartes.edu.ec\/sitio\/fr\/blog\/2018\/05\/11\/proyecto-de-vinculacion-con-la-comunidad-lleva-el-teatro-a-monte-sinai\/#breadcrumb","itemListElement":[{"@type":"ListItem","position":1,"name":"Inicio","item":"https:\/\/www.uartes.edu.ec\/sitio\/"},{"@type":"ListItem","position":2,"name":"Proyecto de vinculaci\u00f3n con la comunidad lleva el teatro a Monte Sina\u00ed"}]},{"@type":"WebSite","@id":"https:\/\/www.uartes.edu.ec\/sitio\/fr\/#website","url":"https:\/\/www.uartes.edu.ec\/sitio\/fr\/","name":"Universidad de las Artes","description":"Sitio oficial de la Universidad Nacional de las Artes del Ecuador","publisher":{"@id":"https:\/\/www.uartes.edu.ec\/sitio\/fr\/#organization"},"potentialAction":[{"@type":"SearchAction","target":{"@type":"EntryPoint","urlTemplate":"https:\/\/www.uartes.edu.ec\/sitio\/fr\/?s={search_term_string}"},"query-input":{"@type":"PropertyValueSpecification","valueRequired":true,"valueName":"search_term_string"}}],"inLanguage":"fr-FR"},{"@type":"Organization","@id":"https:\/\/www.uartes.edu.ec\/sitio\/fr\/#organization","name":"Universidad de las Artes","url":"https:\/\/www.uartes.edu.ec\/sitio\/fr\/","logo":{"@type":"ImageObject","inLanguage":"fr-FR","@id":"https:\/\/www.uartes.edu.ec\/sitio\/fr\/#\/schema\/logo\/image\/","url":"https:\/\/www.uartes.edu.ec\/sitio\/wp-content\/uploads\/2022\/07\/logo-ua-horizontal.png","contentUrl":"https:\/\/www.uartes.edu.ec\/sitio\/wp-content\/uploads\/2022\/07\/logo-ua-horizontal.png","width":800,"height":276,"caption":"Universidad de las Artes"},"image":{"@id":"https:\/\/www.uartes.edu.ec\/sitio\/fr\/#\/schema\/logo\/image\/"},"sameAs":["https:\/\/www.facebook.com\/uartesec","https:\/\/x.com\/uartesec","https:\/\/www.tiktok.com\/@uartesec"]},{"@type":"Person","@id":"https:\/\/www.uartes.edu.ec\/sitio\/fr\/#\/schema\/person\/f33f8c1d2af0d5c80a38c8abf458184a","name":"Universidad de las Artes","image":{"@type":"ImageObject","inLanguage":"fr-FR","@id":"https:\/\/secure.gravatar.com\/avatar\/52e4757902f5cfa5ac52d020e5be83cae5487519154b6c35482fe08d589f3c13?s=96&d=mm&r=g","url":"https:\/\/secure.gravatar.com\/avatar\/52e4757902f5cfa5ac52d020e5be83cae5487519154b6c35482fe08d589f3c13?s=96&d=mm&r=g","contentUrl":"https:\/\/secure.gravatar.com\/avatar\/52e4757902f5cfa5ac52d020e5be83cae5487519154b6c35482fe08d589f3c13?s=96&d=mm&r=g","caption":"Universidad de las Artes"},"url":"https:\/\/www.uartes.edu.ec\/sitio\/fr\/blog\/author\/dircomadm\/"}]}},"uagb_featured_image_src":{"full":false,"thumbnail":false,"medium":false,"medium_large":false,"large":false,"1536x1536":false,"2048x2048":false,"trp-custom-language-flag":false,"htmega_size_585x295":false,"htmega_size_1170x536":false,"htmega_size_396x360":false,"gb-block-post-grid-landscape":false,"gb-block-post-grid-square":false,"university-hub-thumb":false},"uagb_author_info":{"display_name":"Universidad de las Artes","author_link":"https:\/\/www.uartes.edu.ec\/sitio\/fr\/blog\/author\/dircomadm\/"},"uagb_comment_info":0,"uagb_excerpt":"Marcelo Leyton, docente de la Escuela de Artes Esc\u00e9nicas de la Universidad de las Artes, desarroll\u00f3 la primera fase el proyecto de vinculaci\u00f3n con la comunidad El Gran Teatro de Monte Sina\u00ed, con el acompa\u00f1amiento de la Direcci\u00f3n de Vinculaci\u00f3n con la Comunidad de la instituci\u00f3n. El mismo que se efect\u00faa en el marco de\u2026","featured_image_src":null,"featured_image_src_square":null,"author_info":{"display_name":"Universidad de las Artes","author_link":"https:\/\/www.uartes.edu.ec\/sitio\/fr\/blog\/author\/dircomadm\/"},"publishpress_future_workflow_manual_trigger":{"enabledWorkflows":[]},"distributor_meta":false,"distributor_terms":false,"distributor_media":false,"distributor_original_site_name":"Universidad de las Artes","distributor_original_site_url":"https:\/\/www.uartes.edu.ec\/sitio\/fr","push-errors":false,"_links":{"self":[{"href":"https:\/\/www.uartes.edu.ec\/sitio\/fr\/wp-json\/wp\/v2\/posts\/1538","targetHints":{"allow":["GET"]}}],"collection":[{"href":"https:\/\/www.uartes.edu.ec\/sitio\/fr\/wp-json\/wp\/v2\/posts"}],"about":[{"href":"https:\/\/www.uartes.edu.ec\/sitio\/fr\/wp-json\/wp\/v2\/types\/post"}],"author":[{"embeddable":true,"href":"https:\/\/www.uartes.edu.ec\/sitio\/fr\/wp-json\/wp\/v2\/users\/1"}],"replies":[{"embeddable":true,"href":"https:\/\/www.uartes.edu.ec\/sitio\/fr\/wp-json\/wp\/v2\/comments?post=1538"}],"version-history":[{"count":1,"href":"https:\/\/www.uartes.edu.ec\/sitio\/fr\/wp-json\/wp\/v2\/posts\/1538\/revisions"}],"predecessor-version":[{"id":3385,"href":"https:\/\/www.uartes.edu.ec\/sitio\/fr\/wp-json\/wp\/v2\/posts\/1538\/revisions\/3385"}],"wp:featuredmedia":[{"embeddable":true,"href":"https:\/\/www.uartes.edu.ec\/sitio\/fr\/wp-json\/"}],"wp:attachment":[{"href":"https:\/\/www.uartes.edu.ec\/sitio\/fr\/wp-json\/wp\/v2\/media?parent=1538"}],"wp:term":[{"taxonomy":"category","embeddable":true,"href":"https:\/\/www.uartes.edu.ec\/sitio\/fr\/wp-json\/wp\/v2\/categories?post=1538"},{"taxonomy":"post_tag","embeddable":true,"href":"https:\/\/www.uartes.edu.ec\/sitio\/fr\/wp-json\/wp\/v2\/tags?post=1538"},{"taxonomy":"infouartes","embeddable":true,"href":"https:\/\/www.uartes.edu.ec\/sitio\/fr\/wp-json\/wp\/v2\/infouartes?post=1538"}],"curies":[{"name":"wp","href":"https:\/\/api.w.org\/{rel}","templated":true}]}}