{"id":15815,"date":"2021-09-01T10:25:00","date_gmt":"2021-09-01T15:25:00","guid":{"rendered":"http:\/\/www.uartes.edu.ec\/sitio\/?p=15815"},"modified":"2024-07-04T11:25:56","modified_gmt":"2024-07-04T16:25:56","slug":"uartes-firma-con-la-universidad-de-guayaquil-un-convenio-marco-de-cooperacion-interinstitucional","status":"publish","type":"post","link":"https:\/\/www.uartes.edu.ec\/sitio\/fr\/blog\/2021\/09\/01\/uartes-firma-con-la-universidad-de-guayaquil-un-convenio-marco-de-cooperacion-interinstitucional\/","title":{"rendered":"UArtes firma con la Universidad de Guayaquil un Convenio Marco de Cooperaci\u00f3n Interinstitucional"},"content":{"rendered":"<p>Los vicerrectores acad\u00e9micos de la Universidad de Guayaquil y la Universidad de las Artes, doctores Sof\u00eda Lovato y Bradley Hilgert, respectivamente, fueron los primeros en exponer, sustentar y resaltar los motivos por los cuales ambas instituciones de educaci\u00f3n superior firmaban un Convenio Marco Cooperaci\u00f3n Interinstitucional.<\/p>\n\n\n\n<p>Sucedi\u00f3 la ma\u00f1ana de este martes 31 de agosto de 2021 durante el acto de suscripci\u00f3n, realizado en la sala experimental del patrimonial edificio El Tel\u00e9grafo y luego de las palabras de bienvenida pronunciadas por el doctor Javier Garc\u00eda, secretario de Vinculaci\u00f3n con la Sociedad, y la intervenci\u00f3n art\u00edstica de Juan Pablo Manquian, estudiante de octavo semestre de la carrera de Producci\u00f3n Musical y Sonora.<\/p>\n\n\n\n<div class=\"wp-block-image\"><figure class=\"aligncenter size-full\"><img fetchpriority=\"high\" decoding=\"async\" width=\"2000\" height=\"1333\" src=\"http:\/\/www.uartes.edu.ec\/sitio\/wp-content\/uploads\/2021\/09\/07-UARTES-UG.jpg\" alt=\"\" class=\"wp-image-15823\" srcset=\"https:\/\/www.uartes.edu.ec\/sitio\/wp-content\/uploads\/2021\/09\/07-UARTES-UG.jpg 2000w, https:\/\/www.uartes.edu.ec\/sitio\/wp-content\/uploads\/2021\/09\/07-UARTES-UG-300x200.jpg 300w, https:\/\/www.uartes.edu.ec\/sitio\/wp-content\/uploads\/2021\/09\/07-UARTES-UG-644x429.jpg 644w, https:\/\/www.uartes.edu.ec\/sitio\/wp-content\/uploads\/2021\/09\/07-UARTES-UG-768x512.jpg 768w, https:\/\/www.uartes.edu.ec\/sitio\/wp-content\/uploads\/2021\/09\/07-UARTES-UG-1536x1024.jpg 1536w, https:\/\/www.uartes.edu.ec\/sitio\/wp-content\/uploads\/2021\/09\/07-UARTES-UG-16x12.jpg 16w, https:\/\/www.uartes.edu.ec\/sitio\/wp-content\/uploads\/2021\/09\/07-UARTES-UG-400x267.jpg 400w, https:\/\/www.uartes.edu.ec\/sitio\/wp-content\/uploads\/2021\/09\/07-UARTES-UG-600x400.jpg 600w, https:\/\/www.uartes.edu.ec\/sitio\/wp-content\/uploads\/2021\/09\/07-UARTES-UG-272x182.jpg 272w\" sizes=\"(max-width: 2000px) 100vw, 2000px\" \/><\/figure><\/div>\n\n\n\n<p>La doctora Lovato resalt\u00f3 los objetivos de ambas universidades para con la comunidad, a trav\u00e9s de procedimientos como v\u00ednculo, pr\u00e1cticas pre-profesionales y todo lo que conlleva el proceso de titulaci\u00f3n, pues existe una preocupaci\u00f3n por aportar dentro de lo sociocultural. Tambi\u00e9n existe una preocupaci\u00f3n por rescatar las tradiciones del Ecuador en este nuevo trabajo conjunto, precis\u00f3 El doctor Hilgert, por su parte, mencion\u00f3 que existe un quehacer universitario que debe abordarse desde todos los \u00e1ngulos posibles. El arte es un proceso de creaci\u00f3n de vida y lo que se busca son las ganas de trabajar y transformar con la educaci\u00f3n.<\/p>\n\n\n\n<p>En su intervenci\u00f3n, el rector de la Universidad de Guayaquil destac\u00f3 la importancia de la lucha por el bienestar educativo y la existencia de la UArtes. Se\u00f1al\u00f3, entre otros, el trabajo realizado para rescatar edificios emblem\u00e1ticos de la ciudad, poniendo justamente como ejemplo El Tel\u00e9grafo, lugar donde alguna vez \u2013con la impresi\u00f3n del diario del cual lleva su nombre\u2013 se plasm\u00f3 la historia. \u201cQueremos aportar tambi\u00e9n al enriquecimiento de la cultura con la Universidad de las Artes\u201d, dijo.<\/p>\n\n\n\n<p>El doctor William Herrera agradeci\u00f3 a Andr\u00e9s Sotomayor, funcionario UArtes, quien es art\u00edfice del convenio, pues idealiz\u00f3 que ambas universidades entraran en di\u00e1logos. Que sent\u00eda orgullo, expres\u00f3, al realizar la firma del convenio y agradeci\u00f3 a su par, el rector de la Universidad de Guayaquil, por la oportunidad de pensar en un sistema de educaci\u00f3n superior adaptado a las nuevas generaciones, que debe centrarse en tres \u00e1mbitos importantes: investigaci\u00f3n, creaci\u00f3n e innovaci\u00f3n. Debe existir un inter\u00e9s mucho m\u00e1s fuerte para consolidar a todas las universidades p\u00fablicas del pa\u00eds y lograr estos cambios tan necesarios, agreg\u00f3.<\/p>\n\n\n\n<div class=\"wp-block-image\"><figure class=\"aligncenter size-full\"><img decoding=\"async\" width=\"2000\" height=\"1333\" src=\"http:\/\/www.uartes.edu.ec\/sitio\/wp-content\/uploads\/2021\/09\/01-UARTES-UG.jpg\" alt=\"\" class=\"wp-image-15818\" srcset=\"https:\/\/www.uartes.edu.ec\/sitio\/wp-content\/uploads\/2021\/09\/01-UARTES-UG.jpg 2000w, https:\/\/www.uartes.edu.ec\/sitio\/wp-content\/uploads\/2021\/09\/01-UARTES-UG-300x200.jpg 300w, https:\/\/www.uartes.edu.ec\/sitio\/wp-content\/uploads\/2021\/09\/01-UARTES-UG-644x429.jpg 644w, https:\/\/www.uartes.edu.ec\/sitio\/wp-content\/uploads\/2021\/09\/01-UARTES-UG-768x512.jpg 768w, https:\/\/www.uartes.edu.ec\/sitio\/wp-content\/uploads\/2021\/09\/01-UARTES-UG-1536x1024.jpg 1536w, https:\/\/www.uartes.edu.ec\/sitio\/wp-content\/uploads\/2021\/09\/01-UARTES-UG-16x12.jpg 16w, https:\/\/www.uartes.edu.ec\/sitio\/wp-content\/uploads\/2021\/09\/01-UARTES-UG-400x267.jpg 400w, https:\/\/www.uartes.edu.ec\/sitio\/wp-content\/uploads\/2021\/09\/01-UARTES-UG-600x400.jpg 600w, https:\/\/www.uartes.edu.ec\/sitio\/wp-content\/uploads\/2021\/09\/01-UARTES-UG-272x182.jpg 272w\" sizes=\"(max-width: 2000px) 100vw, 2000px\" \/><\/figure><\/div>\n\n\n\n<p>En di\u00e1logo con InfoUArtes, el rector de la UArtes se\u00f1al\u00f3 tambi\u00e9n que al haber culminado el a\u00f1o pasado el proceso de institucionalizaci\u00f3n y ahora que est\u00e1 la Universidad de las Artes m\u00e1s presente en el sistema de educaci\u00f3n superior \u201cpara nosotros es muy importante tener alianzas activas con otras IES del pa\u00eds, en particular en Guayaquil. Eso nos permite ampliar nuestras capacidades para trabajar proyectos de docencia, investigaci\u00f3n o vinculaci\u00f3n, pensando siempre en el beneficio que eso puede traer a la comunidad universitaria. Estamos muy contentos, esta era una de las prioridades para este a\u00f1o y ahora lo que nos toca en esta nueva fase es trabajar en la implementaci\u00f3n del convenio\u201d.<\/p>\n\n\n\n<p>En el Convenio Marco de Cooperaci\u00f3n Interinstitucional entre la UArtes y la Universidad de Guayaquil resaltan la implementaci\u00f3n de programas y\/o proyectos conjuntos en el \u00e1mbito acad\u00e9mico, de vinculaci\u00f3n con la sociedad, investigaci\u00f3n, innovaci\u00f3n, pr\u00e1cticas profesionales, pre-profesionales o pasant\u00edas de grado; el desarrollo e intercambio de publicaciones y de informaci\u00f3n; la asesor\u00eda y capacitaci\u00f3n profesionalizante; y, los proyectos y actividades acad\u00e9micas y culturales de inter\u00e9s mutuo y en el marco de los planes estrat\u00e9gicos y objetivos de ambas entidades.<\/p>\n\n\n\n<p>La intervenci\u00f3n art\u00edstica de Leonardo Vasco, estudiante de sexto semestre de la carrera de Terapia de Lenguaje de la Facultad de Medicina, de la Universidad de Guayaquil, marc\u00f3 el t\u00e9rmino del acto y el inicio de un recorrido por las instalaciones del patrimonial edificio El Tel\u00e9grafo.<\/p>\n\n\n\n<div class=\"wp-block-image\"><figure class=\"aligncenter size-full\"><img decoding=\"async\" width=\"2000\" height=\"1333\" src=\"http:\/\/www.uartes.edu.ec\/sitio\/wp-content\/uploads\/2021\/09\/05-UARTES-UG.jpg\" alt=\"\" class=\"wp-image-15822\" srcset=\"https:\/\/www.uartes.edu.ec\/sitio\/wp-content\/uploads\/2021\/09\/05-UARTES-UG.jpg 2000w, https:\/\/www.uartes.edu.ec\/sitio\/wp-content\/uploads\/2021\/09\/05-UARTES-UG-300x200.jpg 300w, https:\/\/www.uartes.edu.ec\/sitio\/wp-content\/uploads\/2021\/09\/05-UARTES-UG-644x429.jpg 644w, https:\/\/www.uartes.edu.ec\/sitio\/wp-content\/uploads\/2021\/09\/05-UARTES-UG-768x512.jpg 768w, https:\/\/www.uartes.edu.ec\/sitio\/wp-content\/uploads\/2021\/09\/05-UARTES-UG-1536x1024.jpg 1536w, https:\/\/www.uartes.edu.ec\/sitio\/wp-content\/uploads\/2021\/09\/05-UARTES-UG-16x12.jpg 16w, https:\/\/www.uartes.edu.ec\/sitio\/wp-content\/uploads\/2021\/09\/05-UARTES-UG-400x267.jpg 400w, https:\/\/www.uartes.edu.ec\/sitio\/wp-content\/uploads\/2021\/09\/05-UARTES-UG-600x400.jpg 600w, https:\/\/www.uartes.edu.ec\/sitio\/wp-content\/uploads\/2021\/09\/05-UARTES-UG-272x182.jpg 272w\" sizes=\"(max-width: 2000px) 100vw, 2000px\" \/><\/figure><\/div>\n\n\n\n<p>Es de anotar que en la comitiva de la Universidad de Guayaquil estuvieron junto a sus principales autoridades el decano de Vinculaci\u00f3n con la Sociedad y Bienestar Estudiantil, MSc. Juan Fern\u00e1ndez; el coordinador de Vinculaci\u00f3n con la Sociedad, MSc. Patricio Barber\u00e1n; el asesor del vicerrectorado Acad\u00e9mico, MSc. Walter Caicedo; la directora de Coordinaci\u00f3n de Arte, Cultura y Patrimonio, MSc. Beatriz Gil; el reportero Yerson Palma, el camar\u00f3grafo Marco Reinoso y el fot\u00f3grafo Erick Quiroz. Por la Casa de la Cultura N\u00facleo del Guayas, el Ab. Enrique Riera.<\/p>\n\n\n\n<p>De la UArtes tambi\u00e9n estuvieron presentes, el doctor Javier Garc\u00eda, secretario de Vinculaci\u00f3n con la Sociedad; Mar\u00eda Jos\u00e9 Bustos, secretaria Acad\u00e9mica; Sara Tobar, coordinadora de Planificaci\u00f3n y Gesti\u00f3n Estrat\u00e9gica; y, el tecn\u00f3logo Ronny Ramos, analista de Convenios Nacionales de Vinculaci\u00f3n.<\/p>","protected":false},"excerpt":{"rendered":"<p>Los vicerrectores acad\u00e9micos de la Universidad de Guayaquil y la Universidad de las Artes, doctores Sof\u00eda Lovato y Bradley Hilgert, respectivamente, fueron los primeros en exponer, sustentar y resaltar los motivos por los cuales ambas instituciones de educaci\u00f3n superior firmaban un Convenio Marco Cooperaci\u00f3n Interinstitucional.<\/p>","protected":false},"author":9,"featured_media":15819,"comment_status":"open","ping_status":"open","sticky":false,"template":"","format":"standard","meta":{"_acf_changed":false,"_uag_custom_page_level_css":"","_monsterinsights_skip_tracking":false,"_monsterinsights_sitenote_active":false,"_monsterinsights_sitenote_note":"","_monsterinsights_sitenote_category":0,"cybocfi_hide_featured_image":"","footnotes":""},"categories":[77,84],"tags":[406,281,405],"infouartes":[],"class_list":["post-15815","post","type-post","status-publish","format-standard","has-post-thumbnail","hentry","category-gestion","category-rectorado","tag-bradley-hilgert","tag-interinstitucional","tag-william-herrera"],"acf":[],"yoast_head":"<!-- This site is optimized with the Yoast SEO plugin v27.4 - https:\/\/yoast.com\/product\/yoast-seo-wordpress\/ -->\n<title>Universidad de las Artes - UArtes firma con la Universidad de Guayaquil un Convenio Marco de Cooperaci\u00f3n Interinstitucional<\/title>\n<meta name=\"description\" content=\"Universidad de las Artes - UArtes firma con la Universidad de Guayaquil un Convenio Marco de Cooperaci\u00f3n Interinstitucional\" \/>\n<meta name=\"robots\" content=\"index, follow, max-snippet:-1, max-image-preview:large, max-video-preview:-1\" \/>\n<link rel=\"canonical\" href=\"https:\/\/www.uartes.edu.ec\/sitio\/fr\/blog\/2021\/09\/01\/uartes-firma-con-la-universidad-de-guayaquil-un-convenio-marco-de-cooperacion-interinstitucional\/\" \/>\n<meta property=\"og:locale\" content=\"fr_FR\" \/>\n<meta property=\"og:type\" content=\"article\" \/>\n<meta property=\"og:title\" content=\"Universidad de las Artes - UArtes firma con la Universidad de Guayaquil un Convenio Marco de Cooperaci\u00f3n Interinstitucional\" \/>\n<meta property=\"og:description\" content=\"Universidad de las Artes - UArtes firma con la Universidad de Guayaquil un Convenio Marco de Cooperaci\u00f3n Interinstitucional\" \/>\n<meta property=\"og:url\" content=\"https:\/\/www.uartes.edu.ec\/sitio\/fr\/blog\/2021\/09\/01\/uartes-firma-con-la-universidad-de-guayaquil-un-convenio-marco-de-cooperacion-interinstitucional\/\" \/>\n<meta property=\"og:site_name\" content=\"Universidad de las Artes\" \/>\n<meta property=\"article:publisher\" content=\"https:\/\/www.facebook.com\/uartesec\" \/>\n<meta property=\"article:published_time\" content=\"2021-09-01T15:25:00+00:00\" \/>\n<meta property=\"article:modified_time\" content=\"2024-07-04T16:25:56+00:00\" \/>\n<meta property=\"og:image\" content=\"https:\/\/www.uartes.edu.ec\/sitio\/wp-content\/uploads\/2021\/09\/02-UARTES-UG.jpg\" \/>\n\t<meta property=\"og:image:width\" content=\"2000\" \/>\n\t<meta property=\"og:image:height\" content=\"1333\" \/>\n\t<meta property=\"og:image:type\" content=\"image\/jpeg\" \/>\n<meta name=\"author\" content=\"tmariduena\" \/>\n<meta name=\"twitter:card\" content=\"summary_large_image\" \/>\n<meta name=\"twitter:creator\" content=\"@uartesec\" \/>\n<meta name=\"twitter:site\" content=\"@uartesec\" \/>\n<meta name=\"twitter:label1\" content=\"\u00c9crit par\" \/>\n\t<meta name=\"twitter:data1\" content=\"tmariduena\" \/>\n\t<meta name=\"twitter:label2\" content=\"Dur\u00e9e de lecture estim\u00e9e\" \/>\n\t<meta name=\"twitter:data2\" content=\"4 minutes\" \/>\n<script type=\"application\/ld+json\" class=\"yoast-schema-graph\">{\"@context\":\"https:\\\/\\\/schema.org\",\"@graph\":[{\"@type\":\"Article\",\"@id\":\"https:\\\/\\\/www.uartes.edu.ec\\\/sitio\\\/fr\\\/blog\\\/2021\\\/09\\\/01\\\/uartes-firma-con-la-universidad-de-guayaquil-un-convenio-marco-de-cooperacion-interinstitucional\\\/#article\",\"isPartOf\":{\"@id\":\"https:\\\/\\\/www.uartes.edu.ec\\\/sitio\\\/fr\\\/blog\\\/2021\\\/09\\\/01\\\/uartes-firma-con-la-universidad-de-guayaquil-un-convenio-marco-de-cooperacion-interinstitucional\\\/\"},\"author\":{\"name\":\"tmariduena\",\"@id\":\"https:\\\/\\\/www.uartes.edu.ec\\\/sitio\\\/fr\\\/#\\\/schema\\\/person\\\/5374e8c901d217252e42ba3c04399dd6\"},\"headline\":\"UArtes firma con la Universidad de Guayaquil un Convenio Marco de Cooperaci\u00f3n Interinstitucional\",\"datePublished\":\"2021-09-01T15:25:00+00:00\",\"dateModified\":\"2024-07-04T16:25:56+00:00\",\"mainEntityOfPage\":{\"@id\":\"https:\\\/\\\/www.uartes.edu.ec\\\/sitio\\\/fr\\\/blog\\\/2021\\\/09\\\/01\\\/uartes-firma-con-la-universidad-de-guayaquil-un-convenio-marco-de-cooperacion-interinstitucional\\\/\"},\"wordCount\":848,\"commentCount\":0,\"publisher\":{\"@id\":\"https:\\\/\\\/www.uartes.edu.ec\\\/sitio\\\/fr\\\/#organization\"},\"image\":{\"@id\":\"https:\\\/\\\/www.uartes.edu.ec\\\/sitio\\\/fr\\\/blog\\\/2021\\\/09\\\/01\\\/uartes-firma-con-la-universidad-de-guayaquil-un-convenio-marco-de-cooperacion-interinstitucional\\\/#primaryimage\"},\"thumbnailUrl\":\"https:\\\/\\\/www.uartes.edu.ec\\\/sitio\\\/wp-content\\\/uploads\\\/2021\\\/09\\\/02-UARTES-UG.jpg\",\"keywords\":[\"Bradley Hilgert\",\"interinstitucional\",\"William Herrera\"],\"articleSection\":[\"Gesti\u00f3n\",\"Rectorado\"],\"inLanguage\":\"fr-FR\",\"potentialAction\":[{\"@type\":\"CommentAction\",\"name\":\"Comment\",\"target\":[\"https:\\\/\\\/www.uartes.edu.ec\\\/sitio\\\/fr\\\/blog\\\/2021\\\/09\\\/01\\\/uartes-firma-con-la-universidad-de-guayaquil-un-convenio-marco-de-cooperacion-interinstitucional\\\/#respond\"]}]},{\"@type\":[\"WebPage\",\"ItemPage\"],\"@id\":\"https:\\\/\\\/www.uartes.edu.ec\\\/sitio\\\/fr\\\/blog\\\/2021\\\/09\\\/01\\\/uartes-firma-con-la-universidad-de-guayaquil-un-convenio-marco-de-cooperacion-interinstitucional\\\/\",\"url\":\"https:\\\/\\\/www.uartes.edu.ec\\\/sitio\\\/fr\\\/blog\\\/2021\\\/09\\\/01\\\/uartes-firma-con-la-universidad-de-guayaquil-un-convenio-marco-de-cooperacion-interinstitucional\\\/\",\"name\":\"Universidad de las Artes - UArtes firma con la Universidad de Guayaquil un Convenio Marco de Cooperaci\u00f3n Interinstitucional\",\"isPartOf\":{\"@id\":\"https:\\\/\\\/www.uartes.edu.ec\\\/sitio\\\/fr\\\/#website\"},\"primaryImageOfPage\":{\"@id\":\"https:\\\/\\\/www.uartes.edu.ec\\\/sitio\\\/fr\\\/blog\\\/2021\\\/09\\\/01\\\/uartes-firma-con-la-universidad-de-guayaquil-un-convenio-marco-de-cooperacion-interinstitucional\\\/#primaryimage\"},\"image\":{\"@id\":\"https:\\\/\\\/www.uartes.edu.ec\\\/sitio\\\/fr\\\/blog\\\/2021\\\/09\\\/01\\\/uartes-firma-con-la-universidad-de-guayaquil-un-convenio-marco-de-cooperacion-interinstitucional\\\/#primaryimage\"},\"thumbnailUrl\":\"https:\\\/\\\/www.uartes.edu.ec\\\/sitio\\\/wp-content\\\/uploads\\\/2021\\\/09\\\/02-UARTES-UG.jpg\",\"datePublished\":\"2021-09-01T15:25:00+00:00\",\"dateModified\":\"2024-07-04T16:25:56+00:00\",\"description\":\"Universidad de las Artes - UArtes firma con la Universidad de Guayaquil un Convenio Marco de Cooperaci\u00f3n Interinstitucional\",\"breadcrumb\":{\"@id\":\"https:\\\/\\\/www.uartes.edu.ec\\\/sitio\\\/fr\\\/blog\\\/2021\\\/09\\\/01\\\/uartes-firma-con-la-universidad-de-guayaquil-un-convenio-marco-de-cooperacion-interinstitucional\\\/#breadcrumb\"},\"inLanguage\":\"fr-FR\",\"potentialAction\":[{\"@type\":\"ReadAction\",\"target\":[\"https:\\\/\\\/www.uartes.edu.ec\\\/sitio\\\/fr\\\/blog\\\/2021\\\/09\\\/01\\\/uartes-firma-con-la-universidad-de-guayaquil-un-convenio-marco-de-cooperacion-interinstitucional\\\/\"]}]},{\"@type\":\"ImageObject\",\"inLanguage\":\"fr-FR\",\"@id\":\"https:\\\/\\\/www.uartes.edu.ec\\\/sitio\\\/fr\\\/blog\\\/2021\\\/09\\\/01\\\/uartes-firma-con-la-universidad-de-guayaquil-un-convenio-marco-de-cooperacion-interinstitucional\\\/#primaryimage\",\"url\":\"https:\\\/\\\/www.uartes.edu.ec\\\/sitio\\\/wp-content\\\/uploads\\\/2021\\\/09\\\/02-UARTES-UG.jpg\",\"contentUrl\":\"https:\\\/\\\/www.uartes.edu.ec\\\/sitio\\\/wp-content\\\/uploads\\\/2021\\\/09\\\/02-UARTES-UG.jpg\",\"width\":2000,\"height\":1333},{\"@type\":\"BreadcrumbList\",\"@id\":\"https:\\\/\\\/www.uartes.edu.ec\\\/sitio\\\/fr\\\/blog\\\/2021\\\/09\\\/01\\\/uartes-firma-con-la-universidad-de-guayaquil-un-convenio-marco-de-cooperacion-interinstitucional\\\/#breadcrumb\",\"itemListElement\":[{\"@type\":\"ListItem\",\"position\":1,\"name\":\"Inicio\",\"item\":\"https:\\\/\\\/www.uartes.edu.ec\\\/sitio\\\/\"},{\"@type\":\"ListItem\",\"position\":2,\"name\":\"UArtes firma con la Universidad de Guayaquil un Convenio Marco de Cooperaci\u00f3n Interinstitucional\"}]},{\"@type\":\"WebSite\",\"@id\":\"https:\\\/\\\/www.uartes.edu.ec\\\/sitio\\\/fr\\\/#website\",\"url\":\"https:\\\/\\\/www.uartes.edu.ec\\\/sitio\\\/fr\\\/\",\"name\":\"Universidad de las Artes\",\"description\":\"Sitio oficial de la Universidad Nacional de las Artes del Ecuador\",\"publisher\":{\"@id\":\"https:\\\/\\\/www.uartes.edu.ec\\\/sitio\\\/fr\\\/#organization\"},\"potentialAction\":[{\"@type\":\"SearchAction\",\"target\":{\"@type\":\"EntryPoint\",\"urlTemplate\":\"https:\\\/\\\/www.uartes.edu.ec\\\/sitio\\\/fr\\\/?s={search_term_string}\"},\"query-input\":{\"@type\":\"PropertyValueSpecification\",\"valueRequired\":true,\"valueName\":\"search_term_string\"}}],\"inLanguage\":\"fr-FR\"},{\"@type\":\"Organization\",\"@id\":\"https:\\\/\\\/www.uartes.edu.ec\\\/sitio\\\/fr\\\/#organization\",\"name\":\"Universidad de las Artes\",\"url\":\"https:\\\/\\\/www.uartes.edu.ec\\\/sitio\\\/fr\\\/\",\"logo\":{\"@type\":\"ImageObject\",\"inLanguage\":\"fr-FR\",\"@id\":\"https:\\\/\\\/www.uartes.edu.ec\\\/sitio\\\/fr\\\/#\\\/schema\\\/logo\\\/image\\\/\",\"url\":\"https:\\\/\\\/www.uartes.edu.ec\\\/sitio\\\/wp-content\\\/uploads\\\/2022\\\/07\\\/logo-ua-horizontal.png\",\"contentUrl\":\"https:\\\/\\\/www.uartes.edu.ec\\\/sitio\\\/wp-content\\\/uploads\\\/2022\\\/07\\\/logo-ua-horizontal.png\",\"width\":800,\"height\":276,\"caption\":\"Universidad de las Artes\"},\"image\":{\"@id\":\"https:\\\/\\\/www.uartes.edu.ec\\\/sitio\\\/fr\\\/#\\\/schema\\\/logo\\\/image\\\/\"},\"sameAs\":[\"https:\\\/\\\/www.facebook.com\\\/uartesec\",\"https:\\\/\\\/x.com\\\/uartesec\",\"https:\\\/\\\/www.tiktok.com\\\/@uartesec\"]},{\"@type\":\"Person\",\"@id\":\"https:\\\/\\\/www.uartes.edu.ec\\\/sitio\\\/fr\\\/#\\\/schema\\\/person\\\/5374e8c901d217252e42ba3c04399dd6\",\"name\":\"tmariduena\",\"image\":{\"@type\":\"ImageObject\",\"inLanguage\":\"fr-FR\",\"@id\":\"https:\\\/\\\/secure.gravatar.com\\\/avatar\\\/20778b5ee784b2262381c66dd01e01078412c554f20b8232234574602e22ba24?s=96&d=mm&r=g\",\"url\":\"https:\\\/\\\/secure.gravatar.com\\\/avatar\\\/20778b5ee784b2262381c66dd01e01078412c554f20b8232234574602e22ba24?s=96&d=mm&r=g\",\"contentUrl\":\"https:\\\/\\\/secure.gravatar.com\\\/avatar\\\/20778b5ee784b2262381c66dd01e01078412c554f20b8232234574602e22ba24?s=96&d=mm&r=g\",\"caption\":\"tmariduena\"},\"url\":\"https:\\\/\\\/www.uartes.edu.ec\\\/sitio\\\/fr\\\/blog\\\/author\\\/tmariduena\\\/\"}]}<\/script>\n<!-- \/ Yoast SEO plugin. -->","yoast_head_json":{"title":"Universidad de las Artes - UArtes firma con la Universidad de Guayaquil un Convenio Marco de Cooperaci\u00f3n Interinstitucional","description":"Universidad de las Artes - UArtes firma con la Universidad de Guayaquil un Convenio Marco de Cooperaci\u00f3n Interinstitucional","robots":{"index":"index","follow":"follow","max-snippet":"max-snippet:-1","max-image-preview":"max-image-preview:large","max-video-preview":"max-video-preview:-1"},"canonical":"https:\/\/www.uartes.edu.ec\/sitio\/fr\/blog\/2021\/09\/01\/uartes-firma-con-la-universidad-de-guayaquil-un-convenio-marco-de-cooperacion-interinstitucional\/","og_locale":"fr_FR","og_type":"article","og_title":"Universidad de las Artes - UArtes firma con la Universidad de Guayaquil un Convenio Marco de Cooperaci\u00f3n Interinstitucional","og_description":"Universidad de las Artes - UArtes firma con la Universidad de Guayaquil un Convenio Marco de Cooperaci\u00f3n Interinstitucional","og_url":"https:\/\/www.uartes.edu.ec\/sitio\/fr\/blog\/2021\/09\/01\/uartes-firma-con-la-universidad-de-guayaquil-un-convenio-marco-de-cooperacion-interinstitucional\/","og_site_name":"Universidad de las Artes","article_publisher":"https:\/\/www.facebook.com\/uartesec","article_published_time":"2021-09-01T15:25:00+00:00","article_modified_time":"2024-07-04T16:25:56+00:00","og_image":[{"width":2000,"height":1333,"url":"https:\/\/www.uartes.edu.ec\/sitio\/wp-content\/uploads\/2021\/09\/02-UARTES-UG.jpg","type":"image\/jpeg"}],"author":"tmariduena","twitter_card":"summary_large_image","twitter_creator":"@uartesec","twitter_site":"@uartesec","twitter_misc":{"\u00c9crit par":"tmariduena","Dur\u00e9e de lecture estim\u00e9e":"4 minutes"},"schema":{"@context":"https:\/\/schema.org","@graph":[{"@type":"Article","@id":"https:\/\/www.uartes.edu.ec\/sitio\/fr\/blog\/2021\/09\/01\/uartes-firma-con-la-universidad-de-guayaquil-un-convenio-marco-de-cooperacion-interinstitucional\/#article","isPartOf":{"@id":"https:\/\/www.uartes.edu.ec\/sitio\/fr\/blog\/2021\/09\/01\/uartes-firma-con-la-universidad-de-guayaquil-un-convenio-marco-de-cooperacion-interinstitucional\/"},"author":{"name":"tmariduena","@id":"https:\/\/www.uartes.edu.ec\/sitio\/fr\/#\/schema\/person\/5374e8c901d217252e42ba3c04399dd6"},"headline":"UArtes firma con la Universidad de Guayaquil un Convenio Marco de Cooperaci\u00f3n Interinstitucional","datePublished":"2021-09-01T15:25:00+00:00","dateModified":"2024-07-04T16:25:56+00:00","mainEntityOfPage":{"@id":"https:\/\/www.uartes.edu.ec\/sitio\/fr\/blog\/2021\/09\/01\/uartes-firma-con-la-universidad-de-guayaquil-un-convenio-marco-de-cooperacion-interinstitucional\/"},"wordCount":848,"commentCount":0,"publisher":{"@id":"https:\/\/www.uartes.edu.ec\/sitio\/fr\/#organization"},"image":{"@id":"https:\/\/www.uartes.edu.ec\/sitio\/fr\/blog\/2021\/09\/01\/uartes-firma-con-la-universidad-de-guayaquil-un-convenio-marco-de-cooperacion-interinstitucional\/#primaryimage"},"thumbnailUrl":"https:\/\/www.uartes.edu.ec\/sitio\/wp-content\/uploads\/2021\/09\/02-UARTES-UG.jpg","keywords":["Bradley Hilgert","interinstitucional","William Herrera"],"articleSection":["Gesti\u00f3n","Rectorado"],"inLanguage":"fr-FR","potentialAction":[{"@type":"CommentAction","name":"Comment","target":["https:\/\/www.uartes.edu.ec\/sitio\/fr\/blog\/2021\/09\/01\/uartes-firma-con-la-universidad-de-guayaquil-un-convenio-marco-de-cooperacion-interinstitucional\/#respond"]}]},{"@type":["WebPage","ItemPage"],"@id":"https:\/\/www.uartes.edu.ec\/sitio\/fr\/blog\/2021\/09\/01\/uartes-firma-con-la-universidad-de-guayaquil-un-convenio-marco-de-cooperacion-interinstitucional\/","url":"https:\/\/www.uartes.edu.ec\/sitio\/fr\/blog\/2021\/09\/01\/uartes-firma-con-la-universidad-de-guayaquil-un-convenio-marco-de-cooperacion-interinstitucional\/","name":"Universidad de las Artes - UArtes firma con la Universidad de Guayaquil un Convenio Marco de Cooperaci\u00f3n Interinstitucional","isPartOf":{"@id":"https:\/\/www.uartes.edu.ec\/sitio\/fr\/#website"},"primaryImageOfPage":{"@id":"https:\/\/www.uartes.edu.ec\/sitio\/fr\/blog\/2021\/09\/01\/uartes-firma-con-la-universidad-de-guayaquil-un-convenio-marco-de-cooperacion-interinstitucional\/#primaryimage"},"image":{"@id":"https:\/\/www.uartes.edu.ec\/sitio\/fr\/blog\/2021\/09\/01\/uartes-firma-con-la-universidad-de-guayaquil-un-convenio-marco-de-cooperacion-interinstitucional\/#primaryimage"},"thumbnailUrl":"https:\/\/www.uartes.edu.ec\/sitio\/wp-content\/uploads\/2021\/09\/02-UARTES-UG.jpg","datePublished":"2021-09-01T15:25:00+00:00","dateModified":"2024-07-04T16:25:56+00:00","description":"Universidad de las Artes - UArtes firma con la Universidad de Guayaquil un Convenio Marco de Cooperaci\u00f3n Interinstitucional","breadcrumb":{"@id":"https:\/\/www.uartes.edu.ec\/sitio\/fr\/blog\/2021\/09\/01\/uartes-firma-con-la-universidad-de-guayaquil-un-convenio-marco-de-cooperacion-interinstitucional\/#breadcrumb"},"inLanguage":"fr-FR","potentialAction":[{"@type":"ReadAction","target":["https:\/\/www.uartes.edu.ec\/sitio\/fr\/blog\/2021\/09\/01\/uartes-firma-con-la-universidad-de-guayaquil-un-convenio-marco-de-cooperacion-interinstitucional\/"]}]},{"@type":"ImageObject","inLanguage":"fr-FR","@id":"https:\/\/www.uartes.edu.ec\/sitio\/fr\/blog\/2021\/09\/01\/uartes-firma-con-la-universidad-de-guayaquil-un-convenio-marco-de-cooperacion-interinstitucional\/#primaryimage","url":"https:\/\/www.uartes.edu.ec\/sitio\/wp-content\/uploads\/2021\/09\/02-UARTES-UG.jpg","contentUrl":"https:\/\/www.uartes.edu.ec\/sitio\/wp-content\/uploads\/2021\/09\/02-UARTES-UG.jpg","width":2000,"height":1333},{"@type":"BreadcrumbList","@id":"https:\/\/www.uartes.edu.ec\/sitio\/fr\/blog\/2021\/09\/01\/uartes-firma-con-la-universidad-de-guayaquil-un-convenio-marco-de-cooperacion-interinstitucional\/#breadcrumb","itemListElement":[{"@type":"ListItem","position":1,"name":"Inicio","item":"https:\/\/www.uartes.edu.ec\/sitio\/"},{"@type":"ListItem","position":2,"name":"UArtes firma con la Universidad de Guayaquil un Convenio Marco de Cooperaci\u00f3n Interinstitucional"}]},{"@type":"WebSite","@id":"https:\/\/www.uartes.edu.ec\/sitio\/fr\/#website","url":"https:\/\/www.uartes.edu.ec\/sitio\/fr\/","name":"Universidad de las Artes","description":"Sitio oficial de la Universidad Nacional de las Artes del Ecuador","publisher":{"@id":"https:\/\/www.uartes.edu.ec\/sitio\/fr\/#organization"},"potentialAction":[{"@type":"SearchAction","target":{"@type":"EntryPoint","urlTemplate":"https:\/\/www.uartes.edu.ec\/sitio\/fr\/?s={search_term_string}"},"query-input":{"@type":"PropertyValueSpecification","valueRequired":true,"valueName":"search_term_string"}}],"inLanguage":"fr-FR"},{"@type":"Organization","@id":"https:\/\/www.uartes.edu.ec\/sitio\/fr\/#organization","name":"Universidad de las Artes","url":"https:\/\/www.uartes.edu.ec\/sitio\/fr\/","logo":{"@type":"ImageObject","inLanguage":"fr-FR","@id":"https:\/\/www.uartes.edu.ec\/sitio\/fr\/#\/schema\/logo\/image\/","url":"https:\/\/www.uartes.edu.ec\/sitio\/wp-content\/uploads\/2022\/07\/logo-ua-horizontal.png","contentUrl":"https:\/\/www.uartes.edu.ec\/sitio\/wp-content\/uploads\/2022\/07\/logo-ua-horizontal.png","width":800,"height":276,"caption":"Universidad de las Artes"},"image":{"@id":"https:\/\/www.uartes.edu.ec\/sitio\/fr\/#\/schema\/logo\/image\/"},"sameAs":["https:\/\/www.facebook.com\/uartesec","https:\/\/x.com\/uartesec","https:\/\/www.tiktok.com\/@uartesec"]},{"@type":"Person","@id":"https:\/\/www.uartes.edu.ec\/sitio\/fr\/#\/schema\/person\/5374e8c901d217252e42ba3c04399dd6","name":"tmariduena","image":{"@type":"ImageObject","inLanguage":"fr-FR","@id":"https:\/\/secure.gravatar.com\/avatar\/20778b5ee784b2262381c66dd01e01078412c554f20b8232234574602e22ba24?s=96&d=mm&r=g","url":"https:\/\/secure.gravatar.com\/avatar\/20778b5ee784b2262381c66dd01e01078412c554f20b8232234574602e22ba24?s=96&d=mm&r=g","contentUrl":"https:\/\/secure.gravatar.com\/avatar\/20778b5ee784b2262381c66dd01e01078412c554f20b8232234574602e22ba24?s=96&d=mm&r=g","caption":"tmariduena"},"url":"https:\/\/www.uartes.edu.ec\/sitio\/fr\/blog\/author\/tmariduena\/"}]}},"uagb_featured_image_src":{"full":["https:\/\/www.uartes.edu.ec\/sitio\/wp-content\/uploads\/2021\/09\/02-UARTES-UG.jpg",2000,1333,false],"thumbnail":["https:\/\/www.uartes.edu.ec\/sitio\/wp-content\/uploads\/2021\/09\/02-UARTES-UG-150x150.jpg",150,150,true],"medium":["https:\/\/www.uartes.edu.ec\/sitio\/wp-content\/uploads\/2021\/09\/02-UARTES-UG-300x200.jpg",300,200,true],"medium_large":["https:\/\/www.uartes.edu.ec\/sitio\/wp-content\/uploads\/2021\/09\/02-UARTES-UG-768x512.jpg",768,512,true],"large":["https:\/\/www.uartes.edu.ec\/sitio\/wp-content\/uploads\/2021\/09\/02-UARTES-UG-644x429.jpg",644,429,true],"1536x1536":["https:\/\/www.uartes.edu.ec\/sitio\/wp-content\/uploads\/2021\/09\/02-UARTES-UG-1536x1024.jpg",1536,1024,true],"2048x2048":["https:\/\/www.uartes.edu.ec\/sitio\/wp-content\/uploads\/2021\/09\/02-UARTES-UG.jpg",2000,1333,false],"trp-custom-language-flag":["https:\/\/www.uartes.edu.ec\/sitio\/wp-content\/uploads\/2021\/09\/02-UARTES-UG-16x12.jpg",16,12,true],"htmega_size_585x295":["https:\/\/www.uartes.edu.ec\/sitio\/wp-content\/uploads\/2021\/09\/02-UARTES-UG-585x295.jpg",585,295,true],"htmega_size_1170x536":["https:\/\/www.uartes.edu.ec\/sitio\/wp-content\/uploads\/2021\/09\/02-UARTES-UG-1170x536.jpg",1170,536,true],"htmega_size_396x360":["https:\/\/www.uartes.edu.ec\/sitio\/wp-content\/uploads\/2021\/09\/02-UARTES-UG-396x360.jpg",396,360,true],"gb-block-post-grid-landscape":["https:\/\/www.uartes.edu.ec\/sitio\/wp-content\/uploads\/2021\/09\/02-UARTES-UG.jpg",600,400,false],"gb-block-post-grid-square":["https:\/\/www.uartes.edu.ec\/sitio\/wp-content\/uploads\/2021\/09\/02-UARTES-UG.jpg",600,400,false],"university-hub-thumb":["https:\/\/www.uartes.edu.ec\/sitio\/wp-content\/uploads\/2021\/09\/02-UARTES-UG-400x267.jpg",400,267,true],"mailpoet_newsletter_max":["https:\/\/www.uartes.edu.ec\/sitio\/wp-content\/uploads\/2021\/09\/02-UARTES-UG.jpg",1320,880,false]},"uagb_author_info":{"display_name":"tmariduena","author_link":"https:\/\/www.uartes.edu.ec\/sitio\/fr\/blog\/author\/tmariduena\/"},"uagb_comment_info":0,"uagb_excerpt":"Los vicerrectores acad\u00e9micos de la Universidad de Guayaquil y la Universidad de las Artes, doctores Sof\u00eda Lovato y Bradley Hilgert, respectivamente, fueron los primeros en exponer, sustentar y resaltar los motivos por los cuales ambas instituciones de educaci\u00f3n superior firmaban un Convenio Marco Cooperaci\u00f3n Interinstitucional.","featured_image_src":"https:\/\/www.uartes.edu.ec\/sitio\/wp-content\/uploads\/2021\/09\/02-UARTES-UG.jpg","featured_image_src_square":"https:\/\/www.uartes.edu.ec\/sitio\/wp-content\/uploads\/2021\/09\/02-UARTES-UG.jpg","author_info":{"display_name":"tmariduena","author_link":"https:\/\/www.uartes.edu.ec\/sitio\/fr\/blog\/author\/tmariduena\/"},"publishpress_future_workflow_manual_trigger":{"enabledWorkflows":[]},"distributor_meta":false,"distributor_terms":false,"distributor_media":false,"distributor_original_site_name":"Universidad de las Artes","distributor_original_site_url":"https:\/\/www.uartes.edu.ec\/sitio\/fr","push-errors":false,"_links":{"self":[{"href":"https:\/\/www.uartes.edu.ec\/sitio\/fr\/wp-json\/wp\/v2\/posts\/15815","targetHints":{"allow":["GET"]}}],"collection":[{"href":"https:\/\/www.uartes.edu.ec\/sitio\/fr\/wp-json\/wp\/v2\/posts"}],"about":[{"href":"https:\/\/www.uartes.edu.ec\/sitio\/fr\/wp-json\/wp\/v2\/types\/post"}],"author":[{"embeddable":true,"href":"https:\/\/www.uartes.edu.ec\/sitio\/fr\/wp-json\/wp\/v2\/users\/9"}],"replies":[{"embeddable":true,"href":"https:\/\/www.uartes.edu.ec\/sitio\/fr\/wp-json\/wp\/v2\/comments?post=15815"}],"version-history":[{"count":3,"href":"https:\/\/www.uartes.edu.ec\/sitio\/fr\/wp-json\/wp\/v2\/posts\/15815\/revisions"}],"predecessor-version":[{"id":15843,"href":"https:\/\/www.uartes.edu.ec\/sitio\/fr\/wp-json\/wp\/v2\/posts\/15815\/revisions\/15843"}],"wp:featuredmedia":[{"embeddable":true,"href":"https:\/\/www.uartes.edu.ec\/sitio\/fr\/wp-json\/wp\/v2\/media\/15819"}],"wp:attachment":[{"href":"https:\/\/www.uartes.edu.ec\/sitio\/fr\/wp-json\/wp\/v2\/media?parent=15815"}],"wp:term":[{"taxonomy":"category","embeddable":true,"href":"https:\/\/www.uartes.edu.ec\/sitio\/fr\/wp-json\/wp\/v2\/categories?post=15815"},{"taxonomy":"post_tag","embeddable":true,"href":"https:\/\/www.uartes.edu.ec\/sitio\/fr\/wp-json\/wp\/v2\/tags?post=15815"},{"taxonomy":"infouartes","embeddable":true,"href":"https:\/\/www.uartes.edu.ec\/sitio\/fr\/wp-json\/wp\/v2\/infouartes?post=15815"}],"curies":[{"name":"wp","href":"https:\/\/api.w.org\/{rel}","templated":true}]}}