{"id":15851,"date":"2021-08-31T16:00:00","date_gmt":"2021-08-31T21:00:00","guid":{"rendered":"http:\/\/www.uartes.edu.ec\/sitio\/?p=15851"},"modified":"2024-07-04T11:25:56","modified_gmt":"2024-07-04T16:25:56","slug":"victor-mendoza-estudiante-de-artes-visuales-presenta-goodwill-en-la-galeria-del-mz14","status":"publish","type":"post","link":"https:\/\/www.uartes.edu.ec\/sitio\/fr\/blog\/2021\/09\/01\/victor-mendoza-estudiante-de-artes-visuales-presenta-goodwill-en-la-galeria-del-mz14\/","title":{"rendered":"V\u00edctor Mendoza, estudiante de Artes Visuales, presenta \u201cGOODWILL\u201d en la Galer\u00eda del MZ14"},"content":{"rendered":"<p>Siete piezas principales en bastidores de gran formato componen la muestra GOODWILL que V\u00edctor Hugo Mendoza, estudiante de la Escuela de Artes Visuales, inaugura este 1 de septiembre de 2021. Estas y varios elementos sat\u00e9lites llamados target, cuya funci\u00f3n es conectar las obras principales, se exhibir\u00e1n en la Galer\u00eda del Centro de Producci\u00f3n e Innovaci\u00f3n MZ14 de la Universidad de las Artes.<\/p>\n\n\n\n<p>En di\u00e1logo con InfoUArtes, el estudiante-artista indic\u00f3 que la t\u00e9cnica dominante en su propuesta es el acr\u00edlico sobre lienzo, \u201cpero tambi\u00e9n he usado \u00f3leo en una de ellas y otros materiales mixtos, como el caf\u00e9 molido mezclado con goma acr\u00edlica\u201d.<\/p>\n\n\n\n<p>Su muestra se relaciona con el proceso final de la materia de Pict\u00f3ricas II, a cargo del profesor Saidel Brito (no es de titulaci\u00f3n). \u201cActualmente tengo aprobado el octavo semestre y continuar\u00e9 el noveno en octubre de este a\u00f1o para continuar con mi itinerario de Pict\u00f3ricas en la carrera de Artes Visuales\u201d.<\/p>\n\n\n\n<p>La exposici\u00f3n GOODWILL es individual y coincide con la de Jefferson Onofre por la decisi\u00f3n y el deseo de ayudarlo compartiendo el espacio y colabor\u00e1ndole con su contingente y experiencia. Esto debido a la condici\u00f3n de vulnerabilidad que presenta el tambi\u00e9n estudiante de Artes Visuales de la UArtes, quien tiene discapacidad para hablar y escuchar, pero cuenta con capacidades especiales para la pintura. \u201cPienso que todo proceso de arte debe aportar algo de valor a la comunidad\u201d, expresa V\u00edctor Mendoza.<\/p>\n\n\n\n<p>Agrega que antes y durante su carrera ha participado en diferentes muestras pict\u00f3ricas y que a partir de su ingreso al Instituto Tecnol\u00f3gico de Artes del Ecuador (ITAE) y a la UArtes estas intervenciones pict\u00f3ricas han sido colectivas. Entre otras exposiciones, el artista menciona Se Alquila\/P\u00fablico (en 2015), Dimensiones Variables (Volumen 1 y Volumen 2, en 2020) y Se me viene y se me va (en 2021). Entre los proyectos se\u00f1ala: \u201cGuayaquil, ciudad de las artes 2013-2020\u201d y \u201cEmergente Ensamblagge Guayaquil, 2020\u201d.<\/p>\n\n\n\n<p>La exposici\u00f3n GOODWILL se mantendr\u00e1 abierta hasta el martes 7 de septiembre; se puede visitar de lunes a s\u00e1bado, de 10:00 a 17:00.<\/p>\n\n\n\n<p>Apuntes: La curadur\u00eda de la muestra GOODWILL de V\u00edctor Mendoza la hizo Ren\u00e9 Ponce, aqu\u00ed su an\u00e1lisis: El capital inmobiliario que posee V\u00edctor Hugo procede de sus a\u00f1oranzas de los d\u00edas que acompa\u00f1aba a su padre al trabajo, con la experticia natural que tienen los ni\u00f1os para sobredimensionar las cosas cuando juegan, comienza una singular transformaci\u00f3n del espacio. Con el tiempo se convierte en auditor de profesi\u00f3n, otrora su sola presencia pon\u00eda orden y disciplina, cada cosa en su lugar, cuentas claras y cimientos fuertes en la administraci\u00f3n. Pero hoy, V\u00edctor Hugo cursa estudios superiores de Artes Visuales, sesgados por el arte, encarna un auditor marcado por el signo est\u00e9tico, po\u00e9ticamente expandido y de mayor color; con un estilo de vida totalmente permisivo con las reglas.<\/p>\n\n\n\n<p>Sin embargo, las r\u00edgidas ideas de auditoria gravitan sobre la existencia del artista, filtr\u00e1ndose (a ratos) en las interrogantes espaciales y conceptuales que su trabajo plantea, donde lo imaginario, lo \u00edntimo y lo subjetivo, son las dimensiones que le ofrecen a V\u00edctor Hugo la capacidad de humanizar en algo a esas edificaciones que se\u00f1ala.<\/p>\n\n\n\n<p>Cuando me enfrento a sus pinturas, con fuerte protagonismo de la actitud que tributa y se\u00f1ala a los espacios desolados, se me antoja preguntarme por esa masa humana que no aparece, en qu\u00e9 momento de la pintura quedaron atr\u00e1s. Pero, ciertamente no importa, es solo un impulso por mantener la ilusi\u00f3n, la presencia de lo humano est\u00e1 en el silencio, casi perimetral, en el deseo natural de la conquista, en el af\u00e1n de ser parte de alg\u00fan continente.<\/p>\n\n\n\n<p>Esto de apelar al espacio, al vac\u00edo y el tiempo; es bien sabido que no es \u00fanicamente patrimonio de las artes visuales, el cine o la literatura; es innegable principio de creaci\u00f3n para individuos como el auditor que es V\u00edctor Hugo, sensible al pensamiento que dio cuerpo y sentido al paisaje.<\/p>\n\n\n\n<p>De ni\u00f1o, V\u00edctor Hugo hizo de la oficina de su padre, un parque de diversiones donde sillas, mesas, archivadores y dem\u00e1s muebles de oficina, complementaban su diversi\u00f3n. De la mano de lo contado, el artista nos revela im\u00e1genes que ilustran el mundo l\u00fadico de su infancia, de como esos juegos infantiles determinaron y reproducen (ahora) escenograf\u00edas muy bien fabuladas.<\/p>","protected":false},"excerpt":{"rendered":"<p>Siete piezas principales en bastidores de gran formato componen la muestra GOODWILL que V\u00edctor Hugo Mendoza, estudiante de la Escuela de Artes Visuales, inaugura este 1 de septiembre de 2021. Estas y varios elementos sat\u00e9lites llamados target, cuya funci\u00f3n es conectar las obras principales, se exhibir\u00e1n en la Galer\u00eda del Centro de Producci\u00f3n e Innovaci\u00f3n [&hellip;]<\/p>\n","protected":false},"author":9,"featured_media":15853,"comment_status":"open","ping_status":"open","sticky":false,"template":"","format":"standard","meta":{"_acf_changed":false,"_uag_custom_page_level_css":"","_monsterinsights_skip_tracking":false,"_monsterinsights_sitenote_active":false,"_monsterinsights_sitenote_note":"","_monsterinsights_sitenote_category":0,"cybocfi_hide_featured_image":"","footnotes":""},"categories":[157,76],"tags":[507],"infouartes":[],"class_list":["post-15851","post","type-post","status-publish","format-standard","has-post-thumbnail","hentry","category-artes-visuales","category-estudiantes","tag-artes-visuales"],"acf":[],"yoast_head":"<!-- This site is optimized with the Yoast SEO plugin v27.4 - https:\/\/yoast.com\/product\/yoast-seo-wordpress\/ -->\n<title>Universidad de las Artes - V\u00edctor Mendoza, estudiante de Artes Visuales, presenta \u201cGOODWILL\u201d en la Galer\u00eda del MZ14<\/title>\n<meta name=\"description\" content=\"Universidad de las Artes - V\u00edctor Mendoza, estudiante de Artes Visuales, presenta \u201cGOODWILL\u201d en la Galer\u00eda del MZ14\" \/>\n<meta name=\"robots\" content=\"index, follow, max-snippet:-1, max-image-preview:large, max-video-preview:-1\" \/>\n<link rel=\"canonical\" href=\"https:\/\/www.uartes.edu.ec\/sitio\/fr\/blog\/2021\/09\/01\/victor-mendoza-estudiante-de-artes-visuales-presenta-goodwill-en-la-galeria-del-mz14\/\" \/>\n<meta property=\"og:locale\" content=\"fr_FR\" \/>\n<meta property=\"og:type\" content=\"article\" \/>\n<meta property=\"og:title\" content=\"Universidad de las Artes - V\u00edctor Mendoza, estudiante de Artes Visuales, presenta \u201cGOODWILL\u201d en la Galer\u00eda del MZ14\" \/>\n<meta property=\"og:description\" content=\"Universidad de las Artes - V\u00edctor Mendoza, estudiante de Artes Visuales, presenta \u201cGOODWILL\u201d en la Galer\u00eda del MZ14\" \/>\n<meta property=\"og:url\" content=\"https:\/\/www.uartes.edu.ec\/sitio\/fr\/blog\/2021\/09\/01\/victor-mendoza-estudiante-de-artes-visuales-presenta-goodwill-en-la-galeria-del-mz14\/\" \/>\n<meta property=\"og:site_name\" content=\"Universidad de las Artes\" \/>\n<meta property=\"article:publisher\" content=\"https:\/\/www.facebook.com\/uartesec\" \/>\n<meta property=\"article:published_time\" content=\"2021-08-31T21:00:00+00:00\" \/>\n<meta property=\"article:modified_time\" content=\"2024-07-04T16:25:56+00:00\" \/>\n<meta property=\"og:image\" content=\"https:\/\/www.uartes.edu.ec\/sitio\/wp-content\/uploads\/2021\/09\/GOODWILL-VICTOR-HUGO-2021.jpg\" \/>\n\t<meta property=\"og:image:width\" content=\"2000\" \/>\n\t<meta property=\"og:image:height\" content=\"1334\" \/>\n\t<meta property=\"og:image:type\" content=\"image\/jpeg\" \/>\n<meta name=\"author\" content=\"tmariduena\" \/>\n<meta name=\"twitter:card\" content=\"summary_large_image\" \/>\n<meta name=\"twitter:creator\" content=\"@uartesec\" \/>\n<meta name=\"twitter:site\" content=\"@uartesec\" \/>\n<meta name=\"twitter:label1\" content=\"\u00c9crit par\" \/>\n\t<meta name=\"twitter:data1\" content=\"tmariduena\" \/>\n\t<meta name=\"twitter:label2\" content=\"Dur\u00e9e de lecture estim\u00e9e\" \/>\n\t<meta name=\"twitter:data2\" content=\"4 minutes\" \/>\n<script type=\"application\/ld+json\" class=\"yoast-schema-graph\">{\"@context\":\"https:\\\/\\\/schema.org\",\"@graph\":[{\"@type\":\"Article\",\"@id\":\"https:\\\/\\\/www.uartes.edu.ec\\\/sitio\\\/fr\\\/blog\\\/2021\\\/09\\\/01\\\/victor-mendoza-estudiante-de-artes-visuales-presenta-goodwill-en-la-galeria-del-mz14\\\/#article\",\"isPartOf\":{\"@id\":\"https:\\\/\\\/www.uartes.edu.ec\\\/sitio\\\/fr\\\/blog\\\/2021\\\/09\\\/01\\\/victor-mendoza-estudiante-de-artes-visuales-presenta-goodwill-en-la-galeria-del-mz14\\\/\"},\"author\":{\"name\":\"tmariduena\",\"@id\":\"https:\\\/\\\/www.uartes.edu.ec\\\/sitio\\\/fr\\\/#\\\/schema\\\/person\\\/5374e8c901d217252e42ba3c04399dd6\"},\"headline\":\"V\u00edctor Mendoza, estudiante de Artes Visuales, presenta \u201cGOODWILL\u201d en la Galer\u00eda del MZ14\",\"datePublished\":\"2021-08-31T21:00:00+00:00\",\"dateModified\":\"2024-07-04T16:25:56+00:00\",\"mainEntityOfPage\":{\"@id\":\"https:\\\/\\\/www.uartes.edu.ec\\\/sitio\\\/fr\\\/blog\\\/2021\\\/09\\\/01\\\/victor-mendoza-estudiante-de-artes-visuales-presenta-goodwill-en-la-galeria-del-mz14\\\/\"},\"wordCount\":775,\"commentCount\":0,\"publisher\":{\"@id\":\"https:\\\/\\\/www.uartes.edu.ec\\\/sitio\\\/fr\\\/#organization\"},\"image\":{\"@id\":\"https:\\\/\\\/www.uartes.edu.ec\\\/sitio\\\/fr\\\/blog\\\/2021\\\/09\\\/01\\\/victor-mendoza-estudiante-de-artes-visuales-presenta-goodwill-en-la-galeria-del-mz14\\\/#primaryimage\"},\"thumbnailUrl\":\"https:\\\/\\\/www.uartes.edu.ec\\\/sitio\\\/wp-content\\\/uploads\\\/2021\\\/09\\\/GOODWILL-VICTOR-HUGO-2021.jpg\",\"keywords\":[\"artes visuales\"],\"articleSection\":[\"Artes Visuales\",\"Estudiantes\"],\"inLanguage\":\"fr-FR\",\"potentialAction\":[{\"@type\":\"CommentAction\",\"name\":\"Comment\",\"target\":[\"https:\\\/\\\/www.uartes.edu.ec\\\/sitio\\\/fr\\\/blog\\\/2021\\\/09\\\/01\\\/victor-mendoza-estudiante-de-artes-visuales-presenta-goodwill-en-la-galeria-del-mz14\\\/#respond\"]}]},{\"@type\":[\"WebPage\",\"ItemPage\"],\"@id\":\"https:\\\/\\\/www.uartes.edu.ec\\\/sitio\\\/fr\\\/blog\\\/2021\\\/09\\\/01\\\/victor-mendoza-estudiante-de-artes-visuales-presenta-goodwill-en-la-galeria-del-mz14\\\/\",\"url\":\"https:\\\/\\\/www.uartes.edu.ec\\\/sitio\\\/fr\\\/blog\\\/2021\\\/09\\\/01\\\/victor-mendoza-estudiante-de-artes-visuales-presenta-goodwill-en-la-galeria-del-mz14\\\/\",\"name\":\"Universidad de las Artes - V\u00edctor Mendoza, estudiante de Artes Visuales, presenta \u201cGOODWILL\u201d en la Galer\u00eda del MZ14\",\"isPartOf\":{\"@id\":\"https:\\\/\\\/www.uartes.edu.ec\\\/sitio\\\/fr\\\/#website\"},\"primaryImageOfPage\":{\"@id\":\"https:\\\/\\\/www.uartes.edu.ec\\\/sitio\\\/fr\\\/blog\\\/2021\\\/09\\\/01\\\/victor-mendoza-estudiante-de-artes-visuales-presenta-goodwill-en-la-galeria-del-mz14\\\/#primaryimage\"},\"image\":{\"@id\":\"https:\\\/\\\/www.uartes.edu.ec\\\/sitio\\\/fr\\\/blog\\\/2021\\\/09\\\/01\\\/victor-mendoza-estudiante-de-artes-visuales-presenta-goodwill-en-la-galeria-del-mz14\\\/#primaryimage\"},\"thumbnailUrl\":\"https:\\\/\\\/www.uartes.edu.ec\\\/sitio\\\/wp-content\\\/uploads\\\/2021\\\/09\\\/GOODWILL-VICTOR-HUGO-2021.jpg\",\"datePublished\":\"2021-08-31T21:00:00+00:00\",\"dateModified\":\"2024-07-04T16:25:56+00:00\",\"description\":\"Universidad de las Artes - V\u00edctor Mendoza, estudiante de Artes Visuales, presenta \u201cGOODWILL\u201d en la Galer\u00eda del MZ14\",\"breadcrumb\":{\"@id\":\"https:\\\/\\\/www.uartes.edu.ec\\\/sitio\\\/fr\\\/blog\\\/2021\\\/09\\\/01\\\/victor-mendoza-estudiante-de-artes-visuales-presenta-goodwill-en-la-galeria-del-mz14\\\/#breadcrumb\"},\"inLanguage\":\"fr-FR\",\"potentialAction\":[{\"@type\":\"ReadAction\",\"target\":[\"https:\\\/\\\/www.uartes.edu.ec\\\/sitio\\\/fr\\\/blog\\\/2021\\\/09\\\/01\\\/victor-mendoza-estudiante-de-artes-visuales-presenta-goodwill-en-la-galeria-del-mz14\\\/\"]}]},{\"@type\":\"ImageObject\",\"inLanguage\":\"fr-FR\",\"@id\":\"https:\\\/\\\/www.uartes.edu.ec\\\/sitio\\\/fr\\\/blog\\\/2021\\\/09\\\/01\\\/victor-mendoza-estudiante-de-artes-visuales-presenta-goodwill-en-la-galeria-del-mz14\\\/#primaryimage\",\"url\":\"https:\\\/\\\/www.uartes.edu.ec\\\/sitio\\\/wp-content\\\/uploads\\\/2021\\\/09\\\/GOODWILL-VICTOR-HUGO-2021.jpg\",\"contentUrl\":\"https:\\\/\\\/www.uartes.edu.ec\\\/sitio\\\/wp-content\\\/uploads\\\/2021\\\/09\\\/GOODWILL-VICTOR-HUGO-2021.jpg\",\"width\":2000,\"height\":1334},{\"@type\":\"BreadcrumbList\",\"@id\":\"https:\\\/\\\/www.uartes.edu.ec\\\/sitio\\\/fr\\\/blog\\\/2021\\\/09\\\/01\\\/victor-mendoza-estudiante-de-artes-visuales-presenta-goodwill-en-la-galeria-del-mz14\\\/#breadcrumb\",\"itemListElement\":[{\"@type\":\"ListItem\",\"position\":1,\"name\":\"Inicio\",\"item\":\"https:\\\/\\\/www.uartes.edu.ec\\\/sitio\\\/\"},{\"@type\":\"ListItem\",\"position\":2,\"name\":\"V\u00edctor Mendoza, estudiante de Artes Visuales, presenta \u201cGOODWILL\u201d en la Galer\u00eda del MZ14\"}]},{\"@type\":\"WebSite\",\"@id\":\"https:\\\/\\\/www.uartes.edu.ec\\\/sitio\\\/fr\\\/#website\",\"url\":\"https:\\\/\\\/www.uartes.edu.ec\\\/sitio\\\/fr\\\/\",\"name\":\"Universidad de las Artes\",\"description\":\"Sitio oficial de la Universidad Nacional de las Artes del Ecuador\",\"publisher\":{\"@id\":\"https:\\\/\\\/www.uartes.edu.ec\\\/sitio\\\/fr\\\/#organization\"},\"potentialAction\":[{\"@type\":\"SearchAction\",\"target\":{\"@type\":\"EntryPoint\",\"urlTemplate\":\"https:\\\/\\\/www.uartes.edu.ec\\\/sitio\\\/fr\\\/?s={search_term_string}\"},\"query-input\":{\"@type\":\"PropertyValueSpecification\",\"valueRequired\":true,\"valueName\":\"search_term_string\"}}],\"inLanguage\":\"fr-FR\"},{\"@type\":\"Organization\",\"@id\":\"https:\\\/\\\/www.uartes.edu.ec\\\/sitio\\\/fr\\\/#organization\",\"name\":\"Universidad de las Artes\",\"url\":\"https:\\\/\\\/www.uartes.edu.ec\\\/sitio\\\/fr\\\/\",\"logo\":{\"@type\":\"ImageObject\",\"inLanguage\":\"fr-FR\",\"@id\":\"https:\\\/\\\/www.uartes.edu.ec\\\/sitio\\\/fr\\\/#\\\/schema\\\/logo\\\/image\\\/\",\"url\":\"https:\\\/\\\/www.uartes.edu.ec\\\/sitio\\\/wp-content\\\/uploads\\\/2022\\\/07\\\/logo-ua-horizontal.png\",\"contentUrl\":\"https:\\\/\\\/www.uartes.edu.ec\\\/sitio\\\/wp-content\\\/uploads\\\/2022\\\/07\\\/logo-ua-horizontal.png\",\"width\":800,\"height\":276,\"caption\":\"Universidad de las Artes\"},\"image\":{\"@id\":\"https:\\\/\\\/www.uartes.edu.ec\\\/sitio\\\/fr\\\/#\\\/schema\\\/logo\\\/image\\\/\"},\"sameAs\":[\"https:\\\/\\\/www.facebook.com\\\/uartesec\",\"https:\\\/\\\/x.com\\\/uartesec\",\"https:\\\/\\\/www.tiktok.com\\\/@uartesec\"]},{\"@type\":\"Person\",\"@id\":\"https:\\\/\\\/www.uartes.edu.ec\\\/sitio\\\/fr\\\/#\\\/schema\\\/person\\\/5374e8c901d217252e42ba3c04399dd6\",\"name\":\"tmariduena\",\"image\":{\"@type\":\"ImageObject\",\"inLanguage\":\"fr-FR\",\"@id\":\"https:\\\/\\\/secure.gravatar.com\\\/avatar\\\/20778b5ee784b2262381c66dd01e01078412c554f20b8232234574602e22ba24?s=96&d=mm&r=g\",\"url\":\"https:\\\/\\\/secure.gravatar.com\\\/avatar\\\/20778b5ee784b2262381c66dd01e01078412c554f20b8232234574602e22ba24?s=96&d=mm&r=g\",\"contentUrl\":\"https:\\\/\\\/secure.gravatar.com\\\/avatar\\\/20778b5ee784b2262381c66dd01e01078412c554f20b8232234574602e22ba24?s=96&d=mm&r=g\",\"caption\":\"tmariduena\"},\"url\":\"https:\\\/\\\/www.uartes.edu.ec\\\/sitio\\\/fr\\\/blog\\\/author\\\/tmariduena\\\/\"}]}<\/script>\n<!-- \/ Yoast SEO plugin. -->","yoast_head_json":{"title":"Universidad de las Artes - V\u00edctor Mendoza, estudiante de Artes Visuales, presenta \u201cGOODWILL\u201d en la Galer\u00eda del MZ14","description":"Universidad de las Artes - V\u00edctor Mendoza, estudiante de Artes Visuales, presenta \u201cGOODWILL\u201d en la Galer\u00eda del MZ14","robots":{"index":"index","follow":"follow","max-snippet":"max-snippet:-1","max-image-preview":"max-image-preview:large","max-video-preview":"max-video-preview:-1"},"canonical":"https:\/\/www.uartes.edu.ec\/sitio\/fr\/blog\/2021\/09\/01\/victor-mendoza-estudiante-de-artes-visuales-presenta-goodwill-en-la-galeria-del-mz14\/","og_locale":"fr_FR","og_type":"article","og_title":"Universidad de las Artes - V\u00edctor Mendoza, estudiante de Artes Visuales, presenta \u201cGOODWILL\u201d en la Galer\u00eda del MZ14","og_description":"Universidad de las Artes - V\u00edctor Mendoza, estudiante de Artes Visuales, presenta \u201cGOODWILL\u201d en la Galer\u00eda del MZ14","og_url":"https:\/\/www.uartes.edu.ec\/sitio\/fr\/blog\/2021\/09\/01\/victor-mendoza-estudiante-de-artes-visuales-presenta-goodwill-en-la-galeria-del-mz14\/","og_site_name":"Universidad de las Artes","article_publisher":"https:\/\/www.facebook.com\/uartesec","article_published_time":"2021-08-31T21:00:00+00:00","article_modified_time":"2024-07-04T16:25:56+00:00","og_image":[{"width":2000,"height":1334,"url":"https:\/\/www.uartes.edu.ec\/sitio\/wp-content\/uploads\/2021\/09\/GOODWILL-VICTOR-HUGO-2021.jpg","type":"image\/jpeg"}],"author":"tmariduena","twitter_card":"summary_large_image","twitter_creator":"@uartesec","twitter_site":"@uartesec","twitter_misc":{"\u00c9crit par":"tmariduena","Dur\u00e9e de lecture estim\u00e9e":"4 minutes"},"schema":{"@context":"https:\/\/schema.org","@graph":[{"@type":"Article","@id":"https:\/\/www.uartes.edu.ec\/sitio\/fr\/blog\/2021\/09\/01\/victor-mendoza-estudiante-de-artes-visuales-presenta-goodwill-en-la-galeria-del-mz14\/#article","isPartOf":{"@id":"https:\/\/www.uartes.edu.ec\/sitio\/fr\/blog\/2021\/09\/01\/victor-mendoza-estudiante-de-artes-visuales-presenta-goodwill-en-la-galeria-del-mz14\/"},"author":{"name":"tmariduena","@id":"https:\/\/www.uartes.edu.ec\/sitio\/fr\/#\/schema\/person\/5374e8c901d217252e42ba3c04399dd6"},"headline":"V\u00edctor Mendoza, estudiante de Artes Visuales, presenta \u201cGOODWILL\u201d en la Galer\u00eda del MZ14","datePublished":"2021-08-31T21:00:00+00:00","dateModified":"2024-07-04T16:25:56+00:00","mainEntityOfPage":{"@id":"https:\/\/www.uartes.edu.ec\/sitio\/fr\/blog\/2021\/09\/01\/victor-mendoza-estudiante-de-artes-visuales-presenta-goodwill-en-la-galeria-del-mz14\/"},"wordCount":775,"commentCount":0,"publisher":{"@id":"https:\/\/www.uartes.edu.ec\/sitio\/fr\/#organization"},"image":{"@id":"https:\/\/www.uartes.edu.ec\/sitio\/fr\/blog\/2021\/09\/01\/victor-mendoza-estudiante-de-artes-visuales-presenta-goodwill-en-la-galeria-del-mz14\/#primaryimage"},"thumbnailUrl":"https:\/\/www.uartes.edu.ec\/sitio\/wp-content\/uploads\/2021\/09\/GOODWILL-VICTOR-HUGO-2021.jpg","keywords":["artes visuales"],"articleSection":["Artes Visuales","Estudiantes"],"inLanguage":"fr-FR","potentialAction":[{"@type":"CommentAction","name":"Comment","target":["https:\/\/www.uartes.edu.ec\/sitio\/fr\/blog\/2021\/09\/01\/victor-mendoza-estudiante-de-artes-visuales-presenta-goodwill-en-la-galeria-del-mz14\/#respond"]}]},{"@type":["WebPage","ItemPage"],"@id":"https:\/\/www.uartes.edu.ec\/sitio\/fr\/blog\/2021\/09\/01\/victor-mendoza-estudiante-de-artes-visuales-presenta-goodwill-en-la-galeria-del-mz14\/","url":"https:\/\/www.uartes.edu.ec\/sitio\/fr\/blog\/2021\/09\/01\/victor-mendoza-estudiante-de-artes-visuales-presenta-goodwill-en-la-galeria-del-mz14\/","name":"Universidad de las Artes - V\u00edctor Mendoza, estudiante de Artes Visuales, presenta \u201cGOODWILL\u201d en la Galer\u00eda del MZ14","isPartOf":{"@id":"https:\/\/www.uartes.edu.ec\/sitio\/fr\/#website"},"primaryImageOfPage":{"@id":"https:\/\/www.uartes.edu.ec\/sitio\/fr\/blog\/2021\/09\/01\/victor-mendoza-estudiante-de-artes-visuales-presenta-goodwill-en-la-galeria-del-mz14\/#primaryimage"},"image":{"@id":"https:\/\/www.uartes.edu.ec\/sitio\/fr\/blog\/2021\/09\/01\/victor-mendoza-estudiante-de-artes-visuales-presenta-goodwill-en-la-galeria-del-mz14\/#primaryimage"},"thumbnailUrl":"https:\/\/www.uartes.edu.ec\/sitio\/wp-content\/uploads\/2021\/09\/GOODWILL-VICTOR-HUGO-2021.jpg","datePublished":"2021-08-31T21:00:00+00:00","dateModified":"2024-07-04T16:25:56+00:00","description":"Universidad de las Artes - V\u00edctor Mendoza, estudiante de Artes Visuales, presenta \u201cGOODWILL\u201d en la Galer\u00eda del MZ14","breadcrumb":{"@id":"https:\/\/www.uartes.edu.ec\/sitio\/fr\/blog\/2021\/09\/01\/victor-mendoza-estudiante-de-artes-visuales-presenta-goodwill-en-la-galeria-del-mz14\/#breadcrumb"},"inLanguage":"fr-FR","potentialAction":[{"@type":"ReadAction","target":["https:\/\/www.uartes.edu.ec\/sitio\/fr\/blog\/2021\/09\/01\/victor-mendoza-estudiante-de-artes-visuales-presenta-goodwill-en-la-galeria-del-mz14\/"]}]},{"@type":"ImageObject","inLanguage":"fr-FR","@id":"https:\/\/www.uartes.edu.ec\/sitio\/fr\/blog\/2021\/09\/01\/victor-mendoza-estudiante-de-artes-visuales-presenta-goodwill-en-la-galeria-del-mz14\/#primaryimage","url":"https:\/\/www.uartes.edu.ec\/sitio\/wp-content\/uploads\/2021\/09\/GOODWILL-VICTOR-HUGO-2021.jpg","contentUrl":"https:\/\/www.uartes.edu.ec\/sitio\/wp-content\/uploads\/2021\/09\/GOODWILL-VICTOR-HUGO-2021.jpg","width":2000,"height":1334},{"@type":"BreadcrumbList","@id":"https:\/\/www.uartes.edu.ec\/sitio\/fr\/blog\/2021\/09\/01\/victor-mendoza-estudiante-de-artes-visuales-presenta-goodwill-en-la-galeria-del-mz14\/#breadcrumb","itemListElement":[{"@type":"ListItem","position":1,"name":"Inicio","item":"https:\/\/www.uartes.edu.ec\/sitio\/"},{"@type":"ListItem","position":2,"name":"V\u00edctor Mendoza, estudiante de Artes Visuales, presenta \u201cGOODWILL\u201d en la Galer\u00eda del MZ14"}]},{"@type":"WebSite","@id":"https:\/\/www.uartes.edu.ec\/sitio\/fr\/#website","url":"https:\/\/www.uartes.edu.ec\/sitio\/fr\/","name":"Universidad de las Artes","description":"Sitio oficial de la Universidad Nacional de las Artes del Ecuador","publisher":{"@id":"https:\/\/www.uartes.edu.ec\/sitio\/fr\/#organization"},"potentialAction":[{"@type":"SearchAction","target":{"@type":"EntryPoint","urlTemplate":"https:\/\/www.uartes.edu.ec\/sitio\/fr\/?s={search_term_string}"},"query-input":{"@type":"PropertyValueSpecification","valueRequired":true,"valueName":"search_term_string"}}],"inLanguage":"fr-FR"},{"@type":"Organization","@id":"https:\/\/www.uartes.edu.ec\/sitio\/fr\/#organization","name":"Universidad de las Artes","url":"https:\/\/www.uartes.edu.ec\/sitio\/fr\/","logo":{"@type":"ImageObject","inLanguage":"fr-FR","@id":"https:\/\/www.uartes.edu.ec\/sitio\/fr\/#\/schema\/logo\/image\/","url":"https:\/\/www.uartes.edu.ec\/sitio\/wp-content\/uploads\/2022\/07\/logo-ua-horizontal.png","contentUrl":"https:\/\/www.uartes.edu.ec\/sitio\/wp-content\/uploads\/2022\/07\/logo-ua-horizontal.png","width":800,"height":276,"caption":"Universidad de las Artes"},"image":{"@id":"https:\/\/www.uartes.edu.ec\/sitio\/fr\/#\/schema\/logo\/image\/"},"sameAs":["https:\/\/www.facebook.com\/uartesec","https:\/\/x.com\/uartesec","https:\/\/www.tiktok.com\/@uartesec"]},{"@type":"Person","@id":"https:\/\/www.uartes.edu.ec\/sitio\/fr\/#\/schema\/person\/5374e8c901d217252e42ba3c04399dd6","name":"tmariduena","image":{"@type":"ImageObject","inLanguage":"fr-FR","@id":"https:\/\/secure.gravatar.com\/avatar\/20778b5ee784b2262381c66dd01e01078412c554f20b8232234574602e22ba24?s=96&d=mm&r=g","url":"https:\/\/secure.gravatar.com\/avatar\/20778b5ee784b2262381c66dd01e01078412c554f20b8232234574602e22ba24?s=96&d=mm&r=g","contentUrl":"https:\/\/secure.gravatar.com\/avatar\/20778b5ee784b2262381c66dd01e01078412c554f20b8232234574602e22ba24?s=96&d=mm&r=g","caption":"tmariduena"},"url":"https:\/\/www.uartes.edu.ec\/sitio\/fr\/blog\/author\/tmariduena\/"}]}},"uagb_featured_image_src":{"full":["https:\/\/www.uartes.edu.ec\/sitio\/wp-content\/uploads\/2021\/09\/GOODWILL-VICTOR-HUGO-2021.jpg",2000,1334,false],"thumbnail":["https:\/\/www.uartes.edu.ec\/sitio\/wp-content\/uploads\/2021\/09\/GOODWILL-VICTOR-HUGO-2021-150x150.jpg",150,150,true],"medium":["https:\/\/www.uartes.edu.ec\/sitio\/wp-content\/uploads\/2021\/09\/GOODWILL-VICTOR-HUGO-2021-300x200.jpg",300,200,true],"medium_large":["https:\/\/www.uartes.edu.ec\/sitio\/wp-content\/uploads\/2021\/09\/GOODWILL-VICTOR-HUGO-2021-768x512.jpg",768,512,true],"large":["https:\/\/www.uartes.edu.ec\/sitio\/wp-content\/uploads\/2021\/09\/GOODWILL-VICTOR-HUGO-2021-644x430.jpg",644,430,true],"1536x1536":["https:\/\/www.uartes.edu.ec\/sitio\/wp-content\/uploads\/2021\/09\/GOODWILL-VICTOR-HUGO-2021-1536x1025.jpg",1536,1025,true],"2048x2048":["https:\/\/www.uartes.edu.ec\/sitio\/wp-content\/uploads\/2021\/09\/GOODWILL-VICTOR-HUGO-2021.jpg",2000,1334,false],"trp-custom-language-flag":["https:\/\/www.uartes.edu.ec\/sitio\/wp-content\/uploads\/2021\/09\/GOODWILL-VICTOR-HUGO-2021-16x12.jpg",16,12,true],"htmega_size_585x295":["https:\/\/www.uartes.edu.ec\/sitio\/wp-content\/uploads\/2021\/09\/GOODWILL-VICTOR-HUGO-2021-585x295.jpg",585,295,true],"htmega_size_1170x536":["https:\/\/www.uartes.edu.ec\/sitio\/wp-content\/uploads\/2021\/09\/GOODWILL-VICTOR-HUGO-2021-1170x536.jpg",1170,536,true],"htmega_size_396x360":["https:\/\/www.uartes.edu.ec\/sitio\/wp-content\/uploads\/2021\/09\/GOODWILL-VICTOR-HUGO-2021-396x360.jpg",396,360,true],"gb-block-post-grid-landscape":["https:\/\/www.uartes.edu.ec\/sitio\/wp-content\/uploads\/2021\/09\/GOODWILL-VICTOR-HUGO-2021.jpg",600,400,false],"gb-block-post-grid-square":["https:\/\/www.uartes.edu.ec\/sitio\/wp-content\/uploads\/2021\/09\/GOODWILL-VICTOR-HUGO-2021.jpg",600,400,false],"university-hub-thumb":["https:\/\/www.uartes.edu.ec\/sitio\/wp-content\/uploads\/2021\/09\/GOODWILL-VICTOR-HUGO-2021-400x267.jpg",400,267,true]},"uagb_author_info":{"display_name":"tmariduena","author_link":"https:\/\/www.uartes.edu.ec\/sitio\/fr\/blog\/author\/tmariduena\/"},"uagb_comment_info":0,"uagb_excerpt":"Siete piezas principales en bastidores de gran formato componen la muestra GOODWILL que V\u00edctor Hugo Mendoza, estudiante de la Escuela de Artes Visuales, inaugura este 1 de septiembre de 2021. Estas y varios elementos sat\u00e9lites llamados target, cuya funci\u00f3n es conectar las obras principales, se exhibir\u00e1n en la Galer\u00eda del Centro de Producci\u00f3n e Innovaci\u00f3n\u2026","featured_image_src":"https:\/\/www.uartes.edu.ec\/sitio\/wp-content\/uploads\/2021\/09\/GOODWILL-VICTOR-HUGO-2021.jpg","featured_image_src_square":"https:\/\/www.uartes.edu.ec\/sitio\/wp-content\/uploads\/2021\/09\/GOODWILL-VICTOR-HUGO-2021.jpg","author_info":{"display_name":"tmariduena","author_link":"https:\/\/www.uartes.edu.ec\/sitio\/fr\/blog\/author\/tmariduena\/"},"publishpress_future_workflow_manual_trigger":{"enabledWorkflows":[]},"distributor_meta":false,"distributor_terms":false,"distributor_media":false,"distributor_original_site_name":"Universidad de las Artes","distributor_original_site_url":"https:\/\/www.uartes.edu.ec\/sitio\/fr","push-errors":false,"_links":{"self":[{"href":"https:\/\/www.uartes.edu.ec\/sitio\/fr\/wp-json\/wp\/v2\/posts\/15851","targetHints":{"allow":["GET"]}}],"collection":[{"href":"https:\/\/www.uartes.edu.ec\/sitio\/fr\/wp-json\/wp\/v2\/posts"}],"about":[{"href":"https:\/\/www.uartes.edu.ec\/sitio\/fr\/wp-json\/wp\/v2\/types\/post"}],"author":[{"embeddable":true,"href":"https:\/\/www.uartes.edu.ec\/sitio\/fr\/wp-json\/wp\/v2\/users\/9"}],"replies":[{"embeddable":true,"href":"https:\/\/www.uartes.edu.ec\/sitio\/fr\/wp-json\/wp\/v2\/comments?post=15851"}],"version-history":[{"count":2,"href":"https:\/\/www.uartes.edu.ec\/sitio\/fr\/wp-json\/wp\/v2\/posts\/15851\/revisions"}],"predecessor-version":[{"id":15879,"href":"https:\/\/www.uartes.edu.ec\/sitio\/fr\/wp-json\/wp\/v2\/posts\/15851\/revisions\/15879"}],"wp:featuredmedia":[{"embeddable":true,"href":"https:\/\/www.uartes.edu.ec\/sitio\/fr\/wp-json\/wp\/v2\/media\/15853"}],"wp:attachment":[{"href":"https:\/\/www.uartes.edu.ec\/sitio\/fr\/wp-json\/wp\/v2\/media?parent=15851"}],"wp:term":[{"taxonomy":"category","embeddable":true,"href":"https:\/\/www.uartes.edu.ec\/sitio\/fr\/wp-json\/wp\/v2\/categories?post=15851"},{"taxonomy":"post_tag","embeddable":true,"href":"https:\/\/www.uartes.edu.ec\/sitio\/fr\/wp-json\/wp\/v2\/tags?post=15851"},{"taxonomy":"infouartes","embeddable":true,"href":"https:\/\/www.uartes.edu.ec\/sitio\/fr\/wp-json\/wp\/v2\/infouartes?post=15851"}],"curies":[{"name":"wp","href":"https:\/\/api.w.org\/{rel}","templated":true}]}}