{"id":15944,"date":"2021-09-07T08:00:00","date_gmt":"2021-09-07T13:00:00","guid":{"rendered":"http:\/\/www.uartes.edu.ec\/sitio\/?p=15944"},"modified":"2024-07-04T11:25:35","modified_gmt":"2024-07-04T16:25:35","slug":"socializar-el-arte-contemporaneo-un-proyecto-piloto-de-alumnos-de-marco-alvarado-de-visuales","status":"publish","type":"post","link":"https:\/\/www.uartes.edu.ec\/sitio\/fr\/blog\/2021\/09\/07\/socializar-el-arte-contemporaneo-un-proyecto-piloto-de-alumnos-de-marco-alvarado-de-visuales\/","title":{"rendered":"Socializar el arte contempor\u00e1neo, un proyecto piloto de alumnos de Marco Alvarado, de Visuales"},"content":{"rendered":"<p>Socializar el Arte Contempor\u00e1neo en Guayaquil desde la carrera de Artes Visuales de la Universidad de las Artes es, en s\u00edntesis, el prop\u00f3sito de SAVG21, un proyecto piloto que estudiantes del docente Marco Alvarado se proponen ejecutar.<\/p>\n\n\n\n<p>En Facebook e Instagram, cuentas como Hormiganh compartieron hace algunas semanas con sus seguidores la visita que los alumnos y el docente les realizaron: \u201c@marcoalvarado1962 y @paulainiguezec y otros estudiantes de @uartesec nos hicieron una entrevista sobre la vida profesional despu\u00e9s de la instituci\u00f3n y las pedagog\u00edas dentro de la misma\u201d.<\/p>\n\n\n\n<p>Y es que justamente, seg\u00fan se\u00f1al\u00f3 a InfoUArtes Marcos Alvarado, en la etapa de acopio de informaci\u00f3n los SAVG21 realizaron visitas al colectivo Las Hormigas, al Taller Maldonado y Onder, ambos espacios independientes.<\/p>\n\n\n\n<p>En las entrevistas participaron los estudiantes, ya sea formulando preguntas o haciendo registros y transcripciones. Acorde a lo planificado, luego mantuvieron reuniones para analizar la informaci\u00f3n y generar propuestas. &nbsp;<\/p>\n\n\n\n<div class=\"wp-block-image\"><figure class=\"aligncenter size-full is-resized\"><img fetchpriority=\"high\" decoding=\"async\" src=\"http:\/\/www.uartes.edu.ec\/sitio\/wp-content\/uploads\/2021\/09\/image-2.webp\" alt=\"\" class=\"wp-image-15945\" width=\"476\" height=\"316\" \/><\/figure><\/div>\n\n\n\n<p>El objetivo es incidir en la visiblizaci\u00f3n y el posicionamiento del arte contempor\u00e1neo en distintas instancias sociales internas y externas del campo art\u00edstico local y nacional, mediante estrategias de comunicaci\u00f3n diversas, que contribuyan a la reflexi\u00f3n sobre la escena art\u00edstica contempor\u00e1nea en el Ecuador y favorezcan a los procesos de acceso al programa formativo de la escuela de Artes Visuales de la Universidad de las Artes.<\/p>\n\n\n\n<p>Acorde al contenido de la propuesta que el artista y docente comparti\u00f3 con InfoUArtes, esta es parte del V\u00ednculo con la Comunidad que la universidad impulsa junto con sus estudiantes y docentes. El proyecto es un piloto difusional de las especificidades del arte contempor\u00e1neo, enmarcado en el contexto de la opci\u00f3n formativa que ofrece la carrera de Artes Visuales de la UArtes, para operar en instancias internas y externas del campo art\u00edstico a nivel local y nacional. Se identifica con la l\u00ednea de investigaci\u00f3n Pedagog\u00edas Cr\u00edticas y Creativas desde las Artes, se\u00f1alan sus proponentes.<\/p>\n\n\n\n<p>Sostienen tambi\u00e9n que la producci\u00f3n de pensamiento en torno a las artes es realmente precaria, incluso, la escasa producci\u00f3n en este campo depende m\u00e1s de voluntades altruistas que de las instituciones que tienen esa competencia. En cualquier conversaci\u00f3n p\u00fablica o dom\u00e9stica, se evidencia que el desconocimiento de las especificidades del arte contempor\u00e1neo es com\u00fan en todos los sectores sociales.<\/p>\n\n\n\n<p>En la sustentaci\u00f3n para desarrollar SAVG21, se revela que en las recientes convocatorias para ingresar a estudiar Artes Visuales en la UArtes se detect\u00f3 que un alto porcentaje de aspirantes no tienen una concepci\u00f3n clara sobre el objeto de estudio de la carrera, ni del perfil profesional del egresado. La mayor\u00eda de quienes se postulan la confunden con una carrera superior de Bellas Artes, o de Ilustraci\u00f3n e incluso de Animaci\u00f3n 3D. En consecuencia, al no existir la oferta de esas carreras en universidades p\u00fablicas, los j\u00f3venes aspirantes aceptan ingresar a la carrera de Artes Visuales como una segunda opci\u00f3n que le garantice obtener un t\u00edtulo acad\u00e9mico.<\/p>\n\n\n\n<p>El docente Marco Alvarado y sus estudiantes dar\u00e1n m\u00e1s detalles del proyecto a InfoUArtes, en la medida de que este avance.<\/p>","protected":false},"excerpt":{"rendered":"<p>Socializar el Arte Contempor\u00e1neo en Guayaquil desde la carrera de Artes Visuales de la Universidad de las Artes es, en s\u00edntesis, el prop\u00f3sito de SAVG21, un proyecto piloto que estudiantes del docente Marco Alvarado se proponen ejecutar. En Facebook e Instagram, cuentas como Hormiganh compartieron hace algunas semanas con sus seguidores la visita que los [&hellip;]<\/p>\n","protected":false},"author":10,"featured_media":15946,"comment_status":"open","ping_status":"open","sticky":false,"template":"","format":"standard","meta":{"_acf_changed":false,"_uag_custom_page_level_css":"","_monsterinsights_skip_tracking":false,"_monsterinsights_sitenote_active":false,"_monsterinsights_sitenote_note":"","_monsterinsights_sitenote_category":0,"cybocfi_hide_featured_image":"","footnotes":""},"categories":[157,75,76],"tags":[507],"infouartes":[],"class_list":["post-15944","post","type-post","status-publish","format-standard","has-post-thumbnail","hentry","category-artes-visuales","category-docentes","category-estudiantes","tag-artes-visuales"],"acf":[],"yoast_head":"<!-- This site is optimized with the Yoast SEO plugin v27.4 - https:\/\/yoast.com\/product\/yoast-seo-wordpress\/ -->\n<title>Universidad de las Artes - Socializar el arte contempor\u00e1neo, un proyecto piloto de alumnos de Marco Alvarado, de Visuales<\/title>\n<meta name=\"description\" content=\"Universidad de las Artes - Socializar el arte contempor\u00e1neo, un proyecto piloto de alumnos de Marco Alvarado, de Visuales\" \/>\n<meta name=\"robots\" content=\"index, follow, max-snippet:-1, max-image-preview:large, max-video-preview:-1\" \/>\n<link rel=\"canonical\" href=\"https:\/\/www.uartes.edu.ec\/sitio\/fr\/blog\/2021\/09\/07\/socializar-el-arte-contemporaneo-un-proyecto-piloto-de-alumnos-de-marco-alvarado-de-visuales\/\" \/>\n<meta property=\"og:locale\" content=\"fr_FR\" \/>\n<meta property=\"og:type\" content=\"article\" \/>\n<meta property=\"og:title\" content=\"Universidad de las Artes - Socializar el arte contempor\u00e1neo, un proyecto piloto de alumnos de Marco Alvarado, de Visuales\" \/>\n<meta property=\"og:description\" content=\"Universidad de las Artes - Socializar el arte contempor\u00e1neo, un proyecto piloto de alumnos de Marco Alvarado, de Visuales\" \/>\n<meta property=\"og:url\" content=\"https:\/\/www.uartes.edu.ec\/sitio\/fr\/blog\/2021\/09\/07\/socializar-el-arte-contemporaneo-un-proyecto-piloto-de-alumnos-de-marco-alvarado-de-visuales\/\" \/>\n<meta property=\"og:site_name\" content=\"Universidad de las Artes\" \/>\n<meta property=\"article:publisher\" content=\"https:\/\/www.facebook.com\/uartesec\" \/>\n<meta property=\"article:published_time\" content=\"2021-09-07T13:00:00+00:00\" \/>\n<meta property=\"article:modified_time\" content=\"2024-07-04T16:25:35+00:00\" \/>\n<meta property=\"og:image\" content=\"https:\/\/www.uartes.edu.ec\/sitio\/wp-content\/uploads\/2021\/09\/image.png\" \/>\n\t<meta property=\"og:image:width\" content=\"567\" \/>\n\t<meta property=\"og:image:height\" content=\"318\" \/>\n\t<meta property=\"og:image:type\" content=\"image\/png\" \/>\n<meta name=\"author\" content=\"ccortez\" \/>\n<meta name=\"twitter:card\" content=\"summary_large_image\" \/>\n<meta name=\"twitter:creator\" content=\"@uartesec\" \/>\n<meta name=\"twitter:site\" content=\"@uartesec\" \/>\n<meta name=\"twitter:label1\" content=\"\u00c9crit par\" \/>\n\t<meta name=\"twitter:data1\" content=\"ccortez\" \/>\n\t<meta name=\"twitter:label2\" content=\"Dur\u00e9e de lecture estim\u00e9e\" \/>\n\t<meta name=\"twitter:data2\" content=\"3 minutes\" \/>\n<script type=\"application\/ld+json\" class=\"yoast-schema-graph\">{\"@context\":\"https:\\\/\\\/schema.org\",\"@graph\":[{\"@type\":\"Article\",\"@id\":\"https:\\\/\\\/www.uartes.edu.ec\\\/sitio\\\/fr\\\/blog\\\/2021\\\/09\\\/07\\\/socializar-el-arte-contemporaneo-un-proyecto-piloto-de-alumnos-de-marco-alvarado-de-visuales\\\/#article\",\"isPartOf\":{\"@id\":\"https:\\\/\\\/www.uartes.edu.ec\\\/sitio\\\/fr\\\/blog\\\/2021\\\/09\\\/07\\\/socializar-el-arte-contemporaneo-un-proyecto-piloto-de-alumnos-de-marco-alvarado-de-visuales\\\/\"},\"author\":{\"name\":\"ccortez\",\"@id\":\"https:\\\/\\\/www.uartes.edu.ec\\\/sitio\\\/fr\\\/#\\\/schema\\\/person\\\/efa1b8275797664fd7f13a79ccc0b1f4\"},\"headline\":\"Socializar el arte contempor\u00e1neo, un proyecto piloto de alumnos de Marco Alvarado, de Visuales\",\"datePublished\":\"2021-09-07T13:00:00+00:00\",\"dateModified\":\"2024-07-04T16:25:35+00:00\",\"mainEntityOfPage\":{\"@id\":\"https:\\\/\\\/www.uartes.edu.ec\\\/sitio\\\/fr\\\/blog\\\/2021\\\/09\\\/07\\\/socializar-el-arte-contemporaneo-un-proyecto-piloto-de-alumnos-de-marco-alvarado-de-visuales\\\/\"},\"wordCount\":560,\"commentCount\":0,\"publisher\":{\"@id\":\"https:\\\/\\\/www.uartes.edu.ec\\\/sitio\\\/fr\\\/#organization\"},\"image\":{\"@id\":\"https:\\\/\\\/www.uartes.edu.ec\\\/sitio\\\/fr\\\/blog\\\/2021\\\/09\\\/07\\\/socializar-el-arte-contemporaneo-un-proyecto-piloto-de-alumnos-de-marco-alvarado-de-visuales\\\/#primaryimage\"},\"thumbnailUrl\":\"https:\\\/\\\/www.uartes.edu.ec\\\/sitio\\\/wp-content\\\/uploads\\\/2021\\\/09\\\/image.png\",\"keywords\":[\"artes visuales\"],\"articleSection\":[\"Artes Visuales\",\"Docentes\",\"Estudiantes\"],\"inLanguage\":\"fr-FR\",\"potentialAction\":[{\"@type\":\"CommentAction\",\"name\":\"Comment\",\"target\":[\"https:\\\/\\\/www.uartes.edu.ec\\\/sitio\\\/fr\\\/blog\\\/2021\\\/09\\\/07\\\/socializar-el-arte-contemporaneo-un-proyecto-piloto-de-alumnos-de-marco-alvarado-de-visuales\\\/#respond\"]}]},{\"@type\":[\"WebPage\",\"ItemPage\"],\"@id\":\"https:\\\/\\\/www.uartes.edu.ec\\\/sitio\\\/fr\\\/blog\\\/2021\\\/09\\\/07\\\/socializar-el-arte-contemporaneo-un-proyecto-piloto-de-alumnos-de-marco-alvarado-de-visuales\\\/\",\"url\":\"https:\\\/\\\/www.uartes.edu.ec\\\/sitio\\\/fr\\\/blog\\\/2021\\\/09\\\/07\\\/socializar-el-arte-contemporaneo-un-proyecto-piloto-de-alumnos-de-marco-alvarado-de-visuales\\\/\",\"name\":\"Universidad de las Artes - Socializar el arte contempor\u00e1neo, un proyecto piloto de alumnos de Marco Alvarado, de Visuales\",\"isPartOf\":{\"@id\":\"https:\\\/\\\/www.uartes.edu.ec\\\/sitio\\\/fr\\\/#website\"},\"primaryImageOfPage\":{\"@id\":\"https:\\\/\\\/www.uartes.edu.ec\\\/sitio\\\/fr\\\/blog\\\/2021\\\/09\\\/07\\\/socializar-el-arte-contemporaneo-un-proyecto-piloto-de-alumnos-de-marco-alvarado-de-visuales\\\/#primaryimage\"},\"image\":{\"@id\":\"https:\\\/\\\/www.uartes.edu.ec\\\/sitio\\\/fr\\\/blog\\\/2021\\\/09\\\/07\\\/socializar-el-arte-contemporaneo-un-proyecto-piloto-de-alumnos-de-marco-alvarado-de-visuales\\\/#primaryimage\"},\"thumbnailUrl\":\"https:\\\/\\\/www.uartes.edu.ec\\\/sitio\\\/wp-content\\\/uploads\\\/2021\\\/09\\\/image.png\",\"datePublished\":\"2021-09-07T13:00:00+00:00\",\"dateModified\":\"2024-07-04T16:25:35+00:00\",\"description\":\"Universidad de las Artes - Socializar el arte contempor\u00e1neo, un proyecto piloto de alumnos de Marco Alvarado, de Visuales\",\"breadcrumb\":{\"@id\":\"https:\\\/\\\/www.uartes.edu.ec\\\/sitio\\\/fr\\\/blog\\\/2021\\\/09\\\/07\\\/socializar-el-arte-contemporaneo-un-proyecto-piloto-de-alumnos-de-marco-alvarado-de-visuales\\\/#breadcrumb\"},\"inLanguage\":\"fr-FR\",\"potentialAction\":[{\"@type\":\"ReadAction\",\"target\":[\"https:\\\/\\\/www.uartes.edu.ec\\\/sitio\\\/fr\\\/blog\\\/2021\\\/09\\\/07\\\/socializar-el-arte-contemporaneo-un-proyecto-piloto-de-alumnos-de-marco-alvarado-de-visuales\\\/\"]}]},{\"@type\":\"ImageObject\",\"inLanguage\":\"fr-FR\",\"@id\":\"https:\\\/\\\/www.uartes.edu.ec\\\/sitio\\\/fr\\\/blog\\\/2021\\\/09\\\/07\\\/socializar-el-arte-contemporaneo-un-proyecto-piloto-de-alumnos-de-marco-alvarado-de-visuales\\\/#primaryimage\",\"url\":\"https:\\\/\\\/www.uartes.edu.ec\\\/sitio\\\/wp-content\\\/uploads\\\/2021\\\/09\\\/image.png\",\"contentUrl\":\"https:\\\/\\\/www.uartes.edu.ec\\\/sitio\\\/wp-content\\\/uploads\\\/2021\\\/09\\\/image.png\",\"width\":567,\"height\":318},{\"@type\":\"BreadcrumbList\",\"@id\":\"https:\\\/\\\/www.uartes.edu.ec\\\/sitio\\\/fr\\\/blog\\\/2021\\\/09\\\/07\\\/socializar-el-arte-contemporaneo-un-proyecto-piloto-de-alumnos-de-marco-alvarado-de-visuales\\\/#breadcrumb\",\"itemListElement\":[{\"@type\":\"ListItem\",\"position\":1,\"name\":\"Inicio\",\"item\":\"https:\\\/\\\/www.uartes.edu.ec\\\/sitio\\\/\"},{\"@type\":\"ListItem\",\"position\":2,\"name\":\"Socializar el arte contempor\u00e1neo, un proyecto piloto de alumnos de Marco Alvarado, de Visuales\"}]},{\"@type\":\"WebSite\",\"@id\":\"https:\\\/\\\/www.uartes.edu.ec\\\/sitio\\\/fr\\\/#website\",\"url\":\"https:\\\/\\\/www.uartes.edu.ec\\\/sitio\\\/fr\\\/\",\"name\":\"Universidad de las Artes\",\"description\":\"Sitio oficial de la Universidad Nacional de las Artes del Ecuador\",\"publisher\":{\"@id\":\"https:\\\/\\\/www.uartes.edu.ec\\\/sitio\\\/fr\\\/#organization\"},\"potentialAction\":[{\"@type\":\"SearchAction\",\"target\":{\"@type\":\"EntryPoint\",\"urlTemplate\":\"https:\\\/\\\/www.uartes.edu.ec\\\/sitio\\\/fr\\\/?s={search_term_string}\"},\"query-input\":{\"@type\":\"PropertyValueSpecification\",\"valueRequired\":true,\"valueName\":\"search_term_string\"}}],\"inLanguage\":\"fr-FR\"},{\"@type\":\"Organization\",\"@id\":\"https:\\\/\\\/www.uartes.edu.ec\\\/sitio\\\/fr\\\/#organization\",\"name\":\"Universidad de las Artes\",\"url\":\"https:\\\/\\\/www.uartes.edu.ec\\\/sitio\\\/fr\\\/\",\"logo\":{\"@type\":\"ImageObject\",\"inLanguage\":\"fr-FR\",\"@id\":\"https:\\\/\\\/www.uartes.edu.ec\\\/sitio\\\/fr\\\/#\\\/schema\\\/logo\\\/image\\\/\",\"url\":\"https:\\\/\\\/www.uartes.edu.ec\\\/sitio\\\/wp-content\\\/uploads\\\/2022\\\/07\\\/logo-ua-horizontal.png\",\"contentUrl\":\"https:\\\/\\\/www.uartes.edu.ec\\\/sitio\\\/wp-content\\\/uploads\\\/2022\\\/07\\\/logo-ua-horizontal.png\",\"width\":800,\"height\":276,\"caption\":\"Universidad de las Artes\"},\"image\":{\"@id\":\"https:\\\/\\\/www.uartes.edu.ec\\\/sitio\\\/fr\\\/#\\\/schema\\\/logo\\\/image\\\/\"},\"sameAs\":[\"https:\\\/\\\/www.facebook.com\\\/uartesec\",\"https:\\\/\\\/x.com\\\/uartesec\",\"https:\\\/\\\/www.tiktok.com\\\/@uartesec\"]},{\"@type\":\"Person\",\"@id\":\"https:\\\/\\\/www.uartes.edu.ec\\\/sitio\\\/fr\\\/#\\\/schema\\\/person\\\/efa1b8275797664fd7f13a79ccc0b1f4\",\"name\":\"ccortez\",\"image\":{\"@type\":\"ImageObject\",\"inLanguage\":\"fr-FR\",\"@id\":\"https:\\\/\\\/secure.gravatar.com\\\/avatar\\\/b2a6f664a3ae8e074346ef91775736c5ec479e637ecced6842de9dc98b5da9cd?s=96&d=mm&r=g\",\"url\":\"https:\\\/\\\/secure.gravatar.com\\\/avatar\\\/b2a6f664a3ae8e074346ef91775736c5ec479e637ecced6842de9dc98b5da9cd?s=96&d=mm&r=g\",\"contentUrl\":\"https:\\\/\\\/secure.gravatar.com\\\/avatar\\\/b2a6f664a3ae8e074346ef91775736c5ec479e637ecced6842de9dc98b5da9cd?s=96&d=mm&r=g\",\"caption\":\"ccortez\"},\"url\":\"https:\\\/\\\/www.uartes.edu.ec\\\/sitio\\\/fr\\\/blog\\\/author\\\/ccortez\\\/\"}]}<\/script>\n<!-- \/ Yoast SEO plugin. -->","yoast_head_json":{"title":"Universidad de las Artes - Socializar el arte contempor\u00e1neo, un proyecto piloto de alumnos de Marco Alvarado, de Visuales","description":"Universidad de las Artes - Socializar el arte contempor\u00e1neo, un proyecto piloto de alumnos de Marco Alvarado, de Visuales","robots":{"index":"index","follow":"follow","max-snippet":"max-snippet:-1","max-image-preview":"max-image-preview:large","max-video-preview":"max-video-preview:-1"},"canonical":"https:\/\/www.uartes.edu.ec\/sitio\/fr\/blog\/2021\/09\/07\/socializar-el-arte-contemporaneo-un-proyecto-piloto-de-alumnos-de-marco-alvarado-de-visuales\/","og_locale":"fr_FR","og_type":"article","og_title":"Universidad de las Artes - Socializar el arte contempor\u00e1neo, un proyecto piloto de alumnos de Marco Alvarado, de Visuales","og_description":"Universidad de las Artes - Socializar el arte contempor\u00e1neo, un proyecto piloto de alumnos de Marco Alvarado, de Visuales","og_url":"https:\/\/www.uartes.edu.ec\/sitio\/fr\/blog\/2021\/09\/07\/socializar-el-arte-contemporaneo-un-proyecto-piloto-de-alumnos-de-marco-alvarado-de-visuales\/","og_site_name":"Universidad de las Artes","article_publisher":"https:\/\/www.facebook.com\/uartesec","article_published_time":"2021-09-07T13:00:00+00:00","article_modified_time":"2024-07-04T16:25:35+00:00","og_image":[{"width":567,"height":318,"url":"https:\/\/www.uartes.edu.ec\/sitio\/wp-content\/uploads\/2021\/09\/image.png","type":"image\/png"}],"author":"ccortez","twitter_card":"summary_large_image","twitter_creator":"@uartesec","twitter_site":"@uartesec","twitter_misc":{"\u00c9crit par":"ccortez","Dur\u00e9e de lecture estim\u00e9e":"3 minutes"},"schema":{"@context":"https:\/\/schema.org","@graph":[{"@type":"Article","@id":"https:\/\/www.uartes.edu.ec\/sitio\/fr\/blog\/2021\/09\/07\/socializar-el-arte-contemporaneo-un-proyecto-piloto-de-alumnos-de-marco-alvarado-de-visuales\/#article","isPartOf":{"@id":"https:\/\/www.uartes.edu.ec\/sitio\/fr\/blog\/2021\/09\/07\/socializar-el-arte-contemporaneo-un-proyecto-piloto-de-alumnos-de-marco-alvarado-de-visuales\/"},"author":{"name":"ccortez","@id":"https:\/\/www.uartes.edu.ec\/sitio\/fr\/#\/schema\/person\/efa1b8275797664fd7f13a79ccc0b1f4"},"headline":"Socializar el arte contempor\u00e1neo, un proyecto piloto de alumnos de Marco Alvarado, de Visuales","datePublished":"2021-09-07T13:00:00+00:00","dateModified":"2024-07-04T16:25:35+00:00","mainEntityOfPage":{"@id":"https:\/\/www.uartes.edu.ec\/sitio\/fr\/blog\/2021\/09\/07\/socializar-el-arte-contemporaneo-un-proyecto-piloto-de-alumnos-de-marco-alvarado-de-visuales\/"},"wordCount":560,"commentCount":0,"publisher":{"@id":"https:\/\/www.uartes.edu.ec\/sitio\/fr\/#organization"},"image":{"@id":"https:\/\/www.uartes.edu.ec\/sitio\/fr\/blog\/2021\/09\/07\/socializar-el-arte-contemporaneo-un-proyecto-piloto-de-alumnos-de-marco-alvarado-de-visuales\/#primaryimage"},"thumbnailUrl":"https:\/\/www.uartes.edu.ec\/sitio\/wp-content\/uploads\/2021\/09\/image.png","keywords":["artes visuales"],"articleSection":["Artes Visuales","Docentes","Estudiantes"],"inLanguage":"fr-FR","potentialAction":[{"@type":"CommentAction","name":"Comment","target":["https:\/\/www.uartes.edu.ec\/sitio\/fr\/blog\/2021\/09\/07\/socializar-el-arte-contemporaneo-un-proyecto-piloto-de-alumnos-de-marco-alvarado-de-visuales\/#respond"]}]},{"@type":["WebPage","ItemPage"],"@id":"https:\/\/www.uartes.edu.ec\/sitio\/fr\/blog\/2021\/09\/07\/socializar-el-arte-contemporaneo-un-proyecto-piloto-de-alumnos-de-marco-alvarado-de-visuales\/","url":"https:\/\/www.uartes.edu.ec\/sitio\/fr\/blog\/2021\/09\/07\/socializar-el-arte-contemporaneo-un-proyecto-piloto-de-alumnos-de-marco-alvarado-de-visuales\/","name":"Universidad de las Artes - Socializar el arte contempor\u00e1neo, un proyecto piloto de alumnos de Marco Alvarado, de Visuales","isPartOf":{"@id":"https:\/\/www.uartes.edu.ec\/sitio\/fr\/#website"},"primaryImageOfPage":{"@id":"https:\/\/www.uartes.edu.ec\/sitio\/fr\/blog\/2021\/09\/07\/socializar-el-arte-contemporaneo-un-proyecto-piloto-de-alumnos-de-marco-alvarado-de-visuales\/#primaryimage"},"image":{"@id":"https:\/\/www.uartes.edu.ec\/sitio\/fr\/blog\/2021\/09\/07\/socializar-el-arte-contemporaneo-un-proyecto-piloto-de-alumnos-de-marco-alvarado-de-visuales\/#primaryimage"},"thumbnailUrl":"https:\/\/www.uartes.edu.ec\/sitio\/wp-content\/uploads\/2021\/09\/image.png","datePublished":"2021-09-07T13:00:00+00:00","dateModified":"2024-07-04T16:25:35+00:00","description":"Universidad de las Artes - Socializar el arte contempor\u00e1neo, un proyecto piloto de alumnos de Marco Alvarado, de Visuales","breadcrumb":{"@id":"https:\/\/www.uartes.edu.ec\/sitio\/fr\/blog\/2021\/09\/07\/socializar-el-arte-contemporaneo-un-proyecto-piloto-de-alumnos-de-marco-alvarado-de-visuales\/#breadcrumb"},"inLanguage":"fr-FR","potentialAction":[{"@type":"ReadAction","target":["https:\/\/www.uartes.edu.ec\/sitio\/fr\/blog\/2021\/09\/07\/socializar-el-arte-contemporaneo-un-proyecto-piloto-de-alumnos-de-marco-alvarado-de-visuales\/"]}]},{"@type":"ImageObject","inLanguage":"fr-FR","@id":"https:\/\/www.uartes.edu.ec\/sitio\/fr\/blog\/2021\/09\/07\/socializar-el-arte-contemporaneo-un-proyecto-piloto-de-alumnos-de-marco-alvarado-de-visuales\/#primaryimage","url":"https:\/\/www.uartes.edu.ec\/sitio\/wp-content\/uploads\/2021\/09\/image.png","contentUrl":"https:\/\/www.uartes.edu.ec\/sitio\/wp-content\/uploads\/2021\/09\/image.png","width":567,"height":318},{"@type":"BreadcrumbList","@id":"https:\/\/www.uartes.edu.ec\/sitio\/fr\/blog\/2021\/09\/07\/socializar-el-arte-contemporaneo-un-proyecto-piloto-de-alumnos-de-marco-alvarado-de-visuales\/#breadcrumb","itemListElement":[{"@type":"ListItem","position":1,"name":"Inicio","item":"https:\/\/www.uartes.edu.ec\/sitio\/"},{"@type":"ListItem","position":2,"name":"Socializar el arte contempor\u00e1neo, un proyecto piloto de alumnos de Marco Alvarado, de Visuales"}]},{"@type":"WebSite","@id":"https:\/\/www.uartes.edu.ec\/sitio\/fr\/#website","url":"https:\/\/www.uartes.edu.ec\/sitio\/fr\/","name":"Universidad de las Artes","description":"Sitio oficial de la Universidad Nacional de las Artes del Ecuador","publisher":{"@id":"https:\/\/www.uartes.edu.ec\/sitio\/fr\/#organization"},"potentialAction":[{"@type":"SearchAction","target":{"@type":"EntryPoint","urlTemplate":"https:\/\/www.uartes.edu.ec\/sitio\/fr\/?s={search_term_string}"},"query-input":{"@type":"PropertyValueSpecification","valueRequired":true,"valueName":"search_term_string"}}],"inLanguage":"fr-FR"},{"@type":"Organization","@id":"https:\/\/www.uartes.edu.ec\/sitio\/fr\/#organization","name":"Universidad de las Artes","url":"https:\/\/www.uartes.edu.ec\/sitio\/fr\/","logo":{"@type":"ImageObject","inLanguage":"fr-FR","@id":"https:\/\/www.uartes.edu.ec\/sitio\/fr\/#\/schema\/logo\/image\/","url":"https:\/\/www.uartes.edu.ec\/sitio\/wp-content\/uploads\/2022\/07\/logo-ua-horizontal.png","contentUrl":"https:\/\/www.uartes.edu.ec\/sitio\/wp-content\/uploads\/2022\/07\/logo-ua-horizontal.png","width":800,"height":276,"caption":"Universidad de las Artes"},"image":{"@id":"https:\/\/www.uartes.edu.ec\/sitio\/fr\/#\/schema\/logo\/image\/"},"sameAs":["https:\/\/www.facebook.com\/uartesec","https:\/\/x.com\/uartesec","https:\/\/www.tiktok.com\/@uartesec"]},{"@type":"Person","@id":"https:\/\/www.uartes.edu.ec\/sitio\/fr\/#\/schema\/person\/efa1b8275797664fd7f13a79ccc0b1f4","name":"ccortez","image":{"@type":"ImageObject","inLanguage":"fr-FR","@id":"https:\/\/secure.gravatar.com\/avatar\/b2a6f664a3ae8e074346ef91775736c5ec479e637ecced6842de9dc98b5da9cd?s=96&d=mm&r=g","url":"https:\/\/secure.gravatar.com\/avatar\/b2a6f664a3ae8e074346ef91775736c5ec479e637ecced6842de9dc98b5da9cd?s=96&d=mm&r=g","contentUrl":"https:\/\/secure.gravatar.com\/avatar\/b2a6f664a3ae8e074346ef91775736c5ec479e637ecced6842de9dc98b5da9cd?s=96&d=mm&r=g","caption":"ccortez"},"url":"https:\/\/www.uartes.edu.ec\/sitio\/fr\/blog\/author\/ccortez\/"}]}},"uagb_featured_image_src":{"full":["https:\/\/www.uartes.edu.ec\/sitio\/wp-content\/uploads\/2021\/09\/image.png",567,318,false],"thumbnail":["https:\/\/www.uartes.edu.ec\/sitio\/wp-content\/uploads\/2021\/09\/image-150x150.png",150,150,true],"medium":["https:\/\/www.uartes.edu.ec\/sitio\/wp-content\/uploads\/2021\/09\/image-300x168.png",300,168,true],"medium_large":["https:\/\/www.uartes.edu.ec\/sitio\/wp-content\/uploads\/2021\/09\/image.png",567,318,false],"large":["https:\/\/www.uartes.edu.ec\/sitio\/wp-content\/uploads\/2021\/09\/image.png",567,318,false],"1536x1536":["https:\/\/www.uartes.edu.ec\/sitio\/wp-content\/uploads\/2021\/09\/image.png",567,318,false],"2048x2048":["https:\/\/www.uartes.edu.ec\/sitio\/wp-content\/uploads\/2021\/09\/image.png",567,318,false],"trp-custom-language-flag":["https:\/\/www.uartes.edu.ec\/sitio\/wp-content\/uploads\/2021\/09\/image-16x9.png",16,9,true],"htmega_size_585x295":["https:\/\/www.uartes.edu.ec\/sitio\/wp-content\/uploads\/2021\/09\/image-567x295.png",567,295,true],"htmega_size_1170x536":["https:\/\/www.uartes.edu.ec\/sitio\/wp-content\/uploads\/2021\/09\/image.png",567,318,false],"htmega_size_396x360":["https:\/\/www.uartes.edu.ec\/sitio\/wp-content\/uploads\/2021\/09\/image-396x318.png",396,318,true],"gb-block-post-grid-landscape":["https:\/\/www.uartes.edu.ec\/sitio\/wp-content\/uploads\/2021\/09\/image.png",567,318,false],"gb-block-post-grid-square":["https:\/\/www.uartes.edu.ec\/sitio\/wp-content\/uploads\/2021\/09\/image.png",567,318,false],"university-hub-thumb":["https:\/\/www.uartes.edu.ec\/sitio\/wp-content\/uploads\/2021\/09\/image-400x224.png",400,224,true],"mailpoet_newsletter_max":["https:\/\/www.uartes.edu.ec\/sitio\/wp-content\/uploads\/2021\/09\/image.png",567,318,false]},"uagb_author_info":{"display_name":"ccortez","author_link":"https:\/\/www.uartes.edu.ec\/sitio\/fr\/blog\/author\/ccortez\/"},"uagb_comment_info":0,"uagb_excerpt":"Socializar el Arte Contempor\u00e1neo en Guayaquil desde la carrera de Artes Visuales de la Universidad de las Artes es, en s\u00edntesis, el prop\u00f3sito de SAVG21, un proyecto piloto que estudiantes del docente Marco Alvarado se proponen ejecutar. En Facebook e Instagram, cuentas como Hormiganh compartieron hace algunas semanas con sus seguidores la visita que los\u2026","featured_image_src":"https:\/\/www.uartes.edu.ec\/sitio\/wp-content\/uploads\/2021\/09\/image.png","featured_image_src_square":"https:\/\/www.uartes.edu.ec\/sitio\/wp-content\/uploads\/2021\/09\/image.png","author_info":{"display_name":"ccortez","author_link":"https:\/\/www.uartes.edu.ec\/sitio\/fr\/blog\/author\/ccortez\/"},"publishpress_future_workflow_manual_trigger":{"enabledWorkflows":[]},"distributor_meta":false,"distributor_terms":false,"distributor_media":false,"distributor_original_site_name":"Universidad de las Artes","distributor_original_site_url":"https:\/\/www.uartes.edu.ec\/sitio\/fr","push-errors":false,"_links":{"self":[{"href":"https:\/\/www.uartes.edu.ec\/sitio\/fr\/wp-json\/wp\/v2\/posts\/15944","targetHints":{"allow":["GET"]}}],"collection":[{"href":"https:\/\/www.uartes.edu.ec\/sitio\/fr\/wp-json\/wp\/v2\/posts"}],"about":[{"href":"https:\/\/www.uartes.edu.ec\/sitio\/fr\/wp-json\/wp\/v2\/types\/post"}],"author":[{"embeddable":true,"href":"https:\/\/www.uartes.edu.ec\/sitio\/fr\/wp-json\/wp\/v2\/users\/10"}],"replies":[{"embeddable":true,"href":"https:\/\/www.uartes.edu.ec\/sitio\/fr\/wp-json\/wp\/v2\/comments?post=15944"}],"version-history":[{"count":1,"href":"https:\/\/www.uartes.edu.ec\/sitio\/fr\/wp-json\/wp\/v2\/posts\/15944\/revisions"}],"predecessor-version":[{"id":15948,"href":"https:\/\/www.uartes.edu.ec\/sitio\/fr\/wp-json\/wp\/v2\/posts\/15944\/revisions\/15948"}],"wp:featuredmedia":[{"embeddable":true,"href":"https:\/\/www.uartes.edu.ec\/sitio\/fr\/wp-json\/wp\/v2\/media\/15946"}],"wp:attachment":[{"href":"https:\/\/www.uartes.edu.ec\/sitio\/fr\/wp-json\/wp\/v2\/media?parent=15944"}],"wp:term":[{"taxonomy":"category","embeddable":true,"href":"https:\/\/www.uartes.edu.ec\/sitio\/fr\/wp-json\/wp\/v2\/categories?post=15944"},{"taxonomy":"post_tag","embeddable":true,"href":"https:\/\/www.uartes.edu.ec\/sitio\/fr\/wp-json\/wp\/v2\/tags?post=15944"},{"taxonomy":"infouartes","embeddable":true,"href":"https:\/\/www.uartes.edu.ec\/sitio\/fr\/wp-json\/wp\/v2\/infouartes?post=15944"}],"curies":[{"name":"wp","href":"https:\/\/api.w.org\/{rel}","templated":true}]}}