{"id":16098,"date":"2021-09-24T18:14:00","date_gmt":"2021-09-24T23:14:00","guid":{"rendered":"http:\/\/www.uartes.edu.ec\/sitio\/?p=16098"},"modified":"2024-07-04T11:25:32","modified_gmt":"2024-07-04T16:25:32","slug":"dia-de-integracion-uartes","status":"publish","type":"post","link":"https:\/\/www.uartes.edu.ec\/sitio\/fr\/blog\/2021\/09\/24\/dia-de-integracion-uartes\/","title":{"rendered":"D\u00eda de Integraci\u00f3n UArtes"},"content":{"rendered":"<p>El d\u00eda viernes 24 de septiembre 2021 se realiz\u00f3 el d\u00eda de integraci\u00f3n entre el personal&nbsp; administrativo y acad\u00e9mico de la UArtes.<\/p>\n\n\n\n<p>Mar\u00eda Fernanda Plaza, Directora de Asuntos Estudiantiles y Comunidad Universitaria, es la organizadora de la actividad. Plaza destac\u00f3 que busca unir al personal administrativo y a la planta docente en un mismo espacio para conocer m\u00e1s a nuestros compa\u00f1eros. Esto permite dar la bienvenida a los nuevos integrantes a nuestra comunidad, as\u00ed como presentar y dar a conocer los hitos m\u00e1s relevantes de la gesti\u00f3n universitaria por parte de las autoridades de la instituci\u00f3n.<\/p>\n\n\n\n<p>La jornada inici\u00f3 con un acto de magia realizado por Juan Carlos Fern\u00e1ndez, qui\u00e9n sorprendi\u00f3 a su p\u00fablico con varios trucos. Contin\u00fao Bradley Hilgert, Vicerrector Acad\u00e9mico, con unas palabras de agradecimiento al trabajo que realiza cada una de las \u00e1reas de la UArtes y llam\u00f3 a la uni\u00f3n de la comunidad para continuar los esfuerzos por brindar una educaci\u00f3n de calidad en artes.<\/p>\n\n\n\n<p>La Direcci\u00f3n de Talento Humano realiz\u00f3 la presentaci\u00f3n de los nuevos integrantes de la comunidad universitaria y la Direcci\u00f3n de Comunicaci\u00f3n brind\u00f3 informaci\u00f3n relevante sobre las diferentes \u00e1reas de la UArtes para conocimiento de la comunidad.<\/p>\n\n\n\n<p>Despu\u00e9s del acto protocolar, empezaron las din\u00e1micas para lo cual se dividieron en grupos. El objetivo es conocer mejor a los compa\u00f1eros de labores. Finalmente el grupo ganador recibi\u00f3 una torta de chocolate auspiciada por el restaurante Mono Capuchino, que opera dentro de las instalaciones de la UArtes.<\/p>\n\n\n\n<div class=\"wp-block-getwid-images-slider has-arrows-inside has-dots-none has-images-center has-cropped-images\"><div class=\"wp-block-getwid-images-slider__wrapper\" data-effect=\"slide\" data-slides-show=\"1\" data-slides-show-laptop=\"1\" data-slides-show-tablet=\"1\" data-slides-show-mobile=\"1\" data-slides-scroll=\"1\" data-autoplay=\"false\" data-autoplay-speed=\"6000\" data-infinite=\"true\" data-animation-speed=\"800\" data-center-mode=\"false\" data-variable-width=\"false\" data-arrows=\"inside\" data-dots=\"none\" data-spacing=\"none\"><div class=\"wp-block-getwid-images-slider__item\"><figure><img fetchpriority=\"high\" decoding=\"async\" width=\"2000\" height=\"1333\" src=\"http:\/\/www.uartes.edu.ec\/sitio\/wp-content\/uploads\/2021\/09\/02-DIA-INTEGRACION-UARTES-2O21.webp\" data-id=\"16099\" data-link=\"http:\/\/www.uartes.edu.ec\/sitio\/02-dia-integracion-uartes-2o21\/\" data-original-link=\"http:\/\/www.uartes.edu.ec\/sitio\/wp-content\/uploads\/2021\/09\/02-DIA-INTEGRACION-UARTES-2O21.webp\" class=\"wp-block-getwid-images-slider__image wp-image-16099\"\/><\/figure><\/div><div class=\"wp-block-getwid-images-slider__item\"><figure><img decoding=\"async\" width=\"2000\" height=\"1333\" src=\"http:\/\/www.uartes.edu.ec\/sitio\/wp-content\/uploads\/2021\/09\/03-DIA-INTEGRACION-UARTES-2O21.webp\" data-id=\"16097\" data-link=\"http:\/\/www.uartes.edu.ec\/sitio\/03-dia-integracion-uartes-2o21\/\" data-original-link=\"http:\/\/www.uartes.edu.ec\/sitio\/wp-content\/uploads\/2021\/09\/03-DIA-INTEGRACION-UARTES-2O21.webp\" class=\"wp-block-getwid-images-slider__image wp-image-16097\"\/><\/figure><\/div><div class=\"wp-block-getwid-images-slider__item\"><figure><img decoding=\"async\" width=\"2000\" height=\"1333\" src=\"http:\/\/www.uartes.edu.ec\/sitio\/wp-content\/uploads\/2021\/09\/01-DIA-INTEGRACION-UARTES-2O21.webp\" data-id=\"16100\" data-link=\"http:\/\/www.uartes.edu.ec\/sitio\/01-dia-integracion-uartes-2o21\/\" data-original-link=\"http:\/\/www.uartes.edu.ec\/sitio\/wp-content\/uploads\/2021\/09\/01-DIA-INTEGRACION-UARTES-2O21.webp\" class=\"wp-block-getwid-images-slider__image wp-image-16100\"\/><\/figure><\/div><div class=\"wp-block-getwid-images-slider__item\"><figure><img loading=\"lazy\" decoding=\"async\" width=\"2000\" height=\"1333\" src=\"http:\/\/www.uartes.edu.ec\/sitio\/wp-content\/uploads\/2021\/09\/07-DIA-INTEGRACION-UARTES-2O21.webp\" data-id=\"16103\" data-link=\"http:\/\/www.uartes.edu.ec\/sitio\/07-dia-integracion-uartes-2o21\/\" data-original-link=\"http:\/\/www.uartes.edu.ec\/sitio\/wp-content\/uploads\/2021\/09\/07-DIA-INTEGRACION-UARTES-2O21.webp\" class=\"wp-block-getwid-images-slider__image wp-image-16103\"\/><\/figure><\/div><div class=\"wp-block-getwid-images-slider__item\"><figure><img loading=\"lazy\" decoding=\"async\" width=\"2000\" height=\"1333\" src=\"http:\/\/www.uartes.edu.ec\/sitio\/wp-content\/uploads\/2021\/09\/06-DIA-INTEGRACION-UARTES-2O21.webp\" data-id=\"16094\" data-link=\"http:\/\/www.uartes.edu.ec\/sitio\/06-dia-integracion-uartes-2o21\/\" data-original-link=\"http:\/\/www.uartes.edu.ec\/sitio\/wp-content\/uploads\/2021\/09\/06-DIA-INTEGRACION-UARTES-2O21.webp\" class=\"wp-block-getwid-images-slider__image wp-image-16094\"\/><\/figure><\/div><div class=\"wp-block-getwid-images-slider__item\"><figure><img loading=\"lazy\" decoding=\"async\" width=\"2000\" height=\"1333\" src=\"http:\/\/www.uartes.edu.ec\/sitio\/wp-content\/uploads\/2021\/09\/05-DIA-INTEGRACION-UARTES-2O21.webp\" data-id=\"16095\" data-link=\"http:\/\/www.uartes.edu.ec\/sitio\/05-dia-integracion-uartes-2o21\/\" data-original-link=\"http:\/\/www.uartes.edu.ec\/sitio\/wp-content\/uploads\/2021\/09\/05-DIA-INTEGRACION-UARTES-2O21.webp\" class=\"wp-block-getwid-images-slider__image wp-image-16095\"\/><\/figure><\/div><\/div><\/div>","protected":false},"excerpt":{"rendered":"<p>El d\u00eda viernes 24 de septiembre 2021 se realiz\u00f3 el d\u00eda de integraci\u00f3n entre el personal\u00a0 administrativo y acad\u00e9mico de la UArtes.<\/p>","protected":false},"author":1,"featured_media":16096,"comment_status":"open","ping_status":"open","sticky":false,"template":"","format":"standard","meta":{"_acf_changed":false,"_uag_custom_page_level_css":"","_monsterinsights_skip_tracking":false,"_monsterinsights_sitenote_active":false,"_monsterinsights_sitenote_note":"","_monsterinsights_sitenote_category":0,"cybocfi_hide_featured_image":"","footnotes":""},"categories":[438,75,77],"tags":[],"infouartes":[],"class_list":["post-16098","post","type-post","status-publish","format-standard","has-post-thumbnail","hentry","category-administrativos","category-docentes","category-gestion"],"acf":[],"yoast_head":"<!-- This site is optimized with the Yoast SEO plugin v27.4 - https:\/\/yoast.com\/product\/yoast-seo-wordpress\/ -->\n<title>Universidad de las Artes - D\u00eda de Integraci\u00f3n UArtes<\/title>\n<meta name=\"description\" content=\"Universidad de las Artes - D\u00eda de Integraci\u00f3n UArtes\" \/>\n<meta name=\"robots\" content=\"index, follow, max-snippet:-1, max-image-preview:large, max-video-preview:-1\" \/>\n<link rel=\"canonical\" href=\"https:\/\/www.uartes.edu.ec\/sitio\/fr\/blog\/2021\/09\/24\/dia-de-integracion-uartes\/\" \/>\n<meta property=\"og:locale\" content=\"fr_FR\" \/>\n<meta property=\"og:type\" content=\"article\" \/>\n<meta property=\"og:title\" content=\"Universidad de las Artes - D\u00eda de Integraci\u00f3n UArtes\" \/>\n<meta property=\"og:description\" content=\"Universidad de las Artes - D\u00eda de Integraci\u00f3n UArtes\" \/>\n<meta property=\"og:url\" content=\"https:\/\/www.uartes.edu.ec\/sitio\/fr\/blog\/2021\/09\/24\/dia-de-integracion-uartes\/\" \/>\n<meta property=\"og:site_name\" content=\"Universidad de las Artes\" \/>\n<meta property=\"article:publisher\" content=\"https:\/\/www.facebook.com\/uartesec\" \/>\n<meta property=\"article:published_time\" content=\"2021-09-24T23:14:00+00:00\" \/>\n<meta property=\"article:modified_time\" content=\"2024-07-04T16:25:32+00:00\" \/>\n<meta property=\"og:image\" content=\"https:\/\/www.uartes.edu.ec\/sitio\/wp-content\/uploads\/2021\/09\/04-DIA-INTEGRACION-UARTES-2O21.webp\" \/>\n\t<meta property=\"og:image:width\" content=\"2000\" \/>\n\t<meta property=\"og:image:height\" content=\"1333\" \/>\n\t<meta property=\"og:image:type\" content=\"image\/webp\" \/>\n<meta name=\"author\" content=\"Universidad de las Artes\" \/>\n<meta name=\"twitter:card\" content=\"summary_large_image\" \/>\n<meta name=\"twitter:creator\" content=\"@uartesec\" \/>\n<meta name=\"twitter:site\" content=\"@uartesec\" \/>\n<meta name=\"twitter:label1\" content=\"\u00c9crit par\" \/>\n\t<meta name=\"twitter:data1\" content=\"Universidad de las Artes\" \/>\n\t<meta name=\"twitter:label2\" content=\"Dur\u00e9e de lecture estim\u00e9e\" \/>\n\t<meta name=\"twitter:data2\" content=\"3 minutes\" \/>\n<script type=\"application\/ld+json\" class=\"yoast-schema-graph\">{\"@context\":\"https:\\\/\\\/schema.org\",\"@graph\":[{\"@type\":\"Article\",\"@id\":\"https:\\\/\\\/www.uartes.edu.ec\\\/sitio\\\/fr\\\/blog\\\/2021\\\/09\\\/24\\\/dia-de-integracion-uartes\\\/#article\",\"isPartOf\":{\"@id\":\"https:\\\/\\\/www.uartes.edu.ec\\\/sitio\\\/fr\\\/blog\\\/2021\\\/09\\\/24\\\/dia-de-integracion-uartes\\\/\"},\"author\":{\"name\":\"Universidad de las Artes\",\"@id\":\"https:\\\/\\\/www.uartes.edu.ec\\\/sitio\\\/fr\\\/#\\\/schema\\\/person\\\/f33f8c1d2af0d5c80a38c8abf458184a\"},\"headline\":\"D\u00eda de Integraci\u00f3n UArtes\",\"datePublished\":\"2021-09-24T23:14:00+00:00\",\"dateModified\":\"2024-07-04T16:25:32+00:00\",\"mainEntityOfPage\":{\"@id\":\"https:\\\/\\\/www.uartes.edu.ec\\\/sitio\\\/fr\\\/blog\\\/2021\\\/09\\\/24\\\/dia-de-integracion-uartes\\\/\"},\"wordCount\":273,\"commentCount\":0,\"publisher\":{\"@id\":\"https:\\\/\\\/www.uartes.edu.ec\\\/sitio\\\/fr\\\/#organization\"},\"image\":{\"@id\":\"https:\\\/\\\/www.uartes.edu.ec\\\/sitio\\\/fr\\\/blog\\\/2021\\\/09\\\/24\\\/dia-de-integracion-uartes\\\/#primaryimage\"},\"thumbnailUrl\":\"https:\\\/\\\/www.uartes.edu.ec\\\/sitio\\\/wp-content\\\/uploads\\\/2021\\\/09\\\/04-DIA-INTEGRACION-UARTES-2O21.webp\",\"articleSection\":[\"Administrativos\",\"Docentes\",\"Gesti\u00f3n\"],\"inLanguage\":\"fr-FR\",\"potentialAction\":[{\"@type\":\"CommentAction\",\"name\":\"Comment\",\"target\":[\"https:\\\/\\\/www.uartes.edu.ec\\\/sitio\\\/fr\\\/blog\\\/2021\\\/09\\\/24\\\/dia-de-integracion-uartes\\\/#respond\"]}]},{\"@type\":[\"WebPage\",\"ItemPage\"],\"@id\":\"https:\\\/\\\/www.uartes.edu.ec\\\/sitio\\\/fr\\\/blog\\\/2021\\\/09\\\/24\\\/dia-de-integracion-uartes\\\/\",\"url\":\"https:\\\/\\\/www.uartes.edu.ec\\\/sitio\\\/fr\\\/blog\\\/2021\\\/09\\\/24\\\/dia-de-integracion-uartes\\\/\",\"name\":\"Universidad de las Artes - D\u00eda de Integraci\u00f3n UArtes\",\"isPartOf\":{\"@id\":\"https:\\\/\\\/www.uartes.edu.ec\\\/sitio\\\/fr\\\/#website\"},\"primaryImageOfPage\":{\"@id\":\"https:\\\/\\\/www.uartes.edu.ec\\\/sitio\\\/fr\\\/blog\\\/2021\\\/09\\\/24\\\/dia-de-integracion-uartes\\\/#primaryimage\"},\"image\":{\"@id\":\"https:\\\/\\\/www.uartes.edu.ec\\\/sitio\\\/fr\\\/blog\\\/2021\\\/09\\\/24\\\/dia-de-integracion-uartes\\\/#primaryimage\"},\"thumbnailUrl\":\"https:\\\/\\\/www.uartes.edu.ec\\\/sitio\\\/wp-content\\\/uploads\\\/2021\\\/09\\\/04-DIA-INTEGRACION-UARTES-2O21.webp\",\"datePublished\":\"2021-09-24T23:14:00+00:00\",\"dateModified\":\"2024-07-04T16:25:32+00:00\",\"description\":\"Universidad de las Artes - D\u00eda de Integraci\u00f3n UArtes\",\"breadcrumb\":{\"@id\":\"https:\\\/\\\/www.uartes.edu.ec\\\/sitio\\\/fr\\\/blog\\\/2021\\\/09\\\/24\\\/dia-de-integracion-uartes\\\/#breadcrumb\"},\"inLanguage\":\"fr-FR\",\"potentialAction\":[{\"@type\":\"ReadAction\",\"target\":[\"https:\\\/\\\/www.uartes.edu.ec\\\/sitio\\\/fr\\\/blog\\\/2021\\\/09\\\/24\\\/dia-de-integracion-uartes\\\/\"]}]},{\"@type\":\"ImageObject\",\"inLanguage\":\"fr-FR\",\"@id\":\"https:\\\/\\\/www.uartes.edu.ec\\\/sitio\\\/fr\\\/blog\\\/2021\\\/09\\\/24\\\/dia-de-integracion-uartes\\\/#primaryimage\",\"url\":\"https:\\\/\\\/www.uartes.edu.ec\\\/sitio\\\/wp-content\\\/uploads\\\/2021\\\/09\\\/04-DIA-INTEGRACION-UARTES-2O21.webp\",\"contentUrl\":\"https:\\\/\\\/www.uartes.edu.ec\\\/sitio\\\/wp-content\\\/uploads\\\/2021\\\/09\\\/04-DIA-INTEGRACION-UARTES-2O21.webp\",\"width\":2000,\"height\":1333},{\"@type\":\"BreadcrumbList\",\"@id\":\"https:\\\/\\\/www.uartes.edu.ec\\\/sitio\\\/fr\\\/blog\\\/2021\\\/09\\\/24\\\/dia-de-integracion-uartes\\\/#breadcrumb\",\"itemListElement\":[{\"@type\":\"ListItem\",\"position\":1,\"name\":\"Inicio\",\"item\":\"https:\\\/\\\/www.uartes.edu.ec\\\/sitio\\\/\"},{\"@type\":\"ListItem\",\"position\":2,\"name\":\"D\u00eda de Integraci\u00f3n UArtes\"}]},{\"@type\":\"WebSite\",\"@id\":\"https:\\\/\\\/www.uartes.edu.ec\\\/sitio\\\/fr\\\/#website\",\"url\":\"https:\\\/\\\/www.uartes.edu.ec\\\/sitio\\\/fr\\\/\",\"name\":\"Universidad de las Artes\",\"description\":\"Sitio oficial de la Universidad Nacional de las Artes del Ecuador\",\"publisher\":{\"@id\":\"https:\\\/\\\/www.uartes.edu.ec\\\/sitio\\\/fr\\\/#organization\"},\"potentialAction\":[{\"@type\":\"SearchAction\",\"target\":{\"@type\":\"EntryPoint\",\"urlTemplate\":\"https:\\\/\\\/www.uartes.edu.ec\\\/sitio\\\/fr\\\/?s={search_term_string}\"},\"query-input\":{\"@type\":\"PropertyValueSpecification\",\"valueRequired\":true,\"valueName\":\"search_term_string\"}}],\"inLanguage\":\"fr-FR\"},{\"@type\":\"Organization\",\"@id\":\"https:\\\/\\\/www.uartes.edu.ec\\\/sitio\\\/fr\\\/#organization\",\"name\":\"Universidad de las Artes\",\"url\":\"https:\\\/\\\/www.uartes.edu.ec\\\/sitio\\\/fr\\\/\",\"logo\":{\"@type\":\"ImageObject\",\"inLanguage\":\"fr-FR\",\"@id\":\"https:\\\/\\\/www.uartes.edu.ec\\\/sitio\\\/fr\\\/#\\\/schema\\\/logo\\\/image\\\/\",\"url\":\"https:\\\/\\\/www.uartes.edu.ec\\\/sitio\\\/wp-content\\\/uploads\\\/2022\\\/07\\\/logo-ua-horizontal.png\",\"contentUrl\":\"https:\\\/\\\/www.uartes.edu.ec\\\/sitio\\\/wp-content\\\/uploads\\\/2022\\\/07\\\/logo-ua-horizontal.png\",\"width\":800,\"height\":276,\"caption\":\"Universidad de las Artes\"},\"image\":{\"@id\":\"https:\\\/\\\/www.uartes.edu.ec\\\/sitio\\\/fr\\\/#\\\/schema\\\/logo\\\/image\\\/\"},\"sameAs\":[\"https:\\\/\\\/www.facebook.com\\\/uartesec\",\"https:\\\/\\\/x.com\\\/uartesec\",\"https:\\\/\\\/www.tiktok.com\\\/@uartesec\"]},{\"@type\":\"Person\",\"@id\":\"https:\\\/\\\/www.uartes.edu.ec\\\/sitio\\\/fr\\\/#\\\/schema\\\/person\\\/f33f8c1d2af0d5c80a38c8abf458184a\",\"name\":\"Universidad de las Artes\",\"image\":{\"@type\":\"ImageObject\",\"inLanguage\":\"fr-FR\",\"@id\":\"https:\\\/\\\/secure.gravatar.com\\\/avatar\\\/52e4757902f5cfa5ac52d020e5be83cae5487519154b6c35482fe08d589f3c13?s=96&d=mm&r=g\",\"url\":\"https:\\\/\\\/secure.gravatar.com\\\/avatar\\\/52e4757902f5cfa5ac52d020e5be83cae5487519154b6c35482fe08d589f3c13?s=96&d=mm&r=g\",\"contentUrl\":\"https:\\\/\\\/secure.gravatar.com\\\/avatar\\\/52e4757902f5cfa5ac52d020e5be83cae5487519154b6c35482fe08d589f3c13?s=96&d=mm&r=g\",\"caption\":\"Universidad de las Artes\"},\"url\":\"https:\\\/\\\/www.uartes.edu.ec\\\/sitio\\\/fr\\\/blog\\\/author\\\/dircomadm\\\/\"}]}<\/script>\n<!-- \/ Yoast SEO plugin. -->","yoast_head_json":{"title":"Universidad de las Artes - D\u00eda de Integraci\u00f3n UArtes","description":"Universidad de las Artes - D\u00eda de Integraci\u00f3n UArtes","robots":{"index":"index","follow":"follow","max-snippet":"max-snippet:-1","max-image-preview":"max-image-preview:large","max-video-preview":"max-video-preview:-1"},"canonical":"https:\/\/www.uartes.edu.ec\/sitio\/fr\/blog\/2021\/09\/24\/dia-de-integracion-uartes\/","og_locale":"fr_FR","og_type":"article","og_title":"Universidad de las Artes - D\u00eda de Integraci\u00f3n UArtes","og_description":"Universidad de las Artes - D\u00eda de Integraci\u00f3n UArtes","og_url":"https:\/\/www.uartes.edu.ec\/sitio\/fr\/blog\/2021\/09\/24\/dia-de-integracion-uartes\/","og_site_name":"Universidad de las Artes","article_publisher":"https:\/\/www.facebook.com\/uartesec","article_published_time":"2021-09-24T23:14:00+00:00","article_modified_time":"2024-07-04T16:25:32+00:00","og_image":[{"width":2000,"height":1333,"url":"https:\/\/www.uartes.edu.ec\/sitio\/wp-content\/uploads\/2021\/09\/04-DIA-INTEGRACION-UARTES-2O21.webp","type":"image\/webp"}],"author":"Universidad de las Artes","twitter_card":"summary_large_image","twitter_creator":"@uartesec","twitter_site":"@uartesec","twitter_misc":{"\u00c9crit par":"Universidad de las Artes","Dur\u00e9e de lecture estim\u00e9e":"3 minutes"},"schema":{"@context":"https:\/\/schema.org","@graph":[{"@type":"Article","@id":"https:\/\/www.uartes.edu.ec\/sitio\/fr\/blog\/2021\/09\/24\/dia-de-integracion-uartes\/#article","isPartOf":{"@id":"https:\/\/www.uartes.edu.ec\/sitio\/fr\/blog\/2021\/09\/24\/dia-de-integracion-uartes\/"},"author":{"name":"Universidad de las Artes","@id":"https:\/\/www.uartes.edu.ec\/sitio\/fr\/#\/schema\/person\/f33f8c1d2af0d5c80a38c8abf458184a"},"headline":"D\u00eda de Integraci\u00f3n UArtes","datePublished":"2021-09-24T23:14:00+00:00","dateModified":"2024-07-04T16:25:32+00:00","mainEntityOfPage":{"@id":"https:\/\/www.uartes.edu.ec\/sitio\/fr\/blog\/2021\/09\/24\/dia-de-integracion-uartes\/"},"wordCount":273,"commentCount":0,"publisher":{"@id":"https:\/\/www.uartes.edu.ec\/sitio\/fr\/#organization"},"image":{"@id":"https:\/\/www.uartes.edu.ec\/sitio\/fr\/blog\/2021\/09\/24\/dia-de-integracion-uartes\/#primaryimage"},"thumbnailUrl":"https:\/\/www.uartes.edu.ec\/sitio\/wp-content\/uploads\/2021\/09\/04-DIA-INTEGRACION-UARTES-2O21.webp","articleSection":["Administrativos","Docentes","Gesti\u00f3n"],"inLanguage":"fr-FR","potentialAction":[{"@type":"CommentAction","name":"Comment","target":["https:\/\/www.uartes.edu.ec\/sitio\/fr\/blog\/2021\/09\/24\/dia-de-integracion-uartes\/#respond"]}]},{"@type":["WebPage","ItemPage"],"@id":"https:\/\/www.uartes.edu.ec\/sitio\/fr\/blog\/2021\/09\/24\/dia-de-integracion-uartes\/","url":"https:\/\/www.uartes.edu.ec\/sitio\/fr\/blog\/2021\/09\/24\/dia-de-integracion-uartes\/","name":"Universidad de las Artes - D\u00eda de Integraci\u00f3n UArtes","isPartOf":{"@id":"https:\/\/www.uartes.edu.ec\/sitio\/fr\/#website"},"primaryImageOfPage":{"@id":"https:\/\/www.uartes.edu.ec\/sitio\/fr\/blog\/2021\/09\/24\/dia-de-integracion-uartes\/#primaryimage"},"image":{"@id":"https:\/\/www.uartes.edu.ec\/sitio\/fr\/blog\/2021\/09\/24\/dia-de-integracion-uartes\/#primaryimage"},"thumbnailUrl":"https:\/\/www.uartes.edu.ec\/sitio\/wp-content\/uploads\/2021\/09\/04-DIA-INTEGRACION-UARTES-2O21.webp","datePublished":"2021-09-24T23:14:00+00:00","dateModified":"2024-07-04T16:25:32+00:00","description":"Universidad de las Artes - D\u00eda de Integraci\u00f3n UArtes","breadcrumb":{"@id":"https:\/\/www.uartes.edu.ec\/sitio\/fr\/blog\/2021\/09\/24\/dia-de-integracion-uartes\/#breadcrumb"},"inLanguage":"fr-FR","potentialAction":[{"@type":"ReadAction","target":["https:\/\/www.uartes.edu.ec\/sitio\/fr\/blog\/2021\/09\/24\/dia-de-integracion-uartes\/"]}]},{"@type":"ImageObject","inLanguage":"fr-FR","@id":"https:\/\/www.uartes.edu.ec\/sitio\/fr\/blog\/2021\/09\/24\/dia-de-integracion-uartes\/#primaryimage","url":"https:\/\/www.uartes.edu.ec\/sitio\/wp-content\/uploads\/2021\/09\/04-DIA-INTEGRACION-UARTES-2O21.webp","contentUrl":"https:\/\/www.uartes.edu.ec\/sitio\/wp-content\/uploads\/2021\/09\/04-DIA-INTEGRACION-UARTES-2O21.webp","width":2000,"height":1333},{"@type":"BreadcrumbList","@id":"https:\/\/www.uartes.edu.ec\/sitio\/fr\/blog\/2021\/09\/24\/dia-de-integracion-uartes\/#breadcrumb","itemListElement":[{"@type":"ListItem","position":1,"name":"Inicio","item":"https:\/\/www.uartes.edu.ec\/sitio\/"},{"@type":"ListItem","position":2,"name":"D\u00eda de Integraci\u00f3n UArtes"}]},{"@type":"WebSite","@id":"https:\/\/www.uartes.edu.ec\/sitio\/fr\/#website","url":"https:\/\/www.uartes.edu.ec\/sitio\/fr\/","name":"Universidad de las Artes","description":"Sitio oficial de la Universidad Nacional de las Artes del Ecuador","publisher":{"@id":"https:\/\/www.uartes.edu.ec\/sitio\/fr\/#organization"},"potentialAction":[{"@type":"SearchAction","target":{"@type":"EntryPoint","urlTemplate":"https:\/\/www.uartes.edu.ec\/sitio\/fr\/?s={search_term_string}"},"query-input":{"@type":"PropertyValueSpecification","valueRequired":true,"valueName":"search_term_string"}}],"inLanguage":"fr-FR"},{"@type":"Organization","@id":"https:\/\/www.uartes.edu.ec\/sitio\/fr\/#organization","name":"Universidad de las Artes","url":"https:\/\/www.uartes.edu.ec\/sitio\/fr\/","logo":{"@type":"ImageObject","inLanguage":"fr-FR","@id":"https:\/\/www.uartes.edu.ec\/sitio\/fr\/#\/schema\/logo\/image\/","url":"https:\/\/www.uartes.edu.ec\/sitio\/wp-content\/uploads\/2022\/07\/logo-ua-horizontal.png","contentUrl":"https:\/\/www.uartes.edu.ec\/sitio\/wp-content\/uploads\/2022\/07\/logo-ua-horizontal.png","width":800,"height":276,"caption":"Universidad de las Artes"},"image":{"@id":"https:\/\/www.uartes.edu.ec\/sitio\/fr\/#\/schema\/logo\/image\/"},"sameAs":["https:\/\/www.facebook.com\/uartesec","https:\/\/x.com\/uartesec","https:\/\/www.tiktok.com\/@uartesec"]},{"@type":"Person","@id":"https:\/\/www.uartes.edu.ec\/sitio\/fr\/#\/schema\/person\/f33f8c1d2af0d5c80a38c8abf458184a","name":"Universidad de las Artes","image":{"@type":"ImageObject","inLanguage":"fr-FR","@id":"https:\/\/secure.gravatar.com\/avatar\/52e4757902f5cfa5ac52d020e5be83cae5487519154b6c35482fe08d589f3c13?s=96&d=mm&r=g","url":"https:\/\/secure.gravatar.com\/avatar\/52e4757902f5cfa5ac52d020e5be83cae5487519154b6c35482fe08d589f3c13?s=96&d=mm&r=g","contentUrl":"https:\/\/secure.gravatar.com\/avatar\/52e4757902f5cfa5ac52d020e5be83cae5487519154b6c35482fe08d589f3c13?s=96&d=mm&r=g","caption":"Universidad de las Artes"},"url":"https:\/\/www.uartes.edu.ec\/sitio\/fr\/blog\/author\/dircomadm\/"}]}},"uagb_featured_image_src":{"full":["https:\/\/www.uartes.edu.ec\/sitio\/wp-content\/uploads\/2021\/09\/04-DIA-INTEGRACION-UARTES-2O21.webp",2000,1333,false],"thumbnail":["https:\/\/www.uartes.edu.ec\/sitio\/wp-content\/uploads\/2021\/09\/04-DIA-INTEGRACION-UARTES-2O21.webp",150,100,false],"medium":["https:\/\/www.uartes.edu.ec\/sitio\/wp-content\/uploads\/2021\/09\/04-DIA-INTEGRACION-UARTES-2O21.webp",300,200,false],"medium_large":["https:\/\/www.uartes.edu.ec\/sitio\/wp-content\/uploads\/2021\/09\/04-DIA-INTEGRACION-UARTES-2O21.webp",768,512,false],"large":["https:\/\/www.uartes.edu.ec\/sitio\/wp-content\/uploads\/2021\/09\/04-DIA-INTEGRACION-UARTES-2O21.webp",644,429,false],"1536x1536":["https:\/\/www.uartes.edu.ec\/sitio\/wp-content\/uploads\/2021\/09\/04-DIA-INTEGRACION-UARTES-2O21.webp",1536,1024,false],"2048x2048":["https:\/\/www.uartes.edu.ec\/sitio\/wp-content\/uploads\/2021\/09\/04-DIA-INTEGRACION-UARTES-2O21.webp",2000,1333,false],"trp-custom-language-flag":["https:\/\/www.uartes.edu.ec\/sitio\/wp-content\/uploads\/2021\/09\/04-DIA-INTEGRACION-UARTES-2O21.webp",18,12,false],"htmega_size_585x295":["https:\/\/www.uartes.edu.ec\/sitio\/wp-content\/uploads\/2021\/09\/04-DIA-INTEGRACION-UARTES-2O21.webp",443,295,false],"htmega_size_1170x536":["https:\/\/www.uartes.edu.ec\/sitio\/wp-content\/uploads\/2021\/09\/04-DIA-INTEGRACION-UARTES-2O21.webp",804,536,false],"htmega_size_396x360":["https:\/\/www.uartes.edu.ec\/sitio\/wp-content\/uploads\/2021\/09\/04-DIA-INTEGRACION-UARTES-2O21.webp",396,264,false],"gb-block-post-grid-landscape":["https:\/\/www.uartes.edu.ec\/sitio\/wp-content\/uploads\/2021\/09\/04-DIA-INTEGRACION-UARTES-2O21.webp",600,400,false],"gb-block-post-grid-square":["https:\/\/www.uartes.edu.ec\/sitio\/wp-content\/uploads\/2021\/09\/04-DIA-INTEGRACION-UARTES-2O21.webp",600,400,false],"university-hub-thumb":["https:\/\/www.uartes.edu.ec\/sitio\/wp-content\/uploads\/2021\/09\/04-DIA-INTEGRACION-UARTES-2O21.webp",400,267,false]},"uagb_author_info":{"display_name":"Universidad de las Artes","author_link":"https:\/\/www.uartes.edu.ec\/sitio\/fr\/blog\/author\/dircomadm\/"},"uagb_comment_info":0,"uagb_excerpt":"El d\u00eda viernes 24 de septiembre 2021 se realiz\u00f3 el d\u00eda de integraci\u00f3n entre el personal\u00a0 administrativo y acad\u00e9mico de la UArtes.","featured_image_src":"https:\/\/www.uartes.edu.ec\/sitio\/wp-content\/uploads\/2021\/09\/04-DIA-INTEGRACION-UARTES-2O21.webp","featured_image_src_square":"https:\/\/www.uartes.edu.ec\/sitio\/wp-content\/uploads\/2021\/09\/04-DIA-INTEGRACION-UARTES-2O21.webp","author_info":{"display_name":"Universidad de las Artes","author_link":"https:\/\/www.uartes.edu.ec\/sitio\/fr\/blog\/author\/dircomadm\/"},"publishpress_future_workflow_manual_trigger":{"enabledWorkflows":[]},"distributor_meta":false,"distributor_terms":false,"distributor_media":false,"distributor_original_site_name":"Universidad de las Artes","distributor_original_site_url":"https:\/\/www.uartes.edu.ec\/sitio\/fr","push-errors":false,"_links":{"self":[{"href":"https:\/\/www.uartes.edu.ec\/sitio\/fr\/wp-json\/wp\/v2\/posts\/16098","targetHints":{"allow":["GET"]}}],"collection":[{"href":"https:\/\/www.uartes.edu.ec\/sitio\/fr\/wp-json\/wp\/v2\/posts"}],"about":[{"href":"https:\/\/www.uartes.edu.ec\/sitio\/fr\/wp-json\/wp\/v2\/types\/post"}],"author":[{"embeddable":true,"href":"https:\/\/www.uartes.edu.ec\/sitio\/fr\/wp-json\/wp\/v2\/users\/1"}],"replies":[{"embeddable":true,"href":"https:\/\/www.uartes.edu.ec\/sitio\/fr\/wp-json\/wp\/v2\/comments?post=16098"}],"version-history":[{"count":1,"href":"https:\/\/www.uartes.edu.ec\/sitio\/fr\/wp-json\/wp\/v2\/posts\/16098\/revisions"}],"predecessor-version":[{"id":16104,"href":"https:\/\/www.uartes.edu.ec\/sitio\/fr\/wp-json\/wp\/v2\/posts\/16098\/revisions\/16104"}],"wp:featuredmedia":[{"embeddable":true,"href":"https:\/\/www.uartes.edu.ec\/sitio\/fr\/wp-json\/wp\/v2\/media\/16096"}],"wp:attachment":[{"href":"https:\/\/www.uartes.edu.ec\/sitio\/fr\/wp-json\/wp\/v2\/media?parent=16098"}],"wp:term":[{"taxonomy":"category","embeddable":true,"href":"https:\/\/www.uartes.edu.ec\/sitio\/fr\/wp-json\/wp\/v2\/categories?post=16098"},{"taxonomy":"post_tag","embeddable":true,"href":"https:\/\/www.uartes.edu.ec\/sitio\/fr\/wp-json\/wp\/v2\/tags?post=16098"},{"taxonomy":"infouartes","embeddable":true,"href":"https:\/\/www.uartes.edu.ec\/sitio\/fr\/wp-json\/wp\/v2\/infouartes?post=16098"}],"curies":[{"name":"wp","href":"https:\/\/api.w.org\/{rel}","templated":true}]}}