{"id":16151,"date":"2021-10-12T11:26:00","date_gmt":"2021-10-12T16:26:00","guid":{"rendered":"http:\/\/www.uartes.edu.ec\/sitio\/?p=16151"},"modified":"2024-07-04T11:25:30","modified_gmt":"2024-07-04T16:25:30","slug":"sala-ria-de-la-biblioteca-de-las-artes-con-mas-actividades-presenciales-sin-dejar-la-virtualidad","status":"publish","type":"post","link":"https:\/\/www.uartes.edu.ec\/sitio\/fr\/blog\/2021\/10\/12\/sala-ria-de-la-biblioteca-de-las-artes-con-mas-actividades-presenciales-sin-dejar-la-virtualidad\/","title":{"rendered":"Sala R\u00eda de la Biblioteca de las Artes, con m\u00e1s actividades presenciales sin dejar la virtualidad"},"content":{"rendered":"<p>\u201cLa sensaci\u00f3n de volver ha sido como devolverle el alma a este espacio que se sent\u00eda tan triste\u201d. La directora de R\u00eda, Ana Mar\u00eda Gonz\u00e1lez, describe as\u00ed su sentir al retorno gradual de las actividades presenciales de la Sala que la Biblioteca de las Artes concibi\u00f3 para la creaci\u00f3n y educaci\u00f3n en&nbsp;artes&nbsp;para ni\u00f1as, ni\u00f1os y adolescentes.<\/p>\n\n\n\n<p>Ubicada en la planta baja del patrimonial edificio, recuperado por la Universidad de las Artes y situado en las calles Pichincha y Aguirre, R\u00eda abri\u00f3 sus puertas con un plan piloto que permite tener actividades presenciales, comenta Gonz\u00e1lez acerca del proceso de retorno.<\/p>\n\n\n\n<p>\u201cNuestra responsabilidad con la ni\u00f1ez y la adolescencia ha cambiado debido a la pandemia y sentimos que debemos ser un espacio seguro donde puedan interactuar con otras personas, encontrarse frente a frente y no por una pantalla. Los libros y el arte son, adem\u00e1s, una excusa lind\u00edsima para encontrarnos, conversar y hacer comunidad\u201d, agrega la directora de R\u00eda.<\/p>\n\n\n\n<figure class=\"wp-block-image size-full\"><img fetchpriority=\"high\" decoding=\"async\" width=\"2000\" height=\"1333\" src=\"http:\/\/www.uartes.edu.ec\/sitio\/wp-content\/uploads\/2021\/10\/02-RIA-ANA-MARIA.webp\" alt=\"\" class=\"wp-image-16153\"\/><\/figure>\n\n\n\n<p>El plan piloto de retorno ha permitido tener actividades de forma segura, observando las ni\u00f1as y los ni\u00f1os estrictas normas de bioseguridad, como el uso de mascarilla todo el tiempo y el debido distanciamiento.<\/p>\n\n\n\n<p>El horario de atenci\u00f3n que mantiene R\u00eda es de lunes a viernes, desde las 08:00 hasta las 16:00, el cual se ir\u00e1 ampliando, a fin de que incluir tambi\u00e9n horarios para los d\u00edas s\u00e1bados. \u201cHemos visto tambi\u00e9n m\u00e1s personas adquiriendo libros en la librer\u00eda del Fondo de Cultura Econ\u00f3mica (FCE) Rita Lecumberri, que funciona en la Sala, para poder continuar desde sus casas esos procesos de acercamiento a la lectura y diversos temas que se inician y potencializan en R\u00eda\u201d, afirma Ana Mar\u00eda Gonz\u00e1lez.<\/p>\n\n\n\n<p>Las actividades y los talleres virtuales seguir\u00e1n manteni\u00e9ndose e incluso se alternar\u00e1n con la presencialidad. En esa modalidad se ir\u00e1n incorporando poco a poco, detalla y ejemplariza las sesiones de \u00abHistorias del Arte\u00bb, que se desarrollan de forma virtual y presencial.<\/p>\n\n\n\n<figure class=\"wp-block-image size-full\"><img decoding=\"async\" width=\"2000\" height=\"1333\" src=\"http:\/\/www.uartes.edu.ec\/sitio\/wp-content\/uploads\/2021\/10\/01-RIA-ANA-MARIA.webp\" alt=\"\" class=\"wp-image-16154\"\/><\/figure>\n\n\n\n<h3 class=\"wp-block-heading\"><strong>En este mes<\/strong><\/h3>\n\n\n\n<p>Las actividades virtuales y presenciales de la Sala R\u00eda en el presente mes son: Virtuales, todos los lunes, de 15:00 a 16:00, \u201cHistorias del Arte\u201d, para ni\u00f1as y ni\u00f1os con edades entre los 6 y 12 a\u00f1os. Tambi\u00e9n los lunes, de 18:00 a 19:00, \u201cEntre libros\u201d, un Club de lectura y escritura creativa para j\u00f3venes de 13 a 18 a\u00f1os.<\/p>\n\n\n\n<p>Entre las presenciales, todos los mi\u00e9rcoles, de 15:00 a 16:00, \u201cHistorias del Arte\u201d (de 6 a 12 a\u00f1os). Los d\u00edas 13, 20 y 27 de octubre, desde las 10:30 hasta las 12:00, \u201cPrimeras historias\u201d, una propuesta concebida para ni\u00f1as y ni\u00f1os de 1 a 5 a\u00f1os.<\/p>\n\n\n\n<p>Igualmente, como sesiones de cuentos y actividades con la primera infancia, para el 15 de octubre se ha programado para ni\u00f1as y ni\u00f1os de 6 a 10 a\u00f1os el \u201cTaller de juegos\u201d. El 22, desde las 15:00 hasta las 16:00 (de 6 a 12 a\u00f1os), \u201cCuentos de ni\u00f1xs unicxs\u201d. Y, el 28, de 15:00 a 16:00 (de 6 a 12 a\u00f1os), \u201cCuentos misteriosos para ni\u00f1xs detectives\u201d.<\/p>","protected":false},"excerpt":{"rendered":"<p>\u201cLa sensaci\u00f3n de volver ha sido como devolverle el alma a este espacio que se sent\u00eda tan triste\u201d. La directora de R\u00eda, Ana Mar\u00eda Gonz\u00e1lez, describe as\u00ed su sentir al retorno gradual de las actividades presenciales de la Sala que la Biblioteca de las Artes concibi\u00f3 para la creaci\u00f3n y educaci\u00f3n en artes para ni\u00f1as, ni\u00f1os y adolescentes.<\/p>","protected":false},"author":10,"featured_media":16152,"comment_status":"open","ping_status":"open","sticky":false,"template":"","format":"standard","meta":{"_acf_changed":false,"_uag_custom_page_level_css":"","_monsterinsights_skip_tracking":false,"_monsterinsights_sitenote_active":false,"_monsterinsights_sitenote_note":"","_monsterinsights_sitenote_category":0,"cybocfi_hide_featured_image":"","footnotes":""},"categories":[82,83,85],"tags":[41],"infouartes":[],"class_list":["post-16151","post","type-post","status-publish","format-standard","has-post-thumbnail","hentry","category-artes","category-sedes","category-servicios","tag-biblioteca"],"acf":[],"yoast_head":"<!-- This site is optimized with the Yoast SEO plugin v27.4 - https:\/\/yoast.com\/product\/yoast-seo-wordpress\/ -->\n<title>Universidad de las Artes - Sala R\u00eda de la Biblioteca de las Artes, con m\u00e1s actividades presenciales sin dejar la virtualidad<\/title>\n<meta name=\"description\" content=\"Universidad de las Artes - Sala R\u00eda de la Biblioteca de las Artes, con m\u00e1s actividades presenciales sin dejar la virtualidad\" \/>\n<meta name=\"robots\" content=\"index, follow, max-snippet:-1, max-image-preview:large, max-video-preview:-1\" \/>\n<link rel=\"canonical\" href=\"https:\/\/www.uartes.edu.ec\/sitio\/fr\/blog\/2021\/10\/12\/sala-ria-de-la-biblioteca-de-las-artes-con-mas-actividades-presenciales-sin-dejar-la-virtualidad\/\" \/>\n<meta property=\"og:locale\" content=\"fr_FR\" \/>\n<meta property=\"og:type\" content=\"article\" \/>\n<meta property=\"og:title\" content=\"Universidad de las Artes - Sala R\u00eda de la Biblioteca de las Artes, con m\u00e1s actividades presenciales sin dejar la virtualidad\" \/>\n<meta property=\"og:description\" content=\"Universidad de las Artes - Sala R\u00eda de la Biblioteca de las Artes, con m\u00e1s actividades presenciales sin dejar la virtualidad\" \/>\n<meta property=\"og:url\" content=\"https:\/\/www.uartes.edu.ec\/sitio\/fr\/blog\/2021\/10\/12\/sala-ria-de-la-biblioteca-de-las-artes-con-mas-actividades-presenciales-sin-dejar-la-virtualidad\/\" \/>\n<meta property=\"og:site_name\" content=\"Universidad de las Artes\" \/>\n<meta property=\"article:publisher\" content=\"https:\/\/www.facebook.com\/uartesec\" \/>\n<meta property=\"article:published_time\" content=\"2021-10-12T16:26:00+00:00\" \/>\n<meta property=\"article:modified_time\" content=\"2024-07-04T16:25:30+00:00\" \/>\n<meta property=\"og:image\" content=\"https:\/\/www.uartes.edu.ec\/sitio\/wp-content\/uploads\/2021\/10\/03-RIA-ANA-MARIA.webp\" \/>\n\t<meta property=\"og:image:width\" content=\"2000\" \/>\n\t<meta property=\"og:image:height\" content=\"1333\" \/>\n\t<meta property=\"og:image:type\" content=\"image\/webp\" \/>\n<meta name=\"author\" content=\"ccortez\" \/>\n<meta name=\"twitter:card\" content=\"summary_large_image\" \/>\n<meta name=\"twitter:creator\" content=\"@uartesec\" \/>\n<meta name=\"twitter:site\" content=\"@uartesec\" \/>\n<meta name=\"twitter:label1\" content=\"\u00c9crit par\" \/>\n\t<meta name=\"twitter:data1\" content=\"ccortez\" \/>\n\t<meta name=\"twitter:label2\" content=\"Dur\u00e9e de lecture estim\u00e9e\" \/>\n\t<meta name=\"twitter:data2\" content=\"3 minutes\" \/>\n<script type=\"application\/ld+json\" class=\"yoast-schema-graph\">{\"@context\":\"https:\\\/\\\/schema.org\",\"@graph\":[{\"@type\":\"Article\",\"@id\":\"https:\\\/\\\/www.uartes.edu.ec\\\/sitio\\\/fr\\\/blog\\\/2021\\\/10\\\/12\\\/sala-ria-de-la-biblioteca-de-las-artes-con-mas-actividades-presenciales-sin-dejar-la-virtualidad\\\/#article\",\"isPartOf\":{\"@id\":\"https:\\\/\\\/www.uartes.edu.ec\\\/sitio\\\/fr\\\/blog\\\/2021\\\/10\\\/12\\\/sala-ria-de-la-biblioteca-de-las-artes-con-mas-actividades-presenciales-sin-dejar-la-virtualidad\\\/\"},\"author\":{\"name\":\"ccortez\",\"@id\":\"https:\\\/\\\/www.uartes.edu.ec\\\/sitio\\\/fr\\\/#\\\/schema\\\/person\\\/efa1b8275797664fd7f13a79ccc0b1f4\"},\"headline\":\"Sala R\u00eda de la Biblioteca de las Artes, con m\u00e1s actividades presenciales sin dejar la virtualidad\",\"datePublished\":\"2021-10-12T16:26:00+00:00\",\"dateModified\":\"2024-07-04T16:25:30+00:00\",\"mainEntityOfPage\":{\"@id\":\"https:\\\/\\\/www.uartes.edu.ec\\\/sitio\\\/fr\\\/blog\\\/2021\\\/10\\\/12\\\/sala-ria-de-la-biblioteca-de-las-artes-con-mas-actividades-presenciales-sin-dejar-la-virtualidad\\\/\"},\"wordCount\":532,\"commentCount\":0,\"publisher\":{\"@id\":\"https:\\\/\\\/www.uartes.edu.ec\\\/sitio\\\/fr\\\/#organization\"},\"image\":{\"@id\":\"https:\\\/\\\/www.uartes.edu.ec\\\/sitio\\\/fr\\\/blog\\\/2021\\\/10\\\/12\\\/sala-ria-de-la-biblioteca-de-las-artes-con-mas-actividades-presenciales-sin-dejar-la-virtualidad\\\/#primaryimage\"},\"thumbnailUrl\":\"https:\\\/\\\/www.uartes.edu.ec\\\/sitio\\\/wp-content\\\/uploads\\\/2021\\\/10\\\/03-RIA-ANA-MARIA.webp\",\"keywords\":[\"biblioteca\"],\"articleSection\":[\"Artes\",\"Sedes\",\"Servicios\"],\"inLanguage\":\"fr-FR\",\"potentialAction\":[{\"@type\":\"CommentAction\",\"name\":\"Comment\",\"target\":[\"https:\\\/\\\/www.uartes.edu.ec\\\/sitio\\\/fr\\\/blog\\\/2021\\\/10\\\/12\\\/sala-ria-de-la-biblioteca-de-las-artes-con-mas-actividades-presenciales-sin-dejar-la-virtualidad\\\/#respond\"]}]},{\"@type\":[\"WebPage\",\"ItemPage\"],\"@id\":\"https:\\\/\\\/www.uartes.edu.ec\\\/sitio\\\/fr\\\/blog\\\/2021\\\/10\\\/12\\\/sala-ria-de-la-biblioteca-de-las-artes-con-mas-actividades-presenciales-sin-dejar-la-virtualidad\\\/\",\"url\":\"https:\\\/\\\/www.uartes.edu.ec\\\/sitio\\\/fr\\\/blog\\\/2021\\\/10\\\/12\\\/sala-ria-de-la-biblioteca-de-las-artes-con-mas-actividades-presenciales-sin-dejar-la-virtualidad\\\/\",\"name\":\"Universidad de las Artes - Sala R\u00eda de la Biblioteca de las Artes, con m\u00e1s actividades presenciales sin dejar la virtualidad\",\"isPartOf\":{\"@id\":\"https:\\\/\\\/www.uartes.edu.ec\\\/sitio\\\/fr\\\/#website\"},\"primaryImageOfPage\":{\"@id\":\"https:\\\/\\\/www.uartes.edu.ec\\\/sitio\\\/fr\\\/blog\\\/2021\\\/10\\\/12\\\/sala-ria-de-la-biblioteca-de-las-artes-con-mas-actividades-presenciales-sin-dejar-la-virtualidad\\\/#primaryimage\"},\"image\":{\"@id\":\"https:\\\/\\\/www.uartes.edu.ec\\\/sitio\\\/fr\\\/blog\\\/2021\\\/10\\\/12\\\/sala-ria-de-la-biblioteca-de-las-artes-con-mas-actividades-presenciales-sin-dejar-la-virtualidad\\\/#primaryimage\"},\"thumbnailUrl\":\"https:\\\/\\\/www.uartes.edu.ec\\\/sitio\\\/wp-content\\\/uploads\\\/2021\\\/10\\\/03-RIA-ANA-MARIA.webp\",\"datePublished\":\"2021-10-12T16:26:00+00:00\",\"dateModified\":\"2024-07-04T16:25:30+00:00\",\"description\":\"Universidad de las Artes - Sala R\u00eda de la Biblioteca de las Artes, con m\u00e1s actividades presenciales sin dejar la virtualidad\",\"breadcrumb\":{\"@id\":\"https:\\\/\\\/www.uartes.edu.ec\\\/sitio\\\/fr\\\/blog\\\/2021\\\/10\\\/12\\\/sala-ria-de-la-biblioteca-de-las-artes-con-mas-actividades-presenciales-sin-dejar-la-virtualidad\\\/#breadcrumb\"},\"inLanguage\":\"fr-FR\",\"potentialAction\":[{\"@type\":\"ReadAction\",\"target\":[\"https:\\\/\\\/www.uartes.edu.ec\\\/sitio\\\/fr\\\/blog\\\/2021\\\/10\\\/12\\\/sala-ria-de-la-biblioteca-de-las-artes-con-mas-actividades-presenciales-sin-dejar-la-virtualidad\\\/\"]}]},{\"@type\":\"ImageObject\",\"inLanguage\":\"fr-FR\",\"@id\":\"https:\\\/\\\/www.uartes.edu.ec\\\/sitio\\\/fr\\\/blog\\\/2021\\\/10\\\/12\\\/sala-ria-de-la-biblioteca-de-las-artes-con-mas-actividades-presenciales-sin-dejar-la-virtualidad\\\/#primaryimage\",\"url\":\"https:\\\/\\\/www.uartes.edu.ec\\\/sitio\\\/wp-content\\\/uploads\\\/2021\\\/10\\\/03-RIA-ANA-MARIA.webp\",\"contentUrl\":\"https:\\\/\\\/www.uartes.edu.ec\\\/sitio\\\/wp-content\\\/uploads\\\/2021\\\/10\\\/03-RIA-ANA-MARIA.webp\",\"width\":2000,\"height\":1333},{\"@type\":\"BreadcrumbList\",\"@id\":\"https:\\\/\\\/www.uartes.edu.ec\\\/sitio\\\/fr\\\/blog\\\/2021\\\/10\\\/12\\\/sala-ria-de-la-biblioteca-de-las-artes-con-mas-actividades-presenciales-sin-dejar-la-virtualidad\\\/#breadcrumb\",\"itemListElement\":[{\"@type\":\"ListItem\",\"position\":1,\"name\":\"Inicio\",\"item\":\"https:\\\/\\\/www.uartes.edu.ec\\\/sitio\\\/\"},{\"@type\":\"ListItem\",\"position\":2,\"name\":\"Sala R\u00eda de la Biblioteca de las Artes, con m\u00e1s actividades presenciales sin dejar la virtualidad\"}]},{\"@type\":\"WebSite\",\"@id\":\"https:\\\/\\\/www.uartes.edu.ec\\\/sitio\\\/fr\\\/#website\",\"url\":\"https:\\\/\\\/www.uartes.edu.ec\\\/sitio\\\/fr\\\/\",\"name\":\"Universidad de las Artes\",\"description\":\"Sitio oficial de la Universidad Nacional de las Artes del Ecuador\",\"publisher\":{\"@id\":\"https:\\\/\\\/www.uartes.edu.ec\\\/sitio\\\/fr\\\/#organization\"},\"potentialAction\":[{\"@type\":\"SearchAction\",\"target\":{\"@type\":\"EntryPoint\",\"urlTemplate\":\"https:\\\/\\\/www.uartes.edu.ec\\\/sitio\\\/fr\\\/?s={search_term_string}\"},\"query-input\":{\"@type\":\"PropertyValueSpecification\",\"valueRequired\":true,\"valueName\":\"search_term_string\"}}],\"inLanguage\":\"fr-FR\"},{\"@type\":\"Organization\",\"@id\":\"https:\\\/\\\/www.uartes.edu.ec\\\/sitio\\\/fr\\\/#organization\",\"name\":\"Universidad de las Artes\",\"url\":\"https:\\\/\\\/www.uartes.edu.ec\\\/sitio\\\/fr\\\/\",\"logo\":{\"@type\":\"ImageObject\",\"inLanguage\":\"fr-FR\",\"@id\":\"https:\\\/\\\/www.uartes.edu.ec\\\/sitio\\\/fr\\\/#\\\/schema\\\/logo\\\/image\\\/\",\"url\":\"https:\\\/\\\/www.uartes.edu.ec\\\/sitio\\\/wp-content\\\/uploads\\\/2022\\\/07\\\/logo-ua-horizontal.png\",\"contentUrl\":\"https:\\\/\\\/www.uartes.edu.ec\\\/sitio\\\/wp-content\\\/uploads\\\/2022\\\/07\\\/logo-ua-horizontal.png\",\"width\":800,\"height\":276,\"caption\":\"Universidad de las Artes\"},\"image\":{\"@id\":\"https:\\\/\\\/www.uartes.edu.ec\\\/sitio\\\/fr\\\/#\\\/schema\\\/logo\\\/image\\\/\"},\"sameAs\":[\"https:\\\/\\\/www.facebook.com\\\/uartesec\",\"https:\\\/\\\/x.com\\\/uartesec\",\"https:\\\/\\\/www.tiktok.com\\\/@uartesec\"]},{\"@type\":\"Person\",\"@id\":\"https:\\\/\\\/www.uartes.edu.ec\\\/sitio\\\/fr\\\/#\\\/schema\\\/person\\\/efa1b8275797664fd7f13a79ccc0b1f4\",\"name\":\"ccortez\",\"image\":{\"@type\":\"ImageObject\",\"inLanguage\":\"fr-FR\",\"@id\":\"https:\\\/\\\/secure.gravatar.com\\\/avatar\\\/b2a6f664a3ae8e074346ef91775736c5ec479e637ecced6842de9dc98b5da9cd?s=96&d=mm&r=g\",\"url\":\"https:\\\/\\\/secure.gravatar.com\\\/avatar\\\/b2a6f664a3ae8e074346ef91775736c5ec479e637ecced6842de9dc98b5da9cd?s=96&d=mm&r=g\",\"contentUrl\":\"https:\\\/\\\/secure.gravatar.com\\\/avatar\\\/b2a6f664a3ae8e074346ef91775736c5ec479e637ecced6842de9dc98b5da9cd?s=96&d=mm&r=g\",\"caption\":\"ccortez\"},\"url\":\"https:\\\/\\\/www.uartes.edu.ec\\\/sitio\\\/fr\\\/blog\\\/author\\\/ccortez\\\/\"}]}<\/script>\n<!-- \/ Yoast SEO plugin. -->","yoast_head_json":{"title":"Universidad de las Artes - Sala R\u00eda de la Biblioteca de las Artes, con m\u00e1s actividades presenciales sin dejar la virtualidad","description":"Universidad de las Artes - Sala R\u00eda de la Biblioteca de las Artes, con m\u00e1s actividades presenciales sin dejar la virtualidad","robots":{"index":"index","follow":"follow","max-snippet":"max-snippet:-1","max-image-preview":"max-image-preview:large","max-video-preview":"max-video-preview:-1"},"canonical":"https:\/\/www.uartes.edu.ec\/sitio\/fr\/blog\/2021\/10\/12\/sala-ria-de-la-biblioteca-de-las-artes-con-mas-actividades-presenciales-sin-dejar-la-virtualidad\/","og_locale":"fr_FR","og_type":"article","og_title":"Universidad de las Artes - Sala R\u00eda de la Biblioteca de las Artes, con m\u00e1s actividades presenciales sin dejar la virtualidad","og_description":"Universidad de las Artes - Sala R\u00eda de la Biblioteca de las Artes, con m\u00e1s actividades presenciales sin dejar la virtualidad","og_url":"https:\/\/www.uartes.edu.ec\/sitio\/fr\/blog\/2021\/10\/12\/sala-ria-de-la-biblioteca-de-las-artes-con-mas-actividades-presenciales-sin-dejar-la-virtualidad\/","og_site_name":"Universidad de las Artes","article_publisher":"https:\/\/www.facebook.com\/uartesec","article_published_time":"2021-10-12T16:26:00+00:00","article_modified_time":"2024-07-04T16:25:30+00:00","og_image":[{"width":2000,"height":1333,"url":"https:\/\/www.uartes.edu.ec\/sitio\/wp-content\/uploads\/2021\/10\/03-RIA-ANA-MARIA.webp","type":"image\/webp"}],"author":"ccortez","twitter_card":"summary_large_image","twitter_creator":"@uartesec","twitter_site":"@uartesec","twitter_misc":{"\u00c9crit par":"ccortez","Dur\u00e9e de lecture estim\u00e9e":"3 minutes"},"schema":{"@context":"https:\/\/schema.org","@graph":[{"@type":"Article","@id":"https:\/\/www.uartes.edu.ec\/sitio\/fr\/blog\/2021\/10\/12\/sala-ria-de-la-biblioteca-de-las-artes-con-mas-actividades-presenciales-sin-dejar-la-virtualidad\/#article","isPartOf":{"@id":"https:\/\/www.uartes.edu.ec\/sitio\/fr\/blog\/2021\/10\/12\/sala-ria-de-la-biblioteca-de-las-artes-con-mas-actividades-presenciales-sin-dejar-la-virtualidad\/"},"author":{"name":"ccortez","@id":"https:\/\/www.uartes.edu.ec\/sitio\/fr\/#\/schema\/person\/efa1b8275797664fd7f13a79ccc0b1f4"},"headline":"Sala R\u00eda de la Biblioteca de las Artes, con m\u00e1s actividades presenciales sin dejar la virtualidad","datePublished":"2021-10-12T16:26:00+00:00","dateModified":"2024-07-04T16:25:30+00:00","mainEntityOfPage":{"@id":"https:\/\/www.uartes.edu.ec\/sitio\/fr\/blog\/2021\/10\/12\/sala-ria-de-la-biblioteca-de-las-artes-con-mas-actividades-presenciales-sin-dejar-la-virtualidad\/"},"wordCount":532,"commentCount":0,"publisher":{"@id":"https:\/\/www.uartes.edu.ec\/sitio\/fr\/#organization"},"image":{"@id":"https:\/\/www.uartes.edu.ec\/sitio\/fr\/blog\/2021\/10\/12\/sala-ria-de-la-biblioteca-de-las-artes-con-mas-actividades-presenciales-sin-dejar-la-virtualidad\/#primaryimage"},"thumbnailUrl":"https:\/\/www.uartes.edu.ec\/sitio\/wp-content\/uploads\/2021\/10\/03-RIA-ANA-MARIA.webp","keywords":["biblioteca"],"articleSection":["Artes","Sedes","Servicios"],"inLanguage":"fr-FR","potentialAction":[{"@type":"CommentAction","name":"Comment","target":["https:\/\/www.uartes.edu.ec\/sitio\/fr\/blog\/2021\/10\/12\/sala-ria-de-la-biblioteca-de-las-artes-con-mas-actividades-presenciales-sin-dejar-la-virtualidad\/#respond"]}]},{"@type":["WebPage","ItemPage"],"@id":"https:\/\/www.uartes.edu.ec\/sitio\/fr\/blog\/2021\/10\/12\/sala-ria-de-la-biblioteca-de-las-artes-con-mas-actividades-presenciales-sin-dejar-la-virtualidad\/","url":"https:\/\/www.uartes.edu.ec\/sitio\/fr\/blog\/2021\/10\/12\/sala-ria-de-la-biblioteca-de-las-artes-con-mas-actividades-presenciales-sin-dejar-la-virtualidad\/","name":"Universidad de las Artes - Sala R\u00eda de la Biblioteca de las Artes, con m\u00e1s actividades presenciales sin dejar la virtualidad","isPartOf":{"@id":"https:\/\/www.uartes.edu.ec\/sitio\/fr\/#website"},"primaryImageOfPage":{"@id":"https:\/\/www.uartes.edu.ec\/sitio\/fr\/blog\/2021\/10\/12\/sala-ria-de-la-biblioteca-de-las-artes-con-mas-actividades-presenciales-sin-dejar-la-virtualidad\/#primaryimage"},"image":{"@id":"https:\/\/www.uartes.edu.ec\/sitio\/fr\/blog\/2021\/10\/12\/sala-ria-de-la-biblioteca-de-las-artes-con-mas-actividades-presenciales-sin-dejar-la-virtualidad\/#primaryimage"},"thumbnailUrl":"https:\/\/www.uartes.edu.ec\/sitio\/wp-content\/uploads\/2021\/10\/03-RIA-ANA-MARIA.webp","datePublished":"2021-10-12T16:26:00+00:00","dateModified":"2024-07-04T16:25:30+00:00","description":"Universidad de las Artes - Sala R\u00eda de la Biblioteca de las Artes, con m\u00e1s actividades presenciales sin dejar la virtualidad","breadcrumb":{"@id":"https:\/\/www.uartes.edu.ec\/sitio\/fr\/blog\/2021\/10\/12\/sala-ria-de-la-biblioteca-de-las-artes-con-mas-actividades-presenciales-sin-dejar-la-virtualidad\/#breadcrumb"},"inLanguage":"fr-FR","potentialAction":[{"@type":"ReadAction","target":["https:\/\/www.uartes.edu.ec\/sitio\/fr\/blog\/2021\/10\/12\/sala-ria-de-la-biblioteca-de-las-artes-con-mas-actividades-presenciales-sin-dejar-la-virtualidad\/"]}]},{"@type":"ImageObject","inLanguage":"fr-FR","@id":"https:\/\/www.uartes.edu.ec\/sitio\/fr\/blog\/2021\/10\/12\/sala-ria-de-la-biblioteca-de-las-artes-con-mas-actividades-presenciales-sin-dejar-la-virtualidad\/#primaryimage","url":"https:\/\/www.uartes.edu.ec\/sitio\/wp-content\/uploads\/2021\/10\/03-RIA-ANA-MARIA.webp","contentUrl":"https:\/\/www.uartes.edu.ec\/sitio\/wp-content\/uploads\/2021\/10\/03-RIA-ANA-MARIA.webp","width":2000,"height":1333},{"@type":"BreadcrumbList","@id":"https:\/\/www.uartes.edu.ec\/sitio\/fr\/blog\/2021\/10\/12\/sala-ria-de-la-biblioteca-de-las-artes-con-mas-actividades-presenciales-sin-dejar-la-virtualidad\/#breadcrumb","itemListElement":[{"@type":"ListItem","position":1,"name":"Inicio","item":"https:\/\/www.uartes.edu.ec\/sitio\/"},{"@type":"ListItem","position":2,"name":"Sala R\u00eda de la Biblioteca de las Artes, con m\u00e1s actividades presenciales sin dejar la virtualidad"}]},{"@type":"WebSite","@id":"https:\/\/www.uartes.edu.ec\/sitio\/fr\/#website","url":"https:\/\/www.uartes.edu.ec\/sitio\/fr\/","name":"Universidad de las Artes","description":"Sitio oficial de la Universidad Nacional de las Artes del Ecuador","publisher":{"@id":"https:\/\/www.uartes.edu.ec\/sitio\/fr\/#organization"},"potentialAction":[{"@type":"SearchAction","target":{"@type":"EntryPoint","urlTemplate":"https:\/\/www.uartes.edu.ec\/sitio\/fr\/?s={search_term_string}"},"query-input":{"@type":"PropertyValueSpecification","valueRequired":true,"valueName":"search_term_string"}}],"inLanguage":"fr-FR"},{"@type":"Organization","@id":"https:\/\/www.uartes.edu.ec\/sitio\/fr\/#organization","name":"Universidad de las Artes","url":"https:\/\/www.uartes.edu.ec\/sitio\/fr\/","logo":{"@type":"ImageObject","inLanguage":"fr-FR","@id":"https:\/\/www.uartes.edu.ec\/sitio\/fr\/#\/schema\/logo\/image\/","url":"https:\/\/www.uartes.edu.ec\/sitio\/wp-content\/uploads\/2022\/07\/logo-ua-horizontal.png","contentUrl":"https:\/\/www.uartes.edu.ec\/sitio\/wp-content\/uploads\/2022\/07\/logo-ua-horizontal.png","width":800,"height":276,"caption":"Universidad de las Artes"},"image":{"@id":"https:\/\/www.uartes.edu.ec\/sitio\/fr\/#\/schema\/logo\/image\/"},"sameAs":["https:\/\/www.facebook.com\/uartesec","https:\/\/x.com\/uartesec","https:\/\/www.tiktok.com\/@uartesec"]},{"@type":"Person","@id":"https:\/\/www.uartes.edu.ec\/sitio\/fr\/#\/schema\/person\/efa1b8275797664fd7f13a79ccc0b1f4","name":"ccortez","image":{"@type":"ImageObject","inLanguage":"fr-FR","@id":"https:\/\/secure.gravatar.com\/avatar\/b2a6f664a3ae8e074346ef91775736c5ec479e637ecced6842de9dc98b5da9cd?s=96&d=mm&r=g","url":"https:\/\/secure.gravatar.com\/avatar\/b2a6f664a3ae8e074346ef91775736c5ec479e637ecced6842de9dc98b5da9cd?s=96&d=mm&r=g","contentUrl":"https:\/\/secure.gravatar.com\/avatar\/b2a6f664a3ae8e074346ef91775736c5ec479e637ecced6842de9dc98b5da9cd?s=96&d=mm&r=g","caption":"ccortez"},"url":"https:\/\/www.uartes.edu.ec\/sitio\/fr\/blog\/author\/ccortez\/"}]}},"uagb_featured_image_src":{"full":["https:\/\/www.uartes.edu.ec\/sitio\/wp-content\/uploads\/2021\/10\/03-RIA-ANA-MARIA.webp",2000,1333,false],"thumbnail":["https:\/\/www.uartes.edu.ec\/sitio\/wp-content\/uploads\/2021\/10\/03-RIA-ANA-MARIA.webp",150,100,false],"medium":["https:\/\/www.uartes.edu.ec\/sitio\/wp-content\/uploads\/2021\/10\/03-RIA-ANA-MARIA.webp",300,200,false],"medium_large":["https:\/\/www.uartes.edu.ec\/sitio\/wp-content\/uploads\/2021\/10\/03-RIA-ANA-MARIA.webp",768,512,false],"large":["https:\/\/www.uartes.edu.ec\/sitio\/wp-content\/uploads\/2021\/10\/03-RIA-ANA-MARIA.webp",644,429,false],"1536x1536":["https:\/\/www.uartes.edu.ec\/sitio\/wp-content\/uploads\/2021\/10\/03-RIA-ANA-MARIA.webp",1536,1024,false],"2048x2048":["https:\/\/www.uartes.edu.ec\/sitio\/wp-content\/uploads\/2021\/10\/03-RIA-ANA-MARIA.webp",2000,1333,false],"trp-custom-language-flag":["https:\/\/www.uartes.edu.ec\/sitio\/wp-content\/uploads\/2021\/10\/03-RIA-ANA-MARIA.webp",18,12,false],"htmega_size_585x295":["https:\/\/www.uartes.edu.ec\/sitio\/wp-content\/uploads\/2021\/10\/03-RIA-ANA-MARIA.webp",443,295,false],"htmega_size_1170x536":["https:\/\/www.uartes.edu.ec\/sitio\/wp-content\/uploads\/2021\/10\/03-RIA-ANA-MARIA.webp",804,536,false],"htmega_size_396x360":["https:\/\/www.uartes.edu.ec\/sitio\/wp-content\/uploads\/2021\/10\/03-RIA-ANA-MARIA.webp",396,264,false],"gb-block-post-grid-landscape":["https:\/\/www.uartes.edu.ec\/sitio\/wp-content\/uploads\/2021\/10\/03-RIA-ANA-MARIA.webp",600,400,false],"gb-block-post-grid-square":["https:\/\/www.uartes.edu.ec\/sitio\/wp-content\/uploads\/2021\/10\/03-RIA-ANA-MARIA.webp",600,400,false],"university-hub-thumb":["https:\/\/www.uartes.edu.ec\/sitio\/wp-content\/uploads\/2021\/10\/03-RIA-ANA-MARIA.webp",400,267,false],"mailpoet_newsletter_max":["https:\/\/www.uartes.edu.ec\/sitio\/wp-content\/uploads\/2021\/10\/03-RIA-ANA-MARIA.webp",1320,880,false]},"uagb_author_info":{"display_name":"ccortez","author_link":"https:\/\/www.uartes.edu.ec\/sitio\/fr\/blog\/author\/ccortez\/"},"uagb_comment_info":0,"uagb_excerpt":"\u201cLa sensaci\u00f3n de volver ha sido como devolverle el alma a este espacio que se sent\u00eda tan triste\u201d. La directora de R\u00eda, Ana Mar\u00eda Gonz\u00e1lez, describe as\u00ed su sentir al retorno gradual de las actividades presenciales de la Sala que la Biblioteca de las Artes concibi\u00f3 para la creaci\u00f3n y educaci\u00f3n en artes para ni\u00f1as,\u2026","featured_image_src":"https:\/\/www.uartes.edu.ec\/sitio\/wp-content\/uploads\/2021\/10\/03-RIA-ANA-MARIA.webp","featured_image_src_square":"https:\/\/www.uartes.edu.ec\/sitio\/wp-content\/uploads\/2021\/10\/03-RIA-ANA-MARIA.webp","author_info":{"display_name":"ccortez","author_link":"https:\/\/www.uartes.edu.ec\/sitio\/fr\/blog\/author\/ccortez\/"},"publishpress_future_workflow_manual_trigger":{"enabledWorkflows":[]},"distributor_meta":false,"distributor_terms":false,"distributor_media":false,"distributor_original_site_name":"Universidad de las Artes","distributor_original_site_url":"https:\/\/www.uartes.edu.ec\/sitio\/fr","push-errors":false,"_links":{"self":[{"href":"https:\/\/www.uartes.edu.ec\/sitio\/fr\/wp-json\/wp\/v2\/posts\/16151","targetHints":{"allow":["GET"]}}],"collection":[{"href":"https:\/\/www.uartes.edu.ec\/sitio\/fr\/wp-json\/wp\/v2\/posts"}],"about":[{"href":"https:\/\/www.uartes.edu.ec\/sitio\/fr\/wp-json\/wp\/v2\/types\/post"}],"author":[{"embeddable":true,"href":"https:\/\/www.uartes.edu.ec\/sitio\/fr\/wp-json\/wp\/v2\/users\/10"}],"replies":[{"embeddable":true,"href":"https:\/\/www.uartes.edu.ec\/sitio\/fr\/wp-json\/wp\/v2\/comments?post=16151"}],"version-history":[{"count":3,"href":"https:\/\/www.uartes.edu.ec\/sitio\/fr\/wp-json\/wp\/v2\/posts\/16151\/revisions"}],"predecessor-version":[{"id":16161,"href":"https:\/\/www.uartes.edu.ec\/sitio\/fr\/wp-json\/wp\/v2\/posts\/16151\/revisions\/16161"}],"wp:featuredmedia":[{"embeddable":true,"href":"https:\/\/www.uartes.edu.ec\/sitio\/fr\/wp-json\/wp\/v2\/media\/16152"}],"wp:attachment":[{"href":"https:\/\/www.uartes.edu.ec\/sitio\/fr\/wp-json\/wp\/v2\/media?parent=16151"}],"wp:term":[{"taxonomy":"category","embeddable":true,"href":"https:\/\/www.uartes.edu.ec\/sitio\/fr\/wp-json\/wp\/v2\/categories?post=16151"},{"taxonomy":"post_tag","embeddable":true,"href":"https:\/\/www.uartes.edu.ec\/sitio\/fr\/wp-json\/wp\/v2\/tags?post=16151"},{"taxonomy":"infouartes","embeddable":true,"href":"https:\/\/www.uartes.edu.ec\/sitio\/fr\/wp-json\/wp\/v2\/infouartes?post=16151"}],"curies":[{"name":"wp","href":"https:\/\/api.w.org\/{rel}","templated":true}]}}