{"id":1628,"date":"2018-06-13T16:20:26","date_gmt":"2018-06-13T21:20:26","guid":{"rendered":"http:\/\/www.uartes.edu.ec\/infouartes\/?p=1628"},"modified":"2024-07-04T11:53:48","modified_gmt":"2024-07-04T16:53:48","slug":"norberto-bayo-docente-uartes-participa-en-congreso-iili-de-la-universidad-javeriana-de-colombia","status":"publish","type":"post","link":"https:\/\/www.uartes.edu.ec\/sitio\/fr\/blog\/2018\/06\/13\/norberto-bayo-docente-uartes-participa-en-congreso-iili-de-la-universidad-javeriana-de-colombia\/","title":{"rendered":"Norberto Bayo, docente UArtes, participa en Congreso IILI de la Universidad Javeriana de Colombia"},"content":{"rendered":"<p>Norberto Bayo, docente de la Universidad de las Artes del Ecuador, participa en el XLII Congreso del Instituto Internacional de Literatura Iberoamericana (IILI) de la Pontificia Universidad Javeriana, en Colombia. Bayo integra en la mesa \u2018Literatura y afecto\u2019 e interviene con su propuesta titulada: \u201cDesacoplar los afectos: nueva objetividad como medio de producci\u00f3n literaria\u201d.<\/p>\n<p>En el Congreso participan tambi\u00e9n los docentes de la UArtes Diana Medina con la ponencia: \u201c(In)visibilizar lo evidente: para una po\u00e9tica de la resistencia en las novelas de M\u00f3nica Ojeda\u201d y Andr\u00e9s Land\u00e1zuri con la propuesta \u201cVestigios de la escena: los textos dram\u00e1ticos quite\u00f1os de la primera mitad del siglo XVIII\u201d.<\/p>\n<p>El XLII Congreso IILI se realiza del 12 al 15 de junio de 2018 en el campus de la Pontificia Universidad Javeriana, en Bogot\u00e1. Entre los objetivos del encuentro est\u00e1 la de reflexionar, desde distintas miradas y perspectivas, qu\u00e9 ha pasado en la cr\u00edtica y la creaci\u00f3n latinoamericana contempor\u00e1nea desde un horizonte problem\u00e1tico que promueve distintas formas de\u00a0desacuerdos, nuevos y viejos modos de la pertenencia \u2013cultural, gen\u00e9rica, ling\u00fc\u00edstica, territoriales, sexual, discursiva- y otros espacios en los que se generan intersecciones est\u00e9ticas, culturales, subjetivas, afectivas y\/o sensibles.<\/p>\n<p>\u201cLos estudios literarios latinoamericanos de la \u00faltima d\u00e9cada dan cuenta de un inter\u00e9s y preocupaci\u00f3n por algunos cambios que marcan la producci\u00f3n literaria y art\u00edstica del continente y que se\u00f1alan una apertura de las pr\u00e1cticas literarias -en su diversidad y variedad- al contagio y contacto con otros saberes, l\u00e9xicos, cuerpos, objetos, lenguajes. Los \u201camores aberrantes\u201d y las \u201cbodas contranatura\u201d (Deleuze y Guattari) parecen definir tanto los materiales est\u00e9ticos -soportes y contenidos- que estudiamos como la misma escritura cr\u00edtica que, para poder explicar tales materias, requiere de un repertorio conceptual m\u00e1s permeable y flexible a incorporar otros \u00e1mbitos del conocimiento. Esta tendencia de la literatura y de la cr\u00edtica a la inespecificidad y al desborde, al di\u00e1logo y al intercambio, a la exploraci\u00f3n de las materias de la vida y de los saberes sobre la vida, implica preguntarnos acerca de los conceptos que permiten hoy pensar, abordar, analizar la literatura, la teor\u00eda, la cr\u00edtica, la est\u00e9tica y sobre cu\u00e1les ser\u00edan las nociones a las que acudimos para explicar los corpus que estudiamos\u201d, explica la descripci\u00f3n del Congreso.<\/p>\n<p>Conoce el programa completo <a href=\"http:\/\/congresoiili2018.com\/programa\/\">aqu\u00ed<\/a>.<\/p>","protected":false},"excerpt":{"rendered":"<p>Norberto Bayo, docente de la Universidad de las Artes del Ecuador, participa en el XLII Congreso del Instituto Internacional de Literatura Iberoamericana (IILI) de la Pontificia Universidad Javeriana, en Colombia. Bayo integra en la mesa \u2018Literatura y afecto\u2019 e interviene con su propuesta titulada: \u201cDesacoplar los afectos: nueva objetividad como medio de producci\u00f3n literaria\u201d. En [&hellip;]<\/p>\n","protected":false},"author":1,"featured_media":1630,"comment_status":"closed","ping_status":"closed","sticky":false,"template":"","format":"standard","meta":{"_acf_changed":false,"_uag_custom_page_level_css":"","_monsterinsights_skip_tracking":false,"_monsterinsights_sitenote_active":false,"_monsterinsights_sitenote_note":"","_monsterinsights_sitenote_category":0,"cybocfi_hide_featured_image":"","footnotes":""},"categories":[75],"tags":[],"infouartes":[],"class_list":["post-1628","post","type-post","status-publish","format-standard","has-post-thumbnail","hentry","category-docentes"],"acf":[],"yoast_head":"<!-- This site is optimized with the Yoast SEO plugin v27.4 - https:\/\/yoast.com\/product\/yoast-seo-wordpress\/ -->\n<title>Universidad de las Artes - Norberto Bayo, docente UArtes, participa en Congreso IILI de la Universidad Javeriana de Colombia<\/title>\n<meta name=\"description\" content=\"Universidad de las Artes - Norberto Bayo, docente UArtes, participa en Congreso IILI de la Universidad Javeriana de Colombia\" \/>\n<meta name=\"robots\" content=\"index, follow, max-snippet:-1, max-image-preview:large, max-video-preview:-1\" \/>\n<link rel=\"canonical\" href=\"https:\/\/www.uartes.edu.ec\/sitio\/fr\/blog\/2018\/06\/13\/norberto-bayo-docente-uartes-participa-en-congreso-iili-de-la-universidad-javeriana-de-colombia\/\" \/>\n<meta property=\"og:locale\" content=\"fr_FR\" \/>\n<meta property=\"og:type\" content=\"article\" \/>\n<meta property=\"og:title\" content=\"Universidad de las Artes - Norberto Bayo, docente UArtes, participa en Congreso IILI de la Universidad Javeriana de Colombia\" \/>\n<meta property=\"og:description\" content=\"Universidad de las Artes - Norberto Bayo, docente UArtes, participa en Congreso IILI de la Universidad Javeriana de Colombia\" \/>\n<meta property=\"og:url\" content=\"https:\/\/www.uartes.edu.ec\/sitio\/fr\/blog\/2018\/06\/13\/norberto-bayo-docente-uartes-participa-en-congreso-iili-de-la-universidad-javeriana-de-colombia\/\" \/>\n<meta property=\"og:site_name\" content=\"Universidad de las Artes\" \/>\n<meta property=\"article:publisher\" content=\"https:\/\/www.facebook.com\/uartesec\" \/>\n<meta property=\"article:published_time\" content=\"2018-06-13T21:20:26+00:00\" \/>\n<meta property=\"article:modified_time\" content=\"2024-07-04T16:53:48+00:00\" \/>\n<meta name=\"author\" content=\"Universidad de las Artes\" \/>\n<meta name=\"twitter:card\" content=\"summary_large_image\" \/>\n<meta name=\"twitter:creator\" content=\"@uartesec\" \/>\n<meta name=\"twitter:site\" content=\"@uartesec\" \/>\n<meta name=\"twitter:label1\" content=\"\u00c9crit par\" \/>\n\t<meta name=\"twitter:data1\" content=\"Universidad de las Artes\" \/>\n\t<meta name=\"twitter:label2\" content=\"Dur\u00e9e de lecture estim\u00e9e\" \/>\n\t<meta name=\"twitter:data2\" content=\"2 minutes\" \/>\n<script type=\"application\/ld+json\" class=\"yoast-schema-graph\">{\"@context\":\"https:\\\/\\\/schema.org\",\"@graph\":[{\"@type\":\"Article\",\"@id\":\"https:\\\/\\\/www.uartes.edu.ec\\\/sitio\\\/fr\\\/blog\\\/2018\\\/06\\\/13\\\/norberto-bayo-docente-uartes-participa-en-congreso-iili-de-la-universidad-javeriana-de-colombia\\\/#article\",\"isPartOf\":{\"@id\":\"https:\\\/\\\/www.uartes.edu.ec\\\/sitio\\\/fr\\\/blog\\\/2018\\\/06\\\/13\\\/norberto-bayo-docente-uartes-participa-en-congreso-iili-de-la-universidad-javeriana-de-colombia\\\/\"},\"author\":{\"name\":\"Universidad de las Artes\",\"@id\":\"https:\\\/\\\/www.uartes.edu.ec\\\/sitio\\\/fr\\\/#\\\/schema\\\/person\\\/f33f8c1d2af0d5c80a38c8abf458184a\"},\"headline\":\"Norberto Bayo, docente UArtes, participa en Congreso IILI de la Universidad Javeriana de Colombia\",\"datePublished\":\"2018-06-13T21:20:26+00:00\",\"dateModified\":\"2024-07-04T16:53:48+00:00\",\"mainEntityOfPage\":{\"@id\":\"https:\\\/\\\/www.uartes.edu.ec\\\/sitio\\\/fr\\\/blog\\\/2018\\\/06\\\/13\\\/norberto-bayo-docente-uartes-participa-en-congreso-iili-de-la-universidad-javeriana-de-colombia\\\/\"},\"wordCount\":421,\"publisher\":{\"@id\":\"https:\\\/\\\/www.uartes.edu.ec\\\/sitio\\\/fr\\\/#organization\"},\"image\":{\"@id\":\"https:\\\/\\\/www.uartes.edu.ec\\\/sitio\\\/fr\\\/blog\\\/2018\\\/06\\\/13\\\/norberto-bayo-docente-uartes-participa-en-congreso-iili-de-la-universidad-javeriana-de-colombia\\\/#primaryimage\"},\"thumbnailUrl\":\"\",\"articleSection\":[\"Docentes\"],\"inLanguage\":\"fr-FR\"},{\"@type\":[\"WebPage\",\"ItemPage\"],\"@id\":\"https:\\\/\\\/www.uartes.edu.ec\\\/sitio\\\/fr\\\/blog\\\/2018\\\/06\\\/13\\\/norberto-bayo-docente-uartes-participa-en-congreso-iili-de-la-universidad-javeriana-de-colombia\\\/\",\"url\":\"https:\\\/\\\/www.uartes.edu.ec\\\/sitio\\\/fr\\\/blog\\\/2018\\\/06\\\/13\\\/norberto-bayo-docente-uartes-participa-en-congreso-iili-de-la-universidad-javeriana-de-colombia\\\/\",\"name\":\"Universidad de las Artes - Norberto Bayo, docente UArtes, participa en Congreso IILI de la Universidad Javeriana de Colombia\",\"isPartOf\":{\"@id\":\"https:\\\/\\\/www.uartes.edu.ec\\\/sitio\\\/fr\\\/#website\"},\"primaryImageOfPage\":{\"@id\":\"https:\\\/\\\/www.uartes.edu.ec\\\/sitio\\\/fr\\\/blog\\\/2018\\\/06\\\/13\\\/norberto-bayo-docente-uartes-participa-en-congreso-iili-de-la-universidad-javeriana-de-colombia\\\/#primaryimage\"},\"image\":{\"@id\":\"https:\\\/\\\/www.uartes.edu.ec\\\/sitio\\\/fr\\\/blog\\\/2018\\\/06\\\/13\\\/norberto-bayo-docente-uartes-participa-en-congreso-iili-de-la-universidad-javeriana-de-colombia\\\/#primaryimage\"},\"thumbnailUrl\":\"\",\"datePublished\":\"2018-06-13T21:20:26+00:00\",\"dateModified\":\"2024-07-04T16:53:48+00:00\",\"description\":\"Universidad de las Artes - Norberto Bayo, docente UArtes, participa en Congreso IILI de la Universidad Javeriana de Colombia\",\"breadcrumb\":{\"@id\":\"https:\\\/\\\/www.uartes.edu.ec\\\/sitio\\\/fr\\\/blog\\\/2018\\\/06\\\/13\\\/norberto-bayo-docente-uartes-participa-en-congreso-iili-de-la-universidad-javeriana-de-colombia\\\/#breadcrumb\"},\"inLanguage\":\"fr-FR\",\"potentialAction\":[{\"@type\":\"ReadAction\",\"target\":[\"https:\\\/\\\/www.uartes.edu.ec\\\/sitio\\\/fr\\\/blog\\\/2018\\\/06\\\/13\\\/norberto-bayo-docente-uartes-participa-en-congreso-iili-de-la-universidad-javeriana-de-colombia\\\/\"]}]},{\"@type\":\"ImageObject\",\"inLanguage\":\"fr-FR\",\"@id\":\"https:\\\/\\\/www.uartes.edu.ec\\\/sitio\\\/fr\\\/blog\\\/2018\\\/06\\\/13\\\/norberto-bayo-docente-uartes-participa-en-congreso-iili-de-la-universidad-javeriana-de-colombia\\\/#primaryimage\",\"url\":\"\",\"contentUrl\":\"\"},{\"@type\":\"BreadcrumbList\",\"@id\":\"https:\\\/\\\/www.uartes.edu.ec\\\/sitio\\\/fr\\\/blog\\\/2018\\\/06\\\/13\\\/norberto-bayo-docente-uartes-participa-en-congreso-iili-de-la-universidad-javeriana-de-colombia\\\/#breadcrumb\",\"itemListElement\":[{\"@type\":\"ListItem\",\"position\":1,\"name\":\"Inicio\",\"item\":\"https:\\\/\\\/www.uartes.edu.ec\\\/sitio\\\/\"},{\"@type\":\"ListItem\",\"position\":2,\"name\":\"Norberto Bayo, docente UArtes, participa en Congreso IILI de la Universidad Javeriana de Colombia\"}]},{\"@type\":\"WebSite\",\"@id\":\"https:\\\/\\\/www.uartes.edu.ec\\\/sitio\\\/fr\\\/#website\",\"url\":\"https:\\\/\\\/www.uartes.edu.ec\\\/sitio\\\/fr\\\/\",\"name\":\"Universidad de las Artes\",\"description\":\"Sitio oficial de la Universidad Nacional de las Artes del Ecuador\",\"publisher\":{\"@id\":\"https:\\\/\\\/www.uartes.edu.ec\\\/sitio\\\/fr\\\/#organization\"},\"potentialAction\":[{\"@type\":\"SearchAction\",\"target\":{\"@type\":\"EntryPoint\",\"urlTemplate\":\"https:\\\/\\\/www.uartes.edu.ec\\\/sitio\\\/fr\\\/?s={search_term_string}\"},\"query-input\":{\"@type\":\"PropertyValueSpecification\",\"valueRequired\":true,\"valueName\":\"search_term_string\"}}],\"inLanguage\":\"fr-FR\"},{\"@type\":\"Organization\",\"@id\":\"https:\\\/\\\/www.uartes.edu.ec\\\/sitio\\\/fr\\\/#organization\",\"name\":\"Universidad de las Artes\",\"url\":\"https:\\\/\\\/www.uartes.edu.ec\\\/sitio\\\/fr\\\/\",\"logo\":{\"@type\":\"ImageObject\",\"inLanguage\":\"fr-FR\",\"@id\":\"https:\\\/\\\/www.uartes.edu.ec\\\/sitio\\\/fr\\\/#\\\/schema\\\/logo\\\/image\\\/\",\"url\":\"https:\\\/\\\/www.uartes.edu.ec\\\/sitio\\\/wp-content\\\/uploads\\\/2022\\\/07\\\/logo-ua-horizontal.png\",\"contentUrl\":\"https:\\\/\\\/www.uartes.edu.ec\\\/sitio\\\/wp-content\\\/uploads\\\/2022\\\/07\\\/logo-ua-horizontal.png\",\"width\":800,\"height\":276,\"caption\":\"Universidad de las Artes\"},\"image\":{\"@id\":\"https:\\\/\\\/www.uartes.edu.ec\\\/sitio\\\/fr\\\/#\\\/schema\\\/logo\\\/image\\\/\"},\"sameAs\":[\"https:\\\/\\\/www.facebook.com\\\/uartesec\",\"https:\\\/\\\/x.com\\\/uartesec\",\"https:\\\/\\\/www.tiktok.com\\\/@uartesec\"]},{\"@type\":\"Person\",\"@id\":\"https:\\\/\\\/www.uartes.edu.ec\\\/sitio\\\/fr\\\/#\\\/schema\\\/person\\\/f33f8c1d2af0d5c80a38c8abf458184a\",\"name\":\"Universidad de las Artes\",\"image\":{\"@type\":\"ImageObject\",\"inLanguage\":\"fr-FR\",\"@id\":\"https:\\\/\\\/secure.gravatar.com\\\/avatar\\\/52e4757902f5cfa5ac52d020e5be83cae5487519154b6c35482fe08d589f3c13?s=96&d=mm&r=g\",\"url\":\"https:\\\/\\\/secure.gravatar.com\\\/avatar\\\/52e4757902f5cfa5ac52d020e5be83cae5487519154b6c35482fe08d589f3c13?s=96&d=mm&r=g\",\"contentUrl\":\"https:\\\/\\\/secure.gravatar.com\\\/avatar\\\/52e4757902f5cfa5ac52d020e5be83cae5487519154b6c35482fe08d589f3c13?s=96&d=mm&r=g\",\"caption\":\"Universidad de las Artes\"},\"url\":\"https:\\\/\\\/www.uartes.edu.ec\\\/sitio\\\/fr\\\/blog\\\/author\\\/dircomadm\\\/\"}]}<\/script>\n<!-- \/ Yoast SEO plugin. -->","yoast_head_json":{"title":"Universidad de las Artes - Norberto Bayo, docente UArtes, participa en Congreso IILI de la Universidad Javeriana de Colombia","description":"Universidad de las Artes - Norberto Bayo, docente UArtes, participa en Congreso IILI de la Universidad Javeriana de Colombia","robots":{"index":"index","follow":"follow","max-snippet":"max-snippet:-1","max-image-preview":"max-image-preview:large","max-video-preview":"max-video-preview:-1"},"canonical":"https:\/\/www.uartes.edu.ec\/sitio\/fr\/blog\/2018\/06\/13\/norberto-bayo-docente-uartes-participa-en-congreso-iili-de-la-universidad-javeriana-de-colombia\/","og_locale":"fr_FR","og_type":"article","og_title":"Universidad de las Artes - Norberto Bayo, docente UArtes, participa en Congreso IILI de la Universidad Javeriana de Colombia","og_description":"Universidad de las Artes - Norberto Bayo, docente UArtes, participa en Congreso IILI de la Universidad Javeriana de Colombia","og_url":"https:\/\/www.uartes.edu.ec\/sitio\/fr\/blog\/2018\/06\/13\/norberto-bayo-docente-uartes-participa-en-congreso-iili-de-la-universidad-javeriana-de-colombia\/","og_site_name":"Universidad de las Artes","article_publisher":"https:\/\/www.facebook.com\/uartesec","article_published_time":"2018-06-13T21:20:26+00:00","article_modified_time":"2024-07-04T16:53:48+00:00","author":"Universidad de las Artes","twitter_card":"summary_large_image","twitter_creator":"@uartesec","twitter_site":"@uartesec","twitter_misc":{"\u00c9crit par":"Universidad de las Artes","Dur\u00e9e de lecture estim\u00e9e":"2 minutes"},"schema":{"@context":"https:\/\/schema.org","@graph":[{"@type":"Article","@id":"https:\/\/www.uartes.edu.ec\/sitio\/fr\/blog\/2018\/06\/13\/norberto-bayo-docente-uartes-participa-en-congreso-iili-de-la-universidad-javeriana-de-colombia\/#article","isPartOf":{"@id":"https:\/\/www.uartes.edu.ec\/sitio\/fr\/blog\/2018\/06\/13\/norberto-bayo-docente-uartes-participa-en-congreso-iili-de-la-universidad-javeriana-de-colombia\/"},"author":{"name":"Universidad de las Artes","@id":"https:\/\/www.uartes.edu.ec\/sitio\/fr\/#\/schema\/person\/f33f8c1d2af0d5c80a38c8abf458184a"},"headline":"Norberto Bayo, docente UArtes, participa en Congreso IILI de la Universidad Javeriana de Colombia","datePublished":"2018-06-13T21:20:26+00:00","dateModified":"2024-07-04T16:53:48+00:00","mainEntityOfPage":{"@id":"https:\/\/www.uartes.edu.ec\/sitio\/fr\/blog\/2018\/06\/13\/norberto-bayo-docente-uartes-participa-en-congreso-iili-de-la-universidad-javeriana-de-colombia\/"},"wordCount":421,"publisher":{"@id":"https:\/\/www.uartes.edu.ec\/sitio\/fr\/#organization"},"image":{"@id":"https:\/\/www.uartes.edu.ec\/sitio\/fr\/blog\/2018\/06\/13\/norberto-bayo-docente-uartes-participa-en-congreso-iili-de-la-universidad-javeriana-de-colombia\/#primaryimage"},"thumbnailUrl":"","articleSection":["Docentes"],"inLanguage":"fr-FR"},{"@type":["WebPage","ItemPage"],"@id":"https:\/\/www.uartes.edu.ec\/sitio\/fr\/blog\/2018\/06\/13\/norberto-bayo-docente-uartes-participa-en-congreso-iili-de-la-universidad-javeriana-de-colombia\/","url":"https:\/\/www.uartes.edu.ec\/sitio\/fr\/blog\/2018\/06\/13\/norberto-bayo-docente-uartes-participa-en-congreso-iili-de-la-universidad-javeriana-de-colombia\/","name":"Universidad de las Artes - Norberto Bayo, docente UArtes, participa en Congreso IILI de la Universidad Javeriana de Colombia","isPartOf":{"@id":"https:\/\/www.uartes.edu.ec\/sitio\/fr\/#website"},"primaryImageOfPage":{"@id":"https:\/\/www.uartes.edu.ec\/sitio\/fr\/blog\/2018\/06\/13\/norberto-bayo-docente-uartes-participa-en-congreso-iili-de-la-universidad-javeriana-de-colombia\/#primaryimage"},"image":{"@id":"https:\/\/www.uartes.edu.ec\/sitio\/fr\/blog\/2018\/06\/13\/norberto-bayo-docente-uartes-participa-en-congreso-iili-de-la-universidad-javeriana-de-colombia\/#primaryimage"},"thumbnailUrl":"","datePublished":"2018-06-13T21:20:26+00:00","dateModified":"2024-07-04T16:53:48+00:00","description":"Universidad de las Artes - Norberto Bayo, docente UArtes, participa en Congreso IILI de la Universidad Javeriana de Colombia","breadcrumb":{"@id":"https:\/\/www.uartes.edu.ec\/sitio\/fr\/blog\/2018\/06\/13\/norberto-bayo-docente-uartes-participa-en-congreso-iili-de-la-universidad-javeriana-de-colombia\/#breadcrumb"},"inLanguage":"fr-FR","potentialAction":[{"@type":"ReadAction","target":["https:\/\/www.uartes.edu.ec\/sitio\/fr\/blog\/2018\/06\/13\/norberto-bayo-docente-uartes-participa-en-congreso-iili-de-la-universidad-javeriana-de-colombia\/"]}]},{"@type":"ImageObject","inLanguage":"fr-FR","@id":"https:\/\/www.uartes.edu.ec\/sitio\/fr\/blog\/2018\/06\/13\/norberto-bayo-docente-uartes-participa-en-congreso-iili-de-la-universidad-javeriana-de-colombia\/#primaryimage","url":"","contentUrl":""},{"@type":"BreadcrumbList","@id":"https:\/\/www.uartes.edu.ec\/sitio\/fr\/blog\/2018\/06\/13\/norberto-bayo-docente-uartes-participa-en-congreso-iili-de-la-universidad-javeriana-de-colombia\/#breadcrumb","itemListElement":[{"@type":"ListItem","position":1,"name":"Inicio","item":"https:\/\/www.uartes.edu.ec\/sitio\/"},{"@type":"ListItem","position":2,"name":"Norberto Bayo, docente UArtes, participa en Congreso IILI de la Universidad Javeriana de Colombia"}]},{"@type":"WebSite","@id":"https:\/\/www.uartes.edu.ec\/sitio\/fr\/#website","url":"https:\/\/www.uartes.edu.ec\/sitio\/fr\/","name":"Universidad de las Artes","description":"Sitio oficial de la Universidad Nacional de las Artes del Ecuador","publisher":{"@id":"https:\/\/www.uartes.edu.ec\/sitio\/fr\/#organization"},"potentialAction":[{"@type":"SearchAction","target":{"@type":"EntryPoint","urlTemplate":"https:\/\/www.uartes.edu.ec\/sitio\/fr\/?s={search_term_string}"},"query-input":{"@type":"PropertyValueSpecification","valueRequired":true,"valueName":"search_term_string"}}],"inLanguage":"fr-FR"},{"@type":"Organization","@id":"https:\/\/www.uartes.edu.ec\/sitio\/fr\/#organization","name":"Universidad de las Artes","url":"https:\/\/www.uartes.edu.ec\/sitio\/fr\/","logo":{"@type":"ImageObject","inLanguage":"fr-FR","@id":"https:\/\/www.uartes.edu.ec\/sitio\/fr\/#\/schema\/logo\/image\/","url":"https:\/\/www.uartes.edu.ec\/sitio\/wp-content\/uploads\/2022\/07\/logo-ua-horizontal.png","contentUrl":"https:\/\/www.uartes.edu.ec\/sitio\/wp-content\/uploads\/2022\/07\/logo-ua-horizontal.png","width":800,"height":276,"caption":"Universidad de las Artes"},"image":{"@id":"https:\/\/www.uartes.edu.ec\/sitio\/fr\/#\/schema\/logo\/image\/"},"sameAs":["https:\/\/www.facebook.com\/uartesec","https:\/\/x.com\/uartesec","https:\/\/www.tiktok.com\/@uartesec"]},{"@type":"Person","@id":"https:\/\/www.uartes.edu.ec\/sitio\/fr\/#\/schema\/person\/f33f8c1d2af0d5c80a38c8abf458184a","name":"Universidad de las Artes","image":{"@type":"ImageObject","inLanguage":"fr-FR","@id":"https:\/\/secure.gravatar.com\/avatar\/52e4757902f5cfa5ac52d020e5be83cae5487519154b6c35482fe08d589f3c13?s=96&d=mm&r=g","url":"https:\/\/secure.gravatar.com\/avatar\/52e4757902f5cfa5ac52d020e5be83cae5487519154b6c35482fe08d589f3c13?s=96&d=mm&r=g","contentUrl":"https:\/\/secure.gravatar.com\/avatar\/52e4757902f5cfa5ac52d020e5be83cae5487519154b6c35482fe08d589f3c13?s=96&d=mm&r=g","caption":"Universidad de las Artes"},"url":"https:\/\/www.uartes.edu.ec\/sitio\/fr\/blog\/author\/dircomadm\/"}]}},"uagb_featured_image_src":{"full":false,"thumbnail":false,"medium":false,"medium_large":false,"large":false,"1536x1536":false,"2048x2048":false,"trp-custom-language-flag":false,"htmega_size_585x295":false,"htmega_size_1170x536":false,"htmega_size_396x360":false,"gb-block-post-grid-landscape":false,"gb-block-post-grid-square":false,"university-hub-thumb":false},"uagb_author_info":{"display_name":"Universidad de las Artes","author_link":"https:\/\/www.uartes.edu.ec\/sitio\/fr\/blog\/author\/dircomadm\/"},"uagb_comment_info":0,"uagb_excerpt":"Norberto Bayo, docente de la Universidad de las Artes del Ecuador, participa en el XLII Congreso del Instituto Internacional de Literatura Iberoamericana (IILI) de la Pontificia Universidad Javeriana, en Colombia. Bayo integra en la mesa \u2018Literatura y afecto\u2019 e interviene con su propuesta titulada: \u201cDesacoplar los afectos: nueva objetividad como medio de producci\u00f3n literaria\u201d. En\u2026","featured_image_src":null,"featured_image_src_square":null,"author_info":{"display_name":"Universidad de las Artes","author_link":"https:\/\/www.uartes.edu.ec\/sitio\/fr\/blog\/author\/dircomadm\/"},"publishpress_future_workflow_manual_trigger":{"enabledWorkflows":[]},"distributor_meta":false,"distributor_terms":false,"distributor_media":false,"distributor_original_site_name":"Universidad de las Artes","distributor_original_site_url":"https:\/\/www.uartes.edu.ec\/sitio\/fr","push-errors":false,"_links":{"self":[{"href":"https:\/\/www.uartes.edu.ec\/sitio\/fr\/wp-json\/wp\/v2\/posts\/1628","targetHints":{"allow":["GET"]}}],"collection":[{"href":"https:\/\/www.uartes.edu.ec\/sitio\/fr\/wp-json\/wp\/v2\/posts"}],"about":[{"href":"https:\/\/www.uartes.edu.ec\/sitio\/fr\/wp-json\/wp\/v2\/types\/post"}],"author":[{"embeddable":true,"href":"https:\/\/www.uartes.edu.ec\/sitio\/fr\/wp-json\/wp\/v2\/users\/1"}],"replies":[{"embeddable":true,"href":"https:\/\/www.uartes.edu.ec\/sitio\/fr\/wp-json\/wp\/v2\/comments?post=1628"}],"version-history":[{"count":1,"href":"https:\/\/www.uartes.edu.ec\/sitio\/fr\/wp-json\/wp\/v2\/posts\/1628\/revisions"}],"predecessor-version":[{"id":3366,"href":"https:\/\/www.uartes.edu.ec\/sitio\/fr\/wp-json\/wp\/v2\/posts\/1628\/revisions\/3366"}],"wp:featuredmedia":[{"embeddable":true,"href":"https:\/\/www.uartes.edu.ec\/sitio\/fr\/wp-json\/"}],"wp:attachment":[{"href":"https:\/\/www.uartes.edu.ec\/sitio\/fr\/wp-json\/wp\/v2\/media?parent=1628"}],"wp:term":[{"taxonomy":"category","embeddable":true,"href":"https:\/\/www.uartes.edu.ec\/sitio\/fr\/wp-json\/wp\/v2\/categories?post=1628"},{"taxonomy":"post_tag","embeddable":true,"href":"https:\/\/www.uartes.edu.ec\/sitio\/fr\/wp-json\/wp\/v2\/tags?post=1628"},{"taxonomy":"infouartes","embeddable":true,"href":"https:\/\/www.uartes.edu.ec\/sitio\/fr\/wp-json\/wp\/v2\/infouartes?post=1628"}],"curies":[{"name":"wp","href":"https:\/\/api.w.org\/{rel}","templated":true}]}}