{"id":16289,"date":"2021-10-15T13:02:00","date_gmt":"2021-10-15T18:02:00","guid":{"rendered":"http:\/\/www.uartes.edu.ec\/sitio\/?p=16289"},"modified":"2024-07-04T11:25:29","modified_gmt":"2024-07-04T16:25:29","slug":"estudiante-de-la-uartes-german-palomo-participa-con-desde-la-ventana-en-festival-internacional-de-cortos","status":"publish","type":"post","link":"https:\/\/www.uartes.edu.ec\/sitio\/fr\/blog\/2021\/10\/15\/estudiante-de-la-uartes-german-palomo-participa-con-desde-la-ventana-en-festival-internacional-de-cortos\/","title":{"rendered":"Germ\u00e1n Palomo, de la Escuela de Cine, participa con \u201cDesde la ventana\u201d en festival internacional de cortos"},"content":{"rendered":"<p><em>Se trata del Premio Cinema Anima Latina de Italia, cuya gala de clausura y entrega de reconocimientos es hoy, viernes 15 de octubre. En el sitio web del Ministerio de Cultura y Patrimonio se indica que el cortometraje del alumno de la Escuela de Cine integra la delegaci\u00f3n ecuatoriana en la cita.<\/em><\/p>\n\n\n\n<p>Veintitr\u00e9s universidades latinoamericanas participan en el Festival de Cortometrajes Premio Cinema Anima Latina, que se desarrolla en la ciudad italiana de Perugia y cuya gala de premiaci\u00f3n est\u00e1 programada para hoy, viernes 15 de octubre de 2021. El pa\u00eds est\u00e1 representado por estudiantes de varias instituciones de educaci\u00f3n superior. La Universidad de las Artes figura en este grupo junto con la Universidad Central del Ecuador e INCINE.<\/p>\n\n\n\n<p>La UArtes est\u00e1 presente con el cortometraje <em>Desde la ventana<\/em>, dirigido por uno de sus estudiantes de la carrera de Cine. Es Germ\u00e1n Palomo, quien se encuentra en el noveno semestre de titulaci\u00f3n.<\/p>\n\n\n\n<p>Contactado por InfoUArtes, \u00e9l cont\u00f3 que <em>Desde la ventana<\/em> es un corto documental que realiz\u00f3 el semestre anterior (el octavo), en la materia de Laboratorio de Rodaje II. En la producci\u00f3n cont\u00f3 con la colaboraci\u00f3n de sus compa\u00f1eros Caleb Campuzano y Joseph Henr\u00edquez. \u201cLos tres, con la ayuda de los profesores de la materia, logramos su realizaci\u00f3n\u201d, dijo y detall\u00f3 su contenido: Trata sobre la infancia en estos tiempos de pandemia, desde el punto de vista de una ni\u00f1a de 7 a\u00f1os.<\/p>\n\n\n\n<p>En la producci\u00f3n tambi\u00e9n recibi\u00f3 la colaboraci\u00f3n de personas externas de la materia, como Kevin Salazar, que igualmente estudia cine, y Rody Gonz\u00e1les, quien no es parte de la universidad. Ellos se encargaron del sonido y la musicalizaci\u00f3n.&nbsp;<\/p>\n\n\n\n<p><em>Desde la ventana<\/em> se rod\u00f3 en Ambato en los meses de julio y agosto, tiempo en el que su director film\u00f3 a la protagonista \u2013quien es su sobrina\u2013 en sus clases virtuales o realizando actividades dentro de la casa. \u201cCuando hicimos el corto yo viv\u00eda con mi sobrina y, por esa raz\u00f3n, qued\u00e9 a cargo de la direcci\u00f3n y la fotograf\u00eda. Mi profesora Mar\u00eda Isabel Carrasco fue quien nos ayud\u00f3 a inscribirlo en el festival; ella hizo el env\u00edo y llen\u00f3 los formularios de inscripci\u00f3n, por lo cual le estoy muy agradecido\u201d.&nbsp;&nbsp;<\/p>\n\n\n\n<p>Para Germ\u00e1n Palomo, el Premio Cinema Anima Latina es el primer festival de cine en el que interviene. Planea, asimismo, participar en otros cert\u00e1menes con el mismo proyecto. \u201cTengo otro cortometraje, al que titul\u00e9 <em>Hogar<\/em> y lo desarroll\u00e9 en quinto semestre; es una ficci\u00f3n sobre la contaminaci\u00f3n ambiental y espero poderlo enviar a competencias\u201d.<\/p>\n\n\n\n<p>Como una gran sorpresa coment\u00f3 haber recibido la noticia de estar entre los seleccionados con su corto documental para integrar la \u201cdelegaci\u00f3n ecuatoriana que participa en el festival\u201d, como se\u00f1ala una publicaci\u00f3n del sitio web del Ministerio de Cultura y Patrimonio (<a href=\"http:\/\/www.creatividad.gob.ec\/2021\/10\/14\/delegacion-ecuatoriana-premio-italia\/\">http:\/\/www.creatividad.gob.ec\/2021\/10\/14\/delegacion-ecuatoriana-premio-italia\/<\/a>).<\/p>\n\n\n\n<p>All\u00ed se detalla los otros cortos que junto a <em>Desde la ventana <\/em>intervienen en el certamen italiano. Estos son:<em> Ante Dios Todopoderoso,<\/em> del director Sebasti\u00e1n Vallejo (INCINE); <em>Entre Mamushkas,<\/em> de la directora Lizeth V\u00e1squez (INCINE); <em>Voces de la Cinemateca,<\/em> de la directora Montserrat Rivera (Universidad Central del Ecuador); y, <em>Waka<\/em>, de la directora Karen Guazco (INCINE). En el sitio web del MCyP consta, adem\u00e1s, la posibilidad que hubo de votar por los cortometrajes.<\/p>\n\n\n\n<p><strong>Apuntes del festival<br><\/strong>En sus cuentas de internet, el Festival de Cortometrajes Premio Cinema Anima Latina se\u00f1ala que pretende posicionarse como un reconocimiento a estudiantes latinoamericanos que se han distinguido por su compromiso con la producci\u00f3n, direcci\u00f3n y fotograf\u00eda en las categor\u00edas: Animaci\u00f3n, Documental y Ficci\u00f3n. Su objetivo es el intercambio cultural entre Am\u00e9rica e Italia, con la ciudad de Perugia y la Regi\u00f3n de Umbr\u00eda como centros de referencia. Programado en el Palazzo Gallenga de Perugia y organizado por el Grupo Salentino, la presente edici\u00f3n se inici\u00f3 el lunes 11 de octubre.<\/p>\n\n\n\n<figure class=\"wp-block-image size-full\"><img fetchpriority=\"high\" decoding=\"async\" width=\"2000\" height=\"1333\" src=\"http:\/\/www.uartes.edu.ec\/sitio\/wp-content\/uploads\/2021\/10\/desde-mi-ventana-web-01.webp\" alt=\"\" class=\"wp-image-16291\" \/><\/figure>\n\n\n\n<p>Al igual que Ecuador, pa\u00edses como Argentina, Brasil, Chile, Colombia, M\u00e9xico, Estados Unidos y Uruguay cuentan con sus respectivas delegaciones. Todas las propuestas ser\u00e1n escogidas mediante el voto de un jurado internacional, especializado en artes audiovisuales y se considerar\u00e1 el voto del p\u00fablico. Los tres cortos ganadores recibir\u00e1n una beca para asistir a cursos de lengua y cultura italiana en la Universidad para Extranjeros de Perugia; habr\u00e1 premios para mejor director, mejor fotograf\u00eda y favorito del p\u00fablico, y se emitir\u00e1 un certificado de participaci\u00f3n a todos.&nbsp;<\/p>\n\n\n\n<p>Link para ver el corto documental <em>Desde la ventana,<\/em> de Germ\u00e1n Palomo. Tiene una duraci\u00f3n de 07:02 minutos:<br><a href=\"https:\/\/sites.google.com\/view\/premio-cinema-anima-latina\/cortometrajes\/desde-la-ventana\">https:\/\/sites.google.com\/view\/premio-cinema-anima-latina\/cortometrajes\/desde-la-ventana<\/a><\/p>","protected":false},"excerpt":{"rendered":"<p>Veintitr\u00e9s universidades latinoamericanas est\u00e1n presentes en el Festival de Cortometrajes Premio Cinema Anima Latina, que se desarrolla en la ciudad italiana de Perugia y cuya gala de premiaci\u00f3n est\u00e1 programada para hoy, viernes 15 de octubre de 2021. El pa\u00eds est\u00e1 representado por estudiantes de varias instituciones de educaci\u00f3n superior. La Universidad de las Artes figura en este grupo junto con la Universidad Central del Ecuador e INCINE.<\/p>","protected":false},"author":10,"featured_media":16290,"comment_status":"open","ping_status":"open","sticky":false,"template":"","format":"standard","meta":{"_acf_changed":false,"_uag_custom_page_level_css":"","_monsterinsights_skip_tracking":false,"_monsterinsights_sitenote_active":false,"_monsterinsights_sitenote_note":"","_monsterinsights_sitenote_category":0,"cybocfi_hide_featured_image":"","footnotes":""},"categories":[147,76],"tags":[518],"infouartes":[],"class_list":["post-16289","post","type-post","status-publish","format-standard","has-post-thumbnail","hentry","category-cine","category-estudiantes","tag-produccion"],"acf":[],"yoast_head":"<!-- This site is optimized with the Yoast SEO plugin v27.4 - https:\/\/yoast.com\/product\/yoast-seo-wordpress\/ -->\n<title>Universidad de las Artes - Germ\u00e1n Palomo, de la Escuela de Cine, participa con \u201cDesde la ventana\u201d en festival internacional de cortos<\/title>\n<meta name=\"description\" content=\"Universidad de las Artes - Germ\u00e1n Palomo, de la Escuela de Cine, participa con \u201cDesde la ventana\u201d en festival internacional de cortos\" \/>\n<meta name=\"robots\" content=\"index, follow, max-snippet:-1, max-image-preview:large, max-video-preview:-1\" \/>\n<link rel=\"canonical\" href=\"https:\/\/www.uartes.edu.ec\/sitio\/fr\/blog\/2021\/10\/15\/estudiante-de-la-uartes-german-palomo-participa-con-desde-la-ventana-en-festival-internacional-de-cortos\/\" \/>\n<meta property=\"og:locale\" content=\"fr_FR\" \/>\n<meta property=\"og:type\" content=\"article\" \/>\n<meta property=\"og:title\" content=\"Universidad de las Artes - Germ\u00e1n Palomo, de la Escuela de Cine, participa con \u201cDesde la ventana\u201d en festival internacional de cortos\" \/>\n<meta property=\"og:description\" content=\"Universidad de las Artes - Germ\u00e1n Palomo, de la Escuela de Cine, participa con \u201cDesde la ventana\u201d en festival internacional de cortos\" \/>\n<meta property=\"og:url\" content=\"https:\/\/www.uartes.edu.ec\/sitio\/fr\/blog\/2021\/10\/15\/estudiante-de-la-uartes-german-palomo-participa-con-desde-la-ventana-en-festival-internacional-de-cortos\/\" \/>\n<meta property=\"og:site_name\" content=\"Universidad de las Artes\" \/>\n<meta property=\"article:publisher\" content=\"https:\/\/www.facebook.com\/uartesec\" \/>\n<meta property=\"article:published_time\" content=\"2021-10-15T18:02:00+00:00\" \/>\n<meta property=\"article:modified_time\" content=\"2024-07-04T16:25:29+00:00\" \/>\n<meta property=\"og:image\" content=\"https:\/\/www.uartes.edu.ec\/sitio\/wp-content\/uploads\/2021\/10\/desde-mi-ventana-web.webp\" \/>\n\t<meta property=\"og:image:width\" content=\"2000\" \/>\n\t<meta property=\"og:image:height\" content=\"1333\" \/>\n\t<meta property=\"og:image:type\" content=\"image\/webp\" \/>\n<meta name=\"author\" content=\"ccortez\" \/>\n<meta name=\"twitter:card\" content=\"summary_large_image\" \/>\n<meta name=\"twitter:creator\" content=\"@uartesec\" \/>\n<meta name=\"twitter:site\" content=\"@uartesec\" \/>\n<meta name=\"twitter:label1\" content=\"\u00c9crit par\" \/>\n\t<meta name=\"twitter:data1\" content=\"ccortez\" \/>\n\t<meta name=\"twitter:label2\" content=\"Dur\u00e9e de lecture estim\u00e9e\" \/>\n\t<meta name=\"twitter:data2\" content=\"4 minutes\" \/>\n<script type=\"application\/ld+json\" class=\"yoast-schema-graph\">{\"@context\":\"https:\\\/\\\/schema.org\",\"@graph\":[{\"@type\":\"Article\",\"@id\":\"https:\\\/\\\/www.uartes.edu.ec\\\/sitio\\\/fr\\\/blog\\\/2021\\\/10\\\/15\\\/estudiante-de-la-uartes-german-palomo-participa-con-desde-la-ventana-en-festival-internacional-de-cortos\\\/#article\",\"isPartOf\":{\"@id\":\"https:\\\/\\\/www.uartes.edu.ec\\\/sitio\\\/fr\\\/blog\\\/2021\\\/10\\\/15\\\/estudiante-de-la-uartes-german-palomo-participa-con-desde-la-ventana-en-festival-internacional-de-cortos\\\/\"},\"author\":{\"name\":\"ccortez\",\"@id\":\"https:\\\/\\\/www.uartes.edu.ec\\\/sitio\\\/fr\\\/#\\\/schema\\\/person\\\/efa1b8275797664fd7f13a79ccc0b1f4\"},\"headline\":\"Germ\u00e1n Palomo, de la Escuela de Cine, participa con \u201cDesde la ventana\u201d en festival internacional de cortos\",\"datePublished\":\"2021-10-15T18:02:00+00:00\",\"dateModified\":\"2024-07-04T16:25:29+00:00\",\"mainEntityOfPage\":{\"@id\":\"https:\\\/\\\/www.uartes.edu.ec\\\/sitio\\\/fr\\\/blog\\\/2021\\\/10\\\/15\\\/estudiante-de-la-uartes-german-palomo-participa-con-desde-la-ventana-en-festival-internacional-de-cortos\\\/\"},\"wordCount\":816,\"commentCount\":0,\"publisher\":{\"@id\":\"https:\\\/\\\/www.uartes.edu.ec\\\/sitio\\\/fr\\\/#organization\"},\"image\":{\"@id\":\"https:\\\/\\\/www.uartes.edu.ec\\\/sitio\\\/fr\\\/blog\\\/2021\\\/10\\\/15\\\/estudiante-de-la-uartes-german-palomo-participa-con-desde-la-ventana-en-festival-internacional-de-cortos\\\/#primaryimage\"},\"thumbnailUrl\":\"https:\\\/\\\/www.uartes.edu.ec\\\/sitio\\\/wp-content\\\/uploads\\\/2021\\\/10\\\/desde-mi-ventana-web.webp\",\"keywords\":[\"producci\u00f3n\"],\"articleSection\":[\"Cine\",\"Estudiantes\"],\"inLanguage\":\"fr-FR\",\"potentialAction\":[{\"@type\":\"CommentAction\",\"name\":\"Comment\",\"target\":[\"https:\\\/\\\/www.uartes.edu.ec\\\/sitio\\\/fr\\\/blog\\\/2021\\\/10\\\/15\\\/estudiante-de-la-uartes-german-palomo-participa-con-desde-la-ventana-en-festival-internacional-de-cortos\\\/#respond\"]}]},{\"@type\":[\"WebPage\",\"ItemPage\"],\"@id\":\"https:\\\/\\\/www.uartes.edu.ec\\\/sitio\\\/fr\\\/blog\\\/2021\\\/10\\\/15\\\/estudiante-de-la-uartes-german-palomo-participa-con-desde-la-ventana-en-festival-internacional-de-cortos\\\/\",\"url\":\"https:\\\/\\\/www.uartes.edu.ec\\\/sitio\\\/fr\\\/blog\\\/2021\\\/10\\\/15\\\/estudiante-de-la-uartes-german-palomo-participa-con-desde-la-ventana-en-festival-internacional-de-cortos\\\/\",\"name\":\"Universidad de las Artes - Germ\u00e1n Palomo, de la Escuela de Cine, participa con \u201cDesde la ventana\u201d en festival internacional de cortos\",\"isPartOf\":{\"@id\":\"https:\\\/\\\/www.uartes.edu.ec\\\/sitio\\\/fr\\\/#website\"},\"primaryImageOfPage\":{\"@id\":\"https:\\\/\\\/www.uartes.edu.ec\\\/sitio\\\/fr\\\/blog\\\/2021\\\/10\\\/15\\\/estudiante-de-la-uartes-german-palomo-participa-con-desde-la-ventana-en-festival-internacional-de-cortos\\\/#primaryimage\"},\"image\":{\"@id\":\"https:\\\/\\\/www.uartes.edu.ec\\\/sitio\\\/fr\\\/blog\\\/2021\\\/10\\\/15\\\/estudiante-de-la-uartes-german-palomo-participa-con-desde-la-ventana-en-festival-internacional-de-cortos\\\/#primaryimage\"},\"thumbnailUrl\":\"https:\\\/\\\/www.uartes.edu.ec\\\/sitio\\\/wp-content\\\/uploads\\\/2021\\\/10\\\/desde-mi-ventana-web.webp\",\"datePublished\":\"2021-10-15T18:02:00+00:00\",\"dateModified\":\"2024-07-04T16:25:29+00:00\",\"description\":\"Universidad de las Artes - Germ\u00e1n Palomo, de la Escuela de Cine, participa con \u201cDesde la ventana\u201d en festival internacional de cortos\",\"breadcrumb\":{\"@id\":\"https:\\\/\\\/www.uartes.edu.ec\\\/sitio\\\/fr\\\/blog\\\/2021\\\/10\\\/15\\\/estudiante-de-la-uartes-german-palomo-participa-con-desde-la-ventana-en-festival-internacional-de-cortos\\\/#breadcrumb\"},\"inLanguage\":\"fr-FR\",\"potentialAction\":[{\"@type\":\"ReadAction\",\"target\":[\"https:\\\/\\\/www.uartes.edu.ec\\\/sitio\\\/fr\\\/blog\\\/2021\\\/10\\\/15\\\/estudiante-de-la-uartes-german-palomo-participa-con-desde-la-ventana-en-festival-internacional-de-cortos\\\/\"]}]},{\"@type\":\"ImageObject\",\"inLanguage\":\"fr-FR\",\"@id\":\"https:\\\/\\\/www.uartes.edu.ec\\\/sitio\\\/fr\\\/blog\\\/2021\\\/10\\\/15\\\/estudiante-de-la-uartes-german-palomo-participa-con-desde-la-ventana-en-festival-internacional-de-cortos\\\/#primaryimage\",\"url\":\"https:\\\/\\\/www.uartes.edu.ec\\\/sitio\\\/wp-content\\\/uploads\\\/2021\\\/10\\\/desde-mi-ventana-web.webp\",\"contentUrl\":\"https:\\\/\\\/www.uartes.edu.ec\\\/sitio\\\/wp-content\\\/uploads\\\/2021\\\/10\\\/desde-mi-ventana-web.webp\",\"width\":2000,\"height\":1333},{\"@type\":\"BreadcrumbList\",\"@id\":\"https:\\\/\\\/www.uartes.edu.ec\\\/sitio\\\/fr\\\/blog\\\/2021\\\/10\\\/15\\\/estudiante-de-la-uartes-german-palomo-participa-con-desde-la-ventana-en-festival-internacional-de-cortos\\\/#breadcrumb\",\"itemListElement\":[{\"@type\":\"ListItem\",\"position\":1,\"name\":\"Inicio\",\"item\":\"https:\\\/\\\/www.uartes.edu.ec\\\/sitio\\\/\"},{\"@type\":\"ListItem\",\"position\":2,\"name\":\"Germ\u00e1n Palomo, de la Escuela de Cine, participa con \u201cDesde la ventana\u201d en festival internacional de cortos\"}]},{\"@type\":\"WebSite\",\"@id\":\"https:\\\/\\\/www.uartes.edu.ec\\\/sitio\\\/fr\\\/#website\",\"url\":\"https:\\\/\\\/www.uartes.edu.ec\\\/sitio\\\/fr\\\/\",\"name\":\"Universidad de las Artes\",\"description\":\"Sitio oficial de la Universidad Nacional de las Artes del Ecuador\",\"publisher\":{\"@id\":\"https:\\\/\\\/www.uartes.edu.ec\\\/sitio\\\/fr\\\/#organization\"},\"potentialAction\":[{\"@type\":\"SearchAction\",\"target\":{\"@type\":\"EntryPoint\",\"urlTemplate\":\"https:\\\/\\\/www.uartes.edu.ec\\\/sitio\\\/fr\\\/?s={search_term_string}\"},\"query-input\":{\"@type\":\"PropertyValueSpecification\",\"valueRequired\":true,\"valueName\":\"search_term_string\"}}],\"inLanguage\":\"fr-FR\"},{\"@type\":\"Organization\",\"@id\":\"https:\\\/\\\/www.uartes.edu.ec\\\/sitio\\\/fr\\\/#organization\",\"name\":\"Universidad de las Artes\",\"url\":\"https:\\\/\\\/www.uartes.edu.ec\\\/sitio\\\/fr\\\/\",\"logo\":{\"@type\":\"ImageObject\",\"inLanguage\":\"fr-FR\",\"@id\":\"https:\\\/\\\/www.uartes.edu.ec\\\/sitio\\\/fr\\\/#\\\/schema\\\/logo\\\/image\\\/\",\"url\":\"https:\\\/\\\/www.uartes.edu.ec\\\/sitio\\\/wp-content\\\/uploads\\\/2022\\\/07\\\/logo-ua-horizontal.png\",\"contentUrl\":\"https:\\\/\\\/www.uartes.edu.ec\\\/sitio\\\/wp-content\\\/uploads\\\/2022\\\/07\\\/logo-ua-horizontal.png\",\"width\":800,\"height\":276,\"caption\":\"Universidad de las Artes\"},\"image\":{\"@id\":\"https:\\\/\\\/www.uartes.edu.ec\\\/sitio\\\/fr\\\/#\\\/schema\\\/logo\\\/image\\\/\"},\"sameAs\":[\"https:\\\/\\\/www.facebook.com\\\/uartesec\",\"https:\\\/\\\/x.com\\\/uartesec\",\"https:\\\/\\\/www.tiktok.com\\\/@uartesec\"]},{\"@type\":\"Person\",\"@id\":\"https:\\\/\\\/www.uartes.edu.ec\\\/sitio\\\/fr\\\/#\\\/schema\\\/person\\\/efa1b8275797664fd7f13a79ccc0b1f4\",\"name\":\"ccortez\",\"image\":{\"@type\":\"ImageObject\",\"inLanguage\":\"fr-FR\",\"@id\":\"https:\\\/\\\/secure.gravatar.com\\\/avatar\\\/b2a6f664a3ae8e074346ef91775736c5ec479e637ecced6842de9dc98b5da9cd?s=96&d=mm&r=g\",\"url\":\"https:\\\/\\\/secure.gravatar.com\\\/avatar\\\/b2a6f664a3ae8e074346ef91775736c5ec479e637ecced6842de9dc98b5da9cd?s=96&d=mm&r=g\",\"contentUrl\":\"https:\\\/\\\/secure.gravatar.com\\\/avatar\\\/b2a6f664a3ae8e074346ef91775736c5ec479e637ecced6842de9dc98b5da9cd?s=96&d=mm&r=g\",\"caption\":\"ccortez\"},\"url\":\"https:\\\/\\\/www.uartes.edu.ec\\\/sitio\\\/fr\\\/blog\\\/author\\\/ccortez\\\/\"}]}<\/script>\n<!-- \/ Yoast SEO plugin. -->","yoast_head_json":{"title":"Universidad de las Artes - Germ\u00e1n Palomo, de la Escuela de Cine, participa con \u201cDesde la ventana\u201d en festival internacional de cortos","description":"Universidad de las Artes - Germ\u00e1n Palomo, de la Escuela de Cine, participa con \u201cDesde la ventana\u201d en festival internacional de cortos","robots":{"index":"index","follow":"follow","max-snippet":"max-snippet:-1","max-image-preview":"max-image-preview:large","max-video-preview":"max-video-preview:-1"},"canonical":"https:\/\/www.uartes.edu.ec\/sitio\/fr\/blog\/2021\/10\/15\/estudiante-de-la-uartes-german-palomo-participa-con-desde-la-ventana-en-festival-internacional-de-cortos\/","og_locale":"fr_FR","og_type":"article","og_title":"Universidad de las Artes - Germ\u00e1n Palomo, de la Escuela de Cine, participa con \u201cDesde la ventana\u201d en festival internacional de cortos","og_description":"Universidad de las Artes - Germ\u00e1n Palomo, de la Escuela de Cine, participa con \u201cDesde la ventana\u201d en festival internacional de cortos","og_url":"https:\/\/www.uartes.edu.ec\/sitio\/fr\/blog\/2021\/10\/15\/estudiante-de-la-uartes-german-palomo-participa-con-desde-la-ventana-en-festival-internacional-de-cortos\/","og_site_name":"Universidad de las Artes","article_publisher":"https:\/\/www.facebook.com\/uartesec","article_published_time":"2021-10-15T18:02:00+00:00","article_modified_time":"2024-07-04T16:25:29+00:00","og_image":[{"width":2000,"height":1333,"url":"https:\/\/www.uartes.edu.ec\/sitio\/wp-content\/uploads\/2021\/10\/desde-mi-ventana-web.webp","type":"image\/webp"}],"author":"ccortez","twitter_card":"summary_large_image","twitter_creator":"@uartesec","twitter_site":"@uartesec","twitter_misc":{"\u00c9crit par":"ccortez","Dur\u00e9e de lecture estim\u00e9e":"4 minutes"},"schema":{"@context":"https:\/\/schema.org","@graph":[{"@type":"Article","@id":"https:\/\/www.uartes.edu.ec\/sitio\/fr\/blog\/2021\/10\/15\/estudiante-de-la-uartes-german-palomo-participa-con-desde-la-ventana-en-festival-internacional-de-cortos\/#article","isPartOf":{"@id":"https:\/\/www.uartes.edu.ec\/sitio\/fr\/blog\/2021\/10\/15\/estudiante-de-la-uartes-german-palomo-participa-con-desde-la-ventana-en-festival-internacional-de-cortos\/"},"author":{"name":"ccortez","@id":"https:\/\/www.uartes.edu.ec\/sitio\/fr\/#\/schema\/person\/efa1b8275797664fd7f13a79ccc0b1f4"},"headline":"Germ\u00e1n Palomo, de la Escuela de Cine, participa con \u201cDesde la ventana\u201d en festival internacional de cortos","datePublished":"2021-10-15T18:02:00+00:00","dateModified":"2024-07-04T16:25:29+00:00","mainEntityOfPage":{"@id":"https:\/\/www.uartes.edu.ec\/sitio\/fr\/blog\/2021\/10\/15\/estudiante-de-la-uartes-german-palomo-participa-con-desde-la-ventana-en-festival-internacional-de-cortos\/"},"wordCount":816,"commentCount":0,"publisher":{"@id":"https:\/\/www.uartes.edu.ec\/sitio\/fr\/#organization"},"image":{"@id":"https:\/\/www.uartes.edu.ec\/sitio\/fr\/blog\/2021\/10\/15\/estudiante-de-la-uartes-german-palomo-participa-con-desde-la-ventana-en-festival-internacional-de-cortos\/#primaryimage"},"thumbnailUrl":"https:\/\/www.uartes.edu.ec\/sitio\/wp-content\/uploads\/2021\/10\/desde-mi-ventana-web.webp","keywords":["producci\u00f3n"],"articleSection":["Cine","Estudiantes"],"inLanguage":"fr-FR","potentialAction":[{"@type":"CommentAction","name":"Comment","target":["https:\/\/www.uartes.edu.ec\/sitio\/fr\/blog\/2021\/10\/15\/estudiante-de-la-uartes-german-palomo-participa-con-desde-la-ventana-en-festival-internacional-de-cortos\/#respond"]}]},{"@type":["WebPage","ItemPage"],"@id":"https:\/\/www.uartes.edu.ec\/sitio\/fr\/blog\/2021\/10\/15\/estudiante-de-la-uartes-german-palomo-participa-con-desde-la-ventana-en-festival-internacional-de-cortos\/","url":"https:\/\/www.uartes.edu.ec\/sitio\/fr\/blog\/2021\/10\/15\/estudiante-de-la-uartes-german-palomo-participa-con-desde-la-ventana-en-festival-internacional-de-cortos\/","name":"Universidad de las Artes - Germ\u00e1n Palomo, de la Escuela de Cine, participa con \u201cDesde la ventana\u201d en festival internacional de cortos","isPartOf":{"@id":"https:\/\/www.uartes.edu.ec\/sitio\/fr\/#website"},"primaryImageOfPage":{"@id":"https:\/\/www.uartes.edu.ec\/sitio\/fr\/blog\/2021\/10\/15\/estudiante-de-la-uartes-german-palomo-participa-con-desde-la-ventana-en-festival-internacional-de-cortos\/#primaryimage"},"image":{"@id":"https:\/\/www.uartes.edu.ec\/sitio\/fr\/blog\/2021\/10\/15\/estudiante-de-la-uartes-german-palomo-participa-con-desde-la-ventana-en-festival-internacional-de-cortos\/#primaryimage"},"thumbnailUrl":"https:\/\/www.uartes.edu.ec\/sitio\/wp-content\/uploads\/2021\/10\/desde-mi-ventana-web.webp","datePublished":"2021-10-15T18:02:00+00:00","dateModified":"2024-07-04T16:25:29+00:00","description":"Universidad de las Artes - Germ\u00e1n Palomo, de la Escuela de Cine, participa con \u201cDesde la ventana\u201d en festival internacional de cortos","breadcrumb":{"@id":"https:\/\/www.uartes.edu.ec\/sitio\/fr\/blog\/2021\/10\/15\/estudiante-de-la-uartes-german-palomo-participa-con-desde-la-ventana-en-festival-internacional-de-cortos\/#breadcrumb"},"inLanguage":"fr-FR","potentialAction":[{"@type":"ReadAction","target":["https:\/\/www.uartes.edu.ec\/sitio\/fr\/blog\/2021\/10\/15\/estudiante-de-la-uartes-german-palomo-participa-con-desde-la-ventana-en-festival-internacional-de-cortos\/"]}]},{"@type":"ImageObject","inLanguage":"fr-FR","@id":"https:\/\/www.uartes.edu.ec\/sitio\/fr\/blog\/2021\/10\/15\/estudiante-de-la-uartes-german-palomo-participa-con-desde-la-ventana-en-festival-internacional-de-cortos\/#primaryimage","url":"https:\/\/www.uartes.edu.ec\/sitio\/wp-content\/uploads\/2021\/10\/desde-mi-ventana-web.webp","contentUrl":"https:\/\/www.uartes.edu.ec\/sitio\/wp-content\/uploads\/2021\/10\/desde-mi-ventana-web.webp","width":2000,"height":1333},{"@type":"BreadcrumbList","@id":"https:\/\/www.uartes.edu.ec\/sitio\/fr\/blog\/2021\/10\/15\/estudiante-de-la-uartes-german-palomo-participa-con-desde-la-ventana-en-festival-internacional-de-cortos\/#breadcrumb","itemListElement":[{"@type":"ListItem","position":1,"name":"Inicio","item":"https:\/\/www.uartes.edu.ec\/sitio\/"},{"@type":"ListItem","position":2,"name":"Germ\u00e1n Palomo, de la Escuela de Cine, participa con \u201cDesde la ventana\u201d en festival internacional de cortos"}]},{"@type":"WebSite","@id":"https:\/\/www.uartes.edu.ec\/sitio\/fr\/#website","url":"https:\/\/www.uartes.edu.ec\/sitio\/fr\/","name":"Universidad de las Artes","description":"Sitio oficial de la Universidad Nacional de las Artes del Ecuador","publisher":{"@id":"https:\/\/www.uartes.edu.ec\/sitio\/fr\/#organization"},"potentialAction":[{"@type":"SearchAction","target":{"@type":"EntryPoint","urlTemplate":"https:\/\/www.uartes.edu.ec\/sitio\/fr\/?s={search_term_string}"},"query-input":{"@type":"PropertyValueSpecification","valueRequired":true,"valueName":"search_term_string"}}],"inLanguage":"fr-FR"},{"@type":"Organization","@id":"https:\/\/www.uartes.edu.ec\/sitio\/fr\/#organization","name":"Universidad de las Artes","url":"https:\/\/www.uartes.edu.ec\/sitio\/fr\/","logo":{"@type":"ImageObject","inLanguage":"fr-FR","@id":"https:\/\/www.uartes.edu.ec\/sitio\/fr\/#\/schema\/logo\/image\/","url":"https:\/\/www.uartes.edu.ec\/sitio\/wp-content\/uploads\/2022\/07\/logo-ua-horizontal.png","contentUrl":"https:\/\/www.uartes.edu.ec\/sitio\/wp-content\/uploads\/2022\/07\/logo-ua-horizontal.png","width":800,"height":276,"caption":"Universidad de las Artes"},"image":{"@id":"https:\/\/www.uartes.edu.ec\/sitio\/fr\/#\/schema\/logo\/image\/"},"sameAs":["https:\/\/www.facebook.com\/uartesec","https:\/\/x.com\/uartesec","https:\/\/www.tiktok.com\/@uartesec"]},{"@type":"Person","@id":"https:\/\/www.uartes.edu.ec\/sitio\/fr\/#\/schema\/person\/efa1b8275797664fd7f13a79ccc0b1f4","name":"ccortez","image":{"@type":"ImageObject","inLanguage":"fr-FR","@id":"https:\/\/secure.gravatar.com\/avatar\/b2a6f664a3ae8e074346ef91775736c5ec479e637ecced6842de9dc98b5da9cd?s=96&d=mm&r=g","url":"https:\/\/secure.gravatar.com\/avatar\/b2a6f664a3ae8e074346ef91775736c5ec479e637ecced6842de9dc98b5da9cd?s=96&d=mm&r=g","contentUrl":"https:\/\/secure.gravatar.com\/avatar\/b2a6f664a3ae8e074346ef91775736c5ec479e637ecced6842de9dc98b5da9cd?s=96&d=mm&r=g","caption":"ccortez"},"url":"https:\/\/www.uartes.edu.ec\/sitio\/fr\/blog\/author\/ccortez\/"}]}},"uagb_featured_image_src":{"full":["https:\/\/www.uartes.edu.ec\/sitio\/wp-content\/uploads\/2021\/10\/desde-mi-ventana-web.webp",2000,1333,false],"thumbnail":["https:\/\/www.uartes.edu.ec\/sitio\/wp-content\/uploads\/2021\/10\/desde-mi-ventana-web.webp",150,100,false],"medium":["https:\/\/www.uartes.edu.ec\/sitio\/wp-content\/uploads\/2021\/10\/desde-mi-ventana-web.webp",300,200,false],"medium_large":["https:\/\/www.uartes.edu.ec\/sitio\/wp-content\/uploads\/2021\/10\/desde-mi-ventana-web.webp",768,512,false],"large":["https:\/\/www.uartes.edu.ec\/sitio\/wp-content\/uploads\/2021\/10\/desde-mi-ventana-web.webp",644,429,false],"1536x1536":["https:\/\/www.uartes.edu.ec\/sitio\/wp-content\/uploads\/2021\/10\/desde-mi-ventana-web.webp",1536,1024,false],"2048x2048":["https:\/\/www.uartes.edu.ec\/sitio\/wp-content\/uploads\/2021\/10\/desde-mi-ventana-web.webp",2000,1333,false],"trp-custom-language-flag":["https:\/\/www.uartes.edu.ec\/sitio\/wp-content\/uploads\/2021\/10\/desde-mi-ventana-web.webp",18,12,false],"htmega_size_585x295":["https:\/\/www.uartes.edu.ec\/sitio\/wp-content\/uploads\/2021\/10\/desde-mi-ventana-web.webp",443,295,false],"htmega_size_1170x536":["https:\/\/www.uartes.edu.ec\/sitio\/wp-content\/uploads\/2021\/10\/desde-mi-ventana-web.webp",804,536,false],"htmega_size_396x360":["https:\/\/www.uartes.edu.ec\/sitio\/wp-content\/uploads\/2021\/10\/desde-mi-ventana-web.webp",396,264,false],"gb-block-post-grid-landscape":["https:\/\/www.uartes.edu.ec\/sitio\/wp-content\/uploads\/2021\/10\/desde-mi-ventana-web.webp",600,400,false],"gb-block-post-grid-square":["https:\/\/www.uartes.edu.ec\/sitio\/wp-content\/uploads\/2021\/10\/desde-mi-ventana-web.webp",600,400,false],"university-hub-thumb":["https:\/\/www.uartes.edu.ec\/sitio\/wp-content\/uploads\/2021\/10\/desde-mi-ventana-web.webp",400,267,false]},"uagb_author_info":{"display_name":"ccortez","author_link":"https:\/\/www.uartes.edu.ec\/sitio\/fr\/blog\/author\/ccortez\/"},"uagb_comment_info":0,"uagb_excerpt":"Veintitr\u00e9s universidades latinoamericanas est\u00e1n presentes en el Festival de Cortometrajes Premio Cinema Anima Latina, que se desarrolla en la ciudad italiana de Perugia y cuya gala de premiaci\u00f3n est\u00e1 programada para hoy, viernes 15 de octubre de 2021. El pa\u00eds est\u00e1 representado por estudiantes de varias instituciones de educaci\u00f3n superior. La Universidad de las Artes\u2026","featured_image_src":"https:\/\/www.uartes.edu.ec\/sitio\/wp-content\/uploads\/2021\/10\/desde-mi-ventana-web.webp","featured_image_src_square":"https:\/\/www.uartes.edu.ec\/sitio\/wp-content\/uploads\/2021\/10\/desde-mi-ventana-web.webp","author_info":{"display_name":"ccortez","author_link":"https:\/\/www.uartes.edu.ec\/sitio\/fr\/blog\/author\/ccortez\/"},"publishpress_future_workflow_manual_trigger":{"enabledWorkflows":[]},"distributor_meta":false,"distributor_terms":false,"distributor_media":false,"distributor_original_site_name":"Universidad de las Artes","distributor_original_site_url":"https:\/\/www.uartes.edu.ec\/sitio\/fr","push-errors":false,"_links":{"self":[{"href":"https:\/\/www.uartes.edu.ec\/sitio\/fr\/wp-json\/wp\/v2\/posts\/16289","targetHints":{"allow":["GET"]}}],"collection":[{"href":"https:\/\/www.uartes.edu.ec\/sitio\/fr\/wp-json\/wp\/v2\/posts"}],"about":[{"href":"https:\/\/www.uartes.edu.ec\/sitio\/fr\/wp-json\/wp\/v2\/types\/post"}],"author":[{"embeddable":true,"href":"https:\/\/www.uartes.edu.ec\/sitio\/fr\/wp-json\/wp\/v2\/users\/10"}],"replies":[{"embeddable":true,"href":"https:\/\/www.uartes.edu.ec\/sitio\/fr\/wp-json\/wp\/v2\/comments?post=16289"}],"version-history":[{"count":2,"href":"https:\/\/www.uartes.edu.ec\/sitio\/fr\/wp-json\/wp\/v2\/posts\/16289\/revisions"}],"predecessor-version":[{"id":16293,"href":"https:\/\/www.uartes.edu.ec\/sitio\/fr\/wp-json\/wp\/v2\/posts\/16289\/revisions\/16293"}],"wp:featuredmedia":[{"embeddable":true,"href":"https:\/\/www.uartes.edu.ec\/sitio\/fr\/wp-json\/wp\/v2\/media\/16290"}],"wp:attachment":[{"href":"https:\/\/www.uartes.edu.ec\/sitio\/fr\/wp-json\/wp\/v2\/media?parent=16289"}],"wp:term":[{"taxonomy":"category","embeddable":true,"href":"https:\/\/www.uartes.edu.ec\/sitio\/fr\/wp-json\/wp\/v2\/categories?post=16289"},{"taxonomy":"post_tag","embeddable":true,"href":"https:\/\/www.uartes.edu.ec\/sitio\/fr\/wp-json\/wp\/v2\/tags?post=16289"},{"taxonomy":"infouartes","embeddable":true,"href":"https:\/\/www.uartes.edu.ec\/sitio\/fr\/wp-json\/wp\/v2\/infouartes?post=16289"}],"curies":[{"name":"wp","href":"https:\/\/api.w.org\/{rel}","templated":true}]}}