{"id":16308,"date":"2021-10-18T13:00:00","date_gmt":"2021-10-18T18:00:00","guid":{"rendered":"http:\/\/www.uartes.edu.ec\/sitio\/?p=16308"},"modified":"2024-07-04T11:25:29","modified_gmt":"2024-07-04T16:25:29","slug":"jonathan-aguilar-invitado-a-conciertos-de-la-orquesta-sinfonica-de-loja-y-la-universidad-central-del-ecuador","status":"publish","type":"post","link":"https:\/\/www.uartes.edu.ec\/sitio\/fr\/blog\/2021\/10\/18\/jonathan-aguilar-invitado-a-conciertos-de-la-orquesta-sinfonica-de-loja-y-la-universidad-central-del-ecuador\/","title":{"rendered":"Jonathan Aguilar, invitado a conciertos de la Orquesta Sinf\u00f3nica de Loja y de la Universidad de Cuenca"},"content":{"rendered":"<p>La Orquesta Sinf\u00f3nica de Loja tiene programado, para este jueves 21 de octubre del 2021, su octavo concierto de temporada. Ser\u00e1, a las 20:00, en el Teatro Universitario Bol\u00edvar de Loja, bajo la batuta del maestro William Vergara. En esa presentaci\u00f3n, el instrumentista de guitarra Jonathan Aguilar, quien es estudiante de la Universidad de las Artes, tendr\u00e1 un papel protag\u00f3nico, puesto que intervendr\u00e1 como solista invitado.&nbsp;&nbsp;<\/p>\n\n\n\n<p>La invitaci\u00f3n se la extendi\u00f3 la licenciada y mag\u00edster Patricia Urgil\u00e9s, directora ejecutiva de la Orquesta Sinf\u00f3nica de Loja, quien mediante oficio destac\u00f3 su alta calidad musical y esp\u00edritu de colaboraci\u00f3n e indic\u00f3 que la participaci\u00f3n de Jonathan Aguilar se dar\u00eda en el marco del estreno del <em>Concierto Festivo para Guitarra y Orquesta de Cuerdas,<\/em> del compositor Ernesto Cordero.<\/p>\n\n\n\n<p>Jonathan Aguilar comenta que la propuesta nace desde lo acad\u00e9mico. Como alumno de Juan Isidro Mej\u00eda, docente de la Escuela de Artes Sonoras de la UArtes, curs\u00f3 las ocho materias de instrumento y el concierto marcaba el t\u00e9rmino de la etapa. Este implica muchas actitudes y aptitudes para poder tocar, un compendio de los conocimientos ya adquiridos para ser demostrados. Debido a la pandemia tuvo estudios en modalidad online y luego semipresenciales, los cuales le ayudaron a hacer correcciones. Hace el repaso, ya que en ese \u00ednterin se hicieron contactos y envi\u00f3 videos. El motivo principal era ganar experiencia y recopilar informaci\u00f3n de todo lo realizado; surgi\u00f3 la oportunidad por la amistad musical de su profesor y el director de la Orquesta Sinf\u00f3nica de Loja.<\/p>\n\n\n\n<p>Todo lo que vivir\u00e1 en el concierto donde ser\u00e1 solista invitado abonar\u00e1 a la experiencia. Todo, desde las horas de ensayo solo y con la orquesta. Conocimientos que le permitir\u00e1n continuar su formaci\u00f3n y mejorar su disciplina. Jonathan Aguilar cursa los \u00faltimos a\u00f1os de estudio y avizora, como un siguiente paso, compartir lo aprendido a todo nivel, acad\u00e9mico y personal.<\/p>\n\n\n\n<p>Adem\u00e1s de la invitaci\u00f3n para participar como solista en el concierto de la octava temporada de la Orquesta Sinf\u00f3nica de Loja, el estudiante UArtes recibi\u00f3 una segunda invitaci\u00f3n. Ser\u00e1 para tocar el 30 de este mes con la Orquesta de la Universidad de Cuenca.<\/p>\n\n\n\n<p>El docente Juan Isidro Mej\u00eda revela que hay una confirmaci\u00f3n verbal con su director. Destaca que, al igual que Jonathan Aguilar, hay otros estudiantes de la UArtes que han tenido presentaciones destacadas con sinf\u00f3nicas y ensambles, pero, en el caso de guitarras, cree que \u00e9l es el primero.<\/p>\n\n\n\n<p>Mej\u00eda se emociona con los pasos que van dando sus alumnos, quienes tienen interesantes proyectos por realizar. Adelanta, por ejemplo, que la composici\u00f3n para ensamble de guitarras de la estudiante Nuria Meza la tocar\u00e1 la agrupaci\u00f3n de la Universidad Central del Ecuador en Quito. No se\u00f1ala fechas, pero existe la confirmaci\u00f3n de que as\u00ed ser\u00e1.<\/p>\n\n\n\n<p>De Meza record\u00f3 que ella compuso una suite ecuatoriana para ensamble a cuatro guitarras, convirti\u00e9ndose en \u201cla primera mujer guayaquile\u00f1a que lo hace (en general, creo, es la primera mujer ecuatoriana). Esta obra, que la cre\u00f3 como su proyecto de titulaci\u00f3n, se estren\u00f3 el pasado 8 de octubre ante el p\u00fablico en el Museo de la M\u00fasica Popular Julio Jaramillo\u201d.<\/p>\n\n\n\n<p>La experiencia en el ensamble de guitarras la inspir\u00f3\/motiv\u00f3 y su relevancia radica en que no hay muchas obras de car\u00e1cter nacionalista en este formato en el pa\u00eds, acota Juan Isidro Mej\u00eda y a\u00f1ade: \u201cSe present\u00f3 en un concierto junto al ensamble de guitarras de Naldo Campos. Estoy esperando que la Direcci\u00f3n de Cultura del Municipio de Guayaquil libere los videos; en ese concierto tambi\u00e9n se present\u00f3 la Orquesta de Guitarras junto con Kristina Butler\u201d.<\/p>\n\n\n\n<p>La pandemia por COVID-19 imposibilit\u00f3 varios eventos en los que participaban otros estudiantes de la UArtes, anota el docente y comenta que alumnos como John Yanqui y Alba Layana (ya no est\u00e1 en la EAS) tambi\u00e9n tocaron con orquestas sinf\u00f3nicas.<\/p>","protected":false},"excerpt":{"rendered":"<p>La Orquesta Sinf\u00f3nica de Loja tiene programado, para este jueves 21 de octubre del 2021, su octavo concierto de temporada. Ser\u00e1, a las 20:00, en el Teatro Universitario Bol\u00edvar de Loja, bajo la batuta del maestro William Vergara. En esa presentaci\u00f3n, el instrumentista de guitarra Jonathan Aguilar, quien es estudiante de la Universidad de las Artes, tendr\u00e1 un papel protag\u00f3nico, puesto que intervendr\u00e1 como solista invitado.\u00a0\u00a0<\/p>","protected":false},"author":10,"featured_media":16309,"comment_status":"open","ping_status":"open","sticky":false,"template":"","format":"standard","meta":{"_acf_changed":false,"_uag_custom_page_level_css":"","_monsterinsights_skip_tracking":false,"_monsterinsights_sitenote_active":false,"_monsterinsights_sitenote_note":"","_monsterinsights_sitenote_category":0,"cybocfi_hide_featured_image":"","footnotes":""},"categories":[150,76],"tags":[520],"infouartes":[],"class_list":["post-16308","post","type-post","status-publish","format-standard","has-post-thumbnail","hentry","category-artes-sonoras","category-estudiantes","tag-concierto"],"acf":[],"yoast_head":"<!-- This site is optimized with the Yoast SEO plugin v27.4 - https:\/\/yoast.com\/product\/yoast-seo-wordpress\/ -->\n<title>Universidad de las Artes - Jonathan Aguilar, invitado a conciertos de la Orquesta Sinf\u00f3nica de Loja y de la Universidad de Cuenca<\/title>\n<meta name=\"description\" content=\"Universidad de las Artes - Jonathan Aguilar, invitado a conciertos de la Orquesta Sinf\u00f3nica de Loja y de la Universidad de Cuenca\" \/>\n<meta name=\"robots\" content=\"index, follow, max-snippet:-1, max-image-preview:large, max-video-preview:-1\" \/>\n<link rel=\"canonical\" href=\"https:\/\/www.uartes.edu.ec\/sitio\/fr\/blog\/2021\/10\/18\/jonathan-aguilar-invitado-a-conciertos-de-la-orquesta-sinfonica-de-loja-y-la-universidad-central-del-ecuador\/\" \/>\n<meta property=\"og:locale\" content=\"fr_FR\" \/>\n<meta property=\"og:type\" content=\"article\" \/>\n<meta property=\"og:title\" content=\"Universidad de las Artes - Jonathan Aguilar, invitado a conciertos de la Orquesta Sinf\u00f3nica de Loja y de la Universidad de Cuenca\" \/>\n<meta property=\"og:description\" content=\"Universidad de las Artes - Jonathan Aguilar, invitado a conciertos de la Orquesta Sinf\u00f3nica de Loja y de la Universidad de Cuenca\" \/>\n<meta property=\"og:url\" content=\"https:\/\/www.uartes.edu.ec\/sitio\/fr\/blog\/2021\/10\/18\/jonathan-aguilar-invitado-a-conciertos-de-la-orquesta-sinfonica-de-loja-y-la-universidad-central-del-ecuador\/\" \/>\n<meta property=\"og:site_name\" content=\"Universidad de las Artes\" \/>\n<meta property=\"article:publisher\" content=\"https:\/\/www.facebook.com\/uartesec\" \/>\n<meta property=\"article:published_time\" content=\"2021-10-18T18:00:00+00:00\" \/>\n<meta property=\"article:modified_time\" content=\"2024-07-04T16:25:29+00:00\" \/>\n<meta property=\"og:image\" content=\"https:\/\/www.uartes.edu.ec\/sitio\/wp-content\/uploads\/2021\/10\/jonathan-aguilar-web.jpg\" \/>\n\t<meta property=\"og:image:width\" content=\"2000\" \/>\n\t<meta property=\"og:image:height\" content=\"1333\" \/>\n\t<meta property=\"og:image:type\" content=\"image\/jpeg\" \/>\n<meta name=\"author\" content=\"ccortez\" \/>\n<meta name=\"twitter:card\" content=\"summary_large_image\" \/>\n<meta name=\"twitter:creator\" content=\"@uartesec\" \/>\n<meta name=\"twitter:site\" content=\"@uartesec\" \/>\n<meta name=\"twitter:label1\" content=\"\u00c9crit par\" \/>\n\t<meta name=\"twitter:data1\" content=\"ccortez\" \/>\n\t<meta name=\"twitter:label2\" content=\"Dur\u00e9e de lecture estim\u00e9e\" \/>\n\t<meta name=\"twitter:data2\" content=\"3 minutes\" \/>\n<script type=\"application\/ld+json\" class=\"yoast-schema-graph\">{\"@context\":\"https:\\\/\\\/schema.org\",\"@graph\":[{\"@type\":\"Article\",\"@id\":\"https:\\\/\\\/www.uartes.edu.ec\\\/sitio\\\/fr\\\/blog\\\/2021\\\/10\\\/18\\\/jonathan-aguilar-invitado-a-conciertos-de-la-orquesta-sinfonica-de-loja-y-la-universidad-central-del-ecuador\\\/#article\",\"isPartOf\":{\"@id\":\"https:\\\/\\\/www.uartes.edu.ec\\\/sitio\\\/fr\\\/blog\\\/2021\\\/10\\\/18\\\/jonathan-aguilar-invitado-a-conciertos-de-la-orquesta-sinfonica-de-loja-y-la-universidad-central-del-ecuador\\\/\"},\"author\":{\"name\":\"ccortez\",\"@id\":\"https:\\\/\\\/www.uartes.edu.ec\\\/sitio\\\/fr\\\/#\\\/schema\\\/person\\\/efa1b8275797664fd7f13a79ccc0b1f4\"},\"headline\":\"Jonathan Aguilar, invitado a conciertos de la Orquesta Sinf\u00f3nica de Loja y de la Universidad de Cuenca\",\"datePublished\":\"2021-10-18T18:00:00+00:00\",\"dateModified\":\"2024-07-04T16:25:29+00:00\",\"mainEntityOfPage\":{\"@id\":\"https:\\\/\\\/www.uartes.edu.ec\\\/sitio\\\/fr\\\/blog\\\/2021\\\/10\\\/18\\\/jonathan-aguilar-invitado-a-conciertos-de-la-orquesta-sinfonica-de-loja-y-la-universidad-central-del-ecuador\\\/\"},\"wordCount\":694,\"commentCount\":0,\"publisher\":{\"@id\":\"https:\\\/\\\/www.uartes.edu.ec\\\/sitio\\\/fr\\\/#organization\"},\"image\":{\"@id\":\"https:\\\/\\\/www.uartes.edu.ec\\\/sitio\\\/fr\\\/blog\\\/2021\\\/10\\\/18\\\/jonathan-aguilar-invitado-a-conciertos-de-la-orquesta-sinfonica-de-loja-y-la-universidad-central-del-ecuador\\\/#primaryimage\"},\"thumbnailUrl\":\"https:\\\/\\\/www.uartes.edu.ec\\\/sitio\\\/wp-content\\\/uploads\\\/2021\\\/10\\\/jonathan-aguilar-web.jpg\",\"keywords\":[\"concierto\"],\"articleSection\":[\"Artes Sonoras\",\"Estudiantes\"],\"inLanguage\":\"fr-FR\",\"potentialAction\":[{\"@type\":\"CommentAction\",\"name\":\"Comment\",\"target\":[\"https:\\\/\\\/www.uartes.edu.ec\\\/sitio\\\/fr\\\/blog\\\/2021\\\/10\\\/18\\\/jonathan-aguilar-invitado-a-conciertos-de-la-orquesta-sinfonica-de-loja-y-la-universidad-central-del-ecuador\\\/#respond\"]}]},{\"@type\":[\"WebPage\",\"ItemPage\"],\"@id\":\"https:\\\/\\\/www.uartes.edu.ec\\\/sitio\\\/fr\\\/blog\\\/2021\\\/10\\\/18\\\/jonathan-aguilar-invitado-a-conciertos-de-la-orquesta-sinfonica-de-loja-y-la-universidad-central-del-ecuador\\\/\",\"url\":\"https:\\\/\\\/www.uartes.edu.ec\\\/sitio\\\/fr\\\/blog\\\/2021\\\/10\\\/18\\\/jonathan-aguilar-invitado-a-conciertos-de-la-orquesta-sinfonica-de-loja-y-la-universidad-central-del-ecuador\\\/\",\"name\":\"Universidad de las Artes - Jonathan Aguilar, invitado a conciertos de la Orquesta Sinf\u00f3nica de Loja y de la Universidad de Cuenca\",\"isPartOf\":{\"@id\":\"https:\\\/\\\/www.uartes.edu.ec\\\/sitio\\\/fr\\\/#website\"},\"primaryImageOfPage\":{\"@id\":\"https:\\\/\\\/www.uartes.edu.ec\\\/sitio\\\/fr\\\/blog\\\/2021\\\/10\\\/18\\\/jonathan-aguilar-invitado-a-conciertos-de-la-orquesta-sinfonica-de-loja-y-la-universidad-central-del-ecuador\\\/#primaryimage\"},\"image\":{\"@id\":\"https:\\\/\\\/www.uartes.edu.ec\\\/sitio\\\/fr\\\/blog\\\/2021\\\/10\\\/18\\\/jonathan-aguilar-invitado-a-conciertos-de-la-orquesta-sinfonica-de-loja-y-la-universidad-central-del-ecuador\\\/#primaryimage\"},\"thumbnailUrl\":\"https:\\\/\\\/www.uartes.edu.ec\\\/sitio\\\/wp-content\\\/uploads\\\/2021\\\/10\\\/jonathan-aguilar-web.jpg\",\"datePublished\":\"2021-10-18T18:00:00+00:00\",\"dateModified\":\"2024-07-04T16:25:29+00:00\",\"description\":\"Universidad de las Artes - Jonathan Aguilar, invitado a conciertos de la Orquesta Sinf\u00f3nica de Loja y de la Universidad de Cuenca\",\"breadcrumb\":{\"@id\":\"https:\\\/\\\/www.uartes.edu.ec\\\/sitio\\\/fr\\\/blog\\\/2021\\\/10\\\/18\\\/jonathan-aguilar-invitado-a-conciertos-de-la-orquesta-sinfonica-de-loja-y-la-universidad-central-del-ecuador\\\/#breadcrumb\"},\"inLanguage\":\"fr-FR\",\"potentialAction\":[{\"@type\":\"ReadAction\",\"target\":[\"https:\\\/\\\/www.uartes.edu.ec\\\/sitio\\\/fr\\\/blog\\\/2021\\\/10\\\/18\\\/jonathan-aguilar-invitado-a-conciertos-de-la-orquesta-sinfonica-de-loja-y-la-universidad-central-del-ecuador\\\/\"]}]},{\"@type\":\"ImageObject\",\"inLanguage\":\"fr-FR\",\"@id\":\"https:\\\/\\\/www.uartes.edu.ec\\\/sitio\\\/fr\\\/blog\\\/2021\\\/10\\\/18\\\/jonathan-aguilar-invitado-a-conciertos-de-la-orquesta-sinfonica-de-loja-y-la-universidad-central-del-ecuador\\\/#primaryimage\",\"url\":\"https:\\\/\\\/www.uartes.edu.ec\\\/sitio\\\/wp-content\\\/uploads\\\/2021\\\/10\\\/jonathan-aguilar-web.jpg\",\"contentUrl\":\"https:\\\/\\\/www.uartes.edu.ec\\\/sitio\\\/wp-content\\\/uploads\\\/2021\\\/10\\\/jonathan-aguilar-web.jpg\",\"width\":2000,\"height\":1333},{\"@type\":\"BreadcrumbList\",\"@id\":\"https:\\\/\\\/www.uartes.edu.ec\\\/sitio\\\/fr\\\/blog\\\/2021\\\/10\\\/18\\\/jonathan-aguilar-invitado-a-conciertos-de-la-orquesta-sinfonica-de-loja-y-la-universidad-central-del-ecuador\\\/#breadcrumb\",\"itemListElement\":[{\"@type\":\"ListItem\",\"position\":1,\"name\":\"Inicio\",\"item\":\"https:\\\/\\\/www.uartes.edu.ec\\\/sitio\\\/\"},{\"@type\":\"ListItem\",\"position\":2,\"name\":\"Jonathan Aguilar, invitado a conciertos de la Orquesta Sinf\u00f3nica de Loja y de la Universidad de Cuenca\"}]},{\"@type\":\"WebSite\",\"@id\":\"https:\\\/\\\/www.uartes.edu.ec\\\/sitio\\\/fr\\\/#website\",\"url\":\"https:\\\/\\\/www.uartes.edu.ec\\\/sitio\\\/fr\\\/\",\"name\":\"Universidad de las Artes\",\"description\":\"Sitio oficial de la Universidad Nacional de las Artes del Ecuador\",\"publisher\":{\"@id\":\"https:\\\/\\\/www.uartes.edu.ec\\\/sitio\\\/fr\\\/#organization\"},\"potentialAction\":[{\"@type\":\"SearchAction\",\"target\":{\"@type\":\"EntryPoint\",\"urlTemplate\":\"https:\\\/\\\/www.uartes.edu.ec\\\/sitio\\\/fr\\\/?s={search_term_string}\"},\"query-input\":{\"@type\":\"PropertyValueSpecification\",\"valueRequired\":true,\"valueName\":\"search_term_string\"}}],\"inLanguage\":\"fr-FR\"},{\"@type\":\"Organization\",\"@id\":\"https:\\\/\\\/www.uartes.edu.ec\\\/sitio\\\/fr\\\/#organization\",\"name\":\"Universidad de las Artes\",\"url\":\"https:\\\/\\\/www.uartes.edu.ec\\\/sitio\\\/fr\\\/\",\"logo\":{\"@type\":\"ImageObject\",\"inLanguage\":\"fr-FR\",\"@id\":\"https:\\\/\\\/www.uartes.edu.ec\\\/sitio\\\/fr\\\/#\\\/schema\\\/logo\\\/image\\\/\",\"url\":\"https:\\\/\\\/www.uartes.edu.ec\\\/sitio\\\/wp-content\\\/uploads\\\/2022\\\/07\\\/logo-ua-horizontal.png\",\"contentUrl\":\"https:\\\/\\\/www.uartes.edu.ec\\\/sitio\\\/wp-content\\\/uploads\\\/2022\\\/07\\\/logo-ua-horizontal.png\",\"width\":800,\"height\":276,\"caption\":\"Universidad de las Artes\"},\"image\":{\"@id\":\"https:\\\/\\\/www.uartes.edu.ec\\\/sitio\\\/fr\\\/#\\\/schema\\\/logo\\\/image\\\/\"},\"sameAs\":[\"https:\\\/\\\/www.facebook.com\\\/uartesec\",\"https:\\\/\\\/x.com\\\/uartesec\",\"https:\\\/\\\/www.tiktok.com\\\/@uartesec\"]},{\"@type\":\"Person\",\"@id\":\"https:\\\/\\\/www.uartes.edu.ec\\\/sitio\\\/fr\\\/#\\\/schema\\\/person\\\/efa1b8275797664fd7f13a79ccc0b1f4\",\"name\":\"ccortez\",\"image\":{\"@type\":\"ImageObject\",\"inLanguage\":\"fr-FR\",\"@id\":\"https:\\\/\\\/secure.gravatar.com\\\/avatar\\\/b2a6f664a3ae8e074346ef91775736c5ec479e637ecced6842de9dc98b5da9cd?s=96&d=mm&r=g\",\"url\":\"https:\\\/\\\/secure.gravatar.com\\\/avatar\\\/b2a6f664a3ae8e074346ef91775736c5ec479e637ecced6842de9dc98b5da9cd?s=96&d=mm&r=g\",\"contentUrl\":\"https:\\\/\\\/secure.gravatar.com\\\/avatar\\\/b2a6f664a3ae8e074346ef91775736c5ec479e637ecced6842de9dc98b5da9cd?s=96&d=mm&r=g\",\"caption\":\"ccortez\"},\"url\":\"https:\\\/\\\/www.uartes.edu.ec\\\/sitio\\\/fr\\\/blog\\\/author\\\/ccortez\\\/\"}]}<\/script>\n<!-- \/ Yoast SEO plugin. -->","yoast_head_json":{"title":"Universidad de las Artes - Jonathan Aguilar, invitado a conciertos de la Orquesta Sinf\u00f3nica de Loja y de la Universidad de Cuenca","description":"Universidad de las Artes - Jonathan Aguilar, invitado a conciertos de la Orquesta Sinf\u00f3nica de Loja y de la Universidad de Cuenca","robots":{"index":"index","follow":"follow","max-snippet":"max-snippet:-1","max-image-preview":"max-image-preview:large","max-video-preview":"max-video-preview:-1"},"canonical":"https:\/\/www.uartes.edu.ec\/sitio\/fr\/blog\/2021\/10\/18\/jonathan-aguilar-invitado-a-conciertos-de-la-orquesta-sinfonica-de-loja-y-la-universidad-central-del-ecuador\/","og_locale":"fr_FR","og_type":"article","og_title":"Universidad de las Artes - Jonathan Aguilar, invitado a conciertos de la Orquesta Sinf\u00f3nica de Loja y de la Universidad de Cuenca","og_description":"Universidad de las Artes - Jonathan Aguilar, invitado a conciertos de la Orquesta Sinf\u00f3nica de Loja y de la Universidad de Cuenca","og_url":"https:\/\/www.uartes.edu.ec\/sitio\/fr\/blog\/2021\/10\/18\/jonathan-aguilar-invitado-a-conciertos-de-la-orquesta-sinfonica-de-loja-y-la-universidad-central-del-ecuador\/","og_site_name":"Universidad de las Artes","article_publisher":"https:\/\/www.facebook.com\/uartesec","article_published_time":"2021-10-18T18:00:00+00:00","article_modified_time":"2024-07-04T16:25:29+00:00","og_image":[{"width":2000,"height":1333,"url":"https:\/\/www.uartes.edu.ec\/sitio\/wp-content\/uploads\/2021\/10\/jonathan-aguilar-web.jpg","type":"image\/jpeg"}],"author":"ccortez","twitter_card":"summary_large_image","twitter_creator":"@uartesec","twitter_site":"@uartesec","twitter_misc":{"\u00c9crit par":"ccortez","Dur\u00e9e de lecture estim\u00e9e":"3 minutes"},"schema":{"@context":"https:\/\/schema.org","@graph":[{"@type":"Article","@id":"https:\/\/www.uartes.edu.ec\/sitio\/fr\/blog\/2021\/10\/18\/jonathan-aguilar-invitado-a-conciertos-de-la-orquesta-sinfonica-de-loja-y-la-universidad-central-del-ecuador\/#article","isPartOf":{"@id":"https:\/\/www.uartes.edu.ec\/sitio\/fr\/blog\/2021\/10\/18\/jonathan-aguilar-invitado-a-conciertos-de-la-orquesta-sinfonica-de-loja-y-la-universidad-central-del-ecuador\/"},"author":{"name":"ccortez","@id":"https:\/\/www.uartes.edu.ec\/sitio\/fr\/#\/schema\/person\/efa1b8275797664fd7f13a79ccc0b1f4"},"headline":"Jonathan Aguilar, invitado a conciertos de la Orquesta Sinf\u00f3nica de Loja y de la Universidad de Cuenca","datePublished":"2021-10-18T18:00:00+00:00","dateModified":"2024-07-04T16:25:29+00:00","mainEntityOfPage":{"@id":"https:\/\/www.uartes.edu.ec\/sitio\/fr\/blog\/2021\/10\/18\/jonathan-aguilar-invitado-a-conciertos-de-la-orquesta-sinfonica-de-loja-y-la-universidad-central-del-ecuador\/"},"wordCount":694,"commentCount":0,"publisher":{"@id":"https:\/\/www.uartes.edu.ec\/sitio\/fr\/#organization"},"image":{"@id":"https:\/\/www.uartes.edu.ec\/sitio\/fr\/blog\/2021\/10\/18\/jonathan-aguilar-invitado-a-conciertos-de-la-orquesta-sinfonica-de-loja-y-la-universidad-central-del-ecuador\/#primaryimage"},"thumbnailUrl":"https:\/\/www.uartes.edu.ec\/sitio\/wp-content\/uploads\/2021\/10\/jonathan-aguilar-web.jpg","keywords":["concierto"],"articleSection":["Artes Sonoras","Estudiantes"],"inLanguage":"fr-FR","potentialAction":[{"@type":"CommentAction","name":"Comment","target":["https:\/\/www.uartes.edu.ec\/sitio\/fr\/blog\/2021\/10\/18\/jonathan-aguilar-invitado-a-conciertos-de-la-orquesta-sinfonica-de-loja-y-la-universidad-central-del-ecuador\/#respond"]}]},{"@type":["WebPage","ItemPage"],"@id":"https:\/\/www.uartes.edu.ec\/sitio\/fr\/blog\/2021\/10\/18\/jonathan-aguilar-invitado-a-conciertos-de-la-orquesta-sinfonica-de-loja-y-la-universidad-central-del-ecuador\/","url":"https:\/\/www.uartes.edu.ec\/sitio\/fr\/blog\/2021\/10\/18\/jonathan-aguilar-invitado-a-conciertos-de-la-orquesta-sinfonica-de-loja-y-la-universidad-central-del-ecuador\/","name":"Universidad de las Artes - Jonathan Aguilar, invitado a conciertos de la Orquesta Sinf\u00f3nica de Loja y de la Universidad de Cuenca","isPartOf":{"@id":"https:\/\/www.uartes.edu.ec\/sitio\/fr\/#website"},"primaryImageOfPage":{"@id":"https:\/\/www.uartes.edu.ec\/sitio\/fr\/blog\/2021\/10\/18\/jonathan-aguilar-invitado-a-conciertos-de-la-orquesta-sinfonica-de-loja-y-la-universidad-central-del-ecuador\/#primaryimage"},"image":{"@id":"https:\/\/www.uartes.edu.ec\/sitio\/fr\/blog\/2021\/10\/18\/jonathan-aguilar-invitado-a-conciertos-de-la-orquesta-sinfonica-de-loja-y-la-universidad-central-del-ecuador\/#primaryimage"},"thumbnailUrl":"https:\/\/www.uartes.edu.ec\/sitio\/wp-content\/uploads\/2021\/10\/jonathan-aguilar-web.jpg","datePublished":"2021-10-18T18:00:00+00:00","dateModified":"2024-07-04T16:25:29+00:00","description":"Universidad de las Artes - Jonathan Aguilar, invitado a conciertos de la Orquesta Sinf\u00f3nica de Loja y de la Universidad de Cuenca","breadcrumb":{"@id":"https:\/\/www.uartes.edu.ec\/sitio\/fr\/blog\/2021\/10\/18\/jonathan-aguilar-invitado-a-conciertos-de-la-orquesta-sinfonica-de-loja-y-la-universidad-central-del-ecuador\/#breadcrumb"},"inLanguage":"fr-FR","potentialAction":[{"@type":"ReadAction","target":["https:\/\/www.uartes.edu.ec\/sitio\/fr\/blog\/2021\/10\/18\/jonathan-aguilar-invitado-a-conciertos-de-la-orquesta-sinfonica-de-loja-y-la-universidad-central-del-ecuador\/"]}]},{"@type":"ImageObject","inLanguage":"fr-FR","@id":"https:\/\/www.uartes.edu.ec\/sitio\/fr\/blog\/2021\/10\/18\/jonathan-aguilar-invitado-a-conciertos-de-la-orquesta-sinfonica-de-loja-y-la-universidad-central-del-ecuador\/#primaryimage","url":"https:\/\/www.uartes.edu.ec\/sitio\/wp-content\/uploads\/2021\/10\/jonathan-aguilar-web.jpg","contentUrl":"https:\/\/www.uartes.edu.ec\/sitio\/wp-content\/uploads\/2021\/10\/jonathan-aguilar-web.jpg","width":2000,"height":1333},{"@type":"BreadcrumbList","@id":"https:\/\/www.uartes.edu.ec\/sitio\/fr\/blog\/2021\/10\/18\/jonathan-aguilar-invitado-a-conciertos-de-la-orquesta-sinfonica-de-loja-y-la-universidad-central-del-ecuador\/#breadcrumb","itemListElement":[{"@type":"ListItem","position":1,"name":"Inicio","item":"https:\/\/www.uartes.edu.ec\/sitio\/"},{"@type":"ListItem","position":2,"name":"Jonathan Aguilar, invitado a conciertos de la Orquesta Sinf\u00f3nica de Loja y de la Universidad de Cuenca"}]},{"@type":"WebSite","@id":"https:\/\/www.uartes.edu.ec\/sitio\/fr\/#website","url":"https:\/\/www.uartes.edu.ec\/sitio\/fr\/","name":"Universidad de las Artes","description":"Sitio oficial de la Universidad Nacional de las Artes del Ecuador","publisher":{"@id":"https:\/\/www.uartes.edu.ec\/sitio\/fr\/#organization"},"potentialAction":[{"@type":"SearchAction","target":{"@type":"EntryPoint","urlTemplate":"https:\/\/www.uartes.edu.ec\/sitio\/fr\/?s={search_term_string}"},"query-input":{"@type":"PropertyValueSpecification","valueRequired":true,"valueName":"search_term_string"}}],"inLanguage":"fr-FR"},{"@type":"Organization","@id":"https:\/\/www.uartes.edu.ec\/sitio\/fr\/#organization","name":"Universidad de las Artes","url":"https:\/\/www.uartes.edu.ec\/sitio\/fr\/","logo":{"@type":"ImageObject","inLanguage":"fr-FR","@id":"https:\/\/www.uartes.edu.ec\/sitio\/fr\/#\/schema\/logo\/image\/","url":"https:\/\/www.uartes.edu.ec\/sitio\/wp-content\/uploads\/2022\/07\/logo-ua-horizontal.png","contentUrl":"https:\/\/www.uartes.edu.ec\/sitio\/wp-content\/uploads\/2022\/07\/logo-ua-horizontal.png","width":800,"height":276,"caption":"Universidad de las Artes"},"image":{"@id":"https:\/\/www.uartes.edu.ec\/sitio\/fr\/#\/schema\/logo\/image\/"},"sameAs":["https:\/\/www.facebook.com\/uartesec","https:\/\/x.com\/uartesec","https:\/\/www.tiktok.com\/@uartesec"]},{"@type":"Person","@id":"https:\/\/www.uartes.edu.ec\/sitio\/fr\/#\/schema\/person\/efa1b8275797664fd7f13a79ccc0b1f4","name":"ccortez","image":{"@type":"ImageObject","inLanguage":"fr-FR","@id":"https:\/\/secure.gravatar.com\/avatar\/b2a6f664a3ae8e074346ef91775736c5ec479e637ecced6842de9dc98b5da9cd?s=96&d=mm&r=g","url":"https:\/\/secure.gravatar.com\/avatar\/b2a6f664a3ae8e074346ef91775736c5ec479e637ecced6842de9dc98b5da9cd?s=96&d=mm&r=g","contentUrl":"https:\/\/secure.gravatar.com\/avatar\/b2a6f664a3ae8e074346ef91775736c5ec479e637ecced6842de9dc98b5da9cd?s=96&d=mm&r=g","caption":"ccortez"},"url":"https:\/\/www.uartes.edu.ec\/sitio\/fr\/blog\/author\/ccortez\/"}]}},"uagb_featured_image_src":{"full":["https:\/\/www.uartes.edu.ec\/sitio\/wp-content\/uploads\/2021\/10\/jonathan-aguilar-web.jpg",2000,1333,false],"thumbnail":["https:\/\/www.uartes.edu.ec\/sitio\/wp-content\/uploads\/2021\/10\/jonathan-aguilar-web-150x150.jpg",150,150,true],"medium":["https:\/\/www.uartes.edu.ec\/sitio\/wp-content\/uploads\/2021\/10\/jonathan-aguilar-web-300x200.jpg",300,200,true],"medium_large":["https:\/\/www.uartes.edu.ec\/sitio\/wp-content\/uploads\/2021\/10\/jonathan-aguilar-web-768x512.jpg",768,512,true],"large":["https:\/\/www.uartes.edu.ec\/sitio\/wp-content\/uploads\/2021\/10\/jonathan-aguilar-web-644x429.jpg",644,429,true],"1536x1536":["https:\/\/www.uartes.edu.ec\/sitio\/wp-content\/uploads\/2021\/10\/jonathan-aguilar-web-1536x1024.jpg",1536,1024,true],"2048x2048":["https:\/\/www.uartes.edu.ec\/sitio\/wp-content\/uploads\/2021\/10\/jonathan-aguilar-web.jpg",2000,1333,false],"trp-custom-language-flag":["https:\/\/www.uartes.edu.ec\/sitio\/wp-content\/uploads\/2021\/10\/jonathan-aguilar-web.jpg",18,12,false],"htmega_size_585x295":["https:\/\/www.uartes.edu.ec\/sitio\/wp-content\/uploads\/2021\/10\/jonathan-aguilar-web-585x295.jpg",585,295,true],"htmega_size_1170x536":["https:\/\/www.uartes.edu.ec\/sitio\/wp-content\/uploads\/2021\/10\/jonathan-aguilar-web-1170x536.jpg",1170,536,true],"htmega_size_396x360":["https:\/\/www.uartes.edu.ec\/sitio\/wp-content\/uploads\/2021\/10\/jonathan-aguilar-web-396x360.jpg",396,360,true],"gb-block-post-grid-landscape":["https:\/\/www.uartes.edu.ec\/sitio\/wp-content\/uploads\/2021\/10\/jonathan-aguilar-web.jpg",600,400,false],"gb-block-post-grid-square":["https:\/\/www.uartes.edu.ec\/sitio\/wp-content\/uploads\/2021\/10\/jonathan-aguilar-web.jpg",600,400,false],"university-hub-thumb":["https:\/\/www.uartes.edu.ec\/sitio\/wp-content\/uploads\/2021\/10\/jonathan-aguilar-web-400x267.jpg",400,267,true],"mailpoet_newsletter_max":["https:\/\/www.uartes.edu.ec\/sitio\/wp-content\/uploads\/2021\/10\/jonathan-aguilar-web.jpg",1320,880,false]},"uagb_author_info":{"display_name":"ccortez","author_link":"https:\/\/www.uartes.edu.ec\/sitio\/fr\/blog\/author\/ccortez\/"},"uagb_comment_info":0,"uagb_excerpt":"La Orquesta Sinf\u00f3nica de Loja tiene programado, para este jueves 21 de octubre del 2021, su octavo concierto de temporada. Ser\u00e1, a las 20:00, en el Teatro Universitario Bol\u00edvar de Loja, bajo la batuta del maestro William Vergara. En esa presentaci\u00f3n, el instrumentista de guitarra Jonathan Aguilar, quien es estudiante de la Universidad de las\u2026","featured_image_src":"https:\/\/www.uartes.edu.ec\/sitio\/wp-content\/uploads\/2021\/10\/jonathan-aguilar-web.jpg","featured_image_src_square":"https:\/\/www.uartes.edu.ec\/sitio\/wp-content\/uploads\/2021\/10\/jonathan-aguilar-web.jpg","author_info":{"display_name":"ccortez","author_link":"https:\/\/www.uartes.edu.ec\/sitio\/fr\/blog\/author\/ccortez\/"},"publishpress_future_workflow_manual_trigger":{"enabledWorkflows":[]},"distributor_meta":false,"distributor_terms":false,"distributor_media":false,"distributor_original_site_name":"Universidad de las Artes","distributor_original_site_url":"https:\/\/www.uartes.edu.ec\/sitio\/fr","push-errors":false,"_links":{"self":[{"href":"https:\/\/www.uartes.edu.ec\/sitio\/fr\/wp-json\/wp\/v2\/posts\/16308","targetHints":{"allow":["GET"]}}],"collection":[{"href":"https:\/\/www.uartes.edu.ec\/sitio\/fr\/wp-json\/wp\/v2\/posts"}],"about":[{"href":"https:\/\/www.uartes.edu.ec\/sitio\/fr\/wp-json\/wp\/v2\/types\/post"}],"author":[{"embeddable":true,"href":"https:\/\/www.uartes.edu.ec\/sitio\/fr\/wp-json\/wp\/v2\/users\/10"}],"replies":[{"embeddable":true,"href":"https:\/\/www.uartes.edu.ec\/sitio\/fr\/wp-json\/wp\/v2\/comments?post=16308"}],"version-history":[{"count":2,"href":"https:\/\/www.uartes.edu.ec\/sitio\/fr\/wp-json\/wp\/v2\/posts\/16308\/revisions"}],"predecessor-version":[{"id":16316,"href":"https:\/\/www.uartes.edu.ec\/sitio\/fr\/wp-json\/wp\/v2\/posts\/16308\/revisions\/16316"}],"wp:featuredmedia":[{"embeddable":true,"href":"https:\/\/www.uartes.edu.ec\/sitio\/fr\/wp-json\/wp\/v2\/media\/16309"}],"wp:attachment":[{"href":"https:\/\/www.uartes.edu.ec\/sitio\/fr\/wp-json\/wp\/v2\/media?parent=16308"}],"wp:term":[{"taxonomy":"category","embeddable":true,"href":"https:\/\/www.uartes.edu.ec\/sitio\/fr\/wp-json\/wp\/v2\/categories?post=16308"},{"taxonomy":"post_tag","embeddable":true,"href":"https:\/\/www.uartes.edu.ec\/sitio\/fr\/wp-json\/wp\/v2\/tags?post=16308"},{"taxonomy":"infouartes","embeddable":true,"href":"https:\/\/www.uartes.edu.ec\/sitio\/fr\/wp-json\/wp\/v2\/infouartes?post=16308"}],"curies":[{"name":"wp","href":"https:\/\/api.w.org\/{rel}","templated":true}]}}