{"id":1632,"date":"2018-06-15T16:20:26","date_gmt":"2018-06-15T21:20:26","guid":{"rendered":"http:\/\/www.uartes.edu.ec\/infouartes\/?p=1632"},"modified":"2024-07-04T11:53:48","modified_gmt":"2024-07-04T16:53:48","slug":"la-investigacion-en-artes-reune-a-artistas-y-academicos-en-guayaquil","status":"publish","type":"post","link":"https:\/\/www.uartes.edu.ec\/sitio\/fr\/blog\/2018\/06\/15\/la-investigacion-en-artes-reune-a-artistas-y-academicos-en-guayaquil\/","title":{"rendered":"La investigaci\u00f3n en artes re\u00fane a artistas y acad\u00e9micos en Guayaquil"},"content":{"rendered":"<p>Artes y ciencias; memoria y archivo; y los nuevos devenires tecnol\u00f3gicos en artes son los ejes que marcar\u00e1n las jornadas acad\u00e9micas y art\u00edsticas del III <strong>Encuentro Internacional de Investigaci\u00f3n en Artes <\/strong>que organiza la Universidad de las Artes del Ecuador, a trav\u00e9s de su Instituto Latinoamericano de Investigaci\u00f3n en Artes (ILIA), entre el 19 y 21 de junio de 2018, en Guayaquil.<\/p>\n<p>En esta tercera edici\u00f3n del Encuentro destacan, la participaci\u00f3n de Juan Martin Prada con una ponencia que aborda las transformaciones que el Internet y la expansi\u00f3n de las nuevas tecnolog\u00edas han provocado en el desarrollo de nuevas pr\u00e1cticas art\u00edsticas. Ketty Wong, music\u00f3loga, participa con una conferencia que examina la vida, obra y pensamiento musical del compositor ecuatoriano Luis Humberto Salgado. Sebasti\u00e1n Cordero, Victor Gaviria y Diana Medina dialogar\u00e1n sobre las relaciones interart\u00edsticas entre la literatura y el cine.<\/p>\n<p>Las jornadas recogen tambi\u00e9n las experiencias de estudiantes de algunas Universidades del pa\u00eds. En este contexto, los alumnos de VII semestre de la carrera de Cine de la UArtes realizar\u00e1n la presentaci\u00f3n oficial de seis cortometrajes de ficci\u00f3n y documental. Las pel\u00edculas son el resultado de un trabajo colectivo de producci\u00f3n de cortometrajes en guion, preproducci\u00f3n, rodaje y posproducci\u00f3n. Por otro lado, alumnos de la\u00a0Universidad de Cuenca, de la\u00a0Universidad Central del Ecuador y de la UArtes participaran en un di\u00e1logo en el que reflexionar\u00e1n en torno a las propuestas, resultados y problem\u00e1ticas pedag\u00f3gico-creativas de la educaci\u00f3n superior, desde una perspectiva estudiantil.<\/p>\n<p>La agenda, que incluye mesas de debates, conferencias, charlas, di\u00e1logos, est\u00e1 constituida tambi\u00e9n por propuestas art\u00edsticas que suceder\u00e1n a lo largo del Encuentro. Se proyectar\u00e1 el documental Persistencia 45\u00b4de Fernando Mieles; la primera marimba de chonta construida en la UArtes se presentar\u00e1 con un concierto; Adina Izarra realizar\u00e1 un concierto de improvisaci\u00f3n en c\u00f3digo que genera sonidos entre el medio t\u00e9cnico y el cuerpo; el Encuentro lo cierra la Orquesta de Salsa de la Universidad de las Artes con un concierto, el jueves 21 a las 9 de la noche.<\/p>\n<p>El Encuentro Internacional de Investigaci\u00f3n es un espacio que pretende incidir en las pol\u00edticas p\u00fablicas de investigaci\u00f3n, en la transformaci\u00f3n de la educaci\u00f3n a nivel nacional vinculando los procesos creativos como procesos de investigaci\u00f3n y formas de generar nuevos conocimientos, esto a prop\u00f3sito de las recientes reformas a la LOES que reconocen a la cultura y las artes como productoras de conocimientos y constructoras de nuevas memorias.<\/p>\n<p>Las actividades se desarrollar\u00e1n en el Auditorio del MAAC, a Av. Malec\u00f3n y Loja. Los asistentes podr\u00e1n obtener un certificado de asistencia participando en al menos el 70% de las actividades de la agenda acad\u00e9mica, para lo cual deber\u00e1n inscribirse en el <a href=\"http:\/\/www.uartes.edu.ec\/encuentroilia\">siguiente enlace<\/a>.<\/p>","protected":false},"excerpt":{"rendered":"<p>Artes y ciencias; memoria y archivo; y los nuevos devenires tecnol\u00f3gicos en artes son los ejes que marcar\u00e1n las jornadas acad\u00e9micas y art\u00edsticas del III Encuentro Internacional de Investigaci\u00f3n en Artes que organiza la Universidad de las Artes del Ecuador, a trav\u00e9s de su Instituto Latinoamericano de Investigaci\u00f3n en Artes (ILIA), entre el 19 y [&hellip;]<\/p>\n","protected":false},"author":1,"featured_media":1633,"comment_status":"closed","ping_status":"closed","sticky":false,"template":"","format":"standard","meta":{"_acf_changed":false,"_uag_custom_page_level_css":"","_monsterinsights_skip_tracking":false,"_monsterinsights_sitenote_active":false,"_monsterinsights_sitenote_note":"","_monsterinsights_sitenote_category":0,"cybocfi_hide_featured_image":"","footnotes":""},"categories":[82],"tags":[37],"infouartes":[],"class_list":["post-1632","post","type-post","status-publish","format-standard","has-post-thumbnail","hentry","category-artes","tag-ilia"],"acf":[],"yoast_head":"<!-- This site is optimized with the Yoast SEO plugin v27.4 - https:\/\/yoast.com\/product\/yoast-seo-wordpress\/ -->\n<title>Universidad de las Artes - La investigaci\u00f3n en artes re\u00fane a artistas y acad\u00e9micos en Guayaquil<\/title>\n<meta name=\"description\" content=\"Universidad de las Artes - La investigaci\u00f3n en artes re\u00fane a artistas y acad\u00e9micos en Guayaquil\" \/>\n<meta name=\"robots\" content=\"index, follow, max-snippet:-1, max-image-preview:large, max-video-preview:-1\" \/>\n<link rel=\"canonical\" href=\"https:\/\/www.uartes.edu.ec\/sitio\/fr\/blog\/2018\/06\/15\/la-investigacion-en-artes-reune-a-artistas-y-academicos-en-guayaquil\/\" \/>\n<meta property=\"og:locale\" content=\"fr_FR\" \/>\n<meta property=\"og:type\" content=\"article\" \/>\n<meta property=\"og:title\" content=\"Universidad de las Artes - La investigaci\u00f3n en artes re\u00fane a artistas y acad\u00e9micos en Guayaquil\" \/>\n<meta property=\"og:description\" content=\"Universidad de las Artes - La investigaci\u00f3n en artes re\u00fane a artistas y acad\u00e9micos en Guayaquil\" \/>\n<meta property=\"og:url\" content=\"https:\/\/www.uartes.edu.ec\/sitio\/fr\/blog\/2018\/06\/15\/la-investigacion-en-artes-reune-a-artistas-y-academicos-en-guayaquil\/\" \/>\n<meta property=\"og:site_name\" content=\"Universidad de las Artes\" \/>\n<meta property=\"article:publisher\" content=\"https:\/\/www.facebook.com\/uartesec\" \/>\n<meta property=\"article:published_time\" content=\"2018-06-15T21:20:26+00:00\" \/>\n<meta property=\"article:modified_time\" content=\"2024-07-04T16:53:48+00:00\" \/>\n<meta name=\"author\" content=\"Universidad de las Artes\" \/>\n<meta name=\"twitter:card\" content=\"summary_large_image\" \/>\n<meta name=\"twitter:creator\" content=\"@uartesec\" \/>\n<meta name=\"twitter:site\" content=\"@uartesec\" \/>\n<meta name=\"twitter:label1\" content=\"\u00c9crit par\" \/>\n\t<meta name=\"twitter:data1\" content=\"Universidad de las Artes\" \/>\n\t<meta name=\"twitter:label2\" content=\"Dur\u00e9e de lecture estim\u00e9e\" \/>\n\t<meta name=\"twitter:data2\" content=\"2 minutes\" \/>\n<script type=\"application\/ld+json\" class=\"yoast-schema-graph\">{\"@context\":\"https:\\\/\\\/schema.org\",\"@graph\":[{\"@type\":\"Article\",\"@id\":\"https:\\\/\\\/www.uartes.edu.ec\\\/sitio\\\/fr\\\/blog\\\/2018\\\/06\\\/15\\\/la-investigacion-en-artes-reune-a-artistas-y-academicos-en-guayaquil\\\/#article\",\"isPartOf\":{\"@id\":\"https:\\\/\\\/www.uartes.edu.ec\\\/sitio\\\/fr\\\/blog\\\/2018\\\/06\\\/15\\\/la-investigacion-en-artes-reune-a-artistas-y-academicos-en-guayaquil\\\/\"},\"author\":{\"name\":\"Universidad de las Artes\",\"@id\":\"https:\\\/\\\/www.uartes.edu.ec\\\/sitio\\\/fr\\\/#\\\/schema\\\/person\\\/f33f8c1d2af0d5c80a38c8abf458184a\"},\"headline\":\"La investigaci\u00f3n en artes re\u00fane a artistas y acad\u00e9micos en Guayaquil\",\"datePublished\":\"2018-06-15T21:20:26+00:00\",\"dateModified\":\"2024-07-04T16:53:48+00:00\",\"mainEntityOfPage\":{\"@id\":\"https:\\\/\\\/www.uartes.edu.ec\\\/sitio\\\/fr\\\/blog\\\/2018\\\/06\\\/15\\\/la-investigacion-en-artes-reune-a-artistas-y-academicos-en-guayaquil\\\/\"},\"wordCount\":503,\"publisher\":{\"@id\":\"https:\\\/\\\/www.uartes.edu.ec\\\/sitio\\\/fr\\\/#organization\"},\"image\":{\"@id\":\"https:\\\/\\\/www.uartes.edu.ec\\\/sitio\\\/fr\\\/blog\\\/2018\\\/06\\\/15\\\/la-investigacion-en-artes-reune-a-artistas-y-academicos-en-guayaquil\\\/#primaryimage\"},\"thumbnailUrl\":\"\",\"keywords\":[\"ilia\"],\"articleSection\":[\"Artes\"],\"inLanguage\":\"fr-FR\"},{\"@type\":[\"WebPage\",\"ItemPage\"],\"@id\":\"https:\\\/\\\/www.uartes.edu.ec\\\/sitio\\\/fr\\\/blog\\\/2018\\\/06\\\/15\\\/la-investigacion-en-artes-reune-a-artistas-y-academicos-en-guayaquil\\\/\",\"url\":\"https:\\\/\\\/www.uartes.edu.ec\\\/sitio\\\/fr\\\/blog\\\/2018\\\/06\\\/15\\\/la-investigacion-en-artes-reune-a-artistas-y-academicos-en-guayaquil\\\/\",\"name\":\"Universidad de las Artes - La investigaci\u00f3n en artes re\u00fane a artistas y acad\u00e9micos en Guayaquil\",\"isPartOf\":{\"@id\":\"https:\\\/\\\/www.uartes.edu.ec\\\/sitio\\\/fr\\\/#website\"},\"primaryImageOfPage\":{\"@id\":\"https:\\\/\\\/www.uartes.edu.ec\\\/sitio\\\/fr\\\/blog\\\/2018\\\/06\\\/15\\\/la-investigacion-en-artes-reune-a-artistas-y-academicos-en-guayaquil\\\/#primaryimage\"},\"image\":{\"@id\":\"https:\\\/\\\/www.uartes.edu.ec\\\/sitio\\\/fr\\\/blog\\\/2018\\\/06\\\/15\\\/la-investigacion-en-artes-reune-a-artistas-y-academicos-en-guayaquil\\\/#primaryimage\"},\"thumbnailUrl\":\"\",\"datePublished\":\"2018-06-15T21:20:26+00:00\",\"dateModified\":\"2024-07-04T16:53:48+00:00\",\"description\":\"Universidad de las Artes - La investigaci\u00f3n en artes re\u00fane a artistas y acad\u00e9micos en Guayaquil\",\"breadcrumb\":{\"@id\":\"https:\\\/\\\/www.uartes.edu.ec\\\/sitio\\\/fr\\\/blog\\\/2018\\\/06\\\/15\\\/la-investigacion-en-artes-reune-a-artistas-y-academicos-en-guayaquil\\\/#breadcrumb\"},\"inLanguage\":\"fr-FR\",\"potentialAction\":[{\"@type\":\"ReadAction\",\"target\":[\"https:\\\/\\\/www.uartes.edu.ec\\\/sitio\\\/fr\\\/blog\\\/2018\\\/06\\\/15\\\/la-investigacion-en-artes-reune-a-artistas-y-academicos-en-guayaquil\\\/\"]}]},{\"@type\":\"ImageObject\",\"inLanguage\":\"fr-FR\",\"@id\":\"https:\\\/\\\/www.uartes.edu.ec\\\/sitio\\\/fr\\\/blog\\\/2018\\\/06\\\/15\\\/la-investigacion-en-artes-reune-a-artistas-y-academicos-en-guayaquil\\\/#primaryimage\",\"url\":\"\",\"contentUrl\":\"\"},{\"@type\":\"BreadcrumbList\",\"@id\":\"https:\\\/\\\/www.uartes.edu.ec\\\/sitio\\\/fr\\\/blog\\\/2018\\\/06\\\/15\\\/la-investigacion-en-artes-reune-a-artistas-y-academicos-en-guayaquil\\\/#breadcrumb\",\"itemListElement\":[{\"@type\":\"ListItem\",\"position\":1,\"name\":\"Inicio\",\"item\":\"https:\\\/\\\/www.uartes.edu.ec\\\/sitio\\\/\"},{\"@type\":\"ListItem\",\"position\":2,\"name\":\"La investigaci\u00f3n en artes re\u00fane a artistas y acad\u00e9micos en Guayaquil\"}]},{\"@type\":\"WebSite\",\"@id\":\"https:\\\/\\\/www.uartes.edu.ec\\\/sitio\\\/fr\\\/#website\",\"url\":\"https:\\\/\\\/www.uartes.edu.ec\\\/sitio\\\/fr\\\/\",\"name\":\"Universidad de las Artes\",\"description\":\"Sitio oficial de la Universidad Nacional de las Artes del Ecuador\",\"publisher\":{\"@id\":\"https:\\\/\\\/www.uartes.edu.ec\\\/sitio\\\/fr\\\/#organization\"},\"potentialAction\":[{\"@type\":\"SearchAction\",\"target\":{\"@type\":\"EntryPoint\",\"urlTemplate\":\"https:\\\/\\\/www.uartes.edu.ec\\\/sitio\\\/fr\\\/?s={search_term_string}\"},\"query-input\":{\"@type\":\"PropertyValueSpecification\",\"valueRequired\":true,\"valueName\":\"search_term_string\"}}],\"inLanguage\":\"fr-FR\"},{\"@type\":\"Organization\",\"@id\":\"https:\\\/\\\/www.uartes.edu.ec\\\/sitio\\\/fr\\\/#organization\",\"name\":\"Universidad de las Artes\",\"url\":\"https:\\\/\\\/www.uartes.edu.ec\\\/sitio\\\/fr\\\/\",\"logo\":{\"@type\":\"ImageObject\",\"inLanguage\":\"fr-FR\",\"@id\":\"https:\\\/\\\/www.uartes.edu.ec\\\/sitio\\\/fr\\\/#\\\/schema\\\/logo\\\/image\\\/\",\"url\":\"https:\\\/\\\/www.uartes.edu.ec\\\/sitio\\\/wp-content\\\/uploads\\\/2022\\\/07\\\/logo-ua-horizontal.png\",\"contentUrl\":\"https:\\\/\\\/www.uartes.edu.ec\\\/sitio\\\/wp-content\\\/uploads\\\/2022\\\/07\\\/logo-ua-horizontal.png\",\"width\":800,\"height\":276,\"caption\":\"Universidad de las Artes\"},\"image\":{\"@id\":\"https:\\\/\\\/www.uartes.edu.ec\\\/sitio\\\/fr\\\/#\\\/schema\\\/logo\\\/image\\\/\"},\"sameAs\":[\"https:\\\/\\\/www.facebook.com\\\/uartesec\",\"https:\\\/\\\/x.com\\\/uartesec\",\"https:\\\/\\\/www.tiktok.com\\\/@uartesec\"]},{\"@type\":\"Person\",\"@id\":\"https:\\\/\\\/www.uartes.edu.ec\\\/sitio\\\/fr\\\/#\\\/schema\\\/person\\\/f33f8c1d2af0d5c80a38c8abf458184a\",\"name\":\"Universidad de las Artes\",\"image\":{\"@type\":\"ImageObject\",\"inLanguage\":\"fr-FR\",\"@id\":\"https:\\\/\\\/secure.gravatar.com\\\/avatar\\\/52e4757902f5cfa5ac52d020e5be83cae5487519154b6c35482fe08d589f3c13?s=96&d=mm&r=g\",\"url\":\"https:\\\/\\\/secure.gravatar.com\\\/avatar\\\/52e4757902f5cfa5ac52d020e5be83cae5487519154b6c35482fe08d589f3c13?s=96&d=mm&r=g\",\"contentUrl\":\"https:\\\/\\\/secure.gravatar.com\\\/avatar\\\/52e4757902f5cfa5ac52d020e5be83cae5487519154b6c35482fe08d589f3c13?s=96&d=mm&r=g\",\"caption\":\"Universidad de las Artes\"},\"url\":\"https:\\\/\\\/www.uartes.edu.ec\\\/sitio\\\/fr\\\/blog\\\/author\\\/dircomadm\\\/\"}]}<\/script>\n<!-- \/ Yoast SEO plugin. -->","yoast_head_json":{"title":"Universidad de las Artes - La investigaci\u00f3n en artes re\u00fane a artistas y acad\u00e9micos en Guayaquil","description":"Universidad de las Artes - La investigaci\u00f3n en artes re\u00fane a artistas y acad\u00e9micos en Guayaquil","robots":{"index":"index","follow":"follow","max-snippet":"max-snippet:-1","max-image-preview":"max-image-preview:large","max-video-preview":"max-video-preview:-1"},"canonical":"https:\/\/www.uartes.edu.ec\/sitio\/fr\/blog\/2018\/06\/15\/la-investigacion-en-artes-reune-a-artistas-y-academicos-en-guayaquil\/","og_locale":"fr_FR","og_type":"article","og_title":"Universidad de las Artes - La investigaci\u00f3n en artes re\u00fane a artistas y acad\u00e9micos en Guayaquil","og_description":"Universidad de las Artes - La investigaci\u00f3n en artes re\u00fane a artistas y acad\u00e9micos en Guayaquil","og_url":"https:\/\/www.uartes.edu.ec\/sitio\/fr\/blog\/2018\/06\/15\/la-investigacion-en-artes-reune-a-artistas-y-academicos-en-guayaquil\/","og_site_name":"Universidad de las Artes","article_publisher":"https:\/\/www.facebook.com\/uartesec","article_published_time":"2018-06-15T21:20:26+00:00","article_modified_time":"2024-07-04T16:53:48+00:00","author":"Universidad de las Artes","twitter_card":"summary_large_image","twitter_creator":"@uartesec","twitter_site":"@uartesec","twitter_misc":{"\u00c9crit par":"Universidad de las Artes","Dur\u00e9e de lecture estim\u00e9e":"2 minutes"},"schema":{"@context":"https:\/\/schema.org","@graph":[{"@type":"Article","@id":"https:\/\/www.uartes.edu.ec\/sitio\/fr\/blog\/2018\/06\/15\/la-investigacion-en-artes-reune-a-artistas-y-academicos-en-guayaquil\/#article","isPartOf":{"@id":"https:\/\/www.uartes.edu.ec\/sitio\/fr\/blog\/2018\/06\/15\/la-investigacion-en-artes-reune-a-artistas-y-academicos-en-guayaquil\/"},"author":{"name":"Universidad de las Artes","@id":"https:\/\/www.uartes.edu.ec\/sitio\/fr\/#\/schema\/person\/f33f8c1d2af0d5c80a38c8abf458184a"},"headline":"La investigaci\u00f3n en artes re\u00fane a artistas y acad\u00e9micos en Guayaquil","datePublished":"2018-06-15T21:20:26+00:00","dateModified":"2024-07-04T16:53:48+00:00","mainEntityOfPage":{"@id":"https:\/\/www.uartes.edu.ec\/sitio\/fr\/blog\/2018\/06\/15\/la-investigacion-en-artes-reune-a-artistas-y-academicos-en-guayaquil\/"},"wordCount":503,"publisher":{"@id":"https:\/\/www.uartes.edu.ec\/sitio\/fr\/#organization"},"image":{"@id":"https:\/\/www.uartes.edu.ec\/sitio\/fr\/blog\/2018\/06\/15\/la-investigacion-en-artes-reune-a-artistas-y-academicos-en-guayaquil\/#primaryimage"},"thumbnailUrl":"","keywords":["ilia"],"articleSection":["Artes"],"inLanguage":"fr-FR"},{"@type":["WebPage","ItemPage"],"@id":"https:\/\/www.uartes.edu.ec\/sitio\/fr\/blog\/2018\/06\/15\/la-investigacion-en-artes-reune-a-artistas-y-academicos-en-guayaquil\/","url":"https:\/\/www.uartes.edu.ec\/sitio\/fr\/blog\/2018\/06\/15\/la-investigacion-en-artes-reune-a-artistas-y-academicos-en-guayaquil\/","name":"Universidad de las Artes - La investigaci\u00f3n en artes re\u00fane a artistas y acad\u00e9micos en Guayaquil","isPartOf":{"@id":"https:\/\/www.uartes.edu.ec\/sitio\/fr\/#website"},"primaryImageOfPage":{"@id":"https:\/\/www.uartes.edu.ec\/sitio\/fr\/blog\/2018\/06\/15\/la-investigacion-en-artes-reune-a-artistas-y-academicos-en-guayaquil\/#primaryimage"},"image":{"@id":"https:\/\/www.uartes.edu.ec\/sitio\/fr\/blog\/2018\/06\/15\/la-investigacion-en-artes-reune-a-artistas-y-academicos-en-guayaquil\/#primaryimage"},"thumbnailUrl":"","datePublished":"2018-06-15T21:20:26+00:00","dateModified":"2024-07-04T16:53:48+00:00","description":"Universidad de las Artes - La investigaci\u00f3n en artes re\u00fane a artistas y acad\u00e9micos en Guayaquil","breadcrumb":{"@id":"https:\/\/www.uartes.edu.ec\/sitio\/fr\/blog\/2018\/06\/15\/la-investigacion-en-artes-reune-a-artistas-y-academicos-en-guayaquil\/#breadcrumb"},"inLanguage":"fr-FR","potentialAction":[{"@type":"ReadAction","target":["https:\/\/www.uartes.edu.ec\/sitio\/fr\/blog\/2018\/06\/15\/la-investigacion-en-artes-reune-a-artistas-y-academicos-en-guayaquil\/"]}]},{"@type":"ImageObject","inLanguage":"fr-FR","@id":"https:\/\/www.uartes.edu.ec\/sitio\/fr\/blog\/2018\/06\/15\/la-investigacion-en-artes-reune-a-artistas-y-academicos-en-guayaquil\/#primaryimage","url":"","contentUrl":""},{"@type":"BreadcrumbList","@id":"https:\/\/www.uartes.edu.ec\/sitio\/fr\/blog\/2018\/06\/15\/la-investigacion-en-artes-reune-a-artistas-y-academicos-en-guayaquil\/#breadcrumb","itemListElement":[{"@type":"ListItem","position":1,"name":"Inicio","item":"https:\/\/www.uartes.edu.ec\/sitio\/"},{"@type":"ListItem","position":2,"name":"La investigaci\u00f3n en artes re\u00fane a artistas y acad\u00e9micos en Guayaquil"}]},{"@type":"WebSite","@id":"https:\/\/www.uartes.edu.ec\/sitio\/fr\/#website","url":"https:\/\/www.uartes.edu.ec\/sitio\/fr\/","name":"Universidad de las Artes","description":"Sitio oficial de la Universidad Nacional de las Artes del Ecuador","publisher":{"@id":"https:\/\/www.uartes.edu.ec\/sitio\/fr\/#organization"},"potentialAction":[{"@type":"SearchAction","target":{"@type":"EntryPoint","urlTemplate":"https:\/\/www.uartes.edu.ec\/sitio\/fr\/?s={search_term_string}"},"query-input":{"@type":"PropertyValueSpecification","valueRequired":true,"valueName":"search_term_string"}}],"inLanguage":"fr-FR"},{"@type":"Organization","@id":"https:\/\/www.uartes.edu.ec\/sitio\/fr\/#organization","name":"Universidad de las Artes","url":"https:\/\/www.uartes.edu.ec\/sitio\/fr\/","logo":{"@type":"ImageObject","inLanguage":"fr-FR","@id":"https:\/\/www.uartes.edu.ec\/sitio\/fr\/#\/schema\/logo\/image\/","url":"https:\/\/www.uartes.edu.ec\/sitio\/wp-content\/uploads\/2022\/07\/logo-ua-horizontal.png","contentUrl":"https:\/\/www.uartes.edu.ec\/sitio\/wp-content\/uploads\/2022\/07\/logo-ua-horizontal.png","width":800,"height":276,"caption":"Universidad de las Artes"},"image":{"@id":"https:\/\/www.uartes.edu.ec\/sitio\/fr\/#\/schema\/logo\/image\/"},"sameAs":["https:\/\/www.facebook.com\/uartesec","https:\/\/x.com\/uartesec","https:\/\/www.tiktok.com\/@uartesec"]},{"@type":"Person","@id":"https:\/\/www.uartes.edu.ec\/sitio\/fr\/#\/schema\/person\/f33f8c1d2af0d5c80a38c8abf458184a","name":"Universidad de las Artes","image":{"@type":"ImageObject","inLanguage":"fr-FR","@id":"https:\/\/secure.gravatar.com\/avatar\/52e4757902f5cfa5ac52d020e5be83cae5487519154b6c35482fe08d589f3c13?s=96&d=mm&r=g","url":"https:\/\/secure.gravatar.com\/avatar\/52e4757902f5cfa5ac52d020e5be83cae5487519154b6c35482fe08d589f3c13?s=96&d=mm&r=g","contentUrl":"https:\/\/secure.gravatar.com\/avatar\/52e4757902f5cfa5ac52d020e5be83cae5487519154b6c35482fe08d589f3c13?s=96&d=mm&r=g","caption":"Universidad de las Artes"},"url":"https:\/\/www.uartes.edu.ec\/sitio\/fr\/blog\/author\/dircomadm\/"}]}},"uagb_featured_image_src":{"full":false,"thumbnail":false,"medium":false,"medium_large":false,"large":false,"1536x1536":false,"2048x2048":false,"trp-custom-language-flag":false,"htmega_size_585x295":false,"htmega_size_1170x536":false,"htmega_size_396x360":false,"gb-block-post-grid-landscape":false,"gb-block-post-grid-square":false,"university-hub-thumb":false},"uagb_author_info":{"display_name":"Universidad de las Artes","author_link":"https:\/\/www.uartes.edu.ec\/sitio\/fr\/blog\/author\/dircomadm\/"},"uagb_comment_info":0,"uagb_excerpt":"Artes y ciencias; memoria y archivo; y los nuevos devenires tecnol\u00f3gicos en artes son los ejes que marcar\u00e1n las jornadas acad\u00e9micas y art\u00edsticas del III Encuentro Internacional de Investigaci\u00f3n en Artes que organiza la Universidad de las Artes del Ecuador, a trav\u00e9s de su Instituto Latinoamericano de Investigaci\u00f3n en Artes (ILIA), entre el 19 y\u2026","featured_image_src":null,"featured_image_src_square":null,"author_info":{"display_name":"Universidad de las Artes","author_link":"https:\/\/www.uartes.edu.ec\/sitio\/fr\/blog\/author\/dircomadm\/"},"publishpress_future_workflow_manual_trigger":{"enabledWorkflows":[]},"distributor_meta":false,"distributor_terms":false,"distributor_media":false,"distributor_original_site_name":"Universidad de las Artes","distributor_original_site_url":"https:\/\/www.uartes.edu.ec\/sitio\/fr","push-errors":false,"_links":{"self":[{"href":"https:\/\/www.uartes.edu.ec\/sitio\/fr\/wp-json\/wp\/v2\/posts\/1632","targetHints":{"allow":["GET"]}}],"collection":[{"href":"https:\/\/www.uartes.edu.ec\/sitio\/fr\/wp-json\/wp\/v2\/posts"}],"about":[{"href":"https:\/\/www.uartes.edu.ec\/sitio\/fr\/wp-json\/wp\/v2\/types\/post"}],"author":[{"embeddable":true,"href":"https:\/\/www.uartes.edu.ec\/sitio\/fr\/wp-json\/wp\/v2\/users\/1"}],"replies":[{"embeddable":true,"href":"https:\/\/www.uartes.edu.ec\/sitio\/fr\/wp-json\/wp\/v2\/comments?post=1632"}],"version-history":[{"count":1,"href":"https:\/\/www.uartes.edu.ec\/sitio\/fr\/wp-json\/wp\/v2\/posts\/1632\/revisions"}],"predecessor-version":[{"id":3365,"href":"https:\/\/www.uartes.edu.ec\/sitio\/fr\/wp-json\/wp\/v2\/posts\/1632\/revisions\/3365"}],"wp:featuredmedia":[{"embeddable":true,"href":"https:\/\/www.uartes.edu.ec\/sitio\/fr\/wp-json\/"}],"wp:attachment":[{"href":"https:\/\/www.uartes.edu.ec\/sitio\/fr\/wp-json\/wp\/v2\/media?parent=1632"}],"wp:term":[{"taxonomy":"category","embeddable":true,"href":"https:\/\/www.uartes.edu.ec\/sitio\/fr\/wp-json\/wp\/v2\/categories?post=1632"},{"taxonomy":"post_tag","embeddable":true,"href":"https:\/\/www.uartes.edu.ec\/sitio\/fr\/wp-json\/wp\/v2\/tags?post=1632"},{"taxonomy":"infouartes","embeddable":true,"href":"https:\/\/www.uartes.edu.ec\/sitio\/fr\/wp-json\/wp\/v2\/infouartes?post=1632"}],"curies":[{"name":"wp","href":"https:\/\/api.w.org\/{rel}","templated":true}]}}