{"id":16331,"date":"2021-10-19T14:09:00","date_gmt":"2021-10-19T19:09:00","guid":{"rendered":"http:\/\/www.uartes.edu.ec\/sitio\/?p=16331"},"modified":"2024-07-04T11:25:29","modified_gmt":"2024-07-04T16:25:29","slug":"carrera-interuniversitaria-de-unae-y-uartes-propone-congreso-en-pedagogias-de-las-artes-y-humanidades","status":"publish","type":"post","link":"https:\/\/www.uartes.edu.ec\/sitio\/fr\/blog\/2021\/10\/19\/carrera-interuniversitaria-de-unae-y-uartes-propone-congreso-en-pedagogias-de-las-artes-y-humanidades\/","title":{"rendered":"Carrera interuniversitaria de UNAE y UArtes propone primer congreso en Pedagog\u00edas en Artes y Humanidades"},"content":{"rendered":"<p>Seis conferencias magistrales, seis mesas de di\u00e1logo acopladas a cada conferencia magistral y ponencias de acad\u00e9micos que abordan los ejes tem\u00e1ticos propuestos para la cita. Es la estructura que tendr\u00e1 el I Congreso Internacional en Pedagog\u00edas en Artes y Humanidades, que se desarrollar\u00e1 de manera virtual los d\u00edas 27, 28 y 29 de octubre de 2021.<\/p>\n\n\n\n<p>Surge de la carrera de Pedagog\u00eda en Artes y Humanidades, un programa formativo ofertado como carrera interuniversitaria en la Universidad Nacional de Educaci\u00f3n (UNAE) y la Universidad de las Artes; cuenta con el aval del Ministerio de Educaci\u00f3n del Ecuador y la colaboraci\u00f3n del Centro de Producci\u00f3n e Innovaci\u00f3n MZ14 de la UArtes.<\/p>\n\n\n\n<p>El I Congreso Internacional en Pedagog\u00edas en Artes y Humanidades tiene como principal objetivo promover un espacio de reflexi\u00f3n acad\u00e9mica sobre las pr\u00e1cticas, metodolog\u00edas, saberes e investigaciones en el \u00e1mbito de la educaci\u00f3n en\/desde\/para las artes. Est\u00e1\u00a0dirigido a investigadores, docentes de Educaci\u00f3n Art\u00edstica y Humanidades, estudiantes, artistas, grupos mixtos de trabajo, instituciones y otros actores culturales concernidos por las tem\u00e1ticas y modalidades propuestas.<\/p>\n\n\n\n<p>Tres son los ejes tem\u00e1ticos del congreso: \u201cPedagog\u00eda y Curr\u00edculo en artes, transversalidad y especificidades\u201d, para el an\u00e1lisis de la educaci\u00f3n cultural y art\u00edstica, las pol\u00edticas para la educaci\u00f3n en artes, la formaci\u00f3n docente para las artes, las did\u00e1cticas de las artes para una educaci\u00f3n del siglo XXI y la educaci\u00f3n Inclusiva. \u201cPoiesis, praxis e investigaci\u00f3n en las pr\u00e1cticas pedag\u00f3gicas art\u00edsticas\u201d, donde se tratar\u00e1 la complejidad e inter-trans-disciplinariedad, la tecnolog\u00eda en las pr\u00e1cticas pedag\u00f3gicas de las artes, los artistas educadores, procesos creativos, y la pedagog\u00eda cr\u00edtica y creatividades. Y, \u00abComunidades de Interaprendizaje e Interculturalidad\u00bb, que abordar\u00e1n los ambientes de aprendizaje, la industria y el consumo cultural: sus aportes en la educaci\u00f3n en artes, los lenguajes art\u00edsticos, relatos ancestrales y narrativas postmodernas y el patrimonio cultural, patrimonio art\u00edstico y memoria hist\u00f3rica.<\/p>\n\n\n\n<p>El I Congreso de Pedagog\u00edas en Artes y Humanidades se transmitir\u00e1 por los canales institucionales; en vivo v\u00eda streaming online y Facebook Live (<a href=\"https:\/\/fb.me\/e\/1Ok9oM21S\" target=\"_blank\" rel=\"noreferrer noopener\">https:\/\/fb.me\/e\/1Ok9oM21S<\/a>). Se contar\u00e1 con material audiovisual en torno a los ejes tem\u00e1ticos, proyectado dentro de las jornadas entre las ponencias. \u00a0\u00a0\u00a0<\/p>\n\n\n\n<p>Si se desea certificaci\u00f3n de asistencia, inscribirse en el link <a href=\"https:\/\/bit.ly\/3lPmhR1\">https:\/\/bit.ly\/3lPmhR1<\/a>, presente en redes sociales institucionales y en los sitios web de la UNAE (<a href=\"http:\/\/www.unae.edu.ec\">www.unae.edu.ec<\/a>) y la UArtes (<a href=\"http:\/\/www.uartes.edu.ec\">www.uartes.edu.ec<\/a>). Para dicha certificaci\u00f3n se deber\u00e1 cumplir con el 70% de asistencia, la cual se registrar\u00e1 en enlaces espec\u00edficos al final de cada bloque de ponencias.<\/p>\n\n\n\n<p>Inscripciones: <a href=\"https:\/\/bit.ly\/3lPmhR1?fbclid=IwAR3SYTv7Iy1K_CFtMeVc_gEIMmPfipneMiSAXMg0xrrvc499nyv7U5JdBsU\" target=\"_blank\" rel=\"noreferrer noopener\">https:\/\/bit.ly\/3lPmhR1<\/a><br>Agenda completa: <a href=\"https:\/\/bit.ly\/3CAExEz?fbclid=IwAR26LrDjsn8fMNKRb3dFMeVg-lykCJxvgOm4BoUXcxhKiDr5uxJYnNfjcVM\" target=\"_blank\" rel=\"noreferrer noopener\">https:\/\/bit.ly\/3CAExEz<\/a><\/p>","protected":false},"excerpt":{"rendered":"<p>Seis conferencias magistrales, seis mesas de di\u00e1logo acopladas a cada conferencia magistral y ponencias de acad\u00e9micos que abordan los ejes tem\u00e1ticos propuestos para la cita. Es la estructura programada para el I Congreso Internacional en Pedagog\u00edas en Artes y Humanidades, que tendr\u00e1 lugar de manera virtual los d\u00edas 27, 28 y 29 de octubre de 2021. Cuenta con el aval del Ministerio de Educaci\u00f3n.<\/p>","protected":false},"author":10,"featured_media":16344,"comment_status":"open","ping_status":"open","sticky":false,"template":"","format":"standard","meta":{"_acf_changed":false,"_uag_custom_page_level_css":"","_monsterinsights_skip_tracking":false,"_monsterinsights_sitenote_active":false,"_monsterinsights_sitenote_note":"","_monsterinsights_sitenote_category":0,"cybocfi_hide_featured_image":"","footnotes":""},"categories":[80,75,76,284],"tags":[229],"infouartes":[],"class_list":["post-16331","post","type-post","status-publish","format-standard","has-post-thumbnail","hentry","category-academico","category-docentes","category-estudiantes","category-investigacion","tag-pedagogia-de-las-artes-y-humanidades"],"acf":[],"yoast_head":"<!-- This site is optimized with the Yoast SEO plugin v27.4 - https:\/\/yoast.com\/product\/yoast-seo-wordpress\/ -->\n<title>Universidad de las Artes - Carrera interuniversitaria de UNAE y UArtes propone primer congreso en Pedagog\u00edas en Artes y Humanidades<\/title>\n<meta name=\"description\" content=\"Universidad de las Artes - Carrera interuniversitaria de UNAE y UArtes propone primer congreso en Pedagog\u00edas en Artes y Humanidades\" \/>\n<meta name=\"robots\" content=\"index, follow, max-snippet:-1, max-image-preview:large, max-video-preview:-1\" \/>\n<link rel=\"canonical\" href=\"https:\/\/www.uartes.edu.ec\/sitio\/fr\/blog\/2021\/10\/19\/carrera-interuniversitaria-de-unae-y-uartes-propone-congreso-en-pedagogias-de-las-artes-y-humanidades\/\" \/>\n<meta property=\"og:locale\" content=\"fr_FR\" \/>\n<meta property=\"og:type\" content=\"article\" \/>\n<meta property=\"og:title\" content=\"Universidad de las Artes - Carrera interuniversitaria de UNAE y UArtes propone primer congreso en Pedagog\u00edas en Artes y Humanidades\" \/>\n<meta property=\"og:description\" content=\"Universidad de las Artes - Carrera interuniversitaria de UNAE y UArtes propone primer congreso en Pedagog\u00edas en Artes y Humanidades\" \/>\n<meta property=\"og:url\" content=\"https:\/\/www.uartes.edu.ec\/sitio\/fr\/blog\/2021\/10\/19\/carrera-interuniversitaria-de-unae-y-uartes-propone-congreso-en-pedagogias-de-las-artes-y-humanidades\/\" \/>\n<meta property=\"og:site_name\" content=\"Universidad de las Artes\" \/>\n<meta property=\"article:publisher\" content=\"https:\/\/www.facebook.com\/uartesec\" \/>\n<meta property=\"article:published_time\" content=\"2021-10-19T19:09:00+00:00\" \/>\n<meta property=\"article:modified_time\" content=\"2024-07-04T16:25:29+00:00\" \/>\n<meta property=\"og:image\" content=\"https:\/\/www.uartes.edu.ec\/sitio\/wp-content\/uploads\/2021\/10\/UNAE-CONGRESO-web.webp\" \/>\n\t<meta property=\"og:image:width\" content=\"2000\" \/>\n\t<meta property=\"og:image:height\" content=\"1333\" \/>\n\t<meta property=\"og:image:type\" content=\"image\/webp\" \/>\n<meta name=\"author\" content=\"ccortez\" \/>\n<meta name=\"twitter:card\" content=\"summary_large_image\" \/>\n<meta name=\"twitter:creator\" content=\"@uartesec\" \/>\n<meta name=\"twitter:site\" content=\"@uartesec\" \/>\n<meta name=\"twitter:label1\" content=\"\u00c9crit par\" \/>\n\t<meta name=\"twitter:data1\" content=\"ccortez\" \/>\n\t<meta name=\"twitter:label2\" content=\"Dur\u00e9e de lecture estim\u00e9e\" \/>\n\t<meta name=\"twitter:data2\" content=\"2 minutes\" \/>\n<script type=\"application\/ld+json\" class=\"yoast-schema-graph\">{\"@context\":\"https:\\\/\\\/schema.org\",\"@graph\":[{\"@type\":\"Article\",\"@id\":\"https:\\\/\\\/www.uartes.edu.ec\\\/sitio\\\/fr\\\/blog\\\/2021\\\/10\\\/19\\\/carrera-interuniversitaria-de-unae-y-uartes-propone-congreso-en-pedagogias-de-las-artes-y-humanidades\\\/#article\",\"isPartOf\":{\"@id\":\"https:\\\/\\\/www.uartes.edu.ec\\\/sitio\\\/fr\\\/blog\\\/2021\\\/10\\\/19\\\/carrera-interuniversitaria-de-unae-y-uartes-propone-congreso-en-pedagogias-de-las-artes-y-humanidades\\\/\"},\"author\":{\"name\":\"ccortez\",\"@id\":\"https:\\\/\\\/www.uartes.edu.ec\\\/sitio\\\/fr\\\/#\\\/schema\\\/person\\\/efa1b8275797664fd7f13a79ccc0b1f4\"},\"headline\":\"Carrera interuniversitaria de UNAE y UArtes propone primer congreso en Pedagog\u00edas en Artes y Humanidades\",\"datePublished\":\"2021-10-19T19:09:00+00:00\",\"dateModified\":\"2024-07-04T16:25:29+00:00\",\"mainEntityOfPage\":{\"@id\":\"https:\\\/\\\/www.uartes.edu.ec\\\/sitio\\\/fr\\\/blog\\\/2021\\\/10\\\/19\\\/carrera-interuniversitaria-de-unae-y-uartes-propone-congreso-en-pedagogias-de-las-artes-y-humanidades\\\/\"},\"wordCount\":491,\"commentCount\":0,\"publisher\":{\"@id\":\"https:\\\/\\\/www.uartes.edu.ec\\\/sitio\\\/fr\\\/#organization\"},\"image\":{\"@id\":\"https:\\\/\\\/www.uartes.edu.ec\\\/sitio\\\/fr\\\/blog\\\/2021\\\/10\\\/19\\\/carrera-interuniversitaria-de-unae-y-uartes-propone-congreso-en-pedagogias-de-las-artes-y-humanidades\\\/#primaryimage\"},\"thumbnailUrl\":\"https:\\\/\\\/www.uartes.edu.ec\\\/sitio\\\/wp-content\\\/uploads\\\/2021\\\/10\\\/UNAE-CONGRESO-web.webp\",\"keywords\":[\"Pedagog\u00eda de las Artes y Humanidades\"],\"articleSection\":[\"Acad\u00e9mico\",\"Docentes\",\"Estudiantes\",\"Investigaci\u00f3n\"],\"inLanguage\":\"fr-FR\",\"potentialAction\":[{\"@type\":\"CommentAction\",\"name\":\"Comment\",\"target\":[\"https:\\\/\\\/www.uartes.edu.ec\\\/sitio\\\/fr\\\/blog\\\/2021\\\/10\\\/19\\\/carrera-interuniversitaria-de-unae-y-uartes-propone-congreso-en-pedagogias-de-las-artes-y-humanidades\\\/#respond\"]}]},{\"@type\":[\"WebPage\",\"ItemPage\"],\"@id\":\"https:\\\/\\\/www.uartes.edu.ec\\\/sitio\\\/fr\\\/blog\\\/2021\\\/10\\\/19\\\/carrera-interuniversitaria-de-unae-y-uartes-propone-congreso-en-pedagogias-de-las-artes-y-humanidades\\\/\",\"url\":\"https:\\\/\\\/www.uartes.edu.ec\\\/sitio\\\/fr\\\/blog\\\/2021\\\/10\\\/19\\\/carrera-interuniversitaria-de-unae-y-uartes-propone-congreso-en-pedagogias-de-las-artes-y-humanidades\\\/\",\"name\":\"Universidad de las Artes - Carrera interuniversitaria de UNAE y UArtes propone primer congreso en Pedagog\u00edas en Artes y Humanidades\",\"isPartOf\":{\"@id\":\"https:\\\/\\\/www.uartes.edu.ec\\\/sitio\\\/fr\\\/#website\"},\"primaryImageOfPage\":{\"@id\":\"https:\\\/\\\/www.uartes.edu.ec\\\/sitio\\\/fr\\\/blog\\\/2021\\\/10\\\/19\\\/carrera-interuniversitaria-de-unae-y-uartes-propone-congreso-en-pedagogias-de-las-artes-y-humanidades\\\/#primaryimage\"},\"image\":{\"@id\":\"https:\\\/\\\/www.uartes.edu.ec\\\/sitio\\\/fr\\\/blog\\\/2021\\\/10\\\/19\\\/carrera-interuniversitaria-de-unae-y-uartes-propone-congreso-en-pedagogias-de-las-artes-y-humanidades\\\/#primaryimage\"},\"thumbnailUrl\":\"https:\\\/\\\/www.uartes.edu.ec\\\/sitio\\\/wp-content\\\/uploads\\\/2021\\\/10\\\/UNAE-CONGRESO-web.webp\",\"datePublished\":\"2021-10-19T19:09:00+00:00\",\"dateModified\":\"2024-07-04T16:25:29+00:00\",\"description\":\"Universidad de las Artes - Carrera interuniversitaria de UNAE y UArtes propone primer congreso en Pedagog\u00edas en Artes y Humanidades\",\"breadcrumb\":{\"@id\":\"https:\\\/\\\/www.uartes.edu.ec\\\/sitio\\\/fr\\\/blog\\\/2021\\\/10\\\/19\\\/carrera-interuniversitaria-de-unae-y-uartes-propone-congreso-en-pedagogias-de-las-artes-y-humanidades\\\/#breadcrumb\"},\"inLanguage\":\"fr-FR\",\"potentialAction\":[{\"@type\":\"ReadAction\",\"target\":[\"https:\\\/\\\/www.uartes.edu.ec\\\/sitio\\\/fr\\\/blog\\\/2021\\\/10\\\/19\\\/carrera-interuniversitaria-de-unae-y-uartes-propone-congreso-en-pedagogias-de-las-artes-y-humanidades\\\/\"]}]},{\"@type\":\"ImageObject\",\"inLanguage\":\"fr-FR\",\"@id\":\"https:\\\/\\\/www.uartes.edu.ec\\\/sitio\\\/fr\\\/blog\\\/2021\\\/10\\\/19\\\/carrera-interuniversitaria-de-unae-y-uartes-propone-congreso-en-pedagogias-de-las-artes-y-humanidades\\\/#primaryimage\",\"url\":\"https:\\\/\\\/www.uartes.edu.ec\\\/sitio\\\/wp-content\\\/uploads\\\/2021\\\/10\\\/UNAE-CONGRESO-web.webp\",\"contentUrl\":\"https:\\\/\\\/www.uartes.edu.ec\\\/sitio\\\/wp-content\\\/uploads\\\/2021\\\/10\\\/UNAE-CONGRESO-web.webp\",\"width\":2000,\"height\":1333},{\"@type\":\"BreadcrumbList\",\"@id\":\"https:\\\/\\\/www.uartes.edu.ec\\\/sitio\\\/fr\\\/blog\\\/2021\\\/10\\\/19\\\/carrera-interuniversitaria-de-unae-y-uartes-propone-congreso-en-pedagogias-de-las-artes-y-humanidades\\\/#breadcrumb\",\"itemListElement\":[{\"@type\":\"ListItem\",\"position\":1,\"name\":\"Inicio\",\"item\":\"https:\\\/\\\/www.uartes.edu.ec\\\/sitio\\\/\"},{\"@type\":\"ListItem\",\"position\":2,\"name\":\"Carrera interuniversitaria de UNAE y UArtes propone primer congreso en Pedagog\u00edas en Artes y Humanidades\"}]},{\"@type\":\"WebSite\",\"@id\":\"https:\\\/\\\/www.uartes.edu.ec\\\/sitio\\\/fr\\\/#website\",\"url\":\"https:\\\/\\\/www.uartes.edu.ec\\\/sitio\\\/fr\\\/\",\"name\":\"Universidad de las Artes\",\"description\":\"Sitio oficial de la Universidad Nacional de las Artes del Ecuador\",\"publisher\":{\"@id\":\"https:\\\/\\\/www.uartes.edu.ec\\\/sitio\\\/fr\\\/#organization\"},\"potentialAction\":[{\"@type\":\"SearchAction\",\"target\":{\"@type\":\"EntryPoint\",\"urlTemplate\":\"https:\\\/\\\/www.uartes.edu.ec\\\/sitio\\\/fr\\\/?s={search_term_string}\"},\"query-input\":{\"@type\":\"PropertyValueSpecification\",\"valueRequired\":true,\"valueName\":\"search_term_string\"}}],\"inLanguage\":\"fr-FR\"},{\"@type\":\"Organization\",\"@id\":\"https:\\\/\\\/www.uartes.edu.ec\\\/sitio\\\/fr\\\/#organization\",\"name\":\"Universidad de las Artes\",\"url\":\"https:\\\/\\\/www.uartes.edu.ec\\\/sitio\\\/fr\\\/\",\"logo\":{\"@type\":\"ImageObject\",\"inLanguage\":\"fr-FR\",\"@id\":\"https:\\\/\\\/www.uartes.edu.ec\\\/sitio\\\/fr\\\/#\\\/schema\\\/logo\\\/image\\\/\",\"url\":\"https:\\\/\\\/www.uartes.edu.ec\\\/sitio\\\/wp-content\\\/uploads\\\/2022\\\/07\\\/logo-ua-horizontal.png\",\"contentUrl\":\"https:\\\/\\\/www.uartes.edu.ec\\\/sitio\\\/wp-content\\\/uploads\\\/2022\\\/07\\\/logo-ua-horizontal.png\",\"width\":800,\"height\":276,\"caption\":\"Universidad de las Artes\"},\"image\":{\"@id\":\"https:\\\/\\\/www.uartes.edu.ec\\\/sitio\\\/fr\\\/#\\\/schema\\\/logo\\\/image\\\/\"},\"sameAs\":[\"https:\\\/\\\/www.facebook.com\\\/uartesec\",\"https:\\\/\\\/x.com\\\/uartesec\",\"https:\\\/\\\/www.tiktok.com\\\/@uartesec\"]},{\"@type\":\"Person\",\"@id\":\"https:\\\/\\\/www.uartes.edu.ec\\\/sitio\\\/fr\\\/#\\\/schema\\\/person\\\/efa1b8275797664fd7f13a79ccc0b1f4\",\"name\":\"ccortez\",\"image\":{\"@type\":\"ImageObject\",\"inLanguage\":\"fr-FR\",\"@id\":\"https:\\\/\\\/secure.gravatar.com\\\/avatar\\\/b2a6f664a3ae8e074346ef91775736c5ec479e637ecced6842de9dc98b5da9cd?s=96&d=mm&r=g\",\"url\":\"https:\\\/\\\/secure.gravatar.com\\\/avatar\\\/b2a6f664a3ae8e074346ef91775736c5ec479e637ecced6842de9dc98b5da9cd?s=96&d=mm&r=g\",\"contentUrl\":\"https:\\\/\\\/secure.gravatar.com\\\/avatar\\\/b2a6f664a3ae8e074346ef91775736c5ec479e637ecced6842de9dc98b5da9cd?s=96&d=mm&r=g\",\"caption\":\"ccortez\"},\"url\":\"https:\\\/\\\/www.uartes.edu.ec\\\/sitio\\\/fr\\\/blog\\\/author\\\/ccortez\\\/\"}]}<\/script>\n<!-- \/ Yoast SEO plugin. -->","yoast_head_json":{"title":"Universidad de las Artes - Carrera interuniversitaria de UNAE y UArtes propone primer congreso en Pedagog\u00edas en Artes y Humanidades","description":"Universidad de las Artes - Carrera interuniversitaria de UNAE y UArtes propone primer congreso en Pedagog\u00edas en Artes y Humanidades","robots":{"index":"index","follow":"follow","max-snippet":"max-snippet:-1","max-image-preview":"max-image-preview:large","max-video-preview":"max-video-preview:-1"},"canonical":"https:\/\/www.uartes.edu.ec\/sitio\/fr\/blog\/2021\/10\/19\/carrera-interuniversitaria-de-unae-y-uartes-propone-congreso-en-pedagogias-de-las-artes-y-humanidades\/","og_locale":"fr_FR","og_type":"article","og_title":"Universidad de las Artes - Carrera interuniversitaria de UNAE y UArtes propone primer congreso en Pedagog\u00edas en Artes y Humanidades","og_description":"Universidad de las Artes - Carrera interuniversitaria de UNAE y UArtes propone primer congreso en Pedagog\u00edas en Artes y Humanidades","og_url":"https:\/\/www.uartes.edu.ec\/sitio\/fr\/blog\/2021\/10\/19\/carrera-interuniversitaria-de-unae-y-uartes-propone-congreso-en-pedagogias-de-las-artes-y-humanidades\/","og_site_name":"Universidad de las Artes","article_publisher":"https:\/\/www.facebook.com\/uartesec","article_published_time":"2021-10-19T19:09:00+00:00","article_modified_time":"2024-07-04T16:25:29+00:00","og_image":[{"width":2000,"height":1333,"url":"https:\/\/www.uartes.edu.ec\/sitio\/wp-content\/uploads\/2021\/10\/UNAE-CONGRESO-web.webp","type":"image\/webp"}],"author":"ccortez","twitter_card":"summary_large_image","twitter_creator":"@uartesec","twitter_site":"@uartesec","twitter_misc":{"\u00c9crit par":"ccortez","Dur\u00e9e de lecture estim\u00e9e":"2 minutes"},"schema":{"@context":"https:\/\/schema.org","@graph":[{"@type":"Article","@id":"https:\/\/www.uartes.edu.ec\/sitio\/fr\/blog\/2021\/10\/19\/carrera-interuniversitaria-de-unae-y-uartes-propone-congreso-en-pedagogias-de-las-artes-y-humanidades\/#article","isPartOf":{"@id":"https:\/\/www.uartes.edu.ec\/sitio\/fr\/blog\/2021\/10\/19\/carrera-interuniversitaria-de-unae-y-uartes-propone-congreso-en-pedagogias-de-las-artes-y-humanidades\/"},"author":{"name":"ccortez","@id":"https:\/\/www.uartes.edu.ec\/sitio\/fr\/#\/schema\/person\/efa1b8275797664fd7f13a79ccc0b1f4"},"headline":"Carrera interuniversitaria de UNAE y UArtes propone primer congreso en Pedagog\u00edas en Artes y Humanidades","datePublished":"2021-10-19T19:09:00+00:00","dateModified":"2024-07-04T16:25:29+00:00","mainEntityOfPage":{"@id":"https:\/\/www.uartes.edu.ec\/sitio\/fr\/blog\/2021\/10\/19\/carrera-interuniversitaria-de-unae-y-uartes-propone-congreso-en-pedagogias-de-las-artes-y-humanidades\/"},"wordCount":491,"commentCount":0,"publisher":{"@id":"https:\/\/www.uartes.edu.ec\/sitio\/fr\/#organization"},"image":{"@id":"https:\/\/www.uartes.edu.ec\/sitio\/fr\/blog\/2021\/10\/19\/carrera-interuniversitaria-de-unae-y-uartes-propone-congreso-en-pedagogias-de-las-artes-y-humanidades\/#primaryimage"},"thumbnailUrl":"https:\/\/www.uartes.edu.ec\/sitio\/wp-content\/uploads\/2021\/10\/UNAE-CONGRESO-web.webp","keywords":["Pedagog\u00eda de las Artes y Humanidades"],"articleSection":["Acad\u00e9mico","Docentes","Estudiantes","Investigaci\u00f3n"],"inLanguage":"fr-FR","potentialAction":[{"@type":"CommentAction","name":"Comment","target":["https:\/\/www.uartes.edu.ec\/sitio\/fr\/blog\/2021\/10\/19\/carrera-interuniversitaria-de-unae-y-uartes-propone-congreso-en-pedagogias-de-las-artes-y-humanidades\/#respond"]}]},{"@type":["WebPage","ItemPage"],"@id":"https:\/\/www.uartes.edu.ec\/sitio\/fr\/blog\/2021\/10\/19\/carrera-interuniversitaria-de-unae-y-uartes-propone-congreso-en-pedagogias-de-las-artes-y-humanidades\/","url":"https:\/\/www.uartes.edu.ec\/sitio\/fr\/blog\/2021\/10\/19\/carrera-interuniversitaria-de-unae-y-uartes-propone-congreso-en-pedagogias-de-las-artes-y-humanidades\/","name":"Universidad de las Artes - Carrera interuniversitaria de UNAE y UArtes propone primer congreso en Pedagog\u00edas en Artes y Humanidades","isPartOf":{"@id":"https:\/\/www.uartes.edu.ec\/sitio\/fr\/#website"},"primaryImageOfPage":{"@id":"https:\/\/www.uartes.edu.ec\/sitio\/fr\/blog\/2021\/10\/19\/carrera-interuniversitaria-de-unae-y-uartes-propone-congreso-en-pedagogias-de-las-artes-y-humanidades\/#primaryimage"},"image":{"@id":"https:\/\/www.uartes.edu.ec\/sitio\/fr\/blog\/2021\/10\/19\/carrera-interuniversitaria-de-unae-y-uartes-propone-congreso-en-pedagogias-de-las-artes-y-humanidades\/#primaryimage"},"thumbnailUrl":"https:\/\/www.uartes.edu.ec\/sitio\/wp-content\/uploads\/2021\/10\/UNAE-CONGRESO-web.webp","datePublished":"2021-10-19T19:09:00+00:00","dateModified":"2024-07-04T16:25:29+00:00","description":"Universidad de las Artes - Carrera interuniversitaria de UNAE y UArtes propone primer congreso en Pedagog\u00edas en Artes y Humanidades","breadcrumb":{"@id":"https:\/\/www.uartes.edu.ec\/sitio\/fr\/blog\/2021\/10\/19\/carrera-interuniversitaria-de-unae-y-uartes-propone-congreso-en-pedagogias-de-las-artes-y-humanidades\/#breadcrumb"},"inLanguage":"fr-FR","potentialAction":[{"@type":"ReadAction","target":["https:\/\/www.uartes.edu.ec\/sitio\/fr\/blog\/2021\/10\/19\/carrera-interuniversitaria-de-unae-y-uartes-propone-congreso-en-pedagogias-de-las-artes-y-humanidades\/"]}]},{"@type":"ImageObject","inLanguage":"fr-FR","@id":"https:\/\/www.uartes.edu.ec\/sitio\/fr\/blog\/2021\/10\/19\/carrera-interuniversitaria-de-unae-y-uartes-propone-congreso-en-pedagogias-de-las-artes-y-humanidades\/#primaryimage","url":"https:\/\/www.uartes.edu.ec\/sitio\/wp-content\/uploads\/2021\/10\/UNAE-CONGRESO-web.webp","contentUrl":"https:\/\/www.uartes.edu.ec\/sitio\/wp-content\/uploads\/2021\/10\/UNAE-CONGRESO-web.webp","width":2000,"height":1333},{"@type":"BreadcrumbList","@id":"https:\/\/www.uartes.edu.ec\/sitio\/fr\/blog\/2021\/10\/19\/carrera-interuniversitaria-de-unae-y-uartes-propone-congreso-en-pedagogias-de-las-artes-y-humanidades\/#breadcrumb","itemListElement":[{"@type":"ListItem","position":1,"name":"Inicio","item":"https:\/\/www.uartes.edu.ec\/sitio\/"},{"@type":"ListItem","position":2,"name":"Carrera interuniversitaria de UNAE y UArtes propone primer congreso en Pedagog\u00edas en Artes y Humanidades"}]},{"@type":"WebSite","@id":"https:\/\/www.uartes.edu.ec\/sitio\/fr\/#website","url":"https:\/\/www.uartes.edu.ec\/sitio\/fr\/","name":"Universidad de las Artes","description":"Sitio oficial de la Universidad Nacional de las Artes del Ecuador","publisher":{"@id":"https:\/\/www.uartes.edu.ec\/sitio\/fr\/#organization"},"potentialAction":[{"@type":"SearchAction","target":{"@type":"EntryPoint","urlTemplate":"https:\/\/www.uartes.edu.ec\/sitio\/fr\/?s={search_term_string}"},"query-input":{"@type":"PropertyValueSpecification","valueRequired":true,"valueName":"search_term_string"}}],"inLanguage":"fr-FR"},{"@type":"Organization","@id":"https:\/\/www.uartes.edu.ec\/sitio\/fr\/#organization","name":"Universidad de las Artes","url":"https:\/\/www.uartes.edu.ec\/sitio\/fr\/","logo":{"@type":"ImageObject","inLanguage":"fr-FR","@id":"https:\/\/www.uartes.edu.ec\/sitio\/fr\/#\/schema\/logo\/image\/","url":"https:\/\/www.uartes.edu.ec\/sitio\/wp-content\/uploads\/2022\/07\/logo-ua-horizontal.png","contentUrl":"https:\/\/www.uartes.edu.ec\/sitio\/wp-content\/uploads\/2022\/07\/logo-ua-horizontal.png","width":800,"height":276,"caption":"Universidad de las Artes"},"image":{"@id":"https:\/\/www.uartes.edu.ec\/sitio\/fr\/#\/schema\/logo\/image\/"},"sameAs":["https:\/\/www.facebook.com\/uartesec","https:\/\/x.com\/uartesec","https:\/\/www.tiktok.com\/@uartesec"]},{"@type":"Person","@id":"https:\/\/www.uartes.edu.ec\/sitio\/fr\/#\/schema\/person\/efa1b8275797664fd7f13a79ccc0b1f4","name":"ccortez","image":{"@type":"ImageObject","inLanguage":"fr-FR","@id":"https:\/\/secure.gravatar.com\/avatar\/b2a6f664a3ae8e074346ef91775736c5ec479e637ecced6842de9dc98b5da9cd?s=96&d=mm&r=g","url":"https:\/\/secure.gravatar.com\/avatar\/b2a6f664a3ae8e074346ef91775736c5ec479e637ecced6842de9dc98b5da9cd?s=96&d=mm&r=g","contentUrl":"https:\/\/secure.gravatar.com\/avatar\/b2a6f664a3ae8e074346ef91775736c5ec479e637ecced6842de9dc98b5da9cd?s=96&d=mm&r=g","caption":"ccortez"},"url":"https:\/\/www.uartes.edu.ec\/sitio\/fr\/blog\/author\/ccortez\/"}]}},"uagb_featured_image_src":{"full":["https:\/\/www.uartes.edu.ec\/sitio\/wp-content\/uploads\/2021\/10\/UNAE-CONGRESO-web.webp",2000,1333,false],"thumbnail":["https:\/\/www.uartes.edu.ec\/sitio\/wp-content\/uploads\/2021\/10\/UNAE-CONGRESO-web.webp",150,100,false],"medium":["https:\/\/www.uartes.edu.ec\/sitio\/wp-content\/uploads\/2021\/10\/UNAE-CONGRESO-web.webp",300,200,false],"medium_large":["https:\/\/www.uartes.edu.ec\/sitio\/wp-content\/uploads\/2021\/10\/UNAE-CONGRESO-web.webp",768,512,false],"large":["https:\/\/www.uartes.edu.ec\/sitio\/wp-content\/uploads\/2021\/10\/UNAE-CONGRESO-web.webp",644,429,false],"1536x1536":["https:\/\/www.uartes.edu.ec\/sitio\/wp-content\/uploads\/2021\/10\/UNAE-CONGRESO-web.webp",1536,1024,false],"2048x2048":["https:\/\/www.uartes.edu.ec\/sitio\/wp-content\/uploads\/2021\/10\/UNAE-CONGRESO-web.webp",2000,1333,false],"trp-custom-language-flag":["https:\/\/www.uartes.edu.ec\/sitio\/wp-content\/uploads\/2021\/10\/UNAE-CONGRESO-web.webp",18,12,false],"htmega_size_585x295":["https:\/\/www.uartes.edu.ec\/sitio\/wp-content\/uploads\/2021\/10\/UNAE-CONGRESO-web.webp",443,295,false],"htmega_size_1170x536":["https:\/\/www.uartes.edu.ec\/sitio\/wp-content\/uploads\/2021\/10\/UNAE-CONGRESO-web.webp",804,536,false],"htmega_size_396x360":["https:\/\/www.uartes.edu.ec\/sitio\/wp-content\/uploads\/2021\/10\/UNAE-CONGRESO-web.webp",396,264,false],"gb-block-post-grid-landscape":["https:\/\/www.uartes.edu.ec\/sitio\/wp-content\/uploads\/2021\/10\/UNAE-CONGRESO-web.webp",600,400,false],"gb-block-post-grid-square":["https:\/\/www.uartes.edu.ec\/sitio\/wp-content\/uploads\/2021\/10\/UNAE-CONGRESO-web.webp",600,400,false],"university-hub-thumb":["https:\/\/www.uartes.edu.ec\/sitio\/wp-content\/uploads\/2021\/10\/UNAE-CONGRESO-web.webp",400,267,false]},"uagb_author_info":{"display_name":"ccortez","author_link":"https:\/\/www.uartes.edu.ec\/sitio\/fr\/blog\/author\/ccortez\/"},"uagb_comment_info":0,"uagb_excerpt":"Seis conferencias magistrales, seis mesas de di\u00e1logo acopladas a cada conferencia magistral y ponencias de acad\u00e9micos que abordan los ejes tem\u00e1ticos propuestos para la cita. Es la estructura programada para el I Congreso Internacional en Pedagog\u00edas en Artes y Humanidades, que tendr\u00e1 lugar de manera virtual los d\u00edas 27, 28 y 29 de octubre de\u2026","featured_image_src":"https:\/\/www.uartes.edu.ec\/sitio\/wp-content\/uploads\/2021\/10\/UNAE-CONGRESO-web.webp","featured_image_src_square":"https:\/\/www.uartes.edu.ec\/sitio\/wp-content\/uploads\/2021\/10\/UNAE-CONGRESO-web.webp","author_info":{"display_name":"ccortez","author_link":"https:\/\/www.uartes.edu.ec\/sitio\/fr\/blog\/author\/ccortez\/"},"publishpress_future_workflow_manual_trigger":{"enabledWorkflows":[]},"distributor_meta":false,"distributor_terms":false,"distributor_media":false,"distributor_original_site_name":"Universidad de las Artes","distributor_original_site_url":"https:\/\/www.uartes.edu.ec\/sitio\/fr","push-errors":false,"_links":{"self":[{"href":"https:\/\/www.uartes.edu.ec\/sitio\/fr\/wp-json\/wp\/v2\/posts\/16331","targetHints":{"allow":["GET"]}}],"collection":[{"href":"https:\/\/www.uartes.edu.ec\/sitio\/fr\/wp-json\/wp\/v2\/posts"}],"about":[{"href":"https:\/\/www.uartes.edu.ec\/sitio\/fr\/wp-json\/wp\/v2\/types\/post"}],"author":[{"embeddable":true,"href":"https:\/\/www.uartes.edu.ec\/sitio\/fr\/wp-json\/wp\/v2\/users\/10"}],"replies":[{"embeddable":true,"href":"https:\/\/www.uartes.edu.ec\/sitio\/fr\/wp-json\/wp\/v2\/comments?post=16331"}],"version-history":[{"count":6,"href":"https:\/\/www.uartes.edu.ec\/sitio\/fr\/wp-json\/wp\/v2\/posts\/16331\/revisions"}],"predecessor-version":[{"id":57011,"href":"https:\/\/www.uartes.edu.ec\/sitio\/fr\/wp-json\/wp\/v2\/posts\/16331\/revisions\/57011"}],"wp:featuredmedia":[{"embeddable":true,"href":"https:\/\/www.uartes.edu.ec\/sitio\/fr\/wp-json\/wp\/v2\/media\/16344"}],"wp:attachment":[{"href":"https:\/\/www.uartes.edu.ec\/sitio\/fr\/wp-json\/wp\/v2\/media?parent=16331"}],"wp:term":[{"taxonomy":"category","embeddable":true,"href":"https:\/\/www.uartes.edu.ec\/sitio\/fr\/wp-json\/wp\/v2\/categories?post=16331"},{"taxonomy":"post_tag","embeddable":true,"href":"https:\/\/www.uartes.edu.ec\/sitio\/fr\/wp-json\/wp\/v2\/tags?post=16331"},{"taxonomy":"infouartes","embeddable":true,"href":"https:\/\/www.uartes.edu.ec\/sitio\/fr\/wp-json\/wp\/v2\/infouartes?post=16331"}],"curies":[{"name":"wp","href":"https:\/\/api.w.org\/{rel}","templated":true}]}}