{"id":16333,"date":"2021-10-19T17:06:00","date_gmt":"2021-10-19T22:06:00","guid":{"rendered":"http:\/\/www.uartes.edu.ec\/sitio\/?p=16333"},"modified":"2024-07-04T11:25:29","modified_gmt":"2024-07-04T16:25:29","slug":"samay-suriaga-y-actos-de-rebelion-el-ep-de-musica-electronica-que-presento-como-tesis","status":"publish","type":"post","link":"https:\/\/www.uartes.edu.ec\/sitio\/fr\/blog\/2021\/10\/19\/samay-suriaga-y-actos-de-rebelion-el-ep-de-musica-electronica-que-presento-como-tesis\/","title":{"rendered":"Samay Suriaga y \u201cActos de rebeli\u00f3n\u201d, el EP de m\u00fasica electr\u00f3nica que present\u00f3 como tesis"},"content":{"rendered":"<p>La hoy licenciada Samay Suriaga Salas comparte con InfoUArtes los detalles del trabajo final que sustent\u00f3 en modalidad virtual en septiembre pasado, previo a la obtenci\u00f3n del t\u00edtulo en la carrera de Producci\u00f3n Musical de la Escuela de Artes Sonoras de la Universidad de las Artes. Aqu\u00ed su texto:<\/p>\n\n\n\n<p><em>Actos de rebeli\u00f3n<\/em> es un EP de m\u00fasica electr\u00f3nica experimental colaborativo entre artistas femeninas y productoras musicales del Ecuador, conformado por cuatro temas de electr\u00f3nica experimental con influencias de IDM, TECHNO, HOUSE, HYPERPOP y otros subg\u00e9neros. Es un EP musical que busc\u00f3 dar un espacio sonoro para que otras artistas puedan expresarse a trav\u00e9s de este. Estuvo conformado por una productora musical, quien es la autora de este proyecto, y tres colaboradoras de Guayaquil y Riobamba.<\/p>\n\n\n\n<p>Estas composiciones musicales buscaron expresar el rechazo hacia los prejuicios heteronormativos y discriminatorios, as\u00ed como la defensa al derecho de existir de una forma consecuente con la propia individualidad y de habitar de manera distinta los esquemas r\u00edgidos que sugieren las normativas sociales y que han sido construidos desde prejuicios. Asimismo, las letras de las canciones abordan temas sobre el rechazo a los est\u00e1ndares de g\u00e9nero que se han impuesto socialmente sobre el feminismo y el lesbo-feminismo.<\/p>\n\n\n\n<figure class=\"wp-block-image size-full\"><img fetchpriority=\"high\" decoding=\"async\" width=\"2000\" height=\"1333\" src=\"http:\/\/www.uartes.edu.ec\/sitio\/wp-content\/uploads\/2021\/10\/02-SAMAY-WEB.webp\" alt=\"\" class=\"wp-image-16336\" \/><\/figure>\n\n\n\n<p>\u00bfPor qu\u00e9 eleg\u00ed hacer una colaboraci\u00f3n musical compositiva, cu\u00e1l fue la propuesta art\u00edstica de esta? La idea surgi\u00f3 de la necesidad de conexi\u00f3n desde una visi\u00f3n individual m\u00eda para poder relacionarme con otros seres art\u00edsticos que se encuentran en el mismo proceso creativo, es decir, artistas emergentes. El sentir que estamos creando algo a partir de un grupo donde se percibi\u00f3 armon\u00eda y bienestar, donde la motivaci\u00f3n fue crear de una forma interpersonal. Eleg\u00ed trabajar con mujeres porque es el g\u00e9nero al que pertenezco, por ello he experimentado la falta de visibilidad que existe de involucrar a mujeres artistas en eventos, colaboraciones, etc. Por lo tanto, fue una necesidad art\u00edstica vista tambi\u00e9n de un modo reivindicativo el producir con artistas talentosas, donde hay una admiraci\u00f3n mutua.<\/p>\n\n\n\n<p>Durante la sustentaci\u00f3n de mi trabajo final tuve el agrado de que los miembros tribunales de mi tesis fueran mujeres, a excepci\u00f3n de mi tutor. Haber tenido como jurado a dos mujeres profesoras de la universidad me alegro, ya que pudieron entender la visi\u00f3n y el porqu\u00e9 de la creaci\u00f3n de este EP. Nosotras, m\u00e1s que nada, sabemos que en este entorno hay muy poca visibilidad de nuestros trabajos, incluso se llega a dudar de nuestras capacidades.<\/p>\n\n\n\n<p>Con la creaci\u00f3n de este EP tuve la oportunidad de participar en el Centro de Producci\u00f3n e Innovaci\u00f3n MZ14. Me invitaron a tocar y present\u00e9 los temas de este disco, junto a una de las colaboradoras. Gracias a la idea de la creaci\u00f3n de este disco colaborativo surgi\u00f3 la creaci\u00f3n de Plataforma Violeta, un espacio para difundir m\u00fasica de artistas emergentes de g\u00e9nero femenino y no binario. Soy su co-fundadora junto a otra artista m\u00e1s que particip\u00f3 en este EP. Asimismo, grabamos una sesi\u00f3n en vivo de las canciones de este disco en este espacio que estamos creando.<\/p>\n\n\n\n<p>Texto e im\u00e1genes: Samay Suriaga<\/p>\n\n\n\n<p>Link del disco:<br>SoundCloud: <a href=\"https:\/\/soundcloud.com\/samay-suriaga\/sets\/ep-colaborativo-de-musica-electronica-experimental-con-artistas-femeninas-del-ecuador?si=e1e258c2ad784a219094ea6cb0448e84\">https:\/\/soundcloud.com\/samay-suriaga\/sets\/ep-colaborativo-de-musica-electronica-experimental-con-artistas-femeninas-del-ecuador?si=e1e258c2ad784a219094ea6cb0448e84<\/a><\/p>\n\n\n\n<p>Presentaci\u00f3n del disco en MZ14:<br><a href=\"https:\/\/www.youtube.com\/watch?v=6YdxbZKOxPE&amp;t=1760s\">https:\/\/www.youtube.com\/watch?v=6YdxbZKOxPE&amp;t=1760s<\/a><\/p>","protected":false},"excerpt":{"rendered":"<p>Actos de rebeli\u00f3n es un EP de m\u00fasica electr\u00f3nica experimental colaborativo entre artistas femeninas y productoras musicales del Ecuador. Lo present\u00f3 Samay Suriaga como trabajo final de tesis, previo a la obtenci\u00f3n de su licenciatura en Producci\u00f3n Musical, carrera de la Escuela de Artes Sonoras de la Universidad de las Artes.<\/p>","protected":false},"author":10,"featured_media":16337,"comment_status":"open","ping_status":"open","sticky":false,"template":"","format":"standard","meta":{"_acf_changed":false,"_uag_custom_page_level_css":"","_monsterinsights_skip_tracking":false,"_monsterinsights_sitenote_active":false,"_monsterinsights_sitenote_note":"","_monsterinsights_sitenote_category":0,"cybocfi_hide_featured_image":"","footnotes":""},"categories":[80,150,76,284],"tags":[518],"infouartes":[],"class_list":["post-16333","post","type-post","status-publish","format-standard","has-post-thumbnail","hentry","category-academico","category-artes-sonoras","category-estudiantes","category-investigacion","tag-produccion"],"acf":[],"yoast_head":"<!-- This site is optimized with the Yoast SEO plugin v27.4 - https:\/\/yoast.com\/product\/yoast-seo-wordpress\/ -->\n<title>Universidad de las Artes - Samay Suriaga y \u201cActos de rebeli\u00f3n\u201d, el EP de m\u00fasica electr\u00f3nica que present\u00f3 como tesis<\/title>\n<meta name=\"description\" content=\"Universidad de las Artes - Samay Suriaga y \u201cActos de rebeli\u00f3n\u201d, el EP de m\u00fasica electr\u00f3nica que present\u00f3 como tesis\" \/>\n<meta name=\"robots\" content=\"index, follow, max-snippet:-1, max-image-preview:large, max-video-preview:-1\" \/>\n<link rel=\"canonical\" href=\"https:\/\/www.uartes.edu.ec\/sitio\/fr\/blog\/2021\/10\/19\/samay-suriaga-y-actos-de-rebelion-el-ep-de-musica-electronica-que-presento-como-tesis\/\" \/>\n<meta property=\"og:locale\" content=\"fr_FR\" \/>\n<meta property=\"og:type\" content=\"article\" \/>\n<meta property=\"og:title\" content=\"Universidad de las Artes - Samay Suriaga y \u201cActos de rebeli\u00f3n\u201d, el EP de m\u00fasica electr\u00f3nica que present\u00f3 como tesis\" \/>\n<meta property=\"og:description\" content=\"Universidad de las Artes - Samay Suriaga y \u201cActos de rebeli\u00f3n\u201d, el EP de m\u00fasica electr\u00f3nica que present\u00f3 como tesis\" \/>\n<meta property=\"og:url\" content=\"https:\/\/www.uartes.edu.ec\/sitio\/fr\/blog\/2021\/10\/19\/samay-suriaga-y-actos-de-rebelion-el-ep-de-musica-electronica-que-presento-como-tesis\/\" \/>\n<meta property=\"og:site_name\" content=\"Universidad de las Artes\" \/>\n<meta property=\"article:publisher\" content=\"https:\/\/www.facebook.com\/uartesec\" \/>\n<meta property=\"article:published_time\" content=\"2021-10-19T22:06:00+00:00\" \/>\n<meta property=\"article:modified_time\" content=\"2024-07-04T16:25:29+00:00\" \/>\n<meta property=\"og:image\" content=\"https:\/\/www.uartes.edu.ec\/sitio\/wp-content\/uploads\/2021\/10\/01-SAMAY-WEB.webp\" \/>\n\t<meta property=\"og:image:width\" content=\"2000\" \/>\n\t<meta property=\"og:image:height\" content=\"1333\" \/>\n\t<meta property=\"og:image:type\" content=\"image\/webp\" \/>\n<meta name=\"author\" content=\"ccortez\" \/>\n<meta name=\"twitter:card\" content=\"summary_large_image\" \/>\n<meta name=\"twitter:creator\" content=\"@uartesec\" \/>\n<meta name=\"twitter:site\" content=\"@uartesec\" \/>\n<meta name=\"twitter:label1\" content=\"\u00c9crit par\" \/>\n\t<meta name=\"twitter:data1\" content=\"ccortez\" \/>\n\t<meta name=\"twitter:label2\" content=\"Dur\u00e9e de lecture estim\u00e9e\" \/>\n\t<meta name=\"twitter:data2\" content=\"3 minutes\" \/>\n<script type=\"application\/ld+json\" class=\"yoast-schema-graph\">{\"@context\":\"https:\\\/\\\/schema.org\",\"@graph\":[{\"@type\":\"Article\",\"@id\":\"https:\\\/\\\/www.uartes.edu.ec\\\/sitio\\\/fr\\\/blog\\\/2021\\\/10\\\/19\\\/samay-suriaga-y-actos-de-rebelion-el-ep-de-musica-electronica-que-presento-como-tesis\\\/#article\",\"isPartOf\":{\"@id\":\"https:\\\/\\\/www.uartes.edu.ec\\\/sitio\\\/fr\\\/blog\\\/2021\\\/10\\\/19\\\/samay-suriaga-y-actos-de-rebelion-el-ep-de-musica-electronica-que-presento-como-tesis\\\/\"},\"author\":{\"name\":\"ccortez\",\"@id\":\"https:\\\/\\\/www.uartes.edu.ec\\\/sitio\\\/fr\\\/#\\\/schema\\\/person\\\/efa1b8275797664fd7f13a79ccc0b1f4\"},\"headline\":\"Samay Suriaga y \u201cActos de rebeli\u00f3n\u201d, el EP de m\u00fasica electr\u00f3nica que present\u00f3 como tesis\",\"datePublished\":\"2021-10-19T22:06:00+00:00\",\"dateModified\":\"2024-07-04T16:25:29+00:00\",\"mainEntityOfPage\":{\"@id\":\"https:\\\/\\\/www.uartes.edu.ec\\\/sitio\\\/fr\\\/blog\\\/2021\\\/10\\\/19\\\/samay-suriaga-y-actos-de-rebelion-el-ep-de-musica-electronica-que-presento-como-tesis\\\/\"},\"wordCount\":601,\"commentCount\":0,\"publisher\":{\"@id\":\"https:\\\/\\\/www.uartes.edu.ec\\\/sitio\\\/fr\\\/#organization\"},\"image\":{\"@id\":\"https:\\\/\\\/www.uartes.edu.ec\\\/sitio\\\/fr\\\/blog\\\/2021\\\/10\\\/19\\\/samay-suriaga-y-actos-de-rebelion-el-ep-de-musica-electronica-que-presento-como-tesis\\\/#primaryimage\"},\"thumbnailUrl\":\"https:\\\/\\\/www.uartes.edu.ec\\\/sitio\\\/wp-content\\\/uploads\\\/2021\\\/10\\\/01-SAMAY-WEB.webp\",\"keywords\":[\"producci\u00f3n\"],\"articleSection\":[\"Acad\u00e9mico\",\"Artes Sonoras\",\"Estudiantes\",\"Investigaci\u00f3n\"],\"inLanguage\":\"fr-FR\",\"potentialAction\":[{\"@type\":\"CommentAction\",\"name\":\"Comment\",\"target\":[\"https:\\\/\\\/www.uartes.edu.ec\\\/sitio\\\/fr\\\/blog\\\/2021\\\/10\\\/19\\\/samay-suriaga-y-actos-de-rebelion-el-ep-de-musica-electronica-que-presento-como-tesis\\\/#respond\"]}]},{\"@type\":[\"WebPage\",\"ItemPage\"],\"@id\":\"https:\\\/\\\/www.uartes.edu.ec\\\/sitio\\\/fr\\\/blog\\\/2021\\\/10\\\/19\\\/samay-suriaga-y-actos-de-rebelion-el-ep-de-musica-electronica-que-presento-como-tesis\\\/\",\"url\":\"https:\\\/\\\/www.uartes.edu.ec\\\/sitio\\\/fr\\\/blog\\\/2021\\\/10\\\/19\\\/samay-suriaga-y-actos-de-rebelion-el-ep-de-musica-electronica-que-presento-como-tesis\\\/\",\"name\":\"Universidad de las Artes - Samay Suriaga y \u201cActos de rebeli\u00f3n\u201d, el EP de m\u00fasica electr\u00f3nica que present\u00f3 como tesis\",\"isPartOf\":{\"@id\":\"https:\\\/\\\/www.uartes.edu.ec\\\/sitio\\\/fr\\\/#website\"},\"primaryImageOfPage\":{\"@id\":\"https:\\\/\\\/www.uartes.edu.ec\\\/sitio\\\/fr\\\/blog\\\/2021\\\/10\\\/19\\\/samay-suriaga-y-actos-de-rebelion-el-ep-de-musica-electronica-que-presento-como-tesis\\\/#primaryimage\"},\"image\":{\"@id\":\"https:\\\/\\\/www.uartes.edu.ec\\\/sitio\\\/fr\\\/blog\\\/2021\\\/10\\\/19\\\/samay-suriaga-y-actos-de-rebelion-el-ep-de-musica-electronica-que-presento-como-tesis\\\/#primaryimage\"},\"thumbnailUrl\":\"https:\\\/\\\/www.uartes.edu.ec\\\/sitio\\\/wp-content\\\/uploads\\\/2021\\\/10\\\/01-SAMAY-WEB.webp\",\"datePublished\":\"2021-10-19T22:06:00+00:00\",\"dateModified\":\"2024-07-04T16:25:29+00:00\",\"description\":\"Universidad de las Artes - Samay Suriaga y \u201cActos de rebeli\u00f3n\u201d, el EP de m\u00fasica electr\u00f3nica que present\u00f3 como tesis\",\"breadcrumb\":{\"@id\":\"https:\\\/\\\/www.uartes.edu.ec\\\/sitio\\\/fr\\\/blog\\\/2021\\\/10\\\/19\\\/samay-suriaga-y-actos-de-rebelion-el-ep-de-musica-electronica-que-presento-como-tesis\\\/#breadcrumb\"},\"inLanguage\":\"fr-FR\",\"potentialAction\":[{\"@type\":\"ReadAction\",\"target\":[\"https:\\\/\\\/www.uartes.edu.ec\\\/sitio\\\/fr\\\/blog\\\/2021\\\/10\\\/19\\\/samay-suriaga-y-actos-de-rebelion-el-ep-de-musica-electronica-que-presento-como-tesis\\\/\"]}]},{\"@type\":\"ImageObject\",\"inLanguage\":\"fr-FR\",\"@id\":\"https:\\\/\\\/www.uartes.edu.ec\\\/sitio\\\/fr\\\/blog\\\/2021\\\/10\\\/19\\\/samay-suriaga-y-actos-de-rebelion-el-ep-de-musica-electronica-que-presento-como-tesis\\\/#primaryimage\",\"url\":\"https:\\\/\\\/www.uartes.edu.ec\\\/sitio\\\/wp-content\\\/uploads\\\/2021\\\/10\\\/01-SAMAY-WEB.webp\",\"contentUrl\":\"https:\\\/\\\/www.uartes.edu.ec\\\/sitio\\\/wp-content\\\/uploads\\\/2021\\\/10\\\/01-SAMAY-WEB.webp\",\"width\":2000,\"height\":1333},{\"@type\":\"BreadcrumbList\",\"@id\":\"https:\\\/\\\/www.uartes.edu.ec\\\/sitio\\\/fr\\\/blog\\\/2021\\\/10\\\/19\\\/samay-suriaga-y-actos-de-rebelion-el-ep-de-musica-electronica-que-presento-como-tesis\\\/#breadcrumb\",\"itemListElement\":[{\"@type\":\"ListItem\",\"position\":1,\"name\":\"Inicio\",\"item\":\"https:\\\/\\\/www.uartes.edu.ec\\\/sitio\\\/\"},{\"@type\":\"ListItem\",\"position\":2,\"name\":\"Samay Suriaga y \u201cActos de rebeli\u00f3n\u201d, el EP de m\u00fasica electr\u00f3nica que present\u00f3 como tesis\"}]},{\"@type\":\"WebSite\",\"@id\":\"https:\\\/\\\/www.uartes.edu.ec\\\/sitio\\\/fr\\\/#website\",\"url\":\"https:\\\/\\\/www.uartes.edu.ec\\\/sitio\\\/fr\\\/\",\"name\":\"Universidad de las Artes\",\"description\":\"Sitio oficial de la Universidad Nacional de las Artes del Ecuador\",\"publisher\":{\"@id\":\"https:\\\/\\\/www.uartes.edu.ec\\\/sitio\\\/fr\\\/#organization\"},\"potentialAction\":[{\"@type\":\"SearchAction\",\"target\":{\"@type\":\"EntryPoint\",\"urlTemplate\":\"https:\\\/\\\/www.uartes.edu.ec\\\/sitio\\\/fr\\\/?s={search_term_string}\"},\"query-input\":{\"@type\":\"PropertyValueSpecification\",\"valueRequired\":true,\"valueName\":\"search_term_string\"}}],\"inLanguage\":\"fr-FR\"},{\"@type\":\"Organization\",\"@id\":\"https:\\\/\\\/www.uartes.edu.ec\\\/sitio\\\/fr\\\/#organization\",\"name\":\"Universidad de las Artes\",\"url\":\"https:\\\/\\\/www.uartes.edu.ec\\\/sitio\\\/fr\\\/\",\"logo\":{\"@type\":\"ImageObject\",\"inLanguage\":\"fr-FR\",\"@id\":\"https:\\\/\\\/www.uartes.edu.ec\\\/sitio\\\/fr\\\/#\\\/schema\\\/logo\\\/image\\\/\",\"url\":\"https:\\\/\\\/www.uartes.edu.ec\\\/sitio\\\/wp-content\\\/uploads\\\/2022\\\/07\\\/logo-ua-horizontal.png\",\"contentUrl\":\"https:\\\/\\\/www.uartes.edu.ec\\\/sitio\\\/wp-content\\\/uploads\\\/2022\\\/07\\\/logo-ua-horizontal.png\",\"width\":800,\"height\":276,\"caption\":\"Universidad de las Artes\"},\"image\":{\"@id\":\"https:\\\/\\\/www.uartes.edu.ec\\\/sitio\\\/fr\\\/#\\\/schema\\\/logo\\\/image\\\/\"},\"sameAs\":[\"https:\\\/\\\/www.facebook.com\\\/uartesec\",\"https:\\\/\\\/x.com\\\/uartesec\",\"https:\\\/\\\/www.tiktok.com\\\/@uartesec\"]},{\"@type\":\"Person\",\"@id\":\"https:\\\/\\\/www.uartes.edu.ec\\\/sitio\\\/fr\\\/#\\\/schema\\\/person\\\/efa1b8275797664fd7f13a79ccc0b1f4\",\"name\":\"ccortez\",\"image\":{\"@type\":\"ImageObject\",\"inLanguage\":\"fr-FR\",\"@id\":\"https:\\\/\\\/secure.gravatar.com\\\/avatar\\\/b2a6f664a3ae8e074346ef91775736c5ec479e637ecced6842de9dc98b5da9cd?s=96&d=mm&r=g\",\"url\":\"https:\\\/\\\/secure.gravatar.com\\\/avatar\\\/b2a6f664a3ae8e074346ef91775736c5ec479e637ecced6842de9dc98b5da9cd?s=96&d=mm&r=g\",\"contentUrl\":\"https:\\\/\\\/secure.gravatar.com\\\/avatar\\\/b2a6f664a3ae8e074346ef91775736c5ec479e637ecced6842de9dc98b5da9cd?s=96&d=mm&r=g\",\"caption\":\"ccortez\"},\"url\":\"https:\\\/\\\/www.uartes.edu.ec\\\/sitio\\\/fr\\\/blog\\\/author\\\/ccortez\\\/\"}]}<\/script>\n<!-- \/ Yoast SEO plugin. -->","yoast_head_json":{"title":"Universidad de las Artes - Samay Suriaga y \u201cActos de rebeli\u00f3n\u201d, el EP de m\u00fasica electr\u00f3nica que present\u00f3 como tesis","description":"Universidad de las Artes - Samay Suriaga y \u201cActos de rebeli\u00f3n\u201d, el EP de m\u00fasica electr\u00f3nica que present\u00f3 como tesis","robots":{"index":"index","follow":"follow","max-snippet":"max-snippet:-1","max-image-preview":"max-image-preview:large","max-video-preview":"max-video-preview:-1"},"canonical":"https:\/\/www.uartes.edu.ec\/sitio\/fr\/blog\/2021\/10\/19\/samay-suriaga-y-actos-de-rebelion-el-ep-de-musica-electronica-que-presento-como-tesis\/","og_locale":"fr_FR","og_type":"article","og_title":"Universidad de las Artes - Samay Suriaga y \u201cActos de rebeli\u00f3n\u201d, el EP de m\u00fasica electr\u00f3nica que present\u00f3 como tesis","og_description":"Universidad de las Artes - Samay Suriaga y \u201cActos de rebeli\u00f3n\u201d, el EP de m\u00fasica electr\u00f3nica que present\u00f3 como tesis","og_url":"https:\/\/www.uartes.edu.ec\/sitio\/fr\/blog\/2021\/10\/19\/samay-suriaga-y-actos-de-rebelion-el-ep-de-musica-electronica-que-presento-como-tesis\/","og_site_name":"Universidad de las Artes","article_publisher":"https:\/\/www.facebook.com\/uartesec","article_published_time":"2021-10-19T22:06:00+00:00","article_modified_time":"2024-07-04T16:25:29+00:00","og_image":[{"width":2000,"height":1333,"url":"https:\/\/www.uartes.edu.ec\/sitio\/wp-content\/uploads\/2021\/10\/01-SAMAY-WEB.webp","type":"image\/webp"}],"author":"ccortez","twitter_card":"summary_large_image","twitter_creator":"@uartesec","twitter_site":"@uartesec","twitter_misc":{"\u00c9crit par":"ccortez","Dur\u00e9e de lecture estim\u00e9e":"3 minutes"},"schema":{"@context":"https:\/\/schema.org","@graph":[{"@type":"Article","@id":"https:\/\/www.uartes.edu.ec\/sitio\/fr\/blog\/2021\/10\/19\/samay-suriaga-y-actos-de-rebelion-el-ep-de-musica-electronica-que-presento-como-tesis\/#article","isPartOf":{"@id":"https:\/\/www.uartes.edu.ec\/sitio\/fr\/blog\/2021\/10\/19\/samay-suriaga-y-actos-de-rebelion-el-ep-de-musica-electronica-que-presento-como-tesis\/"},"author":{"name":"ccortez","@id":"https:\/\/www.uartes.edu.ec\/sitio\/fr\/#\/schema\/person\/efa1b8275797664fd7f13a79ccc0b1f4"},"headline":"Samay Suriaga y \u201cActos de rebeli\u00f3n\u201d, el EP de m\u00fasica electr\u00f3nica que present\u00f3 como tesis","datePublished":"2021-10-19T22:06:00+00:00","dateModified":"2024-07-04T16:25:29+00:00","mainEntityOfPage":{"@id":"https:\/\/www.uartes.edu.ec\/sitio\/fr\/blog\/2021\/10\/19\/samay-suriaga-y-actos-de-rebelion-el-ep-de-musica-electronica-que-presento-como-tesis\/"},"wordCount":601,"commentCount":0,"publisher":{"@id":"https:\/\/www.uartes.edu.ec\/sitio\/fr\/#organization"},"image":{"@id":"https:\/\/www.uartes.edu.ec\/sitio\/fr\/blog\/2021\/10\/19\/samay-suriaga-y-actos-de-rebelion-el-ep-de-musica-electronica-que-presento-como-tesis\/#primaryimage"},"thumbnailUrl":"https:\/\/www.uartes.edu.ec\/sitio\/wp-content\/uploads\/2021\/10\/01-SAMAY-WEB.webp","keywords":["producci\u00f3n"],"articleSection":["Acad\u00e9mico","Artes Sonoras","Estudiantes","Investigaci\u00f3n"],"inLanguage":"fr-FR","potentialAction":[{"@type":"CommentAction","name":"Comment","target":["https:\/\/www.uartes.edu.ec\/sitio\/fr\/blog\/2021\/10\/19\/samay-suriaga-y-actos-de-rebelion-el-ep-de-musica-electronica-que-presento-como-tesis\/#respond"]}]},{"@type":["WebPage","ItemPage"],"@id":"https:\/\/www.uartes.edu.ec\/sitio\/fr\/blog\/2021\/10\/19\/samay-suriaga-y-actos-de-rebelion-el-ep-de-musica-electronica-que-presento-como-tesis\/","url":"https:\/\/www.uartes.edu.ec\/sitio\/fr\/blog\/2021\/10\/19\/samay-suriaga-y-actos-de-rebelion-el-ep-de-musica-electronica-que-presento-como-tesis\/","name":"Universidad de las Artes - Samay Suriaga y \u201cActos de rebeli\u00f3n\u201d, el EP de m\u00fasica electr\u00f3nica que present\u00f3 como tesis","isPartOf":{"@id":"https:\/\/www.uartes.edu.ec\/sitio\/fr\/#website"},"primaryImageOfPage":{"@id":"https:\/\/www.uartes.edu.ec\/sitio\/fr\/blog\/2021\/10\/19\/samay-suriaga-y-actos-de-rebelion-el-ep-de-musica-electronica-que-presento-como-tesis\/#primaryimage"},"image":{"@id":"https:\/\/www.uartes.edu.ec\/sitio\/fr\/blog\/2021\/10\/19\/samay-suriaga-y-actos-de-rebelion-el-ep-de-musica-electronica-que-presento-como-tesis\/#primaryimage"},"thumbnailUrl":"https:\/\/www.uartes.edu.ec\/sitio\/wp-content\/uploads\/2021\/10\/01-SAMAY-WEB.webp","datePublished":"2021-10-19T22:06:00+00:00","dateModified":"2024-07-04T16:25:29+00:00","description":"Universidad de las Artes - Samay Suriaga y \u201cActos de rebeli\u00f3n\u201d, el EP de m\u00fasica electr\u00f3nica que present\u00f3 como tesis","breadcrumb":{"@id":"https:\/\/www.uartes.edu.ec\/sitio\/fr\/blog\/2021\/10\/19\/samay-suriaga-y-actos-de-rebelion-el-ep-de-musica-electronica-que-presento-como-tesis\/#breadcrumb"},"inLanguage":"fr-FR","potentialAction":[{"@type":"ReadAction","target":["https:\/\/www.uartes.edu.ec\/sitio\/fr\/blog\/2021\/10\/19\/samay-suriaga-y-actos-de-rebelion-el-ep-de-musica-electronica-que-presento-como-tesis\/"]}]},{"@type":"ImageObject","inLanguage":"fr-FR","@id":"https:\/\/www.uartes.edu.ec\/sitio\/fr\/blog\/2021\/10\/19\/samay-suriaga-y-actos-de-rebelion-el-ep-de-musica-electronica-que-presento-como-tesis\/#primaryimage","url":"https:\/\/www.uartes.edu.ec\/sitio\/wp-content\/uploads\/2021\/10\/01-SAMAY-WEB.webp","contentUrl":"https:\/\/www.uartes.edu.ec\/sitio\/wp-content\/uploads\/2021\/10\/01-SAMAY-WEB.webp","width":2000,"height":1333},{"@type":"BreadcrumbList","@id":"https:\/\/www.uartes.edu.ec\/sitio\/fr\/blog\/2021\/10\/19\/samay-suriaga-y-actos-de-rebelion-el-ep-de-musica-electronica-que-presento-como-tesis\/#breadcrumb","itemListElement":[{"@type":"ListItem","position":1,"name":"Inicio","item":"https:\/\/www.uartes.edu.ec\/sitio\/"},{"@type":"ListItem","position":2,"name":"Samay Suriaga y \u201cActos de rebeli\u00f3n\u201d, el EP de m\u00fasica electr\u00f3nica que present\u00f3 como tesis"}]},{"@type":"WebSite","@id":"https:\/\/www.uartes.edu.ec\/sitio\/fr\/#website","url":"https:\/\/www.uartes.edu.ec\/sitio\/fr\/","name":"Universidad de las Artes","description":"Sitio oficial de la Universidad Nacional de las Artes del Ecuador","publisher":{"@id":"https:\/\/www.uartes.edu.ec\/sitio\/fr\/#organization"},"potentialAction":[{"@type":"SearchAction","target":{"@type":"EntryPoint","urlTemplate":"https:\/\/www.uartes.edu.ec\/sitio\/fr\/?s={search_term_string}"},"query-input":{"@type":"PropertyValueSpecification","valueRequired":true,"valueName":"search_term_string"}}],"inLanguage":"fr-FR"},{"@type":"Organization","@id":"https:\/\/www.uartes.edu.ec\/sitio\/fr\/#organization","name":"Universidad de las Artes","url":"https:\/\/www.uartes.edu.ec\/sitio\/fr\/","logo":{"@type":"ImageObject","inLanguage":"fr-FR","@id":"https:\/\/www.uartes.edu.ec\/sitio\/fr\/#\/schema\/logo\/image\/","url":"https:\/\/www.uartes.edu.ec\/sitio\/wp-content\/uploads\/2022\/07\/logo-ua-horizontal.png","contentUrl":"https:\/\/www.uartes.edu.ec\/sitio\/wp-content\/uploads\/2022\/07\/logo-ua-horizontal.png","width":800,"height":276,"caption":"Universidad de las Artes"},"image":{"@id":"https:\/\/www.uartes.edu.ec\/sitio\/fr\/#\/schema\/logo\/image\/"},"sameAs":["https:\/\/www.facebook.com\/uartesec","https:\/\/x.com\/uartesec","https:\/\/www.tiktok.com\/@uartesec"]},{"@type":"Person","@id":"https:\/\/www.uartes.edu.ec\/sitio\/fr\/#\/schema\/person\/efa1b8275797664fd7f13a79ccc0b1f4","name":"ccortez","image":{"@type":"ImageObject","inLanguage":"fr-FR","@id":"https:\/\/secure.gravatar.com\/avatar\/b2a6f664a3ae8e074346ef91775736c5ec479e637ecced6842de9dc98b5da9cd?s=96&d=mm&r=g","url":"https:\/\/secure.gravatar.com\/avatar\/b2a6f664a3ae8e074346ef91775736c5ec479e637ecced6842de9dc98b5da9cd?s=96&d=mm&r=g","contentUrl":"https:\/\/secure.gravatar.com\/avatar\/b2a6f664a3ae8e074346ef91775736c5ec479e637ecced6842de9dc98b5da9cd?s=96&d=mm&r=g","caption":"ccortez"},"url":"https:\/\/www.uartes.edu.ec\/sitio\/fr\/blog\/author\/ccortez\/"}]}},"uagb_featured_image_src":{"full":["https:\/\/www.uartes.edu.ec\/sitio\/wp-content\/uploads\/2021\/10\/01-SAMAY-WEB.webp",2000,1333,false],"thumbnail":["https:\/\/www.uartes.edu.ec\/sitio\/wp-content\/uploads\/2021\/10\/01-SAMAY-WEB.webp",150,100,false],"medium":["https:\/\/www.uartes.edu.ec\/sitio\/wp-content\/uploads\/2021\/10\/01-SAMAY-WEB.webp",300,200,false],"medium_large":["https:\/\/www.uartes.edu.ec\/sitio\/wp-content\/uploads\/2021\/10\/01-SAMAY-WEB.webp",768,512,false],"large":["https:\/\/www.uartes.edu.ec\/sitio\/wp-content\/uploads\/2021\/10\/01-SAMAY-WEB.webp",644,429,false],"1536x1536":["https:\/\/www.uartes.edu.ec\/sitio\/wp-content\/uploads\/2021\/10\/01-SAMAY-WEB.webp",1536,1024,false],"2048x2048":["https:\/\/www.uartes.edu.ec\/sitio\/wp-content\/uploads\/2021\/10\/01-SAMAY-WEB.webp",2000,1333,false],"trp-custom-language-flag":["https:\/\/www.uartes.edu.ec\/sitio\/wp-content\/uploads\/2021\/10\/01-SAMAY-WEB.webp",18,12,false],"htmega_size_585x295":["https:\/\/www.uartes.edu.ec\/sitio\/wp-content\/uploads\/2021\/10\/01-SAMAY-WEB.webp",443,295,false],"htmega_size_1170x536":["https:\/\/www.uartes.edu.ec\/sitio\/wp-content\/uploads\/2021\/10\/01-SAMAY-WEB.webp",804,536,false],"htmega_size_396x360":["https:\/\/www.uartes.edu.ec\/sitio\/wp-content\/uploads\/2021\/10\/01-SAMAY-WEB.webp",396,264,false],"gb-block-post-grid-landscape":["https:\/\/www.uartes.edu.ec\/sitio\/wp-content\/uploads\/2021\/10\/01-SAMAY-WEB.webp",600,400,false],"gb-block-post-grid-square":["https:\/\/www.uartes.edu.ec\/sitio\/wp-content\/uploads\/2021\/10\/01-SAMAY-WEB.webp",600,400,false],"university-hub-thumb":["https:\/\/www.uartes.edu.ec\/sitio\/wp-content\/uploads\/2021\/10\/01-SAMAY-WEB.webp",400,267,false],"mailpoet_newsletter_max":["https:\/\/www.uartes.edu.ec\/sitio\/wp-content\/uploads\/2021\/10\/01-SAMAY-WEB.webp",1320,880,false]},"uagb_author_info":{"display_name":"ccortez","author_link":"https:\/\/www.uartes.edu.ec\/sitio\/fr\/blog\/author\/ccortez\/"},"uagb_comment_info":0,"uagb_excerpt":"Actos de rebeli\u00f3n es un EP de m\u00fasica electr\u00f3nica experimental colaborativo entre artistas femeninas y productoras musicales del Ecuador. Lo present\u00f3 Samay Suriaga como trabajo final de tesis, previo a la obtenci\u00f3n de su licenciatura en Producci\u00f3n Musical, carrera de la Escuela de Artes Sonoras de la Universidad de las Artes.","featured_image_src":"https:\/\/www.uartes.edu.ec\/sitio\/wp-content\/uploads\/2021\/10\/01-SAMAY-WEB.webp","featured_image_src_square":"https:\/\/www.uartes.edu.ec\/sitio\/wp-content\/uploads\/2021\/10\/01-SAMAY-WEB.webp","author_info":{"display_name":"ccortez","author_link":"https:\/\/www.uartes.edu.ec\/sitio\/fr\/blog\/author\/ccortez\/"},"publishpress_future_workflow_manual_trigger":{"enabledWorkflows":[]},"distributor_meta":false,"distributor_terms":false,"distributor_media":false,"distributor_original_site_name":"Universidad de las Artes","distributor_original_site_url":"https:\/\/www.uartes.edu.ec\/sitio\/fr","push-errors":false,"_links":{"self":[{"href":"https:\/\/www.uartes.edu.ec\/sitio\/fr\/wp-json\/wp\/v2\/posts\/16333","targetHints":{"allow":["GET"]}}],"collection":[{"href":"https:\/\/www.uartes.edu.ec\/sitio\/fr\/wp-json\/wp\/v2\/posts"}],"about":[{"href":"https:\/\/www.uartes.edu.ec\/sitio\/fr\/wp-json\/wp\/v2\/types\/post"}],"author":[{"embeddable":true,"href":"https:\/\/www.uartes.edu.ec\/sitio\/fr\/wp-json\/wp\/v2\/users\/10"}],"replies":[{"embeddable":true,"href":"https:\/\/www.uartes.edu.ec\/sitio\/fr\/wp-json\/wp\/v2\/comments?post=16333"}],"version-history":[{"count":1,"href":"https:\/\/www.uartes.edu.ec\/sitio\/fr\/wp-json\/wp\/v2\/posts\/16333\/revisions"}],"predecessor-version":[{"id":16338,"href":"https:\/\/www.uartes.edu.ec\/sitio\/fr\/wp-json\/wp\/v2\/posts\/16333\/revisions\/16338"}],"wp:featuredmedia":[{"embeddable":true,"href":"https:\/\/www.uartes.edu.ec\/sitio\/fr\/wp-json\/wp\/v2\/media\/16337"}],"wp:attachment":[{"href":"https:\/\/www.uartes.edu.ec\/sitio\/fr\/wp-json\/wp\/v2\/media?parent=16333"}],"wp:term":[{"taxonomy":"category","embeddable":true,"href":"https:\/\/www.uartes.edu.ec\/sitio\/fr\/wp-json\/wp\/v2\/categories?post=16333"},{"taxonomy":"post_tag","embeddable":true,"href":"https:\/\/www.uartes.edu.ec\/sitio\/fr\/wp-json\/wp\/v2\/tags?post=16333"},{"taxonomy":"infouartes","embeddable":true,"href":"https:\/\/www.uartes.edu.ec\/sitio\/fr\/wp-json\/wp\/v2\/infouartes?post=16333"}],"curies":[{"name":"wp","href":"https:\/\/api.w.org\/{rel}","templated":true}]}}