{"id":16346,"date":"2021-10-20T13:50:00","date_gmt":"2021-10-20T18:50:00","guid":{"rendered":"http:\/\/www.uartes.edu.ec\/sitio\/?p=16346"},"modified":"2024-07-04T11:25:29","modified_gmt":"2024-07-04T16:25:29","slug":"biblioteca-de-las-artes-continua-con-el-picnic-literario","status":"publish","type":"post","link":"https:\/\/www.uartes.edu.ec\/sitio\/fr\/blog\/2021\/10\/20\/biblioteca-de-las-artes-continua-con-el-picnic-literario\/","title":{"rendered":"Biblioteca de las Artes contin\u00faa con el Picnic Literario"},"content":{"rendered":"<p><em>La segunda edici\u00f3n de la cita se inici\u00f3 el 14 de octubre y continuar\u00e1 este 21 y 28. Las sesiones est\u00e1n a cargo de Rogger Cede\u00f1o, Jennifer Flores y Pamela Jim\u00e9nez, egresados de Literatura.<\/em><\/p>\n\n\n\n<p>Las obras de los escritores Howard Philip Lovecraft (Estados Unidos, 1890-1937), Robert Louis Stevenson (Reino Unido, 1850-1894) y Horacio Quiroga (Uruguay, 1878-1937) han sido las seleccionadas para analizar y compartir en las tres sesiones de la segunda edici\u00f3n del Picnic Literario propuesto por la Biblioteca de las Artes.<\/p>\n\n\n\n<p>En esta ocasi\u00f3n, las jornadas corren a cargo de los egresados de la Escuela de Literatura: Rogger Cede\u00f1o (Caracas, 1995), Jennifer Flores (Guayaquil, 2000) y Pamela Jim\u00e9nez (Guayaquil, 2000), estudiantes voluntarios que tambi\u00e9n forman parte del Centro de Escritura Acad\u00e9mica y Traducci\u00f3n (CEAT) de la UArtes y participan continuamente en la coordinaci\u00f3n de sus talleres y dem\u00e1s actividades comunitarias.<\/p>\n\n\n\n<p>En la sesi\u00f3n primera, del pasado 14 de octubre, se analiz\u00f3 de Howard Philip Lovecraft la obra <em>El mito de Cthulu.<\/em> En la sesi\u00f3n n\u00famero dos, que se desarrollar\u00e1 ma\u00f1ana (jueves 21), se tratar\u00e1 <em>El extra\u00f1o caso del doctor Jekyll y Mr. Hyde, <\/em>de Robert Louis Stevenson. Y en la sesi\u00f3n tres, del 28 pr\u00f3ximo, el libro <em>El terror natural, de <\/em>Horacio Quiroga. Observando todas las medidas de bioseguridad, el punto de encuentro es la Terraza de la Biblioteca de las Artes (Pichincha y Aguirre), desde las 14:30 hasta las 15:30.<\/p>\n\n\n\n<figure class=\"wp-block-image size-full\"><img fetchpriority=\"high\" decoding=\"async\" width=\"2000\" height=\"1333\" src=\"http:\/\/www.uartes.edu.ec\/sitio\/wp-content\/uploads\/2021\/10\/PICNIC-WEB-LITERARIO-2.webp\" alt=\"\" class=\"wp-image-16348\" \/><\/figure>\n\n\n\n<p>Cabe anotar que el Picnic Literario fue concebido por la Biblioteca de las Artes como un espacio de integraci\u00f3n para diversas actividades en torno a la literatura, a fin de construir de manera conjunta di\u00e1logos y reflexiones sobre obras literarias de diversos escritores nacionales e internacionales. La actividad forma parte, a su vez, de una serie de talleres dirigidos por estudiantes egresados y graduados de la Universidad de las Artes, cuyo nombre es&nbsp;Art Conections.&nbsp;<\/p>\n\n\n\n<p>Con los talleres lo que se busca es propiciar di\u00e1logos a trav\u00e9s de procesos art\u00edsticos que impulsen aproximaciones de la ciudadan\u00eda en general hacia el \u00e1mbito cultural. Una propuesta planteada desde la pr\u00e1ctica experimental y a partir de m\u00faltiples disciplinas, permitiendo conocer as\u00ed los diversos lenguajes del arte que pueden derivar en una transdisciplinaridad.<\/p>\n\n\n\n<p><strong>Transitar de los egresados<\/strong><\/p>\n\n\n\n<p>Rogger Cede\u00f1o es asistente principal del CEAT, particip\u00f3 en la primera y quinta edici\u00f3n del recital po\u00e9tico Jash\u00eds Cultural. Realiz\u00f3 la correcci\u00f3n del libro colectivo <em>Puka Rumi <\/em>(2019) y es el preparador y creador de la materia de Lenguaje en el Grupo Escalera de la Universidad Sim\u00f3n Bol\u00edvar (desde 2016 hasta la actualidad).<\/p>\n\n\n\n<p>Jennifer Flores es una de las integrantes del Club de Escritura Creativa del CEAT e integr\u00f3 el equipo editorial de <em>Preliminar, cuadernos de trabajo,<\/em> publicaci\u00f3n digital del Instituto Latinoamericano de Investigaci\u00f3n en Artes (ILIA), dispositivo de la Universidad de las Artes. Tambi\u00e9n particip\u00f3 en la primera y quinta edici\u00f3n del recital po\u00e9tico de Jash\u00eds Cultural, as\u00ed como en la declamaci\u00f3n art\u00edstica de la Verbena Juliana Guayaquile\u00f1a (2017), organizada por el Archivo Hist\u00f3rico del Guayas. De la estudiante tambi\u00e9n se registra su colaboraci\u00f3n en la escritura colectiva del libro <em>Puka Rumi<\/em> (2019). Pamela Jim\u00e9nez es pasante del CEAT. Al igual que Cede\u00f1o y Flores colabor\u00f3 en la escritura colectiva del libro <em>Puka Rumi<\/em> (2019) y particip\u00f3 en el recital po\u00e9tico de Jash\u00eds Cultural, en su quinta edici\u00f3n. Como miembro activa del Club de Escritura Creativa cuenta con la publicaci\u00f3n de dos relatos.<\/p>\n\n\n\n<p>Fotos: Momentos del Picnic Literario en las primeras sesiones de la primera edici\u00f3n.<br><\/p>","protected":false},"excerpt":{"rendered":"<p>La segunda edici\u00f3n de la cita se inici\u00f3 el 14 de octubre y continuar\u00e1 este 21 y 28. Las sesiones est\u00e1n a cargo de Rogger Cede\u00f1o, Jennifer Flores y Pamela Jim\u00e9nez, egresados de Literatura. Los escritores sobre cuyas obras se dialoga son Howard Philip Lovecraft (Estados Unidos, 1890-1937), Robert Louis Stevenson (Reino Unido, 1850-1894) y Horacio Quiroga (Uruguay, 1878-1937). <\/p>","protected":false},"author":10,"featured_media":16347,"comment_status":"open","ping_status":"open","sticky":false,"template":"","format":"standard","meta":{"_acf_changed":false,"_uag_custom_page_level_css":"","_monsterinsights_skip_tracking":false,"_monsterinsights_sitenote_active":false,"_monsterinsights_sitenote_note":"","_monsterinsights_sitenote_category":0,"cybocfi_hide_featured_image":"","footnotes":""},"categories":[75,76,175],"tags":[41],"infouartes":[],"class_list":["post-16346","post","type-post","status-publish","format-standard","has-post-thumbnail","hentry","category-docentes","category-estudiantes","category-literatura","tag-biblioteca"],"acf":[],"yoast_head":"<!-- This site is optimized with the Yoast SEO plugin v27.4 - https:\/\/yoast.com\/product\/yoast-seo-wordpress\/ -->\n<title>Universidad de las Artes - Biblioteca de las Artes contin\u00faa con el Picnic Literario<\/title>\n<meta name=\"description\" content=\"Universidad de las Artes - Biblioteca de las Artes contin\u00faa con el Picnic Literario\" \/>\n<meta name=\"robots\" content=\"index, follow, max-snippet:-1, max-image-preview:large, max-video-preview:-1\" \/>\n<link rel=\"canonical\" href=\"https:\/\/www.uartes.edu.ec\/sitio\/fr\/blog\/2021\/10\/20\/biblioteca-de-las-artes-continua-con-el-picnic-literario\/\" \/>\n<meta property=\"og:locale\" content=\"fr_FR\" \/>\n<meta property=\"og:type\" content=\"article\" \/>\n<meta property=\"og:title\" content=\"Universidad de las Artes - Biblioteca de las Artes contin\u00faa con el Picnic Literario\" \/>\n<meta property=\"og:description\" content=\"Universidad de las Artes - Biblioteca de las Artes contin\u00faa con el Picnic Literario\" \/>\n<meta property=\"og:url\" content=\"https:\/\/www.uartes.edu.ec\/sitio\/fr\/blog\/2021\/10\/20\/biblioteca-de-las-artes-continua-con-el-picnic-literario\/\" \/>\n<meta property=\"og:site_name\" content=\"Universidad de las Artes\" \/>\n<meta property=\"article:publisher\" content=\"https:\/\/www.facebook.com\/uartesec\" \/>\n<meta property=\"article:published_time\" content=\"2021-10-20T18:50:00+00:00\" \/>\n<meta property=\"article:modified_time\" content=\"2024-07-04T16:25:29+00:00\" \/>\n<meta property=\"og:image\" content=\"https:\/\/www.uartes.edu.ec\/sitio\/wp-content\/uploads\/2021\/10\/PICNIC-WEB-LITERARIO.webp\" \/>\n\t<meta property=\"og:image:width\" content=\"2000\" \/>\n\t<meta property=\"og:image:height\" content=\"1333\" \/>\n\t<meta property=\"og:image:type\" content=\"image\/webp\" \/>\n<meta name=\"author\" content=\"ccortez\" \/>\n<meta name=\"twitter:card\" content=\"summary_large_image\" \/>\n<meta name=\"twitter:creator\" content=\"@uartesec\" \/>\n<meta name=\"twitter:site\" content=\"@uartesec\" \/>\n<meta name=\"twitter:label1\" content=\"\u00c9crit par\" \/>\n\t<meta name=\"twitter:data1\" content=\"ccortez\" \/>\n\t<meta name=\"twitter:label2\" content=\"Dur\u00e9e de lecture estim\u00e9e\" \/>\n\t<meta name=\"twitter:data2\" content=\"3 minutes\" \/>\n<script type=\"application\/ld+json\" class=\"yoast-schema-graph\">{\"@context\":\"https:\\\/\\\/schema.org\",\"@graph\":[{\"@type\":\"Article\",\"@id\":\"https:\\\/\\\/www.uartes.edu.ec\\\/sitio\\\/fr\\\/blog\\\/2021\\\/10\\\/20\\\/biblioteca-de-las-artes-continua-con-el-picnic-literario\\\/#article\",\"isPartOf\":{\"@id\":\"https:\\\/\\\/www.uartes.edu.ec\\\/sitio\\\/fr\\\/blog\\\/2021\\\/10\\\/20\\\/biblioteca-de-las-artes-continua-con-el-picnic-literario\\\/\"},\"author\":{\"name\":\"ccortez\",\"@id\":\"https:\\\/\\\/www.uartes.edu.ec\\\/sitio\\\/fr\\\/#\\\/schema\\\/person\\\/efa1b8275797664fd7f13a79ccc0b1f4\"},\"headline\":\"Biblioteca de las Artes contin\u00faa con el Picnic Literario\",\"datePublished\":\"2021-10-20T18:50:00+00:00\",\"dateModified\":\"2024-07-04T16:25:29+00:00\",\"mainEntityOfPage\":{\"@id\":\"https:\\\/\\\/www.uartes.edu.ec\\\/sitio\\\/fr\\\/blog\\\/2021\\\/10\\\/20\\\/biblioteca-de-las-artes-continua-con-el-picnic-literario\\\/\"},\"wordCount\":622,\"commentCount\":0,\"publisher\":{\"@id\":\"https:\\\/\\\/www.uartes.edu.ec\\\/sitio\\\/fr\\\/#organization\"},\"image\":{\"@id\":\"https:\\\/\\\/www.uartes.edu.ec\\\/sitio\\\/fr\\\/blog\\\/2021\\\/10\\\/20\\\/biblioteca-de-las-artes-continua-con-el-picnic-literario\\\/#primaryimage\"},\"thumbnailUrl\":\"https:\\\/\\\/www.uartes.edu.ec\\\/sitio\\\/wp-content\\\/uploads\\\/2021\\\/10\\\/PICNIC-WEB-LITERARIO.webp\",\"keywords\":[\"biblioteca\"],\"articleSection\":[\"Docentes\",\"Estudiantes\",\"Literatura\"],\"inLanguage\":\"fr-FR\",\"potentialAction\":[{\"@type\":\"CommentAction\",\"name\":\"Comment\",\"target\":[\"https:\\\/\\\/www.uartes.edu.ec\\\/sitio\\\/fr\\\/blog\\\/2021\\\/10\\\/20\\\/biblioteca-de-las-artes-continua-con-el-picnic-literario\\\/#respond\"]}]},{\"@type\":[\"WebPage\",\"ItemPage\"],\"@id\":\"https:\\\/\\\/www.uartes.edu.ec\\\/sitio\\\/fr\\\/blog\\\/2021\\\/10\\\/20\\\/biblioteca-de-las-artes-continua-con-el-picnic-literario\\\/\",\"url\":\"https:\\\/\\\/www.uartes.edu.ec\\\/sitio\\\/fr\\\/blog\\\/2021\\\/10\\\/20\\\/biblioteca-de-las-artes-continua-con-el-picnic-literario\\\/\",\"name\":\"Universidad de las Artes - Biblioteca de las Artes contin\u00faa con el Picnic Literario\",\"isPartOf\":{\"@id\":\"https:\\\/\\\/www.uartes.edu.ec\\\/sitio\\\/fr\\\/#website\"},\"primaryImageOfPage\":{\"@id\":\"https:\\\/\\\/www.uartes.edu.ec\\\/sitio\\\/fr\\\/blog\\\/2021\\\/10\\\/20\\\/biblioteca-de-las-artes-continua-con-el-picnic-literario\\\/#primaryimage\"},\"image\":{\"@id\":\"https:\\\/\\\/www.uartes.edu.ec\\\/sitio\\\/fr\\\/blog\\\/2021\\\/10\\\/20\\\/biblioteca-de-las-artes-continua-con-el-picnic-literario\\\/#primaryimage\"},\"thumbnailUrl\":\"https:\\\/\\\/www.uartes.edu.ec\\\/sitio\\\/wp-content\\\/uploads\\\/2021\\\/10\\\/PICNIC-WEB-LITERARIO.webp\",\"datePublished\":\"2021-10-20T18:50:00+00:00\",\"dateModified\":\"2024-07-04T16:25:29+00:00\",\"description\":\"Universidad de las Artes - Biblioteca de las Artes contin\u00faa con el Picnic Literario\",\"breadcrumb\":{\"@id\":\"https:\\\/\\\/www.uartes.edu.ec\\\/sitio\\\/fr\\\/blog\\\/2021\\\/10\\\/20\\\/biblioteca-de-las-artes-continua-con-el-picnic-literario\\\/#breadcrumb\"},\"inLanguage\":\"fr-FR\",\"potentialAction\":[{\"@type\":\"ReadAction\",\"target\":[\"https:\\\/\\\/www.uartes.edu.ec\\\/sitio\\\/fr\\\/blog\\\/2021\\\/10\\\/20\\\/biblioteca-de-las-artes-continua-con-el-picnic-literario\\\/\"]}]},{\"@type\":\"ImageObject\",\"inLanguage\":\"fr-FR\",\"@id\":\"https:\\\/\\\/www.uartes.edu.ec\\\/sitio\\\/fr\\\/blog\\\/2021\\\/10\\\/20\\\/biblioteca-de-las-artes-continua-con-el-picnic-literario\\\/#primaryimage\",\"url\":\"https:\\\/\\\/www.uartes.edu.ec\\\/sitio\\\/wp-content\\\/uploads\\\/2021\\\/10\\\/PICNIC-WEB-LITERARIO.webp\",\"contentUrl\":\"https:\\\/\\\/www.uartes.edu.ec\\\/sitio\\\/wp-content\\\/uploads\\\/2021\\\/10\\\/PICNIC-WEB-LITERARIO.webp\",\"width\":2000,\"height\":1333},{\"@type\":\"BreadcrumbList\",\"@id\":\"https:\\\/\\\/www.uartes.edu.ec\\\/sitio\\\/fr\\\/blog\\\/2021\\\/10\\\/20\\\/biblioteca-de-las-artes-continua-con-el-picnic-literario\\\/#breadcrumb\",\"itemListElement\":[{\"@type\":\"ListItem\",\"position\":1,\"name\":\"Inicio\",\"item\":\"https:\\\/\\\/www.uartes.edu.ec\\\/sitio\\\/\"},{\"@type\":\"ListItem\",\"position\":2,\"name\":\"Biblioteca de las Artes contin\u00faa con el Picnic Literario\"}]},{\"@type\":\"WebSite\",\"@id\":\"https:\\\/\\\/www.uartes.edu.ec\\\/sitio\\\/fr\\\/#website\",\"url\":\"https:\\\/\\\/www.uartes.edu.ec\\\/sitio\\\/fr\\\/\",\"name\":\"Universidad de las Artes\",\"description\":\"Sitio oficial de la Universidad Nacional de las Artes del Ecuador\",\"publisher\":{\"@id\":\"https:\\\/\\\/www.uartes.edu.ec\\\/sitio\\\/fr\\\/#organization\"},\"potentialAction\":[{\"@type\":\"SearchAction\",\"target\":{\"@type\":\"EntryPoint\",\"urlTemplate\":\"https:\\\/\\\/www.uartes.edu.ec\\\/sitio\\\/fr\\\/?s={search_term_string}\"},\"query-input\":{\"@type\":\"PropertyValueSpecification\",\"valueRequired\":true,\"valueName\":\"search_term_string\"}}],\"inLanguage\":\"fr-FR\"},{\"@type\":\"Organization\",\"@id\":\"https:\\\/\\\/www.uartes.edu.ec\\\/sitio\\\/fr\\\/#organization\",\"name\":\"Universidad de las Artes\",\"url\":\"https:\\\/\\\/www.uartes.edu.ec\\\/sitio\\\/fr\\\/\",\"logo\":{\"@type\":\"ImageObject\",\"inLanguage\":\"fr-FR\",\"@id\":\"https:\\\/\\\/www.uartes.edu.ec\\\/sitio\\\/fr\\\/#\\\/schema\\\/logo\\\/image\\\/\",\"url\":\"https:\\\/\\\/www.uartes.edu.ec\\\/sitio\\\/wp-content\\\/uploads\\\/2022\\\/07\\\/logo-ua-horizontal.png\",\"contentUrl\":\"https:\\\/\\\/www.uartes.edu.ec\\\/sitio\\\/wp-content\\\/uploads\\\/2022\\\/07\\\/logo-ua-horizontal.png\",\"width\":800,\"height\":276,\"caption\":\"Universidad de las Artes\"},\"image\":{\"@id\":\"https:\\\/\\\/www.uartes.edu.ec\\\/sitio\\\/fr\\\/#\\\/schema\\\/logo\\\/image\\\/\"},\"sameAs\":[\"https:\\\/\\\/www.facebook.com\\\/uartesec\",\"https:\\\/\\\/x.com\\\/uartesec\",\"https:\\\/\\\/www.tiktok.com\\\/@uartesec\"]},{\"@type\":\"Person\",\"@id\":\"https:\\\/\\\/www.uartes.edu.ec\\\/sitio\\\/fr\\\/#\\\/schema\\\/person\\\/efa1b8275797664fd7f13a79ccc0b1f4\",\"name\":\"ccortez\",\"image\":{\"@type\":\"ImageObject\",\"inLanguage\":\"fr-FR\",\"@id\":\"https:\\\/\\\/secure.gravatar.com\\\/avatar\\\/b2a6f664a3ae8e074346ef91775736c5ec479e637ecced6842de9dc98b5da9cd?s=96&d=mm&r=g\",\"url\":\"https:\\\/\\\/secure.gravatar.com\\\/avatar\\\/b2a6f664a3ae8e074346ef91775736c5ec479e637ecced6842de9dc98b5da9cd?s=96&d=mm&r=g\",\"contentUrl\":\"https:\\\/\\\/secure.gravatar.com\\\/avatar\\\/b2a6f664a3ae8e074346ef91775736c5ec479e637ecced6842de9dc98b5da9cd?s=96&d=mm&r=g\",\"caption\":\"ccortez\"},\"url\":\"https:\\\/\\\/www.uartes.edu.ec\\\/sitio\\\/fr\\\/blog\\\/author\\\/ccortez\\\/\"}]}<\/script>\n<!-- \/ Yoast SEO plugin. -->","yoast_head_json":{"title":"Universidad de las Artes - Biblioteca de las Artes contin\u00faa con el Picnic Literario","description":"Universidad de las Artes - Biblioteca de las Artes contin\u00faa con el Picnic Literario","robots":{"index":"index","follow":"follow","max-snippet":"max-snippet:-1","max-image-preview":"max-image-preview:large","max-video-preview":"max-video-preview:-1"},"canonical":"https:\/\/www.uartes.edu.ec\/sitio\/fr\/blog\/2021\/10\/20\/biblioteca-de-las-artes-continua-con-el-picnic-literario\/","og_locale":"fr_FR","og_type":"article","og_title":"Universidad de las Artes - Biblioteca de las Artes contin\u00faa con el Picnic Literario","og_description":"Universidad de las Artes - Biblioteca de las Artes contin\u00faa con el Picnic Literario","og_url":"https:\/\/www.uartes.edu.ec\/sitio\/fr\/blog\/2021\/10\/20\/biblioteca-de-las-artes-continua-con-el-picnic-literario\/","og_site_name":"Universidad de las Artes","article_publisher":"https:\/\/www.facebook.com\/uartesec","article_published_time":"2021-10-20T18:50:00+00:00","article_modified_time":"2024-07-04T16:25:29+00:00","og_image":[{"width":2000,"height":1333,"url":"https:\/\/www.uartes.edu.ec\/sitio\/wp-content\/uploads\/2021\/10\/PICNIC-WEB-LITERARIO.webp","type":"image\/webp"}],"author":"ccortez","twitter_card":"summary_large_image","twitter_creator":"@uartesec","twitter_site":"@uartesec","twitter_misc":{"\u00c9crit par":"ccortez","Dur\u00e9e de lecture estim\u00e9e":"3 minutes"},"schema":{"@context":"https:\/\/schema.org","@graph":[{"@type":"Article","@id":"https:\/\/www.uartes.edu.ec\/sitio\/fr\/blog\/2021\/10\/20\/biblioteca-de-las-artes-continua-con-el-picnic-literario\/#article","isPartOf":{"@id":"https:\/\/www.uartes.edu.ec\/sitio\/fr\/blog\/2021\/10\/20\/biblioteca-de-las-artes-continua-con-el-picnic-literario\/"},"author":{"name":"ccortez","@id":"https:\/\/www.uartes.edu.ec\/sitio\/fr\/#\/schema\/person\/efa1b8275797664fd7f13a79ccc0b1f4"},"headline":"Biblioteca de las Artes contin\u00faa con el Picnic Literario","datePublished":"2021-10-20T18:50:00+00:00","dateModified":"2024-07-04T16:25:29+00:00","mainEntityOfPage":{"@id":"https:\/\/www.uartes.edu.ec\/sitio\/fr\/blog\/2021\/10\/20\/biblioteca-de-las-artes-continua-con-el-picnic-literario\/"},"wordCount":622,"commentCount":0,"publisher":{"@id":"https:\/\/www.uartes.edu.ec\/sitio\/fr\/#organization"},"image":{"@id":"https:\/\/www.uartes.edu.ec\/sitio\/fr\/blog\/2021\/10\/20\/biblioteca-de-las-artes-continua-con-el-picnic-literario\/#primaryimage"},"thumbnailUrl":"https:\/\/www.uartes.edu.ec\/sitio\/wp-content\/uploads\/2021\/10\/PICNIC-WEB-LITERARIO.webp","keywords":["biblioteca"],"articleSection":["Docentes","Estudiantes","Literatura"],"inLanguage":"fr-FR","potentialAction":[{"@type":"CommentAction","name":"Comment","target":["https:\/\/www.uartes.edu.ec\/sitio\/fr\/blog\/2021\/10\/20\/biblioteca-de-las-artes-continua-con-el-picnic-literario\/#respond"]}]},{"@type":["WebPage","ItemPage"],"@id":"https:\/\/www.uartes.edu.ec\/sitio\/fr\/blog\/2021\/10\/20\/biblioteca-de-las-artes-continua-con-el-picnic-literario\/","url":"https:\/\/www.uartes.edu.ec\/sitio\/fr\/blog\/2021\/10\/20\/biblioteca-de-las-artes-continua-con-el-picnic-literario\/","name":"Universidad de las Artes - Biblioteca de las Artes contin\u00faa con el Picnic Literario","isPartOf":{"@id":"https:\/\/www.uartes.edu.ec\/sitio\/fr\/#website"},"primaryImageOfPage":{"@id":"https:\/\/www.uartes.edu.ec\/sitio\/fr\/blog\/2021\/10\/20\/biblioteca-de-las-artes-continua-con-el-picnic-literario\/#primaryimage"},"image":{"@id":"https:\/\/www.uartes.edu.ec\/sitio\/fr\/blog\/2021\/10\/20\/biblioteca-de-las-artes-continua-con-el-picnic-literario\/#primaryimage"},"thumbnailUrl":"https:\/\/www.uartes.edu.ec\/sitio\/wp-content\/uploads\/2021\/10\/PICNIC-WEB-LITERARIO.webp","datePublished":"2021-10-20T18:50:00+00:00","dateModified":"2024-07-04T16:25:29+00:00","description":"Universidad de las Artes - Biblioteca de las Artes contin\u00faa con el Picnic Literario","breadcrumb":{"@id":"https:\/\/www.uartes.edu.ec\/sitio\/fr\/blog\/2021\/10\/20\/biblioteca-de-las-artes-continua-con-el-picnic-literario\/#breadcrumb"},"inLanguage":"fr-FR","potentialAction":[{"@type":"ReadAction","target":["https:\/\/www.uartes.edu.ec\/sitio\/fr\/blog\/2021\/10\/20\/biblioteca-de-las-artes-continua-con-el-picnic-literario\/"]}]},{"@type":"ImageObject","inLanguage":"fr-FR","@id":"https:\/\/www.uartes.edu.ec\/sitio\/fr\/blog\/2021\/10\/20\/biblioteca-de-las-artes-continua-con-el-picnic-literario\/#primaryimage","url":"https:\/\/www.uartes.edu.ec\/sitio\/wp-content\/uploads\/2021\/10\/PICNIC-WEB-LITERARIO.webp","contentUrl":"https:\/\/www.uartes.edu.ec\/sitio\/wp-content\/uploads\/2021\/10\/PICNIC-WEB-LITERARIO.webp","width":2000,"height":1333},{"@type":"BreadcrumbList","@id":"https:\/\/www.uartes.edu.ec\/sitio\/fr\/blog\/2021\/10\/20\/biblioteca-de-las-artes-continua-con-el-picnic-literario\/#breadcrumb","itemListElement":[{"@type":"ListItem","position":1,"name":"Inicio","item":"https:\/\/www.uartes.edu.ec\/sitio\/"},{"@type":"ListItem","position":2,"name":"Biblioteca de las Artes contin\u00faa con el Picnic Literario"}]},{"@type":"WebSite","@id":"https:\/\/www.uartes.edu.ec\/sitio\/fr\/#website","url":"https:\/\/www.uartes.edu.ec\/sitio\/fr\/","name":"Universidad de las Artes","description":"Sitio oficial de la Universidad Nacional de las Artes del Ecuador","publisher":{"@id":"https:\/\/www.uartes.edu.ec\/sitio\/fr\/#organization"},"potentialAction":[{"@type":"SearchAction","target":{"@type":"EntryPoint","urlTemplate":"https:\/\/www.uartes.edu.ec\/sitio\/fr\/?s={search_term_string}"},"query-input":{"@type":"PropertyValueSpecification","valueRequired":true,"valueName":"search_term_string"}}],"inLanguage":"fr-FR"},{"@type":"Organization","@id":"https:\/\/www.uartes.edu.ec\/sitio\/fr\/#organization","name":"Universidad de las Artes","url":"https:\/\/www.uartes.edu.ec\/sitio\/fr\/","logo":{"@type":"ImageObject","inLanguage":"fr-FR","@id":"https:\/\/www.uartes.edu.ec\/sitio\/fr\/#\/schema\/logo\/image\/","url":"https:\/\/www.uartes.edu.ec\/sitio\/wp-content\/uploads\/2022\/07\/logo-ua-horizontal.png","contentUrl":"https:\/\/www.uartes.edu.ec\/sitio\/wp-content\/uploads\/2022\/07\/logo-ua-horizontal.png","width":800,"height":276,"caption":"Universidad de las Artes"},"image":{"@id":"https:\/\/www.uartes.edu.ec\/sitio\/fr\/#\/schema\/logo\/image\/"},"sameAs":["https:\/\/www.facebook.com\/uartesec","https:\/\/x.com\/uartesec","https:\/\/www.tiktok.com\/@uartesec"]},{"@type":"Person","@id":"https:\/\/www.uartes.edu.ec\/sitio\/fr\/#\/schema\/person\/efa1b8275797664fd7f13a79ccc0b1f4","name":"ccortez","image":{"@type":"ImageObject","inLanguage":"fr-FR","@id":"https:\/\/secure.gravatar.com\/avatar\/b2a6f664a3ae8e074346ef91775736c5ec479e637ecced6842de9dc98b5da9cd?s=96&d=mm&r=g","url":"https:\/\/secure.gravatar.com\/avatar\/b2a6f664a3ae8e074346ef91775736c5ec479e637ecced6842de9dc98b5da9cd?s=96&d=mm&r=g","contentUrl":"https:\/\/secure.gravatar.com\/avatar\/b2a6f664a3ae8e074346ef91775736c5ec479e637ecced6842de9dc98b5da9cd?s=96&d=mm&r=g","caption":"ccortez"},"url":"https:\/\/www.uartes.edu.ec\/sitio\/fr\/blog\/author\/ccortez\/"}]}},"uagb_featured_image_src":{"full":["https:\/\/www.uartes.edu.ec\/sitio\/wp-content\/uploads\/2021\/10\/PICNIC-WEB-LITERARIO.webp",2000,1333,false],"thumbnail":["https:\/\/www.uartes.edu.ec\/sitio\/wp-content\/uploads\/2021\/10\/PICNIC-WEB-LITERARIO.webp",150,100,false],"medium":["https:\/\/www.uartes.edu.ec\/sitio\/wp-content\/uploads\/2021\/10\/PICNIC-WEB-LITERARIO.webp",300,200,false],"medium_large":["https:\/\/www.uartes.edu.ec\/sitio\/wp-content\/uploads\/2021\/10\/PICNIC-WEB-LITERARIO.webp",768,512,false],"large":["https:\/\/www.uartes.edu.ec\/sitio\/wp-content\/uploads\/2021\/10\/PICNIC-WEB-LITERARIO.webp",644,429,false],"1536x1536":["https:\/\/www.uartes.edu.ec\/sitio\/wp-content\/uploads\/2021\/10\/PICNIC-WEB-LITERARIO.webp",1536,1024,false],"2048x2048":["https:\/\/www.uartes.edu.ec\/sitio\/wp-content\/uploads\/2021\/10\/PICNIC-WEB-LITERARIO.webp",2000,1333,false],"trp-custom-language-flag":["https:\/\/www.uartes.edu.ec\/sitio\/wp-content\/uploads\/2021\/10\/PICNIC-WEB-LITERARIO.webp",18,12,false],"htmega_size_585x295":["https:\/\/www.uartes.edu.ec\/sitio\/wp-content\/uploads\/2021\/10\/PICNIC-WEB-LITERARIO.webp",443,295,false],"htmega_size_1170x536":["https:\/\/www.uartes.edu.ec\/sitio\/wp-content\/uploads\/2021\/10\/PICNIC-WEB-LITERARIO.webp",804,536,false],"htmega_size_396x360":["https:\/\/www.uartes.edu.ec\/sitio\/wp-content\/uploads\/2021\/10\/PICNIC-WEB-LITERARIO.webp",396,264,false],"gb-block-post-grid-landscape":["https:\/\/www.uartes.edu.ec\/sitio\/wp-content\/uploads\/2021\/10\/PICNIC-WEB-LITERARIO.webp",600,400,false],"gb-block-post-grid-square":["https:\/\/www.uartes.edu.ec\/sitio\/wp-content\/uploads\/2021\/10\/PICNIC-WEB-LITERARIO.webp",600,400,false],"university-hub-thumb":["https:\/\/www.uartes.edu.ec\/sitio\/wp-content\/uploads\/2021\/10\/PICNIC-WEB-LITERARIO.webp",400,267,false],"mailpoet_newsletter_max":["https:\/\/www.uartes.edu.ec\/sitio\/wp-content\/uploads\/2021\/10\/PICNIC-WEB-LITERARIO.webp",1320,880,false]},"uagb_author_info":{"display_name":"ccortez","author_link":"https:\/\/www.uartes.edu.ec\/sitio\/fr\/blog\/author\/ccortez\/"},"uagb_comment_info":0,"uagb_excerpt":"La segunda edici\u00f3n de la cita se inici\u00f3 el 14 de octubre y continuar\u00e1 este 21 y 28. Las sesiones est\u00e1n a cargo de Rogger Cede\u00f1o, Jennifer Flores y Pamela Jim\u00e9nez, egresados de Literatura. Los escritores sobre cuyas obras se dialoga son Howard Philip Lovecraft (Estados Unidos, 1890-1937), Robert Louis Stevenson (Reino Unido, 1850-1894) y\u2026","featured_image_src":"https:\/\/www.uartes.edu.ec\/sitio\/wp-content\/uploads\/2021\/10\/PICNIC-WEB-LITERARIO.webp","featured_image_src_square":"https:\/\/www.uartes.edu.ec\/sitio\/wp-content\/uploads\/2021\/10\/PICNIC-WEB-LITERARIO.webp","author_info":{"display_name":"ccortez","author_link":"https:\/\/www.uartes.edu.ec\/sitio\/fr\/blog\/author\/ccortez\/"},"publishpress_future_workflow_manual_trigger":{"enabledWorkflows":[]},"distributor_meta":false,"distributor_terms":false,"distributor_media":false,"distributor_original_site_name":"Universidad de las Artes","distributor_original_site_url":"https:\/\/www.uartes.edu.ec\/sitio\/fr","push-errors":false,"_links":{"self":[{"href":"https:\/\/www.uartes.edu.ec\/sitio\/fr\/wp-json\/wp\/v2\/posts\/16346","targetHints":{"allow":["GET"]}}],"collection":[{"href":"https:\/\/www.uartes.edu.ec\/sitio\/fr\/wp-json\/wp\/v2\/posts"}],"about":[{"href":"https:\/\/www.uartes.edu.ec\/sitio\/fr\/wp-json\/wp\/v2\/types\/post"}],"author":[{"embeddable":true,"href":"https:\/\/www.uartes.edu.ec\/sitio\/fr\/wp-json\/wp\/v2\/users\/10"}],"replies":[{"embeddable":true,"href":"https:\/\/www.uartes.edu.ec\/sitio\/fr\/wp-json\/wp\/v2\/comments?post=16346"}],"version-history":[{"count":1,"href":"https:\/\/www.uartes.edu.ec\/sitio\/fr\/wp-json\/wp\/v2\/posts\/16346\/revisions"}],"predecessor-version":[{"id":16349,"href":"https:\/\/www.uartes.edu.ec\/sitio\/fr\/wp-json\/wp\/v2\/posts\/16346\/revisions\/16349"}],"wp:featuredmedia":[{"embeddable":true,"href":"https:\/\/www.uartes.edu.ec\/sitio\/fr\/wp-json\/wp\/v2\/media\/16347"}],"wp:attachment":[{"href":"https:\/\/www.uartes.edu.ec\/sitio\/fr\/wp-json\/wp\/v2\/media?parent=16346"}],"wp:term":[{"taxonomy":"category","embeddable":true,"href":"https:\/\/www.uartes.edu.ec\/sitio\/fr\/wp-json\/wp\/v2\/categories?post=16346"},{"taxonomy":"post_tag","embeddable":true,"href":"https:\/\/www.uartes.edu.ec\/sitio\/fr\/wp-json\/wp\/v2\/tags?post=16346"},{"taxonomy":"infouartes","embeddable":true,"href":"https:\/\/www.uartes.edu.ec\/sitio\/fr\/wp-json\/wp\/v2\/infouartes?post=16346"}],"curies":[{"name":"wp","href":"https:\/\/api.w.org\/{rel}","templated":true}]}}