{"id":16350,"date":"2021-10-18T14:00:00","date_gmt":"2021-10-18T19:00:00","guid":{"rendered":"http:\/\/www.uartes.edu.ec\/sitio\/?p=16350"},"modified":"2024-07-04T11:25:29","modified_gmt":"2024-07-04T16:25:29","slug":"alumnis-y-egresados-uartes-lideran-la-propuesta-art-conections-impulsada-por-la-biblioteca-de-las-artes","status":"publish","type":"post","link":"https:\/\/www.uartes.edu.ec\/sitio\/fr\/blog\/2021\/10\/18\/alumnis-y-egresados-uartes-lideran-la-propuesta-art-conections-impulsada-por-la-biblioteca-de-las-artes\/","title":{"rendered":"Alumnis y egresados UArtes lideran la propuesta Art Conections impulsada por la Biblioteca de las Artes"},"content":{"rendered":"<p><em>\u201cPreshading\u201d e \u201cInvestigaci\u00f3n de recursos\u201d son los talleres en marcha. Est\u00e1n a cargo, respectivamente, de Harold Maridue\u00f1a y Ruth Cruz, licenciados en Artes Visuales.<\/em><\/p>\n\n\n\n<p>Los alumnis y egresados de la Universidad de las Artes contin\u00faan con las actividades programadas en el marco del Art Conections impulsado por la Biblioteca de las Artes. Este es un conjunto de talleres que busca propiciar espacios de aproximaci\u00f3n de la ciudadan\u00eda al \u00e1mbito cultural, a trav\u00e9s de procesos art\u00edsticos.<\/p>\n\n\n\n<p>Los talleres est\u00e1n pensados desde la pr\u00e1ctica experimental, en conjunto a m\u00faltiples disciplinas que permiten conocer los diversos lenguajes del arte que pueden derivar en una pr\u00e1ctica transdisciplinaria.<\/p>\n\n\n\n<p>En el presente mes, gracias a la participaci\u00f3n del alumni Harold Maridue\u00f1a (Guayaquil, 1993) se desarrollar\u00e1 el taller \u201cPreshading\u201d, pensado este para todas las personas que amen el dibujo y est\u00e9n interesadas en analizar sus principios, explorar sus t\u00e9cnicas y conocer tips y m\u00e9todos puntuales para incursionar en su pr\u00e1ctica y poder plantear y cuestionar sus intereses dentro de esta disciplina. Su inicio est\u00e1 programado para este mi\u00e9rcoles 20, desde las 13:30, en la Terraza de la Biblioteca de las Artes.<\/p>\n\n\n\n<p>Para el 27, a las 14:30, tambi\u00e9n en la Terraza de la Biblioteca de las Artes, est\u00e1 previsto el taller \u201cInvestigaci\u00f3n de recursos\u201d, dirigido para nuestra comunidad de artistas. Con la propuesta se busca ampliar los m\u00e9todos de investigaci\u00f3n de los procesos creativos, dando al artista la posibilidad de reconocer los recursos que ya posee y los que puede obtener. La gu\u00eda de este taller est\u00e1 a cargo de la alumnis Ruth Cruz (Manta, 1986).<\/p>\n\n\n\n<p>Cabe anotar que Harold Maridue\u00f1a pertenece a la primera cohorte de graduados de la Escuela de Artes Visuales de la UArtes. Ha participado en exposiciones individuales, como <em>Adversario,<\/em> inaugurada en Galer\u00eda-Taller Maldonado, 2021, y <em>El Personaje Ilegible,<\/em> en Galer\u00eda Jorge Morocho, 2018; tambi\u00e9n en muestras colectivas, como <em>Entre los Goznes Vibratorios<\/em>, en la Universidad Cat\u00f3lica, Guayaquil, 2019; y, <em>Estar Siendo<\/em>, en el Centro de Arte Contempor\u00e1neo, Quito, 2019.<\/p>\n\n\n\n<p>Ruth Cruz, licenciada en Artes Visuales por la UArtes, ha intervenido en exposiciones colectivas consecutivas desde el 2012 hasta la fecha. Forma parte de la No-Colectiva NH Hormiga, actualmente es coordinadora de eventos y exposiciones en el Museo del Cacao y en la galer\u00eda MuCAO.<\/p>","protected":false},"excerpt":{"rendered":"<p>Los alumnis y egresados de la Universidad de las Artes contin\u00faan con las actividades programadas en el marco del Art Conections impulsado por la Biblioteca de las Artes. Este es un conjunto de talleres que busca propiciar espacios de aproximaci\u00f3n de la ciudadan\u00eda al \u00e1mbito cultural, a trav\u00e9s de procesos art\u00edsticos. \u201cPreshading\u201d e \u201cInvestigaci\u00f3n de recursos\u201d son los talleres en marcha. Est\u00e1n a cargo, respectivamente, de Harold Maridue\u00f1a y Ruth Cruz, licenciados en Artes Visuales. <\/p>","protected":false},"author":10,"featured_media":16351,"comment_status":"open","ping_status":"open","sticky":false,"template":"","format":"standard","meta":{"_acf_changed":false,"_uag_custom_page_level_css":"","_monsterinsights_skip_tracking":false,"_monsterinsights_sitenote_active":false,"_monsterinsights_sitenote_note":"","_monsterinsights_sitenote_category":0,"cybocfi_hide_featured_image":"","footnotes":""},"categories":[490,82,76],"tags":[41],"infouartes":[],"class_list":["post-16350","post","type-post","status-publish","format-standard","has-post-thumbnail","hentry","category-alumni","category-artes","category-estudiantes","tag-biblioteca"],"acf":[],"yoast_head":"<!-- This site is optimized with the Yoast SEO plugin v27.4 - https:\/\/yoast.com\/product\/yoast-seo-wordpress\/ -->\n<title>Universidad de las Artes - Alumnis y egresados UArtes lideran la propuesta Art Conections impulsada por la Biblioteca de las Artes<\/title>\n<meta name=\"description\" content=\"Universidad de las Artes - Alumnis y egresados UArtes lideran la propuesta Art Conections impulsada por la Biblioteca de las Artes\" \/>\n<meta name=\"robots\" content=\"index, follow, max-snippet:-1, max-image-preview:large, max-video-preview:-1\" \/>\n<link rel=\"canonical\" href=\"https:\/\/www.uartes.edu.ec\/sitio\/fr\/blog\/2021\/10\/18\/alumnis-y-egresados-uartes-lideran-la-propuesta-art-conections-impulsada-por-la-biblioteca-de-las-artes\/\" \/>\n<meta property=\"og:locale\" content=\"fr_FR\" \/>\n<meta property=\"og:type\" content=\"article\" \/>\n<meta property=\"og:title\" content=\"Universidad de las Artes - Alumnis y egresados UArtes lideran la propuesta Art Conections impulsada por la Biblioteca de las Artes\" \/>\n<meta property=\"og:description\" content=\"Universidad de las Artes - Alumnis y egresados UArtes lideran la propuesta Art Conections impulsada por la Biblioteca de las Artes\" \/>\n<meta property=\"og:url\" content=\"https:\/\/www.uartes.edu.ec\/sitio\/fr\/blog\/2021\/10\/18\/alumnis-y-egresados-uartes-lideran-la-propuesta-art-conections-impulsada-por-la-biblioteca-de-las-artes\/\" \/>\n<meta property=\"og:site_name\" content=\"Universidad de las Artes\" \/>\n<meta property=\"article:publisher\" content=\"https:\/\/www.facebook.com\/uartesec\" \/>\n<meta property=\"article:published_time\" content=\"2021-10-18T19:00:00+00:00\" \/>\n<meta property=\"article:modified_time\" content=\"2024-07-04T16:25:29+00:00\" \/>\n<meta property=\"og:image\" content=\"https:\/\/www.uartes.edu.ec\/sitio\/wp-content\/uploads\/2021\/10\/RUTH-Y-HAROLD.webp\" \/>\n\t<meta property=\"og:image:width\" content=\"2000\" \/>\n\t<meta property=\"og:image:height\" content=\"1333\" \/>\n\t<meta property=\"og:image:type\" content=\"image\/webp\" \/>\n<meta name=\"author\" content=\"ccortez\" \/>\n<meta name=\"twitter:card\" content=\"summary_large_image\" \/>\n<meta name=\"twitter:creator\" content=\"@uartesec\" \/>\n<meta name=\"twitter:site\" content=\"@uartesec\" \/>\n<meta name=\"twitter:label1\" content=\"\u00c9crit par\" \/>\n\t<meta name=\"twitter:data1\" content=\"ccortez\" \/>\n\t<meta name=\"twitter:label2\" content=\"Dur\u00e9e de lecture estim\u00e9e\" \/>\n\t<meta name=\"twitter:data2\" content=\"2 minutes\" \/>\n<script type=\"application\/ld+json\" class=\"yoast-schema-graph\">{\"@context\":\"https:\\\/\\\/schema.org\",\"@graph\":[{\"@type\":\"Article\",\"@id\":\"https:\\\/\\\/www.uartes.edu.ec\\\/sitio\\\/fr\\\/blog\\\/2021\\\/10\\\/18\\\/alumnis-y-egresados-uartes-lideran-la-propuesta-art-conections-impulsada-por-la-biblioteca-de-las-artes\\\/#article\",\"isPartOf\":{\"@id\":\"https:\\\/\\\/www.uartes.edu.ec\\\/sitio\\\/fr\\\/blog\\\/2021\\\/10\\\/18\\\/alumnis-y-egresados-uartes-lideran-la-propuesta-art-conections-impulsada-por-la-biblioteca-de-las-artes\\\/\"},\"author\":{\"name\":\"ccortez\",\"@id\":\"https:\\\/\\\/www.uartes.edu.ec\\\/sitio\\\/fr\\\/#\\\/schema\\\/person\\\/efa1b8275797664fd7f13a79ccc0b1f4\"},\"headline\":\"Alumnis y egresados UArtes lideran la propuesta Art Conections impulsada por la Biblioteca de las Artes\",\"datePublished\":\"2021-10-18T19:00:00+00:00\",\"dateModified\":\"2024-07-04T16:25:29+00:00\",\"mainEntityOfPage\":{\"@id\":\"https:\\\/\\\/www.uartes.edu.ec\\\/sitio\\\/fr\\\/blog\\\/2021\\\/10\\\/18\\\/alumnis-y-egresados-uartes-lideran-la-propuesta-art-conections-impulsada-por-la-biblioteca-de-las-artes\\\/\"},\"wordCount\":408,\"commentCount\":0,\"publisher\":{\"@id\":\"https:\\\/\\\/www.uartes.edu.ec\\\/sitio\\\/fr\\\/#organization\"},\"image\":{\"@id\":\"https:\\\/\\\/www.uartes.edu.ec\\\/sitio\\\/fr\\\/blog\\\/2021\\\/10\\\/18\\\/alumnis-y-egresados-uartes-lideran-la-propuesta-art-conections-impulsada-por-la-biblioteca-de-las-artes\\\/#primaryimage\"},\"thumbnailUrl\":\"https:\\\/\\\/www.uartes.edu.ec\\\/sitio\\\/wp-content\\\/uploads\\\/2021\\\/10\\\/RUTH-Y-HAROLD.webp\",\"keywords\":[\"biblioteca\"],\"articleSection\":[\"Alumni\",\"Artes\",\"Estudiantes\"],\"inLanguage\":\"fr-FR\",\"potentialAction\":[{\"@type\":\"CommentAction\",\"name\":\"Comment\",\"target\":[\"https:\\\/\\\/www.uartes.edu.ec\\\/sitio\\\/fr\\\/blog\\\/2021\\\/10\\\/18\\\/alumnis-y-egresados-uartes-lideran-la-propuesta-art-conections-impulsada-por-la-biblioteca-de-las-artes\\\/#respond\"]}]},{\"@type\":[\"WebPage\",\"ItemPage\"],\"@id\":\"https:\\\/\\\/www.uartes.edu.ec\\\/sitio\\\/fr\\\/blog\\\/2021\\\/10\\\/18\\\/alumnis-y-egresados-uartes-lideran-la-propuesta-art-conections-impulsada-por-la-biblioteca-de-las-artes\\\/\",\"url\":\"https:\\\/\\\/www.uartes.edu.ec\\\/sitio\\\/fr\\\/blog\\\/2021\\\/10\\\/18\\\/alumnis-y-egresados-uartes-lideran-la-propuesta-art-conections-impulsada-por-la-biblioteca-de-las-artes\\\/\",\"name\":\"Universidad de las Artes - Alumnis y egresados UArtes lideran la propuesta Art Conections impulsada por la Biblioteca de las Artes\",\"isPartOf\":{\"@id\":\"https:\\\/\\\/www.uartes.edu.ec\\\/sitio\\\/fr\\\/#website\"},\"primaryImageOfPage\":{\"@id\":\"https:\\\/\\\/www.uartes.edu.ec\\\/sitio\\\/fr\\\/blog\\\/2021\\\/10\\\/18\\\/alumnis-y-egresados-uartes-lideran-la-propuesta-art-conections-impulsada-por-la-biblioteca-de-las-artes\\\/#primaryimage\"},\"image\":{\"@id\":\"https:\\\/\\\/www.uartes.edu.ec\\\/sitio\\\/fr\\\/blog\\\/2021\\\/10\\\/18\\\/alumnis-y-egresados-uartes-lideran-la-propuesta-art-conections-impulsada-por-la-biblioteca-de-las-artes\\\/#primaryimage\"},\"thumbnailUrl\":\"https:\\\/\\\/www.uartes.edu.ec\\\/sitio\\\/wp-content\\\/uploads\\\/2021\\\/10\\\/RUTH-Y-HAROLD.webp\",\"datePublished\":\"2021-10-18T19:00:00+00:00\",\"dateModified\":\"2024-07-04T16:25:29+00:00\",\"description\":\"Universidad de las Artes - Alumnis y egresados UArtes lideran la propuesta Art Conections impulsada por la Biblioteca de las Artes\",\"breadcrumb\":{\"@id\":\"https:\\\/\\\/www.uartes.edu.ec\\\/sitio\\\/fr\\\/blog\\\/2021\\\/10\\\/18\\\/alumnis-y-egresados-uartes-lideran-la-propuesta-art-conections-impulsada-por-la-biblioteca-de-las-artes\\\/#breadcrumb\"},\"inLanguage\":\"fr-FR\",\"potentialAction\":[{\"@type\":\"ReadAction\",\"target\":[\"https:\\\/\\\/www.uartes.edu.ec\\\/sitio\\\/fr\\\/blog\\\/2021\\\/10\\\/18\\\/alumnis-y-egresados-uartes-lideran-la-propuesta-art-conections-impulsada-por-la-biblioteca-de-las-artes\\\/\"]}]},{\"@type\":\"ImageObject\",\"inLanguage\":\"fr-FR\",\"@id\":\"https:\\\/\\\/www.uartes.edu.ec\\\/sitio\\\/fr\\\/blog\\\/2021\\\/10\\\/18\\\/alumnis-y-egresados-uartes-lideran-la-propuesta-art-conections-impulsada-por-la-biblioteca-de-las-artes\\\/#primaryimage\",\"url\":\"https:\\\/\\\/www.uartes.edu.ec\\\/sitio\\\/wp-content\\\/uploads\\\/2021\\\/10\\\/RUTH-Y-HAROLD.webp\",\"contentUrl\":\"https:\\\/\\\/www.uartes.edu.ec\\\/sitio\\\/wp-content\\\/uploads\\\/2021\\\/10\\\/RUTH-Y-HAROLD.webp\",\"width\":2000,\"height\":1333},{\"@type\":\"BreadcrumbList\",\"@id\":\"https:\\\/\\\/www.uartes.edu.ec\\\/sitio\\\/fr\\\/blog\\\/2021\\\/10\\\/18\\\/alumnis-y-egresados-uartes-lideran-la-propuesta-art-conections-impulsada-por-la-biblioteca-de-las-artes\\\/#breadcrumb\",\"itemListElement\":[{\"@type\":\"ListItem\",\"position\":1,\"name\":\"Inicio\",\"item\":\"https:\\\/\\\/www.uartes.edu.ec\\\/sitio\\\/\"},{\"@type\":\"ListItem\",\"position\":2,\"name\":\"Alumnis y egresados UArtes lideran la propuesta Art Conections impulsada por la Biblioteca de las Artes\"}]},{\"@type\":\"WebSite\",\"@id\":\"https:\\\/\\\/www.uartes.edu.ec\\\/sitio\\\/fr\\\/#website\",\"url\":\"https:\\\/\\\/www.uartes.edu.ec\\\/sitio\\\/fr\\\/\",\"name\":\"Universidad de las Artes\",\"description\":\"Sitio oficial de la Universidad Nacional de las Artes del Ecuador\",\"publisher\":{\"@id\":\"https:\\\/\\\/www.uartes.edu.ec\\\/sitio\\\/fr\\\/#organization\"},\"potentialAction\":[{\"@type\":\"SearchAction\",\"target\":{\"@type\":\"EntryPoint\",\"urlTemplate\":\"https:\\\/\\\/www.uartes.edu.ec\\\/sitio\\\/fr\\\/?s={search_term_string}\"},\"query-input\":{\"@type\":\"PropertyValueSpecification\",\"valueRequired\":true,\"valueName\":\"search_term_string\"}}],\"inLanguage\":\"fr-FR\"},{\"@type\":\"Organization\",\"@id\":\"https:\\\/\\\/www.uartes.edu.ec\\\/sitio\\\/fr\\\/#organization\",\"name\":\"Universidad de las Artes\",\"url\":\"https:\\\/\\\/www.uartes.edu.ec\\\/sitio\\\/fr\\\/\",\"logo\":{\"@type\":\"ImageObject\",\"inLanguage\":\"fr-FR\",\"@id\":\"https:\\\/\\\/www.uartes.edu.ec\\\/sitio\\\/fr\\\/#\\\/schema\\\/logo\\\/image\\\/\",\"url\":\"https:\\\/\\\/www.uartes.edu.ec\\\/sitio\\\/wp-content\\\/uploads\\\/2022\\\/07\\\/logo-ua-horizontal.png\",\"contentUrl\":\"https:\\\/\\\/www.uartes.edu.ec\\\/sitio\\\/wp-content\\\/uploads\\\/2022\\\/07\\\/logo-ua-horizontal.png\",\"width\":800,\"height\":276,\"caption\":\"Universidad de las Artes\"},\"image\":{\"@id\":\"https:\\\/\\\/www.uartes.edu.ec\\\/sitio\\\/fr\\\/#\\\/schema\\\/logo\\\/image\\\/\"},\"sameAs\":[\"https:\\\/\\\/www.facebook.com\\\/uartesec\",\"https:\\\/\\\/x.com\\\/uartesec\",\"https:\\\/\\\/www.tiktok.com\\\/@uartesec\"]},{\"@type\":\"Person\",\"@id\":\"https:\\\/\\\/www.uartes.edu.ec\\\/sitio\\\/fr\\\/#\\\/schema\\\/person\\\/efa1b8275797664fd7f13a79ccc0b1f4\",\"name\":\"ccortez\",\"image\":{\"@type\":\"ImageObject\",\"inLanguage\":\"fr-FR\",\"@id\":\"https:\\\/\\\/secure.gravatar.com\\\/avatar\\\/b2a6f664a3ae8e074346ef91775736c5ec479e637ecced6842de9dc98b5da9cd?s=96&d=mm&r=g\",\"url\":\"https:\\\/\\\/secure.gravatar.com\\\/avatar\\\/b2a6f664a3ae8e074346ef91775736c5ec479e637ecced6842de9dc98b5da9cd?s=96&d=mm&r=g\",\"contentUrl\":\"https:\\\/\\\/secure.gravatar.com\\\/avatar\\\/b2a6f664a3ae8e074346ef91775736c5ec479e637ecced6842de9dc98b5da9cd?s=96&d=mm&r=g\",\"caption\":\"ccortez\"},\"url\":\"https:\\\/\\\/www.uartes.edu.ec\\\/sitio\\\/fr\\\/blog\\\/author\\\/ccortez\\\/\"}]}<\/script>\n<!-- \/ Yoast SEO plugin. -->","yoast_head_json":{"title":"Universidad de las Artes - Alumnis y egresados UArtes lideran la propuesta Art Conections impulsada por la Biblioteca de las Artes","description":"Universidad de las Artes - Alumnis y egresados UArtes lideran la propuesta Art Conections impulsada por la Biblioteca de las Artes","robots":{"index":"index","follow":"follow","max-snippet":"max-snippet:-1","max-image-preview":"max-image-preview:large","max-video-preview":"max-video-preview:-1"},"canonical":"https:\/\/www.uartes.edu.ec\/sitio\/fr\/blog\/2021\/10\/18\/alumnis-y-egresados-uartes-lideran-la-propuesta-art-conections-impulsada-por-la-biblioteca-de-las-artes\/","og_locale":"fr_FR","og_type":"article","og_title":"Universidad de las Artes - Alumnis y egresados UArtes lideran la propuesta Art Conections impulsada por la Biblioteca de las Artes","og_description":"Universidad de las Artes - Alumnis y egresados UArtes lideran la propuesta Art Conections impulsada por la Biblioteca de las Artes","og_url":"https:\/\/www.uartes.edu.ec\/sitio\/fr\/blog\/2021\/10\/18\/alumnis-y-egresados-uartes-lideran-la-propuesta-art-conections-impulsada-por-la-biblioteca-de-las-artes\/","og_site_name":"Universidad de las Artes","article_publisher":"https:\/\/www.facebook.com\/uartesec","article_published_time":"2021-10-18T19:00:00+00:00","article_modified_time":"2024-07-04T16:25:29+00:00","og_image":[{"width":2000,"height":1333,"url":"https:\/\/www.uartes.edu.ec\/sitio\/wp-content\/uploads\/2021\/10\/RUTH-Y-HAROLD.webp","type":"image\/webp"}],"author":"ccortez","twitter_card":"summary_large_image","twitter_creator":"@uartesec","twitter_site":"@uartesec","twitter_misc":{"\u00c9crit par":"ccortez","Dur\u00e9e de lecture estim\u00e9e":"2 minutes"},"schema":{"@context":"https:\/\/schema.org","@graph":[{"@type":"Article","@id":"https:\/\/www.uartes.edu.ec\/sitio\/fr\/blog\/2021\/10\/18\/alumnis-y-egresados-uartes-lideran-la-propuesta-art-conections-impulsada-por-la-biblioteca-de-las-artes\/#article","isPartOf":{"@id":"https:\/\/www.uartes.edu.ec\/sitio\/fr\/blog\/2021\/10\/18\/alumnis-y-egresados-uartes-lideran-la-propuesta-art-conections-impulsada-por-la-biblioteca-de-las-artes\/"},"author":{"name":"ccortez","@id":"https:\/\/www.uartes.edu.ec\/sitio\/fr\/#\/schema\/person\/efa1b8275797664fd7f13a79ccc0b1f4"},"headline":"Alumnis y egresados UArtes lideran la propuesta Art Conections impulsada por la Biblioteca de las Artes","datePublished":"2021-10-18T19:00:00+00:00","dateModified":"2024-07-04T16:25:29+00:00","mainEntityOfPage":{"@id":"https:\/\/www.uartes.edu.ec\/sitio\/fr\/blog\/2021\/10\/18\/alumnis-y-egresados-uartes-lideran-la-propuesta-art-conections-impulsada-por-la-biblioteca-de-las-artes\/"},"wordCount":408,"commentCount":0,"publisher":{"@id":"https:\/\/www.uartes.edu.ec\/sitio\/fr\/#organization"},"image":{"@id":"https:\/\/www.uartes.edu.ec\/sitio\/fr\/blog\/2021\/10\/18\/alumnis-y-egresados-uartes-lideran-la-propuesta-art-conections-impulsada-por-la-biblioteca-de-las-artes\/#primaryimage"},"thumbnailUrl":"https:\/\/www.uartes.edu.ec\/sitio\/wp-content\/uploads\/2021\/10\/RUTH-Y-HAROLD.webp","keywords":["biblioteca"],"articleSection":["Alumni","Artes","Estudiantes"],"inLanguage":"fr-FR","potentialAction":[{"@type":"CommentAction","name":"Comment","target":["https:\/\/www.uartes.edu.ec\/sitio\/fr\/blog\/2021\/10\/18\/alumnis-y-egresados-uartes-lideran-la-propuesta-art-conections-impulsada-por-la-biblioteca-de-las-artes\/#respond"]}]},{"@type":["WebPage","ItemPage"],"@id":"https:\/\/www.uartes.edu.ec\/sitio\/fr\/blog\/2021\/10\/18\/alumnis-y-egresados-uartes-lideran-la-propuesta-art-conections-impulsada-por-la-biblioteca-de-las-artes\/","url":"https:\/\/www.uartes.edu.ec\/sitio\/fr\/blog\/2021\/10\/18\/alumnis-y-egresados-uartes-lideran-la-propuesta-art-conections-impulsada-por-la-biblioteca-de-las-artes\/","name":"Universidad de las Artes - Alumnis y egresados UArtes lideran la propuesta Art Conections impulsada por la Biblioteca de las Artes","isPartOf":{"@id":"https:\/\/www.uartes.edu.ec\/sitio\/fr\/#website"},"primaryImageOfPage":{"@id":"https:\/\/www.uartes.edu.ec\/sitio\/fr\/blog\/2021\/10\/18\/alumnis-y-egresados-uartes-lideran-la-propuesta-art-conections-impulsada-por-la-biblioteca-de-las-artes\/#primaryimage"},"image":{"@id":"https:\/\/www.uartes.edu.ec\/sitio\/fr\/blog\/2021\/10\/18\/alumnis-y-egresados-uartes-lideran-la-propuesta-art-conections-impulsada-por-la-biblioteca-de-las-artes\/#primaryimage"},"thumbnailUrl":"https:\/\/www.uartes.edu.ec\/sitio\/wp-content\/uploads\/2021\/10\/RUTH-Y-HAROLD.webp","datePublished":"2021-10-18T19:00:00+00:00","dateModified":"2024-07-04T16:25:29+00:00","description":"Universidad de las Artes - Alumnis y egresados UArtes lideran la propuesta Art Conections impulsada por la Biblioteca de las Artes","breadcrumb":{"@id":"https:\/\/www.uartes.edu.ec\/sitio\/fr\/blog\/2021\/10\/18\/alumnis-y-egresados-uartes-lideran-la-propuesta-art-conections-impulsada-por-la-biblioteca-de-las-artes\/#breadcrumb"},"inLanguage":"fr-FR","potentialAction":[{"@type":"ReadAction","target":["https:\/\/www.uartes.edu.ec\/sitio\/fr\/blog\/2021\/10\/18\/alumnis-y-egresados-uartes-lideran-la-propuesta-art-conections-impulsada-por-la-biblioteca-de-las-artes\/"]}]},{"@type":"ImageObject","inLanguage":"fr-FR","@id":"https:\/\/www.uartes.edu.ec\/sitio\/fr\/blog\/2021\/10\/18\/alumnis-y-egresados-uartes-lideran-la-propuesta-art-conections-impulsada-por-la-biblioteca-de-las-artes\/#primaryimage","url":"https:\/\/www.uartes.edu.ec\/sitio\/wp-content\/uploads\/2021\/10\/RUTH-Y-HAROLD.webp","contentUrl":"https:\/\/www.uartes.edu.ec\/sitio\/wp-content\/uploads\/2021\/10\/RUTH-Y-HAROLD.webp","width":2000,"height":1333},{"@type":"BreadcrumbList","@id":"https:\/\/www.uartes.edu.ec\/sitio\/fr\/blog\/2021\/10\/18\/alumnis-y-egresados-uartes-lideran-la-propuesta-art-conections-impulsada-por-la-biblioteca-de-las-artes\/#breadcrumb","itemListElement":[{"@type":"ListItem","position":1,"name":"Inicio","item":"https:\/\/www.uartes.edu.ec\/sitio\/"},{"@type":"ListItem","position":2,"name":"Alumnis y egresados UArtes lideran la propuesta Art Conections impulsada por la Biblioteca de las Artes"}]},{"@type":"WebSite","@id":"https:\/\/www.uartes.edu.ec\/sitio\/fr\/#website","url":"https:\/\/www.uartes.edu.ec\/sitio\/fr\/","name":"Universidad de las Artes","description":"Sitio oficial de la Universidad Nacional de las Artes del Ecuador","publisher":{"@id":"https:\/\/www.uartes.edu.ec\/sitio\/fr\/#organization"},"potentialAction":[{"@type":"SearchAction","target":{"@type":"EntryPoint","urlTemplate":"https:\/\/www.uartes.edu.ec\/sitio\/fr\/?s={search_term_string}"},"query-input":{"@type":"PropertyValueSpecification","valueRequired":true,"valueName":"search_term_string"}}],"inLanguage":"fr-FR"},{"@type":"Organization","@id":"https:\/\/www.uartes.edu.ec\/sitio\/fr\/#organization","name":"Universidad de las Artes","url":"https:\/\/www.uartes.edu.ec\/sitio\/fr\/","logo":{"@type":"ImageObject","inLanguage":"fr-FR","@id":"https:\/\/www.uartes.edu.ec\/sitio\/fr\/#\/schema\/logo\/image\/","url":"https:\/\/www.uartes.edu.ec\/sitio\/wp-content\/uploads\/2022\/07\/logo-ua-horizontal.png","contentUrl":"https:\/\/www.uartes.edu.ec\/sitio\/wp-content\/uploads\/2022\/07\/logo-ua-horizontal.png","width":800,"height":276,"caption":"Universidad de las Artes"},"image":{"@id":"https:\/\/www.uartes.edu.ec\/sitio\/fr\/#\/schema\/logo\/image\/"},"sameAs":["https:\/\/www.facebook.com\/uartesec","https:\/\/x.com\/uartesec","https:\/\/www.tiktok.com\/@uartesec"]},{"@type":"Person","@id":"https:\/\/www.uartes.edu.ec\/sitio\/fr\/#\/schema\/person\/efa1b8275797664fd7f13a79ccc0b1f4","name":"ccortez","image":{"@type":"ImageObject","inLanguage":"fr-FR","@id":"https:\/\/secure.gravatar.com\/avatar\/b2a6f664a3ae8e074346ef91775736c5ec479e637ecced6842de9dc98b5da9cd?s=96&d=mm&r=g","url":"https:\/\/secure.gravatar.com\/avatar\/b2a6f664a3ae8e074346ef91775736c5ec479e637ecced6842de9dc98b5da9cd?s=96&d=mm&r=g","contentUrl":"https:\/\/secure.gravatar.com\/avatar\/b2a6f664a3ae8e074346ef91775736c5ec479e637ecced6842de9dc98b5da9cd?s=96&d=mm&r=g","caption":"ccortez"},"url":"https:\/\/www.uartes.edu.ec\/sitio\/fr\/blog\/author\/ccortez\/"}]}},"uagb_featured_image_src":{"full":["https:\/\/www.uartes.edu.ec\/sitio\/wp-content\/uploads\/2021\/10\/RUTH-Y-HAROLD.webp",2000,1333,false],"thumbnail":["https:\/\/www.uartes.edu.ec\/sitio\/wp-content\/uploads\/2021\/10\/RUTH-Y-HAROLD.webp",150,100,false],"medium":["https:\/\/www.uartes.edu.ec\/sitio\/wp-content\/uploads\/2021\/10\/RUTH-Y-HAROLD.webp",300,200,false],"medium_large":["https:\/\/www.uartes.edu.ec\/sitio\/wp-content\/uploads\/2021\/10\/RUTH-Y-HAROLD.webp",768,512,false],"large":["https:\/\/www.uartes.edu.ec\/sitio\/wp-content\/uploads\/2021\/10\/RUTH-Y-HAROLD.webp",644,429,false],"1536x1536":["https:\/\/www.uartes.edu.ec\/sitio\/wp-content\/uploads\/2021\/10\/RUTH-Y-HAROLD.webp",1536,1024,false],"2048x2048":["https:\/\/www.uartes.edu.ec\/sitio\/wp-content\/uploads\/2021\/10\/RUTH-Y-HAROLD.webp",2000,1333,false],"trp-custom-language-flag":["https:\/\/www.uartes.edu.ec\/sitio\/wp-content\/uploads\/2021\/10\/RUTH-Y-HAROLD.webp",18,12,false],"htmega_size_585x295":["https:\/\/www.uartes.edu.ec\/sitio\/wp-content\/uploads\/2021\/10\/RUTH-Y-HAROLD.webp",443,295,false],"htmega_size_1170x536":["https:\/\/www.uartes.edu.ec\/sitio\/wp-content\/uploads\/2021\/10\/RUTH-Y-HAROLD.webp",804,536,false],"htmega_size_396x360":["https:\/\/www.uartes.edu.ec\/sitio\/wp-content\/uploads\/2021\/10\/RUTH-Y-HAROLD.webp",396,264,false],"gb-block-post-grid-landscape":["https:\/\/www.uartes.edu.ec\/sitio\/wp-content\/uploads\/2021\/10\/RUTH-Y-HAROLD.webp",600,400,false],"gb-block-post-grid-square":["https:\/\/www.uartes.edu.ec\/sitio\/wp-content\/uploads\/2021\/10\/RUTH-Y-HAROLD.webp",600,400,false],"university-hub-thumb":["https:\/\/www.uartes.edu.ec\/sitio\/wp-content\/uploads\/2021\/10\/RUTH-Y-HAROLD.webp",400,267,false],"mailpoet_newsletter_max":["https:\/\/www.uartes.edu.ec\/sitio\/wp-content\/uploads\/2021\/10\/RUTH-Y-HAROLD.webp",1320,880,false]},"uagb_author_info":{"display_name":"ccortez","author_link":"https:\/\/www.uartes.edu.ec\/sitio\/fr\/blog\/author\/ccortez\/"},"uagb_comment_info":0,"uagb_excerpt":"Los alumnis y egresados de la Universidad de las Artes contin\u00faan con las actividades programadas en el marco del Art Conections impulsado por la Biblioteca de las Artes. Este es un conjunto de talleres que busca propiciar espacios de aproximaci\u00f3n de la ciudadan\u00eda al \u00e1mbito cultural, a trav\u00e9s de procesos art\u00edsticos. \u201cPreshading\u201d e \u201cInvestigaci\u00f3n de\u2026","featured_image_src":"https:\/\/www.uartes.edu.ec\/sitio\/wp-content\/uploads\/2021\/10\/RUTH-Y-HAROLD.webp","featured_image_src_square":"https:\/\/www.uartes.edu.ec\/sitio\/wp-content\/uploads\/2021\/10\/RUTH-Y-HAROLD.webp","author_info":{"display_name":"ccortez","author_link":"https:\/\/www.uartes.edu.ec\/sitio\/fr\/blog\/author\/ccortez\/"},"publishpress_future_workflow_manual_trigger":{"enabledWorkflows":[]},"distributor_meta":false,"distributor_terms":false,"distributor_media":false,"distributor_original_site_name":"Universidad de las Artes","distributor_original_site_url":"https:\/\/www.uartes.edu.ec\/sitio\/fr","push-errors":false,"_links":{"self":[{"href":"https:\/\/www.uartes.edu.ec\/sitio\/fr\/wp-json\/wp\/v2\/posts\/16350","targetHints":{"allow":["GET"]}}],"collection":[{"href":"https:\/\/www.uartes.edu.ec\/sitio\/fr\/wp-json\/wp\/v2\/posts"}],"about":[{"href":"https:\/\/www.uartes.edu.ec\/sitio\/fr\/wp-json\/wp\/v2\/types\/post"}],"author":[{"embeddable":true,"href":"https:\/\/www.uartes.edu.ec\/sitio\/fr\/wp-json\/wp\/v2\/users\/10"}],"replies":[{"embeddable":true,"href":"https:\/\/www.uartes.edu.ec\/sitio\/fr\/wp-json\/wp\/v2\/comments?post=16350"}],"version-history":[{"count":1,"href":"https:\/\/www.uartes.edu.ec\/sitio\/fr\/wp-json\/wp\/v2\/posts\/16350\/revisions"}],"predecessor-version":[{"id":16352,"href":"https:\/\/www.uartes.edu.ec\/sitio\/fr\/wp-json\/wp\/v2\/posts\/16350\/revisions\/16352"}],"wp:featuredmedia":[{"embeddable":true,"href":"https:\/\/www.uartes.edu.ec\/sitio\/fr\/wp-json\/wp\/v2\/media\/16351"}],"wp:attachment":[{"href":"https:\/\/www.uartes.edu.ec\/sitio\/fr\/wp-json\/wp\/v2\/media?parent=16350"}],"wp:term":[{"taxonomy":"category","embeddable":true,"href":"https:\/\/www.uartes.edu.ec\/sitio\/fr\/wp-json\/wp\/v2\/categories?post=16350"},{"taxonomy":"post_tag","embeddable":true,"href":"https:\/\/www.uartes.edu.ec\/sitio\/fr\/wp-json\/wp\/v2\/tags?post=16350"},{"taxonomy":"infouartes","embeddable":true,"href":"https:\/\/www.uartes.edu.ec\/sitio\/fr\/wp-json\/wp\/v2\/infouartes?post=16350"}],"curies":[{"name":"wp","href":"https:\/\/api.w.org\/{rel}","templated":true}]}}