{"id":16353,"date":"2021-10-11T16:30:00","date_gmt":"2021-10-11T21:30:00","guid":{"rendered":"http:\/\/www.uartes.edu.ec\/sitio\/?p=16353"},"modified":"2024-07-04T11:25:31","modified_gmt":"2024-07-04T16:25:31","slug":"los-libros-sensibles-y-la-narracion-a-traves-de-imagenes-de-roger-ycaza-en-encuentro-del-ilia","status":"publish","type":"post","link":"https:\/\/www.uartes.edu.ec\/sitio\/fr\/blog\/2021\/10\/11\/los-libros-sensibles-y-la-narracion-a-traves-de-imagenes-de-roger-ycaza-en-encuentro-del-ilia\/","title":{"rendered":"\u201cLos libros sensibles\u201d y la \u201cNarraci\u00f3n a trav\u00e9s de im\u00e1genes\u201d de Roger Ycaza, en encuentro del ILIA"},"content":{"rendered":"<p>La charla \u201cNarraci\u00f3n a trav\u00e9s de la imagen\u201d y el taller \u201cLos libros sensibles\u201d fueron dos de las actividades que el m\u00fasico e ilustrador ambate\u00f1o Roger Ycaza dict\u00f3 y ofreci\u00f3, respectivamente, durante el VI Encuentro Internacional de Investigaci\u00f3n en Artes, que organizado por el Instituto Latinoamericano de Investigaci\u00f3n y Artes (ILIA) y la Universidad de las Artes se desarroll\u00f3 del 1 al 7 de octubre de 2021.<\/p>\n\n\n\n<p>La \u201cNarraci\u00f3n a trav\u00e9s de la imagen\u201d tuvo lugar el 4 de octubre, desde las 17:30, en la Plaza P\u00fablica del Centro de Producci\u00f3n e Innovaci\u00f3n MZ14; su presentaci\u00f3n la hizo la docente UArtes Cecilia Velasco.<\/p>\n\n\n\n<p>Durante las dos sesiones de \u201cLos libros sensibles\u201d, Roger Ycaza realiz\u00f3 un recorrido por los referentes del libro \u00e1lbum, un formato donde la imagen tiene el protagonismo sobre la palabra. Parte de la experiencia de este taller incluy\u00f3 una introducci\u00f3n a la interpretaci\u00f3n del lenguaje de las ilustraciones que se hace mediante el trazo, el color y la composici\u00f3n. Los libros que los talleristas se\u00f1alaron haber descubierto junto con el ilustrador ambate\u00f1o, y que igualmente se atrevieron a bosquejar, les hablaron de la p\u00e9rdida y la soledad, pero tambi\u00e9n de la alegr\u00eda del retorno a los juegos de la infancia, del placer de vivir de forma descomplicada. Sin duda, estos libros sensibles son para ni\u00f1os curiosos y para adultos temerarios. &nbsp;<\/p>","protected":false},"excerpt":{"rendered":"<p>La charla \u201cNarraci\u00f3n a trav\u00e9s de la imagen\u201d y el taller \u201cLos libros sensibles\u201d fueron dos de las actividades que el m\u00fasico e ilustrador ambate\u00f1o Roger Ycaza dict\u00f3 y ofreci\u00f3, respectivamente, durante el VI Encuentro Internacional de Investigaci\u00f3n en Artes, que organizado por el Instituto Latinoamericano de Investigaci\u00f3n y Artes (ILIA) y la Universidad de las Artes se desarroll\u00f3 del 1 al 7 de octubre de 2021.<\/p>","protected":false},"author":10,"featured_media":16354,"comment_status":"open","ping_status":"open","sticky":false,"template":"","format":"standard","meta":{"_acf_changed":false,"_uag_custom_page_level_css":"","_monsterinsights_skip_tracking":false,"_monsterinsights_sitenote_active":false,"_monsterinsights_sitenote_note":"","_monsterinsights_sitenote_category":0,"cybocfi_hide_featured_image":"","footnotes":""},"categories":[80,157,75,76,284,175],"tags":[524],"infouartes":[],"class_list":["post-16353","post","type-post","status-publish","format-standard","has-post-thumbnail","hentry","category-academico","category-artes-visuales","category-docentes","category-estudiantes","category-investigacion","category-literatura","tag-talleres"],"acf":[],"yoast_head":"<!-- This site is optimized with the Yoast SEO plugin v27.4 - https:\/\/yoast.com\/product\/yoast-seo-wordpress\/ -->\n<title>Universidad de las Artes - \u201cLos libros sensibles\u201d y la \u201cNarraci\u00f3n a trav\u00e9s de im\u00e1genes\u201d de Roger Ycaza, en encuentro del ILIA<\/title>\n<meta name=\"description\" content=\"Universidad de las Artes - \u201cLos libros sensibles\u201d y la \u201cNarraci\u00f3n a trav\u00e9s de im\u00e1genes\u201d de Roger Ycaza, en encuentro del ILIA\" \/>\n<meta name=\"robots\" content=\"index, follow, max-snippet:-1, max-image-preview:large, max-video-preview:-1\" \/>\n<link rel=\"canonical\" href=\"https:\/\/www.uartes.edu.ec\/sitio\/fr\/blog\/2021\/10\/11\/los-libros-sensibles-y-la-narracion-a-traves-de-imagenes-de-roger-ycaza-en-encuentro-del-ilia\/\" \/>\n<meta property=\"og:locale\" content=\"fr_FR\" \/>\n<meta property=\"og:type\" content=\"article\" \/>\n<meta property=\"og:title\" content=\"Universidad de las Artes - \u201cLos libros sensibles\u201d y la \u201cNarraci\u00f3n a trav\u00e9s de im\u00e1genes\u201d de Roger Ycaza, en encuentro del ILIA\" \/>\n<meta property=\"og:description\" content=\"Universidad de las Artes - \u201cLos libros sensibles\u201d y la \u201cNarraci\u00f3n a trav\u00e9s de im\u00e1genes\u201d de Roger Ycaza, en encuentro del ILIA\" \/>\n<meta property=\"og:url\" content=\"https:\/\/www.uartes.edu.ec\/sitio\/fr\/blog\/2021\/10\/11\/los-libros-sensibles-y-la-narracion-a-traves-de-imagenes-de-roger-ycaza-en-encuentro-del-ilia\/\" \/>\n<meta property=\"og:site_name\" content=\"Universidad de las Artes\" \/>\n<meta property=\"article:publisher\" content=\"https:\/\/www.facebook.com\/uartesec\" \/>\n<meta property=\"article:published_time\" content=\"2021-10-11T21:30:00+00:00\" \/>\n<meta property=\"article:modified_time\" content=\"2024-07-04T16:25:31+00:00\" \/>\n<meta property=\"og:image\" content=\"https:\/\/www.uartes.edu.ec\/sitio\/wp-content\/uploads\/2021\/10\/LOS-LIOBRS-SENSIBLES-OK-2.webp\" \/>\n\t<meta property=\"og:image:width\" content=\"2000\" \/>\n\t<meta property=\"og:image:height\" content=\"1333\" \/>\n\t<meta property=\"og:image:type\" content=\"image\/webp\" \/>\n<meta name=\"author\" content=\"ccortez\" \/>\n<meta name=\"twitter:card\" content=\"summary_large_image\" \/>\n<meta name=\"twitter:creator\" content=\"@uartesec\" \/>\n<meta name=\"twitter:site\" content=\"@uartesec\" \/>\n<meta name=\"twitter:label1\" content=\"\u00c9crit par\" \/>\n\t<meta name=\"twitter:data1\" content=\"ccortez\" \/>\n\t<meta name=\"twitter:label2\" content=\"Dur\u00e9e de lecture estim\u00e9e\" \/>\n\t<meta name=\"twitter:data2\" content=\"1 minute\" \/>\n<script type=\"application\/ld+json\" class=\"yoast-schema-graph\">{\"@context\":\"https:\\\/\\\/schema.org\",\"@graph\":[{\"@type\":\"Article\",\"@id\":\"https:\\\/\\\/www.uartes.edu.ec\\\/sitio\\\/fr\\\/blog\\\/2021\\\/10\\\/11\\\/los-libros-sensibles-y-la-narracion-a-traves-de-imagenes-de-roger-ycaza-en-encuentro-del-ilia\\\/#article\",\"isPartOf\":{\"@id\":\"https:\\\/\\\/www.uartes.edu.ec\\\/sitio\\\/fr\\\/blog\\\/2021\\\/10\\\/11\\\/los-libros-sensibles-y-la-narracion-a-traves-de-imagenes-de-roger-ycaza-en-encuentro-del-ilia\\\/\"},\"author\":{\"name\":\"ccortez\",\"@id\":\"https:\\\/\\\/www.uartes.edu.ec\\\/sitio\\\/fr\\\/#\\\/schema\\\/person\\\/efa1b8275797664fd7f13a79ccc0b1f4\"},\"headline\":\"\u201cLos libros sensibles\u201d y la \u201cNarraci\u00f3n a trav\u00e9s de im\u00e1genes\u201d de Roger Ycaza, en encuentro del ILIA\",\"datePublished\":\"2021-10-11T21:30:00+00:00\",\"dateModified\":\"2024-07-04T16:25:31+00:00\",\"mainEntityOfPage\":{\"@id\":\"https:\\\/\\\/www.uartes.edu.ec\\\/sitio\\\/fr\\\/blog\\\/2021\\\/10\\\/11\\\/los-libros-sensibles-y-la-narracion-a-traves-de-imagenes-de-roger-ycaza-en-encuentro-del-ilia\\\/\"},\"wordCount\":260,\"commentCount\":0,\"publisher\":{\"@id\":\"https:\\\/\\\/www.uartes.edu.ec\\\/sitio\\\/fr\\\/#organization\"},\"image\":{\"@id\":\"https:\\\/\\\/www.uartes.edu.ec\\\/sitio\\\/fr\\\/blog\\\/2021\\\/10\\\/11\\\/los-libros-sensibles-y-la-narracion-a-traves-de-imagenes-de-roger-ycaza-en-encuentro-del-ilia\\\/#primaryimage\"},\"thumbnailUrl\":\"https:\\\/\\\/www.uartes.edu.ec\\\/sitio\\\/wp-content\\\/uploads\\\/2021\\\/10\\\/LOS-LIOBRS-SENSIBLES-OK-2.webp\",\"keywords\":[\"talleres\"],\"articleSection\":[\"Acad\u00e9mico\",\"Artes Visuales\",\"Docentes\",\"Estudiantes\",\"Investigaci\u00f3n\",\"Literatura\"],\"inLanguage\":\"fr-FR\",\"potentialAction\":[{\"@type\":\"CommentAction\",\"name\":\"Comment\",\"target\":[\"https:\\\/\\\/www.uartes.edu.ec\\\/sitio\\\/fr\\\/blog\\\/2021\\\/10\\\/11\\\/los-libros-sensibles-y-la-narracion-a-traves-de-imagenes-de-roger-ycaza-en-encuentro-del-ilia\\\/#respond\"]}]},{\"@type\":[\"WebPage\",\"ItemPage\"],\"@id\":\"https:\\\/\\\/www.uartes.edu.ec\\\/sitio\\\/fr\\\/blog\\\/2021\\\/10\\\/11\\\/los-libros-sensibles-y-la-narracion-a-traves-de-imagenes-de-roger-ycaza-en-encuentro-del-ilia\\\/\",\"url\":\"https:\\\/\\\/www.uartes.edu.ec\\\/sitio\\\/fr\\\/blog\\\/2021\\\/10\\\/11\\\/los-libros-sensibles-y-la-narracion-a-traves-de-imagenes-de-roger-ycaza-en-encuentro-del-ilia\\\/\",\"name\":\"Universidad de las Artes - \u201cLos libros sensibles\u201d y la \u201cNarraci\u00f3n a trav\u00e9s de im\u00e1genes\u201d de Roger Ycaza, en encuentro del ILIA\",\"isPartOf\":{\"@id\":\"https:\\\/\\\/www.uartes.edu.ec\\\/sitio\\\/fr\\\/#website\"},\"primaryImageOfPage\":{\"@id\":\"https:\\\/\\\/www.uartes.edu.ec\\\/sitio\\\/fr\\\/blog\\\/2021\\\/10\\\/11\\\/los-libros-sensibles-y-la-narracion-a-traves-de-imagenes-de-roger-ycaza-en-encuentro-del-ilia\\\/#primaryimage\"},\"image\":{\"@id\":\"https:\\\/\\\/www.uartes.edu.ec\\\/sitio\\\/fr\\\/blog\\\/2021\\\/10\\\/11\\\/los-libros-sensibles-y-la-narracion-a-traves-de-imagenes-de-roger-ycaza-en-encuentro-del-ilia\\\/#primaryimage\"},\"thumbnailUrl\":\"https:\\\/\\\/www.uartes.edu.ec\\\/sitio\\\/wp-content\\\/uploads\\\/2021\\\/10\\\/LOS-LIOBRS-SENSIBLES-OK-2.webp\",\"datePublished\":\"2021-10-11T21:30:00+00:00\",\"dateModified\":\"2024-07-04T16:25:31+00:00\",\"description\":\"Universidad de las Artes - \u201cLos libros sensibles\u201d y la \u201cNarraci\u00f3n a trav\u00e9s de im\u00e1genes\u201d de Roger Ycaza, en encuentro del ILIA\",\"breadcrumb\":{\"@id\":\"https:\\\/\\\/www.uartes.edu.ec\\\/sitio\\\/fr\\\/blog\\\/2021\\\/10\\\/11\\\/los-libros-sensibles-y-la-narracion-a-traves-de-imagenes-de-roger-ycaza-en-encuentro-del-ilia\\\/#breadcrumb\"},\"inLanguage\":\"fr-FR\",\"potentialAction\":[{\"@type\":\"ReadAction\",\"target\":[\"https:\\\/\\\/www.uartes.edu.ec\\\/sitio\\\/fr\\\/blog\\\/2021\\\/10\\\/11\\\/los-libros-sensibles-y-la-narracion-a-traves-de-imagenes-de-roger-ycaza-en-encuentro-del-ilia\\\/\"]}]},{\"@type\":\"ImageObject\",\"inLanguage\":\"fr-FR\",\"@id\":\"https:\\\/\\\/www.uartes.edu.ec\\\/sitio\\\/fr\\\/blog\\\/2021\\\/10\\\/11\\\/los-libros-sensibles-y-la-narracion-a-traves-de-imagenes-de-roger-ycaza-en-encuentro-del-ilia\\\/#primaryimage\",\"url\":\"https:\\\/\\\/www.uartes.edu.ec\\\/sitio\\\/wp-content\\\/uploads\\\/2021\\\/10\\\/LOS-LIOBRS-SENSIBLES-OK-2.webp\",\"contentUrl\":\"https:\\\/\\\/www.uartes.edu.ec\\\/sitio\\\/wp-content\\\/uploads\\\/2021\\\/10\\\/LOS-LIOBRS-SENSIBLES-OK-2.webp\",\"width\":2000,\"height\":1333},{\"@type\":\"BreadcrumbList\",\"@id\":\"https:\\\/\\\/www.uartes.edu.ec\\\/sitio\\\/fr\\\/blog\\\/2021\\\/10\\\/11\\\/los-libros-sensibles-y-la-narracion-a-traves-de-imagenes-de-roger-ycaza-en-encuentro-del-ilia\\\/#breadcrumb\",\"itemListElement\":[{\"@type\":\"ListItem\",\"position\":1,\"name\":\"Inicio\",\"item\":\"https:\\\/\\\/www.uartes.edu.ec\\\/sitio\\\/\"},{\"@type\":\"ListItem\",\"position\":2,\"name\":\"\u201cLos libros sensibles\u201d y la \u201cNarraci\u00f3n a trav\u00e9s de im\u00e1genes\u201d de Roger Ycaza, en encuentro del ILIA\"}]},{\"@type\":\"WebSite\",\"@id\":\"https:\\\/\\\/www.uartes.edu.ec\\\/sitio\\\/fr\\\/#website\",\"url\":\"https:\\\/\\\/www.uartes.edu.ec\\\/sitio\\\/fr\\\/\",\"name\":\"Universidad de las Artes\",\"description\":\"Sitio oficial de la Universidad Nacional de las Artes del Ecuador\",\"publisher\":{\"@id\":\"https:\\\/\\\/www.uartes.edu.ec\\\/sitio\\\/fr\\\/#organization\"},\"potentialAction\":[{\"@type\":\"SearchAction\",\"target\":{\"@type\":\"EntryPoint\",\"urlTemplate\":\"https:\\\/\\\/www.uartes.edu.ec\\\/sitio\\\/fr\\\/?s={search_term_string}\"},\"query-input\":{\"@type\":\"PropertyValueSpecification\",\"valueRequired\":true,\"valueName\":\"search_term_string\"}}],\"inLanguage\":\"fr-FR\"},{\"@type\":\"Organization\",\"@id\":\"https:\\\/\\\/www.uartes.edu.ec\\\/sitio\\\/fr\\\/#organization\",\"name\":\"Universidad de las Artes\",\"url\":\"https:\\\/\\\/www.uartes.edu.ec\\\/sitio\\\/fr\\\/\",\"logo\":{\"@type\":\"ImageObject\",\"inLanguage\":\"fr-FR\",\"@id\":\"https:\\\/\\\/www.uartes.edu.ec\\\/sitio\\\/fr\\\/#\\\/schema\\\/logo\\\/image\\\/\",\"url\":\"https:\\\/\\\/www.uartes.edu.ec\\\/sitio\\\/wp-content\\\/uploads\\\/2022\\\/07\\\/logo-ua-horizontal.png\",\"contentUrl\":\"https:\\\/\\\/www.uartes.edu.ec\\\/sitio\\\/wp-content\\\/uploads\\\/2022\\\/07\\\/logo-ua-horizontal.png\",\"width\":800,\"height\":276,\"caption\":\"Universidad de las Artes\"},\"image\":{\"@id\":\"https:\\\/\\\/www.uartes.edu.ec\\\/sitio\\\/fr\\\/#\\\/schema\\\/logo\\\/image\\\/\"},\"sameAs\":[\"https:\\\/\\\/www.facebook.com\\\/uartesec\",\"https:\\\/\\\/x.com\\\/uartesec\",\"https:\\\/\\\/www.tiktok.com\\\/@uartesec\"]},{\"@type\":\"Person\",\"@id\":\"https:\\\/\\\/www.uartes.edu.ec\\\/sitio\\\/fr\\\/#\\\/schema\\\/person\\\/efa1b8275797664fd7f13a79ccc0b1f4\",\"name\":\"ccortez\",\"image\":{\"@type\":\"ImageObject\",\"inLanguage\":\"fr-FR\",\"@id\":\"https:\\\/\\\/secure.gravatar.com\\\/avatar\\\/b2a6f664a3ae8e074346ef91775736c5ec479e637ecced6842de9dc98b5da9cd?s=96&d=mm&r=g\",\"url\":\"https:\\\/\\\/secure.gravatar.com\\\/avatar\\\/b2a6f664a3ae8e074346ef91775736c5ec479e637ecced6842de9dc98b5da9cd?s=96&d=mm&r=g\",\"contentUrl\":\"https:\\\/\\\/secure.gravatar.com\\\/avatar\\\/b2a6f664a3ae8e074346ef91775736c5ec479e637ecced6842de9dc98b5da9cd?s=96&d=mm&r=g\",\"caption\":\"ccortez\"},\"url\":\"https:\\\/\\\/www.uartes.edu.ec\\\/sitio\\\/fr\\\/blog\\\/author\\\/ccortez\\\/\"}]}<\/script>\n<!-- \/ Yoast SEO plugin. -->","yoast_head_json":{"title":"Universidad de las Artes - \u201cLos libros sensibles\u201d y la \u201cNarraci\u00f3n a trav\u00e9s de im\u00e1genes\u201d de Roger Ycaza, en encuentro del ILIA","description":"Universidad de las Artes - \u201cLos libros sensibles\u201d y la \u201cNarraci\u00f3n a trav\u00e9s de im\u00e1genes\u201d de Roger Ycaza, en encuentro del ILIA","robots":{"index":"index","follow":"follow","max-snippet":"max-snippet:-1","max-image-preview":"max-image-preview:large","max-video-preview":"max-video-preview:-1"},"canonical":"https:\/\/www.uartes.edu.ec\/sitio\/fr\/blog\/2021\/10\/11\/los-libros-sensibles-y-la-narracion-a-traves-de-imagenes-de-roger-ycaza-en-encuentro-del-ilia\/","og_locale":"fr_FR","og_type":"article","og_title":"Universidad de las Artes - \u201cLos libros sensibles\u201d y la \u201cNarraci\u00f3n a trav\u00e9s de im\u00e1genes\u201d de Roger Ycaza, en encuentro del ILIA","og_description":"Universidad de las Artes - \u201cLos libros sensibles\u201d y la \u201cNarraci\u00f3n a trav\u00e9s de im\u00e1genes\u201d de Roger Ycaza, en encuentro del ILIA","og_url":"https:\/\/www.uartes.edu.ec\/sitio\/fr\/blog\/2021\/10\/11\/los-libros-sensibles-y-la-narracion-a-traves-de-imagenes-de-roger-ycaza-en-encuentro-del-ilia\/","og_site_name":"Universidad de las Artes","article_publisher":"https:\/\/www.facebook.com\/uartesec","article_published_time":"2021-10-11T21:30:00+00:00","article_modified_time":"2024-07-04T16:25:31+00:00","og_image":[{"width":2000,"height":1333,"url":"https:\/\/www.uartes.edu.ec\/sitio\/wp-content\/uploads\/2021\/10\/LOS-LIOBRS-SENSIBLES-OK-2.webp","type":"image\/webp"}],"author":"ccortez","twitter_card":"summary_large_image","twitter_creator":"@uartesec","twitter_site":"@uartesec","twitter_misc":{"\u00c9crit par":"ccortez","Dur\u00e9e de lecture estim\u00e9e":"1 minute"},"schema":{"@context":"https:\/\/schema.org","@graph":[{"@type":"Article","@id":"https:\/\/www.uartes.edu.ec\/sitio\/fr\/blog\/2021\/10\/11\/los-libros-sensibles-y-la-narracion-a-traves-de-imagenes-de-roger-ycaza-en-encuentro-del-ilia\/#article","isPartOf":{"@id":"https:\/\/www.uartes.edu.ec\/sitio\/fr\/blog\/2021\/10\/11\/los-libros-sensibles-y-la-narracion-a-traves-de-imagenes-de-roger-ycaza-en-encuentro-del-ilia\/"},"author":{"name":"ccortez","@id":"https:\/\/www.uartes.edu.ec\/sitio\/fr\/#\/schema\/person\/efa1b8275797664fd7f13a79ccc0b1f4"},"headline":"\u201cLos libros sensibles\u201d y la \u201cNarraci\u00f3n a trav\u00e9s de im\u00e1genes\u201d de Roger Ycaza, en encuentro del ILIA","datePublished":"2021-10-11T21:30:00+00:00","dateModified":"2024-07-04T16:25:31+00:00","mainEntityOfPage":{"@id":"https:\/\/www.uartes.edu.ec\/sitio\/fr\/blog\/2021\/10\/11\/los-libros-sensibles-y-la-narracion-a-traves-de-imagenes-de-roger-ycaza-en-encuentro-del-ilia\/"},"wordCount":260,"commentCount":0,"publisher":{"@id":"https:\/\/www.uartes.edu.ec\/sitio\/fr\/#organization"},"image":{"@id":"https:\/\/www.uartes.edu.ec\/sitio\/fr\/blog\/2021\/10\/11\/los-libros-sensibles-y-la-narracion-a-traves-de-imagenes-de-roger-ycaza-en-encuentro-del-ilia\/#primaryimage"},"thumbnailUrl":"https:\/\/www.uartes.edu.ec\/sitio\/wp-content\/uploads\/2021\/10\/LOS-LIOBRS-SENSIBLES-OK-2.webp","keywords":["talleres"],"articleSection":["Acad\u00e9mico","Artes Visuales","Docentes","Estudiantes","Investigaci\u00f3n","Literatura"],"inLanguage":"fr-FR","potentialAction":[{"@type":"CommentAction","name":"Comment","target":["https:\/\/www.uartes.edu.ec\/sitio\/fr\/blog\/2021\/10\/11\/los-libros-sensibles-y-la-narracion-a-traves-de-imagenes-de-roger-ycaza-en-encuentro-del-ilia\/#respond"]}]},{"@type":["WebPage","ItemPage"],"@id":"https:\/\/www.uartes.edu.ec\/sitio\/fr\/blog\/2021\/10\/11\/los-libros-sensibles-y-la-narracion-a-traves-de-imagenes-de-roger-ycaza-en-encuentro-del-ilia\/","url":"https:\/\/www.uartes.edu.ec\/sitio\/fr\/blog\/2021\/10\/11\/los-libros-sensibles-y-la-narracion-a-traves-de-imagenes-de-roger-ycaza-en-encuentro-del-ilia\/","name":"Universidad de las Artes - \u201cLos libros sensibles\u201d y la \u201cNarraci\u00f3n a trav\u00e9s de im\u00e1genes\u201d de Roger Ycaza, en encuentro del ILIA","isPartOf":{"@id":"https:\/\/www.uartes.edu.ec\/sitio\/fr\/#website"},"primaryImageOfPage":{"@id":"https:\/\/www.uartes.edu.ec\/sitio\/fr\/blog\/2021\/10\/11\/los-libros-sensibles-y-la-narracion-a-traves-de-imagenes-de-roger-ycaza-en-encuentro-del-ilia\/#primaryimage"},"image":{"@id":"https:\/\/www.uartes.edu.ec\/sitio\/fr\/blog\/2021\/10\/11\/los-libros-sensibles-y-la-narracion-a-traves-de-imagenes-de-roger-ycaza-en-encuentro-del-ilia\/#primaryimage"},"thumbnailUrl":"https:\/\/www.uartes.edu.ec\/sitio\/wp-content\/uploads\/2021\/10\/LOS-LIOBRS-SENSIBLES-OK-2.webp","datePublished":"2021-10-11T21:30:00+00:00","dateModified":"2024-07-04T16:25:31+00:00","description":"Universidad de las Artes - \u201cLos libros sensibles\u201d y la \u201cNarraci\u00f3n a trav\u00e9s de im\u00e1genes\u201d de Roger Ycaza, en encuentro del ILIA","breadcrumb":{"@id":"https:\/\/www.uartes.edu.ec\/sitio\/fr\/blog\/2021\/10\/11\/los-libros-sensibles-y-la-narracion-a-traves-de-imagenes-de-roger-ycaza-en-encuentro-del-ilia\/#breadcrumb"},"inLanguage":"fr-FR","potentialAction":[{"@type":"ReadAction","target":["https:\/\/www.uartes.edu.ec\/sitio\/fr\/blog\/2021\/10\/11\/los-libros-sensibles-y-la-narracion-a-traves-de-imagenes-de-roger-ycaza-en-encuentro-del-ilia\/"]}]},{"@type":"ImageObject","inLanguage":"fr-FR","@id":"https:\/\/www.uartes.edu.ec\/sitio\/fr\/blog\/2021\/10\/11\/los-libros-sensibles-y-la-narracion-a-traves-de-imagenes-de-roger-ycaza-en-encuentro-del-ilia\/#primaryimage","url":"https:\/\/www.uartes.edu.ec\/sitio\/wp-content\/uploads\/2021\/10\/LOS-LIOBRS-SENSIBLES-OK-2.webp","contentUrl":"https:\/\/www.uartes.edu.ec\/sitio\/wp-content\/uploads\/2021\/10\/LOS-LIOBRS-SENSIBLES-OK-2.webp","width":2000,"height":1333},{"@type":"BreadcrumbList","@id":"https:\/\/www.uartes.edu.ec\/sitio\/fr\/blog\/2021\/10\/11\/los-libros-sensibles-y-la-narracion-a-traves-de-imagenes-de-roger-ycaza-en-encuentro-del-ilia\/#breadcrumb","itemListElement":[{"@type":"ListItem","position":1,"name":"Inicio","item":"https:\/\/www.uartes.edu.ec\/sitio\/"},{"@type":"ListItem","position":2,"name":"\u201cLos libros sensibles\u201d y la \u201cNarraci\u00f3n a trav\u00e9s de im\u00e1genes\u201d de Roger Ycaza, en encuentro del ILIA"}]},{"@type":"WebSite","@id":"https:\/\/www.uartes.edu.ec\/sitio\/fr\/#website","url":"https:\/\/www.uartes.edu.ec\/sitio\/fr\/","name":"Universidad de las Artes","description":"Sitio oficial de la Universidad Nacional de las Artes del Ecuador","publisher":{"@id":"https:\/\/www.uartes.edu.ec\/sitio\/fr\/#organization"},"potentialAction":[{"@type":"SearchAction","target":{"@type":"EntryPoint","urlTemplate":"https:\/\/www.uartes.edu.ec\/sitio\/fr\/?s={search_term_string}"},"query-input":{"@type":"PropertyValueSpecification","valueRequired":true,"valueName":"search_term_string"}}],"inLanguage":"fr-FR"},{"@type":"Organization","@id":"https:\/\/www.uartes.edu.ec\/sitio\/fr\/#organization","name":"Universidad de las Artes","url":"https:\/\/www.uartes.edu.ec\/sitio\/fr\/","logo":{"@type":"ImageObject","inLanguage":"fr-FR","@id":"https:\/\/www.uartes.edu.ec\/sitio\/fr\/#\/schema\/logo\/image\/","url":"https:\/\/www.uartes.edu.ec\/sitio\/wp-content\/uploads\/2022\/07\/logo-ua-horizontal.png","contentUrl":"https:\/\/www.uartes.edu.ec\/sitio\/wp-content\/uploads\/2022\/07\/logo-ua-horizontal.png","width":800,"height":276,"caption":"Universidad de las Artes"},"image":{"@id":"https:\/\/www.uartes.edu.ec\/sitio\/fr\/#\/schema\/logo\/image\/"},"sameAs":["https:\/\/www.facebook.com\/uartesec","https:\/\/x.com\/uartesec","https:\/\/www.tiktok.com\/@uartesec"]},{"@type":"Person","@id":"https:\/\/www.uartes.edu.ec\/sitio\/fr\/#\/schema\/person\/efa1b8275797664fd7f13a79ccc0b1f4","name":"ccortez","image":{"@type":"ImageObject","inLanguage":"fr-FR","@id":"https:\/\/secure.gravatar.com\/avatar\/b2a6f664a3ae8e074346ef91775736c5ec479e637ecced6842de9dc98b5da9cd?s=96&d=mm&r=g","url":"https:\/\/secure.gravatar.com\/avatar\/b2a6f664a3ae8e074346ef91775736c5ec479e637ecced6842de9dc98b5da9cd?s=96&d=mm&r=g","contentUrl":"https:\/\/secure.gravatar.com\/avatar\/b2a6f664a3ae8e074346ef91775736c5ec479e637ecced6842de9dc98b5da9cd?s=96&d=mm&r=g","caption":"ccortez"},"url":"https:\/\/www.uartes.edu.ec\/sitio\/fr\/blog\/author\/ccortez\/"}]}},"uagb_featured_image_src":{"full":["https:\/\/www.uartes.edu.ec\/sitio\/wp-content\/uploads\/2021\/10\/LOS-LIOBRS-SENSIBLES-OK-2.webp",2000,1333,false],"thumbnail":["https:\/\/www.uartes.edu.ec\/sitio\/wp-content\/uploads\/2021\/10\/LOS-LIOBRS-SENSIBLES-OK-2.webp",150,100,false],"medium":["https:\/\/www.uartes.edu.ec\/sitio\/wp-content\/uploads\/2021\/10\/LOS-LIOBRS-SENSIBLES-OK-2.webp",300,200,false],"medium_large":["https:\/\/www.uartes.edu.ec\/sitio\/wp-content\/uploads\/2021\/10\/LOS-LIOBRS-SENSIBLES-OK-2.webp",768,512,false],"large":["https:\/\/www.uartes.edu.ec\/sitio\/wp-content\/uploads\/2021\/10\/LOS-LIOBRS-SENSIBLES-OK-2.webp",644,429,false],"1536x1536":["https:\/\/www.uartes.edu.ec\/sitio\/wp-content\/uploads\/2021\/10\/LOS-LIOBRS-SENSIBLES-OK-2.webp",1536,1024,false],"2048x2048":["https:\/\/www.uartes.edu.ec\/sitio\/wp-content\/uploads\/2021\/10\/LOS-LIOBRS-SENSIBLES-OK-2.webp",2000,1333,false],"trp-custom-language-flag":["https:\/\/www.uartes.edu.ec\/sitio\/wp-content\/uploads\/2021\/10\/LOS-LIOBRS-SENSIBLES-OK-2.webp",18,12,false],"htmega_size_585x295":["https:\/\/www.uartes.edu.ec\/sitio\/wp-content\/uploads\/2021\/10\/LOS-LIOBRS-SENSIBLES-OK-2.webp",443,295,false],"htmega_size_1170x536":["https:\/\/www.uartes.edu.ec\/sitio\/wp-content\/uploads\/2021\/10\/LOS-LIOBRS-SENSIBLES-OK-2.webp",804,536,false],"htmega_size_396x360":["https:\/\/www.uartes.edu.ec\/sitio\/wp-content\/uploads\/2021\/10\/LOS-LIOBRS-SENSIBLES-OK-2.webp",396,264,false],"gb-block-post-grid-landscape":["https:\/\/www.uartes.edu.ec\/sitio\/wp-content\/uploads\/2021\/10\/LOS-LIOBRS-SENSIBLES-OK-2.webp",600,400,false],"gb-block-post-grid-square":["https:\/\/www.uartes.edu.ec\/sitio\/wp-content\/uploads\/2021\/10\/LOS-LIOBRS-SENSIBLES-OK-2.webp",600,400,false],"university-hub-thumb":["https:\/\/www.uartes.edu.ec\/sitio\/wp-content\/uploads\/2021\/10\/LOS-LIOBRS-SENSIBLES-OK-2.webp",400,267,false],"mailpoet_newsletter_max":["https:\/\/www.uartes.edu.ec\/sitio\/wp-content\/uploads\/2021\/10\/LOS-LIOBRS-SENSIBLES-OK-2.webp",1320,880,false]},"uagb_author_info":{"display_name":"ccortez","author_link":"https:\/\/www.uartes.edu.ec\/sitio\/fr\/blog\/author\/ccortez\/"},"uagb_comment_info":0,"uagb_excerpt":"La charla \u201cNarraci\u00f3n a trav\u00e9s de la imagen\u201d y el taller \u201cLos libros sensibles\u201d fueron dos de las actividades que el m\u00fasico e ilustrador ambate\u00f1o Roger Ycaza dict\u00f3 y ofreci\u00f3, respectivamente, durante el VI Encuentro Internacional de Investigaci\u00f3n en Artes, que organizado por el Instituto Latinoamericano de Investigaci\u00f3n y Artes (ILIA) y la Universidad de\u2026","featured_image_src":"https:\/\/www.uartes.edu.ec\/sitio\/wp-content\/uploads\/2021\/10\/LOS-LIOBRS-SENSIBLES-OK-2.webp","featured_image_src_square":"https:\/\/www.uartes.edu.ec\/sitio\/wp-content\/uploads\/2021\/10\/LOS-LIOBRS-SENSIBLES-OK-2.webp","author_info":{"display_name":"ccortez","author_link":"https:\/\/www.uartes.edu.ec\/sitio\/fr\/blog\/author\/ccortez\/"},"publishpress_future_workflow_manual_trigger":{"enabledWorkflows":[]},"distributor_meta":false,"distributor_terms":false,"distributor_media":false,"distributor_original_site_name":"Universidad de las Artes","distributor_original_site_url":"https:\/\/www.uartes.edu.ec\/sitio\/fr","push-errors":false,"_links":{"self":[{"href":"https:\/\/www.uartes.edu.ec\/sitio\/fr\/wp-json\/wp\/v2\/posts\/16353","targetHints":{"allow":["GET"]}}],"collection":[{"href":"https:\/\/www.uartes.edu.ec\/sitio\/fr\/wp-json\/wp\/v2\/posts"}],"about":[{"href":"https:\/\/www.uartes.edu.ec\/sitio\/fr\/wp-json\/wp\/v2\/types\/post"}],"author":[{"embeddable":true,"href":"https:\/\/www.uartes.edu.ec\/sitio\/fr\/wp-json\/wp\/v2\/users\/10"}],"replies":[{"embeddable":true,"href":"https:\/\/www.uartes.edu.ec\/sitio\/fr\/wp-json\/wp\/v2\/comments?post=16353"}],"version-history":[{"count":1,"href":"https:\/\/www.uartes.edu.ec\/sitio\/fr\/wp-json\/wp\/v2\/posts\/16353\/revisions"}],"predecessor-version":[{"id":16355,"href":"https:\/\/www.uartes.edu.ec\/sitio\/fr\/wp-json\/wp\/v2\/posts\/16353\/revisions\/16355"}],"wp:featuredmedia":[{"embeddable":true,"href":"https:\/\/www.uartes.edu.ec\/sitio\/fr\/wp-json\/wp\/v2\/media\/16354"}],"wp:attachment":[{"href":"https:\/\/www.uartes.edu.ec\/sitio\/fr\/wp-json\/wp\/v2\/media?parent=16353"}],"wp:term":[{"taxonomy":"category","embeddable":true,"href":"https:\/\/www.uartes.edu.ec\/sitio\/fr\/wp-json\/wp\/v2\/categories?post=16353"},{"taxonomy":"post_tag","embeddable":true,"href":"https:\/\/www.uartes.edu.ec\/sitio\/fr\/wp-json\/wp\/v2\/tags?post=16353"},{"taxonomy":"infouartes","embeddable":true,"href":"https:\/\/www.uartes.edu.ec\/sitio\/fr\/wp-json\/wp\/v2\/infouartes?post=16353"}],"curies":[{"name":"wp","href":"https:\/\/api.w.org\/{rel}","templated":true}]}}