{"id":16356,"date":"2021-10-11T18:00:00","date_gmt":"2021-10-11T23:00:00","guid":{"rendered":"http:\/\/www.uartes.edu.ec\/sitio\/?p=16356"},"modified":"2024-07-04T11:25:31","modified_gmt":"2024-07-04T16:25:31","slug":"investigacion-musicologica-performatica-y-tecnica-en-los-universos-sonoros-uartes","status":"publish","type":"post","link":"https:\/\/www.uartes.edu.ec\/sitio\/fr\/blog\/2021\/10\/11\/investigacion-musicologica-performatica-y-tecnica-en-los-universos-sonoros-uartes\/","title":{"rendered":"Investigaci\u00f3n musicol\u00f3gica, perform\u00e1tica y t\u00e9cnica, en los Universos Sonoros UArtes"},"content":{"rendered":"<p>Estamos en una etapa de la historia de la humanidad en donde la comunicaci\u00f3n juega un papel fundamental y tomando en cuenta el encierro en el que vivimos, el poder comunicarse es a\u00fan m\u00e1s vital.<\/p>\n\n\n\n<p>Las artes han sido las actividades de nuestra sociedad que m\u00e1s parecieran haber sufrido con el encierro, porque en su esencia, las artes necesitan ser compartidas. Sin el di\u00e1logo artista-p\u00fablico, el artista como una planta que no se riega, comienza a secarse.<\/p>\n\n\n\n<p>Eso no quiere decir que el arte muere, \u00e9l siempre encuentra formas de existir, como la que encontr\u00f3 a trav\u00e9s del Water People Theater Music que hace teatro por Zoom, o a trav\u00e9s de los m\u00fasicos que realizan conciertos en casas como la joven artista colombiana Ela Minus y tantos otros que, por todo el mundo, est\u00e1n inventando, creando, investigando y haciendo arte, como siempre.<\/p>\n\n\n\n<p>Con este mismo esp\u00edritu indomable, en d\u00f3nde para hacer arte no importan las dificultades, es que nuestra Universidad de las Artes (UArtes) de Guayaquil vive, y evidencia, el Festival de Universos Sonoros (UniSono2021), producido por su Escuela de Artes Sonoras (EAS), que acaba de pasar recientemente, pero lo que se mostr\u00f3 all\u00ed fue solamente la punta del iceberg.<\/p>\n\n\n\n<p>Desde su fundaci\u00f3n, la EAS ha estado incansablemente investigando, tocando, componiendo, arreglando y, por supuesto, ese ritmo no se ha aminorado con la pandemia. Si alg\u00fan pesimista creyera que los artistas de la Escuela de Artes Sonoras de la UArtes se est\u00e1n muriendo de tristeza, solamente deber\u00edan ver los programas que realizaron para UniSono2021.<\/p>\n\n\n\n<p>Fueron cinco, de una hora y cuarenta y cinco minutos, los programas mostrados en la Sala de Cine del Centro de Producci\u00f3n e innovaci\u00f3n MZ14 de la UArtes, donde se unieron docentes de los Departamentos de Producci\u00f3n y Artes Sonoras y maestrantes del posgrado de Composici\u00f3n Musical para contarnos de sus investigaciones art\u00edsticas, de sus logros y de sus sue\u00f1os. \u00a1Siete horas y media sin parar!: investigaci\u00f3n musicol\u00f3gica, investigaci\u00f3n perform\u00e1tica, investigaci\u00f3n t\u00e9cnica, en pocas palabras, investigaci\u00f3n en artes.<\/p>\n\n\n\n<p>Si tomamos en cuenta la pasi\u00f3n, la constancia, la dedicaci\u00f3n y el amor de todos los que estuvieron en esos videos y que representan, sin lugar a dudas, a todos los docentes y estudiantes de la UArtes en general \u00a1el arte est\u00e1 bien!, ha sido regado, cuidado y engre\u00eddo, no hay de qu\u00e9 preocuparse.<\/p>\n\n\n\n<p>Texto: Dr. Rub\u00e9n Riera, docente de Producci\u00f3n de la Escuela de Artes Sonoras de la UArtes.<\/p>\n\n\n\n<figure class=\"wp-block-image size-full\"><img fetchpriority=\"high\" decoding=\"async\" width=\"2000\" height=\"1333\" src=\"http:\/\/www.uartes.edu.ec\/sitio\/wp-content\/uploads\/2021\/10\/CINE-MZ14.webp\" alt=\"\" class=\"wp-image-16359\" \/><\/figure>\n\n\n\n<p><strong>Apuntes<br><\/strong>La segunda edici\u00f3n de Universos Sonoros se desarroll\u00f3 en el marco del VI Encuentro Internacional de Investigaci\u00f3n en Artes, organizado del 1 al 7 de octubre pasado por el Instituto Latinoamericano de Investigaci\u00f3n en Artes (ILIA) y la Universidad de las Artes.<\/p>\n\n\n\n<p>En el sitio web de ILIA (<a href=\"http:\/\/www.uartes.edu.ec\/sitio\/encuentroilia\/universos-sonoros\/\">http:\/\/www.uartes.edu.ec\/sitio\/encuentroilia\/universos-sonoros\/<\/a>), el doctor Andrey Astaiza, director de la Escuela de Artes Sonoras, responsable de la realizaci\u00f3n del festival, se\u00f1ala: Este espacio de convergencia art\u00edstica naci\u00f3 como el primer encuentro universitario de etnomusicolog\u00eda en el pa\u00eds en 2019 con la idea de conectar a todos los m\u00fasicos\/investigadores y que la comunidad pueda tener acceso a sus trabajos de investigaci\u00f3n etnomusicol\u00f3gica. En este a\u00f1o, Universos Sonoros se ancla en el ILIA y su encuentro anual para hacer un&nbsp;showcase&nbsp;de algunos trabajos multidisciplinares de nuestros colegas docentes y nuestros estudiantes de la maestr\u00eda en Composici\u00f3n Musical.<\/p>\n\n\n\n<p>La idea siempre ha sido conocer qu\u00e9 es lo que hacemos, escuchar las m\u00fasicas de otros, conocer las investigaciones de nuestros colegas, saber qu\u00e9 es lo que hemos hecho y queremos hacer dentro de una universidad curiosa y joven.&nbsp; Personalmente, no creo que necesitemos m\u00e1s plataformas de divulgaci\u00f3n, sino m\u00e1s bien una predisposici\u00f3n para saber qu\u00e9 es lo que los otros est\u00e1n investigando, darnos el tiempo de escuchar otras m\u00fasicas, y finalmente de escuchar otras narrativas, que son las de todos y todas. Les invito a disfrutar de esta programaci\u00f3n en una franja horaria especial para la EAS en la que nos encontraremos con sorpresas que dan cuenta de una escuela diversa, curiosa y libre como es la EAS.<\/p>\n\n\n\n<p>En im\u00e1genes, desarrollo de una de las actividades de Universos Sonoros en la Sala de Cine del MZ14. Se aprecia en el audiovisual al doctor Rafael Guzm\u00e1n, docente de la EAS y coordinador de la maestr\u00eda de Composici\u00f3n Musical y Artes Sonoras.<\/p>","protected":false},"excerpt":{"rendered":"<p>La edici\u00f3n de este a\u00f1o de Universos Sonoros se ancl\u00f3 al VI Encuentro Internacional de Investigaci\u00f3n en Artes, organizado del 1 al 7 de octubre por el ILIA y la Universidad de las Artes. Fueron cinco, de una hora y 45 minutos, los programas mostrados en la Sala de Cine del MZ14, donde docentes de Producci\u00f3n y Artes Sonoras y maestrantes de Composici\u00f3n Musical se unieron para contarnos de sus investigaciones art\u00edsticas.<\/p>","protected":false},"author":10,"featured_media":16358,"comment_status":"open","ping_status":"open","sticky":false,"template":"","format":"standard","meta":{"_acf_changed":false,"_uag_custom_page_level_css":"","_monsterinsights_skip_tracking":false,"_monsterinsights_sitenote_active":false,"_monsterinsights_sitenote_note":"","_monsterinsights_sitenote_category":0,"cybocfi_hide_featured_image":"","footnotes":""},"categories":[80,150,75,76,284],"tags":[521],"infouartes":[],"class_list":["post-16356","post","type-post","status-publish","format-standard","has-post-thumbnail","hentry","category-academico","category-artes-sonoras","category-docentes","category-estudiantes","category-investigacion","tag-encuentro"],"acf":[],"yoast_head":"<!-- This site is optimized with the Yoast SEO plugin v27.4 - https:\/\/yoast.com\/product\/yoast-seo-wordpress\/ -->\n<title>Universidad de las Artes - Investigaci\u00f3n musicol\u00f3gica, perform\u00e1tica y t\u00e9cnica, en los Universos Sonoros UArtes<\/title>\n<meta name=\"description\" content=\"Universidad de las Artes - Investigaci\u00f3n musicol\u00f3gica, perform\u00e1tica y t\u00e9cnica, en los Universos Sonoros UArtes\" \/>\n<meta name=\"robots\" content=\"index, follow, max-snippet:-1, max-image-preview:large, max-video-preview:-1\" \/>\n<link rel=\"canonical\" href=\"https:\/\/www.uartes.edu.ec\/sitio\/fr\/blog\/2021\/10\/11\/investigacion-musicologica-performatica-y-tecnica-en-los-universos-sonoros-uartes\/\" \/>\n<meta property=\"og:locale\" content=\"fr_FR\" \/>\n<meta property=\"og:type\" content=\"article\" \/>\n<meta property=\"og:title\" content=\"Universidad de las Artes - Investigaci\u00f3n musicol\u00f3gica, perform\u00e1tica y t\u00e9cnica, en los Universos Sonoros UArtes\" \/>\n<meta property=\"og:description\" content=\"Universidad de las Artes - Investigaci\u00f3n musicol\u00f3gica, perform\u00e1tica y t\u00e9cnica, en los Universos Sonoros UArtes\" \/>\n<meta property=\"og:url\" content=\"https:\/\/www.uartes.edu.ec\/sitio\/fr\/blog\/2021\/10\/11\/investigacion-musicologica-performatica-y-tecnica-en-los-universos-sonoros-uartes\/\" \/>\n<meta property=\"og:site_name\" content=\"Universidad de las Artes\" \/>\n<meta property=\"article:publisher\" content=\"https:\/\/www.facebook.com\/uartesec\" \/>\n<meta property=\"article:published_time\" content=\"2021-10-11T23:00:00+00:00\" \/>\n<meta property=\"article:modified_time\" content=\"2024-07-04T16:25:31+00:00\" \/>\n<meta property=\"og:image\" content=\"https:\/\/www.uartes.edu.ec\/sitio\/wp-content\/uploads\/2021\/10\/RAFAEL-GUZMAN-WEB-UNISON.webp\" \/>\n\t<meta property=\"og:image:width\" content=\"2000\" \/>\n\t<meta property=\"og:image:height\" content=\"1333\" \/>\n\t<meta property=\"og:image:type\" content=\"image\/webp\" \/>\n<meta name=\"author\" content=\"ccortez\" \/>\n<meta name=\"twitter:card\" content=\"summary_large_image\" \/>\n<meta name=\"twitter:creator\" content=\"@uartesec\" \/>\n<meta name=\"twitter:site\" content=\"@uartesec\" \/>\n<meta name=\"twitter:label1\" content=\"\u00c9crit par\" \/>\n\t<meta name=\"twitter:data1\" content=\"ccortez\" \/>\n\t<meta name=\"twitter:label2\" content=\"Dur\u00e9e de lecture estim\u00e9e\" \/>\n\t<meta name=\"twitter:data2\" content=\"4 minutes\" \/>\n<script type=\"application\/ld+json\" class=\"yoast-schema-graph\">{\"@context\":\"https:\\\/\\\/schema.org\",\"@graph\":[{\"@type\":\"Article\",\"@id\":\"https:\\\/\\\/www.uartes.edu.ec\\\/sitio\\\/fr\\\/blog\\\/2021\\\/10\\\/11\\\/investigacion-musicologica-performatica-y-tecnica-en-los-universos-sonoros-uartes\\\/#article\",\"isPartOf\":{\"@id\":\"https:\\\/\\\/www.uartes.edu.ec\\\/sitio\\\/fr\\\/blog\\\/2021\\\/10\\\/11\\\/investigacion-musicologica-performatica-y-tecnica-en-los-universos-sonoros-uartes\\\/\"},\"author\":{\"name\":\"ccortez\",\"@id\":\"https:\\\/\\\/www.uartes.edu.ec\\\/sitio\\\/fr\\\/#\\\/schema\\\/person\\\/efa1b8275797664fd7f13a79ccc0b1f4\"},\"headline\":\"Investigaci\u00f3n musicol\u00f3gica, perform\u00e1tica y t\u00e9cnica, en los Universos Sonoros UArtes\",\"datePublished\":\"2021-10-11T23:00:00+00:00\",\"dateModified\":\"2024-07-04T16:25:31+00:00\",\"mainEntityOfPage\":{\"@id\":\"https:\\\/\\\/www.uartes.edu.ec\\\/sitio\\\/fr\\\/blog\\\/2021\\\/10\\\/11\\\/investigacion-musicologica-performatica-y-tecnica-en-los-universos-sonoros-uartes\\\/\"},\"wordCount\":788,\"commentCount\":0,\"publisher\":{\"@id\":\"https:\\\/\\\/www.uartes.edu.ec\\\/sitio\\\/fr\\\/#organization\"},\"image\":{\"@id\":\"https:\\\/\\\/www.uartes.edu.ec\\\/sitio\\\/fr\\\/blog\\\/2021\\\/10\\\/11\\\/investigacion-musicologica-performatica-y-tecnica-en-los-universos-sonoros-uartes\\\/#primaryimage\"},\"thumbnailUrl\":\"https:\\\/\\\/www.uartes.edu.ec\\\/sitio\\\/wp-content\\\/uploads\\\/2021\\\/10\\\/RAFAEL-GUZMAN-WEB-UNISON.webp\",\"keywords\":[\"encuentro\"],\"articleSection\":[\"Acad\u00e9mico\",\"Artes Sonoras\",\"Docentes\",\"Estudiantes\",\"Investigaci\u00f3n\"],\"inLanguage\":\"fr-FR\",\"potentialAction\":[{\"@type\":\"CommentAction\",\"name\":\"Comment\",\"target\":[\"https:\\\/\\\/www.uartes.edu.ec\\\/sitio\\\/fr\\\/blog\\\/2021\\\/10\\\/11\\\/investigacion-musicologica-performatica-y-tecnica-en-los-universos-sonoros-uartes\\\/#respond\"]}]},{\"@type\":[\"WebPage\",\"ItemPage\"],\"@id\":\"https:\\\/\\\/www.uartes.edu.ec\\\/sitio\\\/fr\\\/blog\\\/2021\\\/10\\\/11\\\/investigacion-musicologica-performatica-y-tecnica-en-los-universos-sonoros-uartes\\\/\",\"url\":\"https:\\\/\\\/www.uartes.edu.ec\\\/sitio\\\/fr\\\/blog\\\/2021\\\/10\\\/11\\\/investigacion-musicologica-performatica-y-tecnica-en-los-universos-sonoros-uartes\\\/\",\"name\":\"Universidad de las Artes - Investigaci\u00f3n musicol\u00f3gica, perform\u00e1tica y t\u00e9cnica, en los Universos Sonoros UArtes\",\"isPartOf\":{\"@id\":\"https:\\\/\\\/www.uartes.edu.ec\\\/sitio\\\/fr\\\/#website\"},\"primaryImageOfPage\":{\"@id\":\"https:\\\/\\\/www.uartes.edu.ec\\\/sitio\\\/fr\\\/blog\\\/2021\\\/10\\\/11\\\/investigacion-musicologica-performatica-y-tecnica-en-los-universos-sonoros-uartes\\\/#primaryimage\"},\"image\":{\"@id\":\"https:\\\/\\\/www.uartes.edu.ec\\\/sitio\\\/fr\\\/blog\\\/2021\\\/10\\\/11\\\/investigacion-musicologica-performatica-y-tecnica-en-los-universos-sonoros-uartes\\\/#primaryimage\"},\"thumbnailUrl\":\"https:\\\/\\\/www.uartes.edu.ec\\\/sitio\\\/wp-content\\\/uploads\\\/2021\\\/10\\\/RAFAEL-GUZMAN-WEB-UNISON.webp\",\"datePublished\":\"2021-10-11T23:00:00+00:00\",\"dateModified\":\"2024-07-04T16:25:31+00:00\",\"description\":\"Universidad de las Artes - Investigaci\u00f3n musicol\u00f3gica, perform\u00e1tica y t\u00e9cnica, en los Universos Sonoros UArtes\",\"breadcrumb\":{\"@id\":\"https:\\\/\\\/www.uartes.edu.ec\\\/sitio\\\/fr\\\/blog\\\/2021\\\/10\\\/11\\\/investigacion-musicologica-performatica-y-tecnica-en-los-universos-sonoros-uartes\\\/#breadcrumb\"},\"inLanguage\":\"fr-FR\",\"potentialAction\":[{\"@type\":\"ReadAction\",\"target\":[\"https:\\\/\\\/www.uartes.edu.ec\\\/sitio\\\/fr\\\/blog\\\/2021\\\/10\\\/11\\\/investigacion-musicologica-performatica-y-tecnica-en-los-universos-sonoros-uartes\\\/\"]}]},{\"@type\":\"ImageObject\",\"inLanguage\":\"fr-FR\",\"@id\":\"https:\\\/\\\/www.uartes.edu.ec\\\/sitio\\\/fr\\\/blog\\\/2021\\\/10\\\/11\\\/investigacion-musicologica-performatica-y-tecnica-en-los-universos-sonoros-uartes\\\/#primaryimage\",\"url\":\"https:\\\/\\\/www.uartes.edu.ec\\\/sitio\\\/wp-content\\\/uploads\\\/2021\\\/10\\\/RAFAEL-GUZMAN-WEB-UNISON.webp\",\"contentUrl\":\"https:\\\/\\\/www.uartes.edu.ec\\\/sitio\\\/wp-content\\\/uploads\\\/2021\\\/10\\\/RAFAEL-GUZMAN-WEB-UNISON.webp\",\"width\":2000,\"height\":1333},{\"@type\":\"BreadcrumbList\",\"@id\":\"https:\\\/\\\/www.uartes.edu.ec\\\/sitio\\\/fr\\\/blog\\\/2021\\\/10\\\/11\\\/investigacion-musicologica-performatica-y-tecnica-en-los-universos-sonoros-uartes\\\/#breadcrumb\",\"itemListElement\":[{\"@type\":\"ListItem\",\"position\":1,\"name\":\"Inicio\",\"item\":\"https:\\\/\\\/www.uartes.edu.ec\\\/sitio\\\/\"},{\"@type\":\"ListItem\",\"position\":2,\"name\":\"Investigaci\u00f3n musicol\u00f3gica, perform\u00e1tica y t\u00e9cnica, en los Universos Sonoros UArtes\"}]},{\"@type\":\"WebSite\",\"@id\":\"https:\\\/\\\/www.uartes.edu.ec\\\/sitio\\\/fr\\\/#website\",\"url\":\"https:\\\/\\\/www.uartes.edu.ec\\\/sitio\\\/fr\\\/\",\"name\":\"Universidad de las Artes\",\"description\":\"Sitio oficial de la Universidad Nacional de las Artes del Ecuador\",\"publisher\":{\"@id\":\"https:\\\/\\\/www.uartes.edu.ec\\\/sitio\\\/fr\\\/#organization\"},\"potentialAction\":[{\"@type\":\"SearchAction\",\"target\":{\"@type\":\"EntryPoint\",\"urlTemplate\":\"https:\\\/\\\/www.uartes.edu.ec\\\/sitio\\\/fr\\\/?s={search_term_string}\"},\"query-input\":{\"@type\":\"PropertyValueSpecification\",\"valueRequired\":true,\"valueName\":\"search_term_string\"}}],\"inLanguage\":\"fr-FR\"},{\"@type\":\"Organization\",\"@id\":\"https:\\\/\\\/www.uartes.edu.ec\\\/sitio\\\/fr\\\/#organization\",\"name\":\"Universidad de las Artes\",\"url\":\"https:\\\/\\\/www.uartes.edu.ec\\\/sitio\\\/fr\\\/\",\"logo\":{\"@type\":\"ImageObject\",\"inLanguage\":\"fr-FR\",\"@id\":\"https:\\\/\\\/www.uartes.edu.ec\\\/sitio\\\/fr\\\/#\\\/schema\\\/logo\\\/image\\\/\",\"url\":\"https:\\\/\\\/www.uartes.edu.ec\\\/sitio\\\/wp-content\\\/uploads\\\/2022\\\/07\\\/logo-ua-horizontal.png\",\"contentUrl\":\"https:\\\/\\\/www.uartes.edu.ec\\\/sitio\\\/wp-content\\\/uploads\\\/2022\\\/07\\\/logo-ua-horizontal.png\",\"width\":800,\"height\":276,\"caption\":\"Universidad de las Artes\"},\"image\":{\"@id\":\"https:\\\/\\\/www.uartes.edu.ec\\\/sitio\\\/fr\\\/#\\\/schema\\\/logo\\\/image\\\/\"},\"sameAs\":[\"https:\\\/\\\/www.facebook.com\\\/uartesec\",\"https:\\\/\\\/x.com\\\/uartesec\",\"https:\\\/\\\/www.tiktok.com\\\/@uartesec\"]},{\"@type\":\"Person\",\"@id\":\"https:\\\/\\\/www.uartes.edu.ec\\\/sitio\\\/fr\\\/#\\\/schema\\\/person\\\/efa1b8275797664fd7f13a79ccc0b1f4\",\"name\":\"ccortez\",\"image\":{\"@type\":\"ImageObject\",\"inLanguage\":\"fr-FR\",\"@id\":\"https:\\\/\\\/secure.gravatar.com\\\/avatar\\\/b2a6f664a3ae8e074346ef91775736c5ec479e637ecced6842de9dc98b5da9cd?s=96&d=mm&r=g\",\"url\":\"https:\\\/\\\/secure.gravatar.com\\\/avatar\\\/b2a6f664a3ae8e074346ef91775736c5ec479e637ecced6842de9dc98b5da9cd?s=96&d=mm&r=g\",\"contentUrl\":\"https:\\\/\\\/secure.gravatar.com\\\/avatar\\\/b2a6f664a3ae8e074346ef91775736c5ec479e637ecced6842de9dc98b5da9cd?s=96&d=mm&r=g\",\"caption\":\"ccortez\"},\"url\":\"https:\\\/\\\/www.uartes.edu.ec\\\/sitio\\\/fr\\\/blog\\\/author\\\/ccortez\\\/\"}]}<\/script>\n<!-- \/ Yoast SEO plugin. -->","yoast_head_json":{"title":"Universidad de las Artes - Investigaci\u00f3n musicol\u00f3gica, perform\u00e1tica y t\u00e9cnica, en los Universos Sonoros UArtes","description":"Universidad de las Artes - Investigaci\u00f3n musicol\u00f3gica, perform\u00e1tica y t\u00e9cnica, en los Universos Sonoros UArtes","robots":{"index":"index","follow":"follow","max-snippet":"max-snippet:-1","max-image-preview":"max-image-preview:large","max-video-preview":"max-video-preview:-1"},"canonical":"https:\/\/www.uartes.edu.ec\/sitio\/fr\/blog\/2021\/10\/11\/investigacion-musicologica-performatica-y-tecnica-en-los-universos-sonoros-uartes\/","og_locale":"fr_FR","og_type":"article","og_title":"Universidad de las Artes - Investigaci\u00f3n musicol\u00f3gica, perform\u00e1tica y t\u00e9cnica, en los Universos Sonoros UArtes","og_description":"Universidad de las Artes - Investigaci\u00f3n musicol\u00f3gica, perform\u00e1tica y t\u00e9cnica, en los Universos Sonoros UArtes","og_url":"https:\/\/www.uartes.edu.ec\/sitio\/fr\/blog\/2021\/10\/11\/investigacion-musicologica-performatica-y-tecnica-en-los-universos-sonoros-uartes\/","og_site_name":"Universidad de las Artes","article_publisher":"https:\/\/www.facebook.com\/uartesec","article_published_time":"2021-10-11T23:00:00+00:00","article_modified_time":"2024-07-04T16:25:31+00:00","og_image":[{"width":2000,"height":1333,"url":"https:\/\/www.uartes.edu.ec\/sitio\/wp-content\/uploads\/2021\/10\/RAFAEL-GUZMAN-WEB-UNISON.webp","type":"image\/webp"}],"author":"ccortez","twitter_card":"summary_large_image","twitter_creator":"@uartesec","twitter_site":"@uartesec","twitter_misc":{"\u00c9crit par":"ccortez","Dur\u00e9e de lecture estim\u00e9e":"4 minutes"},"schema":{"@context":"https:\/\/schema.org","@graph":[{"@type":"Article","@id":"https:\/\/www.uartes.edu.ec\/sitio\/fr\/blog\/2021\/10\/11\/investigacion-musicologica-performatica-y-tecnica-en-los-universos-sonoros-uartes\/#article","isPartOf":{"@id":"https:\/\/www.uartes.edu.ec\/sitio\/fr\/blog\/2021\/10\/11\/investigacion-musicologica-performatica-y-tecnica-en-los-universos-sonoros-uartes\/"},"author":{"name":"ccortez","@id":"https:\/\/www.uartes.edu.ec\/sitio\/fr\/#\/schema\/person\/efa1b8275797664fd7f13a79ccc0b1f4"},"headline":"Investigaci\u00f3n musicol\u00f3gica, perform\u00e1tica y t\u00e9cnica, en los Universos Sonoros UArtes","datePublished":"2021-10-11T23:00:00+00:00","dateModified":"2024-07-04T16:25:31+00:00","mainEntityOfPage":{"@id":"https:\/\/www.uartes.edu.ec\/sitio\/fr\/blog\/2021\/10\/11\/investigacion-musicologica-performatica-y-tecnica-en-los-universos-sonoros-uartes\/"},"wordCount":788,"commentCount":0,"publisher":{"@id":"https:\/\/www.uartes.edu.ec\/sitio\/fr\/#organization"},"image":{"@id":"https:\/\/www.uartes.edu.ec\/sitio\/fr\/blog\/2021\/10\/11\/investigacion-musicologica-performatica-y-tecnica-en-los-universos-sonoros-uartes\/#primaryimage"},"thumbnailUrl":"https:\/\/www.uartes.edu.ec\/sitio\/wp-content\/uploads\/2021\/10\/RAFAEL-GUZMAN-WEB-UNISON.webp","keywords":["encuentro"],"articleSection":["Acad\u00e9mico","Artes Sonoras","Docentes","Estudiantes","Investigaci\u00f3n"],"inLanguage":"fr-FR","potentialAction":[{"@type":"CommentAction","name":"Comment","target":["https:\/\/www.uartes.edu.ec\/sitio\/fr\/blog\/2021\/10\/11\/investigacion-musicologica-performatica-y-tecnica-en-los-universos-sonoros-uartes\/#respond"]}]},{"@type":["WebPage","ItemPage"],"@id":"https:\/\/www.uartes.edu.ec\/sitio\/fr\/blog\/2021\/10\/11\/investigacion-musicologica-performatica-y-tecnica-en-los-universos-sonoros-uartes\/","url":"https:\/\/www.uartes.edu.ec\/sitio\/fr\/blog\/2021\/10\/11\/investigacion-musicologica-performatica-y-tecnica-en-los-universos-sonoros-uartes\/","name":"Universidad de las Artes - Investigaci\u00f3n musicol\u00f3gica, perform\u00e1tica y t\u00e9cnica, en los Universos Sonoros UArtes","isPartOf":{"@id":"https:\/\/www.uartes.edu.ec\/sitio\/fr\/#website"},"primaryImageOfPage":{"@id":"https:\/\/www.uartes.edu.ec\/sitio\/fr\/blog\/2021\/10\/11\/investigacion-musicologica-performatica-y-tecnica-en-los-universos-sonoros-uartes\/#primaryimage"},"image":{"@id":"https:\/\/www.uartes.edu.ec\/sitio\/fr\/blog\/2021\/10\/11\/investigacion-musicologica-performatica-y-tecnica-en-los-universos-sonoros-uartes\/#primaryimage"},"thumbnailUrl":"https:\/\/www.uartes.edu.ec\/sitio\/wp-content\/uploads\/2021\/10\/RAFAEL-GUZMAN-WEB-UNISON.webp","datePublished":"2021-10-11T23:00:00+00:00","dateModified":"2024-07-04T16:25:31+00:00","description":"Universidad de las Artes - Investigaci\u00f3n musicol\u00f3gica, perform\u00e1tica y t\u00e9cnica, en los Universos Sonoros UArtes","breadcrumb":{"@id":"https:\/\/www.uartes.edu.ec\/sitio\/fr\/blog\/2021\/10\/11\/investigacion-musicologica-performatica-y-tecnica-en-los-universos-sonoros-uartes\/#breadcrumb"},"inLanguage":"fr-FR","potentialAction":[{"@type":"ReadAction","target":["https:\/\/www.uartes.edu.ec\/sitio\/fr\/blog\/2021\/10\/11\/investigacion-musicologica-performatica-y-tecnica-en-los-universos-sonoros-uartes\/"]}]},{"@type":"ImageObject","inLanguage":"fr-FR","@id":"https:\/\/www.uartes.edu.ec\/sitio\/fr\/blog\/2021\/10\/11\/investigacion-musicologica-performatica-y-tecnica-en-los-universos-sonoros-uartes\/#primaryimage","url":"https:\/\/www.uartes.edu.ec\/sitio\/wp-content\/uploads\/2021\/10\/RAFAEL-GUZMAN-WEB-UNISON.webp","contentUrl":"https:\/\/www.uartes.edu.ec\/sitio\/wp-content\/uploads\/2021\/10\/RAFAEL-GUZMAN-WEB-UNISON.webp","width":2000,"height":1333},{"@type":"BreadcrumbList","@id":"https:\/\/www.uartes.edu.ec\/sitio\/fr\/blog\/2021\/10\/11\/investigacion-musicologica-performatica-y-tecnica-en-los-universos-sonoros-uartes\/#breadcrumb","itemListElement":[{"@type":"ListItem","position":1,"name":"Inicio","item":"https:\/\/www.uartes.edu.ec\/sitio\/"},{"@type":"ListItem","position":2,"name":"Investigaci\u00f3n musicol\u00f3gica, perform\u00e1tica y t\u00e9cnica, en los Universos Sonoros UArtes"}]},{"@type":"WebSite","@id":"https:\/\/www.uartes.edu.ec\/sitio\/fr\/#website","url":"https:\/\/www.uartes.edu.ec\/sitio\/fr\/","name":"Universidad de las Artes","description":"Sitio oficial de la Universidad Nacional de las Artes del Ecuador","publisher":{"@id":"https:\/\/www.uartes.edu.ec\/sitio\/fr\/#organization"},"potentialAction":[{"@type":"SearchAction","target":{"@type":"EntryPoint","urlTemplate":"https:\/\/www.uartes.edu.ec\/sitio\/fr\/?s={search_term_string}"},"query-input":{"@type":"PropertyValueSpecification","valueRequired":true,"valueName":"search_term_string"}}],"inLanguage":"fr-FR"},{"@type":"Organization","@id":"https:\/\/www.uartes.edu.ec\/sitio\/fr\/#organization","name":"Universidad de las Artes","url":"https:\/\/www.uartes.edu.ec\/sitio\/fr\/","logo":{"@type":"ImageObject","inLanguage":"fr-FR","@id":"https:\/\/www.uartes.edu.ec\/sitio\/fr\/#\/schema\/logo\/image\/","url":"https:\/\/www.uartes.edu.ec\/sitio\/wp-content\/uploads\/2022\/07\/logo-ua-horizontal.png","contentUrl":"https:\/\/www.uartes.edu.ec\/sitio\/wp-content\/uploads\/2022\/07\/logo-ua-horizontal.png","width":800,"height":276,"caption":"Universidad de las Artes"},"image":{"@id":"https:\/\/www.uartes.edu.ec\/sitio\/fr\/#\/schema\/logo\/image\/"},"sameAs":["https:\/\/www.facebook.com\/uartesec","https:\/\/x.com\/uartesec","https:\/\/www.tiktok.com\/@uartesec"]},{"@type":"Person","@id":"https:\/\/www.uartes.edu.ec\/sitio\/fr\/#\/schema\/person\/efa1b8275797664fd7f13a79ccc0b1f4","name":"ccortez","image":{"@type":"ImageObject","inLanguage":"fr-FR","@id":"https:\/\/secure.gravatar.com\/avatar\/b2a6f664a3ae8e074346ef91775736c5ec479e637ecced6842de9dc98b5da9cd?s=96&d=mm&r=g","url":"https:\/\/secure.gravatar.com\/avatar\/b2a6f664a3ae8e074346ef91775736c5ec479e637ecced6842de9dc98b5da9cd?s=96&d=mm&r=g","contentUrl":"https:\/\/secure.gravatar.com\/avatar\/b2a6f664a3ae8e074346ef91775736c5ec479e637ecced6842de9dc98b5da9cd?s=96&d=mm&r=g","caption":"ccortez"},"url":"https:\/\/www.uartes.edu.ec\/sitio\/fr\/blog\/author\/ccortez\/"}]}},"uagb_featured_image_src":{"full":["https:\/\/www.uartes.edu.ec\/sitio\/wp-content\/uploads\/2021\/10\/RAFAEL-GUZMAN-WEB-UNISON.webp",2000,1333,false],"thumbnail":["https:\/\/www.uartes.edu.ec\/sitio\/wp-content\/uploads\/2021\/10\/RAFAEL-GUZMAN-WEB-UNISON.webp",150,100,false],"medium":["https:\/\/www.uartes.edu.ec\/sitio\/wp-content\/uploads\/2021\/10\/RAFAEL-GUZMAN-WEB-UNISON.webp",300,200,false],"medium_large":["https:\/\/www.uartes.edu.ec\/sitio\/wp-content\/uploads\/2021\/10\/RAFAEL-GUZMAN-WEB-UNISON.webp",768,512,false],"large":["https:\/\/www.uartes.edu.ec\/sitio\/wp-content\/uploads\/2021\/10\/RAFAEL-GUZMAN-WEB-UNISON.webp",644,429,false],"1536x1536":["https:\/\/www.uartes.edu.ec\/sitio\/wp-content\/uploads\/2021\/10\/RAFAEL-GUZMAN-WEB-UNISON.webp",1536,1024,false],"2048x2048":["https:\/\/www.uartes.edu.ec\/sitio\/wp-content\/uploads\/2021\/10\/RAFAEL-GUZMAN-WEB-UNISON.webp",2000,1333,false],"trp-custom-language-flag":["https:\/\/www.uartes.edu.ec\/sitio\/wp-content\/uploads\/2021\/10\/RAFAEL-GUZMAN-WEB-UNISON.webp",18,12,false],"htmega_size_585x295":["https:\/\/www.uartes.edu.ec\/sitio\/wp-content\/uploads\/2021\/10\/RAFAEL-GUZMAN-WEB-UNISON.webp",443,295,false],"htmega_size_1170x536":["https:\/\/www.uartes.edu.ec\/sitio\/wp-content\/uploads\/2021\/10\/RAFAEL-GUZMAN-WEB-UNISON.webp",804,536,false],"htmega_size_396x360":["https:\/\/www.uartes.edu.ec\/sitio\/wp-content\/uploads\/2021\/10\/RAFAEL-GUZMAN-WEB-UNISON.webp",396,264,false],"gb-block-post-grid-landscape":["https:\/\/www.uartes.edu.ec\/sitio\/wp-content\/uploads\/2021\/10\/RAFAEL-GUZMAN-WEB-UNISON.webp",600,400,false],"gb-block-post-grid-square":["https:\/\/www.uartes.edu.ec\/sitio\/wp-content\/uploads\/2021\/10\/RAFAEL-GUZMAN-WEB-UNISON.webp",600,400,false],"university-hub-thumb":["https:\/\/www.uartes.edu.ec\/sitio\/wp-content\/uploads\/2021\/10\/RAFAEL-GUZMAN-WEB-UNISON.webp",400,267,false],"mailpoet_newsletter_max":["https:\/\/www.uartes.edu.ec\/sitio\/wp-content\/uploads\/2021\/10\/RAFAEL-GUZMAN-WEB-UNISON.webp",1320,880,false]},"uagb_author_info":{"display_name":"ccortez","author_link":"https:\/\/www.uartes.edu.ec\/sitio\/fr\/blog\/author\/ccortez\/"},"uagb_comment_info":0,"uagb_excerpt":"La edici\u00f3n de este a\u00f1o de Universos Sonoros se ancl\u00f3 al VI Encuentro Internacional de Investigaci\u00f3n en Artes, organizado del 1 al 7 de octubre por el ILIA y la Universidad de las Artes. Fueron cinco, de una hora y 45 minutos, los programas mostrados en la Sala de Cine del MZ14, donde docentes de\u2026","featured_image_src":"https:\/\/www.uartes.edu.ec\/sitio\/wp-content\/uploads\/2021\/10\/RAFAEL-GUZMAN-WEB-UNISON.webp","featured_image_src_square":"https:\/\/www.uartes.edu.ec\/sitio\/wp-content\/uploads\/2021\/10\/RAFAEL-GUZMAN-WEB-UNISON.webp","author_info":{"display_name":"ccortez","author_link":"https:\/\/www.uartes.edu.ec\/sitio\/fr\/blog\/author\/ccortez\/"},"publishpress_future_workflow_manual_trigger":{"enabledWorkflows":[]},"distributor_meta":false,"distributor_terms":false,"distributor_media":false,"distributor_original_site_name":"Universidad de las Artes","distributor_original_site_url":"https:\/\/www.uartes.edu.ec\/sitio\/fr","push-errors":false,"_links":{"self":[{"href":"https:\/\/www.uartes.edu.ec\/sitio\/fr\/wp-json\/wp\/v2\/posts\/16356","targetHints":{"allow":["GET"]}}],"collection":[{"href":"https:\/\/www.uartes.edu.ec\/sitio\/fr\/wp-json\/wp\/v2\/posts"}],"about":[{"href":"https:\/\/www.uartes.edu.ec\/sitio\/fr\/wp-json\/wp\/v2\/types\/post"}],"author":[{"embeddable":true,"href":"https:\/\/www.uartes.edu.ec\/sitio\/fr\/wp-json\/wp\/v2\/users\/10"}],"replies":[{"embeddable":true,"href":"https:\/\/www.uartes.edu.ec\/sitio\/fr\/wp-json\/wp\/v2\/comments?post=16356"}],"version-history":[{"count":1,"href":"https:\/\/www.uartes.edu.ec\/sitio\/fr\/wp-json\/wp\/v2\/posts\/16356\/revisions"}],"predecessor-version":[{"id":16360,"href":"https:\/\/www.uartes.edu.ec\/sitio\/fr\/wp-json\/wp\/v2\/posts\/16356\/revisions\/16360"}],"wp:featuredmedia":[{"embeddable":true,"href":"https:\/\/www.uartes.edu.ec\/sitio\/fr\/wp-json\/wp\/v2\/media\/16358"}],"wp:attachment":[{"href":"https:\/\/www.uartes.edu.ec\/sitio\/fr\/wp-json\/wp\/v2\/media?parent=16356"}],"wp:term":[{"taxonomy":"category","embeddable":true,"href":"https:\/\/www.uartes.edu.ec\/sitio\/fr\/wp-json\/wp\/v2\/categories?post=16356"},{"taxonomy":"post_tag","embeddable":true,"href":"https:\/\/www.uartes.edu.ec\/sitio\/fr\/wp-json\/wp\/v2\/tags?post=16356"},{"taxonomy":"infouartes","embeddable":true,"href":"https:\/\/www.uartes.edu.ec\/sitio\/fr\/wp-json\/wp\/v2\/infouartes?post=16356"}],"curies":[{"name":"wp","href":"https:\/\/api.w.org\/{rel}","templated":true}]}}