{"id":1636,"date":"2018-06-22T16:20:26","date_gmt":"2018-06-22T21:20:26","guid":{"rendered":"http:\/\/www.uartes.edu.ec\/infouartes\/?p=1636"},"modified":"2024-07-04T11:53:48","modified_gmt":"2024-07-04T16:53:48","slug":"aurora-zanabria-realizo-obra-artistica-con-adultas-mayores-del-sur-de-guayaquil","status":"publish","type":"post","link":"https:\/\/www.uartes.edu.ec\/sitio\/fr\/blog\/2018\/06\/22\/aurora-zanabria-realizo-obra-artistica-con-adultas-mayores-del-sur-de-guayaquil\/","title":{"rendered":"Aurora Zanabria realiz\u00f3 obra art\u00edstica con adultas mayores del sur de Guayaquil"},"content":{"rendered":"<p>Aurora Zanabria, artista y docente de la Unidad de Teor\u00edas Cr\u00edticas y Practicas Experimentales de la Universidad de las Artes del Ecuador, particip\u00f3 como artista invitada dentro del laboratorio de arte que se realiz\u00f3 en la 40 y la B, sur de Guayaquil, el pasado 21, 22 y 23 de mayo de 2018, en el marco del Congreso de Cr\u00edtica de Arte que se desarroll\u00f3 en la urbe.<\/p>\n<p>La actividad se llev\u00f3 cabo bajo la curadur\u00eda de Hern\u00e1n Pacurucu en el Centro Comunal APROFE, ubicado en el Guasmo Oeste. En este lugar se han dado cita varios artistas nacionales e internacionales quienes, a trav\u00e9s de sus diferentes disciplinas, han trabajado con y a favor de la comunidad: adultos mayores, ni\u00f1os y habitantes del barrio en general.<\/p>\n<p>Los artistas han sido invitados a producir una obra, taller o actividad que contribuyera, a trav\u00e9s del arte, de forma directa a la comunidad, con la intenci\u00f3n de generar nuevos entendimientos y consciencia de los procesos art\u00edsticos. Zanabria, junto con adultas mayores, realiz\u00f3 una intervenci\u00f3n y explor\u00f3, a trav\u00e9s de la fotograf\u00eda y relatos vivenciales, la relaci\u00f3n que estas mujeres mantienen con las plantas, para en conjunto desarrollar una idea de paisaje humano.<\/p>\n<p>En el paisaje, producto de un proceso colectivo, se explora el concepto de naturaleza que se nutre de las realidades que habitan este sector y de las vivencias de los individuos que la componen. Con esta obra la artista explor\u00f3 la relaci\u00f3n que estas personas han tenido con la naturaleza, la cual en muchas veces difiere de nuestro entendimiento actual.<\/p>\n<p>El rescate de la memora del lugar, la relaci\u00f3n de estas personas con las plantas, con el estero, con esa parte de la ciudad que a\u00f1os atr\u00e1s se la lleg\u00f3 a conocer como monte, campo, salvaje, etc\u2026 y desde donde se iniciaron los primeros asentamientos del Suburbio de Guayaquil, son formas que se desgranan y se llenan de matices, recuerdos e historias que pretenden convertir a este trabajo en un documento autentico de vivencias humanas.<\/p>\n<p>El registro fotogr\u00e1fico de las plantas sirvi\u00f3 como base de datos para crear una conexi\u00f3n con la experiencia de estas mujeres, quienes luego a trav\u00e9s de intervenciones como apuntes, relatos y dibujos fueron dotando de cuerpo a la obra.<\/p>\n<p>La Real Academia Espa\u00f1ola de la Lengua define paisaje como \u201cla extensi\u00f3n de terreno que se ve desde un determinado lugar\u201d, con este proyecto la artista nos invita a avocarnos al lugar de estos adultos, que desde su memoria y mirada desgranan, enriquecen y generan un paisaje m\u00e1s conectado a nosotros, hac\u00eda ellos, un paisaje \u201cm\u00e1s real\u201d.<\/p>","protected":false},"excerpt":{"rendered":"<p>Aurora Zanabria, artista y docente de la Unidad de Teor\u00edas Cr\u00edticas y Practicas Experimentales de la Universidad de las Artes del Ecuador, particip\u00f3 como artista invitada dentro del laboratorio de arte que se realiz\u00f3 en la 40 y la B, sur de Guayaquil, el pasado 21, 22 y 23 de mayo de 2018, en el [&hellip;]<\/p>\n","protected":false},"author":1,"featured_media":1637,"comment_status":"closed","ping_status":"closed","sticky":false,"template":"","format":"standard","meta":{"_acf_changed":false,"_uag_custom_page_level_css":"","_monsterinsights_skip_tracking":false,"_monsterinsights_sitenote_active":false,"_monsterinsights_sitenote_note":"","_monsterinsights_sitenote_category":0,"cybocfi_hide_featured_image":"","footnotes":""},"categories":[75],"tags":[],"infouartes":[],"class_list":["post-1636","post","type-post","status-publish","format-standard","has-post-thumbnail","hentry","category-docentes"],"acf":[],"yoast_head":"<!-- This site is optimized with the Yoast SEO plugin v27.4 - https:\/\/yoast.com\/product\/yoast-seo-wordpress\/ -->\n<title>Universidad de las Artes - Aurora Zanabria realiz\u00f3 obra art\u00edstica con adultas mayores del sur de Guayaquil<\/title>\n<meta name=\"description\" content=\"Universidad de las Artes - Aurora Zanabria realiz\u00f3 obra art\u00edstica con adultas mayores del sur de Guayaquil\" \/>\n<meta name=\"robots\" content=\"index, follow, max-snippet:-1, max-image-preview:large, max-video-preview:-1\" \/>\n<link rel=\"canonical\" href=\"https:\/\/www.uartes.edu.ec\/sitio\/fr\/blog\/2018\/06\/22\/aurora-zanabria-realizo-obra-artistica-con-adultas-mayores-del-sur-de-guayaquil\/\" \/>\n<meta property=\"og:locale\" content=\"fr_FR\" \/>\n<meta property=\"og:type\" content=\"article\" \/>\n<meta property=\"og:title\" content=\"Universidad de las Artes - Aurora Zanabria realiz\u00f3 obra art\u00edstica con adultas mayores del sur de Guayaquil\" \/>\n<meta property=\"og:description\" content=\"Universidad de las Artes - Aurora Zanabria realiz\u00f3 obra art\u00edstica con adultas mayores del sur de Guayaquil\" \/>\n<meta property=\"og:url\" content=\"https:\/\/www.uartes.edu.ec\/sitio\/fr\/blog\/2018\/06\/22\/aurora-zanabria-realizo-obra-artistica-con-adultas-mayores-del-sur-de-guayaquil\/\" \/>\n<meta property=\"og:site_name\" content=\"Universidad de las Artes\" \/>\n<meta property=\"article:publisher\" content=\"https:\/\/www.facebook.com\/uartesec\" \/>\n<meta property=\"article:published_time\" content=\"2018-06-22T21:20:26+00:00\" \/>\n<meta property=\"article:modified_time\" content=\"2024-07-04T16:53:48+00:00\" \/>\n<meta name=\"author\" content=\"Universidad de las Artes\" \/>\n<meta name=\"twitter:card\" content=\"summary_large_image\" \/>\n<meta name=\"twitter:creator\" content=\"@uartesec\" \/>\n<meta name=\"twitter:site\" content=\"@uartesec\" \/>\n<meta name=\"twitter:label1\" content=\"\u00c9crit par\" \/>\n\t<meta name=\"twitter:data1\" content=\"Universidad de las Artes\" \/>\n\t<meta name=\"twitter:label2\" content=\"Dur\u00e9e de lecture estim\u00e9e\" \/>\n\t<meta name=\"twitter:data2\" content=\"2 minutes\" \/>\n<script type=\"application\/ld+json\" class=\"yoast-schema-graph\">{\"@context\":\"https:\\\/\\\/schema.org\",\"@graph\":[{\"@type\":\"Article\",\"@id\":\"https:\\\/\\\/www.uartes.edu.ec\\\/sitio\\\/fr\\\/blog\\\/2018\\\/06\\\/22\\\/aurora-zanabria-realizo-obra-artistica-con-adultas-mayores-del-sur-de-guayaquil\\\/#article\",\"isPartOf\":{\"@id\":\"https:\\\/\\\/www.uartes.edu.ec\\\/sitio\\\/fr\\\/blog\\\/2018\\\/06\\\/22\\\/aurora-zanabria-realizo-obra-artistica-con-adultas-mayores-del-sur-de-guayaquil\\\/\"},\"author\":{\"name\":\"Universidad de las Artes\",\"@id\":\"https:\\\/\\\/www.uartes.edu.ec\\\/sitio\\\/fr\\\/#\\\/schema\\\/person\\\/f33f8c1d2af0d5c80a38c8abf458184a\"},\"headline\":\"Aurora Zanabria realiz\u00f3 obra art\u00edstica con adultas mayores del sur de Guayaquil\",\"datePublished\":\"2018-06-22T21:20:26+00:00\",\"dateModified\":\"2024-07-04T16:53:48+00:00\",\"mainEntityOfPage\":{\"@id\":\"https:\\\/\\\/www.uartes.edu.ec\\\/sitio\\\/fr\\\/blog\\\/2018\\\/06\\\/22\\\/aurora-zanabria-realizo-obra-artistica-con-adultas-mayores-del-sur-de-guayaquil\\\/\"},\"wordCount\":464,\"publisher\":{\"@id\":\"https:\\\/\\\/www.uartes.edu.ec\\\/sitio\\\/fr\\\/#organization\"},\"image\":{\"@id\":\"https:\\\/\\\/www.uartes.edu.ec\\\/sitio\\\/fr\\\/blog\\\/2018\\\/06\\\/22\\\/aurora-zanabria-realizo-obra-artistica-con-adultas-mayores-del-sur-de-guayaquil\\\/#primaryimage\"},\"thumbnailUrl\":\"\",\"articleSection\":[\"Docentes\"],\"inLanguage\":\"fr-FR\"},{\"@type\":[\"WebPage\",\"ItemPage\"],\"@id\":\"https:\\\/\\\/www.uartes.edu.ec\\\/sitio\\\/fr\\\/blog\\\/2018\\\/06\\\/22\\\/aurora-zanabria-realizo-obra-artistica-con-adultas-mayores-del-sur-de-guayaquil\\\/\",\"url\":\"https:\\\/\\\/www.uartes.edu.ec\\\/sitio\\\/fr\\\/blog\\\/2018\\\/06\\\/22\\\/aurora-zanabria-realizo-obra-artistica-con-adultas-mayores-del-sur-de-guayaquil\\\/\",\"name\":\"Universidad de las Artes - Aurora Zanabria realiz\u00f3 obra art\u00edstica con adultas mayores del sur de Guayaquil\",\"isPartOf\":{\"@id\":\"https:\\\/\\\/www.uartes.edu.ec\\\/sitio\\\/fr\\\/#website\"},\"primaryImageOfPage\":{\"@id\":\"https:\\\/\\\/www.uartes.edu.ec\\\/sitio\\\/fr\\\/blog\\\/2018\\\/06\\\/22\\\/aurora-zanabria-realizo-obra-artistica-con-adultas-mayores-del-sur-de-guayaquil\\\/#primaryimage\"},\"image\":{\"@id\":\"https:\\\/\\\/www.uartes.edu.ec\\\/sitio\\\/fr\\\/blog\\\/2018\\\/06\\\/22\\\/aurora-zanabria-realizo-obra-artistica-con-adultas-mayores-del-sur-de-guayaquil\\\/#primaryimage\"},\"thumbnailUrl\":\"\",\"datePublished\":\"2018-06-22T21:20:26+00:00\",\"dateModified\":\"2024-07-04T16:53:48+00:00\",\"description\":\"Universidad de las Artes - Aurora Zanabria realiz\u00f3 obra art\u00edstica con adultas mayores del sur de Guayaquil\",\"breadcrumb\":{\"@id\":\"https:\\\/\\\/www.uartes.edu.ec\\\/sitio\\\/fr\\\/blog\\\/2018\\\/06\\\/22\\\/aurora-zanabria-realizo-obra-artistica-con-adultas-mayores-del-sur-de-guayaquil\\\/#breadcrumb\"},\"inLanguage\":\"fr-FR\",\"potentialAction\":[{\"@type\":\"ReadAction\",\"target\":[\"https:\\\/\\\/www.uartes.edu.ec\\\/sitio\\\/fr\\\/blog\\\/2018\\\/06\\\/22\\\/aurora-zanabria-realizo-obra-artistica-con-adultas-mayores-del-sur-de-guayaquil\\\/\"]}]},{\"@type\":\"ImageObject\",\"inLanguage\":\"fr-FR\",\"@id\":\"https:\\\/\\\/www.uartes.edu.ec\\\/sitio\\\/fr\\\/blog\\\/2018\\\/06\\\/22\\\/aurora-zanabria-realizo-obra-artistica-con-adultas-mayores-del-sur-de-guayaquil\\\/#primaryimage\",\"url\":\"\",\"contentUrl\":\"\"},{\"@type\":\"BreadcrumbList\",\"@id\":\"https:\\\/\\\/www.uartes.edu.ec\\\/sitio\\\/fr\\\/blog\\\/2018\\\/06\\\/22\\\/aurora-zanabria-realizo-obra-artistica-con-adultas-mayores-del-sur-de-guayaquil\\\/#breadcrumb\",\"itemListElement\":[{\"@type\":\"ListItem\",\"position\":1,\"name\":\"Inicio\",\"item\":\"https:\\\/\\\/www.uartes.edu.ec\\\/sitio\\\/\"},{\"@type\":\"ListItem\",\"position\":2,\"name\":\"Aurora Zanabria realiz\u00f3 obra art\u00edstica con adultas mayores del sur de Guayaquil\"}]},{\"@type\":\"WebSite\",\"@id\":\"https:\\\/\\\/www.uartes.edu.ec\\\/sitio\\\/fr\\\/#website\",\"url\":\"https:\\\/\\\/www.uartes.edu.ec\\\/sitio\\\/fr\\\/\",\"name\":\"Universidad de las Artes\",\"description\":\"Sitio oficial de la Universidad Nacional de las Artes del Ecuador\",\"publisher\":{\"@id\":\"https:\\\/\\\/www.uartes.edu.ec\\\/sitio\\\/fr\\\/#organization\"},\"potentialAction\":[{\"@type\":\"SearchAction\",\"target\":{\"@type\":\"EntryPoint\",\"urlTemplate\":\"https:\\\/\\\/www.uartes.edu.ec\\\/sitio\\\/fr\\\/?s={search_term_string}\"},\"query-input\":{\"@type\":\"PropertyValueSpecification\",\"valueRequired\":true,\"valueName\":\"search_term_string\"}}],\"inLanguage\":\"fr-FR\"},{\"@type\":\"Organization\",\"@id\":\"https:\\\/\\\/www.uartes.edu.ec\\\/sitio\\\/fr\\\/#organization\",\"name\":\"Universidad de las Artes\",\"url\":\"https:\\\/\\\/www.uartes.edu.ec\\\/sitio\\\/fr\\\/\",\"logo\":{\"@type\":\"ImageObject\",\"inLanguage\":\"fr-FR\",\"@id\":\"https:\\\/\\\/www.uartes.edu.ec\\\/sitio\\\/fr\\\/#\\\/schema\\\/logo\\\/image\\\/\",\"url\":\"https:\\\/\\\/www.uartes.edu.ec\\\/sitio\\\/wp-content\\\/uploads\\\/2022\\\/07\\\/logo-ua-horizontal.png\",\"contentUrl\":\"https:\\\/\\\/www.uartes.edu.ec\\\/sitio\\\/wp-content\\\/uploads\\\/2022\\\/07\\\/logo-ua-horizontal.png\",\"width\":800,\"height\":276,\"caption\":\"Universidad de las Artes\"},\"image\":{\"@id\":\"https:\\\/\\\/www.uartes.edu.ec\\\/sitio\\\/fr\\\/#\\\/schema\\\/logo\\\/image\\\/\"},\"sameAs\":[\"https:\\\/\\\/www.facebook.com\\\/uartesec\",\"https:\\\/\\\/x.com\\\/uartesec\",\"https:\\\/\\\/www.tiktok.com\\\/@uartesec\"]},{\"@type\":\"Person\",\"@id\":\"https:\\\/\\\/www.uartes.edu.ec\\\/sitio\\\/fr\\\/#\\\/schema\\\/person\\\/f33f8c1d2af0d5c80a38c8abf458184a\",\"name\":\"Universidad de las Artes\",\"image\":{\"@type\":\"ImageObject\",\"inLanguage\":\"fr-FR\",\"@id\":\"https:\\\/\\\/secure.gravatar.com\\\/avatar\\\/52e4757902f5cfa5ac52d020e5be83cae5487519154b6c35482fe08d589f3c13?s=96&d=mm&r=g\",\"url\":\"https:\\\/\\\/secure.gravatar.com\\\/avatar\\\/52e4757902f5cfa5ac52d020e5be83cae5487519154b6c35482fe08d589f3c13?s=96&d=mm&r=g\",\"contentUrl\":\"https:\\\/\\\/secure.gravatar.com\\\/avatar\\\/52e4757902f5cfa5ac52d020e5be83cae5487519154b6c35482fe08d589f3c13?s=96&d=mm&r=g\",\"caption\":\"Universidad de las Artes\"},\"url\":\"https:\\\/\\\/www.uartes.edu.ec\\\/sitio\\\/fr\\\/blog\\\/author\\\/dircomadm\\\/\"}]}<\/script>\n<!-- \/ Yoast SEO plugin. -->","yoast_head_json":{"title":"Universidad de las Artes - Aurora Zanabria realiz\u00f3 obra art\u00edstica con adultas mayores del sur de Guayaquil","description":"Universidad de las Artes - Aurora Zanabria realiz\u00f3 obra art\u00edstica con adultas mayores del sur de Guayaquil","robots":{"index":"index","follow":"follow","max-snippet":"max-snippet:-1","max-image-preview":"max-image-preview:large","max-video-preview":"max-video-preview:-1"},"canonical":"https:\/\/www.uartes.edu.ec\/sitio\/fr\/blog\/2018\/06\/22\/aurora-zanabria-realizo-obra-artistica-con-adultas-mayores-del-sur-de-guayaquil\/","og_locale":"fr_FR","og_type":"article","og_title":"Universidad de las Artes - Aurora Zanabria realiz\u00f3 obra art\u00edstica con adultas mayores del sur de Guayaquil","og_description":"Universidad de las Artes - Aurora Zanabria realiz\u00f3 obra art\u00edstica con adultas mayores del sur de Guayaquil","og_url":"https:\/\/www.uartes.edu.ec\/sitio\/fr\/blog\/2018\/06\/22\/aurora-zanabria-realizo-obra-artistica-con-adultas-mayores-del-sur-de-guayaquil\/","og_site_name":"Universidad de las Artes","article_publisher":"https:\/\/www.facebook.com\/uartesec","article_published_time":"2018-06-22T21:20:26+00:00","article_modified_time":"2024-07-04T16:53:48+00:00","author":"Universidad de las Artes","twitter_card":"summary_large_image","twitter_creator":"@uartesec","twitter_site":"@uartesec","twitter_misc":{"\u00c9crit par":"Universidad de las Artes","Dur\u00e9e de lecture estim\u00e9e":"2 minutes"},"schema":{"@context":"https:\/\/schema.org","@graph":[{"@type":"Article","@id":"https:\/\/www.uartes.edu.ec\/sitio\/fr\/blog\/2018\/06\/22\/aurora-zanabria-realizo-obra-artistica-con-adultas-mayores-del-sur-de-guayaquil\/#article","isPartOf":{"@id":"https:\/\/www.uartes.edu.ec\/sitio\/fr\/blog\/2018\/06\/22\/aurora-zanabria-realizo-obra-artistica-con-adultas-mayores-del-sur-de-guayaquil\/"},"author":{"name":"Universidad de las Artes","@id":"https:\/\/www.uartes.edu.ec\/sitio\/fr\/#\/schema\/person\/f33f8c1d2af0d5c80a38c8abf458184a"},"headline":"Aurora Zanabria realiz\u00f3 obra art\u00edstica con adultas mayores del sur de Guayaquil","datePublished":"2018-06-22T21:20:26+00:00","dateModified":"2024-07-04T16:53:48+00:00","mainEntityOfPage":{"@id":"https:\/\/www.uartes.edu.ec\/sitio\/fr\/blog\/2018\/06\/22\/aurora-zanabria-realizo-obra-artistica-con-adultas-mayores-del-sur-de-guayaquil\/"},"wordCount":464,"publisher":{"@id":"https:\/\/www.uartes.edu.ec\/sitio\/fr\/#organization"},"image":{"@id":"https:\/\/www.uartes.edu.ec\/sitio\/fr\/blog\/2018\/06\/22\/aurora-zanabria-realizo-obra-artistica-con-adultas-mayores-del-sur-de-guayaquil\/#primaryimage"},"thumbnailUrl":"","articleSection":["Docentes"],"inLanguage":"fr-FR"},{"@type":["WebPage","ItemPage"],"@id":"https:\/\/www.uartes.edu.ec\/sitio\/fr\/blog\/2018\/06\/22\/aurora-zanabria-realizo-obra-artistica-con-adultas-mayores-del-sur-de-guayaquil\/","url":"https:\/\/www.uartes.edu.ec\/sitio\/fr\/blog\/2018\/06\/22\/aurora-zanabria-realizo-obra-artistica-con-adultas-mayores-del-sur-de-guayaquil\/","name":"Universidad de las Artes - Aurora Zanabria realiz\u00f3 obra art\u00edstica con adultas mayores del sur de Guayaquil","isPartOf":{"@id":"https:\/\/www.uartes.edu.ec\/sitio\/fr\/#website"},"primaryImageOfPage":{"@id":"https:\/\/www.uartes.edu.ec\/sitio\/fr\/blog\/2018\/06\/22\/aurora-zanabria-realizo-obra-artistica-con-adultas-mayores-del-sur-de-guayaquil\/#primaryimage"},"image":{"@id":"https:\/\/www.uartes.edu.ec\/sitio\/fr\/blog\/2018\/06\/22\/aurora-zanabria-realizo-obra-artistica-con-adultas-mayores-del-sur-de-guayaquil\/#primaryimage"},"thumbnailUrl":"","datePublished":"2018-06-22T21:20:26+00:00","dateModified":"2024-07-04T16:53:48+00:00","description":"Universidad de las Artes - Aurora Zanabria realiz\u00f3 obra art\u00edstica con adultas mayores del sur de Guayaquil","breadcrumb":{"@id":"https:\/\/www.uartes.edu.ec\/sitio\/fr\/blog\/2018\/06\/22\/aurora-zanabria-realizo-obra-artistica-con-adultas-mayores-del-sur-de-guayaquil\/#breadcrumb"},"inLanguage":"fr-FR","potentialAction":[{"@type":"ReadAction","target":["https:\/\/www.uartes.edu.ec\/sitio\/fr\/blog\/2018\/06\/22\/aurora-zanabria-realizo-obra-artistica-con-adultas-mayores-del-sur-de-guayaquil\/"]}]},{"@type":"ImageObject","inLanguage":"fr-FR","@id":"https:\/\/www.uartes.edu.ec\/sitio\/fr\/blog\/2018\/06\/22\/aurora-zanabria-realizo-obra-artistica-con-adultas-mayores-del-sur-de-guayaquil\/#primaryimage","url":"","contentUrl":""},{"@type":"BreadcrumbList","@id":"https:\/\/www.uartes.edu.ec\/sitio\/fr\/blog\/2018\/06\/22\/aurora-zanabria-realizo-obra-artistica-con-adultas-mayores-del-sur-de-guayaquil\/#breadcrumb","itemListElement":[{"@type":"ListItem","position":1,"name":"Inicio","item":"https:\/\/www.uartes.edu.ec\/sitio\/"},{"@type":"ListItem","position":2,"name":"Aurora Zanabria realiz\u00f3 obra art\u00edstica con adultas mayores del sur de Guayaquil"}]},{"@type":"WebSite","@id":"https:\/\/www.uartes.edu.ec\/sitio\/fr\/#website","url":"https:\/\/www.uartes.edu.ec\/sitio\/fr\/","name":"Universidad de las Artes","description":"Sitio oficial de la Universidad Nacional de las Artes del Ecuador","publisher":{"@id":"https:\/\/www.uartes.edu.ec\/sitio\/fr\/#organization"},"potentialAction":[{"@type":"SearchAction","target":{"@type":"EntryPoint","urlTemplate":"https:\/\/www.uartes.edu.ec\/sitio\/fr\/?s={search_term_string}"},"query-input":{"@type":"PropertyValueSpecification","valueRequired":true,"valueName":"search_term_string"}}],"inLanguage":"fr-FR"},{"@type":"Organization","@id":"https:\/\/www.uartes.edu.ec\/sitio\/fr\/#organization","name":"Universidad de las Artes","url":"https:\/\/www.uartes.edu.ec\/sitio\/fr\/","logo":{"@type":"ImageObject","inLanguage":"fr-FR","@id":"https:\/\/www.uartes.edu.ec\/sitio\/fr\/#\/schema\/logo\/image\/","url":"https:\/\/www.uartes.edu.ec\/sitio\/wp-content\/uploads\/2022\/07\/logo-ua-horizontal.png","contentUrl":"https:\/\/www.uartes.edu.ec\/sitio\/wp-content\/uploads\/2022\/07\/logo-ua-horizontal.png","width":800,"height":276,"caption":"Universidad de las Artes"},"image":{"@id":"https:\/\/www.uartes.edu.ec\/sitio\/fr\/#\/schema\/logo\/image\/"},"sameAs":["https:\/\/www.facebook.com\/uartesec","https:\/\/x.com\/uartesec","https:\/\/www.tiktok.com\/@uartesec"]},{"@type":"Person","@id":"https:\/\/www.uartes.edu.ec\/sitio\/fr\/#\/schema\/person\/f33f8c1d2af0d5c80a38c8abf458184a","name":"Universidad de las Artes","image":{"@type":"ImageObject","inLanguage":"fr-FR","@id":"https:\/\/secure.gravatar.com\/avatar\/52e4757902f5cfa5ac52d020e5be83cae5487519154b6c35482fe08d589f3c13?s=96&d=mm&r=g","url":"https:\/\/secure.gravatar.com\/avatar\/52e4757902f5cfa5ac52d020e5be83cae5487519154b6c35482fe08d589f3c13?s=96&d=mm&r=g","contentUrl":"https:\/\/secure.gravatar.com\/avatar\/52e4757902f5cfa5ac52d020e5be83cae5487519154b6c35482fe08d589f3c13?s=96&d=mm&r=g","caption":"Universidad de las Artes"},"url":"https:\/\/www.uartes.edu.ec\/sitio\/fr\/blog\/author\/dircomadm\/"}]}},"uagb_featured_image_src":{"full":false,"thumbnail":false,"medium":false,"medium_large":false,"large":false,"1536x1536":false,"2048x2048":false,"trp-custom-language-flag":false,"htmega_size_585x295":false,"htmega_size_1170x536":false,"htmega_size_396x360":false,"gb-block-post-grid-landscape":false,"gb-block-post-grid-square":false,"university-hub-thumb":false},"uagb_author_info":{"display_name":"Universidad de las Artes","author_link":"https:\/\/www.uartes.edu.ec\/sitio\/fr\/blog\/author\/dircomadm\/"},"uagb_comment_info":0,"uagb_excerpt":"Aurora Zanabria, artista y docente de la Unidad de Teor\u00edas Cr\u00edticas y Practicas Experimentales de la Universidad de las Artes del Ecuador, particip\u00f3 como artista invitada dentro del laboratorio de arte que se realiz\u00f3 en la 40 y la B, sur de Guayaquil, el pasado 21, 22 y 23 de mayo de 2018, en el\u2026","featured_image_src":null,"featured_image_src_square":null,"author_info":{"display_name":"Universidad de las Artes","author_link":"https:\/\/www.uartes.edu.ec\/sitio\/fr\/blog\/author\/dircomadm\/"},"publishpress_future_workflow_manual_trigger":{"enabledWorkflows":[]},"distributor_meta":false,"distributor_terms":false,"distributor_media":false,"distributor_original_site_name":"Universidad de las Artes","distributor_original_site_url":"https:\/\/www.uartes.edu.ec\/sitio\/fr","push-errors":false,"_links":{"self":[{"href":"https:\/\/www.uartes.edu.ec\/sitio\/fr\/wp-json\/wp\/v2\/posts\/1636","targetHints":{"allow":["GET"]}}],"collection":[{"href":"https:\/\/www.uartes.edu.ec\/sitio\/fr\/wp-json\/wp\/v2\/posts"}],"about":[{"href":"https:\/\/www.uartes.edu.ec\/sitio\/fr\/wp-json\/wp\/v2\/types\/post"}],"author":[{"embeddable":true,"href":"https:\/\/www.uartes.edu.ec\/sitio\/fr\/wp-json\/wp\/v2\/users\/1"}],"replies":[{"embeddable":true,"href":"https:\/\/www.uartes.edu.ec\/sitio\/fr\/wp-json\/wp\/v2\/comments?post=1636"}],"version-history":[{"count":1,"href":"https:\/\/www.uartes.edu.ec\/sitio\/fr\/wp-json\/wp\/v2\/posts\/1636\/revisions"}],"predecessor-version":[{"id":3364,"href":"https:\/\/www.uartes.edu.ec\/sitio\/fr\/wp-json\/wp\/v2\/posts\/1636\/revisions\/3364"}],"wp:featuredmedia":[{"embeddable":true,"href":"https:\/\/www.uartes.edu.ec\/sitio\/fr\/wp-json\/"}],"wp:attachment":[{"href":"https:\/\/www.uartes.edu.ec\/sitio\/fr\/wp-json\/wp\/v2\/media?parent=1636"}],"wp:term":[{"taxonomy":"category","embeddable":true,"href":"https:\/\/www.uartes.edu.ec\/sitio\/fr\/wp-json\/wp\/v2\/categories?post=1636"},{"taxonomy":"post_tag","embeddable":true,"href":"https:\/\/www.uartes.edu.ec\/sitio\/fr\/wp-json\/wp\/v2\/tags?post=1636"},{"taxonomy":"infouartes","embeddable":true,"href":"https:\/\/www.uartes.edu.ec\/sitio\/fr\/wp-json\/wp\/v2\/infouartes?post=1636"}],"curies":[{"name":"wp","href":"https:\/\/api.w.org\/{rel}","templated":true}]}}