{"id":16390,"date":"2021-10-21T15:40:00","date_gmt":"2021-10-21T20:40:00","guid":{"rendered":"http:\/\/www.uartes.edu.ec\/sitio\/?p=16390"},"modified":"2024-07-04T11:25:28","modified_gmt":"2024-07-04T16:25:28","slug":"ya-en-cines-gafas-amarillas-pelicula-coescrita-y-producida-por-isabel-carrasco-docente-uartes","status":"publish","type":"post","link":"https:\/\/www.uartes.edu.ec\/sitio\/fr\/blog\/2021\/10\/21\/ya-en-cines-gafas-amarillas-pelicula-coescrita-y-producida-por-isabel-carrasco-docente-uartes\/","title":{"rendered":"Ya en cines \u201cGafas amarillas\u201d, pel\u00edcula coescrita y producida por Isabel Carrasco, docente UArtes"},"content":{"rendered":"<p>Coescrita y producida por Isabel Carrasco, docente de la Universidad de las Artes, en las salas del cine comercial de Guayaquil, Quito y Cuenca se estrena hoy, 21 de octubre, la pel\u00edcula <em>Gafas Amarillas<\/em>, del director Iv\u00e1n Mora Manzano. Esta producci\u00f3n de 98 minutos de duraci\u00f3n tuvo ya presencia a nivel nacional en las plataformas de VOD.<\/p>\n\n\n\n<p>A nivel internacional, <em>Gafas Amarillas<\/em> ha observado un importante recorrido por varios festivales. En el de Vancouver, donde se estren\u00f3 en 2020; fue seleccionada tambi\u00e9n para el Festival Cinequest (EE.UU.), el Festival Internacional de Cine de Monterrey (MEX) y en semanas pr\u00f3ximas se proyectar\u00e1 en los cert\u00e1menes San Francisco Latino, Seattle Latino, Orlando Film, Kuntur\u00f1awi y EQUIS, cine Feminista.<\/p>\n\n\n\n<p>La docente de la Escuela de Cine intervino tambi\u00e9n en la producci\u00f3n de <em>Gafas Amarillas <\/em>conLa Rep\u00fablica Invisible. En la coproducci\u00f3n,&nbsp;Tathiani Sacilotto y Ant\u00f3nio Ferreira <em>(Persona Non Grata Pictures,<\/em> Brasil). La direcci\u00f3n de fotograf\u00eda es de&nbsp;Olivier Auverlau. En el montaje intervino Joana Collier; dise\u00f1o sonoro,&nbsp;Juan Jos\u00e9 Luzuriaga; mezcla de sonido,&nbsp;Ricardo Cutz; direcci\u00f3n&nbsp;de arte,&nbsp;Bel\u00e9n Draghi; y, jefa de producci\u00f3n,&nbsp;Cinthia Velasco.&nbsp;<\/p>\n\n\n\n<figure class=\"wp-block-image size-full\"><img fetchpriority=\"high\" decoding=\"async\" width=\"2000\" height=\"1333\" src=\"http:\/\/www.uartes.edu.ec\/sitio\/wp-content\/uploads\/2021\/10\/GAFAS-AMARILLAS-2.webp\" alt=\"\" class=\"wp-image-16392\" \/><\/figure>\n\n\n\n<p>La pel\u00edcula es protagonizada por Paloma Pierini, quien interpreta a Julia, una mujer en b\u00fasqueda de su propia reinvenci\u00f3n y creatividad, en medio de una crisis existencial en la que se pregunta si podr\u00e1 encontrar un trabajo de acuerdo a lo que estudi\u00f3 o si lograr\u00e1 obtener la anhelada beca para estudiar literatura. Los co-protagonistas son el reconocido actor de cine y teatro Alejandro Fajardo y el actor y m\u00fasico Enzo Macchiavello. Lxs tres vivir\u00e1n un tri\u00e1ngulo amistoso plagado de conversaciones sobre su escritora favorita, Clara Lunares, paseos por el parque El Ejido, trayectos en la Ecov\u00eda, ensayos de teatro, bares y karaokes, pel\u00edculas y un taller literario.&nbsp;<\/p>\n\n\n\n<p>M\u00e1s informaci\u00f3n en\u00a0@Repinvisible (Twitter), @larepublicainvisible (IG) y La Republica Invisible (Facebook). Las salas de cine que la proyectan son: \u00a0Quito,\u00a0Multicines CCI, Multicines Scala, Supercines 6 de Diciembre y Cinemark Plaza de las Am\u00e9ricas. Guayaquil, Supercines Ceibos y Cinemark Mall del Sol. Y, Cuenca, Multicines Bat\u00e1n.<\/p>\n\n\n\n<p><\/p>","protected":false},"excerpt":{"rendered":"<p>Coescrita y producida por Isabel Carrasco, docente de la Universidad de las Artes, en las salas del cine comercial de Guayaquil, Quito y Cuenca se estrena hoy, 21 de octubre, la pel\u00edcula Gafas Amarillas, del director Iv\u00e1n Mora Manzano. Esta producci\u00f3n de 98 minutos de duraci\u00f3n tuvo ya presencia a nivel nacional en las plataformas de VOD.<\/p>","protected":false},"author":10,"featured_media":16391,"comment_status":"open","ping_status":"open","sticky":false,"template":"","format":"standard","meta":{"_acf_changed":false,"_uag_custom_page_level_css":"","_monsterinsights_skip_tracking":false,"_monsterinsights_sitenote_active":false,"_monsterinsights_sitenote_note":"","_monsterinsights_sitenote_category":0,"cybocfi_hide_featured_image":"","footnotes":""},"categories":[147,75],"tags":[518],"infouartes":[],"class_list":["post-16390","post","type-post","status-publish","format-standard","has-post-thumbnail","hentry","category-cine","category-docentes","tag-produccion"],"acf":[],"yoast_head":"<!-- This site is optimized with the Yoast SEO plugin v27.4 - https:\/\/yoast.com\/product\/yoast-seo-wordpress\/ -->\n<title>Universidad de las Artes - Ya en cines \u201cGafas amarillas\u201d, pel\u00edcula coescrita y producida por Isabel Carrasco, docente UArtes<\/title>\n<meta name=\"description\" content=\"Universidad de las Artes - Ya en cines \u201cGafas amarillas\u201d, pel\u00edcula coescrita y producida por Isabel Carrasco, docente UArtes\" \/>\n<meta name=\"robots\" content=\"index, follow, max-snippet:-1, max-image-preview:large, max-video-preview:-1\" \/>\n<link rel=\"canonical\" href=\"https:\/\/www.uartes.edu.ec\/sitio\/fr\/blog\/2021\/10\/21\/ya-en-cines-gafas-amarillas-pelicula-coescrita-y-producida-por-isabel-carrasco-docente-uartes\/\" \/>\n<meta property=\"og:locale\" content=\"fr_FR\" \/>\n<meta property=\"og:type\" content=\"article\" \/>\n<meta property=\"og:title\" content=\"Universidad de las Artes - Ya en cines \u201cGafas amarillas\u201d, pel\u00edcula coescrita y producida por Isabel Carrasco, docente UArtes\" \/>\n<meta property=\"og:description\" content=\"Universidad de las Artes - Ya en cines \u201cGafas amarillas\u201d, pel\u00edcula coescrita y producida por Isabel Carrasco, docente UArtes\" \/>\n<meta property=\"og:url\" content=\"https:\/\/www.uartes.edu.ec\/sitio\/fr\/blog\/2021\/10\/21\/ya-en-cines-gafas-amarillas-pelicula-coescrita-y-producida-por-isabel-carrasco-docente-uartes\/\" \/>\n<meta property=\"og:site_name\" content=\"Universidad de las Artes\" \/>\n<meta property=\"article:publisher\" content=\"https:\/\/www.facebook.com\/uartesec\" \/>\n<meta property=\"article:published_time\" content=\"2021-10-21T20:40:00+00:00\" \/>\n<meta property=\"article:modified_time\" content=\"2024-07-04T16:25:28+00:00\" \/>\n<meta property=\"og:image\" content=\"https:\/\/www.uartes.edu.ec\/sitio\/wp-content\/uploads\/2021\/10\/GAFAS-AMARILLAS-1.webp\" \/>\n\t<meta property=\"og:image:width\" content=\"2000\" \/>\n\t<meta property=\"og:image:height\" content=\"1333\" \/>\n\t<meta property=\"og:image:type\" content=\"image\/webp\" \/>\n<meta name=\"author\" content=\"ccortez\" \/>\n<meta name=\"twitter:card\" content=\"summary_large_image\" \/>\n<meta name=\"twitter:creator\" content=\"@uartesec\" \/>\n<meta name=\"twitter:site\" content=\"@uartesec\" \/>\n<meta name=\"twitter:label1\" content=\"\u00c9crit par\" \/>\n\t<meta name=\"twitter:data1\" content=\"ccortez\" \/>\n\t<meta name=\"twitter:label2\" content=\"Dur\u00e9e de lecture estim\u00e9e\" \/>\n\t<meta name=\"twitter:data2\" content=\"2 minutes\" \/>\n<script type=\"application\/ld+json\" class=\"yoast-schema-graph\">{\"@context\":\"https:\\\/\\\/schema.org\",\"@graph\":[{\"@type\":\"Article\",\"@id\":\"https:\\\/\\\/www.uartes.edu.ec\\\/sitio\\\/fr\\\/blog\\\/2021\\\/10\\\/21\\\/ya-en-cines-gafas-amarillas-pelicula-coescrita-y-producida-por-isabel-carrasco-docente-uartes\\\/#article\",\"isPartOf\":{\"@id\":\"https:\\\/\\\/www.uartes.edu.ec\\\/sitio\\\/fr\\\/blog\\\/2021\\\/10\\\/21\\\/ya-en-cines-gafas-amarillas-pelicula-coescrita-y-producida-por-isabel-carrasco-docente-uartes\\\/\"},\"author\":{\"name\":\"ccortez\",\"@id\":\"https:\\\/\\\/www.uartes.edu.ec\\\/sitio\\\/fr\\\/#\\\/schema\\\/person\\\/efa1b8275797664fd7f13a79ccc0b1f4\"},\"headline\":\"Ya en cines \u201cGafas amarillas\u201d, pel\u00edcula coescrita y producida por Isabel Carrasco, docente UArtes\",\"datePublished\":\"2021-10-21T20:40:00+00:00\",\"dateModified\":\"2024-07-04T16:25:28+00:00\",\"mainEntityOfPage\":{\"@id\":\"https:\\\/\\\/www.uartes.edu.ec\\\/sitio\\\/fr\\\/blog\\\/2021\\\/10\\\/21\\\/ya-en-cines-gafas-amarillas-pelicula-coescrita-y-producida-por-isabel-carrasco-docente-uartes\\\/\"},\"wordCount\":389,\"commentCount\":0,\"publisher\":{\"@id\":\"https:\\\/\\\/www.uartes.edu.ec\\\/sitio\\\/fr\\\/#organization\"},\"image\":{\"@id\":\"https:\\\/\\\/www.uartes.edu.ec\\\/sitio\\\/fr\\\/blog\\\/2021\\\/10\\\/21\\\/ya-en-cines-gafas-amarillas-pelicula-coescrita-y-producida-por-isabel-carrasco-docente-uartes\\\/#primaryimage\"},\"thumbnailUrl\":\"https:\\\/\\\/www.uartes.edu.ec\\\/sitio\\\/wp-content\\\/uploads\\\/2021\\\/10\\\/GAFAS-AMARILLAS-1.webp\",\"keywords\":[\"producci\u00f3n\"],\"articleSection\":[\"Cine\",\"Docentes\"],\"inLanguage\":\"fr-FR\",\"potentialAction\":[{\"@type\":\"CommentAction\",\"name\":\"Comment\",\"target\":[\"https:\\\/\\\/www.uartes.edu.ec\\\/sitio\\\/fr\\\/blog\\\/2021\\\/10\\\/21\\\/ya-en-cines-gafas-amarillas-pelicula-coescrita-y-producida-por-isabel-carrasco-docente-uartes\\\/#respond\"]}]},{\"@type\":[\"WebPage\",\"ItemPage\"],\"@id\":\"https:\\\/\\\/www.uartes.edu.ec\\\/sitio\\\/fr\\\/blog\\\/2021\\\/10\\\/21\\\/ya-en-cines-gafas-amarillas-pelicula-coescrita-y-producida-por-isabel-carrasco-docente-uartes\\\/\",\"url\":\"https:\\\/\\\/www.uartes.edu.ec\\\/sitio\\\/fr\\\/blog\\\/2021\\\/10\\\/21\\\/ya-en-cines-gafas-amarillas-pelicula-coescrita-y-producida-por-isabel-carrasco-docente-uartes\\\/\",\"name\":\"Universidad de las Artes - Ya en cines \u201cGafas amarillas\u201d, pel\u00edcula coescrita y producida por Isabel Carrasco, docente UArtes\",\"isPartOf\":{\"@id\":\"https:\\\/\\\/www.uartes.edu.ec\\\/sitio\\\/fr\\\/#website\"},\"primaryImageOfPage\":{\"@id\":\"https:\\\/\\\/www.uartes.edu.ec\\\/sitio\\\/fr\\\/blog\\\/2021\\\/10\\\/21\\\/ya-en-cines-gafas-amarillas-pelicula-coescrita-y-producida-por-isabel-carrasco-docente-uartes\\\/#primaryimage\"},\"image\":{\"@id\":\"https:\\\/\\\/www.uartes.edu.ec\\\/sitio\\\/fr\\\/blog\\\/2021\\\/10\\\/21\\\/ya-en-cines-gafas-amarillas-pelicula-coescrita-y-producida-por-isabel-carrasco-docente-uartes\\\/#primaryimage\"},\"thumbnailUrl\":\"https:\\\/\\\/www.uartes.edu.ec\\\/sitio\\\/wp-content\\\/uploads\\\/2021\\\/10\\\/GAFAS-AMARILLAS-1.webp\",\"datePublished\":\"2021-10-21T20:40:00+00:00\",\"dateModified\":\"2024-07-04T16:25:28+00:00\",\"description\":\"Universidad de las Artes - Ya en cines \u201cGafas amarillas\u201d, pel\u00edcula coescrita y producida por Isabel Carrasco, docente UArtes\",\"breadcrumb\":{\"@id\":\"https:\\\/\\\/www.uartes.edu.ec\\\/sitio\\\/fr\\\/blog\\\/2021\\\/10\\\/21\\\/ya-en-cines-gafas-amarillas-pelicula-coescrita-y-producida-por-isabel-carrasco-docente-uartes\\\/#breadcrumb\"},\"inLanguage\":\"fr-FR\",\"potentialAction\":[{\"@type\":\"ReadAction\",\"target\":[\"https:\\\/\\\/www.uartes.edu.ec\\\/sitio\\\/fr\\\/blog\\\/2021\\\/10\\\/21\\\/ya-en-cines-gafas-amarillas-pelicula-coescrita-y-producida-por-isabel-carrasco-docente-uartes\\\/\"]}]},{\"@type\":\"ImageObject\",\"inLanguage\":\"fr-FR\",\"@id\":\"https:\\\/\\\/www.uartes.edu.ec\\\/sitio\\\/fr\\\/blog\\\/2021\\\/10\\\/21\\\/ya-en-cines-gafas-amarillas-pelicula-coescrita-y-producida-por-isabel-carrasco-docente-uartes\\\/#primaryimage\",\"url\":\"https:\\\/\\\/www.uartes.edu.ec\\\/sitio\\\/wp-content\\\/uploads\\\/2021\\\/10\\\/GAFAS-AMARILLAS-1.webp\",\"contentUrl\":\"https:\\\/\\\/www.uartes.edu.ec\\\/sitio\\\/wp-content\\\/uploads\\\/2021\\\/10\\\/GAFAS-AMARILLAS-1.webp\",\"width\":2000,\"height\":1333},{\"@type\":\"BreadcrumbList\",\"@id\":\"https:\\\/\\\/www.uartes.edu.ec\\\/sitio\\\/fr\\\/blog\\\/2021\\\/10\\\/21\\\/ya-en-cines-gafas-amarillas-pelicula-coescrita-y-producida-por-isabel-carrasco-docente-uartes\\\/#breadcrumb\",\"itemListElement\":[{\"@type\":\"ListItem\",\"position\":1,\"name\":\"Inicio\",\"item\":\"https:\\\/\\\/www.uartes.edu.ec\\\/sitio\\\/\"},{\"@type\":\"ListItem\",\"position\":2,\"name\":\"Ya en cines \u201cGafas amarillas\u201d, pel\u00edcula coescrita y producida por Isabel Carrasco, docente UArtes\"}]},{\"@type\":\"WebSite\",\"@id\":\"https:\\\/\\\/www.uartes.edu.ec\\\/sitio\\\/fr\\\/#website\",\"url\":\"https:\\\/\\\/www.uartes.edu.ec\\\/sitio\\\/fr\\\/\",\"name\":\"Universidad de las Artes\",\"description\":\"Sitio oficial de la Universidad Nacional de las Artes del Ecuador\",\"publisher\":{\"@id\":\"https:\\\/\\\/www.uartes.edu.ec\\\/sitio\\\/fr\\\/#organization\"},\"potentialAction\":[{\"@type\":\"SearchAction\",\"target\":{\"@type\":\"EntryPoint\",\"urlTemplate\":\"https:\\\/\\\/www.uartes.edu.ec\\\/sitio\\\/fr\\\/?s={search_term_string}\"},\"query-input\":{\"@type\":\"PropertyValueSpecification\",\"valueRequired\":true,\"valueName\":\"search_term_string\"}}],\"inLanguage\":\"fr-FR\"},{\"@type\":\"Organization\",\"@id\":\"https:\\\/\\\/www.uartes.edu.ec\\\/sitio\\\/fr\\\/#organization\",\"name\":\"Universidad de las Artes\",\"url\":\"https:\\\/\\\/www.uartes.edu.ec\\\/sitio\\\/fr\\\/\",\"logo\":{\"@type\":\"ImageObject\",\"inLanguage\":\"fr-FR\",\"@id\":\"https:\\\/\\\/www.uartes.edu.ec\\\/sitio\\\/fr\\\/#\\\/schema\\\/logo\\\/image\\\/\",\"url\":\"https:\\\/\\\/www.uartes.edu.ec\\\/sitio\\\/wp-content\\\/uploads\\\/2022\\\/07\\\/logo-ua-horizontal.png\",\"contentUrl\":\"https:\\\/\\\/www.uartes.edu.ec\\\/sitio\\\/wp-content\\\/uploads\\\/2022\\\/07\\\/logo-ua-horizontal.png\",\"width\":800,\"height\":276,\"caption\":\"Universidad de las Artes\"},\"image\":{\"@id\":\"https:\\\/\\\/www.uartes.edu.ec\\\/sitio\\\/fr\\\/#\\\/schema\\\/logo\\\/image\\\/\"},\"sameAs\":[\"https:\\\/\\\/www.facebook.com\\\/uartesec\",\"https:\\\/\\\/x.com\\\/uartesec\",\"https:\\\/\\\/www.tiktok.com\\\/@uartesec\"]},{\"@type\":\"Person\",\"@id\":\"https:\\\/\\\/www.uartes.edu.ec\\\/sitio\\\/fr\\\/#\\\/schema\\\/person\\\/efa1b8275797664fd7f13a79ccc0b1f4\",\"name\":\"ccortez\",\"image\":{\"@type\":\"ImageObject\",\"inLanguage\":\"fr-FR\",\"@id\":\"https:\\\/\\\/secure.gravatar.com\\\/avatar\\\/b2a6f664a3ae8e074346ef91775736c5ec479e637ecced6842de9dc98b5da9cd?s=96&d=mm&r=g\",\"url\":\"https:\\\/\\\/secure.gravatar.com\\\/avatar\\\/b2a6f664a3ae8e074346ef91775736c5ec479e637ecced6842de9dc98b5da9cd?s=96&d=mm&r=g\",\"contentUrl\":\"https:\\\/\\\/secure.gravatar.com\\\/avatar\\\/b2a6f664a3ae8e074346ef91775736c5ec479e637ecced6842de9dc98b5da9cd?s=96&d=mm&r=g\",\"caption\":\"ccortez\"},\"url\":\"https:\\\/\\\/www.uartes.edu.ec\\\/sitio\\\/fr\\\/blog\\\/author\\\/ccortez\\\/\"}]}<\/script>\n<!-- \/ Yoast SEO plugin. -->","yoast_head_json":{"title":"Universidad de las Artes - Ya en cines \u201cGafas amarillas\u201d, pel\u00edcula coescrita y producida por Isabel Carrasco, docente UArtes","description":"Universidad de las Artes - Ya en cines \u201cGafas amarillas\u201d, pel\u00edcula coescrita y producida por Isabel Carrasco, docente UArtes","robots":{"index":"index","follow":"follow","max-snippet":"max-snippet:-1","max-image-preview":"max-image-preview:large","max-video-preview":"max-video-preview:-1"},"canonical":"https:\/\/www.uartes.edu.ec\/sitio\/fr\/blog\/2021\/10\/21\/ya-en-cines-gafas-amarillas-pelicula-coescrita-y-producida-por-isabel-carrasco-docente-uartes\/","og_locale":"fr_FR","og_type":"article","og_title":"Universidad de las Artes - Ya en cines \u201cGafas amarillas\u201d, pel\u00edcula coescrita y producida por Isabel Carrasco, docente UArtes","og_description":"Universidad de las Artes - Ya en cines \u201cGafas amarillas\u201d, pel\u00edcula coescrita y producida por Isabel Carrasco, docente UArtes","og_url":"https:\/\/www.uartes.edu.ec\/sitio\/fr\/blog\/2021\/10\/21\/ya-en-cines-gafas-amarillas-pelicula-coescrita-y-producida-por-isabel-carrasco-docente-uartes\/","og_site_name":"Universidad de las Artes","article_publisher":"https:\/\/www.facebook.com\/uartesec","article_published_time":"2021-10-21T20:40:00+00:00","article_modified_time":"2024-07-04T16:25:28+00:00","og_image":[{"width":2000,"height":1333,"url":"https:\/\/www.uartes.edu.ec\/sitio\/wp-content\/uploads\/2021\/10\/GAFAS-AMARILLAS-1.webp","type":"image\/webp"}],"author":"ccortez","twitter_card":"summary_large_image","twitter_creator":"@uartesec","twitter_site":"@uartesec","twitter_misc":{"\u00c9crit par":"ccortez","Dur\u00e9e de lecture estim\u00e9e":"2 minutes"},"schema":{"@context":"https:\/\/schema.org","@graph":[{"@type":"Article","@id":"https:\/\/www.uartes.edu.ec\/sitio\/fr\/blog\/2021\/10\/21\/ya-en-cines-gafas-amarillas-pelicula-coescrita-y-producida-por-isabel-carrasco-docente-uartes\/#article","isPartOf":{"@id":"https:\/\/www.uartes.edu.ec\/sitio\/fr\/blog\/2021\/10\/21\/ya-en-cines-gafas-amarillas-pelicula-coescrita-y-producida-por-isabel-carrasco-docente-uartes\/"},"author":{"name":"ccortez","@id":"https:\/\/www.uartes.edu.ec\/sitio\/fr\/#\/schema\/person\/efa1b8275797664fd7f13a79ccc0b1f4"},"headline":"Ya en cines \u201cGafas amarillas\u201d, pel\u00edcula coescrita y producida por Isabel Carrasco, docente UArtes","datePublished":"2021-10-21T20:40:00+00:00","dateModified":"2024-07-04T16:25:28+00:00","mainEntityOfPage":{"@id":"https:\/\/www.uartes.edu.ec\/sitio\/fr\/blog\/2021\/10\/21\/ya-en-cines-gafas-amarillas-pelicula-coescrita-y-producida-por-isabel-carrasco-docente-uartes\/"},"wordCount":389,"commentCount":0,"publisher":{"@id":"https:\/\/www.uartes.edu.ec\/sitio\/fr\/#organization"},"image":{"@id":"https:\/\/www.uartes.edu.ec\/sitio\/fr\/blog\/2021\/10\/21\/ya-en-cines-gafas-amarillas-pelicula-coescrita-y-producida-por-isabel-carrasco-docente-uartes\/#primaryimage"},"thumbnailUrl":"https:\/\/www.uartes.edu.ec\/sitio\/wp-content\/uploads\/2021\/10\/GAFAS-AMARILLAS-1.webp","keywords":["producci\u00f3n"],"articleSection":["Cine","Docentes"],"inLanguage":"fr-FR","potentialAction":[{"@type":"CommentAction","name":"Comment","target":["https:\/\/www.uartes.edu.ec\/sitio\/fr\/blog\/2021\/10\/21\/ya-en-cines-gafas-amarillas-pelicula-coescrita-y-producida-por-isabel-carrasco-docente-uartes\/#respond"]}]},{"@type":["WebPage","ItemPage"],"@id":"https:\/\/www.uartes.edu.ec\/sitio\/fr\/blog\/2021\/10\/21\/ya-en-cines-gafas-amarillas-pelicula-coescrita-y-producida-por-isabel-carrasco-docente-uartes\/","url":"https:\/\/www.uartes.edu.ec\/sitio\/fr\/blog\/2021\/10\/21\/ya-en-cines-gafas-amarillas-pelicula-coescrita-y-producida-por-isabel-carrasco-docente-uartes\/","name":"Universidad de las Artes - Ya en cines \u201cGafas amarillas\u201d, pel\u00edcula coescrita y producida por Isabel Carrasco, docente UArtes","isPartOf":{"@id":"https:\/\/www.uartes.edu.ec\/sitio\/fr\/#website"},"primaryImageOfPage":{"@id":"https:\/\/www.uartes.edu.ec\/sitio\/fr\/blog\/2021\/10\/21\/ya-en-cines-gafas-amarillas-pelicula-coescrita-y-producida-por-isabel-carrasco-docente-uartes\/#primaryimage"},"image":{"@id":"https:\/\/www.uartes.edu.ec\/sitio\/fr\/blog\/2021\/10\/21\/ya-en-cines-gafas-amarillas-pelicula-coescrita-y-producida-por-isabel-carrasco-docente-uartes\/#primaryimage"},"thumbnailUrl":"https:\/\/www.uartes.edu.ec\/sitio\/wp-content\/uploads\/2021\/10\/GAFAS-AMARILLAS-1.webp","datePublished":"2021-10-21T20:40:00+00:00","dateModified":"2024-07-04T16:25:28+00:00","description":"Universidad de las Artes - Ya en cines \u201cGafas amarillas\u201d, pel\u00edcula coescrita y producida por Isabel Carrasco, docente UArtes","breadcrumb":{"@id":"https:\/\/www.uartes.edu.ec\/sitio\/fr\/blog\/2021\/10\/21\/ya-en-cines-gafas-amarillas-pelicula-coescrita-y-producida-por-isabel-carrasco-docente-uartes\/#breadcrumb"},"inLanguage":"fr-FR","potentialAction":[{"@type":"ReadAction","target":["https:\/\/www.uartes.edu.ec\/sitio\/fr\/blog\/2021\/10\/21\/ya-en-cines-gafas-amarillas-pelicula-coescrita-y-producida-por-isabel-carrasco-docente-uartes\/"]}]},{"@type":"ImageObject","inLanguage":"fr-FR","@id":"https:\/\/www.uartes.edu.ec\/sitio\/fr\/blog\/2021\/10\/21\/ya-en-cines-gafas-amarillas-pelicula-coescrita-y-producida-por-isabel-carrasco-docente-uartes\/#primaryimage","url":"https:\/\/www.uartes.edu.ec\/sitio\/wp-content\/uploads\/2021\/10\/GAFAS-AMARILLAS-1.webp","contentUrl":"https:\/\/www.uartes.edu.ec\/sitio\/wp-content\/uploads\/2021\/10\/GAFAS-AMARILLAS-1.webp","width":2000,"height":1333},{"@type":"BreadcrumbList","@id":"https:\/\/www.uartes.edu.ec\/sitio\/fr\/blog\/2021\/10\/21\/ya-en-cines-gafas-amarillas-pelicula-coescrita-y-producida-por-isabel-carrasco-docente-uartes\/#breadcrumb","itemListElement":[{"@type":"ListItem","position":1,"name":"Inicio","item":"https:\/\/www.uartes.edu.ec\/sitio\/"},{"@type":"ListItem","position":2,"name":"Ya en cines \u201cGafas amarillas\u201d, pel\u00edcula coescrita y producida por Isabel Carrasco, docente UArtes"}]},{"@type":"WebSite","@id":"https:\/\/www.uartes.edu.ec\/sitio\/fr\/#website","url":"https:\/\/www.uartes.edu.ec\/sitio\/fr\/","name":"Universidad de las Artes","description":"Sitio oficial de la Universidad Nacional de las Artes del Ecuador","publisher":{"@id":"https:\/\/www.uartes.edu.ec\/sitio\/fr\/#organization"},"potentialAction":[{"@type":"SearchAction","target":{"@type":"EntryPoint","urlTemplate":"https:\/\/www.uartes.edu.ec\/sitio\/fr\/?s={search_term_string}"},"query-input":{"@type":"PropertyValueSpecification","valueRequired":true,"valueName":"search_term_string"}}],"inLanguage":"fr-FR"},{"@type":"Organization","@id":"https:\/\/www.uartes.edu.ec\/sitio\/fr\/#organization","name":"Universidad de las Artes","url":"https:\/\/www.uartes.edu.ec\/sitio\/fr\/","logo":{"@type":"ImageObject","inLanguage":"fr-FR","@id":"https:\/\/www.uartes.edu.ec\/sitio\/fr\/#\/schema\/logo\/image\/","url":"https:\/\/www.uartes.edu.ec\/sitio\/wp-content\/uploads\/2022\/07\/logo-ua-horizontal.png","contentUrl":"https:\/\/www.uartes.edu.ec\/sitio\/wp-content\/uploads\/2022\/07\/logo-ua-horizontal.png","width":800,"height":276,"caption":"Universidad de las Artes"},"image":{"@id":"https:\/\/www.uartes.edu.ec\/sitio\/fr\/#\/schema\/logo\/image\/"},"sameAs":["https:\/\/www.facebook.com\/uartesec","https:\/\/x.com\/uartesec","https:\/\/www.tiktok.com\/@uartesec"]},{"@type":"Person","@id":"https:\/\/www.uartes.edu.ec\/sitio\/fr\/#\/schema\/person\/efa1b8275797664fd7f13a79ccc0b1f4","name":"ccortez","image":{"@type":"ImageObject","inLanguage":"fr-FR","@id":"https:\/\/secure.gravatar.com\/avatar\/b2a6f664a3ae8e074346ef91775736c5ec479e637ecced6842de9dc98b5da9cd?s=96&d=mm&r=g","url":"https:\/\/secure.gravatar.com\/avatar\/b2a6f664a3ae8e074346ef91775736c5ec479e637ecced6842de9dc98b5da9cd?s=96&d=mm&r=g","contentUrl":"https:\/\/secure.gravatar.com\/avatar\/b2a6f664a3ae8e074346ef91775736c5ec479e637ecced6842de9dc98b5da9cd?s=96&d=mm&r=g","caption":"ccortez"},"url":"https:\/\/www.uartes.edu.ec\/sitio\/fr\/blog\/author\/ccortez\/"}]}},"uagb_featured_image_src":{"full":["https:\/\/www.uartes.edu.ec\/sitio\/wp-content\/uploads\/2021\/10\/GAFAS-AMARILLAS-1.webp",2000,1333,false],"thumbnail":["https:\/\/www.uartes.edu.ec\/sitio\/wp-content\/uploads\/2021\/10\/GAFAS-AMARILLAS-1.webp",150,100,false],"medium":["https:\/\/www.uartes.edu.ec\/sitio\/wp-content\/uploads\/2021\/10\/GAFAS-AMARILLAS-1.webp",300,200,false],"medium_large":["https:\/\/www.uartes.edu.ec\/sitio\/wp-content\/uploads\/2021\/10\/GAFAS-AMARILLAS-1.webp",768,512,false],"large":["https:\/\/www.uartes.edu.ec\/sitio\/wp-content\/uploads\/2021\/10\/GAFAS-AMARILLAS-1.webp",644,429,false],"1536x1536":["https:\/\/www.uartes.edu.ec\/sitio\/wp-content\/uploads\/2021\/10\/GAFAS-AMARILLAS-1.webp",1536,1024,false],"2048x2048":["https:\/\/www.uartes.edu.ec\/sitio\/wp-content\/uploads\/2021\/10\/GAFAS-AMARILLAS-1.webp",2000,1333,false],"trp-custom-language-flag":["https:\/\/www.uartes.edu.ec\/sitio\/wp-content\/uploads\/2021\/10\/GAFAS-AMARILLAS-1.webp",18,12,false],"htmega_size_585x295":["https:\/\/www.uartes.edu.ec\/sitio\/wp-content\/uploads\/2021\/10\/GAFAS-AMARILLAS-1.webp",443,295,false],"htmega_size_1170x536":["https:\/\/www.uartes.edu.ec\/sitio\/wp-content\/uploads\/2021\/10\/GAFAS-AMARILLAS-1.webp",804,536,false],"htmega_size_396x360":["https:\/\/www.uartes.edu.ec\/sitio\/wp-content\/uploads\/2021\/10\/GAFAS-AMARILLAS-1.webp",396,264,false],"gb-block-post-grid-landscape":["https:\/\/www.uartes.edu.ec\/sitio\/wp-content\/uploads\/2021\/10\/GAFAS-AMARILLAS-1.webp",600,400,false],"gb-block-post-grid-square":["https:\/\/www.uartes.edu.ec\/sitio\/wp-content\/uploads\/2021\/10\/GAFAS-AMARILLAS-1.webp",600,400,false],"university-hub-thumb":["https:\/\/www.uartes.edu.ec\/sitio\/wp-content\/uploads\/2021\/10\/GAFAS-AMARILLAS-1.webp",400,267,false],"mailpoet_newsletter_max":["https:\/\/www.uartes.edu.ec\/sitio\/wp-content\/uploads\/2021\/10\/GAFAS-AMARILLAS-1.webp",1320,880,false]},"uagb_author_info":{"display_name":"ccortez","author_link":"https:\/\/www.uartes.edu.ec\/sitio\/fr\/blog\/author\/ccortez\/"},"uagb_comment_info":0,"uagb_excerpt":"Coescrita y producida por Isabel Carrasco, docente de la Universidad de las Artes, en las salas del cine comercial de Guayaquil, Quito y Cuenca se estrena hoy, 21 de octubre, la pel\u00edcula Gafas Amarillas, del director Iv\u00e1n Mora Manzano. Esta producci\u00f3n de 98 minutos de duraci\u00f3n tuvo ya presencia a nivel nacional en las plataformas\u2026","featured_image_src":"https:\/\/www.uartes.edu.ec\/sitio\/wp-content\/uploads\/2021\/10\/GAFAS-AMARILLAS-1.webp","featured_image_src_square":"https:\/\/www.uartes.edu.ec\/sitio\/wp-content\/uploads\/2021\/10\/GAFAS-AMARILLAS-1.webp","author_info":{"display_name":"ccortez","author_link":"https:\/\/www.uartes.edu.ec\/sitio\/fr\/blog\/author\/ccortez\/"},"publishpress_future_workflow_manual_trigger":{"enabledWorkflows":[]},"distributor_meta":false,"distributor_terms":false,"distributor_media":false,"distributor_original_site_name":"Universidad de las Artes","distributor_original_site_url":"https:\/\/www.uartes.edu.ec\/sitio\/fr","push-errors":false,"_links":{"self":[{"href":"https:\/\/www.uartes.edu.ec\/sitio\/fr\/wp-json\/wp\/v2\/posts\/16390","targetHints":{"allow":["GET"]}}],"collection":[{"href":"https:\/\/www.uartes.edu.ec\/sitio\/fr\/wp-json\/wp\/v2\/posts"}],"about":[{"href":"https:\/\/www.uartes.edu.ec\/sitio\/fr\/wp-json\/wp\/v2\/types\/post"}],"author":[{"embeddable":true,"href":"https:\/\/www.uartes.edu.ec\/sitio\/fr\/wp-json\/wp\/v2\/users\/10"}],"replies":[{"embeddable":true,"href":"https:\/\/www.uartes.edu.ec\/sitio\/fr\/wp-json\/wp\/v2\/comments?post=16390"}],"version-history":[{"count":1,"href":"https:\/\/www.uartes.edu.ec\/sitio\/fr\/wp-json\/wp\/v2\/posts\/16390\/revisions"}],"predecessor-version":[{"id":16393,"href":"https:\/\/www.uartes.edu.ec\/sitio\/fr\/wp-json\/wp\/v2\/posts\/16390\/revisions\/16393"}],"wp:featuredmedia":[{"embeddable":true,"href":"https:\/\/www.uartes.edu.ec\/sitio\/fr\/wp-json\/wp\/v2\/media\/16391"}],"wp:attachment":[{"href":"https:\/\/www.uartes.edu.ec\/sitio\/fr\/wp-json\/wp\/v2\/media?parent=16390"}],"wp:term":[{"taxonomy":"category","embeddable":true,"href":"https:\/\/www.uartes.edu.ec\/sitio\/fr\/wp-json\/wp\/v2\/categories?post=16390"},{"taxonomy":"post_tag","embeddable":true,"href":"https:\/\/www.uartes.edu.ec\/sitio\/fr\/wp-json\/wp\/v2\/tags?post=16390"},{"taxonomy":"infouartes","embeddable":true,"href":"https:\/\/www.uartes.edu.ec\/sitio\/fr\/wp-json\/wp\/v2\/infouartes?post=16390"}],"curies":[{"name":"wp","href":"https:\/\/api.w.org\/{rel}","templated":true}]}}