{"id":16400,"date":"2021-10-21T19:00:00","date_gmt":"2021-10-22T00:00:00","guid":{"rendered":"http:\/\/www.uartes.edu.ec\/sitio\/?p=16400"},"modified":"2024-07-04T11:25:28","modified_gmt":"2024-07-04T16:25:28","slug":"delegacion-uartes-visito-la-universidad-de-guayaquil-y-recorrio-sus-instalaciones","status":"publish","type":"post","link":"https:\/\/www.uartes.edu.ec\/sitio\/fr\/blog\/2021\/10\/21\/delegacion-uartes-visito-la-universidad-de-guayaquil-y-recorrio-sus-instalaciones\/","title":{"rendered":"Delegaci\u00f3n UArtes visit\u00f3 la Universidad de Guayaquil y recorri\u00f3 instalaciones"},"content":{"rendered":"<p>Una delegaci\u00f3n de la Universidad de las Artes visit\u00f3 este 21 de octubre de 2021 las instalaciones de la Universidad de Guayaquil. Esto como parte del relacionamiento de ambas instituciones de educaci\u00f3n superior, formalizado mediante la suscripci\u00f3n de un Convenio Marco de Cooperaci\u00f3n Interinstitucional efectuada en agosto pasado.<\/p>\n\n\n\n<p>Encabezada por el mag\u00edster Javier Garc\u00eda, secretario de Vinculaci\u00f3n con la Sociedad de la UArtes e integrada por Janina Su\u00e1rez MSc., de la Jefatura de Pr\u00e1cticas Preprofesionales, y Gilda S\u00e1nchez, de Educaci\u00f3n Continua, nuestra comitiva recorri\u00f3 auditorios, salas y laboratorios, guiada por Beatriz Gil MSc., directora de Coordinaci\u00f3n de Arte, Cultura y Patrimonio de la Universidad de Guayaquil.<\/p>\n\n\n\n<p>\u201cFue una visita para recorrer los espacios y ver los puntos de encuentro para iniciar actividades conjuntas, sobre todo en el \u00e1mbito cultural\u201d, anot\u00f3 la MSc. Janina Su\u00e1rez.<\/p>\n\n\n\n<figure class=\"wp-block-image size-full\"><img fetchpriority=\"high\" decoding=\"async\" width=\"2000\" height=\"1333\" src=\"http:\/\/www.uartes.edu.ec\/sitio\/wp-content\/uploads\/2021\/10\/visita-uartes-a-u-guayaquil-2.webp\" alt=\"\" class=\"wp-image-16402\" \/><\/figure>\n\n\n\n<p>Agreg\u00f3 que est\u00e1 previsto, para los pr\u00f3ximos meses, concretar el intercambio de las pr\u00e1cticas preprofesionales de los estudiantes entre ambas instituciones. Junto con el Observatorio de Pol\u00edticas y Econom\u00eda de la Cultura se mantendr\u00e1n acciones en el \u00e1mbito de la investigaci\u00f3n, as\u00ed como en el de la innovaci\u00f3n, la formaci\u00f3n continua, el bienestar universitario, entre otros.<\/p>\n\n\n\n<figure class=\"wp-block-image size-full\"><img decoding=\"async\" width=\"2000\" height=\"1333\" src=\"http:\/\/www.uartes.edu.ec\/sitio\/wp-content\/uploads\/2021\/10\/visita-uartes-a-u-guayaquil-3.webp\" alt=\"\" class=\"wp-image-16403\" \/><\/figure>\n\n\n\n<p>Cabe indicar que el Convenio Marco de Cooperaci\u00f3n Interinstitucional entre la UArtes y la Universidad de Guayaquil&nbsp;tiene una extensi\u00f3n de cinco a\u00f1os. Se centra, entre otros puntos, en generar propuestas a nivel general, que permitan implementar programas y proyectos conjuntos en el \u00e1mbito acad\u00e9mico, de vinculaci\u00f3n con la sociedad, investigaci\u00f3n, innovaci\u00f3n, pr\u00e1cticas profesionales, preprofesionales o pasant\u00edas de grado, desarrollo e intercambio de publicaciones y de informaci\u00f3n, asesor\u00eda y capacitaci\u00f3n profesionalizantes, proyectos y actividades acad\u00e9micas y culturales, entre otras actividades de inter\u00e9s mutuo.<\/p>\n\n\n\n<p>Fotos: Universidad de Guayaquil<\/p>","protected":false},"excerpt":{"rendered":"<p>Una delegaci\u00f3n de la Universidad de las Artes visit\u00f3 este 21 de octubre de 2021 las instalaciones de la Universidad de Guayaquil. Esto como parte del relacionamiento de ambas instituciones de educaci\u00f3n superior, formalizado mediante la suscripci\u00f3n de un Convenio Marco de Cooperaci\u00f3n Interinstitucional efectuada en agosto pasado.<\/p>","protected":false},"author":10,"featured_media":16401,"comment_status":"open","ping_status":"open","sticky":false,"template":"","format":"standard","meta":{"_acf_changed":false,"_uag_custom_page_level_css":"","_monsterinsights_skip_tracking":false,"_monsterinsights_sitenote_active":false,"_monsterinsights_sitenote_note":"","_monsterinsights_sitenote_category":0,"cybocfi_hide_featured_image":"","footnotes":""},"categories":[438,75,76,77],"tags":[528],"infouartes":[],"class_list":["post-16400","post","type-post","status-publish","format-standard","has-post-thumbnail","hentry","category-administrativos","category-docentes","category-estudiantes","category-gestion","tag-relacionamiento"],"acf":[],"yoast_head":"<!-- This site is optimized with the Yoast SEO plugin v27.4 - https:\/\/yoast.com\/product\/yoast-seo-wordpress\/ -->\n<title>Universidad de las Artes - Delegaci\u00f3n UArtes visit\u00f3 la Universidad de Guayaquil y recorri\u00f3 instalaciones<\/title>\n<meta name=\"description\" content=\"Universidad de las Artes - Delegaci\u00f3n UArtes visit\u00f3 la Universidad de Guayaquil y recorri\u00f3 instalaciones\" \/>\n<meta name=\"robots\" content=\"index, follow, max-snippet:-1, max-image-preview:large, max-video-preview:-1\" \/>\n<link rel=\"canonical\" href=\"https:\/\/www.uartes.edu.ec\/sitio\/fr\/blog\/2021\/10\/21\/delegacion-uartes-visito-la-universidad-de-guayaquil-y-recorrio-sus-instalaciones\/\" \/>\n<meta property=\"og:locale\" content=\"fr_FR\" \/>\n<meta property=\"og:type\" content=\"article\" \/>\n<meta property=\"og:title\" content=\"Universidad de las Artes - Delegaci\u00f3n UArtes visit\u00f3 la Universidad de Guayaquil y recorri\u00f3 instalaciones\" \/>\n<meta property=\"og:description\" content=\"Universidad de las Artes - Delegaci\u00f3n UArtes visit\u00f3 la Universidad de Guayaquil y recorri\u00f3 instalaciones\" \/>\n<meta property=\"og:url\" content=\"https:\/\/www.uartes.edu.ec\/sitio\/fr\/blog\/2021\/10\/21\/delegacion-uartes-visito-la-universidad-de-guayaquil-y-recorrio-sus-instalaciones\/\" \/>\n<meta property=\"og:site_name\" content=\"Universidad de las Artes\" \/>\n<meta property=\"article:publisher\" content=\"https:\/\/www.facebook.com\/uartesec\" \/>\n<meta property=\"article:published_time\" content=\"2021-10-22T00:00:00+00:00\" \/>\n<meta property=\"article:modified_time\" content=\"2024-07-04T16:25:28+00:00\" \/>\n<meta property=\"og:image\" content=\"https:\/\/www.uartes.edu.ec\/sitio\/wp-content\/uploads\/2021\/10\/visita-uartes-a-u-guayaquil.webp\" \/>\n\t<meta property=\"og:image:width\" content=\"2000\" \/>\n\t<meta property=\"og:image:height\" content=\"1333\" \/>\n\t<meta property=\"og:image:type\" content=\"image\/webp\" \/>\n<meta name=\"author\" content=\"ccortez\" \/>\n<meta name=\"twitter:card\" content=\"summary_large_image\" \/>\n<meta name=\"twitter:creator\" content=\"@uartesec\" \/>\n<meta name=\"twitter:site\" content=\"@uartesec\" \/>\n<meta name=\"twitter:label1\" content=\"\u00c9crit par\" \/>\n\t<meta name=\"twitter:data1\" content=\"ccortez\" \/>\n\t<meta name=\"twitter:label2\" content=\"Dur\u00e9e de lecture estim\u00e9e\" \/>\n\t<meta name=\"twitter:data2\" content=\"2 minutes\" \/>\n<script type=\"application\/ld+json\" class=\"yoast-schema-graph\">{\"@context\":\"https:\\\/\\\/schema.org\",\"@graph\":[{\"@type\":\"Article\",\"@id\":\"https:\\\/\\\/www.uartes.edu.ec\\\/sitio\\\/fr\\\/blog\\\/2021\\\/10\\\/21\\\/delegacion-uartes-visito-la-universidad-de-guayaquil-y-recorrio-sus-instalaciones\\\/#article\",\"isPartOf\":{\"@id\":\"https:\\\/\\\/www.uartes.edu.ec\\\/sitio\\\/fr\\\/blog\\\/2021\\\/10\\\/21\\\/delegacion-uartes-visito-la-universidad-de-guayaquil-y-recorrio-sus-instalaciones\\\/\"},\"author\":{\"name\":\"ccortez\",\"@id\":\"https:\\\/\\\/www.uartes.edu.ec\\\/sitio\\\/fr\\\/#\\\/schema\\\/person\\\/efa1b8275797664fd7f13a79ccc0b1f4\"},\"headline\":\"Delegaci\u00f3n UArtes visit\u00f3 la Universidad de Guayaquil y recorri\u00f3 instalaciones\",\"datePublished\":\"2021-10-22T00:00:00+00:00\",\"dateModified\":\"2024-07-04T16:25:28+00:00\",\"mainEntityOfPage\":{\"@id\":\"https:\\\/\\\/www.uartes.edu.ec\\\/sitio\\\/fr\\\/blog\\\/2021\\\/10\\\/21\\\/delegacion-uartes-visito-la-universidad-de-guayaquil-y-recorrio-sus-instalaciones\\\/\"},\"wordCount\":322,\"commentCount\":0,\"publisher\":{\"@id\":\"https:\\\/\\\/www.uartes.edu.ec\\\/sitio\\\/fr\\\/#organization\"},\"image\":{\"@id\":\"https:\\\/\\\/www.uartes.edu.ec\\\/sitio\\\/fr\\\/blog\\\/2021\\\/10\\\/21\\\/delegacion-uartes-visito-la-universidad-de-guayaquil-y-recorrio-sus-instalaciones\\\/#primaryimage\"},\"thumbnailUrl\":\"https:\\\/\\\/www.uartes.edu.ec\\\/sitio\\\/wp-content\\\/uploads\\\/2021\\\/10\\\/visita-uartes-a-u-guayaquil.webp\",\"keywords\":[\"relacionamiento\"],\"articleSection\":[\"Administrativos\",\"Docentes\",\"Estudiantes\",\"Gesti\u00f3n\"],\"inLanguage\":\"fr-FR\",\"potentialAction\":[{\"@type\":\"CommentAction\",\"name\":\"Comment\",\"target\":[\"https:\\\/\\\/www.uartes.edu.ec\\\/sitio\\\/fr\\\/blog\\\/2021\\\/10\\\/21\\\/delegacion-uartes-visito-la-universidad-de-guayaquil-y-recorrio-sus-instalaciones\\\/#respond\"]}]},{\"@type\":[\"WebPage\",\"ItemPage\"],\"@id\":\"https:\\\/\\\/www.uartes.edu.ec\\\/sitio\\\/fr\\\/blog\\\/2021\\\/10\\\/21\\\/delegacion-uartes-visito-la-universidad-de-guayaquil-y-recorrio-sus-instalaciones\\\/\",\"url\":\"https:\\\/\\\/www.uartes.edu.ec\\\/sitio\\\/fr\\\/blog\\\/2021\\\/10\\\/21\\\/delegacion-uartes-visito-la-universidad-de-guayaquil-y-recorrio-sus-instalaciones\\\/\",\"name\":\"Universidad de las Artes - Delegaci\u00f3n UArtes visit\u00f3 la Universidad de Guayaquil y recorri\u00f3 instalaciones\",\"isPartOf\":{\"@id\":\"https:\\\/\\\/www.uartes.edu.ec\\\/sitio\\\/fr\\\/#website\"},\"primaryImageOfPage\":{\"@id\":\"https:\\\/\\\/www.uartes.edu.ec\\\/sitio\\\/fr\\\/blog\\\/2021\\\/10\\\/21\\\/delegacion-uartes-visito-la-universidad-de-guayaquil-y-recorrio-sus-instalaciones\\\/#primaryimage\"},\"image\":{\"@id\":\"https:\\\/\\\/www.uartes.edu.ec\\\/sitio\\\/fr\\\/blog\\\/2021\\\/10\\\/21\\\/delegacion-uartes-visito-la-universidad-de-guayaquil-y-recorrio-sus-instalaciones\\\/#primaryimage\"},\"thumbnailUrl\":\"https:\\\/\\\/www.uartes.edu.ec\\\/sitio\\\/wp-content\\\/uploads\\\/2021\\\/10\\\/visita-uartes-a-u-guayaquil.webp\",\"datePublished\":\"2021-10-22T00:00:00+00:00\",\"dateModified\":\"2024-07-04T16:25:28+00:00\",\"description\":\"Universidad de las Artes - Delegaci\u00f3n UArtes visit\u00f3 la Universidad de Guayaquil y recorri\u00f3 instalaciones\",\"breadcrumb\":{\"@id\":\"https:\\\/\\\/www.uartes.edu.ec\\\/sitio\\\/fr\\\/blog\\\/2021\\\/10\\\/21\\\/delegacion-uartes-visito-la-universidad-de-guayaquil-y-recorrio-sus-instalaciones\\\/#breadcrumb\"},\"inLanguage\":\"fr-FR\",\"potentialAction\":[{\"@type\":\"ReadAction\",\"target\":[\"https:\\\/\\\/www.uartes.edu.ec\\\/sitio\\\/fr\\\/blog\\\/2021\\\/10\\\/21\\\/delegacion-uartes-visito-la-universidad-de-guayaquil-y-recorrio-sus-instalaciones\\\/\"]}]},{\"@type\":\"ImageObject\",\"inLanguage\":\"fr-FR\",\"@id\":\"https:\\\/\\\/www.uartes.edu.ec\\\/sitio\\\/fr\\\/blog\\\/2021\\\/10\\\/21\\\/delegacion-uartes-visito-la-universidad-de-guayaquil-y-recorrio-sus-instalaciones\\\/#primaryimage\",\"url\":\"https:\\\/\\\/www.uartes.edu.ec\\\/sitio\\\/wp-content\\\/uploads\\\/2021\\\/10\\\/visita-uartes-a-u-guayaquil.webp\",\"contentUrl\":\"https:\\\/\\\/www.uartes.edu.ec\\\/sitio\\\/wp-content\\\/uploads\\\/2021\\\/10\\\/visita-uartes-a-u-guayaquil.webp\",\"width\":2000,\"height\":1333},{\"@type\":\"BreadcrumbList\",\"@id\":\"https:\\\/\\\/www.uartes.edu.ec\\\/sitio\\\/fr\\\/blog\\\/2021\\\/10\\\/21\\\/delegacion-uartes-visito-la-universidad-de-guayaquil-y-recorrio-sus-instalaciones\\\/#breadcrumb\",\"itemListElement\":[{\"@type\":\"ListItem\",\"position\":1,\"name\":\"Inicio\",\"item\":\"https:\\\/\\\/www.uartes.edu.ec\\\/sitio\\\/\"},{\"@type\":\"ListItem\",\"position\":2,\"name\":\"Delegaci\u00f3n UArtes visit\u00f3 la Universidad de Guayaquil y recorri\u00f3 instalaciones\"}]},{\"@type\":\"WebSite\",\"@id\":\"https:\\\/\\\/www.uartes.edu.ec\\\/sitio\\\/fr\\\/#website\",\"url\":\"https:\\\/\\\/www.uartes.edu.ec\\\/sitio\\\/fr\\\/\",\"name\":\"Universidad de las Artes\",\"description\":\"Sitio oficial de la Universidad Nacional de las Artes del Ecuador\",\"publisher\":{\"@id\":\"https:\\\/\\\/www.uartes.edu.ec\\\/sitio\\\/fr\\\/#organization\"},\"potentialAction\":[{\"@type\":\"SearchAction\",\"target\":{\"@type\":\"EntryPoint\",\"urlTemplate\":\"https:\\\/\\\/www.uartes.edu.ec\\\/sitio\\\/fr\\\/?s={search_term_string}\"},\"query-input\":{\"@type\":\"PropertyValueSpecification\",\"valueRequired\":true,\"valueName\":\"search_term_string\"}}],\"inLanguage\":\"fr-FR\"},{\"@type\":\"Organization\",\"@id\":\"https:\\\/\\\/www.uartes.edu.ec\\\/sitio\\\/fr\\\/#organization\",\"name\":\"Universidad de las Artes\",\"url\":\"https:\\\/\\\/www.uartes.edu.ec\\\/sitio\\\/fr\\\/\",\"logo\":{\"@type\":\"ImageObject\",\"inLanguage\":\"fr-FR\",\"@id\":\"https:\\\/\\\/www.uartes.edu.ec\\\/sitio\\\/fr\\\/#\\\/schema\\\/logo\\\/image\\\/\",\"url\":\"https:\\\/\\\/www.uartes.edu.ec\\\/sitio\\\/wp-content\\\/uploads\\\/2022\\\/07\\\/logo-ua-horizontal.png\",\"contentUrl\":\"https:\\\/\\\/www.uartes.edu.ec\\\/sitio\\\/wp-content\\\/uploads\\\/2022\\\/07\\\/logo-ua-horizontal.png\",\"width\":800,\"height\":276,\"caption\":\"Universidad de las Artes\"},\"image\":{\"@id\":\"https:\\\/\\\/www.uartes.edu.ec\\\/sitio\\\/fr\\\/#\\\/schema\\\/logo\\\/image\\\/\"},\"sameAs\":[\"https:\\\/\\\/www.facebook.com\\\/uartesec\",\"https:\\\/\\\/x.com\\\/uartesec\",\"https:\\\/\\\/www.tiktok.com\\\/@uartesec\"]},{\"@type\":\"Person\",\"@id\":\"https:\\\/\\\/www.uartes.edu.ec\\\/sitio\\\/fr\\\/#\\\/schema\\\/person\\\/efa1b8275797664fd7f13a79ccc0b1f4\",\"name\":\"ccortez\",\"image\":{\"@type\":\"ImageObject\",\"inLanguage\":\"fr-FR\",\"@id\":\"https:\\\/\\\/secure.gravatar.com\\\/avatar\\\/b2a6f664a3ae8e074346ef91775736c5ec479e637ecced6842de9dc98b5da9cd?s=96&d=mm&r=g\",\"url\":\"https:\\\/\\\/secure.gravatar.com\\\/avatar\\\/b2a6f664a3ae8e074346ef91775736c5ec479e637ecced6842de9dc98b5da9cd?s=96&d=mm&r=g\",\"contentUrl\":\"https:\\\/\\\/secure.gravatar.com\\\/avatar\\\/b2a6f664a3ae8e074346ef91775736c5ec479e637ecced6842de9dc98b5da9cd?s=96&d=mm&r=g\",\"caption\":\"ccortez\"},\"url\":\"https:\\\/\\\/www.uartes.edu.ec\\\/sitio\\\/fr\\\/blog\\\/author\\\/ccortez\\\/\"}]}<\/script>\n<!-- \/ Yoast SEO plugin. -->","yoast_head_json":{"title":"Universidad de las Artes - Delegaci\u00f3n UArtes visit\u00f3 la Universidad de Guayaquil y recorri\u00f3 instalaciones","description":"Universidad de las Artes - Delegaci\u00f3n UArtes visit\u00f3 la Universidad de Guayaquil y recorri\u00f3 instalaciones","robots":{"index":"index","follow":"follow","max-snippet":"max-snippet:-1","max-image-preview":"max-image-preview:large","max-video-preview":"max-video-preview:-1"},"canonical":"https:\/\/www.uartes.edu.ec\/sitio\/fr\/blog\/2021\/10\/21\/delegacion-uartes-visito-la-universidad-de-guayaquil-y-recorrio-sus-instalaciones\/","og_locale":"fr_FR","og_type":"article","og_title":"Universidad de las Artes - Delegaci\u00f3n UArtes visit\u00f3 la Universidad de Guayaquil y recorri\u00f3 instalaciones","og_description":"Universidad de las Artes - Delegaci\u00f3n UArtes visit\u00f3 la Universidad de Guayaquil y recorri\u00f3 instalaciones","og_url":"https:\/\/www.uartes.edu.ec\/sitio\/fr\/blog\/2021\/10\/21\/delegacion-uartes-visito-la-universidad-de-guayaquil-y-recorrio-sus-instalaciones\/","og_site_name":"Universidad de las Artes","article_publisher":"https:\/\/www.facebook.com\/uartesec","article_published_time":"2021-10-22T00:00:00+00:00","article_modified_time":"2024-07-04T16:25:28+00:00","og_image":[{"width":2000,"height":1333,"url":"https:\/\/www.uartes.edu.ec\/sitio\/wp-content\/uploads\/2021\/10\/visita-uartes-a-u-guayaquil.webp","type":"image\/webp"}],"author":"ccortez","twitter_card":"summary_large_image","twitter_creator":"@uartesec","twitter_site":"@uartesec","twitter_misc":{"\u00c9crit par":"ccortez","Dur\u00e9e de lecture estim\u00e9e":"2 minutes"},"schema":{"@context":"https:\/\/schema.org","@graph":[{"@type":"Article","@id":"https:\/\/www.uartes.edu.ec\/sitio\/fr\/blog\/2021\/10\/21\/delegacion-uartes-visito-la-universidad-de-guayaquil-y-recorrio-sus-instalaciones\/#article","isPartOf":{"@id":"https:\/\/www.uartes.edu.ec\/sitio\/fr\/blog\/2021\/10\/21\/delegacion-uartes-visito-la-universidad-de-guayaquil-y-recorrio-sus-instalaciones\/"},"author":{"name":"ccortez","@id":"https:\/\/www.uartes.edu.ec\/sitio\/fr\/#\/schema\/person\/efa1b8275797664fd7f13a79ccc0b1f4"},"headline":"Delegaci\u00f3n UArtes visit\u00f3 la Universidad de Guayaquil y recorri\u00f3 instalaciones","datePublished":"2021-10-22T00:00:00+00:00","dateModified":"2024-07-04T16:25:28+00:00","mainEntityOfPage":{"@id":"https:\/\/www.uartes.edu.ec\/sitio\/fr\/blog\/2021\/10\/21\/delegacion-uartes-visito-la-universidad-de-guayaquil-y-recorrio-sus-instalaciones\/"},"wordCount":322,"commentCount":0,"publisher":{"@id":"https:\/\/www.uartes.edu.ec\/sitio\/fr\/#organization"},"image":{"@id":"https:\/\/www.uartes.edu.ec\/sitio\/fr\/blog\/2021\/10\/21\/delegacion-uartes-visito-la-universidad-de-guayaquil-y-recorrio-sus-instalaciones\/#primaryimage"},"thumbnailUrl":"https:\/\/www.uartes.edu.ec\/sitio\/wp-content\/uploads\/2021\/10\/visita-uartes-a-u-guayaquil.webp","keywords":["relacionamiento"],"articleSection":["Administrativos","Docentes","Estudiantes","Gesti\u00f3n"],"inLanguage":"fr-FR","potentialAction":[{"@type":"CommentAction","name":"Comment","target":["https:\/\/www.uartes.edu.ec\/sitio\/fr\/blog\/2021\/10\/21\/delegacion-uartes-visito-la-universidad-de-guayaquil-y-recorrio-sus-instalaciones\/#respond"]}]},{"@type":["WebPage","ItemPage"],"@id":"https:\/\/www.uartes.edu.ec\/sitio\/fr\/blog\/2021\/10\/21\/delegacion-uartes-visito-la-universidad-de-guayaquil-y-recorrio-sus-instalaciones\/","url":"https:\/\/www.uartes.edu.ec\/sitio\/fr\/blog\/2021\/10\/21\/delegacion-uartes-visito-la-universidad-de-guayaquil-y-recorrio-sus-instalaciones\/","name":"Universidad de las Artes - Delegaci\u00f3n UArtes visit\u00f3 la Universidad de Guayaquil y recorri\u00f3 instalaciones","isPartOf":{"@id":"https:\/\/www.uartes.edu.ec\/sitio\/fr\/#website"},"primaryImageOfPage":{"@id":"https:\/\/www.uartes.edu.ec\/sitio\/fr\/blog\/2021\/10\/21\/delegacion-uartes-visito-la-universidad-de-guayaquil-y-recorrio-sus-instalaciones\/#primaryimage"},"image":{"@id":"https:\/\/www.uartes.edu.ec\/sitio\/fr\/blog\/2021\/10\/21\/delegacion-uartes-visito-la-universidad-de-guayaquil-y-recorrio-sus-instalaciones\/#primaryimage"},"thumbnailUrl":"https:\/\/www.uartes.edu.ec\/sitio\/wp-content\/uploads\/2021\/10\/visita-uartes-a-u-guayaquil.webp","datePublished":"2021-10-22T00:00:00+00:00","dateModified":"2024-07-04T16:25:28+00:00","description":"Universidad de las Artes - Delegaci\u00f3n UArtes visit\u00f3 la Universidad de Guayaquil y recorri\u00f3 instalaciones","breadcrumb":{"@id":"https:\/\/www.uartes.edu.ec\/sitio\/fr\/blog\/2021\/10\/21\/delegacion-uartes-visito-la-universidad-de-guayaquil-y-recorrio-sus-instalaciones\/#breadcrumb"},"inLanguage":"fr-FR","potentialAction":[{"@type":"ReadAction","target":["https:\/\/www.uartes.edu.ec\/sitio\/fr\/blog\/2021\/10\/21\/delegacion-uartes-visito-la-universidad-de-guayaquil-y-recorrio-sus-instalaciones\/"]}]},{"@type":"ImageObject","inLanguage":"fr-FR","@id":"https:\/\/www.uartes.edu.ec\/sitio\/fr\/blog\/2021\/10\/21\/delegacion-uartes-visito-la-universidad-de-guayaquil-y-recorrio-sus-instalaciones\/#primaryimage","url":"https:\/\/www.uartes.edu.ec\/sitio\/wp-content\/uploads\/2021\/10\/visita-uartes-a-u-guayaquil.webp","contentUrl":"https:\/\/www.uartes.edu.ec\/sitio\/wp-content\/uploads\/2021\/10\/visita-uartes-a-u-guayaquil.webp","width":2000,"height":1333},{"@type":"BreadcrumbList","@id":"https:\/\/www.uartes.edu.ec\/sitio\/fr\/blog\/2021\/10\/21\/delegacion-uartes-visito-la-universidad-de-guayaquil-y-recorrio-sus-instalaciones\/#breadcrumb","itemListElement":[{"@type":"ListItem","position":1,"name":"Inicio","item":"https:\/\/www.uartes.edu.ec\/sitio\/"},{"@type":"ListItem","position":2,"name":"Delegaci\u00f3n UArtes visit\u00f3 la Universidad de Guayaquil y recorri\u00f3 instalaciones"}]},{"@type":"WebSite","@id":"https:\/\/www.uartes.edu.ec\/sitio\/fr\/#website","url":"https:\/\/www.uartes.edu.ec\/sitio\/fr\/","name":"Universidad de las Artes","description":"Sitio oficial de la Universidad Nacional de las Artes del Ecuador","publisher":{"@id":"https:\/\/www.uartes.edu.ec\/sitio\/fr\/#organization"},"potentialAction":[{"@type":"SearchAction","target":{"@type":"EntryPoint","urlTemplate":"https:\/\/www.uartes.edu.ec\/sitio\/fr\/?s={search_term_string}"},"query-input":{"@type":"PropertyValueSpecification","valueRequired":true,"valueName":"search_term_string"}}],"inLanguage":"fr-FR"},{"@type":"Organization","@id":"https:\/\/www.uartes.edu.ec\/sitio\/fr\/#organization","name":"Universidad de las Artes","url":"https:\/\/www.uartes.edu.ec\/sitio\/fr\/","logo":{"@type":"ImageObject","inLanguage":"fr-FR","@id":"https:\/\/www.uartes.edu.ec\/sitio\/fr\/#\/schema\/logo\/image\/","url":"https:\/\/www.uartes.edu.ec\/sitio\/wp-content\/uploads\/2022\/07\/logo-ua-horizontal.png","contentUrl":"https:\/\/www.uartes.edu.ec\/sitio\/wp-content\/uploads\/2022\/07\/logo-ua-horizontal.png","width":800,"height":276,"caption":"Universidad de las Artes"},"image":{"@id":"https:\/\/www.uartes.edu.ec\/sitio\/fr\/#\/schema\/logo\/image\/"},"sameAs":["https:\/\/www.facebook.com\/uartesec","https:\/\/x.com\/uartesec","https:\/\/www.tiktok.com\/@uartesec"]},{"@type":"Person","@id":"https:\/\/www.uartes.edu.ec\/sitio\/fr\/#\/schema\/person\/efa1b8275797664fd7f13a79ccc0b1f4","name":"ccortez","image":{"@type":"ImageObject","inLanguage":"fr-FR","@id":"https:\/\/secure.gravatar.com\/avatar\/b2a6f664a3ae8e074346ef91775736c5ec479e637ecced6842de9dc98b5da9cd?s=96&d=mm&r=g","url":"https:\/\/secure.gravatar.com\/avatar\/b2a6f664a3ae8e074346ef91775736c5ec479e637ecced6842de9dc98b5da9cd?s=96&d=mm&r=g","contentUrl":"https:\/\/secure.gravatar.com\/avatar\/b2a6f664a3ae8e074346ef91775736c5ec479e637ecced6842de9dc98b5da9cd?s=96&d=mm&r=g","caption":"ccortez"},"url":"https:\/\/www.uartes.edu.ec\/sitio\/fr\/blog\/author\/ccortez\/"}]}},"uagb_featured_image_src":{"full":["https:\/\/www.uartes.edu.ec\/sitio\/wp-content\/uploads\/2021\/10\/visita-uartes-a-u-guayaquil.webp",2000,1333,false],"thumbnail":["https:\/\/www.uartes.edu.ec\/sitio\/wp-content\/uploads\/2021\/10\/visita-uartes-a-u-guayaquil.webp",150,100,false],"medium":["https:\/\/www.uartes.edu.ec\/sitio\/wp-content\/uploads\/2021\/10\/visita-uartes-a-u-guayaquil.webp",300,200,false],"medium_large":["https:\/\/www.uartes.edu.ec\/sitio\/wp-content\/uploads\/2021\/10\/visita-uartes-a-u-guayaquil.webp",768,512,false],"large":["https:\/\/www.uartes.edu.ec\/sitio\/wp-content\/uploads\/2021\/10\/visita-uartes-a-u-guayaquil.webp",644,429,false],"1536x1536":["https:\/\/www.uartes.edu.ec\/sitio\/wp-content\/uploads\/2021\/10\/visita-uartes-a-u-guayaquil.webp",1536,1024,false],"2048x2048":["https:\/\/www.uartes.edu.ec\/sitio\/wp-content\/uploads\/2021\/10\/visita-uartes-a-u-guayaquil.webp",2000,1333,false],"trp-custom-language-flag":["https:\/\/www.uartes.edu.ec\/sitio\/wp-content\/uploads\/2021\/10\/visita-uartes-a-u-guayaquil.webp",18,12,false],"htmega_size_585x295":["https:\/\/www.uartes.edu.ec\/sitio\/wp-content\/uploads\/2021\/10\/visita-uartes-a-u-guayaquil.webp",443,295,false],"htmega_size_1170x536":["https:\/\/www.uartes.edu.ec\/sitio\/wp-content\/uploads\/2021\/10\/visita-uartes-a-u-guayaquil.webp",804,536,false],"htmega_size_396x360":["https:\/\/www.uartes.edu.ec\/sitio\/wp-content\/uploads\/2021\/10\/visita-uartes-a-u-guayaquil.webp",396,264,false],"gb-block-post-grid-landscape":["https:\/\/www.uartes.edu.ec\/sitio\/wp-content\/uploads\/2021\/10\/visita-uartes-a-u-guayaquil.webp",600,400,false],"gb-block-post-grid-square":["https:\/\/www.uartes.edu.ec\/sitio\/wp-content\/uploads\/2021\/10\/visita-uartes-a-u-guayaquil.webp",600,400,false],"university-hub-thumb":["https:\/\/www.uartes.edu.ec\/sitio\/wp-content\/uploads\/2021\/10\/visita-uartes-a-u-guayaquil.webp",400,267,false],"mailpoet_newsletter_max":["https:\/\/www.uartes.edu.ec\/sitio\/wp-content\/uploads\/2021\/10\/visita-uartes-a-u-guayaquil.webp",1320,880,false]},"uagb_author_info":{"display_name":"ccortez","author_link":"https:\/\/www.uartes.edu.ec\/sitio\/fr\/blog\/author\/ccortez\/"},"uagb_comment_info":0,"uagb_excerpt":"Una delegaci\u00f3n de la Universidad de las Artes visit\u00f3 este 21 de octubre de 2021 las instalaciones de la Universidad de Guayaquil. Esto como parte del relacionamiento de ambas instituciones de educaci\u00f3n superior, formalizado mediante la suscripci\u00f3n de un Convenio Marco de Cooperaci\u00f3n Interinstitucional efectuada en agosto pasado.","featured_image_src":"https:\/\/www.uartes.edu.ec\/sitio\/wp-content\/uploads\/2021\/10\/visita-uartes-a-u-guayaquil.webp","featured_image_src_square":"https:\/\/www.uartes.edu.ec\/sitio\/wp-content\/uploads\/2021\/10\/visita-uartes-a-u-guayaquil.webp","author_info":{"display_name":"ccortez","author_link":"https:\/\/www.uartes.edu.ec\/sitio\/fr\/blog\/author\/ccortez\/"},"publishpress_future_workflow_manual_trigger":{"enabledWorkflows":[]},"distributor_meta":false,"distributor_terms":false,"distributor_media":false,"distributor_original_site_name":"Universidad de las Artes","distributor_original_site_url":"https:\/\/www.uartes.edu.ec\/sitio\/fr","push-errors":false,"_links":{"self":[{"href":"https:\/\/www.uartes.edu.ec\/sitio\/fr\/wp-json\/wp\/v2\/posts\/16400","targetHints":{"allow":["GET"]}}],"collection":[{"href":"https:\/\/www.uartes.edu.ec\/sitio\/fr\/wp-json\/wp\/v2\/posts"}],"about":[{"href":"https:\/\/www.uartes.edu.ec\/sitio\/fr\/wp-json\/wp\/v2\/types\/post"}],"author":[{"embeddable":true,"href":"https:\/\/www.uartes.edu.ec\/sitio\/fr\/wp-json\/wp\/v2\/users\/10"}],"replies":[{"embeddable":true,"href":"https:\/\/www.uartes.edu.ec\/sitio\/fr\/wp-json\/wp\/v2\/comments?post=16400"}],"version-history":[{"count":2,"href":"https:\/\/www.uartes.edu.ec\/sitio\/fr\/wp-json\/wp\/v2\/posts\/16400\/revisions"}],"predecessor-version":[{"id":16534,"href":"https:\/\/www.uartes.edu.ec\/sitio\/fr\/wp-json\/wp\/v2\/posts\/16400\/revisions\/16534"}],"wp:featuredmedia":[{"embeddable":true,"href":"https:\/\/www.uartes.edu.ec\/sitio\/fr\/wp-json\/wp\/v2\/media\/16401"}],"wp:attachment":[{"href":"https:\/\/www.uartes.edu.ec\/sitio\/fr\/wp-json\/wp\/v2\/media?parent=16400"}],"wp:term":[{"taxonomy":"category","embeddable":true,"href":"https:\/\/www.uartes.edu.ec\/sitio\/fr\/wp-json\/wp\/v2\/categories?post=16400"},{"taxonomy":"post_tag","embeddable":true,"href":"https:\/\/www.uartes.edu.ec\/sitio\/fr\/wp-json\/wp\/v2\/tags?post=16400"},{"taxonomy":"infouartes","embeddable":true,"href":"https:\/\/www.uartes.edu.ec\/sitio\/fr\/wp-json\/wp\/v2\/infouartes?post=16400"}],"curies":[{"name":"wp","href":"https:\/\/api.w.org\/{rel}","templated":true}]}}