{"id":16424,"date":"2021-10-26T13:22:00","date_gmt":"2021-10-26T18:22:00","guid":{"rendered":"http:\/\/www.uartes.edu.ec\/sitio\/?p=16424"},"modified":"2024-07-04T11:25:27","modified_gmt":"2024-07-04T16:25:27","slug":"la-muestra-y-per-%e2%97%8a-de-kimberly-yagual","status":"publish","type":"post","link":"https:\/\/www.uartes.edu.ec\/sitio\/fr\/blog\/2021\/10\/26\/la-muestra-y-per-de-kimberly-yagual\/","title":{"rendered":"La muestra \u201cY Per \u25ca\u201d de Kimberly Yagual"},"content":{"rendered":"<p>A su primera exposici\u00f3n individual Kimberly Yagual la titul\u00f3 <em>Y Per \u25ca<\/em> y la defini\u00f3 como una muestra pict\u00f3rica e instalativa que naci\u00f3 en dos semestres, en la clase de Po\u00e9ticas Pict\u00f3ricas, bajo la tutor\u00eda del profesor Saidel Brito. Acerca de la concepci\u00f3n, del proceso, del nombre y de lo que inspir\u00f3 su desarrollo, la estudiante de Artes Visuales, quien cursa el octavo semestre de la carrera, itinerario Creaci\u00f3n e Investigaci\u00f3n Pict\u00f3rica, comparte con InfoUArtes el siguiente texto:<\/p>\n\n\n\n<p>\u201cLa propuesta (para la consecuci\u00f3n de <em>Y Per \u25ca) <\/em>comenz\u00f3 con la idea del recuerdo autobiogr\u00e1fico y al&nbsp;empezar a indagar vi que en mis experimentaciones hab\u00eda una constante latente en muchos de mis trabajos, que respond\u00eda al deseo de perdurabilizar los recuerdos, de c\u00f3mo estos al estar sujetos a espacios u objetos comienzan a estar contenidos en estos mismos. En ese sentido, su destrucci\u00f3n deriva en la p\u00e9rdida de memorias o comienza a darse un desvanecimiento.<\/p>\n\n\n\n<figure class=\"wp-block-image size-full\"><img fetchpriority=\"high\" decoding=\"async\" width=\"2048\" height=\"1365\" src=\"http:\/\/www.uartes.edu.ec\/sitio\/wp-content\/uploads\/2022\/05\/kim333.jpeg\" alt=\"\" class=\"wp-image-21757\" srcset=\"https:\/\/www.uartes.edu.ec\/sitio\/wp-content\/uploads\/2022\/05\/kim333.jpeg 2048w, https:\/\/www.uartes.edu.ec\/sitio\/wp-content\/uploads\/2022\/05\/kim333-644x429.jpeg 644w, https:\/\/www.uartes.edu.ec\/sitio\/wp-content\/uploads\/2022\/05\/kim333-768x511.jpeg 768w, https:\/\/www.uartes.edu.ec\/sitio\/wp-content\/uploads\/2022\/05\/kim333-600x399.jpeg 600w, https:\/\/www.uartes.edu.ec\/sitio\/wp-content\/uploads\/2022\/05\/kim333-272x182.jpeg 272w\" sizes=\"(max-width: 2048px) 100vw, 2048px\" \/><\/figure>\n\n\n\n<p>As\u00ed, mediante el medio pict\u00f3rico me plante\u00e9 este deseo, entonces fue c\u00f3mo di con la imagen y la acci\u00f3n del empacado al vac\u00edo para aludir a la perdurabilizaci\u00f3n deseada. Como se sabe el empacado al vac\u00edo es usado para preservar alimentos, aunque yo lo uso para dar la idea de&nbsp;perdurabilizaci\u00f3n&nbsp;de espacios de estancias familiares y sus objetos, pero cuando se habla del empacado al vac\u00edo se debe tambi\u00e9n tomar en cuenta c\u00f3mo los distintos objetos reaccionan al estarlo, puesto que al estar en una presi\u00f3n constante estos llegan a distorsionarse, a apretarse y, a la final, lo que est\u00e1 uno preservando no llega a continuar con su forma original.<\/p>\n\n\n\n<p>Aqu\u00ed es cuando llego a dar con la hipermnesia, que es una exaltaci\u00f3n anormal o incontrolable de la memoria. Es decir, es un tipo de memoria que permite recordarlo todo. As\u00ed los espacios hiperpreservados se convert\u00edan en sofocantes para quienes estuviesen en una situaci\u00f3n similar. En este tema bas\u00e9 las obras para <em>Y Per&nbsp;\u25ca<\/em>, cuyo t\u00edtulo surge junto a mis curadores. Al pensar en nombres para la exposici\u00f3n&nbsp;me propusieron <em>Y Per \u25ca<\/em>, que es el desglose de la palabra hipermnesia, llegando a dejarla en hi-per-nesia, pero cambiando la silaba &#8216;hi&#8217; por la y griega, como aquello que indica repetici\u00f3n. Es decir, la &#8216;y&#8217; la usamos para seguir agregando informaci\u00f3n a una idea. &#8216;Per&#8217;, de la definici\u00f3n griega de &#8216;por s\u00ed mismo&#8217;. No necesita de nada m\u00e1s para ser y &#8216;nesia&#8217;, que dejo de ser una palabra y se transform\u00f3 en una figura que ejemplificaba al vac\u00edo, en este caso, ser\u00eda el s\u00edmbolo de un rombo distorsionado que no se lee textualmente, sino m\u00e1s bien visualmente. &nbsp;<\/p>\n\n\n\n<p>Las formas que se presentan en mis cuadros aluden a una memoria hiperpreservada, debido al empacado exagerado que no deja escapar algo. Es lo que me llama la atenci\u00f3n sobre la memoria hipertim\u00e9sica, que del deseo de querer preservar algo y al llevarlo a la exageraci\u00f3n cambia totalmente el resultado. Tambi\u00e9n objetos e im\u00e1genes de la infancia est\u00e1n presentes en mis cuadros, aludiendo a la idea de que estas son muchas veces las que logran sobrevivir en nuestra memoria despu\u00e9s de a\u00f1os, aunque de estos mismos tiempos tempranos igual nuestra mente se encarga de elegir qu\u00e9 im\u00e1genes contin\u00faan siendo importantes y cu\u00e1les se va a dejar al olvido. Aqu\u00ed estas im\u00e1genes se convierten en constantes y llegan a tener un tinte nost\u00e1lgico.&nbsp;<\/p>\n\n\n\n<figure class=\"wp-block-image size-full\"><img decoding=\"async\" width=\"2000\" height=\"1333\" src=\"http:\/\/www.uartes.edu.ec\/sitio\/wp-content\/uploads\/2021\/10\/KIMBERLY-WEB-02.webp\" alt=\"\" class=\"wp-image-16427\" \/><\/figure>\n\n\n\n<p>Para&nbsp;<em>Y Per \u25ca<\/em> se&nbsp;trabajaron alrededor de ocho cuadros de distintos formatos. Todos estos se definieron en una etapa de bosquejos. Me bas\u00e9 primero en pensar una idea general del cuadro y me ayud\u00e9 con la fotograf\u00eda para tener las texturas como las del emplasticado lo m\u00e1s fieles posibles. En cuanto a la contorsi\u00f3n de la perspectiva, la hice yo misma al pasar la imagen fotogr\u00e1fica a dibujo a l\u00e1piz y ah\u00ed mismo se dio la elecci\u00f3n de colores. En este caso me bas\u00e9 un poco en colores pasteles un tanto saturados en algunas partes, en raz\u00f3n de una memoria saturada\u201d. &nbsp;<\/p>\n\n\n\n<p>La curadur\u00eda de su muestra, anota Kimberly Yagual, la hizo Grama Colectivo, conformado por Zayra S\u00e1nchez y Daniel Zambrano, amigos y colegas de la universidad. \u201cJustamente conmigo debutaron como colectivo. Fue muy amena la experiencia, ya que para ellos era su primera pr\u00e1ctica curando y para m\u00ed, mi primera exposici\u00f3n individual. El proceso de la curadur\u00eda se dio primero con una recopilaci\u00f3n de datos, bocetos e investigaciones. Las obras en el espacio expositivo fueron dispuestas generando un di\u00e1logo, dando pistas a la tem\u00e1tica de la exposici\u00f3n\u201d.<\/p>\n\n\n\n<p>El texto curatorial de <em>Y Per \u25ca<\/em> est\u00e1 dividido en dos partes. Una, que es una narraci\u00f3n m\u00e1s po\u00e9tica. Y otra, donde se definen m\u00e1s los conceptos. \u201cUn texto que va vislumbrando el tema del expo, pero que nunca se llega a decirse directamente, y es algo que me fascino de este\u201d. &nbsp;<\/p>\n\n\n\n<p><em>Y Per \u25ca<\/em> se inaugur\u00f3 el pasado 3 de septiembre de 2021 en la sala Araceli Gilbert de la Casa de la Cultura N\u00facleo del Guayas y permaneci\u00f3 hasta el 15 del mismo mes.<\/p>","protected":false},"excerpt":{"rendered":"<p>A su primera exposici\u00f3n individual Kimberly Yagual la titul\u00f3 \u00abY Per \u25ca\u00bb y la defini\u00f3 como una muestra pict\u00f3rica e instalativa que naci\u00f3 en dos semestres, en la clase de Po\u00e9ticas Pict\u00f3ricas, bajo la tutor\u00eda del profesor Saidel Brito. Comenz\u00f3, dice, con la idea del recuerdo autobiogr\u00e1fico y al empezar a indagar vio que en sus experimentaciones hab\u00eda una constante latente en muchos de sus trabajos, que respond\u00eda al deseo de perdurabilizar los recuerdos <\/p>","protected":false},"author":10,"featured_media":16425,"comment_status":"open","ping_status":"open","sticky":false,"template":"","format":"standard","meta":{"_acf_changed":false,"_uag_custom_page_level_css":"","_monsterinsights_skip_tracking":false,"_monsterinsights_sitenote_active":false,"_monsterinsights_sitenote_note":"","_monsterinsights_sitenote_category":0,"cybocfi_hide_featured_image":"","footnotes":""},"categories":[157,75,76,284],"tags":[530],"infouartes":[],"class_list":["post-16424","post","type-post","status-publish","format-standard","has-post-thumbnail","hentry","category-artes-visuales","category-docentes","category-estudiantes","category-investigacion","tag-creacion"],"acf":[],"yoast_head":"<!-- This site is optimized with the Yoast SEO plugin v27.4 - https:\/\/yoast.com\/product\/yoast-seo-wordpress\/ -->\n<title>Universidad de las Artes - La muestra \u201cY Per \u25ca\u201d de Kimberly Yagual<\/title>\n<meta name=\"description\" content=\"Universidad de las Artes - La muestra \u201cY Per \u25ca\u201d de Kimberly Yagual\" \/>\n<meta name=\"robots\" content=\"index, follow, max-snippet:-1, max-image-preview:large, max-video-preview:-1\" \/>\n<link rel=\"canonical\" href=\"https:\/\/www.uartes.edu.ec\/sitio\/fr\/blog\/2021\/10\/26\/la-muestra-y-per-de-kimberly-yagual\/\" \/>\n<meta property=\"og:locale\" content=\"fr_FR\" \/>\n<meta property=\"og:type\" content=\"article\" \/>\n<meta property=\"og:title\" content=\"Universidad de las Artes - La muestra \u201cY Per \u25ca\u201d de Kimberly Yagual\" \/>\n<meta property=\"og:description\" content=\"Universidad de las Artes - La muestra \u201cY Per \u25ca\u201d de Kimberly Yagual\" \/>\n<meta property=\"og:url\" content=\"https:\/\/www.uartes.edu.ec\/sitio\/fr\/blog\/2021\/10\/26\/la-muestra-y-per-de-kimberly-yagual\/\" \/>\n<meta property=\"og:site_name\" content=\"Universidad de las Artes\" \/>\n<meta property=\"article:publisher\" content=\"https:\/\/www.facebook.com\/uartesec\" \/>\n<meta property=\"article:published_time\" content=\"2021-10-26T18:22:00+00:00\" \/>\n<meta property=\"article:modified_time\" content=\"2024-07-04T16:25:27+00:00\" \/>\n<meta property=\"og:image\" content=\"https:\/\/www.uartes.edu.ec\/sitio\/wp-content\/uploads\/2021\/10\/KIMBERLY-WEB-01.webp\" \/>\n\t<meta property=\"og:image:width\" content=\"2000\" \/>\n\t<meta property=\"og:image:height\" content=\"1333\" \/>\n\t<meta property=\"og:image:type\" content=\"image\/webp\" \/>\n<meta name=\"author\" content=\"ccortez\" \/>\n<meta name=\"twitter:card\" content=\"summary_large_image\" \/>\n<meta name=\"twitter:creator\" content=\"@uartesec\" \/>\n<meta name=\"twitter:site\" content=\"@uartesec\" \/>\n<meta name=\"twitter:label1\" content=\"\u00c9crit par\" \/>\n\t<meta name=\"twitter:data1\" content=\"ccortez\" \/>\n\t<meta name=\"twitter:label2\" content=\"Dur\u00e9e de lecture estim\u00e9e\" \/>\n\t<meta name=\"twitter:data2\" content=\"5 minutes\" \/>\n<script type=\"application\/ld+json\" class=\"yoast-schema-graph\">{\"@context\":\"https:\\\/\\\/schema.org\",\"@graph\":[{\"@type\":\"Article\",\"@id\":\"https:\\\/\\\/www.uartes.edu.ec\\\/sitio\\\/fr\\\/blog\\\/2021\\\/10\\\/26\\\/la-muestra-y-per-de-kimberly-yagual\\\/#article\",\"isPartOf\":{\"@id\":\"https:\\\/\\\/www.uartes.edu.ec\\\/sitio\\\/fr\\\/blog\\\/2021\\\/10\\\/26\\\/la-muestra-y-per-de-kimberly-yagual\\\/\"},\"author\":{\"name\":\"ccortez\",\"@id\":\"https:\\\/\\\/www.uartes.edu.ec\\\/sitio\\\/fr\\\/#\\\/schema\\\/person\\\/efa1b8275797664fd7f13a79ccc0b1f4\"},\"headline\":\"La muestra \u201cY Per \u25ca\u201d de Kimberly Yagual\",\"datePublished\":\"2021-10-26T18:22:00+00:00\",\"dateModified\":\"2024-07-04T16:25:27+00:00\",\"mainEntityOfPage\":{\"@id\":\"https:\\\/\\\/www.uartes.edu.ec\\\/sitio\\\/fr\\\/blog\\\/2021\\\/10\\\/26\\\/la-muestra-y-per-de-kimberly-yagual\\\/\"},\"wordCount\":911,\"commentCount\":0,\"publisher\":{\"@id\":\"https:\\\/\\\/www.uartes.edu.ec\\\/sitio\\\/fr\\\/#organization\"},\"image\":{\"@id\":\"https:\\\/\\\/www.uartes.edu.ec\\\/sitio\\\/fr\\\/blog\\\/2021\\\/10\\\/26\\\/la-muestra-y-per-de-kimberly-yagual\\\/#primaryimage\"},\"thumbnailUrl\":\"https:\\\/\\\/www.uartes.edu.ec\\\/sitio\\\/wp-content\\\/uploads\\\/2021\\\/10\\\/KIMBERLY-WEB-01.webp\",\"keywords\":[\"creaci\u00f3n\"],\"articleSection\":[\"Artes Visuales\",\"Docentes\",\"Estudiantes\",\"Investigaci\u00f3n\"],\"inLanguage\":\"fr-FR\",\"potentialAction\":[{\"@type\":\"CommentAction\",\"name\":\"Comment\",\"target\":[\"https:\\\/\\\/www.uartes.edu.ec\\\/sitio\\\/fr\\\/blog\\\/2021\\\/10\\\/26\\\/la-muestra-y-per-de-kimberly-yagual\\\/#respond\"]}]},{\"@type\":[\"WebPage\",\"ItemPage\"],\"@id\":\"https:\\\/\\\/www.uartes.edu.ec\\\/sitio\\\/fr\\\/blog\\\/2021\\\/10\\\/26\\\/la-muestra-y-per-de-kimberly-yagual\\\/\",\"url\":\"https:\\\/\\\/www.uartes.edu.ec\\\/sitio\\\/fr\\\/blog\\\/2021\\\/10\\\/26\\\/la-muestra-y-per-de-kimberly-yagual\\\/\",\"name\":\"Universidad de las Artes - La muestra \u201cY Per \u25ca\u201d de Kimberly Yagual\",\"isPartOf\":{\"@id\":\"https:\\\/\\\/www.uartes.edu.ec\\\/sitio\\\/fr\\\/#website\"},\"primaryImageOfPage\":{\"@id\":\"https:\\\/\\\/www.uartes.edu.ec\\\/sitio\\\/fr\\\/blog\\\/2021\\\/10\\\/26\\\/la-muestra-y-per-de-kimberly-yagual\\\/#primaryimage\"},\"image\":{\"@id\":\"https:\\\/\\\/www.uartes.edu.ec\\\/sitio\\\/fr\\\/blog\\\/2021\\\/10\\\/26\\\/la-muestra-y-per-de-kimberly-yagual\\\/#primaryimage\"},\"thumbnailUrl\":\"https:\\\/\\\/www.uartes.edu.ec\\\/sitio\\\/wp-content\\\/uploads\\\/2021\\\/10\\\/KIMBERLY-WEB-01.webp\",\"datePublished\":\"2021-10-26T18:22:00+00:00\",\"dateModified\":\"2024-07-04T16:25:27+00:00\",\"description\":\"Universidad de las Artes - La muestra \u201cY Per \u25ca\u201d de Kimberly Yagual\",\"breadcrumb\":{\"@id\":\"https:\\\/\\\/www.uartes.edu.ec\\\/sitio\\\/fr\\\/blog\\\/2021\\\/10\\\/26\\\/la-muestra-y-per-de-kimberly-yagual\\\/#breadcrumb\"},\"inLanguage\":\"fr-FR\",\"potentialAction\":[{\"@type\":\"ReadAction\",\"target\":[\"https:\\\/\\\/www.uartes.edu.ec\\\/sitio\\\/fr\\\/blog\\\/2021\\\/10\\\/26\\\/la-muestra-y-per-de-kimberly-yagual\\\/\"]}]},{\"@type\":\"ImageObject\",\"inLanguage\":\"fr-FR\",\"@id\":\"https:\\\/\\\/www.uartes.edu.ec\\\/sitio\\\/fr\\\/blog\\\/2021\\\/10\\\/26\\\/la-muestra-y-per-de-kimberly-yagual\\\/#primaryimage\",\"url\":\"https:\\\/\\\/www.uartes.edu.ec\\\/sitio\\\/wp-content\\\/uploads\\\/2021\\\/10\\\/KIMBERLY-WEB-01.webp\",\"contentUrl\":\"https:\\\/\\\/www.uartes.edu.ec\\\/sitio\\\/wp-content\\\/uploads\\\/2021\\\/10\\\/KIMBERLY-WEB-01.webp\",\"width\":2000,\"height\":1333},{\"@type\":\"BreadcrumbList\",\"@id\":\"https:\\\/\\\/www.uartes.edu.ec\\\/sitio\\\/fr\\\/blog\\\/2021\\\/10\\\/26\\\/la-muestra-y-per-de-kimberly-yagual\\\/#breadcrumb\",\"itemListElement\":[{\"@type\":\"ListItem\",\"position\":1,\"name\":\"Inicio\",\"item\":\"https:\\\/\\\/www.uartes.edu.ec\\\/sitio\\\/\"},{\"@type\":\"ListItem\",\"position\":2,\"name\":\"La muestra \u201cY Per \u25ca\u201d de Kimberly Yagual\"}]},{\"@type\":\"WebSite\",\"@id\":\"https:\\\/\\\/www.uartes.edu.ec\\\/sitio\\\/fr\\\/#website\",\"url\":\"https:\\\/\\\/www.uartes.edu.ec\\\/sitio\\\/fr\\\/\",\"name\":\"Universidad de las Artes\",\"description\":\"Sitio oficial de la Universidad Nacional de las Artes del Ecuador\",\"publisher\":{\"@id\":\"https:\\\/\\\/www.uartes.edu.ec\\\/sitio\\\/fr\\\/#organization\"},\"potentialAction\":[{\"@type\":\"SearchAction\",\"target\":{\"@type\":\"EntryPoint\",\"urlTemplate\":\"https:\\\/\\\/www.uartes.edu.ec\\\/sitio\\\/fr\\\/?s={search_term_string}\"},\"query-input\":{\"@type\":\"PropertyValueSpecification\",\"valueRequired\":true,\"valueName\":\"search_term_string\"}}],\"inLanguage\":\"fr-FR\"},{\"@type\":\"Organization\",\"@id\":\"https:\\\/\\\/www.uartes.edu.ec\\\/sitio\\\/fr\\\/#organization\",\"name\":\"Universidad de las Artes\",\"url\":\"https:\\\/\\\/www.uartes.edu.ec\\\/sitio\\\/fr\\\/\",\"logo\":{\"@type\":\"ImageObject\",\"inLanguage\":\"fr-FR\",\"@id\":\"https:\\\/\\\/www.uartes.edu.ec\\\/sitio\\\/fr\\\/#\\\/schema\\\/logo\\\/image\\\/\",\"url\":\"https:\\\/\\\/www.uartes.edu.ec\\\/sitio\\\/wp-content\\\/uploads\\\/2022\\\/07\\\/logo-ua-horizontal.png\",\"contentUrl\":\"https:\\\/\\\/www.uartes.edu.ec\\\/sitio\\\/wp-content\\\/uploads\\\/2022\\\/07\\\/logo-ua-horizontal.png\",\"width\":800,\"height\":276,\"caption\":\"Universidad de las Artes\"},\"image\":{\"@id\":\"https:\\\/\\\/www.uartes.edu.ec\\\/sitio\\\/fr\\\/#\\\/schema\\\/logo\\\/image\\\/\"},\"sameAs\":[\"https:\\\/\\\/www.facebook.com\\\/uartesec\",\"https:\\\/\\\/x.com\\\/uartesec\",\"https:\\\/\\\/www.tiktok.com\\\/@uartesec\"]},{\"@type\":\"Person\",\"@id\":\"https:\\\/\\\/www.uartes.edu.ec\\\/sitio\\\/fr\\\/#\\\/schema\\\/person\\\/efa1b8275797664fd7f13a79ccc0b1f4\",\"name\":\"ccortez\",\"image\":{\"@type\":\"ImageObject\",\"inLanguage\":\"fr-FR\",\"@id\":\"https:\\\/\\\/secure.gravatar.com\\\/avatar\\\/b2a6f664a3ae8e074346ef91775736c5ec479e637ecced6842de9dc98b5da9cd?s=96&d=mm&r=g\",\"url\":\"https:\\\/\\\/secure.gravatar.com\\\/avatar\\\/b2a6f664a3ae8e074346ef91775736c5ec479e637ecced6842de9dc98b5da9cd?s=96&d=mm&r=g\",\"contentUrl\":\"https:\\\/\\\/secure.gravatar.com\\\/avatar\\\/b2a6f664a3ae8e074346ef91775736c5ec479e637ecced6842de9dc98b5da9cd?s=96&d=mm&r=g\",\"caption\":\"ccortez\"},\"url\":\"https:\\\/\\\/www.uartes.edu.ec\\\/sitio\\\/fr\\\/blog\\\/author\\\/ccortez\\\/\"}]}<\/script>\n<!-- \/ Yoast SEO plugin. -->","yoast_head_json":{"title":"Universidad de las Artes - La muestra \u201cY Per \u25ca\u201d de Kimberly Yagual","description":"Universidad de las Artes - La muestra \u201cY Per \u25ca\u201d de Kimberly Yagual","robots":{"index":"index","follow":"follow","max-snippet":"max-snippet:-1","max-image-preview":"max-image-preview:large","max-video-preview":"max-video-preview:-1"},"canonical":"https:\/\/www.uartes.edu.ec\/sitio\/fr\/blog\/2021\/10\/26\/la-muestra-y-per-de-kimberly-yagual\/","og_locale":"fr_FR","og_type":"article","og_title":"Universidad de las Artes - La muestra \u201cY Per \u25ca\u201d de Kimberly Yagual","og_description":"Universidad de las Artes - La muestra \u201cY Per \u25ca\u201d de Kimberly Yagual","og_url":"https:\/\/www.uartes.edu.ec\/sitio\/fr\/blog\/2021\/10\/26\/la-muestra-y-per-de-kimberly-yagual\/","og_site_name":"Universidad de las Artes","article_publisher":"https:\/\/www.facebook.com\/uartesec","article_published_time":"2021-10-26T18:22:00+00:00","article_modified_time":"2024-07-04T16:25:27+00:00","og_image":[{"width":2000,"height":1333,"url":"https:\/\/www.uartes.edu.ec\/sitio\/wp-content\/uploads\/2021\/10\/KIMBERLY-WEB-01.webp","type":"image\/webp"}],"author":"ccortez","twitter_card":"summary_large_image","twitter_creator":"@uartesec","twitter_site":"@uartesec","twitter_misc":{"\u00c9crit par":"ccortez","Dur\u00e9e de lecture estim\u00e9e":"5 minutes"},"schema":{"@context":"https:\/\/schema.org","@graph":[{"@type":"Article","@id":"https:\/\/www.uartes.edu.ec\/sitio\/fr\/blog\/2021\/10\/26\/la-muestra-y-per-de-kimberly-yagual\/#article","isPartOf":{"@id":"https:\/\/www.uartes.edu.ec\/sitio\/fr\/blog\/2021\/10\/26\/la-muestra-y-per-de-kimberly-yagual\/"},"author":{"name":"ccortez","@id":"https:\/\/www.uartes.edu.ec\/sitio\/fr\/#\/schema\/person\/efa1b8275797664fd7f13a79ccc0b1f4"},"headline":"La muestra \u201cY Per \u25ca\u201d de Kimberly Yagual","datePublished":"2021-10-26T18:22:00+00:00","dateModified":"2024-07-04T16:25:27+00:00","mainEntityOfPage":{"@id":"https:\/\/www.uartes.edu.ec\/sitio\/fr\/blog\/2021\/10\/26\/la-muestra-y-per-de-kimberly-yagual\/"},"wordCount":911,"commentCount":0,"publisher":{"@id":"https:\/\/www.uartes.edu.ec\/sitio\/fr\/#organization"},"image":{"@id":"https:\/\/www.uartes.edu.ec\/sitio\/fr\/blog\/2021\/10\/26\/la-muestra-y-per-de-kimberly-yagual\/#primaryimage"},"thumbnailUrl":"https:\/\/www.uartes.edu.ec\/sitio\/wp-content\/uploads\/2021\/10\/KIMBERLY-WEB-01.webp","keywords":["creaci\u00f3n"],"articleSection":["Artes Visuales","Docentes","Estudiantes","Investigaci\u00f3n"],"inLanguage":"fr-FR","potentialAction":[{"@type":"CommentAction","name":"Comment","target":["https:\/\/www.uartes.edu.ec\/sitio\/fr\/blog\/2021\/10\/26\/la-muestra-y-per-de-kimberly-yagual\/#respond"]}]},{"@type":["WebPage","ItemPage"],"@id":"https:\/\/www.uartes.edu.ec\/sitio\/fr\/blog\/2021\/10\/26\/la-muestra-y-per-de-kimberly-yagual\/","url":"https:\/\/www.uartes.edu.ec\/sitio\/fr\/blog\/2021\/10\/26\/la-muestra-y-per-de-kimberly-yagual\/","name":"Universidad de las Artes - La muestra \u201cY Per \u25ca\u201d de Kimberly Yagual","isPartOf":{"@id":"https:\/\/www.uartes.edu.ec\/sitio\/fr\/#website"},"primaryImageOfPage":{"@id":"https:\/\/www.uartes.edu.ec\/sitio\/fr\/blog\/2021\/10\/26\/la-muestra-y-per-de-kimberly-yagual\/#primaryimage"},"image":{"@id":"https:\/\/www.uartes.edu.ec\/sitio\/fr\/blog\/2021\/10\/26\/la-muestra-y-per-de-kimberly-yagual\/#primaryimage"},"thumbnailUrl":"https:\/\/www.uartes.edu.ec\/sitio\/wp-content\/uploads\/2021\/10\/KIMBERLY-WEB-01.webp","datePublished":"2021-10-26T18:22:00+00:00","dateModified":"2024-07-04T16:25:27+00:00","description":"Universidad de las Artes - La muestra \u201cY Per \u25ca\u201d de Kimberly Yagual","breadcrumb":{"@id":"https:\/\/www.uartes.edu.ec\/sitio\/fr\/blog\/2021\/10\/26\/la-muestra-y-per-de-kimberly-yagual\/#breadcrumb"},"inLanguage":"fr-FR","potentialAction":[{"@type":"ReadAction","target":["https:\/\/www.uartes.edu.ec\/sitio\/fr\/blog\/2021\/10\/26\/la-muestra-y-per-de-kimberly-yagual\/"]}]},{"@type":"ImageObject","inLanguage":"fr-FR","@id":"https:\/\/www.uartes.edu.ec\/sitio\/fr\/blog\/2021\/10\/26\/la-muestra-y-per-de-kimberly-yagual\/#primaryimage","url":"https:\/\/www.uartes.edu.ec\/sitio\/wp-content\/uploads\/2021\/10\/KIMBERLY-WEB-01.webp","contentUrl":"https:\/\/www.uartes.edu.ec\/sitio\/wp-content\/uploads\/2021\/10\/KIMBERLY-WEB-01.webp","width":2000,"height":1333},{"@type":"BreadcrumbList","@id":"https:\/\/www.uartes.edu.ec\/sitio\/fr\/blog\/2021\/10\/26\/la-muestra-y-per-de-kimberly-yagual\/#breadcrumb","itemListElement":[{"@type":"ListItem","position":1,"name":"Inicio","item":"https:\/\/www.uartes.edu.ec\/sitio\/"},{"@type":"ListItem","position":2,"name":"La muestra \u201cY Per \u25ca\u201d de Kimberly Yagual"}]},{"@type":"WebSite","@id":"https:\/\/www.uartes.edu.ec\/sitio\/fr\/#website","url":"https:\/\/www.uartes.edu.ec\/sitio\/fr\/","name":"Universidad de las Artes","description":"Sitio oficial de la Universidad Nacional de las Artes del Ecuador","publisher":{"@id":"https:\/\/www.uartes.edu.ec\/sitio\/fr\/#organization"},"potentialAction":[{"@type":"SearchAction","target":{"@type":"EntryPoint","urlTemplate":"https:\/\/www.uartes.edu.ec\/sitio\/fr\/?s={search_term_string}"},"query-input":{"@type":"PropertyValueSpecification","valueRequired":true,"valueName":"search_term_string"}}],"inLanguage":"fr-FR"},{"@type":"Organization","@id":"https:\/\/www.uartes.edu.ec\/sitio\/fr\/#organization","name":"Universidad de las Artes","url":"https:\/\/www.uartes.edu.ec\/sitio\/fr\/","logo":{"@type":"ImageObject","inLanguage":"fr-FR","@id":"https:\/\/www.uartes.edu.ec\/sitio\/fr\/#\/schema\/logo\/image\/","url":"https:\/\/www.uartes.edu.ec\/sitio\/wp-content\/uploads\/2022\/07\/logo-ua-horizontal.png","contentUrl":"https:\/\/www.uartes.edu.ec\/sitio\/wp-content\/uploads\/2022\/07\/logo-ua-horizontal.png","width":800,"height":276,"caption":"Universidad de las Artes"},"image":{"@id":"https:\/\/www.uartes.edu.ec\/sitio\/fr\/#\/schema\/logo\/image\/"},"sameAs":["https:\/\/www.facebook.com\/uartesec","https:\/\/x.com\/uartesec","https:\/\/www.tiktok.com\/@uartesec"]},{"@type":"Person","@id":"https:\/\/www.uartes.edu.ec\/sitio\/fr\/#\/schema\/person\/efa1b8275797664fd7f13a79ccc0b1f4","name":"ccortez","image":{"@type":"ImageObject","inLanguage":"fr-FR","@id":"https:\/\/secure.gravatar.com\/avatar\/b2a6f664a3ae8e074346ef91775736c5ec479e637ecced6842de9dc98b5da9cd?s=96&d=mm&r=g","url":"https:\/\/secure.gravatar.com\/avatar\/b2a6f664a3ae8e074346ef91775736c5ec479e637ecced6842de9dc98b5da9cd?s=96&d=mm&r=g","contentUrl":"https:\/\/secure.gravatar.com\/avatar\/b2a6f664a3ae8e074346ef91775736c5ec479e637ecced6842de9dc98b5da9cd?s=96&d=mm&r=g","caption":"ccortez"},"url":"https:\/\/www.uartes.edu.ec\/sitio\/fr\/blog\/author\/ccortez\/"}]}},"uagb_featured_image_src":{"full":["https:\/\/www.uartes.edu.ec\/sitio\/wp-content\/uploads\/2021\/10\/KIMBERLY-WEB-01.webp",2000,1333,false],"thumbnail":["https:\/\/www.uartes.edu.ec\/sitio\/wp-content\/uploads\/2021\/10\/KIMBERLY-WEB-01.webp",150,100,false],"medium":["https:\/\/www.uartes.edu.ec\/sitio\/wp-content\/uploads\/2021\/10\/KIMBERLY-WEB-01.webp",300,200,false],"medium_large":["https:\/\/www.uartes.edu.ec\/sitio\/wp-content\/uploads\/2021\/10\/KIMBERLY-WEB-01.webp",768,512,false],"large":["https:\/\/www.uartes.edu.ec\/sitio\/wp-content\/uploads\/2021\/10\/KIMBERLY-WEB-01.webp",644,429,false],"1536x1536":["https:\/\/www.uartes.edu.ec\/sitio\/wp-content\/uploads\/2021\/10\/KIMBERLY-WEB-01.webp",1536,1024,false],"2048x2048":["https:\/\/www.uartes.edu.ec\/sitio\/wp-content\/uploads\/2021\/10\/KIMBERLY-WEB-01.webp",2000,1333,false],"trp-custom-language-flag":["https:\/\/www.uartes.edu.ec\/sitio\/wp-content\/uploads\/2021\/10\/KIMBERLY-WEB-01.webp",18,12,false],"htmega_size_585x295":["https:\/\/www.uartes.edu.ec\/sitio\/wp-content\/uploads\/2021\/10\/KIMBERLY-WEB-01.webp",443,295,false],"htmega_size_1170x536":["https:\/\/www.uartes.edu.ec\/sitio\/wp-content\/uploads\/2021\/10\/KIMBERLY-WEB-01.webp",804,536,false],"htmega_size_396x360":["https:\/\/www.uartes.edu.ec\/sitio\/wp-content\/uploads\/2021\/10\/KIMBERLY-WEB-01.webp",396,264,false],"gb-block-post-grid-landscape":["https:\/\/www.uartes.edu.ec\/sitio\/wp-content\/uploads\/2021\/10\/KIMBERLY-WEB-01.webp",600,400,false],"gb-block-post-grid-square":["https:\/\/www.uartes.edu.ec\/sitio\/wp-content\/uploads\/2021\/10\/KIMBERLY-WEB-01.webp",600,400,false],"university-hub-thumb":["https:\/\/www.uartes.edu.ec\/sitio\/wp-content\/uploads\/2021\/10\/KIMBERLY-WEB-01.webp",400,267,false],"mailpoet_newsletter_max":["https:\/\/www.uartes.edu.ec\/sitio\/wp-content\/uploads\/2021\/10\/KIMBERLY-WEB-01.webp",1320,880,false]},"uagb_author_info":{"display_name":"ccortez","author_link":"https:\/\/www.uartes.edu.ec\/sitio\/fr\/blog\/author\/ccortez\/"},"uagb_comment_info":0,"uagb_excerpt":"A su primera exposici\u00f3n individual Kimberly Yagual la titul\u00f3 \"Y Per \u25ca\" y la defini\u00f3 como una muestra pict\u00f3rica e instalativa que naci\u00f3 en dos semestres, en la clase de Po\u00e9ticas Pict\u00f3ricas, bajo la tutor\u00eda del profesor Saidel Brito. Comenz\u00f3, dice, con la idea del recuerdo autobiogr\u00e1fico y al empezar a indagar vio que en\u2026","featured_image_src":"https:\/\/www.uartes.edu.ec\/sitio\/wp-content\/uploads\/2021\/10\/KIMBERLY-WEB-01.webp","featured_image_src_square":"https:\/\/www.uartes.edu.ec\/sitio\/wp-content\/uploads\/2021\/10\/KIMBERLY-WEB-01.webp","author_info":{"display_name":"ccortez","author_link":"https:\/\/www.uartes.edu.ec\/sitio\/fr\/blog\/author\/ccortez\/"},"publishpress_future_workflow_manual_trigger":{"enabledWorkflows":[]},"distributor_meta":false,"distributor_terms":false,"distributor_media":false,"distributor_original_site_name":"Universidad de las Artes","distributor_original_site_url":"https:\/\/www.uartes.edu.ec\/sitio\/fr","push-errors":false,"_links":{"self":[{"href":"https:\/\/www.uartes.edu.ec\/sitio\/fr\/wp-json\/wp\/v2\/posts\/16424","targetHints":{"allow":["GET"]}}],"collection":[{"href":"https:\/\/www.uartes.edu.ec\/sitio\/fr\/wp-json\/wp\/v2\/posts"}],"about":[{"href":"https:\/\/www.uartes.edu.ec\/sitio\/fr\/wp-json\/wp\/v2\/types\/post"}],"author":[{"embeddable":true,"href":"https:\/\/www.uartes.edu.ec\/sitio\/fr\/wp-json\/wp\/v2\/users\/10"}],"replies":[{"embeddable":true,"href":"https:\/\/www.uartes.edu.ec\/sitio\/fr\/wp-json\/wp\/v2\/comments?post=16424"}],"version-history":[{"count":2,"href":"https:\/\/www.uartes.edu.ec\/sitio\/fr\/wp-json\/wp\/v2\/posts\/16424\/revisions"}],"predecessor-version":[{"id":21759,"href":"https:\/\/www.uartes.edu.ec\/sitio\/fr\/wp-json\/wp\/v2\/posts\/16424\/revisions\/21759"}],"wp:featuredmedia":[{"embeddable":true,"href":"https:\/\/www.uartes.edu.ec\/sitio\/fr\/wp-json\/wp\/v2\/media\/16425"}],"wp:attachment":[{"href":"https:\/\/www.uartes.edu.ec\/sitio\/fr\/wp-json\/wp\/v2\/media?parent=16424"}],"wp:term":[{"taxonomy":"category","embeddable":true,"href":"https:\/\/www.uartes.edu.ec\/sitio\/fr\/wp-json\/wp\/v2\/categories?post=16424"},{"taxonomy":"post_tag","embeddable":true,"href":"https:\/\/www.uartes.edu.ec\/sitio\/fr\/wp-json\/wp\/v2\/tags?post=16424"},{"taxonomy":"infouartes","embeddable":true,"href":"https:\/\/www.uartes.edu.ec\/sitio\/fr\/wp-json\/wp\/v2\/infouartes?post=16424"}],"curies":[{"name":"wp","href":"https:\/\/api.w.org\/{rel}","templated":true}]}}