{"id":1662,"date":"2018-07-06T16:20:26","date_gmt":"2018-07-06T21:20:26","guid":{"rendered":"http:\/\/www.uartes.edu.ec\/infouartes\/?p=1662"},"modified":"2024-07-04T11:53:47","modified_gmt":"2024-07-04T16:53:47","slug":"obra-de-fredy-vallejos-fue-seleccionada-para-el-festival-journees-art-science-de-francia","status":"publish","type":"post","link":"https:\/\/www.uartes.edu.ec\/sitio\/fr\/blog\/2018\/07\/06\/obra-de-fredy-vallejos-fue-seleccionada-para-el-festival-journees-art-science-de-francia\/","title":{"rendered":"Obra de Fredy Vallejos fue seleccionada para el festival Journ\u00e9es Art &amp; Science de Francia"},"content":{"rendered":"<p>La obra Relative Patterns 4, del docente\u00a0de la Escuela de Artes Sonoras\u00a0Fredy Vallejos, fue seleccionada en el marco de los Encuentros de Arte y Ciencia (<a href=\"http:\/\/musinfo.fr\/fr\/creation\/journees-art-science\/journees-art-science-2018\/concerts#Tempus\"><em>Journ\u00e9es Art &amp; Science<\/em><\/a>),\u00a0coordinados por la asociaci\u00f3n francesa de inform\u00e1tica musical en la ciudad de Bourges, Francia.<\/p>\n<p>La tem\u00e1tica de la convocatoria fue el \u201cTiempo\u201d, representado en las ciencias y las artes, en general, y en la m\u00fasica, en particular. \u00bfC\u00f3mo \u201cinspirarse\u201d en un conocimiento cient\u00edfico o aplicar dicho conocimiento en el proceso creativo?<\/p>\n<p>La obra de Vallejos hace parte de un conjunto de composiciones fruto del an\u00e1lisis r\u00edtmico-matem\u00e1tico de m\u00fasicas de tradici\u00f3n oral afroamericanas. El material de dicho an\u00e1lisis es utilizado para construir un mecanismo constituido por timbres contrastantes que evolucionan por medio de una polifon\u00eda compleja (enteramente calculada por medio de la plataforma de programaci\u00f3n gr\u00e1fica Open Music), e igualmente por medio de una transformaci\u00f3n \u2013a veces imperceptible\u2013 de las duraciones de dicha polifon\u00eda. El resultado es un proceso de <em>periodicidad difusa <\/em>a trav\u00e9s de complejos polif\u00f3nicos siempre m\u00f3viles.<\/p>\n<p>A manera de ejemplo otra de las obras de la serie, V\u00f3rtice en Suspensi\u00f3n, con la compa\u00f1\u00eda de danza ZOO-Thomas Hauert.<\/p>\n<p>[embedyt] https:\/\/www.youtube.com\/watch?v=0sNoOR08q-w[\/embedyt]<\/p>\n<h3>Sobre el autor<\/h3>\n<p>Fredy Vallejos, m\u00fasico de origen colombiano, ha realizado estudios de percusi\u00f3n, composici\u00f3n, inform\u00e1tica musical y musicolog\u00eda en Colombia, Francia y Suiza. Su preocupaci\u00f3n est\u00e9tica, caracterizada por la exploraci\u00f3n de un universo sonoro m\u00faltiple y heterog\u00e9neo, se basa en trabajos de investigaci\u00f3n etnomusicol\u00f3gica, formalizados mediante herramientas de CAO (Composici\u00f3n Asistida por Ordenador) y en la relaci\u00f3n del sonido con otras formas de arte. Actualmente es profesor de la Escuela de Artes Sonoras de la Universidad de las Artes del Ecuador.<\/p>\n<p>Conoce m\u00e1s del artista en el siguiente <a href=\"https:\/\/www.fredyvallejos.com\/es\/\">enlace<\/a>.<\/p>\n","protected":false},"excerpt":{"rendered":"<p>La obra Relative Patterns 4, del docente\u00a0de la Escuela de Artes Sonoras\u00a0Fredy Vallejos, fue seleccionada en el marco de los Encuentros de Arte y Ciencia (Journ\u00e9es Art &amp; Science),\u00a0coordinados por la asociaci\u00f3n francesa de inform\u00e1tica musical en la ciudad de Bourges, Francia. La tem\u00e1tica de la convocatoria fue el \u201cTiempo\u201d, representado en las ciencias y [&hellip;]<\/p>\n","protected":false},"author":1,"featured_media":1663,"comment_status":"closed","ping_status":"closed","sticky":false,"template":"","format":"standard","meta":{"_acf_changed":false,"_uag_custom_page_level_css":"","_monsterinsights_skip_tracking":false,"_monsterinsights_sitenote_active":false,"_monsterinsights_sitenote_note":"","_monsterinsights_sitenote_category":0,"cybocfi_hide_featured_image":"","footnotes":""},"categories":[75],"tags":[],"infouartes":[],"class_list":["post-1662","post","type-post","status-publish","format-standard","has-post-thumbnail","hentry","category-docentes"],"acf":[],"yoast_head":"<!-- This site is optimized with the Yoast SEO plugin v27.4 - https:\/\/yoast.com\/product\/yoast-seo-wordpress\/ -->\n<title>Universidad de las Artes - Obra de Fredy Vallejos fue seleccionada para el festival Journ\u00e9es Art &amp; Science de Francia<\/title>\n<meta name=\"description\" content=\"Universidad de las Artes - Obra de Fredy Vallejos fue seleccionada para el festival Journ\u00e9es Art &amp; Science de Francia\" \/>\n<meta name=\"robots\" content=\"index, follow, max-snippet:-1, max-image-preview:large, max-video-preview:-1\" \/>\n<link rel=\"canonical\" href=\"https:\/\/www.uartes.edu.ec\/sitio\/fr\/blog\/2018\/07\/06\/obra-de-fredy-vallejos-fue-seleccionada-para-el-festival-journees-art-science-de-francia\/\" \/>\n<meta property=\"og:locale\" content=\"fr_FR\" \/>\n<meta property=\"og:type\" content=\"article\" \/>\n<meta property=\"og:title\" content=\"Universidad de las Artes - Obra de Fredy Vallejos fue seleccionada para el festival Journ\u00e9es Art &amp; Science de Francia\" \/>\n<meta property=\"og:description\" content=\"Universidad de las Artes - Obra de Fredy Vallejos fue seleccionada para el festival Journ\u00e9es Art &amp; Science de Francia\" \/>\n<meta property=\"og:url\" content=\"https:\/\/www.uartes.edu.ec\/sitio\/fr\/blog\/2018\/07\/06\/obra-de-fredy-vallejos-fue-seleccionada-para-el-festival-journees-art-science-de-francia\/\" \/>\n<meta property=\"og:site_name\" content=\"Universidad de las Artes\" \/>\n<meta property=\"article:publisher\" content=\"https:\/\/www.facebook.com\/uartesec\" \/>\n<meta property=\"article:published_time\" content=\"2018-07-06T21:20:26+00:00\" \/>\n<meta property=\"article:modified_time\" content=\"2024-07-04T16:53:47+00:00\" \/>\n<meta name=\"author\" content=\"Universidad de las Artes\" \/>\n<meta name=\"twitter:card\" content=\"summary_large_image\" \/>\n<meta name=\"twitter:creator\" content=\"@uartesec\" \/>\n<meta name=\"twitter:site\" content=\"@uartesec\" \/>\n<meta name=\"twitter:label1\" content=\"\u00c9crit par\" \/>\n\t<meta name=\"twitter:data1\" content=\"Universidad de las Artes\" \/>\n\t<meta name=\"twitter:label2\" content=\"Dur\u00e9e de lecture estim\u00e9e\" \/>\n\t<meta name=\"twitter:data2\" content=\"2 minutes\" \/>\n<script type=\"application\/ld+json\" class=\"yoast-schema-graph\">{\"@context\":\"https:\\\/\\\/schema.org\",\"@graph\":[{\"@type\":\"Article\",\"@id\":\"https:\\\/\\\/www.uartes.edu.ec\\\/sitio\\\/fr\\\/blog\\\/2018\\\/07\\\/06\\\/obra-de-fredy-vallejos-fue-seleccionada-para-el-festival-journees-art-science-de-francia\\\/#article\",\"isPartOf\":{\"@id\":\"https:\\\/\\\/www.uartes.edu.ec\\\/sitio\\\/fr\\\/blog\\\/2018\\\/07\\\/06\\\/obra-de-fredy-vallejos-fue-seleccionada-para-el-festival-journees-art-science-de-francia\\\/\"},\"author\":{\"name\":\"Universidad de las Artes\",\"@id\":\"https:\\\/\\\/www.uartes.edu.ec\\\/sitio\\\/fr\\\/#\\\/schema\\\/person\\\/f33f8c1d2af0d5c80a38c8abf458184a\"},\"headline\":\"Obra de Fredy Vallejos fue seleccionada para el festival Journ\u00e9es Art &amp; Science de Francia\",\"datePublished\":\"2018-07-06T21:20:26+00:00\",\"dateModified\":\"2024-07-04T16:53:47+00:00\",\"mainEntityOfPage\":{\"@id\":\"https:\\\/\\\/www.uartes.edu.ec\\\/sitio\\\/fr\\\/blog\\\/2018\\\/07\\\/06\\\/obra-de-fredy-vallejos-fue-seleccionada-para-el-festival-journees-art-science-de-francia\\\/\"},\"wordCount\":344,\"publisher\":{\"@id\":\"https:\\\/\\\/www.uartes.edu.ec\\\/sitio\\\/fr\\\/#organization\"},\"image\":{\"@id\":\"https:\\\/\\\/www.uartes.edu.ec\\\/sitio\\\/fr\\\/blog\\\/2018\\\/07\\\/06\\\/obra-de-fredy-vallejos-fue-seleccionada-para-el-festival-journees-art-science-de-francia\\\/#primaryimage\"},\"thumbnailUrl\":\"\",\"articleSection\":[\"Docentes\"],\"inLanguage\":\"fr-FR\"},{\"@type\":[\"WebPage\",\"ItemPage\"],\"@id\":\"https:\\\/\\\/www.uartes.edu.ec\\\/sitio\\\/fr\\\/blog\\\/2018\\\/07\\\/06\\\/obra-de-fredy-vallejos-fue-seleccionada-para-el-festival-journees-art-science-de-francia\\\/\",\"url\":\"https:\\\/\\\/www.uartes.edu.ec\\\/sitio\\\/fr\\\/blog\\\/2018\\\/07\\\/06\\\/obra-de-fredy-vallejos-fue-seleccionada-para-el-festival-journees-art-science-de-francia\\\/\",\"name\":\"Universidad de las Artes - Obra de Fredy Vallejos fue seleccionada para el festival Journ\u00e9es Art &amp; Science de Francia\",\"isPartOf\":{\"@id\":\"https:\\\/\\\/www.uartes.edu.ec\\\/sitio\\\/fr\\\/#website\"},\"primaryImageOfPage\":{\"@id\":\"https:\\\/\\\/www.uartes.edu.ec\\\/sitio\\\/fr\\\/blog\\\/2018\\\/07\\\/06\\\/obra-de-fredy-vallejos-fue-seleccionada-para-el-festival-journees-art-science-de-francia\\\/#primaryimage\"},\"image\":{\"@id\":\"https:\\\/\\\/www.uartes.edu.ec\\\/sitio\\\/fr\\\/blog\\\/2018\\\/07\\\/06\\\/obra-de-fredy-vallejos-fue-seleccionada-para-el-festival-journees-art-science-de-francia\\\/#primaryimage\"},\"thumbnailUrl\":\"\",\"datePublished\":\"2018-07-06T21:20:26+00:00\",\"dateModified\":\"2024-07-04T16:53:47+00:00\",\"description\":\"Universidad de las Artes - Obra de Fredy Vallejos fue seleccionada para el festival Journ\u00e9es Art &amp; Science de Francia\",\"breadcrumb\":{\"@id\":\"https:\\\/\\\/www.uartes.edu.ec\\\/sitio\\\/fr\\\/blog\\\/2018\\\/07\\\/06\\\/obra-de-fredy-vallejos-fue-seleccionada-para-el-festival-journees-art-science-de-francia\\\/#breadcrumb\"},\"inLanguage\":\"fr-FR\",\"potentialAction\":[{\"@type\":\"ReadAction\",\"target\":[\"https:\\\/\\\/www.uartes.edu.ec\\\/sitio\\\/fr\\\/blog\\\/2018\\\/07\\\/06\\\/obra-de-fredy-vallejos-fue-seleccionada-para-el-festival-journees-art-science-de-francia\\\/\"]}]},{\"@type\":\"ImageObject\",\"inLanguage\":\"fr-FR\",\"@id\":\"https:\\\/\\\/www.uartes.edu.ec\\\/sitio\\\/fr\\\/blog\\\/2018\\\/07\\\/06\\\/obra-de-fredy-vallejos-fue-seleccionada-para-el-festival-journees-art-science-de-francia\\\/#primaryimage\",\"url\":\"\",\"contentUrl\":\"\"},{\"@type\":\"BreadcrumbList\",\"@id\":\"https:\\\/\\\/www.uartes.edu.ec\\\/sitio\\\/fr\\\/blog\\\/2018\\\/07\\\/06\\\/obra-de-fredy-vallejos-fue-seleccionada-para-el-festival-journees-art-science-de-francia\\\/#breadcrumb\",\"itemListElement\":[{\"@type\":\"ListItem\",\"position\":1,\"name\":\"Inicio\",\"item\":\"https:\\\/\\\/www.uartes.edu.ec\\\/sitio\\\/\"},{\"@type\":\"ListItem\",\"position\":2,\"name\":\"Obra de Fredy Vallejos fue seleccionada para el festival Journ\u00e9es Art &amp; Science de Francia\"}]},{\"@type\":\"WebSite\",\"@id\":\"https:\\\/\\\/www.uartes.edu.ec\\\/sitio\\\/fr\\\/#website\",\"url\":\"https:\\\/\\\/www.uartes.edu.ec\\\/sitio\\\/fr\\\/\",\"name\":\"Universidad de las Artes\",\"description\":\"Sitio oficial de la Universidad Nacional de las Artes del Ecuador\",\"publisher\":{\"@id\":\"https:\\\/\\\/www.uartes.edu.ec\\\/sitio\\\/fr\\\/#organization\"},\"potentialAction\":[{\"@type\":\"SearchAction\",\"target\":{\"@type\":\"EntryPoint\",\"urlTemplate\":\"https:\\\/\\\/www.uartes.edu.ec\\\/sitio\\\/fr\\\/?s={search_term_string}\"},\"query-input\":{\"@type\":\"PropertyValueSpecification\",\"valueRequired\":true,\"valueName\":\"search_term_string\"}}],\"inLanguage\":\"fr-FR\"},{\"@type\":\"Organization\",\"@id\":\"https:\\\/\\\/www.uartes.edu.ec\\\/sitio\\\/fr\\\/#organization\",\"name\":\"Universidad de las Artes\",\"url\":\"https:\\\/\\\/www.uartes.edu.ec\\\/sitio\\\/fr\\\/\",\"logo\":{\"@type\":\"ImageObject\",\"inLanguage\":\"fr-FR\",\"@id\":\"https:\\\/\\\/www.uartes.edu.ec\\\/sitio\\\/fr\\\/#\\\/schema\\\/logo\\\/image\\\/\",\"url\":\"https:\\\/\\\/www.uartes.edu.ec\\\/sitio\\\/wp-content\\\/uploads\\\/2022\\\/07\\\/logo-ua-horizontal.png\",\"contentUrl\":\"https:\\\/\\\/www.uartes.edu.ec\\\/sitio\\\/wp-content\\\/uploads\\\/2022\\\/07\\\/logo-ua-horizontal.png\",\"width\":800,\"height\":276,\"caption\":\"Universidad de las Artes\"},\"image\":{\"@id\":\"https:\\\/\\\/www.uartes.edu.ec\\\/sitio\\\/fr\\\/#\\\/schema\\\/logo\\\/image\\\/\"},\"sameAs\":[\"https:\\\/\\\/www.facebook.com\\\/uartesec\",\"https:\\\/\\\/x.com\\\/uartesec\",\"https:\\\/\\\/www.tiktok.com\\\/@uartesec\"]},{\"@type\":\"Person\",\"@id\":\"https:\\\/\\\/www.uartes.edu.ec\\\/sitio\\\/fr\\\/#\\\/schema\\\/person\\\/f33f8c1d2af0d5c80a38c8abf458184a\",\"name\":\"Universidad de las Artes\",\"image\":{\"@type\":\"ImageObject\",\"inLanguage\":\"fr-FR\",\"@id\":\"https:\\\/\\\/secure.gravatar.com\\\/avatar\\\/52e4757902f5cfa5ac52d020e5be83cae5487519154b6c35482fe08d589f3c13?s=96&d=mm&r=g\",\"url\":\"https:\\\/\\\/secure.gravatar.com\\\/avatar\\\/52e4757902f5cfa5ac52d020e5be83cae5487519154b6c35482fe08d589f3c13?s=96&d=mm&r=g\",\"contentUrl\":\"https:\\\/\\\/secure.gravatar.com\\\/avatar\\\/52e4757902f5cfa5ac52d020e5be83cae5487519154b6c35482fe08d589f3c13?s=96&d=mm&r=g\",\"caption\":\"Universidad de las Artes\"},\"url\":\"https:\\\/\\\/www.uartes.edu.ec\\\/sitio\\\/fr\\\/blog\\\/author\\\/dircomadm\\\/\"}]}<\/script>\n<!-- \/ Yoast SEO plugin. -->","yoast_head_json":{"title":"Universidad de las Artes - Obra de Fredy Vallejos fue seleccionada para el festival Journ\u00e9es Art &amp; Science de Francia","description":"Universidad de las Artes - Obra de Fredy Vallejos fue seleccionada para el festival Journ\u00e9es Art &amp; Science de Francia","robots":{"index":"index","follow":"follow","max-snippet":"max-snippet:-1","max-image-preview":"max-image-preview:large","max-video-preview":"max-video-preview:-1"},"canonical":"https:\/\/www.uartes.edu.ec\/sitio\/fr\/blog\/2018\/07\/06\/obra-de-fredy-vallejos-fue-seleccionada-para-el-festival-journees-art-science-de-francia\/","og_locale":"fr_FR","og_type":"article","og_title":"Universidad de las Artes - Obra de Fredy Vallejos fue seleccionada para el festival Journ\u00e9es Art &amp; Science de Francia","og_description":"Universidad de las Artes - Obra de Fredy Vallejos fue seleccionada para el festival Journ\u00e9es Art &amp; Science de Francia","og_url":"https:\/\/www.uartes.edu.ec\/sitio\/fr\/blog\/2018\/07\/06\/obra-de-fredy-vallejos-fue-seleccionada-para-el-festival-journees-art-science-de-francia\/","og_site_name":"Universidad de las Artes","article_publisher":"https:\/\/www.facebook.com\/uartesec","article_published_time":"2018-07-06T21:20:26+00:00","article_modified_time":"2024-07-04T16:53:47+00:00","author":"Universidad de las Artes","twitter_card":"summary_large_image","twitter_creator":"@uartesec","twitter_site":"@uartesec","twitter_misc":{"\u00c9crit par":"Universidad de las Artes","Dur\u00e9e de lecture estim\u00e9e":"2 minutes"},"schema":{"@context":"https:\/\/schema.org","@graph":[{"@type":"Article","@id":"https:\/\/www.uartes.edu.ec\/sitio\/fr\/blog\/2018\/07\/06\/obra-de-fredy-vallejos-fue-seleccionada-para-el-festival-journees-art-science-de-francia\/#article","isPartOf":{"@id":"https:\/\/www.uartes.edu.ec\/sitio\/fr\/blog\/2018\/07\/06\/obra-de-fredy-vallejos-fue-seleccionada-para-el-festival-journees-art-science-de-francia\/"},"author":{"name":"Universidad de las Artes","@id":"https:\/\/www.uartes.edu.ec\/sitio\/fr\/#\/schema\/person\/f33f8c1d2af0d5c80a38c8abf458184a"},"headline":"Obra de Fredy Vallejos fue seleccionada para el festival Journ\u00e9es Art &amp; Science de Francia","datePublished":"2018-07-06T21:20:26+00:00","dateModified":"2024-07-04T16:53:47+00:00","mainEntityOfPage":{"@id":"https:\/\/www.uartes.edu.ec\/sitio\/fr\/blog\/2018\/07\/06\/obra-de-fredy-vallejos-fue-seleccionada-para-el-festival-journees-art-science-de-francia\/"},"wordCount":344,"publisher":{"@id":"https:\/\/www.uartes.edu.ec\/sitio\/fr\/#organization"},"image":{"@id":"https:\/\/www.uartes.edu.ec\/sitio\/fr\/blog\/2018\/07\/06\/obra-de-fredy-vallejos-fue-seleccionada-para-el-festival-journees-art-science-de-francia\/#primaryimage"},"thumbnailUrl":"","articleSection":["Docentes"],"inLanguage":"fr-FR"},{"@type":["WebPage","ItemPage"],"@id":"https:\/\/www.uartes.edu.ec\/sitio\/fr\/blog\/2018\/07\/06\/obra-de-fredy-vallejos-fue-seleccionada-para-el-festival-journees-art-science-de-francia\/","url":"https:\/\/www.uartes.edu.ec\/sitio\/fr\/blog\/2018\/07\/06\/obra-de-fredy-vallejos-fue-seleccionada-para-el-festival-journees-art-science-de-francia\/","name":"Universidad de las Artes - Obra de Fredy Vallejos fue seleccionada para el festival Journ\u00e9es Art &amp; Science de Francia","isPartOf":{"@id":"https:\/\/www.uartes.edu.ec\/sitio\/fr\/#website"},"primaryImageOfPage":{"@id":"https:\/\/www.uartes.edu.ec\/sitio\/fr\/blog\/2018\/07\/06\/obra-de-fredy-vallejos-fue-seleccionada-para-el-festival-journees-art-science-de-francia\/#primaryimage"},"image":{"@id":"https:\/\/www.uartes.edu.ec\/sitio\/fr\/blog\/2018\/07\/06\/obra-de-fredy-vallejos-fue-seleccionada-para-el-festival-journees-art-science-de-francia\/#primaryimage"},"thumbnailUrl":"","datePublished":"2018-07-06T21:20:26+00:00","dateModified":"2024-07-04T16:53:47+00:00","description":"Universidad de las Artes - Obra de Fredy Vallejos fue seleccionada para el festival Journ\u00e9es Art &amp; Science de Francia","breadcrumb":{"@id":"https:\/\/www.uartes.edu.ec\/sitio\/fr\/blog\/2018\/07\/06\/obra-de-fredy-vallejos-fue-seleccionada-para-el-festival-journees-art-science-de-francia\/#breadcrumb"},"inLanguage":"fr-FR","potentialAction":[{"@type":"ReadAction","target":["https:\/\/www.uartes.edu.ec\/sitio\/fr\/blog\/2018\/07\/06\/obra-de-fredy-vallejos-fue-seleccionada-para-el-festival-journees-art-science-de-francia\/"]}]},{"@type":"ImageObject","inLanguage":"fr-FR","@id":"https:\/\/www.uartes.edu.ec\/sitio\/fr\/blog\/2018\/07\/06\/obra-de-fredy-vallejos-fue-seleccionada-para-el-festival-journees-art-science-de-francia\/#primaryimage","url":"","contentUrl":""},{"@type":"BreadcrumbList","@id":"https:\/\/www.uartes.edu.ec\/sitio\/fr\/blog\/2018\/07\/06\/obra-de-fredy-vallejos-fue-seleccionada-para-el-festival-journees-art-science-de-francia\/#breadcrumb","itemListElement":[{"@type":"ListItem","position":1,"name":"Inicio","item":"https:\/\/www.uartes.edu.ec\/sitio\/"},{"@type":"ListItem","position":2,"name":"Obra de Fredy Vallejos fue seleccionada para el festival Journ\u00e9es Art &amp; Science de Francia"}]},{"@type":"WebSite","@id":"https:\/\/www.uartes.edu.ec\/sitio\/fr\/#website","url":"https:\/\/www.uartes.edu.ec\/sitio\/fr\/","name":"Universidad de las Artes","description":"Sitio oficial de la Universidad Nacional de las Artes del Ecuador","publisher":{"@id":"https:\/\/www.uartes.edu.ec\/sitio\/fr\/#organization"},"potentialAction":[{"@type":"SearchAction","target":{"@type":"EntryPoint","urlTemplate":"https:\/\/www.uartes.edu.ec\/sitio\/fr\/?s={search_term_string}"},"query-input":{"@type":"PropertyValueSpecification","valueRequired":true,"valueName":"search_term_string"}}],"inLanguage":"fr-FR"},{"@type":"Organization","@id":"https:\/\/www.uartes.edu.ec\/sitio\/fr\/#organization","name":"Universidad de las Artes","url":"https:\/\/www.uartes.edu.ec\/sitio\/fr\/","logo":{"@type":"ImageObject","inLanguage":"fr-FR","@id":"https:\/\/www.uartes.edu.ec\/sitio\/fr\/#\/schema\/logo\/image\/","url":"https:\/\/www.uartes.edu.ec\/sitio\/wp-content\/uploads\/2022\/07\/logo-ua-horizontal.png","contentUrl":"https:\/\/www.uartes.edu.ec\/sitio\/wp-content\/uploads\/2022\/07\/logo-ua-horizontal.png","width":800,"height":276,"caption":"Universidad de las Artes"},"image":{"@id":"https:\/\/www.uartes.edu.ec\/sitio\/fr\/#\/schema\/logo\/image\/"},"sameAs":["https:\/\/www.facebook.com\/uartesec","https:\/\/x.com\/uartesec","https:\/\/www.tiktok.com\/@uartesec"]},{"@type":"Person","@id":"https:\/\/www.uartes.edu.ec\/sitio\/fr\/#\/schema\/person\/f33f8c1d2af0d5c80a38c8abf458184a","name":"Universidad de las Artes","image":{"@type":"ImageObject","inLanguage":"fr-FR","@id":"https:\/\/secure.gravatar.com\/avatar\/52e4757902f5cfa5ac52d020e5be83cae5487519154b6c35482fe08d589f3c13?s=96&d=mm&r=g","url":"https:\/\/secure.gravatar.com\/avatar\/52e4757902f5cfa5ac52d020e5be83cae5487519154b6c35482fe08d589f3c13?s=96&d=mm&r=g","contentUrl":"https:\/\/secure.gravatar.com\/avatar\/52e4757902f5cfa5ac52d020e5be83cae5487519154b6c35482fe08d589f3c13?s=96&d=mm&r=g","caption":"Universidad de las Artes"},"url":"https:\/\/www.uartes.edu.ec\/sitio\/fr\/blog\/author\/dircomadm\/"}]}},"uagb_featured_image_src":{"full":false,"thumbnail":false,"medium":false,"medium_large":false,"large":false,"1536x1536":false,"2048x2048":false,"trp-custom-language-flag":false,"htmega_size_585x295":false,"htmega_size_1170x536":false,"htmega_size_396x360":false,"gb-block-post-grid-landscape":false,"gb-block-post-grid-square":false,"university-hub-thumb":false},"uagb_author_info":{"display_name":"Universidad de las Artes","author_link":"https:\/\/www.uartes.edu.ec\/sitio\/fr\/blog\/author\/dircomadm\/"},"uagb_comment_info":0,"uagb_excerpt":"La obra Relative Patterns 4, del docente\u00a0de la Escuela de Artes Sonoras\u00a0Fredy Vallejos, fue seleccionada en el marco de los Encuentros de Arte y Ciencia (Journ\u00e9es Art &amp; Science),\u00a0coordinados por la asociaci\u00f3n francesa de inform\u00e1tica musical en la ciudad de Bourges, Francia. La tem\u00e1tica de la convocatoria fue el \u201cTiempo\u201d, representado en las ciencias y\u2026","featured_image_src":null,"featured_image_src_square":null,"author_info":{"display_name":"Universidad de las Artes","author_link":"https:\/\/www.uartes.edu.ec\/sitio\/fr\/blog\/author\/dircomadm\/"},"publishpress_future_workflow_manual_trigger":{"enabledWorkflows":[]},"distributor_meta":false,"distributor_terms":false,"distributor_media":false,"distributor_original_site_name":"Universidad de las Artes","distributor_original_site_url":"https:\/\/www.uartes.edu.ec\/sitio\/fr","push-errors":false,"_links":{"self":[{"href":"https:\/\/www.uartes.edu.ec\/sitio\/fr\/wp-json\/wp\/v2\/posts\/1662","targetHints":{"allow":["GET"]}}],"collection":[{"href":"https:\/\/www.uartes.edu.ec\/sitio\/fr\/wp-json\/wp\/v2\/posts"}],"about":[{"href":"https:\/\/www.uartes.edu.ec\/sitio\/fr\/wp-json\/wp\/v2\/types\/post"}],"author":[{"embeddable":true,"href":"https:\/\/www.uartes.edu.ec\/sitio\/fr\/wp-json\/wp\/v2\/users\/1"}],"replies":[{"embeddable":true,"href":"https:\/\/www.uartes.edu.ec\/sitio\/fr\/wp-json\/wp\/v2\/comments?post=1662"}],"version-history":[{"count":1,"href":"https:\/\/www.uartes.edu.ec\/sitio\/fr\/wp-json\/wp\/v2\/posts\/1662\/revisions"}],"predecessor-version":[{"id":3356,"href":"https:\/\/www.uartes.edu.ec\/sitio\/fr\/wp-json\/wp\/v2\/posts\/1662\/revisions\/3356"}],"wp:featuredmedia":[{"embeddable":true,"href":"https:\/\/www.uartes.edu.ec\/sitio\/fr\/wp-json\/"}],"wp:attachment":[{"href":"https:\/\/www.uartes.edu.ec\/sitio\/fr\/wp-json\/wp\/v2\/media?parent=1662"}],"wp:term":[{"taxonomy":"category","embeddable":true,"href":"https:\/\/www.uartes.edu.ec\/sitio\/fr\/wp-json\/wp\/v2\/categories?post=1662"},{"taxonomy":"post_tag","embeddable":true,"href":"https:\/\/www.uartes.edu.ec\/sitio\/fr\/wp-json\/wp\/v2\/tags?post=1662"},{"taxonomy":"infouartes","embeddable":true,"href":"https:\/\/www.uartes.edu.ec\/sitio\/fr\/wp-json\/wp\/v2\/infouartes?post=1662"}],"curies":[{"name":"wp","href":"https:\/\/api.w.org\/{rel}","templated":true}]}}