{"id":1668,"date":"2018-07-10T16:20:26","date_gmt":"2018-07-10T21:20:26","guid":{"rendered":"http:\/\/www.uartes.edu.ec\/infouartes\/?p=1668"},"modified":"2024-07-04T11:53:47","modified_gmt":"2024-07-04T16:53:47","slug":"convenio-uartes-inpc-en-beneficio-del-patrimonio-cultural-material-e-inmaterial","status":"publish","type":"post","link":"https:\/\/www.uartes.edu.ec\/sitio\/fr\/blog\/2018\/07\/10\/convenio-uartes-inpc-en-beneficio-del-patrimonio-cultural-material-e-inmaterial\/","title":{"rendered":"Convenio UArtes \u2013 INPC en beneficio del patrimonio cultural material e inmaterial"},"content":{"rendered":"<p>La Universidad de las Artes del Ecuador y el Instituto Nacional de Patrimonio Cultural (INPC) firmar\u00e1n un convenio marco de cooperaci\u00f3n interinstitucional que permitir\u00e1, entre otras acciones, gestionar el acceso y difusi\u00f3n del archivo hist\u00f3rico del diario El Tel\u00e9grafo, as\u00ed como realizar programas, proyectos y actividades acad\u00e9micas, culturales y de vinculaci\u00f3n con la comunidad en conjunto. En la firma del acuerdo participar\u00e1n Joaqu\u00edn Francisco Moscoso, Director Ejecutivo del INPC, y Ramiro Noriega Fern\u00e1ndez, Rector de la UArtes.<\/p>\n<p>El acuerdo permitir\u00e1 aunar esfuerzos para la gesti\u00f3n del patrimonio material e inmaterial, mediante procesos de investigaci\u00f3n y de puesta en valor de los patrimonios. Cabe mencionar que la Universidad de las Artes resguarda, desde octubre de 2015, el Fondo Hist\u00f3rico del Diario El Tel\u00e9grafo. Este Fondo, que cuenta con cerca de 1500 tomos de impresos desde 1886 y 1\u2019400.000 fotograf\u00edas del siglo XX, estar\u00e1 alojado en la Biblioteca de las Artes. El mismo ser\u00e1 digitalizado para ampliar el acceso por parte de la ciudadan\u00eda. Con este acuerdo de cooperaci\u00f3n se establecer\u00e1n proyectos conjuntos de investigaci\u00f3n y de vinculaci\u00f3n con la comunidad que pongan en valor a este acervo patrimonial.<\/p>\n<p>As\u00ed mismo, el convenio aportar\u00e1 a los procesos de recuperaci\u00f3n de edificios patrimoniales que lleva adelante la Universidad de las Artes en Guayaquil, como el Palacio de la Gobernaci\u00f3n, actual Campus Centro de la UArtes; el edifico del ex Banco de Descuento, que ser\u00e1 la Biblioteca de las Artes; y, el ex edifico de la Bolsa de Valores de Guayaquil, que ser\u00e1 el Centro de Innovaci\u00f3n Cultural \u2013 MZ14. A este grupo de inmuebles se sumar\u00e1n el Edifico de El Tel\u00e9grafo, la ex C\u00e1rcel Municipal de Guayaquil, que pr\u00f3ximamente ser\u00e1n recuperados para el uso y apropiaci\u00f3n de la ciudadan\u00eda.<\/p>\n<p>Se prev\u00e9, entre otras acciones, fomentar la participaci\u00f3n del personal del INPC en programas de formaci\u00f3n y capacitaci\u00f3n; desarrollar publicaciones conjuntas; promover el intercambio de informaci\u00f3n, libros, productos audiovisuales y digitales; y promover la realizaci\u00f3n de pr\u00e1cticas preprofesionales por parte de estudiantes de la UArtes en las actividades relacionadas con el campo de su formaci\u00f3n en el Instituto.<\/p>","protected":false},"excerpt":{"rendered":"<p>La Universidad de las Artes del Ecuador y el Instituto Nacional de Patrimonio Cultural (INPC) firmar\u00e1n un convenio marco de cooperaci\u00f3n interinstitucional que permitir\u00e1, entre otras acciones, gestionar el acceso y difusi\u00f3n del archivo hist\u00f3rico del diario El Tel\u00e9grafo, as\u00ed como realizar programas, proyectos y actividades acad\u00e9micas, culturales y de vinculaci\u00f3n con la comunidad en [&hellip;]<\/p>\n","protected":false},"author":1,"featured_media":1687,"comment_status":"closed","ping_status":"closed","sticky":false,"template":"","format":"standard","meta":{"_acf_changed":false,"_uag_custom_page_level_css":"","_monsterinsights_skip_tracking":false,"_monsterinsights_sitenote_active":false,"_monsterinsights_sitenote_note":"","_monsterinsights_sitenote_category":0,"cybocfi_hide_featured_image":"","footnotes":""},"categories":[77],"tags":[],"infouartes":[],"class_list":["post-1668","post","type-post","status-publish","format-standard","has-post-thumbnail","hentry","category-gestion"],"acf":[],"yoast_head":"<!-- This site is optimized with the Yoast SEO plugin v27.4 - https:\/\/yoast.com\/product\/yoast-seo-wordpress\/ -->\n<title>Universidad de las Artes - Convenio UArtes \u2013 INPC en beneficio del patrimonio cultural material e inmaterial<\/title>\n<meta name=\"description\" content=\"Universidad de las Artes - Convenio UArtes \u2013 INPC en beneficio del patrimonio cultural material e inmaterial\" \/>\n<meta name=\"robots\" content=\"index, follow, max-snippet:-1, max-image-preview:large, max-video-preview:-1\" \/>\n<link rel=\"canonical\" href=\"https:\/\/www.uartes.edu.ec\/sitio\/fr\/blog\/2018\/07\/10\/convenio-uartes-inpc-en-beneficio-del-patrimonio-cultural-material-e-inmaterial\/\" \/>\n<meta property=\"og:locale\" content=\"fr_FR\" \/>\n<meta property=\"og:type\" content=\"article\" \/>\n<meta property=\"og:title\" content=\"Universidad de las Artes - Convenio UArtes \u2013 INPC en beneficio del patrimonio cultural material e inmaterial\" \/>\n<meta property=\"og:description\" content=\"Universidad de las Artes - Convenio UArtes \u2013 INPC en beneficio del patrimonio cultural material e inmaterial\" \/>\n<meta property=\"og:url\" content=\"https:\/\/www.uartes.edu.ec\/sitio\/fr\/blog\/2018\/07\/10\/convenio-uartes-inpc-en-beneficio-del-patrimonio-cultural-material-e-inmaterial\/\" \/>\n<meta property=\"og:site_name\" content=\"Universidad de las Artes\" \/>\n<meta property=\"article:publisher\" content=\"https:\/\/www.facebook.com\/uartesec\" \/>\n<meta property=\"article:published_time\" content=\"2018-07-10T21:20:26+00:00\" \/>\n<meta property=\"article:modified_time\" content=\"2024-07-04T16:53:47+00:00\" \/>\n<meta name=\"author\" content=\"Universidad de las Artes\" \/>\n<meta name=\"twitter:card\" content=\"summary_large_image\" \/>\n<meta name=\"twitter:creator\" content=\"@uartesec\" \/>\n<meta name=\"twitter:site\" content=\"@uartesec\" \/>\n<meta name=\"twitter:label1\" content=\"\u00c9crit par\" \/>\n\t<meta name=\"twitter:data1\" content=\"Universidad de las Artes\" \/>\n\t<meta name=\"twitter:label2\" content=\"Dur\u00e9e de lecture estim\u00e9e\" \/>\n\t<meta name=\"twitter:data2\" content=\"2 minutes\" \/>\n<script type=\"application\/ld+json\" class=\"yoast-schema-graph\">{\"@context\":\"https:\\\/\\\/schema.org\",\"@graph\":[{\"@type\":\"Article\",\"@id\":\"https:\\\/\\\/www.uartes.edu.ec\\\/sitio\\\/fr\\\/blog\\\/2018\\\/07\\\/10\\\/convenio-uartes-inpc-en-beneficio-del-patrimonio-cultural-material-e-inmaterial\\\/#article\",\"isPartOf\":{\"@id\":\"https:\\\/\\\/www.uartes.edu.ec\\\/sitio\\\/fr\\\/blog\\\/2018\\\/07\\\/10\\\/convenio-uartes-inpc-en-beneficio-del-patrimonio-cultural-material-e-inmaterial\\\/\"},\"author\":{\"name\":\"Universidad de las Artes\",\"@id\":\"https:\\\/\\\/www.uartes.edu.ec\\\/sitio\\\/fr\\\/#\\\/schema\\\/person\\\/f33f8c1d2af0d5c80a38c8abf458184a\"},\"headline\":\"Convenio UArtes \u2013 INPC en beneficio del patrimonio cultural material e inmaterial\",\"datePublished\":\"2018-07-10T21:20:26+00:00\",\"dateModified\":\"2024-07-04T16:53:47+00:00\",\"mainEntityOfPage\":{\"@id\":\"https:\\\/\\\/www.uartes.edu.ec\\\/sitio\\\/fr\\\/blog\\\/2018\\\/07\\\/10\\\/convenio-uartes-inpc-en-beneficio-del-patrimonio-cultural-material-e-inmaterial\\\/\"},\"wordCount\":387,\"publisher\":{\"@id\":\"https:\\\/\\\/www.uartes.edu.ec\\\/sitio\\\/fr\\\/#organization\"},\"image\":{\"@id\":\"https:\\\/\\\/www.uartes.edu.ec\\\/sitio\\\/fr\\\/blog\\\/2018\\\/07\\\/10\\\/convenio-uartes-inpc-en-beneficio-del-patrimonio-cultural-material-e-inmaterial\\\/#primaryimage\"},\"thumbnailUrl\":\"\",\"articleSection\":[\"Gesti\u00f3n\"],\"inLanguage\":\"fr-FR\"},{\"@type\":[\"WebPage\",\"ItemPage\"],\"@id\":\"https:\\\/\\\/www.uartes.edu.ec\\\/sitio\\\/fr\\\/blog\\\/2018\\\/07\\\/10\\\/convenio-uartes-inpc-en-beneficio-del-patrimonio-cultural-material-e-inmaterial\\\/\",\"url\":\"https:\\\/\\\/www.uartes.edu.ec\\\/sitio\\\/fr\\\/blog\\\/2018\\\/07\\\/10\\\/convenio-uartes-inpc-en-beneficio-del-patrimonio-cultural-material-e-inmaterial\\\/\",\"name\":\"Universidad de las Artes - Convenio UArtes \u2013 INPC en beneficio del patrimonio cultural material e inmaterial\",\"isPartOf\":{\"@id\":\"https:\\\/\\\/www.uartes.edu.ec\\\/sitio\\\/fr\\\/#website\"},\"primaryImageOfPage\":{\"@id\":\"https:\\\/\\\/www.uartes.edu.ec\\\/sitio\\\/fr\\\/blog\\\/2018\\\/07\\\/10\\\/convenio-uartes-inpc-en-beneficio-del-patrimonio-cultural-material-e-inmaterial\\\/#primaryimage\"},\"image\":{\"@id\":\"https:\\\/\\\/www.uartes.edu.ec\\\/sitio\\\/fr\\\/blog\\\/2018\\\/07\\\/10\\\/convenio-uartes-inpc-en-beneficio-del-patrimonio-cultural-material-e-inmaterial\\\/#primaryimage\"},\"thumbnailUrl\":\"\",\"datePublished\":\"2018-07-10T21:20:26+00:00\",\"dateModified\":\"2024-07-04T16:53:47+00:00\",\"description\":\"Universidad de las Artes - Convenio UArtes \u2013 INPC en beneficio del patrimonio cultural material e inmaterial\",\"breadcrumb\":{\"@id\":\"https:\\\/\\\/www.uartes.edu.ec\\\/sitio\\\/fr\\\/blog\\\/2018\\\/07\\\/10\\\/convenio-uartes-inpc-en-beneficio-del-patrimonio-cultural-material-e-inmaterial\\\/#breadcrumb\"},\"inLanguage\":\"fr-FR\",\"potentialAction\":[{\"@type\":\"ReadAction\",\"target\":[\"https:\\\/\\\/www.uartes.edu.ec\\\/sitio\\\/fr\\\/blog\\\/2018\\\/07\\\/10\\\/convenio-uartes-inpc-en-beneficio-del-patrimonio-cultural-material-e-inmaterial\\\/\"]}]},{\"@type\":\"ImageObject\",\"inLanguage\":\"fr-FR\",\"@id\":\"https:\\\/\\\/www.uartes.edu.ec\\\/sitio\\\/fr\\\/blog\\\/2018\\\/07\\\/10\\\/convenio-uartes-inpc-en-beneficio-del-patrimonio-cultural-material-e-inmaterial\\\/#primaryimage\",\"url\":\"\",\"contentUrl\":\"\"},{\"@type\":\"BreadcrumbList\",\"@id\":\"https:\\\/\\\/www.uartes.edu.ec\\\/sitio\\\/fr\\\/blog\\\/2018\\\/07\\\/10\\\/convenio-uartes-inpc-en-beneficio-del-patrimonio-cultural-material-e-inmaterial\\\/#breadcrumb\",\"itemListElement\":[{\"@type\":\"ListItem\",\"position\":1,\"name\":\"Inicio\",\"item\":\"https:\\\/\\\/www.uartes.edu.ec\\\/sitio\\\/\"},{\"@type\":\"ListItem\",\"position\":2,\"name\":\"Convenio UArtes \u2013 INPC en beneficio del patrimonio cultural material e inmaterial\"}]},{\"@type\":\"WebSite\",\"@id\":\"https:\\\/\\\/www.uartes.edu.ec\\\/sitio\\\/fr\\\/#website\",\"url\":\"https:\\\/\\\/www.uartes.edu.ec\\\/sitio\\\/fr\\\/\",\"name\":\"Universidad de las Artes\",\"description\":\"Sitio oficial de la Universidad Nacional de las Artes del Ecuador\",\"publisher\":{\"@id\":\"https:\\\/\\\/www.uartes.edu.ec\\\/sitio\\\/fr\\\/#organization\"},\"potentialAction\":[{\"@type\":\"SearchAction\",\"target\":{\"@type\":\"EntryPoint\",\"urlTemplate\":\"https:\\\/\\\/www.uartes.edu.ec\\\/sitio\\\/fr\\\/?s={search_term_string}\"},\"query-input\":{\"@type\":\"PropertyValueSpecification\",\"valueRequired\":true,\"valueName\":\"search_term_string\"}}],\"inLanguage\":\"fr-FR\"},{\"@type\":\"Organization\",\"@id\":\"https:\\\/\\\/www.uartes.edu.ec\\\/sitio\\\/fr\\\/#organization\",\"name\":\"Universidad de las Artes\",\"url\":\"https:\\\/\\\/www.uartes.edu.ec\\\/sitio\\\/fr\\\/\",\"logo\":{\"@type\":\"ImageObject\",\"inLanguage\":\"fr-FR\",\"@id\":\"https:\\\/\\\/www.uartes.edu.ec\\\/sitio\\\/fr\\\/#\\\/schema\\\/logo\\\/image\\\/\",\"url\":\"https:\\\/\\\/www.uartes.edu.ec\\\/sitio\\\/wp-content\\\/uploads\\\/2022\\\/07\\\/logo-ua-horizontal.png\",\"contentUrl\":\"https:\\\/\\\/www.uartes.edu.ec\\\/sitio\\\/wp-content\\\/uploads\\\/2022\\\/07\\\/logo-ua-horizontal.png\",\"width\":800,\"height\":276,\"caption\":\"Universidad de las Artes\"},\"image\":{\"@id\":\"https:\\\/\\\/www.uartes.edu.ec\\\/sitio\\\/fr\\\/#\\\/schema\\\/logo\\\/image\\\/\"},\"sameAs\":[\"https:\\\/\\\/www.facebook.com\\\/uartesec\",\"https:\\\/\\\/x.com\\\/uartesec\",\"https:\\\/\\\/www.tiktok.com\\\/@uartesec\"]},{\"@type\":\"Person\",\"@id\":\"https:\\\/\\\/www.uartes.edu.ec\\\/sitio\\\/fr\\\/#\\\/schema\\\/person\\\/f33f8c1d2af0d5c80a38c8abf458184a\",\"name\":\"Universidad de las Artes\",\"image\":{\"@type\":\"ImageObject\",\"inLanguage\":\"fr-FR\",\"@id\":\"https:\\\/\\\/secure.gravatar.com\\\/avatar\\\/52e4757902f5cfa5ac52d020e5be83cae5487519154b6c35482fe08d589f3c13?s=96&d=mm&r=g\",\"url\":\"https:\\\/\\\/secure.gravatar.com\\\/avatar\\\/52e4757902f5cfa5ac52d020e5be83cae5487519154b6c35482fe08d589f3c13?s=96&d=mm&r=g\",\"contentUrl\":\"https:\\\/\\\/secure.gravatar.com\\\/avatar\\\/52e4757902f5cfa5ac52d020e5be83cae5487519154b6c35482fe08d589f3c13?s=96&d=mm&r=g\",\"caption\":\"Universidad de las Artes\"},\"url\":\"https:\\\/\\\/www.uartes.edu.ec\\\/sitio\\\/fr\\\/blog\\\/author\\\/dircomadm\\\/\"}]}<\/script>\n<!-- \/ Yoast SEO plugin. -->","yoast_head_json":{"title":"Universidad de las Artes - Convenio UArtes \u2013 INPC en beneficio del patrimonio cultural material e inmaterial","description":"Universidad de las Artes - Convenio UArtes \u2013 INPC en beneficio del patrimonio cultural material e inmaterial","robots":{"index":"index","follow":"follow","max-snippet":"max-snippet:-1","max-image-preview":"max-image-preview:large","max-video-preview":"max-video-preview:-1"},"canonical":"https:\/\/www.uartes.edu.ec\/sitio\/fr\/blog\/2018\/07\/10\/convenio-uartes-inpc-en-beneficio-del-patrimonio-cultural-material-e-inmaterial\/","og_locale":"fr_FR","og_type":"article","og_title":"Universidad de las Artes - Convenio UArtes \u2013 INPC en beneficio del patrimonio cultural material e inmaterial","og_description":"Universidad de las Artes - Convenio UArtes \u2013 INPC en beneficio del patrimonio cultural material e inmaterial","og_url":"https:\/\/www.uartes.edu.ec\/sitio\/fr\/blog\/2018\/07\/10\/convenio-uartes-inpc-en-beneficio-del-patrimonio-cultural-material-e-inmaterial\/","og_site_name":"Universidad de las Artes","article_publisher":"https:\/\/www.facebook.com\/uartesec","article_published_time":"2018-07-10T21:20:26+00:00","article_modified_time":"2024-07-04T16:53:47+00:00","author":"Universidad de las Artes","twitter_card":"summary_large_image","twitter_creator":"@uartesec","twitter_site":"@uartesec","twitter_misc":{"\u00c9crit par":"Universidad de las Artes","Dur\u00e9e de lecture estim\u00e9e":"2 minutes"},"schema":{"@context":"https:\/\/schema.org","@graph":[{"@type":"Article","@id":"https:\/\/www.uartes.edu.ec\/sitio\/fr\/blog\/2018\/07\/10\/convenio-uartes-inpc-en-beneficio-del-patrimonio-cultural-material-e-inmaterial\/#article","isPartOf":{"@id":"https:\/\/www.uartes.edu.ec\/sitio\/fr\/blog\/2018\/07\/10\/convenio-uartes-inpc-en-beneficio-del-patrimonio-cultural-material-e-inmaterial\/"},"author":{"name":"Universidad de las Artes","@id":"https:\/\/www.uartes.edu.ec\/sitio\/fr\/#\/schema\/person\/f33f8c1d2af0d5c80a38c8abf458184a"},"headline":"Convenio UArtes \u2013 INPC en beneficio del patrimonio cultural material e inmaterial","datePublished":"2018-07-10T21:20:26+00:00","dateModified":"2024-07-04T16:53:47+00:00","mainEntityOfPage":{"@id":"https:\/\/www.uartes.edu.ec\/sitio\/fr\/blog\/2018\/07\/10\/convenio-uartes-inpc-en-beneficio-del-patrimonio-cultural-material-e-inmaterial\/"},"wordCount":387,"publisher":{"@id":"https:\/\/www.uartes.edu.ec\/sitio\/fr\/#organization"},"image":{"@id":"https:\/\/www.uartes.edu.ec\/sitio\/fr\/blog\/2018\/07\/10\/convenio-uartes-inpc-en-beneficio-del-patrimonio-cultural-material-e-inmaterial\/#primaryimage"},"thumbnailUrl":"","articleSection":["Gesti\u00f3n"],"inLanguage":"fr-FR"},{"@type":["WebPage","ItemPage"],"@id":"https:\/\/www.uartes.edu.ec\/sitio\/fr\/blog\/2018\/07\/10\/convenio-uartes-inpc-en-beneficio-del-patrimonio-cultural-material-e-inmaterial\/","url":"https:\/\/www.uartes.edu.ec\/sitio\/fr\/blog\/2018\/07\/10\/convenio-uartes-inpc-en-beneficio-del-patrimonio-cultural-material-e-inmaterial\/","name":"Universidad de las Artes - Convenio UArtes \u2013 INPC en beneficio del patrimonio cultural material e inmaterial","isPartOf":{"@id":"https:\/\/www.uartes.edu.ec\/sitio\/fr\/#website"},"primaryImageOfPage":{"@id":"https:\/\/www.uartes.edu.ec\/sitio\/fr\/blog\/2018\/07\/10\/convenio-uartes-inpc-en-beneficio-del-patrimonio-cultural-material-e-inmaterial\/#primaryimage"},"image":{"@id":"https:\/\/www.uartes.edu.ec\/sitio\/fr\/blog\/2018\/07\/10\/convenio-uartes-inpc-en-beneficio-del-patrimonio-cultural-material-e-inmaterial\/#primaryimage"},"thumbnailUrl":"","datePublished":"2018-07-10T21:20:26+00:00","dateModified":"2024-07-04T16:53:47+00:00","description":"Universidad de las Artes - Convenio UArtes \u2013 INPC en beneficio del patrimonio cultural material e inmaterial","breadcrumb":{"@id":"https:\/\/www.uartes.edu.ec\/sitio\/fr\/blog\/2018\/07\/10\/convenio-uartes-inpc-en-beneficio-del-patrimonio-cultural-material-e-inmaterial\/#breadcrumb"},"inLanguage":"fr-FR","potentialAction":[{"@type":"ReadAction","target":["https:\/\/www.uartes.edu.ec\/sitio\/fr\/blog\/2018\/07\/10\/convenio-uartes-inpc-en-beneficio-del-patrimonio-cultural-material-e-inmaterial\/"]}]},{"@type":"ImageObject","inLanguage":"fr-FR","@id":"https:\/\/www.uartes.edu.ec\/sitio\/fr\/blog\/2018\/07\/10\/convenio-uartes-inpc-en-beneficio-del-patrimonio-cultural-material-e-inmaterial\/#primaryimage","url":"","contentUrl":""},{"@type":"BreadcrumbList","@id":"https:\/\/www.uartes.edu.ec\/sitio\/fr\/blog\/2018\/07\/10\/convenio-uartes-inpc-en-beneficio-del-patrimonio-cultural-material-e-inmaterial\/#breadcrumb","itemListElement":[{"@type":"ListItem","position":1,"name":"Inicio","item":"https:\/\/www.uartes.edu.ec\/sitio\/"},{"@type":"ListItem","position":2,"name":"Convenio UArtes \u2013 INPC en beneficio del patrimonio cultural material e inmaterial"}]},{"@type":"WebSite","@id":"https:\/\/www.uartes.edu.ec\/sitio\/fr\/#website","url":"https:\/\/www.uartes.edu.ec\/sitio\/fr\/","name":"Universidad de las Artes","description":"Sitio oficial de la Universidad Nacional de las Artes del Ecuador","publisher":{"@id":"https:\/\/www.uartes.edu.ec\/sitio\/fr\/#organization"},"potentialAction":[{"@type":"SearchAction","target":{"@type":"EntryPoint","urlTemplate":"https:\/\/www.uartes.edu.ec\/sitio\/fr\/?s={search_term_string}"},"query-input":{"@type":"PropertyValueSpecification","valueRequired":true,"valueName":"search_term_string"}}],"inLanguage":"fr-FR"},{"@type":"Organization","@id":"https:\/\/www.uartes.edu.ec\/sitio\/fr\/#organization","name":"Universidad de las Artes","url":"https:\/\/www.uartes.edu.ec\/sitio\/fr\/","logo":{"@type":"ImageObject","inLanguage":"fr-FR","@id":"https:\/\/www.uartes.edu.ec\/sitio\/fr\/#\/schema\/logo\/image\/","url":"https:\/\/www.uartes.edu.ec\/sitio\/wp-content\/uploads\/2022\/07\/logo-ua-horizontal.png","contentUrl":"https:\/\/www.uartes.edu.ec\/sitio\/wp-content\/uploads\/2022\/07\/logo-ua-horizontal.png","width":800,"height":276,"caption":"Universidad de las Artes"},"image":{"@id":"https:\/\/www.uartes.edu.ec\/sitio\/fr\/#\/schema\/logo\/image\/"},"sameAs":["https:\/\/www.facebook.com\/uartesec","https:\/\/x.com\/uartesec","https:\/\/www.tiktok.com\/@uartesec"]},{"@type":"Person","@id":"https:\/\/www.uartes.edu.ec\/sitio\/fr\/#\/schema\/person\/f33f8c1d2af0d5c80a38c8abf458184a","name":"Universidad de las Artes","image":{"@type":"ImageObject","inLanguage":"fr-FR","@id":"https:\/\/secure.gravatar.com\/avatar\/52e4757902f5cfa5ac52d020e5be83cae5487519154b6c35482fe08d589f3c13?s=96&d=mm&r=g","url":"https:\/\/secure.gravatar.com\/avatar\/52e4757902f5cfa5ac52d020e5be83cae5487519154b6c35482fe08d589f3c13?s=96&d=mm&r=g","contentUrl":"https:\/\/secure.gravatar.com\/avatar\/52e4757902f5cfa5ac52d020e5be83cae5487519154b6c35482fe08d589f3c13?s=96&d=mm&r=g","caption":"Universidad de las Artes"},"url":"https:\/\/www.uartes.edu.ec\/sitio\/fr\/blog\/author\/dircomadm\/"}]}},"uagb_featured_image_src":{"full":false,"thumbnail":false,"medium":false,"medium_large":false,"large":false,"1536x1536":false,"2048x2048":false,"trp-custom-language-flag":false,"htmega_size_585x295":false,"htmega_size_1170x536":false,"htmega_size_396x360":false,"gb-block-post-grid-landscape":false,"gb-block-post-grid-square":false,"university-hub-thumb":false},"uagb_author_info":{"display_name":"Universidad de las Artes","author_link":"https:\/\/www.uartes.edu.ec\/sitio\/fr\/blog\/author\/dircomadm\/"},"uagb_comment_info":0,"uagb_excerpt":"La Universidad de las Artes del Ecuador y el Instituto Nacional de Patrimonio Cultural (INPC) firmar\u00e1n un convenio marco de cooperaci\u00f3n interinstitucional que permitir\u00e1, entre otras acciones, gestionar el acceso y difusi\u00f3n del archivo hist\u00f3rico del diario El Tel\u00e9grafo, as\u00ed como realizar programas, proyectos y actividades acad\u00e9micas, culturales y de vinculaci\u00f3n con la comunidad en\u2026","featured_image_src":null,"featured_image_src_square":null,"author_info":{"display_name":"Universidad de las Artes","author_link":"https:\/\/www.uartes.edu.ec\/sitio\/fr\/blog\/author\/dircomadm\/"},"publishpress_future_workflow_manual_trigger":{"enabledWorkflows":[]},"distributor_meta":false,"distributor_terms":false,"distributor_media":false,"distributor_original_site_name":"Universidad de las Artes","distributor_original_site_url":"https:\/\/www.uartes.edu.ec\/sitio\/fr","push-errors":false,"_links":{"self":[{"href":"https:\/\/www.uartes.edu.ec\/sitio\/fr\/wp-json\/wp\/v2\/posts\/1668","targetHints":{"allow":["GET"]}}],"collection":[{"href":"https:\/\/www.uartes.edu.ec\/sitio\/fr\/wp-json\/wp\/v2\/posts"}],"about":[{"href":"https:\/\/www.uartes.edu.ec\/sitio\/fr\/wp-json\/wp\/v2\/types\/post"}],"author":[{"embeddable":true,"href":"https:\/\/www.uartes.edu.ec\/sitio\/fr\/wp-json\/wp\/v2\/users\/1"}],"replies":[{"embeddable":true,"href":"https:\/\/www.uartes.edu.ec\/sitio\/fr\/wp-json\/wp\/v2\/comments?post=1668"}],"version-history":[{"count":1,"href":"https:\/\/www.uartes.edu.ec\/sitio\/fr\/wp-json\/wp\/v2\/posts\/1668\/revisions"}],"predecessor-version":[{"id":3355,"href":"https:\/\/www.uartes.edu.ec\/sitio\/fr\/wp-json\/wp\/v2\/posts\/1668\/revisions\/3355"}],"wp:featuredmedia":[{"embeddable":true,"href":"https:\/\/www.uartes.edu.ec\/sitio\/fr\/wp-json\/"}],"wp:attachment":[{"href":"https:\/\/www.uartes.edu.ec\/sitio\/fr\/wp-json\/wp\/v2\/media?parent=1668"}],"wp:term":[{"taxonomy":"category","embeddable":true,"href":"https:\/\/www.uartes.edu.ec\/sitio\/fr\/wp-json\/wp\/v2\/categories?post=1668"},{"taxonomy":"post_tag","embeddable":true,"href":"https:\/\/www.uartes.edu.ec\/sitio\/fr\/wp-json\/wp\/v2\/tags?post=1668"},{"taxonomy":"infouartes","embeddable":true,"href":"https:\/\/www.uartes.edu.ec\/sitio\/fr\/wp-json\/wp\/v2\/infouartes?post=1668"}],"curies":[{"name":"wp","href":"https:\/\/api.w.org\/{rel}","templated":true}]}}