{"id":1690,"date":"2018-07-11T16:20:25","date_gmt":"2018-07-11T21:20:25","guid":{"rendered":"http:\/\/www.uartes.edu.ec\/infouartes\/?p=1690"},"modified":"2024-07-04T11:53:46","modified_gmt":"2024-07-04T16:53:46","slug":"acuerdo-entre-uartes-y-fondo-de-cultura-economica-permitira-establecer-dos-librerias-en-guayaquil","status":"publish","type":"post","link":"https:\/\/www.uartes.edu.ec\/sitio\/fr\/blog\/2018\/07\/11\/acuerdo-entre-uartes-y-fondo-de-cultura-economica-permitira-establecer-dos-librerias-en-guayaquil\/","title":{"rendered":"Acuerdo entre UArtes y Fondo de Cultura Econ\u00f3mica permitir\u00e1 establecer dos librer\u00edas en Guayaquil"},"content":{"rendered":"<p>La Universidad de las Artes del Ecuador y la Fundaci\u00f3n Fondo de Cultura Econ\u00f3mica firmar\u00e1n un convenio de cooperaci\u00f3n para el fortalecimiento de la relaci\u00f3n cultural, art\u00edstica y acad\u00e9mica entre Ecuador y M\u00e9xico. En la firma del acuerdo, que se realizar\u00e1 el jueves 19 de julio de 2018 a las 11h00 en las instalaciones de la Universidad, participar\u00e1n Jos\u00e9 Carre\u00f1o, Director General del Fondo de Cultura Econ\u00f3mica de M\u00e9xico, y Ramiro Noriega, Rector de la UArtes.<\/p>\n<p>Este acuerdo, que se constituye en un hito hist\u00f3rico para la promoci\u00f3n y difusi\u00f3n de la literatura latinoamericana en la ciudad, permitir\u00e1, en una primera instancia, establecer una librer\u00eda en el Centro de Innovaci\u00f3n Cultural \u2013 MZ14 y una librer\u00eda para la colecci\u00f3n infanto-juvenil en la Biblioteca de las Artes, ambos espacios de la UArtes ubicados en el centro de Guayaquil.<\/p>\n<p>El convenio posibilitar\u00e1 la coedici\u00f3n de publicaciones entre UArtes Ediciones \u2013sello editorial de la Universidad\u2013 y el Fondo de Cultura Econ\u00f3mica, para su distribuci\u00f3n por la Fundaci\u00f3n. Se contempla, entre otros beneficios para la ciudadan\u00eda, que la Fundaci\u00f3n Fondo de Cultura promueva una agenda art\u00edstica en Guayaquil que suscite encuentros, ferias, presentaciones de libros con los autores, talleres de lectura y escritura, medicaci\u00f3n cultural, formaci\u00f3n de p\u00fablicos, entre otros.<\/p>\n<p>A trav\u00e9s de esta relaci\u00f3n con el Fondo de Cultura Econ\u00f3mica, una de las casas editoriales m\u00e1s prestigiosas de Latinoam\u00e9rica, la UArtes reivindica el derecho que tienen los ciudadanos de acceder al conocimiento producido por las artes. De igual manera, la implementaci\u00f3n de estas dos librer\u00edas consolida la propuesta de investigaci\u00f3n, formaci\u00f3n, experimentaci\u00f3n, producci\u00f3n y circulaci\u00f3n cultural y art\u00edstica por la que apuesta la Universidad de las Artes.<\/p>\n<p>El acto se realizar\u00e1 en el Sal\u00f3n de Uso M\u00faltiple, Campus Centro UArtes, Av. Malec\u00f3n y Aguirre. En el encuentro se expondr\u00e1n los alcances que se incluyen en el convenio.<\/p>","protected":false},"excerpt":{"rendered":"<p>La Universidad de las Artes del Ecuador y la Fundaci\u00f3n Fondo de Cultura Econ\u00f3mica firmar\u00e1n un convenio de cooperaci\u00f3n para el fortalecimiento de la relaci\u00f3n cultural, art\u00edstica y acad\u00e9mica entre Ecuador y M\u00e9xico. En la firma del acuerdo, que se realizar\u00e1 el jueves 19 de julio de 2018 a las 11h00 en las instalaciones de [&hellip;]<\/p>\n","protected":false},"author":1,"featured_media":1691,"comment_status":"closed","ping_status":"closed","sticky":false,"template":"","format":"standard","meta":{"_acf_changed":false,"_uag_custom_page_level_css":"","_monsterinsights_skip_tracking":false,"_monsterinsights_sitenote_active":false,"_monsterinsights_sitenote_note":"","_monsterinsights_sitenote_category":0,"cybocfi_hide_featured_image":"","footnotes":""},"categories":[77],"tags":[],"infouartes":[],"class_list":["post-1690","post","type-post","status-publish","format-standard","has-post-thumbnail","hentry","category-gestion"],"acf":[],"yoast_head":"<!-- This site is optimized with the Yoast SEO plugin v27.4 - https:\/\/yoast.com\/product\/yoast-seo-wordpress\/ -->\n<title>Universidad de las Artes - Acuerdo entre UArtes y Fondo de Cultura Econ\u00f3mica permitir\u00e1 establecer dos librer\u00edas en Guayaquil<\/title>\n<meta name=\"description\" content=\"Universidad de las Artes - Acuerdo entre UArtes y Fondo de Cultura Econ\u00f3mica permitir\u00e1 establecer dos librer\u00edas en Guayaquil\" \/>\n<meta name=\"robots\" content=\"index, follow, max-snippet:-1, max-image-preview:large, max-video-preview:-1\" \/>\n<link rel=\"canonical\" href=\"https:\/\/www.uartes.edu.ec\/sitio\/fr\/blog\/2018\/07\/11\/acuerdo-entre-uartes-y-fondo-de-cultura-economica-permitira-establecer-dos-librerias-en-guayaquil\/\" \/>\n<meta property=\"og:locale\" content=\"fr_FR\" \/>\n<meta property=\"og:type\" content=\"article\" \/>\n<meta property=\"og:title\" content=\"Universidad de las Artes - Acuerdo entre UArtes y Fondo de Cultura Econ\u00f3mica permitir\u00e1 establecer dos librer\u00edas en Guayaquil\" \/>\n<meta property=\"og:description\" content=\"Universidad de las Artes - Acuerdo entre UArtes y Fondo de Cultura Econ\u00f3mica permitir\u00e1 establecer dos librer\u00edas en Guayaquil\" \/>\n<meta property=\"og:url\" content=\"https:\/\/www.uartes.edu.ec\/sitio\/fr\/blog\/2018\/07\/11\/acuerdo-entre-uartes-y-fondo-de-cultura-economica-permitira-establecer-dos-librerias-en-guayaquil\/\" \/>\n<meta property=\"og:site_name\" content=\"Universidad de las Artes\" \/>\n<meta property=\"article:publisher\" content=\"https:\/\/www.facebook.com\/uartesec\" \/>\n<meta property=\"article:published_time\" content=\"2018-07-11T21:20:25+00:00\" \/>\n<meta property=\"article:modified_time\" content=\"2024-07-04T16:53:46+00:00\" \/>\n<meta name=\"author\" content=\"Universidad de las Artes\" \/>\n<meta name=\"twitter:card\" content=\"summary_large_image\" \/>\n<meta name=\"twitter:creator\" content=\"@uartesec\" \/>\n<meta name=\"twitter:site\" content=\"@uartesec\" \/>\n<meta name=\"twitter:label1\" content=\"\u00c9crit par\" \/>\n\t<meta name=\"twitter:data1\" content=\"Universidad de las Artes\" \/>\n\t<meta name=\"twitter:label2\" content=\"Dur\u00e9e de lecture estim\u00e9e\" \/>\n\t<meta name=\"twitter:data2\" content=\"2 minutes\" \/>\n<script type=\"application\/ld+json\" class=\"yoast-schema-graph\">{\"@context\":\"https:\\\/\\\/schema.org\",\"@graph\":[{\"@type\":\"Article\",\"@id\":\"https:\\\/\\\/www.uartes.edu.ec\\\/sitio\\\/fr\\\/blog\\\/2018\\\/07\\\/11\\\/acuerdo-entre-uartes-y-fondo-de-cultura-economica-permitira-establecer-dos-librerias-en-guayaquil\\\/#article\",\"isPartOf\":{\"@id\":\"https:\\\/\\\/www.uartes.edu.ec\\\/sitio\\\/fr\\\/blog\\\/2018\\\/07\\\/11\\\/acuerdo-entre-uartes-y-fondo-de-cultura-economica-permitira-establecer-dos-librerias-en-guayaquil\\\/\"},\"author\":{\"name\":\"Universidad de las Artes\",\"@id\":\"https:\\\/\\\/www.uartes.edu.ec\\\/sitio\\\/fr\\\/#\\\/schema\\\/person\\\/f33f8c1d2af0d5c80a38c8abf458184a\"},\"headline\":\"Acuerdo entre UArtes y Fondo de Cultura Econ\u00f3mica permitir\u00e1 establecer dos librer\u00edas en Guayaquil\",\"datePublished\":\"2018-07-11T21:20:25+00:00\",\"dateModified\":\"2024-07-04T16:53:46+00:00\",\"mainEntityOfPage\":{\"@id\":\"https:\\\/\\\/www.uartes.edu.ec\\\/sitio\\\/fr\\\/blog\\\/2018\\\/07\\\/11\\\/acuerdo-entre-uartes-y-fondo-de-cultura-economica-permitira-establecer-dos-librerias-en-guayaquil\\\/\"},\"wordCount\":363,\"publisher\":{\"@id\":\"https:\\\/\\\/www.uartes.edu.ec\\\/sitio\\\/fr\\\/#organization\"},\"image\":{\"@id\":\"https:\\\/\\\/www.uartes.edu.ec\\\/sitio\\\/fr\\\/blog\\\/2018\\\/07\\\/11\\\/acuerdo-entre-uartes-y-fondo-de-cultura-economica-permitira-establecer-dos-librerias-en-guayaquil\\\/#primaryimage\"},\"thumbnailUrl\":\"\",\"articleSection\":[\"Gesti\u00f3n\"],\"inLanguage\":\"fr-FR\"},{\"@type\":[\"WebPage\",\"ItemPage\"],\"@id\":\"https:\\\/\\\/www.uartes.edu.ec\\\/sitio\\\/fr\\\/blog\\\/2018\\\/07\\\/11\\\/acuerdo-entre-uartes-y-fondo-de-cultura-economica-permitira-establecer-dos-librerias-en-guayaquil\\\/\",\"url\":\"https:\\\/\\\/www.uartes.edu.ec\\\/sitio\\\/fr\\\/blog\\\/2018\\\/07\\\/11\\\/acuerdo-entre-uartes-y-fondo-de-cultura-economica-permitira-establecer-dos-librerias-en-guayaquil\\\/\",\"name\":\"Universidad de las Artes - Acuerdo entre UArtes y Fondo de Cultura Econ\u00f3mica permitir\u00e1 establecer dos librer\u00edas en Guayaquil\",\"isPartOf\":{\"@id\":\"https:\\\/\\\/www.uartes.edu.ec\\\/sitio\\\/fr\\\/#website\"},\"primaryImageOfPage\":{\"@id\":\"https:\\\/\\\/www.uartes.edu.ec\\\/sitio\\\/fr\\\/blog\\\/2018\\\/07\\\/11\\\/acuerdo-entre-uartes-y-fondo-de-cultura-economica-permitira-establecer-dos-librerias-en-guayaquil\\\/#primaryimage\"},\"image\":{\"@id\":\"https:\\\/\\\/www.uartes.edu.ec\\\/sitio\\\/fr\\\/blog\\\/2018\\\/07\\\/11\\\/acuerdo-entre-uartes-y-fondo-de-cultura-economica-permitira-establecer-dos-librerias-en-guayaquil\\\/#primaryimage\"},\"thumbnailUrl\":\"\",\"datePublished\":\"2018-07-11T21:20:25+00:00\",\"dateModified\":\"2024-07-04T16:53:46+00:00\",\"description\":\"Universidad de las Artes - Acuerdo entre UArtes y Fondo de Cultura Econ\u00f3mica permitir\u00e1 establecer dos librer\u00edas en Guayaquil\",\"breadcrumb\":{\"@id\":\"https:\\\/\\\/www.uartes.edu.ec\\\/sitio\\\/fr\\\/blog\\\/2018\\\/07\\\/11\\\/acuerdo-entre-uartes-y-fondo-de-cultura-economica-permitira-establecer-dos-librerias-en-guayaquil\\\/#breadcrumb\"},\"inLanguage\":\"fr-FR\",\"potentialAction\":[{\"@type\":\"ReadAction\",\"target\":[\"https:\\\/\\\/www.uartes.edu.ec\\\/sitio\\\/fr\\\/blog\\\/2018\\\/07\\\/11\\\/acuerdo-entre-uartes-y-fondo-de-cultura-economica-permitira-establecer-dos-librerias-en-guayaquil\\\/\"]}]},{\"@type\":\"ImageObject\",\"inLanguage\":\"fr-FR\",\"@id\":\"https:\\\/\\\/www.uartes.edu.ec\\\/sitio\\\/fr\\\/blog\\\/2018\\\/07\\\/11\\\/acuerdo-entre-uartes-y-fondo-de-cultura-economica-permitira-establecer-dos-librerias-en-guayaquil\\\/#primaryimage\",\"url\":\"\",\"contentUrl\":\"\"},{\"@type\":\"BreadcrumbList\",\"@id\":\"https:\\\/\\\/www.uartes.edu.ec\\\/sitio\\\/fr\\\/blog\\\/2018\\\/07\\\/11\\\/acuerdo-entre-uartes-y-fondo-de-cultura-economica-permitira-establecer-dos-librerias-en-guayaquil\\\/#breadcrumb\",\"itemListElement\":[{\"@type\":\"ListItem\",\"position\":1,\"name\":\"Inicio\",\"item\":\"https:\\\/\\\/www.uartes.edu.ec\\\/sitio\\\/\"},{\"@type\":\"ListItem\",\"position\":2,\"name\":\"Acuerdo entre UArtes y Fondo de Cultura Econ\u00f3mica permitir\u00e1 establecer dos librer\u00edas en Guayaquil\"}]},{\"@type\":\"WebSite\",\"@id\":\"https:\\\/\\\/www.uartes.edu.ec\\\/sitio\\\/fr\\\/#website\",\"url\":\"https:\\\/\\\/www.uartes.edu.ec\\\/sitio\\\/fr\\\/\",\"name\":\"Universidad de las Artes\",\"description\":\"Sitio oficial de la Universidad Nacional de las Artes del Ecuador\",\"publisher\":{\"@id\":\"https:\\\/\\\/www.uartes.edu.ec\\\/sitio\\\/fr\\\/#organization\"},\"potentialAction\":[{\"@type\":\"SearchAction\",\"target\":{\"@type\":\"EntryPoint\",\"urlTemplate\":\"https:\\\/\\\/www.uartes.edu.ec\\\/sitio\\\/fr\\\/?s={search_term_string}\"},\"query-input\":{\"@type\":\"PropertyValueSpecification\",\"valueRequired\":true,\"valueName\":\"search_term_string\"}}],\"inLanguage\":\"fr-FR\"},{\"@type\":\"Organization\",\"@id\":\"https:\\\/\\\/www.uartes.edu.ec\\\/sitio\\\/fr\\\/#organization\",\"name\":\"Universidad de las Artes\",\"url\":\"https:\\\/\\\/www.uartes.edu.ec\\\/sitio\\\/fr\\\/\",\"logo\":{\"@type\":\"ImageObject\",\"inLanguage\":\"fr-FR\",\"@id\":\"https:\\\/\\\/www.uartes.edu.ec\\\/sitio\\\/fr\\\/#\\\/schema\\\/logo\\\/image\\\/\",\"url\":\"https:\\\/\\\/www.uartes.edu.ec\\\/sitio\\\/wp-content\\\/uploads\\\/2022\\\/07\\\/logo-ua-horizontal.png\",\"contentUrl\":\"https:\\\/\\\/www.uartes.edu.ec\\\/sitio\\\/wp-content\\\/uploads\\\/2022\\\/07\\\/logo-ua-horizontal.png\",\"width\":800,\"height\":276,\"caption\":\"Universidad de las Artes\"},\"image\":{\"@id\":\"https:\\\/\\\/www.uartes.edu.ec\\\/sitio\\\/fr\\\/#\\\/schema\\\/logo\\\/image\\\/\"},\"sameAs\":[\"https:\\\/\\\/www.facebook.com\\\/uartesec\",\"https:\\\/\\\/x.com\\\/uartesec\",\"https:\\\/\\\/www.tiktok.com\\\/@uartesec\"]},{\"@type\":\"Person\",\"@id\":\"https:\\\/\\\/www.uartes.edu.ec\\\/sitio\\\/fr\\\/#\\\/schema\\\/person\\\/f33f8c1d2af0d5c80a38c8abf458184a\",\"name\":\"Universidad de las Artes\",\"image\":{\"@type\":\"ImageObject\",\"inLanguage\":\"fr-FR\",\"@id\":\"https:\\\/\\\/secure.gravatar.com\\\/avatar\\\/52e4757902f5cfa5ac52d020e5be83cae5487519154b6c35482fe08d589f3c13?s=96&d=mm&r=g\",\"url\":\"https:\\\/\\\/secure.gravatar.com\\\/avatar\\\/52e4757902f5cfa5ac52d020e5be83cae5487519154b6c35482fe08d589f3c13?s=96&d=mm&r=g\",\"contentUrl\":\"https:\\\/\\\/secure.gravatar.com\\\/avatar\\\/52e4757902f5cfa5ac52d020e5be83cae5487519154b6c35482fe08d589f3c13?s=96&d=mm&r=g\",\"caption\":\"Universidad de las Artes\"},\"url\":\"https:\\\/\\\/www.uartes.edu.ec\\\/sitio\\\/fr\\\/blog\\\/author\\\/dircomadm\\\/\"}]}<\/script>\n<!-- \/ Yoast SEO plugin. -->","yoast_head_json":{"title":"Universidad de las Artes - Acuerdo entre UArtes y Fondo de Cultura Econ\u00f3mica permitir\u00e1 establecer dos librer\u00edas en Guayaquil","description":"Universidad de las Artes - Acuerdo entre UArtes y Fondo de Cultura Econ\u00f3mica permitir\u00e1 establecer dos librer\u00edas en Guayaquil","robots":{"index":"index","follow":"follow","max-snippet":"max-snippet:-1","max-image-preview":"max-image-preview:large","max-video-preview":"max-video-preview:-1"},"canonical":"https:\/\/www.uartes.edu.ec\/sitio\/fr\/blog\/2018\/07\/11\/acuerdo-entre-uartes-y-fondo-de-cultura-economica-permitira-establecer-dos-librerias-en-guayaquil\/","og_locale":"fr_FR","og_type":"article","og_title":"Universidad de las Artes - Acuerdo entre UArtes y Fondo de Cultura Econ\u00f3mica permitir\u00e1 establecer dos librer\u00edas en Guayaquil","og_description":"Universidad de las Artes - Acuerdo entre UArtes y Fondo de Cultura Econ\u00f3mica permitir\u00e1 establecer dos librer\u00edas en Guayaquil","og_url":"https:\/\/www.uartes.edu.ec\/sitio\/fr\/blog\/2018\/07\/11\/acuerdo-entre-uartes-y-fondo-de-cultura-economica-permitira-establecer-dos-librerias-en-guayaquil\/","og_site_name":"Universidad de las Artes","article_publisher":"https:\/\/www.facebook.com\/uartesec","article_published_time":"2018-07-11T21:20:25+00:00","article_modified_time":"2024-07-04T16:53:46+00:00","author":"Universidad de las Artes","twitter_card":"summary_large_image","twitter_creator":"@uartesec","twitter_site":"@uartesec","twitter_misc":{"\u00c9crit par":"Universidad de las Artes","Dur\u00e9e de lecture estim\u00e9e":"2 minutes"},"schema":{"@context":"https:\/\/schema.org","@graph":[{"@type":"Article","@id":"https:\/\/www.uartes.edu.ec\/sitio\/fr\/blog\/2018\/07\/11\/acuerdo-entre-uartes-y-fondo-de-cultura-economica-permitira-establecer-dos-librerias-en-guayaquil\/#article","isPartOf":{"@id":"https:\/\/www.uartes.edu.ec\/sitio\/fr\/blog\/2018\/07\/11\/acuerdo-entre-uartes-y-fondo-de-cultura-economica-permitira-establecer-dos-librerias-en-guayaquil\/"},"author":{"name":"Universidad de las Artes","@id":"https:\/\/www.uartes.edu.ec\/sitio\/fr\/#\/schema\/person\/f33f8c1d2af0d5c80a38c8abf458184a"},"headline":"Acuerdo entre UArtes y Fondo de Cultura Econ\u00f3mica permitir\u00e1 establecer dos librer\u00edas en Guayaquil","datePublished":"2018-07-11T21:20:25+00:00","dateModified":"2024-07-04T16:53:46+00:00","mainEntityOfPage":{"@id":"https:\/\/www.uartes.edu.ec\/sitio\/fr\/blog\/2018\/07\/11\/acuerdo-entre-uartes-y-fondo-de-cultura-economica-permitira-establecer-dos-librerias-en-guayaquil\/"},"wordCount":363,"publisher":{"@id":"https:\/\/www.uartes.edu.ec\/sitio\/fr\/#organization"},"image":{"@id":"https:\/\/www.uartes.edu.ec\/sitio\/fr\/blog\/2018\/07\/11\/acuerdo-entre-uartes-y-fondo-de-cultura-economica-permitira-establecer-dos-librerias-en-guayaquil\/#primaryimage"},"thumbnailUrl":"","articleSection":["Gesti\u00f3n"],"inLanguage":"fr-FR"},{"@type":["WebPage","ItemPage"],"@id":"https:\/\/www.uartes.edu.ec\/sitio\/fr\/blog\/2018\/07\/11\/acuerdo-entre-uartes-y-fondo-de-cultura-economica-permitira-establecer-dos-librerias-en-guayaquil\/","url":"https:\/\/www.uartes.edu.ec\/sitio\/fr\/blog\/2018\/07\/11\/acuerdo-entre-uartes-y-fondo-de-cultura-economica-permitira-establecer-dos-librerias-en-guayaquil\/","name":"Universidad de las Artes - Acuerdo entre UArtes y Fondo de Cultura Econ\u00f3mica permitir\u00e1 establecer dos librer\u00edas en Guayaquil","isPartOf":{"@id":"https:\/\/www.uartes.edu.ec\/sitio\/fr\/#website"},"primaryImageOfPage":{"@id":"https:\/\/www.uartes.edu.ec\/sitio\/fr\/blog\/2018\/07\/11\/acuerdo-entre-uartes-y-fondo-de-cultura-economica-permitira-establecer-dos-librerias-en-guayaquil\/#primaryimage"},"image":{"@id":"https:\/\/www.uartes.edu.ec\/sitio\/fr\/blog\/2018\/07\/11\/acuerdo-entre-uartes-y-fondo-de-cultura-economica-permitira-establecer-dos-librerias-en-guayaquil\/#primaryimage"},"thumbnailUrl":"","datePublished":"2018-07-11T21:20:25+00:00","dateModified":"2024-07-04T16:53:46+00:00","description":"Universidad de las Artes - Acuerdo entre UArtes y Fondo de Cultura Econ\u00f3mica permitir\u00e1 establecer dos librer\u00edas en Guayaquil","breadcrumb":{"@id":"https:\/\/www.uartes.edu.ec\/sitio\/fr\/blog\/2018\/07\/11\/acuerdo-entre-uartes-y-fondo-de-cultura-economica-permitira-establecer-dos-librerias-en-guayaquil\/#breadcrumb"},"inLanguage":"fr-FR","potentialAction":[{"@type":"ReadAction","target":["https:\/\/www.uartes.edu.ec\/sitio\/fr\/blog\/2018\/07\/11\/acuerdo-entre-uartes-y-fondo-de-cultura-economica-permitira-establecer-dos-librerias-en-guayaquil\/"]}]},{"@type":"ImageObject","inLanguage":"fr-FR","@id":"https:\/\/www.uartes.edu.ec\/sitio\/fr\/blog\/2018\/07\/11\/acuerdo-entre-uartes-y-fondo-de-cultura-economica-permitira-establecer-dos-librerias-en-guayaquil\/#primaryimage","url":"","contentUrl":""},{"@type":"BreadcrumbList","@id":"https:\/\/www.uartes.edu.ec\/sitio\/fr\/blog\/2018\/07\/11\/acuerdo-entre-uartes-y-fondo-de-cultura-economica-permitira-establecer-dos-librerias-en-guayaquil\/#breadcrumb","itemListElement":[{"@type":"ListItem","position":1,"name":"Inicio","item":"https:\/\/www.uartes.edu.ec\/sitio\/"},{"@type":"ListItem","position":2,"name":"Acuerdo entre UArtes y Fondo de Cultura Econ\u00f3mica permitir\u00e1 establecer dos librer\u00edas en Guayaquil"}]},{"@type":"WebSite","@id":"https:\/\/www.uartes.edu.ec\/sitio\/fr\/#website","url":"https:\/\/www.uartes.edu.ec\/sitio\/fr\/","name":"Universidad de las Artes","description":"Sitio oficial de la Universidad Nacional de las Artes del Ecuador","publisher":{"@id":"https:\/\/www.uartes.edu.ec\/sitio\/fr\/#organization"},"potentialAction":[{"@type":"SearchAction","target":{"@type":"EntryPoint","urlTemplate":"https:\/\/www.uartes.edu.ec\/sitio\/fr\/?s={search_term_string}"},"query-input":{"@type":"PropertyValueSpecification","valueRequired":true,"valueName":"search_term_string"}}],"inLanguage":"fr-FR"},{"@type":"Organization","@id":"https:\/\/www.uartes.edu.ec\/sitio\/fr\/#organization","name":"Universidad de las Artes","url":"https:\/\/www.uartes.edu.ec\/sitio\/fr\/","logo":{"@type":"ImageObject","inLanguage":"fr-FR","@id":"https:\/\/www.uartes.edu.ec\/sitio\/fr\/#\/schema\/logo\/image\/","url":"https:\/\/www.uartes.edu.ec\/sitio\/wp-content\/uploads\/2022\/07\/logo-ua-horizontal.png","contentUrl":"https:\/\/www.uartes.edu.ec\/sitio\/wp-content\/uploads\/2022\/07\/logo-ua-horizontal.png","width":800,"height":276,"caption":"Universidad de las Artes"},"image":{"@id":"https:\/\/www.uartes.edu.ec\/sitio\/fr\/#\/schema\/logo\/image\/"},"sameAs":["https:\/\/www.facebook.com\/uartesec","https:\/\/x.com\/uartesec","https:\/\/www.tiktok.com\/@uartesec"]},{"@type":"Person","@id":"https:\/\/www.uartes.edu.ec\/sitio\/fr\/#\/schema\/person\/f33f8c1d2af0d5c80a38c8abf458184a","name":"Universidad de las Artes","image":{"@type":"ImageObject","inLanguage":"fr-FR","@id":"https:\/\/secure.gravatar.com\/avatar\/52e4757902f5cfa5ac52d020e5be83cae5487519154b6c35482fe08d589f3c13?s=96&d=mm&r=g","url":"https:\/\/secure.gravatar.com\/avatar\/52e4757902f5cfa5ac52d020e5be83cae5487519154b6c35482fe08d589f3c13?s=96&d=mm&r=g","contentUrl":"https:\/\/secure.gravatar.com\/avatar\/52e4757902f5cfa5ac52d020e5be83cae5487519154b6c35482fe08d589f3c13?s=96&d=mm&r=g","caption":"Universidad de las Artes"},"url":"https:\/\/www.uartes.edu.ec\/sitio\/fr\/blog\/author\/dircomadm\/"}]}},"uagb_featured_image_src":{"full":false,"thumbnail":false,"medium":false,"medium_large":false,"large":false,"1536x1536":false,"2048x2048":false,"trp-custom-language-flag":false,"htmega_size_585x295":false,"htmega_size_1170x536":false,"htmega_size_396x360":false,"gb-block-post-grid-landscape":false,"gb-block-post-grid-square":false,"university-hub-thumb":false},"uagb_author_info":{"display_name":"Universidad de las Artes","author_link":"https:\/\/www.uartes.edu.ec\/sitio\/fr\/blog\/author\/dircomadm\/"},"uagb_comment_info":0,"uagb_excerpt":"La Universidad de las Artes del Ecuador y la Fundaci\u00f3n Fondo de Cultura Econ\u00f3mica firmar\u00e1n un convenio de cooperaci\u00f3n para el fortalecimiento de la relaci\u00f3n cultural, art\u00edstica y acad\u00e9mica entre Ecuador y M\u00e9xico. En la firma del acuerdo, que se realizar\u00e1 el jueves 19 de julio de 2018 a las 11h00 en las instalaciones de\u2026","featured_image_src":null,"featured_image_src_square":null,"author_info":{"display_name":"Universidad de las Artes","author_link":"https:\/\/www.uartes.edu.ec\/sitio\/fr\/blog\/author\/dircomadm\/"},"publishpress_future_workflow_manual_trigger":{"enabledWorkflows":[]},"distributor_meta":false,"distributor_terms":false,"distributor_media":false,"distributor_original_site_name":"Universidad de las Artes","distributor_original_site_url":"https:\/\/www.uartes.edu.ec\/sitio\/fr","push-errors":false,"_links":{"self":[{"href":"https:\/\/www.uartes.edu.ec\/sitio\/fr\/wp-json\/wp\/v2\/posts\/1690","targetHints":{"allow":["GET"]}}],"collection":[{"href":"https:\/\/www.uartes.edu.ec\/sitio\/fr\/wp-json\/wp\/v2\/posts"}],"about":[{"href":"https:\/\/www.uartes.edu.ec\/sitio\/fr\/wp-json\/wp\/v2\/types\/post"}],"author":[{"embeddable":true,"href":"https:\/\/www.uartes.edu.ec\/sitio\/fr\/wp-json\/wp\/v2\/users\/1"}],"replies":[{"embeddable":true,"href":"https:\/\/www.uartes.edu.ec\/sitio\/fr\/wp-json\/wp\/v2\/comments?post=1690"}],"version-history":[{"count":1,"href":"https:\/\/www.uartes.edu.ec\/sitio\/fr\/wp-json\/wp\/v2\/posts\/1690\/revisions"}],"predecessor-version":[{"id":3353,"href":"https:\/\/www.uartes.edu.ec\/sitio\/fr\/wp-json\/wp\/v2\/posts\/1690\/revisions\/3353"}],"wp:featuredmedia":[{"embeddable":true,"href":"https:\/\/www.uartes.edu.ec\/sitio\/fr\/wp-json\/"}],"wp:attachment":[{"href":"https:\/\/www.uartes.edu.ec\/sitio\/fr\/wp-json\/wp\/v2\/media?parent=1690"}],"wp:term":[{"taxonomy":"category","embeddable":true,"href":"https:\/\/www.uartes.edu.ec\/sitio\/fr\/wp-json\/wp\/v2\/categories?post=1690"},{"taxonomy":"post_tag","embeddable":true,"href":"https:\/\/www.uartes.edu.ec\/sitio\/fr\/wp-json\/wp\/v2\/tags?post=1690"},{"taxonomy":"infouartes","embeddable":true,"href":"https:\/\/www.uartes.edu.ec\/sitio\/fr\/wp-json\/wp\/v2\/infouartes?post=1690"}],"curies":[{"name":"wp","href":"https:\/\/api.w.org\/{rel}","templated":true}]}}