{"id":17060,"date":"2021-11-26T15:44:00","date_gmt":"2021-11-26T20:44:00","guid":{"rendered":"http:\/\/www.uartes.edu.ec\/sitio\/?p=17060"},"modified":"2024-07-04T11:25:19","modified_gmt":"2024-07-04T16:25:19","slug":"pedagogias-danza-investigacion-abierta-sitio-virtual-que-se-socializara-en-guayaquil","status":"publish","type":"post","link":"https:\/\/www.uartes.edu.ec\/sitio\/fr\/blog\/2021\/11\/26\/pedagogias-danza-investigacion-abierta-sitio-virtual-que-se-socializara-en-guayaquil\/","title":{"rendered":"\u201cPedagog\u00edas danza, investigaci\u00f3n abierta\u201d, sitio virtual que cuenta con la colaboraci\u00f3n de nuestros docentes"},"content":{"rendered":"<p><em>Se encuentra como <a href=\"https:\/\/pedagogiasdanza.com\/\" target=\"_blank\" rel=\"noreferrer noopener\">https:\/\/pedagogiasdanza.com\/<\/a>. Ya fue presentado en Quito. Lo cre\u00f3 un grupo de bailarines y catedr\u00e1ticos investigadores. Docentes de la Escuela de Artes Esc\u00e9nicas de la UArtes participan como colaboradores.<\/em><strong><\/strong><\/p>\n\n\n\n<p>La necesidad de compartir y socializar el proceso de investigaci\u00f3n sobre las pedagog\u00edas de la danza en Ecuador llev\u00f3 a un grupo de bailarines y docentes investigadores a concebir una plataforma virtual, la cual ya fue socializada en octubre pasado en Quito, en el marco de la IV Feria del Libro Insurgente, y cuya presentaci\u00f3n en Guayaquil est\u00e1 programada para el pr\u00f3ximo 14 de diciembre, en la Casa Teatro Zona Escena, que dirige Jorge Parra.<\/p>\n\n\n\n<p>Entre los colaboradores de \u201cPedagog\u00edas danza, investigaci\u00f3n abierta\u201d, nombre que se le dio al sitio web (<a href=\"https:\/\/pedagogiasdanza.com\/\" target=\"_blank\" rel=\"noreferrer noopener\">https:\/\/pedagogiasdanza.com\/<\/a>), se encuentran docentes de la carrera de Danza de la Escuela de Artes Esc\u00e9nicas de la Universidad de las Artes: Santiago Harris, \u00d3scar Santana, Vanessa P\u00e9rez, Carolina Pepper y Lorena Delgado. Tambi\u00e9n la directora de la EAE, la doctora Bertha D\u00edaz.<\/p>\n\n\n\n<div class=\"wp-block-image\"><figure class=\"aligncenter size-full\"><img fetchpriority=\"high\" decoding=\"async\" width=\"2000\" height=\"1333\" src=\"http:\/\/www.uartes.edu.ec\/sitio\/wp-content\/uploads\/2021\/11\/02-PLATAFORMA-DANZA.jpg\" alt=\"\" class=\"wp-image-17062\" srcset=\"https:\/\/www.uartes.edu.ec\/sitio\/wp-content\/uploads\/2021\/11\/02-PLATAFORMA-DANZA.jpg 2000w, https:\/\/www.uartes.edu.ec\/sitio\/wp-content\/uploads\/2021\/11\/02-PLATAFORMA-DANZA-644x429.jpg 644w, https:\/\/www.uartes.edu.ec\/sitio\/wp-content\/uploads\/2021\/11\/02-PLATAFORMA-DANZA-768x511.jpg 768w, https:\/\/www.uartes.edu.ec\/sitio\/wp-content\/uploads\/2021\/11\/02-PLATAFORMA-DANZA-600x399.jpg 600w, https:\/\/www.uartes.edu.ec\/sitio\/wp-content\/uploads\/2021\/11\/02-PLATAFORMA-DANZA-272x182.jpg 272w\" sizes=\"(max-width: 2000px) 100vw, 2000px\" \/><\/figure><\/div>\n\n\n\n<p>Igualmente figuran entre los colaboradores de Guayaquil otros reconocidos bailarines, como Omar Aguirre, quien es docente independiente; Nathalie Elghoul, de La F\u00e1brica, indica Paulina Pe\u00f1aherrera, una de las mentalizadoras de la plataforma.<\/p>\n\n\n\n<p>\u201cConsideramos que es muy importante difundir este proyecto porque es un campo de investigaci\u00f3n poco abordado\u201d, a\u00f1ade e indica que son parte del equipo de \u201cPedagog\u00edas danza, investigaci\u00f3n abierta\u201d Gabriela Paredes y Viviana S\u00e1nchez, en Quito; Clara Donoso, en Cuenca; Vanessa P\u00e9rez y Jorge Parra, en Guayaquil; y, Javier Contreras, en M\u00e9xico DF. Con ellos, 36 colaboradores de la danza asentados en las ciudades ecuatorianas ya mencionadas, quienes han participado en este proceso investigativo compartiendo sus saberes y generando escrituras propias.<\/p>\n\n\n\n<p>Pe\u00f1aherrera considera relevante generar espacios de di\u00e1logo y reflexi\u00f3n de las diversas maneras de ense\u00f1ar, \u201cc\u00f3mo lo hacemos, cu\u00e1les son nuestras herramientas y de qu\u00e9 manera nos relacionamos con la ense\u00f1anza y la transmisi\u00f3n desde la formaci\u00f3n personal y social que hemos recibido las y los bailarines docentes\u201d.<\/p>\n\n\n\n<div class=\"wp-block-image\"><figure class=\"aligncenter size-full\"><img decoding=\"async\" width=\"2000\" height=\"1333\" src=\"http:\/\/www.uartes.edu.ec\/sitio\/wp-content\/uploads\/2021\/11\/03-PLATAFORMA-DANZA.webp\" alt=\"\" class=\"wp-image-17063\" srcset=\"https:\/\/www.uartes.edu.ec\/sitio\/wp-content\/uploads\/2021\/11\/03-PLATAFORMA-DANZA.webp 2000w, https:\/\/www.uartes.edu.ec\/sitio\/wp-content\/uploads\/2021\/11\/03-PLATAFORMA-DANZA-644x429.webp 644w, https:\/\/www.uartes.edu.ec\/sitio\/wp-content\/uploads\/2021\/11\/03-PLATAFORMA-DANZA-768x511.webp 768w, https:\/\/www.uartes.edu.ec\/sitio\/wp-content\/uploads\/2021\/11\/03-PLATAFORMA-DANZA-600x399.webp 600w, https:\/\/www.uartes.edu.ec\/sitio\/wp-content\/uploads\/2021\/11\/03-PLATAFORMA-DANZA-272x182.webp 272w\" sizes=\"(max-width: 2000px) 100vw, 2000px\" \/><\/figure><\/div>\n\n\n\n<p>As\u00ed, en el sitio \u201cPedagog\u00edas danza, investigaci\u00f3n abierta\u00bb parten de tres preguntas: \u00bfQu\u00e9 es para ti bailar?, \u00bfEnse\u00f1as lo que bailas? y \u00bfC\u00f3mo aprendes? La plataforma virtual, agrega, cuenta con algunos segmentos donde se publican textos y escrituras propias de cada colaborador y colaboradora, generados a lo largo de este proceso. Estos son: Apertura, La Pregunta, Di\u00e1logos y Testimonios, Observaci\u00f3n y Escucha, Apuestas y Reflexiones y Semblanzas. \u201cCada segmento contiene un texto, fotos e ilustraciones. Adem\u00e1s, un espacio para comentarios, reflexiones y\/o preguntas de los lectores para profundizar este tejido senti-pensante acerca de nuestros lenguajes, m\u00e9todos, acercamientos y calidades en la forma de transmitir conocimiento y formar cuerpos-personas\u201d.<\/p>\n\n\n\n<p>Paulina Pe\u00f1aherrera sostiene que a trav\u00e9s de la plataforma se est\u00e1 creando un espacio de reflexi\u00f3n y di\u00e1logo entre docentes, estudiantes y p\u00fablico en general, interesados en las pedagog\u00edas de la danza y en escribir sobre ellas. \u201cBuscamos generar, adem\u00e1s, una red de investigadores en el campo de las pedagog\u00edas de la danza y pedagog\u00edas del movimiento, aspirando a que se expanda en Am\u00e9rica Latina. Consideramos esencial que el campo de la danza y las artes esc\u00e9nicas genere pensamiento en red y comunidad\u201d.<\/p>\n\n\n\n<p>&nbsp;El objetivo final, refiere, es la publicaci\u00f3n de un libro no-convencional que cuente, describa y ponga en tensi\u00f3n las diferentes maneras de ense\u00f1ar la danza en Ecuador y otros pa\u00edses de Am\u00e9rica Latina.<\/p>\n\n\n\n<p>En im\u00e1genes: capturas del sitio web <a href=\"https:\/\/pedagogiasdanza.com\/\" target=\"_blank\" rel=\"noreferrer noopener\">https:\/\/pedagogiasdanza.com\/<\/a><\/p>","protected":false},"excerpt":{"rendered":"<p>La plataforma online fue creada por un grupo de bailarines y catedr\u00e1ticos investigadores como un espacio de reflexi\u00f3n y di\u00e1logo entre maestros, estudiantes y p\u00fablico en general, interesados en las pedagog\u00edas de la danza y en escribir sobre ellas. Participan como colaboradores docentes de la carrera de danza de la Escuela de Artes Esc\u00e9nicas de la Universidad de las Artes.<\/p>","protected":false},"author":10,"featured_media":17061,"comment_status":"open","ping_status":"open","sticky":false,"template":"","format":"standard","meta":{"_acf_changed":false,"_uag_custom_page_level_css":"","_monsterinsights_skip_tracking":false,"_monsterinsights_sitenote_active":false,"_monsterinsights_sitenote_note":"","_monsterinsights_sitenote_category":0,"cybocfi_hide_featured_image":"","footnotes":""},"categories":[159,75,284],"tags":[58],"infouartes":[],"class_list":["post-17060","post","type-post","status-publish","format-standard","has-post-thumbnail","hentry","category-artes-escenicas","category-docentes","category-investigacion","tag-investigacion"],"acf":[],"yoast_head":"<!-- This site is optimized with the Yoast SEO plugin v27.4 - https:\/\/yoast.com\/product\/yoast-seo-wordpress\/ -->\n<title>Universidad de las Artes - \u201cPedagog\u00edas danza, investigaci\u00f3n abierta\u201d, sitio virtual que cuenta con la colaboraci\u00f3n de nuestros docentes<\/title>\n<meta name=\"description\" content=\"Universidad de las Artes - \u201cPedagog\u00edas danza, investigaci\u00f3n abierta\u201d, sitio virtual que cuenta con la colaboraci\u00f3n de nuestros docentes\" \/>\n<meta name=\"robots\" content=\"index, follow, max-snippet:-1, max-image-preview:large, max-video-preview:-1\" \/>\n<link rel=\"canonical\" href=\"https:\/\/www.uartes.edu.ec\/sitio\/fr\/blog\/2021\/11\/26\/pedagogias-danza-investigacion-abierta-sitio-virtual-que-se-socializara-en-guayaquil\/\" \/>\n<meta property=\"og:locale\" content=\"fr_FR\" \/>\n<meta property=\"og:type\" content=\"article\" \/>\n<meta property=\"og:title\" content=\"Universidad de las Artes - \u201cPedagog\u00edas danza, investigaci\u00f3n abierta\u201d, sitio virtual que cuenta con la colaboraci\u00f3n de nuestros docentes\" \/>\n<meta property=\"og:description\" content=\"Universidad de las Artes - \u201cPedagog\u00edas danza, investigaci\u00f3n abierta\u201d, sitio virtual que cuenta con la colaboraci\u00f3n de nuestros docentes\" \/>\n<meta property=\"og:url\" content=\"https:\/\/www.uartes.edu.ec\/sitio\/fr\/blog\/2021\/11\/26\/pedagogias-danza-investigacion-abierta-sitio-virtual-que-se-socializara-en-guayaquil\/\" \/>\n<meta property=\"og:site_name\" content=\"Universidad de las Artes\" \/>\n<meta property=\"article:publisher\" content=\"https:\/\/www.facebook.com\/uartesec\" \/>\n<meta property=\"article:published_time\" content=\"2021-11-26T20:44:00+00:00\" \/>\n<meta property=\"article:modified_time\" content=\"2024-07-04T16:25:19+00:00\" \/>\n<meta property=\"og:image\" content=\"https:\/\/www.uartes.edu.ec\/sitio\/wp-content\/uploads\/2021\/11\/01-PLATAFORMA-DANZA.webp\" \/>\n\t<meta property=\"og:image:width\" content=\"2000\" \/>\n\t<meta property=\"og:image:height\" content=\"1333\" \/>\n\t<meta property=\"og:image:type\" content=\"image\/webp\" \/>\n<meta name=\"author\" content=\"ccortez\" \/>\n<meta name=\"twitter:card\" content=\"summary_large_image\" \/>\n<meta name=\"twitter:creator\" content=\"@uartesec\" \/>\n<meta name=\"twitter:site\" content=\"@uartesec\" \/>\n<meta name=\"twitter:label1\" content=\"\u00c9crit par\" \/>\n\t<meta name=\"twitter:data1\" content=\"ccortez\" \/>\n\t<meta name=\"twitter:label2\" content=\"Dur\u00e9e de lecture estim\u00e9e\" \/>\n\t<meta name=\"twitter:data2\" content=\"3 minutes\" \/>\n<script type=\"application\/ld+json\" class=\"yoast-schema-graph\">{\"@context\":\"https:\\\/\\\/schema.org\",\"@graph\":[{\"@type\":\"Article\",\"@id\":\"https:\\\/\\\/www.uartes.edu.ec\\\/sitio\\\/fr\\\/blog\\\/2021\\\/11\\\/26\\\/pedagogias-danza-investigacion-abierta-sitio-virtual-que-se-socializara-en-guayaquil\\\/#article\",\"isPartOf\":{\"@id\":\"https:\\\/\\\/www.uartes.edu.ec\\\/sitio\\\/fr\\\/blog\\\/2021\\\/11\\\/26\\\/pedagogias-danza-investigacion-abierta-sitio-virtual-que-se-socializara-en-guayaquil\\\/\"},\"author\":{\"name\":\"ccortez\",\"@id\":\"https:\\\/\\\/www.uartes.edu.ec\\\/sitio\\\/fr\\\/#\\\/schema\\\/person\\\/efa1b8275797664fd7f13a79ccc0b1f4\"},\"headline\":\"\u201cPedagog\u00edas danza, investigaci\u00f3n abierta\u201d, sitio virtual que cuenta con la colaboraci\u00f3n de nuestros docentes\",\"datePublished\":\"2021-11-26T20:44:00+00:00\",\"dateModified\":\"2024-07-04T16:25:19+00:00\",\"mainEntityOfPage\":{\"@id\":\"https:\\\/\\\/www.uartes.edu.ec\\\/sitio\\\/fr\\\/blog\\\/2021\\\/11\\\/26\\\/pedagogias-danza-investigacion-abierta-sitio-virtual-que-se-socializara-en-guayaquil\\\/\"},\"wordCount\":634,\"commentCount\":0,\"publisher\":{\"@id\":\"https:\\\/\\\/www.uartes.edu.ec\\\/sitio\\\/fr\\\/#organization\"},\"image\":{\"@id\":\"https:\\\/\\\/www.uartes.edu.ec\\\/sitio\\\/fr\\\/blog\\\/2021\\\/11\\\/26\\\/pedagogias-danza-investigacion-abierta-sitio-virtual-que-se-socializara-en-guayaquil\\\/#primaryimage\"},\"thumbnailUrl\":\"https:\\\/\\\/www.uartes.edu.ec\\\/sitio\\\/wp-content\\\/uploads\\\/2021\\\/11\\\/01-PLATAFORMA-DANZA.webp\",\"keywords\":[\"investigaci\u00f3n\"],\"articleSection\":[\"Artes Esc\u00e9nicas\",\"Docentes\",\"Investigaci\u00f3n\"],\"inLanguage\":\"fr-FR\",\"potentialAction\":[{\"@type\":\"CommentAction\",\"name\":\"Comment\",\"target\":[\"https:\\\/\\\/www.uartes.edu.ec\\\/sitio\\\/fr\\\/blog\\\/2021\\\/11\\\/26\\\/pedagogias-danza-investigacion-abierta-sitio-virtual-que-se-socializara-en-guayaquil\\\/#respond\"]}]},{\"@type\":[\"WebPage\",\"ItemPage\"],\"@id\":\"https:\\\/\\\/www.uartes.edu.ec\\\/sitio\\\/fr\\\/blog\\\/2021\\\/11\\\/26\\\/pedagogias-danza-investigacion-abierta-sitio-virtual-que-se-socializara-en-guayaquil\\\/\",\"url\":\"https:\\\/\\\/www.uartes.edu.ec\\\/sitio\\\/fr\\\/blog\\\/2021\\\/11\\\/26\\\/pedagogias-danza-investigacion-abierta-sitio-virtual-que-se-socializara-en-guayaquil\\\/\",\"name\":\"Universidad de las Artes - \u201cPedagog\u00edas danza, investigaci\u00f3n abierta\u201d, sitio virtual que cuenta con la colaboraci\u00f3n de nuestros docentes\",\"isPartOf\":{\"@id\":\"https:\\\/\\\/www.uartes.edu.ec\\\/sitio\\\/fr\\\/#website\"},\"primaryImageOfPage\":{\"@id\":\"https:\\\/\\\/www.uartes.edu.ec\\\/sitio\\\/fr\\\/blog\\\/2021\\\/11\\\/26\\\/pedagogias-danza-investigacion-abierta-sitio-virtual-que-se-socializara-en-guayaquil\\\/#primaryimage\"},\"image\":{\"@id\":\"https:\\\/\\\/www.uartes.edu.ec\\\/sitio\\\/fr\\\/blog\\\/2021\\\/11\\\/26\\\/pedagogias-danza-investigacion-abierta-sitio-virtual-que-se-socializara-en-guayaquil\\\/#primaryimage\"},\"thumbnailUrl\":\"https:\\\/\\\/www.uartes.edu.ec\\\/sitio\\\/wp-content\\\/uploads\\\/2021\\\/11\\\/01-PLATAFORMA-DANZA.webp\",\"datePublished\":\"2021-11-26T20:44:00+00:00\",\"dateModified\":\"2024-07-04T16:25:19+00:00\",\"description\":\"Universidad de las Artes - \u201cPedagog\u00edas danza, investigaci\u00f3n abierta\u201d, sitio virtual que cuenta con la colaboraci\u00f3n de nuestros docentes\",\"breadcrumb\":{\"@id\":\"https:\\\/\\\/www.uartes.edu.ec\\\/sitio\\\/fr\\\/blog\\\/2021\\\/11\\\/26\\\/pedagogias-danza-investigacion-abierta-sitio-virtual-que-se-socializara-en-guayaquil\\\/#breadcrumb\"},\"inLanguage\":\"fr-FR\",\"potentialAction\":[{\"@type\":\"ReadAction\",\"target\":[\"https:\\\/\\\/www.uartes.edu.ec\\\/sitio\\\/fr\\\/blog\\\/2021\\\/11\\\/26\\\/pedagogias-danza-investigacion-abierta-sitio-virtual-que-se-socializara-en-guayaquil\\\/\"]}]},{\"@type\":\"ImageObject\",\"inLanguage\":\"fr-FR\",\"@id\":\"https:\\\/\\\/www.uartes.edu.ec\\\/sitio\\\/fr\\\/blog\\\/2021\\\/11\\\/26\\\/pedagogias-danza-investigacion-abierta-sitio-virtual-que-se-socializara-en-guayaquil\\\/#primaryimage\",\"url\":\"https:\\\/\\\/www.uartes.edu.ec\\\/sitio\\\/wp-content\\\/uploads\\\/2021\\\/11\\\/01-PLATAFORMA-DANZA.webp\",\"contentUrl\":\"https:\\\/\\\/www.uartes.edu.ec\\\/sitio\\\/wp-content\\\/uploads\\\/2021\\\/11\\\/01-PLATAFORMA-DANZA.webp\",\"width\":2000,\"height\":1333},{\"@type\":\"BreadcrumbList\",\"@id\":\"https:\\\/\\\/www.uartes.edu.ec\\\/sitio\\\/fr\\\/blog\\\/2021\\\/11\\\/26\\\/pedagogias-danza-investigacion-abierta-sitio-virtual-que-se-socializara-en-guayaquil\\\/#breadcrumb\",\"itemListElement\":[{\"@type\":\"ListItem\",\"position\":1,\"name\":\"Inicio\",\"item\":\"https:\\\/\\\/www.uartes.edu.ec\\\/sitio\\\/\"},{\"@type\":\"ListItem\",\"position\":2,\"name\":\"\u201cPedagog\u00edas danza, investigaci\u00f3n abierta\u201d, sitio virtual que cuenta con la colaboraci\u00f3n de nuestros docentes\"}]},{\"@type\":\"WebSite\",\"@id\":\"https:\\\/\\\/www.uartes.edu.ec\\\/sitio\\\/fr\\\/#website\",\"url\":\"https:\\\/\\\/www.uartes.edu.ec\\\/sitio\\\/fr\\\/\",\"name\":\"Universidad de las Artes\",\"description\":\"Sitio oficial de la Universidad Nacional de las Artes del Ecuador\",\"publisher\":{\"@id\":\"https:\\\/\\\/www.uartes.edu.ec\\\/sitio\\\/fr\\\/#organization\"},\"potentialAction\":[{\"@type\":\"SearchAction\",\"target\":{\"@type\":\"EntryPoint\",\"urlTemplate\":\"https:\\\/\\\/www.uartes.edu.ec\\\/sitio\\\/fr\\\/?s={search_term_string}\"},\"query-input\":{\"@type\":\"PropertyValueSpecification\",\"valueRequired\":true,\"valueName\":\"search_term_string\"}}],\"inLanguage\":\"fr-FR\"},{\"@type\":\"Organization\",\"@id\":\"https:\\\/\\\/www.uartes.edu.ec\\\/sitio\\\/fr\\\/#organization\",\"name\":\"Universidad de las Artes\",\"url\":\"https:\\\/\\\/www.uartes.edu.ec\\\/sitio\\\/fr\\\/\",\"logo\":{\"@type\":\"ImageObject\",\"inLanguage\":\"fr-FR\",\"@id\":\"https:\\\/\\\/www.uartes.edu.ec\\\/sitio\\\/fr\\\/#\\\/schema\\\/logo\\\/image\\\/\",\"url\":\"https:\\\/\\\/www.uartes.edu.ec\\\/sitio\\\/wp-content\\\/uploads\\\/2022\\\/07\\\/logo-ua-horizontal.png\",\"contentUrl\":\"https:\\\/\\\/www.uartes.edu.ec\\\/sitio\\\/wp-content\\\/uploads\\\/2022\\\/07\\\/logo-ua-horizontal.png\",\"width\":800,\"height\":276,\"caption\":\"Universidad de las Artes\"},\"image\":{\"@id\":\"https:\\\/\\\/www.uartes.edu.ec\\\/sitio\\\/fr\\\/#\\\/schema\\\/logo\\\/image\\\/\"},\"sameAs\":[\"https:\\\/\\\/www.facebook.com\\\/uartesec\",\"https:\\\/\\\/x.com\\\/uartesec\",\"https:\\\/\\\/www.tiktok.com\\\/@uartesec\"]},{\"@type\":\"Person\",\"@id\":\"https:\\\/\\\/www.uartes.edu.ec\\\/sitio\\\/fr\\\/#\\\/schema\\\/person\\\/efa1b8275797664fd7f13a79ccc0b1f4\",\"name\":\"ccortez\",\"image\":{\"@type\":\"ImageObject\",\"inLanguage\":\"fr-FR\",\"@id\":\"https:\\\/\\\/secure.gravatar.com\\\/avatar\\\/b2a6f664a3ae8e074346ef91775736c5ec479e637ecced6842de9dc98b5da9cd?s=96&d=mm&r=g\",\"url\":\"https:\\\/\\\/secure.gravatar.com\\\/avatar\\\/b2a6f664a3ae8e074346ef91775736c5ec479e637ecced6842de9dc98b5da9cd?s=96&d=mm&r=g\",\"contentUrl\":\"https:\\\/\\\/secure.gravatar.com\\\/avatar\\\/b2a6f664a3ae8e074346ef91775736c5ec479e637ecced6842de9dc98b5da9cd?s=96&d=mm&r=g\",\"caption\":\"ccortez\"},\"url\":\"https:\\\/\\\/www.uartes.edu.ec\\\/sitio\\\/fr\\\/blog\\\/author\\\/ccortez\\\/\"}]}<\/script>\n<!-- \/ Yoast SEO plugin. -->","yoast_head_json":{"title":"Universidad de las Artes - \u201cPedagog\u00edas danza, investigaci\u00f3n abierta\u201d, sitio virtual que cuenta con la colaboraci\u00f3n de nuestros docentes","description":"Universidad de las Artes - \u201cPedagog\u00edas danza, investigaci\u00f3n abierta\u201d, sitio virtual que cuenta con la colaboraci\u00f3n de nuestros docentes","robots":{"index":"index","follow":"follow","max-snippet":"max-snippet:-1","max-image-preview":"max-image-preview:large","max-video-preview":"max-video-preview:-1"},"canonical":"https:\/\/www.uartes.edu.ec\/sitio\/fr\/blog\/2021\/11\/26\/pedagogias-danza-investigacion-abierta-sitio-virtual-que-se-socializara-en-guayaquil\/","og_locale":"fr_FR","og_type":"article","og_title":"Universidad de las Artes - \u201cPedagog\u00edas danza, investigaci\u00f3n abierta\u201d, sitio virtual que cuenta con la colaboraci\u00f3n de nuestros docentes","og_description":"Universidad de las Artes - \u201cPedagog\u00edas danza, investigaci\u00f3n abierta\u201d, sitio virtual que cuenta con la colaboraci\u00f3n de nuestros docentes","og_url":"https:\/\/www.uartes.edu.ec\/sitio\/fr\/blog\/2021\/11\/26\/pedagogias-danza-investigacion-abierta-sitio-virtual-que-se-socializara-en-guayaquil\/","og_site_name":"Universidad de las Artes","article_publisher":"https:\/\/www.facebook.com\/uartesec","article_published_time":"2021-11-26T20:44:00+00:00","article_modified_time":"2024-07-04T16:25:19+00:00","og_image":[{"width":2000,"height":1333,"url":"https:\/\/www.uartes.edu.ec\/sitio\/wp-content\/uploads\/2021\/11\/01-PLATAFORMA-DANZA.webp","type":"image\/webp"}],"author":"ccortez","twitter_card":"summary_large_image","twitter_creator":"@uartesec","twitter_site":"@uartesec","twitter_misc":{"\u00c9crit par":"ccortez","Dur\u00e9e de lecture estim\u00e9e":"3 minutes"},"schema":{"@context":"https:\/\/schema.org","@graph":[{"@type":"Article","@id":"https:\/\/www.uartes.edu.ec\/sitio\/fr\/blog\/2021\/11\/26\/pedagogias-danza-investigacion-abierta-sitio-virtual-que-se-socializara-en-guayaquil\/#article","isPartOf":{"@id":"https:\/\/www.uartes.edu.ec\/sitio\/fr\/blog\/2021\/11\/26\/pedagogias-danza-investigacion-abierta-sitio-virtual-que-se-socializara-en-guayaquil\/"},"author":{"name":"ccortez","@id":"https:\/\/www.uartes.edu.ec\/sitio\/fr\/#\/schema\/person\/efa1b8275797664fd7f13a79ccc0b1f4"},"headline":"\u201cPedagog\u00edas danza, investigaci\u00f3n abierta\u201d, sitio virtual que cuenta con la colaboraci\u00f3n de nuestros docentes","datePublished":"2021-11-26T20:44:00+00:00","dateModified":"2024-07-04T16:25:19+00:00","mainEntityOfPage":{"@id":"https:\/\/www.uartes.edu.ec\/sitio\/fr\/blog\/2021\/11\/26\/pedagogias-danza-investigacion-abierta-sitio-virtual-que-se-socializara-en-guayaquil\/"},"wordCount":634,"commentCount":0,"publisher":{"@id":"https:\/\/www.uartes.edu.ec\/sitio\/fr\/#organization"},"image":{"@id":"https:\/\/www.uartes.edu.ec\/sitio\/fr\/blog\/2021\/11\/26\/pedagogias-danza-investigacion-abierta-sitio-virtual-que-se-socializara-en-guayaquil\/#primaryimage"},"thumbnailUrl":"https:\/\/www.uartes.edu.ec\/sitio\/wp-content\/uploads\/2021\/11\/01-PLATAFORMA-DANZA.webp","keywords":["investigaci\u00f3n"],"articleSection":["Artes Esc\u00e9nicas","Docentes","Investigaci\u00f3n"],"inLanguage":"fr-FR","potentialAction":[{"@type":"CommentAction","name":"Comment","target":["https:\/\/www.uartes.edu.ec\/sitio\/fr\/blog\/2021\/11\/26\/pedagogias-danza-investigacion-abierta-sitio-virtual-que-se-socializara-en-guayaquil\/#respond"]}]},{"@type":["WebPage","ItemPage"],"@id":"https:\/\/www.uartes.edu.ec\/sitio\/fr\/blog\/2021\/11\/26\/pedagogias-danza-investigacion-abierta-sitio-virtual-que-se-socializara-en-guayaquil\/","url":"https:\/\/www.uartes.edu.ec\/sitio\/fr\/blog\/2021\/11\/26\/pedagogias-danza-investigacion-abierta-sitio-virtual-que-se-socializara-en-guayaquil\/","name":"Universidad de las Artes - \u201cPedagog\u00edas danza, investigaci\u00f3n abierta\u201d, sitio virtual que cuenta con la colaboraci\u00f3n de nuestros docentes","isPartOf":{"@id":"https:\/\/www.uartes.edu.ec\/sitio\/fr\/#website"},"primaryImageOfPage":{"@id":"https:\/\/www.uartes.edu.ec\/sitio\/fr\/blog\/2021\/11\/26\/pedagogias-danza-investigacion-abierta-sitio-virtual-que-se-socializara-en-guayaquil\/#primaryimage"},"image":{"@id":"https:\/\/www.uartes.edu.ec\/sitio\/fr\/blog\/2021\/11\/26\/pedagogias-danza-investigacion-abierta-sitio-virtual-que-se-socializara-en-guayaquil\/#primaryimage"},"thumbnailUrl":"https:\/\/www.uartes.edu.ec\/sitio\/wp-content\/uploads\/2021\/11\/01-PLATAFORMA-DANZA.webp","datePublished":"2021-11-26T20:44:00+00:00","dateModified":"2024-07-04T16:25:19+00:00","description":"Universidad de las Artes - \u201cPedagog\u00edas danza, investigaci\u00f3n abierta\u201d, sitio virtual que cuenta con la colaboraci\u00f3n de nuestros docentes","breadcrumb":{"@id":"https:\/\/www.uartes.edu.ec\/sitio\/fr\/blog\/2021\/11\/26\/pedagogias-danza-investigacion-abierta-sitio-virtual-que-se-socializara-en-guayaquil\/#breadcrumb"},"inLanguage":"fr-FR","potentialAction":[{"@type":"ReadAction","target":["https:\/\/www.uartes.edu.ec\/sitio\/fr\/blog\/2021\/11\/26\/pedagogias-danza-investigacion-abierta-sitio-virtual-que-se-socializara-en-guayaquil\/"]}]},{"@type":"ImageObject","inLanguage":"fr-FR","@id":"https:\/\/www.uartes.edu.ec\/sitio\/fr\/blog\/2021\/11\/26\/pedagogias-danza-investigacion-abierta-sitio-virtual-que-se-socializara-en-guayaquil\/#primaryimage","url":"https:\/\/www.uartes.edu.ec\/sitio\/wp-content\/uploads\/2021\/11\/01-PLATAFORMA-DANZA.webp","contentUrl":"https:\/\/www.uartes.edu.ec\/sitio\/wp-content\/uploads\/2021\/11\/01-PLATAFORMA-DANZA.webp","width":2000,"height":1333},{"@type":"BreadcrumbList","@id":"https:\/\/www.uartes.edu.ec\/sitio\/fr\/blog\/2021\/11\/26\/pedagogias-danza-investigacion-abierta-sitio-virtual-que-se-socializara-en-guayaquil\/#breadcrumb","itemListElement":[{"@type":"ListItem","position":1,"name":"Inicio","item":"https:\/\/www.uartes.edu.ec\/sitio\/"},{"@type":"ListItem","position":2,"name":"\u201cPedagog\u00edas danza, investigaci\u00f3n abierta\u201d, sitio virtual que cuenta con la colaboraci\u00f3n de nuestros docentes"}]},{"@type":"WebSite","@id":"https:\/\/www.uartes.edu.ec\/sitio\/fr\/#website","url":"https:\/\/www.uartes.edu.ec\/sitio\/fr\/","name":"Universidad de las Artes","description":"Sitio oficial de la Universidad Nacional de las Artes del Ecuador","publisher":{"@id":"https:\/\/www.uartes.edu.ec\/sitio\/fr\/#organization"},"potentialAction":[{"@type":"SearchAction","target":{"@type":"EntryPoint","urlTemplate":"https:\/\/www.uartes.edu.ec\/sitio\/fr\/?s={search_term_string}"},"query-input":{"@type":"PropertyValueSpecification","valueRequired":true,"valueName":"search_term_string"}}],"inLanguage":"fr-FR"},{"@type":"Organization","@id":"https:\/\/www.uartes.edu.ec\/sitio\/fr\/#organization","name":"Universidad de las Artes","url":"https:\/\/www.uartes.edu.ec\/sitio\/fr\/","logo":{"@type":"ImageObject","inLanguage":"fr-FR","@id":"https:\/\/www.uartes.edu.ec\/sitio\/fr\/#\/schema\/logo\/image\/","url":"https:\/\/www.uartes.edu.ec\/sitio\/wp-content\/uploads\/2022\/07\/logo-ua-horizontal.png","contentUrl":"https:\/\/www.uartes.edu.ec\/sitio\/wp-content\/uploads\/2022\/07\/logo-ua-horizontal.png","width":800,"height":276,"caption":"Universidad de las Artes"},"image":{"@id":"https:\/\/www.uartes.edu.ec\/sitio\/fr\/#\/schema\/logo\/image\/"},"sameAs":["https:\/\/www.facebook.com\/uartesec","https:\/\/x.com\/uartesec","https:\/\/www.tiktok.com\/@uartesec"]},{"@type":"Person","@id":"https:\/\/www.uartes.edu.ec\/sitio\/fr\/#\/schema\/person\/efa1b8275797664fd7f13a79ccc0b1f4","name":"ccortez","image":{"@type":"ImageObject","inLanguage":"fr-FR","@id":"https:\/\/secure.gravatar.com\/avatar\/b2a6f664a3ae8e074346ef91775736c5ec479e637ecced6842de9dc98b5da9cd?s=96&d=mm&r=g","url":"https:\/\/secure.gravatar.com\/avatar\/b2a6f664a3ae8e074346ef91775736c5ec479e637ecced6842de9dc98b5da9cd?s=96&d=mm&r=g","contentUrl":"https:\/\/secure.gravatar.com\/avatar\/b2a6f664a3ae8e074346ef91775736c5ec479e637ecced6842de9dc98b5da9cd?s=96&d=mm&r=g","caption":"ccortez"},"url":"https:\/\/www.uartes.edu.ec\/sitio\/fr\/blog\/author\/ccortez\/"}]}},"uagb_featured_image_src":{"full":["https:\/\/www.uartes.edu.ec\/sitio\/wp-content\/uploads\/2021\/11\/01-PLATAFORMA-DANZA.webp",2000,1333,false],"thumbnail":["https:\/\/www.uartes.edu.ec\/sitio\/wp-content\/uploads\/2021\/11\/01-PLATAFORMA-DANZA-150x150.webp",150,150,true],"medium":["https:\/\/www.uartes.edu.ec\/sitio\/wp-content\/uploads\/2021\/11\/01-PLATAFORMA-DANZA-300x200.webp",300,200,true],"medium_large":["https:\/\/www.uartes.edu.ec\/sitio\/wp-content\/uploads\/2021\/11\/01-PLATAFORMA-DANZA-768x512.webp",768,512,true],"large":["https:\/\/www.uartes.edu.ec\/sitio\/wp-content\/uploads\/2021\/11\/01-PLATAFORMA-DANZA-644x429.webp",644,429,true],"1536x1536":["https:\/\/www.uartes.edu.ec\/sitio\/wp-content\/uploads\/2021\/11\/01-PLATAFORMA-DANZA-1536x1024.webp",1536,1024,true],"2048x2048":["https:\/\/www.uartes.edu.ec\/sitio\/wp-content\/uploads\/2021\/11\/01-PLATAFORMA-DANZA.webp",2000,1333,false],"trp-custom-language-flag":["https:\/\/www.uartes.edu.ec\/sitio\/wp-content\/uploads\/2021\/11\/01-PLATAFORMA-DANZA.webp",18,12,false],"htmega_size_585x295":["https:\/\/www.uartes.edu.ec\/sitio\/wp-content\/uploads\/2021\/11\/01-PLATAFORMA-DANZA.webp",443,295,false],"htmega_size_1170x536":["https:\/\/www.uartes.edu.ec\/sitio\/wp-content\/uploads\/2021\/11\/01-PLATAFORMA-DANZA.webp",804,536,false],"htmega_size_396x360":["https:\/\/www.uartes.edu.ec\/sitio\/wp-content\/uploads\/2021\/11\/01-PLATAFORMA-DANZA.webp",396,264,false],"gb-block-post-grid-landscape":["https:\/\/www.uartes.edu.ec\/sitio\/wp-content\/uploads\/2021\/11\/01-PLATAFORMA-DANZA-600x400.webp",600,400,true],"gb-block-post-grid-square":["https:\/\/www.uartes.edu.ec\/sitio\/wp-content\/uploads\/2021\/11\/01-PLATAFORMA-DANZA-600x600.webp",600,600,true],"university-hub-thumb":["https:\/\/www.uartes.edu.ec\/sitio\/wp-content\/uploads\/2021\/11\/01-PLATAFORMA-DANZA-400x267.webp",400,267,true],"mailpoet_newsletter_max":["https:\/\/www.uartes.edu.ec\/sitio\/wp-content\/uploads\/2021\/11\/01-PLATAFORMA-DANZA.webp",1320,880,false]},"uagb_author_info":{"display_name":"ccortez","author_link":"https:\/\/www.uartes.edu.ec\/sitio\/fr\/blog\/author\/ccortez\/"},"uagb_comment_info":0,"uagb_excerpt":"La plataforma online fue creada por un grupo de bailarines y catedr\u00e1ticos investigadores como un espacio de reflexi\u00f3n y di\u00e1logo entre maestros, estudiantes y p\u00fablico en general, interesados en las pedagog\u00edas de la danza y en escribir sobre ellas. Participan como colaboradores docentes de la carrera de danza de la Escuela de Artes Esc\u00e9nicas de\u2026","featured_image_src":"https:\/\/www.uartes.edu.ec\/sitio\/wp-content\/uploads\/2021\/11\/01-PLATAFORMA-DANZA-600x400.webp","featured_image_src_square":"https:\/\/www.uartes.edu.ec\/sitio\/wp-content\/uploads\/2021\/11\/01-PLATAFORMA-DANZA-600x600.webp","author_info":{"display_name":"ccortez","author_link":"https:\/\/www.uartes.edu.ec\/sitio\/fr\/blog\/author\/ccortez\/"},"publishpress_future_workflow_manual_trigger":{"enabledWorkflows":[]},"distributor_meta":false,"distributor_terms":false,"distributor_media":false,"distributor_original_site_name":"Universidad de las Artes","distributor_original_site_url":"https:\/\/www.uartes.edu.ec\/sitio\/fr","push-errors":false,"_links":{"self":[{"href":"https:\/\/www.uartes.edu.ec\/sitio\/fr\/wp-json\/wp\/v2\/posts\/17060","targetHints":{"allow":["GET"]}}],"collection":[{"href":"https:\/\/www.uartes.edu.ec\/sitio\/fr\/wp-json\/wp\/v2\/posts"}],"about":[{"href":"https:\/\/www.uartes.edu.ec\/sitio\/fr\/wp-json\/wp\/v2\/types\/post"}],"author":[{"embeddable":true,"href":"https:\/\/www.uartes.edu.ec\/sitio\/fr\/wp-json\/wp\/v2\/users\/10"}],"replies":[{"embeddable":true,"href":"https:\/\/www.uartes.edu.ec\/sitio\/fr\/wp-json\/wp\/v2\/comments?post=17060"}],"version-history":[{"count":9,"href":"https:\/\/www.uartes.edu.ec\/sitio\/fr\/wp-json\/wp\/v2\/posts\/17060\/revisions"}],"predecessor-version":[{"id":17075,"href":"https:\/\/www.uartes.edu.ec\/sitio\/fr\/wp-json\/wp\/v2\/posts\/17060\/revisions\/17075"}],"wp:featuredmedia":[{"embeddable":true,"href":"https:\/\/www.uartes.edu.ec\/sitio\/fr\/wp-json\/wp\/v2\/media\/17061"}],"wp:attachment":[{"href":"https:\/\/www.uartes.edu.ec\/sitio\/fr\/wp-json\/wp\/v2\/media?parent=17060"}],"wp:term":[{"taxonomy":"category","embeddable":true,"href":"https:\/\/www.uartes.edu.ec\/sitio\/fr\/wp-json\/wp\/v2\/categories?post=17060"},{"taxonomy":"post_tag","embeddable":true,"href":"https:\/\/www.uartes.edu.ec\/sitio\/fr\/wp-json\/wp\/v2\/tags?post=17060"},{"taxonomy":"infouartes","embeddable":true,"href":"https:\/\/www.uartes.edu.ec\/sitio\/fr\/wp-json\/wp\/v2\/infouartes?post=17060"}],"curies":[{"name":"wp","href":"https:\/\/api.w.org\/{rel}","templated":true}]}}