{"id":17092,"date":"2021-11-22T10:30:00","date_gmt":"2021-11-22T15:30:00","guid":{"rendered":"http:\/\/www.uartes.edu.ec\/sitio\/?p=17092"},"modified":"2024-07-04T11:25:21","modified_gmt":"2024-07-04T16:25:21","slug":"en-biblioteca-de-las-artes-se-ofrecio-una-capacitacion-del-sistema-braille","status":"publish","type":"post","link":"https:\/\/www.uartes.edu.ec\/sitio\/fr\/blog\/2021\/11\/22\/en-biblioteca-de-las-artes-se-ofrecio-una-capacitacion-del-sistema-braille\/","title":{"rendered":"En Biblioteca de las Artes se ofreci\u00f3 una capacitaci\u00f3n del sistema braille"},"content":{"rendered":"<p>En su continua b\u00fasqueda por mejorar la atenci\u00f3n y ofrecer un atento servicio a la comunidad universitaria y al p\u00fablico en general, la Biblioteca de las Artes organiz\u00f3 en coordinaci\u00f3n con la Direcci\u00f3n de Inclusi\u00f3n Social de la Municipalidad de Guayaquil una capacitaci\u00f3n del sistema de lectura braille. Anteriormente, con igual prop\u00f3sito, realiz\u00f3 un taller de lengua de se\u00f1as.<\/p>\n\n\n\n<p>Las iniciativas surgieron por las experiencias que ha tenido el repositorio de la Universidad de las Artes, al recibir entre sus usuarios a personas con discapacidad visual y auditiva. Tuvimos la necesidad en esos momentos de buscar la manera de establecer comunicaci\u00f3n para poderles brindar la atenci\u00f3n requerida, coment\u00f3 Soraya Campos, directora de Servicios Bibliotecarios.<\/p>\n\n\n\n<p>La capacitaci\u00f3n del sistema braille la brindaron las licenciadas Gina Soledispa y Priscila Barzola, docentes itinerantes del Centro Municipal de Apoyo para Personas con Discapacidad Visual, de la Escuela de No Videntes 4 de Enero.<\/p>\n\n\n\n<div class=\"wp-block-image\"><figure class=\"aligncenter size-full\"><img fetchpriority=\"high\" decoding=\"async\" width=\"2000\" height=\"1333\" src=\"http:\/\/www.uartes.edu.ec\/sitio\/wp-content\/uploads\/2021\/11\/taller-braile-02.webp\" alt=\"\" class=\"wp-image-17098\" srcset=\"https:\/\/www.uartes.edu.ec\/sitio\/wp-content\/uploads\/2021\/11\/taller-braile-02.webp 2000w, https:\/\/www.uartes.edu.ec\/sitio\/wp-content\/uploads\/2021\/11\/taller-braile-02-644x429.webp 644w, https:\/\/www.uartes.edu.ec\/sitio\/wp-content\/uploads\/2021\/11\/taller-braile-02-768x511.webp 768w, https:\/\/www.uartes.edu.ec\/sitio\/wp-content\/uploads\/2021\/11\/taller-braile-02-600x399.webp 600w, https:\/\/www.uartes.edu.ec\/sitio\/wp-content\/uploads\/2021\/11\/taller-braile-02-272x182.webp 272w\" sizes=\"(max-width: 2000px) 100vw, 2000px\" \/><\/figure><\/div>\n\n\n\n<p>Nikita F\u00e9lix Galarza, asistente t\u00e9cnica de la Biblioteca de las Artes, fue una de las funcionarias que recibi\u00f3 la capacitaci\u00f3n, en la que principalmente participaron estudiantes UArtes. Destac\u00f3 que con la instrucci\u00f3n recibida pudieron conocer la importancia del sistema braille como c\u00f3digo imprescindible de comunicaci\u00f3n de las personas con discapacidad visual, quienes pueden, a trav\u00e9s de este, guiarse, educarse, aprender, conectarse con el entorno y recibir toda informaci\u00f3n escrita.<\/p>\n\n\n\n<p>El braille&nbsp;o lenguaje para ciegos es un sistema de&nbsp;lectura&nbsp;y escritura t\u00e1ctil, cuyo inventor fue Luis&nbsp;Braille&nbsp;(1809-1852), franc\u00e9s nacido el 4 de enero de 1809. Este m\u00e9todo de&nbsp;escritura&nbsp;emplea puntos y guiones en relieve sobre cart\u00f3n. Son los dedos, principalmente los \u00edndices, los que se desplazan por la l\u00ednea de izquierda a derecha reconociendo los diferentes grafemas de cada palabra. As\u00ed se pueden leer letras, n\u00fameros, signos matem\u00e1ticos y notas musicales.<\/p>\n\n\n\n<p>La capacitaci\u00f3n del sistema braille tuvo lugar del 16 al 19 de noviembre pasado, en la terraza de la Biblioteca de las Artes.<\/p>","protected":false},"excerpt":{"rendered":"<p>En su continua b\u00fasqueda por mejorar la atenci\u00f3n y ofrecer un atento servicio a la comunidad universitaria y al p\u00fablico en general, la Biblioteca de las Artes organiz\u00f3 en coordinaci\u00f3n con la Direcci\u00f3n de Inclusi\u00f3n Social de la Municipalidad de Guayaquil una capacitaci\u00f3n del sistema de lectura Braille. Anteriormente, con igual prop\u00f3sito, realiz\u00f3 un taller de lengua de se\u00f1as.<\/p>","protected":false},"author":10,"featured_media":17097,"comment_status":"open","ping_status":"open","sticky":false,"template":"","format":"standard","meta":{"_acf_changed":false,"_uag_custom_page_level_css":"","_monsterinsights_skip_tracking":false,"_monsterinsights_sitenote_active":false,"_monsterinsights_sitenote_note":"","_monsterinsights_sitenote_category":0,"cybocfi_hide_featured_image":"","footnotes":""},"categories":[76,77],"tags":[538],"infouartes":[],"class_list":["post-17092","post","type-post","status-publish","format-standard","has-post-thumbnail","hentry","category-estudiantes","category-gestion","tag-capacitacion"],"acf":[],"yoast_head":"<!-- This site is optimized with the Yoast SEO plugin v27.4 - https:\/\/yoast.com\/product\/yoast-seo-wordpress\/ -->\n<title>Universidad de las Artes - En Biblioteca de las Artes se ofreci\u00f3 una capacitaci\u00f3n del sistema braille<\/title>\n<meta name=\"description\" content=\"Universidad de las Artes - En Biblioteca de las Artes se ofreci\u00f3 una capacitaci\u00f3n del sistema braille\" \/>\n<meta name=\"robots\" content=\"index, follow, max-snippet:-1, max-image-preview:large, max-video-preview:-1\" \/>\n<link rel=\"canonical\" href=\"https:\/\/www.uartes.edu.ec\/sitio\/fr\/blog\/2021\/11\/22\/en-biblioteca-de-las-artes-se-ofrecio-una-capacitacion-del-sistema-braille\/\" \/>\n<meta property=\"og:locale\" content=\"fr_FR\" \/>\n<meta property=\"og:type\" content=\"article\" \/>\n<meta property=\"og:title\" content=\"Universidad de las Artes - En Biblioteca de las Artes se ofreci\u00f3 una capacitaci\u00f3n del sistema braille\" \/>\n<meta property=\"og:description\" content=\"Universidad de las Artes - En Biblioteca de las Artes se ofreci\u00f3 una capacitaci\u00f3n del sistema braille\" \/>\n<meta property=\"og:url\" content=\"https:\/\/www.uartes.edu.ec\/sitio\/fr\/blog\/2021\/11\/22\/en-biblioteca-de-las-artes-se-ofrecio-una-capacitacion-del-sistema-braille\/\" \/>\n<meta property=\"og:site_name\" content=\"Universidad de las Artes\" \/>\n<meta property=\"article:publisher\" content=\"https:\/\/www.facebook.com\/uartesec\" \/>\n<meta property=\"article:published_time\" content=\"2021-11-22T15:30:00+00:00\" \/>\n<meta property=\"article:modified_time\" content=\"2024-07-04T16:25:21+00:00\" \/>\n<meta property=\"og:image\" content=\"https:\/\/www.uartes.edu.ec\/sitio\/wp-content\/uploads\/2021\/11\/taller-braile-01.webp\" \/>\n\t<meta property=\"og:image:width\" content=\"2000\" \/>\n\t<meta property=\"og:image:height\" content=\"1333\" \/>\n\t<meta property=\"og:image:type\" content=\"image\/webp\" \/>\n<meta name=\"author\" content=\"ccortez\" \/>\n<meta name=\"twitter:card\" content=\"summary_large_image\" \/>\n<meta name=\"twitter:creator\" content=\"@uartesec\" \/>\n<meta name=\"twitter:site\" content=\"@uartesec\" \/>\n<meta name=\"twitter:label1\" content=\"\u00c9crit par\" \/>\n\t<meta name=\"twitter:data1\" content=\"ccortez\" \/>\n\t<meta name=\"twitter:label2\" content=\"Dur\u00e9e de lecture estim\u00e9e\" \/>\n\t<meta name=\"twitter:data2\" content=\"2 minutes\" \/>\n<script type=\"application\/ld+json\" class=\"yoast-schema-graph\">{\"@context\":\"https:\\\/\\\/schema.org\",\"@graph\":[{\"@type\":\"Article\",\"@id\":\"https:\\\/\\\/www.uartes.edu.ec\\\/sitio\\\/fr\\\/blog\\\/2021\\\/11\\\/22\\\/en-biblioteca-de-las-artes-se-ofrecio-una-capacitacion-del-sistema-braille\\\/#article\",\"isPartOf\":{\"@id\":\"https:\\\/\\\/www.uartes.edu.ec\\\/sitio\\\/fr\\\/blog\\\/2021\\\/11\\\/22\\\/en-biblioteca-de-las-artes-se-ofrecio-una-capacitacion-del-sistema-braille\\\/\"},\"author\":{\"name\":\"ccortez\",\"@id\":\"https:\\\/\\\/www.uartes.edu.ec\\\/sitio\\\/fr\\\/#\\\/schema\\\/person\\\/efa1b8275797664fd7f13a79ccc0b1f4\"},\"headline\":\"En Biblioteca de las Artes se ofreci\u00f3 una capacitaci\u00f3n del sistema braille\",\"datePublished\":\"2021-11-22T15:30:00+00:00\",\"dateModified\":\"2024-07-04T16:25:21+00:00\",\"mainEntityOfPage\":{\"@id\":\"https:\\\/\\\/www.uartes.edu.ec\\\/sitio\\\/fr\\\/blog\\\/2021\\\/11\\\/22\\\/en-biblioteca-de-las-artes-se-ofrecio-una-capacitacion-del-sistema-braille\\\/\"},\"wordCount\":359,\"commentCount\":0,\"publisher\":{\"@id\":\"https:\\\/\\\/www.uartes.edu.ec\\\/sitio\\\/fr\\\/#organization\"},\"image\":{\"@id\":\"https:\\\/\\\/www.uartes.edu.ec\\\/sitio\\\/fr\\\/blog\\\/2021\\\/11\\\/22\\\/en-biblioteca-de-las-artes-se-ofrecio-una-capacitacion-del-sistema-braille\\\/#primaryimage\"},\"thumbnailUrl\":\"https:\\\/\\\/www.uartes.edu.ec\\\/sitio\\\/wp-content\\\/uploads\\\/2021\\\/11\\\/taller-braile-01.webp\",\"keywords\":[\"capacitaci\u00f3n\"],\"articleSection\":[\"Estudiantes\",\"Gesti\u00f3n\"],\"inLanguage\":\"fr-FR\",\"potentialAction\":[{\"@type\":\"CommentAction\",\"name\":\"Comment\",\"target\":[\"https:\\\/\\\/www.uartes.edu.ec\\\/sitio\\\/fr\\\/blog\\\/2021\\\/11\\\/22\\\/en-biblioteca-de-las-artes-se-ofrecio-una-capacitacion-del-sistema-braille\\\/#respond\"]}]},{\"@type\":[\"WebPage\",\"ItemPage\"],\"@id\":\"https:\\\/\\\/www.uartes.edu.ec\\\/sitio\\\/fr\\\/blog\\\/2021\\\/11\\\/22\\\/en-biblioteca-de-las-artes-se-ofrecio-una-capacitacion-del-sistema-braille\\\/\",\"url\":\"https:\\\/\\\/www.uartes.edu.ec\\\/sitio\\\/fr\\\/blog\\\/2021\\\/11\\\/22\\\/en-biblioteca-de-las-artes-se-ofrecio-una-capacitacion-del-sistema-braille\\\/\",\"name\":\"Universidad de las Artes - En Biblioteca de las Artes se ofreci\u00f3 una capacitaci\u00f3n del sistema braille\",\"isPartOf\":{\"@id\":\"https:\\\/\\\/www.uartes.edu.ec\\\/sitio\\\/fr\\\/#website\"},\"primaryImageOfPage\":{\"@id\":\"https:\\\/\\\/www.uartes.edu.ec\\\/sitio\\\/fr\\\/blog\\\/2021\\\/11\\\/22\\\/en-biblioteca-de-las-artes-se-ofrecio-una-capacitacion-del-sistema-braille\\\/#primaryimage\"},\"image\":{\"@id\":\"https:\\\/\\\/www.uartes.edu.ec\\\/sitio\\\/fr\\\/blog\\\/2021\\\/11\\\/22\\\/en-biblioteca-de-las-artes-se-ofrecio-una-capacitacion-del-sistema-braille\\\/#primaryimage\"},\"thumbnailUrl\":\"https:\\\/\\\/www.uartes.edu.ec\\\/sitio\\\/wp-content\\\/uploads\\\/2021\\\/11\\\/taller-braile-01.webp\",\"datePublished\":\"2021-11-22T15:30:00+00:00\",\"dateModified\":\"2024-07-04T16:25:21+00:00\",\"description\":\"Universidad de las Artes - En Biblioteca de las Artes se ofreci\u00f3 una capacitaci\u00f3n del sistema braille\",\"breadcrumb\":{\"@id\":\"https:\\\/\\\/www.uartes.edu.ec\\\/sitio\\\/fr\\\/blog\\\/2021\\\/11\\\/22\\\/en-biblioteca-de-las-artes-se-ofrecio-una-capacitacion-del-sistema-braille\\\/#breadcrumb\"},\"inLanguage\":\"fr-FR\",\"potentialAction\":[{\"@type\":\"ReadAction\",\"target\":[\"https:\\\/\\\/www.uartes.edu.ec\\\/sitio\\\/fr\\\/blog\\\/2021\\\/11\\\/22\\\/en-biblioteca-de-las-artes-se-ofrecio-una-capacitacion-del-sistema-braille\\\/\"]}]},{\"@type\":\"ImageObject\",\"inLanguage\":\"fr-FR\",\"@id\":\"https:\\\/\\\/www.uartes.edu.ec\\\/sitio\\\/fr\\\/blog\\\/2021\\\/11\\\/22\\\/en-biblioteca-de-las-artes-se-ofrecio-una-capacitacion-del-sistema-braille\\\/#primaryimage\",\"url\":\"https:\\\/\\\/www.uartes.edu.ec\\\/sitio\\\/wp-content\\\/uploads\\\/2021\\\/11\\\/taller-braile-01.webp\",\"contentUrl\":\"https:\\\/\\\/www.uartes.edu.ec\\\/sitio\\\/wp-content\\\/uploads\\\/2021\\\/11\\\/taller-braile-01.webp\",\"width\":2000,\"height\":1333},{\"@type\":\"BreadcrumbList\",\"@id\":\"https:\\\/\\\/www.uartes.edu.ec\\\/sitio\\\/fr\\\/blog\\\/2021\\\/11\\\/22\\\/en-biblioteca-de-las-artes-se-ofrecio-una-capacitacion-del-sistema-braille\\\/#breadcrumb\",\"itemListElement\":[{\"@type\":\"ListItem\",\"position\":1,\"name\":\"Inicio\",\"item\":\"https:\\\/\\\/www.uartes.edu.ec\\\/sitio\\\/\"},{\"@type\":\"ListItem\",\"position\":2,\"name\":\"En Biblioteca de las Artes se ofreci\u00f3 una capacitaci\u00f3n del sistema braille\"}]},{\"@type\":\"WebSite\",\"@id\":\"https:\\\/\\\/www.uartes.edu.ec\\\/sitio\\\/fr\\\/#website\",\"url\":\"https:\\\/\\\/www.uartes.edu.ec\\\/sitio\\\/fr\\\/\",\"name\":\"Universidad de las Artes\",\"description\":\"Sitio oficial de la Universidad Nacional de las Artes del Ecuador\",\"publisher\":{\"@id\":\"https:\\\/\\\/www.uartes.edu.ec\\\/sitio\\\/fr\\\/#organization\"},\"potentialAction\":[{\"@type\":\"SearchAction\",\"target\":{\"@type\":\"EntryPoint\",\"urlTemplate\":\"https:\\\/\\\/www.uartes.edu.ec\\\/sitio\\\/fr\\\/?s={search_term_string}\"},\"query-input\":{\"@type\":\"PropertyValueSpecification\",\"valueRequired\":true,\"valueName\":\"search_term_string\"}}],\"inLanguage\":\"fr-FR\"},{\"@type\":\"Organization\",\"@id\":\"https:\\\/\\\/www.uartes.edu.ec\\\/sitio\\\/fr\\\/#organization\",\"name\":\"Universidad de las Artes\",\"url\":\"https:\\\/\\\/www.uartes.edu.ec\\\/sitio\\\/fr\\\/\",\"logo\":{\"@type\":\"ImageObject\",\"inLanguage\":\"fr-FR\",\"@id\":\"https:\\\/\\\/www.uartes.edu.ec\\\/sitio\\\/fr\\\/#\\\/schema\\\/logo\\\/image\\\/\",\"url\":\"https:\\\/\\\/www.uartes.edu.ec\\\/sitio\\\/wp-content\\\/uploads\\\/2022\\\/07\\\/logo-ua-horizontal.png\",\"contentUrl\":\"https:\\\/\\\/www.uartes.edu.ec\\\/sitio\\\/wp-content\\\/uploads\\\/2022\\\/07\\\/logo-ua-horizontal.png\",\"width\":800,\"height\":276,\"caption\":\"Universidad de las Artes\"},\"image\":{\"@id\":\"https:\\\/\\\/www.uartes.edu.ec\\\/sitio\\\/fr\\\/#\\\/schema\\\/logo\\\/image\\\/\"},\"sameAs\":[\"https:\\\/\\\/www.facebook.com\\\/uartesec\",\"https:\\\/\\\/x.com\\\/uartesec\",\"https:\\\/\\\/www.tiktok.com\\\/@uartesec\"]},{\"@type\":\"Person\",\"@id\":\"https:\\\/\\\/www.uartes.edu.ec\\\/sitio\\\/fr\\\/#\\\/schema\\\/person\\\/efa1b8275797664fd7f13a79ccc0b1f4\",\"name\":\"ccortez\",\"image\":{\"@type\":\"ImageObject\",\"inLanguage\":\"fr-FR\",\"@id\":\"https:\\\/\\\/secure.gravatar.com\\\/avatar\\\/b2a6f664a3ae8e074346ef91775736c5ec479e637ecced6842de9dc98b5da9cd?s=96&d=mm&r=g\",\"url\":\"https:\\\/\\\/secure.gravatar.com\\\/avatar\\\/b2a6f664a3ae8e074346ef91775736c5ec479e637ecced6842de9dc98b5da9cd?s=96&d=mm&r=g\",\"contentUrl\":\"https:\\\/\\\/secure.gravatar.com\\\/avatar\\\/b2a6f664a3ae8e074346ef91775736c5ec479e637ecced6842de9dc98b5da9cd?s=96&d=mm&r=g\",\"caption\":\"ccortez\"},\"url\":\"https:\\\/\\\/www.uartes.edu.ec\\\/sitio\\\/fr\\\/blog\\\/author\\\/ccortez\\\/\"}]}<\/script>\n<!-- \/ Yoast SEO plugin. -->","yoast_head_json":{"title":"Universidad de las Artes - En Biblioteca de las Artes se ofreci\u00f3 una capacitaci\u00f3n del sistema braille","description":"Universidad de las Artes - En Biblioteca de las Artes se ofreci\u00f3 una capacitaci\u00f3n del sistema braille","robots":{"index":"index","follow":"follow","max-snippet":"max-snippet:-1","max-image-preview":"max-image-preview:large","max-video-preview":"max-video-preview:-1"},"canonical":"https:\/\/www.uartes.edu.ec\/sitio\/fr\/blog\/2021\/11\/22\/en-biblioteca-de-las-artes-se-ofrecio-una-capacitacion-del-sistema-braille\/","og_locale":"fr_FR","og_type":"article","og_title":"Universidad de las Artes - En Biblioteca de las Artes se ofreci\u00f3 una capacitaci\u00f3n del sistema braille","og_description":"Universidad de las Artes - En Biblioteca de las Artes se ofreci\u00f3 una capacitaci\u00f3n del sistema braille","og_url":"https:\/\/www.uartes.edu.ec\/sitio\/fr\/blog\/2021\/11\/22\/en-biblioteca-de-las-artes-se-ofrecio-una-capacitacion-del-sistema-braille\/","og_site_name":"Universidad de las Artes","article_publisher":"https:\/\/www.facebook.com\/uartesec","article_published_time":"2021-11-22T15:30:00+00:00","article_modified_time":"2024-07-04T16:25:21+00:00","og_image":[{"width":2000,"height":1333,"url":"https:\/\/www.uartes.edu.ec\/sitio\/wp-content\/uploads\/2021\/11\/taller-braile-01.webp","type":"image\/webp"}],"author":"ccortez","twitter_card":"summary_large_image","twitter_creator":"@uartesec","twitter_site":"@uartesec","twitter_misc":{"\u00c9crit par":"ccortez","Dur\u00e9e de lecture estim\u00e9e":"2 minutes"},"schema":{"@context":"https:\/\/schema.org","@graph":[{"@type":"Article","@id":"https:\/\/www.uartes.edu.ec\/sitio\/fr\/blog\/2021\/11\/22\/en-biblioteca-de-las-artes-se-ofrecio-una-capacitacion-del-sistema-braille\/#article","isPartOf":{"@id":"https:\/\/www.uartes.edu.ec\/sitio\/fr\/blog\/2021\/11\/22\/en-biblioteca-de-las-artes-se-ofrecio-una-capacitacion-del-sistema-braille\/"},"author":{"name":"ccortez","@id":"https:\/\/www.uartes.edu.ec\/sitio\/fr\/#\/schema\/person\/efa1b8275797664fd7f13a79ccc0b1f4"},"headline":"En Biblioteca de las Artes se ofreci\u00f3 una capacitaci\u00f3n del sistema braille","datePublished":"2021-11-22T15:30:00+00:00","dateModified":"2024-07-04T16:25:21+00:00","mainEntityOfPage":{"@id":"https:\/\/www.uartes.edu.ec\/sitio\/fr\/blog\/2021\/11\/22\/en-biblioteca-de-las-artes-se-ofrecio-una-capacitacion-del-sistema-braille\/"},"wordCount":359,"commentCount":0,"publisher":{"@id":"https:\/\/www.uartes.edu.ec\/sitio\/fr\/#organization"},"image":{"@id":"https:\/\/www.uartes.edu.ec\/sitio\/fr\/blog\/2021\/11\/22\/en-biblioteca-de-las-artes-se-ofrecio-una-capacitacion-del-sistema-braille\/#primaryimage"},"thumbnailUrl":"https:\/\/www.uartes.edu.ec\/sitio\/wp-content\/uploads\/2021\/11\/taller-braile-01.webp","keywords":["capacitaci\u00f3n"],"articleSection":["Estudiantes","Gesti\u00f3n"],"inLanguage":"fr-FR","potentialAction":[{"@type":"CommentAction","name":"Comment","target":["https:\/\/www.uartes.edu.ec\/sitio\/fr\/blog\/2021\/11\/22\/en-biblioteca-de-las-artes-se-ofrecio-una-capacitacion-del-sistema-braille\/#respond"]}]},{"@type":["WebPage","ItemPage"],"@id":"https:\/\/www.uartes.edu.ec\/sitio\/fr\/blog\/2021\/11\/22\/en-biblioteca-de-las-artes-se-ofrecio-una-capacitacion-del-sistema-braille\/","url":"https:\/\/www.uartes.edu.ec\/sitio\/fr\/blog\/2021\/11\/22\/en-biblioteca-de-las-artes-se-ofrecio-una-capacitacion-del-sistema-braille\/","name":"Universidad de las Artes - En Biblioteca de las Artes se ofreci\u00f3 una capacitaci\u00f3n del sistema braille","isPartOf":{"@id":"https:\/\/www.uartes.edu.ec\/sitio\/fr\/#website"},"primaryImageOfPage":{"@id":"https:\/\/www.uartes.edu.ec\/sitio\/fr\/blog\/2021\/11\/22\/en-biblioteca-de-las-artes-se-ofrecio-una-capacitacion-del-sistema-braille\/#primaryimage"},"image":{"@id":"https:\/\/www.uartes.edu.ec\/sitio\/fr\/blog\/2021\/11\/22\/en-biblioteca-de-las-artes-se-ofrecio-una-capacitacion-del-sistema-braille\/#primaryimage"},"thumbnailUrl":"https:\/\/www.uartes.edu.ec\/sitio\/wp-content\/uploads\/2021\/11\/taller-braile-01.webp","datePublished":"2021-11-22T15:30:00+00:00","dateModified":"2024-07-04T16:25:21+00:00","description":"Universidad de las Artes - En Biblioteca de las Artes se ofreci\u00f3 una capacitaci\u00f3n del sistema braille","breadcrumb":{"@id":"https:\/\/www.uartes.edu.ec\/sitio\/fr\/blog\/2021\/11\/22\/en-biblioteca-de-las-artes-se-ofrecio-una-capacitacion-del-sistema-braille\/#breadcrumb"},"inLanguage":"fr-FR","potentialAction":[{"@type":"ReadAction","target":["https:\/\/www.uartes.edu.ec\/sitio\/fr\/blog\/2021\/11\/22\/en-biblioteca-de-las-artes-se-ofrecio-una-capacitacion-del-sistema-braille\/"]}]},{"@type":"ImageObject","inLanguage":"fr-FR","@id":"https:\/\/www.uartes.edu.ec\/sitio\/fr\/blog\/2021\/11\/22\/en-biblioteca-de-las-artes-se-ofrecio-una-capacitacion-del-sistema-braille\/#primaryimage","url":"https:\/\/www.uartes.edu.ec\/sitio\/wp-content\/uploads\/2021\/11\/taller-braile-01.webp","contentUrl":"https:\/\/www.uartes.edu.ec\/sitio\/wp-content\/uploads\/2021\/11\/taller-braile-01.webp","width":2000,"height":1333},{"@type":"BreadcrumbList","@id":"https:\/\/www.uartes.edu.ec\/sitio\/fr\/blog\/2021\/11\/22\/en-biblioteca-de-las-artes-se-ofrecio-una-capacitacion-del-sistema-braille\/#breadcrumb","itemListElement":[{"@type":"ListItem","position":1,"name":"Inicio","item":"https:\/\/www.uartes.edu.ec\/sitio\/"},{"@type":"ListItem","position":2,"name":"En Biblioteca de las Artes se ofreci\u00f3 una capacitaci\u00f3n del sistema braille"}]},{"@type":"WebSite","@id":"https:\/\/www.uartes.edu.ec\/sitio\/fr\/#website","url":"https:\/\/www.uartes.edu.ec\/sitio\/fr\/","name":"Universidad de las Artes","description":"Sitio oficial de la Universidad Nacional de las Artes del Ecuador","publisher":{"@id":"https:\/\/www.uartes.edu.ec\/sitio\/fr\/#organization"},"potentialAction":[{"@type":"SearchAction","target":{"@type":"EntryPoint","urlTemplate":"https:\/\/www.uartes.edu.ec\/sitio\/fr\/?s={search_term_string}"},"query-input":{"@type":"PropertyValueSpecification","valueRequired":true,"valueName":"search_term_string"}}],"inLanguage":"fr-FR"},{"@type":"Organization","@id":"https:\/\/www.uartes.edu.ec\/sitio\/fr\/#organization","name":"Universidad de las Artes","url":"https:\/\/www.uartes.edu.ec\/sitio\/fr\/","logo":{"@type":"ImageObject","inLanguage":"fr-FR","@id":"https:\/\/www.uartes.edu.ec\/sitio\/fr\/#\/schema\/logo\/image\/","url":"https:\/\/www.uartes.edu.ec\/sitio\/wp-content\/uploads\/2022\/07\/logo-ua-horizontal.png","contentUrl":"https:\/\/www.uartes.edu.ec\/sitio\/wp-content\/uploads\/2022\/07\/logo-ua-horizontal.png","width":800,"height":276,"caption":"Universidad de las Artes"},"image":{"@id":"https:\/\/www.uartes.edu.ec\/sitio\/fr\/#\/schema\/logo\/image\/"},"sameAs":["https:\/\/www.facebook.com\/uartesec","https:\/\/x.com\/uartesec","https:\/\/www.tiktok.com\/@uartesec"]},{"@type":"Person","@id":"https:\/\/www.uartes.edu.ec\/sitio\/fr\/#\/schema\/person\/efa1b8275797664fd7f13a79ccc0b1f4","name":"ccortez","image":{"@type":"ImageObject","inLanguage":"fr-FR","@id":"https:\/\/secure.gravatar.com\/avatar\/b2a6f664a3ae8e074346ef91775736c5ec479e637ecced6842de9dc98b5da9cd?s=96&d=mm&r=g","url":"https:\/\/secure.gravatar.com\/avatar\/b2a6f664a3ae8e074346ef91775736c5ec479e637ecced6842de9dc98b5da9cd?s=96&d=mm&r=g","contentUrl":"https:\/\/secure.gravatar.com\/avatar\/b2a6f664a3ae8e074346ef91775736c5ec479e637ecced6842de9dc98b5da9cd?s=96&d=mm&r=g","caption":"ccortez"},"url":"https:\/\/www.uartes.edu.ec\/sitio\/fr\/blog\/author\/ccortez\/"}]}},"uagb_featured_image_src":{"full":["https:\/\/www.uartes.edu.ec\/sitio\/wp-content\/uploads\/2021\/11\/taller-braile-01.webp",2000,1333,false],"thumbnail":["https:\/\/www.uartes.edu.ec\/sitio\/wp-content\/uploads\/2021\/11\/taller-braile-01-150x150.webp",150,150,true],"medium":["https:\/\/www.uartes.edu.ec\/sitio\/wp-content\/uploads\/2021\/11\/taller-braile-01-300x200.webp",300,200,true],"medium_large":["https:\/\/www.uartes.edu.ec\/sitio\/wp-content\/uploads\/2021\/11\/taller-braile-01-768x512.webp",768,512,true],"large":["https:\/\/www.uartes.edu.ec\/sitio\/wp-content\/uploads\/2021\/11\/taller-braile-01-644x429.webp",644,429,true],"1536x1536":["https:\/\/www.uartes.edu.ec\/sitio\/wp-content\/uploads\/2021\/11\/taller-braile-01-1536x1024.webp",1536,1024,true],"2048x2048":["https:\/\/www.uartes.edu.ec\/sitio\/wp-content\/uploads\/2021\/11\/taller-braile-01.webp",2000,1333,false],"trp-custom-language-flag":["https:\/\/www.uartes.edu.ec\/sitio\/wp-content\/uploads\/2021\/11\/taller-braile-01.webp",18,12,false],"htmega_size_585x295":["https:\/\/www.uartes.edu.ec\/sitio\/wp-content\/uploads\/2021\/11\/taller-braile-01.webp",443,295,false],"htmega_size_1170x536":["https:\/\/www.uartes.edu.ec\/sitio\/wp-content\/uploads\/2021\/11\/taller-braile-01.webp",804,536,false],"htmega_size_396x360":["https:\/\/www.uartes.edu.ec\/sitio\/wp-content\/uploads\/2021\/11\/taller-braile-01.webp",396,264,false],"gb-block-post-grid-landscape":["https:\/\/www.uartes.edu.ec\/sitio\/wp-content\/uploads\/2021\/11\/taller-braile-01-600x400.webp",600,400,true],"gb-block-post-grid-square":["https:\/\/www.uartes.edu.ec\/sitio\/wp-content\/uploads\/2021\/11\/taller-braile-01-600x600.webp",600,600,true],"university-hub-thumb":["https:\/\/www.uartes.edu.ec\/sitio\/wp-content\/uploads\/2021\/11\/taller-braile-01-400x267.webp",400,267,true],"mailpoet_newsletter_max":["https:\/\/www.uartes.edu.ec\/sitio\/wp-content\/uploads\/2021\/11\/taller-braile-01.webp",1320,880,false]},"uagb_author_info":{"display_name":"ccortez","author_link":"https:\/\/www.uartes.edu.ec\/sitio\/fr\/blog\/author\/ccortez\/"},"uagb_comment_info":0,"uagb_excerpt":"En su continua b\u00fasqueda por mejorar la atenci\u00f3n y ofrecer un atento servicio a la comunidad universitaria y al p\u00fablico en general, la Biblioteca de las Artes organiz\u00f3 en coordinaci\u00f3n con la Direcci\u00f3n de Inclusi\u00f3n Social de la Municipalidad de Guayaquil una capacitaci\u00f3n del sistema de lectura Braille. Anteriormente, con igual prop\u00f3sito, realiz\u00f3 un taller\u2026","featured_image_src":"https:\/\/www.uartes.edu.ec\/sitio\/wp-content\/uploads\/2021\/11\/taller-braile-01-600x400.webp","featured_image_src_square":"https:\/\/www.uartes.edu.ec\/sitio\/wp-content\/uploads\/2021\/11\/taller-braile-01-600x600.webp","author_info":{"display_name":"ccortez","author_link":"https:\/\/www.uartes.edu.ec\/sitio\/fr\/blog\/author\/ccortez\/"},"publishpress_future_workflow_manual_trigger":{"enabledWorkflows":[]},"distributor_meta":false,"distributor_terms":false,"distributor_media":false,"distributor_original_site_name":"Universidad de las Artes","distributor_original_site_url":"https:\/\/www.uartes.edu.ec\/sitio\/fr","push-errors":false,"_links":{"self":[{"href":"https:\/\/www.uartes.edu.ec\/sitio\/fr\/wp-json\/wp\/v2\/posts\/17092","targetHints":{"allow":["GET"]}}],"collection":[{"href":"https:\/\/www.uartes.edu.ec\/sitio\/fr\/wp-json\/wp\/v2\/posts"}],"about":[{"href":"https:\/\/www.uartes.edu.ec\/sitio\/fr\/wp-json\/wp\/v2\/types\/post"}],"author":[{"embeddable":true,"href":"https:\/\/www.uartes.edu.ec\/sitio\/fr\/wp-json\/wp\/v2\/users\/10"}],"replies":[{"embeddable":true,"href":"https:\/\/www.uartes.edu.ec\/sitio\/fr\/wp-json\/wp\/v2\/comments?post=17092"}],"version-history":[{"count":2,"href":"https:\/\/www.uartes.edu.ec\/sitio\/fr\/wp-json\/wp\/v2\/posts\/17092\/revisions"}],"predecessor-version":[{"id":20424,"href":"https:\/\/www.uartes.edu.ec\/sitio\/fr\/wp-json\/wp\/v2\/posts\/17092\/revisions\/20424"}],"wp:featuredmedia":[{"embeddable":true,"href":"https:\/\/www.uartes.edu.ec\/sitio\/fr\/wp-json\/wp\/v2\/media\/17097"}],"wp:attachment":[{"href":"https:\/\/www.uartes.edu.ec\/sitio\/fr\/wp-json\/wp\/v2\/media?parent=17092"}],"wp:term":[{"taxonomy":"category","embeddable":true,"href":"https:\/\/www.uartes.edu.ec\/sitio\/fr\/wp-json\/wp\/v2\/categories?post=17092"},{"taxonomy":"post_tag","embeddable":true,"href":"https:\/\/www.uartes.edu.ec\/sitio\/fr\/wp-json\/wp\/v2\/tags?post=17092"},{"taxonomy":"infouartes","embeddable":true,"href":"https:\/\/www.uartes.edu.ec\/sitio\/fr\/wp-json\/wp\/v2\/infouartes?post=17092"}],"curies":[{"name":"wp","href":"https:\/\/api.w.org\/{rel}","templated":true}]}}