{"id":1710,"date":"2018-07-23T16:55:59","date_gmt":"2018-07-23T21:55:59","guid":{"rendered":"http:\/\/www.uartes.edu.ec\/infouartes\/?p=1710"},"modified":"2024-07-04T11:53:46","modified_gmt":"2024-07-04T16:53:46","slug":"propuestas-artisticas-y-pedagogicas-a-partir-de-la-diversidad-e-inclusividad","status":"publish","type":"post","link":"https:\/\/www.uartes.edu.ec\/sitio\/fr\/blog\/2018\/07\/23\/propuestas-artisticas-y-pedagogicas-a-partir-de-la-diversidad-e-inclusividad\/","title":{"rendered":"Propuestas art\u00edsticas y pedag\u00f3gicas a partir de la diversidad e inclusividad"},"content":{"rendered":"<p>La ense\u00f1anza de lenguas extranjeras, al igual que la educaci\u00f3n en su conjunto, tiene que hacer frente al desaf\u00edo de dar respuesta a las necesidades espec\u00edficas de aprendizajes de estudiantes cada vez m\u00e1s diversos, que necesitan una ense\u00f1anza significativa que funde las bases de un nuevo idioma a partir de los conocimientos de su lengua materna.<\/p>\n<p>En este marco, el Departamento de Lenguas Extranjeras de Universidad de las Artes inici\u00f3 la presentaci\u00f3n de los proyectos pedag\u00f3gicos de fin de semestre, evento que se realiz\u00f3 este martes 17 de julio en el Campus Centro y que continuar\u00e1 este 24, 25 y 26 de julio de 2018. En esta primera jornada los estudiantes, orientados por las docentes Aura Mu\u00f1oz, Marcela Santos y Rosa Elena Mart\u00ednez, mostraron que es posible aprender lenguas extranjeras a trav\u00e9s del arte, en nuevos escenarios de aprendizaje que favorezcan la apropiaci\u00f3n de los objetos de conocimiento conforme a la diversidad.<\/p>\n<p>Los estudiantes incluyeron en sus propuestas el componente inclusivo como elemento vertebrador, subrayando la necesidad de trabajar en conjunto por la ejecuci\u00f3n de una pol\u00edtica, cultura y pr\u00e1cticas inclusivas. As\u00ed, los proyectos que se expusieron \u2013dramatizaciones, flamenco, k-pop, m\u00fasica tradicional, fanzines, cuentos, actividades l\u00fadicas, muestras pict\u00f3ricas, danza contempor\u00e1nea, poes\u00eda colectiva\u00ad\u2013 fueron orientados a sensibilizar sobre el reconocimiento de las diferencias individuales, el rol del arte\u00a0 en el aprendizaje y la b\u00fasqueda de acomodaciones conforme a las necesidades espec\u00edficas de aprendizajes de cada estudiante \u2013discapacidad, g\u00e9nero, edad, condici\u00f3n, status, clase social, origen, religi\u00f3n, etc.\u00ad<\/p>\n<p>Estas iniciativas reflejan el inter\u00e9s de los docentes del \u00e1rea de innovar e incorporar nuevos saberes pedag\u00f3gicos consecuentes a la realidad de los estudiantes, diversificando los recursos, la metodolog\u00eda y el proceso de evaluaci\u00f3n. Adem\u00e1s, las docentes Mu\u00f1oz, Santos y Mart\u00ednez se han constituido como Grupo de Apoyo a la Inclusi\u00f3n dentro de UArtes que, a trav\u00e9s de actividades como estas, buscan fortalecer su misi\u00f3n en pro de la construcci\u00f3n de una educaci\u00f3n diversa que respete las diferencias y que\u00a0 se eriga a partir de ellas.<\/p>","protected":false},"excerpt":{"rendered":"<p>La ense\u00f1anza de lenguas extranjeras, al igual que la educaci\u00f3n en su conjunto, tiene que hacer frente al desaf\u00edo de dar respuesta a las necesidades espec\u00edficas de aprendizajes de estudiantes cada vez m\u00e1s diversos, que necesitan una ense\u00f1anza significativa que funde las bases de un nuevo idioma a partir de los conocimientos de su lengua [&hellip;]<\/p>\n","protected":false},"author":1,"featured_media":1712,"comment_status":"closed","ping_status":"open","sticky":false,"template":"","format":"standard","meta":{"_acf_changed":false,"_uag_custom_page_level_css":"","_monsterinsights_skip_tracking":false,"_monsterinsights_sitenote_active":false,"_monsterinsights_sitenote_note":"","_monsterinsights_sitenote_category":0,"cybocfi_hide_featured_image":"","footnotes":""},"categories":[75,76],"tags":[38],"infouartes":[],"class_list":["post-1710","post","type-post","status-publish","format-standard","has-post-thumbnail","hentry","category-docentes","category-estudiantes","tag-dle"],"acf":[],"yoast_head":"<!-- This site is optimized with the Yoast SEO plugin v27.4 - https:\/\/yoast.com\/product\/yoast-seo-wordpress\/ -->\n<title>Universidad de las Artes - Propuestas art\u00edsticas y pedag\u00f3gicas a partir de la diversidad e inclusividad<\/title>\n<meta name=\"description\" content=\"Universidad de las Artes - Propuestas art\u00edsticas y pedag\u00f3gicas a partir de la diversidad e inclusividad\" \/>\n<meta name=\"robots\" content=\"index, follow, max-snippet:-1, max-image-preview:large, max-video-preview:-1\" \/>\n<link rel=\"canonical\" href=\"https:\/\/www.uartes.edu.ec\/sitio\/fr\/blog\/2018\/07\/23\/propuestas-artisticas-y-pedagogicas-a-partir-de-la-diversidad-e-inclusividad\/\" \/>\n<meta property=\"og:locale\" content=\"fr_FR\" \/>\n<meta property=\"og:type\" content=\"article\" \/>\n<meta property=\"og:title\" content=\"Universidad de las Artes - Propuestas art\u00edsticas y pedag\u00f3gicas a partir de la diversidad e inclusividad\" \/>\n<meta property=\"og:description\" content=\"Universidad de las Artes - Propuestas art\u00edsticas y pedag\u00f3gicas a partir de la diversidad e inclusividad\" \/>\n<meta property=\"og:url\" content=\"https:\/\/www.uartes.edu.ec\/sitio\/fr\/blog\/2018\/07\/23\/propuestas-artisticas-y-pedagogicas-a-partir-de-la-diversidad-e-inclusividad\/\" \/>\n<meta property=\"og:site_name\" content=\"Universidad de las Artes\" \/>\n<meta property=\"article:publisher\" content=\"https:\/\/www.facebook.com\/uartesec\" \/>\n<meta property=\"article:published_time\" content=\"2018-07-23T21:55:59+00:00\" \/>\n<meta property=\"article:modified_time\" content=\"2024-07-04T16:53:46+00:00\" \/>\n<meta name=\"author\" content=\"Universidad de las Artes\" \/>\n<meta name=\"twitter:card\" content=\"summary_large_image\" \/>\n<meta name=\"twitter:creator\" content=\"@uartesec\" \/>\n<meta name=\"twitter:site\" content=\"@uartesec\" \/>\n<meta name=\"twitter:label1\" content=\"\u00c9crit par\" \/>\n\t<meta name=\"twitter:data1\" content=\"Universidad de las Artes\" \/>\n\t<meta name=\"twitter:label2\" content=\"Dur\u00e9e de lecture estim\u00e9e\" \/>\n\t<meta name=\"twitter:data2\" content=\"2 minutes\" \/>\n<script type=\"application\/ld+json\" class=\"yoast-schema-graph\">{\"@context\":\"https:\\\/\\\/schema.org\",\"@graph\":[{\"@type\":\"Article\",\"@id\":\"https:\\\/\\\/www.uartes.edu.ec\\\/sitio\\\/fr\\\/blog\\\/2018\\\/07\\\/23\\\/propuestas-artisticas-y-pedagogicas-a-partir-de-la-diversidad-e-inclusividad\\\/#article\",\"isPartOf\":{\"@id\":\"https:\\\/\\\/www.uartes.edu.ec\\\/sitio\\\/fr\\\/blog\\\/2018\\\/07\\\/23\\\/propuestas-artisticas-y-pedagogicas-a-partir-de-la-diversidad-e-inclusividad\\\/\"},\"author\":{\"name\":\"Universidad de las Artes\",\"@id\":\"https:\\\/\\\/www.uartes.edu.ec\\\/sitio\\\/fr\\\/#\\\/schema\\\/person\\\/f33f8c1d2af0d5c80a38c8abf458184a\"},\"headline\":\"Propuestas art\u00edsticas y pedag\u00f3gicas a partir de la diversidad e inclusividad\",\"datePublished\":\"2018-07-23T21:55:59+00:00\",\"dateModified\":\"2024-07-04T16:53:46+00:00\",\"mainEntityOfPage\":{\"@id\":\"https:\\\/\\\/www.uartes.edu.ec\\\/sitio\\\/fr\\\/blog\\\/2018\\\/07\\\/23\\\/propuestas-artisticas-y-pedagogicas-a-partir-de-la-diversidad-e-inclusividad\\\/\"},\"wordCount\":376,\"publisher\":{\"@id\":\"https:\\\/\\\/www.uartes.edu.ec\\\/sitio\\\/fr\\\/#organization\"},\"image\":{\"@id\":\"https:\\\/\\\/www.uartes.edu.ec\\\/sitio\\\/fr\\\/blog\\\/2018\\\/07\\\/23\\\/propuestas-artisticas-y-pedagogicas-a-partir-de-la-diversidad-e-inclusividad\\\/#primaryimage\"},\"thumbnailUrl\":\"\",\"keywords\":[\"dle\"],\"articleSection\":[\"Docentes\",\"Estudiantes\"],\"inLanguage\":\"fr-FR\"},{\"@type\":[\"WebPage\",\"ItemPage\"],\"@id\":\"https:\\\/\\\/www.uartes.edu.ec\\\/sitio\\\/fr\\\/blog\\\/2018\\\/07\\\/23\\\/propuestas-artisticas-y-pedagogicas-a-partir-de-la-diversidad-e-inclusividad\\\/\",\"url\":\"https:\\\/\\\/www.uartes.edu.ec\\\/sitio\\\/fr\\\/blog\\\/2018\\\/07\\\/23\\\/propuestas-artisticas-y-pedagogicas-a-partir-de-la-diversidad-e-inclusividad\\\/\",\"name\":\"Universidad de las Artes - Propuestas art\u00edsticas y pedag\u00f3gicas a partir de la diversidad e inclusividad\",\"isPartOf\":{\"@id\":\"https:\\\/\\\/www.uartes.edu.ec\\\/sitio\\\/fr\\\/#website\"},\"primaryImageOfPage\":{\"@id\":\"https:\\\/\\\/www.uartes.edu.ec\\\/sitio\\\/fr\\\/blog\\\/2018\\\/07\\\/23\\\/propuestas-artisticas-y-pedagogicas-a-partir-de-la-diversidad-e-inclusividad\\\/#primaryimage\"},\"image\":{\"@id\":\"https:\\\/\\\/www.uartes.edu.ec\\\/sitio\\\/fr\\\/blog\\\/2018\\\/07\\\/23\\\/propuestas-artisticas-y-pedagogicas-a-partir-de-la-diversidad-e-inclusividad\\\/#primaryimage\"},\"thumbnailUrl\":\"\",\"datePublished\":\"2018-07-23T21:55:59+00:00\",\"dateModified\":\"2024-07-04T16:53:46+00:00\",\"description\":\"Universidad de las Artes - Propuestas art\u00edsticas y pedag\u00f3gicas a partir de la diversidad e inclusividad\",\"breadcrumb\":{\"@id\":\"https:\\\/\\\/www.uartes.edu.ec\\\/sitio\\\/fr\\\/blog\\\/2018\\\/07\\\/23\\\/propuestas-artisticas-y-pedagogicas-a-partir-de-la-diversidad-e-inclusividad\\\/#breadcrumb\"},\"inLanguage\":\"fr-FR\",\"potentialAction\":[{\"@type\":\"ReadAction\",\"target\":[\"https:\\\/\\\/www.uartes.edu.ec\\\/sitio\\\/fr\\\/blog\\\/2018\\\/07\\\/23\\\/propuestas-artisticas-y-pedagogicas-a-partir-de-la-diversidad-e-inclusividad\\\/\"]}]},{\"@type\":\"ImageObject\",\"inLanguage\":\"fr-FR\",\"@id\":\"https:\\\/\\\/www.uartes.edu.ec\\\/sitio\\\/fr\\\/blog\\\/2018\\\/07\\\/23\\\/propuestas-artisticas-y-pedagogicas-a-partir-de-la-diversidad-e-inclusividad\\\/#primaryimage\",\"url\":\"\",\"contentUrl\":\"\"},{\"@type\":\"BreadcrumbList\",\"@id\":\"https:\\\/\\\/www.uartes.edu.ec\\\/sitio\\\/fr\\\/blog\\\/2018\\\/07\\\/23\\\/propuestas-artisticas-y-pedagogicas-a-partir-de-la-diversidad-e-inclusividad\\\/#breadcrumb\",\"itemListElement\":[{\"@type\":\"ListItem\",\"position\":1,\"name\":\"Inicio\",\"item\":\"https:\\\/\\\/www.uartes.edu.ec\\\/sitio\\\/\"},{\"@type\":\"ListItem\",\"position\":2,\"name\":\"Propuestas art\u00edsticas y pedag\u00f3gicas a partir de la diversidad e inclusividad\"}]},{\"@type\":\"WebSite\",\"@id\":\"https:\\\/\\\/www.uartes.edu.ec\\\/sitio\\\/fr\\\/#website\",\"url\":\"https:\\\/\\\/www.uartes.edu.ec\\\/sitio\\\/fr\\\/\",\"name\":\"Universidad de las Artes\",\"description\":\"Sitio oficial de la Universidad Nacional de las Artes del Ecuador\",\"publisher\":{\"@id\":\"https:\\\/\\\/www.uartes.edu.ec\\\/sitio\\\/fr\\\/#organization\"},\"potentialAction\":[{\"@type\":\"SearchAction\",\"target\":{\"@type\":\"EntryPoint\",\"urlTemplate\":\"https:\\\/\\\/www.uartes.edu.ec\\\/sitio\\\/fr\\\/?s={search_term_string}\"},\"query-input\":{\"@type\":\"PropertyValueSpecification\",\"valueRequired\":true,\"valueName\":\"search_term_string\"}}],\"inLanguage\":\"fr-FR\"},{\"@type\":\"Organization\",\"@id\":\"https:\\\/\\\/www.uartes.edu.ec\\\/sitio\\\/fr\\\/#organization\",\"name\":\"Universidad de las Artes\",\"url\":\"https:\\\/\\\/www.uartes.edu.ec\\\/sitio\\\/fr\\\/\",\"logo\":{\"@type\":\"ImageObject\",\"inLanguage\":\"fr-FR\",\"@id\":\"https:\\\/\\\/www.uartes.edu.ec\\\/sitio\\\/fr\\\/#\\\/schema\\\/logo\\\/image\\\/\",\"url\":\"https:\\\/\\\/www.uartes.edu.ec\\\/sitio\\\/wp-content\\\/uploads\\\/2022\\\/07\\\/logo-ua-horizontal.png\",\"contentUrl\":\"https:\\\/\\\/www.uartes.edu.ec\\\/sitio\\\/wp-content\\\/uploads\\\/2022\\\/07\\\/logo-ua-horizontal.png\",\"width\":800,\"height\":276,\"caption\":\"Universidad de las Artes\"},\"image\":{\"@id\":\"https:\\\/\\\/www.uartes.edu.ec\\\/sitio\\\/fr\\\/#\\\/schema\\\/logo\\\/image\\\/\"},\"sameAs\":[\"https:\\\/\\\/www.facebook.com\\\/uartesec\",\"https:\\\/\\\/x.com\\\/uartesec\",\"https:\\\/\\\/www.tiktok.com\\\/@uartesec\"]},{\"@type\":\"Person\",\"@id\":\"https:\\\/\\\/www.uartes.edu.ec\\\/sitio\\\/fr\\\/#\\\/schema\\\/person\\\/f33f8c1d2af0d5c80a38c8abf458184a\",\"name\":\"Universidad de las Artes\",\"image\":{\"@type\":\"ImageObject\",\"inLanguage\":\"fr-FR\",\"@id\":\"https:\\\/\\\/secure.gravatar.com\\\/avatar\\\/52e4757902f5cfa5ac52d020e5be83cae5487519154b6c35482fe08d589f3c13?s=96&d=mm&r=g\",\"url\":\"https:\\\/\\\/secure.gravatar.com\\\/avatar\\\/52e4757902f5cfa5ac52d020e5be83cae5487519154b6c35482fe08d589f3c13?s=96&d=mm&r=g\",\"contentUrl\":\"https:\\\/\\\/secure.gravatar.com\\\/avatar\\\/52e4757902f5cfa5ac52d020e5be83cae5487519154b6c35482fe08d589f3c13?s=96&d=mm&r=g\",\"caption\":\"Universidad de las Artes\"},\"url\":\"https:\\\/\\\/www.uartes.edu.ec\\\/sitio\\\/fr\\\/blog\\\/author\\\/dircomadm\\\/\"}]}<\/script>\n<!-- \/ Yoast SEO plugin. -->","yoast_head_json":{"title":"Universidad de las Artes - Propuestas art\u00edsticas y pedag\u00f3gicas a partir de la diversidad e inclusividad","description":"Universidad de las Artes - Propuestas art\u00edsticas y pedag\u00f3gicas a partir de la diversidad e inclusividad","robots":{"index":"index","follow":"follow","max-snippet":"max-snippet:-1","max-image-preview":"max-image-preview:large","max-video-preview":"max-video-preview:-1"},"canonical":"https:\/\/www.uartes.edu.ec\/sitio\/fr\/blog\/2018\/07\/23\/propuestas-artisticas-y-pedagogicas-a-partir-de-la-diversidad-e-inclusividad\/","og_locale":"fr_FR","og_type":"article","og_title":"Universidad de las Artes - Propuestas art\u00edsticas y pedag\u00f3gicas a partir de la diversidad e inclusividad","og_description":"Universidad de las Artes - Propuestas art\u00edsticas y pedag\u00f3gicas a partir de la diversidad e inclusividad","og_url":"https:\/\/www.uartes.edu.ec\/sitio\/fr\/blog\/2018\/07\/23\/propuestas-artisticas-y-pedagogicas-a-partir-de-la-diversidad-e-inclusividad\/","og_site_name":"Universidad de las Artes","article_publisher":"https:\/\/www.facebook.com\/uartesec","article_published_time":"2018-07-23T21:55:59+00:00","article_modified_time":"2024-07-04T16:53:46+00:00","author":"Universidad de las Artes","twitter_card":"summary_large_image","twitter_creator":"@uartesec","twitter_site":"@uartesec","twitter_misc":{"\u00c9crit par":"Universidad de las Artes","Dur\u00e9e de lecture estim\u00e9e":"2 minutes"},"schema":{"@context":"https:\/\/schema.org","@graph":[{"@type":"Article","@id":"https:\/\/www.uartes.edu.ec\/sitio\/fr\/blog\/2018\/07\/23\/propuestas-artisticas-y-pedagogicas-a-partir-de-la-diversidad-e-inclusividad\/#article","isPartOf":{"@id":"https:\/\/www.uartes.edu.ec\/sitio\/fr\/blog\/2018\/07\/23\/propuestas-artisticas-y-pedagogicas-a-partir-de-la-diversidad-e-inclusividad\/"},"author":{"name":"Universidad de las Artes","@id":"https:\/\/www.uartes.edu.ec\/sitio\/fr\/#\/schema\/person\/f33f8c1d2af0d5c80a38c8abf458184a"},"headline":"Propuestas art\u00edsticas y pedag\u00f3gicas a partir de la diversidad e inclusividad","datePublished":"2018-07-23T21:55:59+00:00","dateModified":"2024-07-04T16:53:46+00:00","mainEntityOfPage":{"@id":"https:\/\/www.uartes.edu.ec\/sitio\/fr\/blog\/2018\/07\/23\/propuestas-artisticas-y-pedagogicas-a-partir-de-la-diversidad-e-inclusividad\/"},"wordCount":376,"publisher":{"@id":"https:\/\/www.uartes.edu.ec\/sitio\/fr\/#organization"},"image":{"@id":"https:\/\/www.uartes.edu.ec\/sitio\/fr\/blog\/2018\/07\/23\/propuestas-artisticas-y-pedagogicas-a-partir-de-la-diversidad-e-inclusividad\/#primaryimage"},"thumbnailUrl":"","keywords":["dle"],"articleSection":["Docentes","Estudiantes"],"inLanguage":"fr-FR"},{"@type":["WebPage","ItemPage"],"@id":"https:\/\/www.uartes.edu.ec\/sitio\/fr\/blog\/2018\/07\/23\/propuestas-artisticas-y-pedagogicas-a-partir-de-la-diversidad-e-inclusividad\/","url":"https:\/\/www.uartes.edu.ec\/sitio\/fr\/blog\/2018\/07\/23\/propuestas-artisticas-y-pedagogicas-a-partir-de-la-diversidad-e-inclusividad\/","name":"Universidad de las Artes - Propuestas art\u00edsticas y pedag\u00f3gicas a partir de la diversidad e inclusividad","isPartOf":{"@id":"https:\/\/www.uartes.edu.ec\/sitio\/fr\/#website"},"primaryImageOfPage":{"@id":"https:\/\/www.uartes.edu.ec\/sitio\/fr\/blog\/2018\/07\/23\/propuestas-artisticas-y-pedagogicas-a-partir-de-la-diversidad-e-inclusividad\/#primaryimage"},"image":{"@id":"https:\/\/www.uartes.edu.ec\/sitio\/fr\/blog\/2018\/07\/23\/propuestas-artisticas-y-pedagogicas-a-partir-de-la-diversidad-e-inclusividad\/#primaryimage"},"thumbnailUrl":"","datePublished":"2018-07-23T21:55:59+00:00","dateModified":"2024-07-04T16:53:46+00:00","description":"Universidad de las Artes - Propuestas art\u00edsticas y pedag\u00f3gicas a partir de la diversidad e inclusividad","breadcrumb":{"@id":"https:\/\/www.uartes.edu.ec\/sitio\/fr\/blog\/2018\/07\/23\/propuestas-artisticas-y-pedagogicas-a-partir-de-la-diversidad-e-inclusividad\/#breadcrumb"},"inLanguage":"fr-FR","potentialAction":[{"@type":"ReadAction","target":["https:\/\/www.uartes.edu.ec\/sitio\/fr\/blog\/2018\/07\/23\/propuestas-artisticas-y-pedagogicas-a-partir-de-la-diversidad-e-inclusividad\/"]}]},{"@type":"ImageObject","inLanguage":"fr-FR","@id":"https:\/\/www.uartes.edu.ec\/sitio\/fr\/blog\/2018\/07\/23\/propuestas-artisticas-y-pedagogicas-a-partir-de-la-diversidad-e-inclusividad\/#primaryimage","url":"","contentUrl":""},{"@type":"BreadcrumbList","@id":"https:\/\/www.uartes.edu.ec\/sitio\/fr\/blog\/2018\/07\/23\/propuestas-artisticas-y-pedagogicas-a-partir-de-la-diversidad-e-inclusividad\/#breadcrumb","itemListElement":[{"@type":"ListItem","position":1,"name":"Inicio","item":"https:\/\/www.uartes.edu.ec\/sitio\/"},{"@type":"ListItem","position":2,"name":"Propuestas art\u00edsticas y pedag\u00f3gicas a partir de la diversidad e inclusividad"}]},{"@type":"WebSite","@id":"https:\/\/www.uartes.edu.ec\/sitio\/fr\/#website","url":"https:\/\/www.uartes.edu.ec\/sitio\/fr\/","name":"Universidad de las Artes","description":"Sitio oficial de la Universidad Nacional de las Artes del Ecuador","publisher":{"@id":"https:\/\/www.uartes.edu.ec\/sitio\/fr\/#organization"},"potentialAction":[{"@type":"SearchAction","target":{"@type":"EntryPoint","urlTemplate":"https:\/\/www.uartes.edu.ec\/sitio\/fr\/?s={search_term_string}"},"query-input":{"@type":"PropertyValueSpecification","valueRequired":true,"valueName":"search_term_string"}}],"inLanguage":"fr-FR"},{"@type":"Organization","@id":"https:\/\/www.uartes.edu.ec\/sitio\/fr\/#organization","name":"Universidad de las Artes","url":"https:\/\/www.uartes.edu.ec\/sitio\/fr\/","logo":{"@type":"ImageObject","inLanguage":"fr-FR","@id":"https:\/\/www.uartes.edu.ec\/sitio\/fr\/#\/schema\/logo\/image\/","url":"https:\/\/www.uartes.edu.ec\/sitio\/wp-content\/uploads\/2022\/07\/logo-ua-horizontal.png","contentUrl":"https:\/\/www.uartes.edu.ec\/sitio\/wp-content\/uploads\/2022\/07\/logo-ua-horizontal.png","width":800,"height":276,"caption":"Universidad de las Artes"},"image":{"@id":"https:\/\/www.uartes.edu.ec\/sitio\/fr\/#\/schema\/logo\/image\/"},"sameAs":["https:\/\/www.facebook.com\/uartesec","https:\/\/x.com\/uartesec","https:\/\/www.tiktok.com\/@uartesec"]},{"@type":"Person","@id":"https:\/\/www.uartes.edu.ec\/sitio\/fr\/#\/schema\/person\/f33f8c1d2af0d5c80a38c8abf458184a","name":"Universidad de las Artes","image":{"@type":"ImageObject","inLanguage":"fr-FR","@id":"https:\/\/secure.gravatar.com\/avatar\/52e4757902f5cfa5ac52d020e5be83cae5487519154b6c35482fe08d589f3c13?s=96&d=mm&r=g","url":"https:\/\/secure.gravatar.com\/avatar\/52e4757902f5cfa5ac52d020e5be83cae5487519154b6c35482fe08d589f3c13?s=96&d=mm&r=g","contentUrl":"https:\/\/secure.gravatar.com\/avatar\/52e4757902f5cfa5ac52d020e5be83cae5487519154b6c35482fe08d589f3c13?s=96&d=mm&r=g","caption":"Universidad de las Artes"},"url":"https:\/\/www.uartes.edu.ec\/sitio\/fr\/blog\/author\/dircomadm\/"}]}},"uagb_featured_image_src":{"full":false,"thumbnail":false,"medium":false,"medium_large":false,"large":false,"1536x1536":false,"2048x2048":false,"trp-custom-language-flag":false,"htmega_size_585x295":false,"htmega_size_1170x536":false,"htmega_size_396x360":false,"gb-block-post-grid-landscape":false,"gb-block-post-grid-square":false,"university-hub-thumb":false},"uagb_author_info":{"display_name":"Universidad de las Artes","author_link":"https:\/\/www.uartes.edu.ec\/sitio\/fr\/blog\/author\/dircomadm\/"},"uagb_comment_info":0,"uagb_excerpt":"La ense\u00f1anza de lenguas extranjeras, al igual que la educaci\u00f3n en su conjunto, tiene que hacer frente al desaf\u00edo de dar respuesta a las necesidades espec\u00edficas de aprendizajes de estudiantes cada vez m\u00e1s diversos, que necesitan una ense\u00f1anza significativa que funde las bases de un nuevo idioma a partir de los conocimientos de su lengua\u2026","featured_image_src":null,"featured_image_src_square":null,"author_info":{"display_name":"Universidad de las Artes","author_link":"https:\/\/www.uartes.edu.ec\/sitio\/fr\/blog\/author\/dircomadm\/"},"publishpress_future_workflow_manual_trigger":{"enabledWorkflows":[]},"distributor_meta":false,"distributor_terms":false,"distributor_media":false,"distributor_original_site_name":"Universidad de las Artes","distributor_original_site_url":"https:\/\/www.uartes.edu.ec\/sitio\/fr","push-errors":false,"_links":{"self":[{"href":"https:\/\/www.uartes.edu.ec\/sitio\/fr\/wp-json\/wp\/v2\/posts\/1710","targetHints":{"allow":["GET"]}}],"collection":[{"href":"https:\/\/www.uartes.edu.ec\/sitio\/fr\/wp-json\/wp\/v2\/posts"}],"about":[{"href":"https:\/\/www.uartes.edu.ec\/sitio\/fr\/wp-json\/wp\/v2\/types\/post"}],"author":[{"embeddable":true,"href":"https:\/\/www.uartes.edu.ec\/sitio\/fr\/wp-json\/wp\/v2\/users\/1"}],"replies":[{"embeddable":true,"href":"https:\/\/www.uartes.edu.ec\/sitio\/fr\/wp-json\/wp\/v2\/comments?post=1710"}],"version-history":[{"count":1,"href":"https:\/\/www.uartes.edu.ec\/sitio\/fr\/wp-json\/wp\/v2\/posts\/1710\/revisions"}],"predecessor-version":[{"id":3349,"href":"https:\/\/www.uartes.edu.ec\/sitio\/fr\/wp-json\/wp\/v2\/posts\/1710\/revisions\/3349"}],"wp:featuredmedia":[{"embeddable":true,"href":"https:\/\/www.uartes.edu.ec\/sitio\/fr\/wp-json\/"}],"wp:attachment":[{"href":"https:\/\/www.uartes.edu.ec\/sitio\/fr\/wp-json\/wp\/v2\/media?parent=1710"}],"wp:term":[{"taxonomy":"category","embeddable":true,"href":"https:\/\/www.uartes.edu.ec\/sitio\/fr\/wp-json\/wp\/v2\/categories?post=1710"},{"taxonomy":"post_tag","embeddable":true,"href":"https:\/\/www.uartes.edu.ec\/sitio\/fr\/wp-json\/wp\/v2\/tags?post=1710"},{"taxonomy":"infouartes","embeddable":true,"href":"https:\/\/www.uartes.edu.ec\/sitio\/fr\/wp-json\/wp\/v2\/infouartes?post=1710"}],"curies":[{"name":"wp","href":"https:\/\/api.w.org\/{rel}","templated":true}]}}