{"id":17230,"date":"2021-12-02T09:30:00","date_gmt":"2021-12-02T14:30:00","guid":{"rendered":"http:\/\/www.uartes.edu.ec\/sitio\/?p=17230"},"modified":"2024-07-04T11:25:18","modified_gmt":"2024-07-04T16:25:18","slug":"kristina-butler-becaria-del-programa-fulbright-se-despide-de-la-uartes-con-suenos-de-zaza","status":"publish","type":"post","link":"https:\/\/www.uartes.edu.ec\/sitio\/fr\/blog\/2021\/12\/02\/kristina-butler-becaria-del-programa-fulbright-se-despide-de-la-uartes-con-suenos-de-zaza\/","title":{"rendered":"Kristina Butler, becaria del Programa Fulbright, se despide de la UArtes con la presentaci\u00f3n de \u201cSue\u00f1os de Zaz\u00e1\u201d"},"content":{"rendered":"<p>A la Universidad de las Artes Kristina Butler lleg\u00f3 como una de las dos becarias del Programa Fulbright, para tomar clases como oyente y desarrollar sus proyectos de investigaci\u00f3n (la otra becaria es Libbi Ponce). Han transcurrido ya diez meses de su estad\u00eda y el tiempo para su labor investigativa ha concluido; pr\u00e1cticamente se despide de la Universidad de las Artes y del pa\u00eds y lo hace con la presentaci\u00f3n de los resultados su trabajo.<\/p>\n\n\n\n<p>Su t\u00edtulo es <em>Sue\u00f1os de Zaz\u00e1, reflejos de la colaboraci\u00f3n creativa<\/em> y tiene lugar este jueves 2 de diciembre, a las 17:00, en el Sal\u00f3n Patrimonial del Centro de Producci\u00f3n e Innovaci\u00f3n MZ14.<\/p>\n\n\n\n<p>Previa a esta puesta en escena, InfoUArtes contact\u00f3 a Kristina Butler para conocer detalles de su permanencia, indagaciones, aprendizaje, procesos, clases a las que asisti\u00f3 como oyente y tambi\u00e9n de las que imparti\u00f3, as\u00ed como de las actividades art\u00edsticas desarrolladas. Aqu\u00ed su texto:<\/p>\n\n\n\n<p>\u00abLa beca Fulbright tiene como meta el intercambio cultural. Para cada becario es diferente, pero en mi caso consisti\u00f3 en realizar un proyecto de investigaci\u00f3n sobre m\u00fasica ecuatoriana en diez meses, con la afiliaci\u00f3n a un instituto.<\/p>\n\n\n\n<p>Como becaria cre\u00e9 mi propio proyecto de investigaci\u00f3n con la ayuda de la Universidad de las Artes y de acuerdo a mis intereses, capacidades y recursos disponibles. En el proceso, di algunas clases magistrales a estudiantes de la UArtes y la Universidad T\u00e9cnica Particular de Loja. Adem\u00e1s, me involucr\u00e9 en el escenario musical de Guayaquil. M\u00e1s que nada, mi proyecto integralmente tiene que ver con el intercambio cultural, dado a que traje mis conocimientos y experiencia a cada ensayo y sesi\u00f3n de grabaci\u00f3n de m\u00fasica ecuatoriana.&nbsp;<\/p>\n\n\n<div class=\"wp-block-image\">\n<figure class=\"aligncenter size-full\"><img fetchpriority=\"high\" decoding=\"async\" width=\"2000\" height=\"1333\" src=\"http:\/\/www.uartes.edu.ec\/sitio\/wp-content\/uploads\/2021\/12\/KRIS-Butler-2.webp\" alt=\"\" class=\"wp-image-17234\" srcset=\"https:\/\/www.uartes.edu.ec\/sitio\/wp-content\/uploads\/2021\/12\/KRIS-Butler-2.webp 2000w, https:\/\/www.uartes.edu.ec\/sitio\/wp-content\/uploads\/2021\/12\/KRIS-Butler-2-644x429.webp 644w, https:\/\/www.uartes.edu.ec\/sitio\/wp-content\/uploads\/2021\/12\/KRIS-Butler-2-768x511.webp 768w, https:\/\/www.uartes.edu.ec\/sitio\/wp-content\/uploads\/2021\/12\/KRIS-Butler-2-600x399.webp 600w, https:\/\/www.uartes.edu.ec\/sitio\/wp-content\/uploads\/2021\/12\/KRIS-Butler-2-272x182.webp 272w\" sizes=\"(max-width: 2000px) 100vw, 2000px\" \/><\/figure>\n<\/div>\n\n\n<p>Ha sido un reto muy enriquecedor en diferentes aspectos. Fue un verdadero cambio de paradigma estar del otro lado como m\u00fasico y no como estudiante. Fue la primera vez que pude dirigir varios grupos instrumentales de alto nivel. Tuve que tomar muchas decisiones art\u00edsticas, log\u00edsticas y manejar a grupos de personas y eso es bueno, ya que como m\u00fasico actualmente hay que ser multifac\u00e9tico. Para la mayor\u00eda, no es suficiente solo tocar o cantar si realmente se desea tener una carrera llena. Al coordinar ensayos entre muchas personas, colaborar creativamente sobre la marcha y mucho m\u00e1s, pude probar lo que es ser un m\u00fasico a tiempo completo en nuestro mundo actual, o al menos en Guayaquil.<\/p>\n\n\n\n<p>A pesar de que me cost\u00f3 adaptarme al principio, como es normal, luego lo tuve claro y pude enfocarme en c\u00f3mo desarrollar mi proyecto y en esta nueva aventura que estaba empezando en mi vida. Sab\u00eda que era una gran oportunidad y que ten\u00eda que aprovecharla al m\u00e1ximo. El empezar a crear y expandir mi red, tanto social como profesional, signific\u00f3 tener m\u00e1s oportunidades de crear m\u00fasica con m\u00fasicos de Guayaquil y avanzar con mis objetivos del proyecto, pero lo m\u00e1s importante, me ayud\u00f3 a sentirme como en casa.&nbsp;<\/p>\n\n\n\n<p>Los primeros tres meses tuve que replantear mi proyecto de investigaci\u00f3n. El desarrollo de la idea original se complic\u00f3 debido a la pandemia. El entender que realmente quer\u00eda interpretar y aprender nueva m\u00fasica aclar\u00f3 mi proyecto actual, lo que es grabar canciones ecuatorianas que eran poco grabadas y poco conocidas. Pas\u00e9 todo el mes de mayo buscando partituras que quer\u00eda interpretar. Eleg\u00ed las partituras de un archivo de m\u00e1s de 500 PDFs que tiene el equipo de investigaci\u00f3n Archiv\u00edstica y Patrimonio Musical de la UArtes. Eleg\u00ed cinco canciones, tomando en cuenta que el compositor sea ecuatoriano, que la melod\u00eda tenga un estilo \u00fanico y que la letra aborde un tema relevante a Ecuador (por flora o fauna, o nombrando a Guayaquil, por ejemplo) Estoy muy emocionada por compartir los audios de estas mismas canciones porque, de acuerdo a lo que pude investigar, son los primeros.<\/p>\n\n\n\n<p>Esto no solo significa que el sonido es nuevo, es decir, la melod\u00eda, sino que crea una ventana para visibilizar la poes\u00eda y las historias que cuentan las canciones. Cada una tiene un car\u00e1cter distinto, gracias a los estudiantes de la Escuela de Artes Sonoras que estuvieron involucrados: arreglistas, instrumentistas, t\u00e9cnicos de sonido e ingenieros de posproducci\u00f3n. No tendr\u00eda un \u00e1lbum de gemas si cada una de estas personas no hubiera dedicado su tiempo y habilidad a este proyecto. Los audios de este disco estar\u00e1n disponibles en la biblioteca virtual de la UArtes.&nbsp;<\/p>\n\n\n\n<p>Gracias al profesor Juan Carlos Franco por tenerme como oyente en su clase Historia de la M\u00fasica Ecuatoriana. Me ayud\u00f3 mucho a sentar las bases para mi proyecto, lo que me dio confianza en los pr\u00f3ximos pasos. Aunque no pude integrarme en el grupo de investigaci\u00f3n del doctor Rafael Guzm\u00e1n, su indagaci\u00f3n previa fue fundamental, dado a que eleg\u00ed las cinco canciones de su archivo. Adem\u00e1s, el doctor Guzm\u00e1n siempre me ayud\u00f3 con cualquier duda que ten\u00eda a lo largo del proceso de mi proyecto, por lo que le estoy muy agradecida\u00bb.<\/p>\n\n\n\n<p>Kristina Butler tambi\u00e9n agradece a Andrey Astaiza, director de la Escuela de Artes Sonoras, y a Susan Togra, de la Direcci\u00f3n de Relaciones Internacionales de la UArtes. Han sido pilares para el desarrollo de su beca en nuestra instituci\u00f3n de educaci\u00f3n superior.<\/p>\n\n\n<div class=\"wp-block-image\">\n<figure class=\"aligncenter size-full\"><img decoding=\"async\" width=\"2000\" height=\"1333\" src=\"http:\/\/www.uartes.edu.ec\/sitio\/wp-content\/uploads\/2021\/12\/SUENIOS-DE-ZAZA.webp\" alt=\"\" class=\"wp-image-17231\" srcset=\"https:\/\/www.uartes.edu.ec\/sitio\/wp-content\/uploads\/2021\/12\/SUENIOS-DE-ZAZA.webp 2000w, https:\/\/www.uartes.edu.ec\/sitio\/wp-content\/uploads\/2021\/12\/SUENIOS-DE-ZAZA-300x200.webp 300w, https:\/\/www.uartes.edu.ec\/sitio\/wp-content\/uploads\/2021\/12\/SUENIOS-DE-ZAZA-644x429.webp 644w, https:\/\/www.uartes.edu.ec\/sitio\/wp-content\/uploads\/2021\/12\/SUENIOS-DE-ZAZA-768x512.webp 768w, https:\/\/www.uartes.edu.ec\/sitio\/wp-content\/uploads\/2021\/12\/SUENIOS-DE-ZAZA-1536x1024.webp 1536w, https:\/\/www.uartes.edu.ec\/sitio\/wp-content\/uploads\/2021\/12\/SUENIOS-DE-ZAZA-600x400.webp 600w, https:\/\/www.uartes.edu.ec\/sitio\/wp-content\/uploads\/2021\/12\/SUENIOS-DE-ZAZA-400x267.webp 400w, https:\/\/www.uartes.edu.ec\/sitio\/wp-content\/uploads\/2021\/12\/SUENIOS-DE-ZAZA-272x182.webp 272w\" sizes=\"(max-width: 2000px) 100vw, 2000px\" \/><\/figure>\n<\/div>\n\n\n<p>Adem\u00e1s de ser investigadora independiente, Kristina Butler es soprano y posee dos t\u00edtulos: uno en espa\u00f1ol y otro en m\u00fasica, con especialidad en Flauta y Canto. Se gradu\u00f3 en el St. Olaf College en Northfield, Minnesota. Tiene una extensa trayectoria y entre sus experiencias m\u00e1s destacadas cuenta su participaci\u00f3n en un concierto efectuado en la Bas\u00edlica de San Pablo, en Roma, junto con el coro Together in Hope Choir, donde debut\u00f3 como solista en So That the World May Believe (Kim Andr\u00e9 Arnesen), en octubre del 2018. Gracias a su licenciatura trabaj\u00f3 con la Banda Sinf\u00f3nica de St. Olaf College, con la flauta en la secci\u00f3n de viento y como l\u00edder de la secci\u00f3n de sopranos.<\/p>\n\n\n\n<h3 class=\"wp-block-heading\" id=\"del-programa-y-el-relacionamiento\"><strong>Del programa y el relacionamiento<\/strong><\/h3>\n\n\n\n<p>El pasado 14 de mayo el rector de la UArtes, doctor William Herrera R\u00edos, firm\u00f3 una Carta de Intenci\u00f3n con la Comisi\u00f3n Fulbright Ecuador, la cual, justamente, permite&nbsp;promover la movilidad de becarios estadounidenses a nuestra instituci\u00f3n de educaci\u00f3n superior \u2013sean artistas, investigadores, acad\u00e9micos y\/o especialistas\u2013 para compartir e intercambiar conocimientos culturales, acad\u00e9micos y art\u00edsticos.<\/p>\n\n\n\n<p>En calidad de entidad receptora de los becarios, la UArtes provee un espacio para que ellos desarrollen sus propuestas de proyectos&nbsp;y\/o colaboraci\u00f3n conjunta de formaci\u00f3n t\u00e9cnica, actividades acad\u00e9micas y art\u00edsticas de mutuo inter\u00e9s, fortaleciendo el intercambio cultural y entendimiento de ambos pa\u00edses y beneficiando a la comunidad universitaria de la UArtes.&nbsp;&nbsp;<\/p>\n\n\n\n<p>El Programa Fulbright es l\u00edder mundial en intercambios educativos internacionales. Se estableci\u00f3 en 1946 y lleg\u00f3 a Ecuador en 1956 mediante un acuerdo ejecutivo entre los gobiernos de Estados Unidos y Ecuador, para aumentar el entendimiento mutuo por medio de intercambios educativos.<\/p>","protected":false},"excerpt":{"rendered":"<p>A la UArtes Kristina Butler lleg\u00f3 como una de las dos becarias (la otra es Libbi Ponce) del Programa Fulbright, para tomar clases como oyente y desarrollar proyectos de investigaci\u00f3n. Han transcurrido diez meses de su estad\u00eda y el tiempo para su labor investigativa concluy\u00f3; pr\u00e1cticamente se despide con la presentaci\u00f3n de los resultados su trabajo al que titul\u00f3 \u00abSue\u00f1os de Zaz\u00e1\u00bb.<\/p>","protected":false},"author":10,"featured_media":17233,"comment_status":"open","ping_status":"open","sticky":false,"template":"","format":"standard","meta":{"_acf_changed":false,"_uag_custom_page_level_css":"","_monsterinsights_skip_tracking":false,"_monsterinsights_sitenote_active":false,"_monsterinsights_sitenote_note":"","_monsterinsights_sitenote_category":0,"cybocfi_hide_featured_image":"","footnotes":""},"categories":[150,76,77,284],"tags":[568],"infouartes":[],"class_list":["post-17230","post","type-post","status-publish","format-standard","has-post-thumbnail","hentry","category-artes-sonoras","category-estudiantes","category-gestion","category-investigacion","tag-becaria"],"acf":[],"yoast_head":"<!-- This site is optimized with the Yoast SEO plugin v27.4 - https:\/\/yoast.com\/product\/yoast-seo-wordpress\/ -->\n<title>Universidad de las Artes - Kristina Butler, becaria del Programa Fulbright, se despide de la UArtes con la presentaci\u00f3n de \u201cSue\u00f1os de Zaz\u00e1\u201d<\/title>\n<meta name=\"description\" content=\"Universidad de las Artes - Kristina Butler, becaria del Programa Fulbright, se despide de la UArtes con la presentaci\u00f3n de \u201cSue\u00f1os de Zaz\u00e1\u201d\" \/>\n<meta name=\"robots\" content=\"index, follow, max-snippet:-1, max-image-preview:large, max-video-preview:-1\" \/>\n<link rel=\"canonical\" href=\"https:\/\/www.uartes.edu.ec\/sitio\/fr\/blog\/2021\/12\/02\/kristina-butler-becaria-del-programa-fulbright-se-despide-de-la-uartes-con-suenos-de-zaza\/\" \/>\n<meta property=\"og:locale\" content=\"fr_FR\" \/>\n<meta property=\"og:type\" content=\"article\" \/>\n<meta property=\"og:title\" content=\"Universidad de las Artes - Kristina Butler, becaria del Programa Fulbright, se despide de la UArtes con la presentaci\u00f3n de \u201cSue\u00f1os de Zaz\u00e1\u201d\" \/>\n<meta property=\"og:description\" content=\"Universidad de las Artes - Kristina Butler, becaria del Programa Fulbright, se despide de la UArtes con la presentaci\u00f3n de \u201cSue\u00f1os de Zaz\u00e1\u201d\" \/>\n<meta property=\"og:url\" content=\"https:\/\/www.uartes.edu.ec\/sitio\/fr\/blog\/2021\/12\/02\/kristina-butler-becaria-del-programa-fulbright-se-despide-de-la-uartes-con-suenos-de-zaza\/\" \/>\n<meta property=\"og:site_name\" content=\"Universidad de las Artes\" \/>\n<meta property=\"article:publisher\" content=\"https:\/\/www.facebook.com\/uartesec\" \/>\n<meta property=\"article:published_time\" content=\"2021-12-02T14:30:00+00:00\" \/>\n<meta property=\"article:modified_time\" content=\"2024-07-04T16:25:18+00:00\" \/>\n<meta property=\"og:image\" content=\"https:\/\/www.uartes.edu.ec\/sitio\/wp-content\/uploads\/2021\/12\/KRIS-Butler.webp\" \/>\n\t<meta property=\"og:image:width\" content=\"2000\" \/>\n\t<meta property=\"og:image:height\" content=\"1333\" \/>\n\t<meta property=\"og:image:type\" content=\"image\/webp\" \/>\n<meta name=\"author\" content=\"ccortez\" \/>\n<meta name=\"twitter:card\" content=\"summary_large_image\" \/>\n<meta name=\"twitter:creator\" content=\"@uartesec\" \/>\n<meta name=\"twitter:site\" content=\"@uartesec\" \/>\n<meta name=\"twitter:label1\" content=\"\u00c9crit par\" \/>\n\t<meta name=\"twitter:data1\" content=\"ccortez\" \/>\n\t<meta name=\"twitter:label2\" content=\"Dur\u00e9e de lecture estim\u00e9e\" \/>\n\t<meta name=\"twitter:data2\" content=\"6 minutes\" \/>\n<script type=\"application\/ld+json\" class=\"yoast-schema-graph\">{\"@context\":\"https:\\\/\\\/schema.org\",\"@graph\":[{\"@type\":\"Article\",\"@id\":\"https:\\\/\\\/www.uartes.edu.ec\\\/sitio\\\/fr\\\/blog\\\/2021\\\/12\\\/02\\\/kristina-butler-becaria-del-programa-fulbright-se-despide-de-la-uartes-con-suenos-de-zaza\\\/#article\",\"isPartOf\":{\"@id\":\"https:\\\/\\\/www.uartes.edu.ec\\\/sitio\\\/fr\\\/blog\\\/2021\\\/12\\\/02\\\/kristina-butler-becaria-del-programa-fulbright-se-despide-de-la-uartes-con-suenos-de-zaza\\\/\"},\"author\":{\"name\":\"ccortez\",\"@id\":\"https:\\\/\\\/www.uartes.edu.ec\\\/sitio\\\/fr\\\/#\\\/schema\\\/person\\\/efa1b8275797664fd7f13a79ccc0b1f4\"},\"headline\":\"Kristina Butler, becaria del Programa Fulbright, se despide de la UArtes con la presentaci\u00f3n de \u201cSue\u00f1os de Zaz\u00e1\u201d\",\"datePublished\":\"2021-12-02T14:30:00+00:00\",\"dateModified\":\"2024-07-04T16:25:18+00:00\",\"mainEntityOfPage\":{\"@id\":\"https:\\\/\\\/www.uartes.edu.ec\\\/sitio\\\/fr\\\/blog\\\/2021\\\/12\\\/02\\\/kristina-butler-becaria-del-programa-fulbright-se-despide-de-la-uartes-con-suenos-de-zaza\\\/\"},\"wordCount\":1236,\"commentCount\":0,\"publisher\":{\"@id\":\"https:\\\/\\\/www.uartes.edu.ec\\\/sitio\\\/fr\\\/#organization\"},\"image\":{\"@id\":\"https:\\\/\\\/www.uartes.edu.ec\\\/sitio\\\/fr\\\/blog\\\/2021\\\/12\\\/02\\\/kristina-butler-becaria-del-programa-fulbright-se-despide-de-la-uartes-con-suenos-de-zaza\\\/#primaryimage\"},\"thumbnailUrl\":\"https:\\\/\\\/www.uartes.edu.ec\\\/sitio\\\/wp-content\\\/uploads\\\/2021\\\/12\\\/KRIS-Butler.webp\",\"keywords\":[\"becaria\"],\"articleSection\":[\"Artes Sonoras\",\"Estudiantes\",\"Gesti\u00f3n\",\"Investigaci\u00f3n\"],\"inLanguage\":\"fr-FR\",\"potentialAction\":[{\"@type\":\"CommentAction\",\"name\":\"Comment\",\"target\":[\"https:\\\/\\\/www.uartes.edu.ec\\\/sitio\\\/fr\\\/blog\\\/2021\\\/12\\\/02\\\/kristina-butler-becaria-del-programa-fulbright-se-despide-de-la-uartes-con-suenos-de-zaza\\\/#respond\"]}]},{\"@type\":[\"WebPage\",\"ItemPage\"],\"@id\":\"https:\\\/\\\/www.uartes.edu.ec\\\/sitio\\\/fr\\\/blog\\\/2021\\\/12\\\/02\\\/kristina-butler-becaria-del-programa-fulbright-se-despide-de-la-uartes-con-suenos-de-zaza\\\/\",\"url\":\"https:\\\/\\\/www.uartes.edu.ec\\\/sitio\\\/fr\\\/blog\\\/2021\\\/12\\\/02\\\/kristina-butler-becaria-del-programa-fulbright-se-despide-de-la-uartes-con-suenos-de-zaza\\\/\",\"name\":\"Universidad de las Artes - Kristina Butler, becaria del Programa Fulbright, se despide de la UArtes con la presentaci\u00f3n de \u201cSue\u00f1os de Zaz\u00e1\u201d\",\"isPartOf\":{\"@id\":\"https:\\\/\\\/www.uartes.edu.ec\\\/sitio\\\/fr\\\/#website\"},\"primaryImageOfPage\":{\"@id\":\"https:\\\/\\\/www.uartes.edu.ec\\\/sitio\\\/fr\\\/blog\\\/2021\\\/12\\\/02\\\/kristina-butler-becaria-del-programa-fulbright-se-despide-de-la-uartes-con-suenos-de-zaza\\\/#primaryimage\"},\"image\":{\"@id\":\"https:\\\/\\\/www.uartes.edu.ec\\\/sitio\\\/fr\\\/blog\\\/2021\\\/12\\\/02\\\/kristina-butler-becaria-del-programa-fulbright-se-despide-de-la-uartes-con-suenos-de-zaza\\\/#primaryimage\"},\"thumbnailUrl\":\"https:\\\/\\\/www.uartes.edu.ec\\\/sitio\\\/wp-content\\\/uploads\\\/2021\\\/12\\\/KRIS-Butler.webp\",\"datePublished\":\"2021-12-02T14:30:00+00:00\",\"dateModified\":\"2024-07-04T16:25:18+00:00\",\"description\":\"Universidad de las Artes - Kristina Butler, becaria del Programa Fulbright, se despide de la UArtes con la presentaci\u00f3n de \u201cSue\u00f1os de Zaz\u00e1\u201d\",\"breadcrumb\":{\"@id\":\"https:\\\/\\\/www.uartes.edu.ec\\\/sitio\\\/fr\\\/blog\\\/2021\\\/12\\\/02\\\/kristina-butler-becaria-del-programa-fulbright-se-despide-de-la-uartes-con-suenos-de-zaza\\\/#breadcrumb\"},\"inLanguage\":\"fr-FR\",\"potentialAction\":[{\"@type\":\"ReadAction\",\"target\":[\"https:\\\/\\\/www.uartes.edu.ec\\\/sitio\\\/fr\\\/blog\\\/2021\\\/12\\\/02\\\/kristina-butler-becaria-del-programa-fulbright-se-despide-de-la-uartes-con-suenos-de-zaza\\\/\"]}]},{\"@type\":\"ImageObject\",\"inLanguage\":\"fr-FR\",\"@id\":\"https:\\\/\\\/www.uartes.edu.ec\\\/sitio\\\/fr\\\/blog\\\/2021\\\/12\\\/02\\\/kristina-butler-becaria-del-programa-fulbright-se-despide-de-la-uartes-con-suenos-de-zaza\\\/#primaryimage\",\"url\":\"https:\\\/\\\/www.uartes.edu.ec\\\/sitio\\\/wp-content\\\/uploads\\\/2021\\\/12\\\/KRIS-Butler.webp\",\"contentUrl\":\"https:\\\/\\\/www.uartes.edu.ec\\\/sitio\\\/wp-content\\\/uploads\\\/2021\\\/12\\\/KRIS-Butler.webp\",\"width\":2000,\"height\":1333},{\"@type\":\"BreadcrumbList\",\"@id\":\"https:\\\/\\\/www.uartes.edu.ec\\\/sitio\\\/fr\\\/blog\\\/2021\\\/12\\\/02\\\/kristina-butler-becaria-del-programa-fulbright-se-despide-de-la-uartes-con-suenos-de-zaza\\\/#breadcrumb\",\"itemListElement\":[{\"@type\":\"ListItem\",\"position\":1,\"name\":\"Inicio\",\"item\":\"https:\\\/\\\/www.uartes.edu.ec\\\/sitio\\\/\"},{\"@type\":\"ListItem\",\"position\":2,\"name\":\"Kristina Butler, becaria del Programa Fulbright, se despide de la UArtes con la presentaci\u00f3n de \u201cSue\u00f1os de Zaz\u00e1\u201d\"}]},{\"@type\":\"WebSite\",\"@id\":\"https:\\\/\\\/www.uartes.edu.ec\\\/sitio\\\/fr\\\/#website\",\"url\":\"https:\\\/\\\/www.uartes.edu.ec\\\/sitio\\\/fr\\\/\",\"name\":\"Universidad de las Artes\",\"description\":\"Sitio oficial de la Universidad Nacional de las Artes del Ecuador\",\"publisher\":{\"@id\":\"https:\\\/\\\/www.uartes.edu.ec\\\/sitio\\\/fr\\\/#organization\"},\"potentialAction\":[{\"@type\":\"SearchAction\",\"target\":{\"@type\":\"EntryPoint\",\"urlTemplate\":\"https:\\\/\\\/www.uartes.edu.ec\\\/sitio\\\/fr\\\/?s={search_term_string}\"},\"query-input\":{\"@type\":\"PropertyValueSpecification\",\"valueRequired\":true,\"valueName\":\"search_term_string\"}}],\"inLanguage\":\"fr-FR\"},{\"@type\":\"Organization\",\"@id\":\"https:\\\/\\\/www.uartes.edu.ec\\\/sitio\\\/fr\\\/#organization\",\"name\":\"Universidad de las Artes\",\"url\":\"https:\\\/\\\/www.uartes.edu.ec\\\/sitio\\\/fr\\\/\",\"logo\":{\"@type\":\"ImageObject\",\"inLanguage\":\"fr-FR\",\"@id\":\"https:\\\/\\\/www.uartes.edu.ec\\\/sitio\\\/fr\\\/#\\\/schema\\\/logo\\\/image\\\/\",\"url\":\"https:\\\/\\\/www.uartes.edu.ec\\\/sitio\\\/wp-content\\\/uploads\\\/2022\\\/07\\\/logo-ua-horizontal.png\",\"contentUrl\":\"https:\\\/\\\/www.uartes.edu.ec\\\/sitio\\\/wp-content\\\/uploads\\\/2022\\\/07\\\/logo-ua-horizontal.png\",\"width\":800,\"height\":276,\"caption\":\"Universidad de las Artes\"},\"image\":{\"@id\":\"https:\\\/\\\/www.uartes.edu.ec\\\/sitio\\\/fr\\\/#\\\/schema\\\/logo\\\/image\\\/\"},\"sameAs\":[\"https:\\\/\\\/www.facebook.com\\\/uartesec\",\"https:\\\/\\\/x.com\\\/uartesec\",\"https:\\\/\\\/www.tiktok.com\\\/@uartesec\"]},{\"@type\":\"Person\",\"@id\":\"https:\\\/\\\/www.uartes.edu.ec\\\/sitio\\\/fr\\\/#\\\/schema\\\/person\\\/efa1b8275797664fd7f13a79ccc0b1f4\",\"name\":\"ccortez\",\"image\":{\"@type\":\"ImageObject\",\"inLanguage\":\"fr-FR\",\"@id\":\"https:\\\/\\\/secure.gravatar.com\\\/avatar\\\/b2a6f664a3ae8e074346ef91775736c5ec479e637ecced6842de9dc98b5da9cd?s=96&d=mm&r=g\",\"url\":\"https:\\\/\\\/secure.gravatar.com\\\/avatar\\\/b2a6f664a3ae8e074346ef91775736c5ec479e637ecced6842de9dc98b5da9cd?s=96&d=mm&r=g\",\"contentUrl\":\"https:\\\/\\\/secure.gravatar.com\\\/avatar\\\/b2a6f664a3ae8e074346ef91775736c5ec479e637ecced6842de9dc98b5da9cd?s=96&d=mm&r=g\",\"caption\":\"ccortez\"},\"url\":\"https:\\\/\\\/www.uartes.edu.ec\\\/sitio\\\/fr\\\/blog\\\/author\\\/ccortez\\\/\"}]}<\/script>\n<!-- \/ Yoast SEO plugin. -->","yoast_head_json":{"title":"Universidad de las Artes - Kristina Butler, becaria del Programa Fulbright, se despide de la UArtes con la presentaci\u00f3n de \u201cSue\u00f1os de Zaz\u00e1\u201d","description":"Universidad de las Artes - Kristina Butler, becaria del Programa Fulbright, se despide de la UArtes con la presentaci\u00f3n de \u201cSue\u00f1os de Zaz\u00e1\u201d","robots":{"index":"index","follow":"follow","max-snippet":"max-snippet:-1","max-image-preview":"max-image-preview:large","max-video-preview":"max-video-preview:-1"},"canonical":"https:\/\/www.uartes.edu.ec\/sitio\/fr\/blog\/2021\/12\/02\/kristina-butler-becaria-del-programa-fulbright-se-despide-de-la-uartes-con-suenos-de-zaza\/","og_locale":"fr_FR","og_type":"article","og_title":"Universidad de las Artes - Kristina Butler, becaria del Programa Fulbright, se despide de la UArtes con la presentaci\u00f3n de \u201cSue\u00f1os de Zaz\u00e1\u201d","og_description":"Universidad de las Artes - Kristina Butler, becaria del Programa Fulbright, se despide de la UArtes con la presentaci\u00f3n de \u201cSue\u00f1os de Zaz\u00e1\u201d","og_url":"https:\/\/www.uartes.edu.ec\/sitio\/fr\/blog\/2021\/12\/02\/kristina-butler-becaria-del-programa-fulbright-se-despide-de-la-uartes-con-suenos-de-zaza\/","og_site_name":"Universidad de las Artes","article_publisher":"https:\/\/www.facebook.com\/uartesec","article_published_time":"2021-12-02T14:30:00+00:00","article_modified_time":"2024-07-04T16:25:18+00:00","og_image":[{"width":2000,"height":1333,"url":"https:\/\/www.uartes.edu.ec\/sitio\/wp-content\/uploads\/2021\/12\/KRIS-Butler.webp","type":"image\/webp"}],"author":"ccortez","twitter_card":"summary_large_image","twitter_creator":"@uartesec","twitter_site":"@uartesec","twitter_misc":{"\u00c9crit par":"ccortez","Dur\u00e9e de lecture estim\u00e9e":"6 minutes"},"schema":{"@context":"https:\/\/schema.org","@graph":[{"@type":"Article","@id":"https:\/\/www.uartes.edu.ec\/sitio\/fr\/blog\/2021\/12\/02\/kristina-butler-becaria-del-programa-fulbright-se-despide-de-la-uartes-con-suenos-de-zaza\/#article","isPartOf":{"@id":"https:\/\/www.uartes.edu.ec\/sitio\/fr\/blog\/2021\/12\/02\/kristina-butler-becaria-del-programa-fulbright-se-despide-de-la-uartes-con-suenos-de-zaza\/"},"author":{"name":"ccortez","@id":"https:\/\/www.uartes.edu.ec\/sitio\/fr\/#\/schema\/person\/efa1b8275797664fd7f13a79ccc0b1f4"},"headline":"Kristina Butler, becaria del Programa Fulbright, se despide de la UArtes con la presentaci\u00f3n de \u201cSue\u00f1os de Zaz\u00e1\u201d","datePublished":"2021-12-02T14:30:00+00:00","dateModified":"2024-07-04T16:25:18+00:00","mainEntityOfPage":{"@id":"https:\/\/www.uartes.edu.ec\/sitio\/fr\/blog\/2021\/12\/02\/kristina-butler-becaria-del-programa-fulbright-se-despide-de-la-uartes-con-suenos-de-zaza\/"},"wordCount":1236,"commentCount":0,"publisher":{"@id":"https:\/\/www.uartes.edu.ec\/sitio\/fr\/#organization"},"image":{"@id":"https:\/\/www.uartes.edu.ec\/sitio\/fr\/blog\/2021\/12\/02\/kristina-butler-becaria-del-programa-fulbright-se-despide-de-la-uartes-con-suenos-de-zaza\/#primaryimage"},"thumbnailUrl":"https:\/\/www.uartes.edu.ec\/sitio\/wp-content\/uploads\/2021\/12\/KRIS-Butler.webp","keywords":["becaria"],"articleSection":["Artes Sonoras","Estudiantes","Gesti\u00f3n","Investigaci\u00f3n"],"inLanguage":"fr-FR","potentialAction":[{"@type":"CommentAction","name":"Comment","target":["https:\/\/www.uartes.edu.ec\/sitio\/fr\/blog\/2021\/12\/02\/kristina-butler-becaria-del-programa-fulbright-se-despide-de-la-uartes-con-suenos-de-zaza\/#respond"]}]},{"@type":["WebPage","ItemPage"],"@id":"https:\/\/www.uartes.edu.ec\/sitio\/fr\/blog\/2021\/12\/02\/kristina-butler-becaria-del-programa-fulbright-se-despide-de-la-uartes-con-suenos-de-zaza\/","url":"https:\/\/www.uartes.edu.ec\/sitio\/fr\/blog\/2021\/12\/02\/kristina-butler-becaria-del-programa-fulbright-se-despide-de-la-uartes-con-suenos-de-zaza\/","name":"Universidad de las Artes - Kristina Butler, becaria del Programa Fulbright, se despide de la UArtes con la presentaci\u00f3n de \u201cSue\u00f1os de Zaz\u00e1\u201d","isPartOf":{"@id":"https:\/\/www.uartes.edu.ec\/sitio\/fr\/#website"},"primaryImageOfPage":{"@id":"https:\/\/www.uartes.edu.ec\/sitio\/fr\/blog\/2021\/12\/02\/kristina-butler-becaria-del-programa-fulbright-se-despide-de-la-uartes-con-suenos-de-zaza\/#primaryimage"},"image":{"@id":"https:\/\/www.uartes.edu.ec\/sitio\/fr\/blog\/2021\/12\/02\/kristina-butler-becaria-del-programa-fulbright-se-despide-de-la-uartes-con-suenos-de-zaza\/#primaryimage"},"thumbnailUrl":"https:\/\/www.uartes.edu.ec\/sitio\/wp-content\/uploads\/2021\/12\/KRIS-Butler.webp","datePublished":"2021-12-02T14:30:00+00:00","dateModified":"2024-07-04T16:25:18+00:00","description":"Universidad de las Artes - Kristina Butler, becaria del Programa Fulbright, se despide de la UArtes con la presentaci\u00f3n de \u201cSue\u00f1os de Zaz\u00e1\u201d","breadcrumb":{"@id":"https:\/\/www.uartes.edu.ec\/sitio\/fr\/blog\/2021\/12\/02\/kristina-butler-becaria-del-programa-fulbright-se-despide-de-la-uartes-con-suenos-de-zaza\/#breadcrumb"},"inLanguage":"fr-FR","potentialAction":[{"@type":"ReadAction","target":["https:\/\/www.uartes.edu.ec\/sitio\/fr\/blog\/2021\/12\/02\/kristina-butler-becaria-del-programa-fulbright-se-despide-de-la-uartes-con-suenos-de-zaza\/"]}]},{"@type":"ImageObject","inLanguage":"fr-FR","@id":"https:\/\/www.uartes.edu.ec\/sitio\/fr\/blog\/2021\/12\/02\/kristina-butler-becaria-del-programa-fulbright-se-despide-de-la-uartes-con-suenos-de-zaza\/#primaryimage","url":"https:\/\/www.uartes.edu.ec\/sitio\/wp-content\/uploads\/2021\/12\/KRIS-Butler.webp","contentUrl":"https:\/\/www.uartes.edu.ec\/sitio\/wp-content\/uploads\/2021\/12\/KRIS-Butler.webp","width":2000,"height":1333},{"@type":"BreadcrumbList","@id":"https:\/\/www.uartes.edu.ec\/sitio\/fr\/blog\/2021\/12\/02\/kristina-butler-becaria-del-programa-fulbright-se-despide-de-la-uartes-con-suenos-de-zaza\/#breadcrumb","itemListElement":[{"@type":"ListItem","position":1,"name":"Inicio","item":"https:\/\/www.uartes.edu.ec\/sitio\/"},{"@type":"ListItem","position":2,"name":"Kristina Butler, becaria del Programa Fulbright, se despide de la UArtes con la presentaci\u00f3n de \u201cSue\u00f1os de Zaz\u00e1\u201d"}]},{"@type":"WebSite","@id":"https:\/\/www.uartes.edu.ec\/sitio\/fr\/#website","url":"https:\/\/www.uartes.edu.ec\/sitio\/fr\/","name":"Universidad de las Artes","description":"Sitio oficial de la Universidad Nacional de las Artes del Ecuador","publisher":{"@id":"https:\/\/www.uartes.edu.ec\/sitio\/fr\/#organization"},"potentialAction":[{"@type":"SearchAction","target":{"@type":"EntryPoint","urlTemplate":"https:\/\/www.uartes.edu.ec\/sitio\/fr\/?s={search_term_string}"},"query-input":{"@type":"PropertyValueSpecification","valueRequired":true,"valueName":"search_term_string"}}],"inLanguage":"fr-FR"},{"@type":"Organization","@id":"https:\/\/www.uartes.edu.ec\/sitio\/fr\/#organization","name":"Universidad de las Artes","url":"https:\/\/www.uartes.edu.ec\/sitio\/fr\/","logo":{"@type":"ImageObject","inLanguage":"fr-FR","@id":"https:\/\/www.uartes.edu.ec\/sitio\/fr\/#\/schema\/logo\/image\/","url":"https:\/\/www.uartes.edu.ec\/sitio\/wp-content\/uploads\/2022\/07\/logo-ua-horizontal.png","contentUrl":"https:\/\/www.uartes.edu.ec\/sitio\/wp-content\/uploads\/2022\/07\/logo-ua-horizontal.png","width":800,"height":276,"caption":"Universidad de las Artes"},"image":{"@id":"https:\/\/www.uartes.edu.ec\/sitio\/fr\/#\/schema\/logo\/image\/"},"sameAs":["https:\/\/www.facebook.com\/uartesec","https:\/\/x.com\/uartesec","https:\/\/www.tiktok.com\/@uartesec"]},{"@type":"Person","@id":"https:\/\/www.uartes.edu.ec\/sitio\/fr\/#\/schema\/person\/efa1b8275797664fd7f13a79ccc0b1f4","name":"ccortez","image":{"@type":"ImageObject","inLanguage":"fr-FR","@id":"https:\/\/secure.gravatar.com\/avatar\/b2a6f664a3ae8e074346ef91775736c5ec479e637ecced6842de9dc98b5da9cd?s=96&d=mm&r=g","url":"https:\/\/secure.gravatar.com\/avatar\/b2a6f664a3ae8e074346ef91775736c5ec479e637ecced6842de9dc98b5da9cd?s=96&d=mm&r=g","contentUrl":"https:\/\/secure.gravatar.com\/avatar\/b2a6f664a3ae8e074346ef91775736c5ec479e637ecced6842de9dc98b5da9cd?s=96&d=mm&r=g","caption":"ccortez"},"url":"https:\/\/www.uartes.edu.ec\/sitio\/fr\/blog\/author\/ccortez\/"}]}},"uagb_featured_image_src":{"full":["https:\/\/www.uartes.edu.ec\/sitio\/wp-content\/uploads\/2021\/12\/KRIS-Butler.webp",2000,1333,false],"thumbnail":["https:\/\/www.uartes.edu.ec\/sitio\/wp-content\/uploads\/2021\/12\/KRIS-Butler-150x150.webp",150,150,true],"medium":["https:\/\/www.uartes.edu.ec\/sitio\/wp-content\/uploads\/2021\/12\/KRIS-Butler-300x200.webp",300,200,true],"medium_large":["https:\/\/www.uartes.edu.ec\/sitio\/wp-content\/uploads\/2021\/12\/KRIS-Butler-768x512.webp",768,512,true],"large":["https:\/\/www.uartes.edu.ec\/sitio\/wp-content\/uploads\/2021\/12\/KRIS-Butler-644x429.webp",644,429,true],"1536x1536":["https:\/\/www.uartes.edu.ec\/sitio\/wp-content\/uploads\/2021\/12\/KRIS-Butler-1536x1024.webp",1536,1024,true],"2048x2048":["https:\/\/www.uartes.edu.ec\/sitio\/wp-content\/uploads\/2021\/12\/KRIS-Butler.webp",2000,1333,false],"trp-custom-language-flag":["https:\/\/www.uartes.edu.ec\/sitio\/wp-content\/uploads\/2021\/12\/KRIS-Butler.webp",18,12,false],"htmega_size_585x295":["https:\/\/www.uartes.edu.ec\/sitio\/wp-content\/uploads\/2021\/12\/KRIS-Butler.webp",443,295,false],"htmega_size_1170x536":["https:\/\/www.uartes.edu.ec\/sitio\/wp-content\/uploads\/2021\/12\/KRIS-Butler.webp",804,536,false],"htmega_size_396x360":["https:\/\/www.uartes.edu.ec\/sitio\/wp-content\/uploads\/2021\/12\/KRIS-Butler.webp",396,264,false],"gb-block-post-grid-landscape":["https:\/\/www.uartes.edu.ec\/sitio\/wp-content\/uploads\/2021\/12\/KRIS-Butler-600x400.webp",600,400,true],"gb-block-post-grid-square":["https:\/\/www.uartes.edu.ec\/sitio\/wp-content\/uploads\/2021\/12\/KRIS-Butler-600x600.webp",600,600,true],"university-hub-thumb":["https:\/\/www.uartes.edu.ec\/sitio\/wp-content\/uploads\/2021\/12\/KRIS-Butler-400x267.webp",400,267,true],"mailpoet_newsletter_max":["https:\/\/www.uartes.edu.ec\/sitio\/wp-content\/uploads\/2021\/12\/KRIS-Butler.webp",1320,880,false]},"uagb_author_info":{"display_name":"ccortez","author_link":"https:\/\/www.uartes.edu.ec\/sitio\/fr\/blog\/author\/ccortez\/"},"uagb_comment_info":0,"uagb_excerpt":"A la UArtes Kristina Butler lleg\u00f3 como una de las dos becarias (la otra es Libbi Ponce) del Programa Fulbright, para tomar clases como oyente y desarrollar proyectos de investigaci\u00f3n. Han transcurrido diez meses de su estad\u00eda y el tiempo para su labor investigativa concluy\u00f3; pr\u00e1cticamente se despide con la presentaci\u00f3n de los resultados su\u2026","featured_image_src":"https:\/\/www.uartes.edu.ec\/sitio\/wp-content\/uploads\/2021\/12\/KRIS-Butler-600x400.webp","featured_image_src_square":"https:\/\/www.uartes.edu.ec\/sitio\/wp-content\/uploads\/2021\/12\/KRIS-Butler-600x600.webp","author_info":{"display_name":"ccortez","author_link":"https:\/\/www.uartes.edu.ec\/sitio\/fr\/blog\/author\/ccortez\/"},"publishpress_future_workflow_manual_trigger":{"enabledWorkflows":[]},"distributor_meta":false,"distributor_terms":false,"distributor_media":false,"distributor_original_site_name":"Universidad de las Artes","distributor_original_site_url":"https:\/\/www.uartes.edu.ec\/sitio\/fr","push-errors":false,"_links":{"self":[{"href":"https:\/\/www.uartes.edu.ec\/sitio\/fr\/wp-json\/wp\/v2\/posts\/17230","targetHints":{"allow":["GET"]}}],"collection":[{"href":"https:\/\/www.uartes.edu.ec\/sitio\/fr\/wp-json\/wp\/v2\/posts"}],"about":[{"href":"https:\/\/www.uartes.edu.ec\/sitio\/fr\/wp-json\/wp\/v2\/types\/post"}],"author":[{"embeddable":true,"href":"https:\/\/www.uartes.edu.ec\/sitio\/fr\/wp-json\/wp\/v2\/users\/10"}],"replies":[{"embeddable":true,"href":"https:\/\/www.uartes.edu.ec\/sitio\/fr\/wp-json\/wp\/v2\/comments?post=17230"}],"version-history":[{"count":5,"href":"https:\/\/www.uartes.edu.ec\/sitio\/fr\/wp-json\/wp\/v2\/posts\/17230\/revisions"}],"predecessor-version":[{"id":44995,"href":"https:\/\/www.uartes.edu.ec\/sitio\/fr\/wp-json\/wp\/v2\/posts\/17230\/revisions\/44995"}],"wp:featuredmedia":[{"embeddable":true,"href":"https:\/\/www.uartes.edu.ec\/sitio\/fr\/wp-json\/wp\/v2\/media\/17233"}],"wp:attachment":[{"href":"https:\/\/www.uartes.edu.ec\/sitio\/fr\/wp-json\/wp\/v2\/media?parent=17230"}],"wp:term":[{"taxonomy":"category","embeddable":true,"href":"https:\/\/www.uartes.edu.ec\/sitio\/fr\/wp-json\/wp\/v2\/categories?post=17230"},{"taxonomy":"post_tag","embeddable":true,"href":"https:\/\/www.uartes.edu.ec\/sitio\/fr\/wp-json\/wp\/v2\/tags?post=17230"},{"taxonomy":"infouartes","embeddable":true,"href":"https:\/\/www.uartes.edu.ec\/sitio\/fr\/wp-json\/wp\/v2\/infouartes?post=17230"}],"curies":[{"name":"wp","href":"https:\/\/api.w.org\/{rel}","templated":true}]}}