{"id":17250,"date":"2021-12-01T19:00:00","date_gmt":"2021-12-02T00:00:00","guid":{"rendered":"http:\/\/www.uartes.edu.ec\/sitio\/?p=17250"},"modified":"2024-07-04T11:25:18","modified_gmt":"2024-07-04T16:25:18","slug":"en-busca-de-una-transformacion-educativa-fundaciones-y-la-uartes-realizan-jornadas","status":"publish","type":"post","link":"https:\/\/www.uartes.edu.ec\/sitio\/fr\/blog\/2021\/12\/01\/en-busca-de-una-transformacion-educativa-fundaciones-y-la-uartes-realizan-jornadas\/","title":{"rendered":"En busca de una transformaci\u00f3n educativa, fundaciones y la UArtes realizan jornadas"},"content":{"rendered":"<p>Como parte del convenio tripartito de cooperaci\u00f3n interinstitucional que la Universidad de las Artes firm\u00f3 en noviembre pasado con las fundaciones Vueltas y Unidos por la Educaci\u00f3n, este s\u00e1bado 4 de diciembre de 2021 el Centro de Producci\u00f3n e Innovaci\u00f3n MZ14 se convertir\u00e1 en la sede de las Jornadas de Introducci\u00f3n a la Transformaci\u00f3n Educativa.<\/p>\n\n\n\n<p>La actividad se desarrollar\u00e1 desde las 09:30 hasta las 17:00, en la Sala Experimental del patrimonial edificio del MZ14. La organizan las fundaciones conjuntamente con la Direcci\u00f3n de Vinculaci\u00f3n con la Sociedad de la UArtes. Cyntia Banegas, de Unidos por la Educaci\u00f3n, indica que, dirigida a docentes, estudiantes de \u00e1reas relacionadas con el \u00e1mbito educativo y dem\u00e1s personas interesadas, el prop\u00f3sito es sensibilizar sobre la necesidad de una transformaci\u00f3n educativa en Ecuador.<\/p>\n\n\n\n<p>Justamente por esa finalidad, se han concebido jornadas que permitan reflexionar y discutir sobre la educaci\u00f3n en la actualidad, acompa\u00f1ado esto por una capacitaci\u00f3n en diversas metodolog\u00edas activas que puedan dar respuestas a las problem\u00e1ticas del presente. Todo lo anterior con la experiencia situada en los procesos de transformaci\u00f3n y mejora que se est\u00e1n llevando a cabo en comunidades rurales del Ecuador, donde se est\u00e1 implementado el modelo ChanGo, el cual convierte a la escuela en un agente de cambio de su comunidad, anota Banegas.<\/p>\n\n\n\n<p>En sus redes sociales, la Fundaci\u00f3n Unidos por la Educaci\u00f3n destaca que para lograr una transformaci\u00f3n educativa tambi\u00e9n es necesario trabajar desde los hogares y con las familias, raz\u00f3n por la cual se han impartido talleres para madres y padres de familia. Se\u00f1ala como ejemplo de esa labor el primer ciclo sobre herramientas para el manejo y comprensi\u00f3n de las emociones efectuado en varios planteles de la provincia del Guayas. <\/p>\n\n\n\n<p>La intenci\u00f3n, se destaca, es que desde un acercamiento l\u00fadico las familias adquieran herramientas cognitivas para fortalecer lazos emocionales y apoyar el desarrollo cognitivo y los procesos de aprendizaje de ni\u00f1as y ni\u00f1os desde su n\u00facleo m\u00e1s importante: el hogar.<\/p>\n\n\n\n<p>Banegas menciona que junto con ella en la coordinaci\u00f3n de las jornadas est\u00e1n Sofia Litardo y Carolina Rovayo, y que \u00c9rika Petro, quien es coordinadora pedag\u00f3gica, ser\u00e1 la capacitadora. &nbsp;<\/p>","protected":false},"excerpt":{"rendered":"<p>Como parte del convenio tripartito de cooperaci\u00f3n interinstitucional que la Universidad de las Artes firm\u00f3 en noviembre pasado con las fundaciones Vueltas y Unidos por la Educaci\u00f3n, este s\u00e1bado 4 de diciembre de 2021 el Centro de Producci\u00f3n e Innovaci\u00f3n MZ14 se convertir\u00e1 en la sede de las Jornadas de Introducci\u00f3n a la Transformaci\u00f3n Educativa.<\/p>","protected":false},"author":10,"featured_media":17254,"comment_status":"open","ping_status":"open","sticky":false,"template":"","format":"standard","meta":{"_acf_changed":false,"_uag_custom_page_level_css":"","_monsterinsights_skip_tracking":false,"_monsterinsights_sitenote_active":false,"_monsterinsights_sitenote_note":"","_monsterinsights_sitenote_category":0,"cybocfi_hide_featured_image":"","footnotes":""},"categories":[80,75,76,77],"tags":[544],"infouartes":[],"class_list":["post-17250","post","type-post","status-publish","format-standard","has-post-thumbnail","hentry","category-academico","category-docentes","category-estudiantes","category-gestion","tag-jornadas"],"acf":[],"yoast_head":"<!-- This site is optimized with the Yoast SEO plugin v27.4 - https:\/\/yoast.com\/product\/yoast-seo-wordpress\/ -->\n<title>Universidad de las Artes - En busca de una transformaci\u00f3n educativa, fundaciones y la UArtes realizan jornadas<\/title>\n<meta name=\"description\" content=\"Universidad de las Artes - En busca de una transformaci\u00f3n educativa, fundaciones y la UArtes realizan jornadas\" \/>\n<meta name=\"robots\" content=\"index, follow, max-snippet:-1, max-image-preview:large, max-video-preview:-1\" \/>\n<link rel=\"canonical\" href=\"https:\/\/www.uartes.edu.ec\/sitio\/fr\/blog\/2021\/12\/01\/en-busca-de-una-transformacion-educativa-fundaciones-y-la-uartes-realizan-jornadas\/\" \/>\n<meta property=\"og:locale\" content=\"fr_FR\" \/>\n<meta property=\"og:type\" content=\"article\" \/>\n<meta property=\"og:title\" content=\"Universidad de las Artes - En busca de una transformaci\u00f3n educativa, fundaciones y la UArtes realizan jornadas\" \/>\n<meta property=\"og:description\" content=\"Universidad de las Artes - En busca de una transformaci\u00f3n educativa, fundaciones y la UArtes realizan jornadas\" \/>\n<meta property=\"og:url\" content=\"https:\/\/www.uartes.edu.ec\/sitio\/fr\/blog\/2021\/12\/01\/en-busca-de-una-transformacion-educativa-fundaciones-y-la-uartes-realizan-jornadas\/\" \/>\n<meta property=\"og:site_name\" content=\"Universidad de las Artes\" \/>\n<meta property=\"article:publisher\" content=\"https:\/\/www.facebook.com\/uartesec\" \/>\n<meta property=\"article:published_time\" content=\"2021-12-02T00:00:00+00:00\" \/>\n<meta property=\"article:modified_time\" content=\"2024-07-04T16:25:18+00:00\" \/>\n<meta property=\"og:image\" content=\"https:\/\/www.uartes.edu.ec\/sitio\/wp-content\/uploads\/2021\/12\/TRANSFORMACION-EDUCATIVA.webp\" \/>\n\t<meta property=\"og:image:width\" content=\"2000\" \/>\n\t<meta property=\"og:image:height\" content=\"1333\" \/>\n\t<meta property=\"og:image:type\" content=\"image\/webp\" \/>\n<meta name=\"author\" content=\"ccortez\" \/>\n<meta name=\"twitter:card\" content=\"summary_large_image\" \/>\n<meta name=\"twitter:creator\" content=\"@uartesec\" \/>\n<meta name=\"twitter:site\" content=\"@uartesec\" \/>\n<meta name=\"twitter:label1\" content=\"\u00c9crit par\" \/>\n\t<meta name=\"twitter:data1\" content=\"ccortez\" \/>\n\t<meta name=\"twitter:label2\" content=\"Dur\u00e9e de lecture estim\u00e9e\" \/>\n\t<meta name=\"twitter:data2\" content=\"2 minutes\" \/>\n<script type=\"application\/ld+json\" class=\"yoast-schema-graph\">{\"@context\":\"https:\\\/\\\/schema.org\",\"@graph\":[{\"@type\":\"Article\",\"@id\":\"https:\\\/\\\/www.uartes.edu.ec\\\/sitio\\\/fr\\\/blog\\\/2021\\\/12\\\/01\\\/en-busca-de-una-transformacion-educativa-fundaciones-y-la-uartes-realizan-jornadas\\\/#article\",\"isPartOf\":{\"@id\":\"https:\\\/\\\/www.uartes.edu.ec\\\/sitio\\\/fr\\\/blog\\\/2021\\\/12\\\/01\\\/en-busca-de-una-transformacion-educativa-fundaciones-y-la-uartes-realizan-jornadas\\\/\"},\"author\":{\"name\":\"ccortez\",\"@id\":\"https:\\\/\\\/www.uartes.edu.ec\\\/sitio\\\/fr\\\/#\\\/schema\\\/person\\\/efa1b8275797664fd7f13a79ccc0b1f4\"},\"headline\":\"En busca de una transformaci\u00f3n educativa, fundaciones y la UArtes realizan jornadas\",\"datePublished\":\"2021-12-02T00:00:00+00:00\",\"dateModified\":\"2024-07-04T16:25:18+00:00\",\"mainEntityOfPage\":{\"@id\":\"https:\\\/\\\/www.uartes.edu.ec\\\/sitio\\\/fr\\\/blog\\\/2021\\\/12\\\/01\\\/en-busca-de-una-transformacion-educativa-fundaciones-y-la-uartes-realizan-jornadas\\\/\"},\"wordCount\":397,\"commentCount\":0,\"publisher\":{\"@id\":\"https:\\\/\\\/www.uartes.edu.ec\\\/sitio\\\/fr\\\/#organization\"},\"image\":{\"@id\":\"https:\\\/\\\/www.uartes.edu.ec\\\/sitio\\\/fr\\\/blog\\\/2021\\\/12\\\/01\\\/en-busca-de-una-transformacion-educativa-fundaciones-y-la-uartes-realizan-jornadas\\\/#primaryimage\"},\"thumbnailUrl\":\"https:\\\/\\\/www.uartes.edu.ec\\\/sitio\\\/wp-content\\\/uploads\\\/2021\\\/12\\\/TRANSFORMACION-EDUCATIVA.webp\",\"keywords\":[\"jornadas\"],\"articleSection\":[\"Acad\u00e9mico\",\"Docentes\",\"Estudiantes\",\"Gesti\u00f3n\"],\"inLanguage\":\"fr-FR\",\"potentialAction\":[{\"@type\":\"CommentAction\",\"name\":\"Comment\",\"target\":[\"https:\\\/\\\/www.uartes.edu.ec\\\/sitio\\\/fr\\\/blog\\\/2021\\\/12\\\/01\\\/en-busca-de-una-transformacion-educativa-fundaciones-y-la-uartes-realizan-jornadas\\\/#respond\"]}]},{\"@type\":[\"WebPage\",\"ItemPage\"],\"@id\":\"https:\\\/\\\/www.uartes.edu.ec\\\/sitio\\\/fr\\\/blog\\\/2021\\\/12\\\/01\\\/en-busca-de-una-transformacion-educativa-fundaciones-y-la-uartes-realizan-jornadas\\\/\",\"url\":\"https:\\\/\\\/www.uartes.edu.ec\\\/sitio\\\/fr\\\/blog\\\/2021\\\/12\\\/01\\\/en-busca-de-una-transformacion-educativa-fundaciones-y-la-uartes-realizan-jornadas\\\/\",\"name\":\"Universidad de las Artes - En busca de una transformaci\u00f3n educativa, fundaciones y la UArtes realizan jornadas\",\"isPartOf\":{\"@id\":\"https:\\\/\\\/www.uartes.edu.ec\\\/sitio\\\/fr\\\/#website\"},\"primaryImageOfPage\":{\"@id\":\"https:\\\/\\\/www.uartes.edu.ec\\\/sitio\\\/fr\\\/blog\\\/2021\\\/12\\\/01\\\/en-busca-de-una-transformacion-educativa-fundaciones-y-la-uartes-realizan-jornadas\\\/#primaryimage\"},\"image\":{\"@id\":\"https:\\\/\\\/www.uartes.edu.ec\\\/sitio\\\/fr\\\/blog\\\/2021\\\/12\\\/01\\\/en-busca-de-una-transformacion-educativa-fundaciones-y-la-uartes-realizan-jornadas\\\/#primaryimage\"},\"thumbnailUrl\":\"https:\\\/\\\/www.uartes.edu.ec\\\/sitio\\\/wp-content\\\/uploads\\\/2021\\\/12\\\/TRANSFORMACION-EDUCATIVA.webp\",\"datePublished\":\"2021-12-02T00:00:00+00:00\",\"dateModified\":\"2024-07-04T16:25:18+00:00\",\"description\":\"Universidad de las Artes - En busca de una transformaci\u00f3n educativa, fundaciones y la UArtes realizan jornadas\",\"breadcrumb\":{\"@id\":\"https:\\\/\\\/www.uartes.edu.ec\\\/sitio\\\/fr\\\/blog\\\/2021\\\/12\\\/01\\\/en-busca-de-una-transformacion-educativa-fundaciones-y-la-uartes-realizan-jornadas\\\/#breadcrumb\"},\"inLanguage\":\"fr-FR\",\"potentialAction\":[{\"@type\":\"ReadAction\",\"target\":[\"https:\\\/\\\/www.uartes.edu.ec\\\/sitio\\\/fr\\\/blog\\\/2021\\\/12\\\/01\\\/en-busca-de-una-transformacion-educativa-fundaciones-y-la-uartes-realizan-jornadas\\\/\"]}]},{\"@type\":\"ImageObject\",\"inLanguage\":\"fr-FR\",\"@id\":\"https:\\\/\\\/www.uartes.edu.ec\\\/sitio\\\/fr\\\/blog\\\/2021\\\/12\\\/01\\\/en-busca-de-una-transformacion-educativa-fundaciones-y-la-uartes-realizan-jornadas\\\/#primaryimage\",\"url\":\"https:\\\/\\\/www.uartes.edu.ec\\\/sitio\\\/wp-content\\\/uploads\\\/2021\\\/12\\\/TRANSFORMACION-EDUCATIVA.webp\",\"contentUrl\":\"https:\\\/\\\/www.uartes.edu.ec\\\/sitio\\\/wp-content\\\/uploads\\\/2021\\\/12\\\/TRANSFORMACION-EDUCATIVA.webp\",\"width\":2000,\"height\":1333},{\"@type\":\"BreadcrumbList\",\"@id\":\"https:\\\/\\\/www.uartes.edu.ec\\\/sitio\\\/fr\\\/blog\\\/2021\\\/12\\\/01\\\/en-busca-de-una-transformacion-educativa-fundaciones-y-la-uartes-realizan-jornadas\\\/#breadcrumb\",\"itemListElement\":[{\"@type\":\"ListItem\",\"position\":1,\"name\":\"Inicio\",\"item\":\"https:\\\/\\\/www.uartes.edu.ec\\\/sitio\\\/\"},{\"@type\":\"ListItem\",\"position\":2,\"name\":\"En busca de una transformaci\u00f3n educativa, fundaciones y la UArtes realizan jornadas\"}]},{\"@type\":\"WebSite\",\"@id\":\"https:\\\/\\\/www.uartes.edu.ec\\\/sitio\\\/fr\\\/#website\",\"url\":\"https:\\\/\\\/www.uartes.edu.ec\\\/sitio\\\/fr\\\/\",\"name\":\"Universidad de las Artes\",\"description\":\"Sitio oficial de la Universidad Nacional de las Artes del Ecuador\",\"publisher\":{\"@id\":\"https:\\\/\\\/www.uartes.edu.ec\\\/sitio\\\/fr\\\/#organization\"},\"potentialAction\":[{\"@type\":\"SearchAction\",\"target\":{\"@type\":\"EntryPoint\",\"urlTemplate\":\"https:\\\/\\\/www.uartes.edu.ec\\\/sitio\\\/fr\\\/?s={search_term_string}\"},\"query-input\":{\"@type\":\"PropertyValueSpecification\",\"valueRequired\":true,\"valueName\":\"search_term_string\"}}],\"inLanguage\":\"fr-FR\"},{\"@type\":\"Organization\",\"@id\":\"https:\\\/\\\/www.uartes.edu.ec\\\/sitio\\\/fr\\\/#organization\",\"name\":\"Universidad de las Artes\",\"url\":\"https:\\\/\\\/www.uartes.edu.ec\\\/sitio\\\/fr\\\/\",\"logo\":{\"@type\":\"ImageObject\",\"inLanguage\":\"fr-FR\",\"@id\":\"https:\\\/\\\/www.uartes.edu.ec\\\/sitio\\\/fr\\\/#\\\/schema\\\/logo\\\/image\\\/\",\"url\":\"https:\\\/\\\/www.uartes.edu.ec\\\/sitio\\\/wp-content\\\/uploads\\\/2022\\\/07\\\/logo-ua-horizontal.png\",\"contentUrl\":\"https:\\\/\\\/www.uartes.edu.ec\\\/sitio\\\/wp-content\\\/uploads\\\/2022\\\/07\\\/logo-ua-horizontal.png\",\"width\":800,\"height\":276,\"caption\":\"Universidad de las Artes\"},\"image\":{\"@id\":\"https:\\\/\\\/www.uartes.edu.ec\\\/sitio\\\/fr\\\/#\\\/schema\\\/logo\\\/image\\\/\"},\"sameAs\":[\"https:\\\/\\\/www.facebook.com\\\/uartesec\",\"https:\\\/\\\/x.com\\\/uartesec\",\"https:\\\/\\\/www.tiktok.com\\\/@uartesec\"]},{\"@type\":\"Person\",\"@id\":\"https:\\\/\\\/www.uartes.edu.ec\\\/sitio\\\/fr\\\/#\\\/schema\\\/person\\\/efa1b8275797664fd7f13a79ccc0b1f4\",\"name\":\"ccortez\",\"image\":{\"@type\":\"ImageObject\",\"inLanguage\":\"fr-FR\",\"@id\":\"https:\\\/\\\/secure.gravatar.com\\\/avatar\\\/b2a6f664a3ae8e074346ef91775736c5ec479e637ecced6842de9dc98b5da9cd?s=96&d=mm&r=g\",\"url\":\"https:\\\/\\\/secure.gravatar.com\\\/avatar\\\/b2a6f664a3ae8e074346ef91775736c5ec479e637ecced6842de9dc98b5da9cd?s=96&d=mm&r=g\",\"contentUrl\":\"https:\\\/\\\/secure.gravatar.com\\\/avatar\\\/b2a6f664a3ae8e074346ef91775736c5ec479e637ecced6842de9dc98b5da9cd?s=96&d=mm&r=g\",\"caption\":\"ccortez\"},\"url\":\"https:\\\/\\\/www.uartes.edu.ec\\\/sitio\\\/fr\\\/blog\\\/author\\\/ccortez\\\/\"}]}<\/script>\n<!-- \/ Yoast SEO plugin. -->","yoast_head_json":{"title":"Universidad de las Artes - En busca de una transformaci\u00f3n educativa, fundaciones y la UArtes realizan jornadas","description":"Universidad de las Artes - En busca de una transformaci\u00f3n educativa, fundaciones y la UArtes realizan jornadas","robots":{"index":"index","follow":"follow","max-snippet":"max-snippet:-1","max-image-preview":"max-image-preview:large","max-video-preview":"max-video-preview:-1"},"canonical":"https:\/\/www.uartes.edu.ec\/sitio\/fr\/blog\/2021\/12\/01\/en-busca-de-una-transformacion-educativa-fundaciones-y-la-uartes-realizan-jornadas\/","og_locale":"fr_FR","og_type":"article","og_title":"Universidad de las Artes - En busca de una transformaci\u00f3n educativa, fundaciones y la UArtes realizan jornadas","og_description":"Universidad de las Artes - En busca de una transformaci\u00f3n educativa, fundaciones y la UArtes realizan jornadas","og_url":"https:\/\/www.uartes.edu.ec\/sitio\/fr\/blog\/2021\/12\/01\/en-busca-de-una-transformacion-educativa-fundaciones-y-la-uartes-realizan-jornadas\/","og_site_name":"Universidad de las Artes","article_publisher":"https:\/\/www.facebook.com\/uartesec","article_published_time":"2021-12-02T00:00:00+00:00","article_modified_time":"2024-07-04T16:25:18+00:00","og_image":[{"width":2000,"height":1333,"url":"https:\/\/www.uartes.edu.ec\/sitio\/wp-content\/uploads\/2021\/12\/TRANSFORMACION-EDUCATIVA.webp","type":"image\/webp"}],"author":"ccortez","twitter_card":"summary_large_image","twitter_creator":"@uartesec","twitter_site":"@uartesec","twitter_misc":{"\u00c9crit par":"ccortez","Dur\u00e9e de lecture estim\u00e9e":"2 minutes"},"schema":{"@context":"https:\/\/schema.org","@graph":[{"@type":"Article","@id":"https:\/\/www.uartes.edu.ec\/sitio\/fr\/blog\/2021\/12\/01\/en-busca-de-una-transformacion-educativa-fundaciones-y-la-uartes-realizan-jornadas\/#article","isPartOf":{"@id":"https:\/\/www.uartes.edu.ec\/sitio\/fr\/blog\/2021\/12\/01\/en-busca-de-una-transformacion-educativa-fundaciones-y-la-uartes-realizan-jornadas\/"},"author":{"name":"ccortez","@id":"https:\/\/www.uartes.edu.ec\/sitio\/fr\/#\/schema\/person\/efa1b8275797664fd7f13a79ccc0b1f4"},"headline":"En busca de una transformaci\u00f3n educativa, fundaciones y la UArtes realizan jornadas","datePublished":"2021-12-02T00:00:00+00:00","dateModified":"2024-07-04T16:25:18+00:00","mainEntityOfPage":{"@id":"https:\/\/www.uartes.edu.ec\/sitio\/fr\/blog\/2021\/12\/01\/en-busca-de-una-transformacion-educativa-fundaciones-y-la-uartes-realizan-jornadas\/"},"wordCount":397,"commentCount":0,"publisher":{"@id":"https:\/\/www.uartes.edu.ec\/sitio\/fr\/#organization"},"image":{"@id":"https:\/\/www.uartes.edu.ec\/sitio\/fr\/blog\/2021\/12\/01\/en-busca-de-una-transformacion-educativa-fundaciones-y-la-uartes-realizan-jornadas\/#primaryimage"},"thumbnailUrl":"https:\/\/www.uartes.edu.ec\/sitio\/wp-content\/uploads\/2021\/12\/TRANSFORMACION-EDUCATIVA.webp","keywords":["jornadas"],"articleSection":["Acad\u00e9mico","Docentes","Estudiantes","Gesti\u00f3n"],"inLanguage":"fr-FR","potentialAction":[{"@type":"CommentAction","name":"Comment","target":["https:\/\/www.uartes.edu.ec\/sitio\/fr\/blog\/2021\/12\/01\/en-busca-de-una-transformacion-educativa-fundaciones-y-la-uartes-realizan-jornadas\/#respond"]}]},{"@type":["WebPage","ItemPage"],"@id":"https:\/\/www.uartes.edu.ec\/sitio\/fr\/blog\/2021\/12\/01\/en-busca-de-una-transformacion-educativa-fundaciones-y-la-uartes-realizan-jornadas\/","url":"https:\/\/www.uartes.edu.ec\/sitio\/fr\/blog\/2021\/12\/01\/en-busca-de-una-transformacion-educativa-fundaciones-y-la-uartes-realizan-jornadas\/","name":"Universidad de las Artes - En busca de una transformaci\u00f3n educativa, fundaciones y la UArtes realizan jornadas","isPartOf":{"@id":"https:\/\/www.uartes.edu.ec\/sitio\/fr\/#website"},"primaryImageOfPage":{"@id":"https:\/\/www.uartes.edu.ec\/sitio\/fr\/blog\/2021\/12\/01\/en-busca-de-una-transformacion-educativa-fundaciones-y-la-uartes-realizan-jornadas\/#primaryimage"},"image":{"@id":"https:\/\/www.uartes.edu.ec\/sitio\/fr\/blog\/2021\/12\/01\/en-busca-de-una-transformacion-educativa-fundaciones-y-la-uartes-realizan-jornadas\/#primaryimage"},"thumbnailUrl":"https:\/\/www.uartes.edu.ec\/sitio\/wp-content\/uploads\/2021\/12\/TRANSFORMACION-EDUCATIVA.webp","datePublished":"2021-12-02T00:00:00+00:00","dateModified":"2024-07-04T16:25:18+00:00","description":"Universidad de las Artes - En busca de una transformaci\u00f3n educativa, fundaciones y la UArtes realizan jornadas","breadcrumb":{"@id":"https:\/\/www.uartes.edu.ec\/sitio\/fr\/blog\/2021\/12\/01\/en-busca-de-una-transformacion-educativa-fundaciones-y-la-uartes-realizan-jornadas\/#breadcrumb"},"inLanguage":"fr-FR","potentialAction":[{"@type":"ReadAction","target":["https:\/\/www.uartes.edu.ec\/sitio\/fr\/blog\/2021\/12\/01\/en-busca-de-una-transformacion-educativa-fundaciones-y-la-uartes-realizan-jornadas\/"]}]},{"@type":"ImageObject","inLanguage":"fr-FR","@id":"https:\/\/www.uartes.edu.ec\/sitio\/fr\/blog\/2021\/12\/01\/en-busca-de-una-transformacion-educativa-fundaciones-y-la-uartes-realizan-jornadas\/#primaryimage","url":"https:\/\/www.uartes.edu.ec\/sitio\/wp-content\/uploads\/2021\/12\/TRANSFORMACION-EDUCATIVA.webp","contentUrl":"https:\/\/www.uartes.edu.ec\/sitio\/wp-content\/uploads\/2021\/12\/TRANSFORMACION-EDUCATIVA.webp","width":2000,"height":1333},{"@type":"BreadcrumbList","@id":"https:\/\/www.uartes.edu.ec\/sitio\/fr\/blog\/2021\/12\/01\/en-busca-de-una-transformacion-educativa-fundaciones-y-la-uartes-realizan-jornadas\/#breadcrumb","itemListElement":[{"@type":"ListItem","position":1,"name":"Inicio","item":"https:\/\/www.uartes.edu.ec\/sitio\/"},{"@type":"ListItem","position":2,"name":"En busca de una transformaci\u00f3n educativa, fundaciones y la UArtes realizan jornadas"}]},{"@type":"WebSite","@id":"https:\/\/www.uartes.edu.ec\/sitio\/fr\/#website","url":"https:\/\/www.uartes.edu.ec\/sitio\/fr\/","name":"Universidad de las Artes","description":"Sitio oficial de la Universidad Nacional de las Artes del Ecuador","publisher":{"@id":"https:\/\/www.uartes.edu.ec\/sitio\/fr\/#organization"},"potentialAction":[{"@type":"SearchAction","target":{"@type":"EntryPoint","urlTemplate":"https:\/\/www.uartes.edu.ec\/sitio\/fr\/?s={search_term_string}"},"query-input":{"@type":"PropertyValueSpecification","valueRequired":true,"valueName":"search_term_string"}}],"inLanguage":"fr-FR"},{"@type":"Organization","@id":"https:\/\/www.uartes.edu.ec\/sitio\/fr\/#organization","name":"Universidad de las Artes","url":"https:\/\/www.uartes.edu.ec\/sitio\/fr\/","logo":{"@type":"ImageObject","inLanguage":"fr-FR","@id":"https:\/\/www.uartes.edu.ec\/sitio\/fr\/#\/schema\/logo\/image\/","url":"https:\/\/www.uartes.edu.ec\/sitio\/wp-content\/uploads\/2022\/07\/logo-ua-horizontal.png","contentUrl":"https:\/\/www.uartes.edu.ec\/sitio\/wp-content\/uploads\/2022\/07\/logo-ua-horizontal.png","width":800,"height":276,"caption":"Universidad de las Artes"},"image":{"@id":"https:\/\/www.uartes.edu.ec\/sitio\/fr\/#\/schema\/logo\/image\/"},"sameAs":["https:\/\/www.facebook.com\/uartesec","https:\/\/x.com\/uartesec","https:\/\/www.tiktok.com\/@uartesec"]},{"@type":"Person","@id":"https:\/\/www.uartes.edu.ec\/sitio\/fr\/#\/schema\/person\/efa1b8275797664fd7f13a79ccc0b1f4","name":"ccortez","image":{"@type":"ImageObject","inLanguage":"fr-FR","@id":"https:\/\/secure.gravatar.com\/avatar\/b2a6f664a3ae8e074346ef91775736c5ec479e637ecced6842de9dc98b5da9cd?s=96&d=mm&r=g","url":"https:\/\/secure.gravatar.com\/avatar\/b2a6f664a3ae8e074346ef91775736c5ec479e637ecced6842de9dc98b5da9cd?s=96&d=mm&r=g","contentUrl":"https:\/\/secure.gravatar.com\/avatar\/b2a6f664a3ae8e074346ef91775736c5ec479e637ecced6842de9dc98b5da9cd?s=96&d=mm&r=g","caption":"ccortez"},"url":"https:\/\/www.uartes.edu.ec\/sitio\/fr\/blog\/author\/ccortez\/"}]}},"uagb_featured_image_src":{"full":["https:\/\/www.uartes.edu.ec\/sitio\/wp-content\/uploads\/2021\/12\/TRANSFORMACION-EDUCATIVA.webp",2000,1333,false],"thumbnail":["https:\/\/www.uartes.edu.ec\/sitio\/wp-content\/uploads\/2021\/12\/TRANSFORMACION-EDUCATIVA-150x150.webp",150,150,true],"medium":["https:\/\/www.uartes.edu.ec\/sitio\/wp-content\/uploads\/2021\/12\/TRANSFORMACION-EDUCATIVA-300x200.webp",300,200,true],"medium_large":["https:\/\/www.uartes.edu.ec\/sitio\/wp-content\/uploads\/2021\/12\/TRANSFORMACION-EDUCATIVA-768x512.webp",768,512,true],"large":["https:\/\/www.uartes.edu.ec\/sitio\/wp-content\/uploads\/2021\/12\/TRANSFORMACION-EDUCATIVA-644x429.webp",644,429,true],"1536x1536":["https:\/\/www.uartes.edu.ec\/sitio\/wp-content\/uploads\/2021\/12\/TRANSFORMACION-EDUCATIVA-1536x1024.webp",1536,1024,true],"2048x2048":["https:\/\/www.uartes.edu.ec\/sitio\/wp-content\/uploads\/2021\/12\/TRANSFORMACION-EDUCATIVA.webp",2000,1333,false],"trp-custom-language-flag":["https:\/\/www.uartes.edu.ec\/sitio\/wp-content\/uploads\/2021\/12\/TRANSFORMACION-EDUCATIVA.webp",18,12,false],"htmega_size_585x295":["https:\/\/www.uartes.edu.ec\/sitio\/wp-content\/uploads\/2021\/12\/TRANSFORMACION-EDUCATIVA.webp",443,295,false],"htmega_size_1170x536":["https:\/\/www.uartes.edu.ec\/sitio\/wp-content\/uploads\/2021\/12\/TRANSFORMACION-EDUCATIVA.webp",804,536,false],"htmega_size_396x360":["https:\/\/www.uartes.edu.ec\/sitio\/wp-content\/uploads\/2021\/12\/TRANSFORMACION-EDUCATIVA.webp",396,264,false],"gb-block-post-grid-landscape":["https:\/\/www.uartes.edu.ec\/sitio\/wp-content\/uploads\/2021\/12\/TRANSFORMACION-EDUCATIVA-600x400.webp",600,400,true],"gb-block-post-grid-square":["https:\/\/www.uartes.edu.ec\/sitio\/wp-content\/uploads\/2021\/12\/TRANSFORMACION-EDUCATIVA-600x600.webp",600,600,true],"university-hub-thumb":["https:\/\/www.uartes.edu.ec\/sitio\/wp-content\/uploads\/2021\/12\/TRANSFORMACION-EDUCATIVA-400x267.webp",400,267,true],"mailpoet_newsletter_max":["https:\/\/www.uartes.edu.ec\/sitio\/wp-content\/uploads\/2021\/12\/TRANSFORMACION-EDUCATIVA.webp",1320,880,false]},"uagb_author_info":{"display_name":"ccortez","author_link":"https:\/\/www.uartes.edu.ec\/sitio\/fr\/blog\/author\/ccortez\/"},"uagb_comment_info":0,"uagb_excerpt":"Como parte del convenio tripartito de cooperaci\u00f3n interinstitucional que la Universidad de las Artes firm\u00f3 en noviembre pasado con las fundaciones Vueltas y Unidos por la Educaci\u00f3n, este s\u00e1bado 4 de diciembre de 2021 el Centro de Producci\u00f3n e Innovaci\u00f3n MZ14 se convertir\u00e1 en la sede de las Jornadas de Introducci\u00f3n a la Transformaci\u00f3n Educativa.","featured_image_src":"https:\/\/www.uartes.edu.ec\/sitio\/wp-content\/uploads\/2021\/12\/TRANSFORMACION-EDUCATIVA-600x400.webp","featured_image_src_square":"https:\/\/www.uartes.edu.ec\/sitio\/wp-content\/uploads\/2021\/12\/TRANSFORMACION-EDUCATIVA-600x600.webp","author_info":{"display_name":"ccortez","author_link":"https:\/\/www.uartes.edu.ec\/sitio\/fr\/blog\/author\/ccortez\/"},"publishpress_future_workflow_manual_trigger":{"enabledWorkflows":[]},"distributor_meta":false,"distributor_terms":false,"distributor_media":false,"distributor_original_site_name":"Universidad de las Artes","distributor_original_site_url":"https:\/\/www.uartes.edu.ec\/sitio\/fr","push-errors":false,"_links":{"self":[{"href":"https:\/\/www.uartes.edu.ec\/sitio\/fr\/wp-json\/wp\/v2\/posts\/17250","targetHints":{"allow":["GET"]}}],"collection":[{"href":"https:\/\/www.uartes.edu.ec\/sitio\/fr\/wp-json\/wp\/v2\/posts"}],"about":[{"href":"https:\/\/www.uartes.edu.ec\/sitio\/fr\/wp-json\/wp\/v2\/types\/post"}],"author":[{"embeddable":true,"href":"https:\/\/www.uartes.edu.ec\/sitio\/fr\/wp-json\/wp\/v2\/users\/10"}],"replies":[{"embeddable":true,"href":"https:\/\/www.uartes.edu.ec\/sitio\/fr\/wp-json\/wp\/v2\/comments?post=17250"}],"version-history":[{"count":1,"href":"https:\/\/www.uartes.edu.ec\/sitio\/fr\/wp-json\/wp\/v2\/posts\/17250\/revisions"}],"predecessor-version":[{"id":17255,"href":"https:\/\/www.uartes.edu.ec\/sitio\/fr\/wp-json\/wp\/v2\/posts\/17250\/revisions\/17255"}],"wp:featuredmedia":[{"embeddable":true,"href":"https:\/\/www.uartes.edu.ec\/sitio\/fr\/wp-json\/wp\/v2\/media\/17254"}],"wp:attachment":[{"href":"https:\/\/www.uartes.edu.ec\/sitio\/fr\/wp-json\/wp\/v2\/media?parent=17250"}],"wp:term":[{"taxonomy":"category","embeddable":true,"href":"https:\/\/www.uartes.edu.ec\/sitio\/fr\/wp-json\/wp\/v2\/categories?post=17250"},{"taxonomy":"post_tag","embeddable":true,"href":"https:\/\/www.uartes.edu.ec\/sitio\/fr\/wp-json\/wp\/v2\/tags?post=17250"},{"taxonomy":"infouartes","embeddable":true,"href":"https:\/\/www.uartes.edu.ec\/sitio\/fr\/wp-json\/wp\/v2\/infouartes?post=17250"}],"curies":[{"name":"wp","href":"https:\/\/api.w.org\/{rel}","templated":true}]}}