{"id":17270,"date":"2021-12-03T09:00:00","date_gmt":"2021-12-03T14:00:00","guid":{"rendered":"http:\/\/www.uartes.edu.ec\/sitio\/?p=17270"},"modified":"2024-07-04T11:25:16","modified_gmt":"2024-07-04T16:25:16","slug":"para-leer-investigar-escribir-y-opinar-ya-esta-disponible-en-la-web-el-blog-f-ilia","status":"publish","type":"post","link":"https:\/\/www.uartes.edu.ec\/sitio\/fr\/blog\/2021\/12\/03\/strongpara-leer-investigar-escribir-y-opinar-yaesta-disponible-en-la-web-el-blog-f-iliastrong\/","title":{"rendered":"Para leer, investigar, escribir y opinar, ya est\u00e1 disponible el Blog F-ILIA"},"content":{"rendered":"<p>El lanzamiento del Blog F-ILIA se hizo desde la casa de Ricardo Boh\u00f3rquez, arquitecto y fot\u00f3grafo con quien se est\u00e1 trabajando unos archivos. \u201cIncluso es un comentarista de Guayaquil\u201d, se\u00f1al\u00f3 durante el di\u00e1logo de presentaci\u00f3n Fernando Montenegro, el docente de la Universidad de las Artes que est\u00e1 al frente de esta nueva propuesta que se visualiza como un espacio abierto que propicia el intercambio de opiniones, busca provocar reacciones por lo que se escriba y diga, y ampl\u00eda la experiencia de la investigaci\u00f3n en artes.<\/p>\n\n\n\n<p>Al Blog F-ILIA \u2013su estructura, contenido y prop\u00f3sitos\u2013, se lo dio a conocer este jueves 2 de diciembre de 2021 desde la casa de Boh\u00f3rquez, donde estuvo tambi\u00e9n Kathya Medina, estudiante UArtes que integra el equipo de la bit\u00e1cora. Sobre lo que oferta el sitio, Montenegro dio detalles. Anot\u00f3 que tiene cuatro categor\u00edas: \u201c(Des)tejidos\u201d, \u201cEstancias\u201d, \u201cGrabados\u201d y \u201cPermutaciones\u201d.<\/p>\n\n\n\n<p>\u201cEl Blog se desprende de la <em>Revista F-ILIA,<\/em> aunque abre espacios que no est\u00e1n habitados por la cr\u00edtica cultural en la ciudad y el pa\u00eds. Especialmente en lo relativo a la cr\u00edtica cultural y cr\u00edtica del arte. Nos acercamos a este campo, sin embargo, en toda su tensi\u00f3n&#8230; El objetivo, por un lado, es poner en circulaci\u00f3n formas heterog\u00e9neas de la cr\u00edtica cultural y, por otro, dar cuenta de los procesos (de la trastienda) de investigaci\u00f3n art\u00edstica\u201d, indic\u00f3 a InfoUArtes.<\/p>\n\n\n\n<p>Mencion\u00f3 que el equipo editorial de F-ILIA hace un trabajo de identificaci\u00f3n de las zonas de tensi\u00f3n del campo art\u00edstico y propicia un ecosistema para que diversos autores activen su voz, comenten de su proceso y sus reflexiones sobre las artes.<\/p>\n\n\n\n<p>Montenegro explic\u00f3 que el Blog F-ILIA ser\u00e1 alimentando conforme \u201cvayamos abriendo el di\u00e1logo y expandiendo la discusi\u00f3n\u201d.<\/p>\n\n\n\n<p>De f\u00e1cil manejo y bastante descriptivo, quienes se decidan a entrar al Blog F-ILIA para conocerlo, recorrerlo, consumirlo y opinar (<a href=\"http:\/\/ilia.uartes.edu.ec\/blog-f-ilia\/\">http:\/\/ilia.uartes.edu.ec\/blog-f-ilia\/<\/a>) podr\u00e1n hallar tambi\u00e9n la descripci\u00f3n de sus secciones y del equipo en el ya caracter\u00edstico espacio \u201cQui\u00e9nes somos\u201d.<\/p>\n\n\n\n<p>As\u00ed, a la categor\u00eda \u201c(Des)tejidos\u201d se la describe como un espacio dedicado a plantear los di\u00e1logos y tensiones entre pol\u00edtica y arte.&nbsp;Bajo su ala se pueden leer t\u00edtulos como \u201c\u00bfHacia d\u00f3nde van nuestras ciudades?\u201d, \u201cLa ciudad (des)habitada\u201d y \u201cGentrificaci\u00f3n en Guayaquil: \u00bfDesde cu\u00e1ndo \u2018cambi\u00f3\u2019 la calle Panam\u00e1?\u201d.<\/p>\n\n\n\n<p>El apartado \u201cEstancias\u201d es una invitaci\u00f3n para que artistas e investigadores decidan alojarse y mostrar la trastienda de su producci\u00f3n a trav\u00e9s de diarios, bit\u00e1coras, notas, etc.&nbsp;All\u00ed constan los art\u00edculos \u201cVentana abierta\u2013Diario de compositor\u201d y \u201cDiario de producci\u00f3n\u201d.<\/p>\n\n\n\n<p>En \u201cGrabados\u201d, el Blog F-ILIA menciona a la cr\u00edtica como una forma del pensamiento y al texto como espacio de acci\u00f3n de diversa \u00edndole, que comenta lo \u00faltimo en el campo de la cultura y las artes.&nbsp;All\u00ed entre las publicaciones que marcan el inicio del sitio constan: \u201cLa funci\u00f3n de la cr\u00edtica\u201d y \u201c\u00bfC\u00f3mo se hace un grabado?\u201d.<\/p>\n\n\n\n<p>Para \u201cPermutaciones\u201d se propone investigar y dar respuesta a interrogantes como \u00bfcu\u00e1les son los cambios m\u00e1s interesantes y menos discutidos en el campo del arte? En esta primera entrega el tema abordado es \u201cLos NFTs: Una revoluci\u00f3n en el mercado del arte\u201d.<\/p>\n\n\n\n<div class=\"wp-block-image\"><figure class=\"aligncenter size-full\"><img fetchpriority=\"high\" decoding=\"async\" width=\"2000\" height=\"1333\" src=\"http:\/\/www.uartes.edu.ec\/sitio\/wp-content\/uploads\/2021\/12\/blog-filia-02.webp\" alt=\"\" class=\"wp-image-17273\" srcset=\"https:\/\/www.uartes.edu.ec\/sitio\/wp-content\/uploads\/2021\/12\/blog-filia-02.webp 2000w, https:\/\/www.uartes.edu.ec\/sitio\/wp-content\/uploads\/2021\/12\/blog-filia-02-644x429.webp 644w, https:\/\/www.uartes.edu.ec\/sitio\/wp-content\/uploads\/2021\/12\/blog-filia-02-768x511.webp 768w, https:\/\/www.uartes.edu.ec\/sitio\/wp-content\/uploads\/2021\/12\/blog-filia-02-600x399.webp 600w, https:\/\/www.uartes.edu.ec\/sitio\/wp-content\/uploads\/2021\/12\/blog-filia-02-272x182.webp 272w\" sizes=\"(max-width: 2000px) 100vw, 2000px\" \/><\/figure><\/div>\n\n\n\n<p>Antes de dar a conocer los nombres de su equipo editorial, en la pesta\u00f1a \u201cQui\u00e9nes somos\u201d del blog se indica el inter\u00e9s de \u201cdarle continuidad al espacio construido por <em>Revista F-ILIA,<\/em> aunque de manera m\u00e1s din\u00e1mica\u201d. As\u00ed, se brindar\u00e1 alojamiento a diversos materiales que extiendan el debate de las artes y&nbsp;las investigaciones&nbsp;en artes en otras tonalidades&nbsp;y por otros rumbos, acaso inesperados. \u201cNuestra intenci\u00f3n primordial, sin embargo, es&nbsp;plantear un campo dial\u00f3gico, invitar a m\u00e1s actores del campo art\u00edstico y cultural para que tomen la palabra y la ejerzan con el esp\u00edritu cr\u00edtico que requieren nuestros tiempos.&nbsp;Les invitamos a leernos, pero, sobre todo, a&nbsp;escribir\u201d.<\/p>\n\n\n\n<p>El equipo editorial&nbsp;del blog lo integran: Arantxa Araujo, Eduarda D\u00e1valos, Kathya&nbsp;Medina, Amanda Nivelo, Paolo&nbsp;Rossignoli, Ingrid Ter\u00e1n, Gene Vallejo y Antonella Zamora.<\/p>\n\n\n\n<p>La <em>Revista F-ILIA<\/em> es una publicaci\u00f3n del Instituto Latinoamericano de Investigaci\u00f3n en Artes (ILIA), dispositivo de la Universidad de las Artes, concebido como un espacio interdisciplinario para la producci\u00f3n de estudios te\u00f3ricos y emp\u00edricos de alta calidad acad\u00e9mica relativa a la indagaci\u00f3n en\/para\/sobre\/a trav\u00e9s de las artes a nivel nacional y regional. El director del ILIA es el doctor Pablo Cardoso y en la coordinaci\u00f3n de sus proyectos est\u00e1 Mar\u00eda Auxiliadora Alem\u00e1n.<\/p>","protected":false},"excerpt":{"rendered":"<p>El lanzamiento del Blog F-ILIA se hizo desde la casa de Ricardo Boh\u00f3rquez, arquitecto y fot\u00f3grafo con quien se est\u00e1 trabajando unos archivos. \u201cEs un comentarista de Guayaquil\u201d, se\u00f1al\u00f3 durante el di\u00e1logo de presentaci\u00f3n Fernando Montenegro, el docente de la UArtes que est\u00e1 al frente de esta nueva propuesta que se visualiza como un espacio abierto que propicia el intercambio de opiniones, provoca reacciones y ampl\u00eda la experiencia de la investigaci\u00f3n en artes.<\/p>","protected":false},"author":10,"featured_media":17272,"comment_status":"open","ping_status":"open","sticky":false,"template":"","format":"standard","meta":{"_acf_changed":false,"_uag_custom_page_level_css":"","_monsterinsights_skip_tracking":false,"_monsterinsights_sitenote_active":false,"_monsterinsights_sitenote_note":"","_monsterinsights_sitenote_category":0,"cybocfi_hide_featured_image":"","footnotes":""},"categories":[82,75,76,284],"tags":[58],"infouartes":[],"class_list":["post-17270","post","type-post","status-publish","format-standard","has-post-thumbnail","hentry","category-artes","category-docentes","category-estudiantes","category-investigacion","tag-investigacion"],"acf":[],"yoast_head":"<!-- This site is optimized with the Yoast SEO plugin v27.4 - https:\/\/yoast.com\/product\/yoast-seo-wordpress\/ -->\n<title>Universidad de las Artes - Para leer, investigar, escribir y opinar, ya est\u00e1 disponible el Blog F-ILIA<\/title>\n<meta name=\"description\" content=\"Universidad de las Artes - Para leer, investigar, escribir y opinar, ya est\u00e1 disponible el Blog F-ILIA\" \/>\n<meta name=\"robots\" content=\"index, follow, max-snippet:-1, max-image-preview:large, max-video-preview:-1\" \/>\n<link rel=\"canonical\" href=\"https:\/\/www.uartes.edu.ec\/sitio\/fr\/blog\/2021\/12\/03\/strongpara-leer-investigar-escribir-y-opinar-yaesta-disponible-en-la-web-el-blog-f-iliastrong\/\" \/>\n<meta property=\"og:locale\" content=\"fr_FR\" \/>\n<meta property=\"og:type\" content=\"article\" \/>\n<meta property=\"og:title\" content=\"Universidad de las Artes - Para leer, investigar, escribir y opinar, ya est\u00e1 disponible el Blog F-ILIA\" \/>\n<meta property=\"og:description\" content=\"Universidad de las Artes - Para leer, investigar, escribir y opinar, ya est\u00e1 disponible el Blog F-ILIA\" \/>\n<meta property=\"og:url\" content=\"https:\/\/www.uartes.edu.ec\/sitio\/fr\/blog\/2021\/12\/03\/strongpara-leer-investigar-escribir-y-opinar-yaesta-disponible-en-la-web-el-blog-f-iliastrong\/\" \/>\n<meta property=\"og:site_name\" content=\"Universidad de las Artes\" \/>\n<meta property=\"article:publisher\" content=\"https:\/\/www.facebook.com\/uartesec\" \/>\n<meta property=\"article:published_time\" content=\"2021-12-03T14:00:00+00:00\" \/>\n<meta property=\"article:modified_time\" content=\"2024-07-04T16:25:16+00:00\" \/>\n<meta property=\"og:image\" content=\"https:\/\/www.uartes.edu.ec\/sitio\/wp-content\/uploads\/2021\/12\/blog-filia-01.webp\" \/>\n\t<meta property=\"og:image:width\" content=\"2000\" \/>\n\t<meta property=\"og:image:height\" content=\"1333\" \/>\n\t<meta property=\"og:image:type\" content=\"image\/webp\" \/>\n<meta name=\"author\" content=\"ccortez\" \/>\n<meta name=\"twitter:card\" content=\"summary_large_image\" \/>\n<meta name=\"twitter:creator\" content=\"@uartesec\" \/>\n<meta name=\"twitter:site\" content=\"@uartesec\" \/>\n<meta name=\"twitter:label1\" content=\"\u00c9crit par\" \/>\n\t<meta name=\"twitter:data1\" content=\"ccortez\" \/>\n\t<meta name=\"twitter:label2\" content=\"Dur\u00e9e de lecture estim\u00e9e\" \/>\n\t<meta name=\"twitter:data2\" content=\"4 minutes\" \/>\n<script type=\"application\/ld+json\" class=\"yoast-schema-graph\">{\"@context\":\"https:\\\/\\\/schema.org\",\"@graph\":[{\"@type\":\"Article\",\"@id\":\"https:\\\/\\\/www.uartes.edu.ec\\\/sitio\\\/fr\\\/blog\\\/2021\\\/12\\\/03\\\/strongpara-leer-investigar-escribir-y-opinar-yaesta-disponible-en-la-web-el-blog-f-iliastrong\\\/#article\",\"isPartOf\":{\"@id\":\"https:\\\/\\\/www.uartes.edu.ec\\\/sitio\\\/fr\\\/blog\\\/2021\\\/12\\\/03\\\/strongpara-leer-investigar-escribir-y-opinar-yaesta-disponible-en-la-web-el-blog-f-iliastrong\\\/\"},\"author\":{\"name\":\"ccortez\",\"@id\":\"https:\\\/\\\/www.uartes.edu.ec\\\/sitio\\\/fr\\\/#\\\/schema\\\/person\\\/efa1b8275797664fd7f13a79ccc0b1f4\"},\"headline\":\"Para leer, investigar, escribir y opinar, ya est\u00e1 disponible el Blog F-ILIA\",\"datePublished\":\"2021-12-03T14:00:00+00:00\",\"dateModified\":\"2024-07-04T16:25:16+00:00\",\"mainEntityOfPage\":{\"@id\":\"https:\\\/\\\/www.uartes.edu.ec\\\/sitio\\\/fr\\\/blog\\\/2021\\\/12\\\/03\\\/strongpara-leer-investigar-escribir-y-opinar-yaesta-disponible-en-la-web-el-blog-f-iliastrong\\\/\"},\"wordCount\":825,\"commentCount\":0,\"publisher\":{\"@id\":\"https:\\\/\\\/www.uartes.edu.ec\\\/sitio\\\/fr\\\/#organization\"},\"image\":{\"@id\":\"https:\\\/\\\/www.uartes.edu.ec\\\/sitio\\\/fr\\\/blog\\\/2021\\\/12\\\/03\\\/strongpara-leer-investigar-escribir-y-opinar-yaesta-disponible-en-la-web-el-blog-f-iliastrong\\\/#primaryimage\"},\"thumbnailUrl\":\"https:\\\/\\\/www.uartes.edu.ec\\\/sitio\\\/wp-content\\\/uploads\\\/2021\\\/12\\\/blog-filia-01.webp\",\"keywords\":[\"investigaci\u00f3n\"],\"articleSection\":[\"Artes\",\"Docentes\",\"Estudiantes\",\"Investigaci\u00f3n\"],\"inLanguage\":\"fr-FR\",\"potentialAction\":[{\"@type\":\"CommentAction\",\"name\":\"Comment\",\"target\":[\"https:\\\/\\\/www.uartes.edu.ec\\\/sitio\\\/fr\\\/blog\\\/2021\\\/12\\\/03\\\/strongpara-leer-investigar-escribir-y-opinar-yaesta-disponible-en-la-web-el-blog-f-iliastrong\\\/#respond\"]}]},{\"@type\":[\"WebPage\",\"ItemPage\"],\"@id\":\"https:\\\/\\\/www.uartes.edu.ec\\\/sitio\\\/fr\\\/blog\\\/2021\\\/12\\\/03\\\/strongpara-leer-investigar-escribir-y-opinar-yaesta-disponible-en-la-web-el-blog-f-iliastrong\\\/\",\"url\":\"https:\\\/\\\/www.uartes.edu.ec\\\/sitio\\\/fr\\\/blog\\\/2021\\\/12\\\/03\\\/strongpara-leer-investigar-escribir-y-opinar-yaesta-disponible-en-la-web-el-blog-f-iliastrong\\\/\",\"name\":\"Universidad de las Artes - Para leer, investigar, escribir y opinar, ya est\u00e1 disponible el Blog F-ILIA\",\"isPartOf\":{\"@id\":\"https:\\\/\\\/www.uartes.edu.ec\\\/sitio\\\/fr\\\/#website\"},\"primaryImageOfPage\":{\"@id\":\"https:\\\/\\\/www.uartes.edu.ec\\\/sitio\\\/fr\\\/blog\\\/2021\\\/12\\\/03\\\/strongpara-leer-investigar-escribir-y-opinar-yaesta-disponible-en-la-web-el-blog-f-iliastrong\\\/#primaryimage\"},\"image\":{\"@id\":\"https:\\\/\\\/www.uartes.edu.ec\\\/sitio\\\/fr\\\/blog\\\/2021\\\/12\\\/03\\\/strongpara-leer-investigar-escribir-y-opinar-yaesta-disponible-en-la-web-el-blog-f-iliastrong\\\/#primaryimage\"},\"thumbnailUrl\":\"https:\\\/\\\/www.uartes.edu.ec\\\/sitio\\\/wp-content\\\/uploads\\\/2021\\\/12\\\/blog-filia-01.webp\",\"datePublished\":\"2021-12-03T14:00:00+00:00\",\"dateModified\":\"2024-07-04T16:25:16+00:00\",\"description\":\"Universidad de las Artes - Para leer, investigar, escribir y opinar, ya est\u00e1 disponible el Blog F-ILIA\",\"breadcrumb\":{\"@id\":\"https:\\\/\\\/www.uartes.edu.ec\\\/sitio\\\/fr\\\/blog\\\/2021\\\/12\\\/03\\\/strongpara-leer-investigar-escribir-y-opinar-yaesta-disponible-en-la-web-el-blog-f-iliastrong\\\/#breadcrumb\"},\"inLanguage\":\"fr-FR\",\"potentialAction\":[{\"@type\":\"ReadAction\",\"target\":[\"https:\\\/\\\/www.uartes.edu.ec\\\/sitio\\\/fr\\\/blog\\\/2021\\\/12\\\/03\\\/strongpara-leer-investigar-escribir-y-opinar-yaesta-disponible-en-la-web-el-blog-f-iliastrong\\\/\"]}]},{\"@type\":\"ImageObject\",\"inLanguage\":\"fr-FR\",\"@id\":\"https:\\\/\\\/www.uartes.edu.ec\\\/sitio\\\/fr\\\/blog\\\/2021\\\/12\\\/03\\\/strongpara-leer-investigar-escribir-y-opinar-yaesta-disponible-en-la-web-el-blog-f-iliastrong\\\/#primaryimage\",\"url\":\"https:\\\/\\\/www.uartes.edu.ec\\\/sitio\\\/wp-content\\\/uploads\\\/2021\\\/12\\\/blog-filia-01.webp\",\"contentUrl\":\"https:\\\/\\\/www.uartes.edu.ec\\\/sitio\\\/wp-content\\\/uploads\\\/2021\\\/12\\\/blog-filia-01.webp\",\"width\":2000,\"height\":1333},{\"@type\":\"BreadcrumbList\",\"@id\":\"https:\\\/\\\/www.uartes.edu.ec\\\/sitio\\\/fr\\\/blog\\\/2021\\\/12\\\/03\\\/strongpara-leer-investigar-escribir-y-opinar-yaesta-disponible-en-la-web-el-blog-f-iliastrong\\\/#breadcrumb\",\"itemListElement\":[{\"@type\":\"ListItem\",\"position\":1,\"name\":\"Inicio\",\"item\":\"https:\\\/\\\/www.uartes.edu.ec\\\/sitio\\\/\"},{\"@type\":\"ListItem\",\"position\":2,\"name\":\"Para leer, investigar, escribir y opinar, ya est\u00e1 disponible el Blog F-ILIA\"}]},{\"@type\":\"WebSite\",\"@id\":\"https:\\\/\\\/www.uartes.edu.ec\\\/sitio\\\/fr\\\/#website\",\"url\":\"https:\\\/\\\/www.uartes.edu.ec\\\/sitio\\\/fr\\\/\",\"name\":\"Universidad de las Artes\",\"description\":\"Sitio oficial de la Universidad Nacional de las Artes del Ecuador\",\"publisher\":{\"@id\":\"https:\\\/\\\/www.uartes.edu.ec\\\/sitio\\\/fr\\\/#organization\"},\"potentialAction\":[{\"@type\":\"SearchAction\",\"target\":{\"@type\":\"EntryPoint\",\"urlTemplate\":\"https:\\\/\\\/www.uartes.edu.ec\\\/sitio\\\/fr\\\/?s={search_term_string}\"},\"query-input\":{\"@type\":\"PropertyValueSpecification\",\"valueRequired\":true,\"valueName\":\"search_term_string\"}}],\"inLanguage\":\"fr-FR\"},{\"@type\":\"Organization\",\"@id\":\"https:\\\/\\\/www.uartes.edu.ec\\\/sitio\\\/fr\\\/#organization\",\"name\":\"Universidad de las Artes\",\"url\":\"https:\\\/\\\/www.uartes.edu.ec\\\/sitio\\\/fr\\\/\",\"logo\":{\"@type\":\"ImageObject\",\"inLanguage\":\"fr-FR\",\"@id\":\"https:\\\/\\\/www.uartes.edu.ec\\\/sitio\\\/fr\\\/#\\\/schema\\\/logo\\\/image\\\/\",\"url\":\"https:\\\/\\\/www.uartes.edu.ec\\\/sitio\\\/wp-content\\\/uploads\\\/2022\\\/07\\\/logo-ua-horizontal.png\",\"contentUrl\":\"https:\\\/\\\/www.uartes.edu.ec\\\/sitio\\\/wp-content\\\/uploads\\\/2022\\\/07\\\/logo-ua-horizontal.png\",\"width\":800,\"height\":276,\"caption\":\"Universidad de las Artes\"},\"image\":{\"@id\":\"https:\\\/\\\/www.uartes.edu.ec\\\/sitio\\\/fr\\\/#\\\/schema\\\/logo\\\/image\\\/\"},\"sameAs\":[\"https:\\\/\\\/www.facebook.com\\\/uartesec\",\"https:\\\/\\\/x.com\\\/uartesec\",\"https:\\\/\\\/www.tiktok.com\\\/@uartesec\"]},{\"@type\":\"Person\",\"@id\":\"https:\\\/\\\/www.uartes.edu.ec\\\/sitio\\\/fr\\\/#\\\/schema\\\/person\\\/efa1b8275797664fd7f13a79ccc0b1f4\",\"name\":\"ccortez\",\"image\":{\"@type\":\"ImageObject\",\"inLanguage\":\"fr-FR\",\"@id\":\"https:\\\/\\\/secure.gravatar.com\\\/avatar\\\/b2a6f664a3ae8e074346ef91775736c5ec479e637ecced6842de9dc98b5da9cd?s=96&d=mm&r=g\",\"url\":\"https:\\\/\\\/secure.gravatar.com\\\/avatar\\\/b2a6f664a3ae8e074346ef91775736c5ec479e637ecced6842de9dc98b5da9cd?s=96&d=mm&r=g\",\"contentUrl\":\"https:\\\/\\\/secure.gravatar.com\\\/avatar\\\/b2a6f664a3ae8e074346ef91775736c5ec479e637ecced6842de9dc98b5da9cd?s=96&d=mm&r=g\",\"caption\":\"ccortez\"},\"url\":\"https:\\\/\\\/www.uartes.edu.ec\\\/sitio\\\/fr\\\/blog\\\/author\\\/ccortez\\\/\"}]}<\/script>\n<!-- \/ Yoast SEO plugin. -->","yoast_head_json":{"title":"Universidad de las Artes - Para leer, investigar, escribir y opinar, ya est\u00e1 disponible el Blog F-ILIA","description":"Universidad de las Artes - Para leer, investigar, escribir y opinar, ya est\u00e1 disponible el Blog F-ILIA","robots":{"index":"index","follow":"follow","max-snippet":"max-snippet:-1","max-image-preview":"max-image-preview:large","max-video-preview":"max-video-preview:-1"},"canonical":"https:\/\/www.uartes.edu.ec\/sitio\/fr\/blog\/2021\/12\/03\/strongpara-leer-investigar-escribir-y-opinar-yaesta-disponible-en-la-web-el-blog-f-iliastrong\/","og_locale":"fr_FR","og_type":"article","og_title":"Universidad de las Artes - Para leer, investigar, escribir y opinar, ya est\u00e1 disponible el Blog F-ILIA","og_description":"Universidad de las Artes - Para leer, investigar, escribir y opinar, ya est\u00e1 disponible el Blog F-ILIA","og_url":"https:\/\/www.uartes.edu.ec\/sitio\/fr\/blog\/2021\/12\/03\/strongpara-leer-investigar-escribir-y-opinar-yaesta-disponible-en-la-web-el-blog-f-iliastrong\/","og_site_name":"Universidad de las Artes","article_publisher":"https:\/\/www.facebook.com\/uartesec","article_published_time":"2021-12-03T14:00:00+00:00","article_modified_time":"2024-07-04T16:25:16+00:00","og_image":[{"width":2000,"height":1333,"url":"https:\/\/www.uartes.edu.ec\/sitio\/wp-content\/uploads\/2021\/12\/blog-filia-01.webp","type":"image\/webp"}],"author":"ccortez","twitter_card":"summary_large_image","twitter_creator":"@uartesec","twitter_site":"@uartesec","twitter_misc":{"\u00c9crit par":"ccortez","Dur\u00e9e de lecture estim\u00e9e":"4 minutes"},"schema":{"@context":"https:\/\/schema.org","@graph":[{"@type":"Article","@id":"https:\/\/www.uartes.edu.ec\/sitio\/fr\/blog\/2021\/12\/03\/strongpara-leer-investigar-escribir-y-opinar-yaesta-disponible-en-la-web-el-blog-f-iliastrong\/#article","isPartOf":{"@id":"https:\/\/www.uartes.edu.ec\/sitio\/fr\/blog\/2021\/12\/03\/strongpara-leer-investigar-escribir-y-opinar-yaesta-disponible-en-la-web-el-blog-f-iliastrong\/"},"author":{"name":"ccortez","@id":"https:\/\/www.uartes.edu.ec\/sitio\/fr\/#\/schema\/person\/efa1b8275797664fd7f13a79ccc0b1f4"},"headline":"Para leer, investigar, escribir y opinar, ya est\u00e1 disponible el Blog F-ILIA","datePublished":"2021-12-03T14:00:00+00:00","dateModified":"2024-07-04T16:25:16+00:00","mainEntityOfPage":{"@id":"https:\/\/www.uartes.edu.ec\/sitio\/fr\/blog\/2021\/12\/03\/strongpara-leer-investigar-escribir-y-opinar-yaesta-disponible-en-la-web-el-blog-f-iliastrong\/"},"wordCount":825,"commentCount":0,"publisher":{"@id":"https:\/\/www.uartes.edu.ec\/sitio\/fr\/#organization"},"image":{"@id":"https:\/\/www.uartes.edu.ec\/sitio\/fr\/blog\/2021\/12\/03\/strongpara-leer-investigar-escribir-y-opinar-yaesta-disponible-en-la-web-el-blog-f-iliastrong\/#primaryimage"},"thumbnailUrl":"https:\/\/www.uartes.edu.ec\/sitio\/wp-content\/uploads\/2021\/12\/blog-filia-01.webp","keywords":["investigaci\u00f3n"],"articleSection":["Artes","Docentes","Estudiantes","Investigaci\u00f3n"],"inLanguage":"fr-FR","potentialAction":[{"@type":"CommentAction","name":"Comment","target":["https:\/\/www.uartes.edu.ec\/sitio\/fr\/blog\/2021\/12\/03\/strongpara-leer-investigar-escribir-y-opinar-yaesta-disponible-en-la-web-el-blog-f-iliastrong\/#respond"]}]},{"@type":["WebPage","ItemPage"],"@id":"https:\/\/www.uartes.edu.ec\/sitio\/fr\/blog\/2021\/12\/03\/strongpara-leer-investigar-escribir-y-opinar-yaesta-disponible-en-la-web-el-blog-f-iliastrong\/","url":"https:\/\/www.uartes.edu.ec\/sitio\/fr\/blog\/2021\/12\/03\/strongpara-leer-investigar-escribir-y-opinar-yaesta-disponible-en-la-web-el-blog-f-iliastrong\/","name":"Universidad de las Artes - Para leer, investigar, escribir y opinar, ya est\u00e1 disponible el Blog F-ILIA","isPartOf":{"@id":"https:\/\/www.uartes.edu.ec\/sitio\/fr\/#website"},"primaryImageOfPage":{"@id":"https:\/\/www.uartes.edu.ec\/sitio\/fr\/blog\/2021\/12\/03\/strongpara-leer-investigar-escribir-y-opinar-yaesta-disponible-en-la-web-el-blog-f-iliastrong\/#primaryimage"},"image":{"@id":"https:\/\/www.uartes.edu.ec\/sitio\/fr\/blog\/2021\/12\/03\/strongpara-leer-investigar-escribir-y-opinar-yaesta-disponible-en-la-web-el-blog-f-iliastrong\/#primaryimage"},"thumbnailUrl":"https:\/\/www.uartes.edu.ec\/sitio\/wp-content\/uploads\/2021\/12\/blog-filia-01.webp","datePublished":"2021-12-03T14:00:00+00:00","dateModified":"2024-07-04T16:25:16+00:00","description":"Universidad de las Artes - Para leer, investigar, escribir y opinar, ya est\u00e1 disponible el Blog F-ILIA","breadcrumb":{"@id":"https:\/\/www.uartes.edu.ec\/sitio\/fr\/blog\/2021\/12\/03\/strongpara-leer-investigar-escribir-y-opinar-yaesta-disponible-en-la-web-el-blog-f-iliastrong\/#breadcrumb"},"inLanguage":"fr-FR","potentialAction":[{"@type":"ReadAction","target":["https:\/\/www.uartes.edu.ec\/sitio\/fr\/blog\/2021\/12\/03\/strongpara-leer-investigar-escribir-y-opinar-yaesta-disponible-en-la-web-el-blog-f-iliastrong\/"]}]},{"@type":"ImageObject","inLanguage":"fr-FR","@id":"https:\/\/www.uartes.edu.ec\/sitio\/fr\/blog\/2021\/12\/03\/strongpara-leer-investigar-escribir-y-opinar-yaesta-disponible-en-la-web-el-blog-f-iliastrong\/#primaryimage","url":"https:\/\/www.uartes.edu.ec\/sitio\/wp-content\/uploads\/2021\/12\/blog-filia-01.webp","contentUrl":"https:\/\/www.uartes.edu.ec\/sitio\/wp-content\/uploads\/2021\/12\/blog-filia-01.webp","width":2000,"height":1333},{"@type":"BreadcrumbList","@id":"https:\/\/www.uartes.edu.ec\/sitio\/fr\/blog\/2021\/12\/03\/strongpara-leer-investigar-escribir-y-opinar-yaesta-disponible-en-la-web-el-blog-f-iliastrong\/#breadcrumb","itemListElement":[{"@type":"ListItem","position":1,"name":"Inicio","item":"https:\/\/www.uartes.edu.ec\/sitio\/"},{"@type":"ListItem","position":2,"name":"Para leer, investigar, escribir y opinar, ya est\u00e1 disponible el Blog F-ILIA"}]},{"@type":"WebSite","@id":"https:\/\/www.uartes.edu.ec\/sitio\/fr\/#website","url":"https:\/\/www.uartes.edu.ec\/sitio\/fr\/","name":"Universidad de las Artes","description":"Sitio oficial de la Universidad Nacional de las Artes del Ecuador","publisher":{"@id":"https:\/\/www.uartes.edu.ec\/sitio\/fr\/#organization"},"potentialAction":[{"@type":"SearchAction","target":{"@type":"EntryPoint","urlTemplate":"https:\/\/www.uartes.edu.ec\/sitio\/fr\/?s={search_term_string}"},"query-input":{"@type":"PropertyValueSpecification","valueRequired":true,"valueName":"search_term_string"}}],"inLanguage":"fr-FR"},{"@type":"Organization","@id":"https:\/\/www.uartes.edu.ec\/sitio\/fr\/#organization","name":"Universidad de las Artes","url":"https:\/\/www.uartes.edu.ec\/sitio\/fr\/","logo":{"@type":"ImageObject","inLanguage":"fr-FR","@id":"https:\/\/www.uartes.edu.ec\/sitio\/fr\/#\/schema\/logo\/image\/","url":"https:\/\/www.uartes.edu.ec\/sitio\/wp-content\/uploads\/2022\/07\/logo-ua-horizontal.png","contentUrl":"https:\/\/www.uartes.edu.ec\/sitio\/wp-content\/uploads\/2022\/07\/logo-ua-horizontal.png","width":800,"height":276,"caption":"Universidad de las Artes"},"image":{"@id":"https:\/\/www.uartes.edu.ec\/sitio\/fr\/#\/schema\/logo\/image\/"},"sameAs":["https:\/\/www.facebook.com\/uartesec","https:\/\/x.com\/uartesec","https:\/\/www.tiktok.com\/@uartesec"]},{"@type":"Person","@id":"https:\/\/www.uartes.edu.ec\/sitio\/fr\/#\/schema\/person\/efa1b8275797664fd7f13a79ccc0b1f4","name":"ccortez","image":{"@type":"ImageObject","inLanguage":"fr-FR","@id":"https:\/\/secure.gravatar.com\/avatar\/b2a6f664a3ae8e074346ef91775736c5ec479e637ecced6842de9dc98b5da9cd?s=96&d=mm&r=g","url":"https:\/\/secure.gravatar.com\/avatar\/b2a6f664a3ae8e074346ef91775736c5ec479e637ecced6842de9dc98b5da9cd?s=96&d=mm&r=g","contentUrl":"https:\/\/secure.gravatar.com\/avatar\/b2a6f664a3ae8e074346ef91775736c5ec479e637ecced6842de9dc98b5da9cd?s=96&d=mm&r=g","caption":"ccortez"},"url":"https:\/\/www.uartes.edu.ec\/sitio\/fr\/blog\/author\/ccortez\/"}]}},"uagb_featured_image_src":{"full":["https:\/\/www.uartes.edu.ec\/sitio\/wp-content\/uploads\/2021\/12\/blog-filia-01.webp",2000,1333,false],"thumbnail":["https:\/\/www.uartes.edu.ec\/sitio\/wp-content\/uploads\/2021\/12\/blog-filia-01-150x150.webp",150,150,true],"medium":["https:\/\/www.uartes.edu.ec\/sitio\/wp-content\/uploads\/2021\/12\/blog-filia-01-300x200.webp",300,200,true],"medium_large":["https:\/\/www.uartes.edu.ec\/sitio\/wp-content\/uploads\/2021\/12\/blog-filia-01-768x512.webp",768,512,true],"large":["https:\/\/www.uartes.edu.ec\/sitio\/wp-content\/uploads\/2021\/12\/blog-filia-01-644x429.webp",644,429,true],"1536x1536":["https:\/\/www.uartes.edu.ec\/sitio\/wp-content\/uploads\/2021\/12\/blog-filia-01-1536x1024.webp",1536,1024,true],"2048x2048":["https:\/\/www.uartes.edu.ec\/sitio\/wp-content\/uploads\/2021\/12\/blog-filia-01.webp",2000,1333,false],"trp-custom-language-flag":["https:\/\/www.uartes.edu.ec\/sitio\/wp-content\/uploads\/2021\/12\/blog-filia-01.webp",18,12,false],"htmega_size_585x295":["https:\/\/www.uartes.edu.ec\/sitio\/wp-content\/uploads\/2021\/12\/blog-filia-01.webp",443,295,false],"htmega_size_1170x536":["https:\/\/www.uartes.edu.ec\/sitio\/wp-content\/uploads\/2021\/12\/blog-filia-01.webp",804,536,false],"htmega_size_396x360":["https:\/\/www.uartes.edu.ec\/sitio\/wp-content\/uploads\/2021\/12\/blog-filia-01.webp",396,264,false],"gb-block-post-grid-landscape":["https:\/\/www.uartes.edu.ec\/sitio\/wp-content\/uploads\/2021\/12\/blog-filia-01-600x400.webp",600,400,true],"gb-block-post-grid-square":["https:\/\/www.uartes.edu.ec\/sitio\/wp-content\/uploads\/2021\/12\/blog-filia-01-600x600.webp",600,600,true],"university-hub-thumb":["https:\/\/www.uartes.edu.ec\/sitio\/wp-content\/uploads\/2021\/12\/blog-filia-01-400x267.webp",400,267,true]},"uagb_author_info":{"display_name":"ccortez","author_link":"https:\/\/www.uartes.edu.ec\/sitio\/fr\/blog\/author\/ccortez\/"},"uagb_comment_info":0,"uagb_excerpt":"El lanzamiento del Blog F-ILIA se hizo desde la casa de Ricardo Boh\u00f3rquez, arquitecto y fot\u00f3grafo con quien se est\u00e1 trabajando unos archivos. \u201cEs un comentarista de Guayaquil\u201d, se\u00f1al\u00f3 durante el di\u00e1logo de presentaci\u00f3n Fernando Montenegro, el docente de la UArtes que est\u00e1 al frente de esta nueva propuesta que se visualiza como un espacio\u2026","featured_image_src":"https:\/\/www.uartes.edu.ec\/sitio\/wp-content\/uploads\/2021\/12\/blog-filia-01-600x400.webp","featured_image_src_square":"https:\/\/www.uartes.edu.ec\/sitio\/wp-content\/uploads\/2021\/12\/blog-filia-01-600x600.webp","author_info":{"display_name":"ccortez","author_link":"https:\/\/www.uartes.edu.ec\/sitio\/fr\/blog\/author\/ccortez\/"},"publishpress_future_workflow_manual_trigger":{"enabledWorkflows":[]},"distributor_meta":false,"distributor_terms":false,"distributor_media":false,"distributor_original_site_name":"Universidad de las Artes","distributor_original_site_url":"https:\/\/www.uartes.edu.ec\/sitio\/fr","push-errors":false,"_links":{"self":[{"href":"https:\/\/www.uartes.edu.ec\/sitio\/fr\/wp-json\/wp\/v2\/posts\/17270","targetHints":{"allow":["GET"]}}],"collection":[{"href":"https:\/\/www.uartes.edu.ec\/sitio\/fr\/wp-json\/wp\/v2\/posts"}],"about":[{"href":"https:\/\/www.uartes.edu.ec\/sitio\/fr\/wp-json\/wp\/v2\/types\/post"}],"author":[{"embeddable":true,"href":"https:\/\/www.uartes.edu.ec\/sitio\/fr\/wp-json\/wp\/v2\/users\/10"}],"replies":[{"embeddable":true,"href":"https:\/\/www.uartes.edu.ec\/sitio\/fr\/wp-json\/wp\/v2\/comments?post=17270"}],"version-history":[{"count":4,"href":"https:\/\/www.uartes.edu.ec\/sitio\/fr\/wp-json\/wp\/v2\/posts\/17270\/revisions"}],"predecessor-version":[{"id":17277,"href":"https:\/\/www.uartes.edu.ec\/sitio\/fr\/wp-json\/wp\/v2\/posts\/17270\/revisions\/17277"}],"wp:featuredmedia":[{"embeddable":true,"href":"https:\/\/www.uartes.edu.ec\/sitio\/fr\/wp-json\/wp\/v2\/media\/17272"}],"wp:attachment":[{"href":"https:\/\/www.uartes.edu.ec\/sitio\/fr\/wp-json\/wp\/v2\/media?parent=17270"}],"wp:term":[{"taxonomy":"category","embeddable":true,"href":"https:\/\/www.uartes.edu.ec\/sitio\/fr\/wp-json\/wp\/v2\/categories?post=17270"},{"taxonomy":"post_tag","embeddable":true,"href":"https:\/\/www.uartes.edu.ec\/sitio\/fr\/wp-json\/wp\/v2\/tags?post=17270"},{"taxonomy":"infouartes","embeddable":true,"href":"https:\/\/www.uartes.edu.ec\/sitio\/fr\/wp-json\/wp\/v2\/infouartes?post=17270"}],"curies":[{"name":"wp","href":"https:\/\/api.w.org\/{rel}","templated":true}]}}