{"id":1734,"date":"2018-08-14T16:20:25","date_gmt":"2018-08-14T21:20:25","guid":{"rendered":"http:\/\/www.uartes.edu.ec\/infouartes\/?p=1734"},"modified":"2024-07-04T11:53:46","modified_gmt":"2024-07-04T16:53:46","slug":"uartes-extiende-plazo-hasta-el-7-de-septiembre-para-postular-a-sus-dos-maestrias","status":"publish","type":"post","link":"https:\/\/www.uartes.edu.ec\/sitio\/fr\/blog\/2018\/08\/14\/uartes-extiende-plazo-hasta-el-7-de-septiembre-para-postular-a-sus-dos-maestrias\/","title":{"rendered":"UArtes extiende plazo hasta el 7 de septiembre para postular a sus dos maestr\u00edas"},"content":{"rendered":"<p>La Universidad de las Artes del Ecuador extiende el proceso de admisi\u00f3n para sus maestr\u00edas profesionales en el campo de las artes, \u00ab<a href=\"http:\/\/www.uartes.edu.ec\/institucional\/index.php\/escuelas\/posgrado\/maestrias\/maestria-en-politicas-culturales-y-gestion-de-las-artes\/\"><strong>Maestr\u00eda en Pol\u00edticas Culturales y Gesti\u00f3n de las Artes<\/strong><\/a>\u00bb y la \u00ab<a href=\"http:\/\/www.uartes.edu.ec\/institucional\/index.php\/escuelas\/posgrado\/maestrias\/maestria-en-fotografia-y-sociedad-en-america-latina\/\"><strong>Master en photographie et soci\u00e9t\u00e9 en Am\u00e9rique Latine<\/strong><\/a>\u00ab, hasta el viernes 7 de septiembre de 2018.<\/p>\n<p>Estos programas de maestr\u00edas, que iniciar\u00e1n en el mes de octubre de 2018, se impartir\u00e1n de manera presencial en la ciudad de Guayaquil, de viernes a domingos, dos fines de semana al mes. Esto permitir\u00e1 a los interesados poder planificar sus horarios para que puedan viajar a la urbe sin necesidad de mudarse de ciudad.<\/p>\n<p>Los programas, aprobados por el Consejo de Educaci\u00f3n Superior (CES), tendr\u00e1n un costo de $500 d\u00f3lares de matr\u00edcula y $6.100 de colegiatura, este \u00faltimo valor se distribuye a lo largo de los dos a\u00f1os que duran los programas.<\/p>\n<p><strong>\u00bfPara qui\u00e9nes est\u00e1n dirigidos los programas?<\/strong><\/p>\n<p>La <a href=\"http:\/\/www.uartes.edu.ec\/institucional\/index.php\/escuelas\/posgrado\/maestrias\/maestria-en-politicas-culturales-y-gestion-de-las-artes\/\"><strong>Maestr\u00eda en Pol\u00edticas Culturales y Gesti\u00f3n de las Artes<\/strong><\/a> est\u00e1 dirigida a profesionales que deseen desarrollar pol\u00edticas, planes y programas relacionados con la cultural. Los maestrantes podr\u00e1n gestionar festivales, ferias, conciertos; crear emprendimientos relacionados con la cultura y las artes, entre otros proyectos.<\/p>\n<p>La <a href=\"http:\/\/www.uartes.edu.ec\/institucional\/index.php\/escuelas\/posgrado\/maestrias\/maestria-en-fotografia-y-sociedad-en-america-latina\/\"><strong>Master en photographie et soci\u00e9t\u00e9 en Am\u00e9rique Latine<\/strong><\/a> est\u00e1 dirigida a profesionales de todos los \u00e1mbitos interesados en el archivo fotogr\u00e1fico y la investigaci\u00f3n documental relacionada con la memoria. Los maestrantes podr\u00e1n analizar y evaluar estudios visuales y culturales permiti\u00e9ndoles laborar en entornos orientados hacia la comunicaci\u00f3n y\/o\u00a0diferentes tipos de archivos (p\u00fabicos, privados o comunitarios).<\/p>\n<p><strong>Informaci\u00f3n<\/strong><\/p>\n<p>De requerir m\u00e1s informaci\u00f3n, por favor, escribir al email (<a href=\"mailto:informacion.posgrados@uartes.edu.ec\">informacion.posgrados@uartes.edu.ec<\/a>) o llamar al tel\u00e9fono 04-259-0700 Ext. 3072 o 3054. Tambi\u00e9n puede visitar el sitio web de la instituci\u00f3n: <a href=\"http:\/\/www.uartes.edu.ec\">www.uartes.edu.ec<\/a><\/p>","protected":false},"excerpt":{"rendered":"<p>La Universidad de las Artes del Ecuador extiende el proceso de admisi\u00f3n para sus maestr\u00edas profesionales en el campo de las artes, \u00abMaestr\u00eda en Pol\u00edticas Culturales y Gesti\u00f3n de las Artes\u00bb y la \u00abMaestr\u00eda en Fotograf\u00eda y Sociedad en Am\u00e9rica Latina\u00ab, hasta el viernes 7 de septiembre de 2018. Estos programas de maestr\u00edas, que iniciar\u00e1n [&hellip;]<\/p>\n","protected":false},"author":1,"featured_media":1735,"comment_status":"closed","ping_status":"closed","sticky":false,"template":"","format":"standard","meta":{"_acf_changed":false,"_uag_custom_page_level_css":"","_monsterinsights_skip_tracking":false,"_monsterinsights_sitenote_active":false,"_monsterinsights_sitenote_note":"","_monsterinsights_sitenote_category":0,"cybocfi_hide_featured_image":"","footnotes":""},"categories":[80,264],"tags":[],"infouartes":[],"class_list":["post-1734","post","type-post","status-publish","format-standard","has-post-thumbnail","hentry","category-academico","category-maestrias"],"acf":[],"yoast_head":"<!-- This site is optimized with the Yoast SEO plugin v27.4 - https:\/\/yoast.com\/product\/yoast-seo-wordpress\/ -->\n<title>Universidad de las Artes - UArtes extiende plazo hasta el 7 de septiembre para postular a sus dos maestr\u00edas<\/title>\n<meta name=\"description\" content=\"Universidad de las Artes - UArtes extiende plazo hasta el 7 de septiembre para postular a sus dos maestr\u00edas\" \/>\n<meta name=\"robots\" content=\"index, follow, max-snippet:-1, max-image-preview:large, max-video-preview:-1\" \/>\n<link rel=\"canonical\" href=\"https:\/\/www.uartes.edu.ec\/sitio\/fr\/blog\/2018\/08\/14\/uartes-extiende-plazo-hasta-el-7-de-septiembre-para-postular-a-sus-dos-maestrias\/\" \/>\n<meta property=\"og:locale\" content=\"fr_FR\" \/>\n<meta property=\"og:type\" content=\"article\" \/>\n<meta property=\"og:title\" content=\"Universidad de las Artes - UArtes extiende plazo hasta el 7 de septiembre para postular a sus dos maestr\u00edas\" \/>\n<meta property=\"og:description\" content=\"Universidad de las Artes - UArtes extiende plazo hasta el 7 de septiembre para postular a sus dos maestr\u00edas\" \/>\n<meta property=\"og:url\" content=\"https:\/\/www.uartes.edu.ec\/sitio\/fr\/blog\/2018\/08\/14\/uartes-extiende-plazo-hasta-el-7-de-septiembre-para-postular-a-sus-dos-maestrias\/\" \/>\n<meta property=\"og:site_name\" content=\"Universidad de las Artes\" \/>\n<meta property=\"article:publisher\" content=\"https:\/\/www.facebook.com\/uartesec\" \/>\n<meta property=\"article:published_time\" content=\"2018-08-14T21:20:25+00:00\" \/>\n<meta property=\"article:modified_time\" content=\"2024-07-04T16:53:46+00:00\" \/>\n<meta name=\"author\" content=\"Universidad de las Artes\" \/>\n<meta name=\"twitter:card\" content=\"summary_large_image\" \/>\n<meta name=\"twitter:creator\" content=\"@uartesec\" \/>\n<meta name=\"twitter:site\" content=\"@uartesec\" \/>\n<meta name=\"twitter:label1\" content=\"\u00c9crit par\" \/>\n\t<meta name=\"twitter:data1\" content=\"Universidad de las Artes\" \/>\n\t<meta name=\"twitter:label2\" content=\"Dur\u00e9e de lecture estim\u00e9e\" \/>\n\t<meta name=\"twitter:data2\" content=\"2 minutes\" \/>\n<script type=\"application\/ld+json\" class=\"yoast-schema-graph\">{\"@context\":\"https:\\\/\\\/schema.org\",\"@graph\":[{\"@type\":\"Article\",\"@id\":\"https:\\\/\\\/www.uartes.edu.ec\\\/sitio\\\/fr\\\/blog\\\/2018\\\/08\\\/14\\\/uartes-extiende-plazo-hasta-el-7-de-septiembre-para-postular-a-sus-dos-maestrias\\\/#article\",\"isPartOf\":{\"@id\":\"https:\\\/\\\/www.uartes.edu.ec\\\/sitio\\\/fr\\\/blog\\\/2018\\\/08\\\/14\\\/uartes-extiende-plazo-hasta-el-7-de-septiembre-para-postular-a-sus-dos-maestrias\\\/\"},\"author\":{\"name\":\"Universidad de las Artes\",\"@id\":\"https:\\\/\\\/www.uartes.edu.ec\\\/sitio\\\/fr\\\/#\\\/schema\\\/person\\\/f33f8c1d2af0d5c80a38c8abf458184a\"},\"headline\":\"UArtes extiende plazo hasta el 7 de septiembre para postular a sus dos maestr\u00edas\",\"datePublished\":\"2018-08-14T21:20:25+00:00\",\"dateModified\":\"2024-07-04T16:53:46+00:00\",\"mainEntityOfPage\":{\"@id\":\"https:\\\/\\\/www.uartes.edu.ec\\\/sitio\\\/fr\\\/blog\\\/2018\\\/08\\\/14\\\/uartes-extiende-plazo-hasta-el-7-de-septiembre-para-postular-a-sus-dos-maestrias\\\/\"},\"wordCount\":333,\"publisher\":{\"@id\":\"https:\\\/\\\/www.uartes.edu.ec\\\/sitio\\\/fr\\\/#organization\"},\"image\":{\"@id\":\"https:\\\/\\\/www.uartes.edu.ec\\\/sitio\\\/fr\\\/blog\\\/2018\\\/08\\\/14\\\/uartes-extiende-plazo-hasta-el-7-de-septiembre-para-postular-a-sus-dos-maestrias\\\/#primaryimage\"},\"thumbnailUrl\":\"\",\"articleSection\":[\"Acad\u00e9mico\",\"Maestr\u00edas\"],\"inLanguage\":\"fr-FR\"},{\"@type\":[\"WebPage\",\"ItemPage\"],\"@id\":\"https:\\\/\\\/www.uartes.edu.ec\\\/sitio\\\/fr\\\/blog\\\/2018\\\/08\\\/14\\\/uartes-extiende-plazo-hasta-el-7-de-septiembre-para-postular-a-sus-dos-maestrias\\\/\",\"url\":\"https:\\\/\\\/www.uartes.edu.ec\\\/sitio\\\/fr\\\/blog\\\/2018\\\/08\\\/14\\\/uartes-extiende-plazo-hasta-el-7-de-septiembre-para-postular-a-sus-dos-maestrias\\\/\",\"name\":\"Universidad de las Artes - UArtes extiende plazo hasta el 7 de septiembre para postular a sus dos maestr\u00edas\",\"isPartOf\":{\"@id\":\"https:\\\/\\\/www.uartes.edu.ec\\\/sitio\\\/fr\\\/#website\"},\"primaryImageOfPage\":{\"@id\":\"https:\\\/\\\/www.uartes.edu.ec\\\/sitio\\\/fr\\\/blog\\\/2018\\\/08\\\/14\\\/uartes-extiende-plazo-hasta-el-7-de-septiembre-para-postular-a-sus-dos-maestrias\\\/#primaryimage\"},\"image\":{\"@id\":\"https:\\\/\\\/www.uartes.edu.ec\\\/sitio\\\/fr\\\/blog\\\/2018\\\/08\\\/14\\\/uartes-extiende-plazo-hasta-el-7-de-septiembre-para-postular-a-sus-dos-maestrias\\\/#primaryimage\"},\"thumbnailUrl\":\"\",\"datePublished\":\"2018-08-14T21:20:25+00:00\",\"dateModified\":\"2024-07-04T16:53:46+00:00\",\"description\":\"Universidad de las Artes - UArtes extiende plazo hasta el 7 de septiembre para postular a sus dos maestr\u00edas\",\"breadcrumb\":{\"@id\":\"https:\\\/\\\/www.uartes.edu.ec\\\/sitio\\\/fr\\\/blog\\\/2018\\\/08\\\/14\\\/uartes-extiende-plazo-hasta-el-7-de-septiembre-para-postular-a-sus-dos-maestrias\\\/#breadcrumb\"},\"inLanguage\":\"fr-FR\",\"potentialAction\":[{\"@type\":\"ReadAction\",\"target\":[\"https:\\\/\\\/www.uartes.edu.ec\\\/sitio\\\/fr\\\/blog\\\/2018\\\/08\\\/14\\\/uartes-extiende-plazo-hasta-el-7-de-septiembre-para-postular-a-sus-dos-maestrias\\\/\"]}]},{\"@type\":\"ImageObject\",\"inLanguage\":\"fr-FR\",\"@id\":\"https:\\\/\\\/www.uartes.edu.ec\\\/sitio\\\/fr\\\/blog\\\/2018\\\/08\\\/14\\\/uartes-extiende-plazo-hasta-el-7-de-septiembre-para-postular-a-sus-dos-maestrias\\\/#primaryimage\",\"url\":\"\",\"contentUrl\":\"\"},{\"@type\":\"BreadcrumbList\",\"@id\":\"https:\\\/\\\/www.uartes.edu.ec\\\/sitio\\\/fr\\\/blog\\\/2018\\\/08\\\/14\\\/uartes-extiende-plazo-hasta-el-7-de-septiembre-para-postular-a-sus-dos-maestrias\\\/#breadcrumb\",\"itemListElement\":[{\"@type\":\"ListItem\",\"position\":1,\"name\":\"Inicio\",\"item\":\"https:\\\/\\\/www.uartes.edu.ec\\\/sitio\\\/\"},{\"@type\":\"ListItem\",\"position\":2,\"name\":\"UArtes extiende plazo hasta el 7 de septiembre para postular a sus dos maestr\u00edas\"}]},{\"@type\":\"WebSite\",\"@id\":\"https:\\\/\\\/www.uartes.edu.ec\\\/sitio\\\/fr\\\/#website\",\"url\":\"https:\\\/\\\/www.uartes.edu.ec\\\/sitio\\\/fr\\\/\",\"name\":\"Universidad de las Artes\",\"description\":\"Sitio oficial de la Universidad Nacional de las Artes del Ecuador\",\"publisher\":{\"@id\":\"https:\\\/\\\/www.uartes.edu.ec\\\/sitio\\\/fr\\\/#organization\"},\"potentialAction\":[{\"@type\":\"SearchAction\",\"target\":{\"@type\":\"EntryPoint\",\"urlTemplate\":\"https:\\\/\\\/www.uartes.edu.ec\\\/sitio\\\/fr\\\/?s={search_term_string}\"},\"query-input\":{\"@type\":\"PropertyValueSpecification\",\"valueRequired\":true,\"valueName\":\"search_term_string\"}}],\"inLanguage\":\"fr-FR\"},{\"@type\":\"Organization\",\"@id\":\"https:\\\/\\\/www.uartes.edu.ec\\\/sitio\\\/fr\\\/#organization\",\"name\":\"Universidad de las Artes\",\"url\":\"https:\\\/\\\/www.uartes.edu.ec\\\/sitio\\\/fr\\\/\",\"logo\":{\"@type\":\"ImageObject\",\"inLanguage\":\"fr-FR\",\"@id\":\"https:\\\/\\\/www.uartes.edu.ec\\\/sitio\\\/fr\\\/#\\\/schema\\\/logo\\\/image\\\/\",\"url\":\"https:\\\/\\\/www.uartes.edu.ec\\\/sitio\\\/wp-content\\\/uploads\\\/2022\\\/07\\\/logo-ua-horizontal.png\",\"contentUrl\":\"https:\\\/\\\/www.uartes.edu.ec\\\/sitio\\\/wp-content\\\/uploads\\\/2022\\\/07\\\/logo-ua-horizontal.png\",\"width\":800,\"height\":276,\"caption\":\"Universidad de las Artes\"},\"image\":{\"@id\":\"https:\\\/\\\/www.uartes.edu.ec\\\/sitio\\\/fr\\\/#\\\/schema\\\/logo\\\/image\\\/\"},\"sameAs\":[\"https:\\\/\\\/www.facebook.com\\\/uartesec\",\"https:\\\/\\\/x.com\\\/uartesec\",\"https:\\\/\\\/www.tiktok.com\\\/@uartesec\"]},{\"@type\":\"Person\",\"@id\":\"https:\\\/\\\/www.uartes.edu.ec\\\/sitio\\\/fr\\\/#\\\/schema\\\/person\\\/f33f8c1d2af0d5c80a38c8abf458184a\",\"name\":\"Universidad de las Artes\",\"image\":{\"@type\":\"ImageObject\",\"inLanguage\":\"fr-FR\",\"@id\":\"https:\\\/\\\/secure.gravatar.com\\\/avatar\\\/52e4757902f5cfa5ac52d020e5be83cae5487519154b6c35482fe08d589f3c13?s=96&d=mm&r=g\",\"url\":\"https:\\\/\\\/secure.gravatar.com\\\/avatar\\\/52e4757902f5cfa5ac52d020e5be83cae5487519154b6c35482fe08d589f3c13?s=96&d=mm&r=g\",\"contentUrl\":\"https:\\\/\\\/secure.gravatar.com\\\/avatar\\\/52e4757902f5cfa5ac52d020e5be83cae5487519154b6c35482fe08d589f3c13?s=96&d=mm&r=g\",\"caption\":\"Universidad de las Artes\"},\"url\":\"https:\\\/\\\/www.uartes.edu.ec\\\/sitio\\\/fr\\\/blog\\\/author\\\/dircomadm\\\/\"}]}<\/script>\n<!-- \/ Yoast SEO plugin. -->","yoast_head_json":{"title":"Universidad de las Artes - UArtes extiende plazo hasta el 7 de septiembre para postular a sus dos maestr\u00edas","description":"Universidad de las Artes - UArtes extiende plazo hasta el 7 de septiembre para postular a sus dos maestr\u00edas","robots":{"index":"index","follow":"follow","max-snippet":"max-snippet:-1","max-image-preview":"max-image-preview:large","max-video-preview":"max-video-preview:-1"},"canonical":"https:\/\/www.uartes.edu.ec\/sitio\/fr\/blog\/2018\/08\/14\/uartes-extiende-plazo-hasta-el-7-de-septiembre-para-postular-a-sus-dos-maestrias\/","og_locale":"fr_FR","og_type":"article","og_title":"Universidad de las Artes - UArtes extiende plazo hasta el 7 de septiembre para postular a sus dos maestr\u00edas","og_description":"Universidad de las Artes - UArtes extiende plazo hasta el 7 de septiembre para postular a sus dos maestr\u00edas","og_url":"https:\/\/www.uartes.edu.ec\/sitio\/fr\/blog\/2018\/08\/14\/uartes-extiende-plazo-hasta-el-7-de-septiembre-para-postular-a-sus-dos-maestrias\/","og_site_name":"Universidad de las Artes","article_publisher":"https:\/\/www.facebook.com\/uartesec","article_published_time":"2018-08-14T21:20:25+00:00","article_modified_time":"2024-07-04T16:53:46+00:00","author":"Universidad de las Artes","twitter_card":"summary_large_image","twitter_creator":"@uartesec","twitter_site":"@uartesec","twitter_misc":{"\u00c9crit par":"Universidad de las Artes","Dur\u00e9e de lecture estim\u00e9e":"2 minutes"},"schema":{"@context":"https:\/\/schema.org","@graph":[{"@type":"Article","@id":"https:\/\/www.uartes.edu.ec\/sitio\/fr\/blog\/2018\/08\/14\/uartes-extiende-plazo-hasta-el-7-de-septiembre-para-postular-a-sus-dos-maestrias\/#article","isPartOf":{"@id":"https:\/\/www.uartes.edu.ec\/sitio\/fr\/blog\/2018\/08\/14\/uartes-extiende-plazo-hasta-el-7-de-septiembre-para-postular-a-sus-dos-maestrias\/"},"author":{"name":"Universidad de las Artes","@id":"https:\/\/www.uartes.edu.ec\/sitio\/fr\/#\/schema\/person\/f33f8c1d2af0d5c80a38c8abf458184a"},"headline":"UArtes extiende plazo hasta el 7 de septiembre para postular a sus dos maestr\u00edas","datePublished":"2018-08-14T21:20:25+00:00","dateModified":"2024-07-04T16:53:46+00:00","mainEntityOfPage":{"@id":"https:\/\/www.uartes.edu.ec\/sitio\/fr\/blog\/2018\/08\/14\/uartes-extiende-plazo-hasta-el-7-de-septiembre-para-postular-a-sus-dos-maestrias\/"},"wordCount":333,"publisher":{"@id":"https:\/\/www.uartes.edu.ec\/sitio\/fr\/#organization"},"image":{"@id":"https:\/\/www.uartes.edu.ec\/sitio\/fr\/blog\/2018\/08\/14\/uartes-extiende-plazo-hasta-el-7-de-septiembre-para-postular-a-sus-dos-maestrias\/#primaryimage"},"thumbnailUrl":"","articleSection":["Acad\u00e9mico","Maestr\u00edas"],"inLanguage":"fr-FR"},{"@type":["WebPage","ItemPage"],"@id":"https:\/\/www.uartes.edu.ec\/sitio\/fr\/blog\/2018\/08\/14\/uartes-extiende-plazo-hasta-el-7-de-septiembre-para-postular-a-sus-dos-maestrias\/","url":"https:\/\/www.uartes.edu.ec\/sitio\/fr\/blog\/2018\/08\/14\/uartes-extiende-plazo-hasta-el-7-de-septiembre-para-postular-a-sus-dos-maestrias\/","name":"Universidad de las Artes - UArtes extiende plazo hasta el 7 de septiembre para postular a sus dos maestr\u00edas","isPartOf":{"@id":"https:\/\/www.uartes.edu.ec\/sitio\/fr\/#website"},"primaryImageOfPage":{"@id":"https:\/\/www.uartes.edu.ec\/sitio\/fr\/blog\/2018\/08\/14\/uartes-extiende-plazo-hasta-el-7-de-septiembre-para-postular-a-sus-dos-maestrias\/#primaryimage"},"image":{"@id":"https:\/\/www.uartes.edu.ec\/sitio\/fr\/blog\/2018\/08\/14\/uartes-extiende-plazo-hasta-el-7-de-septiembre-para-postular-a-sus-dos-maestrias\/#primaryimage"},"thumbnailUrl":"","datePublished":"2018-08-14T21:20:25+00:00","dateModified":"2024-07-04T16:53:46+00:00","description":"Universidad de las Artes - UArtes extiende plazo hasta el 7 de septiembre para postular a sus dos maestr\u00edas","breadcrumb":{"@id":"https:\/\/www.uartes.edu.ec\/sitio\/fr\/blog\/2018\/08\/14\/uartes-extiende-plazo-hasta-el-7-de-septiembre-para-postular-a-sus-dos-maestrias\/#breadcrumb"},"inLanguage":"fr-FR","potentialAction":[{"@type":"ReadAction","target":["https:\/\/www.uartes.edu.ec\/sitio\/fr\/blog\/2018\/08\/14\/uartes-extiende-plazo-hasta-el-7-de-septiembre-para-postular-a-sus-dos-maestrias\/"]}]},{"@type":"ImageObject","inLanguage":"fr-FR","@id":"https:\/\/www.uartes.edu.ec\/sitio\/fr\/blog\/2018\/08\/14\/uartes-extiende-plazo-hasta-el-7-de-septiembre-para-postular-a-sus-dos-maestrias\/#primaryimage","url":"","contentUrl":""},{"@type":"BreadcrumbList","@id":"https:\/\/www.uartes.edu.ec\/sitio\/fr\/blog\/2018\/08\/14\/uartes-extiende-plazo-hasta-el-7-de-septiembre-para-postular-a-sus-dos-maestrias\/#breadcrumb","itemListElement":[{"@type":"ListItem","position":1,"name":"Inicio","item":"https:\/\/www.uartes.edu.ec\/sitio\/"},{"@type":"ListItem","position":2,"name":"UArtes extiende plazo hasta el 7 de septiembre para postular a sus dos maestr\u00edas"}]},{"@type":"WebSite","@id":"https:\/\/www.uartes.edu.ec\/sitio\/fr\/#website","url":"https:\/\/www.uartes.edu.ec\/sitio\/fr\/","name":"Universidad de las Artes","description":"Sitio oficial de la Universidad Nacional de las Artes del Ecuador","publisher":{"@id":"https:\/\/www.uartes.edu.ec\/sitio\/fr\/#organization"},"potentialAction":[{"@type":"SearchAction","target":{"@type":"EntryPoint","urlTemplate":"https:\/\/www.uartes.edu.ec\/sitio\/fr\/?s={search_term_string}"},"query-input":{"@type":"PropertyValueSpecification","valueRequired":true,"valueName":"search_term_string"}}],"inLanguage":"fr-FR"},{"@type":"Organization","@id":"https:\/\/www.uartes.edu.ec\/sitio\/fr\/#organization","name":"Universidad de las Artes","url":"https:\/\/www.uartes.edu.ec\/sitio\/fr\/","logo":{"@type":"ImageObject","inLanguage":"fr-FR","@id":"https:\/\/www.uartes.edu.ec\/sitio\/fr\/#\/schema\/logo\/image\/","url":"https:\/\/www.uartes.edu.ec\/sitio\/wp-content\/uploads\/2022\/07\/logo-ua-horizontal.png","contentUrl":"https:\/\/www.uartes.edu.ec\/sitio\/wp-content\/uploads\/2022\/07\/logo-ua-horizontal.png","width":800,"height":276,"caption":"Universidad de las Artes"},"image":{"@id":"https:\/\/www.uartes.edu.ec\/sitio\/fr\/#\/schema\/logo\/image\/"},"sameAs":["https:\/\/www.facebook.com\/uartesec","https:\/\/x.com\/uartesec","https:\/\/www.tiktok.com\/@uartesec"]},{"@type":"Person","@id":"https:\/\/www.uartes.edu.ec\/sitio\/fr\/#\/schema\/person\/f33f8c1d2af0d5c80a38c8abf458184a","name":"Universidad de las Artes","image":{"@type":"ImageObject","inLanguage":"fr-FR","@id":"https:\/\/secure.gravatar.com\/avatar\/52e4757902f5cfa5ac52d020e5be83cae5487519154b6c35482fe08d589f3c13?s=96&d=mm&r=g","url":"https:\/\/secure.gravatar.com\/avatar\/52e4757902f5cfa5ac52d020e5be83cae5487519154b6c35482fe08d589f3c13?s=96&d=mm&r=g","contentUrl":"https:\/\/secure.gravatar.com\/avatar\/52e4757902f5cfa5ac52d020e5be83cae5487519154b6c35482fe08d589f3c13?s=96&d=mm&r=g","caption":"Universidad de las Artes"},"url":"https:\/\/www.uartes.edu.ec\/sitio\/fr\/blog\/author\/dircomadm\/"}]}},"uagb_featured_image_src":{"full":false,"thumbnail":false,"medium":false,"medium_large":false,"large":false,"1536x1536":false,"2048x2048":false,"trp-custom-language-flag":false,"htmega_size_585x295":false,"htmega_size_1170x536":false,"htmega_size_396x360":false,"gb-block-post-grid-landscape":false,"gb-block-post-grid-square":false,"university-hub-thumb":false},"uagb_author_info":{"display_name":"Universidad de las Artes","author_link":"https:\/\/www.uartes.edu.ec\/sitio\/fr\/blog\/author\/dircomadm\/"},"uagb_comment_info":0,"uagb_excerpt":"La Universidad de las Artes del Ecuador extiende el proceso de admisi\u00f3n para sus maestr\u00edas profesionales en el campo de las artes, \u00abMaestr\u00eda en Pol\u00edticas Culturales y Gesti\u00f3n de las Artes\u00bb y la \u00abMaestr\u00eda en Fotograf\u00eda y Sociedad en Am\u00e9rica Latina\u00ab, hasta el viernes 7 de septiembre de 2018. Estos programas de maestr\u00edas, que iniciar\u00e1n\u2026","featured_image_src":null,"featured_image_src_square":null,"author_info":{"display_name":"Universidad de las Artes","author_link":"https:\/\/www.uartes.edu.ec\/sitio\/fr\/blog\/author\/dircomadm\/"},"publishpress_future_workflow_manual_trigger":{"enabledWorkflows":[]},"distributor_meta":false,"distributor_terms":false,"distributor_media":false,"distributor_original_site_name":"Universidad de las Artes","distributor_original_site_url":"https:\/\/www.uartes.edu.ec\/sitio\/fr","push-errors":false,"_links":{"self":[{"href":"https:\/\/www.uartes.edu.ec\/sitio\/fr\/wp-json\/wp\/v2\/posts\/1734","targetHints":{"allow":["GET"]}}],"collection":[{"href":"https:\/\/www.uartes.edu.ec\/sitio\/fr\/wp-json\/wp\/v2\/posts"}],"about":[{"href":"https:\/\/www.uartes.edu.ec\/sitio\/fr\/wp-json\/wp\/v2\/types\/post"}],"author":[{"embeddable":true,"href":"https:\/\/www.uartes.edu.ec\/sitio\/fr\/wp-json\/wp\/v2\/users\/1"}],"replies":[{"embeddable":true,"href":"https:\/\/www.uartes.edu.ec\/sitio\/fr\/wp-json\/wp\/v2\/comments?post=1734"}],"version-history":[{"count":1,"href":"https:\/\/www.uartes.edu.ec\/sitio\/fr\/wp-json\/wp\/v2\/posts\/1734\/revisions"}],"predecessor-version":[{"id":3344,"href":"https:\/\/www.uartes.edu.ec\/sitio\/fr\/wp-json\/wp\/v2\/posts\/1734\/revisions\/3344"}],"wp:featuredmedia":[{"embeddable":true,"href":"https:\/\/www.uartes.edu.ec\/sitio\/fr\/wp-json\/"}],"wp:attachment":[{"href":"https:\/\/www.uartes.edu.ec\/sitio\/fr\/wp-json\/wp\/v2\/media?parent=1734"}],"wp:term":[{"taxonomy":"category","embeddable":true,"href":"https:\/\/www.uartes.edu.ec\/sitio\/fr\/wp-json\/wp\/v2\/categories?post=1734"},{"taxonomy":"post_tag","embeddable":true,"href":"https:\/\/www.uartes.edu.ec\/sitio\/fr\/wp-json\/wp\/v2\/tags?post=1734"},{"taxonomy":"infouartes","embeddable":true,"href":"https:\/\/www.uartes.edu.ec\/sitio\/fr\/wp-json\/wp\/v2\/infouartes?post=1734"}],"curies":[{"name":"wp","href":"https:\/\/api.w.org\/{rel}","templated":true}]}}