{"id":1737,"date":"2018-08-14T16:20:25","date_gmt":"2018-08-14T21:20:25","guid":{"rendered":"http:\/\/www.uartes.edu.ec\/infouartes\/?p=1737"},"modified":"2024-07-04T11:53:45","modified_gmt":"2024-07-04T16:53:45","slug":"estudiantes-de-la-uartes-imparten-talleres-de-creacion-artistica-en-el-centro-de-discapacidades-del-mies-en-guayaquil","status":"publish","type":"post","link":"https:\/\/www.uartes.edu.ec\/sitio\/fr\/blog\/2018\/08\/14\/estudiantes-de-la-uartes-imparten-talleres-de-creacion-artistica-en-el-centro-de-discapacidades-del-mies-en-guayaquil\/","title":{"rendered":"Estudiantes de la UArtes imparten talleres de creaci\u00f3n art\u00edstica en el Centro de Discapacidades del MIES en Guayaquil"},"content":{"rendered":"<p>Estudiantes de la Escuela de Artes Visuales y de la Escuela de Cine de la Universidad de las Artes realizaron un taller de creaci\u00f3n y cine foro en el Centro de Atenci\u00f3n Integral de personas con capacidades especiales del Ministerio de Inclusi\u00f3n Econ\u00f3mica y Social (MIES), en Guayaquil. Estas iniciativas se desarrollaron en el marco de los programas de vinculaci\u00f3n con la sociedad que realiza la Universidad con grupos de atenci\u00f3n prioritaria.<\/p>\n<p>Durante tres meses, Fabio Baja\u00f1a y Ricardo Fern\u00e1ndez, estudiantes de la UArtes, trabajaron con 40 personas con capacidades especiales. En esta experiencia de trabajo colaborativo, el inter-aprendizaje, entre especialistas del Centro, estudiantes\u2013facilitadores de la UArtes, y personas con capacidades especiales, fue un elemento sustancial para provocar la b\u00fasqueda de metodolog\u00edas adecuadas para generar condiciones de mutua confianza.<\/p>\n<p>El taller, que implic\u00f3 la realizaci\u00f3n de actividades para el desarrollo de destrezas asociadas al dibujo y la creaci\u00f3n de objetos, tuvo como resultado la creaci\u00f3n de objetos decorativos con materiales de reciclaje.<\/p>\n<p>Las actividades de vinculaci\u00f3n con la sociedad de la Universidad de las Artes contin\u00faan en el Centro, con la programaci\u00f3n del Cine foro \u201cCinemaescape\u201d, misma que se efectuar\u00e1 hasta el mes de agosto de 2018, bajo la direcci\u00f3n de la docente Martha D\u00edas y estudiantes de la Escuela de Cine de la instituci\u00f3n.<\/p>","protected":false},"excerpt":{"rendered":"<p>Estudiantes de la Escuela de Artes Visuales y de la Escuela de Cine de la Universidad de las Artes realizaron un taller de creaci\u00f3n y cine foro en el Centro de Atenci\u00f3n Integral de personas con capacidades especiales del Ministerio de Inclusi\u00f3n Econ\u00f3mica y Social (MIES), en Guayaquil. Estas iniciativas se desarrollaron en el marco [&hellip;]<\/p>\n","protected":false},"author":1,"featured_media":1738,"comment_status":"closed","ping_status":"closed","sticky":false,"template":"","format":"standard","meta":{"_acf_changed":false,"_uag_custom_page_level_css":"","_monsterinsights_skip_tracking":false,"_monsterinsights_sitenote_active":false,"_monsterinsights_sitenote_note":"","_monsterinsights_sitenote_category":0,"cybocfi_hide_featured_image":"","footnotes":""},"categories":[76,79],"tags":[],"infouartes":[],"class_list":["post-1737","post","type-post","status-publish","format-standard","has-post-thumbnail","hentry","category-estudiantes","category-vinculo"],"acf":[],"yoast_head":"<!-- This site is optimized with the Yoast SEO plugin v27.4 - https:\/\/yoast.com\/product\/yoast-seo-wordpress\/ -->\n<title>Universidad de las Artes - Estudiantes de la UArtes imparten talleres de creaci\u00f3n art\u00edstica en el Centro de Discapacidades del MIES en Guayaquil<\/title>\n<meta name=\"description\" content=\"Universidad de las Artes - Estudiantes de la UArtes imparten talleres de creaci\u00f3n art\u00edstica en el Centro de Discapacidades del MIES en Guayaquil\" \/>\n<meta name=\"robots\" content=\"index, follow, max-snippet:-1, max-image-preview:large, max-video-preview:-1\" \/>\n<link rel=\"canonical\" href=\"https:\/\/www.uartes.edu.ec\/sitio\/fr\/blog\/2018\/08\/14\/estudiantes-de-la-uartes-imparten-talleres-de-creacion-artistica-en-el-centro-de-discapacidades-del-mies-en-guayaquil\/\" \/>\n<meta property=\"og:locale\" content=\"fr_FR\" \/>\n<meta property=\"og:type\" content=\"article\" \/>\n<meta property=\"og:title\" content=\"Universidad de las Artes - Estudiantes de la UArtes imparten talleres de creaci\u00f3n art\u00edstica en el Centro de Discapacidades del MIES en Guayaquil\" \/>\n<meta property=\"og:description\" content=\"Universidad de las Artes - Estudiantes de la UArtes imparten talleres de creaci\u00f3n art\u00edstica en el Centro de Discapacidades del MIES en Guayaquil\" \/>\n<meta property=\"og:url\" content=\"https:\/\/www.uartes.edu.ec\/sitio\/fr\/blog\/2018\/08\/14\/estudiantes-de-la-uartes-imparten-talleres-de-creacion-artistica-en-el-centro-de-discapacidades-del-mies-en-guayaquil\/\" \/>\n<meta property=\"og:site_name\" content=\"Universidad de las Artes\" \/>\n<meta property=\"article:publisher\" content=\"https:\/\/www.facebook.com\/uartesec\" \/>\n<meta property=\"article:published_time\" content=\"2018-08-14T21:20:25+00:00\" \/>\n<meta property=\"article:modified_time\" content=\"2024-07-04T16:53:45+00:00\" \/>\n<meta name=\"author\" content=\"Universidad de las Artes\" \/>\n<meta name=\"twitter:card\" content=\"summary_large_image\" \/>\n<meta name=\"twitter:creator\" content=\"@uartesec\" \/>\n<meta name=\"twitter:site\" content=\"@uartesec\" \/>\n<meta name=\"twitter:label1\" content=\"\u00c9crit par\" \/>\n\t<meta name=\"twitter:data1\" content=\"Universidad de las Artes\" \/>\n\t<meta name=\"twitter:label2\" content=\"Dur\u00e9e de lecture estim\u00e9e\" \/>\n\t<meta name=\"twitter:data2\" content=\"1 minute\" \/>\n<script type=\"application\/ld+json\" class=\"yoast-schema-graph\">{\"@context\":\"https:\\\/\\\/schema.org\",\"@graph\":[{\"@type\":\"Article\",\"@id\":\"https:\\\/\\\/www.uartes.edu.ec\\\/sitio\\\/fr\\\/blog\\\/2018\\\/08\\\/14\\\/estudiantes-de-la-uartes-imparten-talleres-de-creacion-artistica-en-el-centro-de-discapacidades-del-mies-en-guayaquil\\\/#article\",\"isPartOf\":{\"@id\":\"https:\\\/\\\/www.uartes.edu.ec\\\/sitio\\\/fr\\\/blog\\\/2018\\\/08\\\/14\\\/estudiantes-de-la-uartes-imparten-talleres-de-creacion-artistica-en-el-centro-de-discapacidades-del-mies-en-guayaquil\\\/\"},\"author\":{\"name\":\"Universidad de las Artes\",\"@id\":\"https:\\\/\\\/www.uartes.edu.ec\\\/sitio\\\/fr\\\/#\\\/schema\\\/person\\\/f33f8c1d2af0d5c80a38c8abf458184a\"},\"headline\":\"Estudiantes de la UArtes imparten talleres de creaci\u00f3n art\u00edstica en el Centro de Discapacidades del MIES en Guayaquil\",\"datePublished\":\"2018-08-14T21:20:25+00:00\",\"dateModified\":\"2024-07-04T16:53:45+00:00\",\"mainEntityOfPage\":{\"@id\":\"https:\\\/\\\/www.uartes.edu.ec\\\/sitio\\\/fr\\\/blog\\\/2018\\\/08\\\/14\\\/estudiantes-de-la-uartes-imparten-talleres-de-creacion-artistica-en-el-centro-de-discapacidades-del-mies-en-guayaquil\\\/\"},\"wordCount\":253,\"publisher\":{\"@id\":\"https:\\\/\\\/www.uartes.edu.ec\\\/sitio\\\/fr\\\/#organization\"},\"image\":{\"@id\":\"https:\\\/\\\/www.uartes.edu.ec\\\/sitio\\\/fr\\\/blog\\\/2018\\\/08\\\/14\\\/estudiantes-de-la-uartes-imparten-talleres-de-creacion-artistica-en-el-centro-de-discapacidades-del-mies-en-guayaquil\\\/#primaryimage\"},\"thumbnailUrl\":\"\",\"articleSection\":[\"Estudiantes\",\"V\u00ednculo\"],\"inLanguage\":\"fr-FR\"},{\"@type\":[\"WebPage\",\"ItemPage\"],\"@id\":\"https:\\\/\\\/www.uartes.edu.ec\\\/sitio\\\/fr\\\/blog\\\/2018\\\/08\\\/14\\\/estudiantes-de-la-uartes-imparten-talleres-de-creacion-artistica-en-el-centro-de-discapacidades-del-mies-en-guayaquil\\\/\",\"url\":\"https:\\\/\\\/www.uartes.edu.ec\\\/sitio\\\/fr\\\/blog\\\/2018\\\/08\\\/14\\\/estudiantes-de-la-uartes-imparten-talleres-de-creacion-artistica-en-el-centro-de-discapacidades-del-mies-en-guayaquil\\\/\",\"name\":\"Universidad de las Artes - Estudiantes de la UArtes imparten talleres de creaci\u00f3n art\u00edstica en el Centro de Discapacidades del MIES en Guayaquil\",\"isPartOf\":{\"@id\":\"https:\\\/\\\/www.uartes.edu.ec\\\/sitio\\\/fr\\\/#website\"},\"primaryImageOfPage\":{\"@id\":\"https:\\\/\\\/www.uartes.edu.ec\\\/sitio\\\/fr\\\/blog\\\/2018\\\/08\\\/14\\\/estudiantes-de-la-uartes-imparten-talleres-de-creacion-artistica-en-el-centro-de-discapacidades-del-mies-en-guayaquil\\\/#primaryimage\"},\"image\":{\"@id\":\"https:\\\/\\\/www.uartes.edu.ec\\\/sitio\\\/fr\\\/blog\\\/2018\\\/08\\\/14\\\/estudiantes-de-la-uartes-imparten-talleres-de-creacion-artistica-en-el-centro-de-discapacidades-del-mies-en-guayaquil\\\/#primaryimage\"},\"thumbnailUrl\":\"\",\"datePublished\":\"2018-08-14T21:20:25+00:00\",\"dateModified\":\"2024-07-04T16:53:45+00:00\",\"description\":\"Universidad de las Artes - Estudiantes de la UArtes imparten talleres de creaci\u00f3n art\u00edstica en el Centro de Discapacidades del MIES en Guayaquil\",\"breadcrumb\":{\"@id\":\"https:\\\/\\\/www.uartes.edu.ec\\\/sitio\\\/fr\\\/blog\\\/2018\\\/08\\\/14\\\/estudiantes-de-la-uartes-imparten-talleres-de-creacion-artistica-en-el-centro-de-discapacidades-del-mies-en-guayaquil\\\/#breadcrumb\"},\"inLanguage\":\"fr-FR\",\"potentialAction\":[{\"@type\":\"ReadAction\",\"target\":[\"https:\\\/\\\/www.uartes.edu.ec\\\/sitio\\\/fr\\\/blog\\\/2018\\\/08\\\/14\\\/estudiantes-de-la-uartes-imparten-talleres-de-creacion-artistica-en-el-centro-de-discapacidades-del-mies-en-guayaquil\\\/\"]}]},{\"@type\":\"ImageObject\",\"inLanguage\":\"fr-FR\",\"@id\":\"https:\\\/\\\/www.uartes.edu.ec\\\/sitio\\\/fr\\\/blog\\\/2018\\\/08\\\/14\\\/estudiantes-de-la-uartes-imparten-talleres-de-creacion-artistica-en-el-centro-de-discapacidades-del-mies-en-guayaquil\\\/#primaryimage\",\"url\":\"\",\"contentUrl\":\"\"},{\"@type\":\"BreadcrumbList\",\"@id\":\"https:\\\/\\\/www.uartes.edu.ec\\\/sitio\\\/fr\\\/blog\\\/2018\\\/08\\\/14\\\/estudiantes-de-la-uartes-imparten-talleres-de-creacion-artistica-en-el-centro-de-discapacidades-del-mies-en-guayaquil\\\/#breadcrumb\",\"itemListElement\":[{\"@type\":\"ListItem\",\"position\":1,\"name\":\"Inicio\",\"item\":\"https:\\\/\\\/www.uartes.edu.ec\\\/sitio\\\/\"},{\"@type\":\"ListItem\",\"position\":2,\"name\":\"Estudiantes de la UArtes imparten talleres de creaci\u00f3n art\u00edstica en el Centro de Discapacidades del MIES en Guayaquil\"}]},{\"@type\":\"WebSite\",\"@id\":\"https:\\\/\\\/www.uartes.edu.ec\\\/sitio\\\/fr\\\/#website\",\"url\":\"https:\\\/\\\/www.uartes.edu.ec\\\/sitio\\\/fr\\\/\",\"name\":\"Universidad de las Artes\",\"description\":\"Sitio oficial de la Universidad Nacional de las Artes del Ecuador\",\"publisher\":{\"@id\":\"https:\\\/\\\/www.uartes.edu.ec\\\/sitio\\\/fr\\\/#organization\"},\"potentialAction\":[{\"@type\":\"SearchAction\",\"target\":{\"@type\":\"EntryPoint\",\"urlTemplate\":\"https:\\\/\\\/www.uartes.edu.ec\\\/sitio\\\/fr\\\/?s={search_term_string}\"},\"query-input\":{\"@type\":\"PropertyValueSpecification\",\"valueRequired\":true,\"valueName\":\"search_term_string\"}}],\"inLanguage\":\"fr-FR\"},{\"@type\":\"Organization\",\"@id\":\"https:\\\/\\\/www.uartes.edu.ec\\\/sitio\\\/fr\\\/#organization\",\"name\":\"Universidad de las Artes\",\"url\":\"https:\\\/\\\/www.uartes.edu.ec\\\/sitio\\\/fr\\\/\",\"logo\":{\"@type\":\"ImageObject\",\"inLanguage\":\"fr-FR\",\"@id\":\"https:\\\/\\\/www.uartes.edu.ec\\\/sitio\\\/fr\\\/#\\\/schema\\\/logo\\\/image\\\/\",\"url\":\"https:\\\/\\\/www.uartes.edu.ec\\\/sitio\\\/wp-content\\\/uploads\\\/2022\\\/07\\\/logo-ua-horizontal.png\",\"contentUrl\":\"https:\\\/\\\/www.uartes.edu.ec\\\/sitio\\\/wp-content\\\/uploads\\\/2022\\\/07\\\/logo-ua-horizontal.png\",\"width\":800,\"height\":276,\"caption\":\"Universidad de las Artes\"},\"image\":{\"@id\":\"https:\\\/\\\/www.uartes.edu.ec\\\/sitio\\\/fr\\\/#\\\/schema\\\/logo\\\/image\\\/\"},\"sameAs\":[\"https:\\\/\\\/www.facebook.com\\\/uartesec\",\"https:\\\/\\\/x.com\\\/uartesec\",\"https:\\\/\\\/www.tiktok.com\\\/@uartesec\"]},{\"@type\":\"Person\",\"@id\":\"https:\\\/\\\/www.uartes.edu.ec\\\/sitio\\\/fr\\\/#\\\/schema\\\/person\\\/f33f8c1d2af0d5c80a38c8abf458184a\",\"name\":\"Universidad de las Artes\",\"image\":{\"@type\":\"ImageObject\",\"inLanguage\":\"fr-FR\",\"@id\":\"https:\\\/\\\/secure.gravatar.com\\\/avatar\\\/52e4757902f5cfa5ac52d020e5be83cae5487519154b6c35482fe08d589f3c13?s=96&d=mm&r=g\",\"url\":\"https:\\\/\\\/secure.gravatar.com\\\/avatar\\\/52e4757902f5cfa5ac52d020e5be83cae5487519154b6c35482fe08d589f3c13?s=96&d=mm&r=g\",\"contentUrl\":\"https:\\\/\\\/secure.gravatar.com\\\/avatar\\\/52e4757902f5cfa5ac52d020e5be83cae5487519154b6c35482fe08d589f3c13?s=96&d=mm&r=g\",\"caption\":\"Universidad de las Artes\"},\"url\":\"https:\\\/\\\/www.uartes.edu.ec\\\/sitio\\\/fr\\\/blog\\\/author\\\/dircomadm\\\/\"}]}<\/script>\n<!-- \/ Yoast SEO plugin. -->","yoast_head_json":{"title":"Universidad de las Artes - Estudiantes de la UArtes imparten talleres de creaci\u00f3n art\u00edstica en el Centro de Discapacidades del MIES en Guayaquil","description":"Universidad de las Artes - Estudiantes de la UArtes imparten talleres de creaci\u00f3n art\u00edstica en el Centro de Discapacidades del MIES en Guayaquil","robots":{"index":"index","follow":"follow","max-snippet":"max-snippet:-1","max-image-preview":"max-image-preview:large","max-video-preview":"max-video-preview:-1"},"canonical":"https:\/\/www.uartes.edu.ec\/sitio\/fr\/blog\/2018\/08\/14\/estudiantes-de-la-uartes-imparten-talleres-de-creacion-artistica-en-el-centro-de-discapacidades-del-mies-en-guayaquil\/","og_locale":"fr_FR","og_type":"article","og_title":"Universidad de las Artes - Estudiantes de la UArtes imparten talleres de creaci\u00f3n art\u00edstica en el Centro de Discapacidades del MIES en Guayaquil","og_description":"Universidad de las Artes - Estudiantes de la UArtes imparten talleres de creaci\u00f3n art\u00edstica en el Centro de Discapacidades del MIES en Guayaquil","og_url":"https:\/\/www.uartes.edu.ec\/sitio\/fr\/blog\/2018\/08\/14\/estudiantes-de-la-uartes-imparten-talleres-de-creacion-artistica-en-el-centro-de-discapacidades-del-mies-en-guayaquil\/","og_site_name":"Universidad de las Artes","article_publisher":"https:\/\/www.facebook.com\/uartesec","article_published_time":"2018-08-14T21:20:25+00:00","article_modified_time":"2024-07-04T16:53:45+00:00","author":"Universidad de las Artes","twitter_card":"summary_large_image","twitter_creator":"@uartesec","twitter_site":"@uartesec","twitter_misc":{"\u00c9crit par":"Universidad de las Artes","Dur\u00e9e de lecture estim\u00e9e":"1 minute"},"schema":{"@context":"https:\/\/schema.org","@graph":[{"@type":"Article","@id":"https:\/\/www.uartes.edu.ec\/sitio\/fr\/blog\/2018\/08\/14\/estudiantes-de-la-uartes-imparten-talleres-de-creacion-artistica-en-el-centro-de-discapacidades-del-mies-en-guayaquil\/#article","isPartOf":{"@id":"https:\/\/www.uartes.edu.ec\/sitio\/fr\/blog\/2018\/08\/14\/estudiantes-de-la-uartes-imparten-talleres-de-creacion-artistica-en-el-centro-de-discapacidades-del-mies-en-guayaquil\/"},"author":{"name":"Universidad de las Artes","@id":"https:\/\/www.uartes.edu.ec\/sitio\/fr\/#\/schema\/person\/f33f8c1d2af0d5c80a38c8abf458184a"},"headline":"Estudiantes de la UArtes imparten talleres de creaci\u00f3n art\u00edstica en el Centro de Discapacidades del MIES en Guayaquil","datePublished":"2018-08-14T21:20:25+00:00","dateModified":"2024-07-04T16:53:45+00:00","mainEntityOfPage":{"@id":"https:\/\/www.uartes.edu.ec\/sitio\/fr\/blog\/2018\/08\/14\/estudiantes-de-la-uartes-imparten-talleres-de-creacion-artistica-en-el-centro-de-discapacidades-del-mies-en-guayaquil\/"},"wordCount":253,"publisher":{"@id":"https:\/\/www.uartes.edu.ec\/sitio\/fr\/#organization"},"image":{"@id":"https:\/\/www.uartes.edu.ec\/sitio\/fr\/blog\/2018\/08\/14\/estudiantes-de-la-uartes-imparten-talleres-de-creacion-artistica-en-el-centro-de-discapacidades-del-mies-en-guayaquil\/#primaryimage"},"thumbnailUrl":"","articleSection":["Estudiantes","V\u00ednculo"],"inLanguage":"fr-FR"},{"@type":["WebPage","ItemPage"],"@id":"https:\/\/www.uartes.edu.ec\/sitio\/fr\/blog\/2018\/08\/14\/estudiantes-de-la-uartes-imparten-talleres-de-creacion-artistica-en-el-centro-de-discapacidades-del-mies-en-guayaquil\/","url":"https:\/\/www.uartes.edu.ec\/sitio\/fr\/blog\/2018\/08\/14\/estudiantes-de-la-uartes-imparten-talleres-de-creacion-artistica-en-el-centro-de-discapacidades-del-mies-en-guayaquil\/","name":"Universidad de las Artes - Estudiantes de la UArtes imparten talleres de creaci\u00f3n art\u00edstica en el Centro de Discapacidades del MIES en Guayaquil","isPartOf":{"@id":"https:\/\/www.uartes.edu.ec\/sitio\/fr\/#website"},"primaryImageOfPage":{"@id":"https:\/\/www.uartes.edu.ec\/sitio\/fr\/blog\/2018\/08\/14\/estudiantes-de-la-uartes-imparten-talleres-de-creacion-artistica-en-el-centro-de-discapacidades-del-mies-en-guayaquil\/#primaryimage"},"image":{"@id":"https:\/\/www.uartes.edu.ec\/sitio\/fr\/blog\/2018\/08\/14\/estudiantes-de-la-uartes-imparten-talleres-de-creacion-artistica-en-el-centro-de-discapacidades-del-mies-en-guayaquil\/#primaryimage"},"thumbnailUrl":"","datePublished":"2018-08-14T21:20:25+00:00","dateModified":"2024-07-04T16:53:45+00:00","description":"Universidad de las Artes - Estudiantes de la UArtes imparten talleres de creaci\u00f3n art\u00edstica en el Centro de Discapacidades del MIES en Guayaquil","breadcrumb":{"@id":"https:\/\/www.uartes.edu.ec\/sitio\/fr\/blog\/2018\/08\/14\/estudiantes-de-la-uartes-imparten-talleres-de-creacion-artistica-en-el-centro-de-discapacidades-del-mies-en-guayaquil\/#breadcrumb"},"inLanguage":"fr-FR","potentialAction":[{"@type":"ReadAction","target":["https:\/\/www.uartes.edu.ec\/sitio\/fr\/blog\/2018\/08\/14\/estudiantes-de-la-uartes-imparten-talleres-de-creacion-artistica-en-el-centro-de-discapacidades-del-mies-en-guayaquil\/"]}]},{"@type":"ImageObject","inLanguage":"fr-FR","@id":"https:\/\/www.uartes.edu.ec\/sitio\/fr\/blog\/2018\/08\/14\/estudiantes-de-la-uartes-imparten-talleres-de-creacion-artistica-en-el-centro-de-discapacidades-del-mies-en-guayaquil\/#primaryimage","url":"","contentUrl":""},{"@type":"BreadcrumbList","@id":"https:\/\/www.uartes.edu.ec\/sitio\/fr\/blog\/2018\/08\/14\/estudiantes-de-la-uartes-imparten-talleres-de-creacion-artistica-en-el-centro-de-discapacidades-del-mies-en-guayaquil\/#breadcrumb","itemListElement":[{"@type":"ListItem","position":1,"name":"Inicio","item":"https:\/\/www.uartes.edu.ec\/sitio\/"},{"@type":"ListItem","position":2,"name":"Estudiantes de la UArtes imparten talleres de creaci\u00f3n art\u00edstica en el Centro de Discapacidades del MIES en Guayaquil"}]},{"@type":"WebSite","@id":"https:\/\/www.uartes.edu.ec\/sitio\/fr\/#website","url":"https:\/\/www.uartes.edu.ec\/sitio\/fr\/","name":"Universidad de las Artes","description":"Sitio oficial de la Universidad Nacional de las Artes del Ecuador","publisher":{"@id":"https:\/\/www.uartes.edu.ec\/sitio\/fr\/#organization"},"potentialAction":[{"@type":"SearchAction","target":{"@type":"EntryPoint","urlTemplate":"https:\/\/www.uartes.edu.ec\/sitio\/fr\/?s={search_term_string}"},"query-input":{"@type":"PropertyValueSpecification","valueRequired":true,"valueName":"search_term_string"}}],"inLanguage":"fr-FR"},{"@type":"Organization","@id":"https:\/\/www.uartes.edu.ec\/sitio\/fr\/#organization","name":"Universidad de las Artes","url":"https:\/\/www.uartes.edu.ec\/sitio\/fr\/","logo":{"@type":"ImageObject","inLanguage":"fr-FR","@id":"https:\/\/www.uartes.edu.ec\/sitio\/fr\/#\/schema\/logo\/image\/","url":"https:\/\/www.uartes.edu.ec\/sitio\/wp-content\/uploads\/2022\/07\/logo-ua-horizontal.png","contentUrl":"https:\/\/www.uartes.edu.ec\/sitio\/wp-content\/uploads\/2022\/07\/logo-ua-horizontal.png","width":800,"height":276,"caption":"Universidad de las Artes"},"image":{"@id":"https:\/\/www.uartes.edu.ec\/sitio\/fr\/#\/schema\/logo\/image\/"},"sameAs":["https:\/\/www.facebook.com\/uartesec","https:\/\/x.com\/uartesec","https:\/\/www.tiktok.com\/@uartesec"]},{"@type":"Person","@id":"https:\/\/www.uartes.edu.ec\/sitio\/fr\/#\/schema\/person\/f33f8c1d2af0d5c80a38c8abf458184a","name":"Universidad de las Artes","image":{"@type":"ImageObject","inLanguage":"fr-FR","@id":"https:\/\/secure.gravatar.com\/avatar\/52e4757902f5cfa5ac52d020e5be83cae5487519154b6c35482fe08d589f3c13?s=96&d=mm&r=g","url":"https:\/\/secure.gravatar.com\/avatar\/52e4757902f5cfa5ac52d020e5be83cae5487519154b6c35482fe08d589f3c13?s=96&d=mm&r=g","contentUrl":"https:\/\/secure.gravatar.com\/avatar\/52e4757902f5cfa5ac52d020e5be83cae5487519154b6c35482fe08d589f3c13?s=96&d=mm&r=g","caption":"Universidad de las Artes"},"url":"https:\/\/www.uartes.edu.ec\/sitio\/fr\/blog\/author\/dircomadm\/"}]}},"uagb_featured_image_src":{"full":false,"thumbnail":false,"medium":false,"medium_large":false,"large":false,"1536x1536":false,"2048x2048":false,"trp-custom-language-flag":false,"htmega_size_585x295":false,"htmega_size_1170x536":false,"htmega_size_396x360":false,"gb-block-post-grid-landscape":false,"gb-block-post-grid-square":false,"university-hub-thumb":false},"uagb_author_info":{"display_name":"Universidad de las Artes","author_link":"https:\/\/www.uartes.edu.ec\/sitio\/fr\/blog\/author\/dircomadm\/"},"uagb_comment_info":0,"uagb_excerpt":"Estudiantes de la Escuela de Artes Visuales y de la Escuela de Cine de la Universidad de las Artes realizaron un taller de creaci\u00f3n y cine foro en el Centro de Atenci\u00f3n Integral de personas con capacidades especiales del Ministerio de Inclusi\u00f3n Econ\u00f3mica y Social (MIES), en Guayaquil. Estas iniciativas se desarrollaron en el marco\u2026","featured_image_src":null,"featured_image_src_square":null,"author_info":{"display_name":"Universidad de las Artes","author_link":"https:\/\/www.uartes.edu.ec\/sitio\/fr\/blog\/author\/dircomadm\/"},"publishpress_future_workflow_manual_trigger":{"enabledWorkflows":[]},"distributor_meta":false,"distributor_terms":false,"distributor_media":false,"distributor_original_site_name":"Universidad de las Artes","distributor_original_site_url":"https:\/\/www.uartes.edu.ec\/sitio\/fr","push-errors":false,"_links":{"self":[{"href":"https:\/\/www.uartes.edu.ec\/sitio\/fr\/wp-json\/wp\/v2\/posts\/1737","targetHints":{"allow":["GET"]}}],"collection":[{"href":"https:\/\/www.uartes.edu.ec\/sitio\/fr\/wp-json\/wp\/v2\/posts"}],"about":[{"href":"https:\/\/www.uartes.edu.ec\/sitio\/fr\/wp-json\/wp\/v2\/types\/post"}],"author":[{"embeddable":true,"href":"https:\/\/www.uartes.edu.ec\/sitio\/fr\/wp-json\/wp\/v2\/users\/1"}],"replies":[{"embeddable":true,"href":"https:\/\/www.uartes.edu.ec\/sitio\/fr\/wp-json\/wp\/v2\/comments?post=1737"}],"version-history":[{"count":1,"href":"https:\/\/www.uartes.edu.ec\/sitio\/fr\/wp-json\/wp\/v2\/posts\/1737\/revisions"}],"predecessor-version":[{"id":3343,"href":"https:\/\/www.uartes.edu.ec\/sitio\/fr\/wp-json\/wp\/v2\/posts\/1737\/revisions\/3343"}],"wp:featuredmedia":[{"embeddable":true,"href":"https:\/\/www.uartes.edu.ec\/sitio\/fr\/wp-json\/"}],"wp:attachment":[{"href":"https:\/\/www.uartes.edu.ec\/sitio\/fr\/wp-json\/wp\/v2\/media?parent=1737"}],"wp:term":[{"taxonomy":"category","embeddable":true,"href":"https:\/\/www.uartes.edu.ec\/sitio\/fr\/wp-json\/wp\/v2\/categories?post=1737"},{"taxonomy":"post_tag","embeddable":true,"href":"https:\/\/www.uartes.edu.ec\/sitio\/fr\/wp-json\/wp\/v2\/tags?post=1737"},{"taxonomy":"infouartes","embeddable":true,"href":"https:\/\/www.uartes.edu.ec\/sitio\/fr\/wp-json\/wp\/v2\/infouartes?post=1737"}],"curies":[{"name":"wp","href":"https:\/\/api.w.org\/{rel}","templated":true}]}}