{"id":17406,"date":"2021-12-08T14:01:00","date_gmt":"2021-12-08T19:01:00","guid":{"rendered":"http:\/\/www.uartes.edu.ec\/sitio\/?p=17406"},"modified":"2024-07-04T11:24:59","modified_gmt":"2024-07-04T16:24:59","slug":"olon-comunica-un-medio-digital-que-nacio-enpandemia-para-dar-voz-a-la-comunidad-costera","status":"publish","type":"post","link":"https:\/\/www.uartes.edu.ec\/sitio\/fr\/blog\/2021\/12\/08\/olon-comunica-un-medio-digital-que-nacio-enpandemia-para-dar-voz-a-la-comunidad-costera\/","title":{"rendered":"Ol\u00f3n Comunica, un medio digital que naci\u00f3 en pandemia para dar voz a la comunidad costera"},"content":{"rendered":"<p>En internet, a <em>Ol\u00f3n Comunica<\/em> se lo encuentra como <a href=\"https:\/\/oloncomunica.com\/\">https:\/\/oloncomunica.com\/<\/a> y al ingresar al sitio un despliegue informativo da cuenta de lo que acontece en la localidad de la cual el medio comunitario toma su nombre y que est\u00e1 ubicada al norte de la parroquia&nbsp;Manglaralto,&nbsp;del cant\u00f3n y de la provincia de&nbsp;Santa Elena, en la Ruta del Spondylus.<\/p>\n\n\n\n<p><em>Ol\u00f3n Comunica<\/em> habla desde las voces de las personas del pueblo directamente, con la intenci\u00f3n de dar a conocer tem\u00e1ticas vinculadas al ambiente, al territorio y a la cultura. As\u00ed lo describe el equipo que concibi\u00f3 e impuls\u00f3 su creaci\u00f3n y que lo fue trabajando a pulso, reuniendo voluntades, afianzando el v\u00ednculo con la comunidad e involucrando a profesionales del arte, de la cultura y la comunicaci\u00f3n social. Naci\u00f3 en la provincia de Santa Elena en tiempos de la pandemia. Ofrece un contenido audiovisual, escrito y fotogr\u00e1fico, a fin de que sea difundido a trav\u00e9s de las redes sociales y su sitio web.<\/p>\n\n\n\n<div class=\"wp-block-image\"><figure class=\"aligncenter size-full\"><img fetchpriority=\"high\" decoding=\"async\" width=\"2000\" height=\"1333\" src=\"http:\/\/www.uartes.edu.ec\/sitio\/wp-content\/uploads\/2021\/12\/Olon3.webp\" alt=\"\" class=\"wp-image-17412\" srcset=\"https:\/\/www.uartes.edu.ec\/sitio\/wp-content\/uploads\/2021\/12\/Olon3.webp 2000w, https:\/\/www.uartes.edu.ec\/sitio\/wp-content\/uploads\/2021\/12\/Olon3-644x429.webp 644w, https:\/\/www.uartes.edu.ec\/sitio\/wp-content\/uploads\/2021\/12\/Olon3-768x511.webp 768w, https:\/\/www.uartes.edu.ec\/sitio\/wp-content\/uploads\/2021\/12\/Olon3-600x399.webp 600w, https:\/\/www.uartes.edu.ec\/sitio\/wp-content\/uploads\/2021\/12\/Olon3-272x182.webp 272w\" sizes=\"(max-width: 2000px) 100vw, 2000px\" \/><\/figure><\/div>\n\n\n\n<p>Dividido en secciones, <em>Ol\u00f3n Comunica<\/em> brinda espacios para retratos, reportajes y cr\u00edtica, los cuales exponen la realidad y la memoria del pueblo, contado todo por los mismos habitantes de la comuna. Cuenta tambi\u00e9n con una agenda cultural, donde comparte actividades locales e incluso de comunidades aleda\u00f1as.<\/p>\n\n\n\n<p>Es gracias a la investigaci\u00f3n y reflexi\u00f3n, y al ambiente de escucha a la comunidad y a su cultura, que el proyecto procura hacer un llamado a la acci\u00f3n, organizaci\u00f3n y defensa del territorio, as\u00ed como al cuidado del medio ambiente y de la identidad local. Lo dijo Dayana G\u00e1lvez, quien estudi\u00f3 Direcci\u00f3n de Cine en la Universidad de las Artes, durante el III Encuentro de Vinculaci\u00f3n con la Sociedad que, organizado por la Direcci\u00f3n de Vinculaci\u00f3n con la Comunidad de las UArtes, se realiz\u00f3 el pasado 3 de diciembre.<\/p>\n\n\n\n<p>Ella integra el equipo fundador del medio comunitario, que ha recibido directrices y asesor\u00eda del experimentado periodista, escritor y catedr\u00e1tico Arturo Vergara, quien es uno de sus colaboradores externos, y del que son igualmente parte Sim\u00f3n Velasco, G\u00e9nesis Carvajal, Kevins Chusmita y B\u00e1rbara Mej\u00edas.<\/p>\n\n\n\n<div class=\"wp-block-image\"><figure class=\"aligncenter size-full\"><img decoding=\"async\" width=\"2000\" height=\"1333\" src=\"http:\/\/www.uartes.edu.ec\/sitio\/wp-content\/uploads\/2021\/12\/Olon1.webp\" alt=\"\" class=\"wp-image-17415\" srcset=\"https:\/\/www.uartes.edu.ec\/sitio\/wp-content\/uploads\/2021\/12\/Olon1.webp 2000w, https:\/\/www.uartes.edu.ec\/sitio\/wp-content\/uploads\/2021\/12\/Olon1-644x429.webp 644w, https:\/\/www.uartes.edu.ec\/sitio\/wp-content\/uploads\/2021\/12\/Olon1-768x511.webp 768w, https:\/\/www.uartes.edu.ec\/sitio\/wp-content\/uploads\/2021\/12\/Olon1-600x399.webp 600w, https:\/\/www.uartes.edu.ec\/sitio\/wp-content\/uploads\/2021\/12\/Olon1-272x182.webp 272w\" sizes=\"(max-width: 2000px) 100vw, 2000px\" \/><\/figure><\/div>\n\n\n\n<p>G\u00e1lvez es tambi\u00e9n fundadora de la productora audiovisual La Causa, establecida en la misma comunidad, la cual apoya a <em>Ol\u00f3n Comunica<\/em> con recursos humanos y t\u00e9cnicos. Que los habitantes de la localidad puedan expresarse desde su propia voz y contar su propia historia es el inter\u00e9s de todos, se destaca en el dossier que permite conocer el contenido del medio comunitario donde la exalumna UArtes asume el espacio \u201cRetratos\u201d.&nbsp;<\/p>\n\n\n\n<p>Sim\u00f3n Velasco, parte del equipo fundador del medio y comunero de Ol\u00f3n, realiz\u00f3 estudios en dise\u00f1o y en el medio digital se desenvuelve en el \u00e1mbito de la comunicaci\u00f3n gr\u00e1fica, audiovisual y fotogr\u00e1fica. De su participaci\u00f3n, \u00e9l se\u00f1ala que por el enorme cari\u00f1o y la gratitud que siente por el pueblo que lo vio crecer apoy\u00f3 el proyecto y su desarrollo; \u00e9l se encarga del espacio \u201cCr\u00edtica\u201d.<\/p>\n\n\n\n<p>Kevins Chusmita es venezolano y se ha dedicado a compartir entre sus compromisos con la comunidad de Ol\u00f3n y su medio comunitario. Menciona que durante su carrera como gestor ambiental y estudiante de artes pl\u00e1sticas ha manifestado \u201ccuriosidad por visibilizar las actividades que componen nuestra realidad\u201d. \u00c9l colabora con la \u201cAgenda Cultural\u201d.<\/p>\n\n\n\n<p>G\u00e9nesis Carvajal, por su parte, busca exaltar la voz de quienes no la tienen ni son escuchados. Esto a trav\u00e9s de los conocimientos audiovisuales. Ella se gradu\u00f3 en Cine y Artes Audiovisuales, especialidad Montaje y Dise\u00f1o Sonoro para Cine, en la Universidad de las Artes. Se uni\u00f3 al equipo de <em>Ol\u00f3n Comunica<\/em> en octubre del pasado a\u00f1o. Su actividad dentro del medio comunitario consiste en cubrir noticias o eventos, y manejar la secci\u00f3n \u201cLa pregunta de la semana\u201d, espacio que documenta la opini\u00f3n p\u00fablica sobre los acontecimientos diarios de la comuna, a fin de velar por los beneficios de todos, crear consciencia y abrir el di\u00e1logo.<\/p>\n\n\n\n<p>B\u00e1rbara Mej\u00edas es una profesional publicista chilena, cuyos conocimientos en marketing le han permitido desempe\u00f1arse como dise\u00f1adora, redactora, directora de arte y creativa. Hace ya un a\u00f1o, tambi\u00e9n como fundadora del medio, forma parte de la contribuci\u00f3n a la comunidad de Ol\u00f3n; ella tiene a su cargo los reportajes, aunque mayormente asume la editor\u00eda.<\/p>\n\n\n\n<div class=\"wp-block-image\"><figure class=\"aligncenter size-full\"><img decoding=\"async\" width=\"2000\" height=\"1333\" src=\"http:\/\/www.uartes.edu.ec\/sitio\/wp-content\/uploads\/2021\/12\/Olon2-2.webp\" alt=\"\" class=\"wp-image-17416\" srcset=\"https:\/\/www.uartes.edu.ec\/sitio\/wp-content\/uploads\/2021\/12\/Olon2-2.webp 2000w, https:\/\/www.uartes.edu.ec\/sitio\/wp-content\/uploads\/2021\/12\/Olon2-2-644x429.webp 644w, https:\/\/www.uartes.edu.ec\/sitio\/wp-content\/uploads\/2021\/12\/Olon2-2-768x511.webp 768w, https:\/\/www.uartes.edu.ec\/sitio\/wp-content\/uploads\/2021\/12\/Olon2-2-600x399.webp 600w, https:\/\/www.uartes.edu.ec\/sitio\/wp-content\/uploads\/2021\/12\/Olon2-2-272x182.webp 272w\" sizes=\"(max-width: 2000px) 100vw, 2000px\" \/><\/figure><\/div>\n\n\n\n<p>En <em>Ol\u00f3n Comunica<\/em> cada quien tiene una responsabilidad, pero el trabajo es conjunto y colaborativo, de all\u00ed que las publicaciones son realizadas por varios o todos los integrantes. <\/p>\n\n\n\n<p>Cabe anotar, adem\u00e1s, que como parte del proyecto desde el medio comunitario se organizan talleres de comunicaci\u00f3n abiertos con Arturo Vergara. <\/p>\n\n\n\n<p><em>Ol\u00f3n Comunica<\/em> tiene una cuenta en Facebook.<br>Para m\u00e1s informaci\u00f3n escribir a: <a href=\"mailto:lacausaecuador@gmail.com\">lacausaecuador@gmail.com<\/a><\/p>","protected":false},"excerpt":{"rendered":"<p>En internet, a Ol\u00f3n Comunica se lo encuentra como https:\/\/oloncomunica.com\/ y al ingresar al sitio un despliegue informativo da cuenta de lo que acontece en la localidad de la cual el medio comunitario toma su nombre y que est\u00e1 ubicada al norte de la parroquia\u00a0Manglaralto,\u00a0del cant\u00f3n y de la provincia de\u00a0Santa Elena, en la Ruta del Spondylus.<\/p>","protected":false},"author":10,"featured_media":17411,"comment_status":"open","ping_status":"open","sticky":false,"template":"","format":"standard","meta":{"_acf_changed":false,"_uag_custom_page_level_css":"","_monsterinsights_skip_tracking":false,"_monsterinsights_sitenote_active":false,"_monsterinsights_sitenote_note":"","_monsterinsights_sitenote_category":0,"cybocfi_hide_featured_image":"","footnotes":""},"categories":[490,82,79],"tags":[],"infouartes":[],"class_list":["post-17406","post","type-post","status-publish","format-standard","has-post-thumbnail","hentry","category-alumni","category-artes","category-vinculo"],"acf":[],"yoast_head":"<!-- This site is optimized with the Yoast SEO plugin v27.4 - https:\/\/yoast.com\/product\/yoast-seo-wordpress\/ -->\n<title>Universidad de las Artes - Ol\u00f3n Comunica, un medio digital que naci\u00f3 en pandemia para dar voz a la comunidad costera<\/title>\n<meta name=\"description\" content=\"Universidad de las Artes - Ol\u00f3n Comunica, un medio digital que naci\u00f3 en pandemia para dar voz a la comunidad costera\" \/>\n<meta name=\"robots\" content=\"index, follow, max-snippet:-1, max-image-preview:large, max-video-preview:-1\" \/>\n<link rel=\"canonical\" href=\"https:\/\/www.uartes.edu.ec\/sitio\/fr\/blog\/2021\/12\/08\/olon-comunica-un-medio-digital-que-nacio-enpandemia-para-dar-voz-a-la-comunidad-costera\/\" \/>\n<meta property=\"og:locale\" content=\"fr_FR\" \/>\n<meta property=\"og:type\" content=\"article\" \/>\n<meta property=\"og:title\" content=\"Universidad de las Artes - Ol\u00f3n Comunica, un medio digital que naci\u00f3 en pandemia para dar voz a la comunidad costera\" \/>\n<meta property=\"og:description\" content=\"Universidad de las Artes - Ol\u00f3n Comunica, un medio digital que naci\u00f3 en pandemia para dar voz a la comunidad costera\" \/>\n<meta property=\"og:url\" content=\"https:\/\/www.uartes.edu.ec\/sitio\/fr\/blog\/2021\/12\/08\/olon-comunica-un-medio-digital-que-nacio-enpandemia-para-dar-voz-a-la-comunidad-costera\/\" \/>\n<meta property=\"og:site_name\" content=\"Universidad de las Artes\" \/>\n<meta property=\"article:publisher\" content=\"https:\/\/www.facebook.com\/uartesec\" \/>\n<meta property=\"article:published_time\" content=\"2021-12-08T19:01:00+00:00\" \/>\n<meta property=\"article:modified_time\" content=\"2024-07-04T16:24:59+00:00\" \/>\n<meta property=\"og:image\" content=\"https:\/\/www.uartes.edu.ec\/sitio\/wp-content\/uploads\/2021\/12\/OLON-COMUNICA.webp\" \/>\n\t<meta property=\"og:image:width\" content=\"2000\" \/>\n\t<meta property=\"og:image:height\" content=\"1333\" \/>\n\t<meta property=\"og:image:type\" content=\"image\/webp\" \/>\n<meta name=\"author\" content=\"ccortez\" \/>\n<meta name=\"twitter:card\" content=\"summary_large_image\" \/>\n<meta name=\"twitter:creator\" content=\"@uartesec\" \/>\n<meta name=\"twitter:site\" content=\"@uartesec\" \/>\n<meta name=\"twitter:label1\" content=\"\u00c9crit par\" \/>\n\t<meta name=\"twitter:data1\" content=\"ccortez\" \/>\n\t<meta name=\"twitter:label2\" content=\"Dur\u00e9e de lecture estim\u00e9e\" \/>\n\t<meta name=\"twitter:data2\" content=\"4 minutes\" \/>\n<script type=\"application\/ld+json\" class=\"yoast-schema-graph\">{\"@context\":\"https:\\\/\\\/schema.org\",\"@graph\":[{\"@type\":\"Article\",\"@id\":\"https:\\\/\\\/www.uartes.edu.ec\\\/sitio\\\/fr\\\/blog\\\/2021\\\/12\\\/08\\\/olon-comunica-un-medio-digital-que-nacio-enpandemia-para-dar-voz-a-la-comunidad-costera\\\/#article\",\"isPartOf\":{\"@id\":\"https:\\\/\\\/www.uartes.edu.ec\\\/sitio\\\/fr\\\/blog\\\/2021\\\/12\\\/08\\\/olon-comunica-un-medio-digital-que-nacio-enpandemia-para-dar-voz-a-la-comunidad-costera\\\/\"},\"author\":{\"name\":\"ccortez\",\"@id\":\"https:\\\/\\\/www.uartes.edu.ec\\\/sitio\\\/fr\\\/#\\\/schema\\\/person\\\/efa1b8275797664fd7f13a79ccc0b1f4\"},\"headline\":\"Ol\u00f3n Comunica, un medio digital que naci\u00f3 en pandemia para dar voz a la comunidad costera\",\"datePublished\":\"2021-12-08T19:01:00+00:00\",\"dateModified\":\"2024-07-04T16:24:59+00:00\",\"mainEntityOfPage\":{\"@id\":\"https:\\\/\\\/www.uartes.edu.ec\\\/sitio\\\/fr\\\/blog\\\/2021\\\/12\\\/08\\\/olon-comunica-un-medio-digital-que-nacio-enpandemia-para-dar-voz-a-la-comunidad-costera\\\/\"},\"wordCount\":847,\"commentCount\":0,\"publisher\":{\"@id\":\"https:\\\/\\\/www.uartes.edu.ec\\\/sitio\\\/fr\\\/#organization\"},\"image\":{\"@id\":\"https:\\\/\\\/www.uartes.edu.ec\\\/sitio\\\/fr\\\/blog\\\/2021\\\/12\\\/08\\\/olon-comunica-un-medio-digital-que-nacio-enpandemia-para-dar-voz-a-la-comunidad-costera\\\/#primaryimage\"},\"thumbnailUrl\":\"https:\\\/\\\/www.uartes.edu.ec\\\/sitio\\\/wp-content\\\/uploads\\\/2021\\\/12\\\/OLON-COMUNICA.webp\",\"articleSection\":[\"Alumni\",\"Artes\",\"V\u00ednculo\"],\"inLanguage\":\"fr-FR\",\"potentialAction\":[{\"@type\":\"CommentAction\",\"name\":\"Comment\",\"target\":[\"https:\\\/\\\/www.uartes.edu.ec\\\/sitio\\\/fr\\\/blog\\\/2021\\\/12\\\/08\\\/olon-comunica-un-medio-digital-que-nacio-enpandemia-para-dar-voz-a-la-comunidad-costera\\\/#respond\"]}]},{\"@type\":[\"WebPage\",\"ItemPage\"],\"@id\":\"https:\\\/\\\/www.uartes.edu.ec\\\/sitio\\\/fr\\\/blog\\\/2021\\\/12\\\/08\\\/olon-comunica-un-medio-digital-que-nacio-enpandemia-para-dar-voz-a-la-comunidad-costera\\\/\",\"url\":\"https:\\\/\\\/www.uartes.edu.ec\\\/sitio\\\/fr\\\/blog\\\/2021\\\/12\\\/08\\\/olon-comunica-un-medio-digital-que-nacio-enpandemia-para-dar-voz-a-la-comunidad-costera\\\/\",\"name\":\"Universidad de las Artes - Ol\u00f3n Comunica, un medio digital que naci\u00f3 en pandemia para dar voz a la comunidad costera\",\"isPartOf\":{\"@id\":\"https:\\\/\\\/www.uartes.edu.ec\\\/sitio\\\/fr\\\/#website\"},\"primaryImageOfPage\":{\"@id\":\"https:\\\/\\\/www.uartes.edu.ec\\\/sitio\\\/fr\\\/blog\\\/2021\\\/12\\\/08\\\/olon-comunica-un-medio-digital-que-nacio-enpandemia-para-dar-voz-a-la-comunidad-costera\\\/#primaryimage\"},\"image\":{\"@id\":\"https:\\\/\\\/www.uartes.edu.ec\\\/sitio\\\/fr\\\/blog\\\/2021\\\/12\\\/08\\\/olon-comunica-un-medio-digital-que-nacio-enpandemia-para-dar-voz-a-la-comunidad-costera\\\/#primaryimage\"},\"thumbnailUrl\":\"https:\\\/\\\/www.uartes.edu.ec\\\/sitio\\\/wp-content\\\/uploads\\\/2021\\\/12\\\/OLON-COMUNICA.webp\",\"datePublished\":\"2021-12-08T19:01:00+00:00\",\"dateModified\":\"2024-07-04T16:24:59+00:00\",\"description\":\"Universidad de las Artes - Ol\u00f3n Comunica, un medio digital que naci\u00f3 en pandemia para dar voz a la comunidad costera\",\"breadcrumb\":{\"@id\":\"https:\\\/\\\/www.uartes.edu.ec\\\/sitio\\\/fr\\\/blog\\\/2021\\\/12\\\/08\\\/olon-comunica-un-medio-digital-que-nacio-enpandemia-para-dar-voz-a-la-comunidad-costera\\\/#breadcrumb\"},\"inLanguage\":\"fr-FR\",\"potentialAction\":[{\"@type\":\"ReadAction\",\"target\":[\"https:\\\/\\\/www.uartes.edu.ec\\\/sitio\\\/fr\\\/blog\\\/2021\\\/12\\\/08\\\/olon-comunica-un-medio-digital-que-nacio-enpandemia-para-dar-voz-a-la-comunidad-costera\\\/\"]}]},{\"@type\":\"ImageObject\",\"inLanguage\":\"fr-FR\",\"@id\":\"https:\\\/\\\/www.uartes.edu.ec\\\/sitio\\\/fr\\\/blog\\\/2021\\\/12\\\/08\\\/olon-comunica-un-medio-digital-que-nacio-enpandemia-para-dar-voz-a-la-comunidad-costera\\\/#primaryimage\",\"url\":\"https:\\\/\\\/www.uartes.edu.ec\\\/sitio\\\/wp-content\\\/uploads\\\/2021\\\/12\\\/OLON-COMUNICA.webp\",\"contentUrl\":\"https:\\\/\\\/www.uartes.edu.ec\\\/sitio\\\/wp-content\\\/uploads\\\/2021\\\/12\\\/OLON-COMUNICA.webp\",\"width\":2000,\"height\":1333},{\"@type\":\"BreadcrumbList\",\"@id\":\"https:\\\/\\\/www.uartes.edu.ec\\\/sitio\\\/fr\\\/blog\\\/2021\\\/12\\\/08\\\/olon-comunica-un-medio-digital-que-nacio-enpandemia-para-dar-voz-a-la-comunidad-costera\\\/#breadcrumb\",\"itemListElement\":[{\"@type\":\"ListItem\",\"position\":1,\"name\":\"Inicio\",\"item\":\"https:\\\/\\\/www.uartes.edu.ec\\\/sitio\\\/\"},{\"@type\":\"ListItem\",\"position\":2,\"name\":\"Ol\u00f3n Comunica, un medio digital que naci\u00f3 en pandemia para dar voz a la comunidad costera\"}]},{\"@type\":\"WebSite\",\"@id\":\"https:\\\/\\\/www.uartes.edu.ec\\\/sitio\\\/fr\\\/#website\",\"url\":\"https:\\\/\\\/www.uartes.edu.ec\\\/sitio\\\/fr\\\/\",\"name\":\"Universidad de las Artes\",\"description\":\"Sitio oficial de la Universidad Nacional de las Artes del Ecuador\",\"publisher\":{\"@id\":\"https:\\\/\\\/www.uartes.edu.ec\\\/sitio\\\/fr\\\/#organization\"},\"potentialAction\":[{\"@type\":\"SearchAction\",\"target\":{\"@type\":\"EntryPoint\",\"urlTemplate\":\"https:\\\/\\\/www.uartes.edu.ec\\\/sitio\\\/fr\\\/?s={search_term_string}\"},\"query-input\":{\"@type\":\"PropertyValueSpecification\",\"valueRequired\":true,\"valueName\":\"search_term_string\"}}],\"inLanguage\":\"fr-FR\"},{\"@type\":\"Organization\",\"@id\":\"https:\\\/\\\/www.uartes.edu.ec\\\/sitio\\\/fr\\\/#organization\",\"name\":\"Universidad de las Artes\",\"url\":\"https:\\\/\\\/www.uartes.edu.ec\\\/sitio\\\/fr\\\/\",\"logo\":{\"@type\":\"ImageObject\",\"inLanguage\":\"fr-FR\",\"@id\":\"https:\\\/\\\/www.uartes.edu.ec\\\/sitio\\\/fr\\\/#\\\/schema\\\/logo\\\/image\\\/\",\"url\":\"https:\\\/\\\/www.uartes.edu.ec\\\/sitio\\\/wp-content\\\/uploads\\\/2022\\\/07\\\/logo-ua-horizontal.png\",\"contentUrl\":\"https:\\\/\\\/www.uartes.edu.ec\\\/sitio\\\/wp-content\\\/uploads\\\/2022\\\/07\\\/logo-ua-horizontal.png\",\"width\":800,\"height\":276,\"caption\":\"Universidad de las Artes\"},\"image\":{\"@id\":\"https:\\\/\\\/www.uartes.edu.ec\\\/sitio\\\/fr\\\/#\\\/schema\\\/logo\\\/image\\\/\"},\"sameAs\":[\"https:\\\/\\\/www.facebook.com\\\/uartesec\",\"https:\\\/\\\/x.com\\\/uartesec\",\"https:\\\/\\\/www.tiktok.com\\\/@uartesec\"]},{\"@type\":\"Person\",\"@id\":\"https:\\\/\\\/www.uartes.edu.ec\\\/sitio\\\/fr\\\/#\\\/schema\\\/person\\\/efa1b8275797664fd7f13a79ccc0b1f4\",\"name\":\"ccortez\",\"image\":{\"@type\":\"ImageObject\",\"inLanguage\":\"fr-FR\",\"@id\":\"https:\\\/\\\/secure.gravatar.com\\\/avatar\\\/b2a6f664a3ae8e074346ef91775736c5ec479e637ecced6842de9dc98b5da9cd?s=96&d=mm&r=g\",\"url\":\"https:\\\/\\\/secure.gravatar.com\\\/avatar\\\/b2a6f664a3ae8e074346ef91775736c5ec479e637ecced6842de9dc98b5da9cd?s=96&d=mm&r=g\",\"contentUrl\":\"https:\\\/\\\/secure.gravatar.com\\\/avatar\\\/b2a6f664a3ae8e074346ef91775736c5ec479e637ecced6842de9dc98b5da9cd?s=96&d=mm&r=g\",\"caption\":\"ccortez\"},\"url\":\"https:\\\/\\\/www.uartes.edu.ec\\\/sitio\\\/fr\\\/blog\\\/author\\\/ccortez\\\/\"}]}<\/script>\n<!-- \/ Yoast SEO plugin. -->","yoast_head_json":{"title":"Universidad de las Artes - Ol\u00f3n Comunica, un medio digital que naci\u00f3 en pandemia para dar voz a la comunidad costera","description":"Universidad de las Artes - Ol\u00f3n Comunica, un medio digital que naci\u00f3 en pandemia para dar voz a la comunidad costera","robots":{"index":"index","follow":"follow","max-snippet":"max-snippet:-1","max-image-preview":"max-image-preview:large","max-video-preview":"max-video-preview:-1"},"canonical":"https:\/\/www.uartes.edu.ec\/sitio\/fr\/blog\/2021\/12\/08\/olon-comunica-un-medio-digital-que-nacio-enpandemia-para-dar-voz-a-la-comunidad-costera\/","og_locale":"fr_FR","og_type":"article","og_title":"Universidad de las Artes - Ol\u00f3n Comunica, un medio digital que naci\u00f3 en pandemia para dar voz a la comunidad costera","og_description":"Universidad de las Artes - Ol\u00f3n Comunica, un medio digital que naci\u00f3 en pandemia para dar voz a la comunidad costera","og_url":"https:\/\/www.uartes.edu.ec\/sitio\/fr\/blog\/2021\/12\/08\/olon-comunica-un-medio-digital-que-nacio-enpandemia-para-dar-voz-a-la-comunidad-costera\/","og_site_name":"Universidad de las Artes","article_publisher":"https:\/\/www.facebook.com\/uartesec","article_published_time":"2021-12-08T19:01:00+00:00","article_modified_time":"2024-07-04T16:24:59+00:00","og_image":[{"width":2000,"height":1333,"url":"https:\/\/www.uartes.edu.ec\/sitio\/wp-content\/uploads\/2021\/12\/OLON-COMUNICA.webp","type":"image\/webp"}],"author":"ccortez","twitter_card":"summary_large_image","twitter_creator":"@uartesec","twitter_site":"@uartesec","twitter_misc":{"\u00c9crit par":"ccortez","Dur\u00e9e de lecture estim\u00e9e":"4 minutes"},"schema":{"@context":"https:\/\/schema.org","@graph":[{"@type":"Article","@id":"https:\/\/www.uartes.edu.ec\/sitio\/fr\/blog\/2021\/12\/08\/olon-comunica-un-medio-digital-que-nacio-enpandemia-para-dar-voz-a-la-comunidad-costera\/#article","isPartOf":{"@id":"https:\/\/www.uartes.edu.ec\/sitio\/fr\/blog\/2021\/12\/08\/olon-comunica-un-medio-digital-que-nacio-enpandemia-para-dar-voz-a-la-comunidad-costera\/"},"author":{"name":"ccortez","@id":"https:\/\/www.uartes.edu.ec\/sitio\/fr\/#\/schema\/person\/efa1b8275797664fd7f13a79ccc0b1f4"},"headline":"Ol\u00f3n Comunica, un medio digital que naci\u00f3 en pandemia para dar voz a la comunidad costera","datePublished":"2021-12-08T19:01:00+00:00","dateModified":"2024-07-04T16:24:59+00:00","mainEntityOfPage":{"@id":"https:\/\/www.uartes.edu.ec\/sitio\/fr\/blog\/2021\/12\/08\/olon-comunica-un-medio-digital-que-nacio-enpandemia-para-dar-voz-a-la-comunidad-costera\/"},"wordCount":847,"commentCount":0,"publisher":{"@id":"https:\/\/www.uartes.edu.ec\/sitio\/fr\/#organization"},"image":{"@id":"https:\/\/www.uartes.edu.ec\/sitio\/fr\/blog\/2021\/12\/08\/olon-comunica-un-medio-digital-que-nacio-enpandemia-para-dar-voz-a-la-comunidad-costera\/#primaryimage"},"thumbnailUrl":"https:\/\/www.uartes.edu.ec\/sitio\/wp-content\/uploads\/2021\/12\/OLON-COMUNICA.webp","articleSection":["Alumni","Artes","V\u00ednculo"],"inLanguage":"fr-FR","potentialAction":[{"@type":"CommentAction","name":"Comment","target":["https:\/\/www.uartes.edu.ec\/sitio\/fr\/blog\/2021\/12\/08\/olon-comunica-un-medio-digital-que-nacio-enpandemia-para-dar-voz-a-la-comunidad-costera\/#respond"]}]},{"@type":["WebPage","ItemPage"],"@id":"https:\/\/www.uartes.edu.ec\/sitio\/fr\/blog\/2021\/12\/08\/olon-comunica-un-medio-digital-que-nacio-enpandemia-para-dar-voz-a-la-comunidad-costera\/","url":"https:\/\/www.uartes.edu.ec\/sitio\/fr\/blog\/2021\/12\/08\/olon-comunica-un-medio-digital-que-nacio-enpandemia-para-dar-voz-a-la-comunidad-costera\/","name":"Universidad de las Artes - Ol\u00f3n Comunica, un medio digital que naci\u00f3 en pandemia para dar voz a la comunidad costera","isPartOf":{"@id":"https:\/\/www.uartes.edu.ec\/sitio\/fr\/#website"},"primaryImageOfPage":{"@id":"https:\/\/www.uartes.edu.ec\/sitio\/fr\/blog\/2021\/12\/08\/olon-comunica-un-medio-digital-que-nacio-enpandemia-para-dar-voz-a-la-comunidad-costera\/#primaryimage"},"image":{"@id":"https:\/\/www.uartes.edu.ec\/sitio\/fr\/blog\/2021\/12\/08\/olon-comunica-un-medio-digital-que-nacio-enpandemia-para-dar-voz-a-la-comunidad-costera\/#primaryimage"},"thumbnailUrl":"https:\/\/www.uartes.edu.ec\/sitio\/wp-content\/uploads\/2021\/12\/OLON-COMUNICA.webp","datePublished":"2021-12-08T19:01:00+00:00","dateModified":"2024-07-04T16:24:59+00:00","description":"Universidad de las Artes - Ol\u00f3n Comunica, un medio digital que naci\u00f3 en pandemia para dar voz a la comunidad costera","breadcrumb":{"@id":"https:\/\/www.uartes.edu.ec\/sitio\/fr\/blog\/2021\/12\/08\/olon-comunica-un-medio-digital-que-nacio-enpandemia-para-dar-voz-a-la-comunidad-costera\/#breadcrumb"},"inLanguage":"fr-FR","potentialAction":[{"@type":"ReadAction","target":["https:\/\/www.uartes.edu.ec\/sitio\/fr\/blog\/2021\/12\/08\/olon-comunica-un-medio-digital-que-nacio-enpandemia-para-dar-voz-a-la-comunidad-costera\/"]}]},{"@type":"ImageObject","inLanguage":"fr-FR","@id":"https:\/\/www.uartes.edu.ec\/sitio\/fr\/blog\/2021\/12\/08\/olon-comunica-un-medio-digital-que-nacio-enpandemia-para-dar-voz-a-la-comunidad-costera\/#primaryimage","url":"https:\/\/www.uartes.edu.ec\/sitio\/wp-content\/uploads\/2021\/12\/OLON-COMUNICA.webp","contentUrl":"https:\/\/www.uartes.edu.ec\/sitio\/wp-content\/uploads\/2021\/12\/OLON-COMUNICA.webp","width":2000,"height":1333},{"@type":"BreadcrumbList","@id":"https:\/\/www.uartes.edu.ec\/sitio\/fr\/blog\/2021\/12\/08\/olon-comunica-un-medio-digital-que-nacio-enpandemia-para-dar-voz-a-la-comunidad-costera\/#breadcrumb","itemListElement":[{"@type":"ListItem","position":1,"name":"Inicio","item":"https:\/\/www.uartes.edu.ec\/sitio\/"},{"@type":"ListItem","position":2,"name":"Ol\u00f3n Comunica, un medio digital que naci\u00f3 en pandemia para dar voz a la comunidad costera"}]},{"@type":"WebSite","@id":"https:\/\/www.uartes.edu.ec\/sitio\/fr\/#website","url":"https:\/\/www.uartes.edu.ec\/sitio\/fr\/","name":"Universidad de las Artes","description":"Sitio oficial de la Universidad Nacional de las Artes del Ecuador","publisher":{"@id":"https:\/\/www.uartes.edu.ec\/sitio\/fr\/#organization"},"potentialAction":[{"@type":"SearchAction","target":{"@type":"EntryPoint","urlTemplate":"https:\/\/www.uartes.edu.ec\/sitio\/fr\/?s={search_term_string}"},"query-input":{"@type":"PropertyValueSpecification","valueRequired":true,"valueName":"search_term_string"}}],"inLanguage":"fr-FR"},{"@type":"Organization","@id":"https:\/\/www.uartes.edu.ec\/sitio\/fr\/#organization","name":"Universidad de las Artes","url":"https:\/\/www.uartes.edu.ec\/sitio\/fr\/","logo":{"@type":"ImageObject","inLanguage":"fr-FR","@id":"https:\/\/www.uartes.edu.ec\/sitio\/fr\/#\/schema\/logo\/image\/","url":"https:\/\/www.uartes.edu.ec\/sitio\/wp-content\/uploads\/2022\/07\/logo-ua-horizontal.png","contentUrl":"https:\/\/www.uartes.edu.ec\/sitio\/wp-content\/uploads\/2022\/07\/logo-ua-horizontal.png","width":800,"height":276,"caption":"Universidad de las Artes"},"image":{"@id":"https:\/\/www.uartes.edu.ec\/sitio\/fr\/#\/schema\/logo\/image\/"},"sameAs":["https:\/\/www.facebook.com\/uartesec","https:\/\/x.com\/uartesec","https:\/\/www.tiktok.com\/@uartesec"]},{"@type":"Person","@id":"https:\/\/www.uartes.edu.ec\/sitio\/fr\/#\/schema\/person\/efa1b8275797664fd7f13a79ccc0b1f4","name":"ccortez","image":{"@type":"ImageObject","inLanguage":"fr-FR","@id":"https:\/\/secure.gravatar.com\/avatar\/b2a6f664a3ae8e074346ef91775736c5ec479e637ecced6842de9dc98b5da9cd?s=96&d=mm&r=g","url":"https:\/\/secure.gravatar.com\/avatar\/b2a6f664a3ae8e074346ef91775736c5ec479e637ecced6842de9dc98b5da9cd?s=96&d=mm&r=g","contentUrl":"https:\/\/secure.gravatar.com\/avatar\/b2a6f664a3ae8e074346ef91775736c5ec479e637ecced6842de9dc98b5da9cd?s=96&d=mm&r=g","caption":"ccortez"},"url":"https:\/\/www.uartes.edu.ec\/sitio\/fr\/blog\/author\/ccortez\/"}]}},"uagb_featured_image_src":{"full":["https:\/\/www.uartes.edu.ec\/sitio\/wp-content\/uploads\/2021\/12\/OLON-COMUNICA.webp",2000,1333,false],"thumbnail":["https:\/\/www.uartes.edu.ec\/sitio\/wp-content\/uploads\/2021\/12\/OLON-COMUNICA-150x150.webp",150,150,true],"medium":["https:\/\/www.uartes.edu.ec\/sitio\/wp-content\/uploads\/2021\/12\/OLON-COMUNICA-300x200.webp",300,200,true],"medium_large":["https:\/\/www.uartes.edu.ec\/sitio\/wp-content\/uploads\/2021\/12\/OLON-COMUNICA-768x512.webp",768,512,true],"large":["https:\/\/www.uartes.edu.ec\/sitio\/wp-content\/uploads\/2021\/12\/OLON-COMUNICA-644x429.webp",644,429,true],"1536x1536":["https:\/\/www.uartes.edu.ec\/sitio\/wp-content\/uploads\/2021\/12\/OLON-COMUNICA-1536x1024.webp",1536,1024,true],"2048x2048":["https:\/\/www.uartes.edu.ec\/sitio\/wp-content\/uploads\/2021\/12\/OLON-COMUNICA.webp",2000,1333,false],"trp-custom-language-flag":["https:\/\/www.uartes.edu.ec\/sitio\/wp-content\/uploads\/2021\/12\/OLON-COMUNICA.webp",18,12,false],"htmega_size_585x295":["https:\/\/www.uartes.edu.ec\/sitio\/wp-content\/uploads\/2021\/12\/OLON-COMUNICA.webp",443,295,false],"htmega_size_1170x536":["https:\/\/www.uartes.edu.ec\/sitio\/wp-content\/uploads\/2021\/12\/OLON-COMUNICA.webp",804,536,false],"htmega_size_396x360":["https:\/\/www.uartes.edu.ec\/sitio\/wp-content\/uploads\/2021\/12\/OLON-COMUNICA.webp",396,264,false],"gb-block-post-grid-landscape":["https:\/\/www.uartes.edu.ec\/sitio\/wp-content\/uploads\/2021\/12\/OLON-COMUNICA-600x400.webp",600,400,true],"gb-block-post-grid-square":["https:\/\/www.uartes.edu.ec\/sitio\/wp-content\/uploads\/2021\/12\/OLON-COMUNICA-600x600.webp",600,600,true],"university-hub-thumb":["https:\/\/www.uartes.edu.ec\/sitio\/wp-content\/uploads\/2021\/12\/OLON-COMUNICA-400x267.webp",400,267,true],"mailpoet_newsletter_max":["https:\/\/www.uartes.edu.ec\/sitio\/wp-content\/uploads\/2021\/12\/OLON-COMUNICA.webp",1320,880,false]},"uagb_author_info":{"display_name":"ccortez","author_link":"https:\/\/www.uartes.edu.ec\/sitio\/fr\/blog\/author\/ccortez\/"},"uagb_comment_info":0,"uagb_excerpt":"En internet, a Ol\u00f3n Comunica se lo encuentra como https:\/\/oloncomunica.com\/ y al ingresar al sitio un despliegue informativo da cuenta de lo que acontece en la localidad de la cual el medio comunitario toma su nombre y que est\u00e1 ubicada al norte de la parroquia\u00a0Manglaralto,\u00a0del cant\u00f3n y de la provincia de\u00a0Santa Elena, en la Ruta\u2026","featured_image_src":"https:\/\/www.uartes.edu.ec\/sitio\/wp-content\/uploads\/2021\/12\/OLON-COMUNICA-600x400.webp","featured_image_src_square":"https:\/\/www.uartes.edu.ec\/sitio\/wp-content\/uploads\/2021\/12\/OLON-COMUNICA-600x600.webp","author_info":{"display_name":"ccortez","author_link":"https:\/\/www.uartes.edu.ec\/sitio\/fr\/blog\/author\/ccortez\/"},"publishpress_future_workflow_manual_trigger":{"enabledWorkflows":[]},"distributor_meta":false,"distributor_terms":false,"distributor_media":false,"distributor_original_site_name":"Universidad de las Artes","distributor_original_site_url":"https:\/\/www.uartes.edu.ec\/sitio\/fr","push-errors":false,"_links":{"self":[{"href":"https:\/\/www.uartes.edu.ec\/sitio\/fr\/wp-json\/wp\/v2\/posts\/17406","targetHints":{"allow":["GET"]}}],"collection":[{"href":"https:\/\/www.uartes.edu.ec\/sitio\/fr\/wp-json\/wp\/v2\/posts"}],"about":[{"href":"https:\/\/www.uartes.edu.ec\/sitio\/fr\/wp-json\/wp\/v2\/types\/post"}],"author":[{"embeddable":true,"href":"https:\/\/www.uartes.edu.ec\/sitio\/fr\/wp-json\/wp\/v2\/users\/10"}],"replies":[{"embeddable":true,"href":"https:\/\/www.uartes.edu.ec\/sitio\/fr\/wp-json\/wp\/v2\/comments?post=17406"}],"version-history":[{"count":2,"href":"https:\/\/www.uartes.edu.ec\/sitio\/fr\/wp-json\/wp\/v2\/posts\/17406\/revisions"}],"predecessor-version":[{"id":17418,"href":"https:\/\/www.uartes.edu.ec\/sitio\/fr\/wp-json\/wp\/v2\/posts\/17406\/revisions\/17418"}],"wp:featuredmedia":[{"embeddable":true,"href":"https:\/\/www.uartes.edu.ec\/sitio\/fr\/wp-json\/wp\/v2\/media\/17411"}],"wp:attachment":[{"href":"https:\/\/www.uartes.edu.ec\/sitio\/fr\/wp-json\/wp\/v2\/media?parent=17406"}],"wp:term":[{"taxonomy":"category","embeddable":true,"href":"https:\/\/www.uartes.edu.ec\/sitio\/fr\/wp-json\/wp\/v2\/categories?post=17406"},{"taxonomy":"post_tag","embeddable":true,"href":"https:\/\/www.uartes.edu.ec\/sitio\/fr\/wp-json\/wp\/v2\/tags?post=17406"},{"taxonomy":"infouartes","embeddable":true,"href":"https:\/\/www.uartes.edu.ec\/sitio\/fr\/wp-json\/wp\/v2\/infouartes?post=17406"}],"curies":[{"name":"wp","href":"https:\/\/api.w.org\/{rel}","templated":true}]}}