{"id":17539,"date":"2021-12-14T13:02:00","date_gmt":"2021-12-14T18:02:00","guid":{"rendered":"http:\/\/www.uartes.edu.ec\/sitio\/?p=17539"},"modified":"2024-07-04T11:24:57","modified_gmt":"2024-07-04T16:24:57","slug":"olga-lagoutenko-recrea-con-ludovico-alguayaquil-de-1918-obra-se-presenta-en-la-sala-ria","status":"publish","type":"post","link":"https:\/\/www.uartes.edu.ec\/sitio\/fr\/blog\/2021\/12\/14\/olga-lagoutenko-recrea-con-ludovico-alguayaquil-de-1918-obra-se-presenta-en-la-sala-ria\/","title":{"rendered":"Olga Lagoutenko recrea con su obra \u201cLudovico\u201d al Guayaquil de 1918; la presentar\u00e1 este 15 en la Sala R\u00eda"},"content":{"rendered":"<p>La escritora y artista rusa Olga Lagoutenko llevar\u00e1 este mi\u00e9rcoles 15 de diciembre de 2021 a la Sala R\u00eda de la Biblioteca de las Artes su obra <em>Ludovico,<\/em> una novela corta dirigida, prinicipalmente, a ni\u00f1os con edades entre los 10 y 14 a\u00f1os, y para todo aquel que tenga la curiosidad de conocer al Guayaquil de hace 100 a\u00f1os. La actividad se desarrollar\u00e1 a las 15:00.<\/p>\n\n\n\n<p>En su propuesta literaria, Lagoutenko combina datos hist\u00f3ricos, an\u00e9cdotas y elementos fant\u00e1sticos, con el objetivo de atraer a nuevos lectores e inspirarlos a explorar imaginativamente a Guayaquil, en un momento importante de su historia. As\u00ed, en <em>Ludovico,<\/em> ella recrea la vida de dos personajes que hace 100 a\u00f1os habitaron la ciudad-puerto ecuatoriana. Un titiritero y su t\u00edtere, que tiene vida y sabe leer y escribir. Su curiosidad lo lleva a explorar el mundo a su alrededor y a conocer la vida cultural de 1918.<\/p>\n\n\n\n<div class=\"wp-block-image\"><figure class=\"aligncenter size-large\"><img fetchpriority=\"high\" decoding=\"async\" width=\"644\" height=\"429\" src=\"http:\/\/www.uartes.edu.ec\/sitio\/wp-content\/uploads\/2021\/12\/02-LUDOVICO-644x429.webp\" alt=\"\" class=\"wp-image-17541\" srcset=\"https:\/\/www.uartes.edu.ec\/sitio\/wp-content\/uploads\/2021\/12\/02-LUDOVICO-644x429.webp 644w, https:\/\/www.uartes.edu.ec\/sitio\/wp-content\/uploads\/2021\/12\/02-LUDOVICO-768x511.webp 768w, https:\/\/www.uartes.edu.ec\/sitio\/wp-content\/uploads\/2021\/12\/02-LUDOVICO.webp 2000w, https:\/\/www.uartes.edu.ec\/sitio\/wp-content\/uploads\/2021\/12\/02-LUDOVICO-600x399.webp 600w, https:\/\/www.uartes.edu.ec\/sitio\/wp-content\/uploads\/2021\/12\/02-LUDOVICO-272x182.webp 272w\" sizes=\"(max-width: 644px) 100vw, 644px\" \/><\/figure><\/div>\n\n\n\n<p>El titiritero es un migrante italiano llamado Luigi Lemerci\u00e9, quien descubre que una de sus marionetas inacabadas cobr\u00f3 vida y que aprendi\u00f3, por su cuenta, a hablar. Ludovico, el nombre que se pone el t\u00edtere a s\u00ed mismo, est\u00e1 \u00e1vido de conocer el mundo al que lleg\u00f3 y, por el momento, ese mundo es una efervescente ciudad portuaria. Para no asustar a los vecinos, Lemerci\u00e9 le propone salir a pasear por las noches, cuando casi no hay nadie en las calles. Es as\u00ed como se encuentran con interesantes personajes del Guayaquil de inicios del siglo XX. La peque\u00f1a marioneta no se aburre nunca y su creador comienza tambi\u00e9n a descubrir que la ciudad propone muchas aventuras.<\/p>\n\n\n\n<p>Sobre la obra, su autora se\u00f1ala que hace 5 a\u00f1os comenz\u00f3 a escribir relatos en los que creo al personaje de Ludovico. A inicios de este a\u00f1o, indica, record\u00f3 a este personaje y consider\u00f3 que podr\u00eda ser parte de una novela infantil. Despu\u00e9s de concretar la idea central, le tom\u00f3 aproximadamente tres meses escribirlo e ilustrarlo. El proceso de correcci\u00f3n de estilo, diagramaci\u00f3n e impresi\u00f3n tom\u00f3 varios meses m\u00e1s.<\/p>\n\n\n\n<div class=\"wp-block-image\"><figure class=\"aligncenter size-large\"><img decoding=\"async\" width=\"644\" height=\"429\" src=\"http:\/\/www.uartes.edu.ec\/sitio\/wp-content\/uploads\/2021\/12\/04-LUDOVICO-644x429.webp\" alt=\"\" class=\"wp-image-17542\" srcset=\"https:\/\/www.uartes.edu.ec\/sitio\/wp-content\/uploads\/2021\/12\/04-LUDOVICO-644x429.webp 644w, https:\/\/www.uartes.edu.ec\/sitio\/wp-content\/uploads\/2021\/12\/04-LUDOVICO-768x511.webp 768w, https:\/\/www.uartes.edu.ec\/sitio\/wp-content\/uploads\/2021\/12\/04-LUDOVICO.webp 2000w, https:\/\/www.uartes.edu.ec\/sitio\/wp-content\/uploads\/2021\/12\/04-LUDOVICO-600x399.webp 600w, https:\/\/www.uartes.edu.ec\/sitio\/wp-content\/uploads\/2021\/12\/04-LUDOVICO-272x182.webp 272w\" sizes=\"(max-width: 644px) 100vw, 644px\" \/><\/figure><\/div>\n\n\n\n<p>Para escribir el libro, Olga Lagoutenko se inspir\u00f3 en las clases de Historia de Arte Ecuatoriano que tom\u00f3 con los historiadores \u00c1ngel Emilio Hidalgo, docente de la Universidad de las Artes, y Florencio Compte; en la \u00e9poca del modernismo guayaquile\u00f1o que descubri\u00f3 leyendo a poetas y escritores; a trav\u00e9s de la obra de diversos artistas pl\u00e1sticos; y, en los libros que ley\u00f3 en su infancia.<\/p>\n\n\n\n<p>Una de las expectativas de la autora con <em>Ludivico,<\/em> es que el libro llegue a p\u00fablicos diversos. Que sea accesible en bibliotecas p\u00fablicas, para profesores de colegios y que lo incluyan en programas de mediaci\u00f3n para inspirar nuevos lectores. Le gustar\u00eda, adem\u00e1s, trabajar en otros proyectos de literatura infantil y juvenil.<\/p>\n\n\n\n<p>De nacionalidad rusa, la autora reside hace m\u00e1s de dos d\u00e9cadas en Guayaquil y trabaja como artista, traductora, profesora de idiomas y de arte para ni\u00f1os. Ha participado en diversas exposiciones art\u00edsticas grupales e individuales. Ha liderado talleres de traducci\u00f3n y de aproximaci\u00f3n al teatro y a la poes\u00eda rusa para la organizaci\u00f3n cultural Russkiy Mir.<\/p>\n\n\n\n<p>El desarrollo y publicaci\u00f3n del libro se dio con el apoyo del Centro Ecuatoriano Norteamericano (CEN), a trav\u00e9s del programa de fondos concursables para promover proyectos culturales en Ecuador.<\/p>\n\n\n\n<div class=\"wp-block-image\"><figure class=\"aligncenter size-large\"><img decoding=\"async\" width=\"644\" height=\"429\" src=\"http:\/\/www.uartes.edu.ec\/sitio\/wp-content\/uploads\/2021\/12\/03-LUDOVICO-644x429.webp\" alt=\"\" class=\"wp-image-17543\" srcset=\"https:\/\/www.uartes.edu.ec\/sitio\/wp-content\/uploads\/2021\/12\/03-LUDOVICO-644x429.webp 644w, https:\/\/www.uartes.edu.ec\/sitio\/wp-content\/uploads\/2021\/12\/03-LUDOVICO-768x511.webp 768w, https:\/\/www.uartes.edu.ec\/sitio\/wp-content\/uploads\/2021\/12\/03-LUDOVICO.webp 2000w, https:\/\/www.uartes.edu.ec\/sitio\/wp-content\/uploads\/2021\/12\/03-LUDOVICO-600x399.webp 600w, https:\/\/www.uartes.edu.ec\/sitio\/wp-content\/uploads\/2021\/12\/03-LUDOVICO-272x182.webp 272w\" sizes=\"(max-width: 644px) 100vw, 644px\" \/><\/figure><\/div>\n\n\n\n<p>Idea original e ilustraciones: Olga Lagoutenko.<br>Coordinaci\u00f3n editorial, dise\u00f1o y diagramaci\u00f3n: Diana Pacheco.<\/p>","protected":false},"excerpt":{"rendered":"<p>La escritora y artista rusa Olga Lagoutenko llevar\u00e1 este mi\u00e9rcoles 15 de diciembre de 2021 a la Sala R\u00eda de la Biblioteca de las Artes su obra Ludovico, una novela corta dirigida, prinicipalmente, a ni\u00f1os con edades entre los 10 y 14 a\u00f1os, y para todo aquel que tenga la curiosidad de conocer al Guayaquil de hace 100 a\u00f1os. La actividad se desarrollar\u00e1 a las 15:00.<\/p>","protected":false},"author":10,"featured_media":17540,"comment_status":"open","ping_status":"open","sticky":false,"template":"","format":"standard","meta":{"_acf_changed":false,"_uag_custom_page_level_css":"","_monsterinsights_skip_tracking":false,"_monsterinsights_sitenote_active":false,"_monsterinsights_sitenote_note":"","_monsterinsights_sitenote_category":0,"cybocfi_hide_featured_image":"","footnotes":""},"categories":[75,76,175],"tags":[41],"infouartes":[],"class_list":["post-17539","post","type-post","status-publish","format-standard","has-post-thumbnail","hentry","category-docentes","category-estudiantes","category-literatura","tag-biblioteca"],"acf":[],"yoast_head":"<!-- This site is optimized with the Yoast SEO plugin v27.4 - https:\/\/yoast.com\/product\/yoast-seo-wordpress\/ -->\n<title>Universidad de las Artes - Olga Lagoutenko recrea con su obra \u201cLudovico\u201d al Guayaquil de 1918; la presentar\u00e1 este 15 en la Sala R\u00eda<\/title>\n<meta name=\"description\" content=\"Universidad de las Artes - Olga Lagoutenko recrea con su obra \u201cLudovico\u201d al Guayaquil de 1918; la presentar\u00e1 este 15 en la Sala R\u00eda\" \/>\n<meta name=\"robots\" content=\"index, follow, max-snippet:-1, max-image-preview:large, max-video-preview:-1\" \/>\n<link rel=\"canonical\" href=\"https:\/\/www.uartes.edu.ec\/sitio\/fr\/blog\/2021\/12\/14\/olga-lagoutenko-recrea-con-ludovico-alguayaquil-de-1918-obra-se-presenta-en-la-sala-ria\/\" \/>\n<meta property=\"og:locale\" content=\"fr_FR\" \/>\n<meta property=\"og:type\" content=\"article\" \/>\n<meta property=\"og:title\" content=\"Universidad de las Artes - Olga Lagoutenko recrea con su obra \u201cLudovico\u201d al Guayaquil de 1918; la presentar\u00e1 este 15 en la Sala R\u00eda\" \/>\n<meta property=\"og:description\" content=\"Universidad de las Artes - Olga Lagoutenko recrea con su obra \u201cLudovico\u201d al Guayaquil de 1918; la presentar\u00e1 este 15 en la Sala R\u00eda\" \/>\n<meta property=\"og:url\" content=\"https:\/\/www.uartes.edu.ec\/sitio\/fr\/blog\/2021\/12\/14\/olga-lagoutenko-recrea-con-ludovico-alguayaquil-de-1918-obra-se-presenta-en-la-sala-ria\/\" \/>\n<meta property=\"og:site_name\" content=\"Universidad de las Artes\" \/>\n<meta property=\"article:publisher\" content=\"https:\/\/www.facebook.com\/uartesec\" \/>\n<meta property=\"article:published_time\" content=\"2021-12-14T18:02:00+00:00\" \/>\n<meta property=\"article:modified_time\" content=\"2024-07-04T16:24:57+00:00\" \/>\n<meta property=\"og:image\" content=\"https:\/\/www.uartes.edu.ec\/sitio\/wp-content\/uploads\/2021\/12\/01-LUDOVICO.webp\" \/>\n\t<meta property=\"og:image:width\" content=\"2000\" \/>\n\t<meta property=\"og:image:height\" content=\"1333\" \/>\n\t<meta property=\"og:image:type\" content=\"image\/webp\" \/>\n<meta name=\"author\" content=\"ccortez\" \/>\n<meta name=\"twitter:card\" content=\"summary_large_image\" \/>\n<meta name=\"twitter:creator\" content=\"@uartesec\" \/>\n<meta name=\"twitter:site\" content=\"@uartesec\" \/>\n<meta name=\"twitter:label1\" content=\"\u00c9crit par\" \/>\n\t<meta name=\"twitter:data1\" content=\"ccortez\" \/>\n\t<meta name=\"twitter:label2\" content=\"Dur\u00e9e de lecture estim\u00e9e\" \/>\n\t<meta name=\"twitter:data2\" content=\"4 minutes\" \/>\n<script type=\"application\/ld+json\" class=\"yoast-schema-graph\">{\"@context\":\"https:\\\/\\\/schema.org\",\"@graph\":[{\"@type\":\"Article\",\"@id\":\"https:\\\/\\\/www.uartes.edu.ec\\\/sitio\\\/fr\\\/blog\\\/2021\\\/12\\\/14\\\/olga-lagoutenko-recrea-con-ludovico-alguayaquil-de-1918-obra-se-presenta-en-la-sala-ria\\\/#article\",\"isPartOf\":{\"@id\":\"https:\\\/\\\/www.uartes.edu.ec\\\/sitio\\\/fr\\\/blog\\\/2021\\\/12\\\/14\\\/olga-lagoutenko-recrea-con-ludovico-alguayaquil-de-1918-obra-se-presenta-en-la-sala-ria\\\/\"},\"author\":{\"name\":\"ccortez\",\"@id\":\"https:\\\/\\\/www.uartes.edu.ec\\\/sitio\\\/fr\\\/#\\\/schema\\\/person\\\/efa1b8275797664fd7f13a79ccc0b1f4\"},\"headline\":\"Olga Lagoutenko recrea con su obra \u201cLudovico\u201d al Guayaquil de 1918; la presentar\u00e1 este 15 en la Sala R\u00eda\",\"datePublished\":\"2021-12-14T18:02:00+00:00\",\"dateModified\":\"2024-07-04T16:24:57+00:00\",\"mainEntityOfPage\":{\"@id\":\"https:\\\/\\\/www.uartes.edu.ec\\\/sitio\\\/fr\\\/blog\\\/2021\\\/12\\\/14\\\/olga-lagoutenko-recrea-con-ludovico-alguayaquil-de-1918-obra-se-presenta-en-la-sala-ria\\\/\"},\"wordCount\":601,\"commentCount\":0,\"publisher\":{\"@id\":\"https:\\\/\\\/www.uartes.edu.ec\\\/sitio\\\/fr\\\/#organization\"},\"image\":{\"@id\":\"https:\\\/\\\/www.uartes.edu.ec\\\/sitio\\\/fr\\\/blog\\\/2021\\\/12\\\/14\\\/olga-lagoutenko-recrea-con-ludovico-alguayaquil-de-1918-obra-se-presenta-en-la-sala-ria\\\/#primaryimage\"},\"thumbnailUrl\":\"https:\\\/\\\/www.uartes.edu.ec\\\/sitio\\\/wp-content\\\/uploads\\\/2021\\\/12\\\/01-LUDOVICO.webp\",\"keywords\":[\"biblioteca\"],\"articleSection\":[\"Docentes\",\"Estudiantes\",\"Literatura\"],\"inLanguage\":\"fr-FR\",\"potentialAction\":[{\"@type\":\"CommentAction\",\"name\":\"Comment\",\"target\":[\"https:\\\/\\\/www.uartes.edu.ec\\\/sitio\\\/fr\\\/blog\\\/2021\\\/12\\\/14\\\/olga-lagoutenko-recrea-con-ludovico-alguayaquil-de-1918-obra-se-presenta-en-la-sala-ria\\\/#respond\"]}]},{\"@type\":[\"WebPage\",\"ItemPage\"],\"@id\":\"https:\\\/\\\/www.uartes.edu.ec\\\/sitio\\\/fr\\\/blog\\\/2021\\\/12\\\/14\\\/olga-lagoutenko-recrea-con-ludovico-alguayaquil-de-1918-obra-se-presenta-en-la-sala-ria\\\/\",\"url\":\"https:\\\/\\\/www.uartes.edu.ec\\\/sitio\\\/fr\\\/blog\\\/2021\\\/12\\\/14\\\/olga-lagoutenko-recrea-con-ludovico-alguayaquil-de-1918-obra-se-presenta-en-la-sala-ria\\\/\",\"name\":\"Universidad de las Artes - Olga Lagoutenko recrea con su obra \u201cLudovico\u201d al Guayaquil de 1918; la presentar\u00e1 este 15 en la Sala R\u00eda\",\"isPartOf\":{\"@id\":\"https:\\\/\\\/www.uartes.edu.ec\\\/sitio\\\/fr\\\/#website\"},\"primaryImageOfPage\":{\"@id\":\"https:\\\/\\\/www.uartes.edu.ec\\\/sitio\\\/fr\\\/blog\\\/2021\\\/12\\\/14\\\/olga-lagoutenko-recrea-con-ludovico-alguayaquil-de-1918-obra-se-presenta-en-la-sala-ria\\\/#primaryimage\"},\"image\":{\"@id\":\"https:\\\/\\\/www.uartes.edu.ec\\\/sitio\\\/fr\\\/blog\\\/2021\\\/12\\\/14\\\/olga-lagoutenko-recrea-con-ludovico-alguayaquil-de-1918-obra-se-presenta-en-la-sala-ria\\\/#primaryimage\"},\"thumbnailUrl\":\"https:\\\/\\\/www.uartes.edu.ec\\\/sitio\\\/wp-content\\\/uploads\\\/2021\\\/12\\\/01-LUDOVICO.webp\",\"datePublished\":\"2021-12-14T18:02:00+00:00\",\"dateModified\":\"2024-07-04T16:24:57+00:00\",\"description\":\"Universidad de las Artes - Olga Lagoutenko recrea con su obra \u201cLudovico\u201d al Guayaquil de 1918; la presentar\u00e1 este 15 en la Sala R\u00eda\",\"breadcrumb\":{\"@id\":\"https:\\\/\\\/www.uartes.edu.ec\\\/sitio\\\/fr\\\/blog\\\/2021\\\/12\\\/14\\\/olga-lagoutenko-recrea-con-ludovico-alguayaquil-de-1918-obra-se-presenta-en-la-sala-ria\\\/#breadcrumb\"},\"inLanguage\":\"fr-FR\",\"potentialAction\":[{\"@type\":\"ReadAction\",\"target\":[\"https:\\\/\\\/www.uartes.edu.ec\\\/sitio\\\/fr\\\/blog\\\/2021\\\/12\\\/14\\\/olga-lagoutenko-recrea-con-ludovico-alguayaquil-de-1918-obra-se-presenta-en-la-sala-ria\\\/\"]}]},{\"@type\":\"ImageObject\",\"inLanguage\":\"fr-FR\",\"@id\":\"https:\\\/\\\/www.uartes.edu.ec\\\/sitio\\\/fr\\\/blog\\\/2021\\\/12\\\/14\\\/olga-lagoutenko-recrea-con-ludovico-alguayaquil-de-1918-obra-se-presenta-en-la-sala-ria\\\/#primaryimage\",\"url\":\"https:\\\/\\\/www.uartes.edu.ec\\\/sitio\\\/wp-content\\\/uploads\\\/2021\\\/12\\\/01-LUDOVICO.webp\",\"contentUrl\":\"https:\\\/\\\/www.uartes.edu.ec\\\/sitio\\\/wp-content\\\/uploads\\\/2021\\\/12\\\/01-LUDOVICO.webp\",\"width\":2000,\"height\":1333},{\"@type\":\"BreadcrumbList\",\"@id\":\"https:\\\/\\\/www.uartes.edu.ec\\\/sitio\\\/fr\\\/blog\\\/2021\\\/12\\\/14\\\/olga-lagoutenko-recrea-con-ludovico-alguayaquil-de-1918-obra-se-presenta-en-la-sala-ria\\\/#breadcrumb\",\"itemListElement\":[{\"@type\":\"ListItem\",\"position\":1,\"name\":\"Inicio\",\"item\":\"https:\\\/\\\/www.uartes.edu.ec\\\/sitio\\\/\"},{\"@type\":\"ListItem\",\"position\":2,\"name\":\"Olga Lagoutenko recrea con su obra \u201cLudovico\u201d al Guayaquil de 1918; la presentar\u00e1 este 15 en la Sala R\u00eda\"}]},{\"@type\":\"WebSite\",\"@id\":\"https:\\\/\\\/www.uartes.edu.ec\\\/sitio\\\/fr\\\/#website\",\"url\":\"https:\\\/\\\/www.uartes.edu.ec\\\/sitio\\\/fr\\\/\",\"name\":\"Universidad de las Artes\",\"description\":\"Sitio oficial de la Universidad Nacional de las Artes del Ecuador\",\"publisher\":{\"@id\":\"https:\\\/\\\/www.uartes.edu.ec\\\/sitio\\\/fr\\\/#organization\"},\"potentialAction\":[{\"@type\":\"SearchAction\",\"target\":{\"@type\":\"EntryPoint\",\"urlTemplate\":\"https:\\\/\\\/www.uartes.edu.ec\\\/sitio\\\/fr\\\/?s={search_term_string}\"},\"query-input\":{\"@type\":\"PropertyValueSpecification\",\"valueRequired\":true,\"valueName\":\"search_term_string\"}}],\"inLanguage\":\"fr-FR\"},{\"@type\":\"Organization\",\"@id\":\"https:\\\/\\\/www.uartes.edu.ec\\\/sitio\\\/fr\\\/#organization\",\"name\":\"Universidad de las Artes\",\"url\":\"https:\\\/\\\/www.uartes.edu.ec\\\/sitio\\\/fr\\\/\",\"logo\":{\"@type\":\"ImageObject\",\"inLanguage\":\"fr-FR\",\"@id\":\"https:\\\/\\\/www.uartes.edu.ec\\\/sitio\\\/fr\\\/#\\\/schema\\\/logo\\\/image\\\/\",\"url\":\"https:\\\/\\\/www.uartes.edu.ec\\\/sitio\\\/wp-content\\\/uploads\\\/2022\\\/07\\\/logo-ua-horizontal.png\",\"contentUrl\":\"https:\\\/\\\/www.uartes.edu.ec\\\/sitio\\\/wp-content\\\/uploads\\\/2022\\\/07\\\/logo-ua-horizontal.png\",\"width\":800,\"height\":276,\"caption\":\"Universidad de las Artes\"},\"image\":{\"@id\":\"https:\\\/\\\/www.uartes.edu.ec\\\/sitio\\\/fr\\\/#\\\/schema\\\/logo\\\/image\\\/\"},\"sameAs\":[\"https:\\\/\\\/www.facebook.com\\\/uartesec\",\"https:\\\/\\\/x.com\\\/uartesec\",\"https:\\\/\\\/www.tiktok.com\\\/@uartesec\"]},{\"@type\":\"Person\",\"@id\":\"https:\\\/\\\/www.uartes.edu.ec\\\/sitio\\\/fr\\\/#\\\/schema\\\/person\\\/efa1b8275797664fd7f13a79ccc0b1f4\",\"name\":\"ccortez\",\"image\":{\"@type\":\"ImageObject\",\"inLanguage\":\"fr-FR\",\"@id\":\"https:\\\/\\\/secure.gravatar.com\\\/avatar\\\/b2a6f664a3ae8e074346ef91775736c5ec479e637ecced6842de9dc98b5da9cd?s=96&d=mm&r=g\",\"url\":\"https:\\\/\\\/secure.gravatar.com\\\/avatar\\\/b2a6f664a3ae8e074346ef91775736c5ec479e637ecced6842de9dc98b5da9cd?s=96&d=mm&r=g\",\"contentUrl\":\"https:\\\/\\\/secure.gravatar.com\\\/avatar\\\/b2a6f664a3ae8e074346ef91775736c5ec479e637ecced6842de9dc98b5da9cd?s=96&d=mm&r=g\",\"caption\":\"ccortez\"},\"url\":\"https:\\\/\\\/www.uartes.edu.ec\\\/sitio\\\/fr\\\/blog\\\/author\\\/ccortez\\\/\"}]}<\/script>\n<!-- \/ Yoast SEO plugin. -->","yoast_head_json":{"title":"Universidad de las Artes - Olga Lagoutenko recrea con su obra \u201cLudovico\u201d al Guayaquil de 1918; la presentar\u00e1 este 15 en la Sala R\u00eda","description":"Universidad de las Artes - Olga Lagoutenko recrea con su obra \u201cLudovico\u201d al Guayaquil de 1918; la presentar\u00e1 este 15 en la Sala R\u00eda","robots":{"index":"index","follow":"follow","max-snippet":"max-snippet:-1","max-image-preview":"max-image-preview:large","max-video-preview":"max-video-preview:-1"},"canonical":"https:\/\/www.uartes.edu.ec\/sitio\/fr\/blog\/2021\/12\/14\/olga-lagoutenko-recrea-con-ludovico-alguayaquil-de-1918-obra-se-presenta-en-la-sala-ria\/","og_locale":"fr_FR","og_type":"article","og_title":"Universidad de las Artes - Olga Lagoutenko recrea con su obra \u201cLudovico\u201d al Guayaquil de 1918; la presentar\u00e1 este 15 en la Sala R\u00eda","og_description":"Universidad de las Artes - Olga Lagoutenko recrea con su obra \u201cLudovico\u201d al Guayaquil de 1918; la presentar\u00e1 este 15 en la Sala R\u00eda","og_url":"https:\/\/www.uartes.edu.ec\/sitio\/fr\/blog\/2021\/12\/14\/olga-lagoutenko-recrea-con-ludovico-alguayaquil-de-1918-obra-se-presenta-en-la-sala-ria\/","og_site_name":"Universidad de las Artes","article_publisher":"https:\/\/www.facebook.com\/uartesec","article_published_time":"2021-12-14T18:02:00+00:00","article_modified_time":"2024-07-04T16:24:57+00:00","og_image":[{"width":2000,"height":1333,"url":"https:\/\/www.uartes.edu.ec\/sitio\/wp-content\/uploads\/2021\/12\/01-LUDOVICO.webp","type":"image\/webp"}],"author":"ccortez","twitter_card":"summary_large_image","twitter_creator":"@uartesec","twitter_site":"@uartesec","twitter_misc":{"\u00c9crit par":"ccortez","Dur\u00e9e de lecture estim\u00e9e":"4 minutes"},"schema":{"@context":"https:\/\/schema.org","@graph":[{"@type":"Article","@id":"https:\/\/www.uartes.edu.ec\/sitio\/fr\/blog\/2021\/12\/14\/olga-lagoutenko-recrea-con-ludovico-alguayaquil-de-1918-obra-se-presenta-en-la-sala-ria\/#article","isPartOf":{"@id":"https:\/\/www.uartes.edu.ec\/sitio\/fr\/blog\/2021\/12\/14\/olga-lagoutenko-recrea-con-ludovico-alguayaquil-de-1918-obra-se-presenta-en-la-sala-ria\/"},"author":{"name":"ccortez","@id":"https:\/\/www.uartes.edu.ec\/sitio\/fr\/#\/schema\/person\/efa1b8275797664fd7f13a79ccc0b1f4"},"headline":"Olga Lagoutenko recrea con su obra \u201cLudovico\u201d al Guayaquil de 1918; la presentar\u00e1 este 15 en la Sala R\u00eda","datePublished":"2021-12-14T18:02:00+00:00","dateModified":"2024-07-04T16:24:57+00:00","mainEntityOfPage":{"@id":"https:\/\/www.uartes.edu.ec\/sitio\/fr\/blog\/2021\/12\/14\/olga-lagoutenko-recrea-con-ludovico-alguayaquil-de-1918-obra-se-presenta-en-la-sala-ria\/"},"wordCount":601,"commentCount":0,"publisher":{"@id":"https:\/\/www.uartes.edu.ec\/sitio\/fr\/#organization"},"image":{"@id":"https:\/\/www.uartes.edu.ec\/sitio\/fr\/blog\/2021\/12\/14\/olga-lagoutenko-recrea-con-ludovico-alguayaquil-de-1918-obra-se-presenta-en-la-sala-ria\/#primaryimage"},"thumbnailUrl":"https:\/\/www.uartes.edu.ec\/sitio\/wp-content\/uploads\/2021\/12\/01-LUDOVICO.webp","keywords":["biblioteca"],"articleSection":["Docentes","Estudiantes","Literatura"],"inLanguage":"fr-FR","potentialAction":[{"@type":"CommentAction","name":"Comment","target":["https:\/\/www.uartes.edu.ec\/sitio\/fr\/blog\/2021\/12\/14\/olga-lagoutenko-recrea-con-ludovico-alguayaquil-de-1918-obra-se-presenta-en-la-sala-ria\/#respond"]}]},{"@type":["WebPage","ItemPage"],"@id":"https:\/\/www.uartes.edu.ec\/sitio\/fr\/blog\/2021\/12\/14\/olga-lagoutenko-recrea-con-ludovico-alguayaquil-de-1918-obra-se-presenta-en-la-sala-ria\/","url":"https:\/\/www.uartes.edu.ec\/sitio\/fr\/blog\/2021\/12\/14\/olga-lagoutenko-recrea-con-ludovico-alguayaquil-de-1918-obra-se-presenta-en-la-sala-ria\/","name":"Universidad de las Artes - Olga Lagoutenko recrea con su obra \u201cLudovico\u201d al Guayaquil de 1918; la presentar\u00e1 este 15 en la Sala R\u00eda","isPartOf":{"@id":"https:\/\/www.uartes.edu.ec\/sitio\/fr\/#website"},"primaryImageOfPage":{"@id":"https:\/\/www.uartes.edu.ec\/sitio\/fr\/blog\/2021\/12\/14\/olga-lagoutenko-recrea-con-ludovico-alguayaquil-de-1918-obra-se-presenta-en-la-sala-ria\/#primaryimage"},"image":{"@id":"https:\/\/www.uartes.edu.ec\/sitio\/fr\/blog\/2021\/12\/14\/olga-lagoutenko-recrea-con-ludovico-alguayaquil-de-1918-obra-se-presenta-en-la-sala-ria\/#primaryimage"},"thumbnailUrl":"https:\/\/www.uartes.edu.ec\/sitio\/wp-content\/uploads\/2021\/12\/01-LUDOVICO.webp","datePublished":"2021-12-14T18:02:00+00:00","dateModified":"2024-07-04T16:24:57+00:00","description":"Universidad de las Artes - Olga Lagoutenko recrea con su obra \u201cLudovico\u201d al Guayaquil de 1918; la presentar\u00e1 este 15 en la Sala R\u00eda","breadcrumb":{"@id":"https:\/\/www.uartes.edu.ec\/sitio\/fr\/blog\/2021\/12\/14\/olga-lagoutenko-recrea-con-ludovico-alguayaquil-de-1918-obra-se-presenta-en-la-sala-ria\/#breadcrumb"},"inLanguage":"fr-FR","potentialAction":[{"@type":"ReadAction","target":["https:\/\/www.uartes.edu.ec\/sitio\/fr\/blog\/2021\/12\/14\/olga-lagoutenko-recrea-con-ludovico-alguayaquil-de-1918-obra-se-presenta-en-la-sala-ria\/"]}]},{"@type":"ImageObject","inLanguage":"fr-FR","@id":"https:\/\/www.uartes.edu.ec\/sitio\/fr\/blog\/2021\/12\/14\/olga-lagoutenko-recrea-con-ludovico-alguayaquil-de-1918-obra-se-presenta-en-la-sala-ria\/#primaryimage","url":"https:\/\/www.uartes.edu.ec\/sitio\/wp-content\/uploads\/2021\/12\/01-LUDOVICO.webp","contentUrl":"https:\/\/www.uartes.edu.ec\/sitio\/wp-content\/uploads\/2021\/12\/01-LUDOVICO.webp","width":2000,"height":1333},{"@type":"BreadcrumbList","@id":"https:\/\/www.uartes.edu.ec\/sitio\/fr\/blog\/2021\/12\/14\/olga-lagoutenko-recrea-con-ludovico-alguayaquil-de-1918-obra-se-presenta-en-la-sala-ria\/#breadcrumb","itemListElement":[{"@type":"ListItem","position":1,"name":"Inicio","item":"https:\/\/www.uartes.edu.ec\/sitio\/"},{"@type":"ListItem","position":2,"name":"Olga Lagoutenko recrea con su obra \u201cLudovico\u201d al Guayaquil de 1918; la presentar\u00e1 este 15 en la Sala R\u00eda"}]},{"@type":"WebSite","@id":"https:\/\/www.uartes.edu.ec\/sitio\/fr\/#website","url":"https:\/\/www.uartes.edu.ec\/sitio\/fr\/","name":"Universidad de las Artes","description":"Sitio oficial de la Universidad Nacional de las Artes del Ecuador","publisher":{"@id":"https:\/\/www.uartes.edu.ec\/sitio\/fr\/#organization"},"potentialAction":[{"@type":"SearchAction","target":{"@type":"EntryPoint","urlTemplate":"https:\/\/www.uartes.edu.ec\/sitio\/fr\/?s={search_term_string}"},"query-input":{"@type":"PropertyValueSpecification","valueRequired":true,"valueName":"search_term_string"}}],"inLanguage":"fr-FR"},{"@type":"Organization","@id":"https:\/\/www.uartes.edu.ec\/sitio\/fr\/#organization","name":"Universidad de las Artes","url":"https:\/\/www.uartes.edu.ec\/sitio\/fr\/","logo":{"@type":"ImageObject","inLanguage":"fr-FR","@id":"https:\/\/www.uartes.edu.ec\/sitio\/fr\/#\/schema\/logo\/image\/","url":"https:\/\/www.uartes.edu.ec\/sitio\/wp-content\/uploads\/2022\/07\/logo-ua-horizontal.png","contentUrl":"https:\/\/www.uartes.edu.ec\/sitio\/wp-content\/uploads\/2022\/07\/logo-ua-horizontal.png","width":800,"height":276,"caption":"Universidad de las Artes"},"image":{"@id":"https:\/\/www.uartes.edu.ec\/sitio\/fr\/#\/schema\/logo\/image\/"},"sameAs":["https:\/\/www.facebook.com\/uartesec","https:\/\/x.com\/uartesec","https:\/\/www.tiktok.com\/@uartesec"]},{"@type":"Person","@id":"https:\/\/www.uartes.edu.ec\/sitio\/fr\/#\/schema\/person\/efa1b8275797664fd7f13a79ccc0b1f4","name":"ccortez","image":{"@type":"ImageObject","inLanguage":"fr-FR","@id":"https:\/\/secure.gravatar.com\/avatar\/b2a6f664a3ae8e074346ef91775736c5ec479e637ecced6842de9dc98b5da9cd?s=96&d=mm&r=g","url":"https:\/\/secure.gravatar.com\/avatar\/b2a6f664a3ae8e074346ef91775736c5ec479e637ecced6842de9dc98b5da9cd?s=96&d=mm&r=g","contentUrl":"https:\/\/secure.gravatar.com\/avatar\/b2a6f664a3ae8e074346ef91775736c5ec479e637ecced6842de9dc98b5da9cd?s=96&d=mm&r=g","caption":"ccortez"},"url":"https:\/\/www.uartes.edu.ec\/sitio\/fr\/blog\/author\/ccortez\/"}]}},"uagb_featured_image_src":{"full":["https:\/\/www.uartes.edu.ec\/sitio\/wp-content\/uploads\/2021\/12\/01-LUDOVICO.webp",2000,1333,false],"thumbnail":["https:\/\/www.uartes.edu.ec\/sitio\/wp-content\/uploads\/2021\/12\/01-LUDOVICO-150x150.webp",150,150,true],"medium":["https:\/\/www.uartes.edu.ec\/sitio\/wp-content\/uploads\/2021\/12\/01-LUDOVICO-300x200.webp",300,200,true],"medium_large":["https:\/\/www.uartes.edu.ec\/sitio\/wp-content\/uploads\/2021\/12\/01-LUDOVICO-768x512.webp",768,512,true],"large":["https:\/\/www.uartes.edu.ec\/sitio\/wp-content\/uploads\/2021\/12\/01-LUDOVICO-644x429.webp",644,429,true],"1536x1536":["https:\/\/www.uartes.edu.ec\/sitio\/wp-content\/uploads\/2021\/12\/01-LUDOVICO-1536x1024.webp",1536,1024,true],"2048x2048":["https:\/\/www.uartes.edu.ec\/sitio\/wp-content\/uploads\/2021\/12\/01-LUDOVICO.webp",2000,1333,false],"trp-custom-language-flag":["https:\/\/www.uartes.edu.ec\/sitio\/wp-content\/uploads\/2021\/12\/01-LUDOVICO.webp",18,12,false],"htmega_size_585x295":["https:\/\/www.uartes.edu.ec\/sitio\/wp-content\/uploads\/2021\/12\/01-LUDOVICO.webp",443,295,false],"htmega_size_1170x536":["https:\/\/www.uartes.edu.ec\/sitio\/wp-content\/uploads\/2021\/12\/01-LUDOVICO.webp",804,536,false],"htmega_size_396x360":["https:\/\/www.uartes.edu.ec\/sitio\/wp-content\/uploads\/2021\/12\/01-LUDOVICO.webp",396,264,false],"gb-block-post-grid-landscape":["https:\/\/www.uartes.edu.ec\/sitio\/wp-content\/uploads\/2021\/12\/01-LUDOVICO-600x400.webp",600,400,true],"gb-block-post-grid-square":["https:\/\/www.uartes.edu.ec\/sitio\/wp-content\/uploads\/2021\/12\/01-LUDOVICO-600x600.webp",600,600,true],"university-hub-thumb":["https:\/\/www.uartes.edu.ec\/sitio\/wp-content\/uploads\/2021\/12\/01-LUDOVICO-400x267.webp",400,267,true],"mailpoet_newsletter_max":["https:\/\/www.uartes.edu.ec\/sitio\/wp-content\/uploads\/2021\/12\/01-LUDOVICO.webp",1320,880,false]},"uagb_author_info":{"display_name":"ccortez","author_link":"https:\/\/www.uartes.edu.ec\/sitio\/fr\/blog\/author\/ccortez\/"},"uagb_comment_info":0,"uagb_excerpt":"La escritora y artista rusa Olga Lagoutenko llevar\u00e1 este mi\u00e9rcoles 15 de diciembre de 2021 a la Sala R\u00eda de la Biblioteca de las Artes su obra Ludovico, una novela corta dirigida, prinicipalmente, a ni\u00f1os con edades entre los 10 y 14 a\u00f1os, y para todo aquel que tenga la curiosidad de conocer al Guayaquil\u2026","featured_image_src":"https:\/\/www.uartes.edu.ec\/sitio\/wp-content\/uploads\/2021\/12\/01-LUDOVICO-600x400.webp","featured_image_src_square":"https:\/\/www.uartes.edu.ec\/sitio\/wp-content\/uploads\/2021\/12\/01-LUDOVICO-600x600.webp","author_info":{"display_name":"ccortez","author_link":"https:\/\/www.uartes.edu.ec\/sitio\/fr\/blog\/author\/ccortez\/"},"publishpress_future_workflow_manual_trigger":{"enabledWorkflows":[]},"distributor_meta":false,"distributor_terms":false,"distributor_media":false,"distributor_original_site_name":"Universidad de las Artes","distributor_original_site_url":"https:\/\/www.uartes.edu.ec\/sitio\/fr","push-errors":false,"_links":{"self":[{"href":"https:\/\/www.uartes.edu.ec\/sitio\/fr\/wp-json\/wp\/v2\/posts\/17539","targetHints":{"allow":["GET"]}}],"collection":[{"href":"https:\/\/www.uartes.edu.ec\/sitio\/fr\/wp-json\/wp\/v2\/posts"}],"about":[{"href":"https:\/\/www.uartes.edu.ec\/sitio\/fr\/wp-json\/wp\/v2\/types\/post"}],"author":[{"embeddable":true,"href":"https:\/\/www.uartes.edu.ec\/sitio\/fr\/wp-json\/wp\/v2\/users\/10"}],"replies":[{"embeddable":true,"href":"https:\/\/www.uartes.edu.ec\/sitio\/fr\/wp-json\/wp\/v2\/comments?post=17539"}],"version-history":[{"count":4,"href":"https:\/\/www.uartes.edu.ec\/sitio\/fr\/wp-json\/wp\/v2\/posts\/17539\/revisions"}],"predecessor-version":[{"id":17616,"href":"https:\/\/www.uartes.edu.ec\/sitio\/fr\/wp-json\/wp\/v2\/posts\/17539\/revisions\/17616"}],"wp:featuredmedia":[{"embeddable":true,"href":"https:\/\/www.uartes.edu.ec\/sitio\/fr\/wp-json\/wp\/v2\/media\/17540"}],"wp:attachment":[{"href":"https:\/\/www.uartes.edu.ec\/sitio\/fr\/wp-json\/wp\/v2\/media?parent=17539"}],"wp:term":[{"taxonomy":"category","embeddable":true,"href":"https:\/\/www.uartes.edu.ec\/sitio\/fr\/wp-json\/wp\/v2\/categories?post=17539"},{"taxonomy":"post_tag","embeddable":true,"href":"https:\/\/www.uartes.edu.ec\/sitio\/fr\/wp-json\/wp\/v2\/tags?post=17539"},{"taxonomy":"infouartes","embeddable":true,"href":"https:\/\/www.uartes.edu.ec\/sitio\/fr\/wp-json\/wp\/v2\/infouartes?post=17539"}],"curies":[{"name":"wp","href":"https:\/\/api.w.org\/{rel}","templated":true}]}}